{"id":51147,"date":"2015-02-06T03:57:27","date_gmt":"2015-02-06T02:57:27","guid":{"rendered":"http:\/\/somos.vicencianos.org\/blog\/2011\/10\/regla-comentada-de-la-sociedad-de-san-vicente-de-paul-5-relaciones-con-la-jerarquia-de-la-iglesia\/"},"modified":"2015-02-06T03:57:27","modified_gmt":"2015-02-06T02:57:27","slug":"regla-comentada-de-la-ssvp-5-relaciones-con-la-jerarquia-de-la-iglesia","status":"publish","type":"post","link":"http:\/\/vincentians.com\/es\/regla-comentada-de-la-ssvp-5-relaciones-con-la-jerarquia-de-la-iglesia\/","title":{"rendered":"Regla comentada de la SSVP (5. Relaciones con la Jerarqu\u00eda de la Iglesia)"},"content":{"rendered":"<h2><strong><strong>5. Relaciones con la Jerarqu\u00eda de la Iglesia<\/strong><\/strong><\/h2>\n<h3><a><img data-recalc-dims=\"1\" loading=\"lazy\" decoding=\"async\" class=\"alignright size-medium wp-image-51123\" title=\"regla_ssvp_comentada\" src=\"https:\/\/i0.wp.com\/vicencianos.org\/wp-content\/2011\/10\/regla_ssvp_comentada-158x300.jpg?resize=158%2C300\" alt=\"\" width=\"158\" height=\"300\" \/><\/a><strong>5.1 Una estrecha relaci\u00f3n<\/strong><\/h3>\n<p>Fiel a la clara intenci\u00f3n de Federico Ozanam y de sus com\u00adpa\u00f1eros fundadores, la Sociedad y cada vicentino, man\u00adtiene una estrecha relaci\u00f3n con la Jerarqu\u00eda de la Iglesia Cat\u00f3lica. Es el libre respeto hacia la Jerarqu\u00eda, lo que pro\u00adporciona la base para una cooperaci\u00f3n mutua, fluida y ar\u00admoniosa.<\/p>\n<p style=\"padding-left: 30px\"><em>Comentario.- Desde la laicidad eclesialmente responsa\u00adble, las Conferencias mantienen un absoluto respeto y amor para con la Jerarqu\u00eda de la Santa Iglesia. Desde la Parroquia, la Di\u00f3cesis o la Santa Sede, la Sociedad en ge\u00adneral y cada Conferencia en particular, se esfuerza por respetar escrupulosamente la voz de la Jerarqu\u00eda en todo lo que la concierne.<\/em><\/p>\n<p style=\"padding-left: 30px\"><em>El respeto es rec\u00edproco. Los laicos tienen el derecho, y a veces el deber, de utilizar sus conocimientos, sus compe\u00adtencias, y su posici\u00f3n, para servir a la Santa Iglesia ma\u00adnifestando a los Pastores, su punto de vista sobre asuntos que se refieren al bien de la Iglesia.<\/em><\/p>\n<h3><strong>5.2 Autonom\u00eda<\/strong><\/h3>\n<p>La Sociedad es jur\u00eddicamente aut\u00f3noma en su existencia, constituci\u00f3n, organizaci\u00f3n, normas, actividades y en su go\u00adbierno interno. Los Vicentinos eligen a sus responsables, y la Sociedad gestiona su patrimonio libremente, en con\u00adformidad con sus propios Estatutos y la Legislaci\u00f3n de cada pa\u00eds.<\/p>\n<p style=\"padding-left: 30px\"><em>Comentario.- La Sociedad, habitualmente reconocida ins\u00adtituci\u00f3n civil en la mayor\u00eda de los pa\u00edses, es libre en todas sus actuaciones y no necesita la autorizaci\u00f3n formal de entidad alguna para el desarrollo de sus actividades. Au\u00adtonom\u00eda que es reconocida en distintas ocasiones por la Santa Sede, y en particular, por su sentencia de fecha 13 de noviembre 1920.<\/em><\/p>\n<h3><strong>5.3 Reconocimiento moral<\/strong><\/h3>\n<p>La Sociedad reconoce el derecho y el deber del Obispo ca\u00adt\u00f3lico, en su di\u00f3cesis, a confirmar que ninguna de sus ac\u00adtividades es contraria a la fe y la moral. La Sociedad, siempre que sea posible, informa a sus Obispos diocesanos anualmente de sus actividades, como muestra de comuni\u00f3n eclesial.<\/p>\n<p style=\"padding-left: 30px\"><em>Comentario.- Las Conferencias, la Sociedad de San Vi\u00adcente de Pa\u00fal, toda ella formada en la inmensa mayor\u00eda de sus miembros por personas que quieren ser fieles hijos de la Santa Iglesia, reconoce que ha de ser con el Ordina\u00adrio de cada Di\u00f3cesis, con quien debe colaborar en la Pas\u00adtoral Diocesana que aquel entienda conveniente, y que f<\/em><em>omente el contacto personal con el pobre. En particular, reconoce la competencia del Ordinario para confirmar que las actividades de la Sociedad en su Di\u00f3cesis, son con\u00adformes a la fe y la moral cat\u00f3lica. [\u00abNunca hagamos nada nuevo sin haber recibido su bendici\u00f3n \u2013se refiere a la Je\u00adrarqu\u00eda en sus distintos niveles- Nunca hagamos nada nuevo ni importante en el distrito de una jurisdicci\u00f3n ecle\u00adsi\u00e1stica sin ponerlo en conocimiento del que la ejerce; nada hagamos a espaldas de la autoridad espiritual&#8230;\u00bb (Consideraciones Preliminares al Reglamento S.S.V.P. 1.835)]<\/em><\/p>\n","protected":false},"excerpt":{"rendered":"<p>5. Relaciones con la Jerarqu\u00eda de la Iglesia 5.1 Una estrecha relaci\u00f3n Fiel a la clara intenci\u00f3n de Federico Ozanam y de sus com\u00adpa\u00f1eros fundadores, la Sociedad y cada vicentino, man\u00adtiene una estrecha relaci\u00f3n con &#8230; <a href=\"http:\/\/vincentians.com\/es\/regla-comentada-de-la-ssvp-5-relaciones-con-la-jerarquia-de-la-iglesia\/\" class=\"more-link\">Read More<\/a><\/p>\n","protected":false},"author":4,"featured_media":51123,"comment_status":"open","ping_status":"open","sticky":false,"template":"","format":"standard","meta":{"jetpack_post_was_ever_published":false,"_jetpack_newsletter_access":"","_jetpack_dont_email_post_to_subs":false,"_jetpack_newsletter_tier_id":0,"_jetpack_memberships_contains_paywalled_content":false,"_jetpack_memberships_contains_paid_content":false,"footnotes":"","jetpack_publicize_message":"","jetpack_publicize_feature_enabled":true,"jetpack_social_post_already_shared":true,"jetpack_social_options":{"image_generator_settings":{"template":"highway","default_image_id":0,"font":"","enabled":false},"version":2}},"categories":[357],"tags":[],"class_list":["post-51147","post","type-post","status-publish","format-standard","has-post-thumbnail","hentry","category-documentos-de-la-sociedad-de-san-vicente-de-paul"],"yoast_head":"<!-- This site is optimized with the Yoast SEO plugin v26.3 - https:\/\/yoast.com\/wordpress\/plugins\/seo\/ -->\n<title>Regla comentada de la SSVP (5. Relaciones con la Jerarqu\u00eda de la Iglesia) - Somos Vicencianos<\/title>\n<meta name=\"robots\" content=\"index, follow, max-snippet:-1, max-image-preview:large, max-video-preview:-1\" \/>\n<link rel=\"canonical\" href=\"http:\/\/vincentians.com\/es\/regla-comentada-de-la-ssvp-5-relaciones-con-la-jerarquia-de-la-iglesia\/\" \/>\n<meta property=\"og:locale\" content=\"es_ES\" \/>\n<meta property=\"og:type\" content=\"article\" \/>\n<meta property=\"og:title\" content=\"Regla comentada de la SSVP (5. Relaciones con la Jerarqu\u00eda de la Iglesia) - Somos Vicencianos\" \/>\n<meta property=\"og:description\" content=\"5. Relaciones con la Jerarqu\u00eda de la Iglesia 5.1 Una estrecha relaci\u00f3n Fiel a la clara intenci\u00f3n de Federico Ozanam y de sus com\u00adpa\u00f1eros fundadores, la Sociedad y cada vicentino, man\u00adtiene una estrecha relaci\u00f3n con ... Read More\" \/>\n<meta property=\"og:url\" content=\"http:\/\/vincentians.com\/es\/regla-comentada-de-la-ssvp-5-relaciones-con-la-jerarquia-de-la-iglesia\/\" \/>\n<meta property=\"og:site_name\" content=\"Somos Vicencianos\" \/>\n<meta property=\"article:publisher\" content=\"https:\/\/www.facebook.com\/WeAreVincentians\/\" \/>\n<meta property=\"article:author\" content=\"https:\/\/www.facebook.com\/JavierChento\" \/>\n<meta property=\"article:published_time\" content=\"2015-02-06T02:57:27+00:00\" \/>\n<meta name=\"author\" content=\"Francisco Javier Fern\u00e1ndez Chento\" \/>\n<meta name=\"twitter:card\" content=\"summary_large_image\" \/>\n<meta name=\"twitter:creator\" content=\"@https:\/\/twitter.com\/javierchento\" \/>\n<meta name=\"twitter:site\" content=\"@WeVincentians\" \/>\n<meta name=\"twitter:label1\" content=\"Escrito por\" \/>\n\t<meta name=\"twitter:data1\" content=\"Francisco Javier Fern\u00e1ndez Chento\" \/>\n\t<meta name=\"twitter:label2\" content=\"Tiempo de lectura\" \/>\n\t<meta name=\"twitter:data2\" content=\"3 minutos\" \/>\n<script type=\"application\/ld+json\" class=\"yoast-schema-graph\">{\"@context\":\"https:\/\/schema.org\",\"@graph\":[{\"@type\":\"Article\",\"@id\":\"http:\/\/vincentians.com\/es\/regla-comentada-de-la-ssvp-5-relaciones-con-la-jerarquia-de-la-iglesia\/#article\",\"isPartOf\":{\"@id\":\"http:\/\/vincentians.com\/es\/regla-comentada-de-la-ssvp-5-relaciones-con-la-jerarquia-de-la-iglesia\/\"},\"author\":{\"name\":\"Francisco Javier Fern\u00e1ndez Chento\",\"@id\":\"https:\/\/vincentians.com\/es\/#\/schema\/person\/9623ef4d9aa3b2dfb8c061f1499288f2\"},\"headline\":\"Regla comentada de la SSVP (5. Relaciones con la Jerarqu\u00eda de la Iglesia)\",\"datePublished\":\"2015-02-06T02:57:27+00:00\",\"mainEntityOfPage\":{\"@id\":\"http:\/\/vincentians.com\/es\/regla-comentada-de-la-ssvp-5-relaciones-con-la-jerarquia-de-la-iglesia\/\"},\"wordCount\":530,\"commentCount\":0,\"publisher\":{\"@id\":\"https:\/\/vincentians.com\/es\/#organization\"},\"image\":{\"@id\":\"http:\/\/vincentians.com\/es\/regla-comentada-de-la-ssvp-5-relaciones-con-la-jerarquia-de-la-iglesia\/#primaryimage\"},\"thumbnailUrl\":\"\",\"articleSection\":[\"Documentos de la Sociedad de San Vicente de Pa\u00fal\"],\"inLanguage\":\"es\",\"potentialAction\":[{\"@type\":\"CommentAction\",\"name\":\"Comment\",\"target\":[\"http:\/\/vincentians.com\/es\/regla-comentada-de-la-ssvp-5-relaciones-con-la-jerarquia-de-la-iglesia\/#respond\"]}]},{\"@type\":\"WebPage\",\"@id\":\"http:\/\/vincentians.com\/es\/regla-comentada-de-la-ssvp-5-relaciones-con-la-jerarquia-de-la-iglesia\/\",\"url\":\"http:\/\/vincentians.com\/es\/regla-comentada-de-la-ssvp-5-relaciones-con-la-jerarquia-de-la-iglesia\/\",\"name\":\"Regla comentada de la SSVP (5. Relaciones con la Jerarqu\u00eda de la Iglesia) - Somos Vicencianos\",\"isPartOf\":{\"@id\":\"https:\/\/vincentians.com\/es\/#website\"},\"primaryImageOfPage\":{\"@id\":\"http:\/\/vincentians.com\/es\/regla-comentada-de-la-ssvp-5-relaciones-con-la-jerarquia-de-la-iglesia\/#primaryimage\"},\"image\":{\"@id\":\"http:\/\/vincentians.com\/es\/regla-comentada-de-la-ssvp-5-relaciones-con-la-jerarquia-de-la-iglesia\/#primaryimage\"},\"thumbnailUrl\":\"\",\"datePublished\":\"2015-02-06T02:57:27+00:00\",\"breadcrumb\":{\"@id\":\"http:\/\/vincentians.com\/es\/regla-comentada-de-la-ssvp-5-relaciones-con-la-jerarquia-de-la-iglesia\/#breadcrumb\"},\"inLanguage\":\"es\",\"potentialAction\":[{\"@type\":\"ReadAction\",\"target\":[\"http:\/\/vincentians.com\/es\/regla-comentada-de-la-ssvp-5-relaciones-con-la-jerarquia-de-la-iglesia\/\"]}]},{\"@type\":\"ImageObject\",\"inLanguage\":\"es\",\"@id\":\"http:\/\/vincentians.com\/es\/regla-comentada-de-la-ssvp-5-relaciones-con-la-jerarquia-de-la-iglesia\/#primaryimage\",\"url\":\"\",\"contentUrl\":\"\"},{\"@type\":\"BreadcrumbList\",\"@id\":\"http:\/\/vincentians.com\/es\/regla-comentada-de-la-ssvp-5-relaciones-con-la-jerarquia-de-la-iglesia\/#breadcrumb\",\"itemListElement\":[{\"@type\":\"ListItem\",\"position\":1,\"name\":\"Portada\",\"item\":\"https:\/\/vincentians.com\/es\/\"},{\"@type\":\"ListItem\",\"position\":2,\"name\":\"Regla comentada de la SSVP (5. Relaciones con la Jerarqu\u00eda de la Iglesia)\"}]},{\"@type\":\"WebSite\",\"@id\":\"https:\/\/vincentians.com\/es\/#website\",\"url\":\"https:\/\/vincentians.com\/es\/\",\"name\":\"Somos Vicencianos\",\"description\":\"Know more to serve more\",\"publisher\":{\"@id\":\"https:\/\/vincentians.com\/es\/#organization\"},\"potentialAction\":[{\"@type\":\"SearchAction\",\"target\":{\"@type\":\"EntryPoint\",\"urlTemplate\":\"https:\/\/vincentians.com\/es\/?s={search_term_string}\"},\"query-input\":{\"@type\":\"PropertyValueSpecification\",\"valueRequired\":true,\"valueName\":\"search_term_string\"}}],\"inLanguage\":\"es\"},{\"@type\":\"Organization\",\"@id\":\"https:\/\/vincentians.com\/es\/#organization\",\"name\":\"The Vincentian Network\",\"url\":\"https:\/\/vincentians.com\/es\/\",\"logo\":{\"@type\":\"ImageObject\",\"inLanguage\":\"es\",\"@id\":\"https:\/\/vincentians.com\/es\/#\/schema\/logo\/image\/\",\"url\":\"https:\/\/i1.wp.com\/vincentians.com\/es\/wp-content\/uploads\/sites\/11\/2016\/06\/Vincentian-Network-logo-big.png?fit=778%2C778\",\"contentUrl\":\"https:\/\/i1.wp.com\/vincentians.com\/es\/wp-content\/uploads\/sites\/11\/2016\/06\/Vincentian-Network-logo-big.png?fit=778%2C778\",\"width\":778,\"height\":778,\"caption\":\"The Vincentian Network\"},\"image\":{\"@id\":\"https:\/\/vincentians.com\/es\/#\/schema\/logo\/image\/\"},\"sameAs\":[\"https:\/\/www.facebook.com\/WeAreVincentians\/\",\"https:\/\/x.com\/WeVincentians\"]},{\"@type\":\"Person\",\"@id\":\"https:\/\/vincentians.com\/es\/#\/schema\/person\/9623ef4d9aa3b2dfb8c061f1499288f2\",\"name\":\"Francisco Javier Fern\u00e1ndez Chento\",\"image\":{\"@type\":\"ImageObject\",\"inLanguage\":\"es\",\"@id\":\"https:\/\/vincentians.com\/es\/#\/schema\/person\/image\/\",\"url\":\"https:\/\/secure.gravatar.com\/avatar\/497d5cde87b4c3d097d0315953521681ba2cd523ee66e5077c3711f7021e65de?s=96&d=mm&r=g\",\"contentUrl\":\"https:\/\/secure.gravatar.com\/avatar\/497d5cde87b4c3d097d0315953521681ba2cd523ee66e5077c3711f7021e65de?s=96&d=mm&r=g\",\"caption\":\"Francisco Javier Fern\u00e1ndez Chento\"},\"description\":\"Director General y cofundador de La Red de Formaci\u00f3n Vicenciana. Javier es laico vicenciano, afiliado a la Congregaci\u00f3n de la Misi\u00f3n y miembro del Equipo de Misiones Populares de la provincia can\u00f3nica de Zaragoza (Espa\u00f1a) de la Congregaci\u00f3n de la Misi\u00f3n. Graduado en la Universidad Oberta de Catalunya con cuatro grados (Asistente de direcci\u00f3n, Gesti\u00f3n Administrativa, Recursos Humanos y Contabilidad Avanzada). Bil\u00edng\u00fce Espa\u00f1ol\/Ingl\u00e9s. gestiona y mantiene varias p\u00e1ginas web cristianas y vicencianas, incluida including La Red de Formaci\u00f3n Vicenciana, de la que es cofundador. Actualmente es responsable del \u00e1rea de Espa\u00f1ol de .famvin, la Red de Noticias de la Familia Vicenciana. Tambi\u00e9n es m\u00fasico cat\u00f3lico y ha editado varios discos. Es Director General y cofundador de Trovador, una reconocida compa\u00f1\u00eda discogr\u00e1fica critiana de Espa\u00f1a. Trabaja en las Tecnolog\u00edas de la Informaci\u00f3n, ofreciendo servicios de alojamiento, dise\u00f1o y mantenimiento Web, as\u00ed como asesoramiento, formaci\u00f3n y soluciones inform\u00e1ticas, gesti\u00f3n documental y digitalizaci\u00f3n de textos, edici\u00f3n y maquetaci\u00f3n de libros, revistas, flyers, etc.\",\"sameAs\":[\"http:\/\/chento.org\",\"https:\/\/www.facebook.com\/JavierChento\",\"https:\/\/x.com\/https:\/\/twitter.com\/javierchento\"],\"url\":\"http:\/\/vincentians.com\/es\/author\/chento\/\"}]}<\/script>\n<!-- \/ Yoast SEO plugin. -->","yoast_head_json":{"title":"Regla comentada de la SSVP (5. Relaciones con la Jerarqu\u00eda de la Iglesia) - Somos Vicencianos","robots":{"index":"index","follow":"follow","max-snippet":"max-snippet:-1","max-image-preview":"max-image-preview:large","max-video-preview":"max-video-preview:-1"},"canonical":"http:\/\/vincentians.com\/es\/regla-comentada-de-la-ssvp-5-relaciones-con-la-jerarquia-de-la-iglesia\/","og_locale":"es_ES","og_type":"article","og_title":"Regla comentada de la SSVP (5. Relaciones con la Jerarqu\u00eda de la Iglesia) - Somos Vicencianos","og_description":"5. Relaciones con la Jerarqu\u00eda de la Iglesia 5.1 Una estrecha relaci\u00f3n Fiel a la clara intenci\u00f3n de Federico Ozanam y de sus com\u00adpa\u00f1eros fundadores, la Sociedad y cada vicentino, man\u00adtiene una estrecha relaci\u00f3n con ... Read More","og_url":"http:\/\/vincentians.com\/es\/regla-comentada-de-la-ssvp-5-relaciones-con-la-jerarquia-de-la-iglesia\/","og_site_name":"Somos Vicencianos","article_publisher":"https:\/\/www.facebook.com\/WeAreVincentians\/","article_author":"https:\/\/www.facebook.com\/JavierChento","article_published_time":"2015-02-06T02:57:27+00:00","author":"Francisco Javier Fern\u00e1ndez Chento","twitter_card":"summary_large_image","twitter_creator":"@https:\/\/twitter.com\/javierchento","twitter_site":"@WeVincentians","twitter_misc":{"Escrito por":"Francisco Javier Fern\u00e1ndez Chento","Tiempo de lectura":"3 minutos"},"schema":{"@context":"https:\/\/schema.org","@graph":[{"@type":"Article","@id":"http:\/\/vincentians.com\/es\/regla-comentada-de-la-ssvp-5-relaciones-con-la-jerarquia-de-la-iglesia\/#article","isPartOf":{"@id":"http:\/\/vincentians.com\/es\/regla-comentada-de-la-ssvp-5-relaciones-con-la-jerarquia-de-la-iglesia\/"},"author":{"name":"Francisco Javier Fern\u00e1ndez Chento","@id":"https:\/\/vincentians.com\/es\/#\/schema\/person\/9623ef4d9aa3b2dfb8c061f1499288f2"},"headline":"Regla comentada de la SSVP (5. Relaciones con la Jerarqu\u00eda de la Iglesia)","datePublished":"2015-02-06T02:57:27+00:00","mainEntityOfPage":{"@id":"http:\/\/vincentians.com\/es\/regla-comentada-de-la-ssvp-5-relaciones-con-la-jerarquia-de-la-iglesia\/"},"wordCount":530,"commentCount":0,"publisher":{"@id":"https:\/\/vincentians.com\/es\/#organization"},"image":{"@id":"http:\/\/vincentians.com\/es\/regla-comentada-de-la-ssvp-5-relaciones-con-la-jerarquia-de-la-iglesia\/#primaryimage"},"thumbnailUrl":"","articleSection":["Documentos de la Sociedad de San Vicente de Pa\u00fal"],"inLanguage":"es","potentialAction":[{"@type":"CommentAction","name":"Comment","target":["http:\/\/vincentians.com\/es\/regla-comentada-de-la-ssvp-5-relaciones-con-la-jerarquia-de-la-iglesia\/#respond"]}]},{"@type":"WebPage","@id":"http:\/\/vincentians.com\/es\/regla-comentada-de-la-ssvp-5-relaciones-con-la-jerarquia-de-la-iglesia\/","url":"http:\/\/vincentians.com\/es\/regla-comentada-de-la-ssvp-5-relaciones-con-la-jerarquia-de-la-iglesia\/","name":"Regla comentada de la SSVP (5. Relaciones con la Jerarqu\u00eda de la Iglesia) - Somos Vicencianos","isPartOf":{"@id":"https:\/\/vincentians.com\/es\/#website"},"primaryImageOfPage":{"@id":"http:\/\/vincentians.com\/es\/regla-comentada-de-la-ssvp-5-relaciones-con-la-jerarquia-de-la-iglesia\/#primaryimage"},"image":{"@id":"http:\/\/vincentians.com\/es\/regla-comentada-de-la-ssvp-5-relaciones-con-la-jerarquia-de-la-iglesia\/#primaryimage"},"thumbnailUrl":"","datePublished":"2015-02-06T02:57:27+00:00","breadcrumb":{"@id":"http:\/\/vincentians.com\/es\/regla-comentada-de-la-ssvp-5-relaciones-con-la-jerarquia-de-la-iglesia\/#breadcrumb"},"inLanguage":"es","potentialAction":[{"@type":"ReadAction","target":["http:\/\/vincentians.com\/es\/regla-comentada-de-la-ssvp-5-relaciones-con-la-jerarquia-de-la-iglesia\/"]}]},{"@type":"ImageObject","inLanguage":"es","@id":"http:\/\/vincentians.com\/es\/regla-comentada-de-la-ssvp-5-relaciones-con-la-jerarquia-de-la-iglesia\/#primaryimage","url":"","contentUrl":""},{"@type":"BreadcrumbList","@id":"http:\/\/vincentians.com\/es\/regla-comentada-de-la-ssvp-5-relaciones-con-la-jerarquia-de-la-iglesia\/#breadcrumb","itemListElement":[{"@type":"ListItem","position":1,"name":"Portada","item":"https:\/\/vincentians.com\/es\/"},{"@type":"ListItem","position":2,"name":"Regla comentada de la SSVP (5. Relaciones con la Jerarqu\u00eda de la Iglesia)"}]},{"@type":"WebSite","@id":"https:\/\/vincentians.com\/es\/#website","url":"https:\/\/vincentians.com\/es\/","name":"Somos Vicencianos","description":"Know more to serve more","publisher":{"@id":"https:\/\/vincentians.com\/es\/#organization"},"potentialAction":[{"@type":"SearchAction","target":{"@type":"EntryPoint","urlTemplate":"https:\/\/vincentians.com\/es\/?s={search_term_string}"},"query-input":{"@type":"PropertyValueSpecification","valueRequired":true,"valueName":"search_term_string"}}],"inLanguage":"es"},{"@type":"Organization","@id":"https:\/\/vincentians.com\/es\/#organization","name":"The Vincentian Network","url":"https:\/\/vincentians.com\/es\/","logo":{"@type":"ImageObject","inLanguage":"es","@id":"https:\/\/vincentians.com\/es\/#\/schema\/logo\/image\/","url":"https:\/\/i1.wp.com\/vincentians.com\/es\/wp-content\/uploads\/sites\/11\/2016\/06\/Vincentian-Network-logo-big.png?fit=778%2C778","contentUrl":"https:\/\/i1.wp.com\/vincentians.com\/es\/wp-content\/uploads\/sites\/11\/2016\/06\/Vincentian-Network-logo-big.png?fit=778%2C778","width":778,"height":778,"caption":"The Vincentian Network"},"image":{"@id":"https:\/\/vincentians.com\/es\/#\/schema\/logo\/image\/"},"sameAs":["https:\/\/www.facebook.com\/WeAreVincentians\/","https:\/\/x.com\/WeVincentians"]},{"@type":"Person","@id":"https:\/\/vincentians.com\/es\/#\/schema\/person\/9623ef4d9aa3b2dfb8c061f1499288f2","name":"Francisco Javier Fern\u00e1ndez Chento","image":{"@type":"ImageObject","inLanguage":"es","@id":"https:\/\/vincentians.com\/es\/#\/schema\/person\/image\/","url":"https:\/\/secure.gravatar.com\/avatar\/497d5cde87b4c3d097d0315953521681ba2cd523ee66e5077c3711f7021e65de?s=96&d=mm&r=g","contentUrl":"https:\/\/secure.gravatar.com\/avatar\/497d5cde87b4c3d097d0315953521681ba2cd523ee66e5077c3711f7021e65de?s=96&d=mm&r=g","caption":"Francisco Javier Fern\u00e1ndez Chento"},"description":"Director General y cofundador de La Red de Formaci\u00f3n Vicenciana. Javier es laico vicenciano, afiliado a la Congregaci\u00f3n de la Misi\u00f3n y miembro del Equipo de Misiones Populares de la provincia can\u00f3nica de Zaragoza (Espa\u00f1a) de la Congregaci\u00f3n de la Misi\u00f3n. Graduado en la Universidad Oberta de Catalunya con cuatro grados (Asistente de direcci\u00f3n, Gesti\u00f3n Administrativa, Recursos Humanos y Contabilidad Avanzada). Bil\u00edng\u00fce Espa\u00f1ol\/Ingl\u00e9s. gestiona y mantiene varias p\u00e1ginas web cristianas y vicencianas, incluida including La Red de Formaci\u00f3n Vicenciana, de la que es cofundador. Actualmente es responsable del \u00e1rea de Espa\u00f1ol de .famvin, la Red de Noticias de la Familia Vicenciana. Tambi\u00e9n es m\u00fasico cat\u00f3lico y ha editado varios discos. Es Director General y cofundador de Trovador, una reconocida compa\u00f1\u00eda discogr\u00e1fica critiana de Espa\u00f1a. Trabaja en las Tecnolog\u00edas de la Informaci\u00f3n, ofreciendo servicios de alojamiento, dise\u00f1o y mantenimiento Web, as\u00ed como asesoramiento, formaci\u00f3n y soluciones inform\u00e1ticas, gesti\u00f3n documental y digitalizaci\u00f3n de textos, edici\u00f3n y maquetaci\u00f3n de libros, revistas, flyers, etc.","sameAs":["http:\/\/chento.org","https:\/\/www.facebook.com\/JavierChento","https:\/\/x.com\/https:\/\/twitter.com\/javierchento"],"url":"http:\/\/vincentians.com\/es\/author\/chento\/"}]}},"jetpack_publicize_connections":[],"jetpack_featured_media_url":"","jetpack_sharing_enabled":true,"jetpack_shortlink":"https:\/\/wp.me\/p7ETMF-diX","jetpack-related-posts":[{"id":40394,"url":"http:\/\/vincentians.com\/es\/espiritualidad-vicenciana-jerarquia\/","url_meta":{"origin":51147,"position":0},"title":"Espiritualidad vicenciana: Jerarqu\u00eda","author":"Francisco Javier Fern\u00e1ndez Chento","date":"13\/10\/2014","format":false,"excerpt":"Introducci\u00f3n Los fundamentos espirituales y teol\u00f3gicos de la \"vida en com\u00fan\" radican en la doctrina del Cuerpo M\u00edstico de Cristo. En ella se fundamen\u00adta asimismo la Iglesia. La comunidad, en efecto, es una \"ecclesiola\" o \"iglesia peque\u00f1a\"; un \"miembro compacto\" (\"un coraz\u00f3n y un alma so\u00adla\", Hch 4, 32) del\u2026","rel":"","context":"En \u00abEspiritualidad vicenciana\u00bb","block_context":{"text":"Espiritualidad vicenciana","link":"http:\/\/vincentians.com\/es\/category\/espiritualidad\/espiritualidad-vicenciana\/"},"img":{"alt_text":"","src":"https:\/\/i0.wp.com\/vincentians.com\/es\/wp-content\/uploads\/sites\/11\/2016\/07\/espiritualidad-vicenciana.jpg?fit=1200%2C630&resize=350%2C200","width":350,"height":200,"srcset":"https:\/\/i0.wp.com\/vincentians.com\/es\/wp-content\/uploads\/sites\/11\/2016\/07\/espiritualidad-vicenciana.jpg?fit=1200%2C630&resize=350%2C200 1x, https:\/\/i0.wp.com\/vincentians.com\/es\/wp-content\/uploads\/sites\/11\/2016\/07\/espiritualidad-vicenciana.jpg?fit=1200%2C630&resize=525%2C300 1.5x, https:\/\/i0.wp.com\/vincentians.com\/es\/wp-content\/uploads\/sites\/11\/2016\/07\/espiritualidad-vicenciana.jpg?fit=1200%2C630&resize=700%2C400 2x, https:\/\/i0.wp.com\/vincentians.com\/es\/wp-content\/uploads\/sites\/11\/2016\/07\/espiritualidad-vicenciana.jpg?fit=1200%2C630&resize=1050%2C600 3x"},"classes":[]},{"id":118280,"url":"http:\/\/vincentians.com\/es\/historia-de-los-paules-en-cuba-prologo\/","url_meta":{"origin":51147,"position":1},"title":"Historia de los Pa\u00fales en Cuba (Pr\u00f3logo)","author":"Mitxel Olabu\u00e9naga","date":"13\/12\/2021","format":false,"excerpt":"En las p\u00e1ginas de este libro se recoge la hermosa Historia de los Padres Pa\u00fales en Cuba, que abarca siglo y medio (1862-2012). Durante todos esos a\u00f1os, los Hijos de San Vicente han caminado junto con el Pueblo de Dios que peregrina en la Isla, dejando a cada paso un\u2026","rel":"","context":"En \u00abHistoria de la Congregaci\u00f3n de la Misi\u00f3n\u00bb","block_context":{"text":"Historia de la Congregaci\u00f3n de la Misi\u00f3n","link":"http:\/\/vincentians.com\/es\/category\/historia-de-la-familia-vicenciana\/historia-de-la-congregacion-de-la-mision\/"},"img":{"alt_text":"","src":"https:\/\/i0.wp.com\/vincentians.com\/es\/wp-content\/uploads\/sites\/11\/2016\/10\/ranquines.jpg?fit=1200%2C630&resize=350%2C200","width":350,"height":200,"srcset":"https:\/\/i0.wp.com\/vincentians.com\/es\/wp-content\/uploads\/sites\/11\/2016\/10\/ranquines.jpg?fit=1200%2C630&resize=350%2C200 1x, https:\/\/i0.wp.com\/vincentians.com\/es\/wp-content\/uploads\/sites\/11\/2016\/10\/ranquines.jpg?fit=1200%2C630&resize=525%2C300 1.5x, https:\/\/i0.wp.com\/vincentians.com\/es\/wp-content\/uploads\/sites\/11\/2016\/10\/ranquines.jpg?fit=1200%2C630&resize=700%2C400 2x, https:\/\/i0.wp.com\/vincentians.com\/es\/wp-content\/uploads\/sites\/11\/2016\/10\/ranquines.jpg?fit=1200%2C630&resize=1050%2C600 3x"},"classes":[]},{"id":51150,"url":"http:\/\/vincentians.com\/es\/regla-comentada-de-la-ssvp-6-otras-relaciones\/","url_meta":{"origin":51147,"position":2},"title":"Regla comentada de la SSVP (6. Otras relaciones)","author":"Francisco Javier Fern\u00e1ndez Chento","date":"07\/02\/2015","format":false,"excerpt":"6. Otras relaciones Relaciones ecum\u00e9nicas y entre distintas religiones. 6.1 Todos los miembros deben fomentar el ecumenismo Cada Vicentino busca profundizar en su propio compro\u00admiso hacia el Ecumenismo y hacia la cooperaci\u00f3n en tra\u00adbajos de caridad y justicia, como una contribuci\u00f3n hacia la consecuci\u00f3n de la unidad plena y visible\u2026","rel":"","context":"En \u00abDocumentos de la Sociedad de San Vicente de Pa\u00fal\u00bb","block_context":{"text":"Documentos de la Sociedad de San Vicente de Pa\u00fal","link":"http:\/\/vincentians.com\/es\/category\/formacion-vicenciana\/documentos-oficiales-de-la-familia-vicenciana\/documentos-de-la-sociedad-de-san-vicente-de-paul\/"},"img":{"alt_text":"","src":"https:\/\/i0.wp.com\/vicencianos.org\/wp-content\/2011\/10\/regla_ssvp_comentada-158x300.jpg?resize=350%2C200","width":350,"height":200},"classes":[]},{"id":131326,"url":"http:\/\/vincentians.com\/es\/sentir-con-la-iglesia\/","url_meta":{"origin":51147,"position":3},"title":"Sentir con la Iglesia","author":"Francisco Javier Fern\u00e1ndez Chento","date":"06\/02\/2015","format":false,"excerpt":"\"Y aparte de eso (los peligros externos), la carga de cada d\u00eda, las preocupaciones por todas las comunidades \u00bfQui\u00e9n enferma sin que yo enferme? \u00bfQui\u00e9n cae sin que a m\u00ed me d\u00e9 fiebre? (II Cor 11, 28-29). \"Supuesto este fin, la Congregaci\u00f3n de la Misi\u00f3n, atendiendo siempre al Evangelio, a\u2026","rel":"","context":"En \u00abEspiritualidad vicenciana\u00bb","block_context":{"text":"Espiritualidad vicenciana","link":"http:\/\/vincentians.com\/es\/category\/espiritualidad\/espiritualidad-vicenciana\/"},"img":{"alt_text":"iglesia comunidad","src":"https:\/\/i0.wp.com\/vicencianos.org\/wp-content\/2014\/09\/iglesia-comunidad-297x300.jpg?resize=350%2C200","width":350,"height":200},"classes":[]},{"id":398641,"url":"http:\/\/vincentians.com\/es\/aportacion-del-carisma-vicenciano-la-mision-la-iglesia-4\/","url_meta":{"origin":51147,"position":4},"title":"Aportaci\u00f3n del carisma vicenciano a la Misi\u00f3n de la Iglesia (4)","author":"Francisco Javier Fern\u00e1ndez Chento","date":"07\/08\/2016","format":false,"excerpt":"4.- La salvaci\u00f3n de los pobres en el centro de la Misi\u00f3n de la Iglesia. San Vicente de Pa\u00fal y Santa Luisa de Marillac compartieron la misma experiencia: los pobres son los miembros de Cristo y, por tanto, de la Iglesia. En la Iglesia, Cuerpo de Cristo, los pobres ocupan\u2026","rel":"","context":"En \u00abFormaci\u00f3n Vicenciana\u00bb","block_context":{"text":"Formaci\u00f3n Vicenciana","link":"http:\/\/vincentians.com\/es\/category\/formacion-vicenciana\/"},"img":{"alt_text":"","src":"https:\/\/i0.wp.com\/vincentians.com\/es\/wp-content\/uploads\/sites\/11\/2016\/06\/contributions-charism.jpg?fit=1200%2C630&resize=350%2C200","width":350,"height":200,"srcset":"https:\/\/i0.wp.com\/vincentians.com\/es\/wp-content\/uploads\/sites\/11\/2016\/06\/contributions-charism.jpg?fit=1200%2C630&resize=350%2C200 1x, https:\/\/i0.wp.com\/vincentians.com\/es\/wp-content\/uploads\/sites\/11\/2016\/06\/contributions-charism.jpg?fit=1200%2C630&resize=525%2C300 1.5x, https:\/\/i0.wp.com\/vincentians.com\/es\/wp-content\/uploads\/sites\/11\/2016\/06\/contributions-charism.jpg?fit=1200%2C630&resize=700%2C400 2x, https:\/\/i0.wp.com\/vincentians.com\/es\/wp-content\/uploads\/sites\/11\/2016\/06\/contributions-charism.jpg?fit=1200%2C630&resize=1050%2C600 3x"},"classes":[]},{"id":126703,"url":"http:\/\/vincentians.com\/es\/introduccion-a-la-lumen-gentium\/","url_meta":{"origin":51147,"position":5},"title":"Introducci\u00f3n a la &quot;Lumen Gentium&quot;","author":"Francisco Javier Fern\u00e1ndez Chento","date":"11\/01\/2024","format":false,"excerpt":"1. Introducci\u00f3n Cuando un Papa quiere tomar una decisi\u00f3n que abarca a toda la cristiandad, a la Iglesia en el mundo, proclamar un dogma, modificar decisivamente la organizaci\u00f3n de la Iglesia, condenar una herej\u00eda o cuestiones transcendentales, puede convocar un Concilio. Concilio (del lat\u00edn \"concilium\" consenso, estar de acuerdo) es\u2026","rel":"","context":"En \u00abFormaci\u00f3n Cristiana\u00bb","block_context":{"text":"Formaci\u00f3n Cristiana","link":"http:\/\/vincentians.com\/es\/category\/formacion-cristiana\/"},"img":{"alt_text":"","src":"https:\/\/i0.wp.com\/vincentians.com\/es\/wp-content\/uploads\/sites\/11\/2013\/04\/Biblioteca_panoramica.jpg?fit=750%2C500&resize=350%2C200","width":350,"height":200,"srcset":"https:\/\/i0.wp.com\/vincentians.com\/es\/wp-content\/uploads\/sites\/11\/2013\/04\/Biblioteca_panoramica.jpg?fit=750%2C500&resize=350%2C200 1x, https:\/\/i0.wp.com\/vincentians.com\/es\/wp-content\/uploads\/sites\/11\/2013\/04\/Biblioteca_panoramica.jpg?fit=750%2C500&resize=525%2C300 1.5x, https:\/\/i0.wp.com\/vincentians.com\/es\/wp-content\/uploads\/sites\/11\/2013\/04\/Biblioteca_panoramica.jpg?fit=750%2C500&resize=700%2C400 2x"},"classes":[]}],"_links":{"self":[{"href":"http:\/\/vincentians.com\/es\/wp-json\/wp\/v2\/posts\/51147","targetHints":{"allow":["GET"]}}],"collection":[{"href":"http:\/\/vincentians.com\/es\/wp-json\/wp\/v2\/posts"}],"about":[{"href":"http:\/\/vincentians.com\/es\/wp-json\/wp\/v2\/types\/post"}],"author":[{"embeddable":true,"href":"http:\/\/vincentians.com\/es\/wp-json\/wp\/v2\/users\/4"}],"replies":[{"embeddable":true,"href":"http:\/\/vincentians.com\/es\/wp-json\/wp\/v2\/comments?post=51147"}],"version-history":[{"count":0,"href":"http:\/\/vincentians.com\/es\/wp-json\/wp\/v2\/posts\/51147\/revisions"}],"wp:featuredmedia":[{"embeddable":true,"href":"http:\/\/vincentians.com\/es\/wp-json\/"}],"wp:attachment":[{"href":"http:\/\/vincentians.com\/es\/wp-json\/wp\/v2\/media?parent=51147"}],"wp:term":[{"taxonomy":"category","embeddable":true,"href":"http:\/\/vincentians.com\/es\/wp-json\/wp\/v2\/categories?post=51147"},{"taxonomy":"post_tag","embeddable":true,"href":"http:\/\/vincentians.com\/es\/wp-json\/wp\/v2\/tags?post=51147"}],"curies":[{"name":"wp","href":"https:\/\/api.w.org\/{rel}","templated":true}]}}