{"id":51144,"date":"2015-02-05T03:57:27","date_gmt":"2015-02-05T02:57:27","guid":{"rendered":"http:\/\/somos.vicencianos.org\/blog\/2011\/10\/regla-comentada-de-la-sociedad-de-san-vicente-de-paul-4-relaciones-con-la-red-vicentina-y-catolica-de-caridad\/"},"modified":"2015-02-05T03:57:27","modified_gmt":"2015-02-05T02:57:27","slug":"regla-comentada-de-la-ssvp-4-relaciones-con-la-red-vicentina-y-catolica-de-caridad","status":"publish","type":"post","link":"http:\/\/vincentians.com\/es\/regla-comentada-de-la-ssvp-4-relaciones-con-la-red-vicentina-y-catolica-de-caridad\/","title":{"rendered":"Regla comentada de la SSVP (4. Relaciones con la red vicentina y cat\u00f3lica de caridad)"},"content":{"rendered":"<h2><strong><strong>4. Relaciones con la red vicentina y cat\u00f3lica de caridad<\/strong><\/strong><\/h2>\n<h3><a><img data-recalc-dims=\"1\" loading=\"lazy\" decoding=\"async\" class=\"alignright size-medium wp-image-51123\" title=\"regla_ssvp_comentada\" src=\"https:\/\/i0.wp.com\/vicencianos.org\/wp-content\/2011\/10\/regla_ssvp_comentada-158x300.jpg?resize=158%2C300\" alt=\"\" width=\"158\" height=\"300\" \/><\/a><strong>4.1 Hermanamientos<\/strong><\/h3>\n<p>Las Conferencias y Consejos se ayudan entre si, tanto en el interior de los pa\u00edses, como con las del resto del mundo siendo esta actividad, una de las mas queridas por la So\u00adciedad y los vicentinos. La toma de conciencia de la po\u00adbreza aguda en un gran numero de pa\u00edses y la opci\u00f3n preferencial de la Sociedad por los pobres, incitan a las Conferencias y Consejos a ayudar a otras con menos re\u00adcursos o en situaciones particulares.<\/p>\n<p>El v\u00ednculo directo entre dos Conferencias o Consejos que consiste en compartir oraci\u00f3n, una profunda amistad y re\u00adcursos materiales, se llama Hermanamiento. Esta activi\u00addad, contribuye a la paz en el mundo, al entendimiento y al intercambio cultural entre los pueblos.<\/p>\n<p style=\"padding-left: 30px\"><em>Comentario.- \u00bfPuede vivir un cristiano viendo en la ab\u00adsoluta indigencia a otro miembro de su comunidad sin ayudarle?. La respuesta negativa a esa pregunta desde la fe en Nuestro Se\u00f1or Jesucristo, nos obliga a estar muy atentos a facilitar la ayuda a aquellas de nuestras Confe\u00adrencias que la necesitan. Son ingentes las cantidades que cada a\u00f1o los vicentinos enviamos a otros vicentinos m\u00e1s pobres para ayudarles en su labor. No puede ser de otra manera si, verdaderamente, entendemos el reto de una po\u00adbreza mundializada de la que todos somos responsables en cuanto a su atenci\u00f3n. Las Conferencias, no se limitan a luchar contra la pobreza m\u00e1s pr\u00f3xima. Por el contrario, aquellas Conferencias que realmente sienten la verdadera naturaleza de su misi\u00f3n, est\u00e1n siempre prestas a enviar las ayudas necesarias para que consocios de otros lugares del mundo con menor capacidad econ\u00f3mica, puedan ayu\u00addar a redimirse de la pobreza a los m\u00e1s necesitados a los que atienden. Es, quiz\u00e1s, una de las manifestaciones m\u00e1s hermosas de desprendimiento: ayudar a otros consocios a los que no vemos m\u00e1s que con los ojos de la fe y del co\u00adraz\u00f3n en su labor en lugares remotos del mundo.<\/em><\/p>\n<p><strong>4.1.1 La oraci\u00f3n, base de la fraternidad<\/strong><\/p>\n<p>Los hermanamientos, por lo tanto, fomentan la espiritua\u00adlidad, la amistad profunda, la solidaridad y la ayuda mutua. Los fondos y otros recursos materiales se proporcionan para permitir que una Conferencia o un Consejo ayude a familias locales. El apoyo financiero, t\u00e9cnico, m\u00e9dico y educacional lo proporcionan para los proyectos que son sugeridos por la Sociedad local y que fomentan la autosuficiencia. A\u00fan m\u00e1s importante es el apoyo proporcionado a trav\u00e9s de la oraci\u00f3n, as\u00ed como a trav\u00e9s de una comunica\u00adci\u00f3n mutua acerca de lo que se ha realizado y lo que est\u00e1 ocurriendo entre los Vicentinos en cada lugar, incluyendo noticias sobre personas y familias.<\/p>\n<p style=\"padding-left: 30px\"><em>Comentario.- Si toda ayuda econ\u00f3mica es necesaria, lo es tambi\u00e9n la ayuda espiritual a trav\u00e9s de la oraci\u00f3n. Si nadie es tan pobre que no puede ayudar a otro, mucho menos lo es para rezar, para ofrecer peque\u00f1as renuncias y sacrifi\u00adcios personales, por consocios a los que personalmente no conoce. No los conoce, pero se siente unido a ellos por la labor universal de llevar el Amor de Dios a todos los hombres.<\/em><\/p>\n<p><strong>4.1.2 Compromiso personal de los Vicentinos<\/strong><\/p>\n<p>La Sociedad, alienta a los vicentinos, a que consideren un compromiso personal por un periodo de tiempo determi\u00adnado, para trabajar con los vicentinos de otros pa\u00edses o para extender las Conferencias.<\/p>\n<p style=\"padding-left: 30px\"><em>Comentario.- Algunos vicentinos cuando encuentran el tiempo y la capacidad para ello, se ofrecen para trasladar su experiencia y conocimientos a otros lugares en el mundo. Son los llamados \u00abVicentinos por la Paz\u00bb. Estos grupos de miembros de la Sociedad de muy diversas eda\u00addes, se comprometen durante periodos determinados, bien para ayudar a la extensi\u00f3n de las Conferencias, bien para trabajar en proyectos concretos que ayuden a desarrollar <\/em><em>determinadas habilidades en otros pa\u00edses. Es una forma de Hermanamiento, de compartir, donde el don que se ofrece es la experiencia y la entrega personal y generosa.<\/em><\/p>\n<h3><strong>4.2 Asistencia de emergencia<\/strong><\/h3>\n<p>Cuando se producen desastres, guerras o grandes acciden\u00adtes, la Sociedad emprende iniciativas de emergencia inme\u00addiatas y proporciona fondos para ayudar a las v\u00edctimas, generalmente a trav\u00e9s de la Sociedad local.<\/p>\n<p style=\"padding-left: 30px\"><em>Comentario.- La Sociedad, a trav\u00e9s del Consejo General, mantiene continuamente abiertas, cuentas de Fondos de Ayuda ante emergencias en general. Para las Conferen\u00adcias y los Consejos de todo el mundo, es siempre una pre\u00adocupaci\u00f3n singularmente sentida, contribuir a dotar estas cuentas de manera tal que, ante situaciones imprevistas de dolor, el Consejo General en nombre de toda la Socie\u00addad, pueda hacer llegar las ayudas necesarias a las Con\u00adferencias o Consejos que lo necesiten.<\/em><\/p>\n<p style=\"padding-left: 30px\"><em>La actuaci\u00f3n de las Conferencias en estas situaciones de emergencia, estar\u00e1 siempre orientada a intentar cubrir la asistencia a los m\u00e1s pobres cuando las grandes organiza\u00adciones no puedan llegar individualmente a ellos.<\/em><\/p>\n<h3><strong>4.3 La Familia Vicenciana<\/strong><\/h3>\n<p>Los Vicentinos de todo el mundo forman una Familia con otras comunidades inspiradas por la espiritualidad de San Vicente de Pa\u00fal, y con aquellas personas que desean ayu\u00addar. Recordando con gratitud el apoyo y el aliento que la primera Conferencia recibi\u00f3 de la Beata Rosalie Rendu, la Sociedad mantiene y desarrolla una estrecha relaci\u00f3n con otras ramas de la Familia Vicenciana. Al mismo tiempo que preserva su identidad, coopera con ellas en el desarro\u00adllo espiritual y en proyectos comunes, al igual que con las iniciativas pastorales de la Iglesia. Tambi\u00e9n lo hace con otras organizaciones, donde quiera que esto pueda enri\u00adquecer mutuamente y ser \u00fatil a aquellos que sufren.<\/p>\n<p style=\"padding-left: 30px\"><em>Comentario.- Las Conferencias, no olvidan el patronazgo y la inspiraci\u00f3n en San Vicente de Pa\u00fal deseada por los fundadores (Regla art\u00edculos 2.5 \u2013 2.5.1). Esa inspiraci\u00f3n, nos lleva a desear compartir esfuerzos y retos con las Ins\u00adtituciones eclesiales que comparten la filosof\u00eda del Santo de la Caridad. Con ellos, (Hijas de la Caridad, Padres Paules, Religiosos de San Vicente, Asociaci\u00f3n Internacio\u00adnal de Caridad, Juventudes Marianas Vicencianas, Aso\u00adciaci\u00f3n de la Medalla Milagrosa y Misioneros Seglares Vicentinos entre otras), nos esforzamos en servir mejor a los pobres desde una coordinaci\u00f3n entre consagrados y laicos tan necesaria siempre en la vida de la Santa Iglesia.<\/em><\/p>\n<p style=\"padding-left: 30px\"><em>Las Conferencias, no olvidan a quien sin duda puede ca\u00adlificarse de nuestra primera Asesora Religiosa: la Beata Rosalie Rendu. La Beata, supo acompa\u00f1ar en los primeros momentos a nuestros j\u00f3venes fundadores con su consejo y su ejemplo y despu\u00e9s, dejarlos caminar solos respon\u00addiendo a su vocaci\u00f3n laical. Sor Rosal\u00eda, qued\u00f3 siempre a <\/em><em>disposici\u00f3n de lo que aquellos necesitaban de ella. Fue todo un ejemplo de madre que so\u00f1\u00f3 con la independencia formal y responsable de aquellos hijos, que solicitaron su ayuda en los primeros momentos de su andadura.<\/em><\/p>\n","protected":false},"excerpt":{"rendered":"<p>4. Relaciones con la red vicentina y cat\u00f3lica de caridad 4.1 Hermanamientos Las Conferencias y Consejos se ayudan entre si, tanto en el interior de los pa\u00edses, como con las del resto del mundo siendo &#8230; <a href=\"http:\/\/vincentians.com\/es\/regla-comentada-de-la-ssvp-4-relaciones-con-la-red-vicentina-y-catolica-de-caridad\/\" class=\"more-link\">Read More<\/a><\/p>\n","protected":false},"author":4,"featured_media":51123,"comment_status":"open","ping_status":"open","sticky":false,"template":"","format":"standard","meta":{"jetpack_post_was_ever_published":false,"_jetpack_newsletter_access":"","_jetpack_dont_email_post_to_subs":false,"_jetpack_newsletter_tier_id":0,"_jetpack_memberships_contains_paywalled_content":false,"_jetpack_memberships_contains_paid_content":false,"footnotes":"","jetpack_publicize_message":"","jetpack_publicize_feature_enabled":true,"jetpack_social_post_already_shared":true,"jetpack_social_options":{"image_generator_settings":{"template":"highway","default_image_id":0,"font":"","enabled":false},"version":2}},"categories":[357],"tags":[195,172],"class_list":["post-51144","post","type-post","status-publish","format-standard","has-post-thumbnail","hentry","category-documentos-de-la-sociedad-de-san-vicente-de-paul","tag-misioneros-seglares","tag-pobreza"],"yoast_head":"<!-- This site is optimized with the Yoast SEO plugin v26.3 - https:\/\/yoast.com\/wordpress\/plugins\/seo\/ -->\n<title>Regla comentada de la SSVP (4. Relaciones con la red vicentina y cat\u00f3lica de caridad) - Somos Vicencianos<\/title>\n<meta name=\"robots\" content=\"index, follow, max-snippet:-1, max-image-preview:large, max-video-preview:-1\" \/>\n<link rel=\"canonical\" href=\"http:\/\/vincentians.com\/es\/regla-comentada-de-la-ssvp-4-relaciones-con-la-red-vicentina-y-catolica-de-caridad\/\" \/>\n<meta property=\"og:locale\" content=\"es_ES\" \/>\n<meta property=\"og:type\" content=\"article\" \/>\n<meta property=\"og:title\" content=\"Regla comentada de la SSVP (4. Relaciones con la red vicentina y cat\u00f3lica de caridad) - Somos Vicencianos\" \/>\n<meta property=\"og:description\" content=\"4. Relaciones con la red vicentina y cat\u00f3lica de caridad 4.1 Hermanamientos Las Conferencias y Consejos se ayudan entre si, tanto en el interior de los pa\u00edses, como con las del resto del mundo siendo ... Read More\" \/>\n<meta property=\"og:url\" content=\"http:\/\/vincentians.com\/es\/regla-comentada-de-la-ssvp-4-relaciones-con-la-red-vicentina-y-catolica-de-caridad\/\" \/>\n<meta property=\"og:site_name\" content=\"Somos Vicencianos\" \/>\n<meta property=\"article:publisher\" content=\"https:\/\/www.facebook.com\/WeAreVincentians\/\" \/>\n<meta property=\"article:author\" content=\"https:\/\/www.facebook.com\/JavierChento\" \/>\n<meta property=\"article:published_time\" content=\"2015-02-05T02:57:27+00:00\" \/>\n<meta name=\"author\" content=\"Francisco Javier Fern\u00e1ndez Chento\" \/>\n<meta name=\"twitter:card\" content=\"summary_large_image\" \/>\n<meta name=\"twitter:creator\" content=\"@https:\/\/twitter.com\/javierchento\" \/>\n<meta name=\"twitter:site\" content=\"@WeVincentians\" \/>\n<meta name=\"twitter:label1\" content=\"Escrito por\" \/>\n\t<meta name=\"twitter:data1\" content=\"Francisco Javier Fern\u00e1ndez Chento\" \/>\n\t<meta name=\"twitter:label2\" content=\"Tiempo de lectura\" \/>\n\t<meta name=\"twitter:data2\" content=\"6 minutos\" \/>\n<script type=\"application\/ld+json\" class=\"yoast-schema-graph\">{\"@context\":\"https:\/\/schema.org\",\"@graph\":[{\"@type\":\"Article\",\"@id\":\"http:\/\/vincentians.com\/es\/regla-comentada-de-la-ssvp-4-relaciones-con-la-red-vicentina-y-catolica-de-caridad\/#article\",\"isPartOf\":{\"@id\":\"http:\/\/vincentians.com\/es\/regla-comentada-de-la-ssvp-4-relaciones-con-la-red-vicentina-y-catolica-de-caridad\/\"},\"author\":{\"name\":\"Francisco Javier Fern\u00e1ndez Chento\",\"@id\":\"http:\/\/vincentians.com\/es\/#\/schema\/person\/9623ef4d9aa3b2dfb8c061f1499288f2\"},\"headline\":\"Regla comentada de la SSVP (4. Relaciones con la red vicentina y cat\u00f3lica de caridad)\",\"datePublished\":\"2015-02-05T02:57:27+00:00\",\"mainEntityOfPage\":{\"@id\":\"http:\/\/vincentians.com\/es\/regla-comentada-de-la-ssvp-4-relaciones-con-la-red-vicentina-y-catolica-de-caridad\/\"},\"wordCount\":1183,\"commentCount\":0,\"publisher\":{\"@id\":\"http:\/\/vincentians.com\/es\/#organization\"},\"image\":{\"@id\":\"http:\/\/vincentians.com\/es\/regla-comentada-de-la-ssvp-4-relaciones-con-la-red-vicentina-y-catolica-de-caridad\/#primaryimage\"},\"thumbnailUrl\":\"\",\"keywords\":[\"Misioneros Seglares\",\"Pobreza\"],\"articleSection\":[\"Documentos de la Sociedad de San Vicente de Pa\u00fal\"],\"inLanguage\":\"es\",\"potentialAction\":[{\"@type\":\"CommentAction\",\"name\":\"Comment\",\"target\":[\"http:\/\/vincentians.com\/es\/regla-comentada-de-la-ssvp-4-relaciones-con-la-red-vicentina-y-catolica-de-caridad\/#respond\"]}]},{\"@type\":\"WebPage\",\"@id\":\"http:\/\/vincentians.com\/es\/regla-comentada-de-la-ssvp-4-relaciones-con-la-red-vicentina-y-catolica-de-caridad\/\",\"url\":\"http:\/\/vincentians.com\/es\/regla-comentada-de-la-ssvp-4-relaciones-con-la-red-vicentina-y-catolica-de-caridad\/\",\"name\":\"Regla comentada de la SSVP (4. Relaciones con la red vicentina y cat\u00f3lica de caridad) - Somos Vicencianos\",\"isPartOf\":{\"@id\":\"http:\/\/vincentians.com\/es\/#website\"},\"primaryImageOfPage\":{\"@id\":\"http:\/\/vincentians.com\/es\/regla-comentada-de-la-ssvp-4-relaciones-con-la-red-vicentina-y-catolica-de-caridad\/#primaryimage\"},\"image\":{\"@id\":\"http:\/\/vincentians.com\/es\/regla-comentada-de-la-ssvp-4-relaciones-con-la-red-vicentina-y-catolica-de-caridad\/#primaryimage\"},\"thumbnailUrl\":\"\",\"datePublished\":\"2015-02-05T02:57:27+00:00\",\"breadcrumb\":{\"@id\":\"http:\/\/vincentians.com\/es\/regla-comentada-de-la-ssvp-4-relaciones-con-la-red-vicentina-y-catolica-de-caridad\/#breadcrumb\"},\"inLanguage\":\"es\",\"potentialAction\":[{\"@type\":\"ReadAction\",\"target\":[\"http:\/\/vincentians.com\/es\/regla-comentada-de-la-ssvp-4-relaciones-con-la-red-vicentina-y-catolica-de-caridad\/\"]}]},{\"@type\":\"ImageObject\",\"inLanguage\":\"es\",\"@id\":\"http:\/\/vincentians.com\/es\/regla-comentada-de-la-ssvp-4-relaciones-con-la-red-vicentina-y-catolica-de-caridad\/#primaryimage\",\"url\":\"\",\"contentUrl\":\"\"},{\"@type\":\"BreadcrumbList\",\"@id\":\"http:\/\/vincentians.com\/es\/regla-comentada-de-la-ssvp-4-relaciones-con-la-red-vicentina-y-catolica-de-caridad\/#breadcrumb\",\"itemListElement\":[{\"@type\":\"ListItem\",\"position\":1,\"name\":\"Portada\",\"item\":\"http:\/\/vincentians.com\/es\/\"},{\"@type\":\"ListItem\",\"position\":2,\"name\":\"Regla comentada de la SSVP (4. Relaciones con la red vicentina y cat\u00f3lica de caridad)\"}]},{\"@type\":\"WebSite\",\"@id\":\"http:\/\/vincentians.com\/es\/#website\",\"url\":\"http:\/\/vincentians.com\/es\/\",\"name\":\"Somos Vicencianos\",\"description\":\"Know more to serve more\",\"publisher\":{\"@id\":\"http:\/\/vincentians.com\/es\/#organization\"},\"potentialAction\":[{\"@type\":\"SearchAction\",\"target\":{\"@type\":\"EntryPoint\",\"urlTemplate\":\"http:\/\/vincentians.com\/es\/?s={search_term_string}\"},\"query-input\":{\"@type\":\"PropertyValueSpecification\",\"valueRequired\":true,\"valueName\":\"search_term_string\"}}],\"inLanguage\":\"es\"},{\"@type\":\"Organization\",\"@id\":\"http:\/\/vincentians.com\/es\/#organization\",\"name\":\"The Vincentian Network\",\"url\":\"http:\/\/vincentians.com\/es\/\",\"logo\":{\"@type\":\"ImageObject\",\"inLanguage\":\"es\",\"@id\":\"http:\/\/vincentians.com\/es\/#\/schema\/logo\/image\/\",\"url\":\"https:\/\/i1.wp.com\/vincentians.com\/es\/wp-content\/uploads\/sites\/11\/2016\/06\/Vincentian-Network-logo-big.png?fit=778%2C778\",\"contentUrl\":\"https:\/\/i1.wp.com\/vincentians.com\/es\/wp-content\/uploads\/sites\/11\/2016\/06\/Vincentian-Network-logo-big.png?fit=778%2C778\",\"width\":778,\"height\":778,\"caption\":\"The Vincentian Network\"},\"image\":{\"@id\":\"http:\/\/vincentians.com\/es\/#\/schema\/logo\/image\/\"},\"sameAs\":[\"https:\/\/www.facebook.com\/WeAreVincentians\/\",\"https:\/\/x.com\/WeVincentians\"]},{\"@type\":\"Person\",\"@id\":\"http:\/\/vincentians.com\/es\/#\/schema\/person\/9623ef4d9aa3b2dfb8c061f1499288f2\",\"name\":\"Francisco Javier Fern\u00e1ndez Chento\",\"image\":{\"@type\":\"ImageObject\",\"inLanguage\":\"es\",\"@id\":\"http:\/\/vincentians.com\/es\/#\/schema\/person\/image\/\",\"url\":\"https:\/\/secure.gravatar.com\/avatar\/497d5cde87b4c3d097d0315953521681ba2cd523ee66e5077c3711f7021e65de?s=96&d=mm&r=g\",\"contentUrl\":\"https:\/\/secure.gravatar.com\/avatar\/497d5cde87b4c3d097d0315953521681ba2cd523ee66e5077c3711f7021e65de?s=96&d=mm&r=g\",\"caption\":\"Francisco Javier Fern\u00e1ndez Chento\"},\"description\":\"Director General y cofundador de La Red de Formaci\u00f3n Vicenciana. Javier es laico vicenciano, afiliado a la Congregaci\u00f3n de la Misi\u00f3n y miembro del Equipo de Misiones Populares de la provincia can\u00f3nica de Zaragoza (Espa\u00f1a) de la Congregaci\u00f3n de la Misi\u00f3n. Graduado en la Universidad Oberta de Catalunya con cuatro grados (Asistente de direcci\u00f3n, Gesti\u00f3n Administrativa, Recursos Humanos y Contabilidad Avanzada). Bil\u00edng\u00fce Espa\u00f1ol\/Ingl\u00e9s. gestiona y mantiene varias p\u00e1ginas web cristianas y vicencianas, incluida including La Red de Formaci\u00f3n Vicenciana, de la que es cofundador. Actualmente es responsable del \u00e1rea de Espa\u00f1ol de .famvin, la Red de Noticias de la Familia Vicenciana. Tambi\u00e9n es m\u00fasico cat\u00f3lico y ha editado varios discos. Es Director General y cofundador de Trovador, una reconocida compa\u00f1\u00eda discogr\u00e1fica critiana de Espa\u00f1a. Trabaja en las Tecnolog\u00edas de la Informaci\u00f3n, ofreciendo servicios de alojamiento, dise\u00f1o y mantenimiento Web, as\u00ed como asesoramiento, formaci\u00f3n y soluciones inform\u00e1ticas, gesti\u00f3n documental y digitalizaci\u00f3n de textos, edici\u00f3n y maquetaci\u00f3n de libros, revistas, flyers, etc.\",\"sameAs\":[\"http:\/\/chento.org\",\"https:\/\/www.facebook.com\/JavierChento\",\"https:\/\/x.com\/https:\/\/twitter.com\/javierchento\"],\"url\":\"http:\/\/vincentians.com\/es\/author\/chento\/\"}]}<\/script>\n<!-- \/ Yoast SEO plugin. -->","yoast_head_json":{"title":"Regla comentada de la SSVP (4. Relaciones con la red vicentina y cat\u00f3lica de caridad) - Somos Vicencianos","robots":{"index":"index","follow":"follow","max-snippet":"max-snippet:-1","max-image-preview":"max-image-preview:large","max-video-preview":"max-video-preview:-1"},"canonical":"http:\/\/vincentians.com\/es\/regla-comentada-de-la-ssvp-4-relaciones-con-la-red-vicentina-y-catolica-de-caridad\/","og_locale":"es_ES","og_type":"article","og_title":"Regla comentada de la SSVP (4. Relaciones con la red vicentina y cat\u00f3lica de caridad) - Somos Vicencianos","og_description":"4. Relaciones con la red vicentina y cat\u00f3lica de caridad 4.1 Hermanamientos Las Conferencias y Consejos se ayudan entre si, tanto en el interior de los pa\u00edses, como con las del resto del mundo siendo ... Read More","og_url":"http:\/\/vincentians.com\/es\/regla-comentada-de-la-ssvp-4-relaciones-con-la-red-vicentina-y-catolica-de-caridad\/","og_site_name":"Somos Vicencianos","article_publisher":"https:\/\/www.facebook.com\/WeAreVincentians\/","article_author":"https:\/\/www.facebook.com\/JavierChento","article_published_time":"2015-02-05T02:57:27+00:00","author":"Francisco Javier Fern\u00e1ndez Chento","twitter_card":"summary_large_image","twitter_creator":"@https:\/\/twitter.com\/javierchento","twitter_site":"@WeVincentians","twitter_misc":{"Escrito por":"Francisco Javier Fern\u00e1ndez Chento","Tiempo de lectura":"6 minutos"},"schema":{"@context":"https:\/\/schema.org","@graph":[{"@type":"Article","@id":"http:\/\/vincentians.com\/es\/regla-comentada-de-la-ssvp-4-relaciones-con-la-red-vicentina-y-catolica-de-caridad\/#article","isPartOf":{"@id":"http:\/\/vincentians.com\/es\/regla-comentada-de-la-ssvp-4-relaciones-con-la-red-vicentina-y-catolica-de-caridad\/"},"author":{"name":"Francisco Javier Fern\u00e1ndez Chento","@id":"http:\/\/vincentians.com\/es\/#\/schema\/person\/9623ef4d9aa3b2dfb8c061f1499288f2"},"headline":"Regla comentada de la SSVP (4. Relaciones con la red vicentina y cat\u00f3lica de caridad)","datePublished":"2015-02-05T02:57:27+00:00","mainEntityOfPage":{"@id":"http:\/\/vincentians.com\/es\/regla-comentada-de-la-ssvp-4-relaciones-con-la-red-vicentina-y-catolica-de-caridad\/"},"wordCount":1183,"commentCount":0,"publisher":{"@id":"http:\/\/vincentians.com\/es\/#organization"},"image":{"@id":"http:\/\/vincentians.com\/es\/regla-comentada-de-la-ssvp-4-relaciones-con-la-red-vicentina-y-catolica-de-caridad\/#primaryimage"},"thumbnailUrl":"","keywords":["Misioneros Seglares","Pobreza"],"articleSection":["Documentos de la Sociedad de San Vicente de Pa\u00fal"],"inLanguage":"es","potentialAction":[{"@type":"CommentAction","name":"Comment","target":["http:\/\/vincentians.com\/es\/regla-comentada-de-la-ssvp-4-relaciones-con-la-red-vicentina-y-catolica-de-caridad\/#respond"]}]},{"@type":"WebPage","@id":"http:\/\/vincentians.com\/es\/regla-comentada-de-la-ssvp-4-relaciones-con-la-red-vicentina-y-catolica-de-caridad\/","url":"http:\/\/vincentians.com\/es\/regla-comentada-de-la-ssvp-4-relaciones-con-la-red-vicentina-y-catolica-de-caridad\/","name":"Regla comentada de la SSVP (4. Relaciones con la red vicentina y cat\u00f3lica de caridad) - Somos Vicencianos","isPartOf":{"@id":"http:\/\/vincentians.com\/es\/#website"},"primaryImageOfPage":{"@id":"http:\/\/vincentians.com\/es\/regla-comentada-de-la-ssvp-4-relaciones-con-la-red-vicentina-y-catolica-de-caridad\/#primaryimage"},"image":{"@id":"http:\/\/vincentians.com\/es\/regla-comentada-de-la-ssvp-4-relaciones-con-la-red-vicentina-y-catolica-de-caridad\/#primaryimage"},"thumbnailUrl":"","datePublished":"2015-02-05T02:57:27+00:00","breadcrumb":{"@id":"http:\/\/vincentians.com\/es\/regla-comentada-de-la-ssvp-4-relaciones-con-la-red-vicentina-y-catolica-de-caridad\/#breadcrumb"},"inLanguage":"es","potentialAction":[{"@type":"ReadAction","target":["http:\/\/vincentians.com\/es\/regla-comentada-de-la-ssvp-4-relaciones-con-la-red-vicentina-y-catolica-de-caridad\/"]}]},{"@type":"ImageObject","inLanguage":"es","@id":"http:\/\/vincentians.com\/es\/regla-comentada-de-la-ssvp-4-relaciones-con-la-red-vicentina-y-catolica-de-caridad\/#primaryimage","url":"","contentUrl":""},{"@type":"BreadcrumbList","@id":"http:\/\/vincentians.com\/es\/regla-comentada-de-la-ssvp-4-relaciones-con-la-red-vicentina-y-catolica-de-caridad\/#breadcrumb","itemListElement":[{"@type":"ListItem","position":1,"name":"Portada","item":"http:\/\/vincentians.com\/es\/"},{"@type":"ListItem","position":2,"name":"Regla comentada de la SSVP (4. Relaciones con la red vicentina y cat\u00f3lica de caridad)"}]},{"@type":"WebSite","@id":"http:\/\/vincentians.com\/es\/#website","url":"http:\/\/vincentians.com\/es\/","name":"Somos Vicencianos","description":"Know more to serve more","publisher":{"@id":"http:\/\/vincentians.com\/es\/#organization"},"potentialAction":[{"@type":"SearchAction","target":{"@type":"EntryPoint","urlTemplate":"http:\/\/vincentians.com\/es\/?s={search_term_string}"},"query-input":{"@type":"PropertyValueSpecification","valueRequired":true,"valueName":"search_term_string"}}],"inLanguage":"es"},{"@type":"Organization","@id":"http:\/\/vincentians.com\/es\/#organization","name":"The Vincentian Network","url":"http:\/\/vincentians.com\/es\/","logo":{"@type":"ImageObject","inLanguage":"es","@id":"http:\/\/vincentians.com\/es\/#\/schema\/logo\/image\/","url":"https:\/\/i1.wp.com\/vincentians.com\/es\/wp-content\/uploads\/sites\/11\/2016\/06\/Vincentian-Network-logo-big.png?fit=778%2C778","contentUrl":"https:\/\/i1.wp.com\/vincentians.com\/es\/wp-content\/uploads\/sites\/11\/2016\/06\/Vincentian-Network-logo-big.png?fit=778%2C778","width":778,"height":778,"caption":"The Vincentian Network"},"image":{"@id":"http:\/\/vincentians.com\/es\/#\/schema\/logo\/image\/"},"sameAs":["https:\/\/www.facebook.com\/WeAreVincentians\/","https:\/\/x.com\/WeVincentians"]},{"@type":"Person","@id":"http:\/\/vincentians.com\/es\/#\/schema\/person\/9623ef4d9aa3b2dfb8c061f1499288f2","name":"Francisco Javier Fern\u00e1ndez Chento","image":{"@type":"ImageObject","inLanguage":"es","@id":"http:\/\/vincentians.com\/es\/#\/schema\/person\/image\/","url":"https:\/\/secure.gravatar.com\/avatar\/497d5cde87b4c3d097d0315953521681ba2cd523ee66e5077c3711f7021e65de?s=96&d=mm&r=g","contentUrl":"https:\/\/secure.gravatar.com\/avatar\/497d5cde87b4c3d097d0315953521681ba2cd523ee66e5077c3711f7021e65de?s=96&d=mm&r=g","caption":"Francisco Javier Fern\u00e1ndez Chento"},"description":"Director General y cofundador de La Red de Formaci\u00f3n Vicenciana. Javier es laico vicenciano, afiliado a la Congregaci\u00f3n de la Misi\u00f3n y miembro del Equipo de Misiones Populares de la provincia can\u00f3nica de Zaragoza (Espa\u00f1a) de la Congregaci\u00f3n de la Misi\u00f3n. Graduado en la Universidad Oberta de Catalunya con cuatro grados (Asistente de direcci\u00f3n, Gesti\u00f3n Administrativa, Recursos Humanos y Contabilidad Avanzada). Bil\u00edng\u00fce Espa\u00f1ol\/Ingl\u00e9s. gestiona y mantiene varias p\u00e1ginas web cristianas y vicencianas, incluida including La Red de Formaci\u00f3n Vicenciana, de la que es cofundador. Actualmente es responsable del \u00e1rea de Espa\u00f1ol de .famvin, la Red de Noticias de la Familia Vicenciana. Tambi\u00e9n es m\u00fasico cat\u00f3lico y ha editado varios discos. Es Director General y cofundador de Trovador, una reconocida compa\u00f1\u00eda discogr\u00e1fica critiana de Espa\u00f1a. Trabaja en las Tecnolog\u00edas de la Informaci\u00f3n, ofreciendo servicios de alojamiento, dise\u00f1o y mantenimiento Web, as\u00ed como asesoramiento, formaci\u00f3n y soluciones inform\u00e1ticas, gesti\u00f3n documental y digitalizaci\u00f3n de textos, edici\u00f3n y maquetaci\u00f3n de libros, revistas, flyers, etc.","sameAs":["http:\/\/chento.org","https:\/\/www.facebook.com\/JavierChento","https:\/\/x.com\/https:\/\/twitter.com\/javierchento"],"url":"http:\/\/vincentians.com\/es\/author\/chento\/"}]}},"jetpack_publicize_connections":[],"jetpack_featured_media_url":"","jetpack_sharing_enabled":true,"jetpack_shortlink":"https:\/\/wp.me\/p7ETMF-diU","jetpack-related-posts":[{"id":134512,"url":"http:\/\/vincentians.com\/es\/dos-papas-santos-simpatizantes-del-carisma-vicentino\/","url_meta":{"origin":51144,"position":0},"title":"Dos papas santos simpatizantes del carisma vicentino","author":"Francisco Javier Fern\u00e1ndez Chento","date":"31\/12\/2014","format":false,"excerpt":"El Papa Francisco canoniz\u00f3 a los papas Juan XXIII (1881\u20131963) y Juan Pablo II (1929\u20132005) el 27 de abril de 2014 en Roma, en el contexto del 50 aniversario de la apertura del Concilio Vaticano II convocado por el papa Roncalli, convirti\u00e9ndose as\u00ed en los otros pont\u00edfices proclamados santos en\u2026","rel":"","context":"En \u00abFormaci\u00f3n Vicenciana\u00bb","block_context":{"text":"Formaci\u00f3n Vicenciana","link":"http:\/\/vincentians.com\/es\/category\/formacion-vicenciana\/"},"img":{"alt_text":"juan23_y_juanpablo2","src":"https:\/\/i0.wp.com\/vicencianos.org\/wp-content\/2014\/12\/juan23_y_juanpablo2.jpg?resize=350%2C200","width":350,"height":200},"classes":[]},{"id":145196,"url":"http:\/\/vincentians.com\/es\/la-mision-de-la-sociedad-de-san-vicente-de-paul\/","url_meta":{"origin":51144,"position":1},"title":"La Misi\u00f3n de la Sociedad de San Vicente de Pa\u00fal","author":"Francisco Javier Fern\u00e1ndez Chento","date":"18\/05\/2015","format":false,"excerpt":"De acuerdo al concepto de Misi\u00f3n de cualquier instituci\u00f3n, \u00e9sta se puede definir como el motivo, pro\u00adp\u00f3sito, fin o raz\u00f3n de ser de la exis\u00adtencia de una organizaci\u00f3n. A este respecto, es importante conocer que el Consejo General In\u00adternacional de la Sociedad de San Vicente de Pa\u00fal, con el objetivo\u2026","rel":"","context":"En \u00abSociedad de San Vicente de Pa\u00fal\u00bb","block_context":{"text":"Sociedad de San Vicente de Pa\u00fal","link":"http:\/\/vincentians.com\/es\/category\/la-familia-vicenciana\/ramas\/sociedad-de-san-vicente-de-paul\/"},"img":{"alt_text":"ssvp","src":"https:\/\/i0.wp.com\/vicencianos.org\/wp-content\/2013\/12\/ssvp-300x281.jpg?resize=350%2C200","width":350,"height":200},"classes":[]},{"id":127193,"url":"http:\/\/vincentians.com\/es\/federico-ozanam-1813-1853-y-las-conferencias-de-san-vicente-de-paul\/","url_meta":{"origin":51144,"position":2},"title":"Federico Ozanam (1813-1853) y las Conferencias de san Vicente de Pa\u00fal","author":"Francisco Javier Fern\u00e1ndez Chento","date":"16\/01\/2015","format":false,"excerpt":"Inicio esta ponencia acerca de Federico Ozanam y las Conferencias de San Vicente de Pa\u00fal agradeciendo la invitaci\u00f3n de la comisi\u00f3n encargada de esta vig\u00e9simo quinta Semana Vicentina en la persona del P. Chuno. Obviamente, como vicentino nos vemos comprometidos en el estudio de la vida de nuestros santos y\u2026","rel":"","context":"En \u00abFederico Ozanam\u00bb","block_context":{"text":"Federico Ozanam","link":"http:\/\/vincentians.com\/es\/category\/la-familia-vicenciana\/fundadores\/federico-ozanam\/"},"img":{"alt_text":"","src":"https:\/\/i0.wp.com\/vincentians.com\/es\/wp-content\/uploads\/sites\/11\/2016\/07\/young-ozanam.jpg?fit=1200%2C630&resize=350%2C200","width":350,"height":200,"srcset":"https:\/\/i0.wp.com\/vincentians.com\/es\/wp-content\/uploads\/sites\/11\/2016\/07\/young-ozanam.jpg?fit=1200%2C630&resize=350%2C200 1x, https:\/\/i0.wp.com\/vincentians.com\/es\/wp-content\/uploads\/sites\/11\/2016\/07\/young-ozanam.jpg?fit=1200%2C630&resize=525%2C300 1.5x, https:\/\/i0.wp.com\/vincentians.com\/es\/wp-content\/uploads\/sites\/11\/2016\/07\/young-ozanam.jpg?fit=1200%2C630&resize=700%2C400 2x, https:\/\/i0.wp.com\/vincentians.com\/es\/wp-content\/uploads\/sites\/11\/2016\/07\/young-ozanam.jpg?fit=1200%2C630&resize=1050%2C600 3x"},"classes":[]},{"id":137107,"url":"http:\/\/vincentians.com\/es\/estatutos-de-aic-en-colombia\/","url_meta":{"origin":51144,"position":3},"title":"Estatutos de AIC en Colombia","author":"Francisco Javier Fern\u00e1ndez Chento","date":"01\/02\/2015","format":false,"excerpt":"CAPITULO I: NOMBRE, NATURALEZA, OBJETO, PATRIMONIO, DURACI\u00d3N Y DOMICILIO Art\u00edculo 1: NOMBRE. Organismo Nacional de Asociaciones Voluntarias Vicentinas de la Caridad que en adelante llevar\u00e1 el nombre de: FEDERACI\u00d3N NACIONAL DE VOLUNTARIADOS VICENTINOS DE LA CARIDAD A.I.C. COLOMBIA, se regir\u00e1 por estos estatutos y en lo no dispuesto en \u00e9l,\u2026","rel":"","context":"En \u00abDocumentos de Asociaci\u00f3n Internacional de Caridades\u00bb","block_context":{"text":"Documentos de Asociaci\u00f3n Internacional de Caridades","link":"http:\/\/vincentians.com\/es\/category\/formacion-vicenciana\/documentos-oficiales-de-la-familia-vicenciana\/documentos-de-asociacion-internacional-de-caridades\/"},"img":{"alt_text":"aic_colombia","src":"https:\/\/i0.wp.com\/vicencianos.org\/wp-content\/2014\/12\/aic_colombia-300x300.jpg?resize=350%2C200","width":350,"height":200},"classes":[]},{"id":51141,"url":"http:\/\/vincentians.com\/es\/regla-comentada-de-la-ssvp-3-miembros-conferencias-y-consejos-comunidades-de-fe-y-amor\/","url_meta":{"origin":51144,"position":4},"title":"Regla comentada de la SSVP (3. Miembros, Conferencias y Consejos \u2013 Comunidades de fe y amor)","author":"Francisco Javier Fern\u00e1ndez Chento","date":"04\/02\/2015","format":false,"excerpt":"3. Miembros, Conferencias y Consejos \u2013 Comunidades de fe y amor 3.1 Miembros La Sociedad est\u00e1 abierta a todas aquellas personas que bus\u00adquen vivir su fe amando y dedic\u00e1ndose a sus pr\u00f3jimos ne\u00adcesitados. (Ver Art\u00edculo 6.4 de la Regla). Comentario.- Abiertos a todos. No aspiramos a ser grupos cerrados y\u2026","rel":"","context":"En \u00abDocumentos de la Sociedad de San Vicente de Pa\u00fal\u00bb","block_context":{"text":"Documentos de la Sociedad de San Vicente de Pa\u00fal","link":"http:\/\/vincentians.com\/es\/category\/formacion-vicenciana\/documentos-oficiales-de-la-familia-vicenciana\/documentos-de-la-sociedad-de-san-vicente-de-paul\/"},"img":{"alt_text":"","src":"https:\/\/i0.wp.com\/vicencianos.org\/wp-content\/2011\/10\/regla_ssvp_comentada-158x300.jpg?resize=350%2C200","width":350,"height":200},"classes":[]},{"id":137106,"url":"http:\/\/vincentians.com\/es\/estatutos-de-misevi-en-colombia-2\/","url_meta":{"origin":51144,"position":5},"title":"Estatutos de Fundaci\u00f3n Vicentina Luisa de Marillac en Colombia","author":"Francisco Javier Fern\u00e1ndez Chento","date":"31\/01\/2015","format":false,"excerpt":"Introducci\u00f3n hist\u00f3rica La historia providencial de la Fundaci\u00f3n Vicentina Luisa de Marillac se inicia en la cuna del carisma vicentino, Francia, con la afiliaci\u00f3n de la conocida en ese momento como \u201cobra de la venerable Luisa de Marillac\u201d a la familia de las Damas de la Caridad. Este hecho fundacional\u2026","rel":"","context":"En \u00abDocumentos de otras Ramas e Instituciones vicencianas\u00bb","block_context":{"text":"Documentos de otras Ramas e Instituciones vicencianas","link":"http:\/\/vincentians.com\/es\/category\/formacion-vicenciana\/documentos-oficiales-de-la-familia-vicenciana\/documentos-de-otras-ramas-e-instituciones-vicencianas\/"},"img":{"alt_text":"fvlm","src":"https:\/\/i0.wp.com\/vicencianos.org\/wp-content\/2014\/12\/fvlm-300x300.jpg?resize=350%2C200","width":350,"height":200},"classes":[]}],"_links":{"self":[{"href":"http:\/\/vincentians.com\/es\/wp-json\/wp\/v2\/posts\/51144","targetHints":{"allow":["GET"]}}],"collection":[{"href":"http:\/\/vincentians.com\/es\/wp-json\/wp\/v2\/posts"}],"about":[{"href":"http:\/\/vincentians.com\/es\/wp-json\/wp\/v2\/types\/post"}],"author":[{"embeddable":true,"href":"http:\/\/vincentians.com\/es\/wp-json\/wp\/v2\/users\/4"}],"replies":[{"embeddable":true,"href":"http:\/\/vincentians.com\/es\/wp-json\/wp\/v2\/comments?post=51144"}],"version-history":[{"count":0,"href":"http:\/\/vincentians.com\/es\/wp-json\/wp\/v2\/posts\/51144\/revisions"}],"wp:featuredmedia":[{"embeddable":true,"href":"http:\/\/vincentians.com\/es\/wp-json\/"}],"wp:attachment":[{"href":"http:\/\/vincentians.com\/es\/wp-json\/wp\/v2\/media?parent=51144"}],"wp:term":[{"taxonomy":"category","embeddable":true,"href":"http:\/\/vincentians.com\/es\/wp-json\/wp\/v2\/categories?post=51144"},{"taxonomy":"post_tag","embeddable":true,"href":"http:\/\/vincentians.com\/es\/wp-json\/wp\/v2\/tags?post=51144"}],"curies":[{"name":"wp","href":"https:\/\/api.w.org\/{rel}","templated":true}]}}