{"id":51141,"date":"2015-02-04T03:37:27","date_gmt":"2015-02-04T02:37:27","guid":{"rendered":"http:\/\/somos.vicencianos.org\/blog\/2011\/10\/regla-comentada-de-la-sociedad-de-san-vicente-de-paul-3-miembros-conferencias-y-consejos-%e2%80%93-comunidades-de-fe-y-amor\/"},"modified":"2015-02-04T03:37:27","modified_gmt":"2015-02-04T02:37:27","slug":"regla-comentada-de-la-ssvp-3-miembros-conferencias-y-consejos-comunidades-de-fe-y-amor","status":"publish","type":"post","link":"http:\/\/vincentians.com\/es\/regla-comentada-de-la-ssvp-3-miembros-conferencias-y-consejos-comunidades-de-fe-y-amor\/","title":{"rendered":"Regla comentada de la SSVP (3. Miembros, Conferencias y Consejos \u2013 Comunidades de fe y amor)"},"content":{"rendered":"<h2><strong><strong>3. Miembros, Conferencias y Consejos \u2013 Comunidades de fe y amor<\/strong><\/strong><\/h2>\n<h3><a><img data-recalc-dims=\"1\" loading=\"lazy\" decoding=\"async\" class=\"alignright size-medium wp-image-51123\" title=\"regla_ssvp_comentada\" src=\"https:\/\/i0.wp.com\/vicencianos.org\/wp-content\/2011\/10\/regla_ssvp_comentada-158x300.jpg?resize=158%2C300\" alt=\"\" width=\"158\" height=\"300\" \/><\/a><strong>3.1 Miembros<\/strong><\/h3>\n<p>La Sociedad est\u00e1 abierta a todas aquellas personas que bus\u00adquen vivir su fe amando y dedic\u00e1ndose a sus pr\u00f3jimos ne\u00adcesitados. (Ver Art\u00edculo 6.4 de la Regla).<\/p>\n<p style=\"padding-left: 30px\"><em>Comentario.- Abiertos a todos. No aspiramos a ser grupos cerrados y aislados. Todo lo contrario: solo el crecimiento nos indica que estamos realmente dando testimonio y un testimonio que enamora. La falta de crecimiento, debe ser observada, siempre, como indicadora de que algo no va <\/em><em>bien en el interior de la Conferencia. Puede ser el s\u00edntoma de que estamos dormidos. Que ya no conectamos con las necesidades que la sociedad a la que servimos detecta como fundamentales.<\/em>[\u00ab&#8230;vayamos siempre adelante y des\u00adarrollando nuestras modestas Obras; que cada a\u00f1o vea des\u00adpuntar en nosotros una idea, una mejora nueva, y preveng\u00e1monos de este modo contra la apat\u00eda, que se con\u00adtenta f\u00e1cilmente con lo ya hecho\u00bb (Introducci\u00f3n al Manual S.S.V.P. 1.845)]\n<h3><strong>3.2 Igualdad<\/strong><\/h3>\n<p>La Sociedad, en cada una de sus Conferencias, (unidad b\u00e1\u00adsica y primaria de la Sociedad de San Vicente de Pa\u00fal), no hace distinci\u00f3n alguna respecto al sexo, condici\u00f3n, ocupa\u00adci\u00f3n, clase social u origen \u00e9tnico.<\/p>\n<p style=\"padding-left: 30px\"><em>Comentario.- \u00bfHace el Se\u00f1or distinciones?. Nosotros as\u00adpiramos a no hacerlas tampoco. Es igual el \u00abgentil como el jud\u00edo\u00bb. Los hombres y las mujeres, los letrados y los ile\u00adtrados, los blancos y los negros, todos son iguales en las Conferencias, mientras pretendan servir a Dios entreg\u00e1n\u00addose a los pobres en la comunidad de la Conferencia. [\u00ab&#8230; .para todos aquellos que desean el bien es agradable y en\u00adcantador ver a hombres de todas las clases sociales, posi\u00adciones, opiniones y edades unidos por los sagrados v\u00ednculos de la fe, hacer el aprendizaje de la caridad&#8230;.\u00bb (Introducci\u00f3n al Manual S.S.V.P. de 1.845)]<\/em><\/p>\n<h3><strong>3.3 Reuniones de los consocios Vicentinos<\/strong><\/h3>\n<p>Los Vicentinos se re\u00fanen como hermanos y hermanas en presencia de Cristo, en Conferencias que son comunidades reales de fe y amor, de oraci\u00f3n y acci\u00f3n. Es esencial que haya un v\u00ednculo espiritual y de amistad entre los consocios Vicentinos as\u00ed como una misi\u00f3n com\u00fan, que desarrollan juntos para ayudar a los pobres y a los marginados. Hay que considerar que toda la Sociedad es una Comunidad \u00fanica y verdadera, de amigos vicentinos que se extiende por todo el mundo.<\/p>\n<p style=\"padding-left: 30px\"><em>Comentario.- Se recomienda aqu\u00ed releer el comentario al art\u00edculo 2.2. Nada es posible sin el amor de los consocios de unos para con otros. Primero en la propia Conferencia mas tarde, sinti\u00e9ndose miembros de una \u00fanica macro Con\u00adferencia que se extiende por el mundo. [\u00ab&#8230;el d\u00eda de la reuni\u00f3n era una fiesta, porque reun\u00eda a quienes durante la semana viv\u00edan separados.\u00bb (Introducci\u00f3n al Manual S.S.V.P. 1.845) \u00abCumpliendo con fidelidad los consejos de nuestro Divino Maestro y de su ap\u00f3stol favorito, nos ama\u00adremos unos a otros. Nos amaremos ahora y siempre, de cerca y de lejos, de una Conferencia a otra Conferencia, de una poblaci\u00f3n a otra poblaci\u00f3n, de un pa\u00eds a otro pa\u00eds. Esta amistad nos har\u00e1 soportar con facilidad rec\u00edproca\u00admente nuestros defectos, y no creeremos las malas accio\u00adnes de nuestros hermanos sino con harta pena y cuando no podamos menos de ceder a la evidencia. En tal caso, conform\u00e1ndonos con la voluntad de Aquel que encarg\u00f3 a cada uno la custodia de su pr\u00f3jimo, \u00abunicuique mandavit <\/em><em>Deus de proximo suo\u00bb, amonestaremos o haremos que se amoneste a nuestro hermano vacilante o ca\u00eddo, con esp\u00ed\u00adritu de caridad; y con toda la benignidad y efusi\u00f3n de una amistad sincera, le ayudaremos a fortificarse en el bien o a levantarse de su ca\u00edda.\u00bb Consideraciones Preliminares al Reglamento S.S.V.P. 1.835)]<\/em><\/p>\n<p style=\"padding-left: 30px\"><em>Presencia de Cristo. Cristo est\u00e1 entre nosotros cuando nos reunimos \u00aben su nombre\u00bb. Compartimos el esp\u00edritu y el coraz\u00f3n de Cristo, cuando el amor est\u00e1 presente y la Con\u00adferencia est\u00e1 abierta a todos los regalos del Esp\u00edritu Santo (ver art\u00edculo 2.5). Los consocios, vivieron esa experiencia en la primera Conferencia y Federico Ozanam escribi\u00f3: \u00bb Dios que dibuj\u00f3 las nubes para producir los rel\u00e1mpagos, tambi\u00e9n hizo las almas para irradiar amor\u00bb, Todos juntos, lograremos una mayor intensidad de amor, m\u00e1s all\u00e1 de la que podr\u00edamos alcanzar cada consocio por separado.<\/em><\/p>\n<p><strong>3.3.1 Regularidad de las reuniones<\/strong><\/p>\n<p>Las Conferencias, se re\u00fanen con regularidad normalmente cada semana, pero al menos cada quince d\u00edas.<\/p>\n<p style=\"padding-left: 30px\"><em>Comentario.- Los amigos desean verse con frecuencia, los pobres nos necesitan con urgencia. Dice el art\u00edculo que comentamos, que al menos nos reunimos cada quince d\u00edas. Afirmamos y la Tradici\u00f3n lo avala que, donde sea posible, lo mejor es la semana como tiempo m\u00e1ximo para vernos y hablar de nuestras cosas: de las cosas de los pobres, por lo tanto: de las cosas de Dios.[\u00abLas virtudes aisladas se marchitan f\u00e1cilmente; unidas y enlazadas forman inmor<\/em><em>tales coronas\u00bb (Beato Federico Ozanam carta desde la Conferencia de Ly\u00f3n a las de Par\u00eds, 1.838)]<\/em><\/p>\n<h3><strong>3.4 Fraternidad y sencillez<\/strong><\/h3>\n<p>Las reuniones se celebran en un esp\u00edritu de fraternidad, sencillez y alegr\u00eda cristiana.<\/p>\n<p style=\"padding-left: 30px\"><em>Comentario.- Releer los comentarios a los art\u00edculos 2.5 y 2.5.1 \u00bfc\u00f3mo puede ser de otra forma? Todo se nos ha re\u00adgalado. Nada es nuestro: la sencillez se impone. [\u00abNuestra benevolencia mutua ha de ser cordial y sin l\u00edmites\u00bb (Con\u00adsideraciones Preliminares al Reglamento S.S.V.P.1.835) \u00abTener amigos, es vivir dos veces\u00bb (F,Lallier, circular 1\/3\/1837)]<\/em><\/p>\n<h3><strong>3.5 Preservando el esp\u00edritu<\/strong><\/h3>\n<p>Los miembros de todas las edades se esfuerzan por preser\u00advar el esp\u00edritu de juventud, que se caracteriza por el entu\u00adsiasmo y por la adaptaci\u00f3n e imaginaci\u00f3n creativa. Desean sacrificarse y arriesgarse en beneficio de los pobres all\u00ed donde se encuentren: compartiendo sus incomodidades, sus carencias y sus penas. Defendiendo sus derechos.<\/p>\n<p style=\"padding-left: 30px\"><em>Comentario.- Ya hemos escrito en otro lugar de la necesi\u00addad de so\u00f1ar. La juventud es la etapa de la capacidad de \u00abso\u00f1ar despiertos\u00bb. Seamos j\u00f3venes y no perdamos la ca\u00adpacidad de sorprendernos de intentar descubrir nuevos caminos en el servicio que requieren los pobres. Con se<\/em><em>riedad. El sufrimiento no es algo que podamos aceptar sin m\u00e1s. Sin intentar erradicarlo. Siempre con caridad, pero sin olvidar la claridad.<\/em><\/p>\n<p style=\"padding-left: 30px\"><em>El hombre solo se hace viejo, cuando pierde la capacidad de ense\u00f1ar o de aprender. No nos hagamos viejos en el servicio a los pobres. (ver tambi\u00e9n art\u00edculos 1.9 \u2013 2.2 \u2013 2.3)<\/em><\/p>\n<h3><strong>3.6 Consejos<\/strong><\/h3>\n<p>Las Conferencias se agrupan bajo diferentes niveles de Consejos.<\/p>\n<p>Los Consejos existen para servir a todas las Conferencias que coordinan. Ayudan a las Conferencias a desarrollar su vida espiritual, a intensificar su servicio y a diversificar sus actividades a fin de que puedan estar constantemente pendientes de las necesidades de los que sufren.<\/p>\n<p>Los Consejos, a cualquier nivel, est\u00e1n especialmente lla\u00admados a: crear nuevas Conferencias, ayudar a la expansi\u00f3n de las existentes, a fomentar obras especiales, a preparar y alentar a los Vicentinos a su asistencia a cursos de for\u00admaci\u00f3n, a destacar el inter\u00e9s de la colaboraci\u00f3n con la Fa\u00admilia Vicenciana, a impulsar la colaboraci\u00f3n con otras Instituciones, a desarrollar la amistad entre los Vicentinos de una misma zona, a proporcionar una comunicaci\u00f3n en ambos sentidos entre Conferencias y Consejos inmediatos superiores. En definitiva, a impulsar el sentido de perte\u00adnencia a una Sociedad que se extiende por el mundo.<\/p>\n<p style=\"padding-left: 30px\"><em>Comentario.- Los Consejos, tienen enorme importancia en cuanto a intensificar la vida y el desarrollo de las Confe\u00adrencias. L\u00e9ase cuidadosamente este art\u00edculo. Existen para servir y el servicio requerido, est\u00e1 perfectamente explici\u00adtado en el art\u00edculo. Sean exigentes los Consejos en cumplir con su cometido y valoren las Conferencias el esfuerzo de servicio de los Consejos. [\u00ab&#8230;.si hay un Consejo a su ser\u00advicio, es porque la mayor confianza reina entre nosotros y ninguno quiere dominar a los dem\u00e1s. Cor unum et anima una\u00bb (Introducci\u00f3n al Manual S.S.V.P. 1.845)]<\/em><\/p>\n<h3><strong>3.7 J\u00f3venes miembros<\/strong><\/h3>\n<p>Los vicentinos m\u00e1s j\u00f3venes, mantienen a la Sociedad tam\u00adbi\u00e9n joven. Ven con ojos nuevos y a menudo m\u00e1s all\u00e1 de las apariencias. La Sociedad, trabaja constantemente para formar Conferencias de J\u00f3venes y dar la bienvenida a estos miembros a todas sus Conferencias. La experiencia de una comunidad de fe y amor y su entrega a la pobreza, ayuda a que profundicen en su espiritualidad y les anima a actuar y a desarrollarse como personas. Los consocios m\u00e1s anti\u00adguos, asumen la responsabilidad de ayudarles en su ca\u00admino de formaci\u00f3n, desde el respeto a sus opciones personales y a sus aspiraciones de servicio vicentino.<\/p>\n<p style=\"padding-left: 30px\"><em>Comentario.- Que gran misi\u00f3n para los m\u00e1s veteranos: \u00a1servir a los m\u00e1s j\u00f3venes miembros!. No se trata de diri\u00adgirles. No se trata de mandarles. Se trata de servirles, de serles \u00fatiles en el camino que est\u00e1n emprendiendo \u2013su pro\u00adpia vida- y que deben ir descubriendo con el apoyo, el ejemplo, la humildad de los consocios m\u00e1s mayores. Igual <\/em><em>que en nuestra fundaci\u00f3n. Bailly, primer Presidente Ge\u00adneral, estuvo cerca de los j\u00f3venes consocios que desearon y so\u00f1aron con la fundaci\u00f3n de las Conferencias. Fue su ejemplo, su bien hacer, lo que convenci\u00f3 a los estudiantes que se unieron en la primera Conferencia. Hagamos nos\u00adotros lo mismo. Estemos a su disposici\u00f3n. Aclarando nues\u00adtra opini\u00f3n respecto a sus dudas y sus aspiraciones. Dej\u00e1ndoles luego a ellos que encuentren su propio ca\u00admino.<\/em><\/p>\n<h3><strong>3.8 Agregaci\u00f3n e Instituci\u00f3n de Conferencias y Conse\u00adjos<\/strong><\/h3>\n<p>El v\u00ednculo visible de la unidad de la Sociedad, es la Agre\u00adgaci\u00f3n de las Conferencias y la Instituci\u00f3n de los Consejos, pronunciada por el Consejo General.<\/p>\n<p style=\"padding-left: 30px\"><em>Comentario.- Somos una \u00abcomunidad cristiana que se ex\u00adtiende por el mundo, dice nuestro primer art\u00edculo de la Regla. La uni\u00f3n a esa fraternidad universal que es la So\u00adciedad de San Vicente, se llama Agregaci\u00f3n para las Con\u00adferencia e Instituci\u00f3n para los Consejos.<\/em><\/p>\n<h3><strong>3.9 Subsidiariedad y libertad de acci\u00f3n<\/strong><\/h3>\n<p>La Sociedad asume el principio de subsidiariedad como regla b\u00e1sica para su funcionamiento. Las decisiones se toman lo m\u00e1s cerca posible del punto de acci\u00f3n, con el fin de asegurar que el entorno local y las circunstancias (cul\u00adturales, sociales, pol\u00edticas, etc), son consideradas. As\u00ed, la Sociedad promueve iniciativas locales dentro de su esp\u00ed\u00adritu. Esta libertad de acci\u00f3n de las Conferencias y de los Consejos, que ha sido guardada fielmente desde los or\u00edge\u00adnes de la Sociedad, les permite ayudar a los pobres, espon\u00adt\u00e1nea y m\u00e1s efectivamente, al estar liberados de una burocracia excesiva.<\/p>\n<p>Al ejercer esta libertad de acci\u00f3n para enfrentarse al reto de la pobreza en su \u00e1rea, los Vicentinos sienten la necesi\u00addad de la oraci\u00f3n conjunta que les guiar\u00e1 y les dar\u00e1 la fuerza para poseer la imaginaci\u00f3n creativa que es uno de los regalos prometidos por el Esp\u00edritu Santo: <strong><em>\u00abVuestros ancianos so\u00f1ar\u00e1n sue\u00f1os, vuestros j\u00f3venes ver\u00e1n visio\u00adnes.\u00bb <\/em><\/strong>(Joel 2-28)<\/p>\n<p style=\"padding-left: 30px\"><em>Comentario.- Claro que se hace necesaria una cierta au\u00adtoridad, unas ciertas normas de funcionamiento para una Instituci\u00f3n que se extiende por el mundo. Pero mucho m\u00e1s importante es el principio de subsidiariedad del que gozan las Conferencias desde su nacimiento. \u00bfD\u00f3nde se conocen las necesidades de los que sufren?: evidentemente en la cercan\u00eda. En la proximidad. Por ello, las Conferencias, cada una de ellas, tiene completa libertad para servirles como mejor entienda dentro del esp\u00edritu de la Regla. Pero ello no significa que las Conferencias y los Consejos son aut\u00f3nomos en todos los aspectos. Las Conferencias y Con\u00adsejos deben respetar las leyes civiles, deben aceptar y se\u00adguir la Regla y Estatutos de la Sociedad, respetar las directivas y estrategias del Consejo Superior. Tambi\u00e9n es esencial para el buen nombre y la transparencia de la So\u00adciedad, que los Consejos Superiores exijan la producci\u00f3n de una simple pero buena contabilidad y control, inclu\u00adyendo si fuese necesario, cuentas bancarias centralizadas <\/em><em>y consolidaci\u00f3n para el conjunto de la Sociedad.<\/em><\/p>\n<h3><strong>3.10 Democracia<\/strong><\/h3>\n<p>Todas las decisiones, se toman por consenso despu\u00e9s de la necesaria oraci\u00f3n, reflexi\u00f3n y consulta. El esp\u00edritu demo\u00adcr\u00e1tico informa a la Sociedad en todos sus niveles y cuando es necesario, se procede a someter a votaci\u00f3n los asuntos.<\/p>\n<p><em>Comentario.- \u00bfAlguien es m\u00e1s listo o santo que los otros? \u00bfTenemos esa seguridad que solo tiene Dios que ve en el fondo de cada hombre?. Evidentemente no. Consultemos, comentemos con caridad y claridad todos los asuntos. La luz, surgir\u00e1 con frecuencia de quien menos esperemos. El Se\u00f1or iluminar\u00e1 al que desee. Un l\u00edder autoritario desani\u00admar\u00e1 a la gente, ser\u00e1 fuente de conflictos, y finalmente da\u00ad\u00f1ar\u00e1 a la Sociedad.<\/em><\/p>\n<p><em>Tomemos nuestras decisiones despu\u00e9s de escucharnos unos a otros. Esto implica una aceptaci\u00f3n general sin que nadie deba seguir argumentando una vez que la Conferen\u00adcia o Consejo ha tomado una determinaci\u00f3n.<\/em><\/p>\n<p><strong>3.11 Presidentes como l\u00edderes servidores<\/strong><\/p>\n<p>Los Presidentes a todos los niveles de la Sociedad, si\u00adguiendo el ejemplo de Cristo, tratan de ser l\u00edderes servi\u00addores. Proporcionan un entorno alentador en el cual los talentos, las capacidades y el carisma espiritual de los con\u00adsocios, son identificados, desarrollados y puestos al servicio de los pobres y de la Sociedad de San Vicente de Pa\u00fal. Los Presidentes tienen una responsabilidad especial en la Conferencia o Consejo, como es la de promover la espiri\u00adtualidad vicentina.<\/p>\n<p style=\"padding-left: 30px\"><em>Comentario.- \u00bfMisi\u00f3n de los Presidentes?: servir. Tan sen\u00adcillo como simple. La tradici\u00f3n, dice de las Conferencias que en la mayor\u00eda de las ocasiones, ellas son lo que es su Presidente. No por lo que manda, no por lo que exige, no por lo que sabe. M\u00e1s bien por lo que es capaz de sacar de cada uno de los consocios escuch\u00e1ndoles, anim\u00e1ndoles, acompa\u00f1\u00e1ndoles, preocup\u00e1ndose por ellos para el mejor servicio de los pobres. Es frecuentemente la figura clave de la Conferencia y en la mayor\u00eda de las ocasiones, su hu\u00admildad har\u00e1 que casi no se note. [\u00abSolo est\u00e1 llamado a ser el servidor de los dem\u00e1s y a dirigir las obras cristianas el que une a indiscutibles conocimientos, la pr\u00e1ctica sin\u00adcera de la fe y un gran esp\u00edritu de conciliaci\u00f3n y de pru\u00addencia; est, prudens regat nos. (E. Bailly, I\u00ba Presidente General, carta-circular de 1\/3\/1.844)] Un servidor en la presidencia de Conferencias o Consejos, tendr\u00e1 ideal\u00admente ese tipo de fe que constituye la influencia silenciosa en lo dem\u00e1s para producir el bien.<\/em><\/p>\n<h3><strong>3.12 Formaci\u00f3n de los miembros<\/strong><\/h3>\n<p>Es esencial que la Sociedad fomente continuamente la for\u00admaci\u00f3n de sus miembros y responsables para profundizar en su conocimiento de la Sociedad, su espiritualidad, me\u00adjorar la sensibilidad, calidad y eficacia de su servicio hacia los pobres y ayudarles a ser conscientes de los beneficios, recursos y oportunidades disponibles a favor de los mis\u00admos. La Sociedad tambi\u00e9n ofrece a sus miembros, la pro\u00adfundizaci\u00f3n en su formaci\u00f3n, con el objetivo de mejor ayudar a desarrollar el nivel cultural y social de aquellas personas a las que se entregan.<\/p>\n<p style=\"padding-left: 30px\"><em>Comentario.- La formaci\u00f3n continua, es una exigencia en la vida de cada Conferencia. Los continuos cambios so\u00adciales, las nuevas legislaciones, los nuevos recursos que aparecen, exigen a cada vicentino, el esfuerzo de mante\u00adnerse al d\u00eda y ampliar constantemente su formaci\u00f3n. No es posible prescindir de esta \u00abpuesta a punto\u00bb casi diaria que nos permitir\u00e1 servir mejor a aquellos que sufren. [\u00bfNo es verdad que hay que estudiar sin descanso, si se quieren practicar con \u00e9xito las obras? (Introducci\u00f3n al Manual S.S.V.P. 1.845)]<\/em><\/p>\n<p style=\"padding-left: 30px\"><em>La obligaci\u00f3n \u00abesencial\u00bb debe significar un fuerte com\u00adpromiso para cada Consejo Superior que debe desarrollar un programa de Formaci\u00f3n, sea con sus propios medios, sea con la ayuda del resto de la Sociedad en el mundo.<\/em><\/p>\n<h3><strong>3.13 Esp\u00edritu de pobreza y de aliento<\/strong><\/h3>\n<p>Los miembros de la Sociedad est\u00e1n unidos por el mismo esp\u00edritu de pobreza y comunitario. Se alientan unos a otros a profundizar cada vez m\u00e1s, en su vida espiritual y de ora\u00adci\u00f3n. Para ello, el papel del Asesor Religioso es muy im\u00adportante.<\/p>\n<p style=\"padding-left: 30px\"><em>Comentario.- Cada Conferencia, cuando es posible, aspira a enriquecerse con la presencia de un sacerdote que aliente a los consocios a una vida cada d\u00eda m\u00e1s perfecta espiritual y responsablemente entregada a los pobres. Pero tambi\u00e9n cada Conferencia, no debe olvidar jam\u00e1s la responsabilidad \u00faltima de los laicos en las Conferencias. No se trata de disminuir el valor de la contribuci\u00f3n del presb\u00edtero entre nosotros. Todo lo contrario. Le debemos el mayor respeto y consideraci\u00f3n. Pero no debe ser nunca la justificaci\u00f3n para nuestra dejadez o para dejar en sus manos los asuntos corrientes o aquellos de mayor grave\u00addad. La responsabilidad que nos alcanza como bautizados, nos exige nuestra propia entrega en los asuntos de los m\u00e1s pobres encomendados a nuestro cuidado.<\/em><\/p>\n<h3><strong>3.14 El uso del dinero y de la propiedad en el servicio a los pobres<\/strong><\/h3>\n<p>Los consocios Vicentinos nunca deben olvidar que dar amor, capacidades y tiempo, es m\u00e1s importante que dar di\u00adnero.<\/p>\n<p>Sin embargo, la Sociedad utiliza el dinero y la propiedad para ayudar a liberar del sufrimiento a aquellas personas necesitadas. Se necesita cuidado y prudencia, adem\u00e1s de generosidad, para gestionar los fondos de la Sociedad. El dinero no debe acumularse. Las decisiones sobre el uso del dinero y de la propiedad se llevan a cabo despu\u00e9s de una reflexi\u00f3n a la luz del Evangelio y de los principios Vicen\u00adtinos. Deben realizarse precisos registros de todo el dinero recibido o gastado. La Sociedad no debe destinar sus fon\u00addos a otras asociaciones, excepto ocasionalmente para las otras ramas de la familia vicentina o en casos muy excep\u00adcionales.<\/p>\n<p style=\"padding-left: 30px\"><em>Comentario.- Siendo, sin embargo, absolutamente nece\u00adsario para buena parte de nuestra acci\u00f3n, un viejo conso\u00adcio, llamaba al dinero \u00abel excremento del diablo\u00bb. Tenemos que utilizarlo adecuadamente y desde luego, en absoluto almacenarlo. Debemos creer firmemente que Dios provee cuando es necesario y cuando nos llegue en demas\u00eda, la Conferencia deber\u00e1 ponerlo a disposici\u00f3n de otra Conferencia que tenga las necesidades y no los re\u00adcursos. A veces, puede haber situaciones de autentico es\u00adc\u00e1ndalo por la falta del compromiso de reparto. Es un tema que debe hacer reflexionar a cada Conferencia gra\u00advemente.<\/em><\/p>\n<h3><strong>3.15 Comunicaci\u00f3n<\/strong><\/h3>\n<p>La vitalidad de la red caritativa de la Sociedad depende de un intercambio peri\u00f3dico y r\u00e1pido, de noticias e informa\u00adci\u00f3n. Dicha comunicaci\u00f3n, amplia el horizonte y mejora el inter\u00e9s de los consocios Vicentinos con las experiencias y desaf\u00edos de sus hermanos y hermanas de todo el mundo. La respuesta Vicentina a la comunicaci\u00f3n se comprende desde el deseo de aprender, ense\u00f1ar y ayudar.<\/p>\n<p style=\"padding-left: 30px\"><em>Comentario.- Sin comunicaci\u00f3n, sencillamente, no existi\u00admos. Es uno de los pecados m\u00e1s frecuentes de omisi\u00f3n que comenten las Conferencias. \u00bfC\u00f3mo no contar a otras las cosas que hacemos y que facilitan el servicio a una po\u00adbreza determinada?. \u00bfC\u00f3mo no estar atentos a los que otras han descubierto?. \u00bfC\u00f3mo intentar servir bien a los pobres sin trasladarnos experiencias entre nosotros? Sin contar lo que hacemos \u00bfes posible mejorar y atraer recur\u00adsos para atender a los pobres?. No debe haber pa\u00eds o Con\u00adsejo que publique alguna Revista sobre la Sociedad, que no la env\u00ede a otras naciones vicentinas y al propio Consejo General, para contribuir a este esfuerzo de comunicaci\u00f3n.<\/em><\/p>\n","protected":false},"excerpt":{"rendered":"<p>3. Miembros, Conferencias y Consejos \u2013 Comunidades de fe y amor 3.1 Miembros La Sociedad est\u00e1 abierta a todas aquellas personas que bus\u00adquen vivir su fe amando y dedic\u00e1ndose a sus pr\u00f3jimos ne\u00adcesitados. (Ver Art\u00edculo &#8230; <a href=\"http:\/\/vincentians.com\/es\/regla-comentada-de-la-ssvp-3-miembros-conferencias-y-consejos-comunidades-de-fe-y-amor\/\" class=\"more-link\">Read More<\/a><\/p>\n","protected":false},"author":4,"featured_media":51123,"comment_status":"open","ping_status":"open","sticky":false,"template":"","format":"standard","meta":{"jetpack_post_was_ever_published":false,"_jetpack_newsletter_access":"","_jetpack_dont_email_post_to_subs":false,"_jetpack_newsletter_tier_id":0,"_jetpack_memberships_contains_paywalled_content":false,"_jetpack_memberships_contains_paid_content":false,"footnotes":"","jetpack_publicize_message":"","jetpack_publicize_feature_enabled":true,"jetpack_social_post_already_shared":true,"jetpack_social_options":{"image_generator_settings":{"template":"highway","default_image_id":0,"font":"","enabled":false},"version":2}},"categories":[357],"tags":[164,172],"class_list":["post-51141","post","type-post","status-publish","format-standard","has-post-thumbnail","hentry","category-documentos-de-la-sociedad-de-san-vicente-de-paul","tag-bailly","tag-pobreza"],"yoast_head":"<!-- This site is optimized with the Yoast SEO plugin v26.3 - https:\/\/yoast.com\/wordpress\/plugins\/seo\/ -->\n<title>Regla comentada de la SSVP (3. Miembros, Conferencias y Consejos \u2013 Comunidades de fe y amor) - Somos Vicencianos<\/title>\n<meta name=\"robots\" content=\"index, follow, max-snippet:-1, max-image-preview:large, max-video-preview:-1\" \/>\n<link rel=\"canonical\" href=\"http:\/\/vincentians.com\/es\/regla-comentada-de-la-ssvp-3-miembros-conferencias-y-consejos-comunidades-de-fe-y-amor\/\" \/>\n<meta property=\"og:locale\" content=\"es_ES\" \/>\n<meta property=\"og:type\" content=\"article\" \/>\n<meta property=\"og:title\" content=\"Regla comentada de la SSVP (3. Miembros, Conferencias y Consejos \u2013 Comunidades de fe y amor) - Somos Vicencianos\" \/>\n<meta property=\"og:description\" content=\"3. Miembros, Conferencias y Consejos \u2013 Comunidades de fe y amor 3.1 Miembros La Sociedad est\u00e1 abierta a todas aquellas personas que bus\u00adquen vivir su fe amando y dedic\u00e1ndose a sus pr\u00f3jimos ne\u00adcesitados. (Ver Art\u00edculo ... Read More\" \/>\n<meta property=\"og:url\" content=\"http:\/\/vincentians.com\/es\/regla-comentada-de-la-ssvp-3-miembros-conferencias-y-consejos-comunidades-de-fe-y-amor\/\" \/>\n<meta property=\"og:site_name\" content=\"Somos Vicencianos\" \/>\n<meta property=\"article:publisher\" content=\"https:\/\/www.facebook.com\/WeAreVincentians\/\" \/>\n<meta property=\"article:author\" content=\"https:\/\/www.facebook.com\/JavierChento\" \/>\n<meta property=\"article:published_time\" content=\"2015-02-04T02:37:27+00:00\" \/>\n<meta name=\"author\" content=\"Francisco Javier Fern\u00e1ndez Chento\" \/>\n<meta name=\"twitter:card\" content=\"summary_large_image\" \/>\n<meta name=\"twitter:creator\" content=\"@https:\/\/twitter.com\/javierchento\" \/>\n<meta name=\"twitter:site\" content=\"@WeVincentians\" \/>\n<meta name=\"twitter:label1\" content=\"Escrito por\" \/>\n\t<meta name=\"twitter:data1\" content=\"Francisco Javier Fern\u00e1ndez Chento\" \/>\n\t<meta name=\"twitter:label2\" content=\"Tiempo de lectura\" \/>\n\t<meta name=\"twitter:data2\" content=\"17 minutos\" \/>\n<script type=\"application\/ld+json\" class=\"yoast-schema-graph\">{\"@context\":\"https:\/\/schema.org\",\"@graph\":[{\"@type\":\"Article\",\"@id\":\"http:\/\/vincentians.com\/es\/regla-comentada-de-la-ssvp-3-miembros-conferencias-y-consejos-comunidades-de-fe-y-amor\/#article\",\"isPartOf\":{\"@id\":\"http:\/\/vincentians.com\/es\/regla-comentada-de-la-ssvp-3-miembros-conferencias-y-consejos-comunidades-de-fe-y-amor\/\"},\"author\":{\"name\":\"Francisco Javier Fern\u00e1ndez Chento\",\"@id\":\"https:\/\/vincentians.com\/es\/#\/schema\/person\/9623ef4d9aa3b2dfb8c061f1499288f2\"},\"headline\":\"Regla comentada de la SSVP (3. Miembros, Conferencias y Consejos \u2013 Comunidades de fe y amor)\",\"datePublished\":\"2015-02-04T02:37:27+00:00\",\"mainEntityOfPage\":{\"@id\":\"http:\/\/vincentians.com\/es\/regla-comentada-de-la-ssvp-3-miembros-conferencias-y-consejos-comunidades-de-fe-y-amor\/\"},\"wordCount\":3392,\"commentCount\":0,\"publisher\":{\"@id\":\"https:\/\/vincentians.com\/es\/#organization\"},\"image\":{\"@id\":\"http:\/\/vincentians.com\/es\/regla-comentada-de-la-ssvp-3-miembros-conferencias-y-consejos-comunidades-de-fe-y-amor\/#primaryimage\"},\"thumbnailUrl\":\"\",\"keywords\":[\"Bailly\",\"Pobreza\"],\"articleSection\":[\"Documentos de la Sociedad de San Vicente de Pa\u00fal\"],\"inLanguage\":\"es\",\"potentialAction\":[{\"@type\":\"CommentAction\",\"name\":\"Comment\",\"target\":[\"http:\/\/vincentians.com\/es\/regla-comentada-de-la-ssvp-3-miembros-conferencias-y-consejos-comunidades-de-fe-y-amor\/#respond\"]}]},{\"@type\":\"WebPage\",\"@id\":\"http:\/\/vincentians.com\/es\/regla-comentada-de-la-ssvp-3-miembros-conferencias-y-consejos-comunidades-de-fe-y-amor\/\",\"url\":\"http:\/\/vincentians.com\/es\/regla-comentada-de-la-ssvp-3-miembros-conferencias-y-consejos-comunidades-de-fe-y-amor\/\",\"name\":\"Regla comentada de la SSVP (3. Miembros, Conferencias y Consejos \u2013 Comunidades de fe y amor) - Somos Vicencianos\",\"isPartOf\":{\"@id\":\"https:\/\/vincentians.com\/es\/#website\"},\"primaryImageOfPage\":{\"@id\":\"http:\/\/vincentians.com\/es\/regla-comentada-de-la-ssvp-3-miembros-conferencias-y-consejos-comunidades-de-fe-y-amor\/#primaryimage\"},\"image\":{\"@id\":\"http:\/\/vincentians.com\/es\/regla-comentada-de-la-ssvp-3-miembros-conferencias-y-consejos-comunidades-de-fe-y-amor\/#primaryimage\"},\"thumbnailUrl\":\"\",\"datePublished\":\"2015-02-04T02:37:27+00:00\",\"breadcrumb\":{\"@id\":\"http:\/\/vincentians.com\/es\/regla-comentada-de-la-ssvp-3-miembros-conferencias-y-consejos-comunidades-de-fe-y-amor\/#breadcrumb\"},\"inLanguage\":\"es\",\"potentialAction\":[{\"@type\":\"ReadAction\",\"target\":[\"http:\/\/vincentians.com\/es\/regla-comentada-de-la-ssvp-3-miembros-conferencias-y-consejos-comunidades-de-fe-y-amor\/\"]}]},{\"@type\":\"ImageObject\",\"inLanguage\":\"es\",\"@id\":\"http:\/\/vincentians.com\/es\/regla-comentada-de-la-ssvp-3-miembros-conferencias-y-consejos-comunidades-de-fe-y-amor\/#primaryimage\",\"url\":\"\",\"contentUrl\":\"\"},{\"@type\":\"BreadcrumbList\",\"@id\":\"http:\/\/vincentians.com\/es\/regla-comentada-de-la-ssvp-3-miembros-conferencias-y-consejos-comunidades-de-fe-y-amor\/#breadcrumb\",\"itemListElement\":[{\"@type\":\"ListItem\",\"position\":1,\"name\":\"Portada\",\"item\":\"https:\/\/vincentians.com\/es\/\"},{\"@type\":\"ListItem\",\"position\":2,\"name\":\"Regla comentada de la SSVP (3. Miembros, Conferencias y Consejos \u2013 Comunidades de fe y amor)\"}]},{\"@type\":\"WebSite\",\"@id\":\"https:\/\/vincentians.com\/es\/#website\",\"url\":\"https:\/\/vincentians.com\/es\/\",\"name\":\"Somos Vicencianos\",\"description\":\"Know more to serve more\",\"publisher\":{\"@id\":\"https:\/\/vincentians.com\/es\/#organization\"},\"potentialAction\":[{\"@type\":\"SearchAction\",\"target\":{\"@type\":\"EntryPoint\",\"urlTemplate\":\"https:\/\/vincentians.com\/es\/?s={search_term_string}\"},\"query-input\":{\"@type\":\"PropertyValueSpecification\",\"valueRequired\":true,\"valueName\":\"search_term_string\"}}],\"inLanguage\":\"es\"},{\"@type\":\"Organization\",\"@id\":\"https:\/\/vincentians.com\/es\/#organization\",\"name\":\"The Vincentian Network\",\"url\":\"https:\/\/vincentians.com\/es\/\",\"logo\":{\"@type\":\"ImageObject\",\"inLanguage\":\"es\",\"@id\":\"https:\/\/vincentians.com\/es\/#\/schema\/logo\/image\/\",\"url\":\"https:\/\/i1.wp.com\/vincentians.com\/es\/wp-content\/uploads\/sites\/11\/2016\/06\/Vincentian-Network-logo-big.png?fit=778%2C778\",\"contentUrl\":\"https:\/\/i1.wp.com\/vincentians.com\/es\/wp-content\/uploads\/sites\/11\/2016\/06\/Vincentian-Network-logo-big.png?fit=778%2C778\",\"width\":778,\"height\":778,\"caption\":\"The Vincentian Network\"},\"image\":{\"@id\":\"https:\/\/vincentians.com\/es\/#\/schema\/logo\/image\/\"},\"sameAs\":[\"https:\/\/www.facebook.com\/WeAreVincentians\/\",\"https:\/\/x.com\/WeVincentians\"]},{\"@type\":\"Person\",\"@id\":\"https:\/\/vincentians.com\/es\/#\/schema\/person\/9623ef4d9aa3b2dfb8c061f1499288f2\",\"name\":\"Francisco Javier Fern\u00e1ndez Chento\",\"image\":{\"@type\":\"ImageObject\",\"inLanguage\":\"es\",\"@id\":\"https:\/\/vincentians.com\/es\/#\/schema\/person\/image\/\",\"url\":\"https:\/\/secure.gravatar.com\/avatar\/497d5cde87b4c3d097d0315953521681ba2cd523ee66e5077c3711f7021e65de?s=96&d=mm&r=g\",\"contentUrl\":\"https:\/\/secure.gravatar.com\/avatar\/497d5cde87b4c3d097d0315953521681ba2cd523ee66e5077c3711f7021e65de?s=96&d=mm&r=g\",\"caption\":\"Francisco Javier Fern\u00e1ndez Chento\"},\"description\":\"Director General y cofundador de La Red de Formaci\u00f3n Vicenciana. Javier es laico vicenciano, afiliado a la Congregaci\u00f3n de la Misi\u00f3n y miembro del Equipo de Misiones Populares de la provincia can\u00f3nica de Zaragoza (Espa\u00f1a) de la Congregaci\u00f3n de la Misi\u00f3n. Graduado en la Universidad Oberta de Catalunya con cuatro grados (Asistente de direcci\u00f3n, Gesti\u00f3n Administrativa, Recursos Humanos y Contabilidad Avanzada). Bil\u00edng\u00fce Espa\u00f1ol\/Ingl\u00e9s. gestiona y mantiene varias p\u00e1ginas web cristianas y vicencianas, incluida including La Red de Formaci\u00f3n Vicenciana, de la que es cofundador. Actualmente es responsable del \u00e1rea de Espa\u00f1ol de .famvin, la Red de Noticias de la Familia Vicenciana. Tambi\u00e9n es m\u00fasico cat\u00f3lico y ha editado varios discos. Es Director General y cofundador de Trovador, una reconocida compa\u00f1\u00eda discogr\u00e1fica critiana de Espa\u00f1a. Trabaja en las Tecnolog\u00edas de la Informaci\u00f3n, ofreciendo servicios de alojamiento, dise\u00f1o y mantenimiento Web, as\u00ed como asesoramiento, formaci\u00f3n y soluciones inform\u00e1ticas, gesti\u00f3n documental y digitalizaci\u00f3n de textos, edici\u00f3n y maquetaci\u00f3n de libros, revistas, flyers, etc.\",\"sameAs\":[\"http:\/\/chento.org\",\"https:\/\/www.facebook.com\/JavierChento\",\"https:\/\/x.com\/https:\/\/twitter.com\/javierchento\"],\"url\":\"http:\/\/vincentians.com\/es\/author\/chento\/\"}]}<\/script>\n<!-- \/ Yoast SEO plugin. -->","yoast_head_json":{"title":"Regla comentada de la SSVP (3. Miembros, Conferencias y Consejos \u2013 Comunidades de fe y amor) - Somos Vicencianos","robots":{"index":"index","follow":"follow","max-snippet":"max-snippet:-1","max-image-preview":"max-image-preview:large","max-video-preview":"max-video-preview:-1"},"canonical":"http:\/\/vincentians.com\/es\/regla-comentada-de-la-ssvp-3-miembros-conferencias-y-consejos-comunidades-de-fe-y-amor\/","og_locale":"es_ES","og_type":"article","og_title":"Regla comentada de la SSVP (3. Miembros, Conferencias y Consejos \u2013 Comunidades de fe y amor) - Somos Vicencianos","og_description":"3. Miembros, Conferencias y Consejos \u2013 Comunidades de fe y amor 3.1 Miembros La Sociedad est\u00e1 abierta a todas aquellas personas que bus\u00adquen vivir su fe amando y dedic\u00e1ndose a sus pr\u00f3jimos ne\u00adcesitados. (Ver Art\u00edculo ... Read More","og_url":"http:\/\/vincentians.com\/es\/regla-comentada-de-la-ssvp-3-miembros-conferencias-y-consejos-comunidades-de-fe-y-amor\/","og_site_name":"Somos Vicencianos","article_publisher":"https:\/\/www.facebook.com\/WeAreVincentians\/","article_author":"https:\/\/www.facebook.com\/JavierChento","article_published_time":"2015-02-04T02:37:27+00:00","author":"Francisco Javier Fern\u00e1ndez Chento","twitter_card":"summary_large_image","twitter_creator":"@https:\/\/twitter.com\/javierchento","twitter_site":"@WeVincentians","twitter_misc":{"Escrito por":"Francisco Javier Fern\u00e1ndez Chento","Tiempo de lectura":"17 minutos"},"schema":{"@context":"https:\/\/schema.org","@graph":[{"@type":"Article","@id":"http:\/\/vincentians.com\/es\/regla-comentada-de-la-ssvp-3-miembros-conferencias-y-consejos-comunidades-de-fe-y-amor\/#article","isPartOf":{"@id":"http:\/\/vincentians.com\/es\/regla-comentada-de-la-ssvp-3-miembros-conferencias-y-consejos-comunidades-de-fe-y-amor\/"},"author":{"name":"Francisco Javier Fern\u00e1ndez Chento","@id":"https:\/\/vincentians.com\/es\/#\/schema\/person\/9623ef4d9aa3b2dfb8c061f1499288f2"},"headline":"Regla comentada de la SSVP (3. Miembros, Conferencias y Consejos \u2013 Comunidades de fe y amor)","datePublished":"2015-02-04T02:37:27+00:00","mainEntityOfPage":{"@id":"http:\/\/vincentians.com\/es\/regla-comentada-de-la-ssvp-3-miembros-conferencias-y-consejos-comunidades-de-fe-y-amor\/"},"wordCount":3392,"commentCount":0,"publisher":{"@id":"https:\/\/vincentians.com\/es\/#organization"},"image":{"@id":"http:\/\/vincentians.com\/es\/regla-comentada-de-la-ssvp-3-miembros-conferencias-y-consejos-comunidades-de-fe-y-amor\/#primaryimage"},"thumbnailUrl":"","keywords":["Bailly","Pobreza"],"articleSection":["Documentos de la Sociedad de San Vicente de Pa\u00fal"],"inLanguage":"es","potentialAction":[{"@type":"CommentAction","name":"Comment","target":["http:\/\/vincentians.com\/es\/regla-comentada-de-la-ssvp-3-miembros-conferencias-y-consejos-comunidades-de-fe-y-amor\/#respond"]}]},{"@type":"WebPage","@id":"http:\/\/vincentians.com\/es\/regla-comentada-de-la-ssvp-3-miembros-conferencias-y-consejos-comunidades-de-fe-y-amor\/","url":"http:\/\/vincentians.com\/es\/regla-comentada-de-la-ssvp-3-miembros-conferencias-y-consejos-comunidades-de-fe-y-amor\/","name":"Regla comentada de la SSVP (3. Miembros, Conferencias y Consejos \u2013 Comunidades de fe y amor) - Somos Vicencianos","isPartOf":{"@id":"https:\/\/vincentians.com\/es\/#website"},"primaryImageOfPage":{"@id":"http:\/\/vincentians.com\/es\/regla-comentada-de-la-ssvp-3-miembros-conferencias-y-consejos-comunidades-de-fe-y-amor\/#primaryimage"},"image":{"@id":"http:\/\/vincentians.com\/es\/regla-comentada-de-la-ssvp-3-miembros-conferencias-y-consejos-comunidades-de-fe-y-amor\/#primaryimage"},"thumbnailUrl":"","datePublished":"2015-02-04T02:37:27+00:00","breadcrumb":{"@id":"http:\/\/vincentians.com\/es\/regla-comentada-de-la-ssvp-3-miembros-conferencias-y-consejos-comunidades-de-fe-y-amor\/#breadcrumb"},"inLanguage":"es","potentialAction":[{"@type":"ReadAction","target":["http:\/\/vincentians.com\/es\/regla-comentada-de-la-ssvp-3-miembros-conferencias-y-consejos-comunidades-de-fe-y-amor\/"]}]},{"@type":"ImageObject","inLanguage":"es","@id":"http:\/\/vincentians.com\/es\/regla-comentada-de-la-ssvp-3-miembros-conferencias-y-consejos-comunidades-de-fe-y-amor\/#primaryimage","url":"","contentUrl":""},{"@type":"BreadcrumbList","@id":"http:\/\/vincentians.com\/es\/regla-comentada-de-la-ssvp-3-miembros-conferencias-y-consejos-comunidades-de-fe-y-amor\/#breadcrumb","itemListElement":[{"@type":"ListItem","position":1,"name":"Portada","item":"https:\/\/vincentians.com\/es\/"},{"@type":"ListItem","position":2,"name":"Regla comentada de la SSVP (3. Miembros, Conferencias y Consejos \u2013 Comunidades de fe y amor)"}]},{"@type":"WebSite","@id":"https:\/\/vincentians.com\/es\/#website","url":"https:\/\/vincentians.com\/es\/","name":"Somos Vicencianos","description":"Know more to serve more","publisher":{"@id":"https:\/\/vincentians.com\/es\/#organization"},"potentialAction":[{"@type":"SearchAction","target":{"@type":"EntryPoint","urlTemplate":"https:\/\/vincentians.com\/es\/?s={search_term_string}"},"query-input":{"@type":"PropertyValueSpecification","valueRequired":true,"valueName":"search_term_string"}}],"inLanguage":"es"},{"@type":"Organization","@id":"https:\/\/vincentians.com\/es\/#organization","name":"The Vincentian Network","url":"https:\/\/vincentians.com\/es\/","logo":{"@type":"ImageObject","inLanguage":"es","@id":"https:\/\/vincentians.com\/es\/#\/schema\/logo\/image\/","url":"https:\/\/i1.wp.com\/vincentians.com\/es\/wp-content\/uploads\/sites\/11\/2016\/06\/Vincentian-Network-logo-big.png?fit=778%2C778","contentUrl":"https:\/\/i1.wp.com\/vincentians.com\/es\/wp-content\/uploads\/sites\/11\/2016\/06\/Vincentian-Network-logo-big.png?fit=778%2C778","width":778,"height":778,"caption":"The Vincentian Network"},"image":{"@id":"https:\/\/vincentians.com\/es\/#\/schema\/logo\/image\/"},"sameAs":["https:\/\/www.facebook.com\/WeAreVincentians\/","https:\/\/x.com\/WeVincentians"]},{"@type":"Person","@id":"https:\/\/vincentians.com\/es\/#\/schema\/person\/9623ef4d9aa3b2dfb8c061f1499288f2","name":"Francisco Javier Fern\u00e1ndez Chento","image":{"@type":"ImageObject","inLanguage":"es","@id":"https:\/\/vincentians.com\/es\/#\/schema\/person\/image\/","url":"https:\/\/secure.gravatar.com\/avatar\/497d5cde87b4c3d097d0315953521681ba2cd523ee66e5077c3711f7021e65de?s=96&d=mm&r=g","contentUrl":"https:\/\/secure.gravatar.com\/avatar\/497d5cde87b4c3d097d0315953521681ba2cd523ee66e5077c3711f7021e65de?s=96&d=mm&r=g","caption":"Francisco Javier Fern\u00e1ndez Chento"},"description":"Director General y cofundador de La Red de Formaci\u00f3n Vicenciana. Javier es laico vicenciano, afiliado a la Congregaci\u00f3n de la Misi\u00f3n y miembro del Equipo de Misiones Populares de la provincia can\u00f3nica de Zaragoza (Espa\u00f1a) de la Congregaci\u00f3n de la Misi\u00f3n. Graduado en la Universidad Oberta de Catalunya con cuatro grados (Asistente de direcci\u00f3n, Gesti\u00f3n Administrativa, Recursos Humanos y Contabilidad Avanzada). Bil\u00edng\u00fce Espa\u00f1ol\/Ingl\u00e9s. gestiona y mantiene varias p\u00e1ginas web cristianas y vicencianas, incluida including La Red de Formaci\u00f3n Vicenciana, de la que es cofundador. Actualmente es responsable del \u00e1rea de Espa\u00f1ol de .famvin, la Red de Noticias de la Familia Vicenciana. Tambi\u00e9n es m\u00fasico cat\u00f3lico y ha editado varios discos. Es Director General y cofundador de Trovador, una reconocida compa\u00f1\u00eda discogr\u00e1fica critiana de Espa\u00f1a. Trabaja en las Tecnolog\u00edas de la Informaci\u00f3n, ofreciendo servicios de alojamiento, dise\u00f1o y mantenimiento Web, as\u00ed como asesoramiento, formaci\u00f3n y soluciones inform\u00e1ticas, gesti\u00f3n documental y digitalizaci\u00f3n de textos, edici\u00f3n y maquetaci\u00f3n de libros, revistas, flyers, etc.","sameAs":["http:\/\/chento.org","https:\/\/www.facebook.com\/JavierChento","https:\/\/x.com\/https:\/\/twitter.com\/javierchento"],"url":"http:\/\/vincentians.com\/es\/author\/chento\/"}]}},"jetpack_publicize_connections":[],"jetpack_featured_media_url":"","jetpack_sharing_enabled":true,"jetpack_shortlink":"https:\/\/wp.me\/p7ETMF-diR","jetpack-related-posts":[{"id":127193,"url":"http:\/\/vincentians.com\/es\/federico-ozanam-1813-1853-y-las-conferencias-de-san-vicente-de-paul\/","url_meta":{"origin":51141,"position":0},"title":"Federico Ozanam (1813-1853) y las Conferencias de san Vicente de Pa\u00fal","author":"Francisco Javier Fern\u00e1ndez Chento","date":"16\/01\/2015","format":false,"excerpt":"Inicio esta ponencia acerca de Federico Ozanam y las Conferencias de San Vicente de Pa\u00fal agradeciendo la invitaci\u00f3n de la comisi\u00f3n encargada de esta vig\u00e9simo quinta Semana Vicentina en la persona del P. Chuno. Obviamente, como vicentino nos vemos comprometidos en el estudio de la vida de nuestros santos y\u2026","rel":"","context":"En \u00abFederico Ozanam\u00bb","block_context":{"text":"Federico Ozanam","link":"http:\/\/vincentians.com\/es\/category\/la-familia-vicenciana\/fundadores\/federico-ozanam\/"},"img":{"alt_text":"","src":"https:\/\/i0.wp.com\/vincentians.com\/es\/wp-content\/uploads\/sites\/11\/2016\/07\/young-ozanam.jpg?fit=1200%2C630&resize=350%2C200","width":350,"height":200,"srcset":"https:\/\/i0.wp.com\/vincentians.com\/es\/wp-content\/uploads\/sites\/11\/2016\/07\/young-ozanam.jpg?fit=1200%2C630&resize=350%2C200 1x, https:\/\/i0.wp.com\/vincentians.com\/es\/wp-content\/uploads\/sites\/11\/2016\/07\/young-ozanam.jpg?fit=1200%2C630&resize=525%2C300 1.5x, https:\/\/i0.wp.com\/vincentians.com\/es\/wp-content\/uploads\/sites\/11\/2016\/07\/young-ozanam.jpg?fit=1200%2C630&resize=700%2C400 2x, https:\/\/i0.wp.com\/vincentians.com\/es\/wp-content\/uploads\/sites\/11\/2016\/07\/young-ozanam.jpg?fit=1200%2C630&resize=1050%2C600 3x"},"classes":[]},{"id":386828,"url":"http:\/\/vincentians.com\/es\/federico-ozanam-un-santo-polifacetico-y-modelico\/","url_meta":{"origin":51141,"position":1},"title":"Federico Ozanam, un santo polifac\u00e9tico y mod\u00e9lico","author":"Francisco Javier Fern\u00e1ndez Chento","date":"09\/09\/2024","format":false,"excerpt":"Federico Ozanam, hombre polifac\u00e9tico y mod\u00e9lico Es para m\u00ed una satisfacci\u00f3n estar aqu\u00ed en esta mesa con el objetivo de presentar la figura del beato Federico Ozanam con motivo de la edici\u00f3n de su correspondencia. Quiero iniciar mi reflexi\u00f3n recordando el breve retrato que hizo de su persona el historiador\u2026","rel":"","context":"En \u00abFederico Ozanam\u00bb","block_context":{"text":"Federico Ozanam","link":"http:\/\/vincentians.com\/es\/category\/la-familia-vicenciana\/fundadores\/federico-ozanam\/"},"img":{"alt_text":"","src":"https:\/\/i0.wp.com\/vincentians.com\/es\/wp-content\/uploads\/sites\/11\/2016\/09\/Federico-Ozanam-5.jpg?fit=472%2C689&resize=350%2C200","width":350,"height":200},"classes":[]},{"id":135582,"url":"http:\/\/vincentians.com\/es\/celam-documento-de-la-aparecida-2007\/","url_meta":{"origin":51141,"position":2},"title":"Celam: Documento de La Aparecida (2007)","author":"Francisco Javier Fern\u00e1ndez Chento","date":"01\/02\/2015","format":false,"excerpt":"Resumen 1. Los obispos reunidos en la V Conferencia General del Episcopado de Am\u00e9rica Latina y El Caribe quieren impulsar, con el acontecimiento celebrado junto a Nuestra Se\u00f1ora Aparecida en el esp\u00edritu de \u201cun nuevo Pentecost\u00e9s\u201d, y con el documento final que resume las conclusiones de su di\u00e1logo, una renovaci\u00f3n\u2026","rel":"","context":"En \u00abConsejo Episcopal Latinoamericano\u00bb","block_context":{"text":"Consejo Episcopal Latinoamericano","link":"http:\/\/vincentians.com\/es\/category\/formacion-cristiana\/consejo-episcopal-latinoamericano\/"},"img":{"alt_text":"","src":"https:\/\/i0.wp.com\/vincentians.com\/es\/wp-content\/uploads\/sites\/11\/2016\/07\/celam.jpg?fit=1200%2C630&resize=350%2C200","width":350,"height":200,"srcset":"https:\/\/i0.wp.com\/vincentians.com\/es\/wp-content\/uploads\/sites\/11\/2016\/07\/celam.jpg?fit=1200%2C630&resize=350%2C200 1x, https:\/\/i0.wp.com\/vincentians.com\/es\/wp-content\/uploads\/sites\/11\/2016\/07\/celam.jpg?fit=1200%2C630&resize=525%2C300 1.5x, https:\/\/i0.wp.com\/vincentians.com\/es\/wp-content\/uploads\/sites\/11\/2016\/07\/celam.jpg?fit=1200%2C630&resize=700%2C400 2x, https:\/\/i0.wp.com\/vincentians.com\/es\/wp-content\/uploads\/sites\/11\/2016\/07\/celam.jpg?fit=1200%2C630&resize=1050%2C600 3x"},"classes":[]},{"id":51150,"url":"http:\/\/vincentians.com\/es\/regla-comentada-de-la-ssvp-6-otras-relaciones\/","url_meta":{"origin":51141,"position":3},"title":"Regla comentada de la SSVP (6. Otras relaciones)","author":"Francisco Javier Fern\u00e1ndez Chento","date":"07\/02\/2015","format":false,"excerpt":"6. Otras relaciones Relaciones ecum\u00e9nicas y entre distintas religiones. 6.1 Todos los miembros deben fomentar el ecumenismo Cada Vicentino busca profundizar en su propio compro\u00admiso hacia el Ecumenismo y hacia la cooperaci\u00f3n en tra\u00adbajos de caridad y justicia, como una contribuci\u00f3n hacia la consecuci\u00f3n de la unidad plena y visible\u2026","rel":"","context":"En \u00abDocumentos de la Sociedad de San Vicente de Pa\u00fal\u00bb","block_context":{"text":"Documentos de la Sociedad de San Vicente de Pa\u00fal","link":"http:\/\/vincentians.com\/es\/category\/formacion-vicenciana\/documentos-oficiales-de-la-familia-vicenciana\/documentos-de-la-sociedad-de-san-vicente-de-paul\/"},"img":{"alt_text":"","src":"https:\/\/i0.wp.com\/vicencianos.org\/wp-content\/2011\/10\/regla_ssvp_comentada-158x300.jpg?resize=350%2C200","width":350,"height":200},"classes":[]},{"id":51144,"url":"http:\/\/vincentians.com\/es\/regla-comentada-de-la-ssvp-4-relaciones-con-la-red-vicentina-y-catolica-de-caridad\/","url_meta":{"origin":51141,"position":4},"title":"Regla comentada de la SSVP (4. Relaciones con la red vicentina y cat\u00f3lica de caridad)","author":"Francisco Javier Fern\u00e1ndez Chento","date":"05\/02\/2015","format":false,"excerpt":"4. Relaciones con la red vicentina y cat\u00f3lica de caridad 4.1 Hermanamientos Las Conferencias y Consejos se ayudan entre si, tanto en el interior de los pa\u00edses, como con las del resto del mundo siendo esta actividad, una de las mas queridas por la So\u00adciedad y los vicentinos. La toma\u2026","rel":"","context":"En \u00abDocumentos de la Sociedad de San Vicente de Pa\u00fal\u00bb","block_context":{"text":"Documentos de la Sociedad de San Vicente de Pa\u00fal","link":"http:\/\/vincentians.com\/es\/category\/formacion-vicenciana\/documentos-oficiales-de-la-familia-vicenciana\/documentos-de-la-sociedad-de-san-vicente-de-paul\/"},"img":{"alt_text":"","src":"https:\/\/i0.wp.com\/vicencianos.org\/wp-content\/2011\/10\/regla_ssvp_comentada-158x300.jpg?resize=350%2C200","width":350,"height":200},"classes":[]},{"id":125713,"url":"http:\/\/vincentians.com\/es\/tener-fe-en-la-santa-iglesia-catolica\/","url_meta":{"origin":51141,"position":5},"title":"Tener Fe en la Santa Iglesia Cat\u00f3lica","author":"Francisco Javier Fern\u00e1ndez Chento","date":"22\/11\/2013","format":false,"excerpt":"Leemos en el Catecismo de la Iglesia Cat\u00f3lica que \"creer que la Iglesia es Santa y Cat\u00f3lica, y que es Una y Apost\u00f3lica es inseparable de la fe en Dios, Padre, Hijo y Esp\u00edritu Santo. En el S\u00edmbolo de los Ap\u00f3stoles, hacemos profesi\u00f3n de creer que existe una Iglesia Santa\u2026","rel":"","context":"En \u00abFormaci\u00f3n Cristiana\u00bb","block_context":{"text":"Formaci\u00f3n Cristiana","link":"http:\/\/vincentians.com\/es\/category\/formacion-cristiana\/"},"img":{"alt_text":"iglesia29","src":"https:\/\/i0.wp.com\/vicencianos.org\/wp-content\/2013\/11\/iglesia29-300x210.jpg?resize=350%2C200","width":350,"height":200},"classes":[]}],"_links":{"self":[{"href":"http:\/\/vincentians.com\/es\/wp-json\/wp\/v2\/posts\/51141","targetHints":{"allow":["GET"]}}],"collection":[{"href":"http:\/\/vincentians.com\/es\/wp-json\/wp\/v2\/posts"}],"about":[{"href":"http:\/\/vincentians.com\/es\/wp-json\/wp\/v2\/types\/post"}],"author":[{"embeddable":true,"href":"http:\/\/vincentians.com\/es\/wp-json\/wp\/v2\/users\/4"}],"replies":[{"embeddable":true,"href":"http:\/\/vincentians.com\/es\/wp-json\/wp\/v2\/comments?post=51141"}],"version-history":[{"count":0,"href":"http:\/\/vincentians.com\/es\/wp-json\/wp\/v2\/posts\/51141\/revisions"}],"wp:featuredmedia":[{"embeddable":true,"href":"http:\/\/vincentians.com\/es\/wp-json\/"}],"wp:attachment":[{"href":"http:\/\/vincentians.com\/es\/wp-json\/wp\/v2\/media?parent=51141"}],"wp:term":[{"taxonomy":"category","embeddable":true,"href":"http:\/\/vincentians.com\/es\/wp-json\/wp\/v2\/categories?post=51141"},{"taxonomy":"post_tag","embeddable":true,"href":"http:\/\/vincentians.com\/es\/wp-json\/wp\/v2\/tags?post=51141"}],"curies":[{"name":"wp","href":"https:\/\/api.w.org\/{rel}","templated":true}]}}