{"id":51037,"date":"2019-11-10T08:15:36","date_gmt":"2019-11-10T07:15:36","guid":{"rendered":"http:\/\/somos.vicencianos.org\/blog\/2011\/09\/la-familia-vicenciana-como-misionera\/"},"modified":"2019-09-09T10:27:16","modified_gmt":"2019-09-09T08:27:16","slug":"la-familia-vicenciana-como-misionera","status":"publish","type":"post","link":"http:\/\/vincentians.com\/es\/la-familia-vicenciana-como-misionera\/","title":{"rendered":"La Familia Vicenciana como misionera"},"content":{"rendered":"<p>Es fascinante pensar en el amanecer de un nuevo milenio. Estamos ante al umbral de una nueva era en la historia, de un gran jubileo, de un tiempo de regocijo.<\/p>\n<p>Tal vez nos sea una gran ayuda advertir hoy, mis hermanos y hermanas, que uno de los textos principales de la Sagrada Escritura en nuestra tradici\u00f3n vicenciana es precisamente un texto de jubileo. Le encontramos en el profeta Isa\u00edas (16:2). Jes\u00fas lo utiliz\u00f3 al principio de su vida p\u00fablica (L.c. 4:18-19). San Vicente us\u00f3 sus primeras palabras como logo de la Congregaci\u00f3n de la Misi\u00f3n. Todos sabemos el texto de memoria:<\/p>\n<p style=\"padding-left: 30px\"><em>\u00abEl Esp\u00edritu del Se\u00f1or est\u00e1 sobre m\u00ed,<br \/>\nporque me ungi\u00f3 para evangelizar a los pobres;<br \/>\nme envi\u00f3 a predicar a los cautivos la libertad,<br \/>\na los ciegos la recuperaci\u00f3n de la vista;<br \/>\npara poner en libertad a los oprimidos,<br \/>\npara anunciar un a\u00f1o de gracia del Se\u00f1or\u00bb<\/em><\/p>\n<p>Advertid que la misi\u00f3n de Jes\u00fas, as\u00ed como tambi\u00e9n la nuestra, es anunciar el jubileo, \u00abun a\u00f1o de gracia del Se\u00f1or\u00bb.<\/p>\n<p>Es f\u00e1cil que pase inadvertido el significado original del \u00aba\u00f1o de gracia\u00bb. En realidad, la gente de Israel lo perdi\u00f3 de vista, y casi nunca lo llev\u00f3 a la pr\u00e1ctica. Pero el jubileo estaba designado para ser un tiempo de regocijo para los pobres. Como \u00abTercio Millennio Adveniente\u00bb indica, ten\u00eda como fin principal restaurar la igualdad entre todos los hijos de Israel, ofreciendo un principio refrescante a las familias que hab\u00edan perdido sus propiedades y a\u00fan su libertad personal.<span id='easy-footnote-1-51037' class='easy-footnote-margin-adjust'><\/span><span class='easy-footnote'><a href='http:\/\/vincentians.com\/es\/la-familia-vicenciana-como-misionera\/#easy-footnote-bottom-1-51037' title='TMA 13'><sup>1<\/sup><\/a><\/span> En ese tono, \u00abTercio Millennio Adveniente\u00bb se dirige hoy a toda la Iglesia, al amanecer del jubileo de los jubileos, para poner mayor \u00e9nfasis en la opci\u00f3n preferencial por los pobres y marginados.<span id='easy-footnote-2-51037' class='easy-footnote-margin-adjust'><\/span><span class='easy-footnote'><a href='http:\/\/vincentians.com\/es\/la-familia-vicenciana-como-misionera\/#easy-footnote-bottom-2-51037' title='TMA 51'><sup>2<\/sup><\/a><\/span>\n<p>Por consiguiente, os sugiero hoy que nuestra misi\u00f3n, al amanecer del tercer milenio, sea hacer no s\u00f3lo el a\u00f1o 2000 sino todo el milenio entero un jubileo aut\u00e9ntico, un per\u00edodo de tiempo \u00abpara evangelizar a los pobres, para predicar a los cautivos la libertad, para recuperar la vista a los ciegos, para poner en libertad a los oprimidos\u00bb. El jubileo para Jes\u00fas y para San Vicente no fue solamente un a\u00f1o \u00fanico. Fue la celebraci\u00f3n de la presencia tolerante y liberadora del Reino de Dios entre nosotros. Como misioneros somos llamados a ser signos permanentes del jubileo. Nuestra vida y nuestra misi\u00f3n es proclamar que Jes\u00fas est\u00e1 vivo, que est\u00e1 presente, y que rompe las ataduras que nos tienen cautivos.<\/p>\n<h2 align=\"center\"><strong>I. Algunas caracter\u00edsticas de la Misi\u00f3n de nuestra Familia Vicenciana<\/strong><\/h2>\n<p>Os ofrezco hoy cuatro caracter\u00edsticas, aunque Soy consciente de que hay otra muchas. He elegido estas, no s\u00f3lo porque son fundamentales hist\u00f3ricamente, sino tambi\u00e9n porque me parecen especialmente urgentes al amanecer del tercer milenio.<\/p>\n<h3>1.<em> Nuestra Misi\u00f3n es Universal<\/em><\/h3>\n<p>Como repetidamente ha se\u00f1alado un gran te\u00f3logo moderno, el catolicismo solamente ha llegado a ser una \u00abIglesia Universal\u00bb<span id='easy-footnote-3-51037' class='easy-footnote-margin-adjust'><\/span><span class='easy-footnote'><a href='http:\/\/vincentians.com\/es\/la-familia-vicenciana-como-misionera\/#easy-footnote-bottom-3-51037' title='Karl Rahnner, The Abiding Significance of the Second Vatican Council\u00bb en Theological Investigations XX, 90-102; cf. tambi\u00e9n \u00abThe Future of the Church and the Church of the Future\u00bb, en Theological Investigations XX, 103-114'><sup>3<\/sup><\/a><\/span> en el siglo XX. Viviendo en Roma experimento esto de una forma espectacular, ya que mantenemos comunicaci\u00f3n frecuente con muchos pa\u00edses del mundo entero. Veo realidades sorprendentemente diversas y varias \u00abcaras\u00bb en nuestra familia a nivel mundial; e.g., el r\u00e1pido crecimiento de nuestra familia especialmente en Asia, \u00c1frica, Ibero-Am\u00e9rica, y en la Europa del Este; el surgir de nuevos ministerios y el crecimiento del rol de los laicos en todos los continentes; el aumento constante de las comunidades eclesiales de base. La Sociedad de San Vicente de Pa\u00fal existe en la actualidad en m\u00e1s de 130 pa\u00edses; la AIC en 49; las Hijas de la Caridad en 85, la Congregaci\u00f3n de la Misi\u00f3n en 81; las Juventudes Marianas Vicencianas en 50. Todas nuestras ramas tienen nuevas misiones. Despu\u00e9s de habernos establecido en estos \u00faltimos a\u00f1os en lugares tan remotos como Tanzania, Angola, Las Islas Salom\u00f3n, Albania, Senegal, El Altiplano de Bolivia, Mozambique, Pakist\u00e1n, China, Kharkiv en Ucrania, Siberia, Senegal, Namibia, Belice y Ruanda, por nombrar s\u00f3lo algunos, estamos siendo cada vez m\u00e1s internacionales<strong>.<\/strong><\/p>\n<p>Mientras que en el per\u00edodo inmediatamente despu\u00e9s del Vaticano II se pon\u00eda gran \u00e9nfasis en la identidad nacional, hoy se percibe una conciencia revitalizada de la vocaci\u00f3n misionera universal de nuestra familia. De este modo exactamente es como San Vicente concibi\u00f3 la misi\u00f3n. En una \u00e9poca en que era tan dif\u00edcil viajar y en que la mayor parte de la gente sol\u00eda morir a pocas millas del lugar de su nacimiento, San Vicente envi\u00f3 misioneros e Hijas de la Caridad a lugares tan remotos como Polonia, Italia, Argelia, Madagascar, Irlanda, Escocia, a las Islas H\u00e9bridas y Orkneys. El mismo, siendo de edad avanzada, deseaba ir a las Indias.<span id='easy-footnote-4-51037' class='easy-footnote-margin-adjust'><\/span><span class='easy-footnote'><a href='http:\/\/vincentians.com\/es\/la-familia-vicenciana-como-misionera\/#easy-footnote-bottom-4-51037' title='SV XI,402'><sup>4<\/sup><\/a><\/span> Exhort\u00f3 a los misioneros sacerdotes y hermanos y a las Hermanas a establecer las \u00abCaridades\u00bb en todos los lugares que visitaban.<\/p>\n<h3><em>2. <\/em><em>Nuestra Misi\u00f3n exige movilidad<\/em><\/h3>\n<p>Pocas cosas est\u00e1n tan claras en el Nuevo Testamento. Jes\u00fas procede del Padre y va al Padre,<span id='easy-footnote-5-51037' class='easy-footnote-margin-adjust'><\/span><span class='easy-footnote'><a href='http:\/\/vincentians.com\/es\/la-familia-vicenciana-como-misionera\/#easy-footnote-bottom-5-51037' title='Jn 16: 28;cf Jn 1:1, Jn 14:28'><sup>5<\/sup><\/a><\/span> fuente de toda misi\u00f3n. \u00c9l realiza un ministerio itinerante. Da a sus seguidores un mandato: \u00abId al mundo entero y predicad el evangelio a todas las criaturas\u00bb.<span id='easy-footnote-6-51037' class='easy-footnote-margin-adjust'><\/span><span class='easy-footnote'><a href='http:\/\/vincentians.com\/es\/la-familia-vicenciana-como-misionera\/#easy-footnote-bottom-6-51037' title='Mc,16:15'><sup>6<\/sup><\/a><\/span> La Misi\u00f3n no es meramente una de las actividades de Jes\u00fas; forma parte de su propio ser.<\/p>\n<p title=\"\">Hoy somos tambi\u00e9n muy conscientes de que la misi\u00f3n no es meramente una actividad de la Iglesia; sino que es su misma raz\u00f3n de ser, y por eso, recalcamos la implicaci\u00f3n de todo cristiano en la misi\u00f3n de la Iglesia.<span id='easy-footnote-7-51037' class='easy-footnote-margin-adjust'><\/span><span class='easy-footnote'><a href='http:\/\/vincentians.com\/es\/la-familia-vicenciana-como-misionera\/#easy-footnote-bottom-7-51037' title='Redemptoris Missio,71-74'><sup>7<\/sup><\/a><\/span> Todos nosotros somos misioneros, hombres y mujeres, j\u00f3venes y ancianos, seglares y religiosos. Somos misioneros en nuestras casas, en nuestras parroquias, en nuestros vecindarios, y participamos tambi\u00e9n en la responsabilidad de la misi\u00f3n de la Iglesia universal, ya que Jes\u00fas nos pide que tengamos siempre nuestros ojos abiertos para compartir los dones de Dios con los necesitados.<\/p>\n<p>San Vicente es sumamente expl\u00edcito cuando habla de la movilidad misionera; Imagin\u00e9monos que nos dice: \u00abSalid, misioneros, salid. Pero&#8230;.\u00bftodav\u00eda est\u00e1is aqu\u00ed?. \u00a1 Mirad a las almas pobres que os est\u00e1n esperando, cuya salvaci\u00f3n depende, quiz\u00e1s, de vuestra predicaci\u00f3n y catequesis!\u00bb.<span id='easy-footnote-8-51037' class='easy-footnote-margin-adjust'><\/span><span class='easy-footnote'><a href='http:\/\/vincentians.com\/es\/la-familia-vicenciana-como-misionera\/#easy-footnote-bottom-8-51037' title='SV XI, 134'><sup>8<\/sup><\/a><\/span> San Vicente presenta ante nuestra vista la figura de los grandes misioneros que fueron a las Indias, al Jap\u00f3n, al Canad\u00e1 \u00abpara completar el trabajo que Jesucristo empez\u00f3 en este mundo y que nunca abandon\u00f3 desde la hora en que fue llamado por su Padre\u00bb.<span id='easy-footnote-9-51037' class='easy-footnote-margin-adjust'><\/span><span class='easy-footnote'><a href='http:\/\/vincentians.com\/es\/la-familia-vicenciana-como-misionera\/#easy-footnote-bottom-9-51037' title='Ibid.'><sup>9<\/sup><\/a><\/span>\n<p>Pero si nosotros tenemos este esp\u00edritu de movilidad, en ocasiones tendremos que estar dispuestos a abandonar obras firmemente establecidas que pueden ser continuadas por otros para nosotros ir a los m\u00e1s necesitados y abandonados. Por ejemplo, recientemente la Provincia de Colombia ha dejado un Seminario en Cochabamba, donde el clero secular se encontraba muy bien preparado para dirigirlo, con el fin de poder dirigir otro seminario en Arauca que no dispon\u00eda de formadores preparados, y para cooperar en la formaci\u00f3n sacerdotal en Ruanda. Me siento muy feliz en poder decir que \u00faltimamente ha habido en todas partes una revisi\u00f3n seria de los trabajos apost\u00f3licos con el fin de dejar libres a nuestros misioneros para ir a los m\u00e1s pobres de los pobres.<\/p>\n<h3><em>3. Nuestra Misi\u00f3n es Evangelizaci\u00f3n y Servicio<\/em><\/h3>\n<p>El n\u00facleo de nuestra misi\u00f3n es la evangelizaci\u00f3n, t\u00e9rmino que, en la tradici\u00f3n cat\u00f3lica, se ha tomado siempre en un concepto amplio e inclusivo.<span id='easy-footnote-10-51037' class='easy-footnote-margin-adjust'><\/span><span class='easy-footnote'><a href='http:\/\/vincentians.com\/es\/la-familia-vicenciana-como-misionera\/#easy-footnote-bottom-10-51037' title='CF Avery Dulles, en Seven Essentials of Evangelization\u00bb, en Origins 25 (# 23; November 23 1995) 397-400'><sup>10<\/sup><\/a><\/span> Pablo VI lo expres\u00f3 de la manera siguiente: \u00abLa Evangelizaci\u00f3n es un proceso complejo compuesto de varios elementos: la renovaci\u00f3n de la humanidad, el testimonio, la proclamaci\u00f3n expl\u00edcita, adhesi\u00f3n interior, inscripci\u00f3n en la comunidad, aceptaci\u00f3n de signos, iniciativa apost\u00f3lica. Estos elementos pueden parecer contradictorios, a\u00fan m\u00e1s, mutuamente exclusivos. En realidad, son mutuamente complementarios y mutuamente enriquecedores. Cada uno de ellos debe tomarse siempre en relaci\u00f3n con los otros\u00bb.<span id='easy-footnote-11-51037' class='easy-footnote-margin-adjust'><\/span><span class='easy-footnote'><a href='http:\/\/vincentians.com\/es\/la-familia-vicenciana-como-misionera\/#easy-footnote-bottom-11-51037' title='Evangelii Nuntiandi, 24'><sup>11<\/sup><\/a><\/span> En otras palabras, servicio es una parte integrante de la evangelizaci\u00f3n. Es la Buena Noticia en acci\u00f3n.<\/p>\n<p>San Vicente nos dice que primero debemos hacer y despu\u00e9s ense\u00f1ar. Para Vicente de Pa\u00fal, evangelizaci\u00f3n implica no s\u00f3lo la predicaci\u00f3n sino tambi\u00e9n la acci\u00f3n. Habla repetidas veces de la evangelizaci\u00f3n por \u00abpalabra y por obra\u00bb. Exhorta a los Padres y a las Hijas de la Caridad que sirvan a los pobres \u00abespiritual y corporalmente\u00bb. Hablando a los miembros de la Congregaci\u00f3n, San Vicente les amonestaba:<span id='easy-footnote-12-51037' class='easy-footnote-margin-adjust'><\/span><span class='easy-footnote'><a href='http:\/\/vincentians.com\/es\/la-familia-vicenciana-como-misionera\/#easy-footnote-bottom-12-51037' title='SV XII, 87'><sup>12<\/sup><\/a><\/span>\n<p style=\"padding-left: 30px\"><em>Si hay alguno entre nosotros que piensa que estamos en la Congregaci\u00f3n de la Misi\u00f3n para predicar el evangelio a los pobres pero no para confortarles, para ofrecerles ayuda espiritual pero no librarles de sus necesidades temporales, les digo que deber\u00edamos asistirles y procurar que se les asista de todas formas, por nosotros mismos y por otros. Hacer esto es predicar el evangelio \u00abde palabra y de obra\u00bb.<\/em><\/p>\n<p>Primero hacer. Despu\u00e9s ense\u00f1ar. Esa es la norma de San Vicente para una evangelizaci\u00f3n \u00abeficaz\u00bb. En otras palabras, San Vicente ve la promoci\u00f3n humana y a la predicaci\u00f3n como mutuamente complementarias y como parte integral en el proceso de evangelizaci\u00f3n.<\/p>\n<p>A la luz de las ense\u00f1anzas de San Vicente, nuestra evangelizaci\u00f3n ser\u00e1 totalmente viva cuando proclamemos la Buena Nueva:<\/p>\n<p style=\"padding-left: 30px\">a. a trav\u00e9s del lenguaje de las obras:<span id='easy-footnote-13-51037' class='easy-footnote-margin-adjust'><\/span><span class='easy-footnote'><a href='http:\/\/vincentians.com\/es\/la-familia-vicenciana-como-misionera\/#easy-footnote-bottom-13-51037' title='Cf. SV, II,4'><sup>13<\/sup><\/a><\/span> realizando obras de justicia y de misericordia que son signos de que el Reino de Dios est\u00e1 realmente vivo entre nosotros: alimentar al hambriento, dar de beber al sediento, ayudando a investigar las causas de su hambre y su sed y la forma de aliviarlas; proporcionando personal cualificado a las escuelas, hospitales, centros de minusv\u00e1lidos; ofreciendo programas para las madres y sus hijos; visitando a los enfermos en sus propias casas.<\/p>\n<p style=\"padding-left: 30px\">b. a trav\u00e9s del lenguaje de las palabras: Anunciando con convicci\u00f3n profunda la presencia del Se\u00f1or, su amor, su oferta de perd\u00f3n a todos; proclamando la dignidad de todas las personas, sus derechos humanos, denunciando las injusticias.<\/p>\n<p style=\"padding-left: 30px\">c. a trav\u00e9s del lenguaje de relaciones: estando <em>con<\/em> los pobres, trabajando <em>con<\/em> ellos, compartiendo algunas de sus privaciones, formando con ellos una comunidad que manifieste el amor universal del Se\u00f1or.<\/p>\n<h3>4. <em>Nuestra Misi\u00f3n est\u00e1 comprometida en la organizaci\u00f3n y en la formaci\u00f3n de otros para el servicio de los pobres.<\/em><\/h3>\n<p>San Vicente fue inflexible en este particular. Pocos santos son tan precisos como Vicente de Pa\u00fal. Se dio cuenta de que la evangelizaci\u00f3n eficaz y el servicio a los pobres requer\u00eda organizaci\u00f3n. Para conseguir este fin, Vicente fund\u00f3 dos comunidades y form\u00f3 abundantes grupos de laicos (Las Caridades).<\/p>\n<p>San Vicente emple\u00f3 las mismas estrategias organizativas a la formaci\u00f3n del clero. Consideraba que los pobres ser\u00edan bien servidos \u00fanicamente en el caso en que hubiese buenos sacerdotes en ese ministerio, y con ese fin organiz\u00f3 ejercicios espirituales para Sacerdotes y ordenandos, las Conferencias de los Martes y fund\u00f3 veinte seminarios.<\/p>\n<p>Pero \u00e9l no se par\u00f3 ah\u00ed. Puso en marcha todos los recursos posibles al servicio de los pobres: j\u00f3venes y ancianos, hombres y mujeres, clero y laicado, ricos y los mismos pobres. Las semillas de sus dotes organizativas han continuado extendi\u00e9ndose hasta hoy a trav\u00e9s de los innumerables miembros de AIC, de la Sociedad de San Vicente de Pa\u00fal, de la Asociaci\u00f3n de la Medalla Milagrosa, de los grupos de las Juventudes Marianas Vicencianas y de m\u00e1s de 260 Institutos fundados en el esp\u00edritu de San Vicente.<\/p>\n<h2 align=\"center\"><strong>II. Cuatro \u00abdatos de la situaci\u00f3n\u00bb al amanecer del Tercer Milenio<\/strong><\/h2>\n<p>Hay algunas realidades notables que son muy importantes para nuestra familia ahora, al acercarse el a\u00f1o 2000. No intentar\u00e9 probar ninguna de ellas, ya que todos las est\u00e1is experimentando en vuestra propia vida y trabajo. S\u00f3lo las mencionar\u00e9 brevemente como pr\u00f3logo de la parte final de mi exposici\u00f3n.<\/p>\n<ol>\n<li>La distancia entre el rico y el pobre es cada d\u00eda mayor. Como el Papa Juan Pablo II indic\u00f3 en Brasil (1980), Canad\u00e1 (1984) y Cuba (1998), los ricos son m\u00e1s ricos precisamente a costa del pobre.<\/li>\n<li>La pobreza tiene formas nuevas y anteriormente desconocidas. Nunca se ha conocido en el mundo tantos refugiados como ahora. El tr\u00e1fico de armas mantiene vivas las luchas locales. La deuda internacional crea cargas incre\u00edbles a las naciones pobres. Las nuevas enfermedades como el SIDA y nuevas formas de enfermedades tradicionales, como la malaria, de proporciones epid\u00e9micas.<\/li>\n<li>Somos una familia enorme que puede ser una gran fuerza al servicio del pobre \u2014 un \u00abej\u00e9rcito\u00bb, por as\u00ed decir, con m\u00e1s de dos millones de miembros.<\/li>\n<li>Las comunicaciones entre nosotros r\u00e1pidas, casi instant\u00e1neas, son posibles con medios como fax, e-mail e Internet.<\/li>\n<\/ol>\n<h2 style=\"text-align: center\"><strong>III. Algunos retos para el tercer Milenio<\/strong><\/h2>\n<p>Cuales son los principales retos misioneros que se le presentan a nuestra Familia Vicenciana en el tercer milenio? Permitidme sugeriros algunos. Todos vosotros, con toda seguridad, hab\u00e9is meditado sobre este mismo tema y tendr\u00e9is otras sugerencias propias que a\u00f1adir.<\/p>\n<h3><em>1. <\/em><em> El primer reto, y fundacional, es que desarrollemos una espiritualidad profundamente misionera<\/em><\/h3>\n<p>Algunos de vosotros me hab\u00e9is o\u00eddo decir esto repetidas veces. Es mi convicci\u00f3n m\u00e1s profunda. Cualquier cosa que hagamos, que digamos, adonde quiera que vayamos, de cualquier forma que sirvamos, debemos proclamar de palabra y de obra que Jes\u00fas est\u00e1 vivo y que \u00e9l es el amor de Dios entre nosotros. Esta es la Buena Nueva.<\/p>\n<p>Naturalmente, hay diferentes tonalidades de espiritualidad. Todas las espiritualidades cristianas emanan de la persona de Jes\u00fas. Pero si un Cartujo se centra en la oraci\u00f3n de Jes\u00fas, un Anacoreta en su soledad, un Franciscano en su pobreza, nosotros en la Familia Vicenciana nos centramos en nuestro amor pr\u00e1ctico y efectivo vivido en sencillez y en humildad.<\/p>\n<p>Permitidme mencionar brevemente cinco piedras angulares en la espiritualidad misionera de nuestra familia.<\/p>\n<p style=\"padding-left: 30px\">a. Nuestra santidad, nuestra pertenencia a Dios, est\u00e1 intr\u00ednsecamente ligada a nuestra misi\u00f3n con los pobres; nosotros nos comprometemos a seguir a Cristo como evangelizador y servidor de los pobres.<\/p>\n<p style=\"padding-left: 30px\">b. Nuestro crecimiento en la vida de Dios emana de los v\u00ednculos de la caridad formados entre nosotros, unos con otros y con los pobres; servimos no \u00fanicamente como individuos, sino en solidaridad con otros.<\/p>\n<p style=\"padding-left: 30px\">c. Nuestra oraci\u00f3n, elemento crucial en toda espiritualidad, posee su propio dinamismo particular, que emana de y lleva a la acci\u00f3n, como nos recuerda San Vicente con frecuencia. La oraci\u00f3n divorciada de la acci\u00f3n puede convertirse en un escape y crear ilusiones de santidad. El servicio divorciado de la oraci\u00f3n puede ser algo superficial, adictivo, activismo.<\/p>\n<p style=\"padding-left: 30px\">d. Nuestra libertad para ir donde el Se\u00f1or nos llame exigir\u00e1 sencillez de vida, humildad en el escuchar y desprendimiento de lo que pueda atarnos.<\/p>\n<p style=\"padding-left: 30px\">e. Nuestra espiritualidad es de una profunda encarnaci\u00f3n, enraizada en la encarnaci\u00f3n humana de Jes\u00fas. Nosotros contemplamos al pobre en Cristo y a Cristo en el pobre.<\/p>\n<p>Hoy os animo a quienes est\u00e1is aqu\u00ed presentes y a la Familia Vicenciana de todo el mundo a que profundic\u00e9is en las ra\u00edces de esta espiritualidad misionera.<\/p>\n<p>Algunos retos:<\/p>\n<ol>\n<li>Exhorto a nuestra familia a que prepare, dentro del pr\u00f3ximo a\u00f1o, un libro en el que se describan las bases y los medios concretos para que el laicado viva una espiritualidad vicenciana.<\/li>\n<li>Animo a todos nuestros grupos, especialmente a nuestros grupos de seglares, a que contin\u00faen desarrollando un programa de formaci\u00f3n integral bien organizado, una aut\u00e9ntica catequesis que se desarrolle durante varios de a\u00f1os, por el que nuestros miembros profundicen en el esp\u00edritu de San Vicente.<\/li>\n<li>Pido que los programas de formaci\u00f3n de los sacerdotes, hermanos, y hermanas en nuestra Familia Vicenciana sean revisados con el fin de poner mayor \u00e9nfasis en nuestra familia y en la solidaridad en vivir una espiritualidad profundamente apost\u00f3lica.<\/li>\n<li>Les exhorto a que en nuestros proyectos comunes apost\u00f3licos de familia, no s\u00f3lo trabajemos juntos, sino que tambi\u00e9n oremos juntos.<\/li>\n<\/ol>\n<h3><em>2. <\/em><em>El segundo reto que preveo es la formaci\u00f3n de nuestros formadores.<\/em><\/h3>\n<p>Llevo viviendo en Roma muchos a\u00f1os, quiz\u00e1s demasiados. Desde esta experiencia les digo que no he recibido otra llamada m\u00e1s frecuente o con m\u00e1s claridad que la de petici\u00f3n de formadores. La he o\u00eddo de los Provinciales de la Congregaci\u00f3n de la Misi\u00f3n. De las Hijas de la Caridad de todo el mundo y especialmente de la Madre General y de su Consejo. La he recibido de la AIC.. Lo he o\u00eddo de las Conferencias de San Vicente de Pa\u00fal. Lo he o\u00eddo de los grupos de las Juventudes Marianas Vicencianas. En los \u00faltimos seis meses he tenido innumerables reuniones sobre la necesidad de la buena formaci\u00f3n y de buenos formadores. Como misioneros nuestro entrega a los pobres depender\u00e1 en gran parte de la calidad de nuestra formaci\u00f3n.<\/p>\n<p>Algunos Retos:<\/p>\n<ol>\n<li>\u00bfPodemos organizar programas de formaci\u00f3n m\u00e1s eficaces para la formaci\u00f3n de formadores, tanto a nivel nacional como internacional, para los Padres, las Hijas de la Caridad y los otros grupos aqu\u00ed representados. Exhorto a los responsables de cada pa\u00eds, y tambi\u00e9n al Consejo General, a formularnos esta pregunta: \u00bfc\u00f3mo podemos formar mejor a nuestros formadores? Recientemente tratamos una propuesta a este respecto en el Consejo General.<\/li>\n<li>Les exhorto a que, dentro del a\u00f1o pr\u00f3ximo, establezcamos una red de Internet en perfecto funcionamiento, con el fin de poder distribuir informaci\u00f3n y art\u00edculos de formaci\u00f3n semanal o mensualmente en varias lenguas.<\/li>\n<li>Exhorto a nuestros miembros j\u00f3venes a que aprendan idiomas, con el fin de que lleguen a tener una aut\u00e9ntica flexibilidad misionera y la capacidad de ser formadores en pa\u00edses distintos del suyo.<\/li>\n<li>Animo a los provinciales a formar al menos a algunos de entre nosotros a ser expertos en doctrina social de la Iglesia, con el fin de que esa ense\u00f1anza llegue a convertirse en una parte integral de nuestra formaci\u00f3n vicenciana.<\/li>\n<li>Pido que, a trav\u00e9s de sesiones de trabajo, formemos buenos mentores que puedan acompa\u00f1ar a nuestros candidatos en experiencias apost\u00f3licas enriquecedoras entre los pobres.<\/li>\n<\/ol>\n<h3><em>3. <\/em><em>Naturalmente, en una familia con unas tradiciones tan concretas y pr\u00e1cticas como las nuestras, uno de los grandes retos para el tercer milenio debe ser los proyectos en colaboraci\u00f3n<\/em><\/h3>\n<p>Esto est\u00e1 teniendo ya lugar en muchos, si no es en la mayor parte, de vuestros pa\u00edses. Os animo a que un\u00e1is fuerzas a\u00fan m\u00e1s en el futuro.<\/p>\n<p>El tercer milenio, como el Papa Juan Pablo II ha proclamado ya en numerosas ocasiones, ser\u00e1 tambi\u00e9n el milenio del laicado.<\/p>\n<p>Nuestro servicio a los pobres ser\u00e1 tan tanto m\u00e1s efectivo cuanto m\u00e1s canalicemos nuestras energ\u00edas, que son inmensas, en proyectos en colaboraci\u00f3n. Uso a prop\u00f3sito la palabra \u00abcolaborar\u00bb. Cada uno de los aqu\u00ed presentes tenemos una vocaci\u00f3n misionera, las mujeres y hombres seglares, las hermanas, los sacerdotes, los hermanos, cada uno de nosotros. En nuestra familia no deben existir rivalidades, no debe existir dominio clerical. Debemos ser sencillos, humildes siervos de los pobres. Esta es la raz\u00f3n por la que la humildad es tan importante en nuestra tradici\u00f3n Vicenciana. San Vicente dice : \u00abEs la base de toda perfecci\u00f3n evang\u00e9lica\u00bb. \u00abEs la esencia de la vida espiritual\u00bb.<span id='easy-footnote-14-51037' class='easy-footnote-margin-adjust'><\/span><span class='easy-footnote'><a href='http:\/\/vincentians.com\/es\/la-familia-vicenciana-como-misionera\/#easy-footnote-bottom-14-51037' title='Reglas Comunes de la Congregaci\u00f3n de la Misi\u00f3n, II 7'><sup>14<\/sup><\/a><\/span> La humildad es la gran virtud de la colaboraci\u00f3n. Nunca busca dominar. La persona humilde busca los dones de Dios dondequiera que est\u00e9n, recibe estos dones, como administrador, y los pasa a los pobres.<\/p>\n<p>Recientemente los responsables de algunas de las principales ramas de la Familia Vicenciana han publicado seis proyectos en colaboraci\u00f3n, de contenidos diferentes, como ejemplos para estimular otros proyectos semejantes.<\/p>\n<p>Algunos Retos:<\/p>\n<ol>\n<li>\u00bfPodr\u00edamos hacer el pr\u00f3ximo a\u00f1o en cada uno de nuestros pa\u00edses otros proyectos de colaboraci\u00f3n similares? Tengo confianza de que este objetivo es realizable dentro del a\u00f1o.<\/li>\n<li>\u00bfPodemos considerar misiones \u00abad gentes\u00bb donde los misioneros adem\u00e1s de ser sacerdotes, hermanos y hermanas religiosas fuesen tambi\u00e9n hombres y mujeres casados de todas las ramas de nuestra familia?.<\/li>\n<li>\u00bfPodr\u00edamos desarrollar proyectos en los que los pobres trabajasen junto con nosotros, compartiesen nuestra formaci\u00f3n, nuestra oraci\u00f3n, y llegaran a ser una parte viva de nuestra Familia Vicenciana?<\/li>\n<li>\u00bfPodr\u00edamos organizar una red de trabajo vicenciana de justicia y paz en todos nuestros pa\u00edses, y a nivel internacional, a fin de, en temas concretos, poder movilizar nuestras energ\u00edas en acci\u00f3n en favor de la justicia social?<\/li>\n<\/ol>\n<h3><em>4. <\/em><em>Un cuarto reto para nuestra familia hoy, como base para su eficacia misionera, es desarrollar algunas formas claras y sencillas para orar como miembros de la Familia Vicenciana.<\/em><\/h3>\n<p>San Vicente fue muy pr\u00e1ctico en la oraci\u00f3n. Nos recomend\u00f3 algunos m\u00e9todos para orar, como el peque\u00f1o m\u00e9todo que aplic\u00f3 a la predicaci\u00f3n y a la oraci\u00f3n. Nos ofreci\u00f3 algunas sugerencias sobre el uso de im\u00e1genes, de palabras, de la mente, del coraz\u00f3n y de la voluntad.<\/p>\n<p>Algunos Retos:<\/p>\n<ol>\n<li>\u00bfConocen todos los miembros de la familia estos modos de oraci\u00f3n vicenciana, desde la Hermana anciana de 90 a\u00f1os de China hasta el joven de 15 a\u00f1os miembro de las Juventudes Marianas Vicencianas en M\u00e9xico? Creo que no. \u00bfPodemos nosotros, como lo hizo San Vicente, ser m\u00e1s eficaces en nuestro modo de ense\u00f1ar a otros a orar?<\/li>\n<li>\u00bfSomos capaces de ense\u00f1arnos mutuamente a integrar oraci\u00f3n y vida apost\u00f3lica?.<\/li>\n<li>\u00bfSomos capaces de desarrollar algunas formas sencillas de oraci\u00f3n diaria, apropiadas a los distintos momentos del d\u00eda o a diferentes ocasiones, con el fin de poder ofrecerlas especialmente a los j\u00f3venes y a los pobres?.<\/li>\n<\/ol>\n<h3>5.<em> Un quinto reto en nuestros esfuerzos misioneros en el tercer milenio es llegar especialmente a los j\u00f3venes.<\/em><\/h3>\n<p>Recientemente dije esto en cierto lugar y despu\u00e9s recib\u00ed una carta fuerte de una Hermana diciendo que deber\u00edamos llegar tambi\u00e9n a los ancianos. Por supuesto, eso es verdad. Los ancianos merecen mucho nuestro amor y atenci\u00f3n, pero yo os animo a que llegu\u00e9is especialmente a los j\u00f3venes<\/p>\n<p>\u00bfHay algo en lo que el Papa Juan Pablo II haya puesto m\u00e1s \u00e9nfasis, tanto de palabra como de obra? Los j\u00f3venes <em>son<\/em> el tercer milenio. Les pertenece. Ciertamente no me pertenece a m\u00ed. Dudo que pueda sobrevivir \u00a1m\u00e1s all\u00e1 de su segunda d\u00e9cada!. Y probablemente muchos de vosotros podr\u00e9is decir lo mismo.<\/p>\n<p>Por consiguiente, hoy os digo: San Vicente un dejado un don maravilloso en la Iglesia. Lo ha colocado, en parte, en vuestras manos y en las m\u00edas. Pasadlo a los j\u00f3venes. Decidles c\u00f3mo San Vicente, inspirado por la \u2018visi\u00f3n\u2019 de Jes\u00fas, vio el mundo al rev\u00e9s (patas-arriba). Decidles que en el Reino de Dios, los pobres son los reyes, las reinas y los presidentes y que nosotros somos sus servidores. Entregadles una rice espiritualidad evang\u00e9lica, enraizada en la humanidad de Jes\u00fas. Ayudadles a compartir el amor de Jes\u00fas a Dios como Padre, su confianza en la providencia de Dios. Acompa\u00f1adles a escuchar la palabra de Dios como hizo Mar\u00eda, la madre de Jes\u00fas, y a ponerla en pr\u00e1ctica como hizo ella. Demostradles, especialmente con vuestras vidas la importancia de la verdad. Mostradles, con vuestro ejemplo, el modo de ver al mundo con los ojos del humilde por lo que todo es un regalo \u2014 todo\u2014 y Dios est\u00e1 continuamente en nuestras vidas para hacernos seres nuevos y completos. Haced esto, no \u00fanicamente como un medio de promoci\u00f3n vocacional, sino como una forma de compartir el don maravilloso que Dios nos ha dado.<\/p>\n<p>Nuestro carisma es algo muy importante en la Iglesia. \u00bfPuede esta Asamblea plantear un desaf\u00edo a los miembros de nuestra familia, dondequiera que est\u00e9n en todo el mundo, a crear grupos de j\u00f3venes y proporcionarles una formaci\u00f3n s\u00f3lida?<\/p>\n<p>Una de los frecuentes lamentaciones que oigo, especialmente por parte de los superiores, es la cantidad de tiempo que tienen que dedicar al \u00ab<em>mantenimiento<\/em>\u00bb y lo poco que pueden dar a la \u00ab<em>misi\u00f3n<\/em>\u00ab. Naturalmente, \u00ab<em>el mantenimiento<\/em>\u00bb es necesario. Todos lo reconocemos. Pero yo os animo a que encontr\u00e9is medios de centrarse m\u00e1s y m\u00e1s en la energ\u00eda de nuestra familia en la misi\u00f3n. Jes\u00fas nos pide que seamos libres, desprendidos, para poder dedicar nuestras vidas totalmente a su servicio.<\/p>\n<p>Al concluir estas reflexiones, os pido que os imagin\u00e9is que estamos de pie junto a Jes\u00fas al final del evangelio de Marcos. Su ministerio ha llegado al fin. El ahora nos conf\u00eda la misi\u00f3n de proclamar y presenciar la salvaci\u00f3n de Dios, perdonando, alimentando y mostrando su amor sacrificado por los dem\u00e1s. Jes\u00fas se vuelve hoy hacia nosotros, como se volvi\u00f3 a sus seguidores al final del evangelio de Marcos y nos dice: \u00abId, id a todo el mundo y predicad el evangelio a todas las criaturas\u00bb. Esa es nuestra misi\u00f3n. Vayamos, hermanos y hermanas, miembros de la Familia Vicenciana, y proclamemos la Buena Nueva Jubilar de que Dios est\u00e1 aqu\u00ed para liberar a su pueblo.<\/p>\n","protected":false},"excerpt":{"rendered":"<p>Es fascinante pensar en el amanecer de un nuevo milenio. Estamos ante al umbral de una nueva era en la historia, de un gran jubileo, de un tiempo de regocijo. Tal vez nos sea una &#8230; <a href=\"http:\/\/vincentians.com\/es\/la-familia-vicenciana-como-misionera\/\" class=\"more-link\">Read More<\/a><\/p>\n","protected":false},"author":4,"featured_media":399864,"comment_status":"open","ping_status":"open","sticky":false,"template":"","format":"standard","meta":{"jetpack_post_was_ever_published":false,"_jetpack_newsletter_access":"","_jetpack_dont_email_post_to_subs":false,"_jetpack_newsletter_tier_id":0,"_jetpack_memberships_contains_paywalled_content":false,"_jetpack_memberships_contains_paid_content":false,"footnotes":"","jetpack_publicize_message":"","jetpack_publicize_feature_enabled":true,"jetpack_social_post_already_shared":true,"jetpack_social_options":{"image_generator_settings":{"template":"highway","default_image_id":0,"font":"","enabled":false},"version":2}},"categories":[28],"tags":[168,176,196,127],"class_list":["post-51037","post","type-post","status-publish","format-standard","has-post-thumbnail","hentry","category-formacion-vicenciana","tag-argel","tag-misiones-populares","tag-perboyre","tag-portail"],"yoast_head":"<!-- This site is optimized with the Yoast SEO plugin v26.3 - https:\/\/yoast.com\/wordpress\/plugins\/seo\/ -->\n<title>La Familia Vicenciana como misionera - Somos Vicencianos<\/title>\n<meta name=\"robots\" content=\"index, follow, max-snippet:-1, max-image-preview:large, max-video-preview:-1\" \/>\n<link rel=\"canonical\" href=\"http:\/\/vincentians.com\/es\/la-familia-vicenciana-como-misionera\/\" \/>\n<meta property=\"og:locale\" content=\"es_ES\" \/>\n<meta property=\"og:type\" content=\"article\" \/>\n<meta property=\"og:title\" content=\"La Familia Vicenciana como misionera - Somos Vicencianos\" \/>\n<meta property=\"og:description\" content=\"Es fascinante pensar en el amanecer de un nuevo milenio. Estamos ante al umbral de una nueva era en la historia, de un gran jubileo, de un tiempo de regocijo. Tal vez nos sea una ... Read More\" \/>\n<meta property=\"og:url\" content=\"http:\/\/vincentians.com\/es\/la-familia-vicenciana-como-misionera\/\" \/>\n<meta property=\"og:site_name\" content=\"Somos Vicencianos\" \/>\n<meta property=\"article:publisher\" content=\"https:\/\/www.facebook.com\/WeAreVincentians\/\" \/>\n<meta property=\"article:author\" content=\"https:\/\/www.facebook.com\/JavierChento\" \/>\n<meta property=\"article:published_time\" content=\"2019-11-10T07:15:36+00:00\" \/>\n<meta property=\"og:image\" content=\"https:\/\/i0.wp.com\/vincentians.com\/es\/wp-content\/uploads\/sites\/11\/2016\/09\/vincentian-missionarie.jpg?fit=846%2C444\" \/>\n\t<meta property=\"og:image:width\" content=\"846\" \/>\n\t<meta property=\"og:image:height\" content=\"444\" \/>\n\t<meta property=\"og:image:type\" content=\"image\/jpeg\" \/>\n<meta name=\"author\" content=\"Francisco Javier Fern\u00e1ndez Chento\" \/>\n<meta name=\"twitter:card\" content=\"summary_large_image\" \/>\n<meta name=\"twitter:creator\" content=\"@https:\/\/twitter.com\/javierchento\" \/>\n<meta name=\"twitter:site\" content=\"@WeVincentians\" \/>\n<meta name=\"twitter:label1\" content=\"Escrito por\" \/>\n\t<meta name=\"twitter:data1\" content=\"Francisco Javier Fern\u00e1ndez Chento\" \/>\n\t<meta name=\"twitter:label2\" content=\"Tiempo de lectura\" \/>\n\t<meta name=\"twitter:data2\" content=\"22 minutos\" \/>\n<script type=\"application\/ld+json\" class=\"yoast-schema-graph\">{\"@context\":\"https:\/\/schema.org\",\"@graph\":[{\"@type\":\"Article\",\"@id\":\"http:\/\/vincentians.com\/es\/la-familia-vicenciana-como-misionera\/#article\",\"isPartOf\":{\"@id\":\"http:\/\/vincentians.com\/es\/la-familia-vicenciana-como-misionera\/\"},\"author\":{\"name\":\"Francisco Javier Fern\u00e1ndez Chento\",\"@id\":\"http:\/\/vincentians.com\/es\/#\/schema\/person\/9623ef4d9aa3b2dfb8c061f1499288f2\"},\"headline\":\"La Familia Vicenciana como misionera\",\"datePublished\":\"2019-11-10T07:15:36+00:00\",\"mainEntityOfPage\":{\"@id\":\"http:\/\/vincentians.com\/es\/la-familia-vicenciana-como-misionera\/\"},\"wordCount\":4389,\"commentCount\":0,\"publisher\":{\"@id\":\"http:\/\/vincentians.com\/es\/#organization\"},\"image\":{\"@id\":\"http:\/\/vincentians.com\/es\/la-familia-vicenciana-como-misionera\/#primaryimage\"},\"thumbnailUrl\":\"https:\/\/i0.wp.com\/vincentians.com\/es\/wp-content\/uploads\/sites\/11\/2016\/09\/vincentian-missionarie.jpg?fit=846%2C444\",\"keywords\":[\"Argel\",\"Misiones Populares\",\"Perboyre\",\"Portail\"],\"articleSection\":[\"Formaci\u00f3n Vicenciana\"],\"inLanguage\":\"es\",\"potentialAction\":[{\"@type\":\"CommentAction\",\"name\":\"Comment\",\"target\":[\"http:\/\/vincentians.com\/es\/la-familia-vicenciana-como-misionera\/#respond\"]}]},{\"@type\":\"WebPage\",\"@id\":\"http:\/\/vincentians.com\/es\/la-familia-vicenciana-como-misionera\/\",\"url\":\"http:\/\/vincentians.com\/es\/la-familia-vicenciana-como-misionera\/\",\"name\":\"La Familia Vicenciana como misionera - Somos Vicencianos\",\"isPartOf\":{\"@id\":\"http:\/\/vincentians.com\/es\/#website\"},\"primaryImageOfPage\":{\"@id\":\"http:\/\/vincentians.com\/es\/la-familia-vicenciana-como-misionera\/#primaryimage\"},\"image\":{\"@id\":\"http:\/\/vincentians.com\/es\/la-familia-vicenciana-como-misionera\/#primaryimage\"},\"thumbnailUrl\":\"https:\/\/i0.wp.com\/vincentians.com\/es\/wp-content\/uploads\/sites\/11\/2016\/09\/vincentian-missionarie.jpg?fit=846%2C444\",\"datePublished\":\"2019-11-10T07:15:36+00:00\",\"breadcrumb\":{\"@id\":\"http:\/\/vincentians.com\/es\/la-familia-vicenciana-como-misionera\/#breadcrumb\"},\"inLanguage\":\"es\",\"potentialAction\":[{\"@type\":\"ReadAction\",\"target\":[\"http:\/\/vincentians.com\/es\/la-familia-vicenciana-como-misionera\/\"]}]},{\"@type\":\"ImageObject\",\"inLanguage\":\"es\",\"@id\":\"http:\/\/vincentians.com\/es\/la-familia-vicenciana-como-misionera\/#primaryimage\",\"url\":\"https:\/\/i0.wp.com\/vincentians.com\/es\/wp-content\/uploads\/sites\/11\/2016\/09\/vincentian-missionarie.jpg?fit=846%2C444\",\"contentUrl\":\"https:\/\/i0.wp.com\/vincentians.com\/es\/wp-content\/uploads\/sites\/11\/2016\/09\/vincentian-missionarie.jpg?fit=846%2C444\",\"width\":846,\"height\":444},{\"@type\":\"BreadcrumbList\",\"@id\":\"http:\/\/vincentians.com\/es\/la-familia-vicenciana-como-misionera\/#breadcrumb\",\"itemListElement\":[{\"@type\":\"ListItem\",\"position\":1,\"name\":\"Portada\",\"item\":\"http:\/\/vincentians.com\/es\/\"},{\"@type\":\"ListItem\",\"position\":2,\"name\":\"La Familia Vicenciana como misionera\"}]},{\"@type\":\"WebSite\",\"@id\":\"http:\/\/vincentians.com\/es\/#website\",\"url\":\"http:\/\/vincentians.com\/es\/\",\"name\":\"Somos Vicencianos\",\"description\":\"Know more to serve more\",\"publisher\":{\"@id\":\"http:\/\/vincentians.com\/es\/#organization\"},\"potentialAction\":[{\"@type\":\"SearchAction\",\"target\":{\"@type\":\"EntryPoint\",\"urlTemplate\":\"http:\/\/vincentians.com\/es\/?s={search_term_string}\"},\"query-input\":{\"@type\":\"PropertyValueSpecification\",\"valueRequired\":true,\"valueName\":\"search_term_string\"}}],\"inLanguage\":\"es\"},{\"@type\":\"Organization\",\"@id\":\"http:\/\/vincentians.com\/es\/#organization\",\"name\":\"The Vincentian Network\",\"url\":\"http:\/\/vincentians.com\/es\/\",\"logo\":{\"@type\":\"ImageObject\",\"inLanguage\":\"es\",\"@id\":\"http:\/\/vincentians.com\/es\/#\/schema\/logo\/image\/\",\"url\":\"https:\/\/i1.wp.com\/vincentians.com\/es\/wp-content\/uploads\/sites\/11\/2016\/06\/Vincentian-Network-logo-big.png?fit=778%2C778\",\"contentUrl\":\"https:\/\/i1.wp.com\/vincentians.com\/es\/wp-content\/uploads\/sites\/11\/2016\/06\/Vincentian-Network-logo-big.png?fit=778%2C778\",\"width\":778,\"height\":778,\"caption\":\"The Vincentian Network\"},\"image\":{\"@id\":\"http:\/\/vincentians.com\/es\/#\/schema\/logo\/image\/\"},\"sameAs\":[\"https:\/\/www.facebook.com\/WeAreVincentians\/\",\"https:\/\/x.com\/WeVincentians\"]},{\"@type\":\"Person\",\"@id\":\"http:\/\/vincentians.com\/es\/#\/schema\/person\/9623ef4d9aa3b2dfb8c061f1499288f2\",\"name\":\"Francisco Javier Fern\u00e1ndez Chento\",\"image\":{\"@type\":\"ImageObject\",\"inLanguage\":\"es\",\"@id\":\"http:\/\/vincentians.com\/es\/#\/schema\/person\/image\/\",\"url\":\"https:\/\/secure.gravatar.com\/avatar\/497d5cde87b4c3d097d0315953521681ba2cd523ee66e5077c3711f7021e65de?s=96&d=mm&r=g\",\"contentUrl\":\"https:\/\/secure.gravatar.com\/avatar\/497d5cde87b4c3d097d0315953521681ba2cd523ee66e5077c3711f7021e65de?s=96&d=mm&r=g\",\"caption\":\"Francisco Javier Fern\u00e1ndez Chento\"},\"description\":\"Director General y cofundador de La Red de Formaci\u00f3n Vicenciana. Javier es laico vicenciano, afiliado a la Congregaci\u00f3n de la Misi\u00f3n y miembro del Equipo de Misiones Populares de la provincia can\u00f3nica de Zaragoza (Espa\u00f1a) de la Congregaci\u00f3n de la Misi\u00f3n. Graduado en la Universidad Oberta de Catalunya con cuatro grados (Asistente de direcci\u00f3n, Gesti\u00f3n Administrativa, Recursos Humanos y Contabilidad Avanzada). Bil\u00edng\u00fce Espa\u00f1ol\/Ingl\u00e9s. gestiona y mantiene varias p\u00e1ginas web cristianas y vicencianas, incluida including La Red de Formaci\u00f3n Vicenciana, de la que es cofundador. Actualmente es responsable del \u00e1rea de Espa\u00f1ol de .famvin, la Red de Noticias de la Familia Vicenciana. Tambi\u00e9n es m\u00fasico cat\u00f3lico y ha editado varios discos. Es Director General y cofundador de Trovador, una reconocida compa\u00f1\u00eda discogr\u00e1fica critiana de Espa\u00f1a. Trabaja en las Tecnolog\u00edas de la Informaci\u00f3n, ofreciendo servicios de alojamiento, dise\u00f1o y mantenimiento Web, as\u00ed como asesoramiento, formaci\u00f3n y soluciones inform\u00e1ticas, gesti\u00f3n documental y digitalizaci\u00f3n de textos, edici\u00f3n y maquetaci\u00f3n de libros, revistas, flyers, etc.\",\"sameAs\":[\"http:\/\/chento.org\",\"https:\/\/www.facebook.com\/JavierChento\",\"https:\/\/x.com\/https:\/\/twitter.com\/javierchento\"],\"url\":\"http:\/\/vincentians.com\/es\/author\/chento\/\"}]}<\/script>\n<!-- \/ Yoast SEO plugin. -->","yoast_head_json":{"title":"La Familia Vicenciana como misionera - Somos Vicencianos","robots":{"index":"index","follow":"follow","max-snippet":"max-snippet:-1","max-image-preview":"max-image-preview:large","max-video-preview":"max-video-preview:-1"},"canonical":"http:\/\/vincentians.com\/es\/la-familia-vicenciana-como-misionera\/","og_locale":"es_ES","og_type":"article","og_title":"La Familia Vicenciana como misionera - Somos Vicencianos","og_description":"Es fascinante pensar en el amanecer de un nuevo milenio. Estamos ante al umbral de una nueva era en la historia, de un gran jubileo, de un tiempo de regocijo. Tal vez nos sea una ... Read More","og_url":"http:\/\/vincentians.com\/es\/la-familia-vicenciana-como-misionera\/","og_site_name":"Somos Vicencianos","article_publisher":"https:\/\/www.facebook.com\/WeAreVincentians\/","article_author":"https:\/\/www.facebook.com\/JavierChento","article_published_time":"2019-11-10T07:15:36+00:00","og_image":[{"width":846,"height":444,"url":"https:\/\/i0.wp.com\/vincentians.com\/es\/wp-content\/uploads\/sites\/11\/2016\/09\/vincentian-missionarie.jpg?fit=846%2C444","type":"image\/jpeg"}],"author":"Francisco Javier Fern\u00e1ndez Chento","twitter_card":"summary_large_image","twitter_creator":"@https:\/\/twitter.com\/javierchento","twitter_site":"@WeVincentians","twitter_misc":{"Escrito por":"Francisco Javier Fern\u00e1ndez Chento","Tiempo de lectura":"22 minutos"},"schema":{"@context":"https:\/\/schema.org","@graph":[{"@type":"Article","@id":"http:\/\/vincentians.com\/es\/la-familia-vicenciana-como-misionera\/#article","isPartOf":{"@id":"http:\/\/vincentians.com\/es\/la-familia-vicenciana-como-misionera\/"},"author":{"name":"Francisco Javier Fern\u00e1ndez Chento","@id":"http:\/\/vincentians.com\/es\/#\/schema\/person\/9623ef4d9aa3b2dfb8c061f1499288f2"},"headline":"La Familia Vicenciana como misionera","datePublished":"2019-11-10T07:15:36+00:00","mainEntityOfPage":{"@id":"http:\/\/vincentians.com\/es\/la-familia-vicenciana-como-misionera\/"},"wordCount":4389,"commentCount":0,"publisher":{"@id":"http:\/\/vincentians.com\/es\/#organization"},"image":{"@id":"http:\/\/vincentians.com\/es\/la-familia-vicenciana-como-misionera\/#primaryimage"},"thumbnailUrl":"https:\/\/i0.wp.com\/vincentians.com\/es\/wp-content\/uploads\/sites\/11\/2016\/09\/vincentian-missionarie.jpg?fit=846%2C444","keywords":["Argel","Misiones Populares","Perboyre","Portail"],"articleSection":["Formaci\u00f3n Vicenciana"],"inLanguage":"es","potentialAction":[{"@type":"CommentAction","name":"Comment","target":["http:\/\/vincentians.com\/es\/la-familia-vicenciana-como-misionera\/#respond"]}]},{"@type":"WebPage","@id":"http:\/\/vincentians.com\/es\/la-familia-vicenciana-como-misionera\/","url":"http:\/\/vincentians.com\/es\/la-familia-vicenciana-como-misionera\/","name":"La Familia Vicenciana como misionera - Somos Vicencianos","isPartOf":{"@id":"http:\/\/vincentians.com\/es\/#website"},"primaryImageOfPage":{"@id":"http:\/\/vincentians.com\/es\/la-familia-vicenciana-como-misionera\/#primaryimage"},"image":{"@id":"http:\/\/vincentians.com\/es\/la-familia-vicenciana-como-misionera\/#primaryimage"},"thumbnailUrl":"https:\/\/i0.wp.com\/vincentians.com\/es\/wp-content\/uploads\/sites\/11\/2016\/09\/vincentian-missionarie.jpg?fit=846%2C444","datePublished":"2019-11-10T07:15:36+00:00","breadcrumb":{"@id":"http:\/\/vincentians.com\/es\/la-familia-vicenciana-como-misionera\/#breadcrumb"},"inLanguage":"es","potentialAction":[{"@type":"ReadAction","target":["http:\/\/vincentians.com\/es\/la-familia-vicenciana-como-misionera\/"]}]},{"@type":"ImageObject","inLanguage":"es","@id":"http:\/\/vincentians.com\/es\/la-familia-vicenciana-como-misionera\/#primaryimage","url":"https:\/\/i0.wp.com\/vincentians.com\/es\/wp-content\/uploads\/sites\/11\/2016\/09\/vincentian-missionarie.jpg?fit=846%2C444","contentUrl":"https:\/\/i0.wp.com\/vincentians.com\/es\/wp-content\/uploads\/sites\/11\/2016\/09\/vincentian-missionarie.jpg?fit=846%2C444","width":846,"height":444},{"@type":"BreadcrumbList","@id":"http:\/\/vincentians.com\/es\/la-familia-vicenciana-como-misionera\/#breadcrumb","itemListElement":[{"@type":"ListItem","position":1,"name":"Portada","item":"http:\/\/vincentians.com\/es\/"},{"@type":"ListItem","position":2,"name":"La Familia Vicenciana como misionera"}]},{"@type":"WebSite","@id":"http:\/\/vincentians.com\/es\/#website","url":"http:\/\/vincentians.com\/es\/","name":"Somos Vicencianos","description":"Know more to serve more","publisher":{"@id":"http:\/\/vincentians.com\/es\/#organization"},"potentialAction":[{"@type":"SearchAction","target":{"@type":"EntryPoint","urlTemplate":"http:\/\/vincentians.com\/es\/?s={search_term_string}"},"query-input":{"@type":"PropertyValueSpecification","valueRequired":true,"valueName":"search_term_string"}}],"inLanguage":"es"},{"@type":"Organization","@id":"http:\/\/vincentians.com\/es\/#organization","name":"The Vincentian Network","url":"http:\/\/vincentians.com\/es\/","logo":{"@type":"ImageObject","inLanguage":"es","@id":"http:\/\/vincentians.com\/es\/#\/schema\/logo\/image\/","url":"https:\/\/i1.wp.com\/vincentians.com\/es\/wp-content\/uploads\/sites\/11\/2016\/06\/Vincentian-Network-logo-big.png?fit=778%2C778","contentUrl":"https:\/\/i1.wp.com\/vincentians.com\/es\/wp-content\/uploads\/sites\/11\/2016\/06\/Vincentian-Network-logo-big.png?fit=778%2C778","width":778,"height":778,"caption":"The Vincentian Network"},"image":{"@id":"http:\/\/vincentians.com\/es\/#\/schema\/logo\/image\/"},"sameAs":["https:\/\/www.facebook.com\/WeAreVincentians\/","https:\/\/x.com\/WeVincentians"]},{"@type":"Person","@id":"http:\/\/vincentians.com\/es\/#\/schema\/person\/9623ef4d9aa3b2dfb8c061f1499288f2","name":"Francisco Javier Fern\u00e1ndez Chento","image":{"@type":"ImageObject","inLanguage":"es","@id":"http:\/\/vincentians.com\/es\/#\/schema\/person\/image\/","url":"https:\/\/secure.gravatar.com\/avatar\/497d5cde87b4c3d097d0315953521681ba2cd523ee66e5077c3711f7021e65de?s=96&d=mm&r=g","contentUrl":"https:\/\/secure.gravatar.com\/avatar\/497d5cde87b4c3d097d0315953521681ba2cd523ee66e5077c3711f7021e65de?s=96&d=mm&r=g","caption":"Francisco Javier Fern\u00e1ndez Chento"},"description":"Director General y cofundador de La Red de Formaci\u00f3n Vicenciana. Javier es laico vicenciano, afiliado a la Congregaci\u00f3n de la Misi\u00f3n y miembro del Equipo de Misiones Populares de la provincia can\u00f3nica de Zaragoza (Espa\u00f1a) de la Congregaci\u00f3n de la Misi\u00f3n. Graduado en la Universidad Oberta de Catalunya con cuatro grados (Asistente de direcci\u00f3n, Gesti\u00f3n Administrativa, Recursos Humanos y Contabilidad Avanzada). Bil\u00edng\u00fce Espa\u00f1ol\/Ingl\u00e9s. gestiona y mantiene varias p\u00e1ginas web cristianas y vicencianas, incluida including La Red de Formaci\u00f3n Vicenciana, de la que es cofundador. Actualmente es responsable del \u00e1rea de Espa\u00f1ol de .famvin, la Red de Noticias de la Familia Vicenciana. Tambi\u00e9n es m\u00fasico cat\u00f3lico y ha editado varios discos. Es Director General y cofundador de Trovador, una reconocida compa\u00f1\u00eda discogr\u00e1fica critiana de Espa\u00f1a. Trabaja en las Tecnolog\u00edas de la Informaci\u00f3n, ofreciendo servicios de alojamiento, dise\u00f1o y mantenimiento Web, as\u00ed como asesoramiento, formaci\u00f3n y soluciones inform\u00e1ticas, gesti\u00f3n documental y digitalizaci\u00f3n de textos, edici\u00f3n y maquetaci\u00f3n de libros, revistas, flyers, etc.","sameAs":["http:\/\/chento.org","https:\/\/www.facebook.com\/JavierChento","https:\/\/x.com\/https:\/\/twitter.com\/javierchento"],"url":"http:\/\/vincentians.com\/es\/author\/chento\/"}]}},"jetpack_publicize_connections":[],"jetpack_featured_media_url":"https:\/\/i0.wp.com\/vincentians.com\/es\/wp-content\/uploads\/sites\/11\/2016\/09\/vincentian-missionarie.jpg?fit=846%2C444","jetpack_sharing_enabled":true,"jetpack_shortlink":"https:\/\/wp.me\/p7ETMF-dhb","jetpack-related-posts":[{"id":398644,"url":"http:\/\/vincentians.com\/es\/aportacion-del-carisma-vicenciano-la-mision-la-iglesia-8\/","url_meta":{"origin":51037,"position":0},"title":"Aportaci\u00f3n del carisma vicenciano a la Misi\u00f3n de la Iglesia (8)","author":"Francisco Javier Fern\u00e1ndez Chento","date":"11\/08\/2016","format":false,"excerpt":"8.- La Caridad, que anima la Misi\u00f3n. La Misi\u00f3n que se hace Caridad. En la sinagoga de Nazaret y a partir de un texto del profeta Isa\u00edas (El Esp\u00edritu del Se\u00f1or est\u00e1 sobre m\u00ed, porque \u00e9l me ha ungido; me ha enviado para dar la buena noticia a los pobres\u2026),\u2026","rel":"","context":"En \u00abFormaci\u00f3n Vicenciana\u00bb","block_context":{"text":"Formaci\u00f3n Vicenciana","link":"http:\/\/vincentians.com\/es\/category\/formacion-vicenciana\/"},"img":{"alt_text":"","src":"https:\/\/i0.wp.com\/vincentians.com\/es\/wp-content\/uploads\/sites\/11\/2016\/06\/contributions-charism.jpg?fit=1200%2C630&resize=350%2C200","width":350,"height":200,"srcset":"https:\/\/i0.wp.com\/vincentians.com\/es\/wp-content\/uploads\/sites\/11\/2016\/06\/contributions-charism.jpg?fit=1200%2C630&resize=350%2C200 1x, https:\/\/i0.wp.com\/vincentians.com\/es\/wp-content\/uploads\/sites\/11\/2016\/06\/contributions-charism.jpg?fit=1200%2C630&resize=525%2C300 1.5x, https:\/\/i0.wp.com\/vincentians.com\/es\/wp-content\/uploads\/sites\/11\/2016\/06\/contributions-charism.jpg?fit=1200%2C630&resize=700%2C400 2x, https:\/\/i0.wp.com\/vincentians.com\/es\/wp-content\/uploads\/sites\/11\/2016\/06\/contributions-charism.jpg?fit=1200%2C630&resize=1050%2C600 3x"},"classes":[]},{"id":116383,"url":"http:\/\/vincentians.com\/es\/bibliografia-vicenciana-1960-1970-en-torno-a-la-espiritualidad-de-san-vicente\/","url_meta":{"origin":51037,"position":1},"title":"Bibliograf\u00eda Vicenciana 1960-1970 en torno a la espiritualidad de San Vicente","author":"Francisco Javier Fern\u00e1ndez Chento","date":"29\/07\/2021","format":false,"excerpt":"Lo que antes se llamaba Asc\u00e9tica y M\u00edstica, hoy se llama com\u00fanmen\u00adte Espiritualidad. Es una palabra tra\u00edda de Francia, como tantas otras, que tambi\u00e9n han hecho fortuna, m\u00e1s por moda que por convencimiento. As\u00ed se bautizan los tratados de Historia, desde Pourrat (1926) hasta Bouyer-Vandenbroucke (1963). El recomendar tan insistentemente\u2026","rel":"","context":"En \u00abFormaci\u00f3n Vicenciana\u00bb","block_context":{"text":"Formaci\u00f3n Vicenciana","link":"http:\/\/vincentians.com\/es\/category\/formacion-vicenciana\/"},"img":{"alt_text":"","src":"https:\/\/i0.wp.com\/vincentians.com\/es\/wp-content\/uploads\/sites\/11\/2015\/02\/St_Vincent_De_Paul_-bible-1.jpg?fit=1200%2C630&resize=350%2C200","width":350,"height":200,"srcset":"https:\/\/i0.wp.com\/vincentians.com\/es\/wp-content\/uploads\/sites\/11\/2015\/02\/St_Vincent_De_Paul_-bible-1.jpg?fit=1200%2C630&resize=350%2C200 1x, https:\/\/i0.wp.com\/vincentians.com\/es\/wp-content\/uploads\/sites\/11\/2015\/02\/St_Vincent_De_Paul_-bible-1.jpg?fit=1200%2C630&resize=525%2C300 1.5x, https:\/\/i0.wp.com\/vincentians.com\/es\/wp-content\/uploads\/sites\/11\/2015\/02\/St_Vincent_De_Paul_-bible-1.jpg?fit=1200%2C630&resize=700%2C400 2x, https:\/\/i0.wp.com\/vincentians.com\/es\/wp-content\/uploads\/sites\/11\/2015\/02\/St_Vincent_De_Paul_-bible-1.jpg?fit=1200%2C630&resize=1050%2C600 3x"},"classes":[]},{"id":136623,"url":"http:\/\/vincentians.com\/es\/399-anos-de-andadura-evangelizando-a-los-pobres\/","url_meta":{"origin":51037,"position":2},"title":"399 a\u00f1os de andadura evangelizando a los pobres","author":"Francisco Javier Fern\u00e1ndez Chento","date":"25\/01\/2016","format":false,"excerpt":"El d\u00eda 25 de enero el peque\u00f1o grupo de misioneros que logr\u00f3 reunir San Vicente cumple 399 a\u00f1os de andadura evangelizando a los pobres por todos los rincones de la tierra, hasta por los impensables e imposibles, como Madagascar, mientras el mismo Vicente dirig\u00eda la compa\u00f1\u00eda. As\u00ed pues, padres y\u2026","rel":"","context":"En \u00abCongregaci\u00f3n de la Misi\u00f3n\u00bb","block_context":{"text":"Congregaci\u00f3n de la Misi\u00f3n","link":"http:\/\/vincentians.com\/es\/category\/la-familia-vicenciana\/ramas\/congregacion-de-la-mision\/"},"img":{"alt_text":"cm","src":"https:\/\/i0.wp.com\/vicencianos.org\/wp-content\/uploads\/2016\/01\/cm-1024x700.jpg?resize=350%2C200","width":350,"height":200,"srcset":"https:\/\/i0.wp.com\/vicencianos.org\/wp-content\/uploads\/2016\/01\/cm-1024x700.jpg?resize=350%2C200 1x, https:\/\/i0.wp.com\/vicencianos.org\/wp-content\/uploads\/2016\/01\/cm-1024x700.jpg?resize=525%2C300 1.5x, https:\/\/i0.wp.com\/vicencianos.org\/wp-content\/uploads\/2016\/01\/cm-1024x700.jpg?resize=700%2C400 2x"},"classes":[]},{"id":53995,"url":"http:\/\/vincentians.com\/es\/cosechar-los-frutos-del-jubileo-algunos-suenos-vicencianos\/","url_meta":{"origin":51037,"position":3},"title":"Cosechar los frutos del Jubileo: Algunos sue\u00f1os vicencianos","author":"Francisco Javier Fern\u00e1ndez Chento","date":"21\/10\/2011","format":false,"excerpt":"El d\u00eda 19 del pasado mes de julio, el Superior General, P. Gregory Gay, escrib\u00eda una carta a toda la Familia Vicenciana para preparar el d\u00eda de oraci\u00f3n en la festividad de San Vicente de Pa\u00fal. El tema global que propone es tan oportuno como ne\u00adcesario: \"Cosechar los frutos del\u2026","rel":"","context":"En \u00abFormaci\u00f3n Vicenciana\u00bb","block_context":{"text":"Formaci\u00f3n Vicenciana","link":"http:\/\/vincentians.com\/es\/category\/formacion-vicenciana\/"},"img":{"alt_text":"","src":"https:\/\/i0.wp.com\/vicencianos.org\/wp-content\/2011\/10\/SVPa-197x300.jpg?resize=350%2C200","width":350,"height":200},"classes":[]},{"id":398637,"url":"http:\/\/vincentians.com\/es\/aportacion-del-carisma-vicenciano-la-mision-la-iglesia-1\/","url_meta":{"origin":51037,"position":4},"title":"Aportaci\u00f3n del carisma vicenciano a la Misi\u00f3n de la Iglesia (1)","author":"Francisco Javier Fern\u00e1ndez Chento","date":"04\/08\/2016","format":false,"excerpt":"Introducci\u00f3n: Al reflexionar sobre la aportaci\u00f3n del carisma vicenciano a la Misi\u00f3n de la Iglesia, me parece necesario formular previamente algunas precisiones. 1.- Cuando hablamos de carisma vicenciano, nos referimos al don del Esp\u00edritu suscitado por Dios en su Iglesia en las personas de Vicente de Pa\u00fal y de Luisa\u2026","rel":"","context":"En \u00abFormaci\u00f3n Vicenciana\u00bb","block_context":{"text":"Formaci\u00f3n Vicenciana","link":"http:\/\/vincentians.com\/es\/category\/formacion-vicenciana\/"},"img":{"alt_text":"","src":"https:\/\/i0.wp.com\/vincentians.com\/es\/wp-content\/uploads\/sites\/11\/2016\/06\/contributions-charism.jpg?fit=1200%2C630&resize=350%2C200","width":350,"height":200,"srcset":"https:\/\/i0.wp.com\/vincentians.com\/es\/wp-content\/uploads\/sites\/11\/2016\/06\/contributions-charism.jpg?fit=1200%2C630&resize=350%2C200 1x, https:\/\/i0.wp.com\/vincentians.com\/es\/wp-content\/uploads\/sites\/11\/2016\/06\/contributions-charism.jpg?fit=1200%2C630&resize=525%2C300 1.5x, https:\/\/i0.wp.com\/vincentians.com\/es\/wp-content\/uploads\/sites\/11\/2016\/06\/contributions-charism.jpg?fit=1200%2C630&resize=700%2C400 2x, https:\/\/i0.wp.com\/vincentians.com\/es\/wp-content\/uploads\/sites\/11\/2016\/06\/contributions-charism.jpg?fit=1200%2C630&resize=1050%2C600 3x"},"classes":[]},{"id":127199,"url":"http:\/\/vincentians.com\/es\/misioneros-vicencianos-con-dios-entre-los-mas-pobres\/","url_meta":{"origin":51037,"position":5},"title":"Misioneros Vicencianos: con Dios entre los m\u00e1s pobres","author":"Francisco Javier Fern\u00e1ndez Chento","date":"15\/01\/2024","format":false,"excerpt":"Bajo la denominaci\u00f3n de Misioneros Vicencianos se hace referencia en este art\u00edculo al carisma misionero de los Padres Pa\u00fales, Hijas de la Caridad y Misioneros Seglares Vicencianos. Una galer\u00eda de hombres y mujeres de talla excepcional que se encuentran all\u00ed donde m\u00e1s se les necesita \u2013entre los perseguidos, hu\u00e9rfanos, hambrientos,\u2026","rel":"","context":"En \u00abMisiones \u00abAd gentes\u00bb\u00bb","block_context":{"text":"Misiones \u00abAd gentes\u00bb","link":"http:\/\/vincentians.com\/es\/category\/servicios-y-ministerios\/misiones-ad-gentes\/"},"img":{"alt_text":"","src":"https:\/\/i0.wp.com\/vincentians.com\/es\/wp-content\/uploads\/sites\/11\/2016\/09\/enviados-evangelizar-pobres.jpg?fit=1200%2C630&resize=350%2C200","width":350,"height":200,"srcset":"https:\/\/i0.wp.com\/vincentians.com\/es\/wp-content\/uploads\/sites\/11\/2016\/09\/enviados-evangelizar-pobres.jpg?fit=1200%2C630&resize=350%2C200 1x, https:\/\/i0.wp.com\/vincentians.com\/es\/wp-content\/uploads\/sites\/11\/2016\/09\/enviados-evangelizar-pobres.jpg?fit=1200%2C630&resize=525%2C300 1.5x, https:\/\/i0.wp.com\/vincentians.com\/es\/wp-content\/uploads\/sites\/11\/2016\/09\/enviados-evangelizar-pobres.jpg?fit=1200%2C630&resize=700%2C400 2x, https:\/\/i0.wp.com\/vincentians.com\/es\/wp-content\/uploads\/sites\/11\/2016\/09\/enviados-evangelizar-pobres.jpg?fit=1200%2C630&resize=1050%2C600 3x"},"classes":[]}],"_links":{"self":[{"href":"http:\/\/vincentians.com\/es\/wp-json\/wp\/v2\/posts\/51037","targetHints":{"allow":["GET"]}}],"collection":[{"href":"http:\/\/vincentians.com\/es\/wp-json\/wp\/v2\/posts"}],"about":[{"href":"http:\/\/vincentians.com\/es\/wp-json\/wp\/v2\/types\/post"}],"author":[{"embeddable":true,"href":"http:\/\/vincentians.com\/es\/wp-json\/wp\/v2\/users\/4"}],"replies":[{"embeddable":true,"href":"http:\/\/vincentians.com\/es\/wp-json\/wp\/v2\/comments?post=51037"}],"version-history":[{"count":1,"href":"http:\/\/vincentians.com\/es\/wp-json\/wp\/v2\/posts\/51037\/revisions"}],"predecessor-version":[{"id":402670,"href":"http:\/\/vincentians.com\/es\/wp-json\/wp\/v2\/posts\/51037\/revisions\/402670"}],"wp:featuredmedia":[{"embeddable":true,"href":"http:\/\/vincentians.com\/es\/wp-json\/wp\/v2\/media\/399864"}],"wp:attachment":[{"href":"http:\/\/vincentians.com\/es\/wp-json\/wp\/v2\/media?parent=51037"}],"wp:term":[{"taxonomy":"category","embeddable":true,"href":"http:\/\/vincentians.com\/es\/wp-json\/wp\/v2\/categories?post=51037"},{"taxonomy":"post_tag","embeddable":true,"href":"http:\/\/vincentians.com\/es\/wp-json\/wp\/v2\/tags?post=51037"}],"curies":[{"name":"wp","href":"https:\/\/api.w.org\/{rel}","templated":true}]}}