{"id":51033,"date":"2019-10-05T08:45:36","date_gmt":"2019-10-05T06:45:36","guid":{"rendered":"http:\/\/somos.vicencianos.org\/?p=51033"},"modified":"2019-09-09T09:21:02","modified_gmt":"2019-09-09T07:21:02","slug":"el-espiritu-misionero-vicenciano-ayer-y-hoy","status":"publish","type":"post","link":"http:\/\/vincentians.com\/es\/el-espiritu-misionero-vicenciano-ayer-y-hoy\/","title":{"rendered":"El espiritu misionero vicenciano, ayer y hoy"},"content":{"rendered":"<p>Os pido en esta ocasi\u00f3n, mis queridos hermanos y hermanas, que dediqu\u00e9is unos momentos para reflexionar juntamente conmigo en el nombre que llevamos. San Vicente nos recuerda que desde nuestros primeros or\u00edgenes la gente espont\u00e1neamente nos llamaba \u00ab<strong>los misioneros<\/strong>\u00ab.<span id='easy-footnote-1-51033' class='easy-footnote-margin-adjust'><\/span><span class='easy-footnote'><a href='http:\/\/vincentians.com\/es\/el-espiritu-misionero-vicenciano-ayer-y-hoy\/#easy-footnote-bottom-1-51033' title='Cf. SV III, 328.'><sup>1<\/sup><\/a><\/span> El Se\u00f1or nos env\u00eda. Nuestra vocaci\u00f3n no es permanecer fijos en un \u00f9nico lugar para echar raices con una presencia permanente. Jes\u00fas nos habla como habl\u00f3 a sus disc\u00edpulos al final del Evangelio de San Marcos: \u00ab\u00a1Id! Id a todo el mundo y predicad el evangelio a todas las criaturas\u00bb.<span id='easy-footnote-2-51033' class='easy-footnote-margin-adjust'><\/span><span class='easy-footnote'><a href='http:\/\/vincentians.com\/es\/el-espiritu-misionero-vicenciano-ayer-y-hoy\/#easy-footnote-bottom-2-51033' title='Mc 16, 15'><sup>2<\/sup><\/a><\/span>\n<p>La misi\u00f3n no es meramente una actividad de la Iglesia; es su misma raz\u00f3n de ser. En el curso de la historia de la Iglesia, la misi\u00f3n ha ido tomando formas diferentes: predicaci\u00f3n, ense\u00f1anza, testimonio, cruzada, di\u00e1logo, asesoramiento, acompa\u00f1amiento, liberaci\u00f3n e inculturaci\u00f3n.<\/p>\n<p>\u00bfQu\u00e9 significado tiene, por consiguiente, el ser un misionero vicentino?. Esta es una pregunta crucial para todos nosotros, porque toca nuestra propia identidad. No hay duda de que hemos sido llamados. La mayor parte de los aqu\u00ed presentes somos miembros de la Congregaci\u00f3n de la Misi\u00f3n. Todos somos misioneros.<\/p>\n<p>Permitidme presentaros en forma esquem\u00e1tica algunas caracter\u00edsticas del misionero vicentino. Sin duda hay otras muchas. Os animo a que vosotros complet\u00e9is la lista con vuestras propias reflexiones.<\/p>\n<h2><em>1. El Misionero es un ser m\u00f3vil, y lleno de ardor por extender la Buena Noticia.<\/em><\/h2>\n<p>Pocas cosas est\u00e1n tan claras en el Nuevo Testamento. Jes\u00fas procede del Padre y va al Padre,<span id='easy-footnote-3-51033' class='easy-footnote-margin-adjust'><\/span><span class='easy-footnote'><a href='http:\/\/vincentians.com\/es\/el-espiritu-misionero-vicenciano-ayer-y-hoy\/#easy-footnote-bottom-3-51033' title='Jn 16, 28; cf. Jn 1, 1; Jn 14, 28.'><sup>3<\/sup><\/a><\/span> fuente de toda misi\u00f3n. Su trabajo es un ministerio itinerante. Da a sus seguidores un mandato: \u00abId al mundo entero y predicad el evangelio a todas las criaturas\u00bb<span id='easy-footnote-4-51033' class='easy-footnote-margin-adjust'><\/span><span class='easy-footnote'><a href='http:\/\/vincentians.com\/es\/el-espiritu-misionero-vicenciano-ayer-y-hoy\/#easy-footnote-bottom-4-51033' title='Mc 16.15.'><sup>4<\/sup><\/a><\/span>.<\/p>\n<p>San Vicente es sumamente expl\u00edcito cuando habla de la necesidad de moverse: \u00abSalid, misioneros, salid. Pero&#8230;\u00bftodav\u00eda estais aqu\u00ed?. \u00a1Mirad a las pobres almas que os est\u00e1n esperando, cuya salvaci\u00f3n depende, quiz\u00e1s, de vuestra predicaci\u00f3n y catequesis!\u00bb.<span id='easy-footnote-5-51033' class='easy-footnote-margin-adjust'><\/span><span class='easy-footnote'><a href='http:\/\/vincentians.com\/es\/el-espiritu-misionero-vicenciano-ayer-y-hoy\/#easy-footnote-bottom-5-51033' title='SV XI, 56.'><sup>5<\/sup><\/a><\/span> San Vicente presenta ante los ojos de la Compa\u00f1\u00eda la figura de los grandes misioneros de otras comunidades que han ido a las Indias, al Jap\u00f3n, al Canad\u00e1 para completar el trabajo que Jesucristo empez\u00f3 en este mundo y que nunca abandon\u00f3 desde la hora en que fue llamado por su Padre.!<span id='easy-footnote-6-51033' class='easy-footnote-margin-adjust'><\/span><span class='easy-footnote'><a href='http:\/\/vincentians.com\/es\/el-espiritu-misionero-vicenciano-ayer-y-hoy\/#easy-footnote-bottom-6-51033' title='&lt;em&gt;Ibid.&lt;\/em&gt;'><sup>6<\/sup><\/a><\/span>\n<p>La Iglesia existe para evangelizar, para proclamar que Jes\u00fas es el Se\u00f1or. Esto es lo que tambi\u00e9n hacemos nosotros. Esto significa que nosotros hemos de movernos con agilidad y con rapidez cuando surjan nuevas necesidades. Nuestro amor ha de ser expansivo como el fuego. Hemos de sentirnos ansiosos de comunicar a otros la buena noticia de que Jes\u00fas est\u00e1 vivo y presente.<\/p>\n<p>Uno de los signos principales de que estamos llenos de un esp\u00edritu misionero m\u00f3vil es la buena disposici\u00f3n de abandonar aquellos lugares en los que la Iglesia se halla firmemente establecida, donde otros est\u00e1n ejerciendo ya los ministerios apost\u00f3licos, con el fin de liberarnos para cubrir necesidades m\u00e1s urgentes que otros no pueden satisfacer, o para llegar a otros grupos que en la actualidad est\u00e1n totalmente olvidados.<\/p>\n<h2><em>2. El Misionero es un Evangelizador<\/em><\/h2>\n<p>El n\u00facleo de nuestra misi\u00f3n es la evangelizaci\u00f3n, t\u00e9rmino que, en la tradici\u00f3n cat\u00f3lica, se ha tomado siempre en un concepto amplio e inclusivo.<span id='easy-footnote-7-51033' class='easy-footnote-margin-adjust'><\/span><span class='easy-footnote'><a href='http:\/\/vincentians.com\/es\/el-espiritu-misionero-vicenciano-ayer-y-hoy\/#easy-footnote-bottom-7-51033' title='Cf. Avery Dulles, \u00abSiete Puntos Esenciales de Evangelizaci\u00f3n,\u00bb en &lt;em&gt;Origins 25 &lt;\/em&gt; (# 23; November 23, 1995) 397-400.'><sup>7<\/sup><\/a><\/span> Pablo VI lo expres\u00f3 de la manera siguiente: \u00abEvangelizaci\u00f3n es un proceso complejo compuesto de varios elementos: la renovaci\u00f3n de la humanidad, el testimonio, la proclamaci\u00f3n expl\u00edcita&#8230;&#8230;\u00bb<span id='easy-footnote-8-51033' class='easy-footnote-margin-adjust'><\/span><span class='easy-footnote'><a href='http:\/\/vincentians.com\/es\/el-espiritu-misionero-vicenciano-ayer-y-hoy\/#easy-footnote-bottom-8-51033' title='&lt;em&gt;Evangelii Nuntiandi&lt;\/em&gt;, 24.'><sup>8<\/sup><\/a><\/span>\n<p>San Vicente nos dice que la evangelizaci\u00f3n implica \u00abpalabra y trabajo\u00bb. Primero debemos hacer y despu\u00e9s ense\u00f1ar. Para Vicente de Pa\u00fal evangelizaci\u00f3n implica no solo la predicaci\u00f3n sino tambi\u00e9n la acci\u00f3n. Exhorta a los Padres y a las Hijas de la Caridad a servir a los pobres \u00abespiritual y corporalmente.\u00bb<\/p>\n<p>A la luz de la ense\u00f1anza de Vicente de Pa\u00fal, nuestra evangelizaci\u00f3n estar\u00e1 totalmente viva cuando proclamamos la Buena Noticia:<\/p>\n<p style=\"padding-left: 30px\">a. a trav\u00e9s del lenguaje de obras:<span id='easy-footnote-9-51033' class='easy-footnote-margin-adjust'><\/span><span class='easy-footnote'><a href='http:\/\/vincentians.com\/es\/el-espiritu-misionero-vicenciano-ayer-y-hoy\/#easy-footnote-bottom-9-51033' title='Cf. SV II, 9.'><sup>9<\/sup><\/a><\/span> realizando obras de justicia y de misericordia, las cuales son signos de que el Reino de Dios se encuentra vivo entre nosotros.<\/p>\n<p style=\"padding-left: 30px\">b. a trav\u00e9s del lenguaje de palabras: anunciando con convicci\u00f3n profunda la presencia del Se\u00f1or, su amor, su oferta de perd\u00f3n universal.<\/p>\n<p style=\"padding-left: 30px\">c. a trav\u00e9s del lenguaje de relaciones: estando con los pobres, trabajando con ellos, formando una comunidad que manifiesta el amor universal de Dios.<\/p>\n<h2><em>3. El Misionero tiene una perspectiva \u00abinternacional\u00bb, una visi\u00f3n global del mundo.<\/em><\/h2>\n<p>Esta es la forma precisa c\u00f3mo Vicente de Pa\u00fal imagin\u00f3 su misi\u00f3n. En una \u00e9poca cuando el viajar era algo dif\u00edcil y cuando la mayor parte de la gente mor\u00eda a pocos kil\u00f3metros del lugar de su nacimiento, el envi\u00f3 misioneros a Polonia, Italia, Algeria, Madagascar, Irlanda, Escocia, Las Islas H\u00e9bridas, y las Islas Orcadas. El mismo en su vejez quiso ponerse en camino para las Indias.<span id='easy-footnote-10-51033' class='easy-footnote-margin-adjust'><\/span><span class='easy-footnote'><a href='http:\/\/vincentians.com\/es\/el-espiritu-misionero-vicenciano-ayer-y-hoy\/#easy-footnote-bottom-10-51033' title='SV XI, 281.'><sup>10<\/sup><\/a><\/span>\n<p>En especial, dos signos deber\u00edan testimoniar por parte nuestra esta atenci\u00f3n global.<\/p>\n<ul>\n<li>Un primer signo concreto de esta atenci\u00f3n es la habilidad de responder a las necesidades urgentes a trav\u00e9s de todo el mundo. Nunca debemos permitir que las barreras provinciales nos detengan. Cuando las necesidades de la Iglesia sean m\u00e1s urgentes en otras partes, deber\u00edamos irnos all\u00ed con toda libertad.<\/li>\n<li>Un segundo signo de una perspectiva internacional es la solidaridad entre nuestras Provincias. Os insto a que cooper\u00e9is unos con otros. Esto est\u00e1 ya teniendo lugar a trav\u00e9s de reuniones a nivel nacional y regional, pero quiero animaros especialmente a que cooper\u00e9is unos con otros en las misiones populares, en la formaci\u00f3n de misioneros, y en la ayuda a las provncias m\u00e1s necesitadas. Hay un sin fin de cosas que podemos realizar m\u00e1s eficazmente en conjunto que por separado.<\/li>\n<\/ul>\n<p>Como Karl Rahner ha mencionado repetidas veces, es \u00fanicamente en el siglo veinte cuando el Catolicismo ha llegado a ser con toda realidad una \u00abIglesia Universal\u00bb.<span id='easy-footnote-11-51033' class='easy-footnote-margin-adjust'><\/span><span class='easy-footnote'><a href='http:\/\/vincentians.com\/es\/el-espiritu-misionero-vicenciano-ayer-y-hoy\/#easy-footnote-bottom-11-51033' title='Karl Rahner, \u00abEl Significado Permanente del Vaticano II\u00bb, en &lt;em&gt;Theological Investigations&lt;\/em&gt; XX, 90-102; cf. also \u00abEl Futuro de la Iglesia y la Iglesia del Futuro,\u00bb in &lt;em&gt;Theological Investigations&lt;\/em&gt; XX, 103-14.'><sup>11<\/sup><\/a><\/span> En mi estancia en Roma, estoy experimentando esto con cierto dramatismo. Nuestra Propia Congregaci\u00f3n est\u00e1 ahora siendo m\u00e1s internacional especialmente con la apertura de nuevas misiones en lugares tan remotos como Tanzania, Las Islas Solomon, Albania, El Altoplano de Bolivia, Mozambique, China, Kharkiv en la Ucrania, y Siberia.<\/p>\n<p>Mientras que en el periodo inmediatamente despu\u00e9s del Vaticano II se dio un gran \u00e9nfasis a la identidad, gobierno y normas provinciales, ahora sin embargo se est\u00e1 revitalizando una atenci\u00f3n a nuestro ser misionero de naturaleza global y universal.<\/p>\n<h2><em>4. El Misionero est\u00e1 ansioso de aprender la lengua de aquellos a quienes tiene que servir.<\/em><\/h2>\n<p>San Vicente sinti\u00f3 fuertemente la necesidad de aprender otras lenguas. Nos lo dijo de la manera siguiente:<span id='easy-footnote-12-51033' class='easy-footnote-margin-adjust'><\/span><span class='easy-footnote'><a href='http:\/\/vincentians.com\/es\/el-espiritu-misionero-vicenciano-ayer-y-hoy\/#easy-footnote-bottom-12-51033' title='SV XI, 342.'><sup>12<\/sup><\/a><\/span>\n<p style=\"padding-left: 30px\"><em>En la actualidad, la diversidad de idiomas es muy grande, no s\u00f3lamente en Europa, Africa y Asia, sino tambi\u00e9n en Canad\u00e1. Por los informes que recibimos de los Padres Jesuitas vemos que hay tantos lenguajes como tribus. Los Hurones no hablan como los Iroquois, ni estos \u00faltimos como sus vecinos. Y una persona que entiende la lengua de un grupo de Indios no entiende la de otros grupos.<\/em><\/p>\n<p style=\"padding-left: 30px\"><em>Teniendo presentes estas diferencias de idiomas, \u00bfc\u00f3mo podr\u00e1n ir los misioneros por todo el mundo anunciando el evangelio si conocen \u00fanicamente su propia lengua?<\/em><\/p>\n<p>La Asamblea General de la Congregaci\u00f3n de la Misi\u00f3n del a\u00f1o 1992, en su tercer compromiso, habla de di\u00e1logo con la sociedad contempor\u00e1nea. He hecho llamamiento repetidas veces a todos los candidatos para la Congregaci\u00f3n y al mayor n\u00famero posible de miembros a que lleguen a ser bilingues. El di\u00e1logo y la mobilidad en esta sociedad contempor\u00e1nea lo exige. En los Estados Unidos, por ejemplo, casi el cincuenta por ciento de los cat\u00f3licos tienen una lengua distinta del ingl\u00e9s como su lengua nativa. La lengua hispana ha llegado a ser all\u00ed una herramienta totalmente necesaria para el misionero. Encontramos una situaci\u00f3n semejante en otros muchos paises.<\/p>\n<h2><em>5. El Misionero es Flexible<\/em><\/h2>\n<p>Se ha descrito a San Vicente como el l\u00edder religioso m\u00e1s equilibrado de su tiempo. Combinaba la teor\u00eda y la pr\u00e1ctica con suma destreza. Si bien ten\u00eda muy claros los principios, los aplicaba con flexibidad. Su vida y sus ministerios son una clara evidencia de su habilidad para ejecutarlo. As\u00ed, por ejemplo, la virtud de la sencillez era su virtud preferida, pero sin embargo el sab\u00eda muy bien c\u00f3mo guardar silencio cuando la prudencia se lo ped\u00eda. Cre\u00eda firmemente en la importancia de la fidelidad a la propia vocaci\u00f3n y en ocasiones luch\u00f3 fuertemente para evitar que algunos miembros abandonasen sus ministerios.<\/p>\n<p>Pero tambi\u00e9n se daba cuenta de que algunos miembros ten\u00edan una influencia maligna y daba gracias a Dios cuando se marchaban, aceler\u00e1ndoles en muchos casos su salida.<span id='easy-footnote-13-51033' class='easy-footnote-margin-adjust'><\/span><span class='easy-footnote'><a href='http:\/\/vincentians.com\/es\/el-espiritu-misionero-vicenciano-ayer-y-hoy\/#easy-footnote-bottom-13-51033' title='SV II, 315.'><sup>13<\/sup><\/a><\/span>\n<p>Hoy d\u00eda el misionero ha de tener una mentalidad flexible en lo tocante a la evangelizaci\u00f3n. En una \u00e9poca de cambios r\u00e1pidos, la rigidez es un enemigo y la flexibilidad es un aliado. Por ejemplo, uno de los cambios m\u00e1s significativos que ha tenido lugar en la Iglesia desde el Vaticano II es el rol del laicado.<\/p>\n<p>Hoy nos damos cuenta m\u00e1s que nunca de que el laicado tiene una funci\u00f3n esencial en anunciar la Buena Noticia.<span id='easy-footnote-14-51033' class='easy-footnote-margin-adjust'><\/span><span class='easy-footnote'><a href='http:\/\/vincentians.com\/es\/el-espiritu-misionero-vicenciano-ayer-y-hoy\/#easy-footnote-bottom-14-51033' title='&lt;em&gt;Christifideles Laici&lt;\/em&gt;, 7.'><sup>14<\/sup><\/a><\/span> Por eso las Constituciones de la Congregaci\u00f3n de la Misi\u00f3n<span id='easy-footnote-15-51033' class='easy-footnote-margin-adjust'><\/span><span class='easy-footnote'><a href='http:\/\/vincentians.com\/es\/el-espiritu-misionero-vicenciano-ayer-y-hoy\/#easy-footnote-bottom-15-51033' title='C I.'><sup>15<\/sup><\/a><\/span> dan una llamada a los sacerdotes y hermanos de la Congregaci\u00f3n a que no s\u00f3lamente evangelicen al pobre como misioneros, sino que formen a otros &#8211; sacerdotes, hermanos, hermanas, se\u00f1oras y se\u00f1ores laicos &#8211; para que participen de lleno en la evangelizaci\u00f3n del pobre. \u00bfSomos flexibles en aceptar las funciones tan impontantes que los laicos tienen en la evangelizaci\u00f3n?. \u00bfTenemos la flexibidad requerida para cooperar armoniosamente con ellos?<\/p>\n<h2><em>6. El Misionero est\u00e1 comprometido en la organizaci\u00f3n y formaci\u00f3n de otros para servir al pobre.<\/em><\/h2>\n<p>San Vicente era inflexible en este particular. Pocos santos son tan precisos como Vicente de Pa\u00fal. Se di\u00f3 cuenta de que la evangelizaci\u00f3n integral requer\u00eda organizaci\u00f3n para poder servir eficazmente al pobre. Para conseguir este fin, Vicente fund\u00f3 dos comunidades y form\u00f3 abundantes grupos de laicos. Los Misioneros y las Hijas de la Caridad habr\u00edan de establecer las Cofrad\u00edas de la Caridad en todos los lugares a donde fuesen.<span id='easy-footnote-16-51033' class='easy-footnote-margin-adjust'><\/span><span class='easy-footnote'><a href='http:\/\/vincentians.com\/es\/el-espiritu-misionero-vicenciano-ayer-y-hoy\/#easy-footnote-bottom-16-51033' title='CR 1, 2.'><sup>16<\/sup><\/a><\/span>\n<p>San Vicente llev\u00f3 las mismas estrategias organizativas a la formaci\u00f3n del clero, que \u00e9l describ\u00eda en alguna ocasi\u00f3n como \u00abcasi igual\u00bb<span id='easy-footnote-17-51033' class='easy-footnote-margin-adjust'><\/span><span class='easy-footnote'><a href='http:\/\/vincentians.com\/es\/el-espiritu-misionero-vicenciano-ayer-y-hoy\/#easy-footnote-bottom-17-51033' title='CR XI, 12.'><sup>17<\/sup><\/a><\/span> y en otras ocasiones como \u00abigual\u00bb<span id='easy-footnote-18-51033' class='easy-footnote-margin-adjust'><\/span><span class='easy-footnote'><a href='http:\/\/vincentians.com\/es\/el-espiritu-misionero-vicenciano-ayer-y-hoy\/#easy-footnote-bottom-18-51033' title='SV V, 463; VII, 476.'><sup>18<\/sup><\/a><\/span> a las de la misi\u00f3n. Organiz\u00f3 retiros para ordenandos y sacerdotes, as\u00ed como las Conferencias de los Martes, adem\u00e1s de fundar veinte seminarios.<\/p>\n<p>Pero \u00e9l no par\u00f3 ah\u00ed. Puso en orden de marcha todos los recursos posibles al servicio del pobre: clero y laicado, j\u00f3venes y ancianos, hombres y mujeres, ricos y los mismos pobres. Las semillas de sus dones organizativos siguieron para propagar sus frutos a\u00fan despu\u00e9s de su muerte.<\/p>\n<p>Un estudio reciente<span id='easy-footnote-19-51033' class='easy-footnote-margin-adjust'><\/span><span class='easy-footnote'><a href='http:\/\/vincentians.com\/es\/el-espiritu-misionero-vicenciano-ayer-y-hoy\/#easy-footnote-bottom-19-51033' title='Betty Ann McNeil, &lt;em&gt;Monograf\u00eda: El \u00c1rbol Geneal\u00f3gico de la Familia Vicenciana&lt;\/em&gt; (Chicago.Instituto de Estudios Vicencianos, 1996).'><sup>19<\/sup><\/a><\/span> indica que m\u00e1s de 268 grupos participan del carisma vicentino. Actualmente hay unos 260.000 miembros de AIC (Damas de la Caridad), 900.000 socios de las Conferencias de San Vicente de Pa\u00fal, 200.000 miembros de varios grupos de Juventudes Marianas Vicencianas, s\u00f3lamente en Espa\u00f1a hay 46,000 y 7.000 en M\u00e9xico.<\/p>\n<h2><em>7. El Misionero est\u00e1 Inculturado<\/em><\/h2>\n<p>Siempre hay peligro de que las ideas, las costumbres, y aun el estilo de los edificios de un mundo sean transportados a otro. Nuestros grandes misioneros, como Justino de Jacobis y Juan Gabriel Perboyre, se dieron cuenta desde el principio de que esto no es suficiente. El evengelio debe echar raices y florecer dentro de los valores m\u00e1s profundos de cada cultura.<\/p>\n<p>Al mismo tiempo debe transformar aquello que no es de Dios dentro de una cultura y lo que perjudica a la persona humana.<\/p>\n<p>Karl Rahner hace notar que la \u00abglobalizaci\u00f3n\u00bb de la teolog\u00eda es una de las mayores necesidades de la Iglesia en el futuro. Indica que hasta el presente ha habido una tendencia desafortunada a \u00abcanonizar\u00bb lo que en realidad era \u00fanicamente una manifestaci\u00f3n de teor\u00edas de la cultura occidental.<span id='easy-footnote-20-51033' class='easy-footnote-margin-adjust'><\/span><span class='easy-footnote'><a href='http:\/\/vincentians.com\/es\/el-espiritu-misionero-vicenciano-ayer-y-hoy\/#easy-footnote-bottom-20-51033' title='Cf. Cita en W. B\u00fchlmann, &lt;em&gt;La Iglesia del Futuro&lt;\/em&gt; (Maryknoll, NY. Orbis, 1986) 193.'><sup>20<\/sup><\/a><\/span> En la actualidad, muchas provincias j\u00f3venes en pleno desarrollo, y particularmente aquellas personas que trabajan en la formaci\u00f3n dentro de esas provincias, est\u00e1n afrontando el desaf\u00edo dif\u00edcil de ense\u00f1ar filosof\u00eda y teolog\u00eda (tan frecuentemente formulada en un contexto europeo), mientras buscan nuevas categor\u00edas en un marco Africano o Asi\u00e1tico o Iberoamericano. Igualmente est\u00e1n en busca de formas apropiadas para expresar la pobreza, castidad, obediencia, y el compromiso de- por- vida al servicio del pobre dentro de culturas muy diferentes, no solo de la de San Vicente sino tambi\u00e9n de la cultura de la mayor parte de los autores de los libros de filosof\u00eda, teolog\u00eda y lectura espiritual escritos hasta el presente. En la predicaci\u00f3n de las misiones populares, \u00bf tenemos conocimiento de la cultura actual de los j\u00f3venes?.\u00bfPodemos expresar el evengelio en t\u00e9rminos que satisfagan sus ansiedades m\u00e1s profundas?.<\/p>\n<p>En este mismo orden de cosas, el lugar de la mujer en la sociedad y las tradiciones sociales en su relaci\u00f3n con ellas var\u00edan enormemente de Norte a Sur, y en ambos hemisferios, de continente a continente. El hablar con una mujer en la calle puede ser tan \u00abnatural\u00bb en Los Angeles como es \u00abescandaloso\u00bb en la Rep\u00fablica Isl\u00e1mica de Mauritania. El misionero debe conocer la diferencia.<\/p>\n<h2><em>8. El Misionero trabaja en su formaci\u00f3n permamente y creativamente remodela su predicaci\u00f3n.<\/em><\/h2>\n<p>San Vicente nos dice: \u00abEl amor es inventivo hasta el infinito\u00bb.<span id='easy-footnote-21-51033' class='easy-footnote-margin-adjust'><\/span><span class='easy-footnote'><a href='http:\/\/vincentians.com\/es\/el-espiritu-misionero-vicenciano-ayer-y-hoy\/#easy-footnote-bottom-21-51033' title='SV XI, 65.'><sup>21<\/sup><\/a><\/span> Quiero animar a todos los misioneros a que sean inventivos. Pongamos estas preguntas a nivel personal y de comunidad: \u00bfCual es la necesidad m\u00e1s acuciante de la persona que est\u00e1 oyendo mis homilias?. \u00bfQu\u00e9 es lo que me pide en concreto este pobre hombre?. \u00bfQu\u00e9 es lo que me pide el refugiado en un campamento de Africa?. \u00bfQu\u00e9 pide el enfermo con su gemido en su casa?. \u00bfCual es el dolor m\u00e1s agudo del enfermo del SIDA?. Entonces, s\u00e9 creativo en la predicaci\u00f3n de la palabra de Dios a los que sufren estas necesidades.<\/p>\n<p>Para conseguir este cometido, os exhorto a que busqu\u00e9is medios creativos para la formaci\u00f3n integral, tanto la inicial como la permanente. Esta formaci\u00f3n integral ha de tener varios aspectos: humano, espiritual, apost\u00f3lico, vicentino, b\u00edblico, teol\u00f3gico, y profesional. Vosotros mismos sois primariamente los responsables de vuestra propia formaci\u00f3n en todos los niveles.<\/p>\n<h2><em>9. El Misionero conoce bien la doctrina social de la Iglesia.<\/em><\/h2>\n<p>El Papa Juan Pablo II escribe en\u00e9rgicamente en \u00abCentesimus Annus\u00bb:<span id='easy-footnote-22-51033' class='easy-footnote-margin-adjust'><\/span><span class='easy-footnote'><a href='http:\/\/vincentians.com\/es\/el-espiritu-misionero-vicenciano-ayer-y-hoy\/#easy-footnote-bottom-22-51033' title='&lt;em&gt;Centesimus Annus&lt;\/em&gt;, 5.'><sup>22<\/sup><\/a><\/span> \u00abLa Nueva Evangelizaci\u00f3n, que el mundo moderno necesita con urgencia y que yo he hecho resaltar en muchas ocasiones, debe incluir entre sus elementos esenciales \u00abuna proclamaci\u00f3n de la doctrina social de la Iglesia\u00bb. La Iglesia ha venido proclamando esta doctrina en una forma muy clara desde hace m\u00e1s de cien a\u00f1os. \u00bfSe evangeliza a los cat\u00f3licos adecuadamente en este particular?. \u00bfForma esta doctrina social parte de su consciencia expl\u00edcita?. Pido a todos los vicentinos que lleguen a ser expertos en la ense\u00f1anza de esta doctrina social. Como seguidores de Cristo, el \u00c9vangelizador de los Pobres, nosotros debemos proclamar este aspecto del reino de Dios por medio de nuestras palabras y de nuestras obras. Debemos defender ante otros la ense\u00f1anza abundante de la Iglesia, su visi\u00f3n de un reino de justicia, su denuncia de las estructuras sociales injustas, su proclamaci\u00f3n de que el pobre debe ocupar, en todas las \u00e9pocas,un puesto central en la equidad de los cristianos. En nuestra labor de formaci\u00f3n tanto con el clero como con el laicado, hemos de presentar esta doctrina social con claridad y con necesidad de urgencia.<\/p>\n<p>Nuestra misi\u00f3n ser\u00e1 hoy prof\u00e9tica si predicamos y ense\u00f1amos la doctrina social de la Iglesia con claridad. Y como en el caso de muchos profetas, tambi\u00e9n nosotros quiz\u00e1s tengamos que sufrir como en realidad nos est\u00e1 sucediendo.<\/p>\n<h2><em>10. El Misionero es un Hombre de Dios.<\/em><\/h2>\n<p>Testimonios hablan m\u00e1s elocuentemente que palabras. Nuestro testimonio de vida dice mucho m\u00e1s que nuestros propios sermones.<\/p>\n<p>Para San Vicente de Pa\u00fal hay \u00fanicamemnte una fuerza motriz: la persona de Jesucristo. \u00abJesucristo es la regla de la Misi\u00f3n\u00bb,<span id='easy-footnote-23-51033' class='easy-footnote-margin-adjust'><\/span><span class='easy-footnote'><a href='http:\/\/vincentians.com\/es\/el-espiritu-misionero-vicenciano-ayer-y-hoy\/#easy-footnote-bottom-23-51033' title='SV XI, 429; cf. tambi\u00e9n XI, 53F. \u00ab&lt;em&gt;Caminemos con seguridad por el caminoreal en el que Jesucristo ser\u00e1 nuestro gu\u00eda y nuestro l\u00edder.&lt;\/em&gt;\u00ab'><sup>23<\/sup><\/a><\/span> nos dice, \u00abes el centro de su vida y de su actividad\u00bb. \u00abRecuerde, Padre\u00bb, escribe al P. Portail, uno de los primeros miembros de la Congregaci\u00f3n, \u00abque nosotros vivimos en Jesucristo por la muerte de Jesucristo y que nosotros deber\u00edamos morir en Jesucristo por la vida de Jesucristo y que nuestra vida deber\u00eda estar escondida en Jesucristo y llena de Jesucristo y que para morir como Jesucristo es necesario vivir como Jesucristo\u00bb.<span id='easy-footnote-24-51033' class='easy-footnote-margin-adjust'><\/span><span class='easy-footnote'><a href='http:\/\/vincentians.com\/es\/el-espiritu-misionero-vicenciano-ayer-y-hoy\/#easy-footnote-bottom-24-51033' title='SV 1, 320.'><sup>24<\/sup><\/a><\/span>\n<p>Cumplimos nuestra misi\u00f3n \u00fanicamente si seguimos a Cristo como Evangelizador del Pobre, y nos vestimos de su esp\u00edritu<span id='easy-footnote-25-51033' class='easy-footnote-margin-adjust'><\/span><span class='easy-footnote'><a href='http:\/\/vincentians.com\/es\/el-espiritu-misionero-vicenciano-ayer-y-hoy\/#easy-footnote-bottom-25-51033' title='C I.'><sup>25<\/sup><\/a><\/span> s\u00f3lamente si somos santos.<\/p>\n<p>Actualmente, como en cualquier otra \u00e9poca, la Iglesia necesita santos. Necesita misioneros que sean sencillos, humildes, tiernos, sacrificados, y llenos de amor efectivo. Necesita predicadores que irradien la presencia de Dios. El gran misionero no es tanto aquel que dice palabras magnilocuentes sino aquel cuya vida es sorprendente.<\/p>\n<p>Permitidme afirmarlo con toda claridad: el misionero hoy debe ser santo. Si no somos hombres y mujeres de Dios, nunca llegaremos a ser genu\u00ednamente efectivos, ni tampoco, con toda probabilidad, llegaremos a perseverar.<\/p>\n<p>No debemos temer tanto el que disminuya el n\u00famero en la Iglesia. Ni la p\u00e9rdida de instituciones. Lo que en realidad debemos temer es la p\u00e9rdida del fuego en nuestros corazones. Lo que arde en el coraz\u00f3n del verdadero misionero es un anhelo profundo y un deseo de seguir a Cristo como Evangelizador del Pobre. El misionero de santidad genuina actualiza el amor de Cristo. Otros lo perciben en \u00e9l. No puede ocultarlo aunque lo intente.<\/p>\n<p>Ser misioneros, esa es nuestra vocaci\u00f3n. Respirad profundamente, hermanos y hermanas, el esp\u00edritu misionero que San Vicente inspir\u00f3 en sus seguidores. Que llene vuestras mentes y vuestros corazones. Despu\u00e9s, Id. \u00abId a todo el mundo predicando el evangelio a todas las criaturas\u00bb.<span id='easy-footnote-26-51033' class='easy-footnote-margin-adjust'><\/span><span class='easy-footnote'><a href='http:\/\/vincentians.com\/es\/el-espiritu-misionero-vicenciano-ayer-y-hoy\/#easy-footnote-bottom-26-51033' title='Mc 16. 15.'><sup>26<\/sup><\/a><\/span>\n","protected":false},"excerpt":{"rendered":"<p>Os pido en esta ocasi\u00f3n, mis queridos hermanos y hermanas, que dediqu\u00e9is unos momentos para reflexionar juntamente conmigo en el nombre que llevamos. San Vicente nos recuerda que desde nuestros primeros or\u00edgenes la gente espont\u00e1neamente &#8230; <a href=\"http:\/\/vincentians.com\/es\/el-espiritu-misionero-vicenciano-ayer-y-hoy\/\" class=\"more-link\">Read More<\/a><\/p>\n","protected":false},"author":4,"featured_media":399864,"comment_status":"open","ping_status":"open","sticky":false,"template":"","format":"standard","meta":{"jetpack_post_was_ever_published":false,"_jetpack_newsletter_access":"","_jetpack_dont_email_post_to_subs":false,"_jetpack_newsletter_tier_id":0,"_jetpack_memberships_contains_paywalled_content":false,"_jetpack_memberships_contains_paid_content":false,"footnotes":"","jetpack_publicize_message":"","jetpack_publicize_feature_enabled":true,"jetpack_social_post_already_shared":true,"jetpack_social_options":{"image_generator_settings":{"template":"highway","default_image_id":0,"font":"","enabled":false},"version":2}},"categories":[28],"tags":[176,196,127],"class_list":["post-51033","post","type-post","status-publish","format-standard","has-post-thumbnail","hentry","category-formacion-vicenciana","tag-misiones-populares","tag-perboyre","tag-portail"],"yoast_head":"<!-- This site is optimized with the Yoast SEO plugin v26.3 - https:\/\/yoast.com\/wordpress\/plugins\/seo\/ -->\n<title>El espiritu misionero vicenciano, ayer y hoy - Somos Vicencianos<\/title>\n<meta name=\"robots\" content=\"index, follow, max-snippet:-1, max-image-preview:large, max-video-preview:-1\" \/>\n<link rel=\"canonical\" href=\"http:\/\/vincentians.com\/es\/el-espiritu-misionero-vicenciano-ayer-y-hoy\/\" \/>\n<meta property=\"og:locale\" content=\"es_ES\" \/>\n<meta property=\"og:type\" content=\"article\" \/>\n<meta property=\"og:title\" content=\"El espiritu misionero vicenciano, ayer y hoy - Somos Vicencianos\" \/>\n<meta property=\"og:description\" content=\"Os pido en esta ocasi\u00f3n, mis queridos hermanos y hermanas, que dediqu\u00e9is unos momentos para reflexionar juntamente conmigo en el nombre que llevamos. San Vicente nos recuerda que desde nuestros primeros or\u00edgenes la gente espont\u00e1neamente ... Read More\" \/>\n<meta property=\"og:url\" content=\"http:\/\/vincentians.com\/es\/el-espiritu-misionero-vicenciano-ayer-y-hoy\/\" \/>\n<meta property=\"og:site_name\" content=\"Somos Vicencianos\" \/>\n<meta property=\"article:publisher\" content=\"https:\/\/www.facebook.com\/WeAreVincentians\/\" \/>\n<meta property=\"article:author\" content=\"https:\/\/www.facebook.com\/JavierChento\" \/>\n<meta property=\"article:published_time\" content=\"2019-10-05T06:45:36+00:00\" \/>\n<meta property=\"og:image\" content=\"https:\/\/i0.wp.com\/vincentians.com\/es\/wp-content\/uploads\/sites\/11\/2016\/09\/vincentian-missionarie.jpg?fit=846%2C444\" \/>\n\t<meta property=\"og:image:width\" content=\"846\" \/>\n\t<meta property=\"og:image:height\" content=\"444\" \/>\n\t<meta property=\"og:image:type\" content=\"image\/jpeg\" \/>\n<meta name=\"author\" content=\"Francisco Javier Fern\u00e1ndez Chento\" \/>\n<meta name=\"twitter:card\" content=\"summary_large_image\" \/>\n<meta name=\"twitter:creator\" content=\"@https:\/\/twitter.com\/javierchento\" \/>\n<meta name=\"twitter:site\" content=\"@WeVincentians\" \/>\n<meta name=\"twitter:label1\" content=\"Escrito por\" \/>\n\t<meta name=\"twitter:data1\" content=\"Francisco Javier Fern\u00e1ndez Chento\" \/>\n\t<meta name=\"twitter:label2\" content=\"Tiempo de lectura\" \/>\n\t<meta name=\"twitter:data2\" content=\"16 minutos\" \/>\n<script type=\"application\/ld+json\" class=\"yoast-schema-graph\">{\"@context\":\"https:\/\/schema.org\",\"@graph\":[{\"@type\":\"Article\",\"@id\":\"http:\/\/vincentians.com\/es\/el-espiritu-misionero-vicenciano-ayer-y-hoy\/#article\",\"isPartOf\":{\"@id\":\"http:\/\/vincentians.com\/es\/el-espiritu-misionero-vicenciano-ayer-y-hoy\/\"},\"author\":{\"name\":\"Francisco Javier Fern\u00e1ndez Chento\",\"@id\":\"https:\/\/vincentians.com\/es\/#\/schema\/person\/9623ef4d9aa3b2dfb8c061f1499288f2\"},\"headline\":\"El espiritu misionero vicenciano, ayer y hoy\",\"datePublished\":\"2019-10-05T06:45:36+00:00\",\"mainEntityOfPage\":{\"@id\":\"http:\/\/vincentians.com\/es\/el-espiritu-misionero-vicenciano-ayer-y-hoy\/\"},\"wordCount\":3287,\"commentCount\":0,\"publisher\":{\"@id\":\"https:\/\/vincentians.com\/es\/#organization\"},\"image\":{\"@id\":\"http:\/\/vincentians.com\/es\/el-espiritu-misionero-vicenciano-ayer-y-hoy\/#primaryimage\"},\"thumbnailUrl\":\"https:\/\/i0.wp.com\/vincentians.com\/es\/wp-content\/uploads\/sites\/11\/2016\/09\/vincentian-missionarie.jpg?fit=846%2C444\",\"keywords\":[\"Misiones Populares\",\"Perboyre\",\"Portail\"],\"articleSection\":[\"Formaci\u00f3n Vicenciana\"],\"inLanguage\":\"es\",\"potentialAction\":[{\"@type\":\"CommentAction\",\"name\":\"Comment\",\"target\":[\"http:\/\/vincentians.com\/es\/el-espiritu-misionero-vicenciano-ayer-y-hoy\/#respond\"]}]},{\"@type\":\"WebPage\",\"@id\":\"http:\/\/vincentians.com\/es\/el-espiritu-misionero-vicenciano-ayer-y-hoy\/\",\"url\":\"http:\/\/vincentians.com\/es\/el-espiritu-misionero-vicenciano-ayer-y-hoy\/\",\"name\":\"El espiritu misionero vicenciano, ayer y hoy - Somos Vicencianos\",\"isPartOf\":{\"@id\":\"https:\/\/vincentians.com\/es\/#website\"},\"primaryImageOfPage\":{\"@id\":\"http:\/\/vincentians.com\/es\/el-espiritu-misionero-vicenciano-ayer-y-hoy\/#primaryimage\"},\"image\":{\"@id\":\"http:\/\/vincentians.com\/es\/el-espiritu-misionero-vicenciano-ayer-y-hoy\/#primaryimage\"},\"thumbnailUrl\":\"https:\/\/i0.wp.com\/vincentians.com\/es\/wp-content\/uploads\/sites\/11\/2016\/09\/vincentian-missionarie.jpg?fit=846%2C444\",\"datePublished\":\"2019-10-05T06:45:36+00:00\",\"breadcrumb\":{\"@id\":\"http:\/\/vincentians.com\/es\/el-espiritu-misionero-vicenciano-ayer-y-hoy\/#breadcrumb\"},\"inLanguage\":\"es\",\"potentialAction\":[{\"@type\":\"ReadAction\",\"target\":[\"http:\/\/vincentians.com\/es\/el-espiritu-misionero-vicenciano-ayer-y-hoy\/\"]}]},{\"@type\":\"ImageObject\",\"inLanguage\":\"es\",\"@id\":\"http:\/\/vincentians.com\/es\/el-espiritu-misionero-vicenciano-ayer-y-hoy\/#primaryimage\",\"url\":\"https:\/\/i0.wp.com\/vincentians.com\/es\/wp-content\/uploads\/sites\/11\/2016\/09\/vincentian-missionarie.jpg?fit=846%2C444\",\"contentUrl\":\"https:\/\/i0.wp.com\/vincentians.com\/es\/wp-content\/uploads\/sites\/11\/2016\/09\/vincentian-missionarie.jpg?fit=846%2C444\",\"width\":846,\"height\":444},{\"@type\":\"BreadcrumbList\",\"@id\":\"http:\/\/vincentians.com\/es\/el-espiritu-misionero-vicenciano-ayer-y-hoy\/#breadcrumb\",\"itemListElement\":[{\"@type\":\"ListItem\",\"position\":1,\"name\":\"Portada\",\"item\":\"https:\/\/vincentians.com\/es\/\"},{\"@type\":\"ListItem\",\"position\":2,\"name\":\"El espiritu misionero vicenciano, ayer y hoy\"}]},{\"@type\":\"WebSite\",\"@id\":\"https:\/\/vincentians.com\/es\/#website\",\"url\":\"https:\/\/vincentians.com\/es\/\",\"name\":\"Somos Vicencianos\",\"description\":\"Know more to serve more\",\"publisher\":{\"@id\":\"https:\/\/vincentians.com\/es\/#organization\"},\"potentialAction\":[{\"@type\":\"SearchAction\",\"target\":{\"@type\":\"EntryPoint\",\"urlTemplate\":\"https:\/\/vincentians.com\/es\/?s={search_term_string}\"},\"query-input\":{\"@type\":\"PropertyValueSpecification\",\"valueRequired\":true,\"valueName\":\"search_term_string\"}}],\"inLanguage\":\"es\"},{\"@type\":\"Organization\",\"@id\":\"https:\/\/vincentians.com\/es\/#organization\",\"name\":\"The Vincentian Network\",\"url\":\"https:\/\/vincentians.com\/es\/\",\"logo\":{\"@type\":\"ImageObject\",\"inLanguage\":\"es\",\"@id\":\"https:\/\/vincentians.com\/es\/#\/schema\/logo\/image\/\",\"url\":\"https:\/\/i1.wp.com\/vincentians.com\/es\/wp-content\/uploads\/sites\/11\/2016\/06\/Vincentian-Network-logo-big.png?fit=778%2C778\",\"contentUrl\":\"https:\/\/i1.wp.com\/vincentians.com\/es\/wp-content\/uploads\/sites\/11\/2016\/06\/Vincentian-Network-logo-big.png?fit=778%2C778\",\"width\":778,\"height\":778,\"caption\":\"The Vincentian Network\"},\"image\":{\"@id\":\"https:\/\/vincentians.com\/es\/#\/schema\/logo\/image\/\"},\"sameAs\":[\"https:\/\/www.facebook.com\/WeAreVincentians\/\",\"https:\/\/x.com\/WeVincentians\"]},{\"@type\":\"Person\",\"@id\":\"https:\/\/vincentians.com\/es\/#\/schema\/person\/9623ef4d9aa3b2dfb8c061f1499288f2\",\"name\":\"Francisco Javier Fern\u00e1ndez Chento\",\"image\":{\"@type\":\"ImageObject\",\"inLanguage\":\"es\",\"@id\":\"https:\/\/vincentians.com\/es\/#\/schema\/person\/image\/\",\"url\":\"https:\/\/secure.gravatar.com\/avatar\/497d5cde87b4c3d097d0315953521681ba2cd523ee66e5077c3711f7021e65de?s=96&d=mm&r=g\",\"contentUrl\":\"https:\/\/secure.gravatar.com\/avatar\/497d5cde87b4c3d097d0315953521681ba2cd523ee66e5077c3711f7021e65de?s=96&d=mm&r=g\",\"caption\":\"Francisco Javier Fern\u00e1ndez Chento\"},\"description\":\"Director General y cofundador de La Red de Formaci\u00f3n Vicenciana. Javier es laico vicenciano, afiliado a la Congregaci\u00f3n de la Misi\u00f3n y miembro del Equipo de Misiones Populares de la provincia can\u00f3nica de Zaragoza (Espa\u00f1a) de la Congregaci\u00f3n de la Misi\u00f3n. Graduado en la Universidad Oberta de Catalunya con cuatro grados (Asistente de direcci\u00f3n, Gesti\u00f3n Administrativa, Recursos Humanos y Contabilidad Avanzada). Bil\u00edng\u00fce Espa\u00f1ol\/Ingl\u00e9s. gestiona y mantiene varias p\u00e1ginas web cristianas y vicencianas, incluida including La Red de Formaci\u00f3n Vicenciana, de la que es cofundador. Actualmente es responsable del \u00e1rea de Espa\u00f1ol de .famvin, la Red de Noticias de la Familia Vicenciana. Tambi\u00e9n es m\u00fasico cat\u00f3lico y ha editado varios discos. Es Director General y cofundador de Trovador, una reconocida compa\u00f1\u00eda discogr\u00e1fica critiana de Espa\u00f1a. Trabaja en las Tecnolog\u00edas de la Informaci\u00f3n, ofreciendo servicios de alojamiento, dise\u00f1o y mantenimiento Web, as\u00ed como asesoramiento, formaci\u00f3n y soluciones inform\u00e1ticas, gesti\u00f3n documental y digitalizaci\u00f3n de textos, edici\u00f3n y maquetaci\u00f3n de libros, revistas, flyers, etc.\",\"sameAs\":[\"http:\/\/chento.org\",\"https:\/\/www.facebook.com\/JavierChento\",\"https:\/\/x.com\/https:\/\/twitter.com\/javierchento\"],\"url\":\"http:\/\/vincentians.com\/es\/author\/chento\/\"}]}<\/script>\n<!-- \/ Yoast SEO plugin. -->","yoast_head_json":{"title":"El espiritu misionero vicenciano, ayer y hoy - Somos Vicencianos","robots":{"index":"index","follow":"follow","max-snippet":"max-snippet:-1","max-image-preview":"max-image-preview:large","max-video-preview":"max-video-preview:-1"},"canonical":"http:\/\/vincentians.com\/es\/el-espiritu-misionero-vicenciano-ayer-y-hoy\/","og_locale":"es_ES","og_type":"article","og_title":"El espiritu misionero vicenciano, ayer y hoy - Somos Vicencianos","og_description":"Os pido en esta ocasi\u00f3n, mis queridos hermanos y hermanas, que dediqu\u00e9is unos momentos para reflexionar juntamente conmigo en el nombre que llevamos. San Vicente nos recuerda que desde nuestros primeros or\u00edgenes la gente espont\u00e1neamente ... Read More","og_url":"http:\/\/vincentians.com\/es\/el-espiritu-misionero-vicenciano-ayer-y-hoy\/","og_site_name":"Somos Vicencianos","article_publisher":"https:\/\/www.facebook.com\/WeAreVincentians\/","article_author":"https:\/\/www.facebook.com\/JavierChento","article_published_time":"2019-10-05T06:45:36+00:00","og_image":[{"width":846,"height":444,"url":"https:\/\/i0.wp.com\/vincentians.com\/es\/wp-content\/uploads\/sites\/11\/2016\/09\/vincentian-missionarie.jpg?fit=846%2C444","type":"image\/jpeg"}],"author":"Francisco Javier Fern\u00e1ndez Chento","twitter_card":"summary_large_image","twitter_creator":"@https:\/\/twitter.com\/javierchento","twitter_site":"@WeVincentians","twitter_misc":{"Escrito por":"Francisco Javier Fern\u00e1ndez Chento","Tiempo de lectura":"16 minutos"},"schema":{"@context":"https:\/\/schema.org","@graph":[{"@type":"Article","@id":"http:\/\/vincentians.com\/es\/el-espiritu-misionero-vicenciano-ayer-y-hoy\/#article","isPartOf":{"@id":"http:\/\/vincentians.com\/es\/el-espiritu-misionero-vicenciano-ayer-y-hoy\/"},"author":{"name":"Francisco Javier Fern\u00e1ndez Chento","@id":"https:\/\/vincentians.com\/es\/#\/schema\/person\/9623ef4d9aa3b2dfb8c061f1499288f2"},"headline":"El espiritu misionero vicenciano, ayer y hoy","datePublished":"2019-10-05T06:45:36+00:00","mainEntityOfPage":{"@id":"http:\/\/vincentians.com\/es\/el-espiritu-misionero-vicenciano-ayer-y-hoy\/"},"wordCount":3287,"commentCount":0,"publisher":{"@id":"https:\/\/vincentians.com\/es\/#organization"},"image":{"@id":"http:\/\/vincentians.com\/es\/el-espiritu-misionero-vicenciano-ayer-y-hoy\/#primaryimage"},"thumbnailUrl":"https:\/\/i0.wp.com\/vincentians.com\/es\/wp-content\/uploads\/sites\/11\/2016\/09\/vincentian-missionarie.jpg?fit=846%2C444","keywords":["Misiones Populares","Perboyre","Portail"],"articleSection":["Formaci\u00f3n Vicenciana"],"inLanguage":"es","potentialAction":[{"@type":"CommentAction","name":"Comment","target":["http:\/\/vincentians.com\/es\/el-espiritu-misionero-vicenciano-ayer-y-hoy\/#respond"]}]},{"@type":"WebPage","@id":"http:\/\/vincentians.com\/es\/el-espiritu-misionero-vicenciano-ayer-y-hoy\/","url":"http:\/\/vincentians.com\/es\/el-espiritu-misionero-vicenciano-ayer-y-hoy\/","name":"El espiritu misionero vicenciano, ayer y hoy - Somos Vicencianos","isPartOf":{"@id":"https:\/\/vincentians.com\/es\/#website"},"primaryImageOfPage":{"@id":"http:\/\/vincentians.com\/es\/el-espiritu-misionero-vicenciano-ayer-y-hoy\/#primaryimage"},"image":{"@id":"http:\/\/vincentians.com\/es\/el-espiritu-misionero-vicenciano-ayer-y-hoy\/#primaryimage"},"thumbnailUrl":"https:\/\/i0.wp.com\/vincentians.com\/es\/wp-content\/uploads\/sites\/11\/2016\/09\/vincentian-missionarie.jpg?fit=846%2C444","datePublished":"2019-10-05T06:45:36+00:00","breadcrumb":{"@id":"http:\/\/vincentians.com\/es\/el-espiritu-misionero-vicenciano-ayer-y-hoy\/#breadcrumb"},"inLanguage":"es","potentialAction":[{"@type":"ReadAction","target":["http:\/\/vincentians.com\/es\/el-espiritu-misionero-vicenciano-ayer-y-hoy\/"]}]},{"@type":"ImageObject","inLanguage":"es","@id":"http:\/\/vincentians.com\/es\/el-espiritu-misionero-vicenciano-ayer-y-hoy\/#primaryimage","url":"https:\/\/i0.wp.com\/vincentians.com\/es\/wp-content\/uploads\/sites\/11\/2016\/09\/vincentian-missionarie.jpg?fit=846%2C444","contentUrl":"https:\/\/i0.wp.com\/vincentians.com\/es\/wp-content\/uploads\/sites\/11\/2016\/09\/vincentian-missionarie.jpg?fit=846%2C444","width":846,"height":444},{"@type":"BreadcrumbList","@id":"http:\/\/vincentians.com\/es\/el-espiritu-misionero-vicenciano-ayer-y-hoy\/#breadcrumb","itemListElement":[{"@type":"ListItem","position":1,"name":"Portada","item":"https:\/\/vincentians.com\/es\/"},{"@type":"ListItem","position":2,"name":"El espiritu misionero vicenciano, ayer y hoy"}]},{"@type":"WebSite","@id":"https:\/\/vincentians.com\/es\/#website","url":"https:\/\/vincentians.com\/es\/","name":"Somos Vicencianos","description":"Know more to serve more","publisher":{"@id":"https:\/\/vincentians.com\/es\/#organization"},"potentialAction":[{"@type":"SearchAction","target":{"@type":"EntryPoint","urlTemplate":"https:\/\/vincentians.com\/es\/?s={search_term_string}"},"query-input":{"@type":"PropertyValueSpecification","valueRequired":true,"valueName":"search_term_string"}}],"inLanguage":"es"},{"@type":"Organization","@id":"https:\/\/vincentians.com\/es\/#organization","name":"The Vincentian Network","url":"https:\/\/vincentians.com\/es\/","logo":{"@type":"ImageObject","inLanguage":"es","@id":"https:\/\/vincentians.com\/es\/#\/schema\/logo\/image\/","url":"https:\/\/i1.wp.com\/vincentians.com\/es\/wp-content\/uploads\/sites\/11\/2016\/06\/Vincentian-Network-logo-big.png?fit=778%2C778","contentUrl":"https:\/\/i1.wp.com\/vincentians.com\/es\/wp-content\/uploads\/sites\/11\/2016\/06\/Vincentian-Network-logo-big.png?fit=778%2C778","width":778,"height":778,"caption":"The Vincentian Network"},"image":{"@id":"https:\/\/vincentians.com\/es\/#\/schema\/logo\/image\/"},"sameAs":["https:\/\/www.facebook.com\/WeAreVincentians\/","https:\/\/x.com\/WeVincentians"]},{"@type":"Person","@id":"https:\/\/vincentians.com\/es\/#\/schema\/person\/9623ef4d9aa3b2dfb8c061f1499288f2","name":"Francisco Javier Fern\u00e1ndez Chento","image":{"@type":"ImageObject","inLanguage":"es","@id":"https:\/\/vincentians.com\/es\/#\/schema\/person\/image\/","url":"https:\/\/secure.gravatar.com\/avatar\/497d5cde87b4c3d097d0315953521681ba2cd523ee66e5077c3711f7021e65de?s=96&d=mm&r=g","contentUrl":"https:\/\/secure.gravatar.com\/avatar\/497d5cde87b4c3d097d0315953521681ba2cd523ee66e5077c3711f7021e65de?s=96&d=mm&r=g","caption":"Francisco Javier Fern\u00e1ndez Chento"},"description":"Director General y cofundador de La Red de Formaci\u00f3n Vicenciana. Javier es laico vicenciano, afiliado a la Congregaci\u00f3n de la Misi\u00f3n y miembro del Equipo de Misiones Populares de la provincia can\u00f3nica de Zaragoza (Espa\u00f1a) de la Congregaci\u00f3n de la Misi\u00f3n. Graduado en la Universidad Oberta de Catalunya con cuatro grados (Asistente de direcci\u00f3n, Gesti\u00f3n Administrativa, Recursos Humanos y Contabilidad Avanzada). Bil\u00edng\u00fce Espa\u00f1ol\/Ingl\u00e9s. gestiona y mantiene varias p\u00e1ginas web cristianas y vicencianas, incluida including La Red de Formaci\u00f3n Vicenciana, de la que es cofundador. Actualmente es responsable del \u00e1rea de Espa\u00f1ol de .famvin, la Red de Noticias de la Familia Vicenciana. Tambi\u00e9n es m\u00fasico cat\u00f3lico y ha editado varios discos. Es Director General y cofundador de Trovador, una reconocida compa\u00f1\u00eda discogr\u00e1fica critiana de Espa\u00f1a. Trabaja en las Tecnolog\u00edas de la Informaci\u00f3n, ofreciendo servicios de alojamiento, dise\u00f1o y mantenimiento Web, as\u00ed como asesoramiento, formaci\u00f3n y soluciones inform\u00e1ticas, gesti\u00f3n documental y digitalizaci\u00f3n de textos, edici\u00f3n y maquetaci\u00f3n de libros, revistas, flyers, etc.","sameAs":["http:\/\/chento.org","https:\/\/www.facebook.com\/JavierChento","https:\/\/x.com\/https:\/\/twitter.com\/javierchento"],"url":"http:\/\/vincentians.com\/es\/author\/chento\/"}]}},"jetpack_publicize_connections":[],"jetpack_featured_media_url":"https:\/\/i0.wp.com\/vincentians.com\/es\/wp-content\/uploads\/sites\/11\/2016\/09\/vincentian-missionarie.jpg?fit=846%2C444","jetpack_sharing_enabled":true,"jetpack_shortlink":"https:\/\/wp.me\/p7ETMF-dh7","jetpack-related-posts":[{"id":398642,"url":"http:\/\/vincentians.com\/es\/aportacion-del-carisma-vicenciano-la-mision-la-iglesia-6\/","url_meta":{"origin":51033,"position":0},"title":"Aportaci\u00f3n del carisma vicenciano a la Misi\u00f3n de la Iglesia (6)","author":"Francisco Javier Fern\u00e1ndez Chento","date":"09\/08\/2016","format":false,"excerpt":"6.- La Misi\u00f3n de la Iglesia y los obreros del Evangelio. El Papa Francisco, al proponer la urgencia de la misi\u00f3n evangelizadora de la Iglesia en el mundo de hoy, exclama: \u201c\u00a1C\u00f3mo quisiera encontrar las palabras para alen\u00adtar una etapa evangelizadora m\u00e1s fervorosa, ale\u00adgre, generosa, audaz, llena de amor hasta\u2026","rel":"","context":"En \u00abFormaci\u00f3n Vicenciana\u00bb","block_context":{"text":"Formaci\u00f3n Vicenciana","link":"http:\/\/vincentians.com\/es\/category\/formacion-vicenciana\/"},"img":{"alt_text":"","src":"https:\/\/i0.wp.com\/vincentians.com\/es\/wp-content\/uploads\/sites\/11\/2016\/06\/contributions-charism.jpg?fit=1200%2C630&resize=350%2C200","width":350,"height":200,"srcset":"https:\/\/i0.wp.com\/vincentians.com\/es\/wp-content\/uploads\/sites\/11\/2016\/06\/contributions-charism.jpg?fit=1200%2C630&resize=350%2C200 1x, https:\/\/i0.wp.com\/vincentians.com\/es\/wp-content\/uploads\/sites\/11\/2016\/06\/contributions-charism.jpg?fit=1200%2C630&resize=525%2C300 1.5x, https:\/\/i0.wp.com\/vincentians.com\/es\/wp-content\/uploads\/sites\/11\/2016\/06\/contributions-charism.jpg?fit=1200%2C630&resize=700%2C400 2x, https:\/\/i0.wp.com\/vincentians.com\/es\/wp-content\/uploads\/sites\/11\/2016\/06\/contributions-charism.jpg?fit=1200%2C630&resize=1050%2C600 3x"},"classes":[]},{"id":398637,"url":"http:\/\/vincentians.com\/es\/aportacion-del-carisma-vicenciano-la-mision-la-iglesia-1\/","url_meta":{"origin":51033,"position":1},"title":"Aportaci\u00f3n del carisma vicenciano a la Misi\u00f3n de la Iglesia (1)","author":"Francisco Javier Fern\u00e1ndez Chento","date":"04\/08\/2016","format":false,"excerpt":"Introducci\u00f3n: Al reflexionar sobre la aportaci\u00f3n del carisma vicenciano a la Misi\u00f3n de la Iglesia, me parece necesario formular previamente algunas precisiones. 1.- Cuando hablamos de carisma vicenciano, nos referimos al don del Esp\u00edritu suscitado por Dios en su Iglesia en las personas de Vicente de Pa\u00fal y de Luisa\u2026","rel":"","context":"En \u00abFormaci\u00f3n Vicenciana\u00bb","block_context":{"text":"Formaci\u00f3n Vicenciana","link":"http:\/\/vincentians.com\/es\/category\/formacion-vicenciana\/"},"img":{"alt_text":"","src":"https:\/\/i0.wp.com\/vincentians.com\/es\/wp-content\/uploads\/sites\/11\/2016\/06\/contributions-charism.jpg?fit=1200%2C630&resize=350%2C200","width":350,"height":200,"srcset":"https:\/\/i0.wp.com\/vincentians.com\/es\/wp-content\/uploads\/sites\/11\/2016\/06\/contributions-charism.jpg?fit=1200%2C630&resize=350%2C200 1x, https:\/\/i0.wp.com\/vincentians.com\/es\/wp-content\/uploads\/sites\/11\/2016\/06\/contributions-charism.jpg?fit=1200%2C630&resize=525%2C300 1.5x, https:\/\/i0.wp.com\/vincentians.com\/es\/wp-content\/uploads\/sites\/11\/2016\/06\/contributions-charism.jpg?fit=1200%2C630&resize=700%2C400 2x, https:\/\/i0.wp.com\/vincentians.com\/es\/wp-content\/uploads\/sites\/11\/2016\/06\/contributions-charism.jpg?fit=1200%2C630&resize=1050%2C600 3x"},"classes":[]},{"id":398641,"url":"http:\/\/vincentians.com\/es\/aportacion-del-carisma-vicenciano-la-mision-la-iglesia-4\/","url_meta":{"origin":51033,"position":2},"title":"Aportaci\u00f3n del carisma vicenciano a la Misi\u00f3n de la Iglesia (4)","author":"Francisco Javier Fern\u00e1ndez Chento","date":"07\/08\/2016","format":false,"excerpt":"4.- La salvaci\u00f3n de los pobres en el centro de la Misi\u00f3n de la Iglesia. San Vicente de Pa\u00fal y Santa Luisa de Marillac compartieron la misma experiencia: los pobres son los miembros de Cristo y, por tanto, de la Iglesia. En la Iglesia, Cuerpo de Cristo, los pobres ocupan\u2026","rel":"","context":"En \u00abFormaci\u00f3n Vicenciana\u00bb","block_context":{"text":"Formaci\u00f3n Vicenciana","link":"http:\/\/vincentians.com\/es\/category\/formacion-vicenciana\/"},"img":{"alt_text":"","src":"https:\/\/i0.wp.com\/vincentians.com\/es\/wp-content\/uploads\/sites\/11\/2016\/06\/contributions-charism.jpg?fit=1200%2C630&resize=350%2C200","width":350,"height":200,"srcset":"https:\/\/i0.wp.com\/vincentians.com\/es\/wp-content\/uploads\/sites\/11\/2016\/06\/contributions-charism.jpg?fit=1200%2C630&resize=350%2C200 1x, https:\/\/i0.wp.com\/vincentians.com\/es\/wp-content\/uploads\/sites\/11\/2016\/06\/contributions-charism.jpg?fit=1200%2C630&resize=525%2C300 1.5x, https:\/\/i0.wp.com\/vincentians.com\/es\/wp-content\/uploads\/sites\/11\/2016\/06\/contributions-charism.jpg?fit=1200%2C630&resize=700%2C400 2x, https:\/\/i0.wp.com\/vincentians.com\/es\/wp-content\/uploads\/sites\/11\/2016\/06\/contributions-charism.jpg?fit=1200%2C630&resize=1050%2C600 3x"},"classes":[]},{"id":117335,"url":"http:\/\/vincentians.com\/es\/evangelizar-siguiendo-a-san-vicente\/","url_meta":{"origin":51033,"position":3},"title":"Evangelizar siguiendo a san Vicente","author":"Francisco Javier Fern\u00e1ndez Chento","date":"14\/11\/2018","format":false,"excerpt":"Una de las opciones en Misiones Populares, tal y como lo hacemos los vicencianos, es el trabajo en equipo, que se compone de Consagrados (Pa\u00fales, Hijas de la Caridad, sacerdotes diocesanos\u2026) y Seglares Vicencianos. No lo hacemos as\u00ed por \"moda\", sino que es una de las urgencias en nuestra sociedad\u2026","rel":"","context":"En \u00abFormaci\u00f3n Vicenciana\u00bb","block_context":{"text":"Formaci\u00f3n Vicenciana","link":"http:\/\/vincentians.com\/es\/category\/formacion-vicenciana\/"},"img":{"alt_text":"","src":"https:\/\/i0.wp.com\/vincentians.com\/es\/wp-content\/uploads\/sites\/11\/2016\/09\/sencillos-como-palomas.jpg?fit=1200%2C630&resize=350%2C200","width":350,"height":200,"srcset":"https:\/\/i0.wp.com\/vincentians.com\/es\/wp-content\/uploads\/sites\/11\/2016\/09\/sencillos-como-palomas.jpg?fit=1200%2C630&resize=350%2C200 1x, https:\/\/i0.wp.com\/vincentians.com\/es\/wp-content\/uploads\/sites\/11\/2016\/09\/sencillos-como-palomas.jpg?fit=1200%2C630&resize=525%2C300 1.5x, https:\/\/i0.wp.com\/vincentians.com\/es\/wp-content\/uploads\/sites\/11\/2016\/09\/sencillos-como-palomas.jpg?fit=1200%2C630&resize=700%2C400 2x, https:\/\/i0.wp.com\/vincentians.com\/es\/wp-content\/uploads\/sites\/11\/2016\/09\/sencillos-como-palomas.jpg?fit=1200%2C630&resize=1050%2C600 3x"},"classes":[]},{"id":398644,"url":"http:\/\/vincentians.com\/es\/aportacion-del-carisma-vicenciano-la-mision-la-iglesia-8\/","url_meta":{"origin":51033,"position":4},"title":"Aportaci\u00f3n del carisma vicenciano a la Misi\u00f3n de la Iglesia (8)","author":"Francisco Javier Fern\u00e1ndez Chento","date":"11\/08\/2016","format":false,"excerpt":"8.- La Caridad, que anima la Misi\u00f3n. La Misi\u00f3n que se hace Caridad. En la sinagoga de Nazaret y a partir de un texto del profeta Isa\u00edas (El Esp\u00edritu del Se\u00f1or est\u00e1 sobre m\u00ed, porque \u00e9l me ha ungido; me ha enviado para dar la buena noticia a los pobres\u2026),\u2026","rel":"","context":"En \u00abFormaci\u00f3n Vicenciana\u00bb","block_context":{"text":"Formaci\u00f3n Vicenciana","link":"http:\/\/vincentians.com\/es\/category\/formacion-vicenciana\/"},"img":{"alt_text":"","src":"https:\/\/i0.wp.com\/vincentians.com\/es\/wp-content\/uploads\/sites\/11\/2016\/06\/contributions-charism.jpg?fit=1200%2C630&resize=350%2C200","width":350,"height":200,"srcset":"https:\/\/i0.wp.com\/vincentians.com\/es\/wp-content\/uploads\/sites\/11\/2016\/06\/contributions-charism.jpg?fit=1200%2C630&resize=350%2C200 1x, https:\/\/i0.wp.com\/vincentians.com\/es\/wp-content\/uploads\/sites\/11\/2016\/06\/contributions-charism.jpg?fit=1200%2C630&resize=525%2C300 1.5x, https:\/\/i0.wp.com\/vincentians.com\/es\/wp-content\/uploads\/sites\/11\/2016\/06\/contributions-charism.jpg?fit=1200%2C630&resize=700%2C400 2x, https:\/\/i0.wp.com\/vincentians.com\/es\/wp-content\/uploads\/sites\/11\/2016\/06\/contributions-charism.jpg?fit=1200%2C630&resize=1050%2C600 3x"},"classes":[]},{"id":398638,"url":"http:\/\/vincentians.com\/es\/aportacion-del-carisma-vicenciano-la-mision-la-iglesia-2\/","url_meta":{"origin":51033,"position":5},"title":"Aportaci\u00f3n del carisma vicenciano a la Misi\u00f3n de la Iglesia (2)","author":"Francisco Javier Fern\u00e1ndez Chento","date":"05\/08\/2016","format":false,"excerpt":"2.- La vida cristiana a partir de la Teolog\u00eda de la Misi\u00f3n: continuadores de la Misi\u00f3n del Hijo. Acabo de hacer referencia a la teolog\u00eda de la Misi\u00f3n como punto de partida para las nuevas formas de vida en la Iglesia de las que la Congregaci\u00f3n de la Misi\u00f3n y\u2026","rel":"","context":"En \u00abFormaci\u00f3n Vicenciana\u00bb","block_context":{"text":"Formaci\u00f3n Vicenciana","link":"http:\/\/vincentians.com\/es\/category\/formacion-vicenciana\/"},"img":{"alt_text":"","src":"https:\/\/i0.wp.com\/vincentians.com\/es\/wp-content\/uploads\/sites\/11\/2016\/06\/contributions-charism.jpg?fit=1200%2C630&resize=350%2C200","width":350,"height":200,"srcset":"https:\/\/i0.wp.com\/vincentians.com\/es\/wp-content\/uploads\/sites\/11\/2016\/06\/contributions-charism.jpg?fit=1200%2C630&resize=350%2C200 1x, https:\/\/i0.wp.com\/vincentians.com\/es\/wp-content\/uploads\/sites\/11\/2016\/06\/contributions-charism.jpg?fit=1200%2C630&resize=525%2C300 1.5x, https:\/\/i0.wp.com\/vincentians.com\/es\/wp-content\/uploads\/sites\/11\/2016\/06\/contributions-charism.jpg?fit=1200%2C630&resize=700%2C400 2x, https:\/\/i0.wp.com\/vincentians.com\/es\/wp-content\/uploads\/sites\/11\/2016\/06\/contributions-charism.jpg?fit=1200%2C630&resize=1050%2C600 3x"},"classes":[]}],"_links":{"self":[{"href":"http:\/\/vincentians.com\/es\/wp-json\/wp\/v2\/posts\/51033","targetHints":{"allow":["GET"]}}],"collection":[{"href":"http:\/\/vincentians.com\/es\/wp-json\/wp\/v2\/posts"}],"about":[{"href":"http:\/\/vincentians.com\/es\/wp-json\/wp\/v2\/types\/post"}],"author":[{"embeddable":true,"href":"http:\/\/vincentians.com\/es\/wp-json\/wp\/v2\/users\/4"}],"replies":[{"embeddable":true,"href":"http:\/\/vincentians.com\/es\/wp-json\/wp\/v2\/comments?post=51033"}],"version-history":[{"count":1,"href":"http:\/\/vincentians.com\/es\/wp-json\/wp\/v2\/posts\/51033\/revisions"}],"predecessor-version":[{"id":402627,"href":"http:\/\/vincentians.com\/es\/wp-json\/wp\/v2\/posts\/51033\/revisions\/402627"}],"wp:featuredmedia":[{"embeddable":true,"href":"http:\/\/vincentians.com\/es\/wp-json\/wp\/v2\/media\/399864"}],"wp:attachment":[{"href":"http:\/\/vincentians.com\/es\/wp-json\/wp\/v2\/media?parent=51033"}],"wp:term":[{"taxonomy":"category","embeddable":true,"href":"http:\/\/vincentians.com\/es\/wp-json\/wp\/v2\/categories?post=51033"},{"taxonomy":"post_tag","embeddable":true,"href":"http:\/\/vincentians.com\/es\/wp-json\/wp\/v2\/tags?post=51033"}],"curies":[{"name":"wp","href":"https:\/\/api.w.org\/{rel}","templated":true}]}}