{"id":51028,"date":"2023-06-27T08:59:58","date_gmt":"2023-06-27T06:59:58","guid":{"rendered":"http:\/\/somos.vicencianos.org\/?p=51028"},"modified":"2023-04-15T12:27:19","modified_gmt":"2023-04-15T10:27:19","slug":"un-hombre-que-rompio-muchos-esquemas-san-vicente-de-paul","status":"publish","type":"post","link":"http:\/\/vincentians.com\/es\/un-hombre-que-rompio-muchos-esquemas-san-vicente-de-paul\/","title":{"rendered":"Un hombre que rompi\u00f3 muchos esquemas (San Vicente de Pa\u00fal)"},"content":{"rendered":"<p>\u00abRomper\u00bb y \u00abCrear\u00bb son infinitivos verbales de acci\u00f3n, pero dichos verbos no garantizan, por el mero hecho de su registro en el Diccionario, que los usuarios sabemos romper y crear. Para ello, habr\u00e1 que estar equipados de una educaci\u00f3n que nos capacite para romper qu\u00e9 y c\u00f3mo, as\u00ed como para crear, qu\u00e9, c\u00f3mo y para qu\u00e9.<\/p>\n<p>No porque yo lo afirme, sino porque as\u00ed es, Vicente de Pa\u00fal fue un hombre que supo romper y supo crear. Para ambas acciones estuvo capacitado. Adem\u00e1s de Bachiller universitario en Teolog\u00eda y Licenciado en ambos Derechos, fue una persona de rica experiencia humana y cristiana. En muchas ocasiones escribe: \u00ab\u00c9sta es mi experiencia. \u00c9sta es mi fe\u00bb.<\/p>\n<p>Vicente de Pa\u00fal se conoci\u00f3 a s\u00ed mismo, y la consciencia de su intimidad le capacit\u00f3 para conocer a los dem\u00e1s, as\u00ed como para servir a la sociedad, especialmente a los desheredados.<\/p>\n<p>Justo este a\u00f1o se celebra el 350 aniversario de su muerte, ocasi\u00f3n que aprovecho para acercarme a este hombre. Como cristiano, le cost\u00f3 creer. Durante cuatro a\u00f1os no pudo recitar el Credo, y acab\u00f3 por escribirlo en un papel y cos\u00e9rselo en el forro de su sotana, a la altura del pecho. As\u00ed, cada vez que trazaba la cruz sobre su pecho, le serv\u00eda de confesi\u00f3n de fe. Observ\u00f3, adem\u00e1s, que la fe cristiana se hab\u00eda vuelto muy dif\u00edcil en el siglo XVII de Francia. No en vano escribe con toda contundencia al c\u00f3nsul de Argel \u00abque no se es justo por el mero hecho de cat\u00f3lico\u00bb.<\/p>\n<p>Sacerdote a su pesar, repite machaconamente que si hubiera sabido qu\u00e9 es eso de ser presb\u00edtero, \u00abjam\u00e1s hubiera cometido la temeridad de serlo\u00bb. Despu\u00e9s de algunas aventuras llamativas por el Norte de \u00c1frica, y alcanzada una cierta sensatez, tom\u00f3 la determinaci\u00f3n de trabajar en tres campos: En la educaci\u00f3n del clero, gente dif\u00edcil, seg\u00fan \u00e9l, Evangelizaci\u00f3n del campesinado, que lo mismo \u00abadmit\u00eda 3 que 4 personas en la Trinidad\u00bb, y en la denuncia y erradicaci\u00f3n de la Miseria.<\/p>\n<p>Dotado de capacidad cr\u00edtica, respet\u00f3 el \u00absacrosanto concilio de Trento\u00bb, pero dio carpetazo a su mandato de \u00abSeminarios para ni\u00f1os\u00bb, optando por los de \u00abj\u00f3venes de 20, 25 \u00f3 30 a\u00f1os\u00bb. Fue muy obsequioso con cardenales y obispos, pero advirti\u00f3 a los suyos que se cuidaran de convertirse en \u00a0\u00abuna vaca lechera\u00bb del cardenal que tramitaba en Roma la aprobaci\u00f3n can\u00f3nica de la Misi\u00f3n. A Richelieu y Mazarino los describe como a los \u00abse\u00f1ores que todo lo pueden\u00bb, aunque le dice a\u00a0 Richelieu \u00abque obedecer\u00e1 al Papa antes que a \u00e9l\u00bb y, a Mazarino, \u00abque se arroje al mar, si quiere salvar la ciudad de Par\u00eds.<\/p>\n<p>Con los grandes y peque\u00f1os de la sofisticada sociedad francesa del siglo XVII trat\u00f3 sin acepci\u00f3n alguna. A los pobres los reconoce \u00abcomo a sus se\u00f1ores naturales\u00bb. A Luis XIV, por no citar sino \u00a0la c\u00fapula del absolutismo, le replica que si no aguanta a los pobres cuando pasea por las calles de Par\u00eds, \u00abque no los fabrique\u00bb. Por eso, cuando el hijo de la espa\u00f1ola Ana de Austria le comisiona, por decreto ley, como regidor de la ciudadela-prisi\u00f3n para los m\u00e1s de 20.000 pobres que deambulaban por las calles de la capital, coge la pluma y le escribe:\u00bbMajestad, me ocupar\u00e9 de amueblar esa prisi\u00f3n y del vestuario de los pobres reclusos, pero ni la Misi\u00f3n, ni Las Hijas de la Caridad, ni las Cofrad\u00edas de Seglares se har\u00e1n cargo de esa obra\u00bb.<\/p>\n<p>Destaco estas facetas porque personas las ha habido y sigue habiendo, que bautizan a Vicente de Pa\u00fal de hombre bonach\u00f3n. Y de eso nada. Este buen vasco-franc\u00e9s fue un hombre de rompe, rasga y creativo. Y por serlo, fund\u00f3 la Congregaci\u00f3n de la Misi\u00f3n (Pa\u00fales) a contrapelo del Derecho Can\u00f3nico de su tiempo, hasta conseguir de Roma que los Misioneros, sin dejar de pertenecer \u00abal Clero secular de la religi\u00f3n de san Pedro, exentos de los obispos, y aun viviendo en comunidad, con votos privados, no fueran registrados entre las \u00f3rdenes de frailes, sino como sacerdotes seculares que viven en comunidad\u00bb. A contrapelo, tambi\u00e9n, consigui\u00f3 que Roma aprobara la Cofrad\u00eda de las Hijas de la Caridad para \u00abmujeres cristianas sin h\u00e1bitos ni conventos\u00bb y, lo que es m\u00e1s sorprendente, \u00abcon votos simples, renovables cada a\u00f1o, e igualmente cancelables, a voluntad de las interesadas, con d\u00eda de la Encarnaci\u00f3n de Nuestro Se\u00f1or Jesucristo\u00bb.<\/p>\n<p>Gracias, pues, a estas Instituciones, Vicente de Pa\u00fal alcanz\u00f3 a trabajar en la Educaci\u00f3n del Clero, en Seminarios y Facultades de Teolog\u00eda, en la Evangelizaci\u00f3n del Campesinado, por medio de las Misiones Rurales, \u00a0y en el Socorro de toda clase de Miserias con la creaci\u00f3n de Organizaciones originales.<\/p>\n<p>Si su obra Social-Educativo-Asistencial le exigi\u00f3 toda su energ\u00eda, a\u00fan le qued\u00f3 tiempo para escribir m\u00e1s de 30.000 Cartas, Cientos de Conferencias, y Viajar, a pie, a caballo y en carro, por la entera geograf\u00eda de Francia, registrando en miles de notas las incidencias de los viajes. Por su contenido y estilo, la Literatura del Siglo de Oro franc\u00e9s lo estudia como a uno de sus cl\u00e1sicos. \u00abHasta los mismos comediantes, dice el Se\u00f1or Vicente, imitan mi estilo sencillo de hablar y de escribir\u00bb. M\u00e1s a\u00fan. Moviliz\u00f3 la conciencia social de Francia, Italia, Polonia, Irlanda, Inglaterra y Norte de \u00c1frica mediante cadenas de peri\u00f3dicos (gacetillas), conservadas muchas de ellas en los 14 vol\u00famenes de sus Obras Completas, as\u00ed como otras muchas dispersas a\u00fan por las bibliotecas de Par\u00eds, San Petesburgo y otras ciudades.<\/p>\n<p>Con frecuencia, me pregunto por la clave de este hombre de acci\u00f3n. Ya he dicho que fue creyente y humano, pero, y acaso sea \u00e9ste el secreto de su \u00e9xito, supo colocarse en una brillante marginalidad para trabajar en favor de los m\u00e1s necesitados de su tiempo. Esa auto-marginalidad hizo de \u00e9l, y \u00e9l de ella, una persona de reconocida val\u00eda social y oficial.<\/p>\n<p>Guste o no a sus seguidores y seguidoras, Vicente de Pa\u00fal fue un hombre de Jesucristo y, como \u00e9l, el Galileo, socialista por los cuatro costados, pues un cristiano, al decir de K. Rahner, no debe ser sino socialista.<\/p>\n<p>Tambi\u00e9n se celebra este a\u00f1o el 350 aniversario de la muerte de santa Luisa de Marillac, pero a la persona y obra de esta mujer le dedicar\u00e9 otra nota como la presente.<\/p>\n<p>Termino. Cristianos y cristianas de signo determinado cuelgan a los santos y santas cuanto hicieron y no hicieron. Por ejemplo, a san Vicente de Pa\u00fal se le atribuye la fundaci\u00f3n de la Misi\u00f3n (Pa\u00fales). Si digo que los fundadores fueron Felipe Manuel de Gondy y su esposa Margarita de Silly, acreditado con documentos irrefutables, los historiadores me dar\u00e1n la raz\u00f3n, aunque acaso frunzan el ce\u00f1o cuantos \u00a0desconocen la Historia.<\/p>\n<p>Gracias, pues, a Felipe, Margarita y Vicente de Pa\u00fal por haber sido los fundadores de la Misi\u00f3n.<\/p>\n","protected":false},"excerpt":{"rendered":"<p>\u00abRomper\u00bb y \u00abCrear\u00bb son infinitivos verbales de acci\u00f3n, pero dichos verbos no garantizan, por el mero hecho de su registro en el Diccionario, que los usuarios sabemos romper y crear. Para ello, habr\u00e1 que estar &#8230; <a href=\"http:\/\/vincentians.com\/es\/un-hombre-que-rompio-muchos-esquemas-san-vicente-de-paul\/\" class=\"more-link\">Read More<\/a><\/p>\n","protected":false},"author":4,"featured_media":404146,"comment_status":"open","ping_status":"open","sticky":false,"template":"","format":"standard","meta":{"jetpack_post_was_ever_published":false,"_jetpack_newsletter_access":"","_jetpack_dont_email_post_to_subs":false,"_jetpack_newsletter_tier_id":0,"_jetpack_memberships_contains_paywalled_content":false,"_jetpack_memberships_contains_paid_content":false,"footnotes":"","jetpack_publicize_message":"","jetpack_publicize_feature_enabled":true,"jetpack_social_post_already_shared":true,"jetpack_social_options":{"image_generator_settings":{"template":"highway","default_image_id":0,"font":"","enabled":false},"version":2}},"categories":[5],"tags":[168,128],"class_list":["post-51028","post","type-post","status-publish","format-standard","has-post-thumbnail","hentry","category-vicente-de-paul","tag-argel","tag-silly"],"yoast_head":"<!-- This site is optimized with the Yoast SEO plugin v26.3 - https:\/\/yoast.com\/wordpress\/plugins\/seo\/ -->\n<title>Un hombre que rompi\u00f3 muchos esquemas (San Vicente de Pa\u00fal) - Somos Vicencianos<\/title>\n<meta name=\"robots\" content=\"index, follow, max-snippet:-1, max-image-preview:large, max-video-preview:-1\" \/>\n<link rel=\"canonical\" href=\"http:\/\/vincentians.com\/es\/un-hombre-que-rompio-muchos-esquemas-san-vicente-de-paul\/\" \/>\n<meta property=\"og:locale\" content=\"es_ES\" \/>\n<meta property=\"og:type\" content=\"article\" \/>\n<meta property=\"og:title\" content=\"Un hombre que rompi\u00f3 muchos esquemas (San Vicente de Pa\u00fal) - Somos Vicencianos\" \/>\n<meta property=\"og:description\" content=\"\u00abRomper\u00bb y \u00abCrear\u00bb son infinitivos verbales de acci\u00f3n, pero dichos verbos no garantizan, por el mero hecho de su registro en el Diccionario, que los usuarios sabemos romper y crear. Para ello, habr\u00e1 que estar ... Read More\" \/>\n<meta property=\"og:url\" content=\"http:\/\/vincentians.com\/es\/un-hombre-que-rompio-muchos-esquemas-san-vicente-de-paul\/\" \/>\n<meta property=\"og:site_name\" content=\"Somos Vicencianos\" \/>\n<meta property=\"article:publisher\" content=\"https:\/\/www.facebook.com\/WeAreVincentians\/\" \/>\n<meta property=\"article:author\" content=\"https:\/\/www.facebook.com\/JavierChento\" \/>\n<meta property=\"article:published_time\" content=\"2023-06-27T06:59:58+00:00\" \/>\n<meta property=\"og:image\" content=\"https:\/\/i0.wp.com\/vincentians.com\/es\/wp-content\/uploads\/sites\/11\/2013\/04\/f-8-scaled.jpg?fit=2560%2C1216\" \/>\n\t<meta property=\"og:image:width\" content=\"2560\" \/>\n\t<meta property=\"og:image:height\" content=\"1216\" \/>\n\t<meta property=\"og:image:type\" content=\"image\/jpeg\" \/>\n<meta name=\"author\" content=\"Francisco Javier Fern\u00e1ndez Chento\" \/>\n<meta name=\"twitter:card\" content=\"summary_large_image\" \/>\n<meta name=\"twitter:creator\" content=\"@https:\/\/twitter.com\/javierchento\" \/>\n<meta name=\"twitter:site\" content=\"@WeVincentians\" \/>\n<meta name=\"twitter:label1\" content=\"Escrito por\" \/>\n\t<meta name=\"twitter:data1\" content=\"Francisco Javier Fern\u00e1ndez Chento\" \/>\n\t<meta name=\"twitter:label2\" content=\"Tiempo de lectura\" \/>\n\t<meta name=\"twitter:data2\" content=\"6 minutos\" \/>\n<script type=\"application\/ld+json\" class=\"yoast-schema-graph\">{\"@context\":\"https:\/\/schema.org\",\"@graph\":[{\"@type\":\"Article\",\"@id\":\"http:\/\/vincentians.com\/es\/un-hombre-que-rompio-muchos-esquemas-san-vicente-de-paul\/#article\",\"isPartOf\":{\"@id\":\"http:\/\/vincentians.com\/es\/un-hombre-que-rompio-muchos-esquemas-san-vicente-de-paul\/\"},\"author\":{\"name\":\"Francisco Javier Fern\u00e1ndez Chento\",\"@id\":\"http:\/\/vincentians.com\/es\/#\/schema\/person\/9623ef4d9aa3b2dfb8c061f1499288f2\"},\"headline\":\"Un hombre que rompi\u00f3 muchos esquemas (San Vicente de Pa\u00fal)\",\"datePublished\":\"2023-06-27T06:59:58+00:00\",\"mainEntityOfPage\":{\"@id\":\"http:\/\/vincentians.com\/es\/un-hombre-que-rompio-muchos-esquemas-san-vicente-de-paul\/\"},\"wordCount\":1225,\"commentCount\":0,\"publisher\":{\"@id\":\"http:\/\/vincentians.com\/es\/#organization\"},\"image\":{\"@id\":\"http:\/\/vincentians.com\/es\/un-hombre-que-rompio-muchos-esquemas-san-vicente-de-paul\/#primaryimage\"},\"thumbnailUrl\":\"https:\/\/i0.wp.com\/vincentians.com\/es\/wp-content\/uploads\/sites\/11\/2013\/04\/f-8-scaled.jpg?fit=2560%2C1216\",\"keywords\":[\"Argel\",\"Silly\"],\"articleSection\":[\"Vicente de Pa\u00fal\"],\"inLanguage\":\"es\",\"potentialAction\":[{\"@type\":\"CommentAction\",\"name\":\"Comment\",\"target\":[\"http:\/\/vincentians.com\/es\/un-hombre-que-rompio-muchos-esquemas-san-vicente-de-paul\/#respond\"]}]},{\"@type\":\"WebPage\",\"@id\":\"http:\/\/vincentians.com\/es\/un-hombre-que-rompio-muchos-esquemas-san-vicente-de-paul\/\",\"url\":\"http:\/\/vincentians.com\/es\/un-hombre-que-rompio-muchos-esquemas-san-vicente-de-paul\/\",\"name\":\"Un hombre que rompi\u00f3 muchos esquemas (San Vicente de Pa\u00fal) - Somos Vicencianos\",\"isPartOf\":{\"@id\":\"http:\/\/vincentians.com\/es\/#website\"},\"primaryImageOfPage\":{\"@id\":\"http:\/\/vincentians.com\/es\/un-hombre-que-rompio-muchos-esquemas-san-vicente-de-paul\/#primaryimage\"},\"image\":{\"@id\":\"http:\/\/vincentians.com\/es\/un-hombre-que-rompio-muchos-esquemas-san-vicente-de-paul\/#primaryimage\"},\"thumbnailUrl\":\"https:\/\/i0.wp.com\/vincentians.com\/es\/wp-content\/uploads\/sites\/11\/2013\/04\/f-8-scaled.jpg?fit=2560%2C1216\",\"datePublished\":\"2023-06-27T06:59:58+00:00\",\"breadcrumb\":{\"@id\":\"http:\/\/vincentians.com\/es\/un-hombre-que-rompio-muchos-esquemas-san-vicente-de-paul\/#breadcrumb\"},\"inLanguage\":\"es\",\"potentialAction\":[{\"@type\":\"ReadAction\",\"target\":[\"http:\/\/vincentians.com\/es\/un-hombre-que-rompio-muchos-esquemas-san-vicente-de-paul\/\"]}]},{\"@type\":\"ImageObject\",\"inLanguage\":\"es\",\"@id\":\"http:\/\/vincentians.com\/es\/un-hombre-que-rompio-muchos-esquemas-san-vicente-de-paul\/#primaryimage\",\"url\":\"https:\/\/i0.wp.com\/vincentians.com\/es\/wp-content\/uploads\/sites\/11\/2013\/04\/f-8-scaled.jpg?fit=2560%2C1216\",\"contentUrl\":\"https:\/\/i0.wp.com\/vincentians.com\/es\/wp-content\/uploads\/sites\/11\/2013\/04\/f-8-scaled.jpg?fit=2560%2C1216\",\"width\":2560,\"height\":1216},{\"@type\":\"BreadcrumbList\",\"@id\":\"http:\/\/vincentians.com\/es\/un-hombre-que-rompio-muchos-esquemas-san-vicente-de-paul\/#breadcrumb\",\"itemListElement\":[{\"@type\":\"ListItem\",\"position\":1,\"name\":\"Portada\",\"item\":\"http:\/\/vincentians.com\/es\/\"},{\"@type\":\"ListItem\",\"position\":2,\"name\":\"Un hombre que rompi\u00f3 muchos esquemas (San Vicente de Pa\u00fal)\"}]},{\"@type\":\"WebSite\",\"@id\":\"http:\/\/vincentians.com\/es\/#website\",\"url\":\"http:\/\/vincentians.com\/es\/\",\"name\":\"Somos Vicencianos\",\"description\":\"Know more to serve more\",\"publisher\":{\"@id\":\"http:\/\/vincentians.com\/es\/#organization\"},\"potentialAction\":[{\"@type\":\"SearchAction\",\"target\":{\"@type\":\"EntryPoint\",\"urlTemplate\":\"http:\/\/vincentians.com\/es\/?s={search_term_string}\"},\"query-input\":{\"@type\":\"PropertyValueSpecification\",\"valueRequired\":true,\"valueName\":\"search_term_string\"}}],\"inLanguage\":\"es\"},{\"@type\":\"Organization\",\"@id\":\"http:\/\/vincentians.com\/es\/#organization\",\"name\":\"The Vincentian Network\",\"url\":\"http:\/\/vincentians.com\/es\/\",\"logo\":{\"@type\":\"ImageObject\",\"inLanguage\":\"es\",\"@id\":\"http:\/\/vincentians.com\/es\/#\/schema\/logo\/image\/\",\"url\":\"https:\/\/i1.wp.com\/vincentians.com\/es\/wp-content\/uploads\/sites\/11\/2016\/06\/Vincentian-Network-logo-big.png?fit=778%2C778\",\"contentUrl\":\"https:\/\/i1.wp.com\/vincentians.com\/es\/wp-content\/uploads\/sites\/11\/2016\/06\/Vincentian-Network-logo-big.png?fit=778%2C778\",\"width\":778,\"height\":778,\"caption\":\"The Vincentian Network\"},\"image\":{\"@id\":\"http:\/\/vincentians.com\/es\/#\/schema\/logo\/image\/\"},\"sameAs\":[\"https:\/\/www.facebook.com\/WeAreVincentians\/\",\"https:\/\/x.com\/WeVincentians\"]},{\"@type\":\"Person\",\"@id\":\"http:\/\/vincentians.com\/es\/#\/schema\/person\/9623ef4d9aa3b2dfb8c061f1499288f2\",\"name\":\"Francisco Javier Fern\u00e1ndez Chento\",\"image\":{\"@type\":\"ImageObject\",\"inLanguage\":\"es\",\"@id\":\"http:\/\/vincentians.com\/es\/#\/schema\/person\/image\/\",\"url\":\"https:\/\/secure.gravatar.com\/avatar\/497d5cde87b4c3d097d0315953521681ba2cd523ee66e5077c3711f7021e65de?s=96&d=mm&r=g\",\"contentUrl\":\"https:\/\/secure.gravatar.com\/avatar\/497d5cde87b4c3d097d0315953521681ba2cd523ee66e5077c3711f7021e65de?s=96&d=mm&r=g\",\"caption\":\"Francisco Javier Fern\u00e1ndez Chento\"},\"description\":\"Director General y cofundador de La Red de Formaci\u00f3n Vicenciana. Javier es laico vicenciano, afiliado a la Congregaci\u00f3n de la Misi\u00f3n y miembro del Equipo de Misiones Populares de la provincia can\u00f3nica de Zaragoza (Espa\u00f1a) de la Congregaci\u00f3n de la Misi\u00f3n. Graduado en la Universidad Oberta de Catalunya con cuatro grados (Asistente de direcci\u00f3n, Gesti\u00f3n Administrativa, Recursos Humanos y Contabilidad Avanzada). Bil\u00edng\u00fce Espa\u00f1ol\/Ingl\u00e9s. gestiona y mantiene varias p\u00e1ginas web cristianas y vicencianas, incluida including La Red de Formaci\u00f3n Vicenciana, de la que es cofundador. Actualmente es responsable del \u00e1rea de Espa\u00f1ol de .famvin, la Red de Noticias de la Familia Vicenciana. Tambi\u00e9n es m\u00fasico cat\u00f3lico y ha editado varios discos. Es Director General y cofundador de Trovador, una reconocida compa\u00f1\u00eda discogr\u00e1fica critiana de Espa\u00f1a. Trabaja en las Tecnolog\u00edas de la Informaci\u00f3n, ofreciendo servicios de alojamiento, dise\u00f1o y mantenimiento Web, as\u00ed como asesoramiento, formaci\u00f3n y soluciones inform\u00e1ticas, gesti\u00f3n documental y digitalizaci\u00f3n de textos, edici\u00f3n y maquetaci\u00f3n de libros, revistas, flyers, etc.\",\"sameAs\":[\"http:\/\/chento.org\",\"https:\/\/www.facebook.com\/JavierChento\",\"https:\/\/x.com\/https:\/\/twitter.com\/javierchento\"],\"url\":\"http:\/\/vincentians.com\/es\/author\/chento\/\"}]}<\/script>\n<!-- \/ Yoast SEO plugin. -->","yoast_head_json":{"title":"Un hombre que rompi\u00f3 muchos esquemas (San Vicente de Pa\u00fal) - Somos Vicencianos","robots":{"index":"index","follow":"follow","max-snippet":"max-snippet:-1","max-image-preview":"max-image-preview:large","max-video-preview":"max-video-preview:-1"},"canonical":"http:\/\/vincentians.com\/es\/un-hombre-que-rompio-muchos-esquemas-san-vicente-de-paul\/","og_locale":"es_ES","og_type":"article","og_title":"Un hombre que rompi\u00f3 muchos esquemas (San Vicente de Pa\u00fal) - Somos Vicencianos","og_description":"\u00abRomper\u00bb y \u00abCrear\u00bb son infinitivos verbales de acci\u00f3n, pero dichos verbos no garantizan, por el mero hecho de su registro en el Diccionario, que los usuarios sabemos romper y crear. Para ello, habr\u00e1 que estar ... Read More","og_url":"http:\/\/vincentians.com\/es\/un-hombre-que-rompio-muchos-esquemas-san-vicente-de-paul\/","og_site_name":"Somos Vicencianos","article_publisher":"https:\/\/www.facebook.com\/WeAreVincentians\/","article_author":"https:\/\/www.facebook.com\/JavierChento","article_published_time":"2023-06-27T06:59:58+00:00","og_image":[{"width":2560,"height":1216,"url":"https:\/\/i0.wp.com\/vincentians.com\/es\/wp-content\/uploads\/sites\/11\/2013\/04\/f-8-scaled.jpg?fit=2560%2C1216","type":"image\/jpeg"}],"author":"Francisco Javier Fern\u00e1ndez Chento","twitter_card":"summary_large_image","twitter_creator":"@https:\/\/twitter.com\/javierchento","twitter_site":"@WeVincentians","twitter_misc":{"Escrito por":"Francisco Javier Fern\u00e1ndez Chento","Tiempo de lectura":"6 minutos"},"schema":{"@context":"https:\/\/schema.org","@graph":[{"@type":"Article","@id":"http:\/\/vincentians.com\/es\/un-hombre-que-rompio-muchos-esquemas-san-vicente-de-paul\/#article","isPartOf":{"@id":"http:\/\/vincentians.com\/es\/un-hombre-que-rompio-muchos-esquemas-san-vicente-de-paul\/"},"author":{"name":"Francisco Javier Fern\u00e1ndez Chento","@id":"http:\/\/vincentians.com\/es\/#\/schema\/person\/9623ef4d9aa3b2dfb8c061f1499288f2"},"headline":"Un hombre que rompi\u00f3 muchos esquemas (San Vicente de Pa\u00fal)","datePublished":"2023-06-27T06:59:58+00:00","mainEntityOfPage":{"@id":"http:\/\/vincentians.com\/es\/un-hombre-que-rompio-muchos-esquemas-san-vicente-de-paul\/"},"wordCount":1225,"commentCount":0,"publisher":{"@id":"http:\/\/vincentians.com\/es\/#organization"},"image":{"@id":"http:\/\/vincentians.com\/es\/un-hombre-que-rompio-muchos-esquemas-san-vicente-de-paul\/#primaryimage"},"thumbnailUrl":"https:\/\/i0.wp.com\/vincentians.com\/es\/wp-content\/uploads\/sites\/11\/2013\/04\/f-8-scaled.jpg?fit=2560%2C1216","keywords":["Argel","Silly"],"articleSection":["Vicente de Pa\u00fal"],"inLanguage":"es","potentialAction":[{"@type":"CommentAction","name":"Comment","target":["http:\/\/vincentians.com\/es\/un-hombre-que-rompio-muchos-esquemas-san-vicente-de-paul\/#respond"]}]},{"@type":"WebPage","@id":"http:\/\/vincentians.com\/es\/un-hombre-que-rompio-muchos-esquemas-san-vicente-de-paul\/","url":"http:\/\/vincentians.com\/es\/un-hombre-que-rompio-muchos-esquemas-san-vicente-de-paul\/","name":"Un hombre que rompi\u00f3 muchos esquemas (San Vicente de Pa\u00fal) - Somos Vicencianos","isPartOf":{"@id":"http:\/\/vincentians.com\/es\/#website"},"primaryImageOfPage":{"@id":"http:\/\/vincentians.com\/es\/un-hombre-que-rompio-muchos-esquemas-san-vicente-de-paul\/#primaryimage"},"image":{"@id":"http:\/\/vincentians.com\/es\/un-hombre-que-rompio-muchos-esquemas-san-vicente-de-paul\/#primaryimage"},"thumbnailUrl":"https:\/\/i0.wp.com\/vincentians.com\/es\/wp-content\/uploads\/sites\/11\/2013\/04\/f-8-scaled.jpg?fit=2560%2C1216","datePublished":"2023-06-27T06:59:58+00:00","breadcrumb":{"@id":"http:\/\/vincentians.com\/es\/un-hombre-que-rompio-muchos-esquemas-san-vicente-de-paul\/#breadcrumb"},"inLanguage":"es","potentialAction":[{"@type":"ReadAction","target":["http:\/\/vincentians.com\/es\/un-hombre-que-rompio-muchos-esquemas-san-vicente-de-paul\/"]}]},{"@type":"ImageObject","inLanguage":"es","@id":"http:\/\/vincentians.com\/es\/un-hombre-que-rompio-muchos-esquemas-san-vicente-de-paul\/#primaryimage","url":"https:\/\/i0.wp.com\/vincentians.com\/es\/wp-content\/uploads\/sites\/11\/2013\/04\/f-8-scaled.jpg?fit=2560%2C1216","contentUrl":"https:\/\/i0.wp.com\/vincentians.com\/es\/wp-content\/uploads\/sites\/11\/2013\/04\/f-8-scaled.jpg?fit=2560%2C1216","width":2560,"height":1216},{"@type":"BreadcrumbList","@id":"http:\/\/vincentians.com\/es\/un-hombre-que-rompio-muchos-esquemas-san-vicente-de-paul\/#breadcrumb","itemListElement":[{"@type":"ListItem","position":1,"name":"Portada","item":"http:\/\/vincentians.com\/es\/"},{"@type":"ListItem","position":2,"name":"Un hombre que rompi\u00f3 muchos esquemas (San Vicente de Pa\u00fal)"}]},{"@type":"WebSite","@id":"http:\/\/vincentians.com\/es\/#website","url":"http:\/\/vincentians.com\/es\/","name":"Somos Vicencianos","description":"Know more to serve more","publisher":{"@id":"http:\/\/vincentians.com\/es\/#organization"},"potentialAction":[{"@type":"SearchAction","target":{"@type":"EntryPoint","urlTemplate":"http:\/\/vincentians.com\/es\/?s={search_term_string}"},"query-input":{"@type":"PropertyValueSpecification","valueRequired":true,"valueName":"search_term_string"}}],"inLanguage":"es"},{"@type":"Organization","@id":"http:\/\/vincentians.com\/es\/#organization","name":"The Vincentian Network","url":"http:\/\/vincentians.com\/es\/","logo":{"@type":"ImageObject","inLanguage":"es","@id":"http:\/\/vincentians.com\/es\/#\/schema\/logo\/image\/","url":"https:\/\/i1.wp.com\/vincentians.com\/es\/wp-content\/uploads\/sites\/11\/2016\/06\/Vincentian-Network-logo-big.png?fit=778%2C778","contentUrl":"https:\/\/i1.wp.com\/vincentians.com\/es\/wp-content\/uploads\/sites\/11\/2016\/06\/Vincentian-Network-logo-big.png?fit=778%2C778","width":778,"height":778,"caption":"The Vincentian Network"},"image":{"@id":"http:\/\/vincentians.com\/es\/#\/schema\/logo\/image\/"},"sameAs":["https:\/\/www.facebook.com\/WeAreVincentians\/","https:\/\/x.com\/WeVincentians"]},{"@type":"Person","@id":"http:\/\/vincentians.com\/es\/#\/schema\/person\/9623ef4d9aa3b2dfb8c061f1499288f2","name":"Francisco Javier Fern\u00e1ndez Chento","image":{"@type":"ImageObject","inLanguage":"es","@id":"http:\/\/vincentians.com\/es\/#\/schema\/person\/image\/","url":"https:\/\/secure.gravatar.com\/avatar\/497d5cde87b4c3d097d0315953521681ba2cd523ee66e5077c3711f7021e65de?s=96&d=mm&r=g","contentUrl":"https:\/\/secure.gravatar.com\/avatar\/497d5cde87b4c3d097d0315953521681ba2cd523ee66e5077c3711f7021e65de?s=96&d=mm&r=g","caption":"Francisco Javier Fern\u00e1ndez Chento"},"description":"Director General y cofundador de La Red de Formaci\u00f3n Vicenciana. Javier es laico vicenciano, afiliado a la Congregaci\u00f3n de la Misi\u00f3n y miembro del Equipo de Misiones Populares de la provincia can\u00f3nica de Zaragoza (Espa\u00f1a) de la Congregaci\u00f3n de la Misi\u00f3n. Graduado en la Universidad Oberta de Catalunya con cuatro grados (Asistente de direcci\u00f3n, Gesti\u00f3n Administrativa, Recursos Humanos y Contabilidad Avanzada). Bil\u00edng\u00fce Espa\u00f1ol\/Ingl\u00e9s. gestiona y mantiene varias p\u00e1ginas web cristianas y vicencianas, incluida including La Red de Formaci\u00f3n Vicenciana, de la que es cofundador. Actualmente es responsable del \u00e1rea de Espa\u00f1ol de .famvin, la Red de Noticias de la Familia Vicenciana. Tambi\u00e9n es m\u00fasico cat\u00f3lico y ha editado varios discos. Es Director General y cofundador de Trovador, una reconocida compa\u00f1\u00eda discogr\u00e1fica critiana de Espa\u00f1a. Trabaja en las Tecnolog\u00edas de la Informaci\u00f3n, ofreciendo servicios de alojamiento, dise\u00f1o y mantenimiento Web, as\u00ed como asesoramiento, formaci\u00f3n y soluciones inform\u00e1ticas, gesti\u00f3n documental y digitalizaci\u00f3n de textos, edici\u00f3n y maquetaci\u00f3n de libros, revistas, flyers, etc.","sameAs":["http:\/\/chento.org","https:\/\/www.facebook.com\/JavierChento","https:\/\/x.com\/https:\/\/twitter.com\/javierchento"],"url":"http:\/\/vincentians.com\/es\/author\/chento\/"}]}},"jetpack_publicize_connections":[],"jetpack_featured_media_url":"https:\/\/i0.wp.com\/vincentians.com\/es\/wp-content\/uploads\/sites\/11\/2013\/04\/f-8-scaled.jpg?fit=2560%2C1216","jetpack_sharing_enabled":true,"jetpack_shortlink":"https:\/\/wp.me\/p7ETMF-dh2","jetpack-related-posts":[{"id":126899,"url":"http:\/\/vincentians.com\/es\/vicente-de-paul-carta-1214-luisa-de-marillac-a-san-vicente\/","url_meta":{"origin":51028,"position":0},"title":"Vicente de Pa\u00fal, Carta 1214: Luisa De Marillac A San Vicente","author":"Francisco Javier Fern\u00e1ndez Chento","date":"24\/01\/2014","format":false,"excerpt":"[Diciembre 1649] Padre: Le env\u00edo una carta de la se\u00f1ora de Villenant, por la que ver\u00e1 usted lo que he sabido de este asunto, Lo que m\u00e1s me preocupa es la dificultad que tienen las viudas para deshacerse de su oficio despu\u00e9s de la muerte de su marido, el dinero\u2026","rel":"","context":"En \u00abEscritos de Vicente de Pa\u00fal\u00bb","block_context":{"text":"Escritos de Vicente de Pa\u00fal","link":"http:\/\/vincentians.com\/es\/category\/escritos\/escritos-de-vicente-de-paul\/"},"img":{"alt_text":"","src":"https:\/\/i0.wp.com\/vincentians.com\/es\/wp-content\/uploads\/sites\/11\/2016\/07\/escritos-vicente-de-paul.jpg?fit=1200%2C630&resize=350%2C200","width":350,"height":200,"srcset":"https:\/\/i0.wp.com\/vincentians.com\/es\/wp-content\/uploads\/sites\/11\/2016\/07\/escritos-vicente-de-paul.jpg?fit=1200%2C630&resize=350%2C200 1x, https:\/\/i0.wp.com\/vincentians.com\/es\/wp-content\/uploads\/sites\/11\/2016\/07\/escritos-vicente-de-paul.jpg?fit=1200%2C630&resize=525%2C300 1.5x, https:\/\/i0.wp.com\/vincentians.com\/es\/wp-content\/uploads\/sites\/11\/2016\/07\/escritos-vicente-de-paul.jpg?fit=1200%2C630&resize=700%2C400 2x, https:\/\/i0.wp.com\/vincentians.com\/es\/wp-content\/uploads\/sites\/11\/2016\/07\/escritos-vicente-de-paul.jpg?fit=1200%2C630&resize=1050%2C600 3x"},"classes":[]},{"id":100647,"url":"http:\/\/vincentians.com\/es\/vicente-de-paul-carta-0955-alano-de-solminihac-obispo-de-cahors-a-san-vicente\/","url_meta":{"origin":51028,"position":1},"title":"Vicente de Pa\u00fal, Carta 0955: Alano De Solminihac, Obispo De Cahors, A San Vicente","author":"Francisco Javier Fern\u00e1ndez Chento","date":"02\/09\/2012","format":false,"excerpt":"[1647] Me gustar\u00eda mucho que el padre Testacy y los dem\u00e1s de nuestro seminario no le rompiesen la cabeza, como hacen muchas veces, sin ninguna necesidad. El intendente de mi casa me ha dicho siempre que se pod\u00eda alimentar a los pensionistas con cien libras, y yo tambi\u00e9n lo creo.\u2026","rel":"","context":"En \u00abEscritos de Vicente de Pa\u00fal\u00bb","block_context":{"text":"Escritos de Vicente de Pa\u00fal","link":"http:\/\/vincentians.com\/es\/category\/escritos\/escritos-de-vicente-de-paul\/"},"img":{"alt_text":"","src":"https:\/\/i0.wp.com\/vincentians.com\/es\/wp-content\/uploads\/sites\/11\/2016\/07\/escritos-vicente-de-paul.jpg?fit=1200%2C630&resize=350%2C200","width":350,"height":200,"srcset":"https:\/\/i0.wp.com\/vincentians.com\/es\/wp-content\/uploads\/sites\/11\/2016\/07\/escritos-vicente-de-paul.jpg?fit=1200%2C630&resize=350%2C200 1x, https:\/\/i0.wp.com\/vincentians.com\/es\/wp-content\/uploads\/sites\/11\/2016\/07\/escritos-vicente-de-paul.jpg?fit=1200%2C630&resize=525%2C300 1.5x, https:\/\/i0.wp.com\/vincentians.com\/es\/wp-content\/uploads\/sites\/11\/2016\/07\/escritos-vicente-de-paul.jpg?fit=1200%2C630&resize=700%2C400 2x, https:\/\/i0.wp.com\/vincentians.com\/es\/wp-content\/uploads\/sites\/11\/2016\/07\/escritos-vicente-de-paul.jpg?fit=1200%2C630&resize=1050%2C600 3x"},"classes":[]},{"id":145196,"url":"http:\/\/vincentians.com\/es\/la-mision-de-la-sociedad-de-san-vicente-de-paul\/","url_meta":{"origin":51028,"position":2},"title":"La Misi\u00f3n de la Sociedad de San Vicente de Pa\u00fal","author":"Francisco Javier Fern\u00e1ndez Chento","date":"18\/05\/2015","format":false,"excerpt":"De acuerdo al concepto de Misi\u00f3n de cualquier instituci\u00f3n, \u00e9sta se puede definir como el motivo, pro\u00adp\u00f3sito, fin o raz\u00f3n de ser de la exis\u00adtencia de una organizaci\u00f3n. A este respecto, es importante conocer que el Consejo General In\u00adternacional de la Sociedad de San Vicente de Pa\u00fal, con el objetivo\u2026","rel":"","context":"En \u00abSociedad de San Vicente de Pa\u00fal\u00bb","block_context":{"text":"Sociedad de San Vicente de Pa\u00fal","link":"http:\/\/vincentians.com\/es\/category\/la-familia-vicenciana\/ramas\/sociedad-de-san-vicente-de-paul\/"},"img":{"alt_text":"ssvp","src":"https:\/\/i0.wp.com\/vicencianos.org\/wp-content\/2013\/12\/ssvp-300x281.jpg?resize=350%2C200","width":350,"height":200},"classes":[]},{"id":135246,"url":"http:\/\/vincentians.com\/es\/vicente-de-paul-carta-1248-a-maturino-gentil-sacerdote-de-la-mision-en-le-mans\/","url_meta":{"origin":51028,"position":3},"title":"Vicente de Pa\u00fal, Carta 1248: A Maturino Gentil, Sacerdote De La Misi\u00f3n, En Le Mans","author":"Francisco Javier Fern\u00e1ndez Chento","date":"13\/01\/2015","format":false,"excerpt":"Par\u00eds, 23 febrero 1650. Padre: La gracia de Nuestro Se\u00f1or sea siempre con nosotros. Me alegra mucho saber que se han librado ustedes de la tasa del clero por este a\u00f1o, gracias al pago que han efectuado; ya veremos lo que pasa otro a\u00f1o. Como las 800 0 1.000 libras\u2026","rel":"","context":"En \u00abEscritos de Vicente de Pa\u00fal\u00bb","block_context":{"text":"Escritos de Vicente de Pa\u00fal","link":"http:\/\/vincentians.com\/es\/category\/escritos\/escritos-de-vicente-de-paul\/"},"img":{"alt_text":"","src":"https:\/\/i0.wp.com\/vincentians.com\/es\/wp-content\/uploads\/sites\/11\/2016\/07\/escritos-vicente-de-paul.jpg?fit=1200%2C630&resize=350%2C200","width":350,"height":200,"srcset":"https:\/\/i0.wp.com\/vincentians.com\/es\/wp-content\/uploads\/sites\/11\/2016\/07\/escritos-vicente-de-paul.jpg?fit=1200%2C630&resize=350%2C200 1x, https:\/\/i0.wp.com\/vincentians.com\/es\/wp-content\/uploads\/sites\/11\/2016\/07\/escritos-vicente-de-paul.jpg?fit=1200%2C630&resize=525%2C300 1.5x, https:\/\/i0.wp.com\/vincentians.com\/es\/wp-content\/uploads\/sites\/11\/2016\/07\/escritos-vicente-de-paul.jpg?fit=1200%2C630&resize=700%2C400 2x, https:\/\/i0.wp.com\/vincentians.com\/es\/wp-content\/uploads\/sites\/11\/2016\/07\/escritos-vicente-de-paul.jpg?fit=1200%2C630&resize=1050%2C600 3x"},"classes":[]},{"id":398958,"url":"http:\/\/vincentians.com\/es\/vicente-paul-carta-1365-renato-almeras-superior-roma\/","url_meta":{"origin":51028,"position":4},"title":"Vicente de Pa\u00fal, Carta 1365: A Renato Almeras, Superior de Roma","author":"Francisco Javier Fern\u00e1ndez Chento","date":"29\/12\/2016","format":false,"excerpt":"3 de enero de 1651 Le pido a Nuestro Se\u00f1or que le d\u00e9 \u00e1nimos para aprovecharse bien de ese estado de sufrimiento que est\u00e1 pasando, de forma que reciba de \u00e9l la misma gloria que recibir\u00eda con sus trabajos. Debe usted suspender toda su actividad, tal como ya le dije,\u2026","rel":"","context":"En \u00abEscritos de Vicente de Pa\u00fal\u00bb","block_context":{"text":"Escritos de Vicente de Pa\u00fal","link":"http:\/\/vincentians.com\/es\/category\/escritos\/escritos-de-vicente-de-paul\/"},"img":{"alt_text":"","src":"https:\/\/i0.wp.com\/vincentians.com\/es\/wp-content\/uploads\/sites\/11\/2016\/07\/escritos-vicente-de-paul.jpg?fit=1200%2C630&resize=350%2C200","width":350,"height":200,"srcset":"https:\/\/i0.wp.com\/vincentians.com\/es\/wp-content\/uploads\/sites\/11\/2016\/07\/escritos-vicente-de-paul.jpg?fit=1200%2C630&resize=350%2C200 1x, https:\/\/i0.wp.com\/vincentians.com\/es\/wp-content\/uploads\/sites\/11\/2016\/07\/escritos-vicente-de-paul.jpg?fit=1200%2C630&resize=525%2C300 1.5x, https:\/\/i0.wp.com\/vincentians.com\/es\/wp-content\/uploads\/sites\/11\/2016\/07\/escritos-vicente-de-paul.jpg?fit=1200%2C630&resize=700%2C400 2x, https:\/\/i0.wp.com\/vincentians.com\/es\/wp-content\/uploads\/sites\/11\/2016\/07\/escritos-vicente-de-paul.jpg?fit=1200%2C630&resize=1050%2C600 3x"},"classes":[]},{"id":143160,"url":"http:\/\/vincentians.com\/es\/san-vicente-estudiante-y-docente-o-la-escuela-hoy-segun-san-vicente\/","url_meta":{"origin":51028,"position":5},"title":"San Vicente, estudiante y docente o la escuela hoy seg\u00fan san Vicente","author":"Francisco Javier Fern\u00e1ndez Chento","date":"16\/04\/2015","format":false,"excerpt":"Introducci\u00f3n Es evidente que desde los comienzos del siglo XVII en Francia los tiempos han cambiado y especialmente en lo que se refiere a la escuela y a la ense\u00f1anza. Se estima que en los primeros a\u00f1os del siglo XVII, los \u00be de la poblaci\u00f3n masculina y las 9\/10 de\u2026","rel":"","context":"En \u00abFormaci\u00f3n Vicenciana\u00bb","block_context":{"text":"Formaci\u00f3n Vicenciana","link":"http:\/\/vincentians.com\/es\/category\/formacion-vicenciana\/"},"img":{"alt_text":"vicentepaul","src":"https:\/\/i0.wp.com\/vicencianos.org\/wp-content\/2012\/12\/vicentepaul-235x300.jpg?resize=350%2C200","width":350,"height":200},"classes":[]}],"_links":{"self":[{"href":"http:\/\/vincentians.com\/es\/wp-json\/wp\/v2\/posts\/51028","targetHints":{"allow":["GET"]}}],"collection":[{"href":"http:\/\/vincentians.com\/es\/wp-json\/wp\/v2\/posts"}],"about":[{"href":"http:\/\/vincentians.com\/es\/wp-json\/wp\/v2\/types\/post"}],"author":[{"embeddable":true,"href":"http:\/\/vincentians.com\/es\/wp-json\/wp\/v2\/users\/4"}],"replies":[{"embeddable":true,"href":"http:\/\/vincentians.com\/es\/wp-json\/wp\/v2\/comments?post=51028"}],"version-history":[{"count":1,"href":"http:\/\/vincentians.com\/es\/wp-json\/wp\/v2\/posts\/51028\/revisions"}],"predecessor-version":[{"id":404811,"href":"http:\/\/vincentians.com\/es\/wp-json\/wp\/v2\/posts\/51028\/revisions\/404811"}],"wp:featuredmedia":[{"embeddable":true,"href":"http:\/\/vincentians.com\/es\/wp-json\/wp\/v2\/media\/404146"}],"wp:attachment":[{"href":"http:\/\/vincentians.com\/es\/wp-json\/wp\/v2\/media?parent=51028"}],"wp:term":[{"taxonomy":"category","embeddable":true,"href":"http:\/\/vincentians.com\/es\/wp-json\/wp\/v2\/categories?post=51028"},{"taxonomy":"post_tag","embeddable":true,"href":"http:\/\/vincentians.com\/es\/wp-json\/wp\/v2\/tags?post=51028"}],"curies":[{"name":"wp","href":"https:\/\/api.w.org\/{rel}","templated":true}]}}