{"id":50802,"date":"2011-10-02T04:00:05","date_gmt":"2011-10-02T02:00:05","guid":{"rendered":"http:\/\/somos.vicencianos.org\/blog\/2011\/10\/preparacion-de-la-mision-pre-mision\/"},"modified":"2011-10-02T04:00:05","modified_gmt":"2011-10-02T02:00:05","slug":"preparacion-de-la-mision-pre-mision","status":"publish","type":"post","link":"http:\/\/vincentians.com\/es\/preparacion-de-la-mision-pre-mision\/","title":{"rendered":"Preparaci\u00f3n de la misi\u00f3n (Pre-Misi\u00f3n)"},"content":{"rendered":"<p><a href=\"https:\/\/i0.wp.com\/vicencianos.org\/wp-content\/2010\/03\/misiones31.jpg\"><img data-recalc-dims=\"1\" loading=\"lazy\" decoding=\"async\" class=\"alignright size-medium wp-image-45581\" title=\"misiones3\" src=\"https:\/\/i0.wp.com\/vicencianos.org\/wp-content\/2010\/03\/misiones31-300x284.jpg?resize=300%2C284\" alt=\"\" width=\"300\" height=\"284\" \/><\/a>Intentar\u00e9 presentar en esta ponencia el trabajo de la \u00abPre-Misi\u00f3n\u00bb que hemos desarrollado como paso preliminar a la misi\u00f3n como tal, y que normalmente va dirigida a los fieles de una parroquia con una poblaci\u00f3n considerable de inmigrantes de habla hispana. Tiene dos partes principales: l. Preparaci\u00f3n del equipo misionero. 2. Preparaci\u00f3n de cada parroquia.<\/p>\n<h2><strong>Preparaci\u00f3n del equipo misionero<\/strong><\/h2>\n<p>La reuni\u00f3n de Visitadores Vicentinos en Bogot\u00e1 en Enero de 1983, con el tema principal \u00abMisiones Populares\u00bb, renov\u00f3 el inter\u00e9s en nuestro apostolado principal como vicentinos, la Evangelizaci\u00f3n de los pobres. La Provincia de Filadelfia respondi\u00f3 poco despu\u00e9s asignando a un grupo de cohermanos a un equipo de renovaci\u00f3n de parroquias\u00bb, que tuvo un \u00e9xito inmediato. Poco despu\u00e9s, en el a\u00f1o 1985, el P. Jerry Mahoney, Provincial, decidi\u00f3 que ten\u00edamos que evangelizar a uno de los grupos cristianos m\u00e1s numerosos y m\u00e1s necesitados de los Estados Unidos, inmigrantes de lengua Hispana. Pidi\u00f3 a los Padres John Kennedy y Art Kolinsky que empezasen este trabajo, ya que ambos hablan espa\u00f1ol.<\/p>\n<p>Con el fin de prepararnos para este apostolado, visitamos primeramente el Comit\u00e9 Cat\u00f3lico para los Hispanos en sus tres sedes que corresponden a los l\u00edmites geogr\u00e1ficos de nuestra Provincia:<\/p>\n<ul>\n<li>Nueva York &#8211; Noreste<\/li>\n<li>Miami &#8211; Sureste<\/li>\n<li>Sur &#8211; Oeste-Central<\/li>\n<\/ul>\n<p>Estas visitas fueron sumamente provechosas. En primer lugar, los directores de cada regi\u00f3n se alegraron mucho al comprobar que los Vicentinos estaban deseosos de participar en el apostolado de habla hispana. Y en segundo lugar, recibimos consejos muy \u00fatiles, y nos dieron los nombres de Obispos que nos recibir\u00edan en sus di\u00f3cesis con los brazos abiertos.<\/p>\n<p>El tr\u00e1mite siguiente fue visitar las di\u00f3cesis que nos recomendaron: Brooklyn, Rockville Center, Nueva York, Allentown, Miami, Venice, Tampa, Kalamazoo, en todas ellas dimos misiones seguidamente. Como estas noticias favorables sobre estas actividades vicentinas recientes se iban esparciendo y en respuesta a las llamadas de los cohermanos vicentinos de otras Provincias, durante los pr\u00f3ximos a\u00f1os tuvimos misiones adem\u00e1s de en las di\u00f3cesis citadas m\u00e1s arriba, en las di\u00f3cesis de Brownsville, Midland-Odessa, Chicago, y Los Angeles. Recibimos tambi\u00e9n invitaciones de Am\u00e9rica Latina, y como resultado ratificamos un compromiso de seis a\u00f1os (tres meses cada a\u00f1o) con Panam\u00e1, donde Tom Sendlein era el Director de la \u00abMisi\u00f3n Nacional\u00bb, por el que nos compromet\u00edamos a misionar todos los rincones del pa\u00eds y por el que 1 . implic\u00e1bamos a sacerdotes, religiosos y miles de laicos entre los a\u00f1os 1988 y 1993. Y en los a\u00f1os 1994 y 1995 dimos tambi\u00e9n misiones en barrios perif\u00e9ricos de la Rep\u00fablica Dominicana.<\/p>\n<p>Por consiguiente, despu\u00e9s de haber designado \u00e1reas para las misiones, aprendimos t\u00e9cnicas observando c\u00f3mo actuaba el equipo de renovaci\u00f3n angloparlante (el de Tom Krafinski) y despu\u00e9s de obtener informes de las Provincias de habla Hispana, principalmente de Colombia, vimos que nuestra preparaci\u00f3n era adecuada para empezar la tarea. As\u00ed que empezamos.<\/p>\n<h2><strong>Preparaci\u00f3n para la Misi\u00f3n <\/strong><\/h2>\n<p>Para preparar la misi\u00f3n en una parroquia, tratamos de visitarla varios meses antes de comenzar la misi\u00f3n. Esto no es siempre posible, especialmente cuando la parroquia est\u00e1 muy distante, por ejemplo en California, mientras estamos dando misiones en Nueva York. Sin embargo frecuentemente nos arreglamos para hacer una visita preliminar, en la mayor parte de los casos solamente uno de nosotros, para poner en marcha la preparaci\u00f3n remota.<\/p>\n<p>La preparaci\u00f3n fundamental, y primera, va dirigida siempre a los sacerdotes de la parroquia. Y como casi siempre vamos a parroquias que nos recomiendan los Directores Diocesanos de los Hisp\u00e1nicos, encontramos sacerdotes que se alegran vernos, que desean conocer nuestros planes y est\u00e1n preparados para arremangarse y tomar parte en la misi\u00f3n. (\u00a1Que distinto de lo que suced\u00eda anteriormente, en que el p\u00e1rroco sol\u00eda aprovecharse de la presencia del misionero para irse de vacaciones!).<\/p>\n<p>Una vez asegurada la cooperaci\u00f3n de los p\u00e1rrocos, programamos el plan de la misi\u00f3n, haciendo resaltar el papel del laico, y pedimos una reuni\u00f3n con los miembros de la parroquia. Les explicamos que es su misi\u00f3n, no nuestra, y que ellos, no nosotros, construir\u00e1n la misi\u00f3n o la destruir\u00e1n. Si tenemos la suerte de hacer esta primera visita en un fin de semana, acudimos a todas las misas del domingo, anunciamos la misi\u00f3n, les fijamos las fechas y pedimos voluntarios. Sabiendo que no todos los feligreses desear\u00e1n tomar parte activa en la misi\u00f3n, les ofrecemos una opci\u00f3n: Distribuimos unas tarjetas, les pedimos que pongan sus nombres y direcci\u00f3n, y que indiquen su elecci\u00f3n: pueden elegir ser misioneros que salen a la calle y visitan a las familias con nosotros &#8211; o bien ser \u00abmisioneros de oraci\u00f3n\u00bb, comprometi\u00e9ndose a rezar todos los d\u00edas de la misi\u00f3n por sus amigos y vecinos que van visitando las casas, como \u00abpescadores de hombres\u00bb, usando las mismas palabras de Jes\u00fas.<\/p>\n<p>Los cat\u00f3licos de los Estados Unidos est\u00e1n acostumbrados a recibir llamadas en sus casas de los Evang\u00e9licos, Mormones, y Testigos de Jehov\u00e1, pero no de los Cat\u00f3licos. Por ello les viene muy bien unas sesiones de instrucci\u00f3n y animaci\u00f3n sobre este particular. Nosotros les animamos a que profundicen en la doctrina b\u00e1sica cat\u00f3lica, por si se encuentran con indagadores curiosos, pero que no entren en pol\u00e9micas. Se les informa que el fin principal de la campa\u00f1a de puerta a puerta es invitar a la gente a la misi\u00f3n, no convertir. Ellos visitan como amigos y vecinos. Estas reuniones preliminares van dirigidas a inculcarles esta convicci\u00f3n.<\/p>\n<p>Como de ordinario no podemos estar en la parroquia en el tiempo de la preparaci\u00f3n, pedimos al p\u00e1rroco que preparase a alguna buena persona laica, o a alg\u00fan religioso, o podr\u00eda ser \u00e9l mismo para este trabajo. Nunca nos lo ha rehusado nadie, y casi siempre a nuestra llegada a la parroquia para la misi\u00f3n nos encontramos con un entusiasta equipo de misioneros esperando nuestra llegada. En la mayor parte de los casos nos encontramos con cuarenta o cincuenta voluntarios preparados para lanzarse a la calle. Ha habido casos en que hemos tenido m\u00e1s de ochenta para esta ayuda.<\/p>\n<h2><strong>Preparaci\u00f3n Final<\/strong><\/h2>\n<p>Intentamos siempre llegar a la parroquia unos d\u00edas antes de que empiece la misi\u00f3n, y tratamos de reunirnos todas las noches con el equipo para tener las \u00faltimas sesiones preparatorias. Como nuestro equipo va dirigido a parroquias donde, de ordinario, los hispanos son numerosos, con frecuencia la mayor\u00eda, los misioneros voluntarios normalmente reflejan la composici\u00f3n \u00e9tnica de la parroquia. Y la misi\u00f3n ha de tener en consideraci\u00f3n tales estad\u00edsticas. Los misioneros reciben instrucciones para estar preparados a encontrarse indistintamente con familias hispanoparlantes o angloparlantes y deben advertirles que habr\u00e1 algo para todos durante los d\u00edas de la misi\u00f3n.<\/p>\n<p>Esta \u00faltima preparaci\u00f3n con frecuencia toma forma de \u00abmanifestaciones estimulantes\u00bb de colegio. En algunos casos se preparan estrategias de din\u00e1mica para usarlas como peque\u00f1as parodias para aclarar c\u00f3mo deben actuar cuando hagan las visitas. Se pide a alg\u00fan voluntario que haga el papel de diferentes tipos de familias: Cat\u00f3licos ejemplares, Cat\u00f3licos indiferentes, Cristianos de nombre, Protestantes, Casas de padres solteros, Alcoh\u00f3licos, Indolentes, Enemigos de los cat\u00f3licos, etc.. Otros hacen el papel del equipo misionero, llamando a puertas imaginarias, saludando a los habitantes, y empezando desde ah\u00ed. La experiencia ha demostrado que es una forma muy eficaz y agradable de preparar a personas t\u00edmidas para abordar el tema de la religi\u00f3n con extra\u00f1os.<\/p>\n<p>El punto culminante de la fase preparatoria de la misi\u00f3n tiene lugar el domingo en que empieza la Misi\u00f3n. Esta es la ceremonia en que se transmiten los cargos. En cada una de las misas del domingo anunciamos quienes son los misioneros laicos voluntarios. Despu\u00e9s de la comuni\u00f3n les pedimos que salgan y vayan al presb\u00edterio, para que los fieles de la parroquia los vean y sepan quienes son. Es mucho mejor hacer esto en todas las misas del domingo que reunirlos a todos en una \u00fanica ceremonia. De esta manera todos los fieles de la parroquia se dan cuenta de que algo muy extraordinario y muy especial est\u00e1 teniendo lugar en la parroquia. Se impone a cada misionero una crucecita de madera para que la lleve al cuello. Este es un momento muy emocionante para todos, y con frecuencia esta ceremonia atrae a m\u00e1s voluntarios a unirse al equipo misionero.<\/p>\n<p>Aunque esta ponencia se limita a la fase de preparaci\u00f3n de nuestras misiones, debemos aludir aunque sea de una manera muy somera a la Misi\u00f3n como tal, ya que para preparar a los voluntarios ellos deben saber a qu\u00e9 invitan.<\/p>\n<p>La parroquia se divide en sectores, cada uno consiste en unos cuantos bloques de casas. Se forman equipos de tres voluntarios, teniendo cada grupo personas que hablan espa\u00f1ol e ingl\u00e9s. Se les proporcionan fichas de todos los cat\u00f3licos conocidos en el \u00e1rea que ellos visitar\u00e1n. Estas visitas tienen lugar de 6:00 a 9:00 de la tarde, cuando las familias se encuentran en sus casas despu\u00e9s de terminar el trabajo. Al entrar en la casa ellos mismos se presentan como representantes de la Iglesia Cat\u00f3lica local e invitan a sus anfitriones a que vayan a la misi\u00f3n. \u00abPero&#8230; \u00bfqu\u00e9 es la Misi\u00f3n?<\/p>\n<p>El Misionero responde: \u00abMa\u00f1ana a las 7:00 de la tarde habr\u00e1 una misa y la celebrar\u00e1 el Padre tal o tal en la calle tal, en frente de la casa del Se\u00f1or Rodr\u00edguez. \u00bfPuede Vd. asistir?.<\/p>\n<p>Tal suceso novedoso atrae de ordinario atrae grandes multitudes. Es algo diferente. Los altavoces hacen llegar nuestro mensaje a muchos o\u00eddos. La polic\u00eda con frecuencia nos acompa\u00f1a para controlar el tr\u00e1fico, o tambi\u00e9n para bloquear la entrada de coches con el fin de evitar ruidos durante la celebraci\u00f3n de la misa.<\/p>\n<p>De esta manera nuestros misioneros est\u00e1n bien informados de todo lo referente a la misi\u00f3n: Visitas a las casas el lunes por la noche, misas al aire libre los martes, m\u00e1s visitas por otras calles los mi\u00e9rcoles, m\u00e1s misas al aire libre los jueves, reuni\u00f3n con los misioneros para hablar de las actividades de la misi\u00f3n los viernes.<\/p>\n<p>Se contin\u00faa este plan de trabajo por espacio de tres semanas, dedicando los s\u00e1bados a las actividades con los j\u00f3venes. Por fin, una \u00faltima semana en la iglesia, con liturgia, reconciliaci\u00f3n, sermones, siempre una procesi\u00f3n Mariana, y la clausura de la misi\u00f3n con una fiesta &#8230; m\u00fasica, danzas, tamales, etc., etc., etc.<\/p>\n","protected":false},"excerpt":{"rendered":"<p>Intentar\u00e9 presentar en esta ponencia el trabajo de la \u00abPre-Misi\u00f3n\u00bb que hemos desarrollado como paso preliminar a la misi\u00f3n como tal, y que normalmente va dirigida a los fieles de una parroquia con una poblaci\u00f3n &#8230; <a href=\"http:\/\/vincentians.com\/es\/preparacion-de-la-mision-pre-mision\/\" class=\"more-link\">Read More<\/a><\/p>\n","protected":false},"author":4,"featured_media":45581,"comment_status":"open","ping_status":"open","sticky":false,"template":"","format":"standard","meta":{"jetpack_post_was_ever_published":false,"_jetpack_newsletter_access":"","_jetpack_dont_email_post_to_subs":false,"_jetpack_newsletter_tier_id":0,"_jetpack_memberships_contains_paywalled_content":false,"_jetpack_memberships_contains_paid_content":false,"footnotes":"","jetpack_publicize_message":"","jetpack_publicize_feature_enabled":true,"jetpack_social_post_already_shared":true,"jetpack_social_options":{"image_generator_settings":{"template":"highway","default_image_id":0,"font":"","enabled":false},"version":2}},"categories":[201],"tags":[176],"class_list":["post-50802","post","type-post","status-publish","format-standard","has-post-thumbnail","hentry","category-misiones-ad-gentes","tag-misiones-populares"],"yoast_head":"<!-- This site is optimized with the Yoast SEO plugin v26.3 - https:\/\/yoast.com\/wordpress\/plugins\/seo\/ -->\n<title>Preparaci\u00f3n de la misi\u00f3n (Pre-Misi\u00f3n) - Somos Vicencianos<\/title>\n<meta name=\"robots\" content=\"index, follow, max-snippet:-1, max-image-preview:large, max-video-preview:-1\" \/>\n<link rel=\"canonical\" href=\"http:\/\/vincentians.com\/es\/preparacion-de-la-mision-pre-mision\/\" \/>\n<meta property=\"og:locale\" content=\"es_ES\" \/>\n<meta property=\"og:type\" content=\"article\" \/>\n<meta property=\"og:title\" content=\"Preparaci\u00f3n de la misi\u00f3n (Pre-Misi\u00f3n) - Somos Vicencianos\" \/>\n<meta property=\"og:description\" content=\"Intentar\u00e9 presentar en esta ponencia el trabajo de la \u00abPre-Misi\u00f3n\u00bb que hemos desarrollado como paso preliminar a la misi\u00f3n como tal, y que normalmente va dirigida a los fieles de una parroquia con una poblaci\u00f3n ... Read More\" \/>\n<meta property=\"og:url\" content=\"http:\/\/vincentians.com\/es\/preparacion-de-la-mision-pre-mision\/\" \/>\n<meta property=\"og:site_name\" content=\"Somos Vicencianos\" \/>\n<meta property=\"article:publisher\" content=\"https:\/\/www.facebook.com\/WeAreVincentians\/\" \/>\n<meta property=\"article:author\" content=\"https:\/\/www.facebook.com\/JavierChento\" \/>\n<meta property=\"article:published_time\" content=\"2011-10-02T02:00:05+00:00\" \/>\n<meta name=\"author\" content=\"Francisco Javier Fern\u00e1ndez Chento\" \/>\n<meta name=\"twitter:card\" content=\"summary_large_image\" \/>\n<meta name=\"twitter:creator\" content=\"@https:\/\/twitter.com\/javierchento\" \/>\n<meta name=\"twitter:site\" content=\"@WeVincentians\" \/>\n<meta name=\"twitter:label1\" content=\"Escrito por\" \/>\n\t<meta name=\"twitter:data1\" content=\"Francisco Javier Fern\u00e1ndez Chento\" \/>\n\t<meta name=\"twitter:label2\" content=\"Tiempo de lectura\" \/>\n\t<meta name=\"twitter:data2\" content=\"9 minutos\" \/>\n<script type=\"application\/ld+json\" class=\"yoast-schema-graph\">{\"@context\":\"https:\/\/schema.org\",\"@graph\":[{\"@type\":\"Article\",\"@id\":\"http:\/\/vincentians.com\/es\/preparacion-de-la-mision-pre-mision\/#article\",\"isPartOf\":{\"@id\":\"http:\/\/vincentians.com\/es\/preparacion-de-la-mision-pre-mision\/\"},\"author\":{\"name\":\"Francisco Javier Fern\u00e1ndez Chento\",\"@id\":\"http:\/\/vincentians.com\/es\/#\/schema\/person\/9623ef4d9aa3b2dfb8c061f1499288f2\"},\"headline\":\"Preparaci\u00f3n de la misi\u00f3n (Pre-Misi\u00f3n)\",\"datePublished\":\"2011-10-02T02:00:05+00:00\",\"mainEntityOfPage\":{\"@id\":\"http:\/\/vincentians.com\/es\/preparacion-de-la-mision-pre-mision\/\"},\"wordCount\":1840,\"commentCount\":0,\"publisher\":{\"@id\":\"http:\/\/vincentians.com\/es\/#organization\"},\"image\":{\"@id\":\"http:\/\/vincentians.com\/es\/preparacion-de-la-mision-pre-mision\/#primaryimage\"},\"thumbnailUrl\":\"\",\"keywords\":[\"Misiones Populares\"],\"articleSection\":[\"Misiones \u00abAd gentes\u00bb\"],\"inLanguage\":\"es\",\"potentialAction\":[{\"@type\":\"CommentAction\",\"name\":\"Comment\",\"target\":[\"http:\/\/vincentians.com\/es\/preparacion-de-la-mision-pre-mision\/#respond\"]}]},{\"@type\":\"WebPage\",\"@id\":\"http:\/\/vincentians.com\/es\/preparacion-de-la-mision-pre-mision\/\",\"url\":\"http:\/\/vincentians.com\/es\/preparacion-de-la-mision-pre-mision\/\",\"name\":\"Preparaci\u00f3n de la misi\u00f3n (Pre-Misi\u00f3n) - Somos Vicencianos\",\"isPartOf\":{\"@id\":\"http:\/\/vincentians.com\/es\/#website\"},\"primaryImageOfPage\":{\"@id\":\"http:\/\/vincentians.com\/es\/preparacion-de-la-mision-pre-mision\/#primaryimage\"},\"image\":{\"@id\":\"http:\/\/vincentians.com\/es\/preparacion-de-la-mision-pre-mision\/#primaryimage\"},\"thumbnailUrl\":\"\",\"datePublished\":\"2011-10-02T02:00:05+00:00\",\"breadcrumb\":{\"@id\":\"http:\/\/vincentians.com\/es\/preparacion-de-la-mision-pre-mision\/#breadcrumb\"},\"inLanguage\":\"es\",\"potentialAction\":[{\"@type\":\"ReadAction\",\"target\":[\"http:\/\/vincentians.com\/es\/preparacion-de-la-mision-pre-mision\/\"]}]},{\"@type\":\"ImageObject\",\"inLanguage\":\"es\",\"@id\":\"http:\/\/vincentians.com\/es\/preparacion-de-la-mision-pre-mision\/#primaryimage\",\"url\":\"\",\"contentUrl\":\"\"},{\"@type\":\"BreadcrumbList\",\"@id\":\"http:\/\/vincentians.com\/es\/preparacion-de-la-mision-pre-mision\/#breadcrumb\",\"itemListElement\":[{\"@type\":\"ListItem\",\"position\":1,\"name\":\"Portada\",\"item\":\"http:\/\/vincentians.com\/es\/\"},{\"@type\":\"ListItem\",\"position\":2,\"name\":\"Preparaci\u00f3n de la misi\u00f3n (Pre-Misi\u00f3n)\"}]},{\"@type\":\"WebSite\",\"@id\":\"http:\/\/vincentians.com\/es\/#website\",\"url\":\"http:\/\/vincentians.com\/es\/\",\"name\":\"Somos Vicencianos\",\"description\":\"Know more to serve more\",\"publisher\":{\"@id\":\"http:\/\/vincentians.com\/es\/#organization\"},\"potentialAction\":[{\"@type\":\"SearchAction\",\"target\":{\"@type\":\"EntryPoint\",\"urlTemplate\":\"http:\/\/vincentians.com\/es\/?s={search_term_string}\"},\"query-input\":{\"@type\":\"PropertyValueSpecification\",\"valueRequired\":true,\"valueName\":\"search_term_string\"}}],\"inLanguage\":\"es\"},{\"@type\":\"Organization\",\"@id\":\"http:\/\/vincentians.com\/es\/#organization\",\"name\":\"The Vincentian Network\",\"url\":\"http:\/\/vincentians.com\/es\/\",\"logo\":{\"@type\":\"ImageObject\",\"inLanguage\":\"es\",\"@id\":\"http:\/\/vincentians.com\/es\/#\/schema\/logo\/image\/\",\"url\":\"https:\/\/i1.wp.com\/vincentians.com\/es\/wp-content\/uploads\/sites\/11\/2016\/06\/Vincentian-Network-logo-big.png?fit=778%2C778\",\"contentUrl\":\"https:\/\/i1.wp.com\/vincentians.com\/es\/wp-content\/uploads\/sites\/11\/2016\/06\/Vincentian-Network-logo-big.png?fit=778%2C778\",\"width\":778,\"height\":778,\"caption\":\"The Vincentian Network\"},\"image\":{\"@id\":\"http:\/\/vincentians.com\/es\/#\/schema\/logo\/image\/\"},\"sameAs\":[\"https:\/\/www.facebook.com\/WeAreVincentians\/\",\"https:\/\/x.com\/WeVincentians\"]},{\"@type\":\"Person\",\"@id\":\"http:\/\/vincentians.com\/es\/#\/schema\/person\/9623ef4d9aa3b2dfb8c061f1499288f2\",\"name\":\"Francisco Javier Fern\u00e1ndez Chento\",\"image\":{\"@type\":\"ImageObject\",\"inLanguage\":\"es\",\"@id\":\"http:\/\/vincentians.com\/es\/#\/schema\/person\/image\/\",\"url\":\"https:\/\/secure.gravatar.com\/avatar\/497d5cde87b4c3d097d0315953521681ba2cd523ee66e5077c3711f7021e65de?s=96&d=mm&r=g\",\"contentUrl\":\"https:\/\/secure.gravatar.com\/avatar\/497d5cde87b4c3d097d0315953521681ba2cd523ee66e5077c3711f7021e65de?s=96&d=mm&r=g\",\"caption\":\"Francisco Javier Fern\u00e1ndez Chento\"},\"description\":\"Director General y cofundador de La Red de Formaci\u00f3n Vicenciana. Javier es laico vicenciano, afiliado a la Congregaci\u00f3n de la Misi\u00f3n y miembro del Equipo de Misiones Populares de la provincia can\u00f3nica de Zaragoza (Espa\u00f1a) de la Congregaci\u00f3n de la Misi\u00f3n. Graduado en la Universidad Oberta de Catalunya con cuatro grados (Asistente de direcci\u00f3n, Gesti\u00f3n Administrativa, Recursos Humanos y Contabilidad Avanzada). Bil\u00edng\u00fce Espa\u00f1ol\/Ingl\u00e9s. gestiona y mantiene varias p\u00e1ginas web cristianas y vicencianas, incluida including La Red de Formaci\u00f3n Vicenciana, de la que es cofundador. Actualmente es responsable del \u00e1rea de Espa\u00f1ol de .famvin, la Red de Noticias de la Familia Vicenciana. Tambi\u00e9n es m\u00fasico cat\u00f3lico y ha editado varios discos. Es Director General y cofundador de Trovador, una reconocida compa\u00f1\u00eda discogr\u00e1fica critiana de Espa\u00f1a. Trabaja en las Tecnolog\u00edas de la Informaci\u00f3n, ofreciendo servicios de alojamiento, dise\u00f1o y mantenimiento Web, as\u00ed como asesoramiento, formaci\u00f3n y soluciones inform\u00e1ticas, gesti\u00f3n documental y digitalizaci\u00f3n de textos, edici\u00f3n y maquetaci\u00f3n de libros, revistas, flyers, etc.\",\"sameAs\":[\"http:\/\/chento.org\",\"https:\/\/www.facebook.com\/JavierChento\",\"https:\/\/x.com\/https:\/\/twitter.com\/javierchento\"],\"url\":\"http:\/\/vincentians.com\/es\/author\/chento\/\"}]}<\/script>\n<!-- \/ Yoast SEO plugin. -->","yoast_head_json":{"title":"Preparaci\u00f3n de la misi\u00f3n (Pre-Misi\u00f3n) - Somos Vicencianos","robots":{"index":"index","follow":"follow","max-snippet":"max-snippet:-1","max-image-preview":"max-image-preview:large","max-video-preview":"max-video-preview:-1"},"canonical":"http:\/\/vincentians.com\/es\/preparacion-de-la-mision-pre-mision\/","og_locale":"es_ES","og_type":"article","og_title":"Preparaci\u00f3n de la misi\u00f3n (Pre-Misi\u00f3n) - Somos Vicencianos","og_description":"Intentar\u00e9 presentar en esta ponencia el trabajo de la \u00abPre-Misi\u00f3n\u00bb que hemos desarrollado como paso preliminar a la misi\u00f3n como tal, y que normalmente va dirigida a los fieles de una parroquia con una poblaci\u00f3n ... Read More","og_url":"http:\/\/vincentians.com\/es\/preparacion-de-la-mision-pre-mision\/","og_site_name":"Somos Vicencianos","article_publisher":"https:\/\/www.facebook.com\/WeAreVincentians\/","article_author":"https:\/\/www.facebook.com\/JavierChento","article_published_time":"2011-10-02T02:00:05+00:00","author":"Francisco Javier Fern\u00e1ndez Chento","twitter_card":"summary_large_image","twitter_creator":"@https:\/\/twitter.com\/javierchento","twitter_site":"@WeVincentians","twitter_misc":{"Escrito por":"Francisco Javier Fern\u00e1ndez Chento","Tiempo de lectura":"9 minutos"},"schema":{"@context":"https:\/\/schema.org","@graph":[{"@type":"Article","@id":"http:\/\/vincentians.com\/es\/preparacion-de-la-mision-pre-mision\/#article","isPartOf":{"@id":"http:\/\/vincentians.com\/es\/preparacion-de-la-mision-pre-mision\/"},"author":{"name":"Francisco Javier Fern\u00e1ndez Chento","@id":"http:\/\/vincentians.com\/es\/#\/schema\/person\/9623ef4d9aa3b2dfb8c061f1499288f2"},"headline":"Preparaci\u00f3n de la misi\u00f3n (Pre-Misi\u00f3n)","datePublished":"2011-10-02T02:00:05+00:00","mainEntityOfPage":{"@id":"http:\/\/vincentians.com\/es\/preparacion-de-la-mision-pre-mision\/"},"wordCount":1840,"commentCount":0,"publisher":{"@id":"http:\/\/vincentians.com\/es\/#organization"},"image":{"@id":"http:\/\/vincentians.com\/es\/preparacion-de-la-mision-pre-mision\/#primaryimage"},"thumbnailUrl":"","keywords":["Misiones Populares"],"articleSection":["Misiones \u00abAd gentes\u00bb"],"inLanguage":"es","potentialAction":[{"@type":"CommentAction","name":"Comment","target":["http:\/\/vincentians.com\/es\/preparacion-de-la-mision-pre-mision\/#respond"]}]},{"@type":"WebPage","@id":"http:\/\/vincentians.com\/es\/preparacion-de-la-mision-pre-mision\/","url":"http:\/\/vincentians.com\/es\/preparacion-de-la-mision-pre-mision\/","name":"Preparaci\u00f3n de la misi\u00f3n (Pre-Misi\u00f3n) - Somos Vicencianos","isPartOf":{"@id":"http:\/\/vincentians.com\/es\/#website"},"primaryImageOfPage":{"@id":"http:\/\/vincentians.com\/es\/preparacion-de-la-mision-pre-mision\/#primaryimage"},"image":{"@id":"http:\/\/vincentians.com\/es\/preparacion-de-la-mision-pre-mision\/#primaryimage"},"thumbnailUrl":"","datePublished":"2011-10-02T02:00:05+00:00","breadcrumb":{"@id":"http:\/\/vincentians.com\/es\/preparacion-de-la-mision-pre-mision\/#breadcrumb"},"inLanguage":"es","potentialAction":[{"@type":"ReadAction","target":["http:\/\/vincentians.com\/es\/preparacion-de-la-mision-pre-mision\/"]}]},{"@type":"ImageObject","inLanguage":"es","@id":"http:\/\/vincentians.com\/es\/preparacion-de-la-mision-pre-mision\/#primaryimage","url":"","contentUrl":""},{"@type":"BreadcrumbList","@id":"http:\/\/vincentians.com\/es\/preparacion-de-la-mision-pre-mision\/#breadcrumb","itemListElement":[{"@type":"ListItem","position":1,"name":"Portada","item":"http:\/\/vincentians.com\/es\/"},{"@type":"ListItem","position":2,"name":"Preparaci\u00f3n de la misi\u00f3n (Pre-Misi\u00f3n)"}]},{"@type":"WebSite","@id":"http:\/\/vincentians.com\/es\/#website","url":"http:\/\/vincentians.com\/es\/","name":"Somos Vicencianos","description":"Know more to serve more","publisher":{"@id":"http:\/\/vincentians.com\/es\/#organization"},"potentialAction":[{"@type":"SearchAction","target":{"@type":"EntryPoint","urlTemplate":"http:\/\/vincentians.com\/es\/?s={search_term_string}"},"query-input":{"@type":"PropertyValueSpecification","valueRequired":true,"valueName":"search_term_string"}}],"inLanguage":"es"},{"@type":"Organization","@id":"http:\/\/vincentians.com\/es\/#organization","name":"The Vincentian Network","url":"http:\/\/vincentians.com\/es\/","logo":{"@type":"ImageObject","inLanguage":"es","@id":"http:\/\/vincentians.com\/es\/#\/schema\/logo\/image\/","url":"https:\/\/i1.wp.com\/vincentians.com\/es\/wp-content\/uploads\/sites\/11\/2016\/06\/Vincentian-Network-logo-big.png?fit=778%2C778","contentUrl":"https:\/\/i1.wp.com\/vincentians.com\/es\/wp-content\/uploads\/sites\/11\/2016\/06\/Vincentian-Network-logo-big.png?fit=778%2C778","width":778,"height":778,"caption":"The Vincentian Network"},"image":{"@id":"http:\/\/vincentians.com\/es\/#\/schema\/logo\/image\/"},"sameAs":["https:\/\/www.facebook.com\/WeAreVincentians\/","https:\/\/x.com\/WeVincentians"]},{"@type":"Person","@id":"http:\/\/vincentians.com\/es\/#\/schema\/person\/9623ef4d9aa3b2dfb8c061f1499288f2","name":"Francisco Javier Fern\u00e1ndez Chento","image":{"@type":"ImageObject","inLanguage":"es","@id":"http:\/\/vincentians.com\/es\/#\/schema\/person\/image\/","url":"https:\/\/secure.gravatar.com\/avatar\/497d5cde87b4c3d097d0315953521681ba2cd523ee66e5077c3711f7021e65de?s=96&d=mm&r=g","contentUrl":"https:\/\/secure.gravatar.com\/avatar\/497d5cde87b4c3d097d0315953521681ba2cd523ee66e5077c3711f7021e65de?s=96&d=mm&r=g","caption":"Francisco Javier Fern\u00e1ndez Chento"},"description":"Director General y cofundador de La Red de Formaci\u00f3n Vicenciana. Javier es laico vicenciano, afiliado a la Congregaci\u00f3n de la Misi\u00f3n y miembro del Equipo de Misiones Populares de la provincia can\u00f3nica de Zaragoza (Espa\u00f1a) de la Congregaci\u00f3n de la Misi\u00f3n. Graduado en la Universidad Oberta de Catalunya con cuatro grados (Asistente de direcci\u00f3n, Gesti\u00f3n Administrativa, Recursos Humanos y Contabilidad Avanzada). Bil\u00edng\u00fce Espa\u00f1ol\/Ingl\u00e9s. gestiona y mantiene varias p\u00e1ginas web cristianas y vicencianas, incluida including La Red de Formaci\u00f3n Vicenciana, de la que es cofundador. Actualmente es responsable del \u00e1rea de Espa\u00f1ol de .famvin, la Red de Noticias de la Familia Vicenciana. Tambi\u00e9n es m\u00fasico cat\u00f3lico y ha editado varios discos. Es Director General y cofundador de Trovador, una reconocida compa\u00f1\u00eda discogr\u00e1fica critiana de Espa\u00f1a. Trabaja en las Tecnolog\u00edas de la Informaci\u00f3n, ofreciendo servicios de alojamiento, dise\u00f1o y mantenimiento Web, as\u00ed como asesoramiento, formaci\u00f3n y soluciones inform\u00e1ticas, gesti\u00f3n documental y digitalizaci\u00f3n de textos, edici\u00f3n y maquetaci\u00f3n de libros, revistas, flyers, etc.","sameAs":["http:\/\/chento.org","https:\/\/www.facebook.com\/JavierChento","https:\/\/x.com\/https:\/\/twitter.com\/javierchento"],"url":"http:\/\/vincentians.com\/es\/author\/chento\/"}]}},"jetpack_publicize_connections":[],"jetpack_featured_media_url":"","jetpack_sharing_enabled":true,"jetpack_shortlink":"https:\/\/wp.me\/p7ETMF-ddo","jetpack-related-posts":[{"id":133250,"url":"http:\/\/vincentians.com\/es\/misiones-populares-algunas-experiencias\/","url_meta":{"origin":50802,"position":0},"title":"Misiones populares: algunas experiencias","author":"Francisco Javier Fern\u00e1ndez Chento","date":"27\/12\/2014","format":false,"excerpt":"Quiz\u00e1 ahora te pueda servir, tras haberte comentado lo que b\u00e1sicamente hacemos en el tiempo de preparaci\u00f3n de una misi\u00f3n, la narraci\u00f3n de un \"tiempo fuerte\" de misi\u00f3n \"en vivo\". Estos d\u00edas, que estoy en mi casa base, tengo algo de tiempo para dar cuenta de una tarea que adem\u00e1s\u2026","rel":"","context":"En \u00abMisiones populares\u00bb","block_context":{"text":"Misiones populares","link":"http:\/\/vincentians.com\/es\/category\/servicios-y-ministerios\/misiones-populares-misiones\/"},"img":{"alt_text":"P1020159","src":"https:\/\/i0.wp.com\/vicencianos.org\/wp-content\/2014\/12\/P1020159-300x225.jpg?resize=350%2C200","width":350,"height":200},"classes":[]},{"id":49349,"url":"http:\/\/vincentians.com\/es\/una-experiencia-del-espiritu-vicentino-en-la-mision-nacional-de-panama-1987-1993\/","url_meta":{"origin":50802,"position":1},"title":"Una Experiencia Del Esp\u00edritu Vicentino En La Misi\u00f3n Nacional De Panam\u00e1 (1987-1993)","author":"Francisco Javier Fern\u00e1ndez Chento","date":"07\/09\/2011","format":false,"excerpt":"INTRODUCCI\u00d3N: El 1 de febrero de 1987, la Conferencia Episcopal Paname\u00f1a invit\u00f3 a dos vicentinos a organizar una misi\u00f3n nacional como parte de la conmemoraci\u00f3n de la primera evangelizaci\u00f3n de Am\u00e9rica. Este art\u00edculo trata de compartir brevemente dicha experiencia desde la perspectiva del esp\u00edritu vicentino. Se presenta, solamente, como una\u2026","rel":"","context":"En \u00abMisiones \u00abAd gentes\u00bb\u00bb","block_context":{"text":"Misiones \u00abAd gentes\u00bb","link":"http:\/\/vincentians.com\/es\/category\/servicios-y-ministerios\/misiones-ad-gentes\/"},"img":{"alt_text":"","src":"https:\/\/i0.wp.com\/vicencianos.org\/wp-content\/2011\/09\/panama-300x140.jpg?resize=350%2C200","width":350,"height":200},"classes":[]},{"id":133260,"url":"http:\/\/vincentians.com\/es\/conceptos-clave-en-misiones-populares-17-ofrecer-y-disponerse\/","url_meta":{"origin":50802,"position":2},"title":"Conceptos clave en misiones populares 17: Ofrecer y disponerse","author":"Francisco Javier Fern\u00e1ndez Chento","date":"17\/01\/2015","format":false,"excerpt":"El concepto anterior dedicado a los Grupos de Encuentro tiene una continuidad necesaria en este nuevo concepto (estos nuevos conceptos): ofrecer y disponerse. Vino a nosotros, dice el pr\u00f3logo de Juan (Jn 1) y las respuestas son diferentes: unos se niegan a la luz, otros se cierran y otros reciben,\u2026","rel":"","context":"En \u00abMisiones populares\u00bb","block_context":{"text":"Misiones populares","link":"http:\/\/vincentians.com\/es\/category\/servicios-y-ministerios\/misiones-populares-misiones\/"},"img":{"alt_text":"Agustin89","src":"https:\/\/i0.wp.com\/vicencianos.org\/wp-content\/2015\/01\/Agustin89-300x225.jpg?resize=350%2C200","width":350,"height":200},"classes":[]},{"id":114659,"url":"http:\/\/vincentians.com\/es\/en-torno-a-la-asamblea-general-1968\/","url_meta":{"origin":50802,"position":3},"title":"En torno a la Asamblea General (1968)","author":"Francisco Javier Fern\u00e1ndez Chento","date":"02\/12\/2012","format":false,"excerpt":"MISIONES Y PARROQUIAS Supuesto que est\u00e1 ya inminente la renovaci\u00f3n de los trabajos de la Asamblea general, con el presente art\u00edculo daremos por terminada la tarea que nos propusimos de hacer p\u00fablicas las opiniones de la Provincia en las mate\u00adrias que dicha Asamblea no hab\u00eda tratado en su primera etapa.\u2026","rel":"","context":"En \u00abCongregaci\u00f3n de la Misi\u00f3n\u00bb","block_context":{"text":"Congregaci\u00f3n de la Misi\u00f3n","link":"http:\/\/vincentians.com\/es\/category\/la-familia-vicenciana\/ramas\/congregacion-de-la-mision\/"},"img":{"alt_text":"","src":"https:\/\/i0.wp.com\/vicencianos.org\/wp-content\/2012\/10\/ESCUDOCM1-237x300.jpg?resize=350%2C200","width":350,"height":200},"classes":[]},{"id":133251,"url":"http:\/\/vincentians.com\/es\/el-tiempo-de-la-continuidad-en-las-misiones-populares\/","url_meta":{"origin":50802,"position":4},"title":"El tiempo de la continuidad en las misiones populares","author":"Francisco Javier Fern\u00e1ndez Chento","date":"29\/12\/2014","format":false,"excerpt":"\u00bfY qu\u00e9 pasa luego? Es una pregunta que ha quedado pendiente. He recalcado un mont\u00f3n de veces que la misi\u00f3n la entendemos como un \"proceso\". Un proceso con tres tiempos b\u00e1sicos: preparaci\u00f3n, tiempo fuerte y continuidad. Al referirme ahora al tiempo de continuidad, \"\u00bfqu\u00e9 pasa luego?\" es la pregunta clave\u2026","rel":"","context":"En \u00abMisiones populares\u00bb","block_context":{"text":"Misiones populares","link":"http:\/\/vincentians.com\/es\/category\/servicios-y-ministerios\/misiones-populares-misiones\/"},"img":{"alt_text":"P1010486","src":"https:\/\/i0.wp.com\/vicencianos.org\/wp-content\/2014\/06\/P1010486-300x225.jpg?resize=350%2C200","width":350,"height":200},"classes":[]},{"id":133810,"url":"http:\/\/vincentians.com\/es\/honorio-lopez\/","url_meta":{"origin":50802,"position":5},"title":"Honorio L\u00f3pez","author":"Mitxel Olabu\u00e9naga","date":"05\/01\/2015","format":false,"excerpt":"El P. Honorio L\u00f3pez es originario de Le\u00f3n, Espa\u00f1a, naci\u00f3 el 16 de enero de 1938 y fue ordenado sacerdote el 26 de junio de 1964 en Salamanca. Realiz\u00f3 sus estudios sacerdotales en su lugar de origen; posteriormente, curs\u00f3 Filosof\u00eda en Madrid y teolog\u00eda en Salamanca. Adem\u00e1s hizo la carrera\u2026","rel":"","context":"En \u00abBiograf\u00edas de Misioneros Pa\u00fales\u00bb","block_context":{"text":"Biograf\u00edas de Misioneros Pa\u00fales","link":"http:\/\/vincentians.com\/es\/category\/la-familia-vicenciana\/biografias-vicencianas\/biografias-de-misioneros-paules\/"},"img":{"alt_text":"","src":"https:\/\/i0.wp.com\/vincentians.com\/es\/wp-content\/uploads\/sites\/11\/2016\/07\/bio-cm.jpg?fit=1200%2C630&resize=350%2C200","width":350,"height":200,"srcset":"https:\/\/i0.wp.com\/vincentians.com\/es\/wp-content\/uploads\/sites\/11\/2016\/07\/bio-cm.jpg?fit=1200%2C630&resize=350%2C200 1x, https:\/\/i0.wp.com\/vincentians.com\/es\/wp-content\/uploads\/sites\/11\/2016\/07\/bio-cm.jpg?fit=1200%2C630&resize=525%2C300 1.5x, https:\/\/i0.wp.com\/vincentians.com\/es\/wp-content\/uploads\/sites\/11\/2016\/07\/bio-cm.jpg?fit=1200%2C630&resize=700%2C400 2x, https:\/\/i0.wp.com\/vincentians.com\/es\/wp-content\/uploads\/sites\/11\/2016\/07\/bio-cm.jpg?fit=1200%2C630&resize=1050%2C600 3x"},"classes":[]}],"_links":{"self":[{"href":"http:\/\/vincentians.com\/es\/wp-json\/wp\/v2\/posts\/50802","targetHints":{"allow":["GET"]}}],"collection":[{"href":"http:\/\/vincentians.com\/es\/wp-json\/wp\/v2\/posts"}],"about":[{"href":"http:\/\/vincentians.com\/es\/wp-json\/wp\/v2\/types\/post"}],"author":[{"embeddable":true,"href":"http:\/\/vincentians.com\/es\/wp-json\/wp\/v2\/users\/4"}],"replies":[{"embeddable":true,"href":"http:\/\/vincentians.com\/es\/wp-json\/wp\/v2\/comments?post=50802"}],"version-history":[{"count":0,"href":"http:\/\/vincentians.com\/es\/wp-json\/wp\/v2\/posts\/50802\/revisions"}],"wp:featuredmedia":[{"embeddable":true,"href":"http:\/\/vincentians.com\/es\/wp-json\/"}],"wp:attachment":[{"href":"http:\/\/vincentians.com\/es\/wp-json\/wp\/v2\/media?parent=50802"}],"wp:term":[{"taxonomy":"category","embeddable":true,"href":"http:\/\/vincentians.com\/es\/wp-json\/wp\/v2\/categories?post=50802"},{"taxonomy":"post_tag","embeddable":true,"href":"http:\/\/vincentians.com\/es\/wp-json\/wp\/v2\/tags?post=50802"}],"curies":[{"name":"wp","href":"https:\/\/api.w.org\/{rel}","templated":true}]}}