{"id":49863,"date":"2019-12-07T08:37:52","date_gmt":"2019-12-07T07:37:52","guid":{"rendered":"http:\/\/somos.vicencianos.org\/?p=49863"},"modified":"2019-09-09T10:46:43","modified_gmt":"2019-09-09T08:46:43","slug":"bienhechores-en-tiempo-de-bonnet","status":"publish","type":"post","link":"http:\/\/vincentians.com\/es\/bienhechores-en-tiempo-de-bonnet\/","title":{"rendered":"Bienhechores en tiempo de Bonnet"},"content":{"rendered":"<p>La Sra. de MAINTENON merece aqu\u00ed un recuerdo especial de gratitud. Esto es lo que se lee en la Historia de la Congregaci\u00f3n de la Misi\u00f3n por el Sr. Joseph Lacour: La muerte se llev\u00f3 el 15 de abril de 1719 a la Sra. Fran\u00e7oise d\u2019Aubign\u00e9, Marquesa de Maintenon, fundadora en particular de la Casa real de Saint-Cyr. Falleci\u00f3 en Saint-Cyr, -donde ella se hab\u00eda retirado despu\u00e9s de la muerte del rey, -despu\u00e9s de una larga vida de ochenta y tres a\u00f1os, que hab\u00eda estado llena de piedad en toda clase de buenas obras, muy desprendida del esp\u00edritu del mundo y de todas sus falsas m\u00e1ximas, siempre lejos del vicio, uniforme y constante en la pr\u00e1ctica de las virtudes. Es el elogio que hizo de ella el Sr. Bonnet, al encomendarla a las oraciones de la Congregaci\u00f3n, que perd\u00eda a una amiga fiel y constante y una protectora igualmente poderosa y llena de buena voluntad en todo tiempo y en toda clase de circunstancias. En un principio, dio Dios a la Compa\u00f1\u00eda a la Sra. duquesa de Aiguillon, sobrina del cardenal de Richelieu, todopoderoso en Francia, y el Sr. Vicente hab\u00eda tenido siempre recurso a ella en sus necesidades; la Providencia le ha concedido lo mismo, con el tiempo, a la Sra de Maintenon, dama de mayor cr\u00e9dito en el esp\u00edritu del rey, se dirig\u00edan a ella cuando se quer\u00eda comunicar algo a Su Majestad o cuando se trataba de obtener algunas gracias necesarias a algunas casas. Fue as\u00ed cuando la de Lyon, hallando dificultades para tener el consentimiento de esta abad\u00eda del Sr. Tess\u00e9, abate de Savigny, a fin de proceder a la uni\u00f3n del priorato de Mornant, dependiente de esta abad\u00eda, la Sra. de Maintenon se lo escribi\u00f3 al mariscal, su padre, que estaba por entonces, quien a la saz\u00f3n se hallaba en Espa\u00f1a, el cual comunic\u00f3 al Sr. abate, su hijo, para que hiciera todo cuanto la Sra. de Maintenon deseara\u00bb.<\/p>\n<p>El 12 de junio de 1726 muri\u00f3 el cardenal Paulucci. Hab\u00eda construido en la ciudad de Forli, su patria, una casa muy amplia para los misioneros, y la hab\u00eda dotado. Renov\u00f3 tambi\u00e9n por completo la iglesia de los santos Juan y Pablo de Roma que era su t\u00edtulo cardenalicio y que estaba unida a nuestra casa de Monte Celio donde se hab\u00eda situado el seminario interno. El cardenal hab\u00eda sido ministro de Estado y dio grandes ejemplos de virtud, en particular por su calma y su firmeza de alma, cuando una cabeza coronada hizo pronunciar la exclusi\u00f3n del papado contra \u00e9l en un c\u00f3nclave: sin eso parece que hubiera sido elegido Soberano Pont\u00edfice.<\/p>\n<p>El Sr. de MURARD, antiguo prior de Mornant que hab\u00eda procurado ya la uni\u00f3n de su priorato a la casa de Lyon, y el Sr. abate Roquemont, originario de la di\u00f3cesis de Lyon, hicieron cada uno una fundaci\u00f3n gracias a la cual se estableci\u00f3 la casa de Mornant. El Sr. abate Roquemont se retir\u00f3 a dicha casa de Mornant, donde vivi\u00f3 santamente.<\/p>\n<p>El cardenal Jules ALBERONI, nacido en Plaisance y hombre de modesto origen pero de gran talento (1664-1752), habiendo resuelto transformar el antiguo hospital San L\u00e1zaro cerca de Plaisance donde no hab\u00eda ya m\u00e1s leprosos que cobijar, hizo de \u00e9l un peque\u00f1o colegio, y por sus largas y honorables instancias hizo que se aceptara la direcci\u00f3n a la Congregaci\u00f3n de la Misi\u00f3n: diversas bulas de los papas han confirmado este establecimiento. (<em>La Congregazione de la Missione in Italia<\/em>, p. 240 et 299).<\/p>\n<p>El Sr. Bonnet, superior general, escrib\u00eda con fecha del 12 de noviembre\u00a0 de 1735:<\/p>\n<p style=\"padding-left: 30px\">\u00abMons. BATISTELLI, obispo de Foligno, que hab\u00eda querido ser afiliado afiliado a nuestra congregaci\u00f3n durante su vida, ha deseado que despu\u00e9s de su muerte le encomend\u00e1ramos a las oraciones de todas nuestras familias. Muri\u00f3 el 31 de mayo despu\u00e9s de gobernar su di\u00f3cesis con mucha prudencia y edificar a su reba\u00f1o por su piedad y la regularidad de sus costumbres. Hab\u00eda sentido siempre un gran afecto por nuestro Instituto, y estaba en comuni\u00f3n especial de buenas obras\u00a0 con todos los misioneros desde el 24 de abril de 1713.<\/p>\n<p style=\"padding-left: 30px\">\u00bb\u00a0Yo encomiendo tambi\u00e9n a vuestras oraciones, a\u00f1ad\u00eda el Sr. Bonnet, a la Sra. condesa d\u2019ARQUIAN WIELOPOLSKA, gran canciller de la corona de Polonia. Esta dama, que era hermana de la difunta reina, esposa del gran Sobieski y que ha vivido en una alta piedad, ha honrado siempre con su protecci\u00f3n a los Misioneros y a las Hijas de la Caridad, y ha dado a nuestros cohermanos de Polonia durante su vida algunas tierras para una fundaci\u00f3n. Es justo que nosotros compartamos con ellos el agradecimiento de este beneficio uniendo nuestras oraciones a las suyas para obtener a esta ilustre bienhechora la gracia de un pronto y perfecto descanso\u00bb.<\/p>\n<p>&nbsp;<\/p>\n<p>&nbsp;<\/p>\n","protected":false},"excerpt":{"rendered":"<p>La Sra. de MAINTENON merece aqu\u00ed un recuerdo especial de gratitud. Esto es lo que se lee en la Historia de la Congregaci\u00f3n de la Misi\u00f3n por el Sr. Joseph Lacour: La muerte se llev\u00f3 &#8230; <a href=\"http:\/\/vincentians.com\/es\/bienhechores-en-tiempo-de-bonnet\/\" class=\"more-link\">Read More<\/a><\/p>\n","protected":false},"author":5,"featured_media":400778,"comment_status":"open","ping_status":"open","sticky":false,"template":"","format":"standard","meta":{"jetpack_post_was_ever_published":false,"_jetpack_newsletter_access":"","_jetpack_dont_email_post_to_subs":false,"_jetpack_newsletter_tier_id":0,"_jetpack_memberships_contains_paywalled_content":false,"_jetpack_memberships_contains_paid_content":false,"footnotes":"","jetpack_publicize_message":"","jetpack_publicize_feature_enabled":true,"jetpack_social_post_already_shared":true,"jetpack_social_options":{"image_generator_settings":{"template":"highway","default_image_id":0,"font":"","enabled":false},"version":2}},"categories":[16,199,214],"tags":[152,167,143],"class_list":["post-49863","post","type-post","status-publish","format-standard","has-post-thumbnail","hentry","category-congregacion-de-la-mision","category-hijas-de-la-caridad","category-historia-de-la-congregacion-de-la-mision","tag-duquesa-de-aiguillon","tag-lacour","tag-san-lazaro"],"yoast_head":"<!-- This site is optimized with the Yoast SEO plugin v26.3 - https:\/\/yoast.com\/wordpress\/plugins\/seo\/ -->\n<title>Bienhechores en tiempo de Bonnet - Somos Vicencianos<\/title>\n<meta name=\"robots\" content=\"index, follow, max-snippet:-1, max-image-preview:large, max-video-preview:-1\" \/>\n<link rel=\"canonical\" href=\"http:\/\/vincentians.com\/es\/bienhechores-en-tiempo-de-bonnet\/\" \/>\n<meta property=\"og:locale\" content=\"es_ES\" \/>\n<meta property=\"og:type\" content=\"article\" \/>\n<meta property=\"og:title\" content=\"Bienhechores en tiempo de Bonnet - Somos Vicencianos\" \/>\n<meta property=\"og:description\" content=\"La Sra. de MAINTENON merece aqu\u00ed un recuerdo especial de gratitud. Esto es lo que se lee en la Historia de la Congregaci\u00f3n de la Misi\u00f3n por el Sr. Joseph Lacour: La muerte se llev\u00f3 ... Read More\" \/>\n<meta property=\"og:url\" content=\"http:\/\/vincentians.com\/es\/bienhechores-en-tiempo-de-bonnet\/\" \/>\n<meta property=\"og:site_name\" content=\"Somos Vicencianos\" \/>\n<meta property=\"article:publisher\" content=\"https:\/\/www.facebook.com\/WeAreVincentians\/\" \/>\n<meta property=\"article:published_time\" content=\"2019-12-07T07:37:52+00:00\" \/>\n<meta property=\"og:image\" content=\"https:\/\/i0.wp.com\/vincentians.com\/es\/wp-content\/uploads\/sites\/11\/2017\/04\/vicente-y-eucaristia.jpg?fit=1200%2C630\" \/>\n\t<meta property=\"og:image:width\" content=\"1200\" \/>\n\t<meta property=\"og:image:height\" content=\"630\" \/>\n\t<meta property=\"og:image:type\" content=\"image\/jpeg\" \/>\n<meta name=\"author\" content=\"Mitxel Olabu\u00e9naga\" \/>\n<meta name=\"twitter:card\" content=\"summary_large_image\" \/>\n<meta name=\"twitter:creator\" content=\"@WeVincentians\" \/>\n<meta name=\"twitter:site\" content=\"@WeVincentians\" \/>\n<meta name=\"twitter:label1\" content=\"Escrito por\" \/>\n\t<meta name=\"twitter:data1\" content=\"Mitxel Olabu\u00e9naga\" \/>\n\t<meta name=\"twitter:label2\" content=\"Tiempo de lectura\" \/>\n\t<meta name=\"twitter:data2\" content=\"4 minutos\" \/>\n<script type=\"application\/ld+json\" class=\"yoast-schema-graph\">{\"@context\":\"https:\/\/schema.org\",\"@graph\":[{\"@type\":\"Article\",\"@id\":\"http:\/\/vincentians.com\/es\/bienhechores-en-tiempo-de-bonnet\/#article\",\"isPartOf\":{\"@id\":\"http:\/\/vincentians.com\/es\/bienhechores-en-tiempo-de-bonnet\/\"},\"author\":{\"name\":\"Mitxel Olabu\u00e9naga\",\"@id\":\"http:\/\/vincentians.com\/es\/#\/schema\/person\/7c2670b4445a7ca9d164ea6acdb31859\"},\"headline\":\"Bienhechores en tiempo de Bonnet\",\"datePublished\":\"2019-12-07T07:37:52+00:00\",\"mainEntityOfPage\":{\"@id\":\"http:\/\/vincentians.com\/es\/bienhechores-en-tiempo-de-bonnet\/\"},\"wordCount\":847,\"commentCount\":0,\"publisher\":{\"@id\":\"http:\/\/vincentians.com\/es\/#organization\"},\"image\":{\"@id\":\"http:\/\/vincentians.com\/es\/bienhechores-en-tiempo-de-bonnet\/#primaryimage\"},\"thumbnailUrl\":\"https:\/\/i0.wp.com\/vincentians.com\/es\/wp-content\/uploads\/sites\/11\/2017\/04\/vicente-y-eucaristia.jpg?fit=1200%2C630\",\"keywords\":[\"Duquesa de Aiguillon\",\"Lacour\",\"San L\u00e1zaro\"],\"articleSection\":[\"Congregaci\u00f3n de la Misi\u00f3n\",\"Hijas de la Caridad\",\"Historia de la Congregaci\u00f3n de la Misi\u00f3n\"],\"inLanguage\":\"es\",\"potentialAction\":[{\"@type\":\"CommentAction\",\"name\":\"Comment\",\"target\":[\"http:\/\/vincentians.com\/es\/bienhechores-en-tiempo-de-bonnet\/#respond\"]}]},{\"@type\":\"WebPage\",\"@id\":\"http:\/\/vincentians.com\/es\/bienhechores-en-tiempo-de-bonnet\/\",\"url\":\"http:\/\/vincentians.com\/es\/bienhechores-en-tiempo-de-bonnet\/\",\"name\":\"Bienhechores en tiempo de Bonnet - Somos Vicencianos\",\"isPartOf\":{\"@id\":\"http:\/\/vincentians.com\/es\/#website\"},\"primaryImageOfPage\":{\"@id\":\"http:\/\/vincentians.com\/es\/bienhechores-en-tiempo-de-bonnet\/#primaryimage\"},\"image\":{\"@id\":\"http:\/\/vincentians.com\/es\/bienhechores-en-tiempo-de-bonnet\/#primaryimage\"},\"thumbnailUrl\":\"https:\/\/i0.wp.com\/vincentians.com\/es\/wp-content\/uploads\/sites\/11\/2017\/04\/vicente-y-eucaristia.jpg?fit=1200%2C630\",\"datePublished\":\"2019-12-07T07:37:52+00:00\",\"breadcrumb\":{\"@id\":\"http:\/\/vincentians.com\/es\/bienhechores-en-tiempo-de-bonnet\/#breadcrumb\"},\"inLanguage\":\"es\",\"potentialAction\":[{\"@type\":\"ReadAction\",\"target\":[\"http:\/\/vincentians.com\/es\/bienhechores-en-tiempo-de-bonnet\/\"]}]},{\"@type\":\"ImageObject\",\"inLanguage\":\"es\",\"@id\":\"http:\/\/vincentians.com\/es\/bienhechores-en-tiempo-de-bonnet\/#primaryimage\",\"url\":\"https:\/\/i0.wp.com\/vincentians.com\/es\/wp-content\/uploads\/sites\/11\/2017\/04\/vicente-y-eucaristia.jpg?fit=1200%2C630\",\"contentUrl\":\"https:\/\/i0.wp.com\/vincentians.com\/es\/wp-content\/uploads\/sites\/11\/2017\/04\/vicente-y-eucaristia.jpg?fit=1200%2C630\",\"width\":1200,\"height\":630},{\"@type\":\"BreadcrumbList\",\"@id\":\"http:\/\/vincentians.com\/es\/bienhechores-en-tiempo-de-bonnet\/#breadcrumb\",\"itemListElement\":[{\"@type\":\"ListItem\",\"position\":1,\"name\":\"Portada\",\"item\":\"http:\/\/vincentians.com\/es\/\"},{\"@type\":\"ListItem\",\"position\":2,\"name\":\"Bienhechores en tiempo de Bonnet\"}]},{\"@type\":\"WebSite\",\"@id\":\"http:\/\/vincentians.com\/es\/#website\",\"url\":\"http:\/\/vincentians.com\/es\/\",\"name\":\"Somos Vicencianos\",\"description\":\"Know more to serve more\",\"publisher\":{\"@id\":\"http:\/\/vincentians.com\/es\/#organization\"},\"potentialAction\":[{\"@type\":\"SearchAction\",\"target\":{\"@type\":\"EntryPoint\",\"urlTemplate\":\"http:\/\/vincentians.com\/es\/?s={search_term_string}\"},\"query-input\":{\"@type\":\"PropertyValueSpecification\",\"valueRequired\":true,\"valueName\":\"search_term_string\"}}],\"inLanguage\":\"es\"},{\"@type\":\"Organization\",\"@id\":\"http:\/\/vincentians.com\/es\/#organization\",\"name\":\"The Vincentian Network\",\"url\":\"http:\/\/vincentians.com\/es\/\",\"logo\":{\"@type\":\"ImageObject\",\"inLanguage\":\"es\",\"@id\":\"http:\/\/vincentians.com\/es\/#\/schema\/logo\/image\/\",\"url\":\"https:\/\/i1.wp.com\/vincentians.com\/es\/wp-content\/uploads\/sites\/11\/2016\/06\/Vincentian-Network-logo-big.png?fit=778%2C778\",\"contentUrl\":\"https:\/\/i1.wp.com\/vincentians.com\/es\/wp-content\/uploads\/sites\/11\/2016\/06\/Vincentian-Network-logo-big.png?fit=778%2C778\",\"width\":778,\"height\":778,\"caption\":\"The Vincentian Network\"},\"image\":{\"@id\":\"http:\/\/vincentians.com\/es\/#\/schema\/logo\/image\/\"},\"sameAs\":[\"https:\/\/www.facebook.com\/WeAreVincentians\/\",\"https:\/\/x.com\/WeVincentians\"]},{\"@type\":\"Person\",\"@id\":\"http:\/\/vincentians.com\/es\/#\/schema\/person\/7c2670b4445a7ca9d164ea6acdb31859\",\"name\":\"Mitxel Olabu\u00e9naga\",\"image\":{\"@type\":\"ImageObject\",\"inLanguage\":\"es\",\"@id\":\"http:\/\/vincentians.com\/es\/#\/schema\/person\/image\/\",\"url\":\"https:\/\/secure.gravatar.com\/avatar\/34137ec2e2b8939cbbed975731e71f3f4f1defc7266ded337a5ce0f925426877?s=96&d=mm&r=g\",\"contentUrl\":\"https:\/\/secure.gravatar.com\/avatar\/34137ec2e2b8939cbbed975731e71f3f4f1defc7266ded337a5ce0f925426877?s=96&d=mm&r=g\",\"caption\":\"Mitxel Olabu\u00e9naga\"},\"url\":\"http:\/\/vincentians.com\/es\/author\/mitxel\/\"}]}<\/script>\n<!-- \/ Yoast SEO plugin. -->","yoast_head_json":{"title":"Bienhechores en tiempo de Bonnet - Somos Vicencianos","robots":{"index":"index","follow":"follow","max-snippet":"max-snippet:-1","max-image-preview":"max-image-preview:large","max-video-preview":"max-video-preview:-1"},"canonical":"http:\/\/vincentians.com\/es\/bienhechores-en-tiempo-de-bonnet\/","og_locale":"es_ES","og_type":"article","og_title":"Bienhechores en tiempo de Bonnet - Somos Vicencianos","og_description":"La Sra. de MAINTENON merece aqu\u00ed un recuerdo especial de gratitud. Esto es lo que se lee en la Historia de la Congregaci\u00f3n de la Misi\u00f3n por el Sr. Joseph Lacour: La muerte se llev\u00f3 ... Read More","og_url":"http:\/\/vincentians.com\/es\/bienhechores-en-tiempo-de-bonnet\/","og_site_name":"Somos Vicencianos","article_publisher":"https:\/\/www.facebook.com\/WeAreVincentians\/","article_published_time":"2019-12-07T07:37:52+00:00","og_image":[{"width":1200,"height":630,"url":"https:\/\/i0.wp.com\/vincentians.com\/es\/wp-content\/uploads\/sites\/11\/2017\/04\/vicente-y-eucaristia.jpg?fit=1200%2C630","type":"image\/jpeg"}],"author":"Mitxel Olabu\u00e9naga","twitter_card":"summary_large_image","twitter_creator":"@WeVincentians","twitter_site":"@WeVincentians","twitter_misc":{"Escrito por":"Mitxel Olabu\u00e9naga","Tiempo de lectura":"4 minutos"},"schema":{"@context":"https:\/\/schema.org","@graph":[{"@type":"Article","@id":"http:\/\/vincentians.com\/es\/bienhechores-en-tiempo-de-bonnet\/#article","isPartOf":{"@id":"http:\/\/vincentians.com\/es\/bienhechores-en-tiempo-de-bonnet\/"},"author":{"name":"Mitxel Olabu\u00e9naga","@id":"http:\/\/vincentians.com\/es\/#\/schema\/person\/7c2670b4445a7ca9d164ea6acdb31859"},"headline":"Bienhechores en tiempo de Bonnet","datePublished":"2019-12-07T07:37:52+00:00","mainEntityOfPage":{"@id":"http:\/\/vincentians.com\/es\/bienhechores-en-tiempo-de-bonnet\/"},"wordCount":847,"commentCount":0,"publisher":{"@id":"http:\/\/vincentians.com\/es\/#organization"},"image":{"@id":"http:\/\/vincentians.com\/es\/bienhechores-en-tiempo-de-bonnet\/#primaryimage"},"thumbnailUrl":"https:\/\/i0.wp.com\/vincentians.com\/es\/wp-content\/uploads\/sites\/11\/2017\/04\/vicente-y-eucaristia.jpg?fit=1200%2C630","keywords":["Duquesa de Aiguillon","Lacour","San L\u00e1zaro"],"articleSection":["Congregaci\u00f3n de la Misi\u00f3n","Hijas de la Caridad","Historia de la Congregaci\u00f3n de la Misi\u00f3n"],"inLanguage":"es","potentialAction":[{"@type":"CommentAction","name":"Comment","target":["http:\/\/vincentians.com\/es\/bienhechores-en-tiempo-de-bonnet\/#respond"]}]},{"@type":"WebPage","@id":"http:\/\/vincentians.com\/es\/bienhechores-en-tiempo-de-bonnet\/","url":"http:\/\/vincentians.com\/es\/bienhechores-en-tiempo-de-bonnet\/","name":"Bienhechores en tiempo de Bonnet - Somos Vicencianos","isPartOf":{"@id":"http:\/\/vincentians.com\/es\/#website"},"primaryImageOfPage":{"@id":"http:\/\/vincentians.com\/es\/bienhechores-en-tiempo-de-bonnet\/#primaryimage"},"image":{"@id":"http:\/\/vincentians.com\/es\/bienhechores-en-tiempo-de-bonnet\/#primaryimage"},"thumbnailUrl":"https:\/\/i0.wp.com\/vincentians.com\/es\/wp-content\/uploads\/sites\/11\/2017\/04\/vicente-y-eucaristia.jpg?fit=1200%2C630","datePublished":"2019-12-07T07:37:52+00:00","breadcrumb":{"@id":"http:\/\/vincentians.com\/es\/bienhechores-en-tiempo-de-bonnet\/#breadcrumb"},"inLanguage":"es","potentialAction":[{"@type":"ReadAction","target":["http:\/\/vincentians.com\/es\/bienhechores-en-tiempo-de-bonnet\/"]}]},{"@type":"ImageObject","inLanguage":"es","@id":"http:\/\/vincentians.com\/es\/bienhechores-en-tiempo-de-bonnet\/#primaryimage","url":"https:\/\/i0.wp.com\/vincentians.com\/es\/wp-content\/uploads\/sites\/11\/2017\/04\/vicente-y-eucaristia.jpg?fit=1200%2C630","contentUrl":"https:\/\/i0.wp.com\/vincentians.com\/es\/wp-content\/uploads\/sites\/11\/2017\/04\/vicente-y-eucaristia.jpg?fit=1200%2C630","width":1200,"height":630},{"@type":"BreadcrumbList","@id":"http:\/\/vincentians.com\/es\/bienhechores-en-tiempo-de-bonnet\/#breadcrumb","itemListElement":[{"@type":"ListItem","position":1,"name":"Portada","item":"http:\/\/vincentians.com\/es\/"},{"@type":"ListItem","position":2,"name":"Bienhechores en tiempo de Bonnet"}]},{"@type":"WebSite","@id":"http:\/\/vincentians.com\/es\/#website","url":"http:\/\/vincentians.com\/es\/","name":"Somos Vicencianos","description":"Know more to serve more","publisher":{"@id":"http:\/\/vincentians.com\/es\/#organization"},"potentialAction":[{"@type":"SearchAction","target":{"@type":"EntryPoint","urlTemplate":"http:\/\/vincentians.com\/es\/?s={search_term_string}"},"query-input":{"@type":"PropertyValueSpecification","valueRequired":true,"valueName":"search_term_string"}}],"inLanguage":"es"},{"@type":"Organization","@id":"http:\/\/vincentians.com\/es\/#organization","name":"The Vincentian Network","url":"http:\/\/vincentians.com\/es\/","logo":{"@type":"ImageObject","inLanguage":"es","@id":"http:\/\/vincentians.com\/es\/#\/schema\/logo\/image\/","url":"https:\/\/i1.wp.com\/vincentians.com\/es\/wp-content\/uploads\/sites\/11\/2016\/06\/Vincentian-Network-logo-big.png?fit=778%2C778","contentUrl":"https:\/\/i1.wp.com\/vincentians.com\/es\/wp-content\/uploads\/sites\/11\/2016\/06\/Vincentian-Network-logo-big.png?fit=778%2C778","width":778,"height":778,"caption":"The Vincentian Network"},"image":{"@id":"http:\/\/vincentians.com\/es\/#\/schema\/logo\/image\/"},"sameAs":["https:\/\/www.facebook.com\/WeAreVincentians\/","https:\/\/x.com\/WeVincentians"]},{"@type":"Person","@id":"http:\/\/vincentians.com\/es\/#\/schema\/person\/7c2670b4445a7ca9d164ea6acdb31859","name":"Mitxel Olabu\u00e9naga","image":{"@type":"ImageObject","inLanguage":"es","@id":"http:\/\/vincentians.com\/es\/#\/schema\/person\/image\/","url":"https:\/\/secure.gravatar.com\/avatar\/34137ec2e2b8939cbbed975731e71f3f4f1defc7266ded337a5ce0f925426877?s=96&d=mm&r=g","contentUrl":"https:\/\/secure.gravatar.com\/avatar\/34137ec2e2b8939cbbed975731e71f3f4f1defc7266ded337a5ce0f925426877?s=96&d=mm&r=g","caption":"Mitxel Olabu\u00e9naga"},"url":"http:\/\/vincentians.com\/es\/author\/mitxel\/"}]}},"jetpack_publicize_connections":[],"jetpack_featured_media_url":"https:\/\/i0.wp.com\/vincentians.com\/es\/wp-content\/uploads\/sites\/11\/2017\/04\/vicente-y-eucaristia.jpg?fit=1200%2C630","jetpack_sharing_enabled":true,"jetpack_shortlink":"https:\/\/wp.me\/p7ETMF-cYf","jetpack-related-posts":[{"id":44994,"url":"http:\/\/vincentians.com\/es\/historia-general-de-la-c-m-hasta-el-ano-1720-76-asuntos-temporales-de-la-congregacion\/","url_meta":{"origin":49863,"position":0},"title":"Historia general de la C.M., hasta el a\u00f1o 1720 (76. Asuntos temporales de la Congregaci\u00f3n)","author":"Mitxel Olabu\u00e9naga","date":"27\/01\/2015","format":false,"excerpt":"San Vicente de Pa\u00fal LXXVI. Asuntos temporales de la Congregaci\u00f3n Desde que hicimos menci\u00f3n en esta Historia de la elecci\u00f3n del sr. Bonnet al generalato, tan s\u00f3lo hemos hablado de las funciones espirituales ejercidas por los misioneros bajo su gobierno. Hay que decir ahora algo de lo temporal, cuyo conocimiento\u2026","rel":"","context":"En \u00abHistoria de la Congregaci\u00f3n de la Misi\u00f3n\u00bb","block_context":{"text":"Historia de la Congregaci\u00f3n de la Misi\u00f3n","link":"http:\/\/vincentians.com\/es\/category\/historia-de-la-familia-vicenciana\/historia-de-la-congregacion-de-la-mision\/"},"img":{"alt_text":"San Vicente de Pa\u00fal","src":"https:\/\/i0.wp.com\/vicencianos.org\/wp-content\/2011\/05\/vincent_de_paul-205x300.jpg?resize=350%2C200","width":350,"height":200},"classes":[]},{"id":49138,"url":"http:\/\/vincentians.com\/es\/le-frere-pierre-chollier-1645-1713\/","url_meta":{"origin":49863,"position":1},"title":"El hermano Pierre Chollier (1645-1713)","author":"Mitxel Olabu\u00e9naga","date":"05\/09\/2011","format":false,"excerpt":"Tuvo Dios a bien llamar a \u00e9l, la ma\u00f1ana del\u00a0 6 de noviembre de 1713 al hermano Chollier, de sesenta y ocho a\u00f1os de edad y cuarenta y cinco de vocaci\u00f3n. Hab\u00eda nacido en Unienville, en la di\u00f3cesis de Troyes. Bajo lo precedentes superiores generales hab\u00eda sido empleado por ellos\u2026","rel":"","context":"En \u00abBiograf\u00edas de Misioneros Pa\u00fales\u00bb","block_context":{"text":"Biograf\u00edas de Misioneros Pa\u00fales","link":"http:\/\/vincentians.com\/es\/category\/la-familia-vicenciana\/biografias-vicencianas\/biografias-de-misioneros-paules\/"},"img":{"alt_text":"","src":"https:\/\/i0.wp.com\/vincentians.com\/es\/wp-content\/uploads\/sites\/11\/2016\/07\/bio-cm.jpg?fit=1200%2C630&resize=350%2C200","width":350,"height":200,"srcset":"https:\/\/i0.wp.com\/vincentians.com\/es\/wp-content\/uploads\/sites\/11\/2016\/07\/bio-cm.jpg?fit=1200%2C630&resize=350%2C200 1x, https:\/\/i0.wp.com\/vincentians.com\/es\/wp-content\/uploads\/sites\/11\/2016\/07\/bio-cm.jpg?fit=1200%2C630&resize=525%2C300 1.5x, https:\/\/i0.wp.com\/vincentians.com\/es\/wp-content\/uploads\/sites\/11\/2016\/07\/bio-cm.jpg?fit=1200%2C630&resize=700%2C400 2x, https:\/\/i0.wp.com\/vincentians.com\/es\/wp-content\/uploads\/sites\/11\/2016\/07\/bio-cm.jpg?fit=1200%2C630&resize=1050%2C600 3x"},"classes":[]},{"id":51475,"url":"http:\/\/vincentians.com\/es\/jean-baptiste-didier-1704-1737\/","url_meta":{"origin":49863,"position":2},"title":"Jean-Baptiste Didier (1704-1737)","author":"Mitxel Olabu\u00e9naga","date":"02\/10\/2011","format":false,"excerpt":"Nuestra casa de Saint-Cyr perdi\u00f3 tambi\u00e9n el 23 de noviembre de 1737 a uno de sus buenos misioneros en la persona del Sr. Jean-Baptiste Didier, nacido en Guillestre, cerca de Mont-Dauphin, di\u00f3cesis de Embrun, el 26 de junio\u00a0 1704, y recibido en el seminario de San L\u00e1zaro en Par\u00eds, el\u2026","rel":"","context":"En \u00abBiograf\u00edas de Misioneros Pa\u00fales\u00bb","block_context":{"text":"Biograf\u00edas de Misioneros Pa\u00fales","link":"http:\/\/vincentians.com\/es\/category\/la-familia-vicenciana\/biografias-vicencianas\/biografias-de-misioneros-paules\/"},"img":{"alt_text":"","src":"https:\/\/i0.wp.com\/vincentians.com\/es\/wp-content\/uploads\/sites\/11\/2016\/07\/bio-cm.jpg?fit=1200%2C630&resize=350%2C200","width":350,"height":200,"srcset":"https:\/\/i0.wp.com\/vincentians.com\/es\/wp-content\/uploads\/sites\/11\/2016\/07\/bio-cm.jpg?fit=1200%2C630&resize=350%2C200 1x, https:\/\/i0.wp.com\/vincentians.com\/es\/wp-content\/uploads\/sites\/11\/2016\/07\/bio-cm.jpg?fit=1200%2C630&resize=525%2C300 1.5x, https:\/\/i0.wp.com\/vincentians.com\/es\/wp-content\/uploads\/sites\/11\/2016\/07\/bio-cm.jpg?fit=1200%2C630&resize=700%2C400 2x, https:\/\/i0.wp.com\/vincentians.com\/es\/wp-content\/uploads\/sites\/11\/2016\/07\/bio-cm.jpg?fit=1200%2C630&resize=1050%2C600 3x"},"classes":[]},{"id":49870,"url":"http:\/\/vincentians.com\/es\/casas-fundadas-durante-el-generalato-de-jean-bonnet\/","url_meta":{"origin":49863,"position":3},"title":"Casas fundadas durante el generalato de Jean Bonnet","author":"Mitxel Olabu\u00e9naga","date":"05\/12\/2019","format":false,"excerpt":"92. ILE BOURBON OU DE LA R\u00c9UNION. 1721.- Insula Borbonensis seu Reunionis. Paroisses. La isla de Bourbon, llamada primero Mascaregnes, y despu\u00e9s\u00a0 isla de la Reuni\u00f3n, fue descubierta por los portugueses hacia 1545. Est\u00e1 en el mar de las Indias, a 780 kil\u00f3metros al este de Madagascar y, en 1646,\u2026","rel":"","context":"En \u00abHistoria de la Congregaci\u00f3n de la Misi\u00f3n\u00bb","block_context":{"text":"Historia de la Congregaci\u00f3n de la Misi\u00f3n","link":"http:\/\/vincentians.com\/es\/category\/historia-de-la-familia-vicenciana\/historia-de-la-congregacion-de-la-mision\/"},"img":{"alt_text":"","src":"https:\/\/i0.wp.com\/vincentians.com\/es\/wp-content\/uploads\/sites\/11\/2016\/09\/identidad.jpg?fit=1200%2C630&resize=350%2C200","width":350,"height":200,"srcset":"https:\/\/i0.wp.com\/vincentians.com\/es\/wp-content\/uploads\/sites\/11\/2016\/09\/identidad.jpg?fit=1200%2C630&resize=350%2C200 1x, https:\/\/i0.wp.com\/vincentians.com\/es\/wp-content\/uploads\/sites\/11\/2016\/09\/identidad.jpg?fit=1200%2C630&resize=525%2C300 1.5x, https:\/\/i0.wp.com\/vincentians.com\/es\/wp-content\/uploads\/sites\/11\/2016\/09\/identidad.jpg?fit=1200%2C630&resize=700%2C400 2x, https:\/\/i0.wp.com\/vincentians.com\/es\/wp-content\/uploads\/sites\/11\/2016\/09\/identidad.jpg?fit=1200%2C630&resize=1050%2C600 3x"},"classes":[]},{"id":119732,"url":"http:\/\/vincentians.com\/es\/las-reales-parroquias-a-finales-del-siglo-xvii\/","url_meta":{"origin":49863,"position":4},"title":"Las reales parroquias a finales del siglo XVII","author":"Francisco Javier Fern\u00e1ndez Chento","date":"11\/01\/2022","format":false,"excerpt":"Introducci\u00f3n: la parroquia vicenciana En cuesti\u00f3n de parroquias, Vicente de Pa\u00fal tuvo dos experiencias extraordinarias. Se hab\u00eda sentido bien en Clichy y en Ch\u00e2tillon. Estos dos sitios fueron para \u00e9l mediaciones de la gracia. Mas no quiso que la cura de parroquias fuese ministerio ordinario de la Congregaci\u00f3n, aunque en\u2026","rel":"","context":"En \u00abEn tiempos de Vicente de Pa\u00fal\u00bb","block_context":{"text":"En tiempos de Vicente de Pa\u00fal","link":"http:\/\/vincentians.com\/es\/category\/historia-de-la-familia-vicenciana\/en-tiempos-de-vicente-de-paul\/"},"img":{"alt_text":"","src":"https:\/\/i0.wp.com\/vincentians.com\/es\/wp-content\/uploads\/sites\/11\/2013\/04\/Entorno-de-San-Vicente-7-Berceau.jpg?fit=640%2C432&resize=350%2C200","width":350,"height":200,"srcset":"https:\/\/i0.wp.com\/vincentians.com\/es\/wp-content\/uploads\/sites\/11\/2013\/04\/Entorno-de-San-Vicente-7-Berceau.jpg?fit=640%2C432&resize=350%2C200 1x, https:\/\/i0.wp.com\/vincentians.com\/es\/wp-content\/uploads\/sites\/11\/2013\/04\/Entorno-de-San-Vicente-7-Berceau.jpg?fit=640%2C432&resize=525%2C300 1.5x"},"classes":[]},{"id":44996,"url":"http:\/\/vincentians.com\/es\/historia-general-de-la-c-m-hasta-el-ano-1720-78-malos-tiempos-de-peste-etc\/","url_meta":{"origin":49863,"position":5},"title":"Historia general de la C.M., hasta el a\u00f1o 1720 (78. Malos tiempos de peste, etc)","author":"Mitxel Olabu\u00e9naga","date":"29\/01\/2015","format":false,"excerpt":"San Vicente de Pa\u00fal LXXVIII. Malos tiempos de peste etc As\u00ed fue el final de la asamblea sexenal y las casas continuaron trabajando cada una en sus oficios. Todas las provincias de Francia, dec\u00eda el sr. Bonnet, est\u00e1n \u00fatil y santamente ocupadas en todas partes, y cada familia se esfuerza\u2026","rel":"","context":"En \u00abHistoria de la Congregaci\u00f3n de la Misi\u00f3n\u00bb","block_context":{"text":"Historia de la Congregaci\u00f3n de la Misi\u00f3n","link":"http:\/\/vincentians.com\/es\/category\/historia-de-la-familia-vicenciana\/historia-de-la-congregacion-de-la-mision\/"},"img":{"alt_text":"San Vicente de Pa\u00fal","src":"https:\/\/i0.wp.com\/vicencianos.org\/wp-content\/2011\/05\/vincent_de_paul-205x300.jpg?resize=350%2C200","width":350,"height":200},"classes":[]}],"_links":{"self":[{"href":"http:\/\/vincentians.com\/es\/wp-json\/wp\/v2\/posts\/49863","targetHints":{"allow":["GET"]}}],"collection":[{"href":"http:\/\/vincentians.com\/es\/wp-json\/wp\/v2\/posts"}],"about":[{"href":"http:\/\/vincentians.com\/es\/wp-json\/wp\/v2\/types\/post"}],"author":[{"embeddable":true,"href":"http:\/\/vincentians.com\/es\/wp-json\/wp\/v2\/users\/5"}],"replies":[{"embeddable":true,"href":"http:\/\/vincentians.com\/es\/wp-json\/wp\/v2\/comments?post=49863"}],"version-history":[{"count":1,"href":"http:\/\/vincentians.com\/es\/wp-json\/wp\/v2\/posts\/49863\/revisions"}],"predecessor-version":[{"id":402684,"href":"http:\/\/vincentians.com\/es\/wp-json\/wp\/v2\/posts\/49863\/revisions\/402684"}],"wp:featuredmedia":[{"embeddable":true,"href":"http:\/\/vincentians.com\/es\/wp-json\/wp\/v2\/media\/400778"}],"wp:attachment":[{"href":"http:\/\/vincentians.com\/es\/wp-json\/wp\/v2\/media?parent=49863"}],"wp:term":[{"taxonomy":"category","embeddable":true,"href":"http:\/\/vincentians.com\/es\/wp-json\/wp\/v2\/categories?post=49863"},{"taxonomy":"post_tag","embeddable":true,"href":"http:\/\/vincentians.com\/es\/wp-json\/wp\/v2\/tags?post=49863"}],"curies":[{"name":"wp","href":"https:\/\/api.w.org\/{rel}","templated":true}]}}