{"id":49416,"date":"2011-09-12T05:57:33","date_gmt":"2011-09-12T03:57:33","guid":{"rendered":"http:\/\/somos.vicencianos.org\/?p=49416"},"modified":"2011-09-12T05:57:33","modified_gmt":"2011-09-12T03:57:33","slug":"el-sentido-de-la-renovacion","status":"publish","type":"post","link":"http:\/\/vincentians.com\/es\/el-sentido-de-la-renovacion\/","title":{"rendered":"El sentido de la renovaci\u00f3n"},"content":{"rendered":"<div><a href=\"https:\/\/i0.wp.com\/vicencianos.org\/wp-content\/2011\/09\/espiritualidad1.jpg\"><img data-recalc-dims=\"1\" loading=\"lazy\" decoding=\"async\" class=\"alignleft size-medium wp-image-49417\" src=\"https:\/\/i0.wp.com\/vicencianos.org\/wp-content\/2011\/09\/espiritualidad1-300x275.jpg?resize=251%2C230\" alt=\"\" width=\"251\" height=\"230\" \/><\/a>Henos de nuevo en la v\u00edspera de la <em>\u00abRenovaci\u00f3n\u00bb, <\/em>con un deseo \u00fanico: <em>que esta palabra tan sugestiva sea la traducci\u00f3n de una realidad y, <\/em>para que as\u00ed sea, que, en la ma\u00f1ana del d\u00eda 25 de marzo, el Se\u00f1or encuentre a todas las Hijas de la Caridad y a cada una de ellas, con la ayuda de Mar\u00eda y siguiendo su ejemplo:<\/p>\n<ul>\n<li>ir <em>plenamente receptivas <\/em>a la Gracia que previene y acompa\u00f1a siem\u00adpre las llamadas divinas y hace posible su realizaci\u00f3n;<\/li>\n<li><em>plenamente disponibles <\/em>para la \u00abobra\u00bb que el Esp\u00edritu Santo quiere cumplir en ellas y por ellas;<\/li>\n<li><em>plenamente entregadas <\/em>al Amor infinito del que, por vocaci\u00f3n, .son testigos y mensajeras.<\/li>\n<\/ul>\n<p>Aqu\u00ed tenemos lo esencial: \u00bfQu\u00e9 acogida van a dispensar a Jesucristo, que solicita de ustedes \u2014corno personas y como comunidad\u2014 un don cada vez m\u00e1s completo con el que poder participar en la Misi\u00f3n de contempl\u00e1ndole y sirvi\u00e9ndole corporal y espiritualmente en los m\u00e1s pobres; los m\u00e1s abandonados, los m\u00e1s oprimidos?<\/p>\n<p>Bien sabe Dios que desde hace unos quince a\u00f1os hemos dicho y escrito cosas sobre los Fundadores, sobre el verdadero esp\u00edritu de la Compa\u00f1\u00eda, sobre la manera m\u00e1s deseable d\u00e9 vivir ese esp\u00edritu desde todos los puntos de vista&#8230; etc. Por lo dem\u00e1s, es la misma Iglesia la que nos ha pedido ese trabajo y la que, en cierto modo, nos pide que lo prosigamos: an\u00e1lisis de este tipo son fundamentales para \u00abser\u00bb y para \u00abvivir\u00bb&#8230;<\/p>\n<p>Pero, en definitiva, lo que importa es \u00abser\u00bb y \u00abvivir\u00bb. Ser\u00eda una terrible <em>contradicci\u00f3n <\/em>y una especie de pecado contra la Luz <em>el haber logrado <\/em>por una parte, <em>llegar a conocer mejor nuestra \u00abidentidad\u00bb <\/em>y, por otra, <em>no dedicar\u00ad<\/em><em>nos resueltamente a vivirla. <\/em>\u00abMas quiero sentir la compunci\u00f3n que saber definirla\u00bb, dec\u00eda el autor de la Imitaci\u00f3n de Cristo. La Renovaci\u00f3n es el mo\u00admento privilegiado para la conversi\u00f3n: si bien en muchos terrenos no resulta siempre f\u00e1cil el discernimiento, en cambio,- es cosa segura que todas nues\u00adtras<sup>,<\/sup> \u00abopciones\u00bb \u2014ya con relaci\u00f3n al apostolado, ya al estilo de vida que de \u00e9l se desprende\u2014 est\u00e1n condicionadas por la densidad de <em>nuestra pertenencia a Jesucristo, <\/em>\u00abFuente y Modelo de toda Ca\u00adridad\u00bb&#8230; Vivir en el Esp\u00edritu Santo es una prioridad absoluta. En ella deben enraizarse todas nuestras convicciones, todas nuestras intuiciones; en ella deben comprobarse ante todo y constantemente.<\/p>\n<p align=\"center\">*<\/p>\n<p>La Renovaci\u00f3n es un hallazgo magn\u00edfico, es una de las expresiones m\u00e1s t\u00edpicas de su ideal de Hijas de la Caridad y al mismo tiempo significa una confirmaci\u00f3n continuamente renovada, cada vez m\u00e1s profunda de la primera donaci\u00f3n, definitiva de suyo, que hicieron ustedes de s\u00ed mismas al Se\u00f1or al entrar en la Compa\u00f1\u00eda.<\/p>\n<p>Lejos de cuestionar esa donaci\u00f3n primera,<\/p>\n<ul>\n<li>\u00d8 la asumen ustedes con mayor lucidez, con mayor libertad todav\u00eda, puesto que d\u00eda tras d\u00eda, a\u00f1o tras a\u00f1o, han podido confrontar su amor a la vocaci\u00f3n con la experiencia vivida en lo m\u00e1s \u00edntimo de su coraz\u00f3n, junto a los pobres y junto a sus Hermanas;<\/li>\n<li>\u00d8 la hacen m\u00e1s apremiante y la enriquecen mediante el acto que expresa lo m\u00e1s perfectamente posible su deseo de vivir en pleni\u00adtud <em>y <\/em>radicalidad las exigencias bautismales en la l\u00ednea de su voca\u00adci\u00f3n: <em>el \u00abvoto\u00bb, sobre lodo tal <\/em>y <em>como lo comprend\u00eda Santa Luisa.<\/em><em><\/em><\/li>\n<\/ul>\n<p><em>\u00abEl voto da al alma la libertad de entrar en una comuni\u00f3n familiar con <\/em><em>Dios. La hace entrar en una especie de trato con El por el que el alma <\/em><em>promete y se obliga y Dios acepta y promete tambi\u00e9n. El alma promete y <\/em><em>entrega el amor que m\u00e1s le agrada que es el de darse por completo a El, <\/em><em>sin reservarse el poder de disponer de s\u00ed misma; y Dios se da rec\u00edprocamente <\/em><em>al alma y le asegura la comunicaci\u00f3n de todos sus bienes. \u00a1Oh abatimiento <\/em><em>de un Dios, o m\u00e1s bien potencia admirable para exaltar a la nada tan alta <\/em><em>dignidad!. \u00a1Bendito se\u00e1is por siempre por permitir que el hombre se en\u00ad<\/em><em>tregue as\u00ed a Vos, y por la meced que le hac\u00e9is de darle tal deseo!\u00bb<\/em><\/p>\n<p>&nbsp;<\/p>\n<ol>\n<li>VOTO Y LIBERTAD<\/li>\n<\/ol>\n<p>Cada vez que leo este texto de Santa Luisa, me llama la atenci\u00f3n su insistencia sobre la libertad:<\/p>\n<ul>\n<li>libertad <em>del <\/em>compromiso: Dios nos da ese deseo\u2026 y permite que lo realicemos, pero no lo impone;<\/li>\n<\/ul>\n<ul>\n<li>libertad <em>en el <\/em>compromiso: entre Dios y nosotros se establece una sorprendente familiaridad en la que, \u00c9l y nosotros en toda verdad, damos y recibimos alternativamente,<\/li>\n<\/ul>\n<p>Es que se trata esencialmente de Amor: y sin libertad no hay verdadero amor; y sin amor, tampoco hay verdadera libertad. Pero desde el momento en que se quiere ofrecer <em>a <\/em>Dios el amor \u00abque m\u00e1s le agrada\u00bb, como dice Santa Luisa, desde el instante en que se siente la exigencia del don total, \u00bfc\u00f3mo no desear llegar hasta la entrega m\u00e1s radical y completa?<\/p>\n<p><strong>a) Aparici\u00f3n de los Votos en la Compa\u00f1\u00eda<\/strong><\/p>\n<p>Lo que acabamos de decir explica la forma en que aparecieron los Votos en la Compa\u00f1\u00eda y, a la inversa, esa forma en que aparecieron nos permite captar mejor su significado para las Hijas de la Caridad.<\/p>\n<p>La primera vez, a lo que sabemos, que San Vicente habla de los votos es el 5 de julio de 1640:<\/p>\n<p>\u00abEl tema de la conferencia \u2014dijo\u2014 es de la dicha que tienen las Hijas de la Caridad: lo que es ser, <em>y <\/em>c\u00f3mo se debe ser, verdaderas y buenas Hijas de la Caridad.<\/p>\n<p>La dicha de los cristianos consiste <em>en permanecer siempre en el estado <\/em><em>que m\u00e1s gratos les hace a Dios, <\/em>de suerte que no haya en ellos nada que pueda desagradarle.<\/p>\n<p>Dos clases de personas en el mundo pueden hallarse en tal estado: unas est\u00e1n en sus casas ocupadas solamente en el cuidado de su familia y en la observancia de los mandamientos; otras son aquellas a las que Dios llama al <em>estado de perfecci\u00f3n, <\/em>como los religiosos de todas las Ordenes, y aun otras que \u00c9l pone en comunidades, <em>como las Hijas de la Caridad, <\/em>las cuales, <em>si bien no tienen por ahora votos, <\/em>no dejan por eso de estar en ese estado de perfecci\u00f3n, si son verdaderas Hijas de la Caridad\u00bb.<\/p>\n<p>Se han dado ustedes cuenta del <em>inciso: <\/em>\u00absi bien no tienen por ahora votos\u00bb; palabras que revelan y traducen ya desde aquella fecha temprana una <em>aspiraci\u00f3n a hacer votos <\/em>que San Vicente no s\u00f3lo no rechaza, sino que la mira como eventualidad posible y hasta completamente normal.<\/p>\n<p>Pero \u00bfen qu\u00e9 sentido?&#8230;<\/p>\n<p>Es muy interesante observar que ya desde entonces &#8211;y es un punto en el que no cambiar\u00e1 de parecer\u2014 <em>San Vicente no vincula a los votos el <\/em><em>hecho de ser Hija de la Caridad: <\/em>si bien \u00abno tienen votos\u00bb, son \u00abverda\u00adderas Hijas de la Caridad\u00bb, y su consagraci\u00f3n al Se\u00f1or es, en su g\u00e9nero, tan real, tan completa como la de \u00ablos religiosos de todas las Ordenes\u00bb, desde el momento en que son fieles a su vocaci\u00f3n. Cuando lleguen los votos, ser\u00e1n, pues, <em>esencialmente la expresi\u00f3n de una exigencia del amor, <\/em>el fruto de una andadura espiritual en el sentido que hemos visto en Santa Luisa.<\/p>\n<p>No perdamos nunca de vista esa <em>vivencia teologal <\/em>que siempre cons\u00adtituir\u00e1 el n\u00facleo de nuestros votos y les dar\u00e1 su car\u00e1cter propio. El hecho de que se hayan convertido en obligatorios no cambia nada de su esen\u00adcia y, lejos de contradecir el significado de los or\u00edgenes, nos fuerza en cierto modo a comprenderlo mejor, a vivirlo m\u00e1s profundamente: \u00bfC\u00f3mo una Hija de la Caridad que vive verdaderamente su don total a Dios para el servicio de los pobres, no habr\u00eda de sentirse \u00abobligada\u00bb a llevar hasta ah\u00ed su amor y la expresi\u00f3n de su amor.<\/p>\n<p>Esa exigencia es lo que la Compa\u00f1\u00eda quiere expresar y confirmar. Por lo dem\u00e1s, tiene perfecto derecho a unir el ejercicio de ciertas prerroga\u00adtivas a la emisi\u00f3n y a la renovaci\u00f3n de los votos, por ejemplo, el ejer\u00adcicio de la voz activa o pasiva en determinadas &#8216;circunstancias. Pero es de notar que la <em>edad de vocaci\u00f3n <\/em>es el criterio fundamental \u2014y muy significativo\u2014 y, sea como quiera, los votos permanecen como tales en la l\u00ednea de la inspiraci\u00f3n original.<\/p>\n<p>Adem\u00e1s, la renovaci\u00f3n anual traduce una <em>doble convicci\u00f3n:<\/em><\/p>\n<ul>\n<li>\u00d8 la consagraci\u00f3n fundamental y espec\u00edfica de una Hija de la Ca\u00adridad es la que hizo al entrar en la Compa\u00f1\u00eda, donde \u2014como de\u00adc\u00edan los Fundadores\u2014 <em>no se admitir\u00eda a una persona que no tuviera <\/em><em>intenci\u00f3n de vivir y morir en ella;<\/em><\/li>\n<li>\u00d8 los votos llegan todos los a\u00f1os a urgir, a reforzar, a enriquecer esa consagraci\u00f3n, y su \u00abrenovaci\u00f3n\u00bb debe ser el signo y la ocasi\u00f3n, como la palabra lo expresa, <em>de un rejuvenecimiento de todo el ser <\/em><em>en el amor a la vocaci\u00f3n.<\/em><em><\/em><\/li>\n<\/ul>\n<p>&nbsp;<\/p>\n<p align=\"center\">*<\/p>\n<p><strong>b) La Asamblea de 1979-1980<\/strong><\/p>\n<p>Las \u00faltimas Asambleas generales han puesto gran empe\u00f1o en volver a encontrar ese fervor y ese significado original, haci\u00e9ndose eco de la in\u00advitaci\u00f3n de la Iglesia cuando ped\u00eda <em>volver a las fuentes <\/em>al mismo tiempo que una adaptaci\u00f3n o <em>expresi\u00f3n tan adecuada como fuera p<\/em><em>o<\/em><em>sible a los <\/em><em>tiempos actuales.<\/em><\/p>\n<p>Las Constituciones de 1979-1980, en espera de la aprobaci\u00f3n romana, han expresado ese prop\u00f3sito en f\u00f3rmulas a las que conviene dar toda su densidad en esa l\u00ednea:<\/p>\n<p><em>\u00abEn el momento en que una Hermana es admitida en el Seminario, pasa\u00a0 <\/em><em>a ser miembro de la Compa\u00f1\u00eda. Para seguir si\u00e9ndolo, conforme a la\u00bb con\u00ad<\/em><em>diciones requeridas por la misma Compa\u00f1\u00eda, tiene que hacer los votos <\/em><em>y renovarlos\u00bb <\/em>(C. 1, <em>17).<\/em><\/p>\n<p><em>\u00abMuy pronto en la historia de la Compa\u00f1\u00eda, las Hermanas expresaro<\/em><em>n<\/em><em> <\/em><em>el deseo de ratificar su don total a Dios por medio de votos, fuente de for\u00ad<\/em><em>taleza, alianza que toma sus ra\u00edces en el misterio de la Iglesia&#8230;\u00bb<\/em><\/p>\n<p>Los votos son <em>privados, <\/em>en el sentido que esta expresi\u00f3n ha tenido en la Compa\u00f1\u00eda desde los or\u00edgenes. Son <em>anuales, siempre re<\/em><em>novables<\/em><em>. <\/em>La Igle\u00adsia los reconoce tal y como la Compa\u00f1\u00eda los comprende en fidelidad a sus Fundadores.<\/p>\n<p><em>\u00abLa renovaci\u00f3n anual de los votos permite <\/em><em>a las Hermanas<\/em><em> afianzar su <\/em><em>voluntad de responder a la vocaci\u00f3n, al <\/em><em>mismo tiempo <\/em><em>que garantiza la <\/em><em>estabilidad de su servicio a Cristo en la <\/em><em>en la Compa\u00f1\u00eda: supone un <\/em><em>\u00a0acto libre\u00ad<\/em><em>mente hecho y siempre inspirado p<\/em><em>or el amor\u00bb (C.2, 23).<\/em><strong><\/strong><\/p>\n<p>No cuesta trabajo reconocer en este texto las notas dominantes que hemos se\u00f1alado: la ratificaci\u00f3n por los votos del don total hecho al entrar en la Compa\u00f1\u00eda para servir en ella a Jesucristo en los pobres, el signifi\u00adcado esencial de esos votos en la l\u00ednea del amor, el deseo de permanecer fieles a la intuici\u00f3n de los or\u00edgenes en su emisi\u00f3n y en su renovaci\u00f3n anual.<\/p>\n<p>Hay que reconocer que en el correr de los a\u00f1os y de la historia, no siempre la Compa\u00f1\u00eda y sus Superiores tuvieron f\u00f3rmulas tan felices. Una preocupaci\u00f3n leg\u00edtima, pero a veces excesiva de reglamentaci\u00f3n, deslices m\u00e1s o menos conscientes hacia otras formas de vida consagrada, un pa\u00adralelismo con los Sacerdotes de la Misi\u00f3n&#8230;, etc. pudieron ser causas de ciertas desviaciones. Pero siempre que ha sido cuesti\u00f3n de defender el car\u00e1cter propio de la Compa\u00f1\u00eda y en particular de sus votos, se ha sabido rectificar las formulaciones de manera sorprendente.<\/p>\n<p>De todas formas, las Asambleas de \u00abaggiornamento\u00bb, sobre todo la \u00falti\u00adma, han permitido, a Dios gracias, la vuelta a una concepci\u00f3n m\u00e1s cercana a la de los Fundadores. Dejando de lado consideraciones puramente mo\u00adralizadoras que ponen el acento en las implicaciones jur\u00eddicas, despren\u00addi\u00e9ndose de lastres tomados de la Vida religiosa propiamente dicha, desea\u00admos ver los votos, tal y como los ve\u00edan San Vicente y Santa Luisa, como la coronaci\u00f3n de una madurez espiritual de la c\u00e9lebre definici\u00f3n<\/p>\n<p><em>\u00abtotalmente entregadas a Dios para honrar a Nuestro Se\u00f1or Jesucristo <\/em><em>como Manantial y Modelo de toda Caridad, contempl\u00e1ndole y sirvi\u00e9ndole <\/em><em>corporal y espiritualmente en la persona de los pobres, nuestros Amos <\/em><em>y Se\u00f1ores\u00bb.<\/em><\/p>\n<p>Para convencernos de ello, volvamos a aquel mes de julio de 1640 en el que la cuesti\u00f3n de los votos estaba decididamente en el orden del d\u00eda. En efecto, el d\u00eda 19 San Vicente volvi\u00f3 a ello, pero esta vez de manera comple\u00adtamente intencionada y expl\u00edcita:<\/p>\n<p><em>\u00abQu\u00e9 consuelo tuve, mis queridas Hermanas, uno de estos d\u00edas! Tengo <\/em><em>que comunic\u00e1roslo. O\u00eda yo la f\u00f3rmula de los votos de los religiosos hos\u00ad<\/em><em>pitalarios de Italia, que est\u00e1 concebida en estos t\u00e9rminos: &#8216;Yo&#8230; fulano <\/em><em>de tal&#8230; hago voto y prometo a Dios guardar toda mi vida pobreza, castidad <\/em><em>y obediencia y servir a nuestros se\u00f1ores los pobres&#8217; S\u00ed, hijas m\u00edas, es algo <\/em><em>muy agradable a nuestro buen Dios el honrar as\u00ed a sus miembros los que\u00adridos pobres.\u00bb<\/em><\/p>\n<p><em>Y <\/em>el texto, cuya copista no es otra que Santa Luisa, contin\u00faa as\u00ed: \u00abEl fervor con que el Se\u00f1or Vicente ley\u00f3 los t\u00e9rminos de esos votos indujo a algunas a demostrar el sentimiento que experimentaban. Represent\u00e1ndose la dicha de aquellos buenos religiosos que se entregaban as\u00ed enteramente a Dios, preguntaron si, en nuestra Compa\u00f1\u00eda, no podr\u00eda haber <em>Hermanas <\/em><em>a las que se admitiera a hacer un acto semejante.<\/em><\/p>\n<p>Su Caridad nos respondi\u00f3 as\u00ed: S\u00ed hijas m\u00edas, pero con esta diferencia: que al ser los votos de esos religiosos solemnes, no pueden ser dispen\u00adsados ni siquiera por el Papa; mientras que aquellos que <em>vosotras pudieseis hacer, el Obispo podr\u00eda dispensarlos. <\/em>No obstante, valdr\u00eda m\u00e1s no hacerlos que tener intenci\u00f3n de que se os dispensaran cuando quisierais.<\/p>\n<\/div>\n<p>&nbsp;<\/p>\n<p>A la pregunta de: \u00bfser\u00eda bueno que las Hermanas los hicieran parti\u00adcularmente, seg\u00fan su devoci\u00f3n?, su Caridad respondi\u00f3 que hab\u00eda que guar\u00addarse de ello, pero que si alguna ten\u00eda tal deseo, deb\u00eda comunicarlo a los Superiores y despu\u00e9s permanecer en paz, ya se lo permitieran, ya se lo negaran\u00bb.<\/p>\n<p>Lo menos que puede deducirse de esto es que San Vicente se mostraba acogedor con la aspiraci\u00f3n a hacer los votos y que, de cierta manera, \u00e9l mismo la hab\u00eda provocado. Se ve que ten\u00eda ya ideas claras sobre el asunto puesto que despu\u00e9s de haber evocado los votos de los religiosos con tanta admiraci\u00f3n, se detiene a explicar las diferencias. Tenernos ya ah\u00ed en germen lo que encontramos a la muerte de los Fundadores y que se concret\u00f3 al t\u00e9rmino de una seria b\u00fasqueda, durante la cual las l\u00edneas esenciales lejos de variar se fueron perfilando cada vez m\u00e1s, mientras, como es normal, prosegu\u00edan largo tiempo los tanteos en el plano de las modalidades pr\u00e1c\u00adticas.<\/p>\n<p>Se trata de \u00abvotos simples\u00bb \u2014\u00bbprivados\u00bb, dir\u00edamos hoy\u2014 puesto que Santa Luisa escribe al Abad de Vaux el 29 de, junio de 1656 (por lo tanto, hacia el fin de su vida):<\/p>\n<p>\u00abNo son distintos de los que un devoto o una devota pueden hacer en el mundo; y aun &#8216;ni siquiera son as\u00ed, ya que de ordinario las personas del mundo hacen votos en presencia de su confesor.\u00bb<\/p>\n<p><em>No pertenecen entonces, propiamente hablando, a la estructura de la <\/em><em>Compa\u00f1\u00eda, sino a su vida espiritual. <\/em>Sin embargo, no se dejan a la libre iniciativa de las Hermanas, sino que los Superiores los conceden, de acuer\u00addo con la madurez espiritual. Cualesquiera hayan sido las evoluciones pos\u00adteriores, estos puntos no han variado nunca y habr\u00e1n de constituir la l\u00ednea de fondo que las \u00faltimas Asambleas han trabajado por revalorizar.<\/p>\n<p>&nbsp;<\/p>\n<p align=\"center\">II. UNA VIVENCIA TEOLOGAL<\/p>\n<p>Para esclarecer la \u00abvivencia teologal\u00bb que sus votos quieren expresar, me ha parecido sugestivo partir del hecho de que, la renovaci\u00f3n, seg\u00fan dicen sus Constituciones,<\/p>\n<p>\u00abtiene lugar en la fiesta de la Anunciaci\u00f3n, d\u00eda escogido por Santa Luisa para asociar al Fiat de la Virgen Mar\u00eda su propia donaci\u00f3n y la de sus hijas\u00bb (C. 2, 23).<\/p>\n<p>Acerca de la introducci\u00f3n de este uso en la Compa\u00f1\u00eda, tenemos el tes\u00adtimonio del P. Gicquel que fue Director General de 1668 a 1672. En una conferencia a las Hermanas sobre el esp\u00edritu de la Compa\u00f1\u00eda, de fecha 16 de marzo de 1669, dice:<\/p>\n<p>\u00abNuestro venerado Padre Alm\u00e9ras (Superior General) ha sabido que varias Hijas de la Caridad han hecho hasta ahora los votos en d\u00edas dife\u00adrentes y los han renovado tambi\u00e9n en diferente fecha que la de la fiesta de la Anunciaci\u00f3n, 25 de marzo, d\u00eda en que la Srta. Le Gras, de feliz me\u00admoria, y sus primeras hijas fueron autorizadas a hacer los votos por el Se\u00f1or Vicente, nuestro venerable Fundador. Estima, por tanto que toda la comunidad se sentir\u00eda feliz de renovar los votos el 25 de marzo, y as\u00ed lo juzga oportuno; de ello se dar\u00e1 aviso por carta a las Hermanas que est\u00e1n lejos.\u00bb<\/p>\n<p>Podr\u00eda no verse en esto m\u00e1s que tina manifestaci\u00f3n, entre otras \u2014y muy de alabar, por cierto de la <em>devoci\u00f3n mariana de Santa Luisa, <\/em>sobre todo teniendo en cuenta que en vida suya las Hermanas hicieron con fre\u00adcuencia los votos en diferentes fiestas de la Virgen, como la Asunci\u00f3n o la Inmaculada Concepci\u00f3n, Esta \u00faltima merecer\u00eda tambi\u00e9n una menci\u00f3n especial porque aun cuando en aquella \u00e9poca no hab\u00eda sido objeto todav\u00eda de definici\u00f3n dogm\u00e1tica, es una de las notas dominantes del culto ma\u00adriano que profesaba Santa Luisa y que inculc\u00f3 a la Compa\u00f1\u00eda; pero eso, no podemos menos de quedar impresionados con lo que podr\u00edamos llamar, <em>la respuesta <\/em>de las Apariciones y el mensaje de 1830, cuyo 150&#8243; aniversario estamos celebrando todav\u00eda.<\/p>\n<p>Y sin embargo, por lo que se refiere a los votos, la fecha del 25 de marzo sigui\u00f3 ocupando lugar de preferencia en el coraz\u00f3n de Santa Luisa: acaso sea una de las manifestaciones m\u00e1s claras de la profundidad de su cultura doctrinal y de su vida espiritual. Queda bien claro que quer\u00eda unir su \u00abS\u00ed'\u00bb al de Mar\u00eda, aquel \u00abS\u00ed\u00bb que hizo posible la Encarnaci\u00f3n del Hijo de Dios con todas sus consecuencias en el Misterio Redentor y que en \u00faltimo t\u00e9rmino se une al \u00abS\u00ed\u00bb del mismo Hijo de Dios: el que dijo al llegar al mundo y el que dice y ES en persona eternamente como Verbo, como Palabra del Padre. Nuestra vocaci\u00f3n de misioneros de los pobres queda as\u00ed \u00abre-situada\u00bb en el centro del designio misericordioso del Se\u00f1or para con los hombres. No s\u00f3lo nos ense\u00f1a Mar\u00eda en su Anunciaci\u00f3n las disposiciones que deben animarnos para entrar plenamente en ese Plan de Salvaci\u00f3n, sino que por Ella nos vemos inmediatamente introducidos en ese Plan, en referencia a nuestro bautismo (\u00abYo&#8230; renuevo las pro\u00admesas de mi bautismo&#8230;\u00bb) y al esp\u00edritu en que tenemos que vivirlo. Como lo dice tan bien Santa Luisa: no somos de Mar\u00eda \u00absino para pertenecer m\u00e1s perfectamente a Dios\u00bb.<\/p>\n<p>&nbsp;<\/p>\n<p><strong><em>a) <\/em><\/strong><strong>Un \u00abs\u00ed\u00bb de amor y de libertad<\/strong><\/p>\n<p>Una vez m\u00e1s, van ustedes a decir \u00abs\u00ed'\u00bb, un \u00abs\u00ed\u00bb que, seg\u00fan dicen las Constituciones, \u00absupdne un acto libremente hecho y siempre inspirado por el Amor\u00bb. (C. 2, 23). Esos t\u00e9rminos merecen ser pesados con toda ma\u00addurez; sobre todo, no hay que ver en ellos un \u00abrelleno\u00bb edificante (a no ser que se d\u00e9 toda su fuerza al verbo edifica\u2022). Una vez m\u00e1s, escuchamos a San Luisa, a prop\u00f3sito de la Anunciaci\u00f3n:<\/p>\n<p><em>\u00abLa elecci\u00f3n que Dios hace de una criatura para enviar una embajada <\/em><em>a <\/em><em>la Virgen en orden al cumplimiento de la Encarnaci\u00f3n de su Hijo, me <\/em><em>da a conocer que no debemos contentarnos con hacer el bien a los dem\u00e1s <\/em><em>o con proporcion\u00e1rselo, sino que ha de hacerse de manera suave, <\/em>propo\u00adniendo las cosas, pero dejando a las personas en libertad\u00bb. (Escritos, <a href=\"http:\/\/ed.fr\/\">ed. fr<\/a>. p. 803).<\/p>\n<p>Muchas observaciones interesantes cabr\u00edan acerca de este texto, sobre todo en relaci\u00f3n con la vocaci\u00f3n de servicio a los pobres. Por el momento, lo que retiene nuestra atenci\u00f3n es el \u00abS\u00ed\u00bb libremente dicho por Mar\u00eda al Se\u00f1or que no quiere \u2014y porque no quiere, no puede\u2014 hacer nada sin nosotros y que aun, y sobre todo, en la cosa m\u00e1s importante que es nuestra Salvaci\u00f3n y la de nuestro in ~no. pide y espera nuestro \u00abs\u00ed\u00bb. Sin embargo, es El quien inspira, quien suscita ese \u00abs\u00ed\u00bb y a El debernos pedir la gracia de pronunciarlo, pero, si me es licito expresarme as\u00ed, es tan \u00abnuestro\u00bb como \u00abde El\u00bb, y sin ese \u00abs\u00ed\u00bb nuestro, El no har\u00e1 nada&#8230; Santa Luisa contin\u00faa:<\/p>\n<p>\u00abLa respuesta de la Sant\u00edsima Virgen, que revela su voto de virgini\u00addad, me ense\u00f1a con qu\u00e9 agrado recibe Dios lo que sus criaturas le dan. Y el cumplimiento de la promesa de Dios que se hace hombre en su seno en cuanto Ella ha dall\u00f3 Su consentimiento, me hace ver que Dios se da infinitamente a las criaturas que le son fieles en sus promesas.\u00bb<\/p>\n<p>S\u00ed, Dios nos respeta tanto, que no quiere salvarnos sin nosotros, sin nuestro concurso. Espera ese \u00abs\u00ed\u00bb para penetrarnos, para invadir la hu\u00admanidad. En este d\u00eda de la renovaci\u00f3n m\u00e1s que nunca, la disponibili\u00addad de cada una al Se\u00f1or en, su vida personal y en su vida comu\u00adnitaria y apost\u00f3lica le permitir\u00e1 que se les comunique El mismo, como a Mar\u00eda, cuyo \u00abs\u00ed\u00bb permiti\u00f3 a Cristo no s\u00f3lo bajar a Ella, sino a todo su Cuerpo M\u00edstico.<\/p>\n<p>&nbsp;<\/p>\n<p><strong>b) El \u00abs\u00ed\u00bb de Mar\u00eda determina la Encarnaci\u00f3n con todas sus consecuencias<\/strong><\/p>\n<p>En ese \u00abs\u00ed\u00bb, corno tan bien lo percibi\u00f3 <em>Santa Luisa, <\/em>hay algo extraor\u00addinario: Dios ha querido necesitar ese \u00abFiat\u00bb para realizar todo su plan de Amor sobre nosotros. Ciertamente no es sorprendente que Mar\u00eda corno \u00abSierva del Se\u00f1or\u00bb, se haya presentado ante nuestros Fundadores y se presente a todas las Hijas de la Caridad como el Modelo de una vocaci\u00f3n de servicio a Cristo en los pobres; pero debemos meditar, ahond\u00e1ndolo en la Fe, ese \u00abs\u00ed\u00bb de Mar\u00eda que determin\u00f3 la Encarnaci\u00f3n con todas sus consecuencias. Guardando las debidas distancias, lo mismo nos ocurre a nosotros.<\/p>\n<p>El Misterio de la Encarnaci\u00f3n redentora se prosigue sin cesar&#8230; y sigue dependiendo de nuestro \u00ab\u00ed&gt;&gt;. \u00bfNecesito recordarles el lugar que ocupa este Misterio en su vocaci\u00f3n de Hijas de la Caridad? Por ello se dan ustedes cuenta en seguida del significado que tiene el \u00abs\u00ed\u00bb que van a re\u00adpetir en esta fiesta de la Anunciaci\u00f3n. La maternidad divina de Mar\u00eda es obra de la gracia con que la revisti\u00f3 su Inmaculada Concepci\u00f3n, con miras a su misi\u00f3n excepcional de Madre de Dios; pero es tambi\u00e9n (y en cierto sentido en la misma medida) fruto de la Fe y el Amor de la Virgen, de su disponibilidad al Se\u00f1or. San Bernardo dec\u00eda: <em>\u00abVaria concibi\u00f3 en su esp\u00edritu antes de concebir en su cuerpo\u00bb. <\/em>Tan pronto como hubo dicho \u00abhe aqu\u00ed la esclava del Se\u00f1or: h\u00e1gase en m\u00ed seg\u00fan in palabra\u00bb, el Verbo se hizo carne y habit\u00f3 entre nosotros; pero hizo falta esa aquiescencia to\u00adtal de su parte.<\/p>\n<p>Ahora bien, las Hijas de la Caridad<\/p>\n<p><em>\u00abcontemplan a Cristo en el anonadamiento de su Encarnaci\u00f3n Reden\u00ad<\/em><em>tora, maravill\u00e1ndose de que un Dios, en cierto modo no pueda o no quiera estar<\/em><em> nunca separado del hombre (Santa <\/em>Luisa, Misterio de la Encar\u00adnaci\u00f3n). <em>Del Hijo del Hombre aprenden a revelar a sus hermanos el Amor <\/em><em>de Dios al mundo\u00bb <\/em>(C. 2, 2).<\/p>\n<p>Son, ya lo saben, expresiones de sus Constituciones, expresiones \u2014lo repito\u2014 cuya densidad temo que no lleguemos a Captar plenamente, a fuerza de repetirlas sin profundizarlas en la meditaci\u00f3n, sin confrontar\u00adlas con la vida, con nuestra vida.<\/p>\n<p>Lo mismo ocurre con estas otras:<\/p>\n<p>\u00abEntregadas a Dios para el servicio de los pobres, las Hijas de la Ca\u00adridad encuentran la unidad de su vida&#8217; en esa finalidad. El Servicio es para ellas la expresi\u00f3n de su consagraci\u00f3n a Dios en la Compa\u00f1\u00eda y le co\u00admunica su pleno sentido.<\/p>\n<p>\u00abReconocen en los que sufren, en los que se ven lesionados en su dignidad, en su salud, en sus derechos&#8230; a hijos de Dios, a hermanos y hermanas de los que son solidarias.<\/p>\n<p><em>\u00abSeg\u00fan quer\u00edan los Fundadores, los miran como a maestros &#8216;que les <\/em><em>predican con su sola presencia&#8217; y como a sus se\u00f1ores a los que deben <\/em><em>amar con ternura y respetar mucho <\/em>(C. 2, 1).<\/p>\n<p>Tenemos que profundizar m\u00e1s que nunca en toda esta m\u00edstica del Ser\u00advicio en la v\u00edspera de la renovaci\u00f3n. Veamos c\u00f3mo sigue prolong\u00e1ndose la Encarnaci\u00f3n:<\/p>\n<p>\u00abPero, sobre todo, los pobres les representan a Cristo, que ha dicho: &#8216;Lo que hicisteis con uno de estos mis hermanos m\u00e1s, peque\u00f1os, conmigo lo hicisteis&#8217;.<\/p>\n<p>\u00abEl Servicio&#8230; es, al mismo tiempo que mirada de Fe, puesta en pr\u00e1ctica del Amor, del que Cristo es fuente y modelo. La imitaci\u00f3n de Jes\u00fas Servidor es el fundamento que San Vicente y Santa Luisa les proponen para su vida de buenas cristianas\u00bb (C. 2, 1).<\/p>\n<p>Importa mucho puntualizar que la Encarnaci\u00f3n es \u00abredentora\u00bb. El Misterio Pascual es el punto culminante del \u00abservicio\u00bb de Jes\u00fas, Dios dice el Concilio Vaticano II, da a todos los hombres el poder participar en ese Servicio a Cristo de una manera que s\u00f3lo El conoce. Los pobres son el sacramento privilegiado de ese misterio. Con toda intenci\u00f3n Santa Luisa a\u00f1ade la palabra \u00abcrucificado\u00bb cuando cita a San Pablo: <em>\u00abEl Amor <\/em><em>de Cristo crucificado nos apremia\u00bb <\/em>y da esta frase como divisa a las Hijas de la Caridad.<\/p>\n<p>&nbsp;<\/p>\n<p><strong>c) Ese \u00abs\u00ed\u00bb se une al de Jesucristo<\/strong><\/p>\n<p>En \u00faltimo t\u00e9rmino el \u00abs\u00ed\u00bb de Mar\u00eda (y el de ustedes a trav\u00e9s de \u00e9l) es una asimilaci\u00f3n tan perfecta como es posible con el Verbo divino que es \u00abSI\u00bb al Padre, y cuyo alimento, una vez encarnado, ser\u00e1 hacer la volun\u00adtad de Aquel que le envi\u00f3. Precisamente con la Encarnaci\u00f3n es como se cumple esto, ya que, por una parte, seg\u00fan la Ep\u00edstola a los Hebreos, es en ese momento cuando el Hijo de Dios entra en el mundo diciendo:<\/p>\n<p><em>\u00abHeme aqu\u00ed que vengo para hacer \u00a1oh Dios! tu voluntad\u00bb; <\/em>y por otra, la receptividad de Mar\u00eda se abre en un \u00abs\u00ed\u00bb que ir\u00e1 creciendo de continuo por su adhesi\u00f3n al misterio redentor.<\/p>\n<p>El \u00abs\u00ed\u00bb terreno del Hijo de Dios<\/p>\n<p>Toda vida bautismal tiende as\u00ed a unirse con Cristo y a dar testimonio de El. <em>Si amamos tanto nuestra vocaci\u00f3n, <\/em>no es porque pudiera hacer de nosotros como una categor\u00eda aparte de cristianos, sino porque <em>los ca\u00ad<\/em><em>minos que nos hace andar nos ayudan a ser verdaderamente cristianos <\/em>en medio de nuestros hermanos <em>y <\/em>del Pueblo de Dios, poniendo a plena luz a <em>Cristo como Portador de la Buena Nueva a los pobres. <\/em>Esta dimen\u00adsi\u00f3n es algo esencial a Cristo (todo es esencial en Cristo como Sal\u00advador), pero la renovaci\u00f3n que ustedes van a hacer significa el acento de radicalidad con el que quieren unirse a su \u00abs\u00ed\u00bb al Padre, que le consagr\u00f3 y envi\u00f3 para eso, el acento de radicalidad con el que quieren vivir de su amor sencillo y humilde de \u00abServidor\u00bb.<\/p>\n<p>Es la forma peculiar con que ustedes han de dar testimonio de El, vivir con El su Misterio Pascual, participar de su Esp\u00edritu en el hoy de Dios, de la Iglesia y de los hombres. Entre par\u00e9ntesis, todos estos t\u00e9r\u00adminos no dejan \u2014con mucha raz\u00f3n\u2014 de hacernos pensar en la <em>celebra\u00ad<\/em><em>ci\u00f3n eucar\u00edstica, <\/em>que, en el centro de toda vida bautismal, es el lugar y el momento por excelencia en que se hace memoria de Jesucristo, en que se proclama su muerte y su resurrecci\u00f3n, en que se entra en su consagra\u00adci\u00f3n. <em>Los votos de las Hijas de la Caridad, lo mismo que su renovaci\u00f3n, <\/em><em>tienen lugar siempre durante la Misa: <\/em>en ella realmente es donde ad\u00adquieren todo su significado, y la Misa diaria debe vivirse evidentemente en funci\u00f3n del conjunto de nuestra existencia cristiana dentro del marco de la vocaci\u00f3n.<\/p>\n<p>Por otra parte, si queremos entrar verdaderamente en el Coraz\u00f3n de Cristo, tenemos que <em>lee <\/em>y <em>meditar el Evangelio, <\/em>buscando en \u00e9l todas las manifestaciones de su amor al Padre. De ese amor viv\u00eda Jesucristo esen\u00adcialmente y hasta podr\u00eda decirse \u00fanicamente, puesto que para El es lo mismo hacer la voluntad del Padre que salvarnos; todo se resume en esa actitud filial, tanto m\u00e1s cuanto que al mismo tiempo Jes\u00fas nos re\u00advela al Padre, nos manifiesta al Padre: <em>\u00abQue me ve, ve a mi Padre\u00bb&#8230; <\/em>En ello estriba toda la carrera terrena de Cristo, y en el momento de la Pasi\u00f3n cima de esa carrera, podr\u00e1 decir: <em>\u00abPara que el mundo conozca que yo <\/em><em>amo al Padre, levantaos, vamos de aqu\u00ed\u00bb&#8230; <\/em>Su oraci\u00f3n se hace significativa: <em>\u00abPadre, llega la hora; glorifica a tu Hijo&#8230; <\/em>(muestra a plena luz quien es) <em>para que el Hijo te glorifique&#8230; <\/em>(manifest\u00e1ndote plena luz, puesto que <em>de <\/em><em>Ti recibi\u00f3 de toda eternidad la vida que comunica a la humanidad por su <\/em><em>muerte y su resurrecci\u00f3n)\u00bb. <\/em><strong>Y <\/strong>tambi\u00e9n\u00bb&#8230; <em>No sea como Yo quiero, sino <\/em><em>como quieres T\u00fa&#8230;\u00bb.<\/em><\/p>\n<p>El \u00abs\u00ed\u00bb eterno del Verbo<\/p>\n<p>Por toda su vida terrena, Jes\u00fas es un \u00abs\u00ed\u00bb de obediencia perfecta al Padre. Pero es mucho m\u00e1s que todo eso; ese \u00abs\u00ed\u00bb pudo pronunciarlo por\u00adque tom\u00f3 una naturaleza humana capaz de obedecer. Ahora bien, ese \u00abs\u00ed\u00bb <em>nos introduce en otro \u00ab.s\u00ed\u00bb Ind.s profundo, el que el Hijo dice al Padre por <\/em><em>toda la eternidad, como Palabra, como Verbo del Padre.<\/em><\/p>\n<p>Ser\u00eda terrible no llegar hasta ese \u00abs\u00ed\u00bb que <em>dice <\/em>el Verbo, que el Verbo <em>es, <\/em>en el seno de la Trinidad, y ser\u00eda terrible porque es a esa vida divina a la que Cristo nos llama a trav\u00e9s de su \u00abs\u00ed\u00bb terreno; de esa vida divina quiere que hacernos participar mediante la obediencia al Padre y envi\u00e1n\u00addonos al Esp\u00edritu Santo, que es comuni\u00f3n vital entre el Padre y el Hijo.<\/p>\n<p>Tal es el plan redentor; tal es ese proyecto de infinita misericordia; tal es la Buena Nueva por excelencia que hay que anunciar a los hombres, que hay que anunciar a los \u00abpobres\u00bb; y por \u00abpobres\u00bb sabernos que hay que entender, sin separarlos, aquellos cuyo coraz\u00f3n est\u00e1 bien dispuesto para acoger esa Buena Nueva, y aquellos que por su condici\u00f3n de des\u00adprovistos, de abandonados, de oprimidos son los preferidos del Se\u00f1or y tienen necesidad, m\u00e1s que nadie de escuchar el Mensaje liberador.<\/p>\n<p>Todo esto es esencialmente lo que debemos \u00abhacer ver\u00bb, \u00abhacer o\u00edr\u00bb a trav\u00e9s de toda nuestra vida; a eso esencialmente es a lo que estamos llamados a consagrarnos, para eso, finalmente, es para lo que van ustedes a renovar sus votos.<\/p>\n<p><strong>Una vez m\u00e1s, van a afirmar que su vida est\u00e1 completamente entregada <\/strong>a <strong>seguir a Jesucristo como Anunciador de la Buena Nueva a los Pobres <\/strong>y <strong>que para eso se dan enteramente a El <\/strong><strong>en<\/strong><strong> la Compa\u00f1\u00eda de las Hijas de <\/strong><strong>la Caridad.<\/strong><\/p>\n<p>Volvamos a la conclusi\u00f3n de aquella c\u00e9lebre conferencia del 19 de ju\u00adlio de 1640, en la que San Vicente, en cierto modo, provoc\u00f3 en las pri\u00admeras Hermanas el deseo de hacer los votos, o por lo menos acogi\u00f3 ple\u00adnamente su aspiraci\u00f3n a hacerlos:<\/p>\n<p><em>\u00abEl Se\u00f1or Vicente, penetrado de gran fervor, empez\u00f3 a elevar su <\/em><em>coraz\u00f3n y sus ojos al cielo <\/em>y <em>pronunci\u00f3 estas palabras:<\/em><\/p>\n<p><em>&#8216;;Oh Dios m\u00edo! nos damos completamente a Vos. Concedednos la gra\u00adcia de vivir y morir en una perfecta observancia de una verdadera po\u00ad<\/em><em>breza. Os lo pido para todas estas Hermanas presentes y para las que <\/em><em>se hallan ausentes. \u00bfno lo quer\u00e9is as\u00ed, hijas m\u00edas? Concedednos tam\u00ad<\/em><em>bi\u00e9n la gracia de vivir y morir castamente. Os pido esta misericordia para <\/em><em>todas las Hermanas de la Caridad y para m\u00ed, y la de vivir en una perfecta <\/em><em>observancia de la obediencia. Nos damos tambi\u00e9n a Vos, Dios m\u00edo, para <\/em><em>honrar y servir durante toda nuestra vida a nuestros se\u00f1ores los pobres, <\/em><em>y os pedimos esta gracia por vuestro santo Amor. \u00bfNo lo quer\u00e9is as\u00ed, ama\u00ad<\/em><em>das Hermanas?&#8217;<\/em><\/p>\n<p><em>Todas nuestras Hermanas dieron de buen grado su consentimiento <\/em><em>con testimonios de verdadera devoci\u00f3n y se pusieron de rodillas. El se\u00f1or <\/em><em>Vicente nos dio su bendici\u00f3n como de costumbre, pidiendo a Dios que <\/em>cumpli\u00e9ramos por entero su designio.\u00bb<\/p>\n<p>\u00a1Felices de nosotros si logramos tener ese mismo fervor!<\/p>\n<p>P. Miguel LLORET<em>.<\/em><\/p>\n<p>&nbsp;<\/p>\n","protected":false},"excerpt":{"rendered":"<p>Henos de nuevo en la v\u00edspera de la \u00abRenovaci\u00f3n\u00bb, con un deseo \u00fanico: que esta palabra tan sugestiva sea la traducci\u00f3n de una realidad y, para que as\u00ed sea, que, en la ma\u00f1ana del d\u00eda &#8230; <a href=\"http:\/\/vincentians.com\/es\/el-sentido-de-la-renovacion\/\" class=\"more-link\">Read More<\/a><\/p>\n","protected":false},"author":4,"featured_media":49417,"comment_status":"open","ping_status":"open","sticky":false,"template":"","format":"standard","meta":{"jetpack_post_was_ever_published":false,"_jetpack_newsletter_access":"","_jetpack_dont_email_post_to_subs":false,"_jetpack_newsletter_tier_id":0,"_jetpack_memberships_contains_paywalled_content":false,"_jetpack_memberships_contains_paid_content":false,"footnotes":"","jetpack_publicize_message":"","jetpack_publicize_feature_enabled":true,"jetpack_social_post_already_shared":true,"jetpack_social_options":{"image_generator_settings":{"template":"highway","default_image_id":0,"font":"","enabled":false},"version":2}},"categories":[226,199],"tags":[157],"class_list":["post-49416","post","type-post","status-publish","format-standard","has-post-thumbnail","hentry","category-espiritualidad-vicenciana","category-hijas-de-la-caridad","tag-abad-de-vaux"],"yoast_head":"<!-- This site is optimized with the Yoast SEO plugin v26.3 - https:\/\/yoast.com\/wordpress\/plugins\/seo\/ -->\n<title>El sentido de la renovaci\u00f3n - Somos Vicencianos<\/title>\n<meta name=\"robots\" content=\"index, follow, max-snippet:-1, max-image-preview:large, max-video-preview:-1\" \/>\n<link rel=\"canonical\" href=\"http:\/\/vincentians.com\/es\/el-sentido-de-la-renovacion\/\" \/>\n<meta property=\"og:locale\" content=\"es_ES\" \/>\n<meta property=\"og:type\" content=\"article\" \/>\n<meta property=\"og:title\" content=\"El sentido de la renovaci\u00f3n - Somos Vicencianos\" \/>\n<meta property=\"og:description\" content=\"Henos de nuevo en la v\u00edspera de la \u00abRenovaci\u00f3n\u00bb, con un deseo \u00fanico: que esta palabra tan sugestiva sea la traducci\u00f3n de una realidad y, para que as\u00ed sea, que, en la ma\u00f1ana del d\u00eda ... Read More\" \/>\n<meta property=\"og:url\" content=\"http:\/\/vincentians.com\/es\/el-sentido-de-la-renovacion\/\" \/>\n<meta property=\"og:site_name\" content=\"Somos Vicencianos\" \/>\n<meta property=\"article:publisher\" content=\"https:\/\/www.facebook.com\/WeAreVincentians\/\" \/>\n<meta property=\"article:author\" content=\"https:\/\/www.facebook.com\/JavierChento\" \/>\n<meta property=\"article:published_time\" content=\"2011-09-12T03:57:33+00:00\" \/>\n<meta name=\"author\" content=\"Francisco Javier Fern\u00e1ndez Chento\" \/>\n<meta name=\"twitter:card\" content=\"summary_large_image\" \/>\n<meta name=\"twitter:creator\" content=\"@https:\/\/twitter.com\/javierchento\" \/>\n<meta name=\"twitter:site\" content=\"@WeVincentians\" \/>\n<meta name=\"twitter:label1\" content=\"Escrito por\" \/>\n\t<meta name=\"twitter:data1\" content=\"Francisco Javier Fern\u00e1ndez Chento\" \/>\n\t<meta name=\"twitter:label2\" content=\"Tiempo de lectura\" \/>\n\t<meta name=\"twitter:data2\" content=\"28 minutos\" \/>\n<script type=\"application\/ld+json\" class=\"yoast-schema-graph\">{\"@context\":\"https:\/\/schema.org\",\"@graph\":[{\"@type\":\"Article\",\"@id\":\"http:\/\/vincentians.com\/es\/el-sentido-de-la-renovacion\/#article\",\"isPartOf\":{\"@id\":\"http:\/\/vincentians.com\/es\/el-sentido-de-la-renovacion\/\"},\"author\":{\"name\":\"Francisco Javier Fern\u00e1ndez Chento\",\"@id\":\"http:\/\/vincentians.com\/es\/#\/schema\/person\/9623ef4d9aa3b2dfb8c061f1499288f2\"},\"headline\":\"El sentido de la renovaci\u00f3n\",\"datePublished\":\"2011-09-12T03:57:33+00:00\",\"mainEntityOfPage\":{\"@id\":\"http:\/\/vincentians.com\/es\/el-sentido-de-la-renovacion\/\"},\"wordCount\":5692,\"commentCount\":0,\"publisher\":{\"@id\":\"http:\/\/vincentians.com\/es\/#organization\"},\"image\":{\"@id\":\"http:\/\/vincentians.com\/es\/el-sentido-de-la-renovacion\/#primaryimage\"},\"thumbnailUrl\":\"\",\"keywords\":[\"Abad de Vaux\"],\"articleSection\":[\"Espiritualidad vicenciana\",\"Hijas de la Caridad\"],\"inLanguage\":\"es\",\"potentialAction\":[{\"@type\":\"CommentAction\",\"name\":\"Comment\",\"target\":[\"http:\/\/vincentians.com\/es\/el-sentido-de-la-renovacion\/#respond\"]}]},{\"@type\":\"WebPage\",\"@id\":\"http:\/\/vincentians.com\/es\/el-sentido-de-la-renovacion\/\",\"url\":\"http:\/\/vincentians.com\/es\/el-sentido-de-la-renovacion\/\",\"name\":\"El sentido de la renovaci\u00f3n - Somos Vicencianos\",\"isPartOf\":{\"@id\":\"http:\/\/vincentians.com\/es\/#website\"},\"primaryImageOfPage\":{\"@id\":\"http:\/\/vincentians.com\/es\/el-sentido-de-la-renovacion\/#primaryimage\"},\"image\":{\"@id\":\"http:\/\/vincentians.com\/es\/el-sentido-de-la-renovacion\/#primaryimage\"},\"thumbnailUrl\":\"\",\"datePublished\":\"2011-09-12T03:57:33+00:00\",\"breadcrumb\":{\"@id\":\"http:\/\/vincentians.com\/es\/el-sentido-de-la-renovacion\/#breadcrumb\"},\"inLanguage\":\"es\",\"potentialAction\":[{\"@type\":\"ReadAction\",\"target\":[\"http:\/\/vincentians.com\/es\/el-sentido-de-la-renovacion\/\"]}]},{\"@type\":\"ImageObject\",\"inLanguage\":\"es\",\"@id\":\"http:\/\/vincentians.com\/es\/el-sentido-de-la-renovacion\/#primaryimage\",\"url\":\"\",\"contentUrl\":\"\"},{\"@type\":\"BreadcrumbList\",\"@id\":\"http:\/\/vincentians.com\/es\/el-sentido-de-la-renovacion\/#breadcrumb\",\"itemListElement\":[{\"@type\":\"ListItem\",\"position\":1,\"name\":\"Portada\",\"item\":\"http:\/\/vincentians.com\/es\/\"},{\"@type\":\"ListItem\",\"position\":2,\"name\":\"El sentido de la renovaci\u00f3n\"}]},{\"@type\":\"WebSite\",\"@id\":\"http:\/\/vincentians.com\/es\/#website\",\"url\":\"http:\/\/vincentians.com\/es\/\",\"name\":\"Somos Vicencianos\",\"description\":\"Know more to serve more\",\"publisher\":{\"@id\":\"http:\/\/vincentians.com\/es\/#organization\"},\"potentialAction\":[{\"@type\":\"SearchAction\",\"target\":{\"@type\":\"EntryPoint\",\"urlTemplate\":\"http:\/\/vincentians.com\/es\/?s={search_term_string}\"},\"query-input\":{\"@type\":\"PropertyValueSpecification\",\"valueRequired\":true,\"valueName\":\"search_term_string\"}}],\"inLanguage\":\"es\"},{\"@type\":\"Organization\",\"@id\":\"http:\/\/vincentians.com\/es\/#organization\",\"name\":\"The Vincentian Network\",\"url\":\"http:\/\/vincentians.com\/es\/\",\"logo\":{\"@type\":\"ImageObject\",\"inLanguage\":\"es\",\"@id\":\"http:\/\/vincentians.com\/es\/#\/schema\/logo\/image\/\",\"url\":\"https:\/\/i1.wp.com\/vincentians.com\/es\/wp-content\/uploads\/sites\/11\/2016\/06\/Vincentian-Network-logo-big.png?fit=778%2C778\",\"contentUrl\":\"https:\/\/i1.wp.com\/vincentians.com\/es\/wp-content\/uploads\/sites\/11\/2016\/06\/Vincentian-Network-logo-big.png?fit=778%2C778\",\"width\":778,\"height\":778,\"caption\":\"The Vincentian Network\"},\"image\":{\"@id\":\"http:\/\/vincentians.com\/es\/#\/schema\/logo\/image\/\"},\"sameAs\":[\"https:\/\/www.facebook.com\/WeAreVincentians\/\",\"https:\/\/x.com\/WeVincentians\"]},{\"@type\":\"Person\",\"@id\":\"http:\/\/vincentians.com\/es\/#\/schema\/person\/9623ef4d9aa3b2dfb8c061f1499288f2\",\"name\":\"Francisco Javier Fern\u00e1ndez Chento\",\"image\":{\"@type\":\"ImageObject\",\"inLanguage\":\"es\",\"@id\":\"http:\/\/vincentians.com\/es\/#\/schema\/person\/image\/\",\"url\":\"https:\/\/secure.gravatar.com\/avatar\/497d5cde87b4c3d097d0315953521681ba2cd523ee66e5077c3711f7021e65de?s=96&d=mm&r=g\",\"contentUrl\":\"https:\/\/secure.gravatar.com\/avatar\/497d5cde87b4c3d097d0315953521681ba2cd523ee66e5077c3711f7021e65de?s=96&d=mm&r=g\",\"caption\":\"Francisco Javier Fern\u00e1ndez Chento\"},\"description\":\"Director General y cofundador de La Red de Formaci\u00f3n Vicenciana. Javier es laico vicenciano, afiliado a la Congregaci\u00f3n de la Misi\u00f3n y miembro del Equipo de Misiones Populares de la provincia can\u00f3nica de Zaragoza (Espa\u00f1a) de la Congregaci\u00f3n de la Misi\u00f3n. Graduado en la Universidad Oberta de Catalunya con cuatro grados (Asistente de direcci\u00f3n, Gesti\u00f3n Administrativa, Recursos Humanos y Contabilidad Avanzada). Bil\u00edng\u00fce Espa\u00f1ol\/Ingl\u00e9s. gestiona y mantiene varias p\u00e1ginas web cristianas y vicencianas, incluida including La Red de Formaci\u00f3n Vicenciana, de la que es cofundador. Actualmente es responsable del \u00e1rea de Espa\u00f1ol de .famvin, la Red de Noticias de la Familia Vicenciana. Tambi\u00e9n es m\u00fasico cat\u00f3lico y ha editado varios discos. Es Director General y cofundador de Trovador, una reconocida compa\u00f1\u00eda discogr\u00e1fica critiana de Espa\u00f1a. Trabaja en las Tecnolog\u00edas de la Informaci\u00f3n, ofreciendo servicios de alojamiento, dise\u00f1o y mantenimiento Web, as\u00ed como asesoramiento, formaci\u00f3n y soluciones inform\u00e1ticas, gesti\u00f3n documental y digitalizaci\u00f3n de textos, edici\u00f3n y maquetaci\u00f3n de libros, revistas, flyers, etc.\",\"sameAs\":[\"http:\/\/chento.org\",\"https:\/\/www.facebook.com\/JavierChento\",\"https:\/\/x.com\/https:\/\/twitter.com\/javierchento\"],\"url\":\"http:\/\/vincentians.com\/es\/author\/chento\/\"}]}<\/script>\n<!-- \/ Yoast SEO plugin. -->","yoast_head_json":{"title":"El sentido de la renovaci\u00f3n - Somos Vicencianos","robots":{"index":"index","follow":"follow","max-snippet":"max-snippet:-1","max-image-preview":"max-image-preview:large","max-video-preview":"max-video-preview:-1"},"canonical":"http:\/\/vincentians.com\/es\/el-sentido-de-la-renovacion\/","og_locale":"es_ES","og_type":"article","og_title":"El sentido de la renovaci\u00f3n - Somos Vicencianos","og_description":"Henos de nuevo en la v\u00edspera de la \u00abRenovaci\u00f3n\u00bb, con un deseo \u00fanico: que esta palabra tan sugestiva sea la traducci\u00f3n de una realidad y, para que as\u00ed sea, que, en la ma\u00f1ana del d\u00eda ... Read More","og_url":"http:\/\/vincentians.com\/es\/el-sentido-de-la-renovacion\/","og_site_name":"Somos Vicencianos","article_publisher":"https:\/\/www.facebook.com\/WeAreVincentians\/","article_author":"https:\/\/www.facebook.com\/JavierChento","article_published_time":"2011-09-12T03:57:33+00:00","author":"Francisco Javier Fern\u00e1ndez Chento","twitter_card":"summary_large_image","twitter_creator":"@https:\/\/twitter.com\/javierchento","twitter_site":"@WeVincentians","twitter_misc":{"Escrito por":"Francisco Javier Fern\u00e1ndez Chento","Tiempo de lectura":"28 minutos"},"schema":{"@context":"https:\/\/schema.org","@graph":[{"@type":"Article","@id":"http:\/\/vincentians.com\/es\/el-sentido-de-la-renovacion\/#article","isPartOf":{"@id":"http:\/\/vincentians.com\/es\/el-sentido-de-la-renovacion\/"},"author":{"name":"Francisco Javier Fern\u00e1ndez Chento","@id":"http:\/\/vincentians.com\/es\/#\/schema\/person\/9623ef4d9aa3b2dfb8c061f1499288f2"},"headline":"El sentido de la renovaci\u00f3n","datePublished":"2011-09-12T03:57:33+00:00","mainEntityOfPage":{"@id":"http:\/\/vincentians.com\/es\/el-sentido-de-la-renovacion\/"},"wordCount":5692,"commentCount":0,"publisher":{"@id":"http:\/\/vincentians.com\/es\/#organization"},"image":{"@id":"http:\/\/vincentians.com\/es\/el-sentido-de-la-renovacion\/#primaryimage"},"thumbnailUrl":"","keywords":["Abad de Vaux"],"articleSection":["Espiritualidad vicenciana","Hijas de la Caridad"],"inLanguage":"es","potentialAction":[{"@type":"CommentAction","name":"Comment","target":["http:\/\/vincentians.com\/es\/el-sentido-de-la-renovacion\/#respond"]}]},{"@type":"WebPage","@id":"http:\/\/vincentians.com\/es\/el-sentido-de-la-renovacion\/","url":"http:\/\/vincentians.com\/es\/el-sentido-de-la-renovacion\/","name":"El sentido de la renovaci\u00f3n - Somos Vicencianos","isPartOf":{"@id":"http:\/\/vincentians.com\/es\/#website"},"primaryImageOfPage":{"@id":"http:\/\/vincentians.com\/es\/el-sentido-de-la-renovacion\/#primaryimage"},"image":{"@id":"http:\/\/vincentians.com\/es\/el-sentido-de-la-renovacion\/#primaryimage"},"thumbnailUrl":"","datePublished":"2011-09-12T03:57:33+00:00","breadcrumb":{"@id":"http:\/\/vincentians.com\/es\/el-sentido-de-la-renovacion\/#breadcrumb"},"inLanguage":"es","potentialAction":[{"@type":"ReadAction","target":["http:\/\/vincentians.com\/es\/el-sentido-de-la-renovacion\/"]}]},{"@type":"ImageObject","inLanguage":"es","@id":"http:\/\/vincentians.com\/es\/el-sentido-de-la-renovacion\/#primaryimage","url":"","contentUrl":""},{"@type":"BreadcrumbList","@id":"http:\/\/vincentians.com\/es\/el-sentido-de-la-renovacion\/#breadcrumb","itemListElement":[{"@type":"ListItem","position":1,"name":"Portada","item":"http:\/\/vincentians.com\/es\/"},{"@type":"ListItem","position":2,"name":"El sentido de la renovaci\u00f3n"}]},{"@type":"WebSite","@id":"http:\/\/vincentians.com\/es\/#website","url":"http:\/\/vincentians.com\/es\/","name":"Somos Vicencianos","description":"Know more to serve more","publisher":{"@id":"http:\/\/vincentians.com\/es\/#organization"},"potentialAction":[{"@type":"SearchAction","target":{"@type":"EntryPoint","urlTemplate":"http:\/\/vincentians.com\/es\/?s={search_term_string}"},"query-input":{"@type":"PropertyValueSpecification","valueRequired":true,"valueName":"search_term_string"}}],"inLanguage":"es"},{"@type":"Organization","@id":"http:\/\/vincentians.com\/es\/#organization","name":"The Vincentian Network","url":"http:\/\/vincentians.com\/es\/","logo":{"@type":"ImageObject","inLanguage":"es","@id":"http:\/\/vincentians.com\/es\/#\/schema\/logo\/image\/","url":"https:\/\/i1.wp.com\/vincentians.com\/es\/wp-content\/uploads\/sites\/11\/2016\/06\/Vincentian-Network-logo-big.png?fit=778%2C778","contentUrl":"https:\/\/i1.wp.com\/vincentians.com\/es\/wp-content\/uploads\/sites\/11\/2016\/06\/Vincentian-Network-logo-big.png?fit=778%2C778","width":778,"height":778,"caption":"The Vincentian Network"},"image":{"@id":"http:\/\/vincentians.com\/es\/#\/schema\/logo\/image\/"},"sameAs":["https:\/\/www.facebook.com\/WeAreVincentians\/","https:\/\/x.com\/WeVincentians"]},{"@type":"Person","@id":"http:\/\/vincentians.com\/es\/#\/schema\/person\/9623ef4d9aa3b2dfb8c061f1499288f2","name":"Francisco Javier Fern\u00e1ndez Chento","image":{"@type":"ImageObject","inLanguage":"es","@id":"http:\/\/vincentians.com\/es\/#\/schema\/person\/image\/","url":"https:\/\/secure.gravatar.com\/avatar\/497d5cde87b4c3d097d0315953521681ba2cd523ee66e5077c3711f7021e65de?s=96&d=mm&r=g","contentUrl":"https:\/\/secure.gravatar.com\/avatar\/497d5cde87b4c3d097d0315953521681ba2cd523ee66e5077c3711f7021e65de?s=96&d=mm&r=g","caption":"Francisco Javier Fern\u00e1ndez Chento"},"description":"Director General y cofundador de La Red de Formaci\u00f3n Vicenciana. Javier es laico vicenciano, afiliado a la Congregaci\u00f3n de la Misi\u00f3n y miembro del Equipo de Misiones Populares de la provincia can\u00f3nica de Zaragoza (Espa\u00f1a) de la Congregaci\u00f3n de la Misi\u00f3n. Graduado en la Universidad Oberta de Catalunya con cuatro grados (Asistente de direcci\u00f3n, Gesti\u00f3n Administrativa, Recursos Humanos y Contabilidad Avanzada). Bil\u00edng\u00fce Espa\u00f1ol\/Ingl\u00e9s. gestiona y mantiene varias p\u00e1ginas web cristianas y vicencianas, incluida including La Red de Formaci\u00f3n Vicenciana, de la que es cofundador. Actualmente es responsable del \u00e1rea de Espa\u00f1ol de .famvin, la Red de Noticias de la Familia Vicenciana. Tambi\u00e9n es m\u00fasico cat\u00f3lico y ha editado varios discos. Es Director General y cofundador de Trovador, una reconocida compa\u00f1\u00eda discogr\u00e1fica critiana de Espa\u00f1a. Trabaja en las Tecnolog\u00edas de la Informaci\u00f3n, ofreciendo servicios de alojamiento, dise\u00f1o y mantenimiento Web, as\u00ed como asesoramiento, formaci\u00f3n y soluciones inform\u00e1ticas, gesti\u00f3n documental y digitalizaci\u00f3n de textos, edici\u00f3n y maquetaci\u00f3n de libros, revistas, flyers, etc.","sameAs":["http:\/\/chento.org","https:\/\/www.facebook.com\/JavierChento","https:\/\/x.com\/https:\/\/twitter.com\/javierchento"],"url":"http:\/\/vincentians.com\/es\/author\/chento\/"}]}},"jetpack_publicize_connections":[],"jetpack_featured_media_url":"","jetpack_sharing_enabled":true,"jetpack_shortlink":"https:\/\/wp.me\/p7ETMF-cR2","jetpack-related-posts":[{"id":387305,"url":"http:\/\/vincentians.com\/es\/power-point-en-la-renovacion-de-votos-de-las-hijas-de-la-caridad\/","url_meta":{"origin":49416,"position":0},"title":"Power Point en la renovaci\u00f3n de votos de las Hijas de la Caridad","author":"Mitxel Olabu\u00e9naga","date":"04\/04\/2016","format":false,"excerpt":"En esta fiesta de renovaci\u00f3n de votos para todas las Hijas de la Caridad del mundo, sor Mar\u00eda Vicenta, H.C. nos regala un Power Point: Un a\u00f1o m\u00e1s lo quiero compartir con toda la Familia Vicenciana. Pido al Se\u00f1or\u00a0\"Que el ejemplo de Mar\u00eda nos ayude a ser cada d\u00eda mas\u2026","rel":"","context":"En \u00abBiograf\u00edas de Hijas de la Caridad\u00bb","block_context":{"text":"Biograf\u00edas de Hijas de la Caridad","link":"http:\/\/vincentians.com\/es\/category\/la-familia-vicenciana\/biografias-vicencianas\/biografias-de-hijas-de-la-caridad\/"},"img":{"alt_text":"","src":"https:\/\/i0.wp.com\/vincentians.com\/es\/wp-content\/uploads\/sites\/11\/2016\/07\/bio-hc.jpg?fit=1200%2C630&resize=350%2C200","width":350,"height":200,"srcset":"https:\/\/i0.wp.com\/vincentians.com\/es\/wp-content\/uploads\/sites\/11\/2016\/07\/bio-hc.jpg?fit=1200%2C630&resize=350%2C200 1x, https:\/\/i0.wp.com\/vincentians.com\/es\/wp-content\/uploads\/sites\/11\/2016\/07\/bio-hc.jpg?fit=1200%2C630&resize=525%2C300 1.5x, https:\/\/i0.wp.com\/vincentians.com\/es\/wp-content\/uploads\/sites\/11\/2016\/07\/bio-hc.jpg?fit=1200%2C630&resize=700%2C400 2x, https:\/\/i0.wp.com\/vincentians.com\/es\/wp-content\/uploads\/sites\/11\/2016\/07\/bio-hc.jpg?fit=1200%2C630&resize=1050%2C600 3x"},"classes":[]},{"id":117063,"url":"http:\/\/vincentians.com\/es\/hace-350-anos-san-vicente-encontro-su-vocacion-y-la-nuestra\/","url_meta":{"origin":49416,"position":1},"title":"Hace 350 a\u00f1os San Vicente encontr\u00f3 su vocaci\u00f3n y la nuestra","author":"Francisco Javier Fern\u00e1ndez Chento","date":"26\/02\/2013","format":false,"excerpt":"No parece conveniente que pase en silencio la fecha clave de 1617 en la vida de San Vicente y de su Misi\u00f3n en la Iglesia y el mundo. Enero de 1917. \"Dios env\u00eda al Sr. Vicente una se\u00f1al de su vo\u00adcaci\u00f3n\". Un anciano colono de los Sres. de Gond\u00ed se\u2026","rel":"","context":"En \u00abEn tiempos de Vicente de Pa\u00fal\u00bb","block_context":{"text":"En tiempos de Vicente de Pa\u00fal","link":"http:\/\/vincentians.com\/es\/category\/historia-de-la-familia-vicenciana\/en-tiempos-de-vicente-de-paul\/"},"img":{"alt_text":"coraz\u00f3n","src":"https:\/\/i0.wp.com\/vicencianos.org\/wp-content\/2012\/09\/coraz%C3%B3n.jpg?resize=350%2C200","width":350,"height":200},"classes":[]},{"id":387328,"url":"http:\/\/vincentians.com\/es\/en-el-dia-de-la-renovacion-de-las-hijas-de-la-caridad\/","url_meta":{"origin":49416,"position":2},"title":"En el d\u00eda de la Renovaci\u00f3n de las Hijas de la Caridad","author":"Francisco Javier Fern\u00e1ndez Chento","date":"04\/04\/2016","format":false,"excerpt":"En este d\u00eda grande de las Hijas de la Caridad, en el que renuevan su entrega a Dios en el servicio de los pobres, recordamos el milagro permanente de su continuidad como instituci\u00f3n en la Iglesia. Vicente de Pa\u00fal, intuitivo, buen conocedor de la psicolog\u00eda femenina, profeta de su tiempo,\u2026","rel":"","context":"En \u00abHijas de la Caridad\u00bb","block_context":{"text":"Hijas de la Caridad","link":"http:\/\/vincentians.com\/es\/category\/la-familia-vicenciana\/ramas\/hijas-de-la-caridad\/"},"img":{"alt_text":"12928361_10208098168665567_6867590138201601616_n","src":"https:\/\/i0.wp.com\/vicencianos.org\/wp-content\/uploads\/2016\/04\/12928361_10208098168665567_6867590138201601616_n.jpg?resize=350%2C200","width":350,"height":200,"srcset":"https:\/\/i0.wp.com\/vicencianos.org\/wp-content\/uploads\/2016\/04\/12928361_10208098168665567_6867590138201601616_n.jpg?resize=350%2C200 1x, https:\/\/i0.wp.com\/vicencianos.org\/wp-content\/uploads\/2016\/04\/12928361_10208098168665567_6867590138201601616_n.jpg?resize=525%2C300 1.5x, https:\/\/i0.wp.com\/vicencianos.org\/wp-content\/uploads\/2016\/04\/12928361_10208098168665567_6867590138201601616_n.jpg?resize=700%2C400 2x"},"classes":[]},{"id":118011,"url":"http:\/\/vincentians.com\/es\/la-iglesia-de-los-pobres-y-la-familia-vicenciana\/","url_meta":{"origin":49416,"position":3},"title":"La Iglesia de los pobres y la familia vicenciana","author":"Francisco Javier Fern\u00e1ndez Chento","date":"27\/04\/2014","format":false,"excerpt":"El problema de los pobres y de la pobreza ocupa el primer plano en las preocupaciones de la Iglesia en nuestro tiempo, es\u00adpecialmente desde que Juan XXIII anunci\u00f3 al mundo, al abrir el Concilio Vaticano II (11 septiembre 1962) que la Iglesia era \"preferentemente de los pobres y para los\u2026","rel":"","context":"En \u00abFormaci\u00f3n Vicenciana\u00bb","block_context":{"text":"Formaci\u00f3n Vicenciana","link":"http:\/\/vincentians.com\/es\/category\/formacion-vicenciana\/"},"img":{"alt_text":"san-vicente-de-paul","src":"https:\/\/i0.wp.com\/vicencianos.org\/wp-content\/2013\/01\/san-vicente-de-paul.jpg?resize=350%2C200","width":350,"height":200},"classes":[]},{"id":116931,"url":"http:\/\/vincentians.com\/es\/el-hermano-coadjutor-de-hoy-1969\/","url_meta":{"origin":49416,"position":4},"title":"El Hermano Coadjutor de hoy (1969)","author":"Francisco Javier Fern\u00e1ndez Chento","date":"25\/11\/2018","format":false,"excerpt":"El Concilio Vaticano II sopl\u00f3 aires de renovaci\u00f3n en todos los \u00e1mbitos de la Iglesia. El mundo evolucion\u00f3 con los siglos y la Iglesia de Cristo, divina, pero al mismo tiempo anclada en este mundo, ha de acomodarse al paso de los tiempos. El Decreto \"Perfectae Caritatis\" nos dice qu\u00e9\u2026","rel":"","context":"En \u00abFormaci\u00f3n Vicenciana\u00bb","block_context":{"text":"Formaci\u00f3n Vicenciana","link":"http:\/\/vincentians.com\/es\/category\/formacion-vicenciana\/"},"img":{"alt_text":"","src":"https:\/\/i0.wp.com\/vincentians.com\/es\/wp-content\/uploads\/sites\/11\/2017\/02\/400-aniversario-carisma.jpg?fit=1200%2C630&resize=350%2C200","width":350,"height":200,"srcset":"https:\/\/i0.wp.com\/vincentians.com\/es\/wp-content\/uploads\/sites\/11\/2017\/02\/400-aniversario-carisma.jpg?fit=1200%2C630&resize=350%2C200 1x, https:\/\/i0.wp.com\/vincentians.com\/es\/wp-content\/uploads\/sites\/11\/2017\/02\/400-aniversario-carisma.jpg?fit=1200%2C630&resize=525%2C300 1.5x, https:\/\/i0.wp.com\/vincentians.com\/es\/wp-content\/uploads\/sites\/11\/2017\/02\/400-aniversario-carisma.jpg?fit=1200%2C630&resize=700%2C400 2x, https:\/\/i0.wp.com\/vincentians.com\/es\/wp-content\/uploads\/sites\/11\/2017\/02\/400-aniversario-carisma.jpg?fit=1200%2C630&resize=1050%2C600 3x"},"classes":[]},{"id":117095,"url":"http:\/\/vincentians.com\/es\/carta-de-san-vicente-a-la-iglesia-en-el-ano-de-la-fe\/","url_meta":{"origin":49416,"position":5},"title":"Carta de san Vicente a la Iglesia, en el A\u00f1o de la Fe","author":"Francisco Javier Fern\u00e1ndez Chento","date":"26\/12\/2012","format":false,"excerpt":"Queridos hijos e hijas, Laicos, Sacerdotes y Consagrados que quer\u00e9is seguir mis huellas: Yo, Vicente de Pa\u00fal, indigno Sacerdote de la Misi\u00f3n, tengo el atrevimiento de dirigirme a vosotros, que os ha tocado vivir en un mundo tan distinto y a la vez tan parecido al m\u00edo, para animaros y\u2026","rel":"","context":"En \u00abFormaci\u00f3n Cristiana\u00bb","block_context":{"text":"Formaci\u00f3n Cristiana","link":"http:\/\/vincentians.com\/es\/category\/formacion-cristiana\/"},"img":{"alt_text":"vicentepaul","src":"https:\/\/i0.wp.com\/vicencianos.org\/wp-content\/2012\/12\/vicentepaul-235x300.jpg?resize=350%2C200","width":350,"height":200},"classes":[]}],"_links":{"self":[{"href":"http:\/\/vincentians.com\/es\/wp-json\/wp\/v2\/posts\/49416","targetHints":{"allow":["GET"]}}],"collection":[{"href":"http:\/\/vincentians.com\/es\/wp-json\/wp\/v2\/posts"}],"about":[{"href":"http:\/\/vincentians.com\/es\/wp-json\/wp\/v2\/types\/post"}],"author":[{"embeddable":true,"href":"http:\/\/vincentians.com\/es\/wp-json\/wp\/v2\/users\/4"}],"replies":[{"embeddable":true,"href":"http:\/\/vincentians.com\/es\/wp-json\/wp\/v2\/comments?post=49416"}],"version-history":[{"count":0,"href":"http:\/\/vincentians.com\/es\/wp-json\/wp\/v2\/posts\/49416\/revisions"}],"wp:featuredmedia":[{"embeddable":true,"href":"http:\/\/vincentians.com\/es\/wp-json\/"}],"wp:attachment":[{"href":"http:\/\/vincentians.com\/es\/wp-json\/wp\/v2\/media?parent=49416"}],"wp:term":[{"taxonomy":"category","embeddable":true,"href":"http:\/\/vincentians.com\/es\/wp-json\/wp\/v2\/categories?post=49416"},{"taxonomy":"post_tag","embeddable":true,"href":"http:\/\/vincentians.com\/es\/wp-json\/wp\/v2\/tags?post=49416"}],"curies":[{"name":"wp","href":"https:\/\/api.w.org\/{rel}","templated":true}]}}