{"id":49391,"date":"2011-09-08T08:49:40","date_gmt":"2011-09-08T06:49:40","guid":{"rendered":"http:\/\/somos.vicencianos.org\/?p=49391"},"modified":"2016-07-26T09:44:46","modified_gmt":"2016-07-26T07:44:46","slug":"sobre-la-asociacion-de-grupos-y-personas-con-la-congregacion-de-la-mision","status":"publish","type":"post","link":"http:\/\/vincentians.com\/es\/sobre-la-asociacion-de-grupos-y-personas-con-la-congregacion-de-la-mision\/","title":{"rendered":"Sobre la Asociaci\u00f3n de grupos y personas con la Congregaci\u00f3n de la Misi\u00f3n"},"content":{"rendered":"<h2 align=\"center\"><strong>I. Status Quaestionis<\/strong><\/h2>\n<p><a href=\"https:\/\/i0.wp.com\/vicencianos.org\/wp-content\/2011\/09\/comunidaddejesus.jpg\"><img data-recalc-dims=\"1\" loading=\"lazy\" decoding=\"async\" class=\"alignright size-medium wp-image-49396\" title=\"comunidaddejesus\" src=\"https:\/\/i0.wp.com\/vicencianos.org\/wp-content\/2011\/09\/comunidaddejesus-193x300.jpg?resize=193%2C300\" alt=\"\" width=\"193\" height=\"300\" \/><\/a>La Provincia de Toulouse en su Asamblea Provincial, que tuvo lugar del 20 al 24 de Octubre de 1997, dirigi\u00f3 un postulado a la Asamblea General de 1998 y otro al Superior General. Ambos postulados ped\u00edan que reflexion\u00e1ramos sobre c\u00f3mo podr\u00edan tener alg\u00fan v\u00ednculo jur\u00eddico con la Congregaci\u00f3n de la Misi\u00f3n<span id='easy-footnote-1-49391' class='easy-footnote-margin-adjust'><\/span><span class='easy-footnote'><a href='http:\/\/vincentians.com\/es\/sobre-la-asociacion-de-grupos-y-personas-con-la-congregacion-de-la-mision\/#easy-footnote-bottom-1-49391' title='El postulado dice lo siguiente:&lt;\/p&gt;\n&lt;p&gt;1. A la Asamblea General:&lt;\/p&gt;\n&lt;p&gt;&amp;#8211; Un buen n\u00famero de di\u00e1conos casados, de los que algunos son de las Conferencias de San Vicente de Pa\u00fal, han manifestado el deseo de una relaci\u00f3n m\u00e1s estrecha con la Congregaci\u00f3n de la Misi\u00f3n.&lt;\/p&gt;\n&lt;p&gt;&amp;#8211; La Asamblea Provincial pide a la Asamblea General tome en consideraci\u00f3n este deseo y reflexione sobre el mismo.&lt;\/p&gt;\n&lt;p&gt;2. Al Superior General:&lt;\/p&gt;\n&lt;p&gt;La Asamblea Provincial pide al Superior General determine que cohermanos comprometidos en diversos ministerios y canonistas expertos , sean o no Misioneros, estudien las modalidades pr\u00e1cticas que permitir\u00edan a di\u00e1conos casados unirse con alg\u00fan lazo jur\u00eddico oficial con la Congregaci\u00f3n.'><sup>1<\/sup><\/a><\/span> los di\u00e1conos casados.<\/p>\n<p title=\"\">La Asamblea General no deliber\u00f3 sobre el contenido de esta cuesti\u00f3n. Lo pas\u00f3 al Superior General y a su Consejo, dej\u00e1ndoles completa libertad de actuar como creyeran oportuno. Como el tema era de gran inter\u00e9s para todos los miembros del consejo, decidimos llevar a cabo el estudio. Durante varios meses hemos estudiado este tema en cuatro largas sesiones del consejo a la vez que consult\u00e1bamos a canonistas, cohermanos, superiores generales, doce comunidades religiosas,<span id='easy-footnote-2-49391' class='easy-footnote-margin-adjust'><\/span><span class='easy-footnote'><a href='http:\/\/vincentians.com\/es\/sobre-la-asociacion-de-grupos-y-personas-con-la-congregacion-de-la-mision\/#easy-footnote-bottom-2-49391' title='Estoy muy agradecido a los miembros de la Curia General, que visitaron esas comunidades e hicieron intervi\u00fas, usando un cuestionario que hab\u00edamos redactado previamente.'><sup>2<\/sup><\/a><\/span> y miembros de dos dicasterios de la Santa Sede.<\/p>\n<p>Enseguida fue evidente que el tema es mucho m\u00e1s amplio que el posible v\u00ednculo de di\u00e1conos casados con la Congregaci\u00f3n de la Misi\u00f3n. Por parte de muchos grupos laicos y de personas individuales, hombres y mujeres, procedentes de diferentes ambientes y aspiraciones nos llega con frecuencia la petici\u00f3n de establecer alg\u00fan tipo de v\u00ednculo con la Congregaci\u00f3n de la Misi\u00f3n. Este estudio tratar\u00e1 pues la cuesti\u00f3n m\u00e1s amplia de asociar diversos grupos y personas con la Congregaci\u00f3n de la Misi\u00f3n; en este contexto, se responde tambi\u00e9n al postulado de la Provincia de Toulouse.<\/p>\n<p>Realmente, la Congregaci\u00f3n de la Misi\u00f3n tiene una larga historia de diversas formas de vinculaci\u00f3n con numerosos grupos: las Hijas de la Caridad, las Damas de la Caridad, la Asociaci\u00f3n de la Medalla Milagrosa, las Juventudes Marianas Vicencianas etc. Los modelos jur\u00eddicos utilizados en el pasado en las relaciones con estos grupos pueden ofrecernos luz para futuras posibilidades.<\/p>\n<p>Las reflexiones que siguen no son meramente jur\u00eddicas, ni simplemente te\u00f3ricas. Todos los consultados afirman que es importante aprender de la pr\u00e1ctica contempor\u00e1nea y que en esta cuesti\u00f3n existe actualmente gran fluidez. Por consiguiente, este estudio ofrece normas y sugerencias obtenidas de experiencias actuales en la Iglesia.<span id='easy-footnote-3-49391' class='easy-footnote-margin-adjust'><\/span><span class='easy-footnote'><a href='http:\/\/vincentians.com\/es\/sobre-la-asociacion-de-grupos-y-personas-con-la-congregacion-de-la-mision\/#easy-footnote-bottom-3-49391' title='Con gran rapidez en el desarrollo de esta cuesti\u00f3n, hay hoy muchas &lt;em&gt;quaestiones disputatae con relaci\u00f3n&lt;\/em&gt; a la ley de la Iglesia referente a las Asociaciones. La Santa sede ha ordenado un estudio sobre dichas cuestiones (v.g. La erecci\u00f3n de asociaciones p\u00fablicas y privadas).'><sup>3<\/sup><\/a><\/span>\n<h2 align=\"center\">II<strong> Algunas Presuposiciones<\/strong><\/h2>\n<ol>\n<li>Este documento no trata de las \u00abafiliaciones\u00bb, que la Congregaci\u00f3n utiliza como medio de reconocer nuestra gratitud hacia ciertas personas o grupos y de asegurarles nuestra uni\u00f3n espiritual. La \u00abafiliaci\u00f3n\u00bb no crea v\u00ednculos jur\u00eddicos entre la Congregaci\u00f3n de la Misi\u00f3n y otros grupos o personas. En los \u00faltimos a\u00f1os hemos \u00abafiliado\u00bb a muchas personas individuales, a algunos matrimonios y a cierto n\u00famero de grupos (v.g. 14 congregaciones de Hermanas de la Misericordia de San Vicente de Pa\u00fal).<\/li>\n<li>El nuevo Derecho Can\u00f3nico tiene una secci\u00f3n muy bien desarrollada sobre las \u00abAsociaciones de Cristianos\u00bb (C\u00e1nones 298-329) y otros c\u00e1nones relativos a la vinculaci\u00f3n de asociaciones con institutos de Vida Consagrada y Sociedades de Vida Apost\u00f3lica. Entre los c\u00e1nones m\u00e1s importantes que influyen en el tema de este documento se encuentran: 303, 311, 677, 725.<\/li>\n<li>Los c\u00e1nones evidencian que, tanto grupos como personas individuales, pueden asociarse con una congregaci\u00f3n por medio de alguna forma de v\u00ednculo (cf. C\u00e1nones 677 \u00a7 2 y 725). La ley habla de asociaciones \u00abaliquo modo unitis\u00bb (Canon 311) y tambi\u00e9n de personas y asociaciones que est\u00e1n unidas con nosotros \u00abaliquo vinculo determinato\u00bb (Canon 725).<\/li>\n<li>Mientras que en el funcionamiento de numerosos grupos ocupa un lugar importante los lazos jur\u00eddicos con la Congregaci\u00f3n de la Misi\u00f3n, a la que se vinculan normalmente a trav\u00e9s del Superior General, dichos v\u00ednculos no son esenciales para tener una \u00abidentidad Vicenciana\u00bb. Por ejemplo la Sociedad de San Vicente de Pa\u00fal no tiene tales v\u00ednculos; ni tampoco la actual Asociaci\u00f3n Internacional de Caridades (AIC).<\/li>\n<li>Lo que se indica m\u00e1s abajo se centra principalmente en la asociaci\u00f3n de grupos con la Congregaci\u00f3n de la Misi\u00f3n. Sin embargo, <em>mutatis mutandis<\/em>, tambi\u00e9n es aplicable a la asociaci\u00f3n de individuos<em>.<\/em><\/li>\n<li>Este estudio trata de la asociaci\u00f3n de nuevos grupos con la Congregaci\u00f3n de la Misi\u00f3n. Es muy importante, por supuesto, que las relaciones entre la Congregaci\u00f3n y los grupos ya existentes de la Familia Vicenciana se fortalezcan continuamente. En los \u00faltimos a\u00f1os se ha desarrollado entre nosotros un nuevo sentido de \u00abfamilia\u00bb que, como resultado, ha creado v\u00ednculos personales m\u00e1s profundos, oraci\u00f3n com\u00fan, reuniones frecuentes, cooperaci\u00f3n en la planificaci\u00f3n y proyectos comunes al servicio de los pobres. Para la vitalidad del carisma de San Vicente es crucial fortalecer los lazos comunes que unen a los diversos grupos de nuestra familia, preservando siempre las peculiaridades de sus distintos carismas.<\/li>\n<\/ol>\n<h2 align=\"center\"><strong>III. Algunas Ra\u00edces Teol\u00f3gicas<\/strong><\/h2>\n<p>El siglo XX ha sido testigo de la renovada participaci\u00f3n del laicado en la Iglesia. Tres acontecimientos teol\u00f3gicos han jugado un papel crucial en este sentido:<\/p>\n<ol>\n<li title=\"\">La reflexi\u00f3n sobre la Iglesia como \u00abpueblo de Dios\u00bb ha subrayado la corresponsabilidad de todos sus miembros en la vida y vitalidad de la Iglesia.<span id='easy-footnote-4-49391' class='easy-footnote-margin-adjust'><\/span><span class='easy-footnote'><a href='http:\/\/vincentians.com\/es\/sobre-la-asociacion-de-grupos-y-personas-con-la-congregacion-de-la-mision\/#easy-footnote-bottom-4-49391' title='&lt;em&gt;Lumen Gentium, 9-7.&lt;\/em&gt;'><sup>4<\/sup><\/a><\/span><\/li>\n<li title=\"\">En este contexto, la llamada universal a la santidad ha adquirido un nuevo \u00e9nfasis.<span id='easy-footnote-5-49391' class='easy-footnote-margin-adjust'><\/span><span class='easy-footnote'><a href='http:\/\/vincentians.com\/es\/sobre-la-asociacion-de-grupos-y-personas-con-la-congregacion-de-la-mision\/#easy-footnote-bottom-5-49391' title='&lt;em&gt;Ibid.,&lt;\/em&gt; 40.'><sup>5<\/sup><\/a><\/span><\/li>\n<li title=\"\">Asimismo, dado el reconocimiento de que la <em>misi\u00f3n <\/em>no es meramente una actividad de la Iglesia sino parte de su misma esencia, la teolog\u00eda contempor\u00e1nea ha puesto un renovado acento en la participaci\u00f3n de cada Cristiano en la misi\u00f3n de la Iglesia.<span id='easy-footnote-6-49391' class='easy-footnote-margin-adjust'><\/span><span class='easy-footnote'><a href='http:\/\/vincentians.com\/es\/sobre-la-asociacion-de-grupos-y-personas-con-la-congregacion-de-la-mision\/#easy-footnote-bottom-6-49391' title='&lt;em&gt;Redemptoris Missio, &lt;\/em&gt;71-74.'><sup>6<\/sup><\/a><\/span>\nNumerosos documentos conciliares<span id='easy-footnote-7-49391' class='easy-footnote-margin-adjust'><\/span><span class='easy-footnote'><a href='http:\/\/vincentians.com\/es\/sobre-la-asociacion-de-grupos-y-personas-con-la-congregacion-de-la-mision\/#easy-footnote-bottom-7-49391' title='&lt;em&gt;Apostolicam Actuositatem,&lt;\/em&gt; 2-4; &lt;em&gt;Ad Gentes Divinitus, &lt;\/em&gt;2-7.'><sup>7<\/sup><\/a><\/span> y post-conciliares han tratado estos tres temas.<span id='easy-footnote-8-49391' class='easy-footnote-margin-adjust'><\/span><span class='easy-footnote'><a href='http:\/\/vincentians.com\/es\/sobre-la-asociacion-de-grupos-y-personas-con-la-congregacion-de-la-mision\/#easy-footnote-bottom-8-49391' title='&lt;em&gt;Ecclesiae Santae,&lt;\/em&gt; 1, 18; &lt;em&gt;Evangelii Nuntiandi, &lt;\/em&gt;15, 59-60; &lt;em&gt;Christifidelis Laici,&lt;\/em&gt; 16, 51.'><sup>8<\/sup><\/a><\/span>\nRealmente, durante la historia de la Iglesia, los grupos laicos y los institutos religiosos han tenido una profunda influencia mutua. Las primeras formas de vida religiosa surgieron del deseo de los laicos de vivir radicalmente su cristianismo. La vida erem\u00edtica, la mon\u00e1stica y la mendicante, tienen todas ellas importantes ra\u00edces en el laicado.<span id='easy-footnote-9-49391' class='easy-footnote-margin-adjust'><\/span><span class='easy-footnote'><a href='http:\/\/vincentians.com\/es\/sobre-la-asociacion-de-grupos-y-personas-con-la-congregacion-de-la-mision\/#easy-footnote-bottom-9-49391' title='Cf. Marcello Zago, \u00abLaici Associati Nell\u2019Odierno Contesto Ecclesiale\u00bb en &lt;em&gt; La Vita Consacrata coll. &lt;\/em&gt;&lt;em&gt;\u00ab&lt;\/em&gt;Studi a Saggi su&lt;em&gt;:&lt;\/em&gt;\u00bb (Conferenza Italiana Superiori Maggiori: Roma, 1997) 201-215.'><sup>9<\/sup><\/a><\/span><\/li>\n<\/ol>\n<p>Por otra parte, la vida religiosa ha dado nacimiento a numerosos grupos laicos, desde las \u00f3rdenes terceras de larga existencia hasta los grupos laicos contempor\u00e1neos apost\u00f3licos y misioneros. Ha habido diversos modelos de vinculaci\u00f3n entre las asociaciones laicas y las diferentes familias religiosas.<span id='easy-footnote-10-49391' class='easy-footnote-margin-adjust'><\/span><span class='easy-footnote'><a href='http:\/\/vincentians.com\/es\/sobre-la-asociacion-de-grupos-y-personas-con-la-congregacion-de-la-mision\/#easy-footnote-bottom-10-49391' title='Para m\u00e1s bibliograf\u00eda sobre este tema, cf. Gian Franco Poli, \u00abReligioso e laici: osare la svolta\u00bb en &lt;em&gt;Vita Consacrata XXXIII &lt;\/em&gt;, ( n\u00ba 6; Noviembre\/Diciembre 1997) 648-653. En realidad cada n\u00famero de &lt;em&gt;Vita Consacrata&lt;\/em&gt; contiene informaci\u00f3n sobre nuevas formas de vida comunitaria.'><sup>10<\/sup><\/a><\/span> Por ejemplo:<\/p>\n<ol>\n<li>Los institutos m\u00e1s antiguos de hombres y mujeres con frecuencia fundaron ordenes terceras aprobadas por la Iglesia. Sus miembros han llegado a ser muy numerosos. Tales grupos se centran particularmente en la espiritualidad de los fundadores de los Institutos. Entre ellos son notables los de los Franciscanos y Carmelitas.<span id='easy-footnote-11-49391' class='easy-footnote-margin-adjust'><\/span><span class='easy-footnote'><a href='http:\/\/vincentians.com\/es\/sobre-la-asociacion-de-grupos-y-personas-con-la-congregacion-de-la-mision\/#easy-footnote-bottom-11-49391' title='Hay otras muchas \u00f3rdenes tercera, ej. Dominicos, Agustinos, M\u00ednimos, Mercedarios, Servitas, etc. Cf. &lt;em&gt;Vita Consacrata, &lt;\/em&gt;54&lt;em&gt;.&lt;\/em&gt;'><sup>11<\/sup><\/a><\/span><\/li>\n<li>Los Institutos cuyo fin es la misi\u00f3n <em>ad gentes<\/em> han fundado con frecuencia, especialmente en los a\u00f1os recientes, asociaciones laicas que colaboran en pa\u00edses de misi\u00f3n. Estos Institutos ofrecen a los misioneros laicos un programa de formaci\u00f3n antes de ser enviados por un periodo de servicio a un pa\u00eds extranjero. Los misioneros laicos trabajan en estrecha relaci\u00f3n o incluso insertos en la misma comunidad, y se comprometen a una serie de normas claras (incluso un contrato) para el desarrollo de su vida, misi\u00f3n y necesidades materiales. Entre estos son notables los voluntarios laicos de Maryknoll. Otro ejemplo es MISEVI (Misioneros Seglares Vicentinos).<\/li>\n<li>Los Institutos de ense\u00f1anza u otras comunidades con fines apost\u00f3licos muy determinados, como la salud, han formado asociaciones de colaboradores laicos que comparten la espiritualidad y el carisma del fundador; estos participan tambi\u00e9n en el trabajo apost\u00f3lico espec\u00edfico del instituto. Los Jesuitas, por ejemplo, tienen un gran n\u00famero de asociaciones de alumnos de sus colegios.<\/li>\n<li>Los institutos apost\u00f3licos internacionales con muchos \u00abfamiliares\u00bb (grupos que viven en el esp\u00edritu del mismo fundador) han puesto \u00e9nfasis en el sentido de \u00abfamilia\u00bb. Los miembros de la familia comparten la espiritualidad del fundador, participan en trabajos apost\u00f3licos con una misma visi\u00f3n, se unen en proyectos misioneros concretos y desarrollan medios de formaci\u00f3n compartidos y de ayuda mutua. Entre estos, adem\u00e1s de nuestra Familia Vicenciana, est\u00e1n los Oblatos de Mar\u00eda Inmaculada y los Palotinos.<\/li>\n<li>Un quinto grupo de Institutos tiene, por su mismo carisma, una historia continua de formaci\u00f3n y de colaboraci\u00f3n con grupos laicos. Los salesianos son quiz\u00e1s el m\u00e1s claro ejemplo de quienes, desde el tiempo de Don Bosco, tienen estrechos lazos con asociaciones laicas para las que \u00e9l mismo compuso una regla.<\/li>\n<li>Hoy existen \u00abnuevas Fundaciones\u00bb,<span id='easy-footnote-12-49391' class='easy-footnote-margin-adjust'><\/span><span class='easy-footnote'><a href='http:\/\/vincentians.com\/es\/sobre-la-asociacion-de-grupos-y-personas-con-la-congregacion-de-la-mision\/#easy-footnote-bottom-12-49391' title='Cf. &lt;em&gt;Vita Consacrata,&lt;\/em&gt; 62; tambi\u00e9n 12, 54-56.'><sup>12<\/sup><\/a><\/span> a veces compuestas de cl\u00e9rigos y laicos, hombres y mujeres, casados y c\u00e9libes. Dichos grupos poseen una variedad de configuraciones jur\u00eddicas. Sus compromisos a la vida evang\u00e9lica adoptan diversas formas y normalmente se caracterizan por un gran \u00e9nfasis en la comunidad, la oraci\u00f3n y la sencillez de vida. A los miembros, incluidos los matrimonios, se les ofrece la oportunidad de emitir los votos de castidad, pobreza y obediencia en formas apropiadas a su estado de vida.<span id='easy-footnote-13-49391' class='easy-footnote-margin-adjust'><\/span><span class='easy-footnote'><a href='http:\/\/vincentians.com\/es\/sobre-la-asociacion-de-grupos-y-personas-con-la-congregacion-de-la-mision\/#easy-footnote-bottom-13-49391' title='Cf. &lt;em&gt;Vita Consacrata, &lt;\/em&gt;62.'><sup>13<\/sup><\/a><\/span> A veces se a\u00f1aden otros votos.<span id='easy-footnote-14-49391' class='easy-footnote-margin-adjust'><\/span><span class='easy-footnote'><a href='http:\/\/vincentians.com\/es\/sobre-la-asociacion-de-grupos-y-personas-con-la-congregacion-de-la-mision\/#easy-footnote-bottom-14-49391' title='Miembros del Oasi della Pace, por ejemplo, hacen voto de \u00abser paz e interceder por la paz\u00bb.'><sup>14<\/sup><\/a><\/span> Ejemplos de esas \u00abnuevas fundaciones\u00bb son Verbum Dei fundada en Espa\u00f1a en 1969,<span id='easy-footnote-15-49391' class='easy-footnote-margin-adjust'><\/span><span class='easy-footnote'><a href='http:\/\/vincentians.com\/es\/sobre-la-asociacion-de-grupos-y-personas-con-la-congregacion-de-la-mision\/#easy-footnote-bottom-15-49391' title='Juan Mart\u00ednez S\u00e1ez, \u00abFraternit\u00e0 \u2018Verbum Dei\u2019\u00bb in &lt;em&gt;Vita Consacrata &lt;\/em&gt;XXXIV (n\u00ba 1; Enero\/Febrero 1998) 87-97).'><sup>15<\/sup><\/a><\/span> la Comunidad de las Bienaventuranzas fundada en Francia en 1973,<span id='easy-footnote-16-49391' class='easy-footnote-margin-adjust'><\/span><span class='easy-footnote'><a href='http:\/\/vincentians.com\/es\/sobre-la-asociacion-de-grupos-y-personas-con-la-congregacion-de-la-mision\/#easy-footnote-bottom-16-49391' title='\u00abLa Comunit\u00e0 delle Beatitudine compie 25 anni\u00bb en &lt;em&gt;Vita Consacrata &lt;\/em&gt;XXXIV (N\u00ba 6; Noviembre\/Diciembre 1998) 647-657.'><sup>16<\/sup><\/a><\/span> y el Oasi della Pace fundada en Italia en 1985.<span id='easy-footnote-17-49391' class='easy-footnote-margin-adjust'><\/span><span class='easy-footnote'><a href='http:\/\/vincentians.com\/es\/sobre-la-asociacion-de-grupos-y-personas-con-la-congregacion-de-la-mision\/#easy-footnote-bottom-17-49391' title='\u00abCommunit\u00e0 mariana \u2018Oasi della Pace\u2019\u00bb en &lt;em&gt;Vita Consacrata &lt;\/em&gt;XXXIV (n\u00ba 2; Marzo\/Abril 1998) 181-196.'><sup>17<\/sup><\/a><\/span><\/li>\n<\/ol>\n<h2 align=\"center\"><strong>IV. L\u00edneas de Convergencia<\/strong><\/h2>\n<p>Examinando las diversas formas de v\u00ednculos entre las asociaciones laicas y los institutos religiosos y Sociedades de Vida Apost\u00f3lica, emergen algunas l\u00edneas de convergencia.<\/p>\n<ol>\n<li>Varios estudios<span id='easy-footnote-18-49391' class='easy-footnote-margin-adjust'><\/span><span class='easy-footnote'><a href='http:\/\/vincentians.com\/es\/sobre-la-asociacion-de-grupos-y-personas-con-la-congregacion-de-la-mision\/#easy-footnote-bottom-18-49391' title='D. Nygren y M. Ukeritis. &lt;em&gt;The Future of the Religious Orders in the United States&lt;\/em&gt; (Prager Press; Conn. , 1993) 251; Albert di Ianni, \u00abVocaciones Religiosas: Nuevos Signos de los Tiempos\u00bb, &lt;em&gt;Review for Religious &lt;\/em&gt;52 (#5; Septiembre-Octubre, 1993) 745-763; cf., Catherine Bertrand, \u00abCommon Threads \u2014Are We Weaving Or Unraveling?\u00bb; Marcello Zago, &lt;em&gt;op. cit.&lt;\/em&gt;'><sup>18<\/sup><\/a><\/span> atestiguan que los j\u00f3venes, al asociarse con institutos, buscan especialmente tres cosas:<\/li>\n<ol>\n<li><em>Espiritualidad<\/em>. Ans\u00edan una visi\u00f3n del mundo que tenga sentido, plena y vivificante.<\/li>\n<li><em>Un sentido de pertenencia. <\/em> Quieren enfrentarse a los desaf\u00edos del futuro <em>con los dem\u00e1s<\/em>. Esta dimensi\u00f3n <em>comunitaria<\/em> se demuestra en diversos modos en las relaciones entre las asociaciones laicas y los institutos religiosos. A veces se expresa por el trabajo en equipo, con los miembros de las asociaciones laicas trabajando mano a mano con los miembros del instituto. Otras veces, toma la forma de reuniones peri\u00f3dicas, orando juntos, compartiendo de vez en cuando las comidas, o incluso viviendo juntos.<\/li>\n<li><em>Una misi\u00f3n apost\u00f3lica bien definida<\/em>. Buscan una misi\u00f3n que d\u00e9 una respuesta concreta a algunas de las grandes necesidades humanas.<\/li>\n<\/ol>\n<li>El carisma <em>particular<\/em> del instituto tiene un papel crucial en todo v\u00ednculo.<span id='easy-footnote-19-49391' class='easy-footnote-margin-adjust'><\/span><span class='easy-footnote'><a href='http:\/\/vincentians.com\/es\/sobre-la-asociacion-de-grupos-y-personas-con-la-congregacion-de-la-mision\/#easy-footnote-bottom-19-49391' title='Cf. &lt;em&gt;Vita Consacrata,&lt;\/em&gt; 54-56.'><sup>19<\/sup><\/a><\/span> A veces sobresalen algunos aspectos del carisma; v.g. la espiritualidad del fundador, su enfoque misionero, el estilo de vida propuesto, etc. Por ejemplo, en la relaci\u00f3n entre una asociaci\u00f3n laica y un instituto misionero el \u00e9nfasis puede basarse en la colaboraci\u00f3n en las obras misioneras. Los institutos contemplativos y sus asociados laicos pueden centrarse m\u00e1s en la oraci\u00f3n. Los mendicantes y sus \u00f3rdenes terceras pueden poner el acento en el estilo de vida. Los grupos asociados con los Jesuitas con frecuencia subrayan los Ejercicios y el m\u00e9todo de discernimiento Ignacianos.<\/li>\n<li>Hoy se pone un considerable \u00e9nfasis en <em>familias,<\/em> cuyas diversas ramas \u2014masculinas y femeninas, laicos y religiosos \u2014 se complementan unos a otros al subrayar la importancia de la espiritualidad, comuni\u00f3n, y mutua cooperaci\u00f3n en proyectos concretos. Nuestra Asamblea General de 1998 puso gran \u00e9nfasis en este tema. Los Palotinos, que tuvieron su cap\u00edtulo general poco despu\u00e9s del nuestro, lo enfocaron en el mismo tema.<\/li>\n<li>Hoy se reafirma constantemente el car\u00e1cter <em>laical<\/em> de la mayor\u00eda de dichas asociaciones. Es esencial que las asociaciones de laicos no sean \u00abclericalizadas\u00bb o dominadas por los institutos religiosos. Al buscar los miembros laicos compartir el carisma de un fundador religioso, es muy importante que la espiritualidad del fundador y su intuici\u00f3n se traduzcan a formas aplicables a la vida de los laicos.<\/li>\n<li>Existe un gran \u00e9nfasis, producto de la experiencia, sobre la necesidad de respetar la <em>autonom\u00eda<\/em> de ambas, la asociaci\u00f3n laica y el instituto religioso. Cada uno tiene sus propios estatutos, sus l\u00edderes, su propio proceso de toma de decisiones, etc.<\/li>\n<li>Todos subrayan que la cuesti\u00f3n <em>econ\u00f3mica<\/em> se debe tratar con claridad en los estatutos de las asociaciones laicas y en cualquier documento que defina los v\u00ednculos entre la asociaci\u00f3n y el instituto religioso.<\/li>\n<li>La <em>formaci\u00f3n y admisi\u00f3n <\/em>de asociados debe seguir un proceso serio. Por lo tanto, debe haber un periodo de formaci\u00f3n<span id='easy-footnote-20-49391' class='easy-footnote-margin-adjust'><\/span><span class='easy-footnote'><a href='http:\/\/vincentians.com\/es\/sobre-la-asociacion-de-grupos-y-personas-con-la-congregacion-de-la-mision\/#easy-footnote-bottom-20-49391' title='La espiritualidad de una Asociaci\u00f3n con lazos con la Congregaci\u00f3n de la Misi\u00f3n debe basarse, t\u00edpicamente, en estos pilares:\n&lt;ol&gt;\n&lt;li&gt;El seguimiento de Cristo como Siervo y Evangelizador de los pobres.&lt;\/li&gt;\n&lt;li&gt;Caridad efectiva y concreta vivida en sencillez y humildad.&lt;\/li&gt;\n&lt;li&gt;Un compromiso bien expl\u00edcito de oraci\u00f3n diaria (ej. Algunas oraciones vocales acompa\u00f1adas por un periodo de oraci\u00f3n mental, con un m\u00e9todo de meditaci\u00f3n).&lt;\/li&gt;\n&lt;li&gt;Inter\u00e9s y apoyo mutuos.&lt;\/li&gt;\n&lt;\/ol&gt;\n&lt;p&gt;El programa de formaci\u00f3n de dicha asociaci\u00f3n debe incluir instrucci\u00f3n b\u00e1sica sobre la espiritualidad del Nuevo Testamento (Jes\u00fas y la proclamaci\u00f3n del Reino de Dios, la llamada a la conversi\u00f3n, la misi\u00f3n, la caridad pr\u00e1ctica, el perd\u00f3n de los dem\u00e1s, la fe, la confianza en la providencia, la dedicaci\u00f3n a la verdad, la mortificaci\u00f3n, etc.) e instrucci\u00f3n y experiencia del carisma Vicenciano. Ofrecer\u00e1 a los dem\u00e1s una espiritualidad apost\u00f3lica Vicenciana como base para servir bien a los pobres y comprensi\u00f3n de la doctrina social de la Iglesia.&lt;\/p&gt;\n&lt;p&gt;Normalmente debe existir un proceso de formaci\u00f3n bien definido antes de la entrada formal en la Asociaci\u00f3n. Normalmente esto tiene lugar durante un periodo establecido de tiempo, al t\u00e9rmino del cual los miembros ser\u00e1n admitidos formalmente.'><sup>20<\/sup><\/a><\/span> cuidadosamente programado y alg\u00fan tipo de petici\u00f3n de admisi\u00f3n oficial que es evaluado y aprobado por alguna persona o grupo. En el caso de personas casadas, es absolutamente necesario el consentimiento del esposo\/a. Si existen contratos, debe estipularse con toda claridad el periodo de tiempo de servicio de la persona, los aspectos econ\u00f3micos, etc.<\/li>\n<li>La <em>organizaci\u00f3n de la estructura<\/em> de las asociaciones es muy variada. A veces se limitan a un \u00e1rea local concreta, otras veces a un pa\u00eds y otras son internacionales.<\/li>\n<li title=\"\">Finalmente se formula<em> un estatuto <\/em>o<em> regla, <\/em>en el que se describen los fines, la espiritualidad, el proceso de admisi\u00f3n, los compromisos de los miembros, los apostolados, y la estructura de la organizaci\u00f3n de tales grupos. Muchos grupos, como los asociados con los Salesianos, los Palotinos, los Oblatos de Mar\u00eda Inmaculada, los Espiritanos, la Sociedad de San Pablo (Paolini) y la Sociedad de Misioneras de \u00c1frica (SMA) tienen estatutos que ya han sido aprobados o est\u00e1n en proceso de aprobaci\u00f3n.<span id='easy-footnote-21-49391' class='easy-footnote-margin-adjust'><\/span><span class='easy-footnote'><a href='http:\/\/vincentians.com\/es\/sobre-la-asociacion-de-grupos-y-personas-con-la-congregacion-de-la-mision\/#easy-footnote-bottom-21-49391' title='Cf. C\u00e1nones 312-314.'><sup>21<\/sup><\/a><\/span><\/li>\n<\/ol>\n<h2 style=\"text-align: center\"><strong><\/strong><strong>Algunos principios para vincular grupos o personas<\/strong><strong> con la Congregaci\u00f3n de la Misi\u00f3n<\/strong><\/h2>\n<p><strong> <\/strong>Se pueden considerar tres casos: a) la vinculaci\u00f3n de una asociaci\u00f3n ya existente \u00abaliquo vinculo determinato\u00bb a la Congregaci\u00f3n de la Misi\u00f3n; b) la creaci\u00f3n de una asociaci\u00f3n y la consiguiente uni\u00f3n a la Congregaci\u00f3n; c) la vinculaci\u00f3n de una persona individual o de varias a la Congregaci\u00f3n de la Misi\u00f3n \u00abaliquo vinculo determinato\u00bb.<\/p>\n<ol>\n<li>En los tres casos, es importante constatar que la asociaci\u00f3n o persona tiene:<\/li>\n<ol>\n<li>una espiritualidad Vicenciana bien definida;<\/li>\n<li>una misi\u00f3n claramente definida hacia los pobres, ya sea por el servicio directo o a trav\u00e9s de alguna forma de apoyo material o espiritual;<\/li>\n<li>algunas forma bien determinada de apoyo comunitario, por medio de la oraci\u00f3n, reuniones, trabajo en equipo u otros intercambios sociales;<\/li>\n<li>un punto de contacto local (v.g. un misionero C.M. como asesor local, o relaci\u00f3n con un centro en, o cerca de, una casa de las Hijas de la Caridad o de la Congregaci\u00f3n de la Misi\u00f3n, etc.);<\/li>\n<li>la posibilidad de diversas formas de participaci\u00f3n; v.g. tiempo parcial o completo, soltero o casado;<\/li>\n<li>Una noci\u00f3n clara de la distinci\u00f3n entre miembro de una asociaci\u00f3n y miembro de la Congregaci\u00f3n de la Misi\u00f3n, cada grupo tiene su propia identidad jur\u00eddica;<\/li>\n<li>normas claras referentes a los aspectos econ\u00f3micos (v.g. indicando c\u00f3mo se obtienen los fondos necesarios).<\/li>\n<\/ol>\n<li>Los miembros de dichas asociaciones, o individuos, pueden hacer compromisos b\u00e1sicos:<\/li>\n<ol>\n<li>al servicio de los pobres (v.g. alg\u00fan tiempo determinado semanalmente);<\/li>\n<li>oraci\u00f3n personal diaria, y quiz\u00e1s algunos periodos determinados de oraci\u00f3n en com\u00fan con otros miembros del grupo;<\/li>\n<li>reuniones de apoyo mutuo, formaci\u00f3n permanente, y tomas de decisiones referente al servicio a los pobres.<\/li>\n<\/ol>\n<li>Se puede estimular a otros compromisos opcionales, si las personas determinadas desean comprometerse a ellos (v.g. voto privado de servicio a los pobres, voto privado de castidad, etc.). Estos votos privados podr\u00edan ser anuales y dispensados por un confesor.<\/li>\n<li>Tambi\u00e9n es posible contemplar, especialmente para los j\u00f3venes, compromisos temporales con alguna forma de vida com\u00fan.<\/li>\n<\/ol>\n<h2 align=\"center\"><strong>Formulaci\u00f3n de Estatutos<\/strong><\/h2>\n<p>Finalmente la Asociaci\u00f3n formula sus estatutos que, como se indica en los C\u00e1nones 303 y 312, son aprobados por alguna autoridad de la Iglesia. En las asociaciones caracter\u00edsticamente Vicencianas, esta autoridad es inicialmente el Visitador, para su Provincia, y finalmente el Superior General.<\/p>\n<p>Los miembros de la asociaci\u00f3n de ning\u00fan modo son jur\u00eddicamente \u00abmiembros\u00bb de la Congregaci\u00f3n de la Misi\u00f3n. Sin embargo, deben existir entre los miembros de la Congregaci\u00f3n de la Misi\u00f3n y los de la asociaci\u00f3n fuertes v\u00ednculos. Los miembros de la Congregaci\u00f3n de la Misi\u00f3n pueden apoyar a la asociaci\u00f3n del modo siguiente:<\/p>\n<ul>\n<li>ayud\u00e1ndoles en la formaci\u00f3n permanente de sus miembros;<\/li>\n<li>ofreci\u00e9ndoles consejo en sus reuniones;<\/li>\n<li>ofreci\u00e9ndoles oportunidades de servicio en el contexto de nuestras obras,<\/li>\n<li>orando con los miembros de la Asociaci\u00f3n;<\/li>\n<li>compartiendo con ellos otros momentos de la vida.<\/li>\n<\/ul>\n<h2 align=\"center\"><strong>Poner en pr\u00e1ctica estas reflexiones<\/strong><\/h2>\n<ol>\n<li>Depender\u00e1 en gran parte de la creatividad y del trabajo de quienes est\u00e1n comprometidos en el di\u00e1logo inicial sobre esta cuesti\u00f3n (v.g. un cohermano determinado y el grupo de laicos que desean asociarse con la Congregaci\u00f3n de la Misi\u00f3n). Muchos Superiores Generales afirman que, a menudo, las personas expresan el deseo de alguna forma de v\u00ednculo, pero con frecuencia ese deseo permanece vago y no se llega a nada porque falla el trabajar en la cuesti\u00f3n con perseverancia y concreci\u00f3n.<br \/>\nSan Vicente nos ofrece un buen ejemplo de perseverancia y de concreci\u00f3n en estos asuntos. \u00c9l escribi\u00f3 cuidadosamente los estatutos para las Cofrad\u00edas de la Caridad por \u00e9l fundadas. Con trabajo paciente consigui\u00f3 la aprobaci\u00f3n de las bastante revolucionarias reglas de la Compa\u00f1\u00eda de las Hijas de la Caridad.<\/li>\n<li>El primer paso es sentarse con la persona o grupo de personas que expresan el deseo de alg\u00fan tipo de v\u00ednculo con la Congregaci\u00f3n de la Misi\u00f3n y preguntarle: \u00bfQu\u00e9 es exactamente lo que buscan? \u00bfDesean unirse a nosotros en el apostolado? \u00bfen la oraci\u00f3n? \u00bfcon alguna clase de participaci\u00f3n en algunos aspectos de nuestra vida comunitaria? Si fuera esto \u00faltimo \u00bfen qu\u00e9 aspectos? \u00bfcon qu\u00e9 frecuencia?, etc.<br \/>\nTodo esto se debe escribir con gran claridad y espec\u00edficamente. Cualquier cosa que finalmente se haga debe tener como punto de partida el deseo expreso de quienes desean establecer alguna forma de v\u00ednculo con la Congregaci\u00f3n de la Misi\u00f3n.<\/li>\n<li>Es importante, desde el comienzo del di\u00e1logo, evitar confundir dos realidades diversas: a) la asociaci\u00f3n (o persona) que se vincula \u00abaliquo vinculo determinato\u00bb a la Congregaci\u00f3n de la Misi\u00f3n; y b) la Congregaci\u00f3n de la Misi\u00f3n.<\/li>\n<li>Todas las responsabilidades financieras deben constar claramente por escrito. Las asociaciones laicas deben tener su propio medio de financiar sus actividades. No se ha de considerar a la Congregaci\u00f3n de la Misi\u00f3n como responsable de la econom\u00eda de la asociaci\u00f3n ni de las acciones de sus miembros o de las familias de sus miembros.<\/li>\n<li>Un buen ejemplo reciente de c\u00f3mo se han de seguir estos cuatro pasos se puede ver en los Estatutos de MISEVI.<span id='easy-footnote-22-49391' class='easy-footnote-margin-adjust'><\/span><span class='easy-footnote'><a href='http:\/\/vincentians.com\/es\/sobre-la-asociacion-de-grupos-y-personas-con-la-congregacion-de-la-mision\/#easy-footnote-bottom-22-49391' title='Cf. \u00abEstatutos de MISEVI\u00bb en &lt;em&gt;Vincentiana&lt;\/em&gt; XLII (n\u00ba 3, Mayo-Junio 1998) 141-149.'><sup>22<\/sup><\/a><\/span> Esta Asociaci\u00f3n, que ofrece oportunidades a las misioneros laicos Vicencianos (solteros o casados) de trabajar en diversos pa\u00edses durante un n\u00famero de a\u00f1os, despu\u00e9s de un largo di\u00e1logo tiene ya sus estatutos aprobados el 5 de Julio de 1997. Actualmente funciona con gran efectividad, con una excepcional espiritualidad Vicenciana y con v\u00ednculos bien definidos con la Familia Vicenciana.<\/li>\n<li>Entre las posibilidades sugeridas se encuentra, a veces, la de que un laico vicenciano haga votos; v.g. voto de servicio a los pobres. Si se examina esta posibilidad con un grupo o individuo, es mejor hablar de un voto privado. Debe haber una descripci\u00f3n muy concreta de lo que tal voto encierra, su duraci\u00f3n, y c\u00f3mo puede ser dispensado.<\/li>\n<li>Una de las formas de vincular a las asociaciones con la Congregaci\u00f3n de la Misi\u00f3n, sin confundir las dos realidades, ha sido a trav\u00e9s de la persona del Superior General, que ha desempe\u00f1ado el servicio de Director General de la Asociaci\u00f3n. Este modelo es el utilizado ya en muchos grupos, v.g. la Asociaci\u00f3n de Damas de la Caridad en su origen (aunque el estatuto jur\u00eddico actual de la AIC es diverso), la Asociaci\u00f3n de la Medalla Milagrosa, los grupos de Juventudes Marianas Vicencianas, MISEVI, etc. San Vicente y Santa Luisa usaron igualmente esta f\u00f3rmula para vincular a las Hijas de la Caridad y la Congregaci\u00f3n de la Misi\u00f3n, ambas Sociedades de Vida Apost\u00f3lica, y miembros de una familia con muchos lazos en com\u00fan.<\/li>\n<\/ol>\n<h2 align=\"center\"><strong>La Vinculaci\u00f3n<\/strong> <strong>de di\u00e1conos permanentes casados con la Congregaci\u00f3n de la Misi\u00f3n<\/strong><\/h2>\n<p>Gran parte de lo dicho m\u00e1s arriba nos ofrece luz sobre el postulado dirigido al Superior General por la Provincia de Toulouse pidi\u00e9ndole que promueva un estudio en que se investiguen medios por los que di\u00e1conos casados podr\u00edan unirse a la Congregaci\u00f3n de la Misi\u00f3n con alg\u00fan v\u00ednculo jur\u00eddico.<\/p>\n<p>Hasta el presente las peticiones para esa clase de v\u00ednculo han sido relativamente pocas, pero pueden aumentar en el futuro. Cuando un misionero recibe tal petici\u00f3n, los pasos apropiados son los siguientes:<\/p>\n<ol>\n<li>Debe dialogar con el di\u00e1cono o grupo de di\u00e1conos y dirigirles preguntas como las indicadas en la secci\u00f3n precedente (cf., VII, 2). Los resultados de esta conversaci\u00f3n deben ponerse por escrito. Sin un cuidadoso di\u00e1logo con vistas a discernir exactamente lo que el di\u00e1cono (o grupo) desea, el proceso no llegar\u00e1 a ninguna parte.<\/li>\n<li>Cuando ya se ha hecho un informe claro, expresando lo que el di\u00e1cono casado desea concretamente en t\u00e9rminos de vinculaci\u00f3n con la Congregaci\u00f3n, este debe ser presentado a la autoridad competente, v.g. al Visitador y quiz\u00e1s m\u00e1s adelante al Superior General, a fin de que se formule cuidadosamente un estatuto en el que se describa la clase de vinculaci\u00f3n que se desea y los mutuos derechos y responsabilidades del di\u00e1cono casado y de la Congregaci\u00f3n de la Misi\u00f3n. Aunque un di\u00e1cono casado no pueda ser incorporado como miembro de la Congregaci\u00f3n de la Misi\u00f3n, existen otras clases de vinculaci\u00f3n posibles. Para la incorporaci\u00f3n, son necesarios los votos de la Congregaci\u00f3n (C 57), as\u00ed como un compromiso de vida comunitaria (C 21).<\/li>\n<li>Al estar los di\u00e1conos permanentes incardinados en una di\u00f3cesis, debe haber absoluta claridad sobre las mutuas responsabilidades del obispo, en cuya di\u00f3cesis est\u00e1n incardinados, y de la Congregaci\u00f3n de la Misi\u00f3n con quien buscan alguna forma de v\u00ednculo.<\/li>\n<li>Como se indica m\u00e1s arriba (IV, 7), es un requisito imprescindible el consentimiento \u2014y mejor a\u00fan, el est\u00edmulo y apoyo\u2014 de la esposa del di\u00e1cono.<\/li>\n<li>Para la vinculaci\u00f3n de <em>di\u00e1conos individuales, <\/em>se debe hacer redactar un contrato claro donde se describan los derechos y obligaciones del individuo y los de la Congregaci\u00f3n de la Misi\u00f3n as\u00ed como el tiempo del contrato. En dicho contrato se deben estipular asuntos como la formaci\u00f3n, el apostolado, la oraci\u00f3n, el apoyo comunitario, las reuniones, las relaciones con la autoridad y las condiciones econ\u00f3micas.<\/li>\n<li>Si el n\u00famero de di\u00e1conos casados que buscan alg\u00fan tipo de v\u00ednculo aumentara considerablemente, se podr\u00eda pensar en la creaci\u00f3n de una asociaci\u00f3n con un estatuto internacional aplicable en diferentes pa\u00edses. Dicho estatuto podr\u00eda desarrollarse desde la experiencia, bas\u00e1ndose en las actuales circunstancias de vinculaci\u00f3n, durante cierto n\u00famero de a\u00f1os, en diversos pa\u00edses.<\/li>\n<\/ol>\n<h2 align=\"center\"><strong>Posibilidades Futuras<\/strong><\/h2>\n<p><strong> <\/strong>San Vicente fue muy creativo y a la vez bien organizado, moviliz\u00f3 las energ\u00edas de muchas personas y grupos al servicio de los pobres. Al concluir este estudio, apremio a los miembros de la Familia Vicenciana a ser igualmente inventivos.<\/p>\n<p>M\u00e1s abajo les sugiero algunas posibilidades. Ciertamente existen otras muchas que los lectores pueden contemplar.<\/p>\n<ol>\n<li>Miles de laicos, hombres y mujeres, trabajan con los misioneros de la Congregaci\u00f3n de la Misi\u00f3n y con las Hijas de la Caridad en obras educativas directamente dirigidas a estudiantes de todas las edades, desde la escuela materna hasta la universidad. Recientemente ha llegado a la mesa de mi despacho numerosa informaci\u00f3n referente a estas personas e instituciones. En Octubre de 1997 en Curitiba, Brasil, hubo una reuni\u00f3n sobre el tema: \u00abEducadores Vicentinos en el Contexto Mundial\u00bb. En 1997, Sor Luisa Sullivan, H.C., public\u00f3 una obra titulada \u00abLos valores esenciales de la Educaci\u00f3n Vicenciana\u00bb.<span id='easy-footnote-23-49391' class='easy-footnote-margin-adjust'><\/span><span class='easy-footnote'><a href='http:\/\/vincentians.com\/es\/sobre-la-asociacion-de-grupos-y-personas-con-la-congregacion-de-la-mision\/#easy-footnote-bottom-23-49391' title='Este estudio fue publicado por DePaul University, 1 East Jackson Boulevard, Chicago, Illinois 60604-2287.'><sup>23<\/sup><\/a><\/span> Los cohermanos del Colegio San Estanislao en Bathurst, Australia, publicaron un documento titulado \u00abFilosof\u00eda Vicenciana de la Educaci\u00f3n Secundaria\u00bb. Los misioneros C.M. y las Hijas de la Caridad de Espa\u00f1a han publicado un folleto titulado \u00abPropuesta Educativa de los Centros Educativos Vicencianos\u00bb. Nuestras universidades Vicencianas tienen tambi\u00e9n documentos que describen el significado del patrocinio de estas instituciones. \u00bfSe podr\u00eda formar una asociaci\u00f3n para nuestros colaboradores en el campo de la educaci\u00f3n, ofreci\u00e9ndoles una espiritualidad Vicenciana, fines apost\u00f3licos, formas de oraci\u00f3n, etc.?<\/li>\n<li>Un gran n\u00famero de hombres y mujeres laicos, en el que se incluyen muchos doctores y enfermeros, trabajan con las Hijas de la Caridad en instituciones sanitarias. Muchas de estas instituciones han hecho elocuentes declaraciones sobre el car\u00e1cter Vicenciano de su misi\u00f3n. Con frecuencia estas mismas instituciones luchan por ser fieles a esa misi\u00f3n en una \u00e9poca en que la legislaci\u00f3n sanitaria ha aumentado el peligro de la burocratizaci\u00f3n y despersonalizaci\u00f3n de los procedimientos en el campo sanitario. \u00bfSe podr\u00eda concebir un grupo de \u00abAsociados Sanitarios Vicencianos\u00bb que miraran a los pobres con los ojos de San Vicente, les amaran con su coraz\u00f3n y les sirvieran con su esp\u00edritu?<\/li>\n<li>MISEVI, m\u00e1s arriba mencionada (VII, 5), ofrece un modelo posible para enviar voluntarios a misiones (hombres y mujeres, casados y solteros). Sus estatutos fueron aprobados para Espa\u00f1a. \u00bfPodr\u00edan otros pa\u00edses adoptar estatutos similares y ofrecer a los laicos, hombres y mujeres, la oportunidad de ofrecer un servicio con esp\u00edritu vicenciano en un pa\u00eds de misi\u00f3n por un periodo entre tres y cinco a\u00f1os?<\/li>\n<li>La Congregaci\u00f3n de la Misi\u00f3n tiene centros para la formaci\u00f3n de l\u00edderes laicos en varios pa\u00edses (v.g., el Centro H\u00e9ctor Gallego en Volc\u00e1n, Panam\u00e1, donde se forman un gran n\u00famero de agentes de pastoral). Con frecuencia ellos son el principal agente pastoral en los pueblos y en las Comunidades Cristianas de Base. A veces estos l\u00edderes no tienen un v\u00ednculo especial con la di\u00f3cesis ni con ning\u00fan otro grupo. \u00bfPodr\u00eda formarse una asociaci\u00f3n llamada \u00abAgentes de Pastoral Vicencianos\u00bb que pueda ofrecer a esos laicos, hombres y mujeres, una espiritualidad vicenciana, perspectiva pastoral, etc.?<\/li>\n<li>En algunos pa\u00edses, tanto en el pasado como actualmente, algunos laicos, hombres y mujeres, han ofrecido su generoso servicio sin aspirar a ser formalmente \u00abmiembros\u00bb de la Congregaci\u00f3n de la Misi\u00f3n o de las Hijas de la Caridad. Varios nombres (v.g. <em>los donados<\/em> en Espa\u00f1a) describen a dichas personas. Recientemente recib\u00ed una carta de la India pregunt\u00e1ndome si un grupo de mujeres similar a este podr\u00eda vincularse formalmente con las Hijas de la Caridad. \u00bfSe podr\u00eda establecer un estatuto para dichas personas?<\/li>\n<li>Con cierta frecuencia, un laico soltero o un matrimonio se presentan y est\u00e1n deseosos de dar una parte importante, o todo, de su tiempo al servicio de los pobres. \u00bfPodr\u00eda hacerse un estatuto, titulado \u00abAsociados Vicencianos\u00bb?, que definiese, <em>mutatis mutandis<\/em> en diferentes pa\u00edses, qu\u00e9 se puede ofrecer a dichas personas individuales o matrimonios y qu\u00e9 se deber\u00eda esperar de ellos? El estatuto podr\u00eda, finalmente, ser escrito en forma de contrato por el individuo o el matrimonio interesados.<\/li>\n<li>Hoy los laicos, hombres y mujeres, solteros y casados, con frecuencia cooperan con nosotros en las misiones populares. \u00bfPodr\u00edan dichas personas tener un v\u00ednculo m\u00e1s formal con la Congregaci\u00f3n de la Misi\u00f3n, ofreci\u00e9ndoles la oportunidad de compartir m\u00e1s plenamente nuestra espiritualidad?<\/li>\n<li>A veces empleados, alumnos de nuestros colegios y antiguos seminaristas permanecen estrechamente unidos con la Congregaci\u00f3n y expresan su deseo de tener v\u00ednculos m\u00e1s estrechos. \u00bfPodr\u00eda ofrec\u00e9rseles alguna forma de v\u00ednculo?<\/li>\n<\/ol>\n<p>Por supuesto, cuando se presentan estas posibilidades, se puede pensar inmediatamente en muchos problemas. Hoy la ley civil crea con frecuencia complicaciones, especialmente en el campo de la responsabilidad. Esto hace m\u00e1s indispensable la redacci\u00f3n cuidadosa de los estatutos y la obtenci\u00f3n de un buen asesoramiento legal, a fin de que la Congregaci\u00f3n y quienes se vinculen con ella est\u00e9n adecuadamente protegidos ante la ley.<\/p>\n<p>La financiaci\u00f3n de la vida y misi\u00f3n de los asociados laicos es ciertamente un tema muy delicado.<\/p>\n<p>Estos problemas pueden desanimarnos inicialmente, pero es \u00fatil recordar que San Vicente se encontr\u00f3 con dificultades similares. En su tiempo, cuando intent\u00f3 establecer las Hijas de la Caridad como Sociedad Apost\u00f3lica, los obst\u00e1culos can\u00f3nicos pod\u00edan parecerle casi insuperables, especialmente cuando su amigo, San Francisco de Sales, hac\u00eda poco hab\u00eda fracasado en su intento de liberar a las religiosas de la Visitaci\u00f3n del claustro. San Vicente, con paciencia, encontr\u00f3 una soluci\u00f3n legal viable. \u00c9l supo asimismo encontrar soluciones para el sostenimiento econ\u00f3mico de las innumerables obras que emprendi\u00f3.<\/p>\n<p>\u00a1Espero que nosotros podamos ser hoy igualmente creativos!<\/p>\n","protected":false},"excerpt":{"rendered":"<p>I. Status Quaestionis La Provincia de Toulouse en su Asamblea Provincial, que tuvo lugar del 20 al 24 de Octubre de 1997, dirigi\u00f3 un postulado a la Asamblea General de 1998 y otro al Superior &#8230; <a href=\"http:\/\/vincentians.com\/es\/sobre-la-asociacion-de-grupos-y-personas-con-la-congregacion-de-la-mision\/\" class=\"more-link\">Read More<\/a><\/p>\n","protected":false},"author":4,"featured_media":49396,"comment_status":"open","ping_status":"open","sticky":false,"template":"","format":"standard","meta":{"jetpack_post_was_ever_published":false,"_jetpack_newsletter_access":"","_jetpack_dont_email_post_to_subs":false,"_jetpack_newsletter_tier_id":0,"_jetpack_memberships_contains_paywalled_content":false,"_jetpack_memberships_contains_paid_content":false,"footnotes":"","jetpack_publicize_message":"","jetpack_publicize_feature_enabled":true,"jetpack_social_post_already_shared":true,"jetpack_social_options":{"image_generator_settings":{"template":"highway","default_image_id":0,"font":"","enabled":false},"version":2}},"categories":[16],"tags":[195,176],"class_list":["post-49391","post","type-post","status-publish","format-standard","has-post-thumbnail","hentry","category-congregacion-de-la-mision","tag-misioneros-seglares","tag-misiones-populares"],"yoast_head":"<!-- This site is optimized with the Yoast SEO plugin v26.3 - https:\/\/yoast.com\/wordpress\/plugins\/seo\/ -->\n<title>Sobre la Asociaci\u00f3n de grupos y personas con la Congregaci\u00f3n de la Misi\u00f3n - Somos Vicencianos<\/title>\n<meta name=\"robots\" content=\"index, follow, max-snippet:-1, max-image-preview:large, max-video-preview:-1\" \/>\n<link rel=\"canonical\" href=\"http:\/\/vincentians.com\/es\/sobre-la-asociacion-de-grupos-y-personas-con-la-congregacion-de-la-mision\/\" \/>\n<meta property=\"og:locale\" content=\"es_ES\" \/>\n<meta property=\"og:type\" content=\"article\" \/>\n<meta property=\"og:title\" content=\"Sobre la Asociaci\u00f3n de grupos y personas con la Congregaci\u00f3n de la Misi\u00f3n - Somos Vicencianos\" \/>\n<meta property=\"og:description\" content=\"I. Status Quaestionis La Provincia de Toulouse en su Asamblea Provincial, que tuvo lugar del 20 al 24 de Octubre de 1997, dirigi\u00f3 un postulado a la Asamblea General de 1998 y otro al Superior ... Read More\" \/>\n<meta property=\"og:url\" content=\"http:\/\/vincentians.com\/es\/sobre-la-asociacion-de-grupos-y-personas-con-la-congregacion-de-la-mision\/\" \/>\n<meta property=\"og:site_name\" content=\"Somos Vicencianos\" \/>\n<meta property=\"article:publisher\" content=\"https:\/\/www.facebook.com\/WeAreVincentians\/\" \/>\n<meta property=\"article:author\" content=\"https:\/\/www.facebook.com\/JavierChento\" \/>\n<meta property=\"article:published_time\" content=\"2011-09-08T06:49:40+00:00\" \/>\n<meta property=\"article:modified_time\" content=\"2016-07-26T07:44:46+00:00\" \/>\n<meta name=\"author\" content=\"Francisco Javier Fern\u00e1ndez Chento\" \/>\n<meta name=\"twitter:card\" content=\"summary_large_image\" \/>\n<meta name=\"twitter:creator\" content=\"@https:\/\/twitter.com\/javierchento\" \/>\n<meta name=\"twitter:site\" content=\"@WeVincentians\" \/>\n<meta name=\"twitter:label1\" content=\"Escrito por\" \/>\n\t<meta name=\"twitter:data1\" content=\"Francisco Javier Fern\u00e1ndez Chento\" \/>\n\t<meta name=\"twitter:label2\" content=\"Tiempo de lectura\" \/>\n\t<meta name=\"twitter:data2\" content=\"28 minutos\" \/>\n<script type=\"application\/ld+json\" class=\"yoast-schema-graph\">{\"@context\":\"https:\/\/schema.org\",\"@graph\":[{\"@type\":\"Article\",\"@id\":\"http:\/\/vincentians.com\/es\/sobre-la-asociacion-de-grupos-y-personas-con-la-congregacion-de-la-mision\/#article\",\"isPartOf\":{\"@id\":\"http:\/\/vincentians.com\/es\/sobre-la-asociacion-de-grupos-y-personas-con-la-congregacion-de-la-mision\/\"},\"author\":{\"name\":\"Francisco Javier Fern\u00e1ndez Chento\",\"@id\":\"http:\/\/vincentians.com\/es\/#\/schema\/person\/9623ef4d9aa3b2dfb8c061f1499288f2\"},\"headline\":\"Sobre la Asociaci\u00f3n de grupos y personas con la Congregaci\u00f3n de la Misi\u00f3n\",\"datePublished\":\"2011-09-08T06:49:40+00:00\",\"dateModified\":\"2016-07-26T07:44:46+00:00\",\"mainEntityOfPage\":{\"@id\":\"http:\/\/vincentians.com\/es\/sobre-la-asociacion-de-grupos-y-personas-con-la-congregacion-de-la-mision\/\"},\"wordCount\":5629,\"commentCount\":0,\"publisher\":{\"@id\":\"http:\/\/vincentians.com\/es\/#organization\"},\"image\":{\"@id\":\"http:\/\/vincentians.com\/es\/sobre-la-asociacion-de-grupos-y-personas-con-la-congregacion-de-la-mision\/#primaryimage\"},\"thumbnailUrl\":\"\",\"keywords\":[\"Misioneros Seglares\",\"Misiones Populares\"],\"articleSection\":[\"Congregaci\u00f3n de la Misi\u00f3n\"],\"inLanguage\":\"es\",\"potentialAction\":[{\"@type\":\"CommentAction\",\"name\":\"Comment\",\"target\":[\"http:\/\/vincentians.com\/es\/sobre-la-asociacion-de-grupos-y-personas-con-la-congregacion-de-la-mision\/#respond\"]}]},{\"@type\":\"WebPage\",\"@id\":\"http:\/\/vincentians.com\/es\/sobre-la-asociacion-de-grupos-y-personas-con-la-congregacion-de-la-mision\/\",\"url\":\"http:\/\/vincentians.com\/es\/sobre-la-asociacion-de-grupos-y-personas-con-la-congregacion-de-la-mision\/\",\"name\":\"Sobre la Asociaci\u00f3n de grupos y personas con la Congregaci\u00f3n de la Misi\u00f3n - Somos Vicencianos\",\"isPartOf\":{\"@id\":\"http:\/\/vincentians.com\/es\/#website\"},\"primaryImageOfPage\":{\"@id\":\"http:\/\/vincentians.com\/es\/sobre-la-asociacion-de-grupos-y-personas-con-la-congregacion-de-la-mision\/#primaryimage\"},\"image\":{\"@id\":\"http:\/\/vincentians.com\/es\/sobre-la-asociacion-de-grupos-y-personas-con-la-congregacion-de-la-mision\/#primaryimage\"},\"thumbnailUrl\":\"\",\"datePublished\":\"2011-09-08T06:49:40+00:00\",\"dateModified\":\"2016-07-26T07:44:46+00:00\",\"breadcrumb\":{\"@id\":\"http:\/\/vincentians.com\/es\/sobre-la-asociacion-de-grupos-y-personas-con-la-congregacion-de-la-mision\/#breadcrumb\"},\"inLanguage\":\"es\",\"potentialAction\":[{\"@type\":\"ReadAction\",\"target\":[\"http:\/\/vincentians.com\/es\/sobre-la-asociacion-de-grupos-y-personas-con-la-congregacion-de-la-mision\/\"]}]},{\"@type\":\"ImageObject\",\"inLanguage\":\"es\",\"@id\":\"http:\/\/vincentians.com\/es\/sobre-la-asociacion-de-grupos-y-personas-con-la-congregacion-de-la-mision\/#primaryimage\",\"url\":\"\",\"contentUrl\":\"\"},{\"@type\":\"BreadcrumbList\",\"@id\":\"http:\/\/vincentians.com\/es\/sobre-la-asociacion-de-grupos-y-personas-con-la-congregacion-de-la-mision\/#breadcrumb\",\"itemListElement\":[{\"@type\":\"ListItem\",\"position\":1,\"name\":\"Portada\",\"item\":\"http:\/\/vincentians.com\/es\/\"},{\"@type\":\"ListItem\",\"position\":2,\"name\":\"Sobre la Asociaci\u00f3n de grupos y personas con la Congregaci\u00f3n de la Misi\u00f3n\"}]},{\"@type\":\"WebSite\",\"@id\":\"http:\/\/vincentians.com\/es\/#website\",\"url\":\"http:\/\/vincentians.com\/es\/\",\"name\":\"Somos Vicencianos\",\"description\":\"Know more to serve more\",\"publisher\":{\"@id\":\"http:\/\/vincentians.com\/es\/#organization\"},\"potentialAction\":[{\"@type\":\"SearchAction\",\"target\":{\"@type\":\"EntryPoint\",\"urlTemplate\":\"http:\/\/vincentians.com\/es\/?s={search_term_string}\"},\"query-input\":{\"@type\":\"PropertyValueSpecification\",\"valueRequired\":true,\"valueName\":\"search_term_string\"}}],\"inLanguage\":\"es\"},{\"@type\":\"Organization\",\"@id\":\"http:\/\/vincentians.com\/es\/#organization\",\"name\":\"The Vincentian Network\",\"url\":\"http:\/\/vincentians.com\/es\/\",\"logo\":{\"@type\":\"ImageObject\",\"inLanguage\":\"es\",\"@id\":\"http:\/\/vincentians.com\/es\/#\/schema\/logo\/image\/\",\"url\":\"https:\/\/i1.wp.com\/vincentians.com\/es\/wp-content\/uploads\/sites\/11\/2016\/06\/Vincentian-Network-logo-big.png?fit=778%2C778\",\"contentUrl\":\"https:\/\/i1.wp.com\/vincentians.com\/es\/wp-content\/uploads\/sites\/11\/2016\/06\/Vincentian-Network-logo-big.png?fit=778%2C778\",\"width\":778,\"height\":778,\"caption\":\"The Vincentian Network\"},\"image\":{\"@id\":\"http:\/\/vincentians.com\/es\/#\/schema\/logo\/image\/\"},\"sameAs\":[\"https:\/\/www.facebook.com\/WeAreVincentians\/\",\"https:\/\/x.com\/WeVincentians\"]},{\"@type\":\"Person\",\"@id\":\"http:\/\/vincentians.com\/es\/#\/schema\/person\/9623ef4d9aa3b2dfb8c061f1499288f2\",\"name\":\"Francisco Javier Fern\u00e1ndez Chento\",\"image\":{\"@type\":\"ImageObject\",\"inLanguage\":\"es\",\"@id\":\"http:\/\/vincentians.com\/es\/#\/schema\/person\/image\/\",\"url\":\"https:\/\/secure.gravatar.com\/avatar\/497d5cde87b4c3d097d0315953521681ba2cd523ee66e5077c3711f7021e65de?s=96&d=mm&r=g\",\"contentUrl\":\"https:\/\/secure.gravatar.com\/avatar\/497d5cde87b4c3d097d0315953521681ba2cd523ee66e5077c3711f7021e65de?s=96&d=mm&r=g\",\"caption\":\"Francisco Javier Fern\u00e1ndez Chento\"},\"description\":\"Director General y cofundador de La Red de Formaci\u00f3n Vicenciana. Javier es laico vicenciano, afiliado a la Congregaci\u00f3n de la Misi\u00f3n y miembro del Equipo de Misiones Populares de la provincia can\u00f3nica de Zaragoza (Espa\u00f1a) de la Congregaci\u00f3n de la Misi\u00f3n. Graduado en la Universidad Oberta de Catalunya con cuatro grados (Asistente de direcci\u00f3n, Gesti\u00f3n Administrativa, Recursos Humanos y Contabilidad Avanzada). Bil\u00edng\u00fce Espa\u00f1ol\/Ingl\u00e9s. gestiona y mantiene varias p\u00e1ginas web cristianas y vicencianas, incluida including La Red de Formaci\u00f3n Vicenciana, de la que es cofundador. Actualmente es responsable del \u00e1rea de Espa\u00f1ol de .famvin, la Red de Noticias de la Familia Vicenciana. Tambi\u00e9n es m\u00fasico cat\u00f3lico y ha editado varios discos. Es Director General y cofundador de Trovador, una reconocida compa\u00f1\u00eda discogr\u00e1fica critiana de Espa\u00f1a. Trabaja en las Tecnolog\u00edas de la Informaci\u00f3n, ofreciendo servicios de alojamiento, dise\u00f1o y mantenimiento Web, as\u00ed como asesoramiento, formaci\u00f3n y soluciones inform\u00e1ticas, gesti\u00f3n documental y digitalizaci\u00f3n de textos, edici\u00f3n y maquetaci\u00f3n de libros, revistas, flyers, etc.\",\"sameAs\":[\"http:\/\/chento.org\",\"https:\/\/www.facebook.com\/JavierChento\",\"https:\/\/x.com\/https:\/\/twitter.com\/javierchento\"],\"url\":\"http:\/\/vincentians.com\/es\/author\/chento\/\"}]}<\/script>\n<!-- \/ Yoast SEO plugin. -->","yoast_head_json":{"title":"Sobre la Asociaci\u00f3n de grupos y personas con la Congregaci\u00f3n de la Misi\u00f3n - Somos Vicencianos","robots":{"index":"index","follow":"follow","max-snippet":"max-snippet:-1","max-image-preview":"max-image-preview:large","max-video-preview":"max-video-preview:-1"},"canonical":"http:\/\/vincentians.com\/es\/sobre-la-asociacion-de-grupos-y-personas-con-la-congregacion-de-la-mision\/","og_locale":"es_ES","og_type":"article","og_title":"Sobre la Asociaci\u00f3n de grupos y personas con la Congregaci\u00f3n de la Misi\u00f3n - Somos Vicencianos","og_description":"I. Status Quaestionis La Provincia de Toulouse en su Asamblea Provincial, que tuvo lugar del 20 al 24 de Octubre de 1997, dirigi\u00f3 un postulado a la Asamblea General de 1998 y otro al Superior ... Read More","og_url":"http:\/\/vincentians.com\/es\/sobre-la-asociacion-de-grupos-y-personas-con-la-congregacion-de-la-mision\/","og_site_name":"Somos Vicencianos","article_publisher":"https:\/\/www.facebook.com\/WeAreVincentians\/","article_author":"https:\/\/www.facebook.com\/JavierChento","article_published_time":"2011-09-08T06:49:40+00:00","article_modified_time":"2016-07-26T07:44:46+00:00","author":"Francisco Javier Fern\u00e1ndez Chento","twitter_card":"summary_large_image","twitter_creator":"@https:\/\/twitter.com\/javierchento","twitter_site":"@WeVincentians","twitter_misc":{"Escrito por":"Francisco Javier Fern\u00e1ndez Chento","Tiempo de lectura":"28 minutos"},"schema":{"@context":"https:\/\/schema.org","@graph":[{"@type":"Article","@id":"http:\/\/vincentians.com\/es\/sobre-la-asociacion-de-grupos-y-personas-con-la-congregacion-de-la-mision\/#article","isPartOf":{"@id":"http:\/\/vincentians.com\/es\/sobre-la-asociacion-de-grupos-y-personas-con-la-congregacion-de-la-mision\/"},"author":{"name":"Francisco Javier Fern\u00e1ndez Chento","@id":"http:\/\/vincentians.com\/es\/#\/schema\/person\/9623ef4d9aa3b2dfb8c061f1499288f2"},"headline":"Sobre la Asociaci\u00f3n de grupos y personas con la Congregaci\u00f3n de la Misi\u00f3n","datePublished":"2011-09-08T06:49:40+00:00","dateModified":"2016-07-26T07:44:46+00:00","mainEntityOfPage":{"@id":"http:\/\/vincentians.com\/es\/sobre-la-asociacion-de-grupos-y-personas-con-la-congregacion-de-la-mision\/"},"wordCount":5629,"commentCount":0,"publisher":{"@id":"http:\/\/vincentians.com\/es\/#organization"},"image":{"@id":"http:\/\/vincentians.com\/es\/sobre-la-asociacion-de-grupos-y-personas-con-la-congregacion-de-la-mision\/#primaryimage"},"thumbnailUrl":"","keywords":["Misioneros Seglares","Misiones Populares"],"articleSection":["Congregaci\u00f3n de la Misi\u00f3n"],"inLanguage":"es","potentialAction":[{"@type":"CommentAction","name":"Comment","target":["http:\/\/vincentians.com\/es\/sobre-la-asociacion-de-grupos-y-personas-con-la-congregacion-de-la-mision\/#respond"]}]},{"@type":"WebPage","@id":"http:\/\/vincentians.com\/es\/sobre-la-asociacion-de-grupos-y-personas-con-la-congregacion-de-la-mision\/","url":"http:\/\/vincentians.com\/es\/sobre-la-asociacion-de-grupos-y-personas-con-la-congregacion-de-la-mision\/","name":"Sobre la Asociaci\u00f3n de grupos y personas con la Congregaci\u00f3n de la Misi\u00f3n - Somos Vicencianos","isPartOf":{"@id":"http:\/\/vincentians.com\/es\/#website"},"primaryImageOfPage":{"@id":"http:\/\/vincentians.com\/es\/sobre-la-asociacion-de-grupos-y-personas-con-la-congregacion-de-la-mision\/#primaryimage"},"image":{"@id":"http:\/\/vincentians.com\/es\/sobre-la-asociacion-de-grupos-y-personas-con-la-congregacion-de-la-mision\/#primaryimage"},"thumbnailUrl":"","datePublished":"2011-09-08T06:49:40+00:00","dateModified":"2016-07-26T07:44:46+00:00","breadcrumb":{"@id":"http:\/\/vincentians.com\/es\/sobre-la-asociacion-de-grupos-y-personas-con-la-congregacion-de-la-mision\/#breadcrumb"},"inLanguage":"es","potentialAction":[{"@type":"ReadAction","target":["http:\/\/vincentians.com\/es\/sobre-la-asociacion-de-grupos-y-personas-con-la-congregacion-de-la-mision\/"]}]},{"@type":"ImageObject","inLanguage":"es","@id":"http:\/\/vincentians.com\/es\/sobre-la-asociacion-de-grupos-y-personas-con-la-congregacion-de-la-mision\/#primaryimage","url":"","contentUrl":""},{"@type":"BreadcrumbList","@id":"http:\/\/vincentians.com\/es\/sobre-la-asociacion-de-grupos-y-personas-con-la-congregacion-de-la-mision\/#breadcrumb","itemListElement":[{"@type":"ListItem","position":1,"name":"Portada","item":"http:\/\/vincentians.com\/es\/"},{"@type":"ListItem","position":2,"name":"Sobre la Asociaci\u00f3n de grupos y personas con la Congregaci\u00f3n de la Misi\u00f3n"}]},{"@type":"WebSite","@id":"http:\/\/vincentians.com\/es\/#website","url":"http:\/\/vincentians.com\/es\/","name":"Somos Vicencianos","description":"Know more to serve more","publisher":{"@id":"http:\/\/vincentians.com\/es\/#organization"},"potentialAction":[{"@type":"SearchAction","target":{"@type":"EntryPoint","urlTemplate":"http:\/\/vincentians.com\/es\/?s={search_term_string}"},"query-input":{"@type":"PropertyValueSpecification","valueRequired":true,"valueName":"search_term_string"}}],"inLanguage":"es"},{"@type":"Organization","@id":"http:\/\/vincentians.com\/es\/#organization","name":"The Vincentian Network","url":"http:\/\/vincentians.com\/es\/","logo":{"@type":"ImageObject","inLanguage":"es","@id":"http:\/\/vincentians.com\/es\/#\/schema\/logo\/image\/","url":"https:\/\/i1.wp.com\/vincentians.com\/es\/wp-content\/uploads\/sites\/11\/2016\/06\/Vincentian-Network-logo-big.png?fit=778%2C778","contentUrl":"https:\/\/i1.wp.com\/vincentians.com\/es\/wp-content\/uploads\/sites\/11\/2016\/06\/Vincentian-Network-logo-big.png?fit=778%2C778","width":778,"height":778,"caption":"The Vincentian Network"},"image":{"@id":"http:\/\/vincentians.com\/es\/#\/schema\/logo\/image\/"},"sameAs":["https:\/\/www.facebook.com\/WeAreVincentians\/","https:\/\/x.com\/WeVincentians"]},{"@type":"Person","@id":"http:\/\/vincentians.com\/es\/#\/schema\/person\/9623ef4d9aa3b2dfb8c061f1499288f2","name":"Francisco Javier Fern\u00e1ndez Chento","image":{"@type":"ImageObject","inLanguage":"es","@id":"http:\/\/vincentians.com\/es\/#\/schema\/person\/image\/","url":"https:\/\/secure.gravatar.com\/avatar\/497d5cde87b4c3d097d0315953521681ba2cd523ee66e5077c3711f7021e65de?s=96&d=mm&r=g","contentUrl":"https:\/\/secure.gravatar.com\/avatar\/497d5cde87b4c3d097d0315953521681ba2cd523ee66e5077c3711f7021e65de?s=96&d=mm&r=g","caption":"Francisco Javier Fern\u00e1ndez Chento"},"description":"Director General y cofundador de La Red de Formaci\u00f3n Vicenciana. Javier es laico vicenciano, afiliado a la Congregaci\u00f3n de la Misi\u00f3n y miembro del Equipo de Misiones Populares de la provincia can\u00f3nica de Zaragoza (Espa\u00f1a) de la Congregaci\u00f3n de la Misi\u00f3n. Graduado en la Universidad Oberta de Catalunya con cuatro grados (Asistente de direcci\u00f3n, Gesti\u00f3n Administrativa, Recursos Humanos y Contabilidad Avanzada). Bil\u00edng\u00fce Espa\u00f1ol\/Ingl\u00e9s. gestiona y mantiene varias p\u00e1ginas web cristianas y vicencianas, incluida including La Red de Formaci\u00f3n Vicenciana, de la que es cofundador. Actualmente es responsable del \u00e1rea de Espa\u00f1ol de .famvin, la Red de Noticias de la Familia Vicenciana. Tambi\u00e9n es m\u00fasico cat\u00f3lico y ha editado varios discos. Es Director General y cofundador de Trovador, una reconocida compa\u00f1\u00eda discogr\u00e1fica critiana de Espa\u00f1a. Trabaja en las Tecnolog\u00edas de la Informaci\u00f3n, ofreciendo servicios de alojamiento, dise\u00f1o y mantenimiento Web, as\u00ed como asesoramiento, formaci\u00f3n y soluciones inform\u00e1ticas, gesti\u00f3n documental y digitalizaci\u00f3n de textos, edici\u00f3n y maquetaci\u00f3n de libros, revistas, flyers, etc.","sameAs":["http:\/\/chento.org","https:\/\/www.facebook.com\/JavierChento","https:\/\/x.com\/https:\/\/twitter.com\/javierchento"],"url":"http:\/\/vincentians.com\/es\/author\/chento\/"}]}},"jetpack_publicize_connections":[],"jetpack_featured_media_url":"","jetpack_sharing_enabled":true,"jetpack_shortlink":"https:\/\/wp.me\/p7ETMF-cQD","jetpack-related-posts":[{"id":140032,"url":"http:\/\/vincentians.com\/es\/las-asambleas-generales-en-la-congregacion-de-la-mision-historia-y-resultados\/","url_meta":{"origin":49391,"position":0},"title":"Las Asambleas Generales en la Congregaci\u00f3n de la Misi\u00f3n: Historia y Resultados","author":"Mitxel Olabu\u00e9naga","date":"20\/02\/2015","format":false,"excerpt":"Introducci\u00f3n La autoridad suprema en la Congregaci\u00f3n, su asamblea general, ha sido crucial para su desarrollo y direcci\u00f3n. En su casi cuatro siglos de existencia, la Congregaci\u00f3n ha celebrado cuarenta y uno de estos encuentros, el primero fue en 1661. Vicente mismo, sin embargo, celebr\u00f3 asambleas preliminares en 1642 y\u2026","rel":"","context":"En \u00abHistoria de la Congregaci\u00f3n de la Misi\u00f3n\u00bb","block_context":{"text":"Historia de la Congregaci\u00f3n de la Misi\u00f3n","link":"http:\/\/vincentians.com\/es\/category\/historia-de-la-familia-vicenciana\/historia-de-la-congregacion-de-la-mision\/"},"img":{"alt_text":"logocm","src":"https:\/\/i0.wp.com\/vicencianos.org\/wp-content\/2011\/12\/logocm-245x300.png?resize=350%2C200","width":350,"height":200},"classes":[]},{"id":109351,"url":"http:\/\/vincentians.com\/es\/origenes-italianos-de-la-consagracion-de-la-mision-en-espana\/","url_meta":{"origin":49391,"position":1},"title":"Or\u00edgenes italianos de la Congregaci\u00f3n de la Misi\u00f3n en Espa\u00f1a","author":"Mitxel Olabu\u00e9naga","date":"10\/06\/2021","format":false,"excerpt":"En una PRIMERA PARTE del presente estudio es nuestro deber se\u00f1alar con toda claridad las diversas etapas que integran el primer per\u00edodo de la historia vicenciana de Espa\u00f1a, el per\u00edodo de la fundaci\u00f3n y de sus primeros setenta a\u00f1os, en que dependi\u00f3 del tronco vicenciano italiano, del cual proced\u00eda. ETAPA\u2026","rel":"","context":"En \u00abHistoria de la Congregaci\u00f3n de la Misi\u00f3n\u00bb","block_context":{"text":"Historia de la Congregaci\u00f3n de la Misi\u00f3n","link":"http:\/\/vincentians.com\/es\/category\/historia-de-la-familia-vicenciana\/historia-de-la-congregacion-de-la-mision\/"},"img":{"alt_text":"","src":"https:\/\/i0.wp.com\/vincentians.com\/es\/wp-content\/uploads\/sites\/11\/2016\/09\/espiritu-de-jesus.jpg?fit=1200%2C630&resize=350%2C200","width":350,"height":200,"srcset":"https:\/\/i0.wp.com\/vincentians.com\/es\/wp-content\/uploads\/sites\/11\/2016\/09\/espiritu-de-jesus.jpg?fit=1200%2C630&resize=350%2C200 1x, https:\/\/i0.wp.com\/vincentians.com\/es\/wp-content\/uploads\/sites\/11\/2016\/09\/espiritu-de-jesus.jpg?fit=1200%2C630&resize=525%2C300 1.5x, https:\/\/i0.wp.com\/vincentians.com\/es\/wp-content\/uploads\/sites\/11\/2016\/09\/espiritu-de-jesus.jpg?fit=1200%2C630&resize=700%2C400 2x, https:\/\/i0.wp.com\/vincentians.com\/es\/wp-content\/uploads\/sites\/11\/2016\/09\/espiritu-de-jesus.jpg?fit=1200%2C630&resize=1050%2C600 3x"},"classes":[]},{"id":124582,"url":"http:\/\/vincentians.com\/es\/los-miembros-de-la-congregacion-de-la-mision-emiten-votos-ii\/","url_meta":{"origin":49391,"position":2},"title":"Los miembros de la Congregaci\u00f3n de la Misi\u00f3n emiten votos (II)","author":"Francisco Javier Fern\u00e1ndez Chento","date":"03\/07\/2023","format":false,"excerpt":"LA F\u00d3RMULA DE LOS VOTOS Yo NN, indigno (sacerdote, cl\u00e9rigo, hermano) de la Congregaci\u00f3n de la Misi\u00f3n... (C 58). 22. Junto a la Ordenanza de los votos, aprobada por el arzobispo de Par\u00eds en 1641 (cf. X, 346), fue tambi\u00e9n aprobada la f\u00f3rmula de los votos que conoce\u00admos por el\u2026","rel":"","context":"En \u00abFormaci\u00f3n Vicenciana\u00bb","block_context":{"text":"Formaci\u00f3n Vicenciana","link":"http:\/\/vincentians.com\/es\/category\/formacion-vicenciana\/"},"img":{"alt_text":"","src":"https:\/\/i0.wp.com\/vincentians.com\/es\/wp-content\/uploads\/sites\/11\/2016\/10\/400es-01-copy.png?fit=1200%2C936&resize=350%2C200","width":350,"height":200,"srcset":"https:\/\/i0.wp.com\/vincentians.com\/es\/wp-content\/uploads\/sites\/11\/2016\/10\/400es-01-copy.png?fit=1200%2C936&resize=350%2C200 1x, https:\/\/i0.wp.com\/vincentians.com\/es\/wp-content\/uploads\/sites\/11\/2016\/10\/400es-01-copy.png?fit=1200%2C936&resize=525%2C300 1.5x, https:\/\/i0.wp.com\/vincentians.com\/es\/wp-content\/uploads\/sites\/11\/2016\/10\/400es-01-copy.png?fit=1200%2C936&resize=700%2C400 2x, https:\/\/i0.wp.com\/vincentians.com\/es\/wp-content\/uploads\/sites\/11\/2016\/10\/400es-01-copy.png?fit=1200%2C936&resize=1050%2C600 3x"},"classes":[]},{"id":132188,"url":"http:\/\/vincentians.com\/es\/louis-de-bras-c-m-1678-1761-viii-superior-general\/","url_meta":{"origin":49391,"position":3},"title":"Louis de Bras, C.M. (1678-1761) (VIII Superior General)","author":"Mitxel Olabu\u00e9naga","date":"31\/12\/2014","format":false,"excerpt":"Nace en Montdidier cerca de Folleville, en la di\u00f3cesis de Amiens en el a\u00f1o 1678. Despu\u00e9s de su ordenaci\u00f3n sacerdotal es destinado a la educaci\u00f3n, sucesivamente, en Sed\u00e1n, Toul y Saint-Flour. Durante 23 a\u00f1os fue superior en Tours. Particip\u00f3 en las asambleas generales de 1734 y 1736 como diputado de\u2026","rel":"","context":"En \u00abBiograf\u00edas de Misioneros Pa\u00fales\u00bb","block_context":{"text":"Biograf\u00edas de Misioneros Pa\u00fales","link":"http:\/\/vincentians.com\/es\/category\/la-familia-vicenciana\/biografias-vicencianas\/biografias-de-misioneros-paules\/"},"img":{"alt_text":"","src":"https:\/\/i0.wp.com\/vincentians.com\/es\/wp-content\/uploads\/sites\/11\/2016\/07\/bio-cm.jpg?fit=1200%2C630&resize=350%2C200","width":350,"height":200,"srcset":"https:\/\/i0.wp.com\/vincentians.com\/es\/wp-content\/uploads\/sites\/11\/2016\/07\/bio-cm.jpg?fit=1200%2C630&resize=350%2C200 1x, https:\/\/i0.wp.com\/vincentians.com\/es\/wp-content\/uploads\/sites\/11\/2016\/07\/bio-cm.jpg?fit=1200%2C630&resize=525%2C300 1.5x, https:\/\/i0.wp.com\/vincentians.com\/es\/wp-content\/uploads\/sites\/11\/2016\/07\/bio-cm.jpg?fit=1200%2C630&resize=700%2C400 2x, https:\/\/i0.wp.com\/vincentians.com\/es\/wp-content\/uploads\/sites\/11\/2016\/07\/bio-cm.jpg?fit=1200%2C630&resize=1050%2C600 3x"},"classes":[]},{"id":131031,"url":"http:\/\/vincentians.com\/es\/antonio-segura-1814-1817-visitador\/","url_meta":{"origin":49391,"position":4},"title":"Antonio Segura (1814-1817) (Visitador)","author":"Mitxel Olabu\u00e9naga","date":"13\/08\/2014","format":false,"excerpt":"Naci\u00f3 en Agramunt (L\u00e9rida) el 28 de septiembre de 1739 e ingres\u00f3 en la Congregaci\u00f3n el 19 de junio de 1765. Dedicado desde los primeros momentos a las Misiones y Ejercicios tanto en Barbastro como en Barcelona. En 1779 fue destinado a Guisona. Los a\u00f1os 1785 a 1787 estuvo en\u2026","rel":"","context":"En \u00abBiograf\u00edas de Misioneros Pa\u00fales\u00bb","block_context":{"text":"Biograf\u00edas de Misioneros Pa\u00fales","link":"http:\/\/vincentians.com\/es\/category\/la-familia-vicenciana\/biografias-vicencianas\/biografias-de-misioneros-paules\/"},"img":{"alt_text":"","src":"https:\/\/i0.wp.com\/vincentians.com\/es\/wp-content\/uploads\/sites\/11\/2016\/07\/bio-cm.jpg?fit=1200%2C630&resize=350%2C200","width":350,"height":200,"srcset":"https:\/\/i0.wp.com\/vincentians.com\/es\/wp-content\/uploads\/sites\/11\/2016\/07\/bio-cm.jpg?fit=1200%2C630&resize=350%2C200 1x, https:\/\/i0.wp.com\/vincentians.com\/es\/wp-content\/uploads\/sites\/11\/2016\/07\/bio-cm.jpg?fit=1200%2C630&resize=525%2C300 1.5x, https:\/\/i0.wp.com\/vincentians.com\/es\/wp-content\/uploads\/sites\/11\/2016\/07\/bio-cm.jpg?fit=1200%2C630&resize=700%2C400 2x, https:\/\/i0.wp.com\/vincentians.com\/es\/wp-content\/uploads\/sites\/11\/2016\/07\/bio-cm.jpg?fit=1200%2C630&resize=1050%2C600 3x"},"classes":[]},{"id":124579,"url":"http:\/\/vincentians.com\/es\/los-miembros-de-la-congregacion-de-la-mision-emiten-votos-i\/","url_meta":{"origin":49391,"position":5},"title":"Los miembros de la Congregaci\u00f3n de la Misi\u00f3n emiten votos (I)","author":"Francisco Javier Fern\u00e1ndez Chento","date":"01\/07\/2023","format":false,"excerpt":"DE LOS VOTOS SIMPLES A LOS VOTOS \"NO RELIGIOSOS\" 1.- Votos privados - simples Confirmamos y aprobamos por la presente dicha Congregaci\u00f3n de la Misi\u00f3n,... con la emisi\u00f3n de los votos simples... no intervendr\u00e1 nadie que los acepte ni en nombre de de la Congregaci\u00f3n, ni en el Nuestro o\u2026","rel":"","context":"En \u00abFormaci\u00f3n Vicenciana\u00bb","block_context":{"text":"Formaci\u00f3n Vicenciana","link":"http:\/\/vincentians.com\/es\/category\/formacion-vicenciana\/"},"img":{"alt_text":"","src":"https:\/\/i0.wp.com\/vincentians.com\/es\/wp-content\/uploads\/sites\/11\/2016\/11\/400es-01-copy.png?fit=1200%2C936&resize=350%2C200","width":350,"height":200,"srcset":"https:\/\/i0.wp.com\/vincentians.com\/es\/wp-content\/uploads\/sites\/11\/2016\/11\/400es-01-copy.png?fit=1200%2C936&resize=350%2C200 1x, https:\/\/i0.wp.com\/vincentians.com\/es\/wp-content\/uploads\/sites\/11\/2016\/11\/400es-01-copy.png?fit=1200%2C936&resize=525%2C300 1.5x, https:\/\/i0.wp.com\/vincentians.com\/es\/wp-content\/uploads\/sites\/11\/2016\/11\/400es-01-copy.png?fit=1200%2C936&resize=700%2C400 2x, https:\/\/i0.wp.com\/vincentians.com\/es\/wp-content\/uploads\/sites\/11\/2016\/11\/400es-01-copy.png?fit=1200%2C936&resize=1050%2C600 3x"},"classes":[]}],"_links":{"self":[{"href":"http:\/\/vincentians.com\/es\/wp-json\/wp\/v2\/posts\/49391","targetHints":{"allow":["GET"]}}],"collection":[{"href":"http:\/\/vincentians.com\/es\/wp-json\/wp\/v2\/posts"}],"about":[{"href":"http:\/\/vincentians.com\/es\/wp-json\/wp\/v2\/types\/post"}],"author":[{"embeddable":true,"href":"http:\/\/vincentians.com\/es\/wp-json\/wp\/v2\/users\/4"}],"replies":[{"embeddable":true,"href":"http:\/\/vincentians.com\/es\/wp-json\/wp\/v2\/comments?post=49391"}],"version-history":[{"count":0,"href":"http:\/\/vincentians.com\/es\/wp-json\/wp\/v2\/posts\/49391\/revisions"}],"wp:featuredmedia":[{"embeddable":true,"href":"http:\/\/vincentians.com\/es\/wp-json\/"}],"wp:attachment":[{"href":"http:\/\/vincentians.com\/es\/wp-json\/wp\/v2\/media?parent=49391"}],"wp:term":[{"taxonomy":"category","embeddable":true,"href":"http:\/\/vincentians.com\/es\/wp-json\/wp\/v2\/categories?post=49391"},{"taxonomy":"post_tag","embeddable":true,"href":"http:\/\/vincentians.com\/es\/wp-json\/wp\/v2\/tags?post=49391"}],"curies":[{"name":"wp","href":"https:\/\/api.w.org\/{rel}","templated":true}]}}