{"id":49327,"date":"2012-09-05T04:15:34","date_gmt":"2012-09-05T02:15:34","guid":{"rendered":"http:\/\/somos.vicencianos.org\/?p=49327"},"modified":"2016-07-26T17:07:33","modified_gmt":"2016-07-26T15:07:33","slug":"a-los-15-anos-de-la-beatificacion-de-federico-ozanam","status":"publish","type":"post","link":"http:\/\/vincentians.com\/es\/a-los-15-anos-de-la-beatificacion-de-federico-ozanam\/","title":{"rendered":"A los 15 a\u00f1os de la beatificaci\u00f3n de Federico Ozanam"},"content":{"rendered":"<div id=\"attachment_27719\" style=\"width: 198px\" class=\"wp-caption alignright\"><a href=\"https:\/\/i0.wp.com\/vicencianos.org\/wp-content\/2010\/04\/ozanam01.jpg\"><img data-recalc-dims=\"1\" loading=\"lazy\" decoding=\"async\" aria-describedby=\"caption-attachment-27719\" class=\"size-medium wp-image-27719\" title=\"Federico Ozanam\" src=\"https:\/\/i0.wp.com\/vicencianos.org\/wp-content\/2010\/04\/ozanam01-188x300.jpg?resize=188%2C300\" alt=\"Federico Ozanam\" width=\"188\" height=\"300\" \/><\/a><p id=\"caption-attachment-27719\" class=\"wp-caption-text\">Federico Ozanam<\/p><\/div>\n<p>La beatificaci\u00f3n de Federico Ozanam el 22 de Agosto de 1997 fue un acontecimiento memorable para la Familia Vicenciana. Para algunos la beatificaci\u00f3n pudo parecer un acontecimiento entre otros muchos en el marco de la Jornada Mundial de la Juventud; sin embargo la beatificaci\u00f3n tuvo un lugar muy apropiado en ese acontecimiento.<\/p>\n<p>Cuando Federico tuvo la inspiraci\u00f3n de comenzar la fundaci\u00f3n de la Sociedad de San Vicente de Pa\u00fal para, con sus compa\u00f1eros estudiantes en la Sorbona, profundizar en su fe, ten\u00eda poco m\u00e1s de 20 a\u00f1os.\u00a0 El Santo Padre aludi\u00f3 a ello durante la homil\u00eda pronunciada en la Misa de Beatificaci\u00f3n, cuando habl\u00f3 del camino de santidad seguido por Federico. \u00ab<em>Que todos estos j\u00f3venes, casi de tu edad, que se han reunido aqu\u00ed en Par\u00eds de todos los pa\u00edses de Europa y del mundo, reconozcan que este camino es tambi\u00e9n el suyo\u00bb.<\/em><\/p>\n<p>La beatificaci\u00f3n tuvo su ritmo. Hubo una cuidadosa y detallada preparaci\u00f3n de la celebraci\u00f3n lit\u00fargica del 22 de Agosto y siguientes. El Jueves, 21 de Agosto, la noche anterior a la beatificaci\u00f3n, las Conferencias de San Vicente de Pa\u00fal organizaron una Vigilia en el sal\u00f3n de la Pinede del Parque Floral de Par\u00eds\/Vicennes que ofreci\u00f3 a los Vicencianos la oportunidad de hablar, bailar, cantar, comer, orar y alegrarse unidos. Comenz\u00f3 a las 3 de la tarde y concluy\u00f3 justo antes de medianoche. El Presidente, C\u00e9sar Augusto Nunes Viana, dirigi\u00f3 una alocuci\u00f3n clave a los reunidos dando el tono a la celebraci\u00f3n. D. Amin de Tarrazi, que supervis\u00f3 diligentemente los innumerables detalles de la beatificaci\u00f3n, habl\u00f3 de la figura de Ozan\u00e1m. Cantantes de m\u00fasica folk dirigieron a la audiencia en el bell\u00edsimo canto. \u00abFederico\u00bb una dramatizaci\u00f3n de Daniel Facerias, un ballet, presentaron la vida de Federico en diez escenas -excelente espect\u00e1culo para una audiencia apreciativa. Lecturas de la Sagrada Escritura y de los escritos de Federico sirvieron para la reflexi\u00f3n y oraci\u00f3n. Extractos del film \u00abEl Se\u00f1or Vicente\u00bb recordaron el esp\u00edritu de San Vicente, patrono de la Conferencias. Un v\u00eddeo present\u00f3 el trabajo de las Conferencias en diferentes partes del mundo, mostrando este esp\u00edritu vivo hoy. Miembros de 100 pa\u00edses diversos llevaron gramos de harina que eran recibidos en el escenario, se mezclaron, amasaron y finalmente fue cocido el\u00a0 pan. Al final de la tarde, al ir abandonando el sal\u00f3n los participantes, les fue distribuido el pan. Con este gesto se les recordaba la necesidad de dar y compartir el pan con su pr\u00f3jimo. La tarde concluy\u00f3 con la bendici\u00f3n del se\u00f1or obispo Mons. Terry J. Steib, SVD, obispo de Memphis, Tennesse y Consejero Episcopal de las Conferencias de San Vicente en los Estados Unidos.<\/p>\n<p>La Misa de la Beatificaci\u00f3n fue impresionante, bell\u00edsima y seguida con gran devoci\u00f3n por todos los participantes. El lugar era magn\u00edfico, la Catedral de Notre Dame, donde San Vicente y Federico Ozan\u00e1m rezaron, donde el Abbe Lacordaire predicaba los sermones de Cuaresma, para los que Federico preparaba el camino, \u00ab<em>con el fin de permitir a los j\u00f3venes el recibir una instrucci\u00f3n religiosa actual sobre cuestiones relativas a su fe\u00bb <\/em>La conmovedora homil\u00eda del Santo Padre urgi\u00f3 a los Vicencianos diciendo: \u00ab<em>Queridos disc\u00edpulos de San Vicente de Pa\u00fal, os animo a unir vuestras fuerzas a fin de que, los pobres sean amados y mejor servidos, y que Jesucristo sea honrado en sus personas, como siempre dese\u00f3 aqu\u00e9l en quien vosotros os inspir\u00e1is. <\/em>Conmovedora fue tambi\u00e9n su revelaci\u00f3n, cuando al hablar a las Conferencias de San Vicente les dijo,<em> \u00abYo tambi\u00e9n, cuando era estudiante antes de la Segunda Guerra Mundial, fui miembro de una de ellas\u00bb &#8211; \u00a1<\/em>un Vicenciano hablando a Vicencianos! Aunque s\u00f3lo pudieron entrar en la Catedral entre unas 2.500-3000 personas, las 9.000 que estaban fuera en el atrio participaron en las ceremonias por medio de los monitores de televisi\u00f3n. Los sacerdotes que distribuyeron la comuni\u00f3n pudieron concelebrar, entrando en la catedral para la Oraci\u00f3n Eucar\u00edstica y la comuni\u00f3n.<\/p>\n<p>El lunes, 25 de Agosto, se concelebr\u00f3 una misa de Acci\u00f3n de Gracias en la Iglesia de San Sulpicio, otro lugar muy querido de Federico y de las Conferencias. Concelebraron el Cardenal Jean-Marie Lustiger, el Nuncio Apost\u00f3lico, Mons. Mario Tagliaferri y otros muchos sacerdotes\u00a0 as\u00ed como los Obispos de la Congregaci\u00f3n de la Misi\u00f3n que acudieron a la beatificaci\u00f3n y a la Jornada Mundial de la Juventud, Mons. Henny Bomers, Vicente Zico, Tadeusz Goclowski, y Benjam\u00edn De Palma.<\/p>\n<p>Antes, durante y despu\u00e9s de la beatificaci\u00f3n, los miembros de la Familia Vicenciana\u00a0 se reunieron en diferentes lugares de Par\u00eds &#8211; Casa Madre, la Rue du Bac, las oficinas internacionales de las Conferencias, la Sorbona, la tumba de Federico en la Iglesia des Carmes y en la\u00a0 tumba de Sor Rosal\u00eda en el cementerio de Montparnasse, en la secci\u00f3n Mouffetard, donde ambos, Federico y Sor Rosal\u00eda, encontraron y sirvieron a los pobres. Destacaron entre ellos los 2.500 J\u00f3venes de la Juventud Mariana Vicenciana, que tuvieron reuniones especiales Vicencianas en Villeb\u00f3n a las afueras de Par\u00eds, animadas por el P. Maloney, la Madre Juana, el P. Lloret y otros muchos\u00a0 cohermanos, Hijas de la Caridad y laicos. Los j\u00f3venes participaron en las sesiones de la Jornada Mundial de la Juventud y las relacionadas con la beatificaci\u00f3n.<\/p>\n<p>Dios bendijo los acontecimientos que rodearon a la beatificaci\u00f3n de Federico Ozan\u00e1m. Que ellos nos inspiren a profundizar en el conocimiento y devoci\u00f3n a Federico, nos ayuden a hacerlo conocer, nos lleven a continuar pidiendo por su canonizaci\u00f3n y haga que la Familia Vicenciana trabaje unida en el servicio de Jes\u00fas en los pobres, como hicieron Federico y Vicente.<\/p>\n","protected":false},"excerpt":{"rendered":"<p>La beatificaci\u00f3n de Federico Ozanam el 22 de Agosto de 1997 fue un acontecimiento memorable para la Familia Vicenciana. Para algunos la beatificaci\u00f3n pudo parecer un acontecimiento entre otros muchos en el marco de la &#8230; <a href=\"http:\/\/vincentians.com\/es\/a-los-15-anos-de-la-beatificacion-de-federico-ozanam\/\" class=\"more-link\">Read More<\/a><\/p>\n","protected":false},"author":4,"featured_media":27719,"comment_status":"open","ping_status":"open","sticky":false,"template":"","format":"standard","meta":{"jetpack_post_was_ever_published":false,"_jetpack_newsletter_access":"","_jetpack_dont_email_post_to_subs":false,"_jetpack_newsletter_tier_id":0,"_jetpack_memberships_contains_paywalled_content":false,"_jetpack_memberships_contains_paid_content":false,"footnotes":"","jetpack_publicize_message":"","jetpack_publicize_feature_enabled":true,"jetpack_social_post_already_shared":true,"jetpack_social_options":{"image_generator_settings":{"template":"highway","default_image_id":0,"font":"","enabled":false},"version":2}},"categories":[11],"tags":[190,140],"class_list":["post-49327","post","type-post","status-publish","format-standard","has-post-thumbnail","hentry","category-federico-ozanam","tag-rue-du-bac","tag-san-sulpicio"],"yoast_head":"<!-- This site is optimized with the Yoast SEO plugin v26.3 - https:\/\/yoast.com\/wordpress\/plugins\/seo\/ -->\n<title>A los 15 a\u00f1os de la beatificaci\u00f3n de Federico Ozanam - Somos Vicencianos<\/title>\n<meta name=\"robots\" content=\"index, follow, max-snippet:-1, max-image-preview:large, max-video-preview:-1\" \/>\n<link rel=\"canonical\" href=\"http:\/\/vincentians.com\/es\/a-los-15-anos-de-la-beatificacion-de-federico-ozanam\/\" \/>\n<meta property=\"og:locale\" content=\"es_ES\" \/>\n<meta property=\"og:type\" content=\"article\" \/>\n<meta property=\"og:title\" content=\"A los 15 a\u00f1os de la beatificaci\u00f3n de Federico Ozanam - Somos Vicencianos\" \/>\n<meta property=\"og:description\" content=\"La beatificaci\u00f3n de Federico Ozanam el 22 de Agosto de 1997 fue un acontecimiento memorable para la Familia Vicenciana. Para algunos la beatificaci\u00f3n pudo parecer un acontecimiento entre otros muchos en el marco de la ... Read More\" \/>\n<meta property=\"og:url\" content=\"http:\/\/vincentians.com\/es\/a-los-15-anos-de-la-beatificacion-de-federico-ozanam\/\" \/>\n<meta property=\"og:site_name\" content=\"Somos Vicencianos\" \/>\n<meta property=\"article:publisher\" content=\"https:\/\/www.facebook.com\/WeAreVincentians\/\" \/>\n<meta property=\"article:author\" content=\"https:\/\/www.facebook.com\/JavierChento\" \/>\n<meta property=\"article:published_time\" content=\"2012-09-05T02:15:34+00:00\" \/>\n<meta property=\"article:modified_time\" content=\"2016-07-26T15:07:33+00:00\" \/>\n<meta name=\"author\" content=\"Francisco Javier Fern\u00e1ndez Chento\" \/>\n<meta name=\"twitter:card\" content=\"summary_large_image\" \/>\n<meta name=\"twitter:creator\" content=\"@https:\/\/twitter.com\/javierchento\" \/>\n<meta name=\"twitter:site\" content=\"@WeVincentians\" \/>\n<meta name=\"twitter:label1\" content=\"Escrito por\" \/>\n\t<meta name=\"twitter:data1\" content=\"Francisco Javier Fern\u00e1ndez Chento\" \/>\n\t<meta name=\"twitter:label2\" content=\"Tiempo de lectura\" \/>\n\t<meta name=\"twitter:data2\" content=\"5 minutos\" \/>\n<script type=\"application\/ld+json\" class=\"yoast-schema-graph\">{\"@context\":\"https:\/\/schema.org\",\"@graph\":[{\"@type\":\"Article\",\"@id\":\"http:\/\/vincentians.com\/es\/a-los-15-anos-de-la-beatificacion-de-federico-ozanam\/#article\",\"isPartOf\":{\"@id\":\"http:\/\/vincentians.com\/es\/a-los-15-anos-de-la-beatificacion-de-federico-ozanam\/\"},\"author\":{\"name\":\"Francisco Javier Fern\u00e1ndez Chento\",\"@id\":\"http:\/\/vincentians.com\/es\/#\/schema\/person\/9623ef4d9aa3b2dfb8c061f1499288f2\"},\"headline\":\"A los 15 a\u00f1os de la beatificaci\u00f3n de Federico Ozanam\",\"datePublished\":\"2012-09-05T02:15:34+00:00\",\"dateModified\":\"2016-07-26T15:07:33+00:00\",\"mainEntityOfPage\":{\"@id\":\"http:\/\/vincentians.com\/es\/a-los-15-anos-de-la-beatificacion-de-federico-ozanam\/\"},\"wordCount\":1016,\"commentCount\":0,\"publisher\":{\"@id\":\"http:\/\/vincentians.com\/es\/#organization\"},\"image\":{\"@id\":\"http:\/\/vincentians.com\/es\/a-los-15-anos-de-la-beatificacion-de-federico-ozanam\/#primaryimage\"},\"thumbnailUrl\":\"\",\"keywords\":[\"Rue du Bac\",\"San Sulpicio\"],\"articleSection\":[\"Federico Ozanam\"],\"inLanguage\":\"es\",\"potentialAction\":[{\"@type\":\"CommentAction\",\"name\":\"Comment\",\"target\":[\"http:\/\/vincentians.com\/es\/a-los-15-anos-de-la-beatificacion-de-federico-ozanam\/#respond\"]}]},{\"@type\":\"WebPage\",\"@id\":\"http:\/\/vincentians.com\/es\/a-los-15-anos-de-la-beatificacion-de-federico-ozanam\/\",\"url\":\"http:\/\/vincentians.com\/es\/a-los-15-anos-de-la-beatificacion-de-federico-ozanam\/\",\"name\":\"A los 15 a\u00f1os de la beatificaci\u00f3n de Federico Ozanam - Somos Vicencianos\",\"isPartOf\":{\"@id\":\"http:\/\/vincentians.com\/es\/#website\"},\"primaryImageOfPage\":{\"@id\":\"http:\/\/vincentians.com\/es\/a-los-15-anos-de-la-beatificacion-de-federico-ozanam\/#primaryimage\"},\"image\":{\"@id\":\"http:\/\/vincentians.com\/es\/a-los-15-anos-de-la-beatificacion-de-federico-ozanam\/#primaryimage\"},\"thumbnailUrl\":\"\",\"datePublished\":\"2012-09-05T02:15:34+00:00\",\"dateModified\":\"2016-07-26T15:07:33+00:00\",\"breadcrumb\":{\"@id\":\"http:\/\/vincentians.com\/es\/a-los-15-anos-de-la-beatificacion-de-federico-ozanam\/#breadcrumb\"},\"inLanguage\":\"es\",\"potentialAction\":[{\"@type\":\"ReadAction\",\"target\":[\"http:\/\/vincentians.com\/es\/a-los-15-anos-de-la-beatificacion-de-federico-ozanam\/\"]}]},{\"@type\":\"ImageObject\",\"inLanguage\":\"es\",\"@id\":\"http:\/\/vincentians.com\/es\/a-los-15-anos-de-la-beatificacion-de-federico-ozanam\/#primaryimage\",\"url\":\"\",\"contentUrl\":\"\"},{\"@type\":\"BreadcrumbList\",\"@id\":\"http:\/\/vincentians.com\/es\/a-los-15-anos-de-la-beatificacion-de-federico-ozanam\/#breadcrumb\",\"itemListElement\":[{\"@type\":\"ListItem\",\"position\":1,\"name\":\"Portada\",\"item\":\"http:\/\/vincentians.com\/es\/\"},{\"@type\":\"ListItem\",\"position\":2,\"name\":\"A los 15 a\u00f1os de la beatificaci\u00f3n de Federico Ozanam\"}]},{\"@type\":\"WebSite\",\"@id\":\"http:\/\/vincentians.com\/es\/#website\",\"url\":\"http:\/\/vincentians.com\/es\/\",\"name\":\"Somos Vicencianos\",\"description\":\"Know more to serve more\",\"publisher\":{\"@id\":\"http:\/\/vincentians.com\/es\/#organization\"},\"potentialAction\":[{\"@type\":\"SearchAction\",\"target\":{\"@type\":\"EntryPoint\",\"urlTemplate\":\"http:\/\/vincentians.com\/es\/?s={search_term_string}\"},\"query-input\":{\"@type\":\"PropertyValueSpecification\",\"valueRequired\":true,\"valueName\":\"search_term_string\"}}],\"inLanguage\":\"es\"},{\"@type\":\"Organization\",\"@id\":\"http:\/\/vincentians.com\/es\/#organization\",\"name\":\"The Vincentian Network\",\"url\":\"http:\/\/vincentians.com\/es\/\",\"logo\":{\"@type\":\"ImageObject\",\"inLanguage\":\"es\",\"@id\":\"http:\/\/vincentians.com\/es\/#\/schema\/logo\/image\/\",\"url\":\"https:\/\/i1.wp.com\/vincentians.com\/es\/wp-content\/uploads\/sites\/11\/2016\/06\/Vincentian-Network-logo-big.png?fit=778%2C778\",\"contentUrl\":\"https:\/\/i1.wp.com\/vincentians.com\/es\/wp-content\/uploads\/sites\/11\/2016\/06\/Vincentian-Network-logo-big.png?fit=778%2C778\",\"width\":778,\"height\":778,\"caption\":\"The Vincentian Network\"},\"image\":{\"@id\":\"http:\/\/vincentians.com\/es\/#\/schema\/logo\/image\/\"},\"sameAs\":[\"https:\/\/www.facebook.com\/WeAreVincentians\/\",\"https:\/\/x.com\/WeVincentians\"]},{\"@type\":\"Person\",\"@id\":\"http:\/\/vincentians.com\/es\/#\/schema\/person\/9623ef4d9aa3b2dfb8c061f1499288f2\",\"name\":\"Francisco Javier Fern\u00e1ndez Chento\",\"image\":{\"@type\":\"ImageObject\",\"inLanguage\":\"es\",\"@id\":\"http:\/\/vincentians.com\/es\/#\/schema\/person\/image\/\",\"url\":\"https:\/\/secure.gravatar.com\/avatar\/497d5cde87b4c3d097d0315953521681ba2cd523ee66e5077c3711f7021e65de?s=96&d=mm&r=g\",\"contentUrl\":\"https:\/\/secure.gravatar.com\/avatar\/497d5cde87b4c3d097d0315953521681ba2cd523ee66e5077c3711f7021e65de?s=96&d=mm&r=g\",\"caption\":\"Francisco Javier Fern\u00e1ndez Chento\"},\"description\":\"Director General y cofundador de La Red de Formaci\u00f3n Vicenciana. Javier es laico vicenciano, afiliado a la Congregaci\u00f3n de la Misi\u00f3n y miembro del Equipo de Misiones Populares de la provincia can\u00f3nica de Zaragoza (Espa\u00f1a) de la Congregaci\u00f3n de la Misi\u00f3n. Graduado en la Universidad Oberta de Catalunya con cuatro grados (Asistente de direcci\u00f3n, Gesti\u00f3n Administrativa, Recursos Humanos y Contabilidad Avanzada). Bil\u00edng\u00fce Espa\u00f1ol\/Ingl\u00e9s. gestiona y mantiene varias p\u00e1ginas web cristianas y vicencianas, incluida including La Red de Formaci\u00f3n Vicenciana, de la que es cofundador. Actualmente es responsable del \u00e1rea de Espa\u00f1ol de .famvin, la Red de Noticias de la Familia Vicenciana. Tambi\u00e9n es m\u00fasico cat\u00f3lico y ha editado varios discos. Es Director General y cofundador de Trovador, una reconocida compa\u00f1\u00eda discogr\u00e1fica critiana de Espa\u00f1a. Trabaja en las Tecnolog\u00edas de la Informaci\u00f3n, ofreciendo servicios de alojamiento, dise\u00f1o y mantenimiento Web, as\u00ed como asesoramiento, formaci\u00f3n y soluciones inform\u00e1ticas, gesti\u00f3n documental y digitalizaci\u00f3n de textos, edici\u00f3n y maquetaci\u00f3n de libros, revistas, flyers, etc.\",\"sameAs\":[\"http:\/\/chento.org\",\"https:\/\/www.facebook.com\/JavierChento\",\"https:\/\/x.com\/https:\/\/twitter.com\/javierchento\"],\"url\":\"http:\/\/vincentians.com\/es\/author\/chento\/\"}]}<\/script>\n<!-- \/ Yoast SEO plugin. -->","yoast_head_json":{"title":"A los 15 a\u00f1os de la beatificaci\u00f3n de Federico Ozanam - Somos Vicencianos","robots":{"index":"index","follow":"follow","max-snippet":"max-snippet:-1","max-image-preview":"max-image-preview:large","max-video-preview":"max-video-preview:-1"},"canonical":"http:\/\/vincentians.com\/es\/a-los-15-anos-de-la-beatificacion-de-federico-ozanam\/","og_locale":"es_ES","og_type":"article","og_title":"A los 15 a\u00f1os de la beatificaci\u00f3n de Federico Ozanam - Somos Vicencianos","og_description":"La beatificaci\u00f3n de Federico Ozanam el 22 de Agosto de 1997 fue un acontecimiento memorable para la Familia Vicenciana. Para algunos la beatificaci\u00f3n pudo parecer un acontecimiento entre otros muchos en el marco de la ... Read More","og_url":"http:\/\/vincentians.com\/es\/a-los-15-anos-de-la-beatificacion-de-federico-ozanam\/","og_site_name":"Somos Vicencianos","article_publisher":"https:\/\/www.facebook.com\/WeAreVincentians\/","article_author":"https:\/\/www.facebook.com\/JavierChento","article_published_time":"2012-09-05T02:15:34+00:00","article_modified_time":"2016-07-26T15:07:33+00:00","author":"Francisco Javier Fern\u00e1ndez Chento","twitter_card":"summary_large_image","twitter_creator":"@https:\/\/twitter.com\/javierchento","twitter_site":"@WeVincentians","twitter_misc":{"Escrito por":"Francisco Javier Fern\u00e1ndez Chento","Tiempo de lectura":"5 minutos"},"schema":{"@context":"https:\/\/schema.org","@graph":[{"@type":"Article","@id":"http:\/\/vincentians.com\/es\/a-los-15-anos-de-la-beatificacion-de-federico-ozanam\/#article","isPartOf":{"@id":"http:\/\/vincentians.com\/es\/a-los-15-anos-de-la-beatificacion-de-federico-ozanam\/"},"author":{"name":"Francisco Javier Fern\u00e1ndez Chento","@id":"http:\/\/vincentians.com\/es\/#\/schema\/person\/9623ef4d9aa3b2dfb8c061f1499288f2"},"headline":"A los 15 a\u00f1os de la beatificaci\u00f3n de Federico Ozanam","datePublished":"2012-09-05T02:15:34+00:00","dateModified":"2016-07-26T15:07:33+00:00","mainEntityOfPage":{"@id":"http:\/\/vincentians.com\/es\/a-los-15-anos-de-la-beatificacion-de-federico-ozanam\/"},"wordCount":1016,"commentCount":0,"publisher":{"@id":"http:\/\/vincentians.com\/es\/#organization"},"image":{"@id":"http:\/\/vincentians.com\/es\/a-los-15-anos-de-la-beatificacion-de-federico-ozanam\/#primaryimage"},"thumbnailUrl":"","keywords":["Rue du Bac","San Sulpicio"],"articleSection":["Federico Ozanam"],"inLanguage":"es","potentialAction":[{"@type":"CommentAction","name":"Comment","target":["http:\/\/vincentians.com\/es\/a-los-15-anos-de-la-beatificacion-de-federico-ozanam\/#respond"]}]},{"@type":"WebPage","@id":"http:\/\/vincentians.com\/es\/a-los-15-anos-de-la-beatificacion-de-federico-ozanam\/","url":"http:\/\/vincentians.com\/es\/a-los-15-anos-de-la-beatificacion-de-federico-ozanam\/","name":"A los 15 a\u00f1os de la beatificaci\u00f3n de Federico Ozanam - Somos Vicencianos","isPartOf":{"@id":"http:\/\/vincentians.com\/es\/#website"},"primaryImageOfPage":{"@id":"http:\/\/vincentians.com\/es\/a-los-15-anos-de-la-beatificacion-de-federico-ozanam\/#primaryimage"},"image":{"@id":"http:\/\/vincentians.com\/es\/a-los-15-anos-de-la-beatificacion-de-federico-ozanam\/#primaryimage"},"thumbnailUrl":"","datePublished":"2012-09-05T02:15:34+00:00","dateModified":"2016-07-26T15:07:33+00:00","breadcrumb":{"@id":"http:\/\/vincentians.com\/es\/a-los-15-anos-de-la-beatificacion-de-federico-ozanam\/#breadcrumb"},"inLanguage":"es","potentialAction":[{"@type":"ReadAction","target":["http:\/\/vincentians.com\/es\/a-los-15-anos-de-la-beatificacion-de-federico-ozanam\/"]}]},{"@type":"ImageObject","inLanguage":"es","@id":"http:\/\/vincentians.com\/es\/a-los-15-anos-de-la-beatificacion-de-federico-ozanam\/#primaryimage","url":"","contentUrl":""},{"@type":"BreadcrumbList","@id":"http:\/\/vincentians.com\/es\/a-los-15-anos-de-la-beatificacion-de-federico-ozanam\/#breadcrumb","itemListElement":[{"@type":"ListItem","position":1,"name":"Portada","item":"http:\/\/vincentians.com\/es\/"},{"@type":"ListItem","position":2,"name":"A los 15 a\u00f1os de la beatificaci\u00f3n de Federico Ozanam"}]},{"@type":"WebSite","@id":"http:\/\/vincentians.com\/es\/#website","url":"http:\/\/vincentians.com\/es\/","name":"Somos Vicencianos","description":"Know more to serve more","publisher":{"@id":"http:\/\/vincentians.com\/es\/#organization"},"potentialAction":[{"@type":"SearchAction","target":{"@type":"EntryPoint","urlTemplate":"http:\/\/vincentians.com\/es\/?s={search_term_string}"},"query-input":{"@type":"PropertyValueSpecification","valueRequired":true,"valueName":"search_term_string"}}],"inLanguage":"es"},{"@type":"Organization","@id":"http:\/\/vincentians.com\/es\/#organization","name":"The Vincentian Network","url":"http:\/\/vincentians.com\/es\/","logo":{"@type":"ImageObject","inLanguage":"es","@id":"http:\/\/vincentians.com\/es\/#\/schema\/logo\/image\/","url":"https:\/\/i1.wp.com\/vincentians.com\/es\/wp-content\/uploads\/sites\/11\/2016\/06\/Vincentian-Network-logo-big.png?fit=778%2C778","contentUrl":"https:\/\/i1.wp.com\/vincentians.com\/es\/wp-content\/uploads\/sites\/11\/2016\/06\/Vincentian-Network-logo-big.png?fit=778%2C778","width":778,"height":778,"caption":"The Vincentian Network"},"image":{"@id":"http:\/\/vincentians.com\/es\/#\/schema\/logo\/image\/"},"sameAs":["https:\/\/www.facebook.com\/WeAreVincentians\/","https:\/\/x.com\/WeVincentians"]},{"@type":"Person","@id":"http:\/\/vincentians.com\/es\/#\/schema\/person\/9623ef4d9aa3b2dfb8c061f1499288f2","name":"Francisco Javier Fern\u00e1ndez Chento","image":{"@type":"ImageObject","inLanguage":"es","@id":"http:\/\/vincentians.com\/es\/#\/schema\/person\/image\/","url":"https:\/\/secure.gravatar.com\/avatar\/497d5cde87b4c3d097d0315953521681ba2cd523ee66e5077c3711f7021e65de?s=96&d=mm&r=g","contentUrl":"https:\/\/secure.gravatar.com\/avatar\/497d5cde87b4c3d097d0315953521681ba2cd523ee66e5077c3711f7021e65de?s=96&d=mm&r=g","caption":"Francisco Javier Fern\u00e1ndez Chento"},"description":"Director General y cofundador de La Red de Formaci\u00f3n Vicenciana. Javier es laico vicenciano, afiliado a la Congregaci\u00f3n de la Misi\u00f3n y miembro del Equipo de Misiones Populares de la provincia can\u00f3nica de Zaragoza (Espa\u00f1a) de la Congregaci\u00f3n de la Misi\u00f3n. Graduado en la Universidad Oberta de Catalunya con cuatro grados (Asistente de direcci\u00f3n, Gesti\u00f3n Administrativa, Recursos Humanos y Contabilidad Avanzada). Bil\u00edng\u00fce Espa\u00f1ol\/Ingl\u00e9s. gestiona y mantiene varias p\u00e1ginas web cristianas y vicencianas, incluida including La Red de Formaci\u00f3n Vicenciana, de la que es cofundador. Actualmente es responsable del \u00e1rea de Espa\u00f1ol de .famvin, la Red de Noticias de la Familia Vicenciana. Tambi\u00e9n es m\u00fasico cat\u00f3lico y ha editado varios discos. Es Director General y cofundador de Trovador, una reconocida compa\u00f1\u00eda discogr\u00e1fica critiana de Espa\u00f1a. Trabaja en las Tecnolog\u00edas de la Informaci\u00f3n, ofreciendo servicios de alojamiento, dise\u00f1o y mantenimiento Web, as\u00ed como asesoramiento, formaci\u00f3n y soluciones inform\u00e1ticas, gesti\u00f3n documental y digitalizaci\u00f3n de textos, edici\u00f3n y maquetaci\u00f3n de libros, revistas, flyers, etc.","sameAs":["http:\/\/chento.org","https:\/\/www.facebook.com\/JavierChento","https:\/\/x.com\/https:\/\/twitter.com\/javierchento"],"url":"http:\/\/vincentians.com\/es\/author\/chento\/"}]}},"jetpack_publicize_connections":[],"jetpack_featured_media_url":"","jetpack_sharing_enabled":true,"jetpack_shortlink":"https:\/\/wp.me\/p7ETMF-cPB","jetpack-related-posts":[{"id":387449,"url":"http:\/\/vincentians.com\/es\/federico-ozanam-1813-1853-i\/","url_meta":{"origin":49327,"position":0},"title":"Federico Ozanam (1813-1853) (I)","author":"Mitxel Olabu\u00e9naga","date":"03\/05\/2016","format":false,"excerpt":"PREFACIO El se\u00f1or Bertrand Cattan\u00e9o dirige con competencia un semanario cat\u00f3lico, el Courrier Franqa\u00eds. Un semanario de acercamiento. Cuando aborda el siglo XIX, su siglo predilecto, el historiador reacciona como el informador. Montalembert, un cat\u00f3lico en pol\u00edtica, Breve vida de Lacorda\u00edre, hoy Federico Ozanam, el bienaventurado nos familiarizan, nos acercan\u2026","rel":"","context":"En \u00abFederico Ozanam\u00bb","block_context":{"text":"Federico Ozanam","link":"http:\/\/vincentians.com\/es\/category\/la-familia-vicenciana\/fundadores\/federico-ozanam\/"},"img":{"alt_text":"","src":"https:\/\/i0.wp.com\/vincentians.com\/es\/wp-content\/uploads\/sites\/11\/2016\/07\/young-ozanam.jpg?fit=1200%2C630&resize=350%2C200","width":350,"height":200,"srcset":"https:\/\/i0.wp.com\/vincentians.com\/es\/wp-content\/uploads\/sites\/11\/2016\/07\/young-ozanam.jpg?fit=1200%2C630&resize=350%2C200 1x, https:\/\/i0.wp.com\/vincentians.com\/es\/wp-content\/uploads\/sites\/11\/2016\/07\/young-ozanam.jpg?fit=1200%2C630&resize=525%2C300 1.5x, https:\/\/i0.wp.com\/vincentians.com\/es\/wp-content\/uploads\/sites\/11\/2016\/07\/young-ozanam.jpg?fit=1200%2C630&resize=700%2C400 2x, https:\/\/i0.wp.com\/vincentians.com\/es\/wp-content\/uploads\/sites\/11\/2016\/07\/young-ozanam.jpg?fit=1200%2C630&resize=1050%2C600 3x"},"classes":[]},{"id":104276,"url":"http:\/\/vincentians.com\/es\/novena-biblica-en-honor-al-beato-federico-ozanam-introduccion\/","url_meta":{"origin":49327,"position":1},"title":"Novena b\u00edblica en honor al beato Federico Ozanam: Introducci\u00f3n.","author":"Francisco Javier Fern\u00e1ndez Chento","date":"31\/08\/2012","format":false,"excerpt":"\u00bfQui\u00e9n fue Federico Ozanam? Federico Ozanam , naci\u00f3 en Milan -Italia- (en ese momento pertenec\u00eda a Francia) el 23 de abril de 1813, 24 a\u00f1os desp\u00faes de la Revoluci\u00f3n Francesa; Sus padres fueron el m\u00e9dico Juan Antonio Francisco Ozanam y Mar\u00eda Nantas. De 14 hijos solo sobrevivieron tres: Alfonso, sacerdote;\u2026","rel":"","context":"En \u00abFederico Ozanam\u00bb","block_context":{"text":"Federico Ozanam","link":"http:\/\/vincentians.com\/es\/category\/la-familia-vicenciana\/fundadores\/federico-ozanam\/"},"img":{"alt_text":"","src":"https:\/\/i0.wp.com\/vicencianos.org\/wp-content\/2012\/09\/beato_ozanam_pobre-225x300.jpg?resize=350%2C200","width":350,"height":200},"classes":[]},{"id":387571,"url":"http:\/\/vincentians.com\/es\/federico-ozanam-1813-1853-xx\/","url_meta":{"origin":49327,"position":2},"title":"Federico Ozanam (1813-1853) (XX)","author":"Mitxel Olabu\u00e9naga","date":"29\/06\/2016","format":false,"excerpt":"EPILOGO \"El hombre fue admirable y encantador [...]. Toda su vida estuvo consagrada a los desvelos m\u00e1s nobles y empleada en las tareas m\u00e1s bienhechoras. Y sobre este destino tan realizado y tan breve planea la melancol\u00eda de las existencias prematuramente rotas.\" Este juicio que se halla bajo la pluma\u2026","rel":"","context":"En \u00abFederico Ozanam\u00bb","block_context":{"text":"Federico Ozanam","link":"http:\/\/vincentians.com\/es\/category\/la-familia-vicenciana\/fundadores\/federico-ozanam\/"},"img":{"alt_text":"","src":"https:\/\/i0.wp.com\/vincentians.com\/es\/wp-content\/uploads\/sites\/11\/2016\/07\/young-ozanam.jpg?fit=1200%2C630&resize=350%2C200","width":350,"height":200,"srcset":"https:\/\/i0.wp.com\/vincentians.com\/es\/wp-content\/uploads\/sites\/11\/2016\/07\/young-ozanam.jpg?fit=1200%2C630&resize=350%2C200 1x, https:\/\/i0.wp.com\/vincentians.com\/es\/wp-content\/uploads\/sites\/11\/2016\/07\/young-ozanam.jpg?fit=1200%2C630&resize=525%2C300 1.5x, https:\/\/i0.wp.com\/vincentians.com\/es\/wp-content\/uploads\/sites\/11\/2016\/07\/young-ozanam.jpg?fit=1200%2C630&resize=700%2C400 2x, https:\/\/i0.wp.com\/vincentians.com\/es\/wp-content\/uploads\/sites\/11\/2016\/07\/young-ozanam.jpg?fit=1200%2C630&resize=1050%2C600 3x"},"classes":[]},{"id":143683,"url":"http:\/\/vincentians.com\/es\/federico-ozanam-y-sor-rosalia-rendu-un-encuentro-providencial\/","url_meta":{"origin":49327,"position":3},"title":"Federico Ozanam y Sor Rosal\u00eda Rendu, un encuentro providencial","author":"Francisco Javier Fern\u00e1ndez Chento","date":"09\/09\/2024","format":false,"excerpt":"En su carta enc\u00edclica Deus Caritas est, el Papa Benedicto XVI afirma: \u201cse comienza a ser cristiano\u2026 por el encuentro con un acontecimiento, con una Persona, que da un nuevo horizonte a la vida y, con ello, una orientaci\u00f3n decisiva.\u201d El Santo Padre habla aqu\u00ed del encuentro con el Verbo\u2026","rel":"","context":"En \u00abFederico Ozanam\u00bb","block_context":{"text":"Federico Ozanam","link":"http:\/\/vincentians.com\/es\/category\/la-familia-vicenciana\/fundadores\/federico-ozanam\/"},"img":{"alt_text":"","src":"https:\/\/i0.wp.com\/vincentians.com\/es\/wp-content\/uploads\/sites\/11\/2017\/10\/hijas-caridad1.jpg?fit=846%2C446&resize=350%2C200","width":350,"height":200,"srcset":"https:\/\/i0.wp.com\/vincentians.com\/es\/wp-content\/uploads\/sites\/11\/2017\/10\/hijas-caridad1.jpg?fit=846%2C446&resize=350%2C200 1x, https:\/\/i0.wp.com\/vincentians.com\/es\/wp-content\/uploads\/sites\/11\/2017\/10\/hijas-caridad1.jpg?fit=846%2C446&resize=525%2C300 1.5x, https:\/\/i0.wp.com\/vincentians.com\/es\/wp-content\/uploads\/sites\/11\/2017\/10\/hijas-caridad1.jpg?fit=846%2C446&resize=700%2C400 2x"},"classes":[]},{"id":56494,"url":"http:\/\/vincentians.com\/es\/historia-de-la-causa-de-beatificacion-de-federico-ozanam\/","url_meta":{"origin":49327,"position":4},"title":"Historia de la causa de beatificaci\u00f3n de Federico Ozanam","author":"Francisco Javier Fern\u00e1ndez Chento","date":"28\/03\/2015","format":false,"excerpt":"El venerable Ozan\u00e1m vivi\u00f3 en la primera mitad del siglo X1X, durante apenas 40 a\u00f1os, cuando la situaci\u00f3n pol\u00edtica en Francia y en Europa, as\u00ed como la historia de la Iglesia, sufrieron revueltas que parec\u00edan impensables hasta el momento. Federico sinti\u00f3 y vivi\u00f3 intensamente sus breves a\u00f1os, contribuyendo notablemente a\u2026","rel":"","context":"En \u00abFederico Ozanam\u00bb","block_context":{"text":"Federico Ozanam","link":"http:\/\/vincentians.com\/es\/category\/la-familia-vicenciana\/fundadores\/federico-ozanam\/"},"img":{"alt_text":"","src":"https:\/\/i0.wp.com\/vicencianos.org\/wp-content\/2011\/09\/ozanam02-228x300.jpg?resize=350%2C200","width":350,"height":200},"classes":[]},{"id":47948,"url":"http:\/\/vincentians.com\/es\/homilia-del-papa-juan-pablo-ii-en-la-misa-de-beatificacion-de-federico-ozanam\/","url_meta":{"origin":49327,"position":5},"title":"Homil\u00eda del Papa Juan Pablo II, en la Misa de beatificaci\u00f3n de Federico Ozanam","author":"Francisco Javier Fern\u00e1ndez Chento","date":"09\/08\/2011","format":false,"excerpt":"1. \"El amor viene de Dios\" (1 Jn 4,7). El Evangelio de hoy nos presenta la figura del buen Samaritano. En esta par\u00e1bola Cristo quiere mostrar a sus oyentes qui\u00e9n es el pr\u00f3jimo citado en el principal mandamiento de la Ley Divina: \"Amar\u00e1s al Se\u00f1or tu Dios con todo tu\u2026","rel":"","context":"En \u00abFederico Ozanam\u00bb","block_context":{"text":"Federico Ozanam","link":"http:\/\/vincentians.com\/es\/category\/la-familia-vicenciana\/fundadores\/federico-ozanam\/"},"img":{"alt_text":"","src":"https:\/\/i0.wp.com\/vicencianos.org\/wp-content\/2011\/01\/ozanam1-260x300.png?resize=350%2C200","width":350,"height":200},"classes":[]}],"_links":{"self":[{"href":"http:\/\/vincentians.com\/es\/wp-json\/wp\/v2\/posts\/49327","targetHints":{"allow":["GET"]}}],"collection":[{"href":"http:\/\/vincentians.com\/es\/wp-json\/wp\/v2\/posts"}],"about":[{"href":"http:\/\/vincentians.com\/es\/wp-json\/wp\/v2\/types\/post"}],"author":[{"embeddable":true,"href":"http:\/\/vincentians.com\/es\/wp-json\/wp\/v2\/users\/4"}],"replies":[{"embeddable":true,"href":"http:\/\/vincentians.com\/es\/wp-json\/wp\/v2\/comments?post=49327"}],"version-history":[{"count":0,"href":"http:\/\/vincentians.com\/es\/wp-json\/wp\/v2\/posts\/49327\/revisions"}],"wp:featuredmedia":[{"embeddable":true,"href":"http:\/\/vincentians.com\/es\/wp-json\/"}],"wp:attachment":[{"href":"http:\/\/vincentians.com\/es\/wp-json\/wp\/v2\/media?parent=49327"}],"wp:term":[{"taxonomy":"category","embeddable":true,"href":"http:\/\/vincentians.com\/es\/wp-json\/wp\/v2\/categories?post=49327"},{"taxonomy":"post_tag","embeddable":true,"href":"http:\/\/vincentians.com\/es\/wp-json\/wp\/v2\/tags?post=49327"}],"curies":[{"name":"wp","href":"https:\/\/api.w.org\/{rel}","templated":true}]}}