{"id":49220,"date":"2018-02-20T08:16:25","date_gmt":"2018-02-20T07:16:25","guid":{"rendered":"http:\/\/somos.vicencianos.org\/blog\/2011\/09\/margarita-rutan-una-victima-de-la-revolucion-capitulo-primero\/"},"modified":"2017-12-30T18:48:51","modified_gmt":"2017-12-30T17:48:51","slug":"margarita-rutan-una-victima-de-la-revolucion-capitulo-primero","status":"publish","type":"post","link":"http:\/\/vincentians.com\/es\/margarita-rutan-una-victima-de-la-revolucion-capitulo-primero\/","title":{"rendered":"Margarita Rutan: una v\u00edctima de la Revoluci\u00f3n (Cap\u00edtulo primero)"},"content":{"rendered":"<p align=\"center\"><strong>CAP\u00cdTULO PRIMERO<br \/>\nPRIMEROS A\u00d1OS Y PRIMEROS TRABAJOS \u2013 NACIMIENTO \u2013 FAMILIA <strong>\u2013 EDUCACI\u00d3N <strong>\u2013 VOCACI\u00d3N RELIGIOSA<\/strong><\/strong> <strong>\u2013 NOVICIADO <strong>\u2013 EMPLEOS DIVERSOS<\/strong><\/strong><br \/>\n(1736-1779)<\/strong><\/p>\n<p>MARGUERITE RUTAN naci\u00f3 en Metz, el 23 de abril de 1736, en una modesta morada situada en la parroquia de Saint-\u00c9tiennq. Su padre Charles-Gspard Rutan, y su madre, Marie Forat, formaban una pareja pr\u00f3spera, honrada, seria, inteligente y trabajadora- Char\u00f1es-Gaspar Rutan supo elevarse poco a poca por encima de su condici\u00f3n primitiva de simple maniobrista. Primero tallador de piedra, luego maestro alba\u00f1il, empresario, arquitecto, demostr\u00f3 en todos estos empleos las cualidades que se ganan los corazones, concilian la estima, imponen el respeto. La confianza de sus conciudadanos vino a poner el s\u00fammum a su noble ambici\u00f3n, confi\u00e1ndole las funciones honrosas y envidiadas de magistrado de la parroquia de Saint-\u00c9tienne.<\/p>\n<p>De su uni\u00f3n con Marie Forat tuvo quince hijos cuatro ni\u00f1os y once ni\u00f1as, Margarita, que era la octava de esta numerosa familia fue bautizada el mismo d\u00eda de su nacimiento.\u00a0 Ella debi\u00f3 dar bastante pronto pruebas\u00a0 de una viva inteligencia; por eso, sin duda, quiso su padre encargarse \u00e9l mismo de su educaci\u00f3n y resolvi\u00f3 iniciarla en las reglas de su arte. Bajo su h\u00e1bil direcci\u00f3n, la ni\u00f1a se inclin\u00f3 con gusto a las ciencias exactas: las matem\u00e1ticas, el dibujo lineal, los principios de arquitectura fueron muy pronto objeto de sus estudios de predilecci\u00f3n.<\/p>\n<p>En qu\u00e9 preocupaciones obedec\u00eda Gastard Rutan, al prescribir a su hija un g\u00e9nero de estudios tan poco en relaci\u00f3n\u00a0 con las aptitudes habituales de su sexo, es un detalle que se nos escapa; pero sin saberlo, serv\u00eda maravillosamente a los destinaos de la futre Sor de Caridad, que sacar\u00e1 m\u00e1s tarde provecho en las obras que le ser\u00e1n confiadas, los conocimientos adquiridos durante su juventud.<\/p>\n<p>En esta atm\u00f3sfera familiar de vida laboriosa y cristiana, la joven Margarita debi\u00f3 contraer\u00a0 bastante temprano las costumbres de entrega y de piedad, que no pod\u00edan de ninguna forma, aparte de la vida religiosa, hallar su plena expansi\u00f3n. Tambi\u00e9n se la ve sin extra\u00f1eza, a partir de los dieciocho a\u00f1os, llamar al d\u00eda en que se fuera permitido revestir el h\u00e1bito de las Hijas de la caridad. El nombre de Vicente de Pa\u00fal estaba bien hecho para entusiasmar a un coraz\u00f3n de dieciocho a\u00f1os en esta tierra de Lorena, que tanto deb\u00eda a este gran bienhechor de la humanidad. Surgieron obst\u00e1culos imprevistos; y Margarita, que hab\u00eda cre\u00eddo llegado el momento\u00a0 de alejarse del mundo, esper\u00f3 con paciencia que Dios la llamara a S\u00ed.<\/p>\n<p>Este retraso no fue un tiempo perdido para la piadosa joven. La prueba que, para tantos otros, es el obst\u00e1culo imprevisto, no sirvi\u00f3 m\u00e1s que para resaltar m\u00e1s la solidez de su virtud y la firmeza Inquebrantable de su resoluci\u00f3n. Se acababan las dudas ya, Dios la llamaba a la vida religiosa. A principios del a\u00f1o 1757, tras tres a\u00f1os de una larga espera, le fue dado realizar el proyecto tan querido de su coraz\u00f3n.<\/p>\n<p>Margarita Rutan hizo su postulantado en el hospital de Metz, que dirig\u00edan a la saz\u00f3n y dirigen todav\u00eda hoy las Hermanas de San Vicente de Pa\u00fal. El postulantado es una preparaci\u00f3n a la vida de comunidad; dura unos tres meses. Durante ese tiempo de primera formaci\u00f3n la postulante vive de la vida de las Hijas de la Caridad, observa sus reglas, sigue sus ejercicios de piedad, comparte sus trabajos. Sus disposiciones, sus aptitudes se manifiestas en esta prueba preparatoria. Ella misma, instruida con esta experiencia, se podr\u00eda decir casi con este aprendizaje de unos meses, ve, antes de pedir su admisi\u00f3n en el Instituto, las dificultades y los consuelos que le reserva la vida de comunidad.<\/p>\n<p>Con el informe favorable de la Superiora, Margarita Rutan entr\u00f3 en noviciado de la Casa-madre en Par\u00eds. Era el 23 de abril de 1757, aniversario de su nacimiento y de su bautizo; \u00bfC\u00f3mo no iba a poder, en un d\u00eda que le recordaba tan grandes gracias, responder a la llamada de Dios? Ten\u00eda veinti\u00fan a\u00f1os y deb\u00eda consagrar treinta y siete al servicio de los pobres. Entre las Hijas de la Caridad, el noviciado o seminario dura de\u00a0 ocho a doce meses. Es un tiempo de formaci\u00f3n durante el cual se aprende a renunciar a la propia voluntad, a olvidarse de s\u00ed misma. La joven novicia debe suavizar su car\u00e1cter con todas las exigencia de un regla minuciosa, que no dejar\u00e1 nada a los caprichos de la voluntad y a confinarse en un oficio con frecuencia contrario a sus gustos; entonces no hay distinciones, cualquiera que sea la posici\u00f3n anteriormente ocupada en el mundo, se ha de entregar, en esp\u00edritu de obediencia, a los trabajos humillantes reservados por otra parte a los sirvientes de la casa. Margarita no dej\u00f3 desanimar por estas pruebas diversas. Era una naturaleza selecta, y la generosidad estaba en el fondo de su car\u00e1cter.<\/p>\n<p>El seminario ten\u00eda entonces en su cabeza a una Hermana, a quien sus virtudes, su experiencia, su fineza en el discernimiento de los esp\u00edritus, su habilidad en la formaci\u00f3n de los caracteres hac\u00edan digna del puesto dif\u00edcil que ocupaba. Sor Marie-Anne-Jacques no cesaba de recomendar a sus j\u00f3venes novicias el amor al sacrificio, condici\u00f3n indispensable de la entrega. Su palabra c\u00e1lida, vibrante, pat\u00e9tica, estaba toda penetrada de la unci\u00f3n que los santos saben poner en sus palabras. Leemos en la nota que se le ha dedicado: \u00ab<em>Esta virtuosa Hija se hab\u00eda impuesto la m\u00e1s exacta pr\u00e1ctica de nuestras santas reglas y la m\u00e1s atenta vigilancia para hacerlas observar a nuestras j\u00f3venes Hermanas. El cuidado de formarla s en esta s\u00f3lida piedad que es \u00fatil a todo era su objetivo ; estudiaba sus caracteres y sab\u00eda aliar en ello la dulzura maternal con una juiciosa firmeza, no exigiendo a cada una m\u00e1s que en proporci\u00f3n de su capacidad\u2026 Su esp\u00edritu agradable y cultivado, su coraz\u00f3n excelente, su acceso,\u00a0 su conversaci\u00f3n, su car\u00e1cter complaciente, anticipado, afable, atento a obligar y anticipar lo que puede agradar, todas estas circunstancias daban un nuevo valor a sus servicios<\/em>\u00ab.<\/p>\n<p>En esta excelente escuela, Margarita Rutan desarroll\u00f3 las felices disposiciones\u00a0 con las que hab\u00edan adornado su alma la gracia y la naturaleza. Despu\u00e9s de un corto noviciado de cinco meses, Sor Marie-Anne-Jacques la juzg\u00f3 madura para las obras. En septiembre de 1757, la joven novicia recib\u00eda la orden de ir a Pau, pasando por Toulouse, donde una estancia de corta duraci\u00f3n fue empleada en la farmacia del hospital Saint-Jacques. Desde hac\u00eda tiempo, la situaci\u00f3n\u00a0 presupuestaria del hospital de Pau dejaba mucho que desear. En 1678, como la escasez de las rentas no permit\u00eda hacer frente a los gastos corrientes, la administraci\u00f3n estableci\u00f3\u00a0 una manufactura de tejidos de lana. A pesar de esta feliz innovaci\u00f3n, la cifra de las entradas qued\u00f3 por debajo de la cifra de los gastos. El estado de malestar persistente tuvo tal vez una parte determinante en la decisi\u00f3n que se tom\u00f3 en 1688 de confiar\u00a0 la direcci\u00f3n del establecimiento a las Hermanas de San Vicente de Pa\u00fal; se esperaba que su entrega bien conocida, su amor al orden, su esp\u00edritu de ahorro, tendr\u00edan la doble ventaja de disminuir los gastos y mejorar el servicio de los enfermos. La espera de los administradores no se enga\u00f1\u00f3.<\/p>\n<p>Siempre con un mismo esp\u00edritu de ahorro, despidieron\u00a0 a los cirujanos cuya arte no era por entonces muy complicada, ya que consist\u00eda\u00a0 sobre todo en sangrar, afeitar y colocar ventosas, y se pidi\u00f3 a las Hermanas que realizaran estas funciones.<\/p>\n<p>Se ve que nada se descuid\u00f3 para permitir al hospital vivir con sus propios recursos. Cuando la Hermana Ruan tom\u00f3 posesi\u00f3n en Pau del puesto que la obediencia le confiaba, la administraci\u00f3n del hospital se hallaba en la penosa necesidad de cerrar las puertas del establecimiento a buen n\u00famero de desdichados que solicitaban su entrada. Los Estados del B\u00e9arn acabaron por alarmarse; no lograban mantener el equilibrio del presupuesto sino a costa de los socorros renovados\u00a0 cada a\u00f1o. El 5 de abril de 1774, el Intendente del B\u00e9arn escrib\u00eda al duque de la Vrilli\u00e8re: \u00ab<em>El hospital de Pau, el m\u00e1s considerable de la provincia se sostiene apenas con la ayuda de una manufactura de lanas que se ha establecido all\u00ed. Sus rentas fijas son muy m\u00f3dicas. El concurso de los pobres enfermos que llegan\u00a0 de todas partes y el de los ni\u00f1os exp\u00f3sitos que se reciben es muy grande. Los Estados conceden desde hace alg\u00fan tiempo a este hospital, a t\u00edtulo de caridad, una ayuda m\u00e1s o menos fuerte, seg\u00fan las circunstancias y que han elevado este a\u00f1o a seiscientas libras<\/em>\u00ab.<\/p>\n<p>Por su gran inteligencia, por su juicio recto y seguro, por su esp\u00edritu pr\u00e1ctico y positivo, la Hermana Rutan\u00a0 prest\u00f3 a la casa inestimables servicios. Supo, durante varios a\u00f1os, con un celo y un saber hacer cuyos efectos Dios bendice visiblemente, hacer andar de frente el cuidado de los pobres\u00a0 y la direcci\u00f3n de la manufactura. Ella revel\u00f3, en presencia de deberes tan complejos y en funciones tan diferentes, aquello de lo que es capaz un alma que, con la idea clara y neta del bien que cumplir, lleva en ella la doble llama de la entrega. Por eso, todos no ten\u00edan m\u00e1s que una voz para rendir homenaje a sus raras cualidades y a su gran coraz\u00f3n.<\/p>\n<p>Su caridad encontr\u00f3 su primera recompensa en la religiosa emulaci\u00f3n que provoc\u00f3 en el seno de su familia. Con toda seguridad ella debi\u00f3 apreciar como una gracia que Dios le hac\u00eda la dicha de ver a dos de sus hermanas seg\u00fan la carne, Fran\u00e7oise y Antoinette-Th\u00e9r\u00e8se, pedir y lograr ser sus hermanas en religi\u00f3n. La primera tom\u00f3 el h\u00e1bito de novicia en la Casa-madre de las Hijas de la Caridad el 14 de mayo de 1759; la segunda, el 8 de septiembre de 1766. Se puede creer que por sus ejemplos, sus cartas, sus oraciones, la humilde sierva de los pobres de Pau no fue extra\u00f1a en esta doble determinaci\u00f3n. Lamentablemente, la felicidad de la Hermana Rutan no fue de larga duraci\u00f3n. El 23 de diciembre de 1764, Fran\u00e7oise sucumbi\u00f3 a los ataques de la enfermedad;\u00a0 ten\u00eda veintis\u00e9is a\u00f1os. Dios parec\u00eda no haberla sacado del aliento envenenado del mundo m\u00e1s que para prepararla a la muerte. Las l\u00e1grimas de Sor Margarita se hab\u00edan secado apenas, cuando un nuevo duelo la golpe\u00f3 en el coraz\u00f3n. El 2 de diciembre de 1770, Antoinette-Th\u00e9r\u00e8se fue arrebatada del afecto de su doble familia; ten\u00eda veintiocho a\u00f1os. \u00a1Vaya golpe para el coraz\u00f3n sensible de Margarita Rutan!<\/p>\n<p>Otra prueba la esperaba. La estancia en Pau estaba para ella llena de encantos. Le gustaba, m\u00e1s todav\u00eda que las ventajas de su cielo azul y de su dulce clima, la alegr\u00eda de hallarse en medio de una poblaci\u00f3n simp\u00e1tica y profundamente cristiana, de la que se hab\u00eda formado hac\u00eda tiempo como una nueva familia. Un d\u00eda no obstante en que Dios, por la voz de sus superioras, le dijo que\u00a0 se alejara de all\u00ed; y ella parti\u00f3 sin murmurar, pero no sin sentir rasgado el coraz\u00f3n por el pensamiento de tantos lazos que romper de una vez.<\/p>\n<p>\u00bfA d\u00f3nde dirigi\u00f3 sus pasos al salir del hospicio de Pau? Si tenemos en cuenta las indicaciones\u00a0 suministradas por el cat\u00e1logo del personal de la comunidad, parecer\u00eda que pas\u00f3 sucesivamente por los hospitales de Agde, de Autun, de Brest y de Belle-Isle. A decir verdad, este registro no indica m\u00e1s que las colocaciones, y las colocaciones, entonces como hoy, se revocaban con facilidad, antes incluso de que las Hermanas interesadas hayan tenido conocimiento. Hay lugar de creer que Margarita Rutan no vivi\u00f3 nunca en Agde, Autun, o Belle-Isle. El antiguo autor de la biograf\u00eda manuscrita conservada en el hospital de Dax parece bien informado en este punto: pues \u00e9l no menciona estas tres ciudades entre las la Hermana habit\u00f3.<\/p>\n<p>Seg\u00fan toda verosimilitud, del hospital de Pau se traslad\u00f3 directamente al de Brest, donde se necesitaba una Hermana instruida y familiarizada con las cifras para poner orden en una contabilidad mal llevada. Cuando se termin\u00f3 el trabajo sus superiores, que la llamaron a Par\u00eds, y en abril de 1773, la enviaron a Fontainebleau.<\/p>\n<p>Desde 1691, las Hijas de la Caridad dirig\u00edan en esta ciudad el hospital de la Sainte-Famille, fundado por la demasiado famosa Sra. de Montespan. Sus relaciones obligadas con la Corte, que habitaba all\u00ed una parte del a\u00f1o, y la estancia en el establecimiento de altos personajes que ven\u00edan a restablecer su salud comprometida, exig\u00edan de ella mucho tacto, delicadeza, paciencia y entrega. Se pens\u00f3 que la Hermana Rutan ten\u00eda todas estas cualidades, y no se equivocaban. Abandon\u00f3 voluntariamente sus funciones de contable para retomar, a la cabecera de los enfermos, un lugar que nunca hab\u00eda dejado sin dolor. Los administradores no tardaron en comprender de qu\u00e9 socorro les servir\u00eda la nueva Hermana, cuya gran inteligencia y la caridad sin l\u00edmites todo el mundo admiraba. Escuchaban sus observaciones y no ten\u00edan ninguna dificultad en cumplir las reformas que ella les se\u00f1alaba. Los progresos realizados en unos meses fueron tan considerables que la reina Mar\u00eda Antonieta, de regreso de Fontainebleau, donde deb\u00eda residir, como los a\u00f1os precedentes con la Corte, qued\u00f3 maravillada. Quiso ver a la Hermana Rutan, dirigirle sus agradecimientos y sus felicitaciones y asegurarle que, si era necesario, la ayudar\u00eda con su dinero.<\/p>\n<p>Poco despu\u00e9s de esta visita principesca,\u00a0 una epidemia de viruela se abat\u00eda sobre la poblaci\u00f3n de Fontainebleau y causaba numerosas v\u00edctimas.\u00a0 La Srta. de Fleury fue atacada, como tantos otros por el terrible azote. Pero la reina, que le ten\u00eda un afecto muy particular, mand\u00f3 llevarla al hospital de la Sainte-Famille, para que la Hermana Rutan en persona cuidara de ella. Su confianza no qued\u00f3 defraudada y pronto la enferma, recuperada la salud, uni\u00f3 en un mismo sentimiento de agradecimiento a la enfermera caritativa y a la augusta princesa que se la hab\u00eda procurado.<\/p>\n<p>Por orden de la Superiora general, la Hermana Rutan dej\u00f3 Fontainebleau y se dirigi\u00f3 a Blangy-sur-Bresle, en el Sena Inferior; si se deb\u00eda a\u00f1adir fe a su primer bi\u00f3grafo, habr\u00eda creado all\u00ed un hospital, redactado reglamentos llenos de sabidur\u00eda y fundado escuelas para los ni\u00f1os pobres. El relato de la biograf\u00eda manuscrita contiene con seguridad una gran parte de exageraci\u00f3n. El papel de la Hermana Rutan fue otro. El hospital, construido en el siglo XVII gracias a las liberalidades de Marie-Louise de Orl\u00e9ans, duquesa de Montpensier, era, desde 1685 lo m\u00e1s tarde, atendido por las Hijas de la Caridad. Que la Hermana Rutan le haya reconstruido o simplemente agrandado, que hay tambi\u00e9n abierto escuelas all\u00ed, es posible, pero muy poco veros\u00edmil. Las misiones de este g\u00e9nero son confiadas de ordinario a las superioras de establecimientos y no a las simples Hermanas.<\/p>\n<p>Los pobres de Blangy no tuvieron la suerte de tenerla por largo tiempo. Los administradores del hospital que las Hermanas dirig\u00edan en Troyes desde el 28 de febrero de 1677 se negaban a observar las cl\u00e1usulas del contrato de fundaci\u00f3n, y la Superiora general, despu\u00e9s de aguantar dos a\u00f1os y de imponerse los m\u00e1s duros sacrificios, juzg\u00f3 que el momento de tomar una decisi\u00f3n hab\u00eda llegado. Fue en estas circunstancias, en abril de 1779, cuando la Hermana Rutan fue enviada provisionalmente a esta ciudad. \u00bfCu\u00e1l era exactamente el plan de su viaje? \u00bfIba simplemente a examinar la situaci\u00f3n en el mismo lugar? \u00bfEstaba encargada de negociar con los administradores o de preparar la pr\u00f3xima partida de las Hermanas? Fuera el que fuera el objeto de su misi\u00f3n, el recuerdo de la peque\u00f1a Comunidad de Troyes sigui\u00f3 de cerca la llegada de Sor Rutan, quien reemprendi\u00f3 ella misma el camino de Par\u00eds. La divina Providencia la tra\u00eda a la capital, en el momento en que Mons. Lequien\u00a0 de Laneufville, obispo de Dax, llegaba en\u00a0 busca una superiora para dirigir el hospital que constru\u00eda en su ciudad episcopal. De esta feliz coincidencia iba a depender el futuro de Sor Rutan.<\/p>\n","protected":false},"excerpt":{"rendered":"<p>CAP\u00cdTULO PRIMERO PRIMEROS A\u00d1OS Y PRIMEROS TRABAJOS \u2013 NACIMIENTO \u2013 FAMILIA \u2013 EDUCACI\u00d3N \u2013 VOCACI\u00d3N RELIGIOSA \u2013 NOVICIADO \u2013 EMPLEOS DIVERSOS (1736-1779) MARGUERITE RUTAN naci\u00f3 en Metz, el 23 de abril de 1736, en una &#8230; <a href=\"http:\/\/vincentians.com\/es\/margarita-rutan-una-victima-de-la-revolucion-capitulo-primero\/\" class=\"more-link\">Read More<\/a><\/p>\n","protected":false},"author":4,"featured_media":400140,"comment_status":"open","ping_status":"open","sticky":false,"template":"","format":"standard","meta":{"jetpack_post_was_ever_published":false,"_jetpack_newsletter_access":"","_jetpack_dont_email_post_to_subs":false,"_jetpack_newsletter_tier_id":0,"_jetpack_memberships_contains_paywalled_content":false,"_jetpack_memberships_contains_paid_content":false,"footnotes":"","jetpack_publicize_message":"","jetpack_publicize_feature_enabled":true,"jetpack_social_post_already_shared":true,"jetpack_social_options":{"image_generator_settings":{"template":"highway","default_image_id":0,"font":"","enabled":false},"version":2}},"categories":[251],"tags":[],"class_list":["post-49220","post","type-post","status-publish","format-standard","has-post-thumbnail","hentry","category-margarita-rutan"],"yoast_head":"<!-- This site is optimized with the Yoast SEO plugin v26.3 - https:\/\/yoast.com\/wordpress\/plugins\/seo\/ -->\n<title>Margarita Rutan: una v\u00edctima de la Revoluci\u00f3n (Cap\u00edtulo primero) - Somos Vicencianos<\/title>\n<meta name=\"robots\" content=\"index, follow, max-snippet:-1, max-image-preview:large, max-video-preview:-1\" \/>\n<link rel=\"canonical\" href=\"http:\/\/vincentians.com\/es\/margarita-rutan-una-victima-de-la-revolucion-capitulo-primero\/\" \/>\n<meta property=\"og:locale\" content=\"es_ES\" \/>\n<meta property=\"og:type\" content=\"article\" \/>\n<meta property=\"og:title\" content=\"Margarita Rutan: una v\u00edctima de la Revoluci\u00f3n (Cap\u00edtulo primero) - Somos Vicencianos\" \/>\n<meta property=\"og:description\" content=\"CAP\u00cdTULO PRIMERO PRIMEROS A\u00d1OS Y PRIMEROS TRABAJOS \u2013 NACIMIENTO \u2013 FAMILIA \u2013 EDUCACI\u00d3N \u2013 VOCACI\u00d3N RELIGIOSA \u2013 NOVICIADO \u2013 EMPLEOS DIVERSOS (1736-1779) MARGUERITE RUTAN naci\u00f3 en Metz, el 23 de abril de 1736, en una ... Read More\" \/>\n<meta property=\"og:url\" content=\"http:\/\/vincentians.com\/es\/margarita-rutan-una-victima-de-la-revolucion-capitulo-primero\/\" \/>\n<meta property=\"og:site_name\" content=\"Somos Vicencianos\" \/>\n<meta property=\"article:publisher\" content=\"https:\/\/www.facebook.com\/WeAreVincentians\/\" \/>\n<meta property=\"article:author\" content=\"https:\/\/www.facebook.com\/JavierChento\" \/>\n<meta property=\"article:published_time\" content=\"2018-02-20T07:16:25+00:00\" \/>\n<meta property=\"og:image\" content=\"https:\/\/i0.wp.com\/vincentians.com\/es\/wp-content\/uploads\/sites\/11\/2011\/11\/HIjas-Caridad.jpg?fit=1771%2C886\" \/>\n\t<meta property=\"og:image:width\" content=\"1771\" \/>\n\t<meta property=\"og:image:height\" content=\"886\" \/>\n\t<meta property=\"og:image:type\" content=\"image\/jpeg\" \/>\n<meta name=\"author\" content=\"Francisco Javier Fern\u00e1ndez Chento\" \/>\n<meta name=\"twitter:card\" content=\"summary_large_image\" \/>\n<meta name=\"twitter:creator\" content=\"@https:\/\/twitter.com\/javierchento\" \/>\n<meta name=\"twitter:site\" content=\"@WeVincentians\" \/>\n<meta name=\"twitter:label1\" content=\"Escrito por\" \/>\n\t<meta name=\"twitter:data1\" content=\"Francisco Javier Fern\u00e1ndez Chento\" \/>\n\t<meta name=\"twitter:label2\" content=\"Tiempo de lectura\" \/>\n\t<meta name=\"twitter:data2\" content=\"14 minutos\" \/>\n<script type=\"application\/ld+json\" class=\"yoast-schema-graph\">{\"@context\":\"https:\/\/schema.org\",\"@graph\":[{\"@type\":\"Article\",\"@id\":\"http:\/\/vincentians.com\/es\/margarita-rutan-una-victima-de-la-revolucion-capitulo-primero\/#article\",\"isPartOf\":{\"@id\":\"http:\/\/vincentians.com\/es\/margarita-rutan-una-victima-de-la-revolucion-capitulo-primero\/\"},\"author\":{\"name\":\"Francisco Javier Fern\u00e1ndez Chento\",\"@id\":\"https:\/\/vincentians.com\/es\/#\/schema\/person\/9623ef4d9aa3b2dfb8c061f1499288f2\"},\"headline\":\"Margarita Rutan: una v\u00edctima de la Revoluci\u00f3n (Cap\u00edtulo primero)\",\"datePublished\":\"2018-02-20T07:16:25+00:00\",\"mainEntityOfPage\":{\"@id\":\"http:\/\/vincentians.com\/es\/margarita-rutan-una-victima-de-la-revolucion-capitulo-primero\/\"},\"wordCount\":2836,\"commentCount\":0,\"publisher\":{\"@id\":\"https:\/\/vincentians.com\/es\/#organization\"},\"image\":{\"@id\":\"http:\/\/vincentians.com\/es\/margarita-rutan-una-victima-de-la-revolucion-capitulo-primero\/#primaryimage\"},\"thumbnailUrl\":\"https:\/\/i0.wp.com\/vincentians.com\/es\/wp-content\/uploads\/sites\/11\/2011\/11\/HIjas-Caridad.jpg?fit=1771%2C886\",\"articleSection\":[\"Margarita Rutan\"],\"inLanguage\":\"es\",\"potentialAction\":[{\"@type\":\"CommentAction\",\"name\":\"Comment\",\"target\":[\"http:\/\/vincentians.com\/es\/margarita-rutan-una-victima-de-la-revolucion-capitulo-primero\/#respond\"]}]},{\"@type\":\"WebPage\",\"@id\":\"http:\/\/vincentians.com\/es\/margarita-rutan-una-victima-de-la-revolucion-capitulo-primero\/\",\"url\":\"http:\/\/vincentians.com\/es\/margarita-rutan-una-victima-de-la-revolucion-capitulo-primero\/\",\"name\":\"Margarita Rutan: una v\u00edctima de la Revoluci\u00f3n (Cap\u00edtulo primero) - Somos Vicencianos\",\"isPartOf\":{\"@id\":\"https:\/\/vincentians.com\/es\/#website\"},\"primaryImageOfPage\":{\"@id\":\"http:\/\/vincentians.com\/es\/margarita-rutan-una-victima-de-la-revolucion-capitulo-primero\/#primaryimage\"},\"image\":{\"@id\":\"http:\/\/vincentians.com\/es\/margarita-rutan-una-victima-de-la-revolucion-capitulo-primero\/#primaryimage\"},\"thumbnailUrl\":\"https:\/\/i0.wp.com\/vincentians.com\/es\/wp-content\/uploads\/sites\/11\/2011\/11\/HIjas-Caridad.jpg?fit=1771%2C886\",\"datePublished\":\"2018-02-20T07:16:25+00:00\",\"breadcrumb\":{\"@id\":\"http:\/\/vincentians.com\/es\/margarita-rutan-una-victima-de-la-revolucion-capitulo-primero\/#breadcrumb\"},\"inLanguage\":\"es\",\"potentialAction\":[{\"@type\":\"ReadAction\",\"target\":[\"http:\/\/vincentians.com\/es\/margarita-rutan-una-victima-de-la-revolucion-capitulo-primero\/\"]}]},{\"@type\":\"ImageObject\",\"inLanguage\":\"es\",\"@id\":\"http:\/\/vincentians.com\/es\/margarita-rutan-una-victima-de-la-revolucion-capitulo-primero\/#primaryimage\",\"url\":\"https:\/\/i0.wp.com\/vincentians.com\/es\/wp-content\/uploads\/sites\/11\/2011\/11\/HIjas-Caridad.jpg?fit=1771%2C886\",\"contentUrl\":\"https:\/\/i0.wp.com\/vincentians.com\/es\/wp-content\/uploads\/sites\/11\/2011\/11\/HIjas-Caridad.jpg?fit=1771%2C886\",\"width\":1771,\"height\":886},{\"@type\":\"BreadcrumbList\",\"@id\":\"http:\/\/vincentians.com\/es\/margarita-rutan-una-victima-de-la-revolucion-capitulo-primero\/#breadcrumb\",\"itemListElement\":[{\"@type\":\"ListItem\",\"position\":1,\"name\":\"Portada\",\"item\":\"https:\/\/vincentians.com\/es\/\"},{\"@type\":\"ListItem\",\"position\":2,\"name\":\"Margarita Rutan: una v\u00edctima de la Revoluci\u00f3n (Cap\u00edtulo primero)\"}]},{\"@type\":\"WebSite\",\"@id\":\"https:\/\/vincentians.com\/es\/#website\",\"url\":\"https:\/\/vincentians.com\/es\/\",\"name\":\"Somos Vicencianos\",\"description\":\"Know more to serve more\",\"publisher\":{\"@id\":\"https:\/\/vincentians.com\/es\/#organization\"},\"potentialAction\":[{\"@type\":\"SearchAction\",\"target\":{\"@type\":\"EntryPoint\",\"urlTemplate\":\"https:\/\/vincentians.com\/es\/?s={search_term_string}\"},\"query-input\":{\"@type\":\"PropertyValueSpecification\",\"valueRequired\":true,\"valueName\":\"search_term_string\"}}],\"inLanguage\":\"es\"},{\"@type\":\"Organization\",\"@id\":\"https:\/\/vincentians.com\/es\/#organization\",\"name\":\"The Vincentian Network\",\"url\":\"https:\/\/vincentians.com\/es\/\",\"logo\":{\"@type\":\"ImageObject\",\"inLanguage\":\"es\",\"@id\":\"https:\/\/vincentians.com\/es\/#\/schema\/logo\/image\/\",\"url\":\"https:\/\/i1.wp.com\/vincentians.com\/es\/wp-content\/uploads\/sites\/11\/2016\/06\/Vincentian-Network-logo-big.png?fit=778%2C778\",\"contentUrl\":\"https:\/\/i1.wp.com\/vincentians.com\/es\/wp-content\/uploads\/sites\/11\/2016\/06\/Vincentian-Network-logo-big.png?fit=778%2C778\",\"width\":778,\"height\":778,\"caption\":\"The Vincentian Network\"},\"image\":{\"@id\":\"https:\/\/vincentians.com\/es\/#\/schema\/logo\/image\/\"},\"sameAs\":[\"https:\/\/www.facebook.com\/WeAreVincentians\/\",\"https:\/\/x.com\/WeVincentians\"]},{\"@type\":\"Person\",\"@id\":\"https:\/\/vincentians.com\/es\/#\/schema\/person\/9623ef4d9aa3b2dfb8c061f1499288f2\",\"name\":\"Francisco Javier Fern\u00e1ndez Chento\",\"image\":{\"@type\":\"ImageObject\",\"inLanguage\":\"es\",\"@id\":\"https:\/\/vincentians.com\/es\/#\/schema\/person\/image\/\",\"url\":\"https:\/\/secure.gravatar.com\/avatar\/497d5cde87b4c3d097d0315953521681ba2cd523ee66e5077c3711f7021e65de?s=96&d=mm&r=g\",\"contentUrl\":\"https:\/\/secure.gravatar.com\/avatar\/497d5cde87b4c3d097d0315953521681ba2cd523ee66e5077c3711f7021e65de?s=96&d=mm&r=g\",\"caption\":\"Francisco Javier Fern\u00e1ndez Chento\"},\"description\":\"Director General y cofundador de La Red de Formaci\u00f3n Vicenciana. Javier es laico vicenciano, afiliado a la Congregaci\u00f3n de la Misi\u00f3n y miembro del Equipo de Misiones Populares de la provincia can\u00f3nica de Zaragoza (Espa\u00f1a) de la Congregaci\u00f3n de la Misi\u00f3n. Graduado en la Universidad Oberta de Catalunya con cuatro grados (Asistente de direcci\u00f3n, Gesti\u00f3n Administrativa, Recursos Humanos y Contabilidad Avanzada). Bil\u00edng\u00fce Espa\u00f1ol\/Ingl\u00e9s. gestiona y mantiene varias p\u00e1ginas web cristianas y vicencianas, incluida including La Red de Formaci\u00f3n Vicenciana, de la que es cofundador. Actualmente es responsable del \u00e1rea de Espa\u00f1ol de .famvin, la Red de Noticias de la Familia Vicenciana. Tambi\u00e9n es m\u00fasico cat\u00f3lico y ha editado varios discos. Es Director General y cofundador de Trovador, una reconocida compa\u00f1\u00eda discogr\u00e1fica critiana de Espa\u00f1a. Trabaja en las Tecnolog\u00edas de la Informaci\u00f3n, ofreciendo servicios de alojamiento, dise\u00f1o y mantenimiento Web, as\u00ed como asesoramiento, formaci\u00f3n y soluciones inform\u00e1ticas, gesti\u00f3n documental y digitalizaci\u00f3n de textos, edici\u00f3n y maquetaci\u00f3n de libros, revistas, flyers, etc.\",\"sameAs\":[\"http:\/\/chento.org\",\"https:\/\/www.facebook.com\/JavierChento\",\"https:\/\/x.com\/https:\/\/twitter.com\/javierchento\"],\"url\":\"http:\/\/vincentians.com\/es\/author\/chento\/\"}]}<\/script>\n<!-- \/ Yoast SEO plugin. -->","yoast_head_json":{"title":"Margarita Rutan: una v\u00edctima de la Revoluci\u00f3n (Cap\u00edtulo primero) - Somos Vicencianos","robots":{"index":"index","follow":"follow","max-snippet":"max-snippet:-1","max-image-preview":"max-image-preview:large","max-video-preview":"max-video-preview:-1"},"canonical":"http:\/\/vincentians.com\/es\/margarita-rutan-una-victima-de-la-revolucion-capitulo-primero\/","og_locale":"es_ES","og_type":"article","og_title":"Margarita Rutan: una v\u00edctima de la Revoluci\u00f3n (Cap\u00edtulo primero) - Somos Vicencianos","og_description":"CAP\u00cdTULO PRIMERO PRIMEROS A\u00d1OS Y PRIMEROS TRABAJOS \u2013 NACIMIENTO \u2013 FAMILIA \u2013 EDUCACI\u00d3N \u2013 VOCACI\u00d3N RELIGIOSA \u2013 NOVICIADO \u2013 EMPLEOS DIVERSOS (1736-1779) MARGUERITE RUTAN naci\u00f3 en Metz, el 23 de abril de 1736, en una ... Read More","og_url":"http:\/\/vincentians.com\/es\/margarita-rutan-una-victima-de-la-revolucion-capitulo-primero\/","og_site_name":"Somos Vicencianos","article_publisher":"https:\/\/www.facebook.com\/WeAreVincentians\/","article_author":"https:\/\/www.facebook.com\/JavierChento","article_published_time":"2018-02-20T07:16:25+00:00","og_image":[{"width":1771,"height":886,"url":"https:\/\/i0.wp.com\/vincentians.com\/es\/wp-content\/uploads\/sites\/11\/2011\/11\/HIjas-Caridad.jpg?fit=1771%2C886","type":"image\/jpeg"}],"author":"Francisco Javier Fern\u00e1ndez Chento","twitter_card":"summary_large_image","twitter_creator":"@https:\/\/twitter.com\/javierchento","twitter_site":"@WeVincentians","twitter_misc":{"Escrito por":"Francisco Javier Fern\u00e1ndez Chento","Tiempo de lectura":"14 minutos"},"schema":{"@context":"https:\/\/schema.org","@graph":[{"@type":"Article","@id":"http:\/\/vincentians.com\/es\/margarita-rutan-una-victima-de-la-revolucion-capitulo-primero\/#article","isPartOf":{"@id":"http:\/\/vincentians.com\/es\/margarita-rutan-una-victima-de-la-revolucion-capitulo-primero\/"},"author":{"name":"Francisco Javier Fern\u00e1ndez Chento","@id":"https:\/\/vincentians.com\/es\/#\/schema\/person\/9623ef4d9aa3b2dfb8c061f1499288f2"},"headline":"Margarita Rutan: una v\u00edctima de la Revoluci\u00f3n (Cap\u00edtulo primero)","datePublished":"2018-02-20T07:16:25+00:00","mainEntityOfPage":{"@id":"http:\/\/vincentians.com\/es\/margarita-rutan-una-victima-de-la-revolucion-capitulo-primero\/"},"wordCount":2836,"commentCount":0,"publisher":{"@id":"https:\/\/vincentians.com\/es\/#organization"},"image":{"@id":"http:\/\/vincentians.com\/es\/margarita-rutan-una-victima-de-la-revolucion-capitulo-primero\/#primaryimage"},"thumbnailUrl":"https:\/\/i0.wp.com\/vincentians.com\/es\/wp-content\/uploads\/sites\/11\/2011\/11\/HIjas-Caridad.jpg?fit=1771%2C886","articleSection":["Margarita Rutan"],"inLanguage":"es","potentialAction":[{"@type":"CommentAction","name":"Comment","target":["http:\/\/vincentians.com\/es\/margarita-rutan-una-victima-de-la-revolucion-capitulo-primero\/#respond"]}]},{"@type":"WebPage","@id":"http:\/\/vincentians.com\/es\/margarita-rutan-una-victima-de-la-revolucion-capitulo-primero\/","url":"http:\/\/vincentians.com\/es\/margarita-rutan-una-victima-de-la-revolucion-capitulo-primero\/","name":"Margarita Rutan: una v\u00edctima de la Revoluci\u00f3n (Cap\u00edtulo primero) - Somos Vicencianos","isPartOf":{"@id":"https:\/\/vincentians.com\/es\/#website"},"primaryImageOfPage":{"@id":"http:\/\/vincentians.com\/es\/margarita-rutan-una-victima-de-la-revolucion-capitulo-primero\/#primaryimage"},"image":{"@id":"http:\/\/vincentians.com\/es\/margarita-rutan-una-victima-de-la-revolucion-capitulo-primero\/#primaryimage"},"thumbnailUrl":"https:\/\/i0.wp.com\/vincentians.com\/es\/wp-content\/uploads\/sites\/11\/2011\/11\/HIjas-Caridad.jpg?fit=1771%2C886","datePublished":"2018-02-20T07:16:25+00:00","breadcrumb":{"@id":"http:\/\/vincentians.com\/es\/margarita-rutan-una-victima-de-la-revolucion-capitulo-primero\/#breadcrumb"},"inLanguage":"es","potentialAction":[{"@type":"ReadAction","target":["http:\/\/vincentians.com\/es\/margarita-rutan-una-victima-de-la-revolucion-capitulo-primero\/"]}]},{"@type":"ImageObject","inLanguage":"es","@id":"http:\/\/vincentians.com\/es\/margarita-rutan-una-victima-de-la-revolucion-capitulo-primero\/#primaryimage","url":"https:\/\/i0.wp.com\/vincentians.com\/es\/wp-content\/uploads\/sites\/11\/2011\/11\/HIjas-Caridad.jpg?fit=1771%2C886","contentUrl":"https:\/\/i0.wp.com\/vincentians.com\/es\/wp-content\/uploads\/sites\/11\/2011\/11\/HIjas-Caridad.jpg?fit=1771%2C886","width":1771,"height":886},{"@type":"BreadcrumbList","@id":"http:\/\/vincentians.com\/es\/margarita-rutan-una-victima-de-la-revolucion-capitulo-primero\/#breadcrumb","itemListElement":[{"@type":"ListItem","position":1,"name":"Portada","item":"https:\/\/vincentians.com\/es\/"},{"@type":"ListItem","position":2,"name":"Margarita Rutan: una v\u00edctima de la Revoluci\u00f3n (Cap\u00edtulo primero)"}]},{"@type":"WebSite","@id":"https:\/\/vincentians.com\/es\/#website","url":"https:\/\/vincentians.com\/es\/","name":"Somos Vicencianos","description":"Know more to serve more","publisher":{"@id":"https:\/\/vincentians.com\/es\/#organization"},"potentialAction":[{"@type":"SearchAction","target":{"@type":"EntryPoint","urlTemplate":"https:\/\/vincentians.com\/es\/?s={search_term_string}"},"query-input":{"@type":"PropertyValueSpecification","valueRequired":true,"valueName":"search_term_string"}}],"inLanguage":"es"},{"@type":"Organization","@id":"https:\/\/vincentians.com\/es\/#organization","name":"The Vincentian Network","url":"https:\/\/vincentians.com\/es\/","logo":{"@type":"ImageObject","inLanguage":"es","@id":"https:\/\/vincentians.com\/es\/#\/schema\/logo\/image\/","url":"https:\/\/i1.wp.com\/vincentians.com\/es\/wp-content\/uploads\/sites\/11\/2016\/06\/Vincentian-Network-logo-big.png?fit=778%2C778","contentUrl":"https:\/\/i1.wp.com\/vincentians.com\/es\/wp-content\/uploads\/sites\/11\/2016\/06\/Vincentian-Network-logo-big.png?fit=778%2C778","width":778,"height":778,"caption":"The Vincentian Network"},"image":{"@id":"https:\/\/vincentians.com\/es\/#\/schema\/logo\/image\/"},"sameAs":["https:\/\/www.facebook.com\/WeAreVincentians\/","https:\/\/x.com\/WeVincentians"]},{"@type":"Person","@id":"https:\/\/vincentians.com\/es\/#\/schema\/person\/9623ef4d9aa3b2dfb8c061f1499288f2","name":"Francisco Javier Fern\u00e1ndez Chento","image":{"@type":"ImageObject","inLanguage":"es","@id":"https:\/\/vincentians.com\/es\/#\/schema\/person\/image\/","url":"https:\/\/secure.gravatar.com\/avatar\/497d5cde87b4c3d097d0315953521681ba2cd523ee66e5077c3711f7021e65de?s=96&d=mm&r=g","contentUrl":"https:\/\/secure.gravatar.com\/avatar\/497d5cde87b4c3d097d0315953521681ba2cd523ee66e5077c3711f7021e65de?s=96&d=mm&r=g","caption":"Francisco Javier Fern\u00e1ndez Chento"},"description":"Director General y cofundador de La Red de Formaci\u00f3n Vicenciana. Javier es laico vicenciano, afiliado a la Congregaci\u00f3n de la Misi\u00f3n y miembro del Equipo de Misiones Populares de la provincia can\u00f3nica de Zaragoza (Espa\u00f1a) de la Congregaci\u00f3n de la Misi\u00f3n. Graduado en la Universidad Oberta de Catalunya con cuatro grados (Asistente de direcci\u00f3n, Gesti\u00f3n Administrativa, Recursos Humanos y Contabilidad Avanzada). Bil\u00edng\u00fce Espa\u00f1ol\/Ingl\u00e9s. gestiona y mantiene varias p\u00e1ginas web cristianas y vicencianas, incluida including La Red de Formaci\u00f3n Vicenciana, de la que es cofundador. Actualmente es responsable del \u00e1rea de Espa\u00f1ol de .famvin, la Red de Noticias de la Familia Vicenciana. Tambi\u00e9n es m\u00fasico cat\u00f3lico y ha editado varios discos. Es Director General y cofundador de Trovador, una reconocida compa\u00f1\u00eda discogr\u00e1fica critiana de Espa\u00f1a. Trabaja en las Tecnolog\u00edas de la Informaci\u00f3n, ofreciendo servicios de alojamiento, dise\u00f1o y mantenimiento Web, as\u00ed como asesoramiento, formaci\u00f3n y soluciones inform\u00e1ticas, gesti\u00f3n documental y digitalizaci\u00f3n de textos, edici\u00f3n y maquetaci\u00f3n de libros, revistas, flyers, etc.","sameAs":["http:\/\/chento.org","https:\/\/www.facebook.com\/JavierChento","https:\/\/x.com\/https:\/\/twitter.com\/javierchento"],"url":"http:\/\/vincentians.com\/es\/author\/chento\/"}]}},"jetpack_publicize_connections":[],"jetpack_featured_media_url":"https:\/\/i0.wp.com\/vincentians.com\/es\/wp-content\/uploads\/sites\/11\/2011\/11\/HIjas-Caridad.jpg?fit=1771%2C886","jetpack_sharing_enabled":true,"jetpack_shortlink":"https:\/\/wp.me\/p7ETMF-cNS","jetpack-related-posts":[{"id":41775,"url":"http:\/\/vincentians.com\/es\/la-beatificacion-de-sor-margarita-rutan-el-19-de-junio-de-2011\/","url_meta":{"origin":49220,"position":0},"title":"La Beatificaci\u00f3n de Sor Margarita Rutan, el 19 de junio de 2011","author":"Francisco Javier Fern\u00e1ndez Chento","date":"06\/06\/2011","format":false,"excerpt":"\"La vida de los Santos no comprende s\u00f3lo su biograf\u00eda terrena, sino tambi\u00e9n su vida y actuaci\u00f3n en Dios despu\u00e9s de la muerte. En los santos es evidente que, quien va hacia Dios no se aleja de los hombres, sino que se est\u00e1 realmente cercano a ellos\" (Deus Caritas est,\u2026","rel":"","context":"En \u00abMargarita Rutan\u00bb","block_context":{"text":"Margarita Rutan","link":"http:\/\/vincentians.com\/es\/category\/la-familia-vicenciana\/la-familia-vicenciana-en-los-altares\/beatos\/margarita-rutan\/"},"img":{"alt_text":"Margarita Rutan, H.C.","src":"https:\/\/i0.wp.com\/vicencianos.org\/wp-content\/2011\/06\/rutan-210x300.jpg?resize=350%2C200","width":350,"height":200},"classes":[]},{"id":42841,"url":"http:\/\/vincentians.com\/es\/una-hija-de-la-caridad-guillotinada-por-un-tribunal-revolucionario-frances-por-no-abjurar-de-su-fe-a-los-altares\/","url_meta":{"origin":49220,"position":1},"title":"Una Hija de la Caridad, guillotinada por un tribunal revolucionario franc\u00e9s por no abjurar de su fe, a los altares","author":"Francisco Javier Fern\u00e1ndez Chento","date":"12\/07\/2016","format":false,"excerpt":"El prefecto de la Congregaci\u00f3n para las Causas de los Santos, el cardenal Angelo Amato, presidir\u00e1 la beatificaci\u00f3n de sor Margarite Rutan, hija de la caridad de San Vicente de Pa\u00fal, este domingo 19 de junio en la ciudad de Dax.La di\u00f3cesis, situada en el suroeste de Francia, dedicar\u00e1 tres\u2026","rel":"","context":"En \u00abMargarita Rutan\u00bb","block_context":{"text":"Margarita Rutan","link":"http:\/\/vincentians.com\/es\/category\/la-familia-vicenciana\/la-familia-vicenciana-en-los-altares\/beatos\/margarita-rutan\/"},"img":{"alt_text":"Srta. Berthe P\u00e9castaing, de origen land\u00e9s. Publicados en Guide de l\u2019Amicale: Centro Hospitalier de Dax, jan 1979.","src":"https:\/\/i0.wp.com\/vicencianos.org\/wp-content\/uploads\/2011\/06\/asd-1-300x198.jpg?resize=350%2C200","width":350,"height":200},"classes":[]},{"id":16049,"url":"http:\/\/vincentians.com\/es\/tal-dia-como-hoy-9-de-abril\/","url_meta":{"origin":49220,"position":2},"title":"Tal d\u00eda como hoy: 9 de abril","author":"Francisco Javier Fern\u00e1ndez Chento","date":"09\/04\/2017","format":false,"excerpt":"1651. En Par\u00eds, muere Adri\u00e1n Le Bon, de la Orden de los Can\u00f3nigos Regulares de San Agust\u00edn y prior de San L\u00e1zaro. Cuando Vicente de Pa\u00fal vio que este bienhechor de la Congregaci\u00f3n iba a dejar este mundo, reuni\u00f3 alrededor de su lecho a todos los misioneros de la casa\u2026","rel":"","context":"En \u00abEfem\u00e9rides Vicencianas\u00bb","block_context":{"text":"Efem\u00e9rides Vicencianas","link":"http:\/\/vincentians.com\/es\/category\/historia-de-la-familia-vicenciana\/efemerides-vicencianas\/"},"img":{"alt_text":"","src":"https:\/\/i0.wp.com\/vincentians.com\/es\/wp-content\/uploads\/sites\/11\/2016\/07\/ephemerides-fb.jpg?fit=1200%2C630&resize=350%2C200","width":350,"height":200,"srcset":"https:\/\/i0.wp.com\/vincentians.com\/es\/wp-content\/uploads\/sites\/11\/2016\/07\/ephemerides-fb.jpg?fit=1200%2C630&resize=350%2C200 1x, https:\/\/i0.wp.com\/vincentians.com\/es\/wp-content\/uploads\/sites\/11\/2016\/07\/ephemerides-fb.jpg?fit=1200%2C630&resize=525%2C300 1.5x, https:\/\/i0.wp.com\/vincentians.com\/es\/wp-content\/uploads\/sites\/11\/2016\/07\/ephemerides-fb.jpg?fit=1200%2C630&resize=700%2C400 2x, https:\/\/i0.wp.com\/vincentians.com\/es\/wp-content\/uploads\/sites\/11\/2016\/07\/ephemerides-fb.jpg?fit=1200%2C630&resize=1050%2C600 3x"},"classes":[]},{"id":49251,"url":"http:\/\/vincentians.com\/es\/margarita-rutan-una-victima-de-la-revolucion-capitulo-quinto\/","url_meta":{"origin":49220,"position":3},"title":"Margarita Rutan: una v\u00edctima de la Revoluci\u00f3n (Cap\u00edtulo quinto)","author":"Francisco Javier Fern\u00e1ndez Chento","date":"04\/03\/2018","format":false,"excerpt":"CAP\u00cdTULO V: EL PAT\u00cdBULO INSTITUCI\u00d3N DE UNA COMISI\u00d3N EXTRAORDINARIA. SUS OPERACIONES EN LAS LANDAS. RIGORES PEDIDOS POR EL COMIT\u00c9 DE VIGILANCIA CONTRA LA HERMANA RUTAN. LLEGADA DE LOS REPRESENTANTES DEL PUEBLO Y DE LA COMISI\u00d3N EXTRAORDINARIA A DAX. JUICIO Y EJECUCI\u00d3N DE SOR RUTAN. INVESTIGACI\u00d3N SOBRE LA DESAPARICI\u00d3N DE SUS\u2026","rel":"","context":"En \u00abMargarita Rutan\u00bb","block_context":{"text":"Margarita Rutan","link":"http:\/\/vincentians.com\/es\/category\/la-familia-vicenciana\/la-familia-vicenciana-en-los-altares\/beatos\/margarita-rutan\/"},"img":{"alt_text":"","src":"https:\/\/i0.wp.com\/vincentians.com\/es\/wp-content\/uploads\/sites\/11\/2011\/11\/HIjas-Caridad.jpg?fit=1200%2C600&resize=350%2C200","width":350,"height":200,"srcset":"https:\/\/i0.wp.com\/vincentians.com\/es\/wp-content\/uploads\/sites\/11\/2011\/11\/HIjas-Caridad.jpg?fit=1200%2C600&resize=350%2C200 1x, https:\/\/i0.wp.com\/vincentians.com\/es\/wp-content\/uploads\/sites\/11\/2011\/11\/HIjas-Caridad.jpg?fit=1200%2C600&resize=525%2C300 1.5x, https:\/\/i0.wp.com\/vincentians.com\/es\/wp-content\/uploads\/sites\/11\/2011\/11\/HIjas-Caridad.jpg?fit=1200%2C600&resize=700%2C400 2x, https:\/\/i0.wp.com\/vincentians.com\/es\/wp-content\/uploads\/sites\/11\/2011\/11\/HIjas-Caridad.jpg?fit=1200%2C600&resize=1050%2C600 3x"},"classes":[]},{"id":60335,"url":"http:\/\/vincentians.com\/es\/cronica-de-una-beatificacion-sor-margarita-rutan\/","url_meta":{"origin":49220,"position":4},"title":"Cr\u00f3nica de una beatificaci\u00f3n: Sor Margarita Rutan","author":"Francisco Javier Fern\u00e1ndez Chento","date":"12\/01\/2012","format":false,"excerpt":"Sor Margarita Rutan, Hija de la Caridad de San Vicente de Pa\u00fal, fue martirizada el nueve de abril de 1794, en Dax, Francia. Y su beatificaci\u00f3n tuvo lugar en Dax, Francia, el d\u00eda 19 de junio de 1911. Han sido numerosas las actividades en torno a esta fiesta, vivida profundamente\u2026","rel":"","context":"En \u00abMargarita Rutan\u00bb","block_context":{"text":"Margarita Rutan","link":"http:\/\/vincentians.com\/es\/category\/la-familia-vicenciana\/la-familia-vicenciana-en-los-altares\/beatos\/margarita-rutan\/"},"img":{"alt_text":"","src":"https:\/\/i0.wp.com\/vicencianos.org\/wp-content\/2012\/01\/cronica_rutan_01-200x300.jpg?resize=350%2C200","width":350,"height":200},"classes":[]},{"id":43210,"url":"http:\/\/vincentians.com\/es\/triduo-para-celebrar-la-beatificacion-de-sor-margarita-rutan-segundo-dia\/","url_meta":{"origin":49220,"position":5},"title":"Triduo para celebrar la beatificaci\u00f3n de sor Margarita Rutan (Segundo d\u00eda)","author":"Francisco Javier Fern\u00e1ndez Chento","date":"21\/06\/2011","format":false,"excerpt":"Margarita Rutan, H.C. Segundo d\u00eda: Oremos para que nuestra donaci\u00f3n a Dios y a los Pobres sea cada d\u00eda tal y como San Vicente y Santa Luisa lo so\u00f1aron y nuestras primeras hermanas lo vivieron. S\u00cdMBOLO: ROSTRO DE LAS DIFERENTES POBREZAS O FORMAS DE SERVICIO. MOTIVACI\u00d3N: \"\u00bfRecuerdan a nuestras queridas\u2026","rel":"","context":"En \u00abMargarita Rutan\u00bb","block_context":{"text":"Margarita Rutan","link":"http:\/\/vincentians.com\/es\/category\/la-familia-vicenciana\/la-familia-vicenciana-en-los-altares\/beatos\/margarita-rutan\/"},"img":{"alt_text":"Margarita Rutan, H.C.","src":"https:\/\/i0.wp.com\/vicencianos.org\/wp-content\/2011\/06\/rutan-210x300.jpg?resize=350%2C200","width":350,"height":200},"classes":[]}],"_links":{"self":[{"href":"http:\/\/vincentians.com\/es\/wp-json\/wp\/v2\/posts\/49220","targetHints":{"allow":["GET"]}}],"collection":[{"href":"http:\/\/vincentians.com\/es\/wp-json\/wp\/v2\/posts"}],"about":[{"href":"http:\/\/vincentians.com\/es\/wp-json\/wp\/v2\/types\/post"}],"author":[{"embeddable":true,"href":"http:\/\/vincentians.com\/es\/wp-json\/wp\/v2\/users\/4"}],"replies":[{"embeddable":true,"href":"http:\/\/vincentians.com\/es\/wp-json\/wp\/v2\/comments?post=49220"}],"version-history":[{"count":1,"href":"http:\/\/vincentians.com\/es\/wp-json\/wp\/v2\/posts\/49220\/revisions"}],"predecessor-version":[{"id":401528,"href":"http:\/\/vincentians.com\/es\/wp-json\/wp\/v2\/posts\/49220\/revisions\/401528"}],"wp:featuredmedia":[{"embeddable":true,"href":"http:\/\/vincentians.com\/es\/wp-json\/wp\/v2\/media\/400140"}],"wp:attachment":[{"href":"http:\/\/vincentians.com\/es\/wp-json\/wp\/v2\/media?parent=49220"}],"wp:term":[{"taxonomy":"category","embeddable":true,"href":"http:\/\/vincentians.com\/es\/wp-json\/wp\/v2\/categories?post=49220"},{"taxonomy":"post_tag","embeddable":true,"href":"http:\/\/vincentians.com\/es\/wp-json\/wp\/v2\/tags?post=49220"}],"curies":[{"name":"wp","href":"https:\/\/api.w.org\/{rel}","templated":true}]}}