{"id":48730,"date":"2011-08-25T07:56:55","date_gmt":"2011-08-25T05:56:55","guid":{"rendered":"http:\/\/somos.vicencianos.org\/?p=48730"},"modified":"2011-08-25T07:56:55","modified_gmt":"2011-08-25T05:56:55","slug":"el-apostolado-hispano-en-la-provincia-este-de-estados-unidos","status":"publish","type":"post","link":"http:\/\/vincentians.com\/es\/el-apostolado-hispano-en-la-provincia-este-de-estados-unidos\/","title":{"rendered":"El apostolado hispano en la Provincia Este de Estados Unidos"},"content":{"rendered":"<h2><strong>Introducci\u00f3n<\/strong><\/h2>\n<p><a href=\"https:\/\/i0.wp.com\/vicencianos.org\/wp-content\/2011\/08\/Hispanos_en_USA.jpg\"><img data-recalc-dims=\"1\" loading=\"lazy\" decoding=\"async\" class=\"alignright size-full wp-image-48731\" title=\"Hispanos_en_USA\" src=\"https:\/\/i0.wp.com\/vicencianos.org\/wp-content\/2011\/08\/Hispanos_en_USA.jpg?resize=250%2C225\" alt=\"\" width=\"250\" height=\"225\" \/><\/a>Antes de informar sobre el apostolado hispano es necesario explicar qu\u00e9 se entiende por \u00abhispano\u00bb. Es un t\u00e9rmino usado en Estados Unidos al referirse a los inmigrantes y a sus descendientes que llegaron all\u00ed procedentes de pa\u00edses de habla espa\u00f1ola. Se intenta agrupar a la gente de habla hispana procedente de Centro Am\u00e9rica, Am\u00e9rica del Sur, el Caribe y Espa\u00f1a; y aunque nadie est\u00e1 muy conforme con ello, la palabra expresa actualmente una realidad compleja. As\u00ed pues, se entiende que el apostolado de la Iglesia para personas de habla hispana en Estados Unidos incluye a toda la gente de las \u00abnaciones hispanas\u00bb. Est\u00e1n incluidos los inmigrantes nuevos y tambi\u00e9n los descendientes de antepasados que llegaron a este pa\u00eds hace varias generaciones. Puede incluir hasta los descendientes de antepasados que vivieron en los estados del suroeste antes de constituirse esta naci\u00f3n.<\/p>\n<p>En cada uno de los trabajos descritos m\u00e1s adelante, los misioneros deben mostrar aprecio al idioma y cultura de las gentes a quienes prestan su ayuda apost\u00f3lica. Una misma familia puede estar formada por abuelos que s\u00f3lo hablan espa\u00f1ol y sus nietos \u00abamericanizados\u00bb que s\u00f3lo hablan ingl\u00e9s. As\u00ed, en muchas parroquias se tiene que trabajar con comunidades inglesas y con comunidades hispanas. Por ejemplo, en la parroquia de San Juan Bautista en Brooklyn, Nueva York, los d\u00edas importantes para la comunidad cat\u00f3lica afro-americana son celebrados con misas en ingl\u00e9s, mientras que las fiestas de Nuestra Se\u00f1ora de la Divina Providencia (Puerto Rico) en noviembre, Nuestra Se\u00f1ora de Guadalupe (M\u00e9xico) en diciembre, y Nuestra Se\u00f1ora de Altagracia (Rep\u00fablica Dominicana) en enero, son celebradas con misa en espa\u00f1ol.<\/p>\n<h2><strong>Algunas rese\u00f1as hist\u00f3ricas<\/strong><\/h2>\n<p>La misi\u00f3n de Panam\u00e1 de esta Provincia, comenzada en 1914, hizo camino para su apostolado hispano en Estados Unidos medio siglo despu\u00e9s. Los Misioneros Vicentinos, inicialmente enviados para servir a las comunidades de habla inglesa en la Zona del Canal de Panam\u00e1, pronto comenzaron a servir al pueblo paname\u00f1o y ampliaron su misi\u00f3n hasta el interior del pa\u00eds. Desde la perspectiva de este art\u00edculo, la misi\u00f3n de Panam\u00e1 puede ser considerada como un campo de aprendizaje que no solamente sumergi\u00f3 a los misioneros en la lengua y la cultura del pueblo, sino que ayud\u00f3 a la Provincia a conseguir una \u00abvisi\u00f3n misionera\u00bb que ser\u00eda muy importante en futuros ministerios con poblaciones de inmigrantes hispanos en Estados Unidos.<\/p>\n<p>Los primeros trabajos apost\u00f3licos hispanos de la Provincia Este comenzaron con el asentamiento de puertorrique\u00f1os en la parroquia de San Juan Bautista en Brooklyn, Nueva York, en los a\u00f1os 1950, y con la llegada de una comunidad de refugiados cubanos a la parroquia de San Vicente de Pa\u00fal, en Miami, Florida, en los a\u00f1os 1960. Durante los a\u00f1os 1970, estas dos parroquias fueron los \u00fanicos apostolados hispanos de la Provincia en Estados Unidos. Pronto lleg\u00f3 el cambio. Las oportunidades econ\u00f3micas en los Estados Unidos junto con la falta de seguridad pol\u00edtica y la pobreza en pa\u00edses latinoamericanos impulsaron una extensa migraci\u00f3n hacia el norte, que continu\u00f3 cambiando el semblante de la Iglesia Cat\u00f3lica en los Estados Unidos hasta hoy.<\/p>\n<p>La respuesta de la Provincia Este a la realidad del cambio fue la fundaci\u00f3n de la Misi\u00f3n Vicenciana Migratoria en la Di\u00f3cesis de Kalamazoo, Michigan, en 1979. Fue el primer trabajo de la Provincia, dise\u00f1ado especialmente para cat\u00f3licos de habla hispana en Estados Unidos. Los PP. Arthur Kolinsky y Thomas Hynes, ambos con experiencia misionera en Panam\u00e1, junto con la Hna. Rosemary Tierney, SSJ, (quien hab\u00eda sido misionera en Per\u00fa), formaron el n\u00facleo de un equipo que misionaba a los obreros agr\u00edcolas migratorios, de origen mexicano principalmente, y a los residentes hispanos de la Di\u00f3cesis. Este ministerio era una colaboraci\u00f3n (en la que estaban implicados clero, religiosos y laicos) muy itinerante y siempre con car\u00e1cter de misi\u00f3n. Se daba prioridad a la formaci\u00f3n de ministros y l\u00edderes laicos en cada comunidad y entre trabajadores del campo. Esta labor misionera tuvo un aspecto original: en el invierno uno o dos de los misioneros vicencianos emigraban mision\u00e1ndoles en sus pueblos de Texas, Florida y M\u00e9xico. Este apostolado continu\u00f3 hasta 1989 cuando se termin\u00f3 por falta de personal misionero.<\/p>\n<h2><strong>Ministerios presentes<\/strong><\/h2>\n<p>En el a\u00f1o 2001 la Provincia Este tiene actualmente seis ministerios apost\u00f3licos en las comunidades de habla hispana en Estados Unidos:<\/p>\n<h3><em>Brooklyn, Nueva York<\/em><\/h3>\n<p>La<strong> Parroquia de San Juan Bautista,<\/strong> fundada en 1868, ha servido a los Cat\u00f3licos de muchos grupos \u00e9tnicos ya que oleadas de inmigrantes pasaron por esta vecindad de Brooklyn. Cuando las familias puertorrique\u00f1as comenzaron a llegar a esta parroquia, los PP. Pa\u00fales empezaron con una misa en espa\u00f1ol en una peque\u00f1a capilla. Hoy, el 80% de los miembros de la parroquia son hispanos; es realmente biling\u00fce. Se celebran las misas en ingl\u00e9s y espa\u00f1ol en tres domingos del mes. En el cuarto domingo se tiene una liturgia biling\u00fce para unir a la comunidad dominical y celebrar la unidad dentro de la diversidad que existe en la Parroquia. No es una tarea f\u00e1cil ya que feligreses de 30 pa\u00edses diferentes participan en la liturgia.<\/p>\n<p>En San Juan Bautista ponen muchos esfuerzos en hacer planes y llevarlos a cabo. El plan de pastoral biling\u00fce contiene las metas y objetivos de cada ministerio parroquial. Sobresalen en importancia el ministerio negro y los comit\u00e9s del ministerio hispano que gu\u00edan las actividades de la Parroquia de acuerdo con la realidad y las diferencias culturales de la gente. Otros dos impulsos mayores de la parroquia son la formaci\u00f3n de seglares y la acci\u00f3n social. El Instituto Pastoral San Vicente de Pa\u00fal para laicos tiene un programa de tres a\u00f1os en ingl\u00e9s y espa\u00f1ol para formar comprometidos l\u00edderes seglares. La Parroquia es una colmena de programas educacionales y sociales, afrontando las causas de la pobreza y equipando a la gente para conseguir mejores condiciones de vida para ellos mismos y para sus familias.<\/p>\n<h3><em>Misiones Populares en espa\u00f1ol<\/em><\/h3>\n<p>El <strong>Equipo Misionero Biling\u00fce <\/strong>fue establecido en el oto\u00f1o de 1985 y contin\u00faa dando misiones de un mes entero en parroquias por Estados Unidos y Am\u00e9rica Latina. Aunque el esquema general de las misiones es el mismo, los PP. Arthur Kolinsky y John Kennedy cambian esa estructura ante la realidad de cada parroquia donde se da una misi\u00f3n. Dondequiera que van, ellos colaboran con el p\u00e1rroco, el equipo del clero parroquial y los seglares para llegar hasta los hispanos, en especial a los pobres que se sienten marginados o que no acuden a la parroquia, invit\u00e1ndoles y recibi\u00e9ndoles en la familia parroquial. De ordinario, la misi\u00f3n dura un mes: tres semanas para visitar y reunir a la gente en grupos de oraci\u00f3n en sus barrios, y una para celebrar una misi\u00f3n tradicional de predicaci\u00f3n en la iglesia. En todos los sitios los seglares de la parroquia reciben instrucci\u00f3n en t\u00e9cnicas de visitar a las familias durante la misi\u00f3n. Cuando el Equipo Misionero Biling\u00fce se marcha los misioneros seglares contin\u00faan trabajando en la parroquia como n\u00facleo del grupo hispano local.<\/p>\n<h3><em>Southampton, Nueva York<\/em><\/h3>\n<p><em> <\/em>El<strong> Ministerio de Evangelizaci\u00f3n Hispano<\/strong> en Southampton, Nueva York, evangeliza a los inmigrantes de todas las partes de Latinoam\u00e9rica que llegan a la regi\u00f3n de la parte final del este de <em>Long Island<\/em> por las oportunidades de empleo en construcci\u00f3n, jardiner\u00eda, restaurantes, limpieza a domicilio y trabajo en el campo. Son varias las consideraciones del panorama real que ayudan a entender a la gente. En general, son inmigrantes recientes. Espa\u00f1ol es la lengua predominante (para adultos y ni\u00f1os) y tienen fuerte apego a las costumbres de su tierra. La estaci\u00f3n de verano les obliga a trabajar durante muchas horas; por lo tanto, su presencia en las actividades de la Iglesia baja durante este tiempo y vuelve al ritmo anterior durante el oto\u00f1o.<\/p>\n<p>Los Misioneros Vicencianos comenzaron este ministerio en 1997, como respuesta a una necesidad de la Di\u00f3cesis que no pod\u00eda proveer de sacerdotes hispano- parlantes a la creciente poblaci\u00f3n de inmigrantes hispanos. Los PP. Gregory Semeniuk y Orlando Cardona (de la Provincia de Colombia) viven juntos en una casa de la Comunidad pero est\u00e1n continuamente \u00aben la carretera\u00bb visitando la gente y viajando a los seis pueblos donde se celebra la misa en espa\u00f1ol en las parroquias. En general, los p\u00e1rrocos y las comunidades parroquiales son amables con los hispanos, pero la lengua y las diferencias culturales son a\u00fan una barrera a la cordialidad entre las comunidades de habla inglesa y de habla espa\u00f1ola. Adem\u00e1s de atender a los deberes sacramentales, ellos ponen empe\u00f1o en la formaci\u00f3n de los seglares y la propia.<\/p>\n<h3><em>Carolina del Norte<\/em><\/h3>\n<p><em> <\/em>El P. Maurice Roche fue el primer misionero de la Provincia Este destinado al ministerio hispano en Carolina del Norte. Ejerci\u00f3 su apostolado entre los inmigrantes mexicanos de la Di\u00f3cesis de Raleigh desde 1990 hasta su muerte. Nuestro actual apostolado en el <strong>Ministerio Hispano en la Di\u00f3cesis de Charlotte<\/strong> empez\u00f3 en 1995 cuando el P. Vincent Finnerty fue nombrado Director Diocesano del Ministerio Hispano. La Di\u00f3cesis, que se extiende a la mitad del oeste de Carolina del Norte, ha tenido en la \u00faltima d\u00e9cada un crecimiento impresionante en la poblaci\u00f3n hispana. Las cifras del Censo en Estados Unidos cuentan la historia del desaf\u00edo al que Vincent se enfrent\u00f3. En el a\u00f1o 2000 esa cifra subi\u00f3 a 378.963 personas; un crecimiento de m\u00e1s de 300.000 hispanos, casi todos inmigrantes atra\u00eddos por los empleos en la construcci\u00f3n y el servicio dom\u00e9stico.<\/p>\n<p>El apostolado realizado all\u00ed ha sido fenomenal. Desde 1995 el n\u00famero de comunidades cat\u00f3licas hispanas ha crecido de 17 a 47; el n\u00famero de misas dominicales en espa\u00f1ol ha aumentado de 17 a 56 (incluyendo nuestra parroquia vicenciana en la ciudad de Greensboro). Los p\u00e1rrocos locales celebran ahora muchas de sus misas en espa\u00f1ol, algunas veces con l\u00edderes seglares que traducen la homil\u00eda. La Di\u00f3cesis tiene ahora un coordinador del ministerio hispano en cada una de sus diez vicar\u00edas.<\/p>\n<p>Los retiros de evangelizaci\u00f3n, preparados y organizados por seglares entrenados han sido medios efectivos para acercarse y evangelizar a los hispanos de la Di\u00f3cesis de Charlotte. M\u00e1s de 8.000 j\u00f3venes y adultos han hecho estos retiros. Son retiros del tradicional <em>Cursillo,<\/em> adaptados a las necesidades actuales de la poblaci\u00f3n. Los ejercitantes, al volver de los retiros, en la misa del domingo siguiente dan su testimonio sobre la experiencia. Estos testimonios animan a otros a participar en el retiro espiritual.<\/p>\n<p>En 1998, el P. Joseph Elzi se uni\u00f3 al P. Vincent, en Charlotte, y el trabajo continu\u00f3. En estos \u00faltimos a\u00f1os un programa de radio cat\u00f3lico diocesano ha sido inaugurado. Un ministro diocesano de juventud hispana ha sido contratado y esta actividad ha comenzado en un centro hispano para la evangelizaci\u00f3n, en la ciudad de Charlotte. Cuatro muchachos viven ahora con los Misioneros Vicencianos formando parte de un programa de discernimiento vocacional. Trabajan en empleos fuera de casa, estudian ingl\u00e9s y toman cursos universitarios prepar\u00e1ndose para el seminario. Dos participantes en el programa de discernimiento han ingresado en el seminario, uno para la Di\u00f3cesis y otro, Jes\u00fas Guadarrama, para los PP. Pa\u00fales.<\/p>\n<h3><em>Filadelfia, Pennsylvania<\/em><\/h3>\n<p>El <strong>Equipo de Evangelizaci\u00f3n Hispano<\/strong> en Filadelfia, Pennsylvania, es un ministerio en colaboraci\u00f3n con las Hijas de la Caridad. Tiene tres miembros de tiempo completo: Sor Christine Mura, DC; los PP. Joseph Cummins y Stephen Grozio; y uno a tiempo parcial, el P. Charles Shanley (asistente del Director de Novicios). El equipo atiende a la comunidad hispana cat\u00f3lica de la Archidi\u00f3cesis de Filadelfia. Con experiencia de tres a\u00f1os en esta labor, el Equipo es responsable del ministerio hispano en tres parroquias de los barrios m\u00e1s pobres de la ciudad. Tambi\u00e9n se encarga de la evangelizaci\u00f3n hispana en toda la vicar\u00eda norte de Filadelfia a trav\u00e9s de visitas, del ministerio de mujeres y del ministerio de j\u00f3venes.<\/p>\n<p>Algunas actividades notables de nuestra labor est\u00e1n patrocinadas por el programa \u00abLas Mujeres Merecen\u00bb (Women Are Worthy), que busca la mejor\u00eda de vida de las mujeres hispanas, quienes se sienten desprotegidas en una sociedad en la que llevan el peso de trabajar, criar hijos y mantener la familia unida. Durante este verano los programas de visitas ser\u00e1n establecidos en cinco parroquias. Los laicos recibir\u00e1n formaci\u00f3n en t\u00e9cnicas de evangelizaci\u00f3n y saldr\u00e1n a visitar a sus hermanos y hermanas hispanos en sus barrios. El equipo tambi\u00e9n colabora con el <em>Instituto Cat\u00f3lico<\/em>, dando cursos de formaci\u00f3n laica y patrocinando talleres de l\u00edderes laicos.<\/p>\n<h3><em>La Misi\u00f3n de Alabama<\/em><\/h3>\n<p><em> <\/em>El apostolado m\u00e1s reciente con hispanos en la Provincia est\u00e1 en Alabama. En 1995, cuando los Vicencianos comenzaron su plan apost\u00f3lico para renovar la <strong>Misi\u00f3n de Alabama, <\/strong>se encontraron con la creciente presencia de la poblaci\u00f3n mexicana. Atra\u00eddos por la perspectiva de trabajo en f\u00e1bricas y en la industria maderera, los nuevos inmigrantes eran en su mayor\u00eda hispanos, y muchos estaban sin documentos. Dos Padres Pa\u00fales, Mart\u00edn McGeough y Francis Sacks, comenzaron a estudiar el idioma y se prepararon para decir la misa en espa\u00f1ol durante la fiesta de Nuestra Se\u00f1ora de Guadalupe. La primera celebraci\u00f3n, el 12 de diciembre de 1997, fue bien aceptada, y la gente les pidi\u00f3 que continuaran celebrando la misa en espa\u00f1ol. A marcha lenta pero segura los n\u00fameros crecieron; y ahora la misa en espa\u00f1ol se celebra todos los domingos en los pueblos de Roanoke, Ashland y Alexander City, y una vez al mes en Opelika. En 1999, el P. Thomas Hynes fue destinado a la Misi\u00f3n de Alabama para ejercer el ministerio entre los hispanos. \u00c9l contin\u00faa visitando la comunidad hispana y ha comenzado <em>comunidades de base<\/em> en los campamentos locales de caravanas.<\/p>\n<h2><strong>\u00bfQu\u00e9 esperamos del futuro?<\/strong><\/h2>\n<p>Los informes del censo y las tendencias de la inmigraci\u00f3n presentan un crecimiento continuado de cat\u00f3licos hispanos en Estados Unidos, y los seminaristas de hoy aceptan el reto de aprender espa\u00f1ol y de \u00abmeterse de lleno\u00bb en las experiencias del ministerio con los hispanos. Tambi\u00e9n se ve un aumento de inter\u00e9s en la Comunidad hacia los latinos. Conforme cambia la imagen del pobre, tambi\u00e9n cambiar\u00e1 la imagen de la Provincia, cuando los amados pobres de Dios son llamados al ministerio, siguiendo los pasos de Vicente de Pa\u00fal.<\/p>\n","protected":false},"excerpt":{"rendered":"<p>Introducci\u00f3n Antes de informar sobre el apostolado hispano es necesario explicar qu\u00e9 se entiende por \u00abhispano\u00bb. Es un t\u00e9rmino usado en Estados Unidos al referirse a los inmigrantes y a sus descendientes que llegaron all\u00ed &#8230; <a href=\"http:\/\/vincentians.com\/es\/el-apostolado-hispano-en-la-provincia-este-de-estados-unidos\/\" class=\"more-link\">Read More<\/a><\/p>\n","protected":false},"author":4,"featured_media":48731,"comment_status":"open","ping_status":"open","sticky":false,"template":"","format":"standard","meta":{"jetpack_post_was_ever_published":false,"_jetpack_newsletter_access":"","_jetpack_dont_email_post_to_subs":false,"_jetpack_newsletter_tier_id":0,"_jetpack_memberships_contains_paywalled_content":false,"_jetpack_memberships_contains_paid_content":false,"footnotes":"","jetpack_publicize_message":"","jetpack_publicize_feature_enabled":true,"jetpack_social_post_already_shared":true,"jetpack_social_options":{"image_generator_settings":{"template":"highway","default_image_id":0,"font":"","enabled":false},"version":2}},"categories":[201],"tags":[195,176],"class_list":["post-48730","post","type-post","status-publish","format-standard","has-post-thumbnail","hentry","category-misiones-ad-gentes","tag-misioneros-seglares","tag-misiones-populares"],"yoast_head":"<!-- This site is optimized with the Yoast SEO plugin v26.3 - https:\/\/yoast.com\/wordpress\/plugins\/seo\/ -->\n<title>El apostolado hispano en la Provincia Este de Estados Unidos - Somos Vicencianos<\/title>\n<meta name=\"robots\" content=\"index, follow, max-snippet:-1, max-image-preview:large, max-video-preview:-1\" \/>\n<link rel=\"canonical\" href=\"http:\/\/vincentians.com\/es\/el-apostolado-hispano-en-la-provincia-este-de-estados-unidos\/\" \/>\n<meta property=\"og:locale\" content=\"es_ES\" \/>\n<meta property=\"og:type\" content=\"article\" \/>\n<meta property=\"og:title\" content=\"El apostolado hispano en la Provincia Este de Estados Unidos - Somos Vicencianos\" \/>\n<meta property=\"og:description\" content=\"Introducci\u00f3n Antes de informar sobre el apostolado hispano es necesario explicar qu\u00e9 se entiende por \u00abhispano\u00bb. Es un t\u00e9rmino usado en Estados Unidos al referirse a los inmigrantes y a sus descendientes que llegaron all\u00ed ... Read More\" \/>\n<meta property=\"og:url\" content=\"http:\/\/vincentians.com\/es\/el-apostolado-hispano-en-la-provincia-este-de-estados-unidos\/\" \/>\n<meta property=\"og:site_name\" content=\"Somos Vicencianos\" \/>\n<meta property=\"article:publisher\" content=\"https:\/\/www.facebook.com\/WeAreVincentians\/\" \/>\n<meta property=\"article:author\" content=\"https:\/\/www.facebook.com\/JavierChento\" \/>\n<meta property=\"article:published_time\" content=\"2011-08-25T05:56:55+00:00\" \/>\n<meta name=\"author\" content=\"Francisco Javier Fern\u00e1ndez Chento\" \/>\n<meta name=\"twitter:card\" content=\"summary_large_image\" \/>\n<meta name=\"twitter:creator\" content=\"@https:\/\/twitter.com\/javierchento\" \/>\n<meta name=\"twitter:site\" content=\"@WeVincentians\" \/>\n<meta name=\"twitter:label1\" content=\"Escrito por\" \/>\n\t<meta name=\"twitter:data1\" content=\"Francisco Javier Fern\u00e1ndez Chento\" \/>\n\t<meta name=\"twitter:label2\" content=\"Tiempo de lectura\" \/>\n\t<meta name=\"twitter:data2\" content=\"13 minutos\" \/>\n<script type=\"application\/ld+json\" class=\"yoast-schema-graph\">{\"@context\":\"https:\/\/schema.org\",\"@graph\":[{\"@type\":\"Article\",\"@id\":\"http:\/\/vincentians.com\/es\/el-apostolado-hispano-en-la-provincia-este-de-estados-unidos\/#article\",\"isPartOf\":{\"@id\":\"http:\/\/vincentians.com\/es\/el-apostolado-hispano-en-la-provincia-este-de-estados-unidos\/\"},\"author\":{\"name\":\"Francisco Javier Fern\u00e1ndez Chento\",\"@id\":\"http:\/\/vincentians.com\/es\/#\/schema\/person\/9623ef4d9aa3b2dfb8c061f1499288f2\"},\"headline\":\"El apostolado hispano en la Provincia Este de Estados Unidos\",\"datePublished\":\"2011-08-25T05:56:55+00:00\",\"mainEntityOfPage\":{\"@id\":\"http:\/\/vincentians.com\/es\/el-apostolado-hispano-en-la-provincia-este-de-estados-unidos\/\"},\"wordCount\":2510,\"commentCount\":0,\"publisher\":{\"@id\":\"http:\/\/vincentians.com\/es\/#organization\"},\"image\":{\"@id\":\"http:\/\/vincentians.com\/es\/el-apostolado-hispano-en-la-provincia-este-de-estados-unidos\/#primaryimage\"},\"thumbnailUrl\":\"\",\"keywords\":[\"Misioneros Seglares\",\"Misiones Populares\"],\"articleSection\":[\"Misiones \u00abAd gentes\u00bb\"],\"inLanguage\":\"es\",\"potentialAction\":[{\"@type\":\"CommentAction\",\"name\":\"Comment\",\"target\":[\"http:\/\/vincentians.com\/es\/el-apostolado-hispano-en-la-provincia-este-de-estados-unidos\/#respond\"]}]},{\"@type\":\"WebPage\",\"@id\":\"http:\/\/vincentians.com\/es\/el-apostolado-hispano-en-la-provincia-este-de-estados-unidos\/\",\"url\":\"http:\/\/vincentians.com\/es\/el-apostolado-hispano-en-la-provincia-este-de-estados-unidos\/\",\"name\":\"El apostolado hispano en la Provincia Este de Estados Unidos - Somos Vicencianos\",\"isPartOf\":{\"@id\":\"http:\/\/vincentians.com\/es\/#website\"},\"primaryImageOfPage\":{\"@id\":\"http:\/\/vincentians.com\/es\/el-apostolado-hispano-en-la-provincia-este-de-estados-unidos\/#primaryimage\"},\"image\":{\"@id\":\"http:\/\/vincentians.com\/es\/el-apostolado-hispano-en-la-provincia-este-de-estados-unidos\/#primaryimage\"},\"thumbnailUrl\":\"\",\"datePublished\":\"2011-08-25T05:56:55+00:00\",\"breadcrumb\":{\"@id\":\"http:\/\/vincentians.com\/es\/el-apostolado-hispano-en-la-provincia-este-de-estados-unidos\/#breadcrumb\"},\"inLanguage\":\"es\",\"potentialAction\":[{\"@type\":\"ReadAction\",\"target\":[\"http:\/\/vincentians.com\/es\/el-apostolado-hispano-en-la-provincia-este-de-estados-unidos\/\"]}]},{\"@type\":\"ImageObject\",\"inLanguage\":\"es\",\"@id\":\"http:\/\/vincentians.com\/es\/el-apostolado-hispano-en-la-provincia-este-de-estados-unidos\/#primaryimage\",\"url\":\"\",\"contentUrl\":\"\"},{\"@type\":\"BreadcrumbList\",\"@id\":\"http:\/\/vincentians.com\/es\/el-apostolado-hispano-en-la-provincia-este-de-estados-unidos\/#breadcrumb\",\"itemListElement\":[{\"@type\":\"ListItem\",\"position\":1,\"name\":\"Portada\",\"item\":\"http:\/\/vincentians.com\/es\/\"},{\"@type\":\"ListItem\",\"position\":2,\"name\":\"El apostolado hispano en la Provincia Este de Estados Unidos\"}]},{\"@type\":\"WebSite\",\"@id\":\"http:\/\/vincentians.com\/es\/#website\",\"url\":\"http:\/\/vincentians.com\/es\/\",\"name\":\"Somos Vicencianos\",\"description\":\"Know more to serve more\",\"publisher\":{\"@id\":\"http:\/\/vincentians.com\/es\/#organization\"},\"potentialAction\":[{\"@type\":\"SearchAction\",\"target\":{\"@type\":\"EntryPoint\",\"urlTemplate\":\"http:\/\/vincentians.com\/es\/?s={search_term_string}\"},\"query-input\":{\"@type\":\"PropertyValueSpecification\",\"valueRequired\":true,\"valueName\":\"search_term_string\"}}],\"inLanguage\":\"es\"},{\"@type\":\"Organization\",\"@id\":\"http:\/\/vincentians.com\/es\/#organization\",\"name\":\"The Vincentian Network\",\"url\":\"http:\/\/vincentians.com\/es\/\",\"logo\":{\"@type\":\"ImageObject\",\"inLanguage\":\"es\",\"@id\":\"http:\/\/vincentians.com\/es\/#\/schema\/logo\/image\/\",\"url\":\"https:\/\/i1.wp.com\/vincentians.com\/es\/wp-content\/uploads\/sites\/11\/2016\/06\/Vincentian-Network-logo-big.png?fit=778%2C778\",\"contentUrl\":\"https:\/\/i1.wp.com\/vincentians.com\/es\/wp-content\/uploads\/sites\/11\/2016\/06\/Vincentian-Network-logo-big.png?fit=778%2C778\",\"width\":778,\"height\":778,\"caption\":\"The Vincentian Network\"},\"image\":{\"@id\":\"http:\/\/vincentians.com\/es\/#\/schema\/logo\/image\/\"},\"sameAs\":[\"https:\/\/www.facebook.com\/WeAreVincentians\/\",\"https:\/\/x.com\/WeVincentians\"]},{\"@type\":\"Person\",\"@id\":\"http:\/\/vincentians.com\/es\/#\/schema\/person\/9623ef4d9aa3b2dfb8c061f1499288f2\",\"name\":\"Francisco Javier Fern\u00e1ndez Chento\",\"image\":{\"@type\":\"ImageObject\",\"inLanguage\":\"es\",\"@id\":\"http:\/\/vincentians.com\/es\/#\/schema\/person\/image\/\",\"url\":\"https:\/\/secure.gravatar.com\/avatar\/497d5cde87b4c3d097d0315953521681ba2cd523ee66e5077c3711f7021e65de?s=96&d=mm&r=g\",\"contentUrl\":\"https:\/\/secure.gravatar.com\/avatar\/497d5cde87b4c3d097d0315953521681ba2cd523ee66e5077c3711f7021e65de?s=96&d=mm&r=g\",\"caption\":\"Francisco Javier Fern\u00e1ndez Chento\"},\"description\":\"Director General y cofundador de La Red de Formaci\u00f3n Vicenciana. Javier es laico vicenciano, afiliado a la Congregaci\u00f3n de la Misi\u00f3n y miembro del Equipo de Misiones Populares de la provincia can\u00f3nica de Zaragoza (Espa\u00f1a) de la Congregaci\u00f3n de la Misi\u00f3n. Graduado en la Universidad Oberta de Catalunya con cuatro grados (Asistente de direcci\u00f3n, Gesti\u00f3n Administrativa, Recursos Humanos y Contabilidad Avanzada). Bil\u00edng\u00fce Espa\u00f1ol\/Ingl\u00e9s. gestiona y mantiene varias p\u00e1ginas web cristianas y vicencianas, incluida including La Red de Formaci\u00f3n Vicenciana, de la que es cofundador. Actualmente es responsable del \u00e1rea de Espa\u00f1ol de .famvin, la Red de Noticias de la Familia Vicenciana. Tambi\u00e9n es m\u00fasico cat\u00f3lico y ha editado varios discos. Es Director General y cofundador de Trovador, una reconocida compa\u00f1\u00eda discogr\u00e1fica critiana de Espa\u00f1a. Trabaja en las Tecnolog\u00edas de la Informaci\u00f3n, ofreciendo servicios de alojamiento, dise\u00f1o y mantenimiento Web, as\u00ed como asesoramiento, formaci\u00f3n y soluciones inform\u00e1ticas, gesti\u00f3n documental y digitalizaci\u00f3n de textos, edici\u00f3n y maquetaci\u00f3n de libros, revistas, flyers, etc.\",\"sameAs\":[\"http:\/\/chento.org\",\"https:\/\/www.facebook.com\/JavierChento\",\"https:\/\/x.com\/https:\/\/twitter.com\/javierchento\"],\"url\":\"http:\/\/vincentians.com\/es\/author\/chento\/\"}]}<\/script>\n<!-- \/ Yoast SEO plugin. -->","yoast_head_json":{"title":"El apostolado hispano en la Provincia Este de Estados Unidos - Somos Vicencianos","robots":{"index":"index","follow":"follow","max-snippet":"max-snippet:-1","max-image-preview":"max-image-preview:large","max-video-preview":"max-video-preview:-1"},"canonical":"http:\/\/vincentians.com\/es\/el-apostolado-hispano-en-la-provincia-este-de-estados-unidos\/","og_locale":"es_ES","og_type":"article","og_title":"El apostolado hispano en la Provincia Este de Estados Unidos - Somos Vicencianos","og_description":"Introducci\u00f3n Antes de informar sobre el apostolado hispano es necesario explicar qu\u00e9 se entiende por \u00abhispano\u00bb. Es un t\u00e9rmino usado en Estados Unidos al referirse a los inmigrantes y a sus descendientes que llegaron all\u00ed ... Read More","og_url":"http:\/\/vincentians.com\/es\/el-apostolado-hispano-en-la-provincia-este-de-estados-unidos\/","og_site_name":"Somos Vicencianos","article_publisher":"https:\/\/www.facebook.com\/WeAreVincentians\/","article_author":"https:\/\/www.facebook.com\/JavierChento","article_published_time":"2011-08-25T05:56:55+00:00","author":"Francisco Javier Fern\u00e1ndez Chento","twitter_card":"summary_large_image","twitter_creator":"@https:\/\/twitter.com\/javierchento","twitter_site":"@WeVincentians","twitter_misc":{"Escrito por":"Francisco Javier Fern\u00e1ndez Chento","Tiempo de lectura":"13 minutos"},"schema":{"@context":"https:\/\/schema.org","@graph":[{"@type":"Article","@id":"http:\/\/vincentians.com\/es\/el-apostolado-hispano-en-la-provincia-este-de-estados-unidos\/#article","isPartOf":{"@id":"http:\/\/vincentians.com\/es\/el-apostolado-hispano-en-la-provincia-este-de-estados-unidos\/"},"author":{"name":"Francisco Javier Fern\u00e1ndez Chento","@id":"http:\/\/vincentians.com\/es\/#\/schema\/person\/9623ef4d9aa3b2dfb8c061f1499288f2"},"headline":"El apostolado hispano en la Provincia Este de Estados Unidos","datePublished":"2011-08-25T05:56:55+00:00","mainEntityOfPage":{"@id":"http:\/\/vincentians.com\/es\/el-apostolado-hispano-en-la-provincia-este-de-estados-unidos\/"},"wordCount":2510,"commentCount":0,"publisher":{"@id":"http:\/\/vincentians.com\/es\/#organization"},"image":{"@id":"http:\/\/vincentians.com\/es\/el-apostolado-hispano-en-la-provincia-este-de-estados-unidos\/#primaryimage"},"thumbnailUrl":"","keywords":["Misioneros Seglares","Misiones Populares"],"articleSection":["Misiones \u00abAd gentes\u00bb"],"inLanguage":"es","potentialAction":[{"@type":"CommentAction","name":"Comment","target":["http:\/\/vincentians.com\/es\/el-apostolado-hispano-en-la-provincia-este-de-estados-unidos\/#respond"]}]},{"@type":"WebPage","@id":"http:\/\/vincentians.com\/es\/el-apostolado-hispano-en-la-provincia-este-de-estados-unidos\/","url":"http:\/\/vincentians.com\/es\/el-apostolado-hispano-en-la-provincia-este-de-estados-unidos\/","name":"El apostolado hispano en la Provincia Este de Estados Unidos - Somos Vicencianos","isPartOf":{"@id":"http:\/\/vincentians.com\/es\/#website"},"primaryImageOfPage":{"@id":"http:\/\/vincentians.com\/es\/el-apostolado-hispano-en-la-provincia-este-de-estados-unidos\/#primaryimage"},"image":{"@id":"http:\/\/vincentians.com\/es\/el-apostolado-hispano-en-la-provincia-este-de-estados-unidos\/#primaryimage"},"thumbnailUrl":"","datePublished":"2011-08-25T05:56:55+00:00","breadcrumb":{"@id":"http:\/\/vincentians.com\/es\/el-apostolado-hispano-en-la-provincia-este-de-estados-unidos\/#breadcrumb"},"inLanguage":"es","potentialAction":[{"@type":"ReadAction","target":["http:\/\/vincentians.com\/es\/el-apostolado-hispano-en-la-provincia-este-de-estados-unidos\/"]}]},{"@type":"ImageObject","inLanguage":"es","@id":"http:\/\/vincentians.com\/es\/el-apostolado-hispano-en-la-provincia-este-de-estados-unidos\/#primaryimage","url":"","contentUrl":""},{"@type":"BreadcrumbList","@id":"http:\/\/vincentians.com\/es\/el-apostolado-hispano-en-la-provincia-este-de-estados-unidos\/#breadcrumb","itemListElement":[{"@type":"ListItem","position":1,"name":"Portada","item":"http:\/\/vincentians.com\/es\/"},{"@type":"ListItem","position":2,"name":"El apostolado hispano en la Provincia Este de Estados Unidos"}]},{"@type":"WebSite","@id":"http:\/\/vincentians.com\/es\/#website","url":"http:\/\/vincentians.com\/es\/","name":"Somos Vicencianos","description":"Know more to serve more","publisher":{"@id":"http:\/\/vincentians.com\/es\/#organization"},"potentialAction":[{"@type":"SearchAction","target":{"@type":"EntryPoint","urlTemplate":"http:\/\/vincentians.com\/es\/?s={search_term_string}"},"query-input":{"@type":"PropertyValueSpecification","valueRequired":true,"valueName":"search_term_string"}}],"inLanguage":"es"},{"@type":"Organization","@id":"http:\/\/vincentians.com\/es\/#organization","name":"The Vincentian Network","url":"http:\/\/vincentians.com\/es\/","logo":{"@type":"ImageObject","inLanguage":"es","@id":"http:\/\/vincentians.com\/es\/#\/schema\/logo\/image\/","url":"https:\/\/i1.wp.com\/vincentians.com\/es\/wp-content\/uploads\/sites\/11\/2016\/06\/Vincentian-Network-logo-big.png?fit=778%2C778","contentUrl":"https:\/\/i1.wp.com\/vincentians.com\/es\/wp-content\/uploads\/sites\/11\/2016\/06\/Vincentian-Network-logo-big.png?fit=778%2C778","width":778,"height":778,"caption":"The Vincentian Network"},"image":{"@id":"http:\/\/vincentians.com\/es\/#\/schema\/logo\/image\/"},"sameAs":["https:\/\/www.facebook.com\/WeAreVincentians\/","https:\/\/x.com\/WeVincentians"]},{"@type":"Person","@id":"http:\/\/vincentians.com\/es\/#\/schema\/person\/9623ef4d9aa3b2dfb8c061f1499288f2","name":"Francisco Javier Fern\u00e1ndez Chento","image":{"@type":"ImageObject","inLanguage":"es","@id":"http:\/\/vincentians.com\/es\/#\/schema\/person\/image\/","url":"https:\/\/secure.gravatar.com\/avatar\/497d5cde87b4c3d097d0315953521681ba2cd523ee66e5077c3711f7021e65de?s=96&d=mm&r=g","contentUrl":"https:\/\/secure.gravatar.com\/avatar\/497d5cde87b4c3d097d0315953521681ba2cd523ee66e5077c3711f7021e65de?s=96&d=mm&r=g","caption":"Francisco Javier Fern\u00e1ndez Chento"},"description":"Director General y cofundador de La Red de Formaci\u00f3n Vicenciana. Javier es laico vicenciano, afiliado a la Congregaci\u00f3n de la Misi\u00f3n y miembro del Equipo de Misiones Populares de la provincia can\u00f3nica de Zaragoza (Espa\u00f1a) de la Congregaci\u00f3n de la Misi\u00f3n. Graduado en la Universidad Oberta de Catalunya con cuatro grados (Asistente de direcci\u00f3n, Gesti\u00f3n Administrativa, Recursos Humanos y Contabilidad Avanzada). Bil\u00edng\u00fce Espa\u00f1ol\/Ingl\u00e9s. gestiona y mantiene varias p\u00e1ginas web cristianas y vicencianas, incluida including La Red de Formaci\u00f3n Vicenciana, de la que es cofundador. Actualmente es responsable del \u00e1rea de Espa\u00f1ol de .famvin, la Red de Noticias de la Familia Vicenciana. Tambi\u00e9n es m\u00fasico cat\u00f3lico y ha editado varios discos. Es Director General y cofundador de Trovador, una reconocida compa\u00f1\u00eda discogr\u00e1fica critiana de Espa\u00f1a. Trabaja en las Tecnolog\u00edas de la Informaci\u00f3n, ofreciendo servicios de alojamiento, dise\u00f1o y mantenimiento Web, as\u00ed como asesoramiento, formaci\u00f3n y soluciones inform\u00e1ticas, gesti\u00f3n documental y digitalizaci\u00f3n de textos, edici\u00f3n y maquetaci\u00f3n de libros, revistas, flyers, etc.","sameAs":["http:\/\/chento.org","https:\/\/www.facebook.com\/JavierChento","https:\/\/x.com\/https:\/\/twitter.com\/javierchento"],"url":"http:\/\/vincentians.com\/es\/author\/chento\/"}]}},"jetpack_publicize_connections":[],"jetpack_featured_media_url":"","jetpack_sharing_enabled":true,"jetpack_shortlink":"https:\/\/wp.me\/p7ETMF-cFY","jetpack-related-posts":[{"id":50802,"url":"http:\/\/vincentians.com\/es\/preparacion-de-la-mision-pre-mision\/","url_meta":{"origin":48730,"position":0},"title":"Preparaci\u00f3n de la misi\u00f3n (Pre-Misi\u00f3n)","author":"Francisco Javier Fern\u00e1ndez Chento","date":"02\/10\/2011","format":false,"excerpt":"Intentar\u00e9 presentar en esta ponencia el trabajo de la \"Pre-Misi\u00f3n\" que hemos desarrollado como paso preliminar a la misi\u00f3n como tal, y que normalmente va dirigida a los fieles de una parroquia con una poblaci\u00f3n considerable de inmigrantes de habla hispana. Tiene dos partes principales: l. Preparaci\u00f3n del equipo misionero.\u2026","rel":"","context":"En \u00abMisiones \u00abAd gentes\u00bb\u00bb","block_context":{"text":"Misiones \u00abAd gentes\u00bb","link":"http:\/\/vincentians.com\/es\/category\/servicios-y-ministerios\/misiones-ad-gentes\/"},"img":{"alt_text":"","src":"https:\/\/i0.wp.com\/vicencianos.org\/wp-content\/2010\/03\/misiones31-300x284.jpg?resize=350%2C200","width":350,"height":200},"classes":[]},{"id":405640,"url":"http:\/\/vincentians.com\/es\/las-parroquias-hispanas-de-nueva-york\/","url_meta":{"origin":48730,"position":1},"title":"Las Parroquias hispanas de Nueva York","author":"Mitxel Olabu\u00e9naga","date":"20\/11\/2024","format":false,"excerpt":"Deseamos advertir al empezar esta cr\u00f3nica que en los Estados Unidos, sobre todo en esta ciudad inmensa, se da el nombre de \"hispano\" indistintamente a los espa\u00f1oles e hispanoamericanos para comprenderlos a todos bajo una sola palabra. Las condiciones de la iglesia Cat\u00f3lica en este pa\u00eds son distintas, en cuanto\u2026","rel":"","context":"En \u00abFormaci\u00f3n Vicenciana\u00bb","block_context":{"text":"Formaci\u00f3n Vicenciana","link":"http:\/\/vincentians.com\/es\/category\/formacion-vicenciana\/"},"img":{"alt_text":"","src":"https:\/\/i0.wp.com\/vincentians.com\/es\/wp-content\/uploads\/sites\/11\/2013\/05\/Almeria-2.jpg?fit=600%2C400&resize=350%2C200","width":350,"height":200,"srcset":"https:\/\/i0.wp.com\/vincentians.com\/es\/wp-content\/uploads\/sites\/11\/2013\/05\/Almeria-2.jpg?fit=600%2C400&resize=350%2C200 1x, https:\/\/i0.wp.com\/vincentians.com\/es\/wp-content\/uploads\/sites\/11\/2013\/05\/Almeria-2.jpg?fit=600%2C400&resize=525%2C300 1.5x"},"classes":[]},{"id":37875,"url":"http:\/\/vincentians.com\/es\/la-iglesia-catolica-y-los-hispanos-en-los-estados-unidos\/","url_meta":{"origin":48730,"position":2},"title":"La Iglesia Cat\u00f3lica y los Hispanos en los Estados Unidos","author":"Francisco Javier Fern\u00e1ndez Chento","date":"29\/07\/2014","format":false,"excerpt":"La Comunidad Hispana presente en los Estados Unidos es fruto de distintas oleadas y \u00e9pocas de inmigraci\u00f3n y, al mismo tiempo, de circunstancias hist\u00f3ricas distintas vividas en los distintos pa\u00edses de donde procedemos. Y a\u00fan cuando nos une un substrato hist\u00f3rico, ling\u00fc\u00edstico, cultural y religioso cat\u00f3lico com\u00fan, una cosmovisi\u00f3n y\u2026","rel":"","context":"En \u00abFormaci\u00f3n Cristiana\u00bb","block_context":{"text":"Formaci\u00f3n Cristiana","link":"http:\/\/vincentians.com\/es\/category\/formacion-cristiana\/"},"img":{"alt_text":"","src":"https:\/\/i0.wp.com\/vicencianos.org\/wp-content\/2011\/05\/latino.jpg?resize=350%2C200","width":350,"height":200},"classes":[]},{"id":119562,"url":"http:\/\/vincentians.com\/es\/san-vicente-de-paul-y-su-entronque-hispanico-viii\/","url_meta":{"origin":48730,"position":3},"title":"San Vicente de Pa\u00fal y su entronque hisp\u00e1nico (VIII)","author":"Francisco Javier Fern\u00e1ndez Chento","date":"29\/08\/2022","format":false,"excerpt":"Art\u00edculo III: El Ej\u00e9rcito espa\u00f1ol. En 1636, durante la guerra de los treinta a\u00f1os, los ej\u00e9r\u00adcitos espa\u00f1oles irrumpieron desde Flandes y atravesaron las fronteras de Champa\u00f1a y Picard\u00eda en un avance fulminante hacia Par\u00eds. Los ej\u00e9rcitos de Richelieu estaban paleando en otras fronteras y Par\u00eds se vio en un gran\u2026","rel":"","context":"En \u00abVicente de Pa\u00fal\u00bb","block_context":{"text":"Vicente de Pa\u00fal","link":"http:\/\/vincentians.com\/es\/category\/la-familia-vicenciana\/fundadores\/vicente-de-paul\/"},"img":{"alt_text":"","src":"https:\/\/i0.wp.com\/vincentians.com\/es\/wp-content\/uploads\/sites\/11\/2013\/04\/msoF811D.jpg?fit=612%2C490&resize=350%2C200","width":350,"height":200,"srcset":"https:\/\/i0.wp.com\/vincentians.com\/es\/wp-content\/uploads\/sites\/11\/2013\/04\/msoF811D.jpg?fit=612%2C490&resize=350%2C200 1x, https:\/\/i0.wp.com\/vincentians.com\/es\/wp-content\/uploads\/sites\/11\/2013\/04\/msoF811D.jpg?fit=612%2C490&resize=525%2C300 1.5x"},"classes":[]},{"id":118018,"url":"http:\/\/vincentians.com\/es\/las-misiones-parroquiales-se-renuevan-1964\/","url_meta":{"origin":48730,"position":4},"title":"Las misiones parroquiales se renuevan (1964)","author":"Francisco Javier Fern\u00e1ndez Chento","date":"01\/09\/2021","format":false,"excerpt":"Este instrumento oficial, eficaz y obligatorio de la Pastoral de la Iglesia, que son las misiones al pueblo por medio de las Pa\u00adrroquias, aisladas o en conjunto, sigue su marcha ascendente, a3 menos en Espa\u00f1a y Am\u00e9rica, que es lo que m\u00e1s conozco. Al mis\u00admo tiempo que se trabaja con\u2026","rel":"","context":"En \u00abFormaci\u00f3n Vicenciana\u00bb","block_context":{"text":"Formaci\u00f3n Vicenciana","link":"http:\/\/vincentians.com\/es\/category\/formacion-vicenciana\/"},"img":{"alt_text":"","src":"https:\/\/i0.wp.com\/vincentians.com\/es\/wp-content\/uploads\/sites\/11\/2016\/09\/sencillos-como-palomas.jpg?fit=1200%2C630&resize=350%2C200","width":350,"height":200,"srcset":"https:\/\/i0.wp.com\/vincentians.com\/es\/wp-content\/uploads\/sites\/11\/2016\/09\/sencillos-como-palomas.jpg?fit=1200%2C630&resize=350%2C200 1x, https:\/\/i0.wp.com\/vincentians.com\/es\/wp-content\/uploads\/sites\/11\/2016\/09\/sencillos-como-palomas.jpg?fit=1200%2C630&resize=525%2C300 1.5x, https:\/\/i0.wp.com\/vincentians.com\/es\/wp-content\/uploads\/sites\/11\/2016\/09\/sencillos-como-palomas.jpg?fit=1200%2C630&resize=700%2C400 2x, https:\/\/i0.wp.com\/vincentians.com\/es\/wp-content\/uploads\/sites\/11\/2016\/09\/sencillos-como-palomas.jpg?fit=1200%2C630&resize=1050%2C600 3x"},"classes":[]},{"id":120461,"url":"http:\/\/vincentians.com\/es\/san-vicente-de-paul-y-su-entronque-hispanico-y-x\/","url_meta":{"origin":48730,"position":5},"title":"San Vicente de Pa\u00fal y su entronque hisp\u00e1nico (y X)","author":"Francisco Javier Fern\u00e1ndez Chento","date":"09\/09\/2022","format":false,"excerpt":"Conclusiones De los estudios precedentes podemos llegar a las siguien\u00adtes conclusiones acerca del \"entronque\" de San Vicente de Pa\u00fal con Espa\u00f1a. Existen argumentos que evidencian con certeza que los padres de San Vicente de Pa\u00fal son aragoneses, proceden\u00adtes de Tamarite de Litera. Que el mismo Santo naciera en Tamarite o\u2026","rel":"","context":"En \u00abVicente de Pa\u00fal\u00bb","block_context":{"text":"Vicente de Pa\u00fal","link":"http:\/\/vincentians.com\/es\/category\/la-familia-vicenciana\/fundadores\/vicente-de-paul\/"},"img":{"alt_text":"","src":"https:\/\/i0.wp.com\/vincentians.com\/es\/wp-content\/uploads\/sites\/11\/2013\/04\/msoF811D.jpg?fit=612%2C490&resize=350%2C200","width":350,"height":200,"srcset":"https:\/\/i0.wp.com\/vincentians.com\/es\/wp-content\/uploads\/sites\/11\/2013\/04\/msoF811D.jpg?fit=612%2C490&resize=350%2C200 1x, https:\/\/i0.wp.com\/vincentians.com\/es\/wp-content\/uploads\/sites\/11\/2013\/04\/msoF811D.jpg?fit=612%2C490&resize=525%2C300 1.5x"},"classes":[]}],"_links":{"self":[{"href":"http:\/\/vincentians.com\/es\/wp-json\/wp\/v2\/posts\/48730","targetHints":{"allow":["GET"]}}],"collection":[{"href":"http:\/\/vincentians.com\/es\/wp-json\/wp\/v2\/posts"}],"about":[{"href":"http:\/\/vincentians.com\/es\/wp-json\/wp\/v2\/types\/post"}],"author":[{"embeddable":true,"href":"http:\/\/vincentians.com\/es\/wp-json\/wp\/v2\/users\/4"}],"replies":[{"embeddable":true,"href":"http:\/\/vincentians.com\/es\/wp-json\/wp\/v2\/comments?post=48730"}],"version-history":[{"count":0,"href":"http:\/\/vincentians.com\/es\/wp-json\/wp\/v2\/posts\/48730\/revisions"}],"wp:featuredmedia":[{"embeddable":true,"href":"http:\/\/vincentians.com\/es\/wp-json\/"}],"wp:attachment":[{"href":"http:\/\/vincentians.com\/es\/wp-json\/wp\/v2\/media?parent=48730"}],"wp:term":[{"taxonomy":"category","embeddable":true,"href":"http:\/\/vincentians.com\/es\/wp-json\/wp\/v2\/categories?post=48730"},{"taxonomy":"post_tag","embeddable":true,"href":"http:\/\/vincentians.com\/es\/wp-json\/wp\/v2\/tags?post=48730"}],"curies":[{"name":"wp","href":"https:\/\/api.w.org\/{rel}","templated":true}]}}