{"id":48725,"date":"2011-08-25T07:51:34","date_gmt":"2011-08-25T05:51:34","guid":{"rendered":"http:\/\/somos.vicencianos.org\/?p=48725"},"modified":"2011-08-25T07:51:34","modified_gmt":"2011-08-25T05:51:34","slug":"cuba-en-estado-de-evangelizacion-entre-el-miedo-y-la-esperanza","status":"publish","type":"post","link":"http:\/\/vincentians.com\/es\/cuba-en-estado-de-evangelizacion-entre-el-miedo-y-la-esperanza\/","title":{"rendered":"Cuba, en estado de evangelizaci\u00f3n. Entre el miedo y la esperanza"},"content":{"rendered":"<p><a href=\"https:\/\/i0.wp.com\/vicencianos.org\/wp-content\/2011\/08\/cuba.jpg\"><img data-recalc-dims=\"1\" loading=\"lazy\" decoding=\"async\" class=\"alignright size-medium wp-image-48727\" title=\"cuba\" src=\"https:\/\/i0.wp.com\/vicencianos.org\/wp-content\/2011\/08\/cuba-218x300.jpg?resize=218%2C300\" alt=\"\" width=\"218\" height=\"300\" \/><\/a>Cuba, a lo largo de casi medio siglo, ha logrado ser el centro de atenci\u00f3n de millones de hombres. Unos han visto en esta peque\u00f1a isla el jard\u00edn de las flores rojas, otros, el campo vivo de la batalla moderna entre David y Goliat. La figura del Che ha ocupado espacios privilegiados y la voz del Comandante se ha o\u00eddo largamente por todas partes.<\/p>\n<p>Y la Iglesia y la C.M., \u00bfqu\u00e9 han hecho mientras tanto?<\/p>\n<p>En Cuba, la Iglesia se parece a un monte talado. Llegaron los le\u00f1adores y arrasaron indiscriminadamente todos los \u00e1rboles, los grandes y los peque\u00f1os. Los grandes los exportaron y los peque\u00f1os los quemaron. Ya no quedan \u00e1rboles en el bosque&#8230; Pero, de repente, fruto del sol y del agua, las ra\u00edces que quedaban dentro, como la naturaleza es fuerte, se abrieron camino entre el cemento y las piedras e hicieron brotar nuevos reto\u00f1os. Talaron los \u00e1rboles pero no secaron las ra\u00edces, y a la primera ocasi\u00f3n, florecieron..<\/p>\n<p>Cuba no es un pueblo ateo. Ha habido ausencia de Dios, no se pronunci\u00f3 por mucho tiempo su nombre, se evit\u00f3 su presencia, pero Dios sigui\u00f3 siendo necesario. Y lleg\u00f3 el sol del Papa Juan Pablo II, permitieron que se regaran las plantas, y como si se abriera un surtidor cegado, salt\u00f3 el agua y reverdeci\u00f3 el bosque, se llenaron las plazas y brot\u00f3, aunque entre espinas, el capullo de la esperanza. La Iglesia vive, respira, se mueve&#8230; es ella.<\/p>\n<p>En estos cuarenta a\u00f1os, la C.M. ha pasado de 52 miembros a 10, y lleg\u00f3 a quedarse en 5. De 12 casas a 5; de una actividad misionera externa notoria, al mantenimiento de 3 parroquias, 2 iglesias y una casa retirada para los tres estudiantes y su formador. En nuestras casas de la C.M. exist\u00edan cuatro asociaciones de la Familia Vicentina, pero&#8230; s\u00f3lo permaneci\u00f3 la Asociaci\u00f3n de la Medalla Milagrosa; las dem\u00e1s desaparecieron radicalmente. Pero el esp\u00edritu est\u00e1 vivo y en nuestras cinco casas han vuelto a florecer esas cuatro asociaciones: AIC, JMV, SSVP y AMM.<\/p>\n<p>El Papa Juan Pablo II ha sido el misionero m\u00e1s fant\u00e1stico que ha pisado Cuba en todos los tiempos. Inici\u00f3 su visita dici\u00e9ndonos: \u00abNo tengan miedo, el Se\u00f1or est\u00e1 con nosotros\u00bb. Fue la vivencia maravillosa de los disc\u00edpulos de Ema\u00fas con el Maestro. No tengan miedo, que detr\u00e1s de la purificaci\u00f3n, vendr\u00e1 el verdor de la esperanza: \u00abQue Cuba se abra al mundo y que el mundo se abra a Cuba\u00bb.<\/p>\n<p>Nuestra peque\u00f1a Compa\u00f1\u00eda, al comp\u00e1s de su visita, acababa de iniciar un nuevo caminar. La C.M. hab\u00eda pasado de cinco cohermanos y cinco casas a nueve miembros. Ya pod\u00edamos hacer vida de comunidad y tambi\u00e9n pod\u00edamos so\u00f1ar en hacer crecer la Familia Vicentina desde el propio carisma. En nuestra asamblea provincial, con toda la Provincia en torno a una peque\u00f1a mesa, y con la alegr\u00eda de los que se sienten j\u00f3venes e ilusionados, optamos por una Provincia misionera que pusiera sus casas en estado de misi\u00f3n y sirviera directamente a los pobres. Ese ser\u00eda nuestro signo exterior y nuestra identificaci\u00f3n.<\/p>\n<ul>\n<li>Donde haya un misionero, que haya un servicio directo a los pobres;<\/li>\n<li>Donde haya un misionero, que se predique el Evangelio de forma progresiva, saliendo fuera del templo;<\/li>\n<li>Que en nuestras casas, para hacer m\u00e1s efectivo el Evangelio, se organicen las asociaciones de la Familia Vicentina para que as\u00ed ella se reconstruya y, con sus miembros, seamos m\u00e1s misioneros;<\/li>\n<li>Que en nuestras casas se d\u00e9 acogida a los pobres, haciendo para ello las obras que se requieran y nos permitan, sin omitir nunca \u00abel esfuerzo de nuestros brazos y el sudor de nuestra frente\u00bb;<\/li>\n<li>Que nos abramos a solicitar subvenciones que nos ayuden en esta tarea&#8230; usando los conocimientos propios y la ayuda de los hermanos;<\/li>\n<\/ul>\n<p>Y como un peque\u00f1o ejercito de entusiastas soldados, comenzamos la tarea. Que en todas las casas existan las asociaciones de la Familia Vicentina&#8230;, que se recuperen los libros de anta\u00f1o, que los pobres se acerquen a nuestras casas con confianza, que&#8230; Y desde la Iglesia de La Merced y de La Milagrosa en La Habana, como pioneras&#8230;, hasta las del oriente lejano, fue llegando la noticia de que los pobres ven\u00edan a comer, las asociaciones vicentinas comenzaban a trabajar, las misiones a dar fruto&#8230; y hasta las vocaciones a despertar. No nos lo permiten mucho, caminamos entre murallas, pero, caminamos&#8230;<\/p>\n<p align=\"center\">* * *<\/p>\n<p>La<em> primera Parroquia<\/em> en lanzarse al vuelo fue la de <strong>La Medalla Milagrosa.<\/strong> En ella se iniciaron paralelamente dos obras de evangelizaci\u00f3n: una larga misi\u00f3n y una residencia abierta de abuelos, con capacidad para 175 ancianos necesitados. La tarea en este medio social ten\u00eda visos de utop\u00eda, pero <em>cuando Dios se manifiesta claramente por los pobres, nada hay imposible.<\/em><\/p>\n<p>El<em> primer Objetivo <\/em>es crear las condiciones misioneras en la Parroquia para llegar, persona a persona, con el anuncio del Evangelio, a todos los que viven en su territorio. Una Parroquia en permanente estado de misi\u00f3n&#8230;<\/p>\n<p>Los <em>medios <\/em>son:<\/p>\n<ul>\n<li>Invitar a todas las personas comprometidas en la Parroquia a ser Misioneros;<\/li>\n<li>Crear una escuela de evangelizaci\u00f3n que los fuera formando;<\/li>\n<li>Y con dichas personas comprometidas, crear peque\u00f1as comunidades eclesiales que les permita tener experiencia de comunidad;<\/li>\n<li>La misi\u00f3n se har\u00eda durante una semana, tres veces al a\u00f1o: en los tiempos lit\u00fargicos fuertes, en el verano y en clases semanales;<\/li>\n<li>El tema ser\u00e1 el Kerigma, dado progresivamente en cada una de las visitas domiciliarias, a trav\u00e9s de peque\u00f1as catequesis, persona a persona.<\/li>\n<\/ul>\n<p>El o<em>bjetivo<\/em> de cada misi\u00f3n es ir formando peque\u00f1as comunidades e invitar a conocer a Jes\u00fas, a vivir la fe en una peque\u00f1a comunidad y a amar a la Virgen, Madre de la Iglesia y catequista de la comunidad parroquial.<\/p>\n<p>La <em>realidad<\/em> ha sido sorprendente:<\/p>\n<p>1. A todos los rincones de la Parroquia ha llegado el Evangelio. Ya contamos con 11 comunidades eclesiales y 62 casas-misi\u00f3n, con 130 misioneros permanentes que trabajan semanalmente en cada una de las peque\u00f1as comunidades familiares. Y la misi\u00f3n&#8230; sigue.<\/p>\n<p>Todo esto se ha logrado a trav\u00e9s de un <em>proceso.<\/em> Hemos visitado todas las casas de la Parroquia en 18 ocasiones, y en cada visita hemos llevado un mensaje evang\u00e9lico distinto. Su fin es evangelizar persona a persona, llevar el Kerigma, a trav\u00e9s de breves mensajes, a cada hermano alejado<\/p>\n<p>El <em>temario<\/em> ha sido el siguiente: 1. Dios te ama, 2. Jesucristo es el Hijo de Dios, 3. Jes\u00fas es el Se\u00f1or, 4. Jes\u00fas nos ha salvado, 5. Hemos pecado, 6. Jes\u00fas nos trajo el perd\u00f3n, 7. La Iglesia, familia de los hijos de Dios, 8. La Iglesia y el perd\u00f3n de los pecados, 9. La Virgen Mar\u00eda, madre de nuestro pueblo, 10. La Comunidad, 11. Los que tienen fe, \u00bfc\u00f3mo viven?, etc.<\/p>\n<p>Este trabajo constante ha creado un ambiente de misi\u00f3n permanente, de comunidades vivas, de vida nueva. Despu\u00e9s, al ritmo de la Di\u00f3cesis, hemos estudiado los cuatro evangelios. Actualmente estamos reflexionando sobre el evangelio del domingo y sobre algunos temas centrales de formaci\u00f3n.<\/p>\n<p>2. La<em> atenci\u00f3n a los pobres <\/em>es la segunda realidad. Hemos seguido el principio de San Vicente: primero pan y despu\u00e9s catecismo&#8230; Se ha sostenido entre algunos de nuestros cohermanos que el ministerio de la Caridad es anterior al de la Palabra. Desde esta experiencia hay que decir que estamos totalmente de acuerdo. Hemos tenido la gran suerte de que el Gobierno nos ha aprobado la llamada \u00abResidencia abierta de ancianos\u00bb y de que esta aprobaci\u00f3n conlleve una cuota de alimentos y el visto bueno de cierto estilo de obras. El recuerdo de la figura del P. Hilario Chaurrondo, viejo amigo del Comandante Fidel, influy\u00f3 en su momento para que la Residencia abierta de ancianos siguiera adelante y no se obstacularizara su proceso. Y podemos afirmar que<em> <\/em>a pesar de tantas misiones persona a persona, de tantas peque\u00f1as comunidades (una por manzana), la Parroquia es m\u00e1s conocida por la atenci\u00f3n a los pobres que por la evangelizaci\u00f3n. Los pobres son los grandes propagadores de la verdad y de la realidad que viven.<\/p>\n<p align=\"center\">* * *<\/p>\n<p><strong>La<\/strong> <strong>Iglesia de La Merced<\/strong><em> <\/em>ha sido otra realidad importante. Hace dos a\u00f1os que la C.M. dej\u00f3 la Parroquia del Esp\u00edritu Santo, la cual est\u00e1 ubicada cerca a la Iglesia de La Merced. Sin embargo, en La Merced se inici\u00f3 la misi\u00f3n que ha ofrecido un ambiente de comunidad a los fieles desde el momento de su separaci\u00f3n. Le ha dejado tres peque\u00f1as comunidades, la <em>Caritas<\/em> Parroquial organizada y las catequesis de ni\u00f1os, j\u00f3venes y adultos.<\/p>\n<p>Y La Merced ha iniciado su nuevo caminar con los llamados <em>Amigos de La Merced<\/em> y la reorganizaci\u00f3n de la Familia Vicenciana.<\/p>\n<p>La C.M. se ha propuesto que La Merced sea centro de evangelizaci\u00f3n y lugar para los pobres. Mantiene un comedor de 45 pobres, con una asistencia que se va acercando al estilo de la anteriormente mencionada \u00abResidencia abierta de ancianos\u00bb, y se ha propuesto ser \u00ablugar de evangelizaci\u00f3n\u00bb. La Virgen de la Merced est\u00e1 identificada en las religiones de origen africano con <em>Obatal\u00e1<\/em>, diosa de la fecundidad. De hecho nuestra Iglesia se colma de sincr\u00e9ticos, es decir, de bautizados pero no evangelizados ni creyentes que, mirando la Virgen de La Merced, ven en ella la figura de <em>Obatal\u00e1,<\/em> usando devociones no cristianas. A ella miran y ruegan&#8230; \u00c9ste es el gran reto evangelizador de la Iglesia en Cuba: responder a la realidad del <em>sincretismo.<\/em><\/p>\n<p>\u00bfC\u00f3mo afrontar este estado de creencias?<\/p>\n<p>La C.M. ha pensado en una misi\u00f3n continua, en una evangelizaci\u00f3n primaria permanente:<\/p>\n<ul>\n<li>Que en el templo de La Merced se atienda no solo a los turistas como turistas, sino a los sincr\u00e9ticos que buscan alguna verdad y busquemos el acercamiento a trav\u00e9s del di\u00e1logo;<\/li>\n<li>Que en nuestras predicaciones se repita constantemente lo que es elemental en el cristianismo, dado que las personas que vienen son siempre distintas;<\/li>\n<li>Que la acci\u00f3n caritativa sea notoria de manera que todos sean atra\u00eddos por los signos cristianos que les proporcionamos;<\/li>\n<\/ul>\n<p>Las asociaciones de la Familia Vicenciana est\u00e1n haciendo en este sentido una labor maravillosa.<\/p>\n<p align=\"center\">* * *<\/p>\n<p><strong>Las casas del oriente de Cuba. <\/strong>La Comunidad tiene tres casas en el oriente de la Isla: en <em>Santiago<\/em>, la Iglesia de San Francisco (es la segunda casa de la Provincia en orden de fundaci\u00f3n: 1884); en <em>San Luis,<\/em> una parroquia atendida desde 1919 por la C.M., y en <em>Baracoa,<\/em> la casa m\u00e1s tradicional y querida por nuestros cohermanos mayores. Se trata de una parroquia atendida por la C.M. desde 1908 y que el Sr. Obispo acaba de dividir en cuatro parroquias.<\/p>\n<p>Estas tres casas cuentan con asociaciones de la Familia Vicentina y en las tres se est\u00e1 trabajando seg\u00fan el esquema de la Asamblea Provincial: la misi\u00f3n en comunidades y la atenci\u00f3n a los pobres. Por cierto, las AIC de estas casas, en uni\u00f3n con las Conferencias de San Vicente est\u00e1n llevando a cabo el \u00abProyecto vuelta a las fuentes\u00bb. Lleva este t\u00edtulo porque es un intento por volver a los inicios de las Cofrad\u00edas de la Caridad. Como no tenemos facilidades para construir comedores o residencias de ancianos, a nuestros grupos AIC se les ocurri\u00f3 la idea, nada m\u00e1s y nada menos, que de atender a los pobres en sus propias casas. Las voluntarias de la AIC, a la vez que cocinan para su familia, lo hacen para un pobre. A las 12 del d\u00eda les llevan la comida, les arreglan la casa y los atienden al estilo vicenciano. Como peque\u00f1a compensaci\u00f3n, dadas las dificultades que aqu\u00ed tenemos para conseguir alimentos y tener gas, nosotros les proporcionamos la m\u00f3dica tasa de un d\u00f3lar semanal por cada anciano.<\/p>\n<p>La experiencia de atenci\u00f3n a los pobres nos est\u00e1 marcando el paso. Los pobres son los primeros evangelizados, los que cuentan a todos cuanto han visto y o\u00eddo y est\u00e1n dando a nuestras parroquias y casas la apertura a una nueva evangelizaci\u00f3n.<\/p>\n<p><strong>Mirada al futuro. <\/strong>La Provincia sali\u00f3 de la primera dificultad cuando se qued\u00f3 con cinco miembros y cinco casas. Sin embargo nos queda todav\u00eda salir de la segunda: la falta de vocaciones. Nuestro Superior General, cuando visit\u00f3 las comunidades locales con motivo del 150 aniversario de la presencia de las Hermanas en Cuba, nos dijo que <em>la formaci\u00f3n de los nuestros<\/em> ten\u00eda que ser objetivo prioritario. Los intentos han sido fuertes: para la formaci\u00f3n, se adquiri\u00f3 una casa algo retirada de la ciudad, ubicada en el barrio El Cotorro. Se puso al frente de ella a uno de los cohermanos. No han faltado j\u00f3venes que llaman a la puerta, tampoco cursos y esfuerzos, pero estamos en la misma crisis de siempre en nuestra Cuba. Tenemos tres j\u00f3venes, hemos tenido cinco y algunas veces hasta ocho.<\/p>\n<p>No obstante todo esto, tenemos una remota esperanza. La Familia Vicenciana va cuajando. Esperamos que, introduciendo el carisma de San Vicente en nuestras comunidades eclesiales, se produzcan los frutos esperados para la Iglesia, la Peque\u00f1a Compa\u00f1\u00eda y las Hijas de la Caridad. Su contacto con los pobres les contagiar\u00e1 la belleza de nuestra hermosa vocaci\u00f3n.<\/p>\n<p>Y termino como comenc\u00e9: Cuba es un jard\u00edn precioso, donde los capullos se convertir\u00e1n en flor, y la flor dar\u00e1 frutos. Necesitamos misioneros, misioneros, misioneros&#8230;<\/p>\n","protected":false},"excerpt":{"rendered":"<p>Cuba, a lo largo de casi medio siglo, ha logrado ser el centro de atenci\u00f3n de millones de hombres. Unos han visto en esta peque\u00f1a isla el jard\u00edn de las flores rojas, otros, el campo &#8230; <a href=\"http:\/\/vincentians.com\/es\/cuba-en-estado-de-evangelizacion-entre-el-miedo-y-la-esperanza\/\" class=\"more-link\">Read More<\/a><\/p>\n","protected":false},"author":4,"featured_media":48727,"comment_status":"open","ping_status":"open","sticky":false,"template":"","format":"standard","meta":{"jetpack_post_was_ever_published":false,"_jetpack_newsletter_access":"","_jetpack_dont_email_post_to_subs":false,"_jetpack_newsletter_tier_id":0,"_jetpack_memberships_contains_paywalled_content":false,"_jetpack_memberships_contains_paid_content":false,"footnotes":"","jetpack_publicize_message":"","jetpack_publicize_feature_enabled":true,"jetpack_social_post_already_shared":true,"jetpack_social_options":{"image_generator_settings":{"template":"highway","default_image_id":0,"font":"","enabled":false},"version":2}},"categories":[201],"tags":[],"class_list":["post-48725","post","type-post","status-publish","format-standard","has-post-thumbnail","hentry","category-misiones-ad-gentes"],"yoast_head":"<!-- This site is optimized with the Yoast SEO plugin v26.3 - https:\/\/yoast.com\/wordpress\/plugins\/seo\/ -->\n<title>Cuba, en estado de evangelizaci\u00f3n. Entre el miedo y la esperanza - Somos Vicencianos<\/title>\n<meta name=\"robots\" content=\"index, follow, max-snippet:-1, max-image-preview:large, max-video-preview:-1\" \/>\n<link rel=\"canonical\" href=\"http:\/\/vincentians.com\/es\/cuba-en-estado-de-evangelizacion-entre-el-miedo-y-la-esperanza\/\" \/>\n<meta property=\"og:locale\" content=\"es_ES\" \/>\n<meta property=\"og:type\" content=\"article\" \/>\n<meta property=\"og:title\" content=\"Cuba, en estado de evangelizaci\u00f3n. Entre el miedo y la esperanza - Somos Vicencianos\" \/>\n<meta property=\"og:description\" content=\"Cuba, a lo largo de casi medio siglo, ha logrado ser el centro de atenci\u00f3n de millones de hombres. Unos han visto en esta peque\u00f1a isla el jard\u00edn de las flores rojas, otros, el campo ... Read More\" \/>\n<meta property=\"og:url\" content=\"http:\/\/vincentians.com\/es\/cuba-en-estado-de-evangelizacion-entre-el-miedo-y-la-esperanza\/\" \/>\n<meta property=\"og:site_name\" content=\"Somos Vicencianos\" \/>\n<meta property=\"article:publisher\" content=\"https:\/\/www.facebook.com\/WeAreVincentians\/\" \/>\n<meta property=\"article:author\" content=\"https:\/\/www.facebook.com\/JavierChento\" \/>\n<meta property=\"article:published_time\" content=\"2011-08-25T05:51:34+00:00\" \/>\n<meta name=\"author\" content=\"Francisco Javier Fern\u00e1ndez Chento\" \/>\n<meta name=\"twitter:card\" content=\"summary_large_image\" \/>\n<meta name=\"twitter:creator\" content=\"@https:\/\/twitter.com\/javierchento\" \/>\n<meta name=\"twitter:site\" content=\"@WeVincentians\" \/>\n<meta name=\"twitter:label1\" content=\"Escrito por\" \/>\n\t<meta name=\"twitter:data1\" content=\"Francisco Javier Fern\u00e1ndez Chento\" \/>\n\t<meta name=\"twitter:label2\" content=\"Tiempo de lectura\" \/>\n\t<meta name=\"twitter:data2\" content=\"11 minutos\" \/>\n<script type=\"application\/ld+json\" class=\"yoast-schema-graph\">{\"@context\":\"https:\/\/schema.org\",\"@graph\":[{\"@type\":\"Article\",\"@id\":\"http:\/\/vincentians.com\/es\/cuba-en-estado-de-evangelizacion-entre-el-miedo-y-la-esperanza\/#article\",\"isPartOf\":{\"@id\":\"http:\/\/vincentians.com\/es\/cuba-en-estado-de-evangelizacion-entre-el-miedo-y-la-esperanza\/\"},\"author\":{\"name\":\"Francisco Javier Fern\u00e1ndez Chento\",\"@id\":\"http:\/\/vincentians.com\/es\/#\/schema\/person\/9623ef4d9aa3b2dfb8c061f1499288f2\"},\"headline\":\"Cuba, en estado de evangelizaci\u00f3n. Entre el miedo y la esperanza\",\"datePublished\":\"2011-08-25T05:51:34+00:00\",\"mainEntityOfPage\":{\"@id\":\"http:\/\/vincentians.com\/es\/cuba-en-estado-de-evangelizacion-entre-el-miedo-y-la-esperanza\/\"},\"wordCount\":2298,\"commentCount\":0,\"publisher\":{\"@id\":\"http:\/\/vincentians.com\/es\/#organization\"},\"image\":{\"@id\":\"http:\/\/vincentians.com\/es\/cuba-en-estado-de-evangelizacion-entre-el-miedo-y-la-esperanza\/#primaryimage\"},\"thumbnailUrl\":\"\",\"articleSection\":[\"Misiones \u00abAd gentes\u00bb\"],\"inLanguage\":\"es\",\"potentialAction\":[{\"@type\":\"CommentAction\",\"name\":\"Comment\",\"target\":[\"http:\/\/vincentians.com\/es\/cuba-en-estado-de-evangelizacion-entre-el-miedo-y-la-esperanza\/#respond\"]}]},{\"@type\":\"WebPage\",\"@id\":\"http:\/\/vincentians.com\/es\/cuba-en-estado-de-evangelizacion-entre-el-miedo-y-la-esperanza\/\",\"url\":\"http:\/\/vincentians.com\/es\/cuba-en-estado-de-evangelizacion-entre-el-miedo-y-la-esperanza\/\",\"name\":\"Cuba, en estado de evangelizaci\u00f3n. Entre el miedo y la esperanza - Somos Vicencianos\",\"isPartOf\":{\"@id\":\"http:\/\/vincentians.com\/es\/#website\"},\"primaryImageOfPage\":{\"@id\":\"http:\/\/vincentians.com\/es\/cuba-en-estado-de-evangelizacion-entre-el-miedo-y-la-esperanza\/#primaryimage\"},\"image\":{\"@id\":\"http:\/\/vincentians.com\/es\/cuba-en-estado-de-evangelizacion-entre-el-miedo-y-la-esperanza\/#primaryimage\"},\"thumbnailUrl\":\"\",\"datePublished\":\"2011-08-25T05:51:34+00:00\",\"breadcrumb\":{\"@id\":\"http:\/\/vincentians.com\/es\/cuba-en-estado-de-evangelizacion-entre-el-miedo-y-la-esperanza\/#breadcrumb\"},\"inLanguage\":\"es\",\"potentialAction\":[{\"@type\":\"ReadAction\",\"target\":[\"http:\/\/vincentians.com\/es\/cuba-en-estado-de-evangelizacion-entre-el-miedo-y-la-esperanza\/\"]}]},{\"@type\":\"ImageObject\",\"inLanguage\":\"es\",\"@id\":\"http:\/\/vincentians.com\/es\/cuba-en-estado-de-evangelizacion-entre-el-miedo-y-la-esperanza\/#primaryimage\",\"url\":\"\",\"contentUrl\":\"\"},{\"@type\":\"BreadcrumbList\",\"@id\":\"http:\/\/vincentians.com\/es\/cuba-en-estado-de-evangelizacion-entre-el-miedo-y-la-esperanza\/#breadcrumb\",\"itemListElement\":[{\"@type\":\"ListItem\",\"position\":1,\"name\":\"Portada\",\"item\":\"http:\/\/vincentians.com\/es\/\"},{\"@type\":\"ListItem\",\"position\":2,\"name\":\"Cuba, en estado de evangelizaci\u00f3n. Entre el miedo y la esperanza\"}]},{\"@type\":\"WebSite\",\"@id\":\"http:\/\/vincentians.com\/es\/#website\",\"url\":\"http:\/\/vincentians.com\/es\/\",\"name\":\"Somos Vicencianos\",\"description\":\"Know more to serve more\",\"publisher\":{\"@id\":\"http:\/\/vincentians.com\/es\/#organization\"},\"potentialAction\":[{\"@type\":\"SearchAction\",\"target\":{\"@type\":\"EntryPoint\",\"urlTemplate\":\"http:\/\/vincentians.com\/es\/?s={search_term_string}\"},\"query-input\":{\"@type\":\"PropertyValueSpecification\",\"valueRequired\":true,\"valueName\":\"search_term_string\"}}],\"inLanguage\":\"es\"},{\"@type\":\"Organization\",\"@id\":\"http:\/\/vincentians.com\/es\/#organization\",\"name\":\"The Vincentian Network\",\"url\":\"http:\/\/vincentians.com\/es\/\",\"logo\":{\"@type\":\"ImageObject\",\"inLanguage\":\"es\",\"@id\":\"http:\/\/vincentians.com\/es\/#\/schema\/logo\/image\/\",\"url\":\"https:\/\/i1.wp.com\/vincentians.com\/es\/wp-content\/uploads\/sites\/11\/2016\/06\/Vincentian-Network-logo-big.png?fit=778%2C778\",\"contentUrl\":\"https:\/\/i1.wp.com\/vincentians.com\/es\/wp-content\/uploads\/sites\/11\/2016\/06\/Vincentian-Network-logo-big.png?fit=778%2C778\",\"width\":778,\"height\":778,\"caption\":\"The Vincentian Network\"},\"image\":{\"@id\":\"http:\/\/vincentians.com\/es\/#\/schema\/logo\/image\/\"},\"sameAs\":[\"https:\/\/www.facebook.com\/WeAreVincentians\/\",\"https:\/\/x.com\/WeVincentians\"]},{\"@type\":\"Person\",\"@id\":\"http:\/\/vincentians.com\/es\/#\/schema\/person\/9623ef4d9aa3b2dfb8c061f1499288f2\",\"name\":\"Francisco Javier Fern\u00e1ndez Chento\",\"image\":{\"@type\":\"ImageObject\",\"inLanguage\":\"es\",\"@id\":\"http:\/\/vincentians.com\/es\/#\/schema\/person\/image\/\",\"url\":\"https:\/\/secure.gravatar.com\/avatar\/497d5cde87b4c3d097d0315953521681ba2cd523ee66e5077c3711f7021e65de?s=96&d=mm&r=g\",\"contentUrl\":\"https:\/\/secure.gravatar.com\/avatar\/497d5cde87b4c3d097d0315953521681ba2cd523ee66e5077c3711f7021e65de?s=96&d=mm&r=g\",\"caption\":\"Francisco Javier Fern\u00e1ndez Chento\"},\"description\":\"Director General y cofundador de La Red de Formaci\u00f3n Vicenciana. Javier es laico vicenciano, afiliado a la Congregaci\u00f3n de la Misi\u00f3n y miembro del Equipo de Misiones Populares de la provincia can\u00f3nica de Zaragoza (Espa\u00f1a) de la Congregaci\u00f3n de la Misi\u00f3n. Graduado en la Universidad Oberta de Catalunya con cuatro grados (Asistente de direcci\u00f3n, Gesti\u00f3n Administrativa, Recursos Humanos y Contabilidad Avanzada). Bil\u00edng\u00fce Espa\u00f1ol\/Ingl\u00e9s. gestiona y mantiene varias p\u00e1ginas web cristianas y vicencianas, incluida including La Red de Formaci\u00f3n Vicenciana, de la que es cofundador. Actualmente es responsable del \u00e1rea de Espa\u00f1ol de .famvin, la Red de Noticias de la Familia Vicenciana. Tambi\u00e9n es m\u00fasico cat\u00f3lico y ha editado varios discos. Es Director General y cofundador de Trovador, una reconocida compa\u00f1\u00eda discogr\u00e1fica critiana de Espa\u00f1a. Trabaja en las Tecnolog\u00edas de la Informaci\u00f3n, ofreciendo servicios de alojamiento, dise\u00f1o y mantenimiento Web, as\u00ed como asesoramiento, formaci\u00f3n y soluciones inform\u00e1ticas, gesti\u00f3n documental y digitalizaci\u00f3n de textos, edici\u00f3n y maquetaci\u00f3n de libros, revistas, flyers, etc.\",\"sameAs\":[\"http:\/\/chento.org\",\"https:\/\/www.facebook.com\/JavierChento\",\"https:\/\/x.com\/https:\/\/twitter.com\/javierchento\"],\"url\":\"http:\/\/vincentians.com\/es\/author\/chento\/\"}]}<\/script>\n<!-- \/ Yoast SEO plugin. -->","yoast_head_json":{"title":"Cuba, en estado de evangelizaci\u00f3n. Entre el miedo y la esperanza - Somos Vicencianos","robots":{"index":"index","follow":"follow","max-snippet":"max-snippet:-1","max-image-preview":"max-image-preview:large","max-video-preview":"max-video-preview:-1"},"canonical":"http:\/\/vincentians.com\/es\/cuba-en-estado-de-evangelizacion-entre-el-miedo-y-la-esperanza\/","og_locale":"es_ES","og_type":"article","og_title":"Cuba, en estado de evangelizaci\u00f3n. Entre el miedo y la esperanza - Somos Vicencianos","og_description":"Cuba, a lo largo de casi medio siglo, ha logrado ser el centro de atenci\u00f3n de millones de hombres. Unos han visto en esta peque\u00f1a isla el jard\u00edn de las flores rojas, otros, el campo ... Read More","og_url":"http:\/\/vincentians.com\/es\/cuba-en-estado-de-evangelizacion-entre-el-miedo-y-la-esperanza\/","og_site_name":"Somos Vicencianos","article_publisher":"https:\/\/www.facebook.com\/WeAreVincentians\/","article_author":"https:\/\/www.facebook.com\/JavierChento","article_published_time":"2011-08-25T05:51:34+00:00","author":"Francisco Javier Fern\u00e1ndez Chento","twitter_card":"summary_large_image","twitter_creator":"@https:\/\/twitter.com\/javierchento","twitter_site":"@WeVincentians","twitter_misc":{"Escrito por":"Francisco Javier Fern\u00e1ndez Chento","Tiempo de lectura":"11 minutos"},"schema":{"@context":"https:\/\/schema.org","@graph":[{"@type":"Article","@id":"http:\/\/vincentians.com\/es\/cuba-en-estado-de-evangelizacion-entre-el-miedo-y-la-esperanza\/#article","isPartOf":{"@id":"http:\/\/vincentians.com\/es\/cuba-en-estado-de-evangelizacion-entre-el-miedo-y-la-esperanza\/"},"author":{"name":"Francisco Javier Fern\u00e1ndez Chento","@id":"http:\/\/vincentians.com\/es\/#\/schema\/person\/9623ef4d9aa3b2dfb8c061f1499288f2"},"headline":"Cuba, en estado de evangelizaci\u00f3n. Entre el miedo y la esperanza","datePublished":"2011-08-25T05:51:34+00:00","mainEntityOfPage":{"@id":"http:\/\/vincentians.com\/es\/cuba-en-estado-de-evangelizacion-entre-el-miedo-y-la-esperanza\/"},"wordCount":2298,"commentCount":0,"publisher":{"@id":"http:\/\/vincentians.com\/es\/#organization"},"image":{"@id":"http:\/\/vincentians.com\/es\/cuba-en-estado-de-evangelizacion-entre-el-miedo-y-la-esperanza\/#primaryimage"},"thumbnailUrl":"","articleSection":["Misiones \u00abAd gentes\u00bb"],"inLanguage":"es","potentialAction":[{"@type":"CommentAction","name":"Comment","target":["http:\/\/vincentians.com\/es\/cuba-en-estado-de-evangelizacion-entre-el-miedo-y-la-esperanza\/#respond"]}]},{"@type":"WebPage","@id":"http:\/\/vincentians.com\/es\/cuba-en-estado-de-evangelizacion-entre-el-miedo-y-la-esperanza\/","url":"http:\/\/vincentians.com\/es\/cuba-en-estado-de-evangelizacion-entre-el-miedo-y-la-esperanza\/","name":"Cuba, en estado de evangelizaci\u00f3n. Entre el miedo y la esperanza - Somos Vicencianos","isPartOf":{"@id":"http:\/\/vincentians.com\/es\/#website"},"primaryImageOfPage":{"@id":"http:\/\/vincentians.com\/es\/cuba-en-estado-de-evangelizacion-entre-el-miedo-y-la-esperanza\/#primaryimage"},"image":{"@id":"http:\/\/vincentians.com\/es\/cuba-en-estado-de-evangelizacion-entre-el-miedo-y-la-esperanza\/#primaryimage"},"thumbnailUrl":"","datePublished":"2011-08-25T05:51:34+00:00","breadcrumb":{"@id":"http:\/\/vincentians.com\/es\/cuba-en-estado-de-evangelizacion-entre-el-miedo-y-la-esperanza\/#breadcrumb"},"inLanguage":"es","potentialAction":[{"@type":"ReadAction","target":["http:\/\/vincentians.com\/es\/cuba-en-estado-de-evangelizacion-entre-el-miedo-y-la-esperanza\/"]}]},{"@type":"ImageObject","inLanguage":"es","@id":"http:\/\/vincentians.com\/es\/cuba-en-estado-de-evangelizacion-entre-el-miedo-y-la-esperanza\/#primaryimage","url":"","contentUrl":""},{"@type":"BreadcrumbList","@id":"http:\/\/vincentians.com\/es\/cuba-en-estado-de-evangelizacion-entre-el-miedo-y-la-esperanza\/#breadcrumb","itemListElement":[{"@type":"ListItem","position":1,"name":"Portada","item":"http:\/\/vincentians.com\/es\/"},{"@type":"ListItem","position":2,"name":"Cuba, en estado de evangelizaci\u00f3n. Entre el miedo y la esperanza"}]},{"@type":"WebSite","@id":"http:\/\/vincentians.com\/es\/#website","url":"http:\/\/vincentians.com\/es\/","name":"Somos Vicencianos","description":"Know more to serve more","publisher":{"@id":"http:\/\/vincentians.com\/es\/#organization"},"potentialAction":[{"@type":"SearchAction","target":{"@type":"EntryPoint","urlTemplate":"http:\/\/vincentians.com\/es\/?s={search_term_string}"},"query-input":{"@type":"PropertyValueSpecification","valueRequired":true,"valueName":"search_term_string"}}],"inLanguage":"es"},{"@type":"Organization","@id":"http:\/\/vincentians.com\/es\/#organization","name":"The Vincentian Network","url":"http:\/\/vincentians.com\/es\/","logo":{"@type":"ImageObject","inLanguage":"es","@id":"http:\/\/vincentians.com\/es\/#\/schema\/logo\/image\/","url":"https:\/\/i1.wp.com\/vincentians.com\/es\/wp-content\/uploads\/sites\/11\/2016\/06\/Vincentian-Network-logo-big.png?fit=778%2C778","contentUrl":"https:\/\/i1.wp.com\/vincentians.com\/es\/wp-content\/uploads\/sites\/11\/2016\/06\/Vincentian-Network-logo-big.png?fit=778%2C778","width":778,"height":778,"caption":"The Vincentian Network"},"image":{"@id":"http:\/\/vincentians.com\/es\/#\/schema\/logo\/image\/"},"sameAs":["https:\/\/www.facebook.com\/WeAreVincentians\/","https:\/\/x.com\/WeVincentians"]},{"@type":"Person","@id":"http:\/\/vincentians.com\/es\/#\/schema\/person\/9623ef4d9aa3b2dfb8c061f1499288f2","name":"Francisco Javier Fern\u00e1ndez Chento","image":{"@type":"ImageObject","inLanguage":"es","@id":"http:\/\/vincentians.com\/es\/#\/schema\/person\/image\/","url":"https:\/\/secure.gravatar.com\/avatar\/497d5cde87b4c3d097d0315953521681ba2cd523ee66e5077c3711f7021e65de?s=96&d=mm&r=g","contentUrl":"https:\/\/secure.gravatar.com\/avatar\/497d5cde87b4c3d097d0315953521681ba2cd523ee66e5077c3711f7021e65de?s=96&d=mm&r=g","caption":"Francisco Javier Fern\u00e1ndez Chento"},"description":"Director General y cofundador de La Red de Formaci\u00f3n Vicenciana. Javier es laico vicenciano, afiliado a la Congregaci\u00f3n de la Misi\u00f3n y miembro del Equipo de Misiones Populares de la provincia can\u00f3nica de Zaragoza (Espa\u00f1a) de la Congregaci\u00f3n de la Misi\u00f3n. Graduado en la Universidad Oberta de Catalunya con cuatro grados (Asistente de direcci\u00f3n, Gesti\u00f3n Administrativa, Recursos Humanos y Contabilidad Avanzada). Bil\u00edng\u00fce Espa\u00f1ol\/Ingl\u00e9s. gestiona y mantiene varias p\u00e1ginas web cristianas y vicencianas, incluida including La Red de Formaci\u00f3n Vicenciana, de la que es cofundador. Actualmente es responsable del \u00e1rea de Espa\u00f1ol de .famvin, la Red de Noticias de la Familia Vicenciana. Tambi\u00e9n es m\u00fasico cat\u00f3lico y ha editado varios discos. Es Director General y cofundador de Trovador, una reconocida compa\u00f1\u00eda discogr\u00e1fica critiana de Espa\u00f1a. Trabaja en las Tecnolog\u00edas de la Informaci\u00f3n, ofreciendo servicios de alojamiento, dise\u00f1o y mantenimiento Web, as\u00ed como asesoramiento, formaci\u00f3n y soluciones inform\u00e1ticas, gesti\u00f3n documental y digitalizaci\u00f3n de textos, edici\u00f3n y maquetaci\u00f3n de libros, revistas, flyers, etc.","sameAs":["http:\/\/chento.org","https:\/\/www.facebook.com\/JavierChento","https:\/\/x.com\/https:\/\/twitter.com\/javierchento"],"url":"http:\/\/vincentians.com\/es\/author\/chento\/"}]}},"jetpack_publicize_connections":[],"jetpack_featured_media_url":"","jetpack_sharing_enabled":true,"jetpack_shortlink":"https:\/\/wp.me\/p7ETMF-cFT","jetpack-related-posts":[{"id":124442,"url":"http:\/\/vincentians.com\/es\/historia-de-los-paules-en-cuba-capitulo-xii-c\/","url_meta":{"origin":48725,"position":0},"title":"Historia de los PA\u00daLES en Cuba (CAP\u00cdTULO XII C)","author":"Mitxel Olabu\u00e9naga","date":"17\/05\/2023","format":false,"excerpt":"3. Las Iglesias de Guant\u00e1namo, San Francisco, Baracoa y San Luis. La Casa de Matanzas. P\u00e9rdida de la Iglesia de Guant\u00e1namo. La Iglesia de Meneses. Estado de las casas de los Pa\u00fales en 1966. Expectativas de futuro. Guant\u00e1namo Cuando comenz\u00f3 la revoluci\u00f3n en 1959, la actividad de los Padres Pa\u00fales\u2026","rel":"","context":"En \u00abHistoria de la Congregaci\u00f3n de la Misi\u00f3n\u00bb","block_context":{"text":"Historia de la Congregaci\u00f3n de la Misi\u00f3n","link":"http:\/\/vincentians.com\/es\/category\/historia-de-la-familia-vicenciana\/historia-de-la-congregacion-de-la-mision\/"},"img":{"alt_text":"","src":"https:\/\/i0.wp.com\/vincentians.com\/es\/wp-content\/uploads\/sites\/11\/2013\/05\/Cuba-Iglesia-de-La-Milagrosa-La-Habana.png?fit=1200%2C919&resize=350%2C200","width":350,"height":200,"srcset":"https:\/\/i0.wp.com\/vincentians.com\/es\/wp-content\/uploads\/sites\/11\/2013\/05\/Cuba-Iglesia-de-La-Milagrosa-La-Habana.png?fit=1200%2C919&resize=350%2C200 1x, https:\/\/i0.wp.com\/vincentians.com\/es\/wp-content\/uploads\/sites\/11\/2013\/05\/Cuba-Iglesia-de-La-Milagrosa-La-Habana.png?fit=1200%2C919&resize=525%2C300 1.5x, https:\/\/i0.wp.com\/vincentians.com\/es\/wp-content\/uploads\/sites\/11\/2013\/05\/Cuba-Iglesia-de-La-Milagrosa-La-Habana.png?fit=1200%2C919&resize=700%2C400 2x, https:\/\/i0.wp.com\/vincentians.com\/es\/wp-content\/uploads\/sites\/11\/2013\/05\/Cuba-Iglesia-de-La-Milagrosa-La-Habana.png?fit=1200%2C919&resize=1050%2C600 3x"},"classes":[]},{"id":109368,"url":"http:\/\/vincentians.com\/es\/el-cisma-de-llorente-en-cuba-y-los-padres-paules-e-hijas-de-la-caridad-1872-1874\/","url_meta":{"origin":48725,"position":1},"title":"El cisma de Llorente en Cuba y los Padres Pa\u00fales e Hijas de la Caridad (1872 &#8211; 1874)","author":"Mitxel Olabu\u00e9naga","date":"11\/02\/2019","format":false,"excerpt":"\"Es la tradici\u00f3n para las instituciones \u2014se complac\u00eda en repetir el sa\u00adbio argentino Franceschi\u2014 lo que las rige y el tronco para el \u00e1rbol corpu\u00adlento.\" Recordar los hechos gloriosos es regar las ra\u00edces para que siga dando frutos el \u00e1rbol. Po eso al cumplirse los cien a\u00f1os de un acontecimiento\u2026","rel":"","context":"En \u00abHistoria de la Congregaci\u00f3n de la Misi\u00f3n\u00bb","block_context":{"text":"Historia de la Congregaci\u00f3n de la Misi\u00f3n","link":"http:\/\/vincentians.com\/es\/category\/historia-de-la-familia-vicenciana\/historia-de-la-congregacion-de-la-mision\/"},"img":{"alt_text":"","src":"https:\/\/i0.wp.com\/vincentians.com\/es\/wp-content\/uploads\/sites\/11\/2012\/05\/Limpias15.jpg?fit=550%2C370&resize=350%2C200","width":350,"height":200,"srcset":"https:\/\/i0.wp.com\/vincentians.com\/es\/wp-content\/uploads\/sites\/11\/2012\/05\/Limpias15.jpg?fit=550%2C370&resize=350%2C200 1x, https:\/\/i0.wp.com\/vincentians.com\/es\/wp-content\/uploads\/sites\/11\/2012\/05\/Limpias15.jpg?fit=550%2C370&resize=525%2C300 1.5x"},"classes":[]},{"id":124432,"url":"http:\/\/vincentians.com\/es\/historia-de-los-paules-en-cuba-capitulo-xi-a\/","url_meta":{"origin":48725,"position":2},"title":"Historia de los Pa\u00fales en Cuba (Cap\u00edtulo XI A)","author":"Mitxel Olabu\u00e9naga","date":"29\/04\/2023","format":false,"excerpt":"EL DERRUMBE DE MUCHOS SUE\u00d1OS. 1. Los PP. Pa\u00fales ante el triunfo de la revoluci\u00f3n. El derrumbe de muchos sue\u00f1os. Ni en sue\u00f1os, ni siquiera con la ayuda de los mejores agoreros o adivinos, se hubiera podido ver el futuro inmediato que esperaba a los PP. Pa\u00fales en Cuba. Por\u2026","rel":"","context":"En \u00abHistoria de la Congregaci\u00f3n de la Misi\u00f3n\u00bb","block_context":{"text":"Historia de la Congregaci\u00f3n de la Misi\u00f3n","link":"http:\/\/vincentians.com\/es\/category\/historia-de-la-familia-vicenciana\/historia-de-la-congregacion-de-la-mision\/"},"img":{"alt_text":"","src":"https:\/\/i0.wp.com\/vincentians.com\/es\/wp-content\/uploads\/sites\/11\/2013\/05\/Cuba-Iglesia-de-La-Milagrosa-La-Habana.png?fit=1200%2C919&resize=350%2C200","width":350,"height":200,"srcset":"https:\/\/i0.wp.com\/vincentians.com\/es\/wp-content\/uploads\/sites\/11\/2013\/05\/Cuba-Iglesia-de-La-Milagrosa-La-Habana.png?fit=1200%2C919&resize=350%2C200 1x, https:\/\/i0.wp.com\/vincentians.com\/es\/wp-content\/uploads\/sites\/11\/2013\/05\/Cuba-Iglesia-de-La-Milagrosa-La-Habana.png?fit=1200%2C919&resize=525%2C300 1.5x, https:\/\/i0.wp.com\/vincentians.com\/es\/wp-content\/uploads\/sites\/11\/2013\/05\/Cuba-Iglesia-de-La-Milagrosa-La-Habana.png?fit=1200%2C919&resize=700%2C400 2x, https:\/\/i0.wp.com\/vincentians.com\/es\/wp-content\/uploads\/sites\/11\/2013\/05\/Cuba-Iglesia-de-La-Milagrosa-La-Habana.png?fit=1200%2C919&resize=1050%2C600 3x"},"classes":[]},{"id":118949,"url":"http:\/\/vincentians.com\/es\/historia-de-los-paules-en-cuba-capitulo-iv-a\/","url_meta":{"origin":48725,"position":3},"title":"Historia de los Pa\u00fales en Cuba (Cap\u00edtulo IV A)","author":"Mitxel Olabu\u00e9naga","date":"29\/12\/2021","format":false,"excerpt":"1. El primer Seminario de la Habana. Breve Historia de la fundaci\u00f3n. Corr\u00eda el a\u00f1o 1605 cuando el gran Obispo Juan de las Cabezas Altamirano, de la Orden de Predicadores, fund\u00f3 el primer Seminario Tridentino que funcion\u00f3 en la Isla de Cuba, y que tuvo una corta existencia, tal vez\u2026","rel":"","context":"En \u00abHistoria de la Congregaci\u00f3n de la Misi\u00f3n\u00bb","block_context":{"text":"Historia de la Congregaci\u00f3n de la Misi\u00f3n","link":"http:\/\/vincentians.com\/es\/category\/historia-de-la-familia-vicenciana\/historia-de-la-congregacion-de-la-mision\/"},"img":{"alt_text":"","src":"https:\/\/i0.wp.com\/vincentians.com\/es\/wp-content\/uploads\/sites\/11\/2016\/10\/ranquines.jpg?fit=1200%2C630&resize=350%2C200","width":350,"height":200,"srcset":"https:\/\/i0.wp.com\/vincentians.com\/es\/wp-content\/uploads\/sites\/11\/2016\/10\/ranquines.jpg?fit=1200%2C630&resize=350%2C200 1x, https:\/\/i0.wp.com\/vincentians.com\/es\/wp-content\/uploads\/sites\/11\/2016\/10\/ranquines.jpg?fit=1200%2C630&resize=525%2C300 1.5x, https:\/\/i0.wp.com\/vincentians.com\/es\/wp-content\/uploads\/sites\/11\/2016\/10\/ranquines.jpg?fit=1200%2C630&resize=700%2C400 2x, https:\/\/i0.wp.com\/vincentians.com\/es\/wp-content\/uploads\/sites\/11\/2016\/10\/ranquines.jpg?fit=1200%2C630&resize=1050%2C600 3x"},"classes":[]},{"id":124426,"url":"http:\/\/vincentians.com\/es\/historia-de-los-paules-en-cuba-capitulo-x-b\/","url_meta":{"origin":48725,"position":4},"title":"Historia de los PA\u00daLES en Cuba (Cap\u00edtulo X B)","author":"Mitxel Olabu\u00e9naga","date":"17\/04\/2023","format":false,"excerpt":"2. \"La Obra de las Misiones\" en las Parroquias de San Luis, Baracoa y Guant\u00e1namo. Labor misionera en la leproser\u00eda de San Luis de Jagua. San Luis Otro lugar del oriente cubano donde prosperaron las misiones de la Congregaci\u00f3n de la Misi\u00f3n, fue en el pueblo de San Lu\u00eds. Los\u2026","rel":"","context":"En \u00abHistoria de la Congregaci\u00f3n de la Misi\u00f3n\u00bb","block_context":{"text":"Historia de la Congregaci\u00f3n de la Misi\u00f3n","link":"http:\/\/vincentians.com\/es\/category\/historia-de-la-familia-vicenciana\/historia-de-la-congregacion-de-la-mision\/"},"img":{"alt_text":"","src":"https:\/\/i0.wp.com\/vincentians.com\/es\/wp-content\/uploads\/sites\/11\/2013\/05\/Cuba-Iglesia-de-La-Milagrosa-La-Habana.png?fit=1200%2C919&resize=350%2C200","width":350,"height":200,"srcset":"https:\/\/i0.wp.com\/vincentians.com\/es\/wp-content\/uploads\/sites\/11\/2013\/05\/Cuba-Iglesia-de-La-Milagrosa-La-Habana.png?fit=1200%2C919&resize=350%2C200 1x, https:\/\/i0.wp.com\/vincentians.com\/es\/wp-content\/uploads\/sites\/11\/2013\/05\/Cuba-Iglesia-de-La-Milagrosa-La-Habana.png?fit=1200%2C919&resize=525%2C300 1.5x, https:\/\/i0.wp.com\/vincentians.com\/es\/wp-content\/uploads\/sites\/11\/2013\/05\/Cuba-Iglesia-de-La-Milagrosa-La-Habana.png?fit=1200%2C919&resize=700%2C400 2x, https:\/\/i0.wp.com\/vincentians.com\/es\/wp-content\/uploads\/sites\/11\/2013\/05\/Cuba-Iglesia-de-La-Milagrosa-La-Habana.png?fit=1200%2C919&resize=1050%2C600 3x"},"classes":[]},{"id":121913,"url":"http:\/\/vincentians.com\/es\/historia-de-los-paules-en-cuba-capitulo-viii-a\/","url_meta":{"origin":48725,"position":5},"title":"Historia de los Pa\u00fales en Cuba: Cap\u00edtulo VIII (A)","author":"Mitxel Olabu\u00e9naga","date":"03\/05\/2013","format":false,"excerpt":"1. La Obra de las Misiones Parroquiales. La Congregaci\u00f3n de la Misi\u00f3n, desde su inicio en 1625, ha tenido como uno de sus fines el de dar a conocer el mensaje de Jesucristo por medio de las misiones. De ah\u00ed su nombre. Cuba no ha sido la excepci\u00f3n. Ya en\u2026","rel":"","context":"En \u00abHistoria de la Congregaci\u00f3n de la Misi\u00f3n\u00bb","block_context":{"text":"Historia de la Congregaci\u00f3n de la Misi\u00f3n","link":"http:\/\/vincentians.com\/es\/category\/historia-de-la-familia-vicenciana\/historia-de-la-congregacion-de-la-mision\/"},"img":{"alt_text":"aaa","src":"https:\/\/i0.wp.com\/vicencianos.org\/wp-content\/2013\/05\/aaa.jpg?resize=350%2C200","width":350,"height":200},"classes":[]}],"_links":{"self":[{"href":"http:\/\/vincentians.com\/es\/wp-json\/wp\/v2\/posts\/48725","targetHints":{"allow":["GET"]}}],"collection":[{"href":"http:\/\/vincentians.com\/es\/wp-json\/wp\/v2\/posts"}],"about":[{"href":"http:\/\/vincentians.com\/es\/wp-json\/wp\/v2\/types\/post"}],"author":[{"embeddable":true,"href":"http:\/\/vincentians.com\/es\/wp-json\/wp\/v2\/users\/4"}],"replies":[{"embeddable":true,"href":"http:\/\/vincentians.com\/es\/wp-json\/wp\/v2\/comments?post=48725"}],"version-history":[{"count":0,"href":"http:\/\/vincentians.com\/es\/wp-json\/wp\/v2\/posts\/48725\/revisions"}],"wp:featuredmedia":[{"embeddable":true,"href":"http:\/\/vincentians.com\/es\/wp-json\/"}],"wp:attachment":[{"href":"http:\/\/vincentians.com\/es\/wp-json\/wp\/v2\/media?parent=48725"}],"wp:term":[{"taxonomy":"category","embeddable":true,"href":"http:\/\/vincentians.com\/es\/wp-json\/wp\/v2\/categories?post=48725"},{"taxonomy":"post_tag","embeddable":true,"href":"http:\/\/vincentians.com\/es\/wp-json\/wp\/v2\/tags?post=48725"}],"curies":[{"name":"wp","href":"https:\/\/api.w.org\/{rel}","templated":true}]}}