{"id":48436,"date":"2015-03-13T08:14:11","date_gmt":"2015-03-13T07:14:11","guid":{"rendered":"http:\/\/somos.vicencianos.org\/blog\/2011\/02\/el-joven-vicenciano-ante-el-cambio-sistemico\/"},"modified":"2016-07-26T10:45:29","modified_gmt":"2016-07-26T08:45:29","slug":"el-joven-vicenciano-ante-el-cambio-sistemico","status":"publish","type":"post","link":"http:\/\/vincentians.com\/es\/el-joven-vicenciano-ante-el-cambio-sistemico\/","title":{"rendered":"El joven vicenciano ante el cambio sist\u00e9mico"},"content":{"rendered":"<h2>Analizamos nuestra realidad<\/h2>\n<p><a href=\"https:\/\/i0.wp.com\/vicencianos.org\/wp-content\/2013\/11\/cambio.jpg\"><img data-recalc-dims=\"1\" loading=\"lazy\" decoding=\"async\" class=\"alignright size-medium wp-image-124901\" src=\"https:\/\/i0.wp.com\/vicencianos.org\/wp-content\/2013\/11\/cambio-300x225.jpg?resize=300%2C225\" alt=\"cambio\" width=\"300\" height=\"225\" \/><\/a>Esta catequesis tiene como objetivo ayudar a los j\u00f3venes vicencianos a reflexionar sobre los principios del cambio sist\u00e9mico practicados por San Vicente y reflejarlos en nuestro propio servicio, en nuestros propios proyectos.<\/p>\n<p>El Cambio Sist\u00e9mico para la Familia Vicenciana es un proceso que intenta transformar de manera radical la vida de los excluidos tomando en cuenta los diferentes sistemas o subsistemas que afectan su entorno. Este cambio se logra a trav\u00e9s de estrategias espec\u00edficas, destinadas a producir dichos cambios.<\/p>\n<p>El Cambio Sist\u00e9mico no se dar\u00e1, si no se abordan los problemas en forma estructural, si no se atacan las causas de las situaciones injustas que oprimen a los necesitados y atentan \u00a0\u00a0contra sus derechos humanos b\u00e1sicos.<\/p>\n<p><strong>Podemos comenzar la catequesis reflexionando conjuntamente sobre alg\u00fan proyecto que el grupo conozca o en el que est\u00e9 implicado, o sobre el servicio que prestan a quienes viven en situaci\u00f3n de pobreza. Podemos responder en el grupo a las siguientes preguntas:<\/strong><\/p>\n<ul>\n<li>\u00bfEscuchamos permanentemente a los empobrecidos con los cuales trabajamos?<\/li>\n<li>\u00bfConocemos cu\u00e1les son sus necesidades m\u00e1s \u00edntimas, sus necesida-des reales y sus necesidades sentidas?<\/li>\n<li>\u00bfCu\u00e1les son los sistemas que interact\u00faan en la situaci\u00f3n de pobreza que pretendemos cambiar o erradicar?<\/li>\n<li>\u00bfTomamos en cuenta a los diferentes sistemas identificados?<\/li>\n<li>\u00bfConsideramos que nuestro proyecto o nuestras acciones pueden ser generadores de un verdadero cambio, de un cambio sist\u00e9mico para cambiar las estructuras injustas que afectan a los empobrecidos con los cuales trabajamos?<\/li>\n<li>\u00bfEstar\u00edamos dispuestos a cambiar nuestro proyecto si no llega a producir un cambio sist\u00e9mico en la vida de los m\u00e1s pobres?<\/li>\n<\/ul>\n<h2><strong>Iluminamos nuestra realidad con la Palabra de Dios<\/strong><\/h2>\n<p><strong>Leemos y comentamos el Evangelio: <\/strong><strong>Lucas 8,43-48<\/strong><\/p>\n<p>En este pasaje del Evangelio, la mujer est\u00e1 sumamente involucrada en su propia recuperaci\u00f3n. Ella va en contra de la mentalidad social de su tiempo y toca a Jes\u00fas. Aqu\u00ed vemos la puesta en obra de la acci\u00f3n de responsabilizar y de la habilitaci\u00f3n de la persona. La presencia de Jes\u00fas le permite buscar la ayuda de una forma activa, y su vida se transforma.<\/p>\n<ul>\n<li><strong>\u00bfQu\u00e9 nos sugiere esta Palabra de Dios en nuestra relaci\u00f3n con los empobrecidos?<\/strong><\/li>\n<li><strong>\u00bfLes involucramos en el cambio de su situaci\u00f3n, en su propia liberaci\u00f3n?<\/strong><\/li>\n<li><strong>\u00bfLes permitimos acercarse a Jes\u00fas?<\/strong><\/li>\n<\/ul>\n<h2>\u00bfQu\u00e9 nos dice san Vicente?<\/h2>\n<p><strong>Leemos y comentamos la experiencia <\/strong><strong>de San Vicente de Pa\u00fal en Chatillon-les-Dombes<\/strong><\/p>\n<p><em>La historia original de la experiencia de Vicente como P\u00e1rroco de Chatillon-les-Dombes marca pautas importantes para lograr un cambio en la vida de los excluidos, a trav\u00e9s de un plan coherente y efectivo: Vicente escucha atentamente las penas de una familia en necesidad, se adentra en el mundo de los pobres, considera los diferentes elementos que intervienen en las situaciones de pobreza y esto le sirve de tema para una homil\u00eda conmovedora, lo que contribuy\u00f3 a que muchos se sumaran a esta iniciativa: <strong>\u00abDios toc\u00f3 los corazones de mis oyentes\u00bb,<\/strong> afirma San Vicente. <\/em><\/p>\n<p><em>Vicente se pronuncia en contra de la injusticia. Para \u00e9l la pobreza es una injusticia que hay que combatir. \u00c9l pens\u00f3 en un plan, llam\u00f3 a una reuni\u00f3n, form\u00f3 una asociaci\u00f3n y deleg\u00f3 trabajos y responsabilidades a la gente de la parroquia, los incluy\u00f3 en el proceso. Con este principio peque\u00f1o y simple, empez\u00f3 todo un movimiento.<\/em><\/p>\n<p><em>\u00a0(Cf. Rom\u00e1n, San Vicente de Pa\u00fal. I Biograf\u00eda, p\u00e1g. 123)<\/em><\/p>\n<p>San Vicente tom\u00f3 en cuenta diversos sistemas de las personas en necesidad: los pobres mismos, los enfermos, las familias, su entorno, las personas de su comunidad, capaces de mejorar la situaci\u00f3n\u2026 Los consider\u00f3, sin utilizar estos t\u00e9rminos, como sistemas que funcionan a trav\u00e9s de la interacci\u00f3n de sus partes. Tom\u00f3 en cuenta tambi\u00e9n sus necesidades espirituales y materiales.<\/p>\n<p>Vicente no se content\u00f3 con remediar la necesidad inmediata, sino que organiz\u00f3 a los parroquianos para constituir una organizaci\u00f3n, que despu\u00e9s dio lugar a un gran movimiento. San Vicente fue capaz de transmitir, m\u00e1s all\u00e1 de estos primeros grupos, su misi\u00f3n, su compasi\u00f3n por los hermanos necesitados. A trav\u00e9s del contacto directo, de m\u00e1s de 30.000 cartas y de sus ense\u00f1anzas, form\u00f3 a sus seguidores para comprometerse con su visi\u00f3n de manera no s\u00f3lo afectiva, sino tambi\u00e9n efectiva.<\/p>\n<ul>\n<li><strong>\u00bfQu\u00e9 nos ense\u00f1a el testimonio de San Vicente de Pa\u00fal a los j\u00f3venes vicencianos para implicarnos en el \u00abcambio sist\u00e9mico\u00bb?<\/strong><\/li>\n<\/ul>\n<h2>Comentamos la propuesta de Juan Pablo II<\/h2>\n<p>Cuando logremos solidarizarnos con el mundo de los pobres y asumir como nuestro su propio proyecto, trabajaremos junto con ellos hacia la transformaci\u00f3n de sus vidas. Esto nos lleva a una pr\u00e1ctica social inspirada en el Evangelio:<\/p>\n<p><em>\u00abEl pensamiento social y la pr\u00e1ctica social inspiradas por el Evangelio deben ir siempre marcadas por una sensibilidad especial hacia las personas que m\u00e1s sufren, que son extremadamente pobres, hacia quienes padecen de toda clase de males f\u00edsicos, mentales y morales que afectan a la humanidad, incluyendo el hambre, el descuido, el desempleo y la desesperaci\u00f3n\u2026 Tambi\u00e9n deber\u00e1n buscar las razones estructurales que fomentan o causan las diferentes formas de pobreza en el mundo, a fin de que podamos aplicar los remedios apropiados\u00bb.<\/em><\/p>\n<p>(Invitaci\u00f3n de Juan Pablo II a la Congregaci\u00f3n de la Misi\u00f3n)<\/p>\n<p><strong>Pensar en forma sist\u00e9mica es una condici\u00f3n indispensable para lograr el cambio. <\/strong><\/p>\n<ul>\n<li><strong>\u00bfTenemos un pensamiento sist\u00e9mico inspirado en el Evangelio?<\/strong><\/li>\n<li><strong>\u00bfEstudiamos las causas estructurales que generan las situaciones de pobreza y trabajamos por cambiar las situaciones injustas?<\/strong><\/li>\n<\/ul>\n<h2><strong>Nos comprometemos<\/strong><\/h2>\n<ul>\n<li>A la luz del Evangelio, de la experiencia de Chatillon-les-Dombes y del texto de Juan Pablo II compartamos alguna otra nueva percepci\u00f3n o acci\u00f3n que creamos pueda ser un desaf\u00edo que debemos afrontar.<\/li>\n<li>Elaboremos un compromiso grupal, ya sea sobre un nuevo proyecto o sobre la transformaci\u00f3n de los proyectos que ya realizamo, para cambiar de manera efectiva la vida de aquellos con los cuales trabajamos.<\/li>\n<li>Elaboremos tres l\u00edneas de acci\u00f3n a proponer a los j\u00f3venes vicencianos a nivel internacional, para motivar a todos a promover y difundir el Cambio Sist\u00e9mico.<\/li>\n<\/ul>\n<h2><strong>Oramos<\/strong><\/h2>\n<p>Recitamos en grupo la Oraci\u00f3n para el Cambio Sist\u00e9mico.<\/p>\n<h3><strong>Oraci\u00f3n por el Cambio Sist\u00e9mico<\/strong><\/h3>\n<p align=\"center\">Te alabamos y te damos gracias, Oh Dios, Creador del Universo.<br \/>\nT\u00fa has hecho todas las cosas bien, y nos has dado la tierra para cultivarla.<br \/>\nConc\u00e9denos sepamos utilizar con agradecimiento los bienes que has creado y<br \/>\ncompartirlos generosamente con todos los necesitados.<br \/>\nDanos creatividad en nuestra ayuda al pobre para hacer frente<br \/>\na sus necesidades b\u00e1sicas.<br \/>\nAbre nuestras mentes y corazones para que podamos estar a su lado y<br \/>\nayudarles a cambiar las estructuras injustas que les mantienen en la pobreza.<br \/>\nPerm\u00edtenos ser para ellos hermanos y hermanas, amigos que caminan<br \/>\ncon ellos en su lucha por los derechos humanos fundamentales.<br \/>\nTe lo pedimos por Jesucristo, nuestro Se\u00f1or. AM\u00c9N<\/p>\n<p>\u00a0Al terminar elegimos algunos ejemplos que muestren que el Cambio es posible. Iniciamos cada frase repitiendo:<\/p>\n<p align=\"center\"><strong><em>El Cambio es posible<\/em><\/strong><\/p>\n<ul>\n<li>La Familia Vicenciana en el mundo cuenta con m\u00e1s de dos millones de miembros, dedicados al servicio de nuestros hermanos que sufren la pobreza y la exclusi\u00f3n. <strong><em>El Cambio es posible<\/em><\/strong><\/li>\n<li>Miles de j\u00f3venes vicencianos, de los cinco continentes se re\u00fanen en grupos para promover un Cambio Sist\u00e9mico en la vida de los m\u00e1s pobres. <strong><em>El Cambio es posible<\/em><\/strong><\/li>\n<\/ul>\n<h2><strong>Para compartir con otros j\u00f3venes vicencianos<br \/>\n<\/strong><\/h2>\n<ul>\n<li>Comparte alguna experiencia de trabajo con los empobrecidos en la l\u00ednea del Cambio Sist\u00e9mico.<\/li>\n<li>\u00bfQu\u00e9 te ha aportado especialmente esta catequesis en la comprensi\u00f3n de lo que significa el Cambio Sist\u00e9mico?<\/li>\n<li>\u00bfQu\u00e9 propones a los j\u00f3venes vicencianos para difundir el Cambio Sist\u00e9mico?<\/li>\n<\/ul>\n<h2>Para reflexionar<\/h2>\n<blockquote>\n<h3><strong>Qu\u00e9 es y en qu\u00e9 consiste el Cambio Sist\u00e9mico<\/strong><\/h3>\n<p>Es un proceso que implica una forma de <strong>pensamiento sist\u00e9mico<\/strong>. Este tipo de pensamiento contempla el todo, las partes del todo y la conexi\u00f3n entre estas partes y lo estudia para lograr entender dichas partes. As\u00ed mismo, nos ofrece herramientas para interpretar nuestra experiencia, enfoc\u00e1ndose a las relaciones entre los elementos, m\u00e1s que a los contenidos de los elementos mismos. Este tipo de pensamiento impide que, inconscientemente, usemos los mismos modelos mentales que est\u00e1n causando el problema que queremos resolver.<\/p>\n<p><strong>El Cambio Sist\u00e9mico<\/strong> es un proceso que favorece un cambio estructural de todo el sistema. Es un cambio que lleva a una transformaci\u00f3n radical de la vida de los excluidos, <strong>a trav\u00e9s de las estrategias espec\u00edficas requeridas para producir dichos cambios.<\/strong><\/p>\n<h3><strong>La Espiritualidad que orienta el Cambio Sist\u00e9mico<\/strong><\/h3>\n<p>El proceso de cambio para la Familia Vicenciana debe estar sustentado en una serie de valores y creencias, en el Carisma Cristiano y Vicenciano. As\u00ed mismo debe estar orientado hacia una visi\u00f3n: <strong>Un mundo de mayor justicia y equidad, en el que los m\u00e1s pobres ocupen el lugar que les corresponda en la sociedad<\/strong>.<\/p>\n<h3><strong>La visi\u00f3n de Vicente se centra en Jesucristo, Evangelizador de los pobres <\/strong><\/h3>\n<ul>\n<li>Cristo viene a dar libertad a su pueblo y a librarlo de la esclavitud de sus heridas corporales y espirituales<\/li>\n<li>La liberaci\u00f3n que Cristo trae al pobre es, de acuerdo a la visi\u00f3n de San Vicente, una liberaci\u00f3n integral (espiritual y corporal).<\/li>\n<\/ul>\n<h3><strong>Estrategias efectivas para el Cambio Sist\u00e9mico<\/strong><\/h3>\n<p>Consideramos que estas estrategias son muy importantes, por no decir indispensables, para generar cambios reales y profundos en los proyectos de los miembros de la Familia Vicenciana. Para mayor comprensi\u00f3n, hemos dividido las estrategias de acuerdo a su orientaci\u00f3n y objetivos primordiales:<\/p>\n<h3><strong>Estrategias orientadas en la Misi\u00f3n (motivaci\u00f3n y direcci\u00f3n)<\/strong><\/h3>\n<ul>\n<li>Considerar la pobreza, no como un resultado inevitable de las circunstancias, sino como el producto de situaciones injustas que pueden ser modificadas, centr\u00e1ndose en acciones tendientes a romper el c\u00edrculo de la pobreza.<\/li>\n<li>Dise\u00f1ar proyectos, estrategias creativas, pol\u00edticas y l\u00edneas de acci\u00f3n, que se desprendan de nuestra misi\u00f3n y valores cristianos y vicentinos.<\/li>\n<li>Evangelizar e inculturar los valores y el carisma vicenciano, con un profundo respeto por la cultura local.<\/li>\n<\/ul>\n<h3><strong>Estrategias orientadas en las personas (centr\u00e1ndose en los pobres, que son los m\u00e1s capaces de cambiar su propia situaci\u00f3n)<\/strong><\/h3>\n<ul>\n<li>Escuchar con atenci\u00f3n para comprender las necesidades y aspiraciones de los pobres, creando una atm\u00f3sfera de respeto, confianza mutua y promoviendo la autoestima.<\/li>\n<li>Involucrar a los pobres mismos, incluidas las mujeres y los j\u00f3venes, en todas las etapas del proyecto: identificaci\u00f3n de las necesidades, planeaci\u00f3n, implementaci\u00f3n y evaluaci\u00f3n.<\/li>\n<li>Educar, capacitar y ofrecer formaci\u00f3n espiritual a todos los participantes en el proyecto.<\/li>\n<li>Promover procesos de aprendizaje horizontales, formando agentes multiplicadores efectivos y l\u00edderes visionarios en la comunidad, para que sean l\u00edderes servidores, inspirados en San Vicente de Pa\u00fal.<\/li>\n<li>Construir modelos estructurales e institucionales, en los cuales las comunidades puedan identificar sus recursos y necesidades, tomar decisiones informadas e intercambiar informaci\u00f3n y estrategias efectivas en el interior de la comunidad y entre varias comunidades.<\/li>\n<li>Promover el compromiso en los procesos pol\u00edticos, a trav\u00e9s de la educaci\u00f3n c\u00edvica de los individuos y las comunidades.<\/li>\n<li>Apoyar y respetar los mecanismos de solidaridad que existen entre los miembros de la comunidad.<\/li>\n<\/ul>\n<h3><strong>Estrategias orientadas en la tarea (organizaci\u00f3n)<\/strong><\/h3>\n<ul>\n<li>Comenzar con un an\u00e1lisis serio de la realidad local, partiendo de datos concretos y elaborando cada proyecto en torno a dicha realidad.<\/li>\n<li>Tener una visi\u00f3n global para satisfacer una serie de necesidades humanas b\u00e1sicas &#8212; individuales y sociales, espirituales y f\u00edsicas, especialmente trabajo, cuidados para la salud, habitaci\u00f3n, educaci\u00f3n, crecimiento espiritual&#8212; , con un enfoque integral a la prevenci\u00f3n y al desarrollo sustentable.<\/li>\n<li>Implementar estrategias coherentes, empezando modestamente, delegando tareas y responsabilidades y proporcionando servicios de calidad, respetuosos de la dignidad de la persona.<\/li>\n<li>Sistematizar, institucionalizar y evaluar el proyecto y su realizaci\u00f3n, describiendo indicadores observables y resultados obtenidos.<\/li>\n<li>Lograr que el proyecto sea autosustentable, y garantizar los recursos materiales y humanos para asegurar su continuidad.<\/li>\n<li>Ser transparentes, invitando a participar en la elaboraci\u00f3n de presupuestos y comentando los informes financieros con los participantes en el proyecto. Mantener un estricto control en cuanto al manejo del dinero<\/li>\n<\/ul>\n<h3><strong>Estrategias orientadas en la participaci\u00f3n y la solidaridad. (Corresponsabilidad, trabajo en redes y acci\u00f3n pol\u00edtica)<\/strong><\/h3>\n<ul>\n<li>Promover la corresponsabilidad social y el trabajo en redes, conscientizando la sociedad a todos los niveles &#8212; local, nacional e internacional &#8212; para cambiar las situaciones injustas que afectan a la vida de los pobres.<\/li>\n<li>construir una visi\u00f3n compartida con los diversos participantes y tomadores de decisi\u00f3n: comunidades, pobres, individuos interesados, donadores, iglesias, gobiernos, sector privado, uniones, medios de comunicaci\u00f3n social, organismos y redes internacionales, etc.<\/li>\n<li>Luchar, a trav\u00e9s de acciones pol\u00edticas, con el fin de transformar las situaciones injustas y lograr un impacto positivo en las pol\u00edticas sociales y en la leyes.<\/li>\n<li>Tener una actitud prof\u00e9tica: anunciar, denunciar y comprometerse, a trav\u00e9s del trabajo en redes, en acciones de presi\u00f3n para lograr el cambio.<\/li>\n<\/ul>\n<h3><strong>Criterios para los proyectos de Cambio Sist\u00e9mico<\/strong><\/h3>\n<p>No todos los proyectos involucran el cambio sist\u00e9mico. Hay algunos proyectos, tan \u00fatiles, como necesarios, que aportan soluciones emergentes y resuelven necesidades espec\u00edficas, que son positivos y que entran en la categor\u00eda de asistencia justificada. Los proyectos que conducen al Cambio Sist\u00e9mico deben de tener, entre otras, las siguientes caracter\u00edsticas:<\/p>\n<p><strong>1. Participaci\u00f3n <\/strong><\/p>\n<p>Ning\u00fan proyecto puede ejercer un cambio radical, sin la participaci\u00f3n de los pobres.<\/p>\n<p><strong>2. Impacto social<\/strong><\/p>\n<p>Los proyectos deben colaborar a tener un impacto social a largo plazo. Este impacto s\u00f3lo se lograr\u00e1 mediante la intervenci\u00f3n de los diferentes sistemas que interact\u00faan en un determinado problema.<\/p>\n<p><strong>3. Sostenibilidad<\/strong><\/p>\n<p>Los proyectos deben ser autosustentables, es decir, que a trav\u00e9s de ellos se creen las estructuras sociales necesarias para cambiar la vida de los pobres y evitar que estos caigan en el c\u00edrculo vicioso de la pobreza. Los proyectos de cambio sist\u00e9mico deben continuar con una din\u00e1mica propia de financiamiento.<\/p>\n<p><strong>4. Efecto multiplicador<\/strong><\/p>\n<p>Los proyectos de cambio sist\u00e9mico deben ser replicables, es decir, pueden ser adaptados a diferentes contextos. Esto se refiere tanto a la espiritualidad, como a las t\u00e9cnicas y estrategias utilizadas en el proyecto.<\/p>\n<p><strong>5. Innovaci\u00f3n<\/strong><\/p>\n<p>Los proyectos de cambio sist\u00e9mico han logrado cambios significativos, a trav\u00e9s de la modificaci\u00f3n de pr\u00e1cticas tradicionales, cambi\u00e1ndolas por formas actuales e innovadoras para lograr el \u00e9xito.<\/p>\n<p><strong>6. Corresponsabilidad y trabajo en redes<\/strong><\/p>\n<p>Para que un proyecto produzca un cambio real en la vida de los excluidos, es necesario comprometer a otros en la visi\u00f3n y lograr que diversos sistemas interact\u00faen para lograr un objetivo com\u00fan. Esto implica desde luego las instancias gubernamentales, eclesiales, etc..<\/p>\n<p align=\"center\"><strong><em>\u00abEl proceso de Cambio Sist\u00e9mico nos motiva a aprender a ver el mundo de manera diferente\u00bb<\/em><\/strong><\/p>\n<\/blockquote>\n","protected":false},"excerpt":{"rendered":"<p>Analizamos nuestra realidad Esta catequesis tiene como objetivo ayudar a los j\u00f3venes vicencianos a reflexionar sobre los principios del cambio sist\u00e9mico practicados por San Vicente y reflejarlos en nuestro propio servicio, en nuestros propios proyectos. &#8230; <a href=\"http:\/\/vincentians.com\/es\/el-joven-vicenciano-ante-el-cambio-sistemico\/\" class=\"more-link\">Read More<\/a><\/p>\n","protected":false},"author":4,"featured_media":124901,"comment_status":"open","ping_status":"open","sticky":false,"template":"","format":"standard","meta":{"jetpack_post_was_ever_published":false,"_jetpack_newsletter_access":"","_jetpack_dont_email_post_to_subs":false,"_jetpack_newsletter_tier_id":0,"_jetpack_memberships_contains_paywalled_content":false,"_jetpack_memberships_contains_paid_content":false,"footnotes":"","jetpack_publicize_message":"","jetpack_publicize_feature_enabled":true,"jetpack_social_post_already_shared":true,"jetpack_social_options":{"image_generator_settings":{"template":"highway","default_image_id":0,"font":"","enabled":false},"version":2}},"categories":[102],"tags":[173,175,119,172],"class_list":["post-48436","post","type-post","status-publish","format-standard","has-post-thumbnail","hentry","category-cambio-sistemico","tag-chatillon-les-dombes","tag-folleville","tag-gondi","tag-pobreza"],"yoast_head":"<!-- This site is optimized with the Yoast SEO plugin v26.3 - https:\/\/yoast.com\/wordpress\/plugins\/seo\/ -->\n<title>El joven vicenciano ante el cambio sist\u00e9mico - Somos Vicencianos<\/title>\n<meta name=\"robots\" content=\"index, follow, max-snippet:-1, max-image-preview:large, max-video-preview:-1\" \/>\n<link rel=\"canonical\" href=\"http:\/\/vincentians.com\/es\/el-joven-vicenciano-ante-el-cambio-sistemico\/\" \/>\n<meta property=\"og:locale\" content=\"es_ES\" \/>\n<meta property=\"og:type\" content=\"article\" \/>\n<meta property=\"og:title\" content=\"El joven vicenciano ante el cambio sist\u00e9mico - Somos Vicencianos\" \/>\n<meta property=\"og:description\" content=\"Analizamos nuestra realidad Esta catequesis tiene como objetivo ayudar a los j\u00f3venes vicencianos a reflexionar sobre los principios del cambio sist\u00e9mico practicados por San Vicente y reflejarlos en nuestro propio servicio, en nuestros propios proyectos. ... Read More\" \/>\n<meta property=\"og:url\" content=\"http:\/\/vincentians.com\/es\/el-joven-vicenciano-ante-el-cambio-sistemico\/\" \/>\n<meta property=\"og:site_name\" content=\"Somos Vicencianos\" \/>\n<meta property=\"article:publisher\" content=\"https:\/\/www.facebook.com\/WeAreVincentians\/\" \/>\n<meta property=\"article:author\" content=\"https:\/\/www.facebook.com\/JavierChento\" \/>\n<meta property=\"article:published_time\" content=\"2015-03-13T07:14:11+00:00\" \/>\n<meta property=\"article:modified_time\" content=\"2016-07-26T08:45:29+00:00\" \/>\n<meta name=\"author\" content=\"Francisco Javier Fern\u00e1ndez Chento\" \/>\n<meta name=\"twitter:card\" content=\"summary_large_image\" \/>\n<meta name=\"twitter:creator\" content=\"@https:\/\/twitter.com\/javierchento\" \/>\n<meta name=\"twitter:site\" content=\"@WeVincentians\" \/>\n<meta name=\"twitter:label1\" content=\"Escrito por\" \/>\n\t<meta name=\"twitter:data1\" content=\"Francisco Javier Fern\u00e1ndez Chento\" \/>\n\t<meta name=\"twitter:label2\" content=\"Tiempo de lectura\" \/>\n\t<meta name=\"twitter:data2\" content=\"13 minutos\" \/>\n<script type=\"application\/ld+json\" class=\"yoast-schema-graph\">{\"@context\":\"https:\/\/schema.org\",\"@graph\":[{\"@type\":\"Article\",\"@id\":\"http:\/\/vincentians.com\/es\/el-joven-vicenciano-ante-el-cambio-sistemico\/#article\",\"isPartOf\":{\"@id\":\"http:\/\/vincentians.com\/es\/el-joven-vicenciano-ante-el-cambio-sistemico\/\"},\"author\":{\"name\":\"Francisco Javier Fern\u00e1ndez Chento\",\"@id\":\"https:\/\/vincentians.com\/es\/#\/schema\/person\/9623ef4d9aa3b2dfb8c061f1499288f2\"},\"headline\":\"El joven vicenciano ante el cambio sist\u00e9mico\",\"datePublished\":\"2015-03-13T07:14:11+00:00\",\"dateModified\":\"2016-07-26T08:45:29+00:00\",\"mainEntityOfPage\":{\"@id\":\"http:\/\/vincentians.com\/es\/el-joven-vicenciano-ante-el-cambio-sistemico\/\"},\"wordCount\":2540,\"commentCount\":0,\"publisher\":{\"@id\":\"https:\/\/vincentians.com\/es\/#organization\"},\"image\":{\"@id\":\"http:\/\/vincentians.com\/es\/el-joven-vicenciano-ante-el-cambio-sistemico\/#primaryimage\"},\"thumbnailUrl\":\"\",\"keywords\":[\"Chatillon\",\"Folleville\",\"Gondi\",\"Pobreza\"],\"articleSection\":[\"Cambio sist\u00e9mico\"],\"inLanguage\":\"es\",\"potentialAction\":[{\"@type\":\"CommentAction\",\"name\":\"Comment\",\"target\":[\"http:\/\/vincentians.com\/es\/el-joven-vicenciano-ante-el-cambio-sistemico\/#respond\"]}]},{\"@type\":\"WebPage\",\"@id\":\"http:\/\/vincentians.com\/es\/el-joven-vicenciano-ante-el-cambio-sistemico\/\",\"url\":\"http:\/\/vincentians.com\/es\/el-joven-vicenciano-ante-el-cambio-sistemico\/\",\"name\":\"El joven vicenciano ante el cambio sist\u00e9mico - Somos Vicencianos\",\"isPartOf\":{\"@id\":\"https:\/\/vincentians.com\/es\/#website\"},\"primaryImageOfPage\":{\"@id\":\"http:\/\/vincentians.com\/es\/el-joven-vicenciano-ante-el-cambio-sistemico\/#primaryimage\"},\"image\":{\"@id\":\"http:\/\/vincentians.com\/es\/el-joven-vicenciano-ante-el-cambio-sistemico\/#primaryimage\"},\"thumbnailUrl\":\"\",\"datePublished\":\"2015-03-13T07:14:11+00:00\",\"dateModified\":\"2016-07-26T08:45:29+00:00\",\"breadcrumb\":{\"@id\":\"http:\/\/vincentians.com\/es\/el-joven-vicenciano-ante-el-cambio-sistemico\/#breadcrumb\"},\"inLanguage\":\"es\",\"potentialAction\":[{\"@type\":\"ReadAction\",\"target\":[\"http:\/\/vincentians.com\/es\/el-joven-vicenciano-ante-el-cambio-sistemico\/\"]}]},{\"@type\":\"ImageObject\",\"inLanguage\":\"es\",\"@id\":\"http:\/\/vincentians.com\/es\/el-joven-vicenciano-ante-el-cambio-sistemico\/#primaryimage\",\"url\":\"\",\"contentUrl\":\"\"},{\"@type\":\"BreadcrumbList\",\"@id\":\"http:\/\/vincentians.com\/es\/el-joven-vicenciano-ante-el-cambio-sistemico\/#breadcrumb\",\"itemListElement\":[{\"@type\":\"ListItem\",\"position\":1,\"name\":\"Portada\",\"item\":\"https:\/\/vincentians.com\/es\/\"},{\"@type\":\"ListItem\",\"position\":2,\"name\":\"El joven vicenciano ante el cambio sist\u00e9mico\"}]},{\"@type\":\"WebSite\",\"@id\":\"https:\/\/vincentians.com\/es\/#website\",\"url\":\"https:\/\/vincentians.com\/es\/\",\"name\":\"Somos Vicencianos\",\"description\":\"Know more to serve more\",\"publisher\":{\"@id\":\"https:\/\/vincentians.com\/es\/#organization\"},\"potentialAction\":[{\"@type\":\"SearchAction\",\"target\":{\"@type\":\"EntryPoint\",\"urlTemplate\":\"https:\/\/vincentians.com\/es\/?s={search_term_string}\"},\"query-input\":{\"@type\":\"PropertyValueSpecification\",\"valueRequired\":true,\"valueName\":\"search_term_string\"}}],\"inLanguage\":\"es\"},{\"@type\":\"Organization\",\"@id\":\"https:\/\/vincentians.com\/es\/#organization\",\"name\":\"The Vincentian Network\",\"url\":\"https:\/\/vincentians.com\/es\/\",\"logo\":{\"@type\":\"ImageObject\",\"inLanguage\":\"es\",\"@id\":\"https:\/\/vincentians.com\/es\/#\/schema\/logo\/image\/\",\"url\":\"https:\/\/i1.wp.com\/vincentians.com\/es\/wp-content\/uploads\/sites\/11\/2016\/06\/Vincentian-Network-logo-big.png?fit=778%2C778\",\"contentUrl\":\"https:\/\/i1.wp.com\/vincentians.com\/es\/wp-content\/uploads\/sites\/11\/2016\/06\/Vincentian-Network-logo-big.png?fit=778%2C778\",\"width\":778,\"height\":778,\"caption\":\"The Vincentian Network\"},\"image\":{\"@id\":\"https:\/\/vincentians.com\/es\/#\/schema\/logo\/image\/\"},\"sameAs\":[\"https:\/\/www.facebook.com\/WeAreVincentians\/\",\"https:\/\/x.com\/WeVincentians\"]},{\"@type\":\"Person\",\"@id\":\"https:\/\/vincentians.com\/es\/#\/schema\/person\/9623ef4d9aa3b2dfb8c061f1499288f2\",\"name\":\"Francisco Javier Fern\u00e1ndez Chento\",\"image\":{\"@type\":\"ImageObject\",\"inLanguage\":\"es\",\"@id\":\"https:\/\/vincentians.com\/es\/#\/schema\/person\/image\/\",\"url\":\"https:\/\/secure.gravatar.com\/avatar\/497d5cde87b4c3d097d0315953521681ba2cd523ee66e5077c3711f7021e65de?s=96&d=mm&r=g\",\"contentUrl\":\"https:\/\/secure.gravatar.com\/avatar\/497d5cde87b4c3d097d0315953521681ba2cd523ee66e5077c3711f7021e65de?s=96&d=mm&r=g\",\"caption\":\"Francisco Javier Fern\u00e1ndez Chento\"},\"description\":\"Director General y cofundador de La Red de Formaci\u00f3n Vicenciana. Javier es laico vicenciano, afiliado a la Congregaci\u00f3n de la Misi\u00f3n y miembro del Equipo de Misiones Populares de la provincia can\u00f3nica de Zaragoza (Espa\u00f1a) de la Congregaci\u00f3n de la Misi\u00f3n. Graduado en la Universidad Oberta de Catalunya con cuatro grados (Asistente de direcci\u00f3n, Gesti\u00f3n Administrativa, Recursos Humanos y Contabilidad Avanzada). Bil\u00edng\u00fce Espa\u00f1ol\/Ingl\u00e9s. gestiona y mantiene varias p\u00e1ginas web cristianas y vicencianas, incluida including La Red de Formaci\u00f3n Vicenciana, de la que es cofundador. Actualmente es responsable del \u00e1rea de Espa\u00f1ol de .famvin, la Red de Noticias de la Familia Vicenciana. Tambi\u00e9n es m\u00fasico cat\u00f3lico y ha editado varios discos. Es Director General y cofundador de Trovador, una reconocida compa\u00f1\u00eda discogr\u00e1fica critiana de Espa\u00f1a. Trabaja en las Tecnolog\u00edas de la Informaci\u00f3n, ofreciendo servicios de alojamiento, dise\u00f1o y mantenimiento Web, as\u00ed como asesoramiento, formaci\u00f3n y soluciones inform\u00e1ticas, gesti\u00f3n documental y digitalizaci\u00f3n de textos, edici\u00f3n y maquetaci\u00f3n de libros, revistas, flyers, etc.\",\"sameAs\":[\"http:\/\/chento.org\",\"https:\/\/www.facebook.com\/JavierChento\",\"https:\/\/x.com\/https:\/\/twitter.com\/javierchento\"],\"url\":\"http:\/\/vincentians.com\/es\/author\/chento\/\"}]}<\/script>\n<!-- \/ Yoast SEO plugin. -->","yoast_head_json":{"title":"El joven vicenciano ante el cambio sist\u00e9mico - Somos Vicencianos","robots":{"index":"index","follow":"follow","max-snippet":"max-snippet:-1","max-image-preview":"max-image-preview:large","max-video-preview":"max-video-preview:-1"},"canonical":"http:\/\/vincentians.com\/es\/el-joven-vicenciano-ante-el-cambio-sistemico\/","og_locale":"es_ES","og_type":"article","og_title":"El joven vicenciano ante el cambio sist\u00e9mico - Somos Vicencianos","og_description":"Analizamos nuestra realidad Esta catequesis tiene como objetivo ayudar a los j\u00f3venes vicencianos a reflexionar sobre los principios del cambio sist\u00e9mico practicados por San Vicente y reflejarlos en nuestro propio servicio, en nuestros propios proyectos. ... Read More","og_url":"http:\/\/vincentians.com\/es\/el-joven-vicenciano-ante-el-cambio-sistemico\/","og_site_name":"Somos Vicencianos","article_publisher":"https:\/\/www.facebook.com\/WeAreVincentians\/","article_author":"https:\/\/www.facebook.com\/JavierChento","article_published_time":"2015-03-13T07:14:11+00:00","article_modified_time":"2016-07-26T08:45:29+00:00","author":"Francisco Javier Fern\u00e1ndez Chento","twitter_card":"summary_large_image","twitter_creator":"@https:\/\/twitter.com\/javierchento","twitter_site":"@WeVincentians","twitter_misc":{"Escrito por":"Francisco Javier Fern\u00e1ndez Chento","Tiempo de lectura":"13 minutos"},"schema":{"@context":"https:\/\/schema.org","@graph":[{"@type":"Article","@id":"http:\/\/vincentians.com\/es\/el-joven-vicenciano-ante-el-cambio-sistemico\/#article","isPartOf":{"@id":"http:\/\/vincentians.com\/es\/el-joven-vicenciano-ante-el-cambio-sistemico\/"},"author":{"name":"Francisco Javier Fern\u00e1ndez Chento","@id":"https:\/\/vincentians.com\/es\/#\/schema\/person\/9623ef4d9aa3b2dfb8c061f1499288f2"},"headline":"El joven vicenciano ante el cambio sist\u00e9mico","datePublished":"2015-03-13T07:14:11+00:00","dateModified":"2016-07-26T08:45:29+00:00","mainEntityOfPage":{"@id":"http:\/\/vincentians.com\/es\/el-joven-vicenciano-ante-el-cambio-sistemico\/"},"wordCount":2540,"commentCount":0,"publisher":{"@id":"https:\/\/vincentians.com\/es\/#organization"},"image":{"@id":"http:\/\/vincentians.com\/es\/el-joven-vicenciano-ante-el-cambio-sistemico\/#primaryimage"},"thumbnailUrl":"","keywords":["Chatillon","Folleville","Gondi","Pobreza"],"articleSection":["Cambio sist\u00e9mico"],"inLanguage":"es","potentialAction":[{"@type":"CommentAction","name":"Comment","target":["http:\/\/vincentians.com\/es\/el-joven-vicenciano-ante-el-cambio-sistemico\/#respond"]}]},{"@type":"WebPage","@id":"http:\/\/vincentians.com\/es\/el-joven-vicenciano-ante-el-cambio-sistemico\/","url":"http:\/\/vincentians.com\/es\/el-joven-vicenciano-ante-el-cambio-sistemico\/","name":"El joven vicenciano ante el cambio sist\u00e9mico - Somos Vicencianos","isPartOf":{"@id":"https:\/\/vincentians.com\/es\/#website"},"primaryImageOfPage":{"@id":"http:\/\/vincentians.com\/es\/el-joven-vicenciano-ante-el-cambio-sistemico\/#primaryimage"},"image":{"@id":"http:\/\/vincentians.com\/es\/el-joven-vicenciano-ante-el-cambio-sistemico\/#primaryimage"},"thumbnailUrl":"","datePublished":"2015-03-13T07:14:11+00:00","dateModified":"2016-07-26T08:45:29+00:00","breadcrumb":{"@id":"http:\/\/vincentians.com\/es\/el-joven-vicenciano-ante-el-cambio-sistemico\/#breadcrumb"},"inLanguage":"es","potentialAction":[{"@type":"ReadAction","target":["http:\/\/vincentians.com\/es\/el-joven-vicenciano-ante-el-cambio-sistemico\/"]}]},{"@type":"ImageObject","inLanguage":"es","@id":"http:\/\/vincentians.com\/es\/el-joven-vicenciano-ante-el-cambio-sistemico\/#primaryimage","url":"","contentUrl":""},{"@type":"BreadcrumbList","@id":"http:\/\/vincentians.com\/es\/el-joven-vicenciano-ante-el-cambio-sistemico\/#breadcrumb","itemListElement":[{"@type":"ListItem","position":1,"name":"Portada","item":"https:\/\/vincentians.com\/es\/"},{"@type":"ListItem","position":2,"name":"El joven vicenciano ante el cambio sist\u00e9mico"}]},{"@type":"WebSite","@id":"https:\/\/vincentians.com\/es\/#website","url":"https:\/\/vincentians.com\/es\/","name":"Somos Vicencianos","description":"Know more to serve more","publisher":{"@id":"https:\/\/vincentians.com\/es\/#organization"},"potentialAction":[{"@type":"SearchAction","target":{"@type":"EntryPoint","urlTemplate":"https:\/\/vincentians.com\/es\/?s={search_term_string}"},"query-input":{"@type":"PropertyValueSpecification","valueRequired":true,"valueName":"search_term_string"}}],"inLanguage":"es"},{"@type":"Organization","@id":"https:\/\/vincentians.com\/es\/#organization","name":"The Vincentian Network","url":"https:\/\/vincentians.com\/es\/","logo":{"@type":"ImageObject","inLanguage":"es","@id":"https:\/\/vincentians.com\/es\/#\/schema\/logo\/image\/","url":"https:\/\/i1.wp.com\/vincentians.com\/es\/wp-content\/uploads\/sites\/11\/2016\/06\/Vincentian-Network-logo-big.png?fit=778%2C778","contentUrl":"https:\/\/i1.wp.com\/vincentians.com\/es\/wp-content\/uploads\/sites\/11\/2016\/06\/Vincentian-Network-logo-big.png?fit=778%2C778","width":778,"height":778,"caption":"The Vincentian Network"},"image":{"@id":"https:\/\/vincentians.com\/es\/#\/schema\/logo\/image\/"},"sameAs":["https:\/\/www.facebook.com\/WeAreVincentians\/","https:\/\/x.com\/WeVincentians"]},{"@type":"Person","@id":"https:\/\/vincentians.com\/es\/#\/schema\/person\/9623ef4d9aa3b2dfb8c061f1499288f2","name":"Francisco Javier Fern\u00e1ndez Chento","image":{"@type":"ImageObject","inLanguage":"es","@id":"https:\/\/vincentians.com\/es\/#\/schema\/person\/image\/","url":"https:\/\/secure.gravatar.com\/avatar\/497d5cde87b4c3d097d0315953521681ba2cd523ee66e5077c3711f7021e65de?s=96&d=mm&r=g","contentUrl":"https:\/\/secure.gravatar.com\/avatar\/497d5cde87b4c3d097d0315953521681ba2cd523ee66e5077c3711f7021e65de?s=96&d=mm&r=g","caption":"Francisco Javier Fern\u00e1ndez Chento"},"description":"Director General y cofundador de La Red de Formaci\u00f3n Vicenciana. Javier es laico vicenciano, afiliado a la Congregaci\u00f3n de la Misi\u00f3n y miembro del Equipo de Misiones Populares de la provincia can\u00f3nica de Zaragoza (Espa\u00f1a) de la Congregaci\u00f3n de la Misi\u00f3n. Graduado en la Universidad Oberta de Catalunya con cuatro grados (Asistente de direcci\u00f3n, Gesti\u00f3n Administrativa, Recursos Humanos y Contabilidad Avanzada). Bil\u00edng\u00fce Espa\u00f1ol\/Ingl\u00e9s. gestiona y mantiene varias p\u00e1ginas web cristianas y vicencianas, incluida including La Red de Formaci\u00f3n Vicenciana, de la que es cofundador. Actualmente es responsable del \u00e1rea de Espa\u00f1ol de .famvin, la Red de Noticias de la Familia Vicenciana. Tambi\u00e9n es m\u00fasico cat\u00f3lico y ha editado varios discos. Es Director General y cofundador de Trovador, una reconocida compa\u00f1\u00eda discogr\u00e1fica critiana de Espa\u00f1a. Trabaja en las Tecnolog\u00edas de la Informaci\u00f3n, ofreciendo servicios de alojamiento, dise\u00f1o y mantenimiento Web, as\u00ed como asesoramiento, formaci\u00f3n y soluciones inform\u00e1ticas, gesti\u00f3n documental y digitalizaci\u00f3n de textos, edici\u00f3n y maquetaci\u00f3n de libros, revistas, flyers, etc.","sameAs":["http:\/\/chento.org","https:\/\/www.facebook.com\/JavierChento","https:\/\/x.com\/https:\/\/twitter.com\/javierchento"],"url":"http:\/\/vincentians.com\/es\/author\/chento\/"}]}},"jetpack_publicize_connections":[],"jetpack_featured_media_url":"","jetpack_sharing_enabled":true,"jetpack_shortlink":"https:\/\/wp.me\/p7ETMF-cBe","jetpack-related-posts":[{"id":56622,"url":"http:\/\/vincentians.com\/es\/comision-del-cambio-sistemico-respecto-a-los-proyectos\/","url_meta":{"origin":48436,"position":0},"title":"Comisi\u00f3n del Cambio sist\u00e9mico respecto a los proyectos","author":"Francisco Javier Fern\u00e1ndez Chento","date":"19\/12\/2011","format":false,"excerpt":"CONGREGAZIONE DELLA MISSIONE CURIA GENERALIZIA Via dei Capasso, 30 00164 Roma \u2013 Italia A todos los Visitadores, Visitadoras y Responsables de la Asociaci\u00f3n Internacional de Caridad, de la Sociedad de San Vicente de Pa\u00fal, de las Juventudes Marianas Vicencianas, de MISEVI y de la Asociaci\u00f3n de la Medalla Milagrosa, Roma,\u2026","rel":"","context":"En \u00abCambio sist\u00e9mico\u00bb","block_context":{"text":"Cambio sist\u00e9mico","link":"http:\/\/vincentians.com\/es\/category\/formacion-vicenciana\/cambio-sistemico\/"},"img":{"alt_text":"","src":"https:\/\/i0.wp.com\/vicencianos.org\/wp-content\/2011\/07\/familia-vicenciana2.png?resize=350%2C200","width":350,"height":200},"classes":[]},{"id":14964,"url":"http:\/\/vincentians.com\/es\/teologia-de-la-liberacion-y-cambio-sistemico-vicenciano\/","url_meta":{"origin":48436,"position":1},"title":"Teolog\u00eda de la Liberaci\u00f3n y cambio sist\u00e9mico vicenciano","author":"Francisco Javier Fern\u00e1ndez Chento","date":"19\/11\/2023","format":false,"excerpt":"Este a\u00f1o, la reuni\u00f3n de la Familia Vicenciana se centrar\u00e1 en las estrategias de cambio sist\u00e9mico. En un reciente art\u00edculo en famvin.org, un lector coment\u00f3: \"Me pregunto, \u00bfcu\u00e1l es la diferencia entre cambio sist\u00e9mico y Teolog\u00eda de la Liberaci\u00f3n, que lleva m\u00e1s tiempo funcionando?\" Quisiera abordar la cuesti\u00f3n, pues es\u2026","rel":"","context":"En \u00abCambio sist\u00e9mico\u00bb","block_context":{"text":"Cambio sist\u00e9mico","link":"http:\/\/vincentians.com\/es\/category\/formacion-vicenciana\/cambio-sistemico\/"},"img":{"alt_text":"","src":"https:\/\/i0.wp.com\/vincentians.com\/es\/wp-content\/uploads\/sites\/11\/2013\/04\/e-2.jpg?fit=976%2C570&resize=350%2C200","width":350,"height":200,"srcset":"https:\/\/i0.wp.com\/vincentians.com\/es\/wp-content\/uploads\/sites\/11\/2013\/04\/e-2.jpg?fit=976%2C570&resize=350%2C200 1x, https:\/\/i0.wp.com\/vincentians.com\/es\/wp-content\/uploads\/sites\/11\/2013\/04\/e-2.jpg?fit=976%2C570&resize=525%2C300 1.5x, https:\/\/i0.wp.com\/vincentians.com\/es\/wp-content\/uploads\/sites\/11\/2013\/04\/e-2.jpg?fit=976%2C570&resize=700%2C400 2x"},"classes":[]},{"id":14683,"url":"http:\/\/vincentians.com\/es\/reflexiones-para-la-familia-vicenciana-sobre-el-cambio-sistemico\/","url_meta":{"origin":48436,"position":2},"title":"Reflexiones para la Familia Vicenciana sobre el Cambio Sist\u00e9mico","author":"Francisco Javier Fern\u00e1ndez Chento","date":"03\/02\/2023","format":false,"excerpt":"Recomendadas Por Los Responsables Internacionales De La Familia Vicenciana Reunidos En Su Reuni\u00f3n Anual En Roma El gran ejemplo:\u00a0 Chatillon-les Dombes Vicente y el Cambio Sist\u00e9mico La Persona del Pobre y transformaci\u00f3n Compromiso Pol\u00edtico Vicenciano Ser miembro prof\u00e9tico de la Familia Vicenciana \"Lo que hemos o\u00eddo y visto y palpado\u2026","rel":"","context":"En \u00abCambio sist\u00e9mico\u00bb","block_context":{"text":"Cambio sist\u00e9mico","link":"http:\/\/vincentians.com\/es\/category\/formacion-vicenciana\/cambio-sistemico\/"},"img":{"alt_text":"","src":"https:\/\/i0.wp.com\/vincentians.com\/es\/wp-content\/uploads\/sites\/11\/2013\/05\/Cuba-Iglesia-de-La-Milagrosa-La-Habana.png?fit=1200%2C919&resize=350%2C200","width":350,"height":200,"srcset":"https:\/\/i0.wp.com\/vincentians.com\/es\/wp-content\/uploads\/sites\/11\/2013\/05\/Cuba-Iglesia-de-La-Milagrosa-La-Habana.png?fit=1200%2C919&resize=350%2C200 1x, https:\/\/i0.wp.com\/vincentians.com\/es\/wp-content\/uploads\/sites\/11\/2013\/05\/Cuba-Iglesia-de-La-Milagrosa-La-Habana.png?fit=1200%2C919&resize=525%2C300 1.5x, https:\/\/i0.wp.com\/vincentians.com\/es\/wp-content\/uploads\/sites\/11\/2013\/05\/Cuba-Iglesia-de-La-Milagrosa-La-Habana.png?fit=1200%2C919&resize=700%2C400 2x, https:\/\/i0.wp.com\/vincentians.com\/es\/wp-content\/uploads\/sites\/11\/2013\/05\/Cuba-Iglesia-de-La-Milagrosa-La-Habana.png?fit=1200%2C919&resize=1050%2C600 3x"},"classes":[]},{"id":35847,"url":"http:\/\/vincentians.com\/es\/algunas-pistas-para-comprender-el-cambio-sistemico\/","url_meta":{"origin":48436,"position":3},"title":"Algunas pistas para comprender el Cambio Sist\u00e9mico","author":"Francisco Javier Fern\u00e1ndez Chento","date":"29\/01\/2022","format":false,"excerpt":"\u00bfQu\u00e9 se nos quiere decir con la expresi\u00f3n \"Cambio Sist\u00e9mico\"? Cambio sist\u00e9mico significa una nueva forma de comprender y vivir la atenci\u00f3n al necesitado. Modificar, cambiar el sistema, (nuestro sistema de pensamiento, y el sistema social, si ello es posible) la manera de ver, comprender y apoyar a las personas\u2026","rel":"","context":"En \u00abCambio sist\u00e9mico\u00bb","block_context":{"text":"Cambio sist\u00e9mico","link":"http:\/\/vincentians.com\/es\/category\/formacion-vicenciana\/cambio-sistemico\/"},"img":{"alt_text":"","src":"https:\/\/i0.wp.com\/vincentians.com\/es\/wp-content\/uploads\/sites\/11\/2013\/04\/36.jpg?fit=1200%2C795&resize=350%2C200","width":350,"height":200,"srcset":"https:\/\/i0.wp.com\/vincentians.com\/es\/wp-content\/uploads\/sites\/11\/2013\/04\/36.jpg?fit=1200%2C795&resize=350%2C200 1x, https:\/\/i0.wp.com\/vincentians.com\/es\/wp-content\/uploads\/sites\/11\/2013\/04\/36.jpg?fit=1200%2C795&resize=525%2C300 1.5x, https:\/\/i0.wp.com\/vincentians.com\/es\/wp-content\/uploads\/sites\/11\/2013\/04\/36.jpg?fit=1200%2C795&resize=700%2C400 2x, https:\/\/i0.wp.com\/vincentians.com\/es\/wp-content\/uploads\/sites\/11\/2013\/04\/36.jpg?fit=1200%2C795&resize=1050%2C600 3x"},"classes":[]},{"id":35836,"url":"http:\/\/vincentians.com\/es\/comision-para-impulsar-el-cambio-sistemico\/","url_meta":{"origin":48436,"position":4},"title":"Comisi\u00f3n para impulsar el Cambio Sist\u00e9mico","author":"Francisco Javier Fern\u00e1ndez Chento","date":"26\/04\/2011","format":false,"excerpt":"En 2006, con el incentivo y el apoyo financiero de una fundaci\u00f3n, el Superior General nombr\u00f3 una comisi\u00f3n para promover el Cambio Sist\u00e9mico. Sus miembros son: Norberto Carcellar, C.M.; Ellen Flynn, D.C.; Joseph Foley, C.M.; Robert Maloney, C.M.; Patricia Nava, A.I.C.; Pedro Opeka, C.M., y Gene Smith, S.S.V.P. El P.\u2026","rel":"","context":"En \u00abCambio sist\u00e9mico\u00bb","block_context":{"text":"Cambio sist\u00e9mico","link":"http:\/\/vincentians.com\/es\/category\/formacion-vicenciana\/cambio-sistemico\/"},"img":{"alt_text":"","src":"https:\/\/i0.wp.com\/vicencianos.org\/wp-content\/2011\/04\/arquimedes.jpg?resize=350%2C200","width":350,"height":200},"classes":[]},{"id":5767,"url":"http:\/\/vincentians.com\/es\/pistas-para-la-animacion-misionera-en-los-centros-vicencianos\/","url_meta":{"origin":48436,"position":5},"title":"Pistas para la animaci\u00f3n misionera en los Centros Vicencianos","author":"Francisco Javier Fern\u00e1ndez Chento","date":"22\/01\/2019","format":false,"excerpt":"El diccionario de la lengua espa\u00f1ola define \"pista\" en su primer significado como: Huella o rastro que dejan los animales o personas en la tierra por donde han pasado. Por lo tanto, estas \"mis pistas\" est\u00e1n sacadas del camino recorrido por otros antes que yo, del camino recorrido por todos\u2026","rel":"","context":"En \u00abMisiones \u00abAd gentes\u00bb\u00bb","block_context":{"text":"Misiones \u00abAd gentes\u00bb","link":"http:\/\/vincentians.com\/es\/category\/servicios-y-ministerios\/misiones-ad-gentes\/"},"img":{"alt_text":"","src":"https:\/\/i0.wp.com\/vincentians.com\/es\/wp-content\/uploads\/sites\/11\/2015\/04\/tres-descubrimientos-de-Vicente-de-Paul.jpg?fit=1200%2C630&resize=350%2C200","width":350,"height":200,"srcset":"https:\/\/i0.wp.com\/vincentians.com\/es\/wp-content\/uploads\/sites\/11\/2015\/04\/tres-descubrimientos-de-Vicente-de-Paul.jpg?fit=1200%2C630&resize=350%2C200 1x, https:\/\/i0.wp.com\/vincentians.com\/es\/wp-content\/uploads\/sites\/11\/2015\/04\/tres-descubrimientos-de-Vicente-de-Paul.jpg?fit=1200%2C630&resize=525%2C300 1.5x, https:\/\/i0.wp.com\/vincentians.com\/es\/wp-content\/uploads\/sites\/11\/2015\/04\/tres-descubrimientos-de-Vicente-de-Paul.jpg?fit=1200%2C630&resize=700%2C400 2x, https:\/\/i0.wp.com\/vincentians.com\/es\/wp-content\/uploads\/sites\/11\/2015\/04\/tres-descubrimientos-de-Vicente-de-Paul.jpg?fit=1200%2C630&resize=1050%2C600 3x"},"classes":[]}],"_links":{"self":[{"href":"http:\/\/vincentians.com\/es\/wp-json\/wp\/v2\/posts\/48436","targetHints":{"allow":["GET"]}}],"collection":[{"href":"http:\/\/vincentians.com\/es\/wp-json\/wp\/v2\/posts"}],"about":[{"href":"http:\/\/vincentians.com\/es\/wp-json\/wp\/v2\/types\/post"}],"author":[{"embeddable":true,"href":"http:\/\/vincentians.com\/es\/wp-json\/wp\/v2\/users\/4"}],"replies":[{"embeddable":true,"href":"http:\/\/vincentians.com\/es\/wp-json\/wp\/v2\/comments?post=48436"}],"version-history":[{"count":0,"href":"http:\/\/vincentians.com\/es\/wp-json\/wp\/v2\/posts\/48436\/revisions"}],"wp:featuredmedia":[{"embeddable":true,"href":"http:\/\/vincentians.com\/es\/wp-json\/"}],"wp:attachment":[{"href":"http:\/\/vincentians.com\/es\/wp-json\/wp\/v2\/media?parent=48436"}],"wp:term":[{"taxonomy":"category","embeddable":true,"href":"http:\/\/vincentians.com\/es\/wp-json\/wp\/v2\/categories?post=48436"},{"taxonomy":"post_tag","embeddable":true,"href":"http:\/\/vincentians.com\/es\/wp-json\/wp\/v2\/tags?post=48436"}],"curies":[{"name":"wp","href":"https:\/\/api.w.org\/{rel}","templated":true}]}}