{"id":48078,"date":"2011-08-29T10:05:25","date_gmt":"2011-08-29T08:05:25","guid":{"rendered":"http:\/\/somos.vicencianos.org\/?p=48078"},"modified":"2011-08-29T10:05:25","modified_gmt":"2011-08-29T08:05:25","slug":"santuario-de-nuestra-senora-de-lujan-argentina-2","status":"publish","type":"post","link":"http:\/\/vincentians.com\/es\/santuario-de-nuestra-senora-de-lujan-argentina-2\/","title":{"rendered":"Santuario de Nuestra Se\u00f1ora de Luj\u00e1n (Argentina)"},"content":{"rendered":"<div id=\"attachment_48079\" style=\"width: 235px\" class=\"wp-caption alignright\"><a href=\"https:\/\/i0.wp.com\/vicencianos.org\/wp-content\/2011\/08\/lujan.jpg\"><img data-recalc-dims=\"1\" loading=\"lazy\" decoding=\"async\" aria-describedby=\"caption-attachment-48079\" class=\"size-medium wp-image-48079\" title=\"Santuario de Nuestra Se\u00f1ora de Luj\u00e1n\" src=\"https:\/\/i0.wp.com\/vicencianos.org\/wp-content\/2011\/08\/lujan-225x300.jpg?resize=225%2C300\" alt=\"Santuario de Nuestra Se\u00f1ora de Luj\u00e1n\" width=\"225\" height=\"300\" \/><\/a><p id=\"caption-attachment-48079\" class=\"wp-caption-text\">Santuario de Nuestra Se\u00f1ora de Luj\u00e1n<\/p><\/div>\n<p>Una herencia singular que Am\u00e9rica Latina recibi\u00f3 de Espa\u00f1a, la Madre Patria, fue y ser\u00e1 la devoci\u00f3n mariana.<\/p>\n<p>El P. Jos\u00e9 Julio Matovelle, en sus Obras Completas de 1981, expuso un largo listado de Santuarios e Im\u00e1genes de la Sant\u00edsima Virgen que emergen desde M\u00e9xico, especialmente en Ecuador hasta la Rep\u00fablica Argentina. Aqu\u00ed, de hecho, podemos contar 150 advocaciones, de las cuales 24 son aut\u00f3ctonas. Sobre 70 di\u00f3cesis, 50 tienen como Patrona a la Virgen Mar\u00eda en alguno de sus t\u00edtulos.<\/p>\n<p>La leyenda de la \u00abpura y limpia concepci\u00f3n de Nuestra Se\u00f1ora de Luj\u00e1n\u00bb tiene visos similares a la de \u00abNuestra Se\u00f1ora de Buglosa\u00bb, en las landas pirenaicas, que nos afecta por su cercan\u00eda del lugar donde naciera San Vicente de Pa\u00fal, nuestro Fundador. El origen de \u00e9sta fue en 1621, encomendada a los Padres Lazaristas en 1706, al igual que lo ser\u00eda el Santuario de Luj\u00e1n en 1872&#8230;<\/p>\n<p>En 1630, un portugu\u00e9s afincado en la Gobernaci\u00f3n del R\u00edo de la Plata, due\u00f1o de una extensa propiedad en el interior del pa\u00eds (Sumampa-Santiago del Estero), a 1.200 km. de Buenos Aires, quiso dedicarle, en su campo, a la Madre de Dios, una capilla. Como primer paso le pidi\u00f3 a un compatriota que viv\u00eda en San Pablo, Brasil, que le enviara una imagen de Nuestra Se\u00f1ora. Este amigo cumpli\u00f3 no tan solo con una, sino con dos peque\u00f1as im\u00e1genes bien encajonadas.<\/p>\n<p>Aqu\u00ed se da la semblanza Luj\u00e1n-Buglosa. En esta \u00faltima, un buey descubri\u00f3 la estatua, y los bueyes que la transportaban, camino a Pouy, se empacaron en el lugar-sede de su antiguo oratorio, destruido por los hugonotes. Aqu\u00ed, en Buenos Aires, despu\u00e9s de atravesar un vado del R\u00edo Luj\u00e1n, los bueyes no pudieron proseguir debido a que la carreta que transportaba las dos im\u00e1genes se inmoviliz\u00f3, a su pesar, hasta que descargaron la imagen en cuesti\u00f3n: 38 cent\u00edmetros, de terracota, de la pura y limpia concepci\u00f3n de Nuestra Se\u00f1ora.<\/p>\n<p>All\u00ed qued\u00f3 mientras los arrieros siguieron marchando a trav\u00e9s de los mil ciento cincuenta kil\u00f3metros, portando la otra estatua de \u00abNuestra Se\u00f1ora de la Compasi\u00f3n\u00bb, a Sumampa.<\/p>\n<p>Junto al Ri\u00f3 de Luj\u00e1n se levant\u00f3 una ermita, primer santuario, al que acudieron desde el descampado los piadosos creyentes hasta 1671. Fue entonces cuando una rica terrateniente que viv\u00eda a treinta kil\u00f3metros, tambi\u00e9n junto al R\u00edo Luj\u00e1n, compr\u00f3 la Imagen al Cura de la Catedral de Buenos Aires, due\u00f1o de la ermita, por doscientos pesos, y la llev\u00f3 a su finca. All\u00ed, con la ayuda de un sacerdote que atribu\u00eda su salud a la Virgen Mar\u00eda, levant\u00f3 una capilla y don\u00f3 tierras para formar una villa alrededor de este segundo santuario, inaugurado en 1685.<\/p>\n<p title=\"\">En 1730, la villa de Luj\u00e1n fue erigida en Parroquia, ya, para entonces, im\u00e1n de promesantes<span id='easy-footnote-1-48078' class='easy-footnote-margin-adjust'><\/span><span class='easy-footnote'><a href='http:\/\/vincentians.com\/es\/santuario-de-nuestra-senora-de-lujan-argentina-2\/#easy-footnote-bottom-1-48078' title='En Argentina y Chile: persona que cumple una promesa piadosa, generalmente en procesi\u00f3n.'><sup>1<\/sup><\/a><\/span> y devotos peregrinos.<\/p>\n<p>Otro privilegiado en la recuperaci\u00f3n \u00abmilagrosa\u00bb de su salud apareci\u00f3 en 1737, quien respondiendo a los anhelos del primer p\u00e1rroco y del Obispo de Buenos Aires, se propuso levantar un nuevo templo acorde con la concurrencia. Nombrado \u00abFundador, bienhechor y S\u00edndico del Santuario Nuestra Se\u00f1ora de Luj\u00e1n\u00bb, puso manos a la obra: es el vasco Juan de Lezica y Torrezuri, quien, tras ocho a\u00f1os de \u00edmproba labor, erigi\u00f3 el tercer santuario en 1762. Macizo como la fe de su constructor y la generosidad de los promesantes, ofrec\u00eda a la vista cierto aspecto de fortaleza irgui\u00e9ndose entre el aplastado caser\u00edo.<\/p>\n<p>De 1731 a 1871, en treinta curatos, regentaron esta Parroquia 26 sacerdotes diocesanos. Se celebraron 17.165 bautismos, cifra que permitir\u00e1 apreciar el creciente aluvi\u00f3n de peregrinos a trav\u00e9s de los a\u00f1os.<\/p>\n<p>El 3 de diciembre de 1871 se llev\u00f3 a cabo, desde Buenos Aires, una peregrinaci\u00f3n, quiz\u00e1s la primera oficial. Tanto para el P\u00e1rroco de entonces, Can\u00f3nigo Luis Duteil, como para el encargado de la Arquidi\u00f3cesis, Monse\u00f1or Federico Aneiros, se evidenci\u00f3 la necesidad de una nueva estructura y una mejor organizaci\u00f3n para afrontar las piadosas avalanchas. Convinieron entonces poner el Santuario y la Parroquia en manos de una Congregaci\u00f3n.<\/p>\n<p>Los Padres Bayoneses, reci\u00e9n llegados al pa\u00eds, no aceptaron el ofrecimiento, en cambio los Lazaristas, despu\u00e9s de algunos titubeos, accedieron.<\/p>\n<p>Fue as\u00ed como el 28 de febrero de 1872, la Congregaci\u00f3n de la Misi\u00f3n, en la persona del P. Eugenio Freret y tres sacerdotes franceses, tom\u00f3 posesi\u00f3n de la Parroquia y Santuario Nuestra Se\u00f1ora de Luj\u00e1n, hasta el 18 de noviembre de 2001.<span id='easy-footnote-2-48078' class='easy-footnote-margin-adjust'><\/span><span class='easy-footnote'><a href='http:\/\/vincentians.com\/es\/santuario-de-nuestra-senora-de-lujan-argentina-2\/#easy-footnote-bottom-2-48078' title='Nota del Editor: As\u00ed registr\u00f3 &lt;em&gt;Nuntia&lt;\/em&gt; (noviembre de 2001) la terminaci\u00f3n de la presencia de la CM en Luj\u00e1n: \u00abDespedida de Luj\u00e1n. El 11 de noviembre, invitada por los fieles de Luj\u00e1n (Argentina), que colmaron la Bas\u00edlica, la Provincia, representada por numerosos cohermanos, clausur\u00f3 en una Eucarist\u00eda de despedida, presidida por el Visitador, su servicio pastoral en el Santuario Nacional de Nuestra Se\u00f1ora de Luj\u00e1n, donde la CM, a trav\u00e9s de misioneros, \u00abconstructores y guardianes del Santuario\u00bb, prest\u00f3 sus servicios a millones de peregrinos durante 130 a\u00f1os\u00bb.'><sup>2<\/sup><\/a><\/span>\n<p>26 curatos, 23 p\u00e1rrocos m\u00e1s 105 vicarios. Cifra significativa: bautismos: 778.639, sin contabilizar los realizados en 2001. Promedio: 6.083 anuales, 112 semanales. Ser\u00eda largo plasmar el paulatino crecimiento para llegar a estas cifras&#8230; El n\u00famero mayor fue en 1984: 23.267 bautismos.<\/p>\n<p>De entrada el P. Freret y sus compa\u00f1eros debieron reparar el antiguo y deteriorado templo, as\u00ed como dieron vitalidad a la comunidad parroquial y asistencia evangelizadora a los peregrinos.<\/p>\n<p>Un hito descollante en la historia de Luj\u00e1n y en el quehacer de los Padres Vicentinos es el P. Jorge Mar\u00eda Salvaire. Mucho se ha escrito sobre \u00e9l, y es m\u00e1s dif\u00edcil aqu\u00ed callar por el limitado espacio que merecidamente requiere esta semblanza. Franc\u00e9s, hijo de franc\u00e9s y espa\u00f1ola. Lleg\u00f3 a la Argentina el a\u00f1o de su ordenaci\u00f3n 1871. Form\u00f3 parte del primer grupo de misioneros Vicentinos en Luj\u00e1n. En 1874 fue enviado a evangelizar a los ind\u00edgenas en sus campamentos. Sentenciado a muerte a lanzazos por los abor\u00edgenes, invoc\u00f3 y se jurament\u00f3 ante la Virgen en su advocaci\u00f3n de Nuestra Se\u00f1ora de Luj\u00e1n, a escribir su historia y engrandecer su santuario. Providencialmente el hijo del cacique lo salv\u00f3, y \u00e9l atribuy\u00f3 a Mar\u00eda Sant\u00edsima su libertad. Cumpli\u00f3 su voto al publicar, en 1884, dos voluminosos tomos con la \u00abHistoria de la Virgen de Luj\u00e1n\u00bb. Hizo bendecir por Le\u00f3n XIII una preciosa corona engarzada en Par\u00eds, que sirvi\u00f3 para ce\u00f1ir la imagen el 8 de mayo de 1887 ante 40.000 personas. Ocho d\u00edas despu\u00e9s el Arzobispo de Buenos Aires coloc\u00f3 la piedra fundamental de la futura Bas\u00edlica que el P. Salvaire proyectara en estilo g\u00f3tico, inspirado por las catedrales de su tierra. En 1889 fue nombrado P\u00e1rroco y Capell\u00e1n del Santuario de Luj\u00e1n. Busc\u00f3 los medios para cumplir su prop\u00f3sito. Qu\u00e9 no hizo&#8230; En 1890 fund\u00f3 la revista \u00abLa perla del Plata\u00bb, \u00ab\u00d3rgano del Santuario Nacional\u00bb&#8230; Hab\u00eda descubierto su proyecci\u00f3n prof\u00e9tica.<\/p>\n<p>Al fallecer el P. Salvaire en febrero de 1899, las construcciones visibles de la Bas\u00edlica estaban constituidas por el \u00e1bside y los cruceros que delineaban ya las caracter\u00edsticas del futuro templo. Las peregrinaciones organizadas eran tambi\u00e9n una respuesta a su anhelo de multitudinaria veneraci\u00f3n de la Madre de Dios y un reembolso de la Virgen para con sus hijos en un crecimiento de fe, esperanza y amor a Dios y su Hijo Jesucristo.<\/p>\n<p>La Congregaci\u00f3n de la Misi\u00f3n, fiel a su carisma y en un mismo impulso espiritual, continu\u00f3 en sus miembros esas aspiraciones. Surgieron constructores: PP. Brignardello, D\u00e1vani, Gimalac, Prat&#8230; Ni qu\u00e9 decir evangelizadores&#8230; administradores&#8230; confesores&#8230; que sembraron la buena semilla y reconciliaron a todo nivel.<\/p>\n<p>En 1935 se dio por terminado el Santuario que suplant\u00f3 al deteriorado y derruido de Lezica y Torrezuri. En el territorio parroquial se construyeron diversas capillas y colegios que favorecieron los n\u00facleos cristianos de los barrios en constante crecimiento.<\/p>\n<p>El Concilio Vaticano II, 1962-1965, encontr\u00f3 en la Bas\u00edlica de Luj\u00e1n un grupo de 14 misioneros Vicentinos, en su mayor\u00eda j\u00f3venes, que tanto en la liturgia como en la difusi\u00f3n escrita marcaron el cambio, la amplia participaci\u00f3n de los laicos y la importancia de los santuarios en la religiosidad popular. En el N\u00b0 2067 de <em>La perla del Plata,<\/em> de mayo de 1966, se apuntaban los progresos que ya se ve\u00edan en las parroquias, pero surg\u00eda tambi\u00e9n el interrogante acerca de los creyentes sin pr\u00e1ctica habitual ni incorporados a las comunidades locales. \u00bfQu\u00e9 papel le tocaba a los santuarios en esa escena?<\/p>\n<p>En el a\u00f1o anterior, 1965, en la Bas\u00edlica de Luj\u00e1n se hab\u00edan dado 245.000 comuniones, administrado 9.709 bautismos, 375 confirmaciones, y bendecido 348 matrimonios (de los cuales 47 regularizaciones).<\/p>\n<p>Algunos inquietos pastoralistas miraban de reojo el movimiento de los santuarios como que, en gran parte, era como \u00abechar margaritas a los puercos\u00bb&#8230; Evidentemente ese escozor dio lugar a una reflexi\u00f3n comunitaria que llev\u00f3 a la conclusi\u00f3n de que se trataba de un fen\u00f3meno religioso-social muy beneficioso.<\/p>\n<p>El t\u00edtulo del art\u00edculo editorial que apareci\u00f3 en la revista: \u00abSantuarios versus Parroquias\u00bb no fue muy acertado ni respond\u00eda exactamente al contenido. Hizo cosquillas&#8230; y hubo que interrumpir las exposiciones sobre el tema. Pero lo escrito estaba escrito&#8230; Los santuarios, especialmente el de Luj\u00e1n, por supuesto son un atractivo para aquellos devotos de alguna advocaci\u00f3n, pero son tambi\u00e9n, y en gran escala, centros de concurrencia de muchos creyentes marginados de sus Iglesias locales por diversos factores o circunstancias, para encontrarse, conciente o inconscientemente en Iglesia universal. El Santuario se constitu\u00eda en un centro de misi\u00f3n, una fuente de gracia donde se acortan las distancias&#8230; se suplen deficiencias&#8230; se entrelazan miembros de una misma fe, de una misma esperanza, de un mismo amor, con sus relatividades&#8230;<\/p>\n<p>Un ejemplo es el desconcierto religioso de los \u00abinmigrantes\u00bb&#8230; Hallaban en las peregrinaciones al Santuario de Luj\u00e1n no tan s\u00f3lo un encuentro afectivo de las etnias, sino tambi\u00e9n la expresi\u00f3n devota a la Virgen Mar\u00eda de una familia creyente en el destierro. En aquel entonces, sin pretender cubrir todo el n\u00famero de colectividades extranjeras, se citaban entre las concurrentes a: ucranianos, lituanos, polacos, eslovenos, croatas, eslovacos, alemanes, italianos, gallegos, catalanes, japoneses, paraguayos, bolivianos, etc., que \u00abencuentran en el Santuario el gran cen\u00e1culo de la familia que realiza el banquete eucar\u00edstico\u00bb.<\/p>\n<p>Para el entonces Eparca de los ucranianos, Monse\u00f1or Zapelac: \u00abLa peregrinaci\u00f3n a Luj\u00e1n, su misa (dos horas y en su lengua) y la comuni\u00f3n pascual en corporaci\u00f3n hecha all\u00ed, significa una cuesti\u00f3n de vida o muerte\u00bb<\/p>\n<p>Desde entonces, \u00abtambi\u00e9n las di\u00f3cesis argentinas han percibido el gran beneficio espiritual que redunda de las peregrinaciones organizadas. Las 18 que integran la Provincia de Buenos Aires (310.000 km2), programan anualmente su culto mariano en la Bas\u00edlica de Luj\u00e1n, con sus propias caracter\u00edsticas elit\u00edsticas (valga el galicismo): carism\u00e1ticas, rom\u00e1nicas ad ultra, o simplemente populares&#8230;<\/p>\n<p>Mientras el Obispo o Arzobispo concelebra con sus P\u00e1rrocos o sacerdotes concurrentes, largas hileras de penitentes esperan su espacio junto a los confesionarios (tres horas&#8230; cinco horas&#8230; ocho horas&#8230;). Son horas en que el Esp\u00edritu Santo act\u00faa&#8230;<\/p>\n<p>La Capital Federal, a 60 kil\u00f3metros de Luj\u00e1n, se destaca por la peregrinaci\u00f3n a pie de los j\u00f3venes, en 12 horas. Los peri\u00f3dicos sensacionalistas los enumeran, a\u00f1o tras a\u00f1o, <em>in crescendo,<\/em> en un mill\u00f3n&#8230; (haga Ud. el c\u00e1lculo: en la Bas\u00edlica caben 5.000: si entran 10 personas y salen 10 por segundo&#8230; \u00a1\u00bfqu\u00e9 pasa?!).<\/p>\n<p>Junto a esas concurrencias hay que poner otras di\u00f3cesis del interior del pa\u00eds y numerosas parroquias, colegios cat\u00f3licos u oficiales y otras organizaciones que hacen a la continua y permanente afluencia de sed de Dios a trav\u00e9s de su Sant\u00edsima Madre. Pero lo fenomenal est\u00e1 en la gran masa de peregrinos, individualmente an\u00f3nimos, de los que acuden a lo largo de todo el a\u00f1o, en coches particulares, \u00f3mnibus, camiones o trenes. Cada cual con caracter\u00edsticas especiales, pero generalmente con una misma mira: la Sant\u00edsima Virgen a trav\u00e9s de su imagen, para pedir o para agradecer&#8230; \u00a1Muchos tambi\u00e9n con esp\u00edritu fetichista y m\u00e1gico!<\/p>\n<p>\u00bfC\u00f3mo acog\u00edamos y trat\u00e1bamos los Padres Vicentinos a tantos viandantes? En aquel entonces, 1966, respond\u00edamos: \u00abSimplemente, con el esp\u00edritu institucional que nos anima, y como un medio providencial para concretar nuestra finalidad\u00bb (evangelizaci\u00f3n de los pobres) en el mundo de hoy y en el ambiente en que vivimos.. La Congregaci\u00f3n de la Misi\u00f3n halla as\u00ed, sin los halagos y penurias de los viajes y aventuras (de las misiones itinerantes), la concreci\u00f3n de sus ideales. Sembrar entre los pobres la Palabra de Dios y darles la gracia en los sacramentos\u00bb. Termin\u00e1bamos nuestra respuesta: \u00ab\u00bflas confesiones?: son un asunto reservado y no requiere explicaci\u00f3n. Pero eso s\u00ed, cada uno de los que forman esas largu\u00edsimas \u2018colas\u2019, cu\u00e1ntos, viniendo al Santuario, hallan en el confesionario, en cada d\u00eda de la semana, un sacerdote dispuesto a o\u00edrlos, y se encuentran con un misionero que procure el bien espiritual mediante la instrucci\u00f3n o el ministerio sacramental\u00bb. Para el Vicentino era la satisfacci\u00f3n de saberse misionero, y para el peregrino la gran ventaja de poder encontrar&#8230; o tener la seguridad de hallar un ministro de Dios.<\/p>\n<p>Un rasgo com\u00fan de nuestra gente peregrina es llevar alg\u00fan recuerdo, y sin falta, regalos \u00abbendecidos\u00bb en Luj\u00e1n. Eso da raz\u00f3n de los 120 puestos de venta de art\u00edculos religiosos y supersticiosos que se ubican diariamente frente al Santuario, y otros muchos escaparates que lo circundan con ese mismo fin.<\/p>\n<p>Las \u00abbendiciones\u00bb que se daban en un gran sal\u00f3n, con el infaltable rociado de agua bendita, permit\u00edan explicaciones y rezos comunes en los d\u00edas de mucha concurrencia (los fines de semana, grupos organizados como: colectividades, di\u00f3cesis, parroquias, colegios), pero tambi\u00e9n eran ocasi\u00f3n de un encuentro personal entre los ministros y los peregrinos.<\/p>\n<p>La terminaci\u00f3n del contrato entre el Obispado y la Congregaci\u00f3n estaba fijada para el 18 de noviembre de 2001, y por decisi\u00f3n del Arzobispo de Mercedes-Lujan no se renov\u00f3. Luj\u00e1n se despidi\u00f3 de los misioneros en una Misa el 11 de noviembre, a las 20 horas. En diciembre de ese mismo a\u00f1o, la Comisi\u00f3n organizadora de tal despedida, y ya calmados los \u00e1nimos, public\u00f3 una carta para manifestar las \u00abp\u00fablicas expresiones de gratitud, veneraci\u00f3n y asombro\u00bb a quienes participaron \u00aben tan noble y espiritual gesto\u00bb, y se a\u00f1ad\u00eda: \u00abla humildad del subsuelo de la Bas\u00edlica convertida en cripta de expresi\u00f3n multifac\u00e9tica de la devoci\u00f3n mariana,<span id='easy-footnote-3-48078' class='easy-footnote-margin-adjust'><\/span><span class='easy-footnote'><a href='http:\/\/vincentians.com\/es\/santuario-de-nuestra-senora-de-lujan-argentina-2\/#easy-footnote-bottom-3-48078' title='Las im\u00e1genes de Mar\u00eda Sant\u00edsima que se veneran en la cripta representan alas siguientes naciones: Argentina, Bolivia, Brasil, Chile, Colombia, Costa Rica, Cuba, El Salvador, Ecuador, Estados Unidos, Hait\u00ed, Honduras, Nicaragua, Panam\u00e1, Paraguay, Per\u00fa, Puerto Rico, Rep\u00fablica Dominicana, Uruguay, Venezuela; Alemania, Armenia, Austria, Canad\u00e1, Corea, Croacia, Eslovaquia, Eslovenia, Espa\u00f1a, Francia, Grecia, Hungr\u00eda, Inglaterra, Irlanda, Italia, L\u00edbano, Lituania, Noruega, Polonia, Portugal, Rep\u00fablica Checa, Suecia y Ucrania.'><sup>3<\/sup><\/a><\/span> es un s\u00edmbolo de los 128 sacerdotes y hermanos Vicentinos que actuaron temporal, reiterada o permanentemente en el Santuario.<span id='easy-footnote-4-48078' class='easy-footnote-margin-adjust'><\/span><span class='easy-footnote'><a href='http:\/\/vincentians.com\/es\/santuario-de-nuestra-senora-de-lujan-argentina-2\/#easy-footnote-bottom-4-48078' title='Nota del Editor: un art\u00edculo, escrito con motivo de la partida de la CM de Luj\u00e1n por un miembro de otra congregaci\u00f3n religiosa, se expresaba as\u00ed al incio: \u00abDetr\u00e1s de ellos y para siempre, queda en pie esa hermosa Bas\u00edlica mariana, vig\u00eda de la fe y testigo del trabajo incansable de esta comunidad misionera, que piedra a piedra, pedido tras pedido regal\u00f3 a la Virgen Gaucha su hermosa casa. Los vicentinos han vivido evangelizando Luj\u00e1n y zona de influencia, durante casi 130 a\u00f1os (1872-2001). Los a\u00f1os dejan huellas y tejen amistades en el coraz\u00f3n de una feligres\u00eda que hoy, ve partir a estos custodios del santuario con dolor, pero mucho agradecimiento\u00bb.'><sup>4<\/sup><\/a><\/span> Pocos tienen placas recordatorias, pero todos han sido llamados a estar inscritos en el Libro de la Vida. La difusi\u00f3n de la Palabra de Dios, la celebraci\u00f3n diaria del memorial de la Pasi\u00f3n y muerte de Cristo, la santificaci\u00f3n por los sacramentos del bautismo, la eucarist\u00eda (al presente 15.000 comuniones por mes) y la reconciliaci\u00f3n de millones de cristianos de todas las clases sociales&#8230;, todo ello, m\u00e1s la acci\u00f3n solidaria y caritativa que, a trav\u00e9s de organismos especializados&#8230;, se expandi\u00f3 a\u00fan a las m\u00e1s remotas Di\u00f3cesis de la Rep\u00fablica&#8230; Hab\u00eda motivos para esas expresiones de gratitud, y Ustedes como nosotros acusaron el impacto de esa cesaci\u00f3n de los Padres Vicentinos. Los que nos quedamos, somos concientes de que la obra de Dios contin\u00faa, y por eso nos consideramos, a\u00fan siendo laicos, protagonistas de una construcci\u00f3n que debe continuar, afianzada en la voluntad de Dios y en los cimientos de quienes nos precedieron con la solidez del esp\u00edritu y del carisma vicentino: evangelizar, santificar y servir, viendo a Cristo en el pr\u00f3jimo, especialmente en los pobres\u00bb.<\/p>\n","protected":false},"excerpt":{"rendered":"<p>Una herencia singular que Am\u00e9rica Latina recibi\u00f3 de Espa\u00f1a, la Madre Patria, fue y ser\u00e1 la devoci\u00f3n mariana. El P. Jos\u00e9 Julio Matovelle, en sus Obras Completas de 1981, expuso un largo listado de Santuarios &#8230; <a href=\"http:\/\/vincentians.com\/es\/santuario-de-nuestra-senora-de-lujan-argentina-2\/\" class=\"more-link\">Read More<\/a><\/p>\n","protected":false},"author":4,"featured_media":48079,"comment_status":"open","ping_status":"open","sticky":false,"template":"","format":"standard","meta":{"jetpack_post_was_ever_published":false,"_jetpack_newsletter_access":"","_jetpack_dont_email_post_to_subs":false,"_jetpack_newsletter_tier_id":0,"_jetpack_memberships_contains_paywalled_content":false,"_jetpack_memberships_contains_paid_content":false,"footnotes":"","jetpack_publicize_message":"","jetpack_publicize_feature_enabled":true,"jetpack_social_post_already_shared":true,"jetpack_social_options":{"image_generator_settings":{"template":"highway","default_image_id":0,"font":"","enabled":false},"version":2}},"categories":[221],"tags":[117],"class_list":["post-48078","post","type-post","status-publish","format-standard","has-post-thumbnail","hentry","category-lugares-vicencianos","tag-pouy"],"yoast_head":"<!-- This site is optimized with the Yoast SEO plugin v26.3 - https:\/\/yoast.com\/wordpress\/plugins\/seo\/ -->\n<title>Santuario de Nuestra Se\u00f1ora de Luj\u00e1n (Argentina) - Somos Vicencianos<\/title>\n<meta name=\"robots\" content=\"index, follow, max-snippet:-1, max-image-preview:large, max-video-preview:-1\" \/>\n<link rel=\"canonical\" href=\"http:\/\/vincentians.com\/es\/santuario-de-nuestra-senora-de-lujan-argentina-2\/\" \/>\n<meta property=\"og:locale\" content=\"es_ES\" \/>\n<meta property=\"og:type\" content=\"article\" \/>\n<meta property=\"og:title\" content=\"Santuario de Nuestra Se\u00f1ora de Luj\u00e1n (Argentina) - Somos Vicencianos\" \/>\n<meta property=\"og:description\" content=\"Una herencia singular que Am\u00e9rica Latina recibi\u00f3 de Espa\u00f1a, la Madre Patria, fue y ser\u00e1 la devoci\u00f3n mariana. El P. Jos\u00e9 Julio Matovelle, en sus Obras Completas de 1981, expuso un largo listado de Santuarios ... Read More\" \/>\n<meta property=\"og:url\" content=\"http:\/\/vincentians.com\/es\/santuario-de-nuestra-senora-de-lujan-argentina-2\/\" \/>\n<meta property=\"og:site_name\" content=\"Somos Vicencianos\" \/>\n<meta property=\"article:publisher\" content=\"https:\/\/www.facebook.com\/WeAreVincentians\/\" \/>\n<meta property=\"article:author\" content=\"https:\/\/www.facebook.com\/JavierChento\" \/>\n<meta property=\"article:published_time\" content=\"2011-08-29T08:05:25+00:00\" \/>\n<meta name=\"author\" content=\"Francisco Javier Fern\u00e1ndez Chento\" \/>\n<meta name=\"twitter:card\" content=\"summary_large_image\" \/>\n<meta name=\"twitter:creator\" content=\"@https:\/\/twitter.com\/javierchento\" \/>\n<meta name=\"twitter:site\" content=\"@WeVincentians\" \/>\n<meta name=\"twitter:label1\" content=\"Escrito por\" \/>\n\t<meta name=\"twitter:data1\" content=\"Francisco Javier Fern\u00e1ndez Chento\" \/>\n\t<meta name=\"twitter:label2\" content=\"Tiempo de lectura\" \/>\n\t<meta name=\"twitter:data2\" content=\"15 minutos\" \/>\n<script type=\"application\/ld+json\" class=\"yoast-schema-graph\">{\"@context\":\"https:\/\/schema.org\",\"@graph\":[{\"@type\":\"Article\",\"@id\":\"http:\/\/vincentians.com\/es\/santuario-de-nuestra-senora-de-lujan-argentina-2\/#article\",\"isPartOf\":{\"@id\":\"http:\/\/vincentians.com\/es\/santuario-de-nuestra-senora-de-lujan-argentina-2\/\"},\"author\":{\"name\":\"Francisco Javier Fern\u00e1ndez Chento\",\"@id\":\"http:\/\/vincentians.com\/es\/#\/schema\/person\/9623ef4d9aa3b2dfb8c061f1499288f2\"},\"headline\":\"Santuario de Nuestra Se\u00f1ora de Luj\u00e1n (Argentina)\",\"datePublished\":\"2011-08-29T08:05:25+00:00\",\"mainEntityOfPage\":{\"@id\":\"http:\/\/vincentians.com\/es\/santuario-de-nuestra-senora-de-lujan-argentina-2\/\"},\"wordCount\":2971,\"commentCount\":0,\"publisher\":{\"@id\":\"http:\/\/vincentians.com\/es\/#organization\"},\"image\":{\"@id\":\"http:\/\/vincentians.com\/es\/santuario-de-nuestra-senora-de-lujan-argentina-2\/#primaryimage\"},\"thumbnailUrl\":\"\",\"keywords\":[\"Pouy\"],\"articleSection\":[\"Lugares Vicencianos\"],\"inLanguage\":\"es\",\"potentialAction\":[{\"@type\":\"CommentAction\",\"name\":\"Comment\",\"target\":[\"http:\/\/vincentians.com\/es\/santuario-de-nuestra-senora-de-lujan-argentina-2\/#respond\"]}]},{\"@type\":\"WebPage\",\"@id\":\"http:\/\/vincentians.com\/es\/santuario-de-nuestra-senora-de-lujan-argentina-2\/\",\"url\":\"http:\/\/vincentians.com\/es\/santuario-de-nuestra-senora-de-lujan-argentina-2\/\",\"name\":\"Santuario de Nuestra Se\u00f1ora de Luj\u00e1n (Argentina) - Somos Vicencianos\",\"isPartOf\":{\"@id\":\"http:\/\/vincentians.com\/es\/#website\"},\"primaryImageOfPage\":{\"@id\":\"http:\/\/vincentians.com\/es\/santuario-de-nuestra-senora-de-lujan-argentina-2\/#primaryimage\"},\"image\":{\"@id\":\"http:\/\/vincentians.com\/es\/santuario-de-nuestra-senora-de-lujan-argentina-2\/#primaryimage\"},\"thumbnailUrl\":\"\",\"datePublished\":\"2011-08-29T08:05:25+00:00\",\"breadcrumb\":{\"@id\":\"http:\/\/vincentians.com\/es\/santuario-de-nuestra-senora-de-lujan-argentina-2\/#breadcrumb\"},\"inLanguage\":\"es\",\"potentialAction\":[{\"@type\":\"ReadAction\",\"target\":[\"http:\/\/vincentians.com\/es\/santuario-de-nuestra-senora-de-lujan-argentina-2\/\"]}]},{\"@type\":\"ImageObject\",\"inLanguage\":\"es\",\"@id\":\"http:\/\/vincentians.com\/es\/santuario-de-nuestra-senora-de-lujan-argentina-2\/#primaryimage\",\"url\":\"\",\"contentUrl\":\"\"},{\"@type\":\"BreadcrumbList\",\"@id\":\"http:\/\/vincentians.com\/es\/santuario-de-nuestra-senora-de-lujan-argentina-2\/#breadcrumb\",\"itemListElement\":[{\"@type\":\"ListItem\",\"position\":1,\"name\":\"Portada\",\"item\":\"http:\/\/vincentians.com\/es\/\"},{\"@type\":\"ListItem\",\"position\":2,\"name\":\"Santuario de Nuestra Se\u00f1ora de Luj\u00e1n (Argentina)\"}]},{\"@type\":\"WebSite\",\"@id\":\"http:\/\/vincentians.com\/es\/#website\",\"url\":\"http:\/\/vincentians.com\/es\/\",\"name\":\"Somos Vicencianos\",\"description\":\"Know more to serve more\",\"publisher\":{\"@id\":\"http:\/\/vincentians.com\/es\/#organization\"},\"potentialAction\":[{\"@type\":\"SearchAction\",\"target\":{\"@type\":\"EntryPoint\",\"urlTemplate\":\"http:\/\/vincentians.com\/es\/?s={search_term_string}\"},\"query-input\":{\"@type\":\"PropertyValueSpecification\",\"valueRequired\":true,\"valueName\":\"search_term_string\"}}],\"inLanguage\":\"es\"},{\"@type\":\"Organization\",\"@id\":\"http:\/\/vincentians.com\/es\/#organization\",\"name\":\"The Vincentian Network\",\"url\":\"http:\/\/vincentians.com\/es\/\",\"logo\":{\"@type\":\"ImageObject\",\"inLanguage\":\"es\",\"@id\":\"http:\/\/vincentians.com\/es\/#\/schema\/logo\/image\/\",\"url\":\"https:\/\/i1.wp.com\/vincentians.com\/es\/wp-content\/uploads\/sites\/11\/2016\/06\/Vincentian-Network-logo-big.png?fit=778%2C778\",\"contentUrl\":\"https:\/\/i1.wp.com\/vincentians.com\/es\/wp-content\/uploads\/sites\/11\/2016\/06\/Vincentian-Network-logo-big.png?fit=778%2C778\",\"width\":778,\"height\":778,\"caption\":\"The Vincentian Network\"},\"image\":{\"@id\":\"http:\/\/vincentians.com\/es\/#\/schema\/logo\/image\/\"},\"sameAs\":[\"https:\/\/www.facebook.com\/WeAreVincentians\/\",\"https:\/\/x.com\/WeVincentians\"]},{\"@type\":\"Person\",\"@id\":\"http:\/\/vincentians.com\/es\/#\/schema\/person\/9623ef4d9aa3b2dfb8c061f1499288f2\",\"name\":\"Francisco Javier Fern\u00e1ndez Chento\",\"image\":{\"@type\":\"ImageObject\",\"inLanguage\":\"es\",\"@id\":\"http:\/\/vincentians.com\/es\/#\/schema\/person\/image\/\",\"url\":\"https:\/\/secure.gravatar.com\/avatar\/497d5cde87b4c3d097d0315953521681ba2cd523ee66e5077c3711f7021e65de?s=96&d=mm&r=g\",\"contentUrl\":\"https:\/\/secure.gravatar.com\/avatar\/497d5cde87b4c3d097d0315953521681ba2cd523ee66e5077c3711f7021e65de?s=96&d=mm&r=g\",\"caption\":\"Francisco Javier Fern\u00e1ndez Chento\"},\"description\":\"Director General y cofundador de La Red de Formaci\u00f3n Vicenciana. Javier es laico vicenciano, afiliado a la Congregaci\u00f3n de la Misi\u00f3n y miembro del Equipo de Misiones Populares de la provincia can\u00f3nica de Zaragoza (Espa\u00f1a) de la Congregaci\u00f3n de la Misi\u00f3n. Graduado en la Universidad Oberta de Catalunya con cuatro grados (Asistente de direcci\u00f3n, Gesti\u00f3n Administrativa, Recursos Humanos y Contabilidad Avanzada). Bil\u00edng\u00fce Espa\u00f1ol\/Ingl\u00e9s. gestiona y mantiene varias p\u00e1ginas web cristianas y vicencianas, incluida including La Red de Formaci\u00f3n Vicenciana, de la que es cofundador. Actualmente es responsable del \u00e1rea de Espa\u00f1ol de .famvin, la Red de Noticias de la Familia Vicenciana. Tambi\u00e9n es m\u00fasico cat\u00f3lico y ha editado varios discos. Es Director General y cofundador de Trovador, una reconocida compa\u00f1\u00eda discogr\u00e1fica critiana de Espa\u00f1a. Trabaja en las Tecnolog\u00edas de la Informaci\u00f3n, ofreciendo servicios de alojamiento, dise\u00f1o y mantenimiento Web, as\u00ed como asesoramiento, formaci\u00f3n y soluciones inform\u00e1ticas, gesti\u00f3n documental y digitalizaci\u00f3n de textos, edici\u00f3n y maquetaci\u00f3n de libros, revistas, flyers, etc.\",\"sameAs\":[\"http:\/\/chento.org\",\"https:\/\/www.facebook.com\/JavierChento\",\"https:\/\/x.com\/https:\/\/twitter.com\/javierchento\"],\"url\":\"http:\/\/vincentians.com\/es\/author\/chento\/\"}]}<\/script>\n<!-- \/ Yoast SEO plugin. -->","yoast_head_json":{"title":"Santuario de Nuestra Se\u00f1ora de Luj\u00e1n (Argentina) - Somos Vicencianos","robots":{"index":"index","follow":"follow","max-snippet":"max-snippet:-1","max-image-preview":"max-image-preview:large","max-video-preview":"max-video-preview:-1"},"canonical":"http:\/\/vincentians.com\/es\/santuario-de-nuestra-senora-de-lujan-argentina-2\/","og_locale":"es_ES","og_type":"article","og_title":"Santuario de Nuestra Se\u00f1ora de Luj\u00e1n (Argentina) - Somos Vicencianos","og_description":"Una herencia singular que Am\u00e9rica Latina recibi\u00f3 de Espa\u00f1a, la Madre Patria, fue y ser\u00e1 la devoci\u00f3n mariana. El P. Jos\u00e9 Julio Matovelle, en sus Obras Completas de 1981, expuso un largo listado de Santuarios ... Read More","og_url":"http:\/\/vincentians.com\/es\/santuario-de-nuestra-senora-de-lujan-argentina-2\/","og_site_name":"Somos Vicencianos","article_publisher":"https:\/\/www.facebook.com\/WeAreVincentians\/","article_author":"https:\/\/www.facebook.com\/JavierChento","article_published_time":"2011-08-29T08:05:25+00:00","author":"Francisco Javier Fern\u00e1ndez Chento","twitter_card":"summary_large_image","twitter_creator":"@https:\/\/twitter.com\/javierchento","twitter_site":"@WeVincentians","twitter_misc":{"Escrito por":"Francisco Javier Fern\u00e1ndez Chento","Tiempo de lectura":"15 minutos"},"schema":{"@context":"https:\/\/schema.org","@graph":[{"@type":"Article","@id":"http:\/\/vincentians.com\/es\/santuario-de-nuestra-senora-de-lujan-argentina-2\/#article","isPartOf":{"@id":"http:\/\/vincentians.com\/es\/santuario-de-nuestra-senora-de-lujan-argentina-2\/"},"author":{"name":"Francisco Javier Fern\u00e1ndez Chento","@id":"http:\/\/vincentians.com\/es\/#\/schema\/person\/9623ef4d9aa3b2dfb8c061f1499288f2"},"headline":"Santuario de Nuestra Se\u00f1ora de Luj\u00e1n (Argentina)","datePublished":"2011-08-29T08:05:25+00:00","mainEntityOfPage":{"@id":"http:\/\/vincentians.com\/es\/santuario-de-nuestra-senora-de-lujan-argentina-2\/"},"wordCount":2971,"commentCount":0,"publisher":{"@id":"http:\/\/vincentians.com\/es\/#organization"},"image":{"@id":"http:\/\/vincentians.com\/es\/santuario-de-nuestra-senora-de-lujan-argentina-2\/#primaryimage"},"thumbnailUrl":"","keywords":["Pouy"],"articleSection":["Lugares Vicencianos"],"inLanguage":"es","potentialAction":[{"@type":"CommentAction","name":"Comment","target":["http:\/\/vincentians.com\/es\/santuario-de-nuestra-senora-de-lujan-argentina-2\/#respond"]}]},{"@type":"WebPage","@id":"http:\/\/vincentians.com\/es\/santuario-de-nuestra-senora-de-lujan-argentina-2\/","url":"http:\/\/vincentians.com\/es\/santuario-de-nuestra-senora-de-lujan-argentina-2\/","name":"Santuario de Nuestra Se\u00f1ora de Luj\u00e1n (Argentina) - Somos Vicencianos","isPartOf":{"@id":"http:\/\/vincentians.com\/es\/#website"},"primaryImageOfPage":{"@id":"http:\/\/vincentians.com\/es\/santuario-de-nuestra-senora-de-lujan-argentina-2\/#primaryimage"},"image":{"@id":"http:\/\/vincentians.com\/es\/santuario-de-nuestra-senora-de-lujan-argentina-2\/#primaryimage"},"thumbnailUrl":"","datePublished":"2011-08-29T08:05:25+00:00","breadcrumb":{"@id":"http:\/\/vincentians.com\/es\/santuario-de-nuestra-senora-de-lujan-argentina-2\/#breadcrumb"},"inLanguage":"es","potentialAction":[{"@type":"ReadAction","target":["http:\/\/vincentians.com\/es\/santuario-de-nuestra-senora-de-lujan-argentina-2\/"]}]},{"@type":"ImageObject","inLanguage":"es","@id":"http:\/\/vincentians.com\/es\/santuario-de-nuestra-senora-de-lujan-argentina-2\/#primaryimage","url":"","contentUrl":""},{"@type":"BreadcrumbList","@id":"http:\/\/vincentians.com\/es\/santuario-de-nuestra-senora-de-lujan-argentina-2\/#breadcrumb","itemListElement":[{"@type":"ListItem","position":1,"name":"Portada","item":"http:\/\/vincentians.com\/es\/"},{"@type":"ListItem","position":2,"name":"Santuario de Nuestra Se\u00f1ora de Luj\u00e1n (Argentina)"}]},{"@type":"WebSite","@id":"http:\/\/vincentians.com\/es\/#website","url":"http:\/\/vincentians.com\/es\/","name":"Somos Vicencianos","description":"Know more to serve more","publisher":{"@id":"http:\/\/vincentians.com\/es\/#organization"},"potentialAction":[{"@type":"SearchAction","target":{"@type":"EntryPoint","urlTemplate":"http:\/\/vincentians.com\/es\/?s={search_term_string}"},"query-input":{"@type":"PropertyValueSpecification","valueRequired":true,"valueName":"search_term_string"}}],"inLanguage":"es"},{"@type":"Organization","@id":"http:\/\/vincentians.com\/es\/#organization","name":"The Vincentian Network","url":"http:\/\/vincentians.com\/es\/","logo":{"@type":"ImageObject","inLanguage":"es","@id":"http:\/\/vincentians.com\/es\/#\/schema\/logo\/image\/","url":"https:\/\/i1.wp.com\/vincentians.com\/es\/wp-content\/uploads\/sites\/11\/2016\/06\/Vincentian-Network-logo-big.png?fit=778%2C778","contentUrl":"https:\/\/i1.wp.com\/vincentians.com\/es\/wp-content\/uploads\/sites\/11\/2016\/06\/Vincentian-Network-logo-big.png?fit=778%2C778","width":778,"height":778,"caption":"The Vincentian Network"},"image":{"@id":"http:\/\/vincentians.com\/es\/#\/schema\/logo\/image\/"},"sameAs":["https:\/\/www.facebook.com\/WeAreVincentians\/","https:\/\/x.com\/WeVincentians"]},{"@type":"Person","@id":"http:\/\/vincentians.com\/es\/#\/schema\/person\/9623ef4d9aa3b2dfb8c061f1499288f2","name":"Francisco Javier Fern\u00e1ndez Chento","image":{"@type":"ImageObject","inLanguage":"es","@id":"http:\/\/vincentians.com\/es\/#\/schema\/person\/image\/","url":"https:\/\/secure.gravatar.com\/avatar\/497d5cde87b4c3d097d0315953521681ba2cd523ee66e5077c3711f7021e65de?s=96&d=mm&r=g","contentUrl":"https:\/\/secure.gravatar.com\/avatar\/497d5cde87b4c3d097d0315953521681ba2cd523ee66e5077c3711f7021e65de?s=96&d=mm&r=g","caption":"Francisco Javier Fern\u00e1ndez Chento"},"description":"Director General y cofundador de La Red de Formaci\u00f3n Vicenciana. Javier es laico vicenciano, afiliado a la Congregaci\u00f3n de la Misi\u00f3n y miembro del Equipo de Misiones Populares de la provincia can\u00f3nica de Zaragoza (Espa\u00f1a) de la Congregaci\u00f3n de la Misi\u00f3n. Graduado en la Universidad Oberta de Catalunya con cuatro grados (Asistente de direcci\u00f3n, Gesti\u00f3n Administrativa, Recursos Humanos y Contabilidad Avanzada). Bil\u00edng\u00fce Espa\u00f1ol\/Ingl\u00e9s. gestiona y mantiene varias p\u00e1ginas web cristianas y vicencianas, incluida including La Red de Formaci\u00f3n Vicenciana, de la que es cofundador. Actualmente es responsable del \u00e1rea de Espa\u00f1ol de .famvin, la Red de Noticias de la Familia Vicenciana. Tambi\u00e9n es m\u00fasico cat\u00f3lico y ha editado varios discos. Es Director General y cofundador de Trovador, una reconocida compa\u00f1\u00eda discogr\u00e1fica critiana de Espa\u00f1a. Trabaja en las Tecnolog\u00edas de la Informaci\u00f3n, ofreciendo servicios de alojamiento, dise\u00f1o y mantenimiento Web, as\u00ed como asesoramiento, formaci\u00f3n y soluciones inform\u00e1ticas, gesti\u00f3n documental y digitalizaci\u00f3n de textos, edici\u00f3n y maquetaci\u00f3n de libros, revistas, flyers, etc.","sameAs":["http:\/\/chento.org","https:\/\/www.facebook.com\/JavierChento","https:\/\/x.com\/https:\/\/twitter.com\/javierchento"],"url":"http:\/\/vincentians.com\/es\/author\/chento\/"}]}},"jetpack_publicize_connections":[],"jetpack_featured_media_url":"","jetpack_sharing_enabled":true,"jetpack_shortlink":"https:\/\/wp.me\/p7ETMF-cvs","jetpack-related-posts":[{"id":115068,"url":"http:\/\/vincentians.com\/es\/la-c-m-se-hizo-cargo-del-santuario-de-los-milagros-en-1869\/","url_meta":{"origin":48078,"position":0},"title":"La C.M. se hizo cargo del Santuario de Los Milagros en 1869","author":"Mitxel Olabu\u00e9naga","date":"24\/02\/2019","format":false,"excerpt":"El d\u00eda 4 de mayo el P. Francisco Carballo pronunci\u00f3 el preg\u00f3n. Es costumbre repicar las campanas del Santuario al atardecer de los primeros s\u00e1bados de mayo. El zumbido de los cohetes acom\u00adpa\u00f1a al sonido met\u00e1lico recordando a las aldeas vecinas que \"ma\u00f1\u00e1 e festa\". La tradicional de Hijas de\u2026","rel":"","context":"En \u00abHistoria de la Congregaci\u00f3n de la Misi\u00f3n en Espa\u00f1a\u00bb","block_context":{"text":"Historia de la Congregaci\u00f3n de la Misi\u00f3n en Espa\u00f1a","link":"http:\/\/vincentians.com\/es\/category\/historia-de-la-familia-vicenciana\/historia-de-la-congregacion-de-la-mision-en-espana\/"},"img":{"alt_text":"","src":"https:\/\/i0.wp.com\/vincentians.com\/es\/wp-content\/uploads\/sites\/11\/2012\/05\/Limpias15.jpg?fit=550%2C370&resize=350%2C200","width":350,"height":200,"srcset":"https:\/\/i0.wp.com\/vincentians.com\/es\/wp-content\/uploads\/sites\/11\/2012\/05\/Limpias15.jpg?fit=550%2C370&resize=350%2C200 1x, https:\/\/i0.wp.com\/vincentians.com\/es\/wp-content\/uploads\/sites\/11\/2012\/05\/Limpias15.jpg?fit=550%2C370&resize=525%2C300 1.5x"},"classes":[]},{"id":114953,"url":"http:\/\/vincentians.com\/es\/como-rezar-el-rosario\/","url_meta":{"origin":48078,"position":1},"title":"C\u00f3mo rezar el Rosario","author":"Francisco Javier Fern\u00e1ndez Chento","date":"14\/02\/2019","format":false,"excerpt":"Modo de rezarlo Hacer el signo de la cruz y rezar el s\u00edmbolo de los ap\u00f3stoles o el acto de contrici\u00f3n. Rezar el Padrenuestro. Rezar 3 Avemar\u00edas y Gloria. Anunciar el primer misterio. Rezar el Padrenuestro. Rezar 10 Avemar\u00edas, Gloria y Jaculatoria. Anunciar el segundo misterio. Rezar el Padrenuestro. Rezar\u2026","rel":"","context":"En \u00abOraci\u00f3n\u00bb","block_context":{"text":"Oraci\u00f3n","link":"http:\/\/vincentians.com\/es\/category\/espiritualidad\/oracion\/"},"img":{"alt_text":"","src":"https:\/\/i0.wp.com\/vincentians.com\/es\/wp-content\/uploads\/sites\/11\/2016\/09\/ojos-jesucristo.jpg?fit=1200%2C630&resize=350%2C200","width":350,"height":200,"srcset":"https:\/\/i0.wp.com\/vincentians.com\/es\/wp-content\/uploads\/sites\/11\/2016\/09\/ojos-jesucristo.jpg?fit=1200%2C630&resize=350%2C200 1x, https:\/\/i0.wp.com\/vincentians.com\/es\/wp-content\/uploads\/sites\/11\/2016\/09\/ojos-jesucristo.jpg?fit=1200%2C630&resize=525%2C300 1.5x, https:\/\/i0.wp.com\/vincentians.com\/es\/wp-content\/uploads\/sites\/11\/2016\/09\/ojos-jesucristo.jpg?fit=1200%2C630&resize=700%2C400 2x, https:\/\/i0.wp.com\/vincentians.com\/es\/wp-content\/uploads\/sites\/11\/2016\/09\/ojos-jesucristo.jpg?fit=1200%2C630&resize=1050%2C600 3x"},"classes":[]},{"id":115218,"url":"http:\/\/vincentians.com\/es\/carta-de-gregory-gay-superior-general-de-la-c-m-con-motivo-de-la-fiesta-de-la-medalla-milagrosa-2012\/","url_meta":{"origin":48078,"position":2},"title":"Carta de Gregory Gay, Superior General de la C.M., con motivo de la fiesta de la Medalla Milagrosa 2012","author":"Francisco Javier Fern\u00e1ndez Chento","date":"26\/11\/2012","format":false,"excerpt":"Llamada a la Familia Vicenciana a una mayor devoci\u00f3n a Nuestra Se\u00f1ora de la Medalla Milagrosa. \u00a1La gracia de Nuestro Se\u00f1or Jesucristo est\u00e9 siempre con nosotros! Me da mucha alegr\u00eda dirigirme a Ustedes especialmente en este mes en el que celebramos, dentro del A\u00f1o de la Fe, a la Virgen\u2026","rel":"","context":"En \u00abVirgen Mar\u00eda\u00bb","block_context":{"text":"Virgen Mar\u00eda","link":"http:\/\/vincentians.com\/es\/category\/espiritualidad\/virgen-maria\/"},"img":{"alt_text":"P. Gregory Gay, C.M.","src":"https:\/\/i0.wp.com\/vicencianos.org\/wp-content\/2009\/12\/gregory_felicita_la_navidad11-300x300.jpg?resize=350%2C200","width":350,"height":200},"classes":[]},{"id":6368,"url":"http:\/\/vincentians.com\/es\/tal-dia-como-hoy-4-de-febrero\/","url_meta":{"origin":48078,"position":3},"title":"Tal d\u00eda como hoy: 4 de febrero","author":"Francisco Javier Fern\u00e1ndez Chento","date":"04\/02\/2017","format":false,"excerpt":"1613. En Par\u00eds, se firma el contrato de matrimonio entre Antonio Le Gras y Luisa de Marillac. 1834. Ante la proposici\u00f3n de Juan Le\u00f3n Le Pr\u00e9vost, Federico Ozanam, fundador de las Conferencias de San Vicente de Pa\u00fal, y sus amigos deciden decir la invocaci\u00f3n a san Vicente tras el Veni\u2026","rel":"","context":"En \u00abEfem\u00e9rides Vicencianas\u00bb","block_context":{"text":"Efem\u00e9rides Vicencianas","link":"http:\/\/vincentians.com\/es\/category\/historia-de-la-familia-vicenciana\/efemerides-vicencianas\/"},"img":{"alt_text":"","src":"https:\/\/i0.wp.com\/vincentians.com\/es\/wp-content\/uploads\/sites\/11\/2016\/07\/ephemerides-fb.jpg?fit=1200%2C630&resize=350%2C200","width":350,"height":200,"srcset":"https:\/\/i0.wp.com\/vincentians.com\/es\/wp-content\/uploads\/sites\/11\/2016\/07\/ephemerides-fb.jpg?fit=1200%2C630&resize=350%2C200 1x, https:\/\/i0.wp.com\/vincentians.com\/es\/wp-content\/uploads\/sites\/11\/2016\/07\/ephemerides-fb.jpg?fit=1200%2C630&resize=525%2C300 1.5x, https:\/\/i0.wp.com\/vincentians.com\/es\/wp-content\/uploads\/sites\/11\/2016\/07\/ephemerides-fb.jpg?fit=1200%2C630&resize=700%2C400 2x, https:\/\/i0.wp.com\/vincentians.com\/es\/wp-content\/uploads\/sites\/11\/2016\/07\/ephemerides-fb.jpg?fit=1200%2C630&resize=1050%2C600 3x"},"classes":[]},{"id":127523,"url":"http:\/\/vincentians.com\/es\/lugares-vicencianos-valfleury\/","url_meta":{"origin":48078,"position":4},"title":"Lugares vicencianos: Valfleury","author":"Francisco Javier Fern\u00e1ndez Chento","date":"09\/08\/2016","format":false,"excerpt":"1992. Prefacio. El excelente folleto del can\u00f3nigo Berjat, editado en 1931, est\u00e1 desde hace tiempo agotado. Muchos peregrinos y amigos de Valfleury deseaban una nueva edici\u00f3n. Un trabajo de esa clase hubiera sido demasiado costoso y, por supuesto, hubiera contado con un n\u00famero limitado de lectores. No obstante, ha parecido\u2026","rel":"","context":"En \u00abLugares Vicencianos\u00bb","block_context":{"text":"Lugares Vicencianos","link":"http:\/\/vincentians.com\/es\/category\/historia-de-la-familia-vicenciana\/lugares-vicencianos\/"},"img":{"alt_text":"","src":"https:\/\/i0.wp.com\/vincentians.com\/es\/wp-content\/uploads\/sites\/11\/2014\/01\/Valfleury.jpg?fit=1200%2C630&resize=350%2C200","width":350,"height":200,"srcset":"https:\/\/i0.wp.com\/vincentians.com\/es\/wp-content\/uploads\/sites\/11\/2014\/01\/Valfleury.jpg?fit=1200%2C630&resize=350%2C200 1x, https:\/\/i0.wp.com\/vincentians.com\/es\/wp-content\/uploads\/sites\/11\/2014\/01\/Valfleury.jpg?fit=1200%2C630&resize=525%2C300 1.5x, https:\/\/i0.wp.com\/vincentians.com\/es\/wp-content\/uploads\/sites\/11\/2014\/01\/Valfleury.jpg?fit=1200%2C630&resize=700%2C400 2x, https:\/\/i0.wp.com\/vincentians.com\/es\/wp-content\/uploads\/sites\/11\/2014\/01\/Valfleury.jpg?fit=1200%2C630&resize=1050%2C600 3x"},"classes":[]},{"id":405070,"url":"http:\/\/vincentians.com\/es\/santuarios-marianos-c-m-en-espana-vii\/","url_meta":{"origin":48078,"position":5},"title":"SANTUARIOS MARIANOS C.M. en ESPA\u00d1A (VII)","author":"Mitxel Olabu\u00e9naga","date":"06\/01\/2024","format":false,"excerpt":"SANTUARIO-PARROQUIA DE LA VIRGEN MILAGROSA (TERUEL) El actual templo santuario de la Virgen Milagrosa de Teruel enlaza con otras dos devociones que tuvieron sus ra\u00edces en el alma del pueblo turolense. Todos los autores que hablan de la historia de Teruel cuentan la existen\u00adcia de un santuario dedicado a la\u2026","rel":"","context":"En \u00abSin categor\u00eda\u00bb","block_context":{"text":"Sin categor\u00eda","link":"http:\/\/vincentians.com\/es\/category\/sin-categoria\/"},"img":{"alt_text":"","src":"https:\/\/i0.wp.com\/vincentians.com\/es\/wp-content\/uploads\/sites\/11\/2016\/09\/ojos-jesucristo.jpg?fit=1200%2C630&resize=350%2C200","width":350,"height":200,"srcset":"https:\/\/i0.wp.com\/vincentians.com\/es\/wp-content\/uploads\/sites\/11\/2016\/09\/ojos-jesucristo.jpg?fit=1200%2C630&resize=350%2C200 1x, https:\/\/i0.wp.com\/vincentians.com\/es\/wp-content\/uploads\/sites\/11\/2016\/09\/ojos-jesucristo.jpg?fit=1200%2C630&resize=525%2C300 1.5x, https:\/\/i0.wp.com\/vincentians.com\/es\/wp-content\/uploads\/sites\/11\/2016\/09\/ojos-jesucristo.jpg?fit=1200%2C630&resize=700%2C400 2x, https:\/\/i0.wp.com\/vincentians.com\/es\/wp-content\/uploads\/sites\/11\/2016\/09\/ojos-jesucristo.jpg?fit=1200%2C630&resize=1050%2C600 3x"},"classes":[]}],"_links":{"self":[{"href":"http:\/\/vincentians.com\/es\/wp-json\/wp\/v2\/posts\/48078","targetHints":{"allow":["GET"]}}],"collection":[{"href":"http:\/\/vincentians.com\/es\/wp-json\/wp\/v2\/posts"}],"about":[{"href":"http:\/\/vincentians.com\/es\/wp-json\/wp\/v2\/types\/post"}],"author":[{"embeddable":true,"href":"http:\/\/vincentians.com\/es\/wp-json\/wp\/v2\/users\/4"}],"replies":[{"embeddable":true,"href":"http:\/\/vincentians.com\/es\/wp-json\/wp\/v2\/comments?post=48078"}],"version-history":[{"count":0,"href":"http:\/\/vincentians.com\/es\/wp-json\/wp\/v2\/posts\/48078\/revisions"}],"wp:featuredmedia":[{"embeddable":true,"href":"http:\/\/vincentians.com\/es\/wp-json\/"}],"wp:attachment":[{"href":"http:\/\/vincentians.com\/es\/wp-json\/wp\/v2\/media?parent=48078"}],"wp:term":[{"taxonomy":"category","embeddable":true,"href":"http:\/\/vincentians.com\/es\/wp-json\/wp\/v2\/categories?post=48078"},{"taxonomy":"post_tag","embeddable":true,"href":"http:\/\/vincentians.com\/es\/wp-json\/wp\/v2\/tags?post=48078"}],"curies":[{"name":"wp","href":"https:\/\/api.w.org\/{rel}","templated":true}]}}