{"id":47819,"date":"2015-02-24T06:00:22","date_gmt":"2015-02-24T05:00:22","guid":{"rendered":"http:\/\/somos.vicencianos.org\/blog\/2011\/08\/san-vicente-de-paul-y-la-evangelizacion\/"},"modified":"2016-07-26T19:17:53","modified_gmt":"2016-07-26T17:17:53","slug":"san-vicente-de-paul-y-la-evangelizacion","status":"publish","type":"post","link":"http:\/\/vincentians.com\/es\/san-vicente-de-paul-y-la-evangelizacion\/","title":{"rendered":"San Vicente de Pa\u00fal y la evangelizaci\u00f3n"},"content":{"rendered":"<h2>I.- Introducci\u00f3n<\/h2>\n<p><a href=\"https:\/\/i0.wp.com\/vicencianos.org\/wp-content\/2011\/07\/San-Vicente-14.jpg\"><img data-recalc-dims=\"1\" loading=\"lazy\" decoding=\"async\" class=\"size-full wp-image-47524 alignright\" title=\"San Vicente (14)\" src=\"https:\/\/i0.wp.com\/vicencianos.org\/wp-content\/2011\/07\/San-Vicente-14.jpg?resize=321%2C499\" alt=\"\" width=\"321\" height=\"499\" \/><\/a>Pacificada por el buen rey Enrique, Francia, cuando san Vicente inici\u00f3 sus actividades apost\u00f3licas, s\u00f3lo hab\u00eda logrado el silencio de las armas. La unanimidad religiosa no era m\u00e1s que un recuerdo lejano, y en el campo del Padre de familia los eriales hab\u00edan invadido numerosas tierras de labor. Sin embargo, aunque estaba dividida, la cristiandad segu\u00eda existiendo: todos, como estaban bautizados, se consideraban hijos de la Iglesia, en marcha por el camino de la salvaci\u00f3n. Hablar de evangelizaci\u00f3n como lo hizo san Vicente a prop\u00f3sito de la pobre gente del campo, debi\u00f3 parecer absurdo a m\u00e1s de uno, tal como hacia el a\u00f1o 1940 son\u00f3 a cosa rara en nuestros o\u00eddos el provocativo t\u00edtulo del libro de los abates Godin y Daniel: \u00abFrancia, pa\u00eds de misi\u00f3n\u00bb. Exactamente igual que en tiempos de san Vicente, nos cre\u00edamos que viv\u00edamos en cris-tiandad. Ha sido necesario, en nuestro tiempo, igual que entonces, desviarnos de nuestra visi\u00f3n tradicional y convenir que se trata de evangelizar, cuando se debe anunciar a Jesucristo a quienes no lo conocen.<\/p>\n<p>San Vicente no dej\u00f3 escrita ninguna teor\u00eda de evangelizaci\u00f3n, no se preocup\u00f3 de eso. Pero, dispuesto a seguir paso a paso a la Providencia, le adjudic\u00f3 a la evangelizaci\u00f3n unas dimensiones sobre las cuales vamos a insistir hoy: ella se dirige a todo el hombre, y se propone a todos los hombres.<\/p>\n<p>A todo el hombre. Ella propone un cuerpo de doctrina para que se adhieran las mentes, un conjunto de \u00abverdades necesarias para la salvaci\u00f3n\u00bb, como dec\u00eda el Sr. Vicente, al describir despu\u00e9s de la misi\u00f3n de Folleville, la espantosa ignorancia en la que la pobre gente se condena. Se da cuenta r\u00e1pidamente, y esto fue para \u00e9l evidente despu\u00e9s de su experiencia pastoral de Ch\u00e1tillon, que la evangelizaci\u00f3n deb\u00eda dirigirse a todo el hombre, a su esp\u00edritu, pero tambi\u00e9n a su coraz\u00f3n y a su cuerpo.<\/p>\n<p>El esp\u00edritu no se entrega, si no se toca antes el coraz\u00f3n. Toda adhesi\u00f3n de fe, toda conversi\u00f3n debe incluir un lado pr\u00e1ctico, traducirse en un \u00abcompromiso\u00bb al servicio del pr\u00f3jimo, individual o \u00abcolectivamente\u00bb, como dir\u00edamos hoy. San Vicente desconf\u00eda de los pensamientos nobles y de los grandes sentimientos, los cuales, en frase suya, \u00abse malogran\u00bb, cuando se trata de sufrir o de molestarse por el pr\u00f3jimo. Son suspiros piadosos que s\u00f3lo exhalan viento. Despu\u00e9s de la creaci\u00f3n de la primera \u00abCaridad\u00bb en Ch\u00e1tillon, en 1617, la fe del Gran Siglo cubri\u00f3 la cristiandad con una flora\u00adci\u00f3n de instituciones de beneficencia, que han marcado a la Iglesia y a toda la socie\u00addad con una primavera de gracia.<\/p>\n<p>Adem\u00e1s, era una cosa clara para san Vicente, como lo ha sido despu\u00e9s para nosotros, que es in\u00fatil querer predicar a los hombres que son hijos de Dios y que Cristo muri\u00f3 por ellos, si est\u00e1n muri\u00e9ndose de hambre, si la sociedad les escupe su desprecio y si los perros est\u00e1n mejor tratados que ellos. Se trata de evangelizar con palabras y con hechos.<\/p>\n<p>Hasta en las discusiones del \u00faltimo s\u00ednodo, se ha podido resaltar la actualidad de esos aspectos de la evangelizaci\u00f3n: ciertamente hace falta un cuerpo de doctrina, si no, no ser\u00eda m\u00e1s que un poco de humo sentimental; pero ella no est\u00e1 dirigida sola\u00admente a la inteligencia, sino a todo el hombre, para anunciarle que Jesucristo vino a liberarlo del pecado y de su opresi\u00f3n: es promoci\u00f3n de todo el hombre. Tambi\u00e9n en nuestros d\u00edas el ap\u00f3stol Santiago sigue interpelando la fe de los cristianos, si dicen a sus hermanos que carecen de lo necesario: \u00abId en paz, calentaos, y buen provecho\u00bb, dej\u00e1ndolos en la miseria.<\/p>\n<p>Pero la evangelizaci\u00f3n se dirige tambi\u00e9n a todos los hombres y es promoci\u00f3n de todos los hombres, pues, seg\u00fan la consigna de Jes\u00fas, tiene por s\u00ed misma un car\u00e1cter universal. En san Vicente, toma esa dimensi\u00f3n a partir del momento en que varios de sus hijos se embarcan para Madagascar. Las noticias que recibe de ellos, la preocu\u00adpaci\u00f3n que siente por ese asunto, iluminan todo su universo con un d\u00eda nuevo, como si la luz de los tr\u00f3picos hubiera cambiado todo el juego de las claridades y de las som\u00adbras de su mundo habitual.<\/p>\n<p>De igual modo, la misi\u00f3n de evangelizaci\u00f3n universal de la Iglesia no nos permi\u00adte dormir en paz, en la comodidad de una fe tranquila durante tanto tiempo, mientras nuestros hermanos m\u00e1s lejanos mueren en la ignorancia y la miseria. La indigencia del mundo es un desaf\u00edo para todos los hombres, pero en primer lugar para los cris\u00adtianos y para la Iglesia: nunca los pobres querr\u00e1n creer que son hijos de Dios y la \u00abBuena Noticia\u00bb seguir\u00e1 siendo para ellos una burla, si nosotros no hacemos nada, para que su dignidad sea reconocida.<\/p>\n<p>En fin, la experiencia y la ense\u00f1anza de san Vicene hacen resaltar en la evangeli\u00adzaci\u00f3n un segundo movimiento, complementario del primero. Se necesita, desde luego, anunciar el Evangelio a quienes no lo conocen (y en primer lugar a los pobres), y anunci\u00e1rselo de palabra y con obras. Mas a su vez, fueron ellos los que en cierto modo evangelizaron a san Vicente, fueron ellos los que le transmitieron la llamada del Se\u00f1or. En las horas cimeras de su vida, ellos estaban en el cruce de los caminos para decirle a d\u00f3nde hab\u00eda que ir: fueron ellos quienes le revelaron a Jesucristo.<\/p>\n<p>Son los pobres, quienes en los momentos cruciales de la historia de la Iglesia, vol\u00advieron a llevarla a lo esencial, como en el siglo XIII con san Francisco. As\u00ed pues, con qu\u00e9 humildad debemos llevarles la Buena Noticia de Jesucristo, seguramente ser\u00e1n ellos mismos, que, casi sin saberlo, nos lo revelar\u00e1n. Si nuestra fe es bastante viva, si nuestros ojos est\u00e1n bastante limpios, adivinaremos el resplandor de su gloria a trav\u00e9s de los agujeros de su capa (de ellos).<\/p>\n<p>Aturdido por el estr\u00e9pito del poder y deslumbrado por los letreros de la publici\u00addad, el mundo da vueltas sobre s\u00ed mismo como un perro loco. En esta feria de las ilu\u00adsiones, la Iglesia debe, con todo, hallar su camino y el camino de la humanidad, y no lo encontrar\u00e1, sino dirigi\u00e9ndose a quienes no tienen parte en ese tumulto y en esa fiesta, porque el mundo los ha marginado. Ellos no tienen nada, pero son el todo: son el Se\u00f1or en persona, en medio del mundo.<\/p>\n<h2>II.- San Vicente y la evangelizaci\u00f3n<\/h2>\n<p>Cuando se da cuenta de la ignorancia y de la miseria moral del pobre pueblo que se condena, san Vicente decide consagrarle toda su vida, imitando a Cristo. Hay que ense\u00f1ar las verdades de la fe en todo lugar, en toda circunstancia. En la conferencia del 17 de noviembre de 1656, recuerda que \u00e9sa era la pr\u00e1ctica de toda la compa\u00f1\u00eda en sus comienzos, y llama la atenci\u00f3n a sus misioneros contra un posible relajamiento.<\/p>\n<p>&#8211; <strong>\u00abNo debemos dejar pasar ninguna ocasi\u00f3n\u00bb<\/strong><\/p>\n<p><strong><em>\u00abVoy a decir lo mismo que han dicho ya nuestros pobres Hermanos; yo no s\u00e9 actualmente c\u00f3mo se porta cada uno en esto; me pasa lo mismo que cuando voy a la ciudad y tengo que entrar en una casa: tengo que subir al despacho o entrar en el sal\u00f3n; por eso, ustedes, Padres, que van a misionar al campo, pueden ver ahora las cosas mejor que yo. <\/em><\/strong><strong><em>Pero s\u00e9 muy bien c\u00f3mo se hac\u00eda esto al comienzo de la Compa\u00f1\u00eda, y c\u00f3mo segu\u00edamos exactamente la pr\u00e1ctica de no dejar que pasase ninguna ocasi\u00f3n de ense\u00f1ar a un pobre, si ve\u00edamos, que lo necesitaba, fueran los sacerdotes, los cl\u00e9rigos que hab\u00eda entonces o los hermanos coadjutores, cuando iban o ven\u00edan de alg\u00fan sitio. Si se encontraban con alg\u00fan pobre, con alg\u00fan ni\u00f1o, con alg\u00fan buen hombre hablaban con \u00e9l, ve\u00edan si sab\u00eda los misterios necesarios para la salvaci\u00f3n; y si se daban cuenta de que no los sab\u00eda, se los ense\u00f1aban. No s\u00e9 si ahora son todos tan cuidadosos en observar esta santa pr\u00e1ctica; me refiero a los que van al campo, cuando llegan a alguna posada o por el camino Si es as\u00ed, enhorabuena; habr\u00e1 que agradec\u00e9rselo a Dios, y pedir que persevere en ello nuestra Compa\u00f1\u00eda; si no, si se advierte cierto relajamiento, habr\u00e1 que pedirle a Dios la gracia de levantamos\u00bb.<\/em><\/strong><\/p>\n<p><strong><em>\u00abPor lo que se refiere al segundo punto, de cu\u00e1les son las ventajas que se siguen del ejercicio de esta santa costumbre, son muy grandes; por el contrario, los que no sean fieles a ella est\u00e1n en peligro de cometer males importantes. Y hablo de males importantes porque, como muy bien ha dicho el que ya ha hablado, se puede matar a una persona de dos maneras: o hiri\u00e9ndole y d\u00e1ndole el golpe de muerte, o no d\u00e1ndole lo que necesita para poder vivir; de forma que, fijaos, es una falta muy grande, si se ve que el pr\u00f3jimo no posee la debida instrucci\u00f3n de los misterios necesarios para la salvaci\u00f3n, no ense\u00f1\u00e1rselos cuando se puede. Y lo que nos debe incitar a esto m\u00e1s todav\u00eda es lo que dicen san Agust\u00edn, santo Tom\u00e1s y san Atanasio, que los que no conozcan expl\u00edcitamente los misterios de la Trinidad y de la Encarnaci\u00f3n no podr\u00e1n salvarse. <\/em><\/strong><strong><em>\u00c9sa es su opini\u00f3n. <\/em><\/strong><strong><em>S\u00e9 muy bien que hay otros doctores que no son tan rigurosos y que defienden lo contrario, puesto que, seg\u00fan dicen, es muy duro ver que un pobre hombre, por ejemplo, que haya vivido bien, se condene por no haberse encontrado con nadie que le ense\u00f1e esos misterios. <\/em><\/strong><strong><em>Pues bien, en la duda, Padres y Hermanos m\u00edos, ser\u00e1 siempre un acto de mucha caridad para nosotros, si instrui-mos a esas pobres personas, sean quienes fueren, y no debemos desaprovechar ocasi\u00f3n alguna de hacer lo que podamos\u00bb<\/em><\/strong> (XI, 266-268).<\/p>\n<h2>III. Evangelizar de palabra y con obras<\/h2>\n<p>Tributario del ambiente de cristiandad del siglo XVII, san Vicente empieza por considerar la evangelizaci\u00f3n de los pobres, a la manera de la Iglesia de su tiempo. Su iniciativa misionera parece limitarse a unos actos cultuales: predicaci\u00f3n, catequesis, confesiones generales.<\/p>\n<p>&#8211; <strong>\u00abInducirles a que hagan una buena confesi\u00f3n general\u00bb<\/strong><\/p>\n<p>El 17 de abril de 1625, el contrato de fundaci\u00f3n define as\u00ed el fin de la Compa\u00f1\u00eda:<\/p>\n<p style=\"padding-left: 30px\"><strong><em>\u00abPara que, con el benepl\u00e1cito de los prelados en sus respectivas di\u00f3cesis se dedicasen por entero y exclusivamente a la salvaci\u00f3n del pueblo pobre, yendo de aldea en aldea a sus pro\u00adpias expensas, predicando, instruyendo, exhortando y catequizando a esas pobres gentes y movi\u00e9ndolas a hacer una buena confesi\u00f3n general de toda su vida pasada \u00ab<\/em><\/strong> (X, 238).<\/p>\n<p>&#8211; <strong>\u00abPor no saber las cosas necesarias\u00bb<\/strong><\/p>\n<p>En 1631, a Francisco Du Coudray:<\/p>\n<p style=\"padding-left: 30px\"><strong><em>\u00abEs preciso que haga entender que el pobre pueblo se condena, por no saber las cosas nece\u00adsarias para la salvaci\u00f3n y no confesarse. Si Su Santidad supiera esta necesidad, no tendr\u00eda descanso hasta hacer todo lo posible para poner orden en ello; y que ha sido el conoci\u00admiento que de esto se ha tenido lo que ha hecho erigir la Compa\u00f1\u00eda para poner remedio de alguna manera a ello\u00bb<\/em><\/strong> (I, 176-177).<\/p>\n<p>&#8211; <strong>\u00abPredicar, catequizar y hacer que hagan confesi\u00f3n general\u00bb<\/strong><\/p>\n<p>En 1635, a Clemente de Bonzi, obispo de B\u00e9ziers:<\/p>\n<p style=\"padding-left: 30px\"><strong><em>\u00abLe dir\u00e9, Monse\u00f1or: primero, nosotros estamos por entero bajo la obediencia de nuestros se\u00f1ores los prelados para ir a todos los lugares de sus di\u00f3cesis, adonde quieran enviarnos a predicar, catequizar y hacer que el pobre pueblo haga la confesi\u00f3n general\u00bb<\/em><\/strong> (I, 341).<\/p>\n<p>La conferencia del 6 de diciembre de 1658 sobre la finalidad de la Congregaci\u00f3n nos revela cu\u00e1l fue la evoluci\u00f3n de san Vicente: no se trata s\u00f3lo de ense\u00f1ar a los pobres, era preciso adem\u00e1s asistirlos de todas las maneras posibles. La experiencia de Ch\u00e1tillon fue un hito para \u00e9l. Este hombre muy sensible qued\u00f3 anonadado por la situaci\u00f3n miserable de Francia; traza un cuadro conmovedor en muchas de sus cartas: la miseria de los enfermos, la desgracia de los galeotes, la espantosa situaci\u00f3n de los ni\u00f1os abandonados, la cantidad de miserias producidas por las revueltas, la Fronda, las guerras. Esta situaci\u00f3n de miseria es para \u00e9l la llamada de Dios y le lleva a con\u00adcebir la evangelizaci\u00f3n de forma m\u00e1s amplia y exigente.<\/p>\n<p>&#8211; <strong>\u00abEvangelizar de palabra y con obras\u00bb<\/strong><\/p>\n<p style=\"padding-left: 30px\"><strong><em>\u00abPero, \u00bfpara qu\u00e9, me dir\u00e1 alguno, encargarse de un hospital? Ah\u00ed est\u00e1n esos pobres del Nombre de Jes\u00fas que nos trastornan: hay que ir a decirles misa, a instruirles, a administrarles los sacramentos y a ocuparnos de todas sus cosas; y \u00bfpor qu\u00e9 hemos de ir hasta la frontera a distribuirles limosnas, exponi\u00e9ndonos a muchos peligros y apart\u00e1ndonos de nuestras funciones? Padres, es posible criticar estas buenas obras sin ser un imp\u00edo. Si los sacerdotes se dedican al cuidado de los pobres, \u00bfno fue tambi\u00e9n \u00e9ste el oficio de nuestro Se\u00f1or y de muchos grandes santos, que no s\u00f3lo recomendaron el cuidado de los pobres, sino que los consolaron, animaron y cuidaron ellos mismos? \u00bfNo son hermanos nuestros? Y si los sacerdotes los abandonan, \u00bfqui\u00e9n quer\u00e9is que les asista? De modo que, si hay algunos de entre nosotros que crean que est\u00e1n en la Misi\u00f3n para evangelizar a los pobres y no para cuidarlos, para remediar sus necesidades espirituales y no las temporales, les dir\u00e9 que tenemos que asistirles y hacer que les asistan de todas las maneras, nosotros y los dem\u00e1s, si queremos o\u00edr esas agradables palabras del soberano Juez de vivos y de muertos: \u00abVenid, benditos de mi Padre; poseed el reino que os est\u00e1 preparado, porque tuve hambre y me disteis de comer; estaba desnudo y me vestisteis; enfermo y me cuidasteis\u00bb. Hacer esto es evangelizar de palabra y de obra; es lo m\u00e1s perfecto; y es lo que nuestro Se\u00f1or practic\u00f3 y tienen que practicar los que lo representan en la tierra, por su cargo y por su car\u00e1cter, como son los sacerdotes. <\/em><\/strong><strong><em>Y he o\u00eddo decir que lo que ayudaba a los obispos a hacerse santos era la limosna\u00bb<\/em><\/strong> (XI, 393-394).<\/p>\n<p>Las informaciones que los misioneros env\u00edan a san Vicente acerca de sus actividades indican claramente que era por ese doble camino, \u00abde palabra y de obra\u00bb, c\u00f3mo trataba de comprometer a toda la Compa\u00f1\u00eda.<\/p>\n<p style=\"padding-left: 30px\"><strong><em>\u00abHemos hecho la visita a los pobres de este lugar y de las dem\u00e1s aldeas de este valle, donde las calamidades que hemos visto sobrepasan a todo cuanto se le haya podido decir; por todas partes no se ven m\u00e1s que enfermos. Tenemos a m\u00e1s de mil doscientos, adem\u00e1s de otros seiscientos que van desfalleciendo, todos ellos distribuidos por m\u00e1s de treinta aldeas arruinadas\u00bb<\/em><\/strong> (IV, 106).<\/p>\n<p style=\"padding-left: 30px\"><strong><em>\u00abEn muchas de las ciudades arruinadas los habitantes m\u00e1s importantes se encuentran en una vergonzosa necesidad. La palidez de sus rostros demuestra bien a las claras cu\u00e1l es la necesidad y c\u00f3mo es preciso socorrerles en secreto\u00bb<\/em><\/strong><\/p>\n<p style=\"padding-left: 30px\"><strong><em>\u00abY lo que es m\u00e1s digno de l\u00e1grimas es que no solamente el pobre pueblo de estas fronteras carece de pan, de le\u00f1a, de ropa, de mantas, sino que se encuentran sin pastores y sin los socorros espirituales. Nosotros hacemos lo que podemos, pero es un trabajo inmenso; hay que ir y venir continuamente, expuestos al peligro de los bandoleros, para asistir a m\u00e1s de mil trescientos enfermos de los que nos hemos cuidado en esta comarca\u00bb<\/em><\/strong> (IV, 107-108).<\/p>\n<p style=\"padding-left: 30px\"><strong><em>\u00abYa hemos repartido los ornamentos por las iglesias, y mantas y la ropa entre los enfermos. <\/em><\/strong><strong><em>No podr\u00edamos decir la impresi\u00f3n que todo esto ha producido en todas estas fronteras, en donde no se habla m\u00e1s que de esta caridad. <\/em><\/strong><strong><em>Nuestros obreros han cuidado tan bien de los enfermos que, gracias a Dios, de quinientos que hab\u00eda solamente en la ciudad de Guisa, han curado m\u00e1s de trescientos; y en cuarenta aldeas de los alrededores de La\u00f3n ha habido tantos que se han restablecido por completo que costar\u00eda trabajo encontrar a seis pobres que no est\u00e9n en disposici\u00f3n de poder ganarse la vida; nos hemos cre\u00eddo obligados a buscarles los medios para ello, reparti\u00e9ndoles hachas, podaderas y ruecas, para hacer trabajar a los hombres y a las mujeres, que de este modo no resultar\u00e1n una carga para nadie, si sobreviene alguna otra calamidad que los reduzca a la misma miseria. Tambi\u00e9n hemos repartido los granos que han enviado de Par\u00eds a esta comarca. Entregamos doscientas libras mensuales para sost\u00e9n de varios sacerdotes pobres\u00bb<\/em><\/strong> (IV, 129-130).<\/p>\n<p>Si san Vicente recuerda a los misioneros que asistir a los pobres de todas las mane-ras es obra de evangelizaci\u00f3n, exige a las Hijas de la Caridad, m\u00e1s comprometidas en el servicio corporal de los pobres, que no se olviden de ense\u00f1ar, siempre que sea posi\u00adble, las verdades de la fe.<\/p>\n<p>&#8211; <strong>\u00abEsto es lo que tienen ustedes m\u00e1s que\u00bb<\/strong><\/p>\n<p style=\"padding-left: 30px\"><strong><em>\u00abEl amor de las Hijas de la Caridad no es solamente tierno; es efectivo, porque sirven efec\u00adtivamente a los pobres, corporal y espiritualmente. <\/em><\/strong><strong><em>Est\u00e1is obligadas a ense\u00f1arles a vivir bien; lo repito, Hermanas, a vivir bien, es lo que os distingue de otras muchas religiosas, que est\u00e1n solamente para el cuerpo y no les dicen a los enfermos ninguna palabra buena; hay muchas as\u00ed. Pero \u00a1Dios m\u00edo!, no hablemos de \u00e9sas; bien, \u00a1Salvador m\u00edo!, la Hija de la Caridad no tiene que tener solamente cuidado de la asistencia corporal de los enfermos pobres; a diferencia de muchas otras tiene que instruir a los pobres. <\/em><\/strong><strong><em>Esto es lo que ten\u00e9is sobre las religiosas del H\u00f3tel-Dieu y de la Plaza Real; y tambi\u00e9n que vais a buscarlos a sus casas, lo cual no se ha hecho nunca hasta ahora, puesto que las otras se contentan con reci\u00adbir a los que Dios les env\u00eda. Por consiguiente, ten\u00e9is que llevar a los pobres enfermos dos clases de comida: la corpo\u00adral y la espiritual. Hermanas m\u00edas, desde toda la eternidad estabais destinadas a servir a los pobres de la misma manera que nuestro Se\u00f1or lo hizo\u00bb<\/em><\/strong> (IX, 534-535).<\/p>\n<h2 style=\"text-align: justify\">IV. Evangelizar: \u00bfanunciar el evangelio o encontrar a Jesucristo?<\/h2>\n<p>El descubrimiento de nuevos pa\u00edses fue para el Occidente cristiano una exigencia misionera. El Evangelio hay que llevarlo a todos los pueblos que no lo han o\u00eddo nunca. La Iglesia del siglo XVII es plenamente consciente de que lo tiene que anun\u00adciar. San Vicente comparte profundamente esa \u00f3ptica. Pero se le impone otra eviden\u00adcia: el pobre no es solamente quien lo recibe, es tambi\u00e9n quien interpela y quien reve\u00adla. La evangelizaci\u00f3n se convierte as\u00ed, al mismo tiempo, en anuncio y en encuentro con Jesucristo.<\/p>\n<p>&#8211; <strong>\u00abAnunciar su santo evangelio\u00bb<\/strong><\/p>\n<p style=\"padding-left: 30px\"><strong><em>\u00abEntregu\u00e9monos a Dios, Padres, para ir por toda la tierra a llevar su santo Evangelio; y en cualquier sitio donde \u00c9l nos coloque, sepamos mantener nuestro puesto y nuestras pr\u00e1cti\u00adcas hasta que quiera su divina voluntad sacarnos de all\u00ed. <\/em><\/strong><strong><em>Que no nos arredren las dificulta\u00addes; se trata de la gloria del Padre eterno y de la eficacia de la palabra y de la pasi\u00f3n de su Hijo. La salvaci\u00f3n de los pueblos y nuestra propia salvaci\u00f3n son un beneficio tan grande que merece cualquier esfuerzo, a cualquier precio que sea; no importa que muramos antes, con tal de que muramos con las armas en la mano; seremos entonces m\u00e1s felices, y la Com\u00adpa\u00f1\u00eda no ser\u00e1 por ello m\u00e1s pobre, ya que \u00absanguis martyrum semen est christianorum\u00bb. Por un misionero que haya dado su vida por caridad, la bondad de Dios suscitar\u00e1 otros muchos que har\u00e1n el bien que el primero haya dejado de hacer\u00bb<\/em><\/strong> (XI, 290).<\/p>\n<p>&#8211; <strong>\u00abAll\u00ed encontrar\u00e1n a Dios\u00bb<\/strong><\/p>\n<p style=\"padding-left: 30px\"><strong><em>\u00abOtro motivo, como ha dicho una Hermana, (ved, Hijas m\u00edas, c\u00f3mo no hablo m\u00e1s que por medio de vosotras) es que, al servir a los pobres, se sirve a Jesucristo. <\/em><\/strong><strong><em>Hijas m\u00edas, \u00a1cu\u00e1nta verdad es esto! Serv\u00eds a Jesucristo en la persona de los pobres. Y esto es tan verdad como que estamos aqu\u00ed. Una Hermana ir\u00e1 diez veces cada d\u00eda a ver a los enfermos, y diez veces cada d\u00eda encontrar\u00e1 en ellos a Dios. <\/em><\/strong><strong><em>Como dice san Agust\u00edn, lo que vemos no es tan seguro, porque nuestros sentidos pueden enga\u00f1arse; pero las verdades de Dios no enga\u00f1an jam\u00e1s. <\/em><\/strong><strong><em>Id a ver a los pobres condenados a cadena perpetua, y en ellos encontrar\u00e9is a Dios. \u00a1Hijas m\u00edas, cu\u00e1n admirable es esto! Vais a unas casas muy pobres, pero all\u00ed encontr\u00e1is a Dios. Hijas m\u00edas, una vez m\u00e1s, \u00a1cu\u00e1n admirable es esto! <\/em><\/strong><strong><em>S\u00ed, Dios acoge con agrado el servicio que hac\u00e9is a esos enfermos y lo considera, como hab\u00e9is dicho, hecho a El mismo\u00bb<\/em><\/strong> (LX, 240).<\/p>\n<h2 style=\"text-align: justify\">V.- Cuestiones para la reflexi\u00f3n y el di\u00e1logo<\/h2>\n<p style=\"text-align: justify\"><strong>1. Superando un plan s\u00f3lo cultual, poco a poco, san Vicente lleg\u00f3 a no separar nunca el servicio corporal y espiritual de los pobres: \u00abEvangelizar de palabra y de obra\u00bb. Las Constituciones hablan de \u00abpromoci\u00f3n humana y cristiana\u00bb.<\/strong><\/p>\n<ul style=\"text-align: justify\">\n<li>\u00bfQu\u00e9 quiere decir para nosotros la palabra evangelizar?<\/li>\n<li>\u00bfC\u00f3mo conciliamos la construcci\u00f3n del mundo, el testimonio de nuestra fe y el anuncio de la Buena Noticia?<\/li>\n<\/ul>\n<p style=\"text-align: justify\"><strong>2. Para san Vicente anunciar a Jesucristo es, al mismo tiempo, encontrarlo en la persona del pobre.<\/strong><\/p>\n<ul>\n<li>\u00bfEstamos bastante atentos, en la fe, a los signos m\u00faltiples de la acci\u00f3n del Esp\u00edritu de Dios en el mundo donde vivimos?<\/li>\n<\/ul>\n","protected":false},"excerpt":{"rendered":"<p>I.- Introducci\u00f3n Pacificada por el buen rey Enrique, Francia, cuando san Vicente inici\u00f3 sus actividades apost\u00f3licas, s\u00f3lo hab\u00eda logrado el silencio de las armas. La unanimidad religiosa no era m\u00e1s que un recuerdo lejano, y &#8230; <a href=\"http:\/\/vincentians.com\/es\/san-vicente-de-paul-y-la-evangelizacion\/\" class=\"more-link\">Read More<\/a><\/p>\n","protected":false},"author":4,"featured_media":47524,"comment_status":"open","ping_status":"open","sticky":false,"template":"","format":"standard","meta":{"jetpack_post_was_ever_published":false,"_jetpack_newsletter_access":"","_jetpack_dont_email_post_to_subs":false,"_jetpack_newsletter_tier_id":0,"_jetpack_memberships_contains_paywalled_content":false,"_jetpack_memberships_contains_paid_content":false,"footnotes":"","jetpack_publicize_message":"","jetpack_publicize_feature_enabled":true,"jetpack_social_post_already_shared":true,"jetpack_social_options":{"image_generator_settings":{"template":"highway","default_image_id":0,"font":"","enabled":false},"version":2}},"categories":[28],"tags":[173,124,175,145,119,153],"class_list":["post-47819","post","type-post","status-publish","format-standard","has-post-thumbnail","hentry","category-formacion-vicenciana","tag-chatillon-les-dombes","tag-du-coudray","tag-folleville","tag-gannes","tag-gondi","tag-lebreton"],"yoast_head":"<!-- This site is optimized with the Yoast SEO plugin v26.3 - https:\/\/yoast.com\/wordpress\/plugins\/seo\/ -->\n<title>San Vicente de Pa\u00fal y la evangelizaci\u00f3n - Somos Vicencianos<\/title>\n<meta name=\"robots\" content=\"index, follow, max-snippet:-1, max-image-preview:large, max-video-preview:-1\" \/>\n<link rel=\"canonical\" href=\"https:\/\/vincentians.com\/es\/san-vicente-de-paul-y-la-evangelizacion\/\" \/>\n<meta property=\"og:locale\" content=\"es_ES\" \/>\n<meta property=\"og:type\" content=\"article\" \/>\n<meta property=\"og:title\" content=\"San Vicente de Pa\u00fal y la evangelizaci\u00f3n - Somos Vicencianos\" \/>\n<meta property=\"og:description\" content=\"I.- Introducci\u00f3n Pacificada por el buen rey Enrique, Francia, cuando san Vicente inici\u00f3 sus actividades apost\u00f3licas, s\u00f3lo hab\u00eda logrado el silencio de las armas. La unanimidad religiosa no era m\u00e1s que un recuerdo lejano, y ... Read More\" \/>\n<meta property=\"og:url\" content=\"https:\/\/vincentians.com\/es\/san-vicente-de-paul-y-la-evangelizacion\/\" \/>\n<meta property=\"og:site_name\" content=\"Somos Vicencianos\" \/>\n<meta property=\"article:publisher\" content=\"https:\/\/www.facebook.com\/WeAreVincentians\/\" \/>\n<meta property=\"article:author\" content=\"https:\/\/www.facebook.com\/JavierChento\" \/>\n<meta property=\"article:published_time\" content=\"2015-02-24T05:00:22+00:00\" \/>\n<meta property=\"article:modified_time\" content=\"2016-07-26T17:17:53+00:00\" \/>\n<meta name=\"author\" content=\"Francisco Javier Fern\u00e1ndez Chento\" \/>\n<meta name=\"twitter:card\" content=\"summary_large_image\" \/>\n<meta name=\"twitter:creator\" content=\"@https:\/\/twitter.com\/javierchento\" \/>\n<meta name=\"twitter:site\" content=\"@WeVincentians\" \/>\n<meta name=\"twitter:label1\" content=\"Escrito por\" \/>\n\t<meta name=\"twitter:data1\" content=\"Francisco Javier Fern\u00e1ndez Chento\" \/>\n\t<meta name=\"twitter:label2\" content=\"Tiempo de lectura\" \/>\n\t<meta name=\"twitter:data2\" content=\"19 minutos\" \/>\n<script type=\"application\/ld+json\" class=\"yoast-schema-graph\">{\"@context\":\"https:\/\/schema.org\",\"@graph\":[{\"@type\":\"Article\",\"@id\":\"https:\/\/vincentians.com\/es\/san-vicente-de-paul-y-la-evangelizacion\/#article\",\"isPartOf\":{\"@id\":\"https:\/\/vincentians.com\/es\/san-vicente-de-paul-y-la-evangelizacion\/\"},\"author\":{\"name\":\"Francisco Javier Fern\u00e1ndez Chento\",\"@id\":\"https:\/\/vincentians.com\/es\/#\/schema\/person\/9623ef4d9aa3b2dfb8c061f1499288f2\"},\"headline\":\"San Vicente de Pa\u00fal y la evangelizaci\u00f3n\",\"datePublished\":\"2015-02-24T05:00:22+00:00\",\"dateModified\":\"2016-07-26T17:17:53+00:00\",\"mainEntityOfPage\":{\"@id\":\"https:\/\/vincentians.com\/es\/san-vicente-de-paul-y-la-evangelizacion\/\"},\"wordCount\":3787,\"commentCount\":0,\"publisher\":{\"@id\":\"https:\/\/vincentians.com\/es\/#organization\"},\"image\":{\"@id\":\"https:\/\/vincentians.com\/es\/san-vicente-de-paul-y-la-evangelizacion\/#primaryimage\"},\"thumbnailUrl\":\"\",\"keywords\":[\"Chatillon\",\"Du Coudray\",\"Folleville\",\"Gannes\",\"Gondi\",\"Lebreton\"],\"articleSection\":[\"Formaci\u00f3n Vicenciana\"],\"inLanguage\":\"es\",\"potentialAction\":[{\"@type\":\"CommentAction\",\"name\":\"Comment\",\"target\":[\"https:\/\/vincentians.com\/es\/san-vicente-de-paul-y-la-evangelizacion\/#respond\"]}]},{\"@type\":\"WebPage\",\"@id\":\"https:\/\/vincentians.com\/es\/san-vicente-de-paul-y-la-evangelizacion\/\",\"url\":\"https:\/\/vincentians.com\/es\/san-vicente-de-paul-y-la-evangelizacion\/\",\"name\":\"San Vicente de Pa\u00fal y la evangelizaci\u00f3n - Somos Vicencianos\",\"isPartOf\":{\"@id\":\"https:\/\/vincentians.com\/es\/#website\"},\"primaryImageOfPage\":{\"@id\":\"https:\/\/vincentians.com\/es\/san-vicente-de-paul-y-la-evangelizacion\/#primaryimage\"},\"image\":{\"@id\":\"https:\/\/vincentians.com\/es\/san-vicente-de-paul-y-la-evangelizacion\/#primaryimage\"},\"thumbnailUrl\":\"\",\"datePublished\":\"2015-02-24T05:00:22+00:00\",\"dateModified\":\"2016-07-26T17:17:53+00:00\",\"breadcrumb\":{\"@id\":\"https:\/\/vincentians.com\/es\/san-vicente-de-paul-y-la-evangelizacion\/#breadcrumb\"},\"inLanguage\":\"es\",\"potentialAction\":[{\"@type\":\"ReadAction\",\"target\":[\"https:\/\/vincentians.com\/es\/san-vicente-de-paul-y-la-evangelizacion\/\"]}]},{\"@type\":\"ImageObject\",\"inLanguage\":\"es\",\"@id\":\"https:\/\/vincentians.com\/es\/san-vicente-de-paul-y-la-evangelizacion\/#primaryimage\",\"url\":\"\",\"contentUrl\":\"\"},{\"@type\":\"BreadcrumbList\",\"@id\":\"https:\/\/vincentians.com\/es\/san-vicente-de-paul-y-la-evangelizacion\/#breadcrumb\",\"itemListElement\":[{\"@type\":\"ListItem\",\"position\":1,\"name\":\"Portada\",\"item\":\"https:\/\/vincentians.com\/es\/\"},{\"@type\":\"ListItem\",\"position\":2,\"name\":\"San Vicente de Pa\u00fal y la evangelizaci\u00f3n\"}]},{\"@type\":\"WebSite\",\"@id\":\"https:\/\/vincentians.com\/es\/#website\",\"url\":\"https:\/\/vincentians.com\/es\/\",\"name\":\"Somos Vicencianos\",\"description\":\"Know more to serve more\",\"publisher\":{\"@id\":\"https:\/\/vincentians.com\/es\/#organization\"},\"potentialAction\":[{\"@type\":\"SearchAction\",\"target\":{\"@type\":\"EntryPoint\",\"urlTemplate\":\"https:\/\/vincentians.com\/es\/?s={search_term_string}\"},\"query-input\":{\"@type\":\"PropertyValueSpecification\",\"valueRequired\":true,\"valueName\":\"search_term_string\"}}],\"inLanguage\":\"es\"},{\"@type\":\"Organization\",\"@id\":\"https:\/\/vincentians.com\/es\/#organization\",\"name\":\"The Vincentian Network\",\"url\":\"https:\/\/vincentians.com\/es\/\",\"logo\":{\"@type\":\"ImageObject\",\"inLanguage\":\"es\",\"@id\":\"https:\/\/vincentians.com\/es\/#\/schema\/logo\/image\/\",\"url\":\"https:\/\/i1.wp.com\/vincentians.com\/es\/wp-content\/uploads\/sites\/11\/2016\/06\/Vincentian-Network-logo-big.png?fit=778%2C778\",\"contentUrl\":\"https:\/\/i1.wp.com\/vincentians.com\/es\/wp-content\/uploads\/sites\/11\/2016\/06\/Vincentian-Network-logo-big.png?fit=778%2C778\",\"width\":778,\"height\":778,\"caption\":\"The Vincentian Network\"},\"image\":{\"@id\":\"https:\/\/vincentians.com\/es\/#\/schema\/logo\/image\/\"},\"sameAs\":[\"https:\/\/www.facebook.com\/WeAreVincentians\/\",\"https:\/\/x.com\/WeVincentians\"]},{\"@type\":\"Person\",\"@id\":\"https:\/\/vincentians.com\/es\/#\/schema\/person\/9623ef4d9aa3b2dfb8c061f1499288f2\",\"name\":\"Francisco Javier Fern\u00e1ndez Chento\",\"image\":{\"@type\":\"ImageObject\",\"inLanguage\":\"es\",\"@id\":\"https:\/\/vincentians.com\/es\/#\/schema\/person\/image\/\",\"url\":\"https:\/\/secure.gravatar.com\/avatar\/497d5cde87b4c3d097d0315953521681ba2cd523ee66e5077c3711f7021e65de?s=96&d=mm&r=g\",\"contentUrl\":\"https:\/\/secure.gravatar.com\/avatar\/497d5cde87b4c3d097d0315953521681ba2cd523ee66e5077c3711f7021e65de?s=96&d=mm&r=g\",\"caption\":\"Francisco Javier Fern\u00e1ndez Chento\"},\"description\":\"Director General y cofundador de La Red de Formaci\u00f3n Vicenciana. Javier es laico vicenciano, afiliado a la Congregaci\u00f3n de la Misi\u00f3n y miembro del Equipo de Misiones Populares de la provincia can\u00f3nica de Zaragoza (Espa\u00f1a) de la Congregaci\u00f3n de la Misi\u00f3n. Graduado en la Universidad Oberta de Catalunya con cuatro grados (Asistente de direcci\u00f3n, Gesti\u00f3n Administrativa, Recursos Humanos y Contabilidad Avanzada). Bil\u00edng\u00fce Espa\u00f1ol\/Ingl\u00e9s. gestiona y mantiene varias p\u00e1ginas web cristianas y vicencianas, incluida including La Red de Formaci\u00f3n Vicenciana, de la que es cofundador. Actualmente es responsable del \u00e1rea de Espa\u00f1ol de .famvin, la Red de Noticias de la Familia Vicenciana. Tambi\u00e9n es m\u00fasico cat\u00f3lico y ha editado varios discos. Es Director General y cofundador de Trovador, una reconocida compa\u00f1\u00eda discogr\u00e1fica critiana de Espa\u00f1a. Trabaja en las Tecnolog\u00edas de la Informaci\u00f3n, ofreciendo servicios de alojamiento, dise\u00f1o y mantenimiento Web, as\u00ed como asesoramiento, formaci\u00f3n y soluciones inform\u00e1ticas, gesti\u00f3n documental y digitalizaci\u00f3n de textos, edici\u00f3n y maquetaci\u00f3n de libros, revistas, flyers, etc.\",\"sameAs\":[\"http:\/\/chento.org\",\"https:\/\/www.facebook.com\/JavierChento\",\"https:\/\/x.com\/https:\/\/twitter.com\/javierchento\"],\"url\":\"http:\/\/vincentians.com\/es\/author\/chento\/\"}]}<\/script>\n<!-- \/ Yoast SEO plugin. -->","yoast_head_json":{"title":"San Vicente de Pa\u00fal y la evangelizaci\u00f3n - Somos Vicencianos","robots":{"index":"index","follow":"follow","max-snippet":"max-snippet:-1","max-image-preview":"max-image-preview:large","max-video-preview":"max-video-preview:-1"},"canonical":"https:\/\/vincentians.com\/es\/san-vicente-de-paul-y-la-evangelizacion\/","og_locale":"es_ES","og_type":"article","og_title":"San Vicente de Pa\u00fal y la evangelizaci\u00f3n - Somos Vicencianos","og_description":"I.- Introducci\u00f3n Pacificada por el buen rey Enrique, Francia, cuando san Vicente inici\u00f3 sus actividades apost\u00f3licas, s\u00f3lo hab\u00eda logrado el silencio de las armas. La unanimidad religiosa no era m\u00e1s que un recuerdo lejano, y ... Read More","og_url":"https:\/\/vincentians.com\/es\/san-vicente-de-paul-y-la-evangelizacion\/","og_site_name":"Somos Vicencianos","article_publisher":"https:\/\/www.facebook.com\/WeAreVincentians\/","article_author":"https:\/\/www.facebook.com\/JavierChento","article_published_time":"2015-02-24T05:00:22+00:00","article_modified_time":"2016-07-26T17:17:53+00:00","author":"Francisco Javier Fern\u00e1ndez Chento","twitter_card":"summary_large_image","twitter_creator":"@https:\/\/twitter.com\/javierchento","twitter_site":"@WeVincentians","twitter_misc":{"Escrito por":"Francisco Javier Fern\u00e1ndez Chento","Tiempo de lectura":"19 minutos"},"schema":{"@context":"https:\/\/schema.org","@graph":[{"@type":"Article","@id":"https:\/\/vincentians.com\/es\/san-vicente-de-paul-y-la-evangelizacion\/#article","isPartOf":{"@id":"https:\/\/vincentians.com\/es\/san-vicente-de-paul-y-la-evangelizacion\/"},"author":{"name":"Francisco Javier Fern\u00e1ndez Chento","@id":"https:\/\/vincentians.com\/es\/#\/schema\/person\/9623ef4d9aa3b2dfb8c061f1499288f2"},"headline":"San Vicente de Pa\u00fal y la evangelizaci\u00f3n","datePublished":"2015-02-24T05:00:22+00:00","dateModified":"2016-07-26T17:17:53+00:00","mainEntityOfPage":{"@id":"https:\/\/vincentians.com\/es\/san-vicente-de-paul-y-la-evangelizacion\/"},"wordCount":3787,"commentCount":0,"publisher":{"@id":"https:\/\/vincentians.com\/es\/#organization"},"image":{"@id":"https:\/\/vincentians.com\/es\/san-vicente-de-paul-y-la-evangelizacion\/#primaryimage"},"thumbnailUrl":"","keywords":["Chatillon","Du Coudray","Folleville","Gannes","Gondi","Lebreton"],"articleSection":["Formaci\u00f3n Vicenciana"],"inLanguage":"es","potentialAction":[{"@type":"CommentAction","name":"Comment","target":["https:\/\/vincentians.com\/es\/san-vicente-de-paul-y-la-evangelizacion\/#respond"]}]},{"@type":"WebPage","@id":"https:\/\/vincentians.com\/es\/san-vicente-de-paul-y-la-evangelizacion\/","url":"https:\/\/vincentians.com\/es\/san-vicente-de-paul-y-la-evangelizacion\/","name":"San Vicente de Pa\u00fal y la evangelizaci\u00f3n - Somos Vicencianos","isPartOf":{"@id":"https:\/\/vincentians.com\/es\/#website"},"primaryImageOfPage":{"@id":"https:\/\/vincentians.com\/es\/san-vicente-de-paul-y-la-evangelizacion\/#primaryimage"},"image":{"@id":"https:\/\/vincentians.com\/es\/san-vicente-de-paul-y-la-evangelizacion\/#primaryimage"},"thumbnailUrl":"","datePublished":"2015-02-24T05:00:22+00:00","dateModified":"2016-07-26T17:17:53+00:00","breadcrumb":{"@id":"https:\/\/vincentians.com\/es\/san-vicente-de-paul-y-la-evangelizacion\/#breadcrumb"},"inLanguage":"es","potentialAction":[{"@type":"ReadAction","target":["https:\/\/vincentians.com\/es\/san-vicente-de-paul-y-la-evangelizacion\/"]}]},{"@type":"ImageObject","inLanguage":"es","@id":"https:\/\/vincentians.com\/es\/san-vicente-de-paul-y-la-evangelizacion\/#primaryimage","url":"","contentUrl":""},{"@type":"BreadcrumbList","@id":"https:\/\/vincentians.com\/es\/san-vicente-de-paul-y-la-evangelizacion\/#breadcrumb","itemListElement":[{"@type":"ListItem","position":1,"name":"Portada","item":"https:\/\/vincentians.com\/es\/"},{"@type":"ListItem","position":2,"name":"San Vicente de Pa\u00fal y la evangelizaci\u00f3n"}]},{"@type":"WebSite","@id":"https:\/\/vincentians.com\/es\/#website","url":"https:\/\/vincentians.com\/es\/","name":"Somos Vicencianos","description":"Know more to serve more","publisher":{"@id":"https:\/\/vincentians.com\/es\/#organization"},"potentialAction":[{"@type":"SearchAction","target":{"@type":"EntryPoint","urlTemplate":"https:\/\/vincentians.com\/es\/?s={search_term_string}"},"query-input":{"@type":"PropertyValueSpecification","valueRequired":true,"valueName":"search_term_string"}}],"inLanguage":"es"},{"@type":"Organization","@id":"https:\/\/vincentians.com\/es\/#organization","name":"The Vincentian Network","url":"https:\/\/vincentians.com\/es\/","logo":{"@type":"ImageObject","inLanguage":"es","@id":"https:\/\/vincentians.com\/es\/#\/schema\/logo\/image\/","url":"https:\/\/i1.wp.com\/vincentians.com\/es\/wp-content\/uploads\/sites\/11\/2016\/06\/Vincentian-Network-logo-big.png?fit=778%2C778","contentUrl":"https:\/\/i1.wp.com\/vincentians.com\/es\/wp-content\/uploads\/sites\/11\/2016\/06\/Vincentian-Network-logo-big.png?fit=778%2C778","width":778,"height":778,"caption":"The Vincentian Network"},"image":{"@id":"https:\/\/vincentians.com\/es\/#\/schema\/logo\/image\/"},"sameAs":["https:\/\/www.facebook.com\/WeAreVincentians\/","https:\/\/x.com\/WeVincentians"]},{"@type":"Person","@id":"https:\/\/vincentians.com\/es\/#\/schema\/person\/9623ef4d9aa3b2dfb8c061f1499288f2","name":"Francisco Javier Fern\u00e1ndez Chento","image":{"@type":"ImageObject","inLanguage":"es","@id":"https:\/\/vincentians.com\/es\/#\/schema\/person\/image\/","url":"https:\/\/secure.gravatar.com\/avatar\/497d5cde87b4c3d097d0315953521681ba2cd523ee66e5077c3711f7021e65de?s=96&d=mm&r=g","contentUrl":"https:\/\/secure.gravatar.com\/avatar\/497d5cde87b4c3d097d0315953521681ba2cd523ee66e5077c3711f7021e65de?s=96&d=mm&r=g","caption":"Francisco Javier Fern\u00e1ndez Chento"},"description":"Director General y cofundador de La Red de Formaci\u00f3n Vicenciana. Javier es laico vicenciano, afiliado a la Congregaci\u00f3n de la Misi\u00f3n y miembro del Equipo de Misiones Populares de la provincia can\u00f3nica de Zaragoza (Espa\u00f1a) de la Congregaci\u00f3n de la Misi\u00f3n. Graduado en la Universidad Oberta de Catalunya con cuatro grados (Asistente de direcci\u00f3n, Gesti\u00f3n Administrativa, Recursos Humanos y Contabilidad Avanzada). Bil\u00edng\u00fce Espa\u00f1ol\/Ingl\u00e9s. gestiona y mantiene varias p\u00e1ginas web cristianas y vicencianas, incluida including La Red de Formaci\u00f3n Vicenciana, de la que es cofundador. Actualmente es responsable del \u00e1rea de Espa\u00f1ol de .famvin, la Red de Noticias de la Familia Vicenciana. Tambi\u00e9n es m\u00fasico cat\u00f3lico y ha editado varios discos. Es Director General y cofundador de Trovador, una reconocida compa\u00f1\u00eda discogr\u00e1fica critiana de Espa\u00f1a. Trabaja en las Tecnolog\u00edas de la Informaci\u00f3n, ofreciendo servicios de alojamiento, dise\u00f1o y mantenimiento Web, as\u00ed como asesoramiento, formaci\u00f3n y soluciones inform\u00e1ticas, gesti\u00f3n documental y digitalizaci\u00f3n de textos, edici\u00f3n y maquetaci\u00f3n de libros, revistas, flyers, etc.","sameAs":["http:\/\/chento.org","https:\/\/www.facebook.com\/JavierChento","https:\/\/x.com\/https:\/\/twitter.com\/javierchento"],"url":"http:\/\/vincentians.com\/es\/author\/chento\/"}]}},"jetpack_publicize_connections":[],"jetpack_featured_media_url":"","jetpack_sharing_enabled":true,"jetpack_shortlink":"https:\/\/wp.me\/p7ETMF-crh","jetpack-related-posts":[{"id":143160,"url":"http:\/\/vincentians.com\/es\/san-vicente-estudiante-y-docente-o-la-escuela-hoy-segun-san-vicente\/","url_meta":{"origin":47819,"position":0},"title":"San Vicente, estudiante y docente o la escuela hoy seg\u00fan san Vicente","author":"Francisco Javier Fern\u00e1ndez Chento","date":"16\/04\/2015","format":false,"excerpt":"Introducci\u00f3n Es evidente que desde los comienzos del siglo XVII en Francia los tiempos han cambiado y especialmente en lo que se refiere a la escuela y a la ense\u00f1anza. Se estima que en los primeros a\u00f1os del siglo XVII, los \u00be de la poblaci\u00f3n masculina y las 9\/10 de\u2026","rel":"","context":"En \u00abFormaci\u00f3n Vicenciana\u00bb","block_context":{"text":"Formaci\u00f3n Vicenciana","link":"http:\/\/vincentians.com\/es\/category\/formacion-vicenciana\/"},"img":{"alt_text":"vicentepaul","src":"https:\/\/i0.wp.com\/vicencianos.org\/wp-content\/2012\/12\/vicentepaul-235x300.jpg?resize=350%2C200","width":350,"height":200},"classes":[]},{"id":17922,"url":"http:\/\/vincentians.com\/es\/religiosos-de-san-vicente-de-paul\/","url_meta":{"origin":47819,"position":1},"title":"Religiosos de San Vicente de Pa\u00fal","author":"Francisco Javier Fern\u00e1ndez Chento","date":"27\/02\/2023","format":false,"excerpt":"Queridos hermanos y hermanas de la Familia Vicenciana, permitidme presentaros a los Religiosos de San Vicente de Pa\u00fal. Hermanos y sacerdotes, los Religiosos de San Vicente de Pa\u00fal (anteriormente llamados Hermanos de San Vicente de Pa\u00fal) constituyen una congregaci\u00f3n de derecho pontificio cuyas constituciones, despu\u00e9s del Concilio Vaticano II, fueron\u2026","rel":"","context":"En \u00abReligiosos de san Vicente de Pa\u00fal\u00bb","block_context":{"text":"Religiosos de san Vicente de Pa\u00fal","link":"http:\/\/vincentians.com\/es\/category\/la-familia-vicenciana\/ramas\/religiosos-de-san-vicente-de-paul\/"},"img":{"alt_text":"","src":"https:\/\/i0.wp.com\/vincentians.com\/es\/wp-content\/uploads\/sites\/11\/2013\/05\/d.jpg?fit=1200%2C799&resize=350%2C200","width":350,"height":200,"srcset":"https:\/\/i0.wp.com\/vincentians.com\/es\/wp-content\/uploads\/sites\/11\/2013\/05\/d.jpg?fit=1200%2C799&resize=350%2C200 1x, https:\/\/i0.wp.com\/vincentians.com\/es\/wp-content\/uploads\/sites\/11\/2013\/05\/d.jpg?fit=1200%2C799&resize=525%2C300 1.5x, https:\/\/i0.wp.com\/vincentians.com\/es\/wp-content\/uploads\/sites\/11\/2013\/05\/d.jpg?fit=1200%2C799&resize=700%2C400 2x, https:\/\/i0.wp.com\/vincentians.com\/es\/wp-content\/uploads\/sites\/11\/2013\/05\/d.jpg?fit=1200%2C799&resize=1050%2C600 3x"},"classes":[]},{"id":117581,"url":"http:\/\/vincentians.com\/es\/he-sido-enviado-a-evangelizar-a-los-pobres\/","url_meta":{"origin":47819,"position":2},"title":"He sido enviado a evangelizar a los pobres","author":"Francisco Javier Fern\u00e1ndez Chento","date":"27\/05\/2015","format":false,"excerpt":"1.- Continuadores de la misi\u00f3n de Cristo S\u00ed, nuestro Se\u00f1or pide de nosotros que evangelicemos a los pobres: es lo que \u00e9l hizo y lo que quiere seguir haciendo por medio de nosotros (XI, 386). 1) El seguimiento de Cristo evangelizador de los pobres, fin de la Congre\u00adgaci\u00f3n (cf. C\u2026","rel":"","context":"En \u00abFormaci\u00f3n Vicenciana\u00bb","block_context":{"text":"Formaci\u00f3n Vicenciana","link":"http:\/\/vincentians.com\/es\/category\/formacion-vicenciana\/"},"img":{"alt_text":"St Vincent et Ste Louise recueillent des enfants","src":"https:\/\/i0.wp.com\/vicencianos.org\/wp-content\/2013\/02\/evangelizar_pobres-300x268.jpg?resize=350%2C200","width":350,"height":200},"classes":[]},{"id":387328,"url":"http:\/\/vincentians.com\/es\/en-el-dia-de-la-renovacion-de-las-hijas-de-la-caridad\/","url_meta":{"origin":47819,"position":3},"title":"En el d\u00eda de la Renovaci\u00f3n de las Hijas de la Caridad","author":"Francisco Javier Fern\u00e1ndez Chento","date":"04\/04\/2016","format":false,"excerpt":"En este d\u00eda grande de las Hijas de la Caridad, en el que renuevan su entrega a Dios en el servicio de los pobres, recordamos el milagro permanente de su continuidad como instituci\u00f3n en la Iglesia. Vicente de Pa\u00fal, intuitivo, buen conocedor de la psicolog\u00eda femenina, profeta de su tiempo,\u2026","rel":"","context":"En \u00abHijas de la Caridad\u00bb","block_context":{"text":"Hijas de la Caridad","link":"http:\/\/vincentians.com\/es\/category\/la-familia-vicenciana\/ramas\/hijas-de-la-caridad\/"},"img":{"alt_text":"12928361_10208098168665567_6867590138201601616_n","src":"https:\/\/i0.wp.com\/vicencianos.org\/wp-content\/uploads\/2016\/04\/12928361_10208098168665567_6867590138201601616_n.jpg?resize=350%2C200","width":350,"height":200,"srcset":"https:\/\/i0.wp.com\/vicencianos.org\/wp-content\/uploads\/2016\/04\/12928361_10208098168665567_6867590138201601616_n.jpg?resize=350%2C200 1x, https:\/\/i0.wp.com\/vicencianos.org\/wp-content\/uploads\/2016\/04\/12928361_10208098168665567_6867590138201601616_n.jpg?resize=525%2C300 1.5x, https:\/\/i0.wp.com\/vicencianos.org\/wp-content\/uploads\/2016\/04\/12928361_10208098168665567_6867590138201601616_n.jpg?resize=700%2C400 2x"},"classes":[]},{"id":38926,"url":"http:\/\/vincentians.com\/es\/espiritualidad-vicenciana-evangelizacion\/","url_meta":{"origin":47819,"position":4},"title":"Espiritualidad vicenciana: Evangelizaci\u00f3n","author":"Francisco Javier Fern\u00e1ndez Chento","date":"21\/03\/2017","format":false,"excerpt":"Introducci\u00f3n Tratar de la evangelizaci\u00f3n en san Vicente es un poco peligroso por el hecho de que se trata de un tema tan amplio y rico de matices que, en los l\u00edmites impuestos a este art\u00edculo, se arriesga uno a decir muy poco. Se impone por tanto la ne\u00adcesidad de\u2026","rel":"","context":"En \u00abEspiritualidad vicenciana\u00bb","block_context":{"text":"Espiritualidad vicenciana","link":"http:\/\/vincentians.com\/es\/category\/espiritualidad\/espiritualidad-vicenciana\/"},"img":{"alt_text":"","src":"https:\/\/i0.wp.com\/vincentians.com\/es\/wp-content\/uploads\/sites\/11\/2016\/07\/espiritualidad-vicenciana.jpg?fit=1200%2C630&resize=350%2C200","width":350,"height":200,"srcset":"https:\/\/i0.wp.com\/vincentians.com\/es\/wp-content\/uploads\/sites\/11\/2016\/07\/espiritualidad-vicenciana.jpg?fit=1200%2C630&resize=350%2C200 1x, https:\/\/i0.wp.com\/vincentians.com\/es\/wp-content\/uploads\/sites\/11\/2016\/07\/espiritualidad-vicenciana.jpg?fit=1200%2C630&resize=525%2C300 1.5x, https:\/\/i0.wp.com\/vincentians.com\/es\/wp-content\/uploads\/sites\/11\/2016\/07\/espiritualidad-vicenciana.jpg?fit=1200%2C630&resize=700%2C400 2x, https:\/\/i0.wp.com\/vincentians.com\/es\/wp-content\/uploads\/sites\/11\/2016\/07\/espiritualidad-vicenciana.jpg?fit=1200%2C630&resize=1050%2C600 3x"},"classes":[]},{"id":387863,"url":"http:\/\/vincentians.com\/es\/san-vicente-amigo-de-los-pobres-anos-de-desarrollo-1633-1653\/","url_meta":{"origin":47819,"position":5},"title":"San Vicente: Amigo de los pobres: a\u00f1os de desarrollo (1633-1653)","author":"Mitxel Olabu\u00e9naga","date":"15\/10\/2016","format":false,"excerpt":"La vida en San L\u00e1zaro Las lucecillas de las habitaciones se iban apagando una tras otra. En poco tiempo, lentamente, se extinguieron todas. Ha\u00adb\u00eda silencio absoluto en la \u00abcartuja\u00bb. Bueno, una pluma raspeaba en la celda donde permanec\u00eda encendido el \u00fanico quinqu\u00e9. Era el puesto de guardia; all\u00ed viv\u00eda el\u2026","rel":"","context":"En \u00abFormaci\u00f3n Vicenciana\u00bb","block_context":{"text":"Formaci\u00f3n Vicenciana","link":"http:\/\/vincentians.com\/es\/category\/formacion-vicenciana\/"},"img":{"alt_text":"","src":"https:\/\/i0.wp.com\/vincentians.com\/es\/wp-content\/uploads\/sites\/11\/2016\/07\/st-vincent-de-paul.jpg?fit=1200%2C630&resize=350%2C200","width":350,"height":200,"srcset":"https:\/\/i0.wp.com\/vincentians.com\/es\/wp-content\/uploads\/sites\/11\/2016\/07\/st-vincent-de-paul.jpg?fit=1200%2C630&resize=350%2C200 1x, https:\/\/i0.wp.com\/vincentians.com\/es\/wp-content\/uploads\/sites\/11\/2016\/07\/st-vincent-de-paul.jpg?fit=1200%2C630&resize=525%2C300 1.5x, https:\/\/i0.wp.com\/vincentians.com\/es\/wp-content\/uploads\/sites\/11\/2016\/07\/st-vincent-de-paul.jpg?fit=1200%2C630&resize=700%2C400 2x, https:\/\/i0.wp.com\/vincentians.com\/es\/wp-content\/uploads\/sites\/11\/2016\/07\/st-vincent-de-paul.jpg?fit=1200%2C630&resize=1050%2C600 3x"},"classes":[]}],"_links":{"self":[{"href":"http:\/\/vincentians.com\/es\/wp-json\/wp\/v2\/posts\/47819","targetHints":{"allow":["GET"]}}],"collection":[{"href":"http:\/\/vincentians.com\/es\/wp-json\/wp\/v2\/posts"}],"about":[{"href":"http:\/\/vincentians.com\/es\/wp-json\/wp\/v2\/types\/post"}],"author":[{"embeddable":true,"href":"http:\/\/vincentians.com\/es\/wp-json\/wp\/v2\/users\/4"}],"replies":[{"embeddable":true,"href":"http:\/\/vincentians.com\/es\/wp-json\/wp\/v2\/comments?post=47819"}],"version-history":[{"count":0,"href":"http:\/\/vincentians.com\/es\/wp-json\/wp\/v2\/posts\/47819\/revisions"}],"wp:featuredmedia":[{"embeddable":true,"href":"http:\/\/vincentians.com\/es\/wp-json\/"}],"wp:attachment":[{"href":"http:\/\/vincentians.com\/es\/wp-json\/wp\/v2\/media?parent=47819"}],"wp:term":[{"taxonomy":"category","embeddable":true,"href":"http:\/\/vincentians.com\/es\/wp-json\/wp\/v2\/categories?post=47819"},{"taxonomy":"post_tag","embeddable":true,"href":"http:\/\/vincentians.com\/es\/wp-json\/wp\/v2\/tags?post=47819"}],"curies":[{"name":"wp","href":"https:\/\/api.w.org\/{rel}","templated":true}]}}