{"id":47490,"date":"2011-08-01T04:39:39","date_gmt":"2011-08-01T02:39:39","guid":{"rendered":"http:\/\/somos.vicencianos.org\/?p=47490"},"modified":"2011-08-01T04:39:39","modified_gmt":"2011-08-01T02:39:39","slug":"elementos-esenciales-que-deben-estar-presentes-en-las-constituciones","status":"publish","type":"post","link":"http:\/\/vincentians.com\/es\/elementos-esenciales-que-deben-estar-presentes-en-las-constituciones\/","title":{"rendered":"Elementos esenciales que deben estar presentes en las Constituciones"},"content":{"rendered":"<h2><strong>Premisa<\/strong><\/h2>\n<p title=\"\"><a href=\"https:\/\/i0.wp.com\/vicencianos.org\/wp-content\/2011\/01\/logo_hhcc.jpg\"><img data-recalc-dims=\"1\" loading=\"lazy\" decoding=\"async\" class=\"alignright size-medium wp-image-27200\" title=\"logo_hhcc\" src=\"https:\/\/i0.wp.com\/vicencianos.org\/wp-content\/2011\/01\/logo_hhcc-219x300.jpg?resize=219%2C300\" alt=\"\" width=\"219\" height=\"300\" \/><\/a>El tema que me ha sido confiado es muy t\u00e9cnico, netamente jur\u00eddico. Me he servido de algunos estudios, pero l\u00f3gicamente el punto de referencia obligado ha sido el C\u00f3digo de Derecho Can\u00f3nico con los comentarios correspondientes, algunos documentos de la Santa Sede, en particular de la Congregaci\u00f3n para los Institutos de Vida Consagrada y Sociedades de Vida Apost\u00f3lica, y el Derecho propio de la Compa\u00f1\u00eda de las Hijas de la Caridad.<span id='easy-footnote-1-47490' class='easy-footnote-margin-adjust'><\/span><span class='easy-footnote'><a href='http:\/\/vincentians.com\/es\/elementos-esenciales-que-deben-estar-presentes-en-las-constituciones\/#easy-footnote-bottom-1-47490' title='Los documentos m\u00e1s importantes de la Santa Sede que se deben tener presentes son: &lt;em&gt;Perfectae Caritatis&lt;\/em&gt;, \u00abDecreto sobre la renovaci\u00f3n de la vida religiosa\u00bb, del Concilio Ecum\u00e9nico Vaticano II del 28.X.1965; &lt;em&gt;Ecclesiae Santae&lt;\/em&gt;, \u00abNormas para la aplicaci\u00f3n de algunos decretos del Concilio Vaticano II\u00bb. &lt;em&gt;Motu proprio de Pablo VI&lt;\/em&gt; del 6.VIII.1966; &lt;em&gt;Renovationis Causam&lt;\/em&gt;, Instrucci\u00f3n de la Sagrada Congregaci\u00f3n de Religiosos e Institutos Seculares del 6.I.1969 sobre \u00abLa Renovaci\u00f3n en la formaci\u00f3n para la vida religiosa\u00bb&lt;em&gt;; Evangelica Testificatio&lt;\/em&gt;, Exhortaci\u00f3n Apost\u00f3lica de Pablo VI del 29.VI.1971 sobre \u00abLa renovaci\u00f3n de la Vida Religiosa\u00bb; &lt;em&gt;Mutuae Relationes&lt;\/em&gt;, Notas directivas de la Congregaci\u00f3n para los Religiosos y los Institutos Seculares y de la Congregaci\u00f3n de los Obispos del 14.V.1978 sobre las \u00abRelaciones mutuas entre los Obispos y los Religiosos\u00bb; &lt;em&gt;Los elementos esenciales de la ense\u00f1anza de la Iglesia sobre los Institutos dedicados al apostolado&lt;\/em&gt;, Documento de la Sagrada Congregaci\u00f3n para los Religiosos y los Institutos Seculares del 31.V.1983; &lt;em&gt;Redemptionis Donum&lt;\/em&gt;, Exhortaci\u00f3n Apost\u00f3lica de Juan Pablo II del 25.III.1994 sobre \u00abLa consagraci\u00f3n de los religiosos a la luz del misterio de la redenci\u00f3n\u00bb; &lt;em&gt;La vida fraterna en comunidad&lt;\/em&gt;, Documento de la Congregaci\u00f3n para los Institutos de Vida Consagrada y las Sociedades de Vida Apost\u00f3lica del 2.II.1994; &lt;em&gt;Vita Consecrata&lt;\/em&gt;, Exhortaci\u00f3n Apost\u00f3lica post-Sinodal de Juan Pablo II del 25.III.1996, sobre la Vida Consagrada y su misi\u00f3n en la Iglesia y en el mundo.'><sup>1<\/sup><\/a><\/span>\n<p title=\"\">Intentar\u00e9 desarrollar el tema del modo siguiente: la primera parte consistir\u00e1 en una r\u00e1pida pero necesaria menci\u00f3n de nociones jur\u00eddicas importantes; en la segunda parte me referir\u00e9 al camino de revisi\u00f3n de las Constituciones que est\u00e1 en marcha en la Compa\u00f1\u00eda; y en la tercera, tratar\u00e9 de los elementos esenciales que siempre deben estar presentes en las Constituciones.<span id='easy-footnote-2-47490' class='easy-footnote-margin-adjust'><\/span><span class='easy-footnote'><a href='http:\/\/vincentians.com\/es\/elementos-esenciales-que-deben-estar-presentes-en-las-constituciones\/#easy-footnote-bottom-2-47490' title='Por brevedad, en el desarrollo del tema usar\u00e9 las siglas convencionales IVC, para decir Institutos de Vida Consagrada, y SVA, para indicar Sociedades de Vida Apost\u00f3lica.'><sup>2<\/sup><\/a><\/span>\n<h2 align=\"center\"><strong>I. Nociones de base<\/strong><\/h2>\n<p>Si comienzo por mencionar algunos elementos y nociones de base y les dedico alg\u00fan tiempo es porque pienso que ello es necesario para afrontar con m\u00e1s seguridad el punto central. De hecho, para comprender cu\u00e1les son los elementos esenciales que siempre deben estar presentes en las Constituciones, aquellos elementos que no pueden faltar, se debe saber con precisi\u00f3n qu\u00e9 piden al respecto los documentos de la Iglesia, qu\u00e9 expresiones usan, cu\u00e1l es la praxis seguida por la autoridad de la Iglesia cuando se trata de la primera redacci\u00f3n o de la revisi\u00f3n de las Constituciones.<\/p>\n<p>1. En la Iglesia existe <strong>una triple categor\u00eda de leyes<\/strong>, que podemos especificar del modo siguiente:<\/p>\n<p style=\"padding-left: 30px\">1.1. <em>El derecho universal <\/em>(o com\u00fan): est\u00e1 constituido por la legislaci\u00f3n procedente de la suprema autoridad de la Iglesia, con validez para toda ella, tales como el C\u00f3digo de Derecho Can\u00f3nico, los documentos de los Dicasterios de la Santa Sede referentes a la Iglesia universal o a alguno de sus componentes (laicos, cl\u00e9rigos, consagrados);<\/p>\n<p style=\"padding-left: 30px\">1.2.<em> El derecho particular:<\/em> comprende las leyes procedentes de una Iglesia particular (llamadas en el lenguaje com\u00fan Iglesias locales: di\u00f3cesis y similares), o de sus reagrupaciones;<\/p>\n<p style=\"padding-left: 30px\">1.3. <em>El derecho propio: <\/em>se trata de la legislaci\u00f3n, de la normativa interna de los IVC y de las SVA. \u00c9ste comprende toda la normativa que regula la vida de un instituto, adem\u00e1s del derecho universal o com\u00fan. Dicha normativa es de varias categor\u00edas.<\/p>\n<p>2. Seg\u00fan el c. 587, el<strong> derecho propio \u2013 <\/strong>en el \u00e1mbito de contenido<strong> \u2013 comprende una doble serie de normas<\/strong>:<\/p>\n<p style=\"padding-left: 30px\">2.1. La primera es llamada <em>c\u00f3digo fundamental o Constituciones.<\/em> Podemos decir que son las leyes generales (Constituciones, Normas Fundamentales, Reglas&#8230;). En \u00e9l est\u00e1 determinado lo que constituye el patrimonio del instituto (el c. 587, \u00a71 hace referencia al c. 578) y, adem\u00e1s, est\u00e1n formuladas \u00ablas normas fundamentales relativas al gobierno del instituto y a la disciplina de los miembros, a su incorporaci\u00f3n y tambi\u00e9n al objeto propio de los v\u00ednculos sagrados\u00bb (c. 587, \u00a71). A \u00e9l pueden pertenecer tambi\u00e9n las normas de derecho universal si el instituto no fija normas propias.<\/p>\n<p style=\"padding-left: 30px\" title=\"\">Las Constituciones tienen por fin garantizar, con expresiones adecuadas y seguras, la fisonom\u00eda espiritual y las estructuras b\u00e1sicas del carisma propio del instituto; recogen los rasgos caracter\u00edsticos, tienen un reconocimiento can\u00f3nico especial, gozan de una estabilidad particular. Por ello deben contener s\u00f3lo lo que tiene valor permanente y universal en el tiempo y en el espacio, lo que se considera y se desea que sea v\u00e1lido para el instituto en todas partes y para siempre.<span id='easy-footnote-3-47490' class='easy-footnote-margin-adjust'><\/span><span class='easy-footnote'><a href='http:\/\/vincentians.com\/es\/elementos-esenciales-que-deben-estar-presentes-en-las-constituciones\/#easy-footnote-bottom-3-47490' title='Cfr. Guti\u00e9rrez A., &lt;em&gt;El nuevo C\u00f3digo de Derecho Can\u00f3nico y el derecho interno de los Institutos de vida consagrada&lt;\/em&gt;, en SCRIS IX (1983) 98-115.'><sup>3<\/sup><\/a><\/span>\n<p style=\"padding-left: 30px\" title=\"\">2.2 La segunda, llamada <em>otras normas&#8230;<\/em> recogidas en otros c\u00f3digos (c. 587, \u00a74), que pueden ser estatutos, directorios,<span id='easy-footnote-4-47490' class='easy-footnote-margin-adjust'><\/span><span class='easy-footnote'><a href='http:\/\/vincentians.com\/es\/elementos-esenciales-que-deben-estar-presentes-en-las-constituciones\/#easy-footnote-bottom-4-47490' title='A prop\u00f3sito de la gran variedad de expresiones usadas para designar los \u00abotros c\u00f3digos\u00bb, Cfr. DORTEL-CLAUDOR M., &lt;em&gt;Los C\u00f3digos complementarios&lt;\/em&gt;, en SCRIS IX (1983), 126-139. \u00c9l cita una veintena de expresiones, algunas sacadas de la revista \u00abInformationes \u2013 SCRIS\u00bb: Directorio, C\u00f3digo complementario, Consuetudinario, Decretos, C\u00f3digo suplementario, Ordenanzas, Libro complementario; otras usadas por autores que tratan la materia: Estatutos, C\u00f3digo anexo, C\u00f3digo adicional, Segundo C\u00f3digo, C\u00f3digo secundario, Segundo Libro, Libro segundo; adem\u00e1s, otros, deducidos de la pr\u00e1ctica de los Institutos, Normas, Complementos a la Regla de Vida, Reglas, Complementos Pr\u00e1cticos, Modalidades, Libro Complementario, C\u00f3digo de Vida.'><sup>4<\/sup><\/a><\/span> etc. Se trata de aplicaciones concretas, circunstanciales, que responden a determinadas condiciones hist\u00f3ricas; regulan la vida, la disciplina, la actividad, de manera particularizada. Gozan de un margen de flexibilidad y de revisi\u00f3n notable, a discreci\u00f3n del Instituto, evitando sin embargo los cambios demasiado frecuentes.<\/p>\n<p style=\"padding-left: 30px\">El legislador no prescribe que cada instituto tenga m\u00e1s libros o c\u00f3digos separados, o que el \u00fanico libro o c\u00f3digo fundamental est\u00e9 separado de los otros. Lo importante es que haya una distinci\u00f3n cualitativa, que est\u00e9 claro y se distinga f\u00e1cilmente lo que pertenece al c\u00f3digo fundamental o constituciones y lo que no pertenece. Por lo tanto, un instituto puede tener incluso m\u00e1s c\u00f3digos secundarios para diversas materias.<\/p>\n<p style=\"padding-left: 30px\" title=\"\">El C\u00f3digo de Derecho Can\u00f3nico hace frecuente referencia al c\u00f3digo fundamental o constituciones o al derecho propio de los IVC y de los SVA, remitiendo a dichos textos no pocas determinaciones.<span id='easy-footnote-5-47490' class='easy-footnote-margin-adjust'><\/span><span class='easy-footnote'><a href='http:\/\/vincentians.com\/es\/elementos-esenciales-que-deben-estar-presentes-en-las-constituciones\/#easy-footnote-bottom-5-47490' title='El sistema de remitir es muy usado en el C\u00f3digo de Derecho Can\u00f3nico actual, en cuanto deja muchas determinaciones a la legislaciones particulares. La Parte III del Libro II, relativa a los IVC y a las SVA, presenta est\u00e1 situaci\u00f3n: de los 153 c\u00e1nones dedicados a los IVC (cc. 577-730) 86 remiten al derecho propio y 32 a las constituciones u otros c\u00f3digos. Por lo que se refiere a los 16 c\u00e1nones espec\u00edficos de la secci\u00f3n relativos a las SVA (cc. 731-746) 9 remiten a las constituciones y 3 al derecho propio. (Cfr. Sobre el tema: GUTI\u00c9RREZ, A. &lt;em&gt;El nuevo c\u00f3digo de derecho can\u00f3nico y el derecho interno de los institutos de vida consagrada&lt;\/em&gt;, en \u00abInformationes \u2013 SCRIS\u00bb, IX (1983) 98-115.'><sup>5<\/sup><\/a><\/span>\n<p align=\"left\">3. Unido al tema del derecho propio est\u00e1 el<strong> concepto del patrimonio del instituto<\/strong>.<\/p>\n<p>El C\u00f3digo habla del patrimonio <em>sic et simpliciter,<\/em> en cuanto se trata del verdadero patrimonio, del \u00fanico patrimonio!.<span id='easy-footnote-6-47490' class='easy-footnote-margin-adjust'><\/span><span class='easy-footnote'><a href='http:\/\/vincentians.com\/es\/elementos-esenciales-que-deben-estar-presentes-en-las-constituciones\/#easy-footnote-bottom-6-47490' title='La expresi\u00f3n hace referencia directamente al carisma del instituto y de los fundadores, de los que habla la &lt;em&gt;Mutuae Relationes &lt;\/em&gt;en el n\u00ba 11, donde el carisma de los fundadores es visto \u00abcomo una experiencia del Esp\u00edritu, trasmitida a los propios disc\u00edpulos para ser vivida por ellos, custodiada, profundizada y constantemente desarrollada en sinton\u00eda con el cuerpo de Cristo, en perenne crecimiento\u00bb. El carisma no se termina as\u00ed en la experiencia del fundador. Algunos documentos (p.ej. &lt;em&gt;Evangelica Testificatio&lt;\/em&gt; y &lt;em&gt;Mutuae Relationes&lt;\/em&gt;) y algunos estudios s\u00ed hablan del carisma de los fundadores y del carisma de fundaci\u00f3n o del instituto. Dado sin embargo que el t\u00e9rmino \u00abcarisma\u00bb se usa de formas tan variadas (a veces incluso no precisas), el C\u00f3digo, bajo la estela del Vaticano II, prefiere hablar de \u00abpatrimonio\u00bb. La referencia obligada es al Decreto &lt;em&gt;Perfectae Caritatis,&lt;\/em&gt; que dice: \u00abSe convierte en una ventaja para la propia Iglesia que los institutos tengan su propia fisonom\u00eda y una propia funci\u00f3n. Por ello, interpr\u00e9tese fielmente y obs\u00e9rvese el esp\u00edritu y la finalidad propias de los fundadores, como tambi\u00e9n las sanas tradiciones: todo lo que constituye el patrimonio de cada instituto&amp;#8230;\u00bb (No. 2b).'><sup>6<\/sup><\/a><\/span> Es patrimonio del instituto, pero es tambi\u00e9n patrimonio de la Iglesia, desde el momento en que cada instituto es un don del Esp\u00edritu a la Iglesia. El c. 578 precisa que forman parte dos series de elementos:<\/p>\n<ul>\n<li><em>El pensamiento y los proyectos de los fundadores, sancionados por la competente autoridad de la Iglesia, relativo a la naturaleza, al fin, al esp\u00edritu y a la clase de instituto.<\/em> No toda la experiencia de los fundadores entra en el patrimonio del instituto, sino s\u00f3lo lo que el citado canon se\u00f1ala, subrayando \u00absancionado por la&#8230;\u00bb, expresi\u00f3n que hace referencia a las Constituciones aprobadas por la Santa Sede.<\/li>\n<li><em> Las sanas tradiciones<\/em>. No todas las tradiciones entran en el patrimonio del instituto, sino solamente \u00ablas sanas tradiciones\u00bb. La especificaci\u00f3n <em>sanas<\/em> induce a mucha cautela. Lo que cuenta es la \u00abTradici\u00f3n\u00bb. \u00c9sta est\u00e1 compuesta tambi\u00e9n de tradiciones, pero no se termina en ellas. De hecho, la Tradici\u00f3n indica m\u00e1s bien una l\u00ednea de desarrollo, una orientaci\u00f3n, un esp\u00edritu; denota un estilo de vida, un modo de pensar, de vivir, de actuar; hace referencia a una historia que ha visto recorrer al instituto un determinado camino.<\/li>\n<\/ul>\n<p>4. En el \u00e1mbito de <strong>redacci\u00f3n de los textos<\/strong> del c\u00f3digo fundamental o constituciones del instituto, el legislador ha establecido en el c. 587, \u00a73 principios claros:<span id='easy-footnote-7-47490' class='easy-footnote-margin-adjust'><\/span><span class='easy-footnote'><a href='http:\/\/vincentians.com\/es\/elementos-esenciales-que-deben-estar-presentes-en-las-constituciones\/#easy-footnote-bottom-7-47490' title='Tales principios eran ya claramente indicados en el &lt;em&gt;motu proprio&lt;\/em&gt; &lt;em&gt;Ecclesiae Sanctae&lt;\/em&gt;'><sup>7<\/sup><\/a><\/span> armonizar de modo adecuado los elementos espirituales y los jur\u00eddicos y no multiplicar las normas sin necesidad.<\/p>\n<p>El primer elemento muestra un cambio de importancia fundamental para la concepci\u00f3n misma de las constituciones. De hecho, de la arm\u00f3nica fusi\u00f3n de elementos evang\u00e9licos y teol\u00f3gicos y de elementos jur\u00eddicos, las constituciones adquieren su solidez y reflejan verdaderamente ante la Iglesia y ante sus miembros del instituto la fisonom\u00eda exacta de \u00e9ste \u00faltimo; son su verdadera carta de identidad. Se trata de un paso importante hacia adelante con relaci\u00f3n a la \u00e9poca en la que las constituciones eran un texto exclusivamente jur\u00eddico, y seg\u00fan las \u00abNormae\u00bb de la Congregaci\u00f3n de Religiosos de 1921 (que refer\u00edan las de 1901 y 1917), no pod\u00edan contener \u00abcitas de la Biblia, de los Santos Padres y de los te\u00f3logos; las instrucciones asc\u00e9tico-espirituales y m\u00edsticas, las cuestiones teol\u00f3gicas y morales\u2026\u00bb. Mucho menos se admit\u00eda la referencia al carisma institucional y a expresiones de los Fundadores. Actualmente es justamente la inspiraci\u00f3n original de los Fundadores la que anima lo dictado por el C\u00f3digo fundamental. Podemos decir que las modernas constituciones se acercan m\u00e1s a las antiguas Reglas y son verdaderas <em>reglas de vida<\/em>.<span id='easy-footnote-8-47490' class='easy-footnote-margin-adjust'><\/span><span class='easy-footnote'><a href='http:\/\/vincentians.com\/es\/elementos-esenciales-que-deben-estar-presentes-en-las-constituciones\/#easy-footnote-bottom-8-47490' title='Es interesante, al respecto, el estudio de Macca, V., &lt;em&gt;Las constituciones: entre teolog\u00eda y derecho&lt;\/em&gt;, en SCRIS IX (1983) 116-125. Cf. tambi\u00e9n Iglesias, F., &lt;em&gt;Orientaciones conciliares y del magisterio&lt;\/em&gt;, en SCRIS IX (1983) 46-60.'><sup>8<\/sup><\/a><\/span>\n<p title=\"\">El segundo elemento dice que las constituciones no deben ser detalladas al m\u00e1ximo ni descender a detalles particulares m\u00ednimos, aunque s\u00ed se requiere la precisi\u00f3n necesaria. \u00abDe hecho es inconcebible que un C\u00f3digo fundamental, que desea ser una aut\u00e9ntica \u2018Regla de vida\u2019, proponga s\u00f3lo principios teol\u00f3gicos y orientaciones asc\u00e9ticas. El principio doctrinal est\u00e1 vivo en toda su riqueza<br \/>\ncuando se desarrolla en la norma correspondiente\u2026\u00bb.<span id='easy-footnote-9-47490' class='easy-footnote-margin-adjust'><\/span><span class='easy-footnote'><a href='http:\/\/vincentians.com\/es\/elementos-esenciales-que-deben-estar-presentes-en-las-constituciones\/#easy-footnote-bottom-9-47490' title='Macca V., &lt;em&gt;art. cit.&lt;\/em&gt;, p. 122.'><sup>9<\/sup><\/a><\/span>\n<h2 align=\"center\"><strong>II. Revisi\u00f3n en curso<\/strong><\/h2>\n<p>Como observaba el P. Robert Maloney en su intervenci\u00f3n ante las Visitadoras de las Hijas de la Caridad, el 22 de mayo de 2000,<span id='easy-footnote-10-47490' class='easy-footnote-margin-adjust'><\/span><span class='easy-footnote'><a href='http:\/\/vincentians.com\/es\/elementos-esenciales-que-deben-estar-presentes-en-las-constituciones\/#easy-footnote-bottom-10-47490' title='Cfr. Maloney R., &lt;em&gt;La importancia de las Constituciones y de los Estatutos en la vida de la Compa\u00f1\u00eda&lt;\/em&gt;, en \u00abEcos de la Compa\u00f1\u00eda\u00bb 2000, pp. 283-290.'><sup>10<\/sup><\/a><\/span> en el \u00e1mbito de las leyes la perspectiva de un cambio puede suscitar una posici\u00f3n de <em>condena del cambio<\/em> o <em>impaciencia por cambiar<\/em>. En el plano jur\u00eddico es m\u00e1s justificable la estabilidad de la ley que su cambio continuo. De hecho, una de las caracter\u00edsticas propias del derecho es su <em>certeza<\/em>. Sin embargo \u00e9sta tiene el riesgo de disminuir si las leyes que rigen la convivencia est\u00e1n continuamente cambiando (como sucede con no poca frecuencia en algunas naciones). Por ello no se debe estar ansioso de cambiar si no es necesario o \u00fatil.<\/p>\n<p title=\"\">Pero el derecho debe seguir y favorecer el desarrollo de la vida, y la estabilidad no equivale a inmutabilidad. El t\u00e9rmino mismo \u00abpatrimonio\u00bb, si por un lado evoca una cierta estabilidad, por otro no indica algo fijo, est\u00e1tico, inmutable. Es en cambio una realidad viva, din\u00e1mica. Cuando habla de la funci\u00f3n de los cap\u00edtulos (c. 631, \u00a71), el C\u00f3digo une con una \u00ab<strong>y\u00bb<\/strong> <em>la tutela del patrimonio <\/em>y<em> la promoci\u00f3n de una adecuada renovaci\u00f3n<\/em>, casi para indicar que <em>forman un todo<\/em>: la verdadera tutela del patrimonio del instituto no puede prescindir de la promoci\u00f3n de una adecuada renovaci\u00f3n. Esto, a condici\u00f3n de que se armonice con el patrimonio, es garant\u00eda, salvaguardia, tutela de la perenne vitalidad y validez del mismo patrimonio.<span id='easy-footnote-11-47490' class='easy-footnote-margin-adjust'><\/span><span class='easy-footnote'><a href='http:\/\/vincentians.com\/es\/elementos-esenciales-que-deben-estar-presentes-en-las-constituciones\/#easy-footnote-bottom-11-47490' title='La tutela del patrimonio del instituto y la adecuada renovaci\u00f3n armonizada con \u00e9l constituyen el aspecto y el deber sustancial de todo cap\u00edtulo general: defensa del patrimonio que es defensa de la identidad del instituto, de su puesto en la Iglesia, y que debe tener las caracter\u00edsticas de integridad y de fidelidad; promoci\u00f3n de la renovaci\u00f3n que no es un tema s\u00f3lo de hoy, sino un asunto perenne; condiciones de supervivencia, de vitalidad, de madurez en la vocaci\u00f3n y en la misi\u00f3n (cfr. ANDRES D. J., &lt;em&gt;El derecho de los religiosos&lt;\/em&gt;, Roma 1984, Nos. 215-216.'><sup>11<\/sup><\/a><\/span>\n<p title=\"\">Por lo tanto, las Constituciones de la Compa\u00f1\u00eda de las Hijas de la Caridad pueden ser modificadas si se juzga necesario u oportuno, aunque todav\u00eda no tienen ni veinte a\u00f1os de vida. La Santa Sede las aprob\u00f3 el 2 de febrero de 1983,<span id='easy-footnote-12-47490' class='easy-footnote-margin-adjust'><\/span><span class='easy-footnote'><a href='http:\/\/vincentians.com\/es\/elementos-esenciales-que-deben-estar-presentes-en-las-constituciones\/#easy-footnote-bottom-12-47490' title='El texto del Decreto de aprobaci\u00f3n por parte de la Congregaci\u00f3n para los Religiosos y los Institutos Seculares, que ten\u00eda competencia tambi\u00e9n para las SVA, est\u00e1 referido al inicio de las Constituciones: pp. III-IV.'><sup>12<\/sup><\/a><\/span> aportando algunas modificaciones al texto redactado, seg\u00fan los criterios fijados en el <em>motu propio<\/em> <em>Ecclesiae Sanctae<\/em>,<span id='easy-footnote-13-47490' class='easy-footnote-margin-adjust'><\/span><span class='easy-footnote'><a href='http:\/\/vincentians.com\/es\/elementos-esenciales-que-deben-estar-presentes-en-las-constituciones\/#easy-footnote-bottom-13-47490' title='El m&lt;em&gt;otu proprio&lt;\/em&gt; &lt;em&gt;Ecclesiae Sanctae&lt;\/em&gt; fijaba los criterios generales de renovaci\u00f3n y adaptaci\u00f3n de las Constituciones e indicaba tambi\u00e9n algunos temas particulares, como la oraci\u00f3n mental, la pobreza, la pr\u00e1ctica de la vida com\u00fan, la formaci\u00f3n\u2026'><sup>13<\/sup><\/a><\/span> despu\u00e9s de la fase de los textos experimentales, elaborados y sancionados por distintas Asambleas.<\/p>\n<p>Como confirma la C 3.60, \u00ablas presentes Constituciones y los Estatutos que las acompa\u00f1an, constituyen el derecho propio de la Compa\u00f1\u00eda de las Hijas de la Caridad\u00bb y, por ello, \u00abdeben ser fielmente observadas por todas las Hermanas, siendo para ellas la expresi\u00f3n de la voluntad de Dios\u00bb. Sigue despu\u00e9s con una determinaci\u00f3n importante: \u00abSin embargo, mientras los Estatutos pueden ser modificados o abrogados por una Asamblea General (cfr. C 3.50), las Constituciones s\u00f3lo pueden ser modificadas por la Santa Sede si los 2\/3 de los miembros de la Asamblea General lo requieren. Igualmente, pertenece a la Santa Sede su interpretaci\u00f3n aut\u00e9ntica\u00bb.<\/p>\n<p>La Compa\u00f1\u00eda de las Hijas de la Caridad, respondiendo a lo establecido por la Asamblea General de 1997, ha comenzado un camino que tiene como fin, ante todo, estudiar y profundizar, personal y comunitariamente, las Constituciones para interiorizarlas y vivirlas; es un trabajo provechoso para la vida de cada Hermana en particular y para la entera Compa\u00f1\u00eda, del que va emergiendo por un lado la riqueza de contenido de las Constituciones y, por otro, la constataci\u00f3n del poco conocimiento que se tiene de ellas.<\/p>\n<p>De este trabajo, despu\u00e9s podr\u00e1 tambi\u00e9n derivarse la necesidad o la oportunidad de proceder a alg\u00fan cambio. En tal caso, ser\u00e1 necesario seguir el camino<strong><\/strong>previsto por las Constituciones mismas en la ya citada C 3.60.<\/p>\n<p title=\"\">\u00bfA la luz de qu\u00e9 criterios? \u00bfQu\u00e9 elementos se ponen de relieve? La Asamblea General de 1997 reconoci\u00f3 la necesidad de una revisi\u00f3n a la luz de la inculturaci\u00f3n. El P. Robert Maloney se\u00f1ala tres criterios seg\u00fan los cuales proceder y cinco rayos de luz que deben brillar de modo particular en las Constituciones:<span id='easy-footnote-14-47490' class='easy-footnote-margin-adjust'><\/span><span class='easy-footnote'><a href='http:\/\/vincentians.com\/es\/elementos-esenciales-que-deben-estar-presentes-en-las-constituciones\/#easy-footnote-bottom-14-47490' title='Est\u00e1 claro que, en un proceso de revisi\u00f3n, antes de la adherencia a los criterios indicados por el P. Maloney, es necesario garantizar una triple fidelidad: al evangelio, al carisma propio y a los signos de los tiempos. Cf. IGLESIAS, F.&lt;em&gt;, Orientaciones conciliares y del magisterio&lt;\/em&gt;, en \u00abInformationes \u2013 SCRIS\u00bb, IX (1983) 46-59.'><sup>14<\/sup><\/a><\/span>\n<p><strong><em>1. Los criterios<\/em><\/strong> (tomo algunas expresiones y conceptos del P. Maloney):<\/p>\n<p style=\"padding-left: 30px\"><strong> 1.1. Inculturaci\u00f3n.<\/strong> La Compa\u00f1\u00eda de las Hijas de la Caridad est\u00e1 extendida por el mundo entero. Sus miembros provienen de culturas muy diversas. Se trata de armonizar bien dos exigencias: la de la unidad y la de diversidad. Examinando un art\u00edculo de las Constituciones, es necesario preguntarse si se trata de una norma general, aplicable a toda la Compa\u00f1\u00eda, o si pudiera haber variantes culturales al respecto.<span id='easy-footnote-15-47490' class='easy-footnote-margin-adjust'><\/span><span class='easy-footnote'><a href='http:\/\/vincentians.com\/es\/elementos-esenciales-que-deben-estar-presentes-en-las-constituciones\/#easy-footnote-bottom-15-47490' title='Los intercambios de opiniones y de experiencias entre los Directores de las Hijas de la Caridad de las diversas naciones, durante este Mes Vicenciano 2001 en Par\u00eds, han subrayado la diversidad cultural relativa a diferentes aspectos de la vida de la Compa\u00f1\u00eda.'><sup>15<\/sup><\/a><\/span> Si es una norma general, v\u00e1lida por doquier, tendr\u00e1 que formar parte de las Constituciones. Si no es as\u00ed, ser\u00e1 necesario dejar las determinaciones a las Provincias o a otras instancias. De todos modos, cuando se trata de valores-base, se deber\u00e1 poner atenci\u00f3n ya sea a la necesidad de calar y encarnar el valor en una cultura, o a evangelizar un determinado aspecto de la misma.<\/p>\n<p style=\"padding-left: 30px\"><strong>1.2.<\/strong> <strong>Subsidiaridad<\/strong><strong>.<\/strong> Todo nivel de gobierno debe tener los poderes necesarios para ejercer adecuadamente la autoridad (Cf. C 3.26). Examinando particularmente los art\u00edculos jur\u00eddicos, se debe valorar si una determinada materia ser\u00eda mejor que fuera decidida por el Padre General, o por la Madre General con su Consejo, o por la Visitadora con su Consejo, o por la Hermana Sirviente despu\u00e9s de haber consultado a la comunidad local. En el pasado quiz\u00e1s se ha excedido en la centralizaci\u00f3n (ha sido un comportamiento general en el \u00e1mbito de Iglesia). De todos modos es preciso un gran equilibrio entre centralizaci\u00f3n y descentralizaci\u00f3n: en cosas de gran importancia, ya sean espirituales o administrativas, un cierto control superior ofrece garant\u00edas. A veces ocurre que, en el \u00e1mbito local, no existen todas las competencias necesarias.<\/p>\n<p style=\"padding-left: 30px\"><strong> 1.3.<\/strong> <strong>Valores-clave.<\/strong> Los valores-clave deben brillar como rayos de luz en las Constituciones y Estatutos. Estos han sido tratados ampliamente y con precisi\u00f3n durante este Mes Vicenciano.<span id='easy-footnote-16-47490' class='easy-footnote-margin-adjust'><\/span><span class='easy-footnote'><a href='http:\/\/vincentians.com\/es\/elementos-esenciales-que-deben-estar-presentes-en-las-constituciones\/#easy-footnote-bottom-16-47490' title='Cf. las intervenciones de Sor Juana Elizondo en la presentaci\u00f3n de la Compa\u00f1\u00eda de las Hijas de la Caridad, del P. Fernando Quintano sobre \u00abLa Misi\u00f3n y la Caridad\u00bb y sobre \u00abLos Votos de la Hija de la Caridad: identidad y especificidad\u00bb, de Sor Wivine Kisu sobre \u00abIdentidad de la Hija de la Caridad: Elementos caracter\u00edsticos e indicativos. \u00bfC\u00f3mo vivirlos y encarnarlos hoy?\u00bb; de Sor Anne Pr\u00e9vost sobre \u00abLa espiritualidad de la Hijas de la Caridad\u00bb.'><sup>16<\/sup><\/a><\/span> El problema es ver si tales valores encuentran adecuada expresi\u00f3n en las Constituciones y Estatutos o si alguno de \u00e9stos puede y debe ser mejor formulado para incidir en el ser de la Hija de la Caridad en el mundo de hoy.<\/p>\n<p><strong><em>2. <\/em><\/strong><strong><em>Los cinco rayos<\/em><\/strong><\/p>\n<p title=\"\">El P. Maloney nos recuerda que son la persona de Cristo, la sencillez, el amor mutuo, la oraci\u00f3n y el servicio comunitario de los pobres. Quiz\u00e1s se pueden a\u00f1adir otros. No me detengo a detallar este aspecto ya que supongo que todos conocemos perfectamente cuanto \u00e9l ha dicho y escrito.<span id='easy-footnote-17-47490' class='easy-footnote-margin-adjust'><\/span><span class='easy-footnote'><a href='http:\/\/vincentians.com\/es\/elementos-esenciales-que-deben-estar-presentes-en-las-constituciones\/#easy-footnote-bottom-17-47490' title='Cfr. Maloney R., &lt;em&gt;La importancia de las Constituciones y de los Estatutos en la vida de la Compa\u00f1\u00eda&lt;\/em&gt;, en \u00abEcos de la Compa\u00f1\u00eda\u00bb 2000, pp. 283-290.'><sup>17<\/sup><\/a><\/span>\n<h2 align=\"center\"><strong>III. Elementos que deben estar en el Derecho propio<\/strong><\/h2>\n<p>Como hemos indicado m\u00e1s arriba, seg\u00fan el Derecho can\u00f3nico hay una nutrida serie de elementos que deben estar en el Derecho propio de los IVC y de las SVA. Sin embargo, se ha de distinguir entre lo que debe figurar necesariamente en el c\u00f3digo fundamental o constituciones y lo que puede encontrarse en otras normas. Esta distinci\u00f3n no es siempre f\u00e1cil. Depende tambi\u00e9n del modo de percibir una determinada materia por parte de la Sociedad. Sin embargo, deber\u00edan estar siempre fuera de discusi\u00f3n algunas l\u00edneas b\u00e1sicas:<\/p>\n<ul>\n<li>cuando el C\u00f3digo dice que \u00e9ste o aqu\u00e9l punto se determina en el derecho propio, el derecho propio (Constituciones o Estatutos) debe ocuparse de ello;<\/li>\n<li>cuando el C\u00f3digo precisa que un tema se determina en las Constituciones, es en las Constituciones donde se deben poner sus elementos sustanciales, dejando eventuales determinaciones m\u00e1s particulares y contingentes a los Estatutos;<\/li>\n<li>si el derecho propio relativo a un punto espec\u00edfico sencillamente asume \u00e9ste o lo env\u00eda al derecho universal, tal determinaci\u00f3n no puede ser modificada sin la intervenci\u00f3n de la Santa Sede (aunque forme parte de los Estatutos).<\/li>\n<\/ul>\n<h3>A. Lo que debe figurar necesariamente en las Constituciones<\/h3>\n<p>De todo lo dicho hasta ahora deber\u00eda ya surgir una respuesta bastante precisa. Por su parte, el P. P\u00e9rez Flores afirma que todos aquellos elementos que se encuentran actualmente en las Constituciones de las Hijas de la Caridad son esenciales y deben estar en ellas. Ciertamente pueden ser mejorados y precisados. En la sustancia, de todas maneras, son v\u00e1lidos. Estoy esencialmente de acuerdo con esta afirmaci\u00f3n.<\/p>\n<p title=\"\">Teniendo presente las indicaciones del C\u00f3digo, los diversos documentos de la Santa Sede y la praxis de la Congregaci\u00f3n para los IVC y las SVA, voy a intentar ser m\u00e1s preciso. La Congregaci\u00f3n para los IVC y las SVA tiene un \u00abesquema general sobre la redacci\u00f3n de las Constituciones\u00bb que ella proporciona a los institutos religiosos que desean hacer o revisar las propias Constituciones. Sin embargo no hay un esquema para las SVA: es la sociedad misma la que debe definir su identidad, vali\u00e9ndose de toda la libertad concedida por el derecho com\u00fan, de los textos de los fundadores y de su tradici\u00f3n. Normalmente respeta las formulaciones y las interpretaciones adoptadas por la Sociedad, sobre todo, cuando se trata de Sociedades que tienen tras de s\u00ed una s\u00f3lida tradici\u00f3n, a menos que no exista claridad e integridad en el contenido &#8211; especialmente en la formulaci\u00f3n del carisma, de la naturaleza y del fin &#8211; en aquellos elementos particulares y espec\u00edficos.<span id='easy-footnote-18-47490' class='easy-footnote-margin-adjust'><\/span><span class='easy-footnote'><a href='http:\/\/vincentians.com\/es\/elementos-esenciales-que-deben-estar-presentes-en-las-constituciones\/#easy-footnote-bottom-18-47490' title='En la exposici\u00f3n sigo fundamentalmente el camino trazado por BONFILS, J., que se puede encontrar en: &lt;em&gt;Las sociedades de vida apost\u00f3lica&lt;\/em&gt;, Ed. du Cerf, 1990, pp. 169-174.'><sup>18<\/sup><\/a><\/span>\n<p>1. El <strong>principio general<\/strong> es el ya recordado y fijado en el c. 578 y en el c. 587, \u00a71.<\/p>\n<p>2. Bajando a los <strong>detalles<\/strong>, y hablando \u00fanicamente de las SVA, se debe determinar:<\/p>\n<p style=\"padding-left: 30px\"><em>2.1.<\/em><em> La naturaleza:<\/em> si se trata de una SVA clerical o laical (c. 588), de derecho diocesano o pontificio (cc. 589, 593, 594, 595); de una SVA exclusivamente misionera o no, o dedicada a cualquier otra actividad espec\u00edfica en la Iglesia (cc. 731 e 732).<\/p>\n<p style=\"padding-left: 30px\">2.2. <em>El fin, <\/em>que no debe confundirse con la actividad concreta o con los objetivos que los cap\u00edtulos generales u otros \u00f3rganos de gobierno pueden asignar a la SVA en relaci\u00f3n a circunstancias particulares. Las actividades, las obras, deber\u00edan emanar del fin, ser su traducci\u00f3n, pero no son el fin. Esto indica m\u00e1s bien una direcci\u00f3n que est\u00e1 en la base, que determina todo, de la que no se puede desviar sin cambiar la identidad. Para permanecer en el \u00e1mbito vicenciano: \u00abseguir a Cristo evangelizador de los pobres\u00bb (CM), \u00abhonrar a Jesucristo como la fuente y el modelo de toda caridad, sirvi\u00e9ndolo corporal y espiritualmente en la persona de los pobres\u00bb (HC).<\/p>\n<p style=\"padding-left: 30px\"><em>2.3. El esp\u00edritu.<\/em> Generalmente se entiende por esp\u00edritu el modo de ser y de actuar, el estilo de vida, la espiritualidad que anima toda la vida de los miembros y que distingue las SVA de un grupo secular cualquiera. Por ejemplo, las caracter\u00edsticas interiores, las virtudes propias\u2026<\/p>\n<p style=\"padding-left: 30px\"><em>2.4. Las sanas tradiciones.<\/em> No se trata tanto de detalles disciplinarios variables, sino m\u00e1s bien de elementos profundamente enraizados en la naturaleza y en el fin, del que se ha tomado gradualmente conciencia y que han contribuido a modelar el esp\u00edritu del instituto.<\/p>\n<p style=\"padding-left: 30px\"><em>2.5. Las reglas fundamentales de gobierno de instituto <\/em>(c. 734):<\/p>\n<p style=\"padding-left: 30px\">&#8211; qui\u00e9n puede dividir las SVA en partes (provincias, distritos, regiones\u2026), erigir nuevas, unir, circunscribir diversamente o suprimir las ya erigidas y en qu\u00e9 condiciones: cc. 581, 585;<\/p>\n<p style=\"padding-left: 30px\">&#8211; poderes de los superiores y de los cap\u00edtulos sobre sus miembros, teniendo en cuenta tambi\u00e9n los cc. 131, 133 y 137-144: c. 596, \u00a71, c. 734 y reenv\u00edos (cc. 617-633);<\/p>\n<p style=\"padding-left: 30px\">&#8211; nombramiento para el oficio de superior y ejercicio del oficio: cc. 617- 619 y 626;<\/p>\n<p style=\"padding-left: 30px\">&#8211; poderes del superior general y de los otros superiores: c. 622;<\/p>\n<p style=\"padding-left: 30px\">&#8211; qui\u00e9n es superior mayor en una SVA: c. 620;<\/p>\n<p style=\"padding-left: 30px\">&#8211; n\u00famero de a\u00f1os de incorporaci\u00f3n definitiva para poder ser superior mayor: c. 623;<\/p>\n<p style=\"padding-left: 30px\">&#8211; duraci\u00f3n del mandato del superior general: c. 624, \u00a71;<\/p>\n<p style=\"padding-left: 30px\">&#8211; modalidad de elecci\u00f3n del superior general: c. 625, \u00a71;<\/p>\n<p style=\"padding-left: 30px\">&#8211; modalidad de constituci\u00f3n de los otros superiores, con previa consulta o con sucesiva confirmaci\u00f3n: c. 625, \u00a73;<\/p>\n<p style=\"padding-left: 30px\" align=\"left\">&#8211; constituci\u00f3n y composici\u00f3n de los consejos de los superiores y deber de recurrir a ellos: cc. 627, \u00a71 y 127, \u00a71 y 3;<\/p>\n<p style=\"padding-left: 30px\">&#8211; composici\u00f3n, deberes y poderes de la asamblea general: c. 631, \u00a71 y 2;<\/p>\n<p style=\"padding-left: 30px\">&#8211; s\u00f3lo la Santa Sede puede modificar lo que ella ha aprobado: cc. 583 y 587, \u00a72;<\/p>\n<p style=\"padding-left: 30px\">&#8211; deber de los superiores de visitar las comunidades: c. 628;<\/p>\n<p style=\"padding-left: 30px\">&#8211; deber de residencia de los superiores en sus casas: c. 629;<\/p>\n<p style=\"padding-left: 30px\">&#8211; deber de los superiores de proveer confesores id\u00f3neos para las comunidades: c. 630, \u00a72;<\/p>\n<p style=\"padding-left: 30px\">&#8211; disposiciones para que las provincias, las comunidades locales y los miembros individuales puedan dirigir peticiones a la Asamblea General: c. 631, \u00a73;<\/p>\n<p style=\"padding-left: 30px\">&#8211; disposiciones relativas a las otras asambleas de la Sociedad: c. 632;<\/p>\n<p style=\"padding-left: 30px\">&#8211; erecci\u00f3n y supresi\u00f3n de una casa: c. 733, 1;<\/p>\n<p style=\"padding-left: 30px\">&#8211; capacidad de la Sociedad y de sus partes con relaci\u00f3n a los bienes temporales y reglas fundamentales para la administraci\u00f3n de los bienes: c. 634 y ss.<\/p>\n<p style=\"padding-left: 30px\" align=\"left\"><em>2.6. Las comunidades y sus miembros<\/em><\/p>\n<p style=\"padding-left: 30px\"><strong>a. Las personas f\u00edsicas<\/strong> (miembros de todas las SVA):<\/p>\n<p style=\"padding-left: 30px\">&#8211; admisiones, prueba, incorporaci\u00f3n y formaci\u00f3n de los miembros, teniendo en cuenta los cc. 735, 642-645, 597 y en funci\u00f3n del fin y de la naturaleza de la Sociedad;<\/p>\n<p style=\"padding-left: 30px\">&#8211; determinaciones, deseadas por el c. 739, relativas a buscar la santidad, la vida de oraci\u00f3n, la vida sacramental, la sencillez de vida; al h\u00e1bito propio, etc. (aplicaciones, con los debidos ajustes, de los cc. 273-289 relativos a los cl\u00e9rigos);<\/p>\n<p style=\"padding-left: 30px\">&#8211; observancia de la vida com\u00fan, presencia en una comunidad y reglas para las ausencias: c. 740;<\/p>\n<p style=\"padding-left: 30px\">&#8211; capacidad de los miembros para adquirir, poseer, administrar y disponer de los bienes temporales, teniendo en cuenta las obligaciones adquiridas con la incorporaci\u00f3n: c. 741, \u00a72;<\/p>\n<p style=\"padding-left: 30px\">&#8211; derechos y obligaciones de los miembros como consecuencia de la incorporaci\u00f3n, y obligaciones de la Sociedad hacia ellos: c. 737;<\/p>\n<p style=\"padding-left: 30px\">&#8211; obediencia a los superiores en lo referente a la vida interna y a la disciplina de la Sociedad: c. 738, \u00a71;<\/p>\n<p style=\"padding-left: 30px\">&#8211; salida y expulsi\u00f3n de los miembros con incorporaci\u00f3n temporal: c. 742;<\/p>\n<p style=\"padding-left: 30px\">&#8211; salida de un miembro con incorporaci\u00f3n definitiva ya sea para pasar a otro instituto, ya para vivir fuera de la Sociedad, pero no por un periodo superior a tres a\u00f1os: cc. 743-745;<\/p>\n<p style=\"padding-left: 30px\">&#8211; expulsi\u00f3n de un miembro con incorporaci\u00f3n definitiva: cc. 746, 694-704.<\/p>\n<p style=\"padding-left: 30px\"><strong>b. Las personas f\u00edsicas<\/strong><\/p>\n<p style=\"padding-left: 30px\">Miembros de las SVA que est\u00e1n bajo el c. 731, \u00a72. Normas relativas a la observancia de los tres consejos de castidad, pobreza y obediencia, como tambi\u00e9n a la vida fraterna: cc. 598-602.<\/p>\n<p style=\"padding-left: 30px\"><strong>c. Las personas jur\u00eddicas<\/strong><\/p>\n<p style=\"padding-left: 30px\">&#8211; qui\u00e9nes son las personas jur\u00eddicas en la Sociedad: c. 741, \u00a71;<\/p>\n<p style=\"padding-left: 30px\">&#8211; su capacidad en relaci\u00f3n con los bienes temporales: cc. 741, \u00a71 y 636, 638 y 639.<\/p>\n<p style=\"padding-left: 30px\"><em>2.7. Relaciones con los sucesores de los Ap\u00f3stoles: Papa, Santa Sede, Obispos<\/em><\/p>\n<p style=\"padding-left: 30px\">&#8211; sumisi\u00f3n a la suprema autoridad de la Iglesia y obediencia al Papa en raz\u00f3n de la incorporaci\u00f3n a una SVA: c. 590;<\/p>\n<p style=\"padding-left: 30px\">&#8211; exenciones o no de la autoridad de los Ordinarios del lugar: c. 591. <em>N.B. <\/em>se debe distinguir bien entre justa autonom\u00eda (c. 586) y exenci\u00f3n (c. 591);<\/p>\n<p style=\"padding-left: 30px\">&#8211; relaci\u00f3n peri\u00f3dica a la Santa Sede sobre el estado de la Sociedad: c. 592, \u00a71;<\/p>\n<p style=\"padding-left: 30px\">&#8211; deber de los superiores de hacer conocer a los miembros de la Sociedad los documentos de la Santa Sede y de hacerlos observar: c. 592, \u00a72;<\/p>\n<p style=\"padding-left: 30px\">&#8211; sumisi\u00f3n al Obispo diocesano (principio general y sus aplicaciones): cc. 738, \u00a72 y 679-683.<\/p>\n<h3><strong>B. Lo que debe figurar en el derecho propio (Constituciones u otras normas)<\/strong><\/h3>\n<p><strong>1. Relativo al gobierno<\/strong><\/p>\n<p>&#8211; a\u00f1os de incorporaci\u00f3n definitiva para ser nombrados superiores (no mayores): c. 623;<\/p>\n<p>&#8211; disposiciones pr\u00e1cticas para realizar lo prescrito en el c. 624, \u00a72 (no permanecer demasiado tiempo en cargos de gobierno);<\/p>\n<p>&#8211; adem\u00e1s de los casos previstos por el derecho universal, determinar en qu\u00e9 otros casos es necesario el consenso o el parecer del consejo para la validez de los actos, seg\u00fan el c. 127, y teniendo cuenta la respuesta de la Comisi\u00f3n para la interpretaci\u00f3n de los textos legislativos, del 14 de mayo de 1985 (en AAS 77 (1985) 771);<\/p>\n<p>&#8211; reglamento de la celebraci\u00f3n de la asamblea (o cap\u00edtulo) general, sobre todo en lo relativo al desarrollo de las elecciones y al orden del d\u00eda de las cuestiones a tratar: c. 631, \u00a72;<\/p>\n<p>&#8211; disposiciones relativas a los organismos de participaci\u00f3n y de consulta: c. 633;<\/p>\n<p>&#8211; periodicidad de las visitas de los superiores y comportamiento de los miembros: c. 628, \u00a71 y 3.<\/p>\n<p><strong>2. Relativo a los miembros<\/strong><\/p>\n<p><strong> <\/strong>Todo lo que se cree necesario codificar para sostener la vida f\u00edsica, moral, espiritual y comunitaria de los miembros, incluso lo que va s\u00f3lo de una Asamblea a la otra.<\/p>\n<h2 align=\"left\">Conclusi\u00f3n<\/h2>\n<p><strong> <\/strong>Despu\u00e9s de haber hablado tanto tiempo, termino con un gran pesar: no haber resuelto todas vuestras dudas. Si puede consolarles, les conf\u00edo que no he resuelto ni siquiera todas las m\u00edas. Sin embargo, merecer\u00e1 la pena que, antes de afrontar la presidencia de la Asamblea Provincial de nuestras Provincias, releamos atentamente los c\u00e1nones del C\u00f3digo relativos a las SVA, vali\u00e9ndonos de la ayuda de un buen comentario.<\/p>\n","protected":false},"excerpt":{"rendered":"<p>Premisa El tema que me ha sido confiado es muy t\u00e9cnico, netamente jur\u00eddico. Me he servido de algunos estudios, pero l\u00f3gicamente el punto de referencia obligado ha sido el C\u00f3digo de Derecho Can\u00f3nico con los &#8230; <a href=\"http:\/\/vincentians.com\/es\/elementos-esenciales-que-deben-estar-presentes-en-las-constituciones\/\" class=\"more-link\">Read More<\/a><\/p>\n","protected":false},"author":4,"featured_media":27200,"comment_status":"open","ping_status":"open","sticky":false,"template":"","format":"standard","meta":{"jetpack_post_was_ever_published":false,"_jetpack_newsletter_access":"","_jetpack_dont_email_post_to_subs":false,"_jetpack_newsletter_tier_id":0,"_jetpack_memberships_contains_paywalled_content":false,"_jetpack_memberships_contains_paid_content":false,"footnotes":"","jetpack_publicize_message":"","jetpack_publicize_feature_enabled":true,"jetpack_social_post_already_shared":true,"jetpack_social_options":{"image_generator_settings":{"template":"highway","default_image_id":0,"font":"","enabled":false},"version":2}},"categories":[199],"tags":[],"class_list":["post-47490","post","type-post","status-publish","format-standard","has-post-thumbnail","hentry","category-hijas-de-la-caridad"],"yoast_head":"<!-- This site is optimized with the Yoast SEO plugin v26.3 - https:\/\/yoast.com\/wordpress\/plugins\/seo\/ -->\n<title>Elementos esenciales que deben estar presentes en las Constituciones - Somos Vicencianos<\/title>\n<meta name=\"robots\" content=\"index, follow, max-snippet:-1, max-image-preview:large, max-video-preview:-1\" \/>\n<link rel=\"canonical\" href=\"http:\/\/vincentians.com\/es\/elementos-esenciales-que-deben-estar-presentes-en-las-constituciones\/\" \/>\n<meta property=\"og:locale\" content=\"es_ES\" \/>\n<meta property=\"og:type\" content=\"article\" \/>\n<meta property=\"og:title\" content=\"Elementos esenciales que deben estar presentes en las Constituciones - Somos Vicencianos\" \/>\n<meta property=\"og:description\" content=\"Premisa El tema que me ha sido confiado es muy t\u00e9cnico, netamente jur\u00eddico. Me he servido de algunos estudios, pero l\u00f3gicamente el punto de referencia obligado ha sido el C\u00f3digo de Derecho Can\u00f3nico con los ... Read More\" \/>\n<meta property=\"og:url\" content=\"http:\/\/vincentians.com\/es\/elementos-esenciales-que-deben-estar-presentes-en-las-constituciones\/\" \/>\n<meta property=\"og:site_name\" content=\"Somos Vicencianos\" \/>\n<meta property=\"article:publisher\" content=\"https:\/\/www.facebook.com\/WeAreVincentians\/\" \/>\n<meta property=\"article:author\" content=\"https:\/\/www.facebook.com\/JavierChento\" \/>\n<meta property=\"article:published_time\" content=\"2011-08-01T02:39:39+00:00\" \/>\n<meta name=\"author\" content=\"Francisco Javier Fern\u00e1ndez Chento\" \/>\n<meta name=\"twitter:card\" content=\"summary_large_image\" \/>\n<meta name=\"twitter:creator\" content=\"@https:\/\/twitter.com\/javierchento\" \/>\n<meta name=\"twitter:site\" content=\"@WeVincentians\" \/>\n<meta name=\"twitter:label1\" content=\"Escrito por\" \/>\n\t<meta name=\"twitter:data1\" content=\"Francisco Javier Fern\u00e1ndez Chento\" \/>\n\t<meta name=\"twitter:label2\" content=\"Tiempo de lectura\" \/>\n\t<meta name=\"twitter:data2\" content=\"27 minutos\" \/>\n<script type=\"application\/ld+json\" class=\"yoast-schema-graph\">{\"@context\":\"https:\/\/schema.org\",\"@graph\":[{\"@type\":\"Article\",\"@id\":\"http:\/\/vincentians.com\/es\/elementos-esenciales-que-deben-estar-presentes-en-las-constituciones\/#article\",\"isPartOf\":{\"@id\":\"http:\/\/vincentians.com\/es\/elementos-esenciales-que-deben-estar-presentes-en-las-constituciones\/\"},\"author\":{\"name\":\"Francisco Javier Fern\u00e1ndez Chento\",\"@id\":\"http:\/\/vincentians.com\/es\/#\/schema\/person\/9623ef4d9aa3b2dfb8c061f1499288f2\"},\"headline\":\"Elementos esenciales que deben estar presentes en las Constituciones\",\"datePublished\":\"2011-08-01T02:39:39+00:00\",\"mainEntityOfPage\":{\"@id\":\"http:\/\/vincentians.com\/es\/elementos-esenciales-que-deben-estar-presentes-en-las-constituciones\/\"},\"wordCount\":5356,\"commentCount\":0,\"publisher\":{\"@id\":\"http:\/\/vincentians.com\/es\/#organization\"},\"image\":{\"@id\":\"http:\/\/vincentians.com\/es\/elementos-esenciales-que-deben-estar-presentes-en-las-constituciones\/#primaryimage\"},\"thumbnailUrl\":\"\",\"articleSection\":[\"Hijas de la Caridad\"],\"inLanguage\":\"es\",\"potentialAction\":[{\"@type\":\"CommentAction\",\"name\":\"Comment\",\"target\":[\"http:\/\/vincentians.com\/es\/elementos-esenciales-que-deben-estar-presentes-en-las-constituciones\/#respond\"]}]},{\"@type\":\"WebPage\",\"@id\":\"http:\/\/vincentians.com\/es\/elementos-esenciales-que-deben-estar-presentes-en-las-constituciones\/\",\"url\":\"http:\/\/vincentians.com\/es\/elementos-esenciales-que-deben-estar-presentes-en-las-constituciones\/\",\"name\":\"Elementos esenciales que deben estar presentes en las Constituciones - Somos Vicencianos\",\"isPartOf\":{\"@id\":\"http:\/\/vincentians.com\/es\/#website\"},\"primaryImageOfPage\":{\"@id\":\"http:\/\/vincentians.com\/es\/elementos-esenciales-que-deben-estar-presentes-en-las-constituciones\/#primaryimage\"},\"image\":{\"@id\":\"http:\/\/vincentians.com\/es\/elementos-esenciales-que-deben-estar-presentes-en-las-constituciones\/#primaryimage\"},\"thumbnailUrl\":\"\",\"datePublished\":\"2011-08-01T02:39:39+00:00\",\"breadcrumb\":{\"@id\":\"http:\/\/vincentians.com\/es\/elementos-esenciales-que-deben-estar-presentes-en-las-constituciones\/#breadcrumb\"},\"inLanguage\":\"es\",\"potentialAction\":[{\"@type\":\"ReadAction\",\"target\":[\"http:\/\/vincentians.com\/es\/elementos-esenciales-que-deben-estar-presentes-en-las-constituciones\/\"]}]},{\"@type\":\"ImageObject\",\"inLanguage\":\"es\",\"@id\":\"http:\/\/vincentians.com\/es\/elementos-esenciales-que-deben-estar-presentes-en-las-constituciones\/#primaryimage\",\"url\":\"\",\"contentUrl\":\"\"},{\"@type\":\"BreadcrumbList\",\"@id\":\"http:\/\/vincentians.com\/es\/elementos-esenciales-que-deben-estar-presentes-en-las-constituciones\/#breadcrumb\",\"itemListElement\":[{\"@type\":\"ListItem\",\"position\":1,\"name\":\"Portada\",\"item\":\"http:\/\/vincentians.com\/es\/\"},{\"@type\":\"ListItem\",\"position\":2,\"name\":\"Elementos esenciales que deben estar presentes en las Constituciones\"}]},{\"@type\":\"WebSite\",\"@id\":\"http:\/\/vincentians.com\/es\/#website\",\"url\":\"http:\/\/vincentians.com\/es\/\",\"name\":\"Somos Vicencianos\",\"description\":\"Know more to serve more\",\"publisher\":{\"@id\":\"http:\/\/vincentians.com\/es\/#organization\"},\"potentialAction\":[{\"@type\":\"SearchAction\",\"target\":{\"@type\":\"EntryPoint\",\"urlTemplate\":\"http:\/\/vincentians.com\/es\/?s={search_term_string}\"},\"query-input\":{\"@type\":\"PropertyValueSpecification\",\"valueRequired\":true,\"valueName\":\"search_term_string\"}}],\"inLanguage\":\"es\"},{\"@type\":\"Organization\",\"@id\":\"http:\/\/vincentians.com\/es\/#organization\",\"name\":\"The Vincentian Network\",\"url\":\"http:\/\/vincentians.com\/es\/\",\"logo\":{\"@type\":\"ImageObject\",\"inLanguage\":\"es\",\"@id\":\"http:\/\/vincentians.com\/es\/#\/schema\/logo\/image\/\",\"url\":\"https:\/\/i1.wp.com\/vincentians.com\/es\/wp-content\/uploads\/sites\/11\/2016\/06\/Vincentian-Network-logo-big.png?fit=778%2C778\",\"contentUrl\":\"https:\/\/i1.wp.com\/vincentians.com\/es\/wp-content\/uploads\/sites\/11\/2016\/06\/Vincentian-Network-logo-big.png?fit=778%2C778\",\"width\":778,\"height\":778,\"caption\":\"The Vincentian Network\"},\"image\":{\"@id\":\"http:\/\/vincentians.com\/es\/#\/schema\/logo\/image\/\"},\"sameAs\":[\"https:\/\/www.facebook.com\/WeAreVincentians\/\",\"https:\/\/x.com\/WeVincentians\"]},{\"@type\":\"Person\",\"@id\":\"http:\/\/vincentians.com\/es\/#\/schema\/person\/9623ef4d9aa3b2dfb8c061f1499288f2\",\"name\":\"Francisco Javier Fern\u00e1ndez Chento\",\"image\":{\"@type\":\"ImageObject\",\"inLanguage\":\"es\",\"@id\":\"http:\/\/vincentians.com\/es\/#\/schema\/person\/image\/\",\"url\":\"https:\/\/secure.gravatar.com\/avatar\/497d5cde87b4c3d097d0315953521681ba2cd523ee66e5077c3711f7021e65de?s=96&d=mm&r=g\",\"contentUrl\":\"https:\/\/secure.gravatar.com\/avatar\/497d5cde87b4c3d097d0315953521681ba2cd523ee66e5077c3711f7021e65de?s=96&d=mm&r=g\",\"caption\":\"Francisco Javier Fern\u00e1ndez Chento\"},\"description\":\"Director General y cofundador de La Red de Formaci\u00f3n Vicenciana. Javier es laico vicenciano, afiliado a la Congregaci\u00f3n de la Misi\u00f3n y miembro del Equipo de Misiones Populares de la provincia can\u00f3nica de Zaragoza (Espa\u00f1a) de la Congregaci\u00f3n de la Misi\u00f3n. Graduado en la Universidad Oberta de Catalunya con cuatro grados (Asistente de direcci\u00f3n, Gesti\u00f3n Administrativa, Recursos Humanos y Contabilidad Avanzada). Bil\u00edng\u00fce Espa\u00f1ol\/Ingl\u00e9s. gestiona y mantiene varias p\u00e1ginas web cristianas y vicencianas, incluida including La Red de Formaci\u00f3n Vicenciana, de la que es cofundador. Actualmente es responsable del \u00e1rea de Espa\u00f1ol de .famvin, la Red de Noticias de la Familia Vicenciana. Tambi\u00e9n es m\u00fasico cat\u00f3lico y ha editado varios discos. Es Director General y cofundador de Trovador, una reconocida compa\u00f1\u00eda discogr\u00e1fica critiana de Espa\u00f1a. Trabaja en las Tecnolog\u00edas de la Informaci\u00f3n, ofreciendo servicios de alojamiento, dise\u00f1o y mantenimiento Web, as\u00ed como asesoramiento, formaci\u00f3n y soluciones inform\u00e1ticas, gesti\u00f3n documental y digitalizaci\u00f3n de textos, edici\u00f3n y maquetaci\u00f3n de libros, revistas, flyers, etc.\",\"sameAs\":[\"http:\/\/chento.org\",\"https:\/\/www.facebook.com\/JavierChento\",\"https:\/\/x.com\/https:\/\/twitter.com\/javierchento\"],\"url\":\"http:\/\/vincentians.com\/es\/author\/chento\/\"}]}<\/script>\n<!-- \/ Yoast SEO plugin. -->","yoast_head_json":{"title":"Elementos esenciales que deben estar presentes en las Constituciones - Somos Vicencianos","robots":{"index":"index","follow":"follow","max-snippet":"max-snippet:-1","max-image-preview":"max-image-preview:large","max-video-preview":"max-video-preview:-1"},"canonical":"http:\/\/vincentians.com\/es\/elementos-esenciales-que-deben-estar-presentes-en-las-constituciones\/","og_locale":"es_ES","og_type":"article","og_title":"Elementos esenciales que deben estar presentes en las Constituciones - Somos Vicencianos","og_description":"Premisa El tema que me ha sido confiado es muy t\u00e9cnico, netamente jur\u00eddico. Me he servido de algunos estudios, pero l\u00f3gicamente el punto de referencia obligado ha sido el C\u00f3digo de Derecho Can\u00f3nico con los ... Read More","og_url":"http:\/\/vincentians.com\/es\/elementos-esenciales-que-deben-estar-presentes-en-las-constituciones\/","og_site_name":"Somos Vicencianos","article_publisher":"https:\/\/www.facebook.com\/WeAreVincentians\/","article_author":"https:\/\/www.facebook.com\/JavierChento","article_published_time":"2011-08-01T02:39:39+00:00","author":"Francisco Javier Fern\u00e1ndez Chento","twitter_card":"summary_large_image","twitter_creator":"@https:\/\/twitter.com\/javierchento","twitter_site":"@WeVincentians","twitter_misc":{"Escrito por":"Francisco Javier Fern\u00e1ndez Chento","Tiempo de lectura":"27 minutos"},"schema":{"@context":"https:\/\/schema.org","@graph":[{"@type":"Article","@id":"http:\/\/vincentians.com\/es\/elementos-esenciales-que-deben-estar-presentes-en-las-constituciones\/#article","isPartOf":{"@id":"http:\/\/vincentians.com\/es\/elementos-esenciales-que-deben-estar-presentes-en-las-constituciones\/"},"author":{"name":"Francisco Javier Fern\u00e1ndez Chento","@id":"http:\/\/vincentians.com\/es\/#\/schema\/person\/9623ef4d9aa3b2dfb8c061f1499288f2"},"headline":"Elementos esenciales que deben estar presentes en las Constituciones","datePublished":"2011-08-01T02:39:39+00:00","mainEntityOfPage":{"@id":"http:\/\/vincentians.com\/es\/elementos-esenciales-que-deben-estar-presentes-en-las-constituciones\/"},"wordCount":5356,"commentCount":0,"publisher":{"@id":"http:\/\/vincentians.com\/es\/#organization"},"image":{"@id":"http:\/\/vincentians.com\/es\/elementos-esenciales-que-deben-estar-presentes-en-las-constituciones\/#primaryimage"},"thumbnailUrl":"","articleSection":["Hijas de la Caridad"],"inLanguage":"es","potentialAction":[{"@type":"CommentAction","name":"Comment","target":["http:\/\/vincentians.com\/es\/elementos-esenciales-que-deben-estar-presentes-en-las-constituciones\/#respond"]}]},{"@type":"WebPage","@id":"http:\/\/vincentians.com\/es\/elementos-esenciales-que-deben-estar-presentes-en-las-constituciones\/","url":"http:\/\/vincentians.com\/es\/elementos-esenciales-que-deben-estar-presentes-en-las-constituciones\/","name":"Elementos esenciales que deben estar presentes en las Constituciones - Somos Vicencianos","isPartOf":{"@id":"http:\/\/vincentians.com\/es\/#website"},"primaryImageOfPage":{"@id":"http:\/\/vincentians.com\/es\/elementos-esenciales-que-deben-estar-presentes-en-las-constituciones\/#primaryimage"},"image":{"@id":"http:\/\/vincentians.com\/es\/elementos-esenciales-que-deben-estar-presentes-en-las-constituciones\/#primaryimage"},"thumbnailUrl":"","datePublished":"2011-08-01T02:39:39+00:00","breadcrumb":{"@id":"http:\/\/vincentians.com\/es\/elementos-esenciales-que-deben-estar-presentes-en-las-constituciones\/#breadcrumb"},"inLanguage":"es","potentialAction":[{"@type":"ReadAction","target":["http:\/\/vincentians.com\/es\/elementos-esenciales-que-deben-estar-presentes-en-las-constituciones\/"]}]},{"@type":"ImageObject","inLanguage":"es","@id":"http:\/\/vincentians.com\/es\/elementos-esenciales-que-deben-estar-presentes-en-las-constituciones\/#primaryimage","url":"","contentUrl":""},{"@type":"BreadcrumbList","@id":"http:\/\/vincentians.com\/es\/elementos-esenciales-que-deben-estar-presentes-en-las-constituciones\/#breadcrumb","itemListElement":[{"@type":"ListItem","position":1,"name":"Portada","item":"http:\/\/vincentians.com\/es\/"},{"@type":"ListItem","position":2,"name":"Elementos esenciales que deben estar presentes en las Constituciones"}]},{"@type":"WebSite","@id":"http:\/\/vincentians.com\/es\/#website","url":"http:\/\/vincentians.com\/es\/","name":"Somos Vicencianos","description":"Know more to serve more","publisher":{"@id":"http:\/\/vincentians.com\/es\/#organization"},"potentialAction":[{"@type":"SearchAction","target":{"@type":"EntryPoint","urlTemplate":"http:\/\/vincentians.com\/es\/?s={search_term_string}"},"query-input":{"@type":"PropertyValueSpecification","valueRequired":true,"valueName":"search_term_string"}}],"inLanguage":"es"},{"@type":"Organization","@id":"http:\/\/vincentians.com\/es\/#organization","name":"The Vincentian Network","url":"http:\/\/vincentians.com\/es\/","logo":{"@type":"ImageObject","inLanguage":"es","@id":"http:\/\/vincentians.com\/es\/#\/schema\/logo\/image\/","url":"https:\/\/i1.wp.com\/vincentians.com\/es\/wp-content\/uploads\/sites\/11\/2016\/06\/Vincentian-Network-logo-big.png?fit=778%2C778","contentUrl":"https:\/\/i1.wp.com\/vincentians.com\/es\/wp-content\/uploads\/sites\/11\/2016\/06\/Vincentian-Network-logo-big.png?fit=778%2C778","width":778,"height":778,"caption":"The Vincentian Network"},"image":{"@id":"http:\/\/vincentians.com\/es\/#\/schema\/logo\/image\/"},"sameAs":["https:\/\/www.facebook.com\/WeAreVincentians\/","https:\/\/x.com\/WeVincentians"]},{"@type":"Person","@id":"http:\/\/vincentians.com\/es\/#\/schema\/person\/9623ef4d9aa3b2dfb8c061f1499288f2","name":"Francisco Javier Fern\u00e1ndez Chento","image":{"@type":"ImageObject","inLanguage":"es","@id":"http:\/\/vincentians.com\/es\/#\/schema\/person\/image\/","url":"https:\/\/secure.gravatar.com\/avatar\/497d5cde87b4c3d097d0315953521681ba2cd523ee66e5077c3711f7021e65de?s=96&d=mm&r=g","contentUrl":"https:\/\/secure.gravatar.com\/avatar\/497d5cde87b4c3d097d0315953521681ba2cd523ee66e5077c3711f7021e65de?s=96&d=mm&r=g","caption":"Francisco Javier Fern\u00e1ndez Chento"},"description":"Director General y cofundador de La Red de Formaci\u00f3n Vicenciana. Javier es laico vicenciano, afiliado a la Congregaci\u00f3n de la Misi\u00f3n y miembro del Equipo de Misiones Populares de la provincia can\u00f3nica de Zaragoza (Espa\u00f1a) de la Congregaci\u00f3n de la Misi\u00f3n. Graduado en la Universidad Oberta de Catalunya con cuatro grados (Asistente de direcci\u00f3n, Gesti\u00f3n Administrativa, Recursos Humanos y Contabilidad Avanzada). Bil\u00edng\u00fce Espa\u00f1ol\/Ingl\u00e9s. gestiona y mantiene varias p\u00e1ginas web cristianas y vicencianas, incluida including La Red de Formaci\u00f3n Vicenciana, de la que es cofundador. Actualmente es responsable del \u00e1rea de Espa\u00f1ol de .famvin, la Red de Noticias de la Familia Vicenciana. Tambi\u00e9n es m\u00fasico cat\u00f3lico y ha editado varios discos. Es Director General y cofundador de Trovador, una reconocida compa\u00f1\u00eda discogr\u00e1fica critiana de Espa\u00f1a. Trabaja en las Tecnolog\u00edas de la Informaci\u00f3n, ofreciendo servicios de alojamiento, dise\u00f1o y mantenimiento Web, as\u00ed como asesoramiento, formaci\u00f3n y soluciones inform\u00e1ticas, gesti\u00f3n documental y digitalizaci\u00f3n de textos, edici\u00f3n y maquetaci\u00f3n de libros, revistas, flyers, etc.","sameAs":["http:\/\/chento.org","https:\/\/www.facebook.com\/JavierChento","https:\/\/x.com\/https:\/\/twitter.com\/javierchento"],"url":"http:\/\/vincentians.com\/es\/author\/chento\/"}]}},"jetpack_publicize_connections":[],"jetpack_featured_media_url":"","jetpack_sharing_enabled":true,"jetpack_shortlink":"https:\/\/wp.me\/p7ETMF-clY","jetpack-related-posts":[{"id":117162,"url":"http:\/\/vincentians.com\/es\/in-spiritu-sancto\/","url_meta":{"origin":47490,"position":0},"title":"In Spiritu Sancto","author":"Francisco Javier Fern\u00e1ndez Chento","date":"03\/01\/2013","format":false,"excerpt":"BREVE PONTIFICIO ''IN SPIRITU SANCTO'' PARA CLAUSURAR EL CONCILIO VATICANO II PABLO VI PARA PERPETUA MEMORIA 8 de diciembre de 1965 El Concilio Vaticano II, reunido en el Esp\u00edritu Santo y bajo la protecci\u00f3n de la Bienaventurada Virgen Mar\u00eda, que hemos declarado Madre de la Iglesia, y de San Jos\u00e9,\u2026","rel":"","context":"En \u00abConcilio Vaticano II\u00bb","block_context":{"text":"Concilio Vaticano II","link":"http:\/\/vincentians.com\/es\/category\/formacion-cristiana\/concilios-ecumenicos\/concilio-vaticano-ii\/"},"img":{"alt_text":"","src":"","width":0,"height":0},"classes":[]},{"id":126479,"url":"http:\/\/vincentians.com\/es\/el-laicado-vicenciano-a-la-luz-del-vaticano-ii\/","url_meta":{"origin":47490,"position":1},"title":"El Laicado Vicenciano a la luz del Vaticano II","author":"Francisco Javier Fern\u00e1ndez Chento","date":"26\/08\/2019","format":false,"excerpt":"De entrada, confieso mi rubor y mi atrevimiento. Porque soy consciente de que puedo caer en la sempiterna tentaci\u00f3n del t\u00edpico cl\u00e9rigo que, desde las alambradas del dogmatismo, se permite adoctrinar a los \"pobrecitos\" laicos, como si ellos no fueran mayores de edad y protagonis\u00adtas de su compromiso vital. Sin\u2026","rel":"","context":"En \u00abFormaci\u00f3n Vicenciana\u00bb","block_context":{"text":"Formaci\u00f3n Vicenciana","link":"http:\/\/vincentians.com\/es\/category\/formacion-vicenciana\/"},"img":{"alt_text":"","src":"https:\/\/i0.wp.com\/vincentians.com\/es\/wp-content\/uploads\/sites\/11\/2016\/09\/vincentian-missionarie.jpg?fit=846%2C444&resize=350%2C200","width":350,"height":200,"srcset":"https:\/\/i0.wp.com\/vincentians.com\/es\/wp-content\/uploads\/sites\/11\/2016\/09\/vincentian-missionarie.jpg?fit=846%2C444&resize=350%2C200 1x, https:\/\/i0.wp.com\/vincentians.com\/es\/wp-content\/uploads\/sites\/11\/2016\/09\/vincentian-missionarie.jpg?fit=846%2C444&resize=525%2C300 1.5x, https:\/\/i0.wp.com\/vincentians.com\/es\/wp-content\/uploads\/sites\/11\/2016\/09\/vincentian-missionarie.jpg?fit=846%2C444&resize=700%2C400 2x"},"classes":[]},{"id":136771,"url":"http:\/\/vincentians.com\/es\/amigos-de-los-sacerdotes\/","url_meta":{"origin":47490,"position":2},"title":"Amigos de los sacerdotes","author":"Francisco Javier Fern\u00e1ndez Chento","date":"01\/02\/2015","format":false,"excerpt":"\u00abEsa copa de la bendici\u00f3n que bendecimos, \u00bfno signifi\u00adca solidaridad con la sangre del Mes\u00edas? Ese pan que partimos, \u00bfno significa soli\u00addaridad con el Cuerpo del Mes\u00edas?\u00bb (I Cor 10,16). \u00abPresten, adem\u00e1s, los Misio\u00adneros ayuda espiritual a los sacerdotes, favoreciendo su formaci\u00f3n continua y fomen\u00adtando el estudio pastoral. Susciten en\u2026","rel":"","context":"En \u00abEspiritualidad vicenciana\u00bb","block_context":{"text":"Espiritualidad vicenciana","link":"http:\/\/vincentians.com\/es\/category\/espiritualidad\/espiritualidad-vicenciana\/"},"img":{"alt_text":"","src":"","width":0,"height":0},"classes":[]},{"id":114699,"url":"http:\/\/vincentians.com\/es\/novena-a-la-virgen-milagrosa-2012-dia-5o\/","url_meta":{"origin":47490,"position":3},"title":"Novena a la Virgen Milagrosa 2012: D\u00eda 5\u00ba","author":"Francisco Javier Fern\u00e1ndez Chento","date":"23\/11\/2012","format":false,"excerpt":"Todo Concilio es una hora de Dios para el mundo MONICI\u00d3N DE ENTRADA Bienvenidos a nuestra celebraci\u00f3n convocados tambi\u00e9n hoy por la Virgen de la Medalla Milagrosa. En el Concilio Vaticano II hubo tres tendencias sobre la Virgen: como una creyente m\u00e1s del Pueblo de Dios; como una persona aut\u00f3noma\u2026","rel":"","context":"En \u00abVirgen Mar\u00eda\u00bb","block_context":{"text":"Virgen Mar\u00eda","link":"http:\/\/vincentians.com\/es\/category\/espiritualidad\/virgen-maria\/"},"img":{"alt_text":"","src":"https:\/\/i0.wp.com\/vicencianos.org\/wp-content\/2012\/11\/novena_milagrosa_2012_portada-211x300.jpg?resize=350%2C200","width":350,"height":200},"classes":[]},{"id":132287,"url":"http:\/\/vincentians.com\/es\/documentos-del-concilio-vaticano-ii\/","url_meta":{"origin":47490,"position":4},"title":"Documentos del Concilio Vaticano II","author":"Francisco Javier Fern\u00e1ndez Chento","date":"07\/12\/2014","format":false,"excerpt":"Constituciones Exponen el pensamiento permanente de Ia Iglesia sobre los grandes problemas ideol\u00f3gicos relacionados con la fe o las costumbres. Dei Verbum Lumen Gentium Sacrosanctum Concilium Gaudium et Spes Declaraciones Ordenan cu\u00e1l es la conducta a seguir por los cristianos ante un determinado punto. Gravissimum Educationis Nostra Aetate Dignitatis Humanae\u2026","rel":"","context":"En \u00abFormaci\u00f3n Cristiana\u00bb","block_context":{"text":"Formaci\u00f3n Cristiana","link":"http:\/\/vincentians.com\/es\/category\/formacion-cristiana\/"},"img":{"alt_text":"el_c_v_ii_en_sus_documentos","src":"https:\/\/i0.wp.com\/vicencianos.org\/wp-content\/2013\/04\/el_c_v_ii_en_sus_documentos.jpg?resize=350%2C200","width":350,"height":200,"srcset":"https:\/\/i0.wp.com\/vicencianos.org\/wp-content\/2013\/04\/el_c_v_ii_en_sus_documentos.jpg?resize=350%2C200 1x, https:\/\/i0.wp.com\/vicencianos.org\/wp-content\/2013\/04\/el_c_v_ii_en_sus_documentos.jpg?resize=525%2C300 1.5x, https:\/\/i0.wp.com\/vicencianos.org\/wp-content\/2013\/04\/el_c_v_ii_en_sus_documentos.jpg?resize=700%2C400 2x, https:\/\/i0.wp.com\/vicencianos.org\/wp-content\/2013\/04\/el_c_v_ii_en_sus_documentos.jpg?resize=1050%2C600 3x, https:\/\/i0.wp.com\/vicencianos.org\/wp-content\/2013\/04\/el_c_v_ii_en_sus_documentos.jpg?resize=1400%2C800 4x"},"classes":[]},{"id":116286,"url":"http:\/\/vincentians.com\/es\/apostolicam-actuositatem\/","url_meta":{"origin":47490,"position":5},"title":"Apostolicam Actuositatem","author":"Francisco Javier Fern\u00e1ndez Chento","date":"16\/12\/2012","format":false,"excerpt":"DECRETO APOSTOLICAM ACTUOSITATEM SOBRE EL APOSTOLADO DE LOS LAICOS Proemio 1. Queriendo intensificar m\u00e1s la actividad apost\u00f3lica del Pueblo de Dios, el Santo Concilio se dirige sol\u00edcitamente a los cristianos seglares, cuyo papel propio y enteramente necesario en la misi\u00f3n de la Iglesia ya ha mencionado en otros lugares. Porque\u2026","rel":"","context":"En \u00abConcilio Vaticano II\u00bb","block_context":{"text":"Concilio Vaticano II","link":"http:\/\/vincentians.com\/es\/category\/formacion-cristiana\/concilios-ecumenicos\/concilio-vaticano-ii\/"},"img":{"alt_text":"","src":"","width":0,"height":0},"classes":[]}],"_links":{"self":[{"href":"http:\/\/vincentians.com\/es\/wp-json\/wp\/v2\/posts\/47490","targetHints":{"allow":["GET"]}}],"collection":[{"href":"http:\/\/vincentians.com\/es\/wp-json\/wp\/v2\/posts"}],"about":[{"href":"http:\/\/vincentians.com\/es\/wp-json\/wp\/v2\/types\/post"}],"author":[{"embeddable":true,"href":"http:\/\/vincentians.com\/es\/wp-json\/wp\/v2\/users\/4"}],"replies":[{"embeddable":true,"href":"http:\/\/vincentians.com\/es\/wp-json\/wp\/v2\/comments?post=47490"}],"version-history":[{"count":0,"href":"http:\/\/vincentians.com\/es\/wp-json\/wp\/v2\/posts\/47490\/revisions"}],"wp:featuredmedia":[{"embeddable":true,"href":"http:\/\/vincentians.com\/es\/wp-json\/"}],"wp:attachment":[{"href":"http:\/\/vincentians.com\/es\/wp-json\/wp\/v2\/media?parent=47490"}],"wp:term":[{"taxonomy":"category","embeddable":true,"href":"http:\/\/vincentians.com\/es\/wp-json\/wp\/v2\/categories?post=47490"},{"taxonomy":"post_tag","embeddable":true,"href":"http:\/\/vincentians.com\/es\/wp-json\/wp\/v2\/tags?post=47490"}],"curies":[{"name":"wp","href":"https:\/\/api.w.org\/{rel}","templated":true}]}}