{"id":46513,"date":"2011-07-31T07:54:15","date_gmt":"2011-07-31T05:54:15","guid":{"rendered":"http:\/\/somos.vicencianos.org\/?p=46513"},"modified":"2011-07-31T07:54:15","modified_gmt":"2011-07-31T05:54:15","slug":"la-caridad-y-la-promocion-humana-en-la-mision","status":"publish","type":"post","link":"http:\/\/vincentians.com\/es\/la-caridad-y-la-promocion-humana-en-la-mision\/","title":{"rendered":"La caridad y la promoci\u00f3n humana en la misi\u00f3n"},"content":{"rendered":"<p><a href=\"https:\/\/i0.wp.com\/vicencianos.org\/wp-content\/2011\/07\/promo_humana.jpg\"><img data-recalc-dims=\"1\" loading=\"lazy\" decoding=\"async\" class=\"alignright size-medium wp-image-46517\" title=\"promo_humana\" src=\"https:\/\/i0.wp.com\/vicencianos.org\/wp-content\/2011\/07\/promo_humana-235x300.jpg?resize=235%2C300\" alt=\"\" width=\"235\" height=\"300\" \/><\/a>En primer lugar presento la s\u00edntesis de la din\u00e1mica y de los tiempos de nuestra tarea:<\/p>\n<ol>\n<li>La Misi\u00f3n se prepara y organiza siempre por los Misioneros de acuerdo con el P\u00e1rroco y con los grupos existentes en la parroquia. Se establece el tema principal, el per\u00edodo m\u00e1s oportuno y se preparan todos los aspectos log\u00edsticos mejores para el buen \u00e9xito de la Misi\u00f3n. En cuanto es posible, participan en estos encuentros los representantes del grupo, teniendo as\u00ed un primer contacto con la realidad en la que trabajar\u00e1n.<\/li>\n<li>En nuestro grupo trabajamos en parejas, laica y Hermana. Seg\u00fan las exigencias de la comunidad, y de nuestra disponibilidad, toman parte dos o m\u00e1s parejas. Nuestro compromiso es de una o dos semanas. Llegamos siete d\u00edas antes de los Misioneros; en la primera parte trabajamos solos, en la segunda seguimos nuestro trabajo, mientras los sacerdotes inician el suyo.<\/li>\n<li>El d\u00eda de llegada, normalmente con una sencilla y atractiva ceremonia en la celebraci\u00f3n de la Misa, o de las V\u00edsperas, el P\u00e1rroco, ante la comunidad reunida en oraci\u00f3n, conf\u00eda el mandato y entrega el crucifijo a los misioneros; este es el momento en que comienza oficialmente nuestra labor.<\/li>\n<li>Nos alojamos con las familias que se prestan a ofrecer este servicio. Normalmente las comidas se hacen juntos y el alojamiento tiene lugar seg\u00fan las posibilidades disponibles.<\/li>\n<\/ol>\n<p>Despu\u00e9s se inician las visitas a las familias. Partiendo de la periferia para despu\u00e9s dirigirnos hacia el centro, nos comprometemos a ponernos en contacto con todos los n\u00facleos familiares. Al ponernos en contacto con ellos, les presentamos el programa de la Misi\u00f3n y tratamos de sensibilizarles sobre los compromisos que este tiempo de Gracia especial lleva consigo, tratamos tambi\u00e9n de establecer una buena y cordial relaci\u00f3n y en el buen clima, creado f\u00e1cilmente, llegamos al conocimiento de los diversos problemas con que se enfrentan las familias: sufrimientos f\u00edsicos y morales, dificultades y problemas de diversa naturaleza. Se nos ofrece una segunda oportunidad, para los casos que lo aconsejan, de sugerir el <br \/> encuentro con el misionero, e incluso, con frecuencia nos comprometemos a comunicar al misionero los casos de ancianos y enfermos.<\/p>\n<p>Este tipo de acercamiento nos permite conocer los problemas, las dificultades e incluso las alegr\u00edas de las personas con quienes nos encontramos. Esto supone ya en s\u00ed un anuncio, aunque sea de manera muy sencilla, de Cristo y del Evangelio, en espera de un anuncio m\u00e1s sistem\u00e1tico y completo por parte de los misioneros.<\/p>\n<p>Como Hija de la Caridad, mi experiencia en las Misiones ha sido siempre maravillosa, existen momentos de gran enriquecimiento y de encuentro con realidades distintas de mi quehacer cotidiano. A trav\u00e9s de estas experiencias, he tenido la oportunidad de adquirir una mayor sensibilidad y atenci\u00f3n a los problemas que se presentan, estimul\u00e1ndome a una mayor apertura y disponibilidad. Como dec\u00eda la Madre Gillemen, \u00abLa Hija de la Caridad debe abrirse a todos los horizontes del mundo\u00bb atenta, como San Vicente, a las nuevas realidades que se encuentran, es decir a los signos de los tiempos.<\/p>\n<p>Ciertamente, no es una novedad, pero la dificultad con que nos encontramos con m\u00e1s frecuencia es la de los \u00abalejados\u00bb. Este problema es dif\u00edcil de enfocar ya que, son muchos los motivos que llevan al alejamiento de la pr\u00e1ctica y del compromiso en la vida eclesial. Incluso en los casos m\u00e1s complejos, aquellos que dicen que no tienen ning\u00fan inter\u00e9s en lo referente a Dios, nuestra actitud debe ser siempre cristiana, yendo al encuentro de las personas, ante todo, bien enraizadas en Dios, anunciando, siempre y s\u00f3lo en nombre de la Iglesia con la caridad, presentada si es necesario en forma material, y acompa\u00f1ada de la oraci\u00f3n al estilo de San Vicente.<\/p>\n<p>En nuestro Directorio tenemos una gu\u00eda precisa y atenta. Permitidme citar un punto, el n\u00ba 40 dice<\/p>\n<p style=\"padding-left: 30px\">&#8230;<em>Testigos de Cristo, Se\u00f1or de nuestra vida, nos esforzaremos a fin de que, a trav\u00e9s nuestro, las personas con quienes nos encontramos y nos escuchan sean encaminados, a encontrarse con \u00c9l<\/em>&#8230;.<\/p>\n<p>La experiencia m\u00e1s grata que encuentro en las Misiones es el constatar el retorno a la Casa del Padre de los alejados, la grande y profunda alegr\u00eda que experimentan con el perd\u00f3n obtenido despu\u00e9s de un largo tiempo, la evidencia de felicidad al sentirse libres, sin el peso de fardos pesad\u00edsimos y desalentadores.<\/p>\n<p>Es muy importante disponer a las almas para el di\u00e1logo, sobre todo en el interior de las familias, porque son frecuentes los casos de soledad profunda, incluso de quien vive con los parientes y familiares, c\u00f3nyuges, padres e hijos. Continuamente constatamos la incapacidad para el di\u00e1logo y la escucha, casi para confirmar el viejo dicho que afirma que \u00abno se est\u00e1 nunca tan s\u00f3lo como cuando se est\u00e1 en compa\u00f1\u00eda\u00bb. Por ello dedicamos una atenci\u00f3n especial a estos casos en que se pone de manifiesto el deseo sencillo y elemental de encontrar alguien con quien hablar.<\/p>\n<p>Con frecuencia nos encontramos con personas que no piden nada m\u00e1s que un poco de atenci\u00f3n, alg\u00fan minuto de nuestro tiempo en que nos hablan y que, mientras lo \u00fanico que <br \/> hacemos es escucharlos, se sienten importantes. Muchas veces, de esta escucha desinteresada, atenta y prudente por parte de nuestros Misioneros, surgen confidencias verdaderamente conmovedoras. Nos damos cuenta de que, con frecuencia, esto sucede por el hecho de que, al no conocernos, se supera la barrera del pudor y del respeto humano, obst\u00e1culo frecuente para una sinceridad sin reservas. Pero tambi\u00e9n es verdad que ello nos compromete todav\u00eda m\u00e1s, no s\u00f3lo al deber de la reserva, sino al respeto y a la gratitud hacia quien nos han honrado con su estima y confianza.<\/p>\n<p>El encuentro lo concluimos con una breve oraci\u00f3n, un saludo cordial y afectuoso, un hasta luego durante los diversos encuentros de la Misi\u00f3n. Y as\u00ed, de casa en casa, de familia en familia, comenzando por las \u00faltimas casas del lugar, poco a poco vamos hacia el centro&#8230;.<\/p>\n<p>En mi experiencia en las misiones, he aprendido una gran lecci\u00f3n, es decir, el deber de respetar en grado m\u00e1ximo a quienquiera que encuentre: puedo no comprender, tengo el derecho de no compartir, tengo el deber de respetar. Todos los d\u00edas me encuentro con culturas y modos de ser completamente diversos a mi educaci\u00f3n y formaci\u00f3n. Recuerdo una frase importante de Pablo VI que, nos recordaba que en nuestros d\u00edas, no se necesitan anunciadores sino testigos. Todos los d\u00edas la vida cotidiana me recuerda que incluso, y sobre todo las personas m\u00e1s pobres en todos los sentidos, aquellas que ya no tienen nada, quienes han perdido todo, me hacen comprender con su silencio, con su dolor, que esperan de mi, solamente, ser ayudadas a recobrar de nuevo su dignidad. Yo estoy \u00fanicamente en su camino para acompa\u00f1arlas durante un breve recorrido, debo caminar con ellas, mostrarles con hechos que siempre es posible reemprender la marcha que, quiz\u00e1s, hab\u00edan olvidado.<\/p>\n<p>Esta es la promoci\u00f3n humana, como me ha sido ense\u00f1ada en el servicio que presto en las Misiones y me parece que as\u00ed est\u00e1 comprendida en el contexto global de la evangelizaci\u00f3n, e incluso reforzada en un documento pastoral de los Obispos italianos titulado \u00abEvangelizaci\u00f3n y Sacramentos\u00bb. En la p\u00e1g. 33, n\u00ba 81, leemos \u00ab&#8230;La prudente presencia y la valorizaci\u00f3n consecuente de todos los aspectos de la promoci\u00f3n humana, a los que son tan sensibles los hombres de nuestro tiempo. Tales aspectos est\u00e1n en la base del Evangelio y son encarnados y vividos en la vida de la Iglesia. La realidad sacramental, adaptada al hombre en su ser concreto, entendida en toda la profundidad de su estructura, no hace nada m\u00e1s que reconocer y propugnar, como signo, la exigencia de esta promoci\u00f3n, la liberaci\u00f3n, la justicia, la paz\u00bb<\/p>\n<p>Y vosotros, Sacerdotes, Hermanas y Laicos, que conoc\u00e9is mejor que yo cuanto ha afirmado el Concilio, sab\u00e9is que a nosotros nos toca, sobre todo en las misiones, acoger y puntualizar las orientaciones de la Iglesia.<\/p>\n<p>Ciertamente, esto se le presenta a nuestra gente con mucho tacto, sin imponerse jam\u00e1s, en el respeto rec\u00edproco, incluso a quien non comparte mi fe, haci\u00e9ndoles comprender que la Iglesia esta compuesta de todos los bautizados que profesan la fe.<\/p>\n<p>A Mar\u00eda y a San Vicente, evangelizador y siervo de los pobres, encomendamos nuestro compromiso; que ellos nos gu\u00eden en el anuncio del Evangelio de Cristo, nos bendigan a nosotros y a las personas con quienes nos hemos encontrado y con las que encontraremos en las misiones en el futuro.<\/p>\n","protected":false},"excerpt":{"rendered":"<p>En primer lugar presento la s\u00edntesis de la din\u00e1mica y de los tiempos de nuestra tarea: La Misi\u00f3n se prepara y organiza siempre por los Misioneros de acuerdo con el P\u00e1rroco y con los grupos &#8230; <a href=\"http:\/\/vincentians.com\/es\/la-caridad-y-la-promocion-humana-en-la-mision\/\" class=\"more-link\">Read More<\/a><\/p>\n","protected":false},"author":4,"featured_media":46517,"comment_status":"open","ping_status":"open","sticky":false,"template":"","format":"standard","meta":{"jetpack_post_was_ever_published":false,"_jetpack_newsletter_access":"","_jetpack_dont_email_post_to_subs":false,"_jetpack_newsletter_tier_id":0,"_jetpack_memberships_contains_paywalled_content":false,"_jetpack_memberships_contains_paid_content":false,"footnotes":"","jetpack_publicize_message":"","jetpack_publicize_feature_enabled":true,"jetpack_social_post_already_shared":true,"jetpack_social_options":{"image_generator_settings":{"template":"highway","default_image_id":0,"font":"","enabled":false},"version":2}},"categories":[226],"tags":[],"class_list":["post-46513","post","type-post","status-publish","format-standard","has-post-thumbnail","hentry","category-espiritualidad-vicenciana"],"yoast_head":"<!-- This site is optimized with the Yoast SEO plugin v26.3 - https:\/\/yoast.com\/wordpress\/plugins\/seo\/ -->\n<title>La caridad y la promoci\u00f3n humana en la misi\u00f3n - Somos Vicencianos<\/title>\n<meta name=\"robots\" content=\"index, follow, max-snippet:-1, max-image-preview:large, max-video-preview:-1\" \/>\n<link rel=\"canonical\" href=\"http:\/\/vincentians.com\/es\/la-caridad-y-la-promocion-humana-en-la-mision\/\" \/>\n<meta property=\"og:locale\" content=\"es_ES\" \/>\n<meta property=\"og:type\" content=\"article\" \/>\n<meta property=\"og:title\" content=\"La caridad y la promoci\u00f3n humana en la misi\u00f3n - Somos Vicencianos\" \/>\n<meta property=\"og:description\" content=\"En primer lugar presento la s\u00edntesis de la din\u00e1mica y de los tiempos de nuestra tarea: La Misi\u00f3n se prepara y organiza siempre por los Misioneros de acuerdo con el P\u00e1rroco y con los grupos ... Read More\" \/>\n<meta property=\"og:url\" content=\"http:\/\/vincentians.com\/es\/la-caridad-y-la-promocion-humana-en-la-mision\/\" \/>\n<meta property=\"og:site_name\" content=\"Somos Vicencianos\" \/>\n<meta property=\"article:publisher\" content=\"https:\/\/www.facebook.com\/WeAreVincentians\/\" \/>\n<meta property=\"article:author\" content=\"https:\/\/www.facebook.com\/JavierChento\" \/>\n<meta property=\"article:published_time\" content=\"2011-07-31T05:54:15+00:00\" \/>\n<meta name=\"author\" content=\"Francisco Javier Fern\u00e1ndez Chento\" \/>\n<meta name=\"twitter:card\" content=\"summary_large_image\" \/>\n<meta name=\"twitter:creator\" content=\"@https:\/\/twitter.com\/javierchento\" \/>\n<meta name=\"twitter:site\" content=\"@WeVincentians\" \/>\n<meta name=\"twitter:label1\" content=\"Escrito por\" \/>\n\t<meta name=\"twitter:data1\" content=\"Francisco Javier Fern\u00e1ndez Chento\" \/>\n\t<meta name=\"twitter:label2\" content=\"Tiempo de lectura\" \/>\n\t<meta name=\"twitter:data2\" content=\"7 minutos\" \/>\n<script type=\"application\/ld+json\" class=\"yoast-schema-graph\">{\"@context\":\"https:\/\/schema.org\",\"@graph\":[{\"@type\":\"Article\",\"@id\":\"http:\/\/vincentians.com\/es\/la-caridad-y-la-promocion-humana-en-la-mision\/#article\",\"isPartOf\":{\"@id\":\"http:\/\/vincentians.com\/es\/la-caridad-y-la-promocion-humana-en-la-mision\/\"},\"author\":{\"name\":\"Francisco Javier Fern\u00e1ndez Chento\",\"@id\":\"http:\/\/vincentians.com\/es\/#\/schema\/person\/9623ef4d9aa3b2dfb8c061f1499288f2\"},\"headline\":\"La caridad y la promoci\u00f3n humana en la misi\u00f3n\",\"datePublished\":\"2011-07-31T05:54:15+00:00\",\"mainEntityOfPage\":{\"@id\":\"http:\/\/vincentians.com\/es\/la-caridad-y-la-promocion-humana-en-la-mision\/\"},\"wordCount\":1506,\"commentCount\":0,\"publisher\":{\"@id\":\"http:\/\/vincentians.com\/es\/#organization\"},\"image\":{\"@id\":\"http:\/\/vincentians.com\/es\/la-caridad-y-la-promocion-humana-en-la-mision\/#primaryimage\"},\"thumbnailUrl\":\"\",\"articleSection\":[\"Espiritualidad vicenciana\"],\"inLanguage\":\"es\",\"potentialAction\":[{\"@type\":\"CommentAction\",\"name\":\"Comment\",\"target\":[\"http:\/\/vincentians.com\/es\/la-caridad-y-la-promocion-humana-en-la-mision\/#respond\"]}]},{\"@type\":\"WebPage\",\"@id\":\"http:\/\/vincentians.com\/es\/la-caridad-y-la-promocion-humana-en-la-mision\/\",\"url\":\"http:\/\/vincentians.com\/es\/la-caridad-y-la-promocion-humana-en-la-mision\/\",\"name\":\"La caridad y la promoci\u00f3n humana en la misi\u00f3n - Somos Vicencianos\",\"isPartOf\":{\"@id\":\"http:\/\/vincentians.com\/es\/#website\"},\"primaryImageOfPage\":{\"@id\":\"http:\/\/vincentians.com\/es\/la-caridad-y-la-promocion-humana-en-la-mision\/#primaryimage\"},\"image\":{\"@id\":\"http:\/\/vincentians.com\/es\/la-caridad-y-la-promocion-humana-en-la-mision\/#primaryimage\"},\"thumbnailUrl\":\"\",\"datePublished\":\"2011-07-31T05:54:15+00:00\",\"breadcrumb\":{\"@id\":\"http:\/\/vincentians.com\/es\/la-caridad-y-la-promocion-humana-en-la-mision\/#breadcrumb\"},\"inLanguage\":\"es\",\"potentialAction\":[{\"@type\":\"ReadAction\",\"target\":[\"http:\/\/vincentians.com\/es\/la-caridad-y-la-promocion-humana-en-la-mision\/\"]}]},{\"@type\":\"ImageObject\",\"inLanguage\":\"es\",\"@id\":\"http:\/\/vincentians.com\/es\/la-caridad-y-la-promocion-humana-en-la-mision\/#primaryimage\",\"url\":\"\",\"contentUrl\":\"\"},{\"@type\":\"BreadcrumbList\",\"@id\":\"http:\/\/vincentians.com\/es\/la-caridad-y-la-promocion-humana-en-la-mision\/#breadcrumb\",\"itemListElement\":[{\"@type\":\"ListItem\",\"position\":1,\"name\":\"Portada\",\"item\":\"http:\/\/vincentians.com\/es\/\"},{\"@type\":\"ListItem\",\"position\":2,\"name\":\"La caridad y la promoci\u00f3n humana en la misi\u00f3n\"}]},{\"@type\":\"WebSite\",\"@id\":\"http:\/\/vincentians.com\/es\/#website\",\"url\":\"http:\/\/vincentians.com\/es\/\",\"name\":\"Somos Vicencianos\",\"description\":\"Know more to serve more\",\"publisher\":{\"@id\":\"http:\/\/vincentians.com\/es\/#organization\"},\"potentialAction\":[{\"@type\":\"SearchAction\",\"target\":{\"@type\":\"EntryPoint\",\"urlTemplate\":\"http:\/\/vincentians.com\/es\/?s={search_term_string}\"},\"query-input\":{\"@type\":\"PropertyValueSpecification\",\"valueRequired\":true,\"valueName\":\"search_term_string\"}}],\"inLanguage\":\"es\"},{\"@type\":\"Organization\",\"@id\":\"http:\/\/vincentians.com\/es\/#organization\",\"name\":\"The Vincentian Network\",\"url\":\"http:\/\/vincentians.com\/es\/\",\"logo\":{\"@type\":\"ImageObject\",\"inLanguage\":\"es\",\"@id\":\"http:\/\/vincentians.com\/es\/#\/schema\/logo\/image\/\",\"url\":\"https:\/\/i1.wp.com\/vincentians.com\/es\/wp-content\/uploads\/sites\/11\/2016\/06\/Vincentian-Network-logo-big.png?fit=778%2C778\",\"contentUrl\":\"https:\/\/i1.wp.com\/vincentians.com\/es\/wp-content\/uploads\/sites\/11\/2016\/06\/Vincentian-Network-logo-big.png?fit=778%2C778\",\"width\":778,\"height\":778,\"caption\":\"The Vincentian Network\"},\"image\":{\"@id\":\"http:\/\/vincentians.com\/es\/#\/schema\/logo\/image\/\"},\"sameAs\":[\"https:\/\/www.facebook.com\/WeAreVincentians\/\",\"https:\/\/x.com\/WeVincentians\"]},{\"@type\":\"Person\",\"@id\":\"http:\/\/vincentians.com\/es\/#\/schema\/person\/9623ef4d9aa3b2dfb8c061f1499288f2\",\"name\":\"Francisco Javier Fern\u00e1ndez Chento\",\"image\":{\"@type\":\"ImageObject\",\"inLanguage\":\"es\",\"@id\":\"http:\/\/vincentians.com\/es\/#\/schema\/person\/image\/\",\"url\":\"https:\/\/secure.gravatar.com\/avatar\/497d5cde87b4c3d097d0315953521681ba2cd523ee66e5077c3711f7021e65de?s=96&d=mm&r=g\",\"contentUrl\":\"https:\/\/secure.gravatar.com\/avatar\/497d5cde87b4c3d097d0315953521681ba2cd523ee66e5077c3711f7021e65de?s=96&d=mm&r=g\",\"caption\":\"Francisco Javier Fern\u00e1ndez Chento\"},\"description\":\"Director General y cofundador de La Red de Formaci\u00f3n Vicenciana. Javier es laico vicenciano, afiliado a la Congregaci\u00f3n de la Misi\u00f3n y miembro del Equipo de Misiones Populares de la provincia can\u00f3nica de Zaragoza (Espa\u00f1a) de la Congregaci\u00f3n de la Misi\u00f3n. Graduado en la Universidad Oberta de Catalunya con cuatro grados (Asistente de direcci\u00f3n, Gesti\u00f3n Administrativa, Recursos Humanos y Contabilidad Avanzada). Bil\u00edng\u00fce Espa\u00f1ol\/Ingl\u00e9s. gestiona y mantiene varias p\u00e1ginas web cristianas y vicencianas, incluida including La Red de Formaci\u00f3n Vicenciana, de la que es cofundador. Actualmente es responsable del \u00e1rea de Espa\u00f1ol de .famvin, la Red de Noticias de la Familia Vicenciana. Tambi\u00e9n es m\u00fasico cat\u00f3lico y ha editado varios discos. Es Director General y cofundador de Trovador, una reconocida compa\u00f1\u00eda discogr\u00e1fica critiana de Espa\u00f1a. Trabaja en las Tecnolog\u00edas de la Informaci\u00f3n, ofreciendo servicios de alojamiento, dise\u00f1o y mantenimiento Web, as\u00ed como asesoramiento, formaci\u00f3n y soluciones inform\u00e1ticas, gesti\u00f3n documental y digitalizaci\u00f3n de textos, edici\u00f3n y maquetaci\u00f3n de libros, revistas, flyers, etc.\",\"sameAs\":[\"http:\/\/chento.org\",\"https:\/\/www.facebook.com\/JavierChento\",\"https:\/\/x.com\/https:\/\/twitter.com\/javierchento\"],\"url\":\"http:\/\/vincentians.com\/es\/author\/chento\/\"}]}<\/script>\n<!-- \/ Yoast SEO plugin. -->","yoast_head_json":{"title":"La caridad y la promoci\u00f3n humana en la misi\u00f3n - Somos Vicencianos","robots":{"index":"index","follow":"follow","max-snippet":"max-snippet:-1","max-image-preview":"max-image-preview:large","max-video-preview":"max-video-preview:-1"},"canonical":"http:\/\/vincentians.com\/es\/la-caridad-y-la-promocion-humana-en-la-mision\/","og_locale":"es_ES","og_type":"article","og_title":"La caridad y la promoci\u00f3n humana en la misi\u00f3n - Somos Vicencianos","og_description":"En primer lugar presento la s\u00edntesis de la din\u00e1mica y de los tiempos de nuestra tarea: La Misi\u00f3n se prepara y organiza siempre por los Misioneros de acuerdo con el P\u00e1rroco y con los grupos ... Read More","og_url":"http:\/\/vincentians.com\/es\/la-caridad-y-la-promocion-humana-en-la-mision\/","og_site_name":"Somos Vicencianos","article_publisher":"https:\/\/www.facebook.com\/WeAreVincentians\/","article_author":"https:\/\/www.facebook.com\/JavierChento","article_published_time":"2011-07-31T05:54:15+00:00","author":"Francisco Javier Fern\u00e1ndez Chento","twitter_card":"summary_large_image","twitter_creator":"@https:\/\/twitter.com\/javierchento","twitter_site":"@WeVincentians","twitter_misc":{"Escrito por":"Francisco Javier Fern\u00e1ndez Chento","Tiempo de lectura":"7 minutos"},"schema":{"@context":"https:\/\/schema.org","@graph":[{"@type":"Article","@id":"http:\/\/vincentians.com\/es\/la-caridad-y-la-promocion-humana-en-la-mision\/#article","isPartOf":{"@id":"http:\/\/vincentians.com\/es\/la-caridad-y-la-promocion-humana-en-la-mision\/"},"author":{"name":"Francisco Javier Fern\u00e1ndez Chento","@id":"http:\/\/vincentians.com\/es\/#\/schema\/person\/9623ef4d9aa3b2dfb8c061f1499288f2"},"headline":"La caridad y la promoci\u00f3n humana en la misi\u00f3n","datePublished":"2011-07-31T05:54:15+00:00","mainEntityOfPage":{"@id":"http:\/\/vincentians.com\/es\/la-caridad-y-la-promocion-humana-en-la-mision\/"},"wordCount":1506,"commentCount":0,"publisher":{"@id":"http:\/\/vincentians.com\/es\/#organization"},"image":{"@id":"http:\/\/vincentians.com\/es\/la-caridad-y-la-promocion-humana-en-la-mision\/#primaryimage"},"thumbnailUrl":"","articleSection":["Espiritualidad vicenciana"],"inLanguage":"es","potentialAction":[{"@type":"CommentAction","name":"Comment","target":["http:\/\/vincentians.com\/es\/la-caridad-y-la-promocion-humana-en-la-mision\/#respond"]}]},{"@type":"WebPage","@id":"http:\/\/vincentians.com\/es\/la-caridad-y-la-promocion-humana-en-la-mision\/","url":"http:\/\/vincentians.com\/es\/la-caridad-y-la-promocion-humana-en-la-mision\/","name":"La caridad y la promoci\u00f3n humana en la misi\u00f3n - Somos Vicencianos","isPartOf":{"@id":"http:\/\/vincentians.com\/es\/#website"},"primaryImageOfPage":{"@id":"http:\/\/vincentians.com\/es\/la-caridad-y-la-promocion-humana-en-la-mision\/#primaryimage"},"image":{"@id":"http:\/\/vincentians.com\/es\/la-caridad-y-la-promocion-humana-en-la-mision\/#primaryimage"},"thumbnailUrl":"","datePublished":"2011-07-31T05:54:15+00:00","breadcrumb":{"@id":"http:\/\/vincentians.com\/es\/la-caridad-y-la-promocion-humana-en-la-mision\/#breadcrumb"},"inLanguage":"es","potentialAction":[{"@type":"ReadAction","target":["http:\/\/vincentians.com\/es\/la-caridad-y-la-promocion-humana-en-la-mision\/"]}]},{"@type":"ImageObject","inLanguage":"es","@id":"http:\/\/vincentians.com\/es\/la-caridad-y-la-promocion-humana-en-la-mision\/#primaryimage","url":"","contentUrl":""},{"@type":"BreadcrumbList","@id":"http:\/\/vincentians.com\/es\/la-caridad-y-la-promocion-humana-en-la-mision\/#breadcrumb","itemListElement":[{"@type":"ListItem","position":1,"name":"Portada","item":"http:\/\/vincentians.com\/es\/"},{"@type":"ListItem","position":2,"name":"La caridad y la promoci\u00f3n humana en la misi\u00f3n"}]},{"@type":"WebSite","@id":"http:\/\/vincentians.com\/es\/#website","url":"http:\/\/vincentians.com\/es\/","name":"Somos Vicencianos","description":"Know more to serve more","publisher":{"@id":"http:\/\/vincentians.com\/es\/#organization"},"potentialAction":[{"@type":"SearchAction","target":{"@type":"EntryPoint","urlTemplate":"http:\/\/vincentians.com\/es\/?s={search_term_string}"},"query-input":{"@type":"PropertyValueSpecification","valueRequired":true,"valueName":"search_term_string"}}],"inLanguage":"es"},{"@type":"Organization","@id":"http:\/\/vincentians.com\/es\/#organization","name":"The Vincentian Network","url":"http:\/\/vincentians.com\/es\/","logo":{"@type":"ImageObject","inLanguage":"es","@id":"http:\/\/vincentians.com\/es\/#\/schema\/logo\/image\/","url":"https:\/\/i1.wp.com\/vincentians.com\/es\/wp-content\/uploads\/sites\/11\/2016\/06\/Vincentian-Network-logo-big.png?fit=778%2C778","contentUrl":"https:\/\/i1.wp.com\/vincentians.com\/es\/wp-content\/uploads\/sites\/11\/2016\/06\/Vincentian-Network-logo-big.png?fit=778%2C778","width":778,"height":778,"caption":"The Vincentian Network"},"image":{"@id":"http:\/\/vincentians.com\/es\/#\/schema\/logo\/image\/"},"sameAs":["https:\/\/www.facebook.com\/WeAreVincentians\/","https:\/\/x.com\/WeVincentians"]},{"@type":"Person","@id":"http:\/\/vincentians.com\/es\/#\/schema\/person\/9623ef4d9aa3b2dfb8c061f1499288f2","name":"Francisco Javier Fern\u00e1ndez Chento","image":{"@type":"ImageObject","inLanguage":"es","@id":"http:\/\/vincentians.com\/es\/#\/schema\/person\/image\/","url":"https:\/\/secure.gravatar.com\/avatar\/497d5cde87b4c3d097d0315953521681ba2cd523ee66e5077c3711f7021e65de?s=96&d=mm&r=g","contentUrl":"https:\/\/secure.gravatar.com\/avatar\/497d5cde87b4c3d097d0315953521681ba2cd523ee66e5077c3711f7021e65de?s=96&d=mm&r=g","caption":"Francisco Javier Fern\u00e1ndez Chento"},"description":"Director General y cofundador de La Red de Formaci\u00f3n Vicenciana. Javier es laico vicenciano, afiliado a la Congregaci\u00f3n de la Misi\u00f3n y miembro del Equipo de Misiones Populares de la provincia can\u00f3nica de Zaragoza (Espa\u00f1a) de la Congregaci\u00f3n de la Misi\u00f3n. Graduado en la Universidad Oberta de Catalunya con cuatro grados (Asistente de direcci\u00f3n, Gesti\u00f3n Administrativa, Recursos Humanos y Contabilidad Avanzada). Bil\u00edng\u00fce Espa\u00f1ol\/Ingl\u00e9s. gestiona y mantiene varias p\u00e1ginas web cristianas y vicencianas, incluida including La Red de Formaci\u00f3n Vicenciana, de la que es cofundador. Actualmente es responsable del \u00e1rea de Espa\u00f1ol de .famvin, la Red de Noticias de la Familia Vicenciana. Tambi\u00e9n es m\u00fasico cat\u00f3lico y ha editado varios discos. Es Director General y cofundador de Trovador, una reconocida compa\u00f1\u00eda discogr\u00e1fica critiana de Espa\u00f1a. Trabaja en las Tecnolog\u00edas de la Informaci\u00f3n, ofreciendo servicios de alojamiento, dise\u00f1o y mantenimiento Web, as\u00ed como asesoramiento, formaci\u00f3n y soluciones inform\u00e1ticas, gesti\u00f3n documental y digitalizaci\u00f3n de textos, edici\u00f3n y maquetaci\u00f3n de libros, revistas, flyers, etc.","sameAs":["http:\/\/chento.org","https:\/\/www.facebook.com\/JavierChento","https:\/\/x.com\/https:\/\/twitter.com\/javierchento"],"url":"http:\/\/vincentians.com\/es\/author\/chento\/"}]}},"jetpack_publicize_connections":[],"jetpack_featured_media_url":"","jetpack_sharing_enabled":true,"jetpack_shortlink":"https:\/\/wp.me\/p7ETMF-c6d","jetpack-related-posts":[{"id":132875,"url":"http:\/\/vincentians.com\/es\/estatutos-de-misevi-en-colombia\/","url_meta":{"origin":46513,"position":0},"title":"Estatutos de MISEVI en Colombia","author":"Francisco Javier Fern\u00e1ndez Chento","date":"17\/12\/2014","format":false,"excerpt":"CONREGAZIONE DELLA MISSIONE Cuna Generaiizia Roma 27 de abril 2005 Padre Gabriel NARANJO SALAZAR, CM Visitador Bogot\u00e1 Querido Gabriel: \u00a1Que la gracia y la paz del Se\u00f1or Jesucristo llenen tu coraz\u00f3n ahora y siempre! Por medio de la presente quiero felicitarte a Ti y en tu nombre, a los miembros\u2026","rel":"","context":"En \u00abDocumentos de Misioneros Seglares Vicencianos\u00bb","block_context":{"text":"Documentos de Misioneros Seglares Vicencianos","link":"http:\/\/vincentians.com\/es\/category\/formacion-vicenciana\/documentos-oficiales-de-la-familia-vicenciana\/documentos-de-misioneros-seglares-vicencianos\/"},"img":{"alt_text":"misevi_colombia","src":"https:\/\/i0.wp.com\/vicencianos.org\/wp-content\/2014\/12\/misevi_colombia-175x300.jpg?resize=350%2C200","width":350,"height":200},"classes":[]},{"id":133250,"url":"http:\/\/vincentians.com\/es\/misiones-populares-algunas-experiencias\/","url_meta":{"origin":46513,"position":1},"title":"Misiones populares: algunas experiencias","author":"Francisco Javier Fern\u00e1ndez Chento","date":"27\/12\/2014","format":false,"excerpt":"Quiz\u00e1 ahora te pueda servir, tras haberte comentado lo que b\u00e1sicamente hacemos en el tiempo de preparaci\u00f3n de una misi\u00f3n, la narraci\u00f3n de un \"tiempo fuerte\" de misi\u00f3n \"en vivo\". Estos d\u00edas, que estoy en mi casa base, tengo algo de tiempo para dar cuenta de una tarea que adem\u00e1s\u2026","rel":"","context":"En \u00abMisiones populares\u00bb","block_context":{"text":"Misiones populares","link":"http:\/\/vincentians.com\/es\/category\/servicios-y-ministerios\/misiones-populares-misiones\/"},"img":{"alt_text":"P1020159","src":"https:\/\/i0.wp.com\/vicencianos.org\/wp-content\/2014\/12\/P1020159-300x225.jpg?resize=350%2C200","width":350,"height":200},"classes":[]},{"id":120719,"url":"http:\/\/vincentians.com\/es\/mision-ad-gentes-en-la-familia-vicenciana\/","url_meta":{"origin":46513,"position":2},"title":"Misi\u00f3n Ad Gentes en la Familia Vicenciana","author":"Francisco Javier Fern\u00e1ndez Chento","date":"19\/10\/2022","format":false,"excerpt":"Propuesta Mi propuesta para el tema de la misi\u00f3n ad gentes es muy sencilla. El compromiso con \"misiones ad gentes\", est\u00e1 en los funda\u00admentos de nuestra propia espiritualidad y carisma. Forma parte de nuestro ser. Una caracter\u00edstica a la que no hemos prestado excesiva atenci\u00f3n. Pero aunque no la hemos\u2026","rel":"","context":"En \u00abMisiones \u00abAd gentes\u00bb\u00bb","block_context":{"text":"Misiones \u00abAd gentes\u00bb","link":"http:\/\/vincentians.com\/es\/category\/servicios-y-ministerios\/misiones-ad-gentes\/"},"img":{"alt_text":"","src":"https:\/\/i0.wp.com\/vincentians.com\/es\/wp-content\/uploads\/sites\/11\/2015\/02\/St_Vincent_De_Paul_-bible-1.jpg?fit=1200%2C630&resize=350%2C200","width":350,"height":200,"srcset":"https:\/\/i0.wp.com\/vincentians.com\/es\/wp-content\/uploads\/sites\/11\/2015\/02\/St_Vincent_De_Paul_-bible-1.jpg?fit=1200%2C630&resize=350%2C200 1x, https:\/\/i0.wp.com\/vincentians.com\/es\/wp-content\/uploads\/sites\/11\/2015\/02\/St_Vincent_De_Paul_-bible-1.jpg?fit=1200%2C630&resize=525%2C300 1.5x, https:\/\/i0.wp.com\/vincentians.com\/es\/wp-content\/uploads\/sites\/11\/2015\/02\/St_Vincent_De_Paul_-bible-1.jpg?fit=1200%2C630&resize=700%2C400 2x, https:\/\/i0.wp.com\/vincentians.com\/es\/wp-content\/uploads\/sites\/11\/2015\/02\/St_Vincent_De_Paul_-bible-1.jpg?fit=1200%2C630&resize=1050%2C600 3x"},"classes":[]},{"id":124206,"url":"http:\/\/vincentians.com\/es\/vicente-de-paul-id-por-todo-el-mundo\/","url_meta":{"origin":46513,"position":3},"title":"Vicente de Pa\u00fal: Id por todo el mundo","author":"Francisco Javier Fern\u00e1ndez Chento","date":"23\/03\/2023","format":false,"excerpt":"El gran ideal del P. Vicente de Pa\u00fal era la renovaci\u00f3n de la Iglesia cat\u00f3lica de Francia. Pero sab\u00eda que la Iglesia es una instituci\u00f3n universal enviada por el Se\u00f1or al mundo entero. Por ello valoraba en gran manera la posici\u00f3n del Santo Padre dentro del sistema eclesial y sosten\u00eda\u2026","rel":"","context":"En \u00abVicente de Pa\u00fal\u00bb","block_context":{"text":"Vicente de Pa\u00fal","link":"http:\/\/vincentians.com\/es\/category\/la-familia-vicenciana\/fundadores\/vicente-de-paul\/"},"img":{"alt_text":"","src":"https:\/\/i0.wp.com\/vincentians.com\/es\/wp-content\/uploads\/sites\/11\/2013\/05\/d.jpg?fit=1200%2C799&resize=350%2C200","width":350,"height":200,"srcset":"https:\/\/i0.wp.com\/vincentians.com\/es\/wp-content\/uploads\/sites\/11\/2013\/05\/d.jpg?fit=1200%2C799&resize=350%2C200 1x, https:\/\/i0.wp.com\/vincentians.com\/es\/wp-content\/uploads\/sites\/11\/2013\/05\/d.jpg?fit=1200%2C799&resize=525%2C300 1.5x, https:\/\/i0.wp.com\/vincentians.com\/es\/wp-content\/uploads\/sites\/11\/2013\/05\/d.jpg?fit=1200%2C799&resize=700%2C400 2x, https:\/\/i0.wp.com\/vincentians.com\/es\/wp-content\/uploads\/sites\/11\/2013\/05\/d.jpg?fit=1200%2C799&resize=1050%2C600 3x"},"classes":[]},{"id":56679,"url":"http:\/\/vincentians.com\/es\/misiones-populares-en-la-provincia-canonica-de-zaragoza-2010-2011\/","url_meta":{"origin":46513,"position":4},"title":"Misiones populares en la provincia can\u00f3nica de Zaragoza, 2010-2011","author":"Francisco Javier Fern\u00e1ndez Chento","date":"20\/12\/2011","format":false,"excerpt":"Tiempo fuerte en Santa Rosa de El Palmar En El Palmar, lugar de las Palmeras, hay dos parroquias. La primera (la grande), la Pur\u00edsima, la misionamos hace dos a\u00f1os. La segunda, santa Rosa, viene prepar\u00e1ndose, con mucha paciencia, desde entonces, y ha vivido su tiempo fuerte entre octubre y noviembre\u2026","rel":"","context":"En \u00abMisiones \u00abAd gentes\u00bb\u00bb","block_context":{"text":"Misiones \u00abAd gentes\u00bb","link":"http:\/\/vincentians.com\/es\/category\/servicios-y-ministerios\/misiones-ad-gentes\/"},"img":{"alt_text":"","src":"https:\/\/i0.wp.com\/vicencianos.org\/wp-content\/2011\/12\/misiones_zaragoza_01-224x300.jpg?resize=350%2C200","width":350,"height":200},"classes":[]},{"id":49349,"url":"http:\/\/vincentians.com\/es\/una-experiencia-del-espiritu-vicentino-en-la-mision-nacional-de-panama-1987-1993\/","url_meta":{"origin":46513,"position":5},"title":"Una Experiencia Del Esp\u00edritu Vicentino En La Misi\u00f3n Nacional De Panam\u00e1 (1987-1993)","author":"Francisco Javier Fern\u00e1ndez Chento","date":"07\/09\/2011","format":false,"excerpt":"INTRODUCCI\u00d3N: El 1 de febrero de 1987, la Conferencia Episcopal Paname\u00f1a invit\u00f3 a dos vicentinos a organizar una misi\u00f3n nacional como parte de la conmemoraci\u00f3n de la primera evangelizaci\u00f3n de Am\u00e9rica. Este art\u00edculo trata de compartir brevemente dicha experiencia desde la perspectiva del esp\u00edritu vicentino. Se presenta, solamente, como una\u2026","rel":"","context":"En \u00abMisiones \u00abAd gentes\u00bb\u00bb","block_context":{"text":"Misiones \u00abAd gentes\u00bb","link":"http:\/\/vincentians.com\/es\/category\/servicios-y-ministerios\/misiones-ad-gentes\/"},"img":{"alt_text":"","src":"https:\/\/i0.wp.com\/vicencianos.org\/wp-content\/2011\/09\/panama-300x140.jpg?resize=350%2C200","width":350,"height":200},"classes":[]}],"_links":{"self":[{"href":"http:\/\/vincentians.com\/es\/wp-json\/wp\/v2\/posts\/46513","targetHints":{"allow":["GET"]}}],"collection":[{"href":"http:\/\/vincentians.com\/es\/wp-json\/wp\/v2\/posts"}],"about":[{"href":"http:\/\/vincentians.com\/es\/wp-json\/wp\/v2\/types\/post"}],"author":[{"embeddable":true,"href":"http:\/\/vincentians.com\/es\/wp-json\/wp\/v2\/users\/4"}],"replies":[{"embeddable":true,"href":"http:\/\/vincentians.com\/es\/wp-json\/wp\/v2\/comments?post=46513"}],"version-history":[{"count":0,"href":"http:\/\/vincentians.com\/es\/wp-json\/wp\/v2\/posts\/46513\/revisions"}],"wp:featuredmedia":[{"embeddable":true,"href":"http:\/\/vincentians.com\/es\/wp-json\/"}],"wp:attachment":[{"href":"http:\/\/vincentians.com\/es\/wp-json\/wp\/v2\/media?parent=46513"}],"wp:term":[{"taxonomy":"category","embeddable":true,"href":"http:\/\/vincentians.com\/es\/wp-json\/wp\/v2\/categories?post=46513"},{"taxonomy":"post_tag","embeddable":true,"href":"http:\/\/vincentians.com\/es\/wp-json\/wp\/v2\/tags?post=46513"}],"curies":[{"name":"wp","href":"https:\/\/api.w.org\/{rel}","templated":true}]}}