{"id":46480,"date":"2011-07-29T04:44:37","date_gmt":"2011-07-29T02:44:37","guid":{"rendered":"http:\/\/somos.vicencianos.org\/?p=46480"},"modified":"2011-07-29T04:44:37","modified_gmt":"2011-07-29T02:44:37","slug":"maria-vicenta-de-santa-dorotea","status":"publish","type":"post","link":"http:\/\/vincentians.com\/es\/maria-vicenta-de-santa-dorotea\/","title":{"rendered":"Mar\u00eda Vicenta de Santa Dorotea"},"content":{"rendered":"<div id=\"attachment_46482\" style=\"width: 254px\" class=\"wp-caption alignright\"><a href=\"https:\/\/i0.wp.com\/vicencianos.org\/wp-content\/2011\/07\/MariaVicentaChavezO1.jpg\"><img data-recalc-dims=\"1\" loading=\"lazy\" decoding=\"async\" aria-describedby=\"caption-attachment-46482\" class=\"size-medium wp-image-46482\" title=\"Mar\u00eda Vicenta de Santa Dorotea\" src=\"https:\/\/i0.wp.com\/vicencianos.org\/wp-content\/2011\/07\/MariaVicentaChavezO1-244x300.jpg?resize=244%2C300\" alt=\"Mar\u00eda Vicenta de Santa Dorotea\" width=\"244\" height=\"300\" \/><\/a><p id=\"caption-attachment-46482\" class=\"wp-caption-text\">Mar\u00eda Vicenta de Santa Dorotea<\/p><\/div>\n<p>Mar\u00eda Vicenta de Santa Dorotea Ch\u00e1vez Orozco naci\u00f3 el 6 de febrero de 1867 en Cotija (Michoac\u00e1n, M\u00e9xico). Era la menor de los cuatro hijos de Luis Ch\u00e1vez y Benigna de Jes\u00fas Orozco. Recibi\u00f3 los sacramentos de la iniciaci\u00f3n cristiana en la parroquia de su pueblo natal. Su familia se estableci\u00f3 en el barrio de Mexicaltzingo, que en esa \u00e9poca estaba poblado por gente necesitada y de clase media baja. Durante su infancia se destac\u00f3 por su devoci\u00f3n al Ni\u00f1o Jes\u00fas; hac\u00eda altarcitos e invitaba a otros ni\u00f1os a rezar.<\/p>\n<p>El p. Agust\u00edn Beas ejerci\u00f3 su ministerio en aquella parroquia con gran celo apost\u00f3lico; se preocupaba de modo especial de los enfermos pobres, para los cuales fund\u00f3 un sencillo hospital en la misma casa parroquial, con seis camas, dedic\u00e1ndolo a la Sant\u00edsima Trinidad. Atend\u00edan a los enfermos las se\u00f1oras de la Conferencia de San Vicente de Pa\u00fal.<\/p>\n<p>El 20 de febrero de 1892 Vicenta tuvo que ingresar en el hospital a causa de una pleures\u00eda, y all\u00ed recibi\u00f3 la inspiraci\u00f3n de consagrar su vida a Dios en la persona de los pobres y enfermos. El 10 de julio del mismo a\u00f1o, recuperada su salud, regres\u00f3 al hospital de la Sant\u00edsima Trinidad para servir definitivamente a los enfermos y a los pobres, demostrando una extraordinaria caridad para con ellos.<\/p>\n<p>Emiti\u00f3 votos privados el 25 de diciembre de 1895 con otras dos j\u00f3venes. El 12 de mayo de 1905 fund\u00f3 la congregaci\u00f3n de Siervas de los Pobres, nombre que posteriormente cambi\u00f3 por el de Siervas de la Sant\u00edsima Trinidad y de los Pobres. Profes\u00f3 can\u00f3nicamente el 3 de diciembre de 1911 y fue elegida superiora general de la congregaci\u00f3n el 8 de septiembre de 1913, cargo que ejerci\u00f3 durante treinta a\u00f1os, siendo el alma y gu\u00eda de su instituto. Por su indiscutible autoridad moral y su aut\u00e9ntica caridad fue un verdadero modelo de superiora y supo guiar a sus hijas a poner su vida en manos del Se\u00f1or.<\/p>\n<p>Era muy devota y fervorosa. Presentaba la obediencia como el camino m\u00e1s corto para llegar a la perfecci\u00f3n y estaba convencida de que era el holocausto mayor que se pod\u00eda ofrecer al Se\u00f1or: obedec\u00eda con prontitud, sin replicar y sin hacer juicios. Vivi\u00f3 constante y plenamente su castidad consagrada, practic\u00f3 heroicamente las virtudes teologales y morales, sobresaliendo por su humildad, sencillez y caridad. La frase paulina: \u00abla caridad de Cristo nos urge \u00ab, constituy\u00f3 el ideal de su vida, haciendo presente al Se\u00f1or Jes\u00fas en donde serv\u00eda.<\/p>\n<p>Sufri\u00f3 mucho durante las dos persecuciones religiosas que se desencadenaron en M\u00e9xico: en 1914 las tropas revolucionarias de Carranza ocuparon Guadalajara y se instalaron en la catedral, capturando a religiosos y sacerdotes; y en 1926 el hospital de San Vicente de Zapotl\u00e1n fue transformado en cuartel general militar. Las religiosas siguieron atendiendo con dedicaci\u00f3n a los heridos, sin amedrentarse ante el peligro. En cierta ocasi\u00f3n, en que las religiosas de su comunidad tuvieron que refugiarse en casas de personas amigas, que las proteg\u00edan, la madre Vicenta se qued\u00f3 sola con una postulante asistiendo a los heridos, soportando ultrajes y amenazas de muerte. El comandante, que lleg\u00f3 al puesto m\u00e1s tarde, reprendi\u00f3 a los soldados su indigna conducta, y exalt\u00f3 impl\u00edcitamente la grandeza de la intr\u00e9pida religiosa. La mayor\u00eda de los enfermos atendidos en los hospitales de las Siervas de la Sant\u00edsima Trinidad y de los Pobres recib\u00edan los sacramentos.<\/p>\n<p>El Se\u00f1or bendijo al instituto con abundantes vocaciones y durante los a\u00f1os en que lo gobern\u00f3 la madre Vicenta, se fundaron 17 casas en toda la Rep\u00fablica Mexicana: hospitales, cl\u00ednicas y asilos.<\/p>\n<p>A los 75 a\u00f1os comenz\u00f3 a padecer de la vista, con intensos dolores. Todo lo acept\u00f3 de manos del Se\u00f1or, lo sufri\u00f3 con admirable paciencia y le sirvi\u00f3 de purificaci\u00f3n; su semblante era siempre amable, lleno de dulzura y paz, y nunca se le oy\u00f3 una queja.<\/p>\n<p>El 29 de julio de 1949 su salud empeor\u00f3. El capell\u00e1n don Roberto L\u00f3pez le administr\u00f3 la extremaunci\u00f3n. Al d\u00eda siguiente, mons. Jos\u00e9 Garibi Rivera, primer cardenal de M\u00e9xico, al ver su gravedad, la confes\u00f3 y mientras celebraba la eucarist\u00eda, en el momento de la elevaci\u00f3n, la madre Vicenta entreg\u00f3 su alma a Dios en el hospital de la Sant\u00edsima Trinidad de Guadalajara (Jalisco, M\u00e9xico).<\/p>\n<p>Fue beatificada por S.S. Juan Pablo II el 9 de noviembre de 1997.<\/p>\n","protected":false},"excerpt":{"rendered":"<p>Mar\u00eda Vicenta de Santa Dorotea Ch\u00e1vez Orozco naci\u00f3 el 6 de febrero de 1867 en Cotija (Michoac\u00e1n, M\u00e9xico). Era la menor de los cuatro hijos de Luis Ch\u00e1vez y Benigna de Jes\u00fas Orozco. Recibi\u00f3 los &#8230; <a href=\"http:\/\/vincentians.com\/es\/maria-vicenta-de-santa-dorotea\/\" class=\"more-link\">Read More<\/a><\/p>\n","protected":false},"author":4,"featured_media":46482,"comment_status":"open","ping_status":"open","sticky":false,"template":"","format":"standard","meta":{"jetpack_post_was_ever_published":false,"_jetpack_newsletter_access":"","_jetpack_dont_email_post_to_subs":false,"_jetpack_newsletter_tier_id":0,"_jetpack_memberships_contains_paywalled_content":false,"_jetpack_memberships_contains_paid_content":false,"footnotes":"","jetpack_publicize_message":"","jetpack_publicize_feature_enabled":true,"jetpack_social_post_already_shared":true,"jetpack_social_options":{"image_generator_settings":{"template":"highway","default_image_id":0,"font":"","enabled":false},"version":2}},"categories":[291],"tags":[],"class_list":["post-46480","post","type-post","status-publish","format-standard","has-post-thumbnail","hentry","category-maria-vicenta-de-santa-dorotea"],"yoast_head":"<!-- This site is optimized with the Yoast SEO plugin v26.3 - https:\/\/yoast.com\/wordpress\/plugins\/seo\/ -->\n<title>Mar\u00eda Vicenta de Santa Dorotea - Somos Vicencianos<\/title>\n<meta name=\"robots\" content=\"index, follow, max-snippet:-1, max-image-preview:large, max-video-preview:-1\" \/>\n<link rel=\"canonical\" href=\"http:\/\/vincentians.com\/es\/maria-vicenta-de-santa-dorotea\/\" \/>\n<meta property=\"og:locale\" content=\"es_ES\" \/>\n<meta property=\"og:type\" content=\"article\" \/>\n<meta property=\"og:title\" content=\"Mar\u00eda Vicenta de Santa Dorotea - Somos Vicencianos\" \/>\n<meta property=\"og:description\" content=\"Mar\u00eda Vicenta de Santa Dorotea Ch\u00e1vez Orozco naci\u00f3 el 6 de febrero de 1867 en Cotija (Michoac\u00e1n, M\u00e9xico). Era la menor de los cuatro hijos de Luis Ch\u00e1vez y Benigna de Jes\u00fas Orozco. Recibi\u00f3 los ... Read More\" \/>\n<meta property=\"og:url\" content=\"http:\/\/vincentians.com\/es\/maria-vicenta-de-santa-dorotea\/\" \/>\n<meta property=\"og:site_name\" content=\"Somos Vicencianos\" \/>\n<meta property=\"article:publisher\" content=\"https:\/\/www.facebook.com\/WeAreVincentians\/\" \/>\n<meta property=\"article:author\" content=\"https:\/\/www.facebook.com\/JavierChento\" \/>\n<meta property=\"article:published_time\" content=\"2011-07-29T02:44:37+00:00\" \/>\n<meta name=\"author\" content=\"Francisco Javier Fern\u00e1ndez Chento\" \/>\n<meta name=\"twitter:card\" content=\"summary_large_image\" \/>\n<meta name=\"twitter:creator\" content=\"@https:\/\/twitter.com\/javierchento\" \/>\n<meta name=\"twitter:site\" content=\"@WeVincentians\" \/>\n<meta name=\"twitter:label1\" content=\"Escrito por\" \/>\n\t<meta name=\"twitter:data1\" content=\"Francisco Javier Fern\u00e1ndez Chento\" \/>\n\t<meta name=\"twitter:label2\" content=\"Tiempo de lectura\" \/>\n\t<meta name=\"twitter:data2\" content=\"4 minutos\" \/>\n<script type=\"application\/ld+json\" class=\"yoast-schema-graph\">{\"@context\":\"https:\/\/schema.org\",\"@graph\":[{\"@type\":\"Article\",\"@id\":\"http:\/\/vincentians.com\/es\/maria-vicenta-de-santa-dorotea\/#article\",\"isPartOf\":{\"@id\":\"http:\/\/vincentians.com\/es\/maria-vicenta-de-santa-dorotea\/\"},\"author\":{\"name\":\"Francisco Javier Fern\u00e1ndez Chento\",\"@id\":\"http:\/\/vincentians.com\/es\/#\/schema\/person\/9623ef4d9aa3b2dfb8c061f1499288f2\"},\"headline\":\"Mar\u00eda Vicenta de Santa Dorotea\",\"datePublished\":\"2011-07-29T02:44:37+00:00\",\"mainEntityOfPage\":{\"@id\":\"http:\/\/vincentians.com\/es\/maria-vicenta-de-santa-dorotea\/\"},\"wordCount\":785,\"commentCount\":0,\"publisher\":{\"@id\":\"http:\/\/vincentians.com\/es\/#organization\"},\"image\":{\"@id\":\"http:\/\/vincentians.com\/es\/maria-vicenta-de-santa-dorotea\/#primaryimage\"},\"thumbnailUrl\":\"\",\"articleSection\":[\"Mar\u00eda Vicenta de Santa Dorotea\"],\"inLanguage\":\"es\",\"potentialAction\":[{\"@type\":\"CommentAction\",\"name\":\"Comment\",\"target\":[\"http:\/\/vincentians.com\/es\/maria-vicenta-de-santa-dorotea\/#respond\"]}]},{\"@type\":\"WebPage\",\"@id\":\"http:\/\/vincentians.com\/es\/maria-vicenta-de-santa-dorotea\/\",\"url\":\"http:\/\/vincentians.com\/es\/maria-vicenta-de-santa-dorotea\/\",\"name\":\"Mar\u00eda Vicenta de Santa Dorotea - Somos Vicencianos\",\"isPartOf\":{\"@id\":\"http:\/\/vincentians.com\/es\/#website\"},\"primaryImageOfPage\":{\"@id\":\"http:\/\/vincentians.com\/es\/maria-vicenta-de-santa-dorotea\/#primaryimage\"},\"image\":{\"@id\":\"http:\/\/vincentians.com\/es\/maria-vicenta-de-santa-dorotea\/#primaryimage\"},\"thumbnailUrl\":\"\",\"datePublished\":\"2011-07-29T02:44:37+00:00\",\"breadcrumb\":{\"@id\":\"http:\/\/vincentians.com\/es\/maria-vicenta-de-santa-dorotea\/#breadcrumb\"},\"inLanguage\":\"es\",\"potentialAction\":[{\"@type\":\"ReadAction\",\"target\":[\"http:\/\/vincentians.com\/es\/maria-vicenta-de-santa-dorotea\/\"]}]},{\"@type\":\"ImageObject\",\"inLanguage\":\"es\",\"@id\":\"http:\/\/vincentians.com\/es\/maria-vicenta-de-santa-dorotea\/#primaryimage\",\"url\":\"\",\"contentUrl\":\"\"},{\"@type\":\"BreadcrumbList\",\"@id\":\"http:\/\/vincentians.com\/es\/maria-vicenta-de-santa-dorotea\/#breadcrumb\",\"itemListElement\":[{\"@type\":\"ListItem\",\"position\":1,\"name\":\"Portada\",\"item\":\"http:\/\/vincentians.com\/es\/\"},{\"@type\":\"ListItem\",\"position\":2,\"name\":\"Mar\u00eda Vicenta de Santa Dorotea\"}]},{\"@type\":\"WebSite\",\"@id\":\"http:\/\/vincentians.com\/es\/#website\",\"url\":\"http:\/\/vincentians.com\/es\/\",\"name\":\"Somos Vicencianos\",\"description\":\"Know more to serve more\",\"publisher\":{\"@id\":\"http:\/\/vincentians.com\/es\/#organization\"},\"potentialAction\":[{\"@type\":\"SearchAction\",\"target\":{\"@type\":\"EntryPoint\",\"urlTemplate\":\"http:\/\/vincentians.com\/es\/?s={search_term_string}\"},\"query-input\":{\"@type\":\"PropertyValueSpecification\",\"valueRequired\":true,\"valueName\":\"search_term_string\"}}],\"inLanguage\":\"es\"},{\"@type\":\"Organization\",\"@id\":\"http:\/\/vincentians.com\/es\/#organization\",\"name\":\"The Vincentian Network\",\"url\":\"http:\/\/vincentians.com\/es\/\",\"logo\":{\"@type\":\"ImageObject\",\"inLanguage\":\"es\",\"@id\":\"http:\/\/vincentians.com\/es\/#\/schema\/logo\/image\/\",\"url\":\"https:\/\/i1.wp.com\/vincentians.com\/es\/wp-content\/uploads\/sites\/11\/2016\/06\/Vincentian-Network-logo-big.png?fit=778%2C778\",\"contentUrl\":\"https:\/\/i1.wp.com\/vincentians.com\/es\/wp-content\/uploads\/sites\/11\/2016\/06\/Vincentian-Network-logo-big.png?fit=778%2C778\",\"width\":778,\"height\":778,\"caption\":\"The Vincentian Network\"},\"image\":{\"@id\":\"http:\/\/vincentians.com\/es\/#\/schema\/logo\/image\/\"},\"sameAs\":[\"https:\/\/www.facebook.com\/WeAreVincentians\/\",\"https:\/\/x.com\/WeVincentians\"]},{\"@type\":\"Person\",\"@id\":\"http:\/\/vincentians.com\/es\/#\/schema\/person\/9623ef4d9aa3b2dfb8c061f1499288f2\",\"name\":\"Francisco Javier Fern\u00e1ndez Chento\",\"image\":{\"@type\":\"ImageObject\",\"inLanguage\":\"es\",\"@id\":\"http:\/\/vincentians.com\/es\/#\/schema\/person\/image\/\",\"url\":\"https:\/\/secure.gravatar.com\/avatar\/497d5cde87b4c3d097d0315953521681ba2cd523ee66e5077c3711f7021e65de?s=96&d=mm&r=g\",\"contentUrl\":\"https:\/\/secure.gravatar.com\/avatar\/497d5cde87b4c3d097d0315953521681ba2cd523ee66e5077c3711f7021e65de?s=96&d=mm&r=g\",\"caption\":\"Francisco Javier Fern\u00e1ndez Chento\"},\"description\":\"Director General y cofundador de La Red de Formaci\u00f3n Vicenciana. Javier es laico vicenciano, afiliado a la Congregaci\u00f3n de la Misi\u00f3n y miembro del Equipo de Misiones Populares de la provincia can\u00f3nica de Zaragoza (Espa\u00f1a) de la Congregaci\u00f3n de la Misi\u00f3n. Graduado en la Universidad Oberta de Catalunya con cuatro grados (Asistente de direcci\u00f3n, Gesti\u00f3n Administrativa, Recursos Humanos y Contabilidad Avanzada). Bil\u00edng\u00fce Espa\u00f1ol\/Ingl\u00e9s. gestiona y mantiene varias p\u00e1ginas web cristianas y vicencianas, incluida including La Red de Formaci\u00f3n Vicenciana, de la que es cofundador. Actualmente es responsable del \u00e1rea de Espa\u00f1ol de .famvin, la Red de Noticias de la Familia Vicenciana. Tambi\u00e9n es m\u00fasico cat\u00f3lico y ha editado varios discos. Es Director General y cofundador de Trovador, una reconocida compa\u00f1\u00eda discogr\u00e1fica critiana de Espa\u00f1a. Trabaja en las Tecnolog\u00edas de la Informaci\u00f3n, ofreciendo servicios de alojamiento, dise\u00f1o y mantenimiento Web, as\u00ed como asesoramiento, formaci\u00f3n y soluciones inform\u00e1ticas, gesti\u00f3n documental y digitalizaci\u00f3n de textos, edici\u00f3n y maquetaci\u00f3n de libros, revistas, flyers, etc.\",\"sameAs\":[\"http:\/\/chento.org\",\"https:\/\/www.facebook.com\/JavierChento\",\"https:\/\/x.com\/https:\/\/twitter.com\/javierchento\"],\"url\":\"http:\/\/vincentians.com\/es\/author\/chento\/\"}]}<\/script>\n<!-- \/ Yoast SEO plugin. -->","yoast_head_json":{"title":"Mar\u00eda Vicenta de Santa Dorotea - Somos Vicencianos","robots":{"index":"index","follow":"follow","max-snippet":"max-snippet:-1","max-image-preview":"max-image-preview:large","max-video-preview":"max-video-preview:-1"},"canonical":"http:\/\/vincentians.com\/es\/maria-vicenta-de-santa-dorotea\/","og_locale":"es_ES","og_type":"article","og_title":"Mar\u00eda Vicenta de Santa Dorotea - Somos Vicencianos","og_description":"Mar\u00eda Vicenta de Santa Dorotea Ch\u00e1vez Orozco naci\u00f3 el 6 de febrero de 1867 en Cotija (Michoac\u00e1n, M\u00e9xico). Era la menor de los cuatro hijos de Luis Ch\u00e1vez y Benigna de Jes\u00fas Orozco. Recibi\u00f3 los ... Read More","og_url":"http:\/\/vincentians.com\/es\/maria-vicenta-de-santa-dorotea\/","og_site_name":"Somos Vicencianos","article_publisher":"https:\/\/www.facebook.com\/WeAreVincentians\/","article_author":"https:\/\/www.facebook.com\/JavierChento","article_published_time":"2011-07-29T02:44:37+00:00","author":"Francisco Javier Fern\u00e1ndez Chento","twitter_card":"summary_large_image","twitter_creator":"@https:\/\/twitter.com\/javierchento","twitter_site":"@WeVincentians","twitter_misc":{"Escrito por":"Francisco Javier Fern\u00e1ndez Chento","Tiempo de lectura":"4 minutos"},"schema":{"@context":"https:\/\/schema.org","@graph":[{"@type":"Article","@id":"http:\/\/vincentians.com\/es\/maria-vicenta-de-santa-dorotea\/#article","isPartOf":{"@id":"http:\/\/vincentians.com\/es\/maria-vicenta-de-santa-dorotea\/"},"author":{"name":"Francisco Javier Fern\u00e1ndez Chento","@id":"http:\/\/vincentians.com\/es\/#\/schema\/person\/9623ef4d9aa3b2dfb8c061f1499288f2"},"headline":"Mar\u00eda Vicenta de Santa Dorotea","datePublished":"2011-07-29T02:44:37+00:00","mainEntityOfPage":{"@id":"http:\/\/vincentians.com\/es\/maria-vicenta-de-santa-dorotea\/"},"wordCount":785,"commentCount":0,"publisher":{"@id":"http:\/\/vincentians.com\/es\/#organization"},"image":{"@id":"http:\/\/vincentians.com\/es\/maria-vicenta-de-santa-dorotea\/#primaryimage"},"thumbnailUrl":"","articleSection":["Mar\u00eda Vicenta de Santa Dorotea"],"inLanguage":"es","potentialAction":[{"@type":"CommentAction","name":"Comment","target":["http:\/\/vincentians.com\/es\/maria-vicenta-de-santa-dorotea\/#respond"]}]},{"@type":"WebPage","@id":"http:\/\/vincentians.com\/es\/maria-vicenta-de-santa-dorotea\/","url":"http:\/\/vincentians.com\/es\/maria-vicenta-de-santa-dorotea\/","name":"Mar\u00eda Vicenta de Santa Dorotea - Somos Vicencianos","isPartOf":{"@id":"http:\/\/vincentians.com\/es\/#website"},"primaryImageOfPage":{"@id":"http:\/\/vincentians.com\/es\/maria-vicenta-de-santa-dorotea\/#primaryimage"},"image":{"@id":"http:\/\/vincentians.com\/es\/maria-vicenta-de-santa-dorotea\/#primaryimage"},"thumbnailUrl":"","datePublished":"2011-07-29T02:44:37+00:00","breadcrumb":{"@id":"http:\/\/vincentians.com\/es\/maria-vicenta-de-santa-dorotea\/#breadcrumb"},"inLanguage":"es","potentialAction":[{"@type":"ReadAction","target":["http:\/\/vincentians.com\/es\/maria-vicenta-de-santa-dorotea\/"]}]},{"@type":"ImageObject","inLanguage":"es","@id":"http:\/\/vincentians.com\/es\/maria-vicenta-de-santa-dorotea\/#primaryimage","url":"","contentUrl":""},{"@type":"BreadcrumbList","@id":"http:\/\/vincentians.com\/es\/maria-vicenta-de-santa-dorotea\/#breadcrumb","itemListElement":[{"@type":"ListItem","position":1,"name":"Portada","item":"http:\/\/vincentians.com\/es\/"},{"@type":"ListItem","position":2,"name":"Mar\u00eda Vicenta de Santa Dorotea"}]},{"@type":"WebSite","@id":"http:\/\/vincentians.com\/es\/#website","url":"http:\/\/vincentians.com\/es\/","name":"Somos Vicencianos","description":"Know more to serve more","publisher":{"@id":"http:\/\/vincentians.com\/es\/#organization"},"potentialAction":[{"@type":"SearchAction","target":{"@type":"EntryPoint","urlTemplate":"http:\/\/vincentians.com\/es\/?s={search_term_string}"},"query-input":{"@type":"PropertyValueSpecification","valueRequired":true,"valueName":"search_term_string"}}],"inLanguage":"es"},{"@type":"Organization","@id":"http:\/\/vincentians.com\/es\/#organization","name":"The Vincentian Network","url":"http:\/\/vincentians.com\/es\/","logo":{"@type":"ImageObject","inLanguage":"es","@id":"http:\/\/vincentians.com\/es\/#\/schema\/logo\/image\/","url":"https:\/\/i1.wp.com\/vincentians.com\/es\/wp-content\/uploads\/sites\/11\/2016\/06\/Vincentian-Network-logo-big.png?fit=778%2C778","contentUrl":"https:\/\/i1.wp.com\/vincentians.com\/es\/wp-content\/uploads\/sites\/11\/2016\/06\/Vincentian-Network-logo-big.png?fit=778%2C778","width":778,"height":778,"caption":"The Vincentian Network"},"image":{"@id":"http:\/\/vincentians.com\/es\/#\/schema\/logo\/image\/"},"sameAs":["https:\/\/www.facebook.com\/WeAreVincentians\/","https:\/\/x.com\/WeVincentians"]},{"@type":"Person","@id":"http:\/\/vincentians.com\/es\/#\/schema\/person\/9623ef4d9aa3b2dfb8c061f1499288f2","name":"Francisco Javier Fern\u00e1ndez Chento","image":{"@type":"ImageObject","inLanguage":"es","@id":"http:\/\/vincentians.com\/es\/#\/schema\/person\/image\/","url":"https:\/\/secure.gravatar.com\/avatar\/497d5cde87b4c3d097d0315953521681ba2cd523ee66e5077c3711f7021e65de?s=96&d=mm&r=g","contentUrl":"https:\/\/secure.gravatar.com\/avatar\/497d5cde87b4c3d097d0315953521681ba2cd523ee66e5077c3711f7021e65de?s=96&d=mm&r=g","caption":"Francisco Javier Fern\u00e1ndez Chento"},"description":"Director General y cofundador de La Red de Formaci\u00f3n Vicenciana. Javier es laico vicenciano, afiliado a la Congregaci\u00f3n de la Misi\u00f3n y miembro del Equipo de Misiones Populares de la provincia can\u00f3nica de Zaragoza (Espa\u00f1a) de la Congregaci\u00f3n de la Misi\u00f3n. Graduado en la Universidad Oberta de Catalunya con cuatro grados (Asistente de direcci\u00f3n, Gesti\u00f3n Administrativa, Recursos Humanos y Contabilidad Avanzada). Bil\u00edng\u00fce Espa\u00f1ol\/Ingl\u00e9s. gestiona y mantiene varias p\u00e1ginas web cristianas y vicencianas, incluida including La Red de Formaci\u00f3n Vicenciana, de la que es cofundador. Actualmente es responsable del \u00e1rea de Espa\u00f1ol de .famvin, la Red de Noticias de la Familia Vicenciana. Tambi\u00e9n es m\u00fasico cat\u00f3lico y ha editado varios discos. Es Director General y cofundador de Trovador, una reconocida compa\u00f1\u00eda discogr\u00e1fica critiana de Espa\u00f1a. Trabaja en las Tecnolog\u00edas de la Informaci\u00f3n, ofreciendo servicios de alojamiento, dise\u00f1o y mantenimiento Web, as\u00ed como asesoramiento, formaci\u00f3n y soluciones inform\u00e1ticas, gesti\u00f3n documental y digitalizaci\u00f3n de textos, edici\u00f3n y maquetaci\u00f3n de libros, revistas, flyers, etc.","sameAs":["http:\/\/chento.org","https:\/\/www.facebook.com\/JavierChento","https:\/\/x.com\/https:\/\/twitter.com\/javierchento"],"url":"http:\/\/vincentians.com\/es\/author\/chento\/"}]}},"jetpack_publicize_connections":[],"jetpack_featured_media_url":"","jetpack_sharing_enabled":true,"jetpack_shortlink":"https:\/\/wp.me\/p7ETMF-c5G","jetpack-related-posts":[{"id":46533,"url":"http:\/\/vincentians.com\/es\/beata-maria-vicenta-de-santa-dorotea\/","url_meta":{"origin":46480,"position":0},"title":"Beata Mar\u00eda Vicenta de santa Dorotea","author":"Francisco Javier Fern\u00e1ndez Chento","date":"29\/07\/2011","format":false,"excerpt":"Cotija de la Paz La que ser\u00eda fundadora del Instituto de las Siervas de la Sant\u00edsima Trinidad y de los Pobres, fue originaria de Cotija, donde hab\u00eda nacido el 6 de febrero de 1867, \u00e9poca en la que el pueblo hab\u00eda llegado a su mayor esplendor y progreso. Originariamente, morada\u2026","rel":"","context":"En \u00abMar\u00eda Vicenta de Santa Dorotea\u00bb","block_context":{"text":"Mar\u00eda Vicenta de Santa Dorotea","link":"http:\/\/vincentians.com\/es\/category\/la-familia-vicenciana\/la-familia-vicenciana-en-los-altares\/beatos\/maria-vicenta-de-santa-dorotea\/"},"img":{"alt_text":"Mar\u00eda Vicenta de Santa Dorotea","src":"https:\/\/i0.wp.com\/vicencianos.org\/wp-content\/2011\/07\/MariaVicentaChavezO1-244x300.jpg?resize=350%2C200","width":350,"height":200},"classes":[]},{"id":46543,"url":"http:\/\/vincentians.com\/es\/santa-maria-de-jesus-sacramentado\/","url_meta":{"origin":46480,"position":1},"title":"Santa Mar\u00eda de Jes\u00fas Sacramentado","author":"Francisco Javier Fern\u00e1ndez Chento","date":"08\/12\/2013","format":false,"excerpt":"De hacienda en hacienda y de pueblo en pueblo Santa Mar\u00eda de Jes\u00fas naci\u00f3 en la peque\u00f1a propiedad de su padre, llamada La Tapona, a unos 23 kil\u00f3metros al oriente de Zapotlanejo, cabecera del municipio del mismo nombre. Las de la Tapona eran tierras \u00e1ridas y pedregosas; con cielo azul\u2026","rel":"","context":"En \u00abMar\u00eda de Jes\u00fas Sacramentado\u00bb","block_context":{"text":"Mar\u00eda de Jes\u00fas Sacramentado","link":"http:\/\/vincentians.com\/es\/category\/la-familia-vicenciana\/la-familia-vicenciana-en-los-altares\/santos\/maria-de-jesus-sacramentado\/"},"img":{"alt_text":"Santa Mar\u00eda de Jes\u00fas Sacramentado","src":"https:\/\/i0.wp.com\/vicencianos.org\/wp-content\/2011\/07\/Maria_de_Jesus_Sacramentado-205x300.jpg?resize=350%2C200","width":350,"height":200},"classes":[]},{"id":137108,"url":"http:\/\/vincentians.com\/es\/estatutos-de-navyl-en-colombia\/","url_meta":{"origin":46480,"position":2},"title":"Estatutos de NAVYL en Colombia","author":"Francisco Javier Fern\u00e1ndez Chento","date":"30\/01\/2015","format":false,"excerpt":"Fundaci\u00f3n: La rama de la Familia Vicentina, Navyl, Ni\u00f1os amigos de Vicente y Luisa, naci\u00f3 en Cali el 15 de marzo de 1991, con ocasi\u00f3n de la celebraci\u00f3n de los 400 a\u00f1os del nacimiento de Santa Luisa de Marillac, para perpetuar su memoria y presentarla como modelo al igual que\u2026","rel":"","context":"En \u00abDocumentos de otras Ramas e Instituciones vicencianas\u00bb","block_context":{"text":"Documentos de otras Ramas e Instituciones vicencianas","link":"http:\/\/vincentians.com\/es\/category\/formacion-vicenciana\/documentos-oficiales-de-la-familia-vicenciana\/documentos-de-otras-ramas-e-instituciones-vicencianas\/"},"img":{"alt_text":"navyl","src":"https:\/\/i0.wp.com\/vicencianos.org\/wp-content\/2014\/01\/navyl-300x300.jpg?resize=350%2C200","width":350,"height":200},"classes":[]},{"id":114953,"url":"http:\/\/vincentians.com\/es\/como-rezar-el-rosario\/","url_meta":{"origin":46480,"position":3},"title":"C\u00f3mo rezar el Rosario","author":"Francisco Javier Fern\u00e1ndez Chento","date":"14\/02\/2019","format":false,"excerpt":"Modo de rezarlo Hacer el signo de la cruz y rezar el s\u00edmbolo de los ap\u00f3stoles o el acto de contrici\u00f3n. Rezar el Padrenuestro. Rezar 3 Avemar\u00edas y Gloria. Anunciar el primer misterio. Rezar el Padrenuestro. Rezar 10 Avemar\u00edas, Gloria y Jaculatoria. Anunciar el segundo misterio. Rezar el Padrenuestro. Rezar\u2026","rel":"","context":"En \u00abOraci\u00f3n\u00bb","block_context":{"text":"Oraci\u00f3n","link":"http:\/\/vincentians.com\/es\/category\/espiritualidad\/oracion\/"},"img":{"alt_text":"","src":"https:\/\/i0.wp.com\/vincentians.com\/es\/wp-content\/uploads\/sites\/11\/2016\/09\/ojos-jesucristo.jpg?fit=1200%2C630&resize=350%2C200","width":350,"height":200,"srcset":"https:\/\/i0.wp.com\/vincentians.com\/es\/wp-content\/uploads\/sites\/11\/2016\/09\/ojos-jesucristo.jpg?fit=1200%2C630&resize=350%2C200 1x, https:\/\/i0.wp.com\/vincentians.com\/es\/wp-content\/uploads\/sites\/11\/2016\/09\/ojos-jesucristo.jpg?fit=1200%2C630&resize=525%2C300 1.5x, https:\/\/i0.wp.com\/vincentians.com\/es\/wp-content\/uploads\/sites\/11\/2016\/09\/ojos-jesucristo.jpg?fit=1200%2C630&resize=700%2C400 2x, https:\/\/i0.wp.com\/vincentians.com\/es\/wp-content\/uploads\/sites\/11\/2016\/09\/ojos-jesucristo.jpg?fit=1200%2C630&resize=1050%2C600 3x"},"classes":[]},{"id":131581,"url":"http:\/\/vincentians.com\/es\/origen-y-desarrollo-de-la-provincia-de-colonia-de-las-hijas-de-la-caridad\/","url_meta":{"origin":46480,"position":4},"title":"ORIGEN Y DESARROLLO DE LA PROVINCIA DE COLONIA DE LAS HIJAS DE LA CARIDAD","author":"Mitxel Olabu\u00e9naga","date":"16\/10\/2014","format":false,"excerpt":"Casa Central de Nippes (1870).\u2014Por unos instantes tengo e volver al a\u00f1o 1871, en el que interrump\u00ed el relato hist\u00f3rico de la Casa Central de Nippes. En este a\u00f1o, d\u00eda 19 de Diciembre, se tuvo Consejo, presidido por el Sr. Kelz, que, seg\u00fan se ha dicho, sucedi\u00f3 en el mismo\u2026","rel":"","context":"En \u00abHistoria de las Hijas de la Caridad\u00bb","block_context":{"text":"Historia de las Hijas de la Caridad","link":"http:\/\/vincentians.com\/es\/category\/historia-de-la-familia-vicenciana\/historia-de-las-hijas-de-la-caridad\/"},"img":{"alt_text":"Hijas2","src":"https:\/\/i0.wp.com\/vicencianos.org\/wp-content\/2014\/03\/Hijas2.gif?resize=350%2C200","width":350,"height":200},"classes":[]},{"id":118256,"url":"http:\/\/vincentians.com\/es\/rabanos-espinosa-ricardo-1912-2004\/","url_meta":{"origin":46480,"position":5},"title":"R\u00e1banos Espinosa, Ricardo (1912 \u2013 2004)","author":"Mitxel Olabu\u00e9naga","date":"25\/10\/2021","format":false,"excerpt":"Naci\u00f3 el 7 febrero de 1912 en Pradoluengo, Burgos. Sus padres fueron D. Tiburcio y Dn\u00aa Dorotea. Curs\u00f3 sus primeros estudios en nuestros \"seminarios menores\" de Tardajos y Guadalajara. Los Estudios de Eclesi\u00e1sticos los realiza en Villafranca del Bierzo y en Cuenca. M\u00e1s tarde, en Roma, se doctora en Teolog\u00eda.\u2026","rel":"","context":"En \u00abBiograf\u00edas de Misioneros Pa\u00fales\u00bb","block_context":{"text":"Biograf\u00edas de Misioneros Pa\u00fales","link":"http:\/\/vincentians.com\/es\/category\/la-familia-vicenciana\/biografias-vicencianas\/biografias-de-misioneros-paules\/"},"img":{"alt_text":"","src":"https:\/\/i0.wp.com\/vincentians.com\/es\/wp-content\/uploads\/sites\/11\/2016\/07\/bio-cm.jpg?fit=1200%2C630&resize=350%2C200","width":350,"height":200,"srcset":"https:\/\/i0.wp.com\/vincentians.com\/es\/wp-content\/uploads\/sites\/11\/2016\/07\/bio-cm.jpg?fit=1200%2C630&resize=350%2C200 1x, https:\/\/i0.wp.com\/vincentians.com\/es\/wp-content\/uploads\/sites\/11\/2016\/07\/bio-cm.jpg?fit=1200%2C630&resize=525%2C300 1.5x, https:\/\/i0.wp.com\/vincentians.com\/es\/wp-content\/uploads\/sites\/11\/2016\/07\/bio-cm.jpg?fit=1200%2C630&resize=700%2C400 2x, https:\/\/i0.wp.com\/vincentians.com\/es\/wp-content\/uploads\/sites\/11\/2016\/07\/bio-cm.jpg?fit=1200%2C630&resize=1050%2C600 3x"},"classes":[]}],"_links":{"self":[{"href":"http:\/\/vincentians.com\/es\/wp-json\/wp\/v2\/posts\/46480","targetHints":{"allow":["GET"]}}],"collection":[{"href":"http:\/\/vincentians.com\/es\/wp-json\/wp\/v2\/posts"}],"about":[{"href":"http:\/\/vincentians.com\/es\/wp-json\/wp\/v2\/types\/post"}],"author":[{"embeddable":true,"href":"http:\/\/vincentians.com\/es\/wp-json\/wp\/v2\/users\/4"}],"replies":[{"embeddable":true,"href":"http:\/\/vincentians.com\/es\/wp-json\/wp\/v2\/comments?post=46480"}],"version-history":[{"count":0,"href":"http:\/\/vincentians.com\/es\/wp-json\/wp\/v2\/posts\/46480\/revisions"}],"wp:featuredmedia":[{"embeddable":true,"href":"http:\/\/vincentians.com\/es\/wp-json\/"}],"wp:attachment":[{"href":"http:\/\/vincentians.com\/es\/wp-json\/wp\/v2\/media?parent=46480"}],"wp:term":[{"taxonomy":"category","embeddable":true,"href":"http:\/\/vincentians.com\/es\/wp-json\/wp\/v2\/categories?post=46480"},{"taxonomy":"post_tag","embeddable":true,"href":"http:\/\/vincentians.com\/es\/wp-json\/wp\/v2\/tags?post=46480"}],"curies":[{"name":"wp","href":"https:\/\/api.w.org\/{rel}","templated":true}]}}