{"id":46451,"date":"2015-04-09T09:58:56","date_gmt":"2015-04-09T07:58:56","guid":{"rendered":"http:\/\/somos.vicencianos.org\/?p=46451"},"modified":"2016-07-26T16:58:15","modified_gmt":"2016-07-26T14:58:15","slug":"san-vicente-de-paul-y-los-obispos","status":"publish","type":"post","link":"http:\/\/vincentians.com\/es\/san-vicente-de-paul-y-los-obispos\/","title":{"rendered":"San Vicente de Pa\u00fal y los Obispos"},"content":{"rendered":"<p><a href=\"https:\/\/i0.wp.com\/vicencianos.org\/wp-content\/2011\/07\/obispo.png\"><img data-recalc-dims=\"1\" loading=\"lazy\" decoding=\"async\" class=\"alignleft size-medium wp-image-46453\" title=\"obispo\" src=\"https:\/\/i0.wp.com\/vicencianos.org\/wp-content\/2011\/07\/obispo-207x300.png?resize=207%2C300\" alt=\"\" width=\"207\" height=\"300\" \/><\/a>Mons Pierre Blet ha tratado este asunto de forma exhaustiva, sirvi\u00e9ndose tambi\u00e9n de fuentes no vicencianas, como la correspondencia de los Nuncios; con todo no conoc\u00eda los apuntes del canciller S\u00e9guier.<\/p>\n<p>Aqu\u00ed, yo abordar\u00e9 el tema bajo otro punto de vista, m\u00e1s cercano al vivido por el Sr. Vicente y a su teolog\u00eda del obispado, que evoca sin llegar a desarrollarla.<\/p>\n<p>En el plano doctrinal, la teolog\u00eda sobre los grados del Sacramento del Orden y el rango o timbre propio del Episcopado ya estaba bien precisa: \u00fanicamente el episcopado confiere la plenitud del sacramento del Orden, uniendo al poder de consagrar el Cuerpo Eucar\u00edstico de Jesucristo el de santificar y regir a su Cuerpo M\u00edstico, que los sacerdotes s\u00f3lo poseen por delegaci\u00f3n, y el de conferir las \u00d3rdenes sagradas. El Concilio de Trento as\u00ed lo defini\u00f3 en su Sesi\u00f3n 23 de 1563, Cap\u00edtulo 4, p\u00e1rrafo 3, y Canon 7. A pesar de todo, ya desde finales del siglo IV, hubo quienes profesaban la igualdad de los sacerdotes y de los obispos, quedando el episcopado en una simple distinci\u00f3n honor\u00edfica, jur\u00eddica.<\/p>\n<p>En tiempos del Sr. Vicente, en 1611, el te\u00f3logo Edmond Richer (1959-1631), s\u00edndico de la Sorbona, profes\u00f3 no s\u00f3lo que la Iglesia de Francia deb\u00eda depender m\u00e1s de sus Asambleas y del Rey que del Papa (galicanismo), sino que los sacerdotes eran iguales a los Obispos. Si bien condenado y revocado, todo esto no impidi\u00f3 que se difundieran sus ideas, hasta entrado el siglo XVIII. El Sr. Vicente se sentir\u00e1 resueltamente unido a los Obispos y al Papa.<\/p>\n<p>En el plano pr\u00e1ctico, el poder de los Obispos estaba bastante limitado, &#8211; por un lado debido al gran n\u00famero de abad\u00edas null\u00edus, cada una de ellas dotadas de parroquias exentas del Obispo del lugar; &#8211; por otro, a causa del derecho de patronato, que otorgaba a aquel (eclesi\u00e1stico o laico), que hab\u00eda dotado a una iglesia o a un cap\u00edtulo, cierto n\u00famero de derechos sobre esta iglesia o este cap\u00edtulo; &#8211; y por \u00faltimo, en Francia, por la encomienda, que atribu\u00eda las rentas y el poder temporal de di\u00f3cesis y de abad\u00edas a laicos agraciados con este cargo por el rey, en recompensa por los servicios prestados; era suficiente con que recibieran la tonsura. En dichos casos, el Obispo apenas pod\u00eda hacer otra cosa que ratificar a los candidatos que se le presentaban. El propio Vicente debi\u00f3 aceptar, a partir de 1643, ser Vicario General del sobrino segundo de Richelieu, abad comendatario de tres grandes abad\u00edas, que administraba m\u00e1s de 150 parroquias en total. He podido tener en mis manos fotocopias de 6 presentaciones de p\u00e1rrocos a los obispos de Rouen y de Rennes, \u00a1firmadas por Vicente de su propio pu\u00f1o! A\u00f1adamos a esto que desde Carlos VII y la Pragm\u00e1tica Sanci\u00f3n de Bourges, el rey de Francia ten\u00eda que ver en los nombramientos de Obispos.<\/p>\n<p>Sin embargo se ha exagerado no poco la frecuencia de los nombramientos de candidatos indignos, las Asambleas del Clero de finales del siglo XVI se\u00f1alan que hab\u00eda una mayor\u00eda de buenos Obispos, y que antes de la participaci\u00f3n de San Vicente, Luis XIII se rodeaba de buenos consejeros, como los cardenales La Rochefoucauld y De Gondi. Y sobre todo, la aprobaci\u00f3n y concesi\u00f3n de las Bulas para la consagraci\u00f3n reca\u00eda siempre en el Papa, quien las neg\u00f3 m\u00e1s de una vez.<\/p>\n<p>En este contexto pues vivi\u00f3 San Vicente de Pa\u00fal, claramente fiel al Concilio de Trento, unido a la vez al Papa y a los Obispos; as\u00ed que ni galicano ni richerista.<\/p>\n<p>Sus ideas y su acci\u00f3n lo acompa\u00f1an toda su vida, como vamos a ver.<\/p>\n<p>Vicente siempre se tuvo por hijo de pobres campesinos, pero sus textos y documentos de archivos revelan una situaci\u00f3n mucho m\u00e1s amplia, que le dio una extra\u00f1a facilidad para establecer unas relaciones c\u00f3modas en todos los rangos de la sociedad.<\/p>\n<p>Su padre era labrador, pero propietario y uno de los notables del pueblo, pobre puesto que la regi\u00f3n hab\u00eda sido saqueada por los ej\u00e9rcitos protestantes; adem\u00e1s la agricultura estaba expuesta a las vicisitudes del tiempo, y hab\u00eda seis hijos que criar. Se ver\u00e1 una y otra vez en Vicente el dominio de las cuestiones agr\u00edcolas.<\/p>\n<p>El can\u00f3nigo Esteban Depa\u00fal, de Dax, prior del peque\u00f1o hospicio vecino, podr\u00eda ser un hermano de su padre; si a\u00f1adimos a su p\u00e1rroco, ya tenemos a Vicente relacionado con el mundo eclesi\u00e1stico.<\/p>\n<p>Su madre era hija de \u00abbodeguero\u00bb, especie de caballero propietario de una tierra noble, encargado de la seguridad (nada que ver con una bodega), a unos veinte kil\u00f3metros al sur de Dax, y hermana del bodeguero sucesor de su padre y de un abogado de Dax. Esta situaci\u00f3n de peque\u00f1o se\u00f1or local colocaba a la familia directamente en contacto con su se\u00f1or, la gran familia de los De Gramont, condes de Bidache, algo m\u00e1s al sur, \u00faltima parroquia de la di\u00f3cesis de Dax.<\/p>\n<p>Veamos ahora el <strong>primer encuentro de Vicente con un Obispo:<\/strong> un hermano del conde de Bidache hab\u00eda sido obispo comendatario de Tarbes, siendo el obispo consagrado un miembro de los De Gramont, Salvat Diharse, titular despu\u00e9s de la muerte de Te\u00f3filo, en 1594. Ahora vemos la raz\u00f3n de que Vicente no se tonsurara en Dax, cuyo obispo no hab\u00eda recibido sus Bulas de Roma, sino en Bidache, y no de manos del obispo de Aire, sino de Salvat, aunque Tarbes se hallara m\u00e1s lejos de Dax que Aire. Ya lo tenemos lanzado en medio de la nobleza y del episcopado.<\/p>\n<p>Si no se orden\u00f3 de sacerdote hasta el 23 de setiembre de 1600, siendo as\u00ed que hac\u00eda ya un a\u00f1o que ten\u00eda las dimisorias, fue debido a que su nuevo Obispo, Juan Santiago Dusault, llegado a Dax en enero de 1600, hab\u00eda convocado un s\u00ednodo para marzo-abril proponi\u00e9ndose una severa reforma, lo que produjo una revoluci\u00f3n en el Cap\u00edtulo por \u00ababuso de poder\u00bb, neg\u00e1ndose a participar en sus oficios de la Catedral. El Obispo no pod\u00eda oficiar de pontifical, y los procesos duraron tres a\u00f1os. En cuanto a ordenarse a los 19 a\u00f1os en lugar de a los 24, no era nada raro en aquel tiempo.<\/p>\n<p>Vicente tuvo que esperar, despu\u00e9s busc\u00f3 otro obispo, al ver que el asunto iba para largo. Si eligi\u00f3 a Francisco de Bourdeilles de P\u00e9rigueux no se explica sino por un juego de relaciones. \u00bfPor qu\u00e9 no el obispo de Toulouse? \u00bfo el de Tarbes? Carecemos de documento alguno&#8230;<\/p>\n<p>En octubre de 1604, recibe el bachillerato en teolog\u00eda y la licencia para ense\u00f1ar el 2\u00ba Libro de Sentencias de Pedro Lombardo y comienza la ense\u00f1anza en Toulouse, como bachiller en sentencias.<\/p>\n<p>La cautividad de Berber\u00eda,<span id='easy-footnote-1-46451' class='easy-footnote-margin-adjust'><\/span><span class='easy-footnote'><a href='http:\/\/vincentians.com\/es\/san-vicente-de-paul-y-los-obispos\/#easy-footnote-bottom-1-46451' title='Desde &lt;em&gt;La vraie vie de Saint Vincent de Paul,&lt;\/em&gt; por Antoine R\u00e9dier, Grasset, Par\u00eds, 1927, se ha vuelto de moda negar la cautividad de Vicente. El \u00fanico argumento de R\u00e9dier es su inverosimilitud. M\u00e1s tarde, escribi\u00f3 c\u00f3mo un lazarista encarg\u00f3 a Grandchamp, agregado a la embajada de Francia en T\u00fanez, que buscara argumentos en qu\u00e9 basar la negaci\u00f3n, argumentos todos invalidados por el especialista Turbet-Deloff, director de &lt;em&gt;\u00c9tudes Maghr\u00e9bines&lt;\/em&gt; en la Universidad de Burdeos, y por varias publicaciones recientes de archivos, que confirman el relato de Vicente como muy plausible. Adem\u00e1s, nadie ha analizado el principio ni el fin de las dos famosas cartas, y no sobre los manuscritos aut\u00f3grafos; se ha prestado atenci\u00f3n al relato central, y de acuerdo con el texto impreso. Pues bien, las dos cartas, de Avignon y de Roma, fueron escritas no r\u00e1pidamente, como el resto de las cartas de Vicente, sino con mucho cuidado y, cosa que no dice Pierre Coste, las dos est\u00e1n rubricadas, es decir que la firma va seguida de los arabescos propios de cada participante de un acta notarial o judicial. Bueno, pues Vicente no emplea nunca su r\u00fabrica en las cartas a los amigos, pero s\u00ed siempre en las actas notariales o judiciales. Adem\u00e1s, las dos van dirigidas al Sr. De Comet, abogado, y enviadas por duplicado, la primera al Sr. D\u2019Arnaudin, notario del obispado, y la segunda al Sr. De Lalande, \u00a1lugarteniente de polic\u00eda de Dax! Por \u00faltimo, su objeto no es el relato, sino un acta muy oficial: un reconocimiento de deuda, con explicaci\u00f3n de las razones por el retraso en reembolsar (el cautiverio) y promesa de hacerlo en cuanto sea posible, de conformidad con las actas previstas en la legislaci\u00f3n notarial. Se encontrar\u00e1n referencias a estas legislaciones en mi art\u00edculo &lt;em&gt;Saint Vincent expert en proc\u00e9dure,&lt;\/em&gt; publicado en el &lt;em&gt;Bulletin des Lazaristes de France,&lt;\/em&gt; n\u00ba 168, abril de 1999. Resumiendo, aun concediendo que el estilo es vivaz y casi novelesco, estas cartas son actas oficiales, dirigidas a gente que pod\u00eda f\u00e1cilmente hacerlas comprobar por medio del Consulado de Francia en T\u00fanez. En cuanto al estilo novelesco, es frecuente en Vicente, experto en relatos vivaces y en escenas vivas. Por otro lado, sabemos de su obsesi\u00f3n por socorrer a los esclavos de los musulmanes, de sus tr\u00e1mites en Roma por conseguir misiones en Sal\u00e9, en Marruecos, en Babilonia, en el Oriente Pr\u00f3ximo, que s\u00f3lo consiguieron T\u00fanez y Argel: ning\u00fan eclesi\u00e1stico m\u00e1s franc\u00e9s senti\u00f3 por entonces esta preocupaci\u00f3n.'><sup>1<\/sup><\/a><\/span> de julio de 1605 a junio de 1607, trastoc\u00f3 el curso de los acontecimientos, sumergi\u00e9ndolo en la experiencia de las miserias de los esclavos, que le obsesionar\u00e1 durante su vida \u2013sin menoscabo del resto de sus obras-.<\/p>\n<p>Despu\u00e9s de evadirse con un renegado (son numerosas las huidas de renegados), va a parar a Avi\u00f1\u00f3n, en julio de 1607. Pronto se une al nuncio, quien lo llevar\u00e1 con \u00e9l a Roma, esperando relacionarse \u00fatilmente. All\u00ed, aparte de las visitas a los pobres enfermos del Hospital de la Caridad, evoluciona en el mundo de los Cardenales \u2013a la caza de alg\u00fan buen nombramiento-. Su decepci\u00f3n fue grande, escribir\u00e1 m\u00e1s de una vez a prop\u00f3sito: a los romanos no les gusta la gente que tiene demasiada prisa.<\/p>\n<p>Esto constituye la <strong>primera fase<\/strong> de su visi\u00f3n: <strong>los Obispos \u00a1proveedores de puestos rentables! <\/strong><\/p>\n<p>\u00bfPor qu\u00e9 a finales de 1608 llega a Par\u00eds, y no a Dax como lo hab\u00eda prometido en su segunda carta? Nos debemos conformar con hip\u00f3tesis&#8230;<\/p>\n<p>Vicente es nombrado muy pronto entre los distribuidores de limosnas de la Reina Margarita, esposa repudiada de Enrique IV. Es debido probablemente a la intervenci\u00f3n del obispo de Dax, Juan Santiago Dusault, bien relacionado con Enrique IV y primer capell\u00e1n de esta Reina.<\/p>\n<p>Al mismo tiempo su preocupaci\u00f3n por la vida espiritual le lleva a frecuentar el c\u00edrculo de espiritualidad de la Se\u00f1ora Acarie y de su sobrino Pedro de B\u00e9rulle, en los que poco a poco se va abriendo camino a las dimensiones pastorales.<\/p>\n<p title=\"\">Todo esto no le impide la b\u00fasqueda de recursos financieros, para volver con su madre y sostener a su familia. Ignoramos de qu\u00e9 manera estableci\u00f3 contacto con el arzobispo de Aix en Provence, Pablo Hurault de l\u2019H\u00f4pital, Consejero del Rey en su Consejo de Estado, quien desde 1609 ten\u00eda la encomienda de la abad\u00eda de Saint-L\u00e9onard de Chaumes, cerca de la Rochelle. En mayo de 1610, Pablo renuncia a Saint-L\u00e9onard de Chaumes a favor de Vicente, lo que le permite abrigar la esperanza de poder regresar por fin con su madre, como se lo hab\u00eda escrito ya el 17 de febrero de 1610.<span id='easy-footnote-2-46451' class='easy-footnote-margin-adjust'><\/span><span class='easy-footnote'><a href='http:\/\/vincentians.com\/es\/san-vicente-de-paul-y-los-obispos\/#easy-footnote-bottom-2-46451' title='Arch. D\u00e9part. de Charente Maritime, S\u00e9rie 3 E 1203, f\u00ba 229. Minutes de Ma\u00eetre Combauld, notaire de La Rochelle, Registre 1608-1610, liasse de 1610. Arch. de la Mission, photocopie. (Nota de la Redacci\u00f3n: algunas citas de este art\u00edculo las hemos dejado en el original franc\u00e9s dado su car\u00e1cter t\u00e9cnico).'><sup>2<\/sup><\/a><\/span>\n<p>El s\u00e1bado 16 de octubre de 1610, al tomar posesi\u00f3n de la abad\u00eda, presenta la Bula de nombramiento por el Papa Pablo V, del 27 de agosto de 1610, y las credenciales expedidas por su obispo, de Dax, Juan Santiago Dusault, con fecha del 20 de setiembre de 1610.<\/p>\n<p>Su entramado de relaciones con obispos se ha ampliado, pero hasta ahora, con la esperanza sobre todo de obtener favores, financieros a ser posible. En cuanto a Saint-L\u00e9onard, debe hacer frente a largos procesos desde 1611, vi\u00e9ndose obligado a ir a La Rochelle m\u00e1s de una vez.<\/p>\n<p>En Par\u00eds sigue sus encuentros con el c\u00edrculo de B\u00e9rulle. Se muestra tan dispuesto para el ministerio parroquial que, cuando B\u00e9rulle funda el Oratorio, los 10 y 11 de noviembre de 1611, con algunos sacerdotes, entre los que est\u00e1 Bourgoing, p\u00e1rroco de Clichy, es a Vicente y no a otro a quien considera capaz de suceder a Bourgoing en Clichy.<\/p>\n<p>No ir\u00e1 a tomar posesi\u00f3n hasta mayo de 1612, dedicando parte de su tiempo al Oratorio, que seguir\u00e1 frecuentando en adelante. All\u00e1, va a descubrir un elemento capital de su espiritualidad pastoral, y <strong>su idea de las relaciones con los Obispos va cambiar por completo; segunda fase:<\/strong><\/p>\n<p title=\"\">B\u00e9rulle, cuando funda el Oratorio, hace \u00e9nfasis en se\u00f1alar la diferencia con relaci\u00f3n a los Religiosos, en particular a los Jesuitas, declarando que no quiere fundar un Instituto religioso exento de los Obispos, sino continuar en la obediencia pastoral, misionera, con ellos. Esto dej\u00f3 escrito en su <em>Proyecto para la Congregaci\u00f3n del Oratorio de Jes\u00fas,<\/em> a finales de 1610:<span id='easy-footnote-3-46451' class='easy-footnote-margin-adjust'><\/span><span class='easy-footnote'><a href='http:\/\/vincentians.com\/es\/san-vicente-de-paul-y-los-obispos\/#easy-footnote-bottom-3-46451' title='Jean Dagens, Correspondance du Cardinal de B\u00e9rulle, p. 118.'><sup>3<\/sup><\/a><\/span>\n<p><em>Y teniendo en cuenta que todo debe estar en la Iglesia con orden y que Dios ha unido a la Santa Sede en nuestros d\u00edas a una Sociedad que es la de los Padres Jesuitas, \u00e9sta, la del Oratorio, estar\u00eda ligada a los prelados por el voto de obediencia, en cuanto al ejercicio y empleo de funciones eclesi\u00e1sticas (aparte de aquellas que se refieren al honor y jurisdicci\u00f3n); y de esta forma se renovar\u00eda el uso del voto que se emite en la consagraci\u00f3n de los sacerdotes y que parece ser esencial al estado de sacerdote.<\/em><\/p>\n<p title=\"\">Vicente tendr\u00e1 la misma disposici\u00f3n con relaci\u00f3n a los Obispos en el <em>Contrato de fundaci\u00f3n<\/em> m\u00e1s tarde las <em>Reglas Comunes<\/em> de su Congregaci\u00f3n, llegando a de que somos \u00abde la Religi\u00f3n, o sea Congregaci\u00f3n, de San Pedro, o m\u00e1s bien de Jesucristo. [&#8230;] \u00a1Oh, qu\u00e9 gran consuelo pertenecer a la Orden de San Pedro!\u00bb.<span id='easy-footnote-4-46451' class='easy-footnote-margin-adjust'><\/span><span class='easy-footnote'><a href='http:\/\/vincentians.com\/es\/san-vicente-de-paul-y-los-obispos\/#easy-footnote-bottom-4-46451' title='SV XII, 376 \/ ES XI, 646'><sup>4<\/sup><\/a><\/span>\n<p>Esto es todo un cambio: <strong>los Obispos considerados como animadores, pastores,<\/strong> del Cuerpo de Cristo. \u00a1Es un progreso espiritual, pastoral y eclesial!<\/p>\n<p title=\"\">Lleg\u00f3 a entablar amistad, en un a\u00f1o, con uno de los grandes Obispos de este tiempo, Francisco de Sales, a quien rindi\u00f3 un prolongado testimonio, en el proceso de su beatificaci\u00f3n.<span id='easy-footnote-5-46451' class='easy-footnote-margin-adjust'><\/span><span class='easy-footnote'><a href='http:\/\/vincentians.com\/es\/san-vicente-de-paul-y-los-obispos\/#easy-footnote-bottom-5-46451' title='SV XIII, 66-84 \/ ES X, 81-96'><sup>5<\/sup><\/a><\/span>\n<p>Pero todo eso no remedia sus necesidades financieras, y B\u00e9rulle va a buscarle otros subsidios haci\u00e9ndole entrar como preceptor en la familia del General de las Galeras, Felipe Manuel de Gondi, titular de un n\u00famero importante de se\u00f1or\u00edos, de baron\u00edas, y del Condado de Joigny, recibido como regalo de matrimonio de su t\u00edo Pedro, Obispo de Par\u00eds de 1568 a 1616. Adem\u00e1s de su servicio en la familia y de la atenci\u00f3n a Clichy, Vicente predica en los pueblos de los Gondi mientras reside la familia.<\/p>\n<p>A Pedro le sucedi\u00f3 en el obispado de Par\u00eds un hermano de Felipe Manuel, Enrique, muerto en 1622, luego otro hermano, Juan Francisco, de 1622 a 1654, con quien Vicente tendr\u00e1 tanto que hacer.<\/p>\n<p title=\"\">Su celo pastoral continuaba en Clichy, bien en persona, bien por medio de su vicario, y en los pueblos de los Gondi. En estas misiones aplic\u00f3 una pr\u00e1ctica de los Jesuitas, las confesiones generales de toda la vida pasada, lo que le puso en <strong>relaci\u00f3n con los obispados respectivos para obtener el poder de absolver los casos reservados a los Obispos.<\/strong> Contamos adem\u00e1s con una gesti\u00f3n as\u00ed ante el Vicario General de Sens, del 20 de junio de 1616.<span id='easy-footnote-6-46451' class='easy-footnote-margin-adjust'><\/span><span class='easy-footnote'><a href='http:\/\/vincentians.com\/es\/san-vicente-de-paul-y-los-obispos\/#easy-footnote-bottom-6-46451' title='SV I, 20-21 \/ ES I, 90'><sup>6<\/sup><\/a><\/span>\n<p>Se trata del caso que se present\u00f3 en las tierras de la Se\u00f1ora de Gondi, cerca de Folleville, donde un campesino cont\u00f3 su liberaci\u00f3n espiritual a esta se\u00f1ora quien, al descubrir estas miserias, oblig\u00f3 a Vicente a predicar sobre este tema, lo que trajo consigo afluencia de clientes y Vicente se vio obligado a recurrir a un equipo de sacerdotes, y as\u00ed seguir\u00e1 haci\u00e9ndolo: la misi\u00f3n se da en equipo.<\/p>\n<p title=\"\">Entretanto, el <strong>arzobispo de Lyon,<\/strong> Mons De Marquemont, hab\u00eda pedido a B\u00e9rulle fundar el Oratorio en <strong>Ch\u00e2tillon-les-Dombes,<\/strong> en Bresse, al nordeste de Lyon, ciudad perdonada en el coraz\u00f3n de una regi\u00f3n devastada por la conquista francesa bajo Enrique IV, entre 1594 y 1600, para establecer un centro de misiones.<span id='easy-footnote-7-46451' class='easy-footnote-margin-adjust'><\/span><span class='easy-footnote'><a href='http:\/\/vincentians.com\/es\/san-vicente-de-paul-y-los-obispos\/#easy-footnote-bottom-7-46451' title='Copie dans dossier de 1686 aux Archives D\u00e9partementales du Rh\u00f4ne, Section Ancienne, 2 Chemin de Montauban, 69005 Lyon, cote 19 H 1.'><sup>7<\/sup><\/a><\/span> B\u00e9rulle, que fundaba el Oratorio en alguna ciudad m\u00e1s, se lo propuso a Vicente. Conservamos piezas en los Archivos de los pasos que dio, pero tuvo que entenderse con el Vicario General, pues Mons. De Marquemont estuvo ausente de Lyon a partir del 18 o 19 de junio.<span id='easy-footnote-8-46451' class='easy-footnote-margin-adjust'><\/span><span class='easy-footnote'><a href='http:\/\/vincentians.com\/es\/san-vicente-de-paul-y-los-obispos\/#easy-footnote-bottom-8-46451' title='Indications r\u00e9sultant des Registres des Provisions (Arch. D\u00e9p. du Rh\u00f4ne, Arch. Anciennes, 1 G 87 = registre 8), et des Insinuations, 1 G 120 = registre 79): en estas fechas, las actas est\u00e1n firmadas por el Vicario General.'><sup>8<\/sup><\/a><\/span>\n<p>De vuelta a Par\u00eds a casa de los Gondi, se puso a misionar con mayor intensidad en sus tierras, siempre con equipos de sacerdotes, erigiendo en todos los lugares Cofrad\u00edas de Caridad, de mujeres y a veces de hombres. La necesidad de ser aprobadas le llev\u00f3 a relacionarse con varios Obispos, Sens, Soissons, a partir de 1618, Amiens en 1620, etc.<span id='easy-footnote-9-46451' class='easy-footnote-margin-adjust'><\/span><span class='easy-footnote'><a href='http:\/\/vincentians.com\/es\/san-vicente-de-paul-y-los-obispos\/#easy-footnote-bottom-9-46451' title='SV XIII, 442 y 446, 463, 482, y 419 al pie, nota del Documento 125 \/ ES X, 591 y 594, 610, 627, y 571, al pie de la nota del Documento 199.'><sup>9<\/sup><\/a><\/span> Las fundaciones de las casas de Misioneros y de Hijas de la Caridad le ver\u00e1n tambi\u00e9n en comunicaci\u00f3n con m\u00e1s obispos.<\/p>\n<p title=\"\">Sigue siendo p\u00e1rroco de Clichy hasta 1626, y es all\u00ed sin duda donde predic\u00f3 su <strong>serm\u00f3n para preparar la visita del obispo:<\/strong> Juan Francisco de Gondi pas\u00f3 visita el 9 de octubre de 1624. Nos quedan pocos textos doctrinales de Vicente: \u00e9ste es uno, tenido en poco, por ser un simple bosquejo, pero en cinco puntos muy cortos expresa <strong>su visi\u00f3n de la Iglesia y del papel pastoral capital de los Obispos, no s\u00f3lo jur\u00eddico, sino espiritual<\/strong>.<span id='easy-footnote-10-46451' class='easy-footnote-margin-adjust'><\/span><span class='easy-footnote'><a href='http:\/\/vincentians.com\/es\/san-vicente-de-paul-y-los-obispos\/#easy-footnote-bottom-10-46451' title='SV XIII, 57-60 \/ ES X, 68-71 y Pierre Coste, &lt;em&gt;Le Grand Saint du Grad Si\u00e8cle&lt;\/em&gt;, I, p.77.'><sup>10<\/sup><\/a><\/span>\n<p title=\"\">Ya est\u00e1 lanzado Vicente en relaciones ministeriales con los Obispos, cada vez m\u00e1s intensas ya desde los comienzos de la <strong>Congregaci\u00f3n de los Padres de la Misi\u00f3n.<\/strong> El <strong>contrato de fundaci\u00f3n,<\/strong> validado ante notario el 17 de abril de 1625, y el 24 de abril de 1626 Juan Francisco de Gondi, arzobispo de Par\u00eds, rubric\u00f3 su aprobaci\u00f3n.<span id='easy-footnote-11-46451' class='easy-footnote-margin-adjust'><\/span><span class='easy-footnote'><a href='http:\/\/vincentians.com\/es\/san-vicente-de-paul-y-los-obispos\/#easy-footnote-bottom-11-46451' title='SV XIII, 57-60 \/ ES X, 68-71 y Pierre Coste, &lt;em&gt;Le Grand Saint du Grad Si\u00e8cle&lt;\/em&gt;, I, p.77.'><sup>11<\/sup><\/a><\/span>\n<p>Este contrato de fundaci\u00f3n nos muestra de nuevo esta nueva etapa, que sigue fielmente a B\u00e9rulle: estipula, al igual que el \u00abproyecto\u00bb de B\u00e9rulle y su Reglamento posterior, por una parte que los misioneros renunciar\u00e1n \u00aba toda clase de beneficios, cargos y dignidades de la Iglesia\u00bb, para, por otro lado, \u00abbajo el benepl\u00e1cito de los prelados, cada uno en el territorio de su di\u00f3cesis, aplicarse entera y exclusivamente a la salvaci\u00f3n del pobre pueblo\u00bb.<\/p>\n<p>Este es el <strong>punto central<\/strong> de su posici\u00f3n en relaci\u00f3n con el episcopado, de por vida, y de la de los Misioneros hasta el d\u00eda de hoy. En las Reglas Comunes distribuidas en 1658 no vemos ya la prohibici\u00f3n de los cargos y dignidades en la Iglesia, pero seguimos leyendo, en los cap\u00edtulos V, l y XI, 5, <strong>el v\u00ednculo y la obediencia a los Obispos en cuanto se refiere al ministerio,<\/strong> a lo que seguimos siendo fieles:<\/p>\n<p>Anticipemos, para seguir en esta l\u00ednea. Cuando llegue el momento de establecer votos de pobreza, castidad, obediencia y estabilidad al servicio de los pobres, al querer precisarlos para que no se conviertan en votos religiosos, Vicente pensar\u00e1, adem\u00e1s, en un quinto voto, seg\u00fan escribe a Juana de Chantal el 14 de julio de 1639: \u00abla obediencia a nuestros se\u00f1ores los obispos en la di\u00f3cesis en que nos encontremos, y en las funciones antedichas\u00bb.<span id='easy-footnote-12-46451' class='easy-footnote-margin-adjust'><\/span><span class='easy-footnote'><a href='http:\/\/vincentians.com\/es\/san-vicente-de-paul-y-los-obispos\/#easy-footnote-bottom-12-46451' title='SV I, 563 \/ ES I, 551.'><sup>12<\/sup><\/a><\/span>\n<p>Pero insist\u00eda en que la gesti\u00f3n de lo temporal de su Congregaci\u00f3n y el nombramiento de los superiores deb\u00edan estar en manos del Superior General. Distingu\u00eda entre el ministerio, el papel de misioneros de la Iglesia, y la vida interna de una Congregaci\u00f3n, que es otra c\u00e9lula de la Iglesia, independiente de los Obispos, y aprobada por el Papa el 12 de enero de 1633.<\/p>\n<p>Muchas obras habr\u00e1n entrado en funcionamiento entretanto, aparte de las misiones de los campos, fin principal. As\u00ed fue, desde 1625, la <strong>preparaci\u00f3n de los futuros sacerdotes.<\/strong><\/p>\n<p title=\"\">El obispo de Beauvais, Agust\u00edn Potier, ya relacionado con Bourdoise, que no ten\u00eda formadores que ofrecerle, conoc\u00eda a Vicente por Jer\u00f3nimo Duchesne, uno de sus grandes vicarios, quien hab\u00eda dado una misi\u00f3n con Vicente en Montmirail en 1621.<span id='easy-footnote-13-46451' class='easy-footnote-margin-adjust'><\/span><span class='easy-footnote'><a href='http:\/\/vincentians.com\/es\/san-vicente-de-paul-y-los-obispos\/#easy-footnote-bottom-13-46451' title='SV I, 66, nota 6 \/ ES I, 29, nota 6.'><sup>13<\/sup><\/a><\/span>\n<p>El 16 de julio de 1628,<span id='easy-footnote-14-46451' class='easy-footnote-margin-adjust'><\/span><span class='easy-footnote'><a href='http:\/\/vincentians.com\/es\/san-vicente-de-paul-y-los-obispos\/#easy-footnote-bottom-14-46451' title='Delettre, &lt;em&gt;Histoire du dioc\u00e8se de Beauvais,&lt;\/em&gt; cit\u00e9 par Fernand Potier de la Morandi\u00e8re, &lt;em&gt;Augustin Potier, \u00c9v\u00eaque et Comte de Beauvais, Pair de France,&lt;\/em&gt; Paris, s.d., p. 33.'><sup>14<\/sup><\/a><\/span> con ocasi\u00f3n de un viaje con Vicente, Potier le expuso su idea de ejercicios o sesiones de 10 a 15 d\u00edas antes de cada ordenaci\u00f3n, que conten\u00eda una formaci\u00f3n doctrinal elemental y sobre todo pastoral. Vicente la adopt\u00f3, busc\u00f3 colaboradores y a partir de septiembre comenzaron los <strong>Ejercicios de los Ordenandos,<\/strong> en Beauvais y bien pronto tambi\u00e9n en Par\u00eds, y en otros lugares, como es bien sabido.<\/p>\n<p>Como <strong>tercera etapa,<\/strong> Vicente va a ir m\u00e1s lejos que la obediencia a los Obispos, <strong>entra en colaboraci\u00f3n con ellos, a veces amistosamente;<\/strong> la lista ser\u00eda interminable.<\/p>\n<p>Algunos beneficiarios de estos ejercicios, viendo que esta formaci\u00f3n era un tanto insuficiente, aun despu\u00e9s de haber asistido a las facultades de teolog\u00eda, propusieron continuarla despu\u00e9s de la ordenaci\u00f3n, y as\u00ed llegaron las <strong>Conferencias de los Martes,<\/strong> en 1633. Los participantes contribu\u00edan a las misiones de Vicente en los pueblos, y aseguraban misiones en las grandes ciudades, donde la Congregaci\u00f3n se prohib\u00eda ir.<\/p>\n<p>Las amistades con los Obispos se extender\u00e1n con la fundaci\u00f3n de los <strong>Seminarios Mayores,<\/strong> a partir de 1641, en Annecy. El Obispo de Cahors, Alain de Solminihac, reformador de su di\u00f3cesis y de su abad\u00eda de Chancelade, fue uno de los primeros.<\/p>\n<p>Llevado por otros caminos, probablemente a partir de su cargo de capell\u00e1n de las galeras, Vicente entrar\u00e1 a conocer la parte de la realeza. Por otra parte, en 1638, los Sacerdotes de los Martes dieron la gran Misi\u00f3n de Saint-Germain-en-Laye, lugar de descanso de Luis XIII y de Ana de Austria quienes, con Richelieu se encargaban de encontrar buenos Obispos para los nombramientos. Precisamente, Nicol\u00e1s Pavillon, sacerdote de los Martes, fue su gran animador.<span id='easy-footnote-15-46451' class='easy-footnote-margin-adjust'><\/span><span class='easy-footnote'><a href='http:\/\/vincentians.com\/es\/san-vicente-de-paul-y-los-obispos\/#easy-footnote-bottom-15-46451' title='Pierre Collet, &lt;em&gt;Vie de Saint Vincent de Paul,&lt;\/em&gt; I, 28\u00e0, 281. Coste, &lt;em&gt;Le Grand Saint du Grand Si\u00e8cle, &lt;\/em&gt;II, 317. SV I, 421 \/ ES\u00a0I, 434; SV 450 \/ ES I, 458; SV XI, 282 \/ ES XI, 183.'><sup>15<\/sup><\/a><\/span> \u00a1Y nos vamos a extra\u00f1ar ahora de que m\u00e1s tarde fuera nombrado Obispo de Alet!<\/p>\n<p>Desde entonces, <strong>Vicente form\u00f3 parte de las personas que Richelieu consultaba<\/strong> para obtener listas de Obispos.<span id='easy-footnote-16-46451' class='easy-footnote-margin-adjust'><\/span><span class='easy-footnote'><a href='http:\/\/vincentians.com\/es\/san-vicente-de-paul-y-los-obispos\/#easy-footnote-bottom-16-46451' title='SV II, 387-388 \/ ES II, 321.'><sup>16<\/sup><\/a><\/span> Antes bien, Luis XIII le hab\u00eda dicho el 21 de octubre de 1643 poco antes de morir:<span id='easy-footnote-17-46451' class='easy-footnote-margin-adjust'><\/span><span class='easy-footnote'><a href='http:\/\/vincentians.com\/es\/san-vicente-de-paul-y-los-obispos\/#easy-footnote-bottom-17-46451' title='SV XI, 132 al pie de p\u00e1gina \/ ES..'><sup>17<\/sup><\/a><\/span> <em>el difunto rey, poco antes de su muerte, me concedi\u00f3 el honor de decirme que, si recuperaba la salud, no permitir\u00eda que se nombrara a ning\u00fan obispo sin que hubiera pasado tres a\u00f1os en la Misi\u00f3n.<\/em><\/p>\n<p>Por supuesto que esto no se lleg\u00f3 a realizar, pero m\u00e1s de un obispo fue elegido siguiendo los consejos de Vicente, de los ejercicios de los Ordenandos y de las Conferencias de los Martes.<\/p>\n<p>Sabemos que tras la muerte de Richelieu a finales de 1642, y luego la de Luis XIII en 1643, la regente Ana de Austria form\u00f3 un <strong>Consejo de Conciencia, <\/strong>simple \u00f3rgano de consulta, al que a ella le gustaba escuchar, si bien Mazarino no segu\u00eda siempre estos pareceres. Adem\u00e1s de al canciller S\u00e9guier, al oficial (regidor) de Par\u00eds Santiago Charton, y a Agust\u00edn Potier, ella convoc\u00f3 al Se\u00f1or Vicente. Y esta es la <strong>cuarta fase<\/strong> en sus relaciones con los Obispos: <strong>una responsabilidad oficial en la elecci\u00f3n de los candidatos a los obispados.<\/strong><\/p>\n<p>Hab\u00eda que proceder a los nombramientos de Obispos y coadjutores, con los problemas inherentes de las rentas. Muchos Sacerdotes de los Martes, amigos de Vicente, fueron nombrados de esta manera: Antonio Godeau, en Vance; Francisco Perrochel, en Boulogne, etc. Tambi\u00e9n se presentaban litigios y procesos que resolver&#8230;<\/p>\n<p>Vicente se hab\u00eda opuesto al nombramiento de Beaumanoir de Lavardin para Mans de dudosa fe. Y \u00e9ste lo sab\u00eda!<span id='easy-footnote-18-46451' class='easy-footnote-margin-adjust'><\/span><span class='easy-footnote'><a href='http:\/\/vincentians.com\/es\/san-vicente-de-paul-y-los-obispos\/#easy-footnote-bottom-18-46451' title='SV III, 491, nota 1; 351 \/ ES III, 451, nota 1; 324. Abelly, III, 257-258.'><sup>18<\/sup><\/a><\/span> As\u00ed las cosas, a finales de enero y comienzos de la Fronda, Vicente hab\u00eda tenido que escapar a caballo con el hermano Ducourneau a Saint-Germain-en-Laye a pedir a la Regente y a Mazarino que este \u00faltimo se alejara al menos por un tiempo del poder. Fue echado y no pod\u00eda volver a Par\u00eds en rebeld\u00eda, corriendo el peligro de ser acusado de turbios manejos con la realeza. Se refugiaron en la ciudad de Richelieu, descansando unos d\u00edas en casa de sus cohermanos del Seminario de Mans. Vicente no pod\u00eda dejar de rendir homenaje al obispo, para lo que envi\u00f3 al superior de la casa. Beaumanoir se sinti\u00f3 muy complacido y as\u00ed se lo comunic\u00f3 amablemente a Vicente, quien no pudo demostrarle su gratitud, debido a la ausencia del obispo.<\/p>\n<p><strong>Aparte del Consejo de Conciencia<\/strong> y desde 1643, se relacionar\u00e1 con un nuevo obispo, su antiguo pupilo, Juan Francisco Pablo de Gondi, que fue coadjutor de su t\u00edo en la sede de Par\u00eds, sucedi\u00e9ndole a su muerte en 1654, y convirti\u00e9ndose en el Cardenal de Retz. \u00c9l ser\u00e1 quien firme en el 20 de noviembre de 1646 el documento que erige en cofrad\u00eda aut\u00f3noma a las Hijas de la Caridad, m\u00e1s tarde su aprobaci\u00f3n, el 18 de enero de 1655.<span id='easy-footnote-19-46451' class='easy-footnote-margin-adjust'><\/span><span class='easy-footnote'><a href='http:\/\/vincentians.com\/es\/san-vicente-de-paul-y-los-obispos\/#easy-footnote-bottom-19-46451' title='SV XIII, 557-565 y 569-572 \/ ES X, 698-705 y 711-714.'><sup>19<\/sup><\/a><\/span> Sin embargo fue su t\u00edo quien hab\u00eda aprobado las <em>Reglas Comunes de la Misi\u00f3n,<\/em> pero Vicente, quien quer\u00eda retocarlas, \u00a1aguard\u00f3 hasta despu\u00e9s de su muerte! Y ser\u00e1 Retz quien lo har\u00e1, en 1657.<span id='easy-footnote-20-46451' class='easy-footnote-margin-adjust'><\/span><span class='easy-footnote'><a href='http:\/\/vincentians.com\/es\/san-vicente-de-paul-y-los-obispos\/#easy-footnote-bottom-20-46451' title='SV V, 319, 323 \/ ES V, 298, 302 y VI, 440 \/ ES VI, 410.'><sup>20<\/sup><\/a><\/span>\n<p title=\"\">Varios Obispos ten\u00edan en mucho apoyarse en Vicente, o \u00e9ste no dudaba en aconsejarlos. El 14 de enero de 1640, aconseja al Vicario General de Bayonne, Luis Abelly, y de paso al obispo Francisco Fouquet, que se muestre paciente y dulce, y no autoritario, en la reforma de la di\u00f3cesis y de los religiosos. El 29 de agosto de 1659, invitar\u00e1 al segundo, trasladado a la sede de Narbonne, a cuidarse.<span id='easy-footnote-21-46451' class='easy-footnote-margin-adjust'><\/span><span class='easy-footnote'><a href='http:\/\/vincentians.com\/es\/san-vicente-de-paul-y-los-obispos\/#easy-footnote-bottom-21-46451' title='SV II, 4 \/ ES II, 9; cf. VIII, 95 \/ ES VIII, 85-86.'><sup>21<\/sup><\/a><\/span>\n<p>Alain Solminihac, Obispo de Cahors, di\u00f3cesis dividida por algunos p\u00e1rrocos jansenistas declarados, rog\u00f3 a Vicente que tomara parte en las peticiones dirigidas a Roma para que condenara las Cinco Proposiciones extra\u00eddas por Nicol\u00e1s Cornet de una tesis de estudiante de teolog\u00eda, y Vicente escribi\u00f3 en 1651 a varios obispos pidi\u00e9ndoles que firmaran.<span id='easy-footnote-22-46451' class='easy-footnote-margin-adjust'><\/span><span class='easy-footnote'><a href='http:\/\/vincentians.com\/es\/san-vicente-de-paul-y-los-obispos\/#easy-footnote-bottom-22-46451' title='SV IV, 148; 149; 172; 175; 204 \/ ES IV, 146; 147; 169; 173; 200; otras referencias en SV XIV, en \u00abJans\u00e9nisme\u00bb, pp. 279-281 \/ ES XII, 266-268.'><sup>22<\/sup><\/a><\/span> Algunos se negaron, entre ellos Pavillon, de Alet, quien se mantuvo separado de Vicente, sin que \u00e9ste se enzarzara con \u00e9l.<\/p>\n<p title=\"\">Ese mismo a\u00f1o de 1651 estall\u00f3 en Cahors la revuelta de una parte del clero contra Alain de Solminihac, y Vicente se erigi\u00f3 en su confidente y defensor, hasta 1653, en que las aguas volvieron a su cauce.<span id='easy-footnote-23-46451' class='easy-footnote-margin-adjust'><\/span><span class='easy-footnote'><a href='http:\/\/vincentians.com\/es\/san-vicente-de-paul-y-los-obispos\/#easy-footnote-bottom-23-46451' title='SV IV \/ ES IV (varias cartas por todo el volumen).'><sup>23<\/sup><\/a><\/span>\n<p>Lo cierto es que Solminihac no gozaba de un car\u00e1cter demasiado f\u00e1cil. Cuando llam\u00f3 a los Lazaristas para su Seminario, en 1643, se sirvi\u00f3 de tres superiores los tres primeros a\u00f1os, antes de dar con uno a su gusto, Gilberto Cuissot, a quien mantuvo 29 a\u00f1os.<span id='easy-footnote-24-46451' class='easy-footnote-margin-adjust'><\/span><span class='easy-footnote'><a href='http:\/\/vincentians.com\/es\/san-vicente-de-paul-y-los-obispos\/#easy-footnote-bottom-24-46451' title='Christian Dumoulin, &lt;em&gt;Alain de Solminihac, Au service de Dieu et de sa gloire,&lt;\/em&gt; T\u00e9qui, 1981, pp. 157-158. Pierre Coste, &lt;em&gt;Le Grand Saint du Grad Si\u00e8cle,&lt;\/em&gt; &lt;em&gt;Monsieur Vincent,&lt;\/em&gt; II, p. 109.'><sup>24<\/sup><\/a><\/span>\n<p title=\"\">Pero, el 4 de noviembre de 1658, San Vicente no duda en advertir a dos Hermanas al enviarlas a Cahors:<span id='easy-footnote-25-46451' class='easy-footnote-margin-adjust'><\/span><span class='easy-footnote'><a href='http:\/\/vincentians.com\/es\/san-vicente-de-paul-y-los-obispos\/#easy-footnote-bottom-25-46451' title='SV X, 579, 580 \/ ES IX, 1113; Livre Bleu 848.'><sup>25<\/sup><\/a><\/span>\n<p style=\"padding-left: 30px\">No os van a faltar ocasiones de mortificaci\u00f3n, si Monse\u00f1or de Cahors no juzga que desempe\u00f1\u00e1is bien vuestro deber en la administraci\u00f3n del hospital, tendr\u00e9is que recibir con humildad sus avisos y correcciones; ya que la austeridad de que se reviste personalmente puede hacerle un tanto severo.<\/p>\n<p>\u00a0A partir de 1652, acabada la Fronda y con el regreso a Par\u00eds de Ana de Austria, del joven Luis XIV y de Mazarino, y aunque hubiera participado en los manejos para permitirlo, <strong>Vicente fue, junto con Agust\u00edn Potier, exclu\u00eddo pr\u00e1cticamente del Consejo de Conciencia,<\/strong> que por otra parte Mazarino no convocaba casi nunca. Apartado de las intervenciones oficiales, Vicente se limit\u00f3 a una <strong>acci\u00f3n privada,<\/strong> si bien era consultado m\u00e1s de una vez por diversos Obispos, y hac\u00eda \u00ablo que buenamente se pod\u00eda\u00bb.<\/p>\n<p><strong>\u00bfQu\u00e9 podemos concluir?<\/strong> En este registro como en los otros, Vicente se revela en posesi\u00f3n de una gran fe, de una caridad viva y de una esperanza resistente en medio de todos los obst\u00e1culos y oposiciones, de un gran sentido de la realidad y de las posibilidades y, adem\u00e1s de la humildad y la sencillez, de dos cualidades que adornan su caridad, en una sola f\u00f3rmula: \u00abel respeto cordial\u00bb. Respeto sin cordialidad es distancia, cordialidad sin respeto podr\u00eda humillar al otro. Recordemos asimismo: \u00abfirme en los fines, suave en cuanto a los medios\u00bb. Y todo dentro de <strong>un gran amor a Jesucristo y a su Iglesia, y un gran deseo de imitar a la Trinidad:<\/strong> la uni\u00f3n dentro de la diferencia de las personas.<\/p>\n<h2>Bibliograf\u00eda<\/h2>\n<ul>\n<li>S. VICENTE DE PA\u00daL. Correspondencia, Conferencias, Documentos. Par\u00eds 1920-1925, 14 vol., m\u00e1s el tomo XV.<\/li>\n<li>LUIS ABELLY, La vida del venerable servidor de Dios Vicente de Pa\u00fal. Par\u00eds 1664, tres Libros. En particular: III, Cap\u00edtulo XI, Secci\u00f3n IV, en relaci\u00f3n con los Prelados de la Iglesia.<\/li>\n<li>PIERRE BLET, Vicente de Pa\u00fal y el episcopado de Francia, Actas del Coloquio Internacional, (Par\u00eds 1981. Edizioni Vincenziane, Roma 1983, pp. 81-114).<\/li>\n<li>PIERRE COSTE, La Grand Saint du Grand Si\u00e8cle, Monsieur Vincent. 3 vol\u00famenes, Par\u00eds 1931. En particular: II, cap. 33, <em>L\u2019\u00e9piscopat,<\/em> pp. 421-432; III, pp. 105-133.<\/li>\n<li>MICHEL LE TELLIER, ministre. <em>Lettre \u00e0 M. le Comte D\u2019Harcourt, 1645, \u00abSaint Vincent de Paul au Conseil de Conscience\u00bb,<\/em> Annales de la C.M. et F. de la Charit\u00e9. Tome 118, 1953-2, pp. 507-509.<\/li>\n<li>PIERRE SEGUIER, chancelier. <em>Notes au Conseil de Conscience,<\/em> manuscrit in\u00e9dit, 3 recueils, (Bibl. Nat., fonds fran\u00e7ais, 15720-15721-15722. Extraits, par M. Joseph Guichard, C.M., dactylographi\u00e9s: <em>Notes et Documents,<\/em> III, n\u00ba XV, pp. 225-269).<\/li>\n<li>Y las biograf\u00edas de varios obispos relacionados con San Vicente.<\/li>\n<\/ul>\n","protected":false},"excerpt":{"rendered":"<p>Mons Pierre Blet ha tratado este asunto de forma exhaustiva, sirvi\u00e9ndose tambi\u00e9n de fuentes no vicencianas, como la correspondencia de los Nuncios; con todo no conoc\u00eda los apuntes del canciller S\u00e9guier. Aqu\u00ed, yo abordar\u00e9 el &#8230; <a href=\"http:\/\/vincentians.com\/es\/san-vicente-de-paul-y-los-obispos\/\" class=\"more-link\">Read More<\/a><\/p>\n","protected":false},"author":4,"featured_media":46453,"comment_status":"open","ping_status":"open","sticky":false,"template":"","format":"standard","meta":{"jetpack_post_was_ever_published":false,"_jetpack_newsletter_access":"","_jetpack_dont_email_post_to_subs":false,"_jetpack_newsletter_tier_id":0,"_jetpack_memberships_contains_paywalled_content":false,"_jetpack_memberships_contains_paid_content":false,"footnotes":"","jetpack_publicize_message":"","jetpack_publicize_feature_enabled":true,"jetpack_social_post_already_shared":true,"jetpack_social_options":{"image_generator_settings":{"template":"highway","default_image_id":0,"font":"","enabled":false},"version":2}},"categories":[17],"tags":[218,168,130,173,148,142,220,175,119,125,131,187,172,179,120,185,116],"class_list":["post-46451","post","type-post","status-publish","format-standard","has-post-thumbnail","hentry","category-en-tiempos-de-vicente-de-paul","tag-abelly","tag-argel","tag-beauvais","tag-chatillon-les-dombes","tag-clichy","tag-collet","tag-ducourneau","tag-folleville","tag-gondi","tag-joigny","tag-montmirail","tag-pablo-hurault","tag-pobreza","tag-reina-margarita","tag-senora-de-gondi","tag-tarbes","tag-tunez"],"yoast_head":"<!-- This site is optimized with the Yoast SEO plugin v26.3 - https:\/\/yoast.com\/wordpress\/plugins\/seo\/ -->\n<title>San Vicente de Pa\u00fal y los Obispos - Somos Vicencianos<\/title>\n<meta name=\"robots\" content=\"index, follow, max-snippet:-1, max-image-preview:large, max-video-preview:-1\" \/>\n<link rel=\"canonical\" href=\"http:\/\/vincentians.com\/es\/san-vicente-de-paul-y-los-obispos\/\" \/>\n<meta property=\"og:locale\" content=\"es_ES\" \/>\n<meta property=\"og:type\" content=\"article\" \/>\n<meta property=\"og:title\" content=\"San Vicente de Pa\u00fal y los Obispos - Somos Vicencianos\" \/>\n<meta property=\"og:description\" content=\"Mons Pierre Blet ha tratado este asunto de forma exhaustiva, sirvi\u00e9ndose tambi\u00e9n de fuentes no vicencianas, como la correspondencia de los Nuncios; con todo no conoc\u00eda los apuntes del canciller S\u00e9guier. Aqu\u00ed, yo abordar\u00e9 el ... Read More\" \/>\n<meta property=\"og:url\" content=\"http:\/\/vincentians.com\/es\/san-vicente-de-paul-y-los-obispos\/\" \/>\n<meta property=\"og:site_name\" content=\"Somos Vicencianos\" \/>\n<meta property=\"article:publisher\" content=\"https:\/\/www.facebook.com\/WeAreVincentians\/\" \/>\n<meta property=\"article:author\" content=\"https:\/\/www.facebook.com\/JavierChento\" \/>\n<meta property=\"article:published_time\" content=\"2015-04-09T07:58:56+00:00\" \/>\n<meta property=\"article:modified_time\" content=\"2016-07-26T14:58:15+00:00\" \/>\n<meta name=\"author\" content=\"Francisco Javier Fern\u00e1ndez Chento\" \/>\n<meta name=\"twitter:card\" content=\"summary_large_image\" \/>\n<meta name=\"twitter:creator\" content=\"@https:\/\/twitter.com\/javierchento\" \/>\n<meta name=\"twitter:site\" content=\"@WeVincentians\" \/>\n<meta name=\"twitter:label1\" content=\"Escrito por\" \/>\n\t<meta name=\"twitter:data1\" content=\"Francisco Javier Fern\u00e1ndez Chento\" \/>\n\t<meta name=\"twitter:label2\" content=\"Tiempo de lectura\" \/>\n\t<meta name=\"twitter:data2\" content=\"27 minutos\" \/>\n<script type=\"application\/ld+json\" class=\"yoast-schema-graph\">{\"@context\":\"https:\/\/schema.org\",\"@graph\":[{\"@type\":\"Article\",\"@id\":\"http:\/\/vincentians.com\/es\/san-vicente-de-paul-y-los-obispos\/#article\",\"isPartOf\":{\"@id\":\"http:\/\/vincentians.com\/es\/san-vicente-de-paul-y-los-obispos\/\"},\"author\":{\"name\":\"Francisco Javier Fern\u00e1ndez Chento\",\"@id\":\"https:\/\/vincentians.com\/es\/#\/schema\/person\/9623ef4d9aa3b2dfb8c061f1499288f2\"},\"headline\":\"San Vicente de Pa\u00fal y los Obispos\",\"datePublished\":\"2015-04-09T07:58:56+00:00\",\"dateModified\":\"2016-07-26T14:58:15+00:00\",\"mainEntityOfPage\":{\"@id\":\"http:\/\/vincentians.com\/es\/san-vicente-de-paul-y-los-obispos\/\"},\"wordCount\":5439,\"commentCount\":0,\"publisher\":{\"@id\":\"https:\/\/vincentians.com\/es\/#organization\"},\"image\":{\"@id\":\"http:\/\/vincentians.com\/es\/san-vicente-de-paul-y-los-obispos\/#primaryimage\"},\"thumbnailUrl\":\"\",\"keywords\":[\"Abelly\",\"Argel\",\"Beauvais\",\"Chatillon\",\"Clichy\",\"Collet\",\"Ducourneau\",\"Folleville\",\"Gondi\",\"Joigny\",\"Montmirail\",\"Pablo Hurault\",\"Pobreza\",\"Reina Margarita\",\"Se\u00f1ora de Gondi\",\"Tarbes\",\"T\u00fanez\"],\"articleSection\":[\"En tiempos de Vicente de Pa\u00fal\"],\"inLanguage\":\"es\",\"potentialAction\":[{\"@type\":\"CommentAction\",\"name\":\"Comment\",\"target\":[\"http:\/\/vincentians.com\/es\/san-vicente-de-paul-y-los-obispos\/#respond\"]}]},{\"@type\":\"WebPage\",\"@id\":\"http:\/\/vincentians.com\/es\/san-vicente-de-paul-y-los-obispos\/\",\"url\":\"http:\/\/vincentians.com\/es\/san-vicente-de-paul-y-los-obispos\/\",\"name\":\"San Vicente de Pa\u00fal y los Obispos - Somos Vicencianos\",\"isPartOf\":{\"@id\":\"https:\/\/vincentians.com\/es\/#website\"},\"primaryImageOfPage\":{\"@id\":\"http:\/\/vincentians.com\/es\/san-vicente-de-paul-y-los-obispos\/#primaryimage\"},\"image\":{\"@id\":\"http:\/\/vincentians.com\/es\/san-vicente-de-paul-y-los-obispos\/#primaryimage\"},\"thumbnailUrl\":\"\",\"datePublished\":\"2015-04-09T07:58:56+00:00\",\"dateModified\":\"2016-07-26T14:58:15+00:00\",\"breadcrumb\":{\"@id\":\"http:\/\/vincentians.com\/es\/san-vicente-de-paul-y-los-obispos\/#breadcrumb\"},\"inLanguage\":\"es\",\"potentialAction\":[{\"@type\":\"ReadAction\",\"target\":[\"http:\/\/vincentians.com\/es\/san-vicente-de-paul-y-los-obispos\/\"]}]},{\"@type\":\"ImageObject\",\"inLanguage\":\"es\",\"@id\":\"http:\/\/vincentians.com\/es\/san-vicente-de-paul-y-los-obispos\/#primaryimage\",\"url\":\"\",\"contentUrl\":\"\"},{\"@type\":\"BreadcrumbList\",\"@id\":\"http:\/\/vincentians.com\/es\/san-vicente-de-paul-y-los-obispos\/#breadcrumb\",\"itemListElement\":[{\"@type\":\"ListItem\",\"position\":1,\"name\":\"Portada\",\"item\":\"https:\/\/vincentians.com\/es\/\"},{\"@type\":\"ListItem\",\"position\":2,\"name\":\"San Vicente de Pa\u00fal y los Obispos\"}]},{\"@type\":\"WebSite\",\"@id\":\"https:\/\/vincentians.com\/es\/#website\",\"url\":\"https:\/\/vincentians.com\/es\/\",\"name\":\"Somos Vicencianos\",\"description\":\"Know more to serve more\",\"publisher\":{\"@id\":\"https:\/\/vincentians.com\/es\/#organization\"},\"potentialAction\":[{\"@type\":\"SearchAction\",\"target\":{\"@type\":\"EntryPoint\",\"urlTemplate\":\"https:\/\/vincentians.com\/es\/?s={search_term_string}\"},\"query-input\":{\"@type\":\"PropertyValueSpecification\",\"valueRequired\":true,\"valueName\":\"search_term_string\"}}],\"inLanguage\":\"es\"},{\"@type\":\"Organization\",\"@id\":\"https:\/\/vincentians.com\/es\/#organization\",\"name\":\"The Vincentian Network\",\"url\":\"https:\/\/vincentians.com\/es\/\",\"logo\":{\"@type\":\"ImageObject\",\"inLanguage\":\"es\",\"@id\":\"https:\/\/vincentians.com\/es\/#\/schema\/logo\/image\/\",\"url\":\"https:\/\/i1.wp.com\/vincentians.com\/es\/wp-content\/uploads\/sites\/11\/2016\/06\/Vincentian-Network-logo-big.png?fit=778%2C778\",\"contentUrl\":\"https:\/\/i1.wp.com\/vincentians.com\/es\/wp-content\/uploads\/sites\/11\/2016\/06\/Vincentian-Network-logo-big.png?fit=778%2C778\",\"width\":778,\"height\":778,\"caption\":\"The Vincentian Network\"},\"image\":{\"@id\":\"https:\/\/vincentians.com\/es\/#\/schema\/logo\/image\/\"},\"sameAs\":[\"https:\/\/www.facebook.com\/WeAreVincentians\/\",\"https:\/\/x.com\/WeVincentians\"]},{\"@type\":\"Person\",\"@id\":\"https:\/\/vincentians.com\/es\/#\/schema\/person\/9623ef4d9aa3b2dfb8c061f1499288f2\",\"name\":\"Francisco Javier Fern\u00e1ndez Chento\",\"image\":{\"@type\":\"ImageObject\",\"inLanguage\":\"es\",\"@id\":\"https:\/\/vincentians.com\/es\/#\/schema\/person\/image\/\",\"url\":\"https:\/\/secure.gravatar.com\/avatar\/497d5cde87b4c3d097d0315953521681ba2cd523ee66e5077c3711f7021e65de?s=96&d=mm&r=g\",\"contentUrl\":\"https:\/\/secure.gravatar.com\/avatar\/497d5cde87b4c3d097d0315953521681ba2cd523ee66e5077c3711f7021e65de?s=96&d=mm&r=g\",\"caption\":\"Francisco Javier Fern\u00e1ndez Chento\"},\"description\":\"Director General y cofundador de La Red de Formaci\u00f3n Vicenciana. Javier es laico vicenciano, afiliado a la Congregaci\u00f3n de la Misi\u00f3n y miembro del Equipo de Misiones Populares de la provincia can\u00f3nica de Zaragoza (Espa\u00f1a) de la Congregaci\u00f3n de la Misi\u00f3n. Graduado en la Universidad Oberta de Catalunya con cuatro grados (Asistente de direcci\u00f3n, Gesti\u00f3n Administrativa, Recursos Humanos y Contabilidad Avanzada). Bil\u00edng\u00fce Espa\u00f1ol\/Ingl\u00e9s. gestiona y mantiene varias p\u00e1ginas web cristianas y vicencianas, incluida including La Red de Formaci\u00f3n Vicenciana, de la que es cofundador. Actualmente es responsable del \u00e1rea de Espa\u00f1ol de .famvin, la Red de Noticias de la Familia Vicenciana. Tambi\u00e9n es m\u00fasico cat\u00f3lico y ha editado varios discos. Es Director General y cofundador de Trovador, una reconocida compa\u00f1\u00eda discogr\u00e1fica critiana de Espa\u00f1a. Trabaja en las Tecnolog\u00edas de la Informaci\u00f3n, ofreciendo servicios de alojamiento, dise\u00f1o y mantenimiento Web, as\u00ed como asesoramiento, formaci\u00f3n y soluciones inform\u00e1ticas, gesti\u00f3n documental y digitalizaci\u00f3n de textos, edici\u00f3n y maquetaci\u00f3n de libros, revistas, flyers, etc.\",\"sameAs\":[\"http:\/\/chento.org\",\"https:\/\/www.facebook.com\/JavierChento\",\"https:\/\/x.com\/https:\/\/twitter.com\/javierchento\"],\"url\":\"http:\/\/vincentians.com\/es\/author\/chento\/\"}]}<\/script>\n<!-- \/ Yoast SEO plugin. -->","yoast_head_json":{"title":"San Vicente de Pa\u00fal y los Obispos - Somos Vicencianos","robots":{"index":"index","follow":"follow","max-snippet":"max-snippet:-1","max-image-preview":"max-image-preview:large","max-video-preview":"max-video-preview:-1"},"canonical":"http:\/\/vincentians.com\/es\/san-vicente-de-paul-y-los-obispos\/","og_locale":"es_ES","og_type":"article","og_title":"San Vicente de Pa\u00fal y los Obispos - Somos Vicencianos","og_description":"Mons Pierre Blet ha tratado este asunto de forma exhaustiva, sirvi\u00e9ndose tambi\u00e9n de fuentes no vicencianas, como la correspondencia de los Nuncios; con todo no conoc\u00eda los apuntes del canciller S\u00e9guier. Aqu\u00ed, yo abordar\u00e9 el ... Read More","og_url":"http:\/\/vincentians.com\/es\/san-vicente-de-paul-y-los-obispos\/","og_site_name":"Somos Vicencianos","article_publisher":"https:\/\/www.facebook.com\/WeAreVincentians\/","article_author":"https:\/\/www.facebook.com\/JavierChento","article_published_time":"2015-04-09T07:58:56+00:00","article_modified_time":"2016-07-26T14:58:15+00:00","author":"Francisco Javier Fern\u00e1ndez Chento","twitter_card":"summary_large_image","twitter_creator":"@https:\/\/twitter.com\/javierchento","twitter_site":"@WeVincentians","twitter_misc":{"Escrito por":"Francisco Javier Fern\u00e1ndez Chento","Tiempo de lectura":"27 minutos"},"schema":{"@context":"https:\/\/schema.org","@graph":[{"@type":"Article","@id":"http:\/\/vincentians.com\/es\/san-vicente-de-paul-y-los-obispos\/#article","isPartOf":{"@id":"http:\/\/vincentians.com\/es\/san-vicente-de-paul-y-los-obispos\/"},"author":{"name":"Francisco Javier Fern\u00e1ndez Chento","@id":"https:\/\/vincentians.com\/es\/#\/schema\/person\/9623ef4d9aa3b2dfb8c061f1499288f2"},"headline":"San Vicente de Pa\u00fal y los Obispos","datePublished":"2015-04-09T07:58:56+00:00","dateModified":"2016-07-26T14:58:15+00:00","mainEntityOfPage":{"@id":"http:\/\/vincentians.com\/es\/san-vicente-de-paul-y-los-obispos\/"},"wordCount":5439,"commentCount":0,"publisher":{"@id":"https:\/\/vincentians.com\/es\/#organization"},"image":{"@id":"http:\/\/vincentians.com\/es\/san-vicente-de-paul-y-los-obispos\/#primaryimage"},"thumbnailUrl":"","keywords":["Abelly","Argel","Beauvais","Chatillon","Clichy","Collet","Ducourneau","Folleville","Gondi","Joigny","Montmirail","Pablo Hurault","Pobreza","Reina Margarita","Se\u00f1ora de Gondi","Tarbes","T\u00fanez"],"articleSection":["En tiempos de Vicente de Pa\u00fal"],"inLanguage":"es","potentialAction":[{"@type":"CommentAction","name":"Comment","target":["http:\/\/vincentians.com\/es\/san-vicente-de-paul-y-los-obispos\/#respond"]}]},{"@type":"WebPage","@id":"http:\/\/vincentians.com\/es\/san-vicente-de-paul-y-los-obispos\/","url":"http:\/\/vincentians.com\/es\/san-vicente-de-paul-y-los-obispos\/","name":"San Vicente de Pa\u00fal y los Obispos - Somos Vicencianos","isPartOf":{"@id":"https:\/\/vincentians.com\/es\/#website"},"primaryImageOfPage":{"@id":"http:\/\/vincentians.com\/es\/san-vicente-de-paul-y-los-obispos\/#primaryimage"},"image":{"@id":"http:\/\/vincentians.com\/es\/san-vicente-de-paul-y-los-obispos\/#primaryimage"},"thumbnailUrl":"","datePublished":"2015-04-09T07:58:56+00:00","dateModified":"2016-07-26T14:58:15+00:00","breadcrumb":{"@id":"http:\/\/vincentians.com\/es\/san-vicente-de-paul-y-los-obispos\/#breadcrumb"},"inLanguage":"es","potentialAction":[{"@type":"ReadAction","target":["http:\/\/vincentians.com\/es\/san-vicente-de-paul-y-los-obispos\/"]}]},{"@type":"ImageObject","inLanguage":"es","@id":"http:\/\/vincentians.com\/es\/san-vicente-de-paul-y-los-obispos\/#primaryimage","url":"","contentUrl":""},{"@type":"BreadcrumbList","@id":"http:\/\/vincentians.com\/es\/san-vicente-de-paul-y-los-obispos\/#breadcrumb","itemListElement":[{"@type":"ListItem","position":1,"name":"Portada","item":"https:\/\/vincentians.com\/es\/"},{"@type":"ListItem","position":2,"name":"San Vicente de Pa\u00fal y los Obispos"}]},{"@type":"WebSite","@id":"https:\/\/vincentians.com\/es\/#website","url":"https:\/\/vincentians.com\/es\/","name":"Somos Vicencianos","description":"Know more to serve more","publisher":{"@id":"https:\/\/vincentians.com\/es\/#organization"},"potentialAction":[{"@type":"SearchAction","target":{"@type":"EntryPoint","urlTemplate":"https:\/\/vincentians.com\/es\/?s={search_term_string}"},"query-input":{"@type":"PropertyValueSpecification","valueRequired":true,"valueName":"search_term_string"}}],"inLanguage":"es"},{"@type":"Organization","@id":"https:\/\/vincentians.com\/es\/#organization","name":"The Vincentian Network","url":"https:\/\/vincentians.com\/es\/","logo":{"@type":"ImageObject","inLanguage":"es","@id":"https:\/\/vincentians.com\/es\/#\/schema\/logo\/image\/","url":"https:\/\/i1.wp.com\/vincentians.com\/es\/wp-content\/uploads\/sites\/11\/2016\/06\/Vincentian-Network-logo-big.png?fit=778%2C778","contentUrl":"https:\/\/i1.wp.com\/vincentians.com\/es\/wp-content\/uploads\/sites\/11\/2016\/06\/Vincentian-Network-logo-big.png?fit=778%2C778","width":778,"height":778,"caption":"The Vincentian Network"},"image":{"@id":"https:\/\/vincentians.com\/es\/#\/schema\/logo\/image\/"},"sameAs":["https:\/\/www.facebook.com\/WeAreVincentians\/","https:\/\/x.com\/WeVincentians"]},{"@type":"Person","@id":"https:\/\/vincentians.com\/es\/#\/schema\/person\/9623ef4d9aa3b2dfb8c061f1499288f2","name":"Francisco Javier Fern\u00e1ndez Chento","image":{"@type":"ImageObject","inLanguage":"es","@id":"https:\/\/vincentians.com\/es\/#\/schema\/person\/image\/","url":"https:\/\/secure.gravatar.com\/avatar\/497d5cde87b4c3d097d0315953521681ba2cd523ee66e5077c3711f7021e65de?s=96&d=mm&r=g","contentUrl":"https:\/\/secure.gravatar.com\/avatar\/497d5cde87b4c3d097d0315953521681ba2cd523ee66e5077c3711f7021e65de?s=96&d=mm&r=g","caption":"Francisco Javier Fern\u00e1ndez Chento"},"description":"Director General y cofundador de La Red de Formaci\u00f3n Vicenciana. Javier es laico vicenciano, afiliado a la Congregaci\u00f3n de la Misi\u00f3n y miembro del Equipo de Misiones Populares de la provincia can\u00f3nica de Zaragoza (Espa\u00f1a) de la Congregaci\u00f3n de la Misi\u00f3n. Graduado en la Universidad Oberta de Catalunya con cuatro grados (Asistente de direcci\u00f3n, Gesti\u00f3n Administrativa, Recursos Humanos y Contabilidad Avanzada). Bil\u00edng\u00fce Espa\u00f1ol\/Ingl\u00e9s. gestiona y mantiene varias p\u00e1ginas web cristianas y vicencianas, incluida including La Red de Formaci\u00f3n Vicenciana, de la que es cofundador. Actualmente es responsable del \u00e1rea de Espa\u00f1ol de .famvin, la Red de Noticias de la Familia Vicenciana. Tambi\u00e9n es m\u00fasico cat\u00f3lico y ha editado varios discos. Es Director General y cofundador de Trovador, una reconocida compa\u00f1\u00eda discogr\u00e1fica critiana de Espa\u00f1a. Trabaja en las Tecnolog\u00edas de la Informaci\u00f3n, ofreciendo servicios de alojamiento, dise\u00f1o y mantenimiento Web, as\u00ed como asesoramiento, formaci\u00f3n y soluciones inform\u00e1ticas, gesti\u00f3n documental y digitalizaci\u00f3n de textos, edici\u00f3n y maquetaci\u00f3n de libros, revistas, flyers, etc.","sameAs":["http:\/\/chento.org","https:\/\/www.facebook.com\/JavierChento","https:\/\/x.com\/https:\/\/twitter.com\/javierchento"],"url":"http:\/\/vincentians.com\/es\/author\/chento\/"}]}},"jetpack_publicize_connections":[],"jetpack_featured_media_url":"","jetpack_sharing_enabled":true,"jetpack_shortlink":"https:\/\/wp.me\/p7ETMF-c5d","jetpack-related-posts":[{"id":124193,"url":"http:\/\/vincentians.com\/es\/vicente-de-paul-la-fe-del-hombre-maduro\/","url_meta":{"origin":46451,"position":0},"title":"Vicente de Pa\u00fal: La Fe de un hombre maduro","author":"Francisco Javier Fern\u00e1ndez Chento","date":"23\/02\/2023","format":false,"excerpt":"UN NOVICIADO Cuando Vicente lleg\u00f3 a Par\u00eds empez\u00f3 a ocuparse de su vida espiritual. Comprendi\u00f3 que aunque no hab\u00eda sido malo, hab\u00eda v\u00edvido su vida a lo mundano prestando poca atenci\u00f3n a su fe. Al iniciar su peregrinaci\u00f3n a Roma, un a\u00f1o despu\u00e9s de su ordenaci\u00f3n, se hab\u00eda dado cuenta\u2026","rel":"","context":"En \u00abVicente de Pa\u00fal\u00bb","block_context":{"text":"Vicente de Pa\u00fal","link":"http:\/\/vincentians.com\/es\/category\/la-familia-vicenciana\/fundadores\/vicente-de-paul\/"},"img":{"alt_text":"","src":"https:\/\/i0.wp.com\/vincentians.com\/es\/wp-content\/uploads\/sites\/11\/2015\/02\/St_Vincent_De_Paul_-bible-1.jpg?fit=1200%2C630&resize=350%2C200","width":350,"height":200,"srcset":"https:\/\/i0.wp.com\/vincentians.com\/es\/wp-content\/uploads\/sites\/11\/2015\/02\/St_Vincent_De_Paul_-bible-1.jpg?fit=1200%2C630&resize=350%2C200 1x, https:\/\/i0.wp.com\/vincentians.com\/es\/wp-content\/uploads\/sites\/11\/2015\/02\/St_Vincent_De_Paul_-bible-1.jpg?fit=1200%2C630&resize=525%2C300 1.5x, https:\/\/i0.wp.com\/vincentians.com\/es\/wp-content\/uploads\/sites\/11\/2015\/02\/St_Vincent_De_Paul_-bible-1.jpg?fit=1200%2C630&resize=700%2C400 2x, https:\/\/i0.wp.com\/vincentians.com\/es\/wp-content\/uploads\/sites\/11\/2015\/02\/St_Vincent_De_Paul_-bible-1.jpg?fit=1200%2C630&resize=1050%2C600 3x"},"classes":[]},{"id":109330,"url":"http:\/\/vincentians.com\/es\/vicente-de-paul-en-la-reforma-pastoral-de-francia-s-xvii\/","url_meta":{"origin":46451,"position":1},"title":"Vicente de Pa\u00fal en la reforma pastoral de Francia (s. XVII)","author":"Francisco Javier Fern\u00e1ndez Chento","date":"16\/10\/2012","format":false,"excerpt":"I. INTRODUCCION Es dif\u00edcil dar el reparto de las di\u00f3cesis en la Francia del siglo XVII. Sus fronteras a\u00fan no est\u00e1n totalmente definidas y el estado continuo de guerras hace dif\u00edcil asegurar el tiempo en que una di\u00f3cesis, sobre todo las involucradas en los conflictos, pertenecen al clero franc\u00e9s; \u00e9ste\u2026","rel":"","context":"En \u00abFormaci\u00f3n Vicenciana\u00bb","block_context":{"text":"Formaci\u00f3n Vicenciana","link":"http:\/\/vincentians.com\/es\/category\/formacion-vicenciana\/"},"img":{"alt_text":"","src":"https:\/\/i0.wp.com\/vicencianos.org\/wp-content\/2012\/09\/coraz%C3%B3n.jpg?resize=350%2C200","width":350,"height":200},"classes":[]},{"id":121663,"url":"http:\/\/vincentians.com\/es\/san-vicente-de-paul-y-los-gondi-capitulo-06\/","url_meta":{"origin":46451,"position":2},"title":"San Vicente de Pa\u00fal y los Gondi: Cap\u00edtulo 06","author":"Francisco Javier Fern\u00e1ndez Chento","date":"09\/07\/2024","format":false,"excerpt":"Cap\u00edtulo VI Vicente de Pa\u00fal en Ch\u00e2tillon-lez-Dombes. - Primera fundaci\u00f3n de una asociaci\u00f3n de sirvientas para los pobres. - Vuelta de Vicente a la casa de los Gondi. - Misiones en sus dominios. - Vicente de Pa\u00fal capell\u00e1n real de las galeras. Al llegar a Ch\u00e2tillon-lez-Dombes, Vicente de Pa\u00fal encontr\u00f3\u2026","rel":"","context":"En \u00abVicente de Pa\u00fal\u00bb","block_context":{"text":"Vicente de Pa\u00fal","link":"http:\/\/vincentians.com\/es\/category\/la-familia-vicenciana\/fundadores\/vicente-de-paul\/"},"img":{"alt_text":"","src":"https:\/\/i0.wp.com\/vincentians.com\/es\/wp-content\/uploads\/sites\/11\/2023\/08\/aaaf.jpg?fit=1200%2C827&resize=350%2C200","width":350,"height":200,"srcset":"https:\/\/i0.wp.com\/vincentians.com\/es\/wp-content\/uploads\/sites\/11\/2023\/08\/aaaf.jpg?fit=1200%2C827&resize=350%2C200 1x, https:\/\/i0.wp.com\/vincentians.com\/es\/wp-content\/uploads\/sites\/11\/2023\/08\/aaaf.jpg?fit=1200%2C827&resize=525%2C300 1.5x, https:\/\/i0.wp.com\/vincentians.com\/es\/wp-content\/uploads\/sites\/11\/2023\/08\/aaaf.jpg?fit=1200%2C827&resize=700%2C400 2x, https:\/\/i0.wp.com\/vincentians.com\/es\/wp-content\/uploads\/sites\/11\/2023\/08\/aaaf.jpg?fit=1200%2C827&resize=1050%2C600 3x"},"classes":[]},{"id":129363,"url":"http:\/\/vincentians.com\/es\/vicente-de-paul-carta-1224-alano-de-solminihac-a-san-vicente\/","url_meta":{"origin":46451,"position":3},"title":"Vicente de Pa\u00fal, Carta 1224: Alano de Solminihac a San Vicente","author":"Francisco Javier Fern\u00e1ndez Chento","date":"07\/02\/2014","format":false,"excerpt":"Mercu\u00e8s, 5 enero 1650. Padre: Le doy gracias humildemente por el ofrecimiento que me ha hecho de su ayuda tanto en el asunto de Chancelade como en el de nuestra avocaci\u00f3n. La confianza que siempre tuve de que usted me har\u00eda este favor me ha hecho obrar de esta manera;\u2026","rel":"","context":"En \u00abEscritos de Vicente de Pa\u00fal\u00bb","block_context":{"text":"Escritos de Vicente de Pa\u00fal","link":"http:\/\/vincentians.com\/es\/category\/escritos\/escritos-de-vicente-de-paul\/"},"img":{"alt_text":"","src":"https:\/\/i0.wp.com\/vincentians.com\/es\/wp-content\/uploads\/sites\/11\/2016\/07\/escritos-vicente-de-paul.jpg?fit=1200%2C630&resize=350%2C200","width":350,"height":200,"srcset":"https:\/\/i0.wp.com\/vincentians.com\/es\/wp-content\/uploads\/sites\/11\/2016\/07\/escritos-vicente-de-paul.jpg?fit=1200%2C630&resize=350%2C200 1x, https:\/\/i0.wp.com\/vincentians.com\/es\/wp-content\/uploads\/sites\/11\/2016\/07\/escritos-vicente-de-paul.jpg?fit=1200%2C630&resize=525%2C300 1.5x, https:\/\/i0.wp.com\/vincentians.com\/es\/wp-content\/uploads\/sites\/11\/2016\/07\/escritos-vicente-de-paul.jpg?fit=1200%2C630&resize=700%2C400 2x, https:\/\/i0.wp.com\/vincentians.com\/es\/wp-content\/uploads\/sites\/11\/2016\/07\/escritos-vicente-de-paul.jpg?fit=1200%2C630&resize=1050%2C600 3x"},"classes":[]},{"id":124195,"url":"http:\/\/vincentians.com\/es\/vicente-de-paul-empresas-de-caridad\/","url_meta":{"origin":46451,"position":4},"title":"Vicente de Pa\u00fal: Empresas de caridad","author":"Francisco Javier Fern\u00e1ndez Chento","date":"01\/03\/2023","format":false,"excerpt":"Cuando Vicente, unos d\u00edas antes de la Navidad de 1617, volvi\u00f3 a casa de los Gond\u00ed, volv\u00eda como un dechado de pastores y victorioso con sus \u00e9xitos de Chatillon a la espalda. No iba para dedicarse a su peque\u00f1o trabajo de antes como preceptor de los hijos de los Se\u00f1ores,\u2026","rel":"","context":"En \u00abVicente de Pa\u00fal\u00bb","block_context":{"text":"Vicente de Pa\u00fal","link":"http:\/\/vincentians.com\/es\/category\/la-familia-vicenciana\/fundadores\/vicente-de-paul\/"},"img":{"alt_text":"","src":"https:\/\/i0.wp.com\/vincentians.com\/es\/wp-content\/uploads\/sites\/11\/2013\/04\/f-8-scaled.jpg?fit=1200%2C570&resize=350%2C200","width":350,"height":200,"srcset":"https:\/\/i0.wp.com\/vincentians.com\/es\/wp-content\/uploads\/sites\/11\/2013\/04\/f-8-scaled.jpg?fit=1200%2C570&resize=350%2C200 1x, https:\/\/i0.wp.com\/vincentians.com\/es\/wp-content\/uploads\/sites\/11\/2013\/04\/f-8-scaled.jpg?fit=1200%2C570&resize=525%2C300 1.5x, https:\/\/i0.wp.com\/vincentians.com\/es\/wp-content\/uploads\/sites\/11\/2013\/04\/f-8-scaled.jpg?fit=1200%2C570&resize=700%2C400 2x, https:\/\/i0.wp.com\/vincentians.com\/es\/wp-content\/uploads\/sites\/11\/2013\/04\/f-8-scaled.jpg?fit=1200%2C570&resize=1050%2C600 3x"},"classes":[]},{"id":121436,"url":"http:\/\/vincentians.com\/es\/san-vicente-de-paul-nacio-en-francia-viii-quinta-dificultad\/","url_meta":{"origin":46451,"position":5},"title":"San Vicente de Pa\u00fal naci\u00f3 en Francia. VIII. Quinta dificultad","author":"Francisco Javier Fern\u00e1ndez Chento","date":"03\/05\/2015","format":false,"excerpt":"Quinta dificultad Las personas que figuran en el relato, y las circunstan\u00adcias que las rodean dan a sus palabras un car\u00e1cter de seriedad y verosimilitud tales, que inclinan el \u00e1nimo a suponer est\u00e1n en posesi\u00f3n de la verdad. \u00bfQu\u00e9 otra casa sino la verdad pod\u00eda mantener tan vivo convencimiento en\u2026","rel":"","context":"En \u00abVicente de Pa\u00fal\u00bb","block_context":{"text":"Vicente de Pa\u00fal","link":"http:\/\/vincentians.com\/es\/category\/la-familia-vicenciana\/fundadores\/vicente-de-paul\/"},"img":{"alt_text":"","src":"","width":0,"height":0},"classes":[]}],"_links":{"self":[{"href":"http:\/\/vincentians.com\/es\/wp-json\/wp\/v2\/posts\/46451","targetHints":{"allow":["GET"]}}],"collection":[{"href":"http:\/\/vincentians.com\/es\/wp-json\/wp\/v2\/posts"}],"about":[{"href":"http:\/\/vincentians.com\/es\/wp-json\/wp\/v2\/types\/post"}],"author":[{"embeddable":true,"href":"http:\/\/vincentians.com\/es\/wp-json\/wp\/v2\/users\/4"}],"replies":[{"embeddable":true,"href":"http:\/\/vincentians.com\/es\/wp-json\/wp\/v2\/comments?post=46451"}],"version-history":[{"count":0,"href":"http:\/\/vincentians.com\/es\/wp-json\/wp\/v2\/posts\/46451\/revisions"}],"wp:featuredmedia":[{"embeddable":true,"href":"http:\/\/vincentians.com\/es\/wp-json\/"}],"wp:attachment":[{"href":"http:\/\/vincentians.com\/es\/wp-json\/wp\/v2\/media?parent=46451"}],"wp:term":[{"taxonomy":"category","embeddable":true,"href":"http:\/\/vincentians.com\/es\/wp-json\/wp\/v2\/categories?post=46451"},{"taxonomy":"post_tag","embeddable":true,"href":"http:\/\/vincentians.com\/es\/wp-json\/wp\/v2\/tags?post=46451"}],"curies":[{"name":"wp","href":"https:\/\/api.w.org\/{rel}","templated":true}]}}