{"id":46446,"date":"2011-07-28T06:10:23","date_gmt":"2011-07-28T04:10:23","guid":{"rendered":"http:\/\/somos.vicencianos.org\/blog\/2011\/07\/vida-de-san-vicente-de-paul-de-fray-juan-del-santisimo-sacramento-libro-primero-capitulo-06\/"},"modified":"2016-07-26T17:24:43","modified_gmt":"2016-07-26T15:24:43","slug":"vida-de-san-vicente-de-paul-de-fray-juan-del-santisimo-sacramento-libro-primero-capitulo-06","status":"publish","type":"post","link":"http:\/\/vincentians.com\/es\/vida-de-san-vicente-de-paul-de-fray-juan-del-santisimo-sacramento-libro-primero-capitulo-06\/","title":{"rendered":"Vida de San Vicente de Pa\u00fal, de Fray Juan del Sant\u00edsimo Sacramento. Libro primero, cap\u00edtulo 06"},"content":{"rendered":"<h2 align=\"center\"><strong>Cap\u00edtulo VI. <strong>Da ocasi\u00f3n a la primera misi\u00f3n de Vicente, una confesi\u00f3n general que le hizo hacer a un labrador.<\/strong><\/strong><\/h2>\n<p>Mucho favoreci\u00f3 Dios a la casa del general Gond\u00ed con haber llevado a ella a nuestro Vicente; pero la buena conversaci\u00f3n de este aprovech\u00f3 m\u00e1s particularmente a la se\u00f1ora. Comenz\u00f3 a con\u00adfesarla como hemos dicho, por obedecer al P. Berulle; y si bien antes hab\u00eda sido de notoria virtud, luego que se puso bajo la direcci\u00f3n de tan insigne maestro, camin\u00f3 r\u00e1pidamen\u00adte a la perfecci\u00f3n. Miraba despu\u00e9s a sus vasallos como si fuesen sus hijos: compon\u00eda sus pleitos, y no permit\u00eda que gas\u00adtasen sus intereses en los tribunales: ella misma los o\u00eda y los despachaba, ense\u00f1ando de este modo a sus ministros, a juzgar con desinter\u00e9s, y a hermanar la piedad con la equidad y la rec\u00adtitud; repart\u00eda a los pobres cuantiosas limosnas, visitaba a los enfermos y les serv\u00eda con sus propias manos; era finalmente en sus estados el refugio de los hu\u00e9rfanos, el consuelo de los afligi\u00addos, el remedio de los necesitados y la madre piados\u00edsima de todos; as\u00ed creci\u00f3 de d\u00eda en d\u00eda aquella ilustre planta con el jugo de la doctrina que le ense\u00f1aba Vicente.<\/p>\n<p>Era la casa del general Gond\u00ed un espejo de honra, pie\u00addad y devoci\u00f3n, siguiendo la familia los pasos de su se\u00f1ora, que siempre los grandes personajes, si con los vicios escanda\u00adlizan, con las virtudes no s\u00f3lo edifican, sino que despiertan el deseo de imitarlos. Viv\u00eda la se\u00f1ora retirada de la corte en una casa de campo de la provincia de Picard\u00eda, llamada Folleville, y estando all\u00ed nuestro Vicente, fue llamado un d\u00eda de un lugar vecino para confesar a un labrador que estaba gravemente en\u00adfermo, y ten\u00eda fama de hombre honrado y virtuoso; Vicente lo persuadi\u00f3 a que hiciese una confesi\u00f3n general, por cuyo me\u00addio consigui\u00f3 librarlo de una muerte eterna, porque hasta en\u00adtonces hab\u00eda callado, siempre que se confesaba, muchos pecados por verg\u00fcenza, cosa que \u00e9l mismo declar\u00f3 a varias personas que all\u00ed estaban, a quienes dijo adem\u00e1s: \u00ab<em>Si no hubiera hecho esta confesi\u00f3n general, me hubiera condenado sin remedio.<\/em>\u00bb<\/p>\n<p>Hablando despu\u00e9s Vicente de este suceso con los suyos, de\u00adc\u00eda: \u00ab<em>La verg\u00fcenza es causa de que muchos de estos pobres labradores oculten gran parte de sus pecados, viviendo de este modo en continuo peligro de condenarse. Ah Dios m\u00edo, cu\u00e1n im\u00adportante es la confesi\u00f3n general para remediar estos males. Este hombre del que os he hablado dec\u00eda que sin esta confe\u00adsi\u00f3n, claramente conoc\u00eda que se hubiera condenado, porque no estaba verdaderamente pose\u00eddo del esp\u00edritu de penitencia, en virtud del cual, concilie el alma tal horror al pecado, que no solamente lo confiesa al sacerdote, sino que est\u00e1 tan bien dispuesta, que lo confesar\u00eda p\u00fablicamente si fuese necesa\u00adrio para su salvaci\u00f3n. He conocido muchas personas que des\u00adpu\u00e9s de haber hecho una confesi\u00f3n general, han querido de\u00adcir p\u00fablicamente sus pecados, y no sin trabajo he podido evitarlo: y aun cuando expresamente se los prohib\u00eda, me dec\u00edan: No, yo los publicar\u00e9 a todos, he sido un malvado, merezco la muer\u00adte. Mirad pues la eficacia del esp\u00edritu de Dios y la fuerza de la contrici\u00f3n; esto que os refiero lo practicaron los Santos m\u00e1s grandes: S. Agust\u00edn ha publicado en todo el mundo sus peca\u00addos y sus yerros en el libro de sus Confesiones; San Pablo, antes que \u00e9l, declar\u00f3 en sus ep\u00edstolas que hab\u00eda sido un blasfemo y perseguidor de la Iglesia; esto hicieron los dos para manifestar que la misericordia divina hab\u00eda sido tan grande para con ellos, cuanto su ingratitud hab\u00eda sido mayor para con Dios. Tan bien produjo la gracia en el coraz\u00f3n de aquel labrador este saludable efecto, que le hizo confesar p\u00fablicamente y en presencia de su se\u00f1ora, las sacr\u00edlegas confesiones que hab\u00eda hecho, y los enormes pecados de su vida pasada, dando ocasi\u00f3n con es\u00adto, a que tan virtuosa mujer exclamase llena de espanto: \u00a1Oh Se\u00f1or Vicente, qu\u00e9 es lo que o\u00edmos! tal vez lo mismo sucede a la mayor parte de esta pobre gente; y si este que era tenido por hombre honrado, estaba en tan gran peligro de condenarse, \u00bfqu\u00e9 suceder\u00e1 a los otros que no viven tan ajustadamente? \u00a1Ah Se\u00f1or m\u00edo, cu\u00e1ntas almas se pierden! \u00bfQu\u00e9 remedio podremos poner para evitar tan gran mal? Sucedi\u00f3 esto en el mes de Enero de 1617, y esta se\u00f1ora me rog\u00f3 que el d\u00eda de la conversi\u00f3n de S. Pablo, predicase en la Iglesia de Folleville, exhortando a todos a que hiciesen una confesi\u00f3n general, lo que hice manifestando el provecho que de ella se saca, y ense\u00f1ando el modo de hacerla.<\/em><\/p>\n<p><em>Fue tan agradable a Dios <\/em>(a\u00f1ad\u00eda Vicente)<em> el buen deseo de esta se\u00f1ora, y dio tal bendici\u00f3n a mi pl\u00e1tica, que conmovido generalmente el pueblo, ven\u00edan todos a hacer confesi\u00f3n general. Continu\u00e9 disponi\u00e9ndolos con instrucciones familiares para recibir los Santos Sacramentos, y me puse a confesarlos<\/em><em>;<\/em><em> pero por el gran n\u00famero de los que acud\u00edan al tribu\u00adnal de la penitencia, no pude yo solo satisfacer a todos, y es\u00adto oblig\u00f3 a la se\u00f1ora a que mandase rogar a los padres de Amiens que viniesen a ayudarme<\/em><em>;<\/em><em> escribi\u00f3 al padre rector que quiso venir en persona<\/em><em>;<\/em><em> pero no habiendo podido permanecer con nosotros mucho tiempo, se retir\u00f3, y envi\u00f3 en su lugar al padre Furche, y as\u00ed continuamos confesando, predicando y ense\u00f1ando la doctrina cristiana. Pasamos despu\u00e9s a otras posesiones de la misma se\u00f1ora, en donde ejercimos las mismas funciones, siempre con numerosa asistencia del pueblo, y Dios bendijo en todas partes nuestros d\u00e9biles esfuerzos. Este fue el primer serm\u00f3n de la misi\u00f3n, y este el buen \u00e9xito que Dios quiso darle, no sin misterio, en el mismo d\u00eda de la conversi\u00f3n de S. Pablo.<\/em>\u00bb<\/p>\n<p>Hasta aqu\u00ed son palabras del siervo de Dios, el cual durante toda su vida, celebr\u00f3 con tierna devoci\u00f3n el d\u00eda de la conver\u00adsi\u00f3n de S. Pablo: herencia que dej\u00f3 a sus hijos, pues toda la Con\u00adgregaci\u00f3n celebra esta fiesta con especial solemnidad. En este d\u00eda quiso el Se\u00f1or, sin que Vicente entonces lo conociese, dar principio a la hermosa f\u00e1brica de la Congregaci\u00f3n de la Misi\u00f3n, que hasta hoy sirve a la Iglesia de firme baluarte de la fe. Co\u00adnoci\u00f3 la se\u00f1ora Gond\u00ed la importancia de este santo ejercicio, y atendiendo a la salud eterna de sus vasallos, determin\u00f3 se\u00f1alar una renta a alguna corporaci\u00f3n religiosa, para que cada cinco a\u00f1os fuese a hacer misiones en todas las poblaciones de sus estados; pero no habiendo encontrado quien aceptase con tal condici\u00f3n la renta, dej\u00f3 mandado en su testamento, que se pusiese a disposici\u00f3n de Vicente para que la emplease en las misiones.<\/p>\n","protected":false},"excerpt":{"rendered":"<p>Cap\u00edtulo VI. Da ocasi\u00f3n a la primera misi\u00f3n de Vicente, una confesi\u00f3n general que le hizo hacer a un labrador. Mucho favoreci\u00f3 Dios a la casa del general Gond\u00ed con haber llevado a ella a &#8230; <a href=\"http:\/\/vincentians.com\/es\/vida-de-san-vicente-de-paul-de-fray-juan-del-santisimo-sacramento-libro-primero-capitulo-06\/\" class=\"more-link\">Read More<\/a><\/p>\n","protected":false},"author":4,"featured_media":389514,"comment_status":"open","ping_status":"open","sticky":false,"template":"","format":"standard","meta":{"jetpack_post_was_ever_published":false,"_jetpack_newsletter_access":"","_jetpack_dont_email_post_to_subs":false,"_jetpack_newsletter_tier_id":0,"_jetpack_memberships_contains_paywalled_content":false,"_jetpack_memberships_contains_paid_content":false,"footnotes":"","jetpack_publicize_message":"","jetpack_publicize_feature_enabled":true,"jetpack_social_post_already_shared":true,"jetpack_social_options":{"image_generator_settings":{"template":"highway","default_image_id":0,"font":"","enabled":false},"version":2}},"categories":[5],"tags":[224,175],"class_list":["post-46446","post","type-post","status-publish","format-standard","has-post-thumbnail","hentry","category-vicente-de-paul","tag-berulle","tag-folleville"],"yoast_head":"<!-- This site is optimized with the Yoast SEO plugin v26.3 - https:\/\/yoast.com\/wordpress\/plugins\/seo\/ -->\n<title>Vida de San Vicente de Pa\u00fal, de Fray Juan del Sant\u00edsimo Sacramento. Libro primero, cap\u00edtulo 06 - Somos Vicencianos<\/title>\n<meta name=\"robots\" content=\"index, follow, max-snippet:-1, max-image-preview:large, max-video-preview:-1\" \/>\n<link rel=\"canonical\" href=\"https:\/\/vincentians.com\/es\/vida-de-san-vicente-de-paul-de-fray-juan-del-santisimo-sacramento-libro-primero-capitulo-06\/\" \/>\n<meta property=\"og:locale\" content=\"es_ES\" \/>\n<meta property=\"og:type\" content=\"article\" \/>\n<meta property=\"og:title\" content=\"Vida de San Vicente de Pa\u00fal, de Fray Juan del Sant\u00edsimo Sacramento. Libro primero, cap\u00edtulo 06 - Somos Vicencianos\" \/>\n<meta property=\"og:description\" content=\"Cap\u00edtulo VI. Da ocasi\u00f3n a la primera misi\u00f3n de Vicente, una confesi\u00f3n general que le hizo hacer a un labrador. Mucho favoreci\u00f3 Dios a la casa del general Gond\u00ed con haber llevado a ella a ... Read More\" \/>\n<meta property=\"og:url\" content=\"https:\/\/vincentians.com\/es\/vida-de-san-vicente-de-paul-de-fray-juan-del-santisimo-sacramento-libro-primero-capitulo-06\/\" \/>\n<meta property=\"og:site_name\" content=\"Somos Vicencianos\" \/>\n<meta property=\"article:publisher\" content=\"https:\/\/www.facebook.com\/WeAreVincentians\/\" \/>\n<meta property=\"article:author\" content=\"https:\/\/www.facebook.com\/JavierChento\" \/>\n<meta property=\"article:published_time\" content=\"2011-07-28T04:10:23+00:00\" \/>\n<meta property=\"article:modified_time\" content=\"2016-07-26T15:24:43+00:00\" \/>\n<meta property=\"og:image\" content=\"https:\/\/i0.wp.com\/vincentians.com\/es\/wp-content\/uploads\/sites\/11\/2016\/07\/san-vicente-de-fray-juan-del-santisimo-sacramento.jpg?fit=1200%2C630&ssl=1\" \/>\n\t<meta property=\"og:image:width\" content=\"1200\" \/>\n\t<meta property=\"og:image:height\" content=\"630\" \/>\n\t<meta property=\"og:image:type\" content=\"image\/jpeg\" \/>\n<meta name=\"author\" content=\"Francisco Javier Fern\u00e1ndez Chento\" \/>\n<meta name=\"twitter:card\" content=\"summary_large_image\" \/>\n<meta name=\"twitter:creator\" content=\"@https:\/\/twitter.com\/javierchento\" \/>\n<meta name=\"twitter:site\" content=\"@WeVincentians\" \/>\n<meta name=\"twitter:label1\" content=\"Escrito por\" \/>\n\t<meta name=\"twitter:data1\" content=\"Francisco Javier Fern\u00e1ndez Chento\" \/>\n\t<meta name=\"twitter:label2\" content=\"Tiempo de lectura\" \/>\n\t<meta name=\"twitter:data2\" content=\"6 minutos\" \/>\n<script type=\"application\/ld+json\" class=\"yoast-schema-graph\">{\"@context\":\"https:\/\/schema.org\",\"@graph\":[{\"@type\":\"Article\",\"@id\":\"https:\/\/vincentians.com\/es\/vida-de-san-vicente-de-paul-de-fray-juan-del-santisimo-sacramento-libro-primero-capitulo-06\/#article\",\"isPartOf\":{\"@id\":\"https:\/\/vincentians.com\/es\/vida-de-san-vicente-de-paul-de-fray-juan-del-santisimo-sacramento-libro-primero-capitulo-06\/\"},\"author\":{\"name\":\"Francisco Javier Fern\u00e1ndez Chento\",\"@id\":\"https:\/\/vincentians.com\/es\/#\/schema\/person\/9623ef4d9aa3b2dfb8c061f1499288f2\"},\"headline\":\"Vida de San Vicente de Pa\u00fal, de Fray Juan del Sant\u00edsimo Sacramento. Libro primero, cap\u00edtulo 06\",\"datePublished\":\"2011-07-28T04:10:23+00:00\",\"dateModified\":\"2016-07-26T15:24:43+00:00\",\"mainEntityOfPage\":{\"@id\":\"https:\/\/vincentians.com\/es\/vida-de-san-vicente-de-paul-de-fray-juan-del-santisimo-sacramento-libro-primero-capitulo-06\/\"},\"wordCount\":1256,\"commentCount\":0,\"publisher\":{\"@id\":\"https:\/\/vincentians.com\/es\/#organization\"},\"image\":{\"@id\":\"https:\/\/vincentians.com\/es\/vida-de-san-vicente-de-paul-de-fray-juan-del-santisimo-sacramento-libro-primero-capitulo-06\/#primaryimage\"},\"thumbnailUrl\":\"https:\/\/i0.wp.com\/vincentians.com\/es\/wp-content\/uploads\/sites\/11\/2016\/07\/san-vicente-de-fray-juan-del-santisimo-sacramento.jpg?fit=1200%2C630\",\"keywords\":[\"Berulle\",\"Folleville\"],\"articleSection\":[\"Vicente de Pa\u00fal\"],\"inLanguage\":\"es\",\"potentialAction\":[{\"@type\":\"CommentAction\",\"name\":\"Comment\",\"target\":[\"https:\/\/vincentians.com\/es\/vida-de-san-vicente-de-paul-de-fray-juan-del-santisimo-sacramento-libro-primero-capitulo-06\/#respond\"]}]},{\"@type\":\"WebPage\",\"@id\":\"https:\/\/vincentians.com\/es\/vida-de-san-vicente-de-paul-de-fray-juan-del-santisimo-sacramento-libro-primero-capitulo-06\/\",\"url\":\"https:\/\/vincentians.com\/es\/vida-de-san-vicente-de-paul-de-fray-juan-del-santisimo-sacramento-libro-primero-capitulo-06\/\",\"name\":\"Vida de San Vicente de Pa\u00fal, de Fray Juan del Sant\u00edsimo Sacramento. Libro primero, cap\u00edtulo 06 - Somos Vicencianos\",\"isPartOf\":{\"@id\":\"https:\/\/vincentians.com\/es\/#website\"},\"primaryImageOfPage\":{\"@id\":\"https:\/\/vincentians.com\/es\/vida-de-san-vicente-de-paul-de-fray-juan-del-santisimo-sacramento-libro-primero-capitulo-06\/#primaryimage\"},\"image\":{\"@id\":\"https:\/\/vincentians.com\/es\/vida-de-san-vicente-de-paul-de-fray-juan-del-santisimo-sacramento-libro-primero-capitulo-06\/#primaryimage\"},\"thumbnailUrl\":\"https:\/\/i0.wp.com\/vincentians.com\/es\/wp-content\/uploads\/sites\/11\/2016\/07\/san-vicente-de-fray-juan-del-santisimo-sacramento.jpg?fit=1200%2C630\",\"datePublished\":\"2011-07-28T04:10:23+00:00\",\"dateModified\":\"2016-07-26T15:24:43+00:00\",\"breadcrumb\":{\"@id\":\"https:\/\/vincentians.com\/es\/vida-de-san-vicente-de-paul-de-fray-juan-del-santisimo-sacramento-libro-primero-capitulo-06\/#breadcrumb\"},\"inLanguage\":\"es\",\"potentialAction\":[{\"@type\":\"ReadAction\",\"target\":[\"https:\/\/vincentians.com\/es\/vida-de-san-vicente-de-paul-de-fray-juan-del-santisimo-sacramento-libro-primero-capitulo-06\/\"]}]},{\"@type\":\"ImageObject\",\"inLanguage\":\"es\",\"@id\":\"https:\/\/vincentians.com\/es\/vida-de-san-vicente-de-paul-de-fray-juan-del-santisimo-sacramento-libro-primero-capitulo-06\/#primaryimage\",\"url\":\"https:\/\/i0.wp.com\/vincentians.com\/es\/wp-content\/uploads\/sites\/11\/2016\/07\/san-vicente-de-fray-juan-del-santisimo-sacramento.jpg?fit=1200%2C630\",\"contentUrl\":\"https:\/\/i0.wp.com\/vincentians.com\/es\/wp-content\/uploads\/sites\/11\/2016\/07\/san-vicente-de-fray-juan-del-santisimo-sacramento.jpg?fit=1200%2C630\",\"width\":1200,\"height\":630},{\"@type\":\"BreadcrumbList\",\"@id\":\"https:\/\/vincentians.com\/es\/vida-de-san-vicente-de-paul-de-fray-juan-del-santisimo-sacramento-libro-primero-capitulo-06\/#breadcrumb\",\"itemListElement\":[{\"@type\":\"ListItem\",\"position\":1,\"name\":\"Portada\",\"item\":\"https:\/\/vincentians.com\/es\/\"},{\"@type\":\"ListItem\",\"position\":2,\"name\":\"Vida de San Vicente de Pa\u00fal, de Fray Juan del Sant\u00edsimo Sacramento. Libro primero, cap\u00edtulo 06\"}]},{\"@type\":\"WebSite\",\"@id\":\"https:\/\/vincentians.com\/es\/#website\",\"url\":\"https:\/\/vincentians.com\/es\/\",\"name\":\"Somos Vicencianos\",\"description\":\"Know more to serve more\",\"publisher\":{\"@id\":\"https:\/\/vincentians.com\/es\/#organization\"},\"potentialAction\":[{\"@type\":\"SearchAction\",\"target\":{\"@type\":\"EntryPoint\",\"urlTemplate\":\"https:\/\/vincentians.com\/es\/?s={search_term_string}\"},\"query-input\":{\"@type\":\"PropertyValueSpecification\",\"valueRequired\":true,\"valueName\":\"search_term_string\"}}],\"inLanguage\":\"es\"},{\"@type\":\"Organization\",\"@id\":\"https:\/\/vincentians.com\/es\/#organization\",\"name\":\"The Vincentian Network\",\"url\":\"https:\/\/vincentians.com\/es\/\",\"logo\":{\"@type\":\"ImageObject\",\"inLanguage\":\"es\",\"@id\":\"https:\/\/vincentians.com\/es\/#\/schema\/logo\/image\/\",\"url\":\"https:\/\/i1.wp.com\/vincentians.com\/es\/wp-content\/uploads\/sites\/11\/2016\/06\/Vincentian-Network-logo-big.png?fit=778%2C778\",\"contentUrl\":\"https:\/\/i1.wp.com\/vincentians.com\/es\/wp-content\/uploads\/sites\/11\/2016\/06\/Vincentian-Network-logo-big.png?fit=778%2C778\",\"width\":778,\"height\":778,\"caption\":\"The Vincentian Network\"},\"image\":{\"@id\":\"https:\/\/vincentians.com\/es\/#\/schema\/logo\/image\/\"},\"sameAs\":[\"https:\/\/www.facebook.com\/WeAreVincentians\/\",\"https:\/\/x.com\/WeVincentians\"]},{\"@type\":\"Person\",\"@id\":\"https:\/\/vincentians.com\/es\/#\/schema\/person\/9623ef4d9aa3b2dfb8c061f1499288f2\",\"name\":\"Francisco Javier Fern\u00e1ndez Chento\",\"image\":{\"@type\":\"ImageObject\",\"inLanguage\":\"es\",\"@id\":\"https:\/\/vincentians.com\/es\/#\/schema\/person\/image\/\",\"url\":\"https:\/\/secure.gravatar.com\/avatar\/497d5cde87b4c3d097d0315953521681ba2cd523ee66e5077c3711f7021e65de?s=96&d=mm&r=g\",\"contentUrl\":\"https:\/\/secure.gravatar.com\/avatar\/497d5cde87b4c3d097d0315953521681ba2cd523ee66e5077c3711f7021e65de?s=96&d=mm&r=g\",\"caption\":\"Francisco Javier Fern\u00e1ndez Chento\"},\"description\":\"Director General y cofundador de La Red de Formaci\u00f3n Vicenciana. Javier es laico vicenciano, afiliado a la Congregaci\u00f3n de la Misi\u00f3n y miembro del Equipo de Misiones Populares de la provincia can\u00f3nica de Zaragoza (Espa\u00f1a) de la Congregaci\u00f3n de la Misi\u00f3n. Graduado en la Universidad Oberta de Catalunya con cuatro grados (Asistente de direcci\u00f3n, Gesti\u00f3n Administrativa, Recursos Humanos y Contabilidad Avanzada). Bil\u00edng\u00fce Espa\u00f1ol\/Ingl\u00e9s. gestiona y mantiene varias p\u00e1ginas web cristianas y vicencianas, incluida including La Red de Formaci\u00f3n Vicenciana, de la que es cofundador. Actualmente es responsable del \u00e1rea de Espa\u00f1ol de .famvin, la Red de Noticias de la Familia Vicenciana. Tambi\u00e9n es m\u00fasico cat\u00f3lico y ha editado varios discos. Es Director General y cofundador de Trovador, una reconocida compa\u00f1\u00eda discogr\u00e1fica critiana de Espa\u00f1a. Trabaja en las Tecnolog\u00edas de la Informaci\u00f3n, ofreciendo servicios de alojamiento, dise\u00f1o y mantenimiento Web, as\u00ed como asesoramiento, formaci\u00f3n y soluciones inform\u00e1ticas, gesti\u00f3n documental y digitalizaci\u00f3n de textos, edici\u00f3n y maquetaci\u00f3n de libros, revistas, flyers, etc.\",\"sameAs\":[\"http:\/\/chento.org\",\"https:\/\/www.facebook.com\/JavierChento\",\"https:\/\/x.com\/https:\/\/twitter.com\/javierchento\"],\"url\":\"http:\/\/vincentians.com\/es\/author\/chento\/\"}]}<\/script>\n<!-- \/ Yoast SEO plugin. -->","yoast_head_json":{"title":"Vida de San Vicente de Pa\u00fal, de Fray Juan del Sant\u00edsimo Sacramento. Libro primero, cap\u00edtulo 06 - Somos Vicencianos","robots":{"index":"index","follow":"follow","max-snippet":"max-snippet:-1","max-image-preview":"max-image-preview:large","max-video-preview":"max-video-preview:-1"},"canonical":"https:\/\/vincentians.com\/es\/vida-de-san-vicente-de-paul-de-fray-juan-del-santisimo-sacramento-libro-primero-capitulo-06\/","og_locale":"es_ES","og_type":"article","og_title":"Vida de San Vicente de Pa\u00fal, de Fray Juan del Sant\u00edsimo Sacramento. Libro primero, cap\u00edtulo 06 - Somos Vicencianos","og_description":"Cap\u00edtulo VI. Da ocasi\u00f3n a la primera misi\u00f3n de Vicente, una confesi\u00f3n general que le hizo hacer a un labrador. Mucho favoreci\u00f3 Dios a la casa del general Gond\u00ed con haber llevado a ella a ... Read More","og_url":"https:\/\/vincentians.com\/es\/vida-de-san-vicente-de-paul-de-fray-juan-del-santisimo-sacramento-libro-primero-capitulo-06\/","og_site_name":"Somos Vicencianos","article_publisher":"https:\/\/www.facebook.com\/WeAreVincentians\/","article_author":"https:\/\/www.facebook.com\/JavierChento","article_published_time":"2011-07-28T04:10:23+00:00","article_modified_time":"2016-07-26T15:24:43+00:00","og_image":[{"width":1200,"height":630,"url":"https:\/\/i0.wp.com\/vincentians.com\/es\/wp-content\/uploads\/sites\/11\/2016\/07\/san-vicente-de-fray-juan-del-santisimo-sacramento.jpg?fit=1200%2C630&ssl=1","type":"image\/jpeg"}],"author":"Francisco Javier Fern\u00e1ndez Chento","twitter_card":"summary_large_image","twitter_creator":"@https:\/\/twitter.com\/javierchento","twitter_site":"@WeVincentians","twitter_misc":{"Escrito por":"Francisco Javier Fern\u00e1ndez Chento","Tiempo de lectura":"6 minutos"},"schema":{"@context":"https:\/\/schema.org","@graph":[{"@type":"Article","@id":"https:\/\/vincentians.com\/es\/vida-de-san-vicente-de-paul-de-fray-juan-del-santisimo-sacramento-libro-primero-capitulo-06\/#article","isPartOf":{"@id":"https:\/\/vincentians.com\/es\/vida-de-san-vicente-de-paul-de-fray-juan-del-santisimo-sacramento-libro-primero-capitulo-06\/"},"author":{"name":"Francisco Javier Fern\u00e1ndez Chento","@id":"https:\/\/vincentians.com\/es\/#\/schema\/person\/9623ef4d9aa3b2dfb8c061f1499288f2"},"headline":"Vida de San Vicente de Pa\u00fal, de Fray Juan del Sant\u00edsimo Sacramento. Libro primero, cap\u00edtulo 06","datePublished":"2011-07-28T04:10:23+00:00","dateModified":"2016-07-26T15:24:43+00:00","mainEntityOfPage":{"@id":"https:\/\/vincentians.com\/es\/vida-de-san-vicente-de-paul-de-fray-juan-del-santisimo-sacramento-libro-primero-capitulo-06\/"},"wordCount":1256,"commentCount":0,"publisher":{"@id":"https:\/\/vincentians.com\/es\/#organization"},"image":{"@id":"https:\/\/vincentians.com\/es\/vida-de-san-vicente-de-paul-de-fray-juan-del-santisimo-sacramento-libro-primero-capitulo-06\/#primaryimage"},"thumbnailUrl":"https:\/\/i0.wp.com\/vincentians.com\/es\/wp-content\/uploads\/sites\/11\/2016\/07\/san-vicente-de-fray-juan-del-santisimo-sacramento.jpg?fit=1200%2C630","keywords":["Berulle","Folleville"],"articleSection":["Vicente de Pa\u00fal"],"inLanguage":"es","potentialAction":[{"@type":"CommentAction","name":"Comment","target":["https:\/\/vincentians.com\/es\/vida-de-san-vicente-de-paul-de-fray-juan-del-santisimo-sacramento-libro-primero-capitulo-06\/#respond"]}]},{"@type":"WebPage","@id":"https:\/\/vincentians.com\/es\/vida-de-san-vicente-de-paul-de-fray-juan-del-santisimo-sacramento-libro-primero-capitulo-06\/","url":"https:\/\/vincentians.com\/es\/vida-de-san-vicente-de-paul-de-fray-juan-del-santisimo-sacramento-libro-primero-capitulo-06\/","name":"Vida de San Vicente de Pa\u00fal, de Fray Juan del Sant\u00edsimo Sacramento. Libro primero, cap\u00edtulo 06 - Somos Vicencianos","isPartOf":{"@id":"https:\/\/vincentians.com\/es\/#website"},"primaryImageOfPage":{"@id":"https:\/\/vincentians.com\/es\/vida-de-san-vicente-de-paul-de-fray-juan-del-santisimo-sacramento-libro-primero-capitulo-06\/#primaryimage"},"image":{"@id":"https:\/\/vincentians.com\/es\/vida-de-san-vicente-de-paul-de-fray-juan-del-santisimo-sacramento-libro-primero-capitulo-06\/#primaryimage"},"thumbnailUrl":"https:\/\/i0.wp.com\/vincentians.com\/es\/wp-content\/uploads\/sites\/11\/2016\/07\/san-vicente-de-fray-juan-del-santisimo-sacramento.jpg?fit=1200%2C630","datePublished":"2011-07-28T04:10:23+00:00","dateModified":"2016-07-26T15:24:43+00:00","breadcrumb":{"@id":"https:\/\/vincentians.com\/es\/vida-de-san-vicente-de-paul-de-fray-juan-del-santisimo-sacramento-libro-primero-capitulo-06\/#breadcrumb"},"inLanguage":"es","potentialAction":[{"@type":"ReadAction","target":["https:\/\/vincentians.com\/es\/vida-de-san-vicente-de-paul-de-fray-juan-del-santisimo-sacramento-libro-primero-capitulo-06\/"]}]},{"@type":"ImageObject","inLanguage":"es","@id":"https:\/\/vincentians.com\/es\/vida-de-san-vicente-de-paul-de-fray-juan-del-santisimo-sacramento-libro-primero-capitulo-06\/#primaryimage","url":"https:\/\/i0.wp.com\/vincentians.com\/es\/wp-content\/uploads\/sites\/11\/2016\/07\/san-vicente-de-fray-juan-del-santisimo-sacramento.jpg?fit=1200%2C630","contentUrl":"https:\/\/i0.wp.com\/vincentians.com\/es\/wp-content\/uploads\/sites\/11\/2016\/07\/san-vicente-de-fray-juan-del-santisimo-sacramento.jpg?fit=1200%2C630","width":1200,"height":630},{"@type":"BreadcrumbList","@id":"https:\/\/vincentians.com\/es\/vida-de-san-vicente-de-paul-de-fray-juan-del-santisimo-sacramento-libro-primero-capitulo-06\/#breadcrumb","itemListElement":[{"@type":"ListItem","position":1,"name":"Portada","item":"https:\/\/vincentians.com\/es\/"},{"@type":"ListItem","position":2,"name":"Vida de San Vicente de Pa\u00fal, de Fray Juan del Sant\u00edsimo Sacramento. Libro primero, cap\u00edtulo 06"}]},{"@type":"WebSite","@id":"https:\/\/vincentians.com\/es\/#website","url":"https:\/\/vincentians.com\/es\/","name":"Somos Vicencianos","description":"Know more to serve more","publisher":{"@id":"https:\/\/vincentians.com\/es\/#organization"},"potentialAction":[{"@type":"SearchAction","target":{"@type":"EntryPoint","urlTemplate":"https:\/\/vincentians.com\/es\/?s={search_term_string}"},"query-input":{"@type":"PropertyValueSpecification","valueRequired":true,"valueName":"search_term_string"}}],"inLanguage":"es"},{"@type":"Organization","@id":"https:\/\/vincentians.com\/es\/#organization","name":"The Vincentian Network","url":"https:\/\/vincentians.com\/es\/","logo":{"@type":"ImageObject","inLanguage":"es","@id":"https:\/\/vincentians.com\/es\/#\/schema\/logo\/image\/","url":"https:\/\/i1.wp.com\/vincentians.com\/es\/wp-content\/uploads\/sites\/11\/2016\/06\/Vincentian-Network-logo-big.png?fit=778%2C778","contentUrl":"https:\/\/i1.wp.com\/vincentians.com\/es\/wp-content\/uploads\/sites\/11\/2016\/06\/Vincentian-Network-logo-big.png?fit=778%2C778","width":778,"height":778,"caption":"The Vincentian Network"},"image":{"@id":"https:\/\/vincentians.com\/es\/#\/schema\/logo\/image\/"},"sameAs":["https:\/\/www.facebook.com\/WeAreVincentians\/","https:\/\/x.com\/WeVincentians"]},{"@type":"Person","@id":"https:\/\/vincentians.com\/es\/#\/schema\/person\/9623ef4d9aa3b2dfb8c061f1499288f2","name":"Francisco Javier Fern\u00e1ndez Chento","image":{"@type":"ImageObject","inLanguage":"es","@id":"https:\/\/vincentians.com\/es\/#\/schema\/person\/image\/","url":"https:\/\/secure.gravatar.com\/avatar\/497d5cde87b4c3d097d0315953521681ba2cd523ee66e5077c3711f7021e65de?s=96&d=mm&r=g","contentUrl":"https:\/\/secure.gravatar.com\/avatar\/497d5cde87b4c3d097d0315953521681ba2cd523ee66e5077c3711f7021e65de?s=96&d=mm&r=g","caption":"Francisco Javier Fern\u00e1ndez Chento"},"description":"Director General y cofundador de La Red de Formaci\u00f3n Vicenciana. Javier es laico vicenciano, afiliado a la Congregaci\u00f3n de la Misi\u00f3n y miembro del Equipo de Misiones Populares de la provincia can\u00f3nica de Zaragoza (Espa\u00f1a) de la Congregaci\u00f3n de la Misi\u00f3n. Graduado en la Universidad Oberta de Catalunya con cuatro grados (Asistente de direcci\u00f3n, Gesti\u00f3n Administrativa, Recursos Humanos y Contabilidad Avanzada). Bil\u00edng\u00fce Espa\u00f1ol\/Ingl\u00e9s. gestiona y mantiene varias p\u00e1ginas web cristianas y vicencianas, incluida including La Red de Formaci\u00f3n Vicenciana, de la que es cofundador. Actualmente es responsable del \u00e1rea de Espa\u00f1ol de .famvin, la Red de Noticias de la Familia Vicenciana. Tambi\u00e9n es m\u00fasico cat\u00f3lico y ha editado varios discos. Es Director General y cofundador de Trovador, una reconocida compa\u00f1\u00eda discogr\u00e1fica critiana de Espa\u00f1a. Trabaja en las Tecnolog\u00edas de la Informaci\u00f3n, ofreciendo servicios de alojamiento, dise\u00f1o y mantenimiento Web, as\u00ed como asesoramiento, formaci\u00f3n y soluciones inform\u00e1ticas, gesti\u00f3n documental y digitalizaci\u00f3n de textos, edici\u00f3n y maquetaci\u00f3n de libros, revistas, flyers, etc.","sameAs":["http:\/\/chento.org","https:\/\/www.facebook.com\/JavierChento","https:\/\/x.com\/https:\/\/twitter.com\/javierchento"],"url":"http:\/\/vincentians.com\/es\/author\/chento\/"}]}},"jetpack_publicize_connections":[],"jetpack_featured_media_url":"https:\/\/i0.wp.com\/vincentians.com\/es\/wp-content\/uploads\/sites\/11\/2016\/07\/san-vicente-de-fray-juan-del-santisimo-sacramento.jpg?fit=1200%2C630","jetpack_sharing_enabled":true,"jetpack_shortlink":"https:\/\/wp.me\/p7ETMF-c58","jetpack-related-posts":[{"id":121638,"url":"http:\/\/vincentians.com\/es\/san-vicente-de-paul-y-los-gondi-capitulo-05\/","url_meta":{"origin":46446,"position":0},"title":"San Vicente de Pa\u00fal y los Gondi: Cap\u00edtulo 05","author":"Francisco Javier Fern\u00e1ndez Chento","date":"07\/07\/2024","format":false,"excerpt":"Cap\u00edtulo V Vicente de Pa\u00fal y la Sra. de Gondi en el castillo de Folleville. - Nacimiento de la obra de las Misiones. - Salida de Vicente de la casa de Gondi. - Vicente, p\u00e1rroco de Chatillon-lez-Dombes. A comienzos del a\u00f1o de 1617, la familia de Gondi se hallaba reunida\u2026","rel":"","context":"En \u00abVicente de Pa\u00fal\u00bb","block_context":{"text":"Vicente de Pa\u00fal","link":"http:\/\/vincentians.com\/es\/category\/la-familia-vicenciana\/fundadores\/vicente-de-paul\/"},"img":{"alt_text":"","src":"https:\/\/i0.wp.com\/vincentians.com\/es\/wp-content\/uploads\/sites\/11\/2023\/08\/aaaf.jpg?fit=1200%2C827&resize=350%2C200","width":350,"height":200,"srcset":"https:\/\/i0.wp.com\/vincentians.com\/es\/wp-content\/uploads\/sites\/11\/2023\/08\/aaaf.jpg?fit=1200%2C827&resize=350%2C200 1x, https:\/\/i0.wp.com\/vincentians.com\/es\/wp-content\/uploads\/sites\/11\/2023\/08\/aaaf.jpg?fit=1200%2C827&resize=525%2C300 1.5x, https:\/\/i0.wp.com\/vincentians.com\/es\/wp-content\/uploads\/sites\/11\/2023\/08\/aaaf.jpg?fit=1200%2C827&resize=700%2C400 2x, https:\/\/i0.wp.com\/vincentians.com\/es\/wp-content\/uploads\/sites\/11\/2023\/08\/aaaf.jpg?fit=1200%2C827&resize=1050%2C600 3x"},"classes":[]},{"id":121668,"url":"http:\/\/vincentians.com\/es\/san-vicente-de-paul-y-los-gondi-capitulo-11\/","url_meta":{"origin":46446,"position":1},"title":"San Vicente de Pa\u00fal y los Gondi: Cap\u00edtulo 11","author":"Francisco Javier Fern\u00e1ndez Chento","date":"21\/07\/2024","format":false,"excerpt":"Cap\u00edtulo XI El P. de Gondi en el Oratorio. - Carta in\u00e9dita del cardenal Spada. - Fundaciones hechas en el Oratorio por el P. de Gondi y la Sra. de Maignelais. - El P. de Gondi y los Carmelitas. - El P. de Gondi, Vicente de Pa\u00fal y los Jansenistas.\u2026","rel":"","context":"En \u00abVicente de Pa\u00fal\u00bb","block_context":{"text":"Vicente de Pa\u00fal","link":"http:\/\/vincentians.com\/es\/category\/la-familia-vicenciana\/fundadores\/vicente-de-paul\/"},"img":{"alt_text":"","src":"https:\/\/i0.wp.com\/vincentians.com\/es\/wp-content\/uploads\/sites\/11\/2023\/08\/aaaf.jpg?fit=1200%2C827&resize=350%2C200","width":350,"height":200,"srcset":"https:\/\/i0.wp.com\/vincentians.com\/es\/wp-content\/uploads\/sites\/11\/2023\/08\/aaaf.jpg?fit=1200%2C827&resize=350%2C200 1x, https:\/\/i0.wp.com\/vincentians.com\/es\/wp-content\/uploads\/sites\/11\/2023\/08\/aaaf.jpg?fit=1200%2C827&resize=525%2C300 1.5x, https:\/\/i0.wp.com\/vincentians.com\/es\/wp-content\/uploads\/sites\/11\/2023\/08\/aaaf.jpg?fit=1200%2C827&resize=700%2C400 2x, https:\/\/i0.wp.com\/vincentians.com\/es\/wp-content\/uploads\/sites\/11\/2023\/08\/aaaf.jpg?fit=1200%2C827&resize=1050%2C600 3x"},"classes":[]},{"id":119696,"url":"http:\/\/vincentians.com\/es\/el-senor-vicente-relee-su-vida-en-casa-de-la-reina-margot\/","url_meta":{"origin":46446,"position":2},"title":"El Se\u00f1or Vicente relee su vida: En Casa de la Reina Margot","author":"Francisco Javier Fern\u00e1ndez Chento","date":"07\/02\/2022","format":false,"excerpt":"Por casualidad, era \"cerca del hotel de la reina Margarita\", la famosa Reina Margot, cuyo matrimonio con Enrique IV hab\u00eda sido declarado nulo, pero que conservaba un palacio en el que llevaba un gran tren de vida. Yo no ten\u00eda m\u00e1s que atravesar la calle para mezclarme con gentes de\u2026","rel":"","context":"En \u00abVicente de Pa\u00fal\u00bb","block_context":{"text":"Vicente de Pa\u00fal","link":"http:\/\/vincentians.com\/es\/category\/la-familia-vicenciana\/fundadores\/vicente-de-paul\/"},"img":{"alt_text":"","src":"https:\/\/i0.wp.com\/vincentians.com\/es\/wp-content\/uploads\/sites\/11\/2013\/04\/f-1-scaled.jpg?fit=1200%2C570&resize=350%2C200","width":350,"height":200,"srcset":"https:\/\/i0.wp.com\/vincentians.com\/es\/wp-content\/uploads\/sites\/11\/2013\/04\/f-1-scaled.jpg?fit=1200%2C570&resize=350%2C200 1x, https:\/\/i0.wp.com\/vincentians.com\/es\/wp-content\/uploads\/sites\/11\/2013\/04\/f-1-scaled.jpg?fit=1200%2C570&resize=525%2C300 1.5x, https:\/\/i0.wp.com\/vincentians.com\/es\/wp-content\/uploads\/sites\/11\/2013\/04\/f-1-scaled.jpg?fit=1200%2C570&resize=700%2C400 2x, https:\/\/i0.wp.com\/vincentians.com\/es\/wp-content\/uploads\/sites\/11\/2013\/04\/f-1-scaled.jpg?fit=1200%2C570&resize=1050%2C600 3x"},"classes":[]},{"id":101421,"url":"http:\/\/vincentians.com\/es\/vida-del-senor-vicente-de-paul-capitulo-2\/","url_meta":{"origin":46446,"position":3},"title":"Vida del Se\u00f1or Vicente de Pa\u00fal: Cap\u00edtulo 2","author":"Francisco Javier Fern\u00e1ndez Chento","date":"13\/05\/2015","format":false,"excerpt":"2 (1609) Cuando Vicente llega a la ciudad de Paris a comienzos de 1609, para hacer de ella su residencia definitiva para el resto de su vida, aunque al llegar no lo sabe ni lo proyecta, tiene casi 29 a\u00f1os. Un a\u00f1o despu\u00e9s el mismo defin\u00eda en carta a su\u2026","rel":"","context":"En \u00abVicente de Pa\u00fal\u00bb","block_context":{"text":"Vicente de Pa\u00fal","link":"http:\/\/vincentians.com\/es\/category\/la-familia-vicenciana\/fundadores\/vicente-de-paul\/"},"img":{"alt_text":"sanvibiblia","src":"https:\/\/i0.wp.com\/vicencianos.org\/wp-content\/2012\/08\/sanvibiblia-300x300.png?resize=350%2C200","width":350,"height":200},"classes":[]},{"id":119699,"url":"http:\/\/vincentians.com\/es\/el-senor-vicente-relee-su-vida-tentado-contra-la-fe\/","url_meta":{"origin":46446,"position":4},"title":"El Se\u00f1or Vicente relee su vida: Tentado contra la fe","author":"Francisco Javier Fern\u00e1ndez Chento","date":"01\/03\/2022","format":false,"excerpt":"A lo largo de estos a\u00f1os, yo hab\u00eda mantenido relaci\u00f3n con diversas personas una de las cuales este buen \"te\u00f3logo\" tentado contra la fe. No s\u00e9 con exactitud qu\u00e9 a\u00f1o, hacia 1611 o 1612 tal vez, su estado se agrav\u00f3 de tal forma que yo tem\u00eda que se muriese en\u2026","rel":"","context":"En \u00abVicente de Pa\u00fal\u00bb","block_context":{"text":"Vicente de Pa\u00fal","link":"http:\/\/vincentians.com\/es\/category\/la-familia-vicenciana\/fundadores\/vicente-de-paul\/"},"img":{"alt_text":"","src":"https:\/\/i0.wp.com\/vincentians.com\/es\/wp-content\/uploads\/sites\/11\/2013\/04\/e-3.jpg?fit=976%2C570&resize=350%2C200","width":350,"height":200,"srcset":"https:\/\/i0.wp.com\/vincentians.com\/es\/wp-content\/uploads\/sites\/11\/2013\/04\/e-3.jpg?fit=976%2C570&resize=350%2C200 1x, https:\/\/i0.wp.com\/vincentians.com\/es\/wp-content\/uploads\/sites\/11\/2013\/04\/e-3.jpg?fit=976%2C570&resize=525%2C300 1.5x, https:\/\/i0.wp.com\/vincentians.com\/es\/wp-content\/uploads\/sites\/11\/2013\/04\/e-3.jpg?fit=976%2C570&resize=700%2C400 2x"},"classes":[]},{"id":387851,"url":"http:\/\/vincentians.com\/es\/san-vicente-amigo-de-los-pobres-anos-de-conversion-1610-1612\/","url_meta":{"origin":46446,"position":5},"title":"San Vicente: Amigo de los pobres: a\u00f1os de conversi\u00f3n (1610-1612)","author":"Mitxel Olabu\u00e9naga","date":"11\/10\/2016","format":false,"excerpt":"Vicente de Pa\u00fal en Par\u00eds Vicente regresa de Roma. Vuelve a Francia. Pero, en vez de quedarse en Toulouse o en Dax, se establece en Par\u00eds. Par\u00eds es la ciudad capital del reino. Es el poder. La influencia. En Par\u00eds, est\u00e1 la corte. El trae un mensaje para el Rey\u2026","rel":"","context":"En \u00abFormaci\u00f3n Vicenciana\u00bb","block_context":{"text":"Formaci\u00f3n Vicenciana","link":"http:\/\/vincentians.com\/es\/category\/formacion-vicenciana\/"},"img":{"alt_text":"","src":"https:\/\/i0.wp.com\/vincentians.com\/es\/wp-content\/uploads\/sites\/11\/2016\/07\/st-vincent-de-paul.jpg?fit=1200%2C630&resize=350%2C200","width":350,"height":200,"srcset":"https:\/\/i0.wp.com\/vincentians.com\/es\/wp-content\/uploads\/sites\/11\/2016\/07\/st-vincent-de-paul.jpg?fit=1200%2C630&resize=350%2C200 1x, https:\/\/i0.wp.com\/vincentians.com\/es\/wp-content\/uploads\/sites\/11\/2016\/07\/st-vincent-de-paul.jpg?fit=1200%2C630&resize=525%2C300 1.5x, https:\/\/i0.wp.com\/vincentians.com\/es\/wp-content\/uploads\/sites\/11\/2016\/07\/st-vincent-de-paul.jpg?fit=1200%2C630&resize=700%2C400 2x, https:\/\/i0.wp.com\/vincentians.com\/es\/wp-content\/uploads\/sites\/11\/2016\/07\/st-vincent-de-paul.jpg?fit=1200%2C630&resize=1050%2C600 3x"},"classes":[]}],"_links":{"self":[{"href":"http:\/\/vincentians.com\/es\/wp-json\/wp\/v2\/posts\/46446","targetHints":{"allow":["GET"]}}],"collection":[{"href":"http:\/\/vincentians.com\/es\/wp-json\/wp\/v2\/posts"}],"about":[{"href":"http:\/\/vincentians.com\/es\/wp-json\/wp\/v2\/types\/post"}],"author":[{"embeddable":true,"href":"http:\/\/vincentians.com\/es\/wp-json\/wp\/v2\/users\/4"}],"replies":[{"embeddable":true,"href":"http:\/\/vincentians.com\/es\/wp-json\/wp\/v2\/comments?post=46446"}],"version-history":[{"count":0,"href":"http:\/\/vincentians.com\/es\/wp-json\/wp\/v2\/posts\/46446\/revisions"}],"wp:featuredmedia":[{"embeddable":true,"href":"http:\/\/vincentians.com\/es\/wp-json\/wp\/v2\/media\/389514"}],"wp:attachment":[{"href":"http:\/\/vincentians.com\/es\/wp-json\/wp\/v2\/media?parent=46446"}],"wp:term":[{"taxonomy":"category","embeddable":true,"href":"http:\/\/vincentians.com\/es\/wp-json\/wp\/v2\/categories?post=46446"},{"taxonomy":"post_tag","embeddable":true,"href":"http:\/\/vincentians.com\/es\/wp-json\/wp\/v2\/tags?post=46446"}],"curies":[{"name":"wp","href":"https:\/\/api.w.org\/{rel}","templated":true}]}}