{"id":46401,"date":"2011-07-27T06:43:23","date_gmt":"2011-07-27T04:43:23","guid":{"rendered":"http:\/\/somos.vicencianos.org\/blog\/2011\/07\/vida-de-san-vicente-de-paul-de-fray-juan-del-santisimo-sacramento-libro-primero-capitulo-04-2\/"},"modified":"2016-07-26T17:24:43","modified_gmt":"2016-07-26T15:24:43","slug":"vida-de-san-vicente-de-paul-de-fray-juan-del-santisimo-sacramento-libro-primero-capitulo-05","status":"publish","type":"post","link":"http:\/\/vincentians.com\/es\/vida-de-san-vicente-de-paul-de-fray-juan-del-santisimo-sacramento-libro-primero-capitulo-05\/","title":{"rendered":"Vida de San Vicente de Pa\u00fal, de Fray Juan del Sant\u00edsimo Sacramento. Libro primero, cap\u00edtulo 05"},"content":{"rendered":"<h2 align=\"center\"><strong>Cap\u00edtulo V. Varias ocupaciones de Vicente hasta que entra en la Casa de Gond\u00ed.<\/strong><\/h2>\n<p>Entre los singulares favores que nuestro Se\u00f1or concedi\u00f3 a su siervo en el suceso referido en el cap\u00edtulo anterior, fue uno de ellos darle a conocer claramente cu\u00e1n peligrosa es a los eclesi\u00e1s\u00adticos la compa\u00f1\u00eda de los seglares, y que nunca goza de m\u00e1s quietud su conciencia ni se halla m\u00e1s segura que cuando est\u00e1n m\u00e1s apartados de ellos. Con esto determin\u00f3 buscar una casa donde vivir solo, retirado del trato del mundo y entregado en\u00adteramente a la consideraci\u00f3n de lo eterno. Pareci\u00f3le muy a pro\u00adp\u00f3sito para este objeto la casa de los padres del Oratorio de Pa\u00adr\u00eds, que era un seminario de virtud y santidad: entr\u00f3 en efecto, no para seguir aquel instituto al que Dios, como \u00e9l mismo declar\u00f3, no le llamaba, sino para caminar por la senda de la per\u00adfecci\u00f3n, imitando el ejemplo de tantos varones ilustres que ha\u00adb\u00eda en aquella casa, y para ponerse bajo la direcci\u00f3n del padre Berulle, hombre dotado de excelentes virtudes.<\/p>\n<p>Disfrut\u00f3 Vicente dos a\u00f1os la compa\u00f1\u00eda de aquellos buenos sacerdotes, entre los cuales hizo tales progresos su virtud, que al cabo de ese tiempo lo consideraban como el m\u00e1s perfecto de todos. Vio el padre Berulle en Vicente los profundos cimientos de una hermosa f\u00e1brica que Dios se propon\u00eda levantar para aumento de su gloria y utilidad de su Iglesia, y por constante tra\u00addici\u00f3n se sabe que este padre predijo a Vicente, que con el tiempo hab\u00eda de ser fundador de una congregaci\u00f3n de sacerdotes cuyos trabajos hab\u00edan de procurar la salvaci\u00f3n de muchas almas.<\/p>\n<p>Viv\u00eda Vicente ocupado solamente en las cosas celestiales y tan desprendido de las terrestres, que no parec\u00eda que habitaba en el mundo, sino que alababa al Eterno entre los \u00e1ngeles; mas como Dios ten\u00eda dispuesto que cultivase su vi\u00f1a, hizo que saliese de aquella quietud y se encargase por obediencia de servir una par\u00adroquia. Era entonces cura de la iglesia de Clichy el P. Borgoino, que fue despu\u00e9s Superior general del Oratorio; y cuando entr\u00f3 a esta congregaci\u00f3n renunci\u00f3 el curato a favor de Vicente, a quien el P. Berrulle, que era su confesor, mand\u00f3 aceptar; y co\u00admo Vicente nada hac\u00eda m\u00e1s a gusto que la voluntad de su di\u00adrector, sin r\u00e9plica obedeci\u00f3.<\/p>\n<p>Por el mismo tiempo que acept\u00f3 el curato, te dio el rey una abad\u00eda, y la reina Margarita lo nombr\u00f3 su capell\u00e1n ordinario.<\/p>\n<p>Cadenas fueron estos nombramientos que hubieran hecho a otro cualquiera fijar su residencia en la ciudad y admitir los hono\u00adres que trae consigo el aprecio de los reyes; pero Vicente no quiso admitir ni lo uno ni lo otro, y se dirigi\u00f3 a su parroquia, siguiendo los designios de Dios que le iba encaminando de este modo a cultivar las almas de los pobres aldeanos.<\/p>\n<p>Luego que tom\u00f3 posesi\u00f3n del curato, conocieron los aldeanos el tesoro que Dios les mandaba en tan excelente pastor, pues adem\u00e1s de la continua instrucci\u00f3n espiritual , encontraban en Vicente un padre, un hermano y un amigo, que daba consuelo y remedio a los necesitados, asist\u00eda con ardiente caridad a los enfermos, y se acomodaba a las circunstancias y capacidad de todos, para atraerlos a la obediencia de la ley de Dios, emplean\u00addo, no s\u00f3lo la dulzura y la exhortaci\u00f3n, sino lo que es m\u00e1s, el buen ejemplo.<\/p>\n<p>Era incansable en el cuidado del cumplimiento de su minis\u00adterio y en el trabajo de apacentar aquel peque\u00f1o reba\u00f1o; y as\u00ed fue tan abundante el fruto que dieron a Dios los afanes de su fiel ministro, que en poco tiempo vieron los vecinos de aquel pueblo reconciliados los enemigos, extinguido el odio, corregidos los vicios y m\u00e1s aprovechados los buenos en el camino de la perfecci\u00f3n. Dio esto motivo a un religioso muy grave y estimado por sus virtudes y talento, a que predicando en la parroquia de donde era cura Vicente, dijese, despu\u00e9s de lo que hab\u00eda presen\u00adciado: \u00ab<em>Me glor\u00edo de haber o\u00eddo muchas ocasiones y antes que felizmente hubiera comenzado el instituto de la Misi\u00f3n, las conferencias que en esta parroquia de Clichy hacia a sus feligre\u00adses el se\u00f1or cura Vicente de Pa\u00fal, de quien la Divina Provi\u00addencia se ha servido para dar origen a esta peque\u00f1a fuente que va creciendo como caudaloso r\u00edo e inundando copiosamente los campos con su doctrina; dando a la Iglesia m\u00e1s fertilidad que el Nilo al Egipto. Me empleaba en predicar al pueblo de Clichy, de donde \u00e9l era cura; mas confieso que toda aquella buena gente ten\u00eda una vida ang\u00e9lica; y a decir verdad, yo no hacia otra cosa m\u00e1s que dar luz al sol.<\/em>\u00bb Hasta aqu\u00ed son palabras del religioso.<\/p>\n<p>Volaba la fama de lo que Vicente hac\u00eda en Clichy por aque\u00adllos lugares circunvecinos, y estimulaba a los curas de ellos a venir a aprender de aquel sol\u00edcito pastor el modo de dar a sus ovejas saludable pasto; y se retiraban deseando imitarlo en el cumplimiento de su ministerio, pues la voz del buen ejemplo despierta al m\u00e1s dormido. No menos estimaron el celo ardiente de Vicente algunas Personas de Par\u00eds que ten\u00edan en Clichy casas de recreo, quienes contentas con la virtud y celo activo de su cu\u00adra, le dieron cuantiosas limosnas para reedificar la iglesia, que ya amenazaba ruina, y para habilitarla de todo lo necesario pa\u00adra el culto sagrado; con lo que se demuestra que la riqueza de los templos no consiste en sus cuantiosos tesoros, sino en el celo de sus ministros, que el sacerdote activo sabe enriquecer al templo pobre. Las iglesias estuvieran siempre vestidas, si sus sa\u00adcerdotes se desnudaran de los afectos carnales; y poca falta les har\u00eda la renta de sus beneficios, si cuidasen con el verdadero ce\u00adlo de su ministerio, de la decencia que inspira la reverencia en la casa del Se\u00f1or.<\/p>\n<p>Iba secretamente el Se\u00f1or acercando a nuestro Vicente al cumplimiento de sus designios soberanos, pues mientras \u00e9l se ocupaba en los trabajos de su ministerio, convirtiendo en \u00e1nge\u00adles a aquellos r\u00fasticos labradores, dispuso que el mismo camino por donde hab\u00eda venido de la corte a la aldea, fuese el que le condujera de la aldea a la corte, porque el P. Berulle por ins\u00adpiraci\u00f3n, pudi\u00e9ramos decir divina, le orden\u00f3 que dejase la par\u00adroquia y fuese a la casa del Exmo. Sr. D. Manuel de Gond\u00ed, General entonces de las galeras de Francia, y de la Sra. Francisca Margarita de Silly su esposa, mujer dotada de singular virtud. Hu\u00eda Vicente los palacios, y Dios quiso, para mostrar cuan in\u00advestigables son sus caminos, que un palacio fuese el que sirviera de cimiento al instituto de la Congregaci\u00f3n de la Misi\u00f3n.<\/p>\n<p>Entr\u00f3 Vicente en esta casa como maestro de los tres hijos que ten\u00eda el general Gond\u00ed: el primero fue duque y par de Francia; el segundo, por sus m\u00e9ritos,<span id='easy-footnote-1-46401' class='easy-footnote-margin-adjust'><\/span><span class='easy-footnote'><a href='http:\/\/vincentians.com\/es\/vida-de-san-vicente-de-paul-de-fray-juan-del-santisimo-sacramento-libro-primero-capitulo-05\/#easy-footnote-bottom-1-46401' title='No fue este el disc\u00edpulo que honr\u00f3 a su maestro, pues son bien conocidas las Memorias que escribi\u00f3 con el t\u00edtulo de &lt;em&gt;Memorias del cardenal de Retz, &lt;\/em&gt;y sin embargo, como veremos en el curso de esta vida, cooper\u00f3 mucho a los establecimientos que dej\u00f3 fundados S. Vicente.'><sup>1<\/sup><\/a><\/span> visti\u00f3 la sagrada p\u00farpura: y el tercero, a la edad de diez u once a\u00f1os, lo perdi\u00f3 su piadosa ma\u00addre, o m\u00e1s bien, dispuso Dios asegurarle el gozo de los placeres eternos.<\/p>\n<p>Parece que Dios llev\u00f3 a Vicente a habitar este palacio, pa\u00adra dejar un modelo en la conducta que observ\u00f3, de lo que de\u00adben hacer los eclesi\u00e1sticos que ocupan semejantes puestos en las ca\u00adsas de los grandes, pues el primer y principal cuidado que tuvo el siervo de Dios en todo el tiempo que vivi\u00f3 en la dicha casa, fue el atender en todo lo que hac\u00eda a su dignidad de sacerdo\u00adte, acostumbr\u00e1ndose a vivir siempre como si habitase en un mo\u00adnasterio; con tal recogimiento, que nada le distra\u00eda del cumpli\u00admiento de sus deberes. As\u00ed es que, de ordinario se estaba retirado en su cuarto sin entrometerse en los negocios que no estaban a su cargo; y si los se\u00f1ores de la casa no le llamaban, nunca se presentaba a ellos, huyendo de este modo aquellas ocasio\u00adnes que en los palacios siempre andan buscando la ambici\u00f3n y la li\u00adsonja. Si se le obligaba a que entrase en el manejo de alg\u00fan asunto, m\u00e1s hac\u00eda con la oraci\u00f3n que con la diligencia e industria huma\u00adna, pues todo quer\u00eda que fuese guiado por la voluntad divina. Ten\u00eda siempre puesto su coraz\u00f3n en Dios, y por eso refer\u00eda a su Divina Majestad cuanto hac\u00eda por los hombres, sin esperar de ellos ninguna recompensa, ni aun agradecimiento. Bien se echa de ver lo mucho que se ejercitaba en la meditaci\u00f3n, en lo que dijo a un confidente y amigo suyo, quien le rog\u00f3 un d\u00eda que le acon\u00adsejase c\u00f3mo podr\u00eda conservar el esp\u00edritu de devoci\u00f3n en medio de las ocupaciones de una gran casa en donde serv\u00eda, a lo que le contest\u00f3 Vicente: Que \u00e9l en todo el tiempo que hab\u00eda estado en el palacio de Gond\u00ed, por la gracia del Se\u00f1or, hab\u00eda logrado ver siempre a nuestro Se\u00f1or Jesucristo en la persona del general, y en la de su esposa a la Virgen Sant\u00edsima, y que a los criados y otras personas que frecuentaban la casa, los miraba como a los disc\u00edpulos y a la numerosa multitud que de ordinario se\u00adgu\u00eda a nuestro Redentor, y que de esta manera contemplaba al Criador en las criaturas. Adem\u00e1s de esto, una de sus m\u00e1xi\u00admas era, que para caminar con seguridad entre tantas y tan frecuentes ocasiones de peligro como hay en un palacio, era conveniente vivir retirado todo el tiempo que la necesidad no obligase a tratar con otros, o a salir de casa; mirando el cuar\u00adto, no como la habitaci\u00f3n de un seglar, sino como la celda de un religioso.<\/p>\n<p>Con este esp\u00edritu viv\u00eda Vicente en la corte, admirando a cuantos le trataban, y siendo justo asombro de aquel palacio. Es muy digno de notarse que la vida tan austera del siervo de Dios, pod\u00eda presentarse como ejemplo m\u00e1s bien que como imi\u00adtaci\u00f3n de la de un anacoreta: nunca tuvo disgusto alguno con los numerosos criados que serv\u00edan en la casa del general; para ninguno fue molesto su apreciable trato; su rostro siempre ri\u00adsue\u00f1o, era un im\u00e1n que con dulce violencia se llevaba tras de s\u00ed los corazones; todo lo compon\u00eda con tal modestia, que que\u00addaban prendados de su mansedumbre; fue tan amado de toda la familia, como si fuera hermano de cada uno, y tan venera\u00addo como un \u00e1ngel enviado del cielo: reverencia y amor que bien merec\u00eda Vicente, pues cuando alguno se hallaba enfermo, en la caridad y excesivo cari\u00f1o con que le asist\u00eda, parec\u00eda m\u00e1s bien madre que amigo o compa\u00f1ero, no permitiendo que aque\u00adllos oficios asquerosos que exige una enfermedad los hiciese otro; y era enfermero tan fino y cuidadoso, que el m\u00e1s peque\u00f1o ser\u00advicio solo lo fiaba a su mano. Cuando ocurr\u00eda alg\u00fan disgusto en la casa por ligero que fuese, todo lo apaciguaba, y procuraba que se conservase entre todos una perfecta uni\u00f3n. Era su consejo el acierto en los casos dudosos; en las adversidades sus palabras derramaban el consuelo, y finalmente era Vicente el padre amoroso de cuantos habitaban el palacio. En los d\u00edas solemnes reun\u00eda a toda la familia y le hac\u00eda una pl\u00e1tica exhort\u00e1ndola a confesarse y comulgar dignamente. Cuando estaba en las tierras del general, ense\u00f1aba la doctrina a los ni\u00f1os y a los pobres labradores, y les daba las instrucciones necesarias pa\u00adra que se confesasen; neg\u00e1base todo descanso, para que siempre le hallasen en el confesonario los que quisieran acercarse a \u00e9l. Como la esposa del general observaba la vida de Vicente y de\u00adbidamente estimaba su rara virtud, dispuso entregarle el gobierno de su alma, eligi\u00e9ndolo por su padre espiritual; resisti\u00f3se el sier\u00advo de Dios cuanto pudo, porque le parec\u00eda que aun en tribunal tan sagrado pod\u00eda peligrar su humildad, familiariz\u00e1ndose con el trato de una se\u00f1ora tan principal; que sabe la soberbia in\u00adtroducir el veneno en las cosas m\u00e1s santas. Viendo la se\u00f1ora que nada alcanzaba con sus ruegos, recurri\u00f3 al Padre Berulle para que mandase a Vicente lo que ella deseaba, y obligado por la obediencia, acept\u00f3 aquella carga, pesada para \u00e9l, por serlo la honra para los humildes.<\/p>\n","protected":false},"excerpt":{"rendered":"<p>Cap\u00edtulo V. Varias ocupaciones de Vicente hasta que entra en la Casa de Gond\u00ed. Entre los singulares favores que nuestro Se\u00f1or concedi\u00f3 a su siervo en el suceso referido en el cap\u00edtulo anterior, fue uno &#8230; <a href=\"http:\/\/vincentians.com\/es\/vida-de-san-vicente-de-paul-de-fray-juan-del-santisimo-sacramento-libro-primero-capitulo-05\/\" class=\"more-link\">Read More<\/a><\/p>\n","protected":false},"author":4,"featured_media":389514,"comment_status":"open","ping_status":"open","sticky":false,"template":"","format":"standard","meta":{"jetpack_post_was_ever_published":false,"_jetpack_newsletter_access":"","_jetpack_dont_email_post_to_subs":false,"_jetpack_newsletter_tier_id":0,"_jetpack_memberships_contains_paywalled_content":false,"_jetpack_memberships_contains_paid_content":false,"footnotes":"","jetpack_publicize_message":"","jetpack_publicize_feature_enabled":true,"jetpack_social_post_already_shared":true,"jetpack_social_options":{"image_generator_settings":{"template":"highway","default_image_id":0,"font":"","enabled":false},"version":2}},"categories":[5],"tags":[224,148,179,128],"class_list":["post-46401","post","type-post","status-publish","format-standard","has-post-thumbnail","hentry","category-vicente-de-paul","tag-berulle","tag-clichy","tag-reina-margarita","tag-silly"],"yoast_head":"<!-- This site is optimized with the Yoast SEO plugin v26.3 - https:\/\/yoast.com\/wordpress\/plugins\/seo\/ -->\n<title>Vida de San Vicente de Pa\u00fal, de Fray Juan del Sant\u00edsimo Sacramento. Libro primero, cap\u00edtulo 05 - Somos Vicencianos<\/title>\n<meta name=\"robots\" content=\"index, follow, max-snippet:-1, max-image-preview:large, max-video-preview:-1\" \/>\n<link rel=\"canonical\" href=\"http:\/\/vincentians.com\/es\/vida-de-san-vicente-de-paul-de-fray-juan-del-santisimo-sacramento-libro-primero-capitulo-05\/\" \/>\n<meta property=\"og:locale\" content=\"es_ES\" \/>\n<meta property=\"og:type\" content=\"article\" \/>\n<meta property=\"og:title\" content=\"Vida de San Vicente de Pa\u00fal, de Fray Juan del Sant\u00edsimo Sacramento. Libro primero, cap\u00edtulo 05 - Somos Vicencianos\" \/>\n<meta property=\"og:description\" content=\"Cap\u00edtulo V. Varias ocupaciones de Vicente hasta que entra en la Casa de Gond\u00ed. Entre los singulares favores que nuestro Se\u00f1or concedi\u00f3 a su siervo en el suceso referido en el cap\u00edtulo anterior, fue uno ... Read More\" \/>\n<meta property=\"og:url\" content=\"http:\/\/vincentians.com\/es\/vida-de-san-vicente-de-paul-de-fray-juan-del-santisimo-sacramento-libro-primero-capitulo-05\/\" \/>\n<meta property=\"og:site_name\" content=\"Somos Vicencianos\" \/>\n<meta property=\"article:publisher\" content=\"https:\/\/www.facebook.com\/WeAreVincentians\/\" \/>\n<meta property=\"article:author\" content=\"https:\/\/www.facebook.com\/JavierChento\" \/>\n<meta property=\"article:published_time\" content=\"2011-07-27T04:43:23+00:00\" \/>\n<meta property=\"article:modified_time\" content=\"2016-07-26T15:24:43+00:00\" \/>\n<meta property=\"og:image\" content=\"https:\/\/i0.wp.com\/vincentians.com\/es\/wp-content\/uploads\/sites\/11\/2016\/07\/san-vicente-de-fray-juan-del-santisimo-sacramento.jpg?fit=1200%2C630\" \/>\n\t<meta property=\"og:image:width\" content=\"1200\" \/>\n\t<meta property=\"og:image:height\" content=\"630\" \/>\n\t<meta property=\"og:image:type\" content=\"image\/jpeg\" \/>\n<meta name=\"author\" content=\"Francisco Javier Fern\u00e1ndez Chento\" \/>\n<meta name=\"twitter:card\" content=\"summary_large_image\" \/>\n<meta name=\"twitter:creator\" content=\"@https:\/\/twitter.com\/javierchento\" \/>\n<meta name=\"twitter:site\" content=\"@WeVincentians\" \/>\n<meta name=\"twitter:label1\" content=\"Escrito por\" \/>\n\t<meta name=\"twitter:data1\" content=\"Francisco Javier Fern\u00e1ndez Chento\" \/>\n\t<meta name=\"twitter:label2\" content=\"Tiempo de lectura\" \/>\n\t<meta name=\"twitter:data2\" content=\"11 minutos\" \/>\n<script type=\"application\/ld+json\" class=\"yoast-schema-graph\">{\"@context\":\"https:\/\/schema.org\",\"@graph\":[{\"@type\":\"Article\",\"@id\":\"http:\/\/vincentians.com\/es\/vida-de-san-vicente-de-paul-de-fray-juan-del-santisimo-sacramento-libro-primero-capitulo-05\/#article\",\"isPartOf\":{\"@id\":\"http:\/\/vincentians.com\/es\/vida-de-san-vicente-de-paul-de-fray-juan-del-santisimo-sacramento-libro-primero-capitulo-05\/\"},\"author\":{\"name\":\"Francisco Javier Fern\u00e1ndez Chento\",\"@id\":\"http:\/\/vincentians.com\/es\/#\/schema\/person\/9623ef4d9aa3b2dfb8c061f1499288f2\"},\"headline\":\"Vida de San Vicente de Pa\u00fal, de Fray Juan del Sant\u00edsimo Sacramento. Libro primero, cap\u00edtulo 05\",\"datePublished\":\"2011-07-27T04:43:23+00:00\",\"dateModified\":\"2016-07-26T15:24:43+00:00\",\"mainEntityOfPage\":{\"@id\":\"http:\/\/vincentians.com\/es\/vida-de-san-vicente-de-paul-de-fray-juan-del-santisimo-sacramento-libro-primero-capitulo-05\/\"},\"wordCount\":2261,\"commentCount\":0,\"publisher\":{\"@id\":\"http:\/\/vincentians.com\/es\/#organization\"},\"image\":{\"@id\":\"http:\/\/vincentians.com\/es\/vida-de-san-vicente-de-paul-de-fray-juan-del-santisimo-sacramento-libro-primero-capitulo-05\/#primaryimage\"},\"thumbnailUrl\":\"https:\/\/i0.wp.com\/vincentians.com\/es\/wp-content\/uploads\/sites\/11\/2016\/07\/san-vicente-de-fray-juan-del-santisimo-sacramento.jpg?fit=1200%2C630\",\"keywords\":[\"Berulle\",\"Clichy\",\"Reina Margarita\",\"Silly\"],\"articleSection\":[\"Vicente de Pa\u00fal\"],\"inLanguage\":\"es\",\"potentialAction\":[{\"@type\":\"CommentAction\",\"name\":\"Comment\",\"target\":[\"http:\/\/vincentians.com\/es\/vida-de-san-vicente-de-paul-de-fray-juan-del-santisimo-sacramento-libro-primero-capitulo-05\/#respond\"]}]},{\"@type\":\"WebPage\",\"@id\":\"http:\/\/vincentians.com\/es\/vida-de-san-vicente-de-paul-de-fray-juan-del-santisimo-sacramento-libro-primero-capitulo-05\/\",\"url\":\"http:\/\/vincentians.com\/es\/vida-de-san-vicente-de-paul-de-fray-juan-del-santisimo-sacramento-libro-primero-capitulo-05\/\",\"name\":\"Vida de San Vicente de Pa\u00fal, de Fray Juan del Sant\u00edsimo Sacramento. Libro primero, cap\u00edtulo 05 - Somos Vicencianos\",\"isPartOf\":{\"@id\":\"http:\/\/vincentians.com\/es\/#website\"},\"primaryImageOfPage\":{\"@id\":\"http:\/\/vincentians.com\/es\/vida-de-san-vicente-de-paul-de-fray-juan-del-santisimo-sacramento-libro-primero-capitulo-05\/#primaryimage\"},\"image\":{\"@id\":\"http:\/\/vincentians.com\/es\/vida-de-san-vicente-de-paul-de-fray-juan-del-santisimo-sacramento-libro-primero-capitulo-05\/#primaryimage\"},\"thumbnailUrl\":\"https:\/\/i0.wp.com\/vincentians.com\/es\/wp-content\/uploads\/sites\/11\/2016\/07\/san-vicente-de-fray-juan-del-santisimo-sacramento.jpg?fit=1200%2C630\",\"datePublished\":\"2011-07-27T04:43:23+00:00\",\"dateModified\":\"2016-07-26T15:24:43+00:00\",\"breadcrumb\":{\"@id\":\"http:\/\/vincentians.com\/es\/vida-de-san-vicente-de-paul-de-fray-juan-del-santisimo-sacramento-libro-primero-capitulo-05\/#breadcrumb\"},\"inLanguage\":\"es\",\"potentialAction\":[{\"@type\":\"ReadAction\",\"target\":[\"http:\/\/vincentians.com\/es\/vida-de-san-vicente-de-paul-de-fray-juan-del-santisimo-sacramento-libro-primero-capitulo-05\/\"]}]},{\"@type\":\"ImageObject\",\"inLanguage\":\"es\",\"@id\":\"http:\/\/vincentians.com\/es\/vida-de-san-vicente-de-paul-de-fray-juan-del-santisimo-sacramento-libro-primero-capitulo-05\/#primaryimage\",\"url\":\"https:\/\/i0.wp.com\/vincentians.com\/es\/wp-content\/uploads\/sites\/11\/2016\/07\/san-vicente-de-fray-juan-del-santisimo-sacramento.jpg?fit=1200%2C630\",\"contentUrl\":\"https:\/\/i0.wp.com\/vincentians.com\/es\/wp-content\/uploads\/sites\/11\/2016\/07\/san-vicente-de-fray-juan-del-santisimo-sacramento.jpg?fit=1200%2C630\",\"width\":1200,\"height\":630},{\"@type\":\"BreadcrumbList\",\"@id\":\"http:\/\/vincentians.com\/es\/vida-de-san-vicente-de-paul-de-fray-juan-del-santisimo-sacramento-libro-primero-capitulo-05\/#breadcrumb\",\"itemListElement\":[{\"@type\":\"ListItem\",\"position\":1,\"name\":\"Portada\",\"item\":\"http:\/\/vincentians.com\/es\/\"},{\"@type\":\"ListItem\",\"position\":2,\"name\":\"Vida de San Vicente de Pa\u00fal, de Fray Juan del Sant\u00edsimo Sacramento. Libro primero, cap\u00edtulo 05\"}]},{\"@type\":\"WebSite\",\"@id\":\"http:\/\/vincentians.com\/es\/#website\",\"url\":\"http:\/\/vincentians.com\/es\/\",\"name\":\"Somos Vicencianos\",\"description\":\"Know more to serve more\",\"publisher\":{\"@id\":\"http:\/\/vincentians.com\/es\/#organization\"},\"potentialAction\":[{\"@type\":\"SearchAction\",\"target\":{\"@type\":\"EntryPoint\",\"urlTemplate\":\"http:\/\/vincentians.com\/es\/?s={search_term_string}\"},\"query-input\":{\"@type\":\"PropertyValueSpecification\",\"valueRequired\":true,\"valueName\":\"search_term_string\"}}],\"inLanguage\":\"es\"},{\"@type\":\"Organization\",\"@id\":\"http:\/\/vincentians.com\/es\/#organization\",\"name\":\"The Vincentian Network\",\"url\":\"http:\/\/vincentians.com\/es\/\",\"logo\":{\"@type\":\"ImageObject\",\"inLanguage\":\"es\",\"@id\":\"http:\/\/vincentians.com\/es\/#\/schema\/logo\/image\/\",\"url\":\"https:\/\/i1.wp.com\/vincentians.com\/es\/wp-content\/uploads\/sites\/11\/2016\/06\/Vincentian-Network-logo-big.png?fit=778%2C778\",\"contentUrl\":\"https:\/\/i1.wp.com\/vincentians.com\/es\/wp-content\/uploads\/sites\/11\/2016\/06\/Vincentian-Network-logo-big.png?fit=778%2C778\",\"width\":778,\"height\":778,\"caption\":\"The Vincentian Network\"},\"image\":{\"@id\":\"http:\/\/vincentians.com\/es\/#\/schema\/logo\/image\/\"},\"sameAs\":[\"https:\/\/www.facebook.com\/WeAreVincentians\/\",\"https:\/\/x.com\/WeVincentians\"]},{\"@type\":\"Person\",\"@id\":\"http:\/\/vincentians.com\/es\/#\/schema\/person\/9623ef4d9aa3b2dfb8c061f1499288f2\",\"name\":\"Francisco Javier Fern\u00e1ndez Chento\",\"image\":{\"@type\":\"ImageObject\",\"inLanguage\":\"es\",\"@id\":\"http:\/\/vincentians.com\/es\/#\/schema\/person\/image\/\",\"url\":\"https:\/\/secure.gravatar.com\/avatar\/497d5cde87b4c3d097d0315953521681ba2cd523ee66e5077c3711f7021e65de?s=96&d=mm&r=g\",\"contentUrl\":\"https:\/\/secure.gravatar.com\/avatar\/497d5cde87b4c3d097d0315953521681ba2cd523ee66e5077c3711f7021e65de?s=96&d=mm&r=g\",\"caption\":\"Francisco Javier Fern\u00e1ndez Chento\"},\"description\":\"Director General y cofundador de La Red de Formaci\u00f3n Vicenciana. Javier es laico vicenciano, afiliado a la Congregaci\u00f3n de la Misi\u00f3n y miembro del Equipo de Misiones Populares de la provincia can\u00f3nica de Zaragoza (Espa\u00f1a) de la Congregaci\u00f3n de la Misi\u00f3n. Graduado en la Universidad Oberta de Catalunya con cuatro grados (Asistente de direcci\u00f3n, Gesti\u00f3n Administrativa, Recursos Humanos y Contabilidad Avanzada). Bil\u00edng\u00fce Espa\u00f1ol\/Ingl\u00e9s. gestiona y mantiene varias p\u00e1ginas web cristianas y vicencianas, incluida including La Red de Formaci\u00f3n Vicenciana, de la que es cofundador. Actualmente es responsable del \u00e1rea de Espa\u00f1ol de .famvin, la Red de Noticias de la Familia Vicenciana. Tambi\u00e9n es m\u00fasico cat\u00f3lico y ha editado varios discos. Es Director General y cofundador de Trovador, una reconocida compa\u00f1\u00eda discogr\u00e1fica critiana de Espa\u00f1a. Trabaja en las Tecnolog\u00edas de la Informaci\u00f3n, ofreciendo servicios de alojamiento, dise\u00f1o y mantenimiento Web, as\u00ed como asesoramiento, formaci\u00f3n y soluciones inform\u00e1ticas, gesti\u00f3n documental y digitalizaci\u00f3n de textos, edici\u00f3n y maquetaci\u00f3n de libros, revistas, flyers, etc.\",\"sameAs\":[\"http:\/\/chento.org\",\"https:\/\/www.facebook.com\/JavierChento\",\"https:\/\/x.com\/https:\/\/twitter.com\/javierchento\"],\"url\":\"http:\/\/vincentians.com\/es\/author\/chento\/\"}]}<\/script>\n<!-- \/ Yoast SEO plugin. -->","yoast_head_json":{"title":"Vida de San Vicente de Pa\u00fal, de Fray Juan del Sant\u00edsimo Sacramento. Libro primero, cap\u00edtulo 05 - Somos Vicencianos","robots":{"index":"index","follow":"follow","max-snippet":"max-snippet:-1","max-image-preview":"max-image-preview:large","max-video-preview":"max-video-preview:-1"},"canonical":"http:\/\/vincentians.com\/es\/vida-de-san-vicente-de-paul-de-fray-juan-del-santisimo-sacramento-libro-primero-capitulo-05\/","og_locale":"es_ES","og_type":"article","og_title":"Vida de San Vicente de Pa\u00fal, de Fray Juan del Sant\u00edsimo Sacramento. Libro primero, cap\u00edtulo 05 - Somos Vicencianos","og_description":"Cap\u00edtulo V. Varias ocupaciones de Vicente hasta que entra en la Casa de Gond\u00ed. Entre los singulares favores que nuestro Se\u00f1or concedi\u00f3 a su siervo en el suceso referido en el cap\u00edtulo anterior, fue uno ... Read More","og_url":"http:\/\/vincentians.com\/es\/vida-de-san-vicente-de-paul-de-fray-juan-del-santisimo-sacramento-libro-primero-capitulo-05\/","og_site_name":"Somos Vicencianos","article_publisher":"https:\/\/www.facebook.com\/WeAreVincentians\/","article_author":"https:\/\/www.facebook.com\/JavierChento","article_published_time":"2011-07-27T04:43:23+00:00","article_modified_time":"2016-07-26T15:24:43+00:00","og_image":[{"width":1200,"height":630,"url":"https:\/\/i0.wp.com\/vincentians.com\/es\/wp-content\/uploads\/sites\/11\/2016\/07\/san-vicente-de-fray-juan-del-santisimo-sacramento.jpg?fit=1200%2C630","type":"image\/jpeg"}],"author":"Francisco Javier Fern\u00e1ndez Chento","twitter_card":"summary_large_image","twitter_creator":"@https:\/\/twitter.com\/javierchento","twitter_site":"@WeVincentians","twitter_misc":{"Escrito por":"Francisco Javier Fern\u00e1ndez Chento","Tiempo de lectura":"11 minutos"},"schema":{"@context":"https:\/\/schema.org","@graph":[{"@type":"Article","@id":"http:\/\/vincentians.com\/es\/vida-de-san-vicente-de-paul-de-fray-juan-del-santisimo-sacramento-libro-primero-capitulo-05\/#article","isPartOf":{"@id":"http:\/\/vincentians.com\/es\/vida-de-san-vicente-de-paul-de-fray-juan-del-santisimo-sacramento-libro-primero-capitulo-05\/"},"author":{"name":"Francisco Javier Fern\u00e1ndez Chento","@id":"http:\/\/vincentians.com\/es\/#\/schema\/person\/9623ef4d9aa3b2dfb8c061f1499288f2"},"headline":"Vida de San Vicente de Pa\u00fal, de Fray Juan del Sant\u00edsimo Sacramento. Libro primero, cap\u00edtulo 05","datePublished":"2011-07-27T04:43:23+00:00","dateModified":"2016-07-26T15:24:43+00:00","mainEntityOfPage":{"@id":"http:\/\/vincentians.com\/es\/vida-de-san-vicente-de-paul-de-fray-juan-del-santisimo-sacramento-libro-primero-capitulo-05\/"},"wordCount":2261,"commentCount":0,"publisher":{"@id":"http:\/\/vincentians.com\/es\/#organization"},"image":{"@id":"http:\/\/vincentians.com\/es\/vida-de-san-vicente-de-paul-de-fray-juan-del-santisimo-sacramento-libro-primero-capitulo-05\/#primaryimage"},"thumbnailUrl":"https:\/\/i0.wp.com\/vincentians.com\/es\/wp-content\/uploads\/sites\/11\/2016\/07\/san-vicente-de-fray-juan-del-santisimo-sacramento.jpg?fit=1200%2C630","keywords":["Berulle","Clichy","Reina Margarita","Silly"],"articleSection":["Vicente de Pa\u00fal"],"inLanguage":"es","potentialAction":[{"@type":"CommentAction","name":"Comment","target":["http:\/\/vincentians.com\/es\/vida-de-san-vicente-de-paul-de-fray-juan-del-santisimo-sacramento-libro-primero-capitulo-05\/#respond"]}]},{"@type":"WebPage","@id":"http:\/\/vincentians.com\/es\/vida-de-san-vicente-de-paul-de-fray-juan-del-santisimo-sacramento-libro-primero-capitulo-05\/","url":"http:\/\/vincentians.com\/es\/vida-de-san-vicente-de-paul-de-fray-juan-del-santisimo-sacramento-libro-primero-capitulo-05\/","name":"Vida de San Vicente de Pa\u00fal, de Fray Juan del Sant\u00edsimo Sacramento. Libro primero, cap\u00edtulo 05 - Somos Vicencianos","isPartOf":{"@id":"http:\/\/vincentians.com\/es\/#website"},"primaryImageOfPage":{"@id":"http:\/\/vincentians.com\/es\/vida-de-san-vicente-de-paul-de-fray-juan-del-santisimo-sacramento-libro-primero-capitulo-05\/#primaryimage"},"image":{"@id":"http:\/\/vincentians.com\/es\/vida-de-san-vicente-de-paul-de-fray-juan-del-santisimo-sacramento-libro-primero-capitulo-05\/#primaryimage"},"thumbnailUrl":"https:\/\/i0.wp.com\/vincentians.com\/es\/wp-content\/uploads\/sites\/11\/2016\/07\/san-vicente-de-fray-juan-del-santisimo-sacramento.jpg?fit=1200%2C630","datePublished":"2011-07-27T04:43:23+00:00","dateModified":"2016-07-26T15:24:43+00:00","breadcrumb":{"@id":"http:\/\/vincentians.com\/es\/vida-de-san-vicente-de-paul-de-fray-juan-del-santisimo-sacramento-libro-primero-capitulo-05\/#breadcrumb"},"inLanguage":"es","potentialAction":[{"@type":"ReadAction","target":["http:\/\/vincentians.com\/es\/vida-de-san-vicente-de-paul-de-fray-juan-del-santisimo-sacramento-libro-primero-capitulo-05\/"]}]},{"@type":"ImageObject","inLanguage":"es","@id":"http:\/\/vincentians.com\/es\/vida-de-san-vicente-de-paul-de-fray-juan-del-santisimo-sacramento-libro-primero-capitulo-05\/#primaryimage","url":"https:\/\/i0.wp.com\/vincentians.com\/es\/wp-content\/uploads\/sites\/11\/2016\/07\/san-vicente-de-fray-juan-del-santisimo-sacramento.jpg?fit=1200%2C630","contentUrl":"https:\/\/i0.wp.com\/vincentians.com\/es\/wp-content\/uploads\/sites\/11\/2016\/07\/san-vicente-de-fray-juan-del-santisimo-sacramento.jpg?fit=1200%2C630","width":1200,"height":630},{"@type":"BreadcrumbList","@id":"http:\/\/vincentians.com\/es\/vida-de-san-vicente-de-paul-de-fray-juan-del-santisimo-sacramento-libro-primero-capitulo-05\/#breadcrumb","itemListElement":[{"@type":"ListItem","position":1,"name":"Portada","item":"http:\/\/vincentians.com\/es\/"},{"@type":"ListItem","position":2,"name":"Vida de San Vicente de Pa\u00fal, de Fray Juan del Sant\u00edsimo Sacramento. Libro primero, cap\u00edtulo 05"}]},{"@type":"WebSite","@id":"http:\/\/vincentians.com\/es\/#website","url":"http:\/\/vincentians.com\/es\/","name":"Somos Vicencianos","description":"Know more to serve more","publisher":{"@id":"http:\/\/vincentians.com\/es\/#organization"},"potentialAction":[{"@type":"SearchAction","target":{"@type":"EntryPoint","urlTemplate":"http:\/\/vincentians.com\/es\/?s={search_term_string}"},"query-input":{"@type":"PropertyValueSpecification","valueRequired":true,"valueName":"search_term_string"}}],"inLanguage":"es"},{"@type":"Organization","@id":"http:\/\/vincentians.com\/es\/#organization","name":"The Vincentian Network","url":"http:\/\/vincentians.com\/es\/","logo":{"@type":"ImageObject","inLanguage":"es","@id":"http:\/\/vincentians.com\/es\/#\/schema\/logo\/image\/","url":"https:\/\/i1.wp.com\/vincentians.com\/es\/wp-content\/uploads\/sites\/11\/2016\/06\/Vincentian-Network-logo-big.png?fit=778%2C778","contentUrl":"https:\/\/i1.wp.com\/vincentians.com\/es\/wp-content\/uploads\/sites\/11\/2016\/06\/Vincentian-Network-logo-big.png?fit=778%2C778","width":778,"height":778,"caption":"The Vincentian Network"},"image":{"@id":"http:\/\/vincentians.com\/es\/#\/schema\/logo\/image\/"},"sameAs":["https:\/\/www.facebook.com\/WeAreVincentians\/","https:\/\/x.com\/WeVincentians"]},{"@type":"Person","@id":"http:\/\/vincentians.com\/es\/#\/schema\/person\/9623ef4d9aa3b2dfb8c061f1499288f2","name":"Francisco Javier Fern\u00e1ndez Chento","image":{"@type":"ImageObject","inLanguage":"es","@id":"http:\/\/vincentians.com\/es\/#\/schema\/person\/image\/","url":"https:\/\/secure.gravatar.com\/avatar\/497d5cde87b4c3d097d0315953521681ba2cd523ee66e5077c3711f7021e65de?s=96&d=mm&r=g","contentUrl":"https:\/\/secure.gravatar.com\/avatar\/497d5cde87b4c3d097d0315953521681ba2cd523ee66e5077c3711f7021e65de?s=96&d=mm&r=g","caption":"Francisco Javier Fern\u00e1ndez Chento"},"description":"Director General y cofundador de La Red de Formaci\u00f3n Vicenciana. Javier es laico vicenciano, afiliado a la Congregaci\u00f3n de la Misi\u00f3n y miembro del Equipo de Misiones Populares de la provincia can\u00f3nica de Zaragoza (Espa\u00f1a) de la Congregaci\u00f3n de la Misi\u00f3n. Graduado en la Universidad Oberta de Catalunya con cuatro grados (Asistente de direcci\u00f3n, Gesti\u00f3n Administrativa, Recursos Humanos y Contabilidad Avanzada). Bil\u00edng\u00fce Espa\u00f1ol\/Ingl\u00e9s. gestiona y mantiene varias p\u00e1ginas web cristianas y vicencianas, incluida including La Red de Formaci\u00f3n Vicenciana, de la que es cofundador. Actualmente es responsable del \u00e1rea de Espa\u00f1ol de .famvin, la Red de Noticias de la Familia Vicenciana. Tambi\u00e9n es m\u00fasico cat\u00f3lico y ha editado varios discos. Es Director General y cofundador de Trovador, una reconocida compa\u00f1\u00eda discogr\u00e1fica critiana de Espa\u00f1a. Trabaja en las Tecnolog\u00edas de la Informaci\u00f3n, ofreciendo servicios de alojamiento, dise\u00f1o y mantenimiento Web, as\u00ed como asesoramiento, formaci\u00f3n y soluciones inform\u00e1ticas, gesti\u00f3n documental y digitalizaci\u00f3n de textos, edici\u00f3n y maquetaci\u00f3n de libros, revistas, flyers, etc.","sameAs":["http:\/\/chento.org","https:\/\/www.facebook.com\/JavierChento","https:\/\/x.com\/https:\/\/twitter.com\/javierchento"],"url":"http:\/\/vincentians.com\/es\/author\/chento\/"}]}},"jetpack_publicize_connections":[],"jetpack_featured_media_url":"https:\/\/i0.wp.com\/vincentians.com\/es\/wp-content\/uploads\/sites\/11\/2016\/07\/san-vicente-de-fray-juan-del-santisimo-sacramento.jpg?fit=1200%2C630","jetpack_sharing_enabled":true,"jetpack_shortlink":"https:\/\/wp.me\/p7ETMF-c4p","jetpack-related-posts":[{"id":134017,"url":"http:\/\/vincentians.com\/es\/alejandro-daydi-balari\/","url_meta":{"origin":46401,"position":0},"title":"Alejandro Daydi Balari","author":"Mitxel Olabu\u00e9naga","date":"15\/01\/2015","format":false,"excerpt":"Nacimiento: 31.7.1853 en Barcelona \/ Fecha de vocaci\u00f3n: 27.5.1878 en Par\u00eds, ya sacerdote \/ Votos perpetuos: 31.5.1879 en Lima. DESTINOS: Per\u00fa 1878 \/ Ecuador 1882 \/ Chile 1897 \/ El Salvador 1903 \/ M\u00e9xico-Casa Central 1904 \/ Espa\u00f1a-Palma de Mallorca 1912 \/ Philadelphia 1915 \/ Barcelona 1917 \/ Madrid (en\u2026","rel":"","context":"En \u00abBiograf\u00edas de Misioneros Pa\u00fales\u00bb","block_context":{"text":"Biograf\u00edas de Misioneros Pa\u00fales","link":"http:\/\/vincentians.com\/es\/category\/la-familia-vicenciana\/biografias-vicencianas\/biografias-de-misioneros-paules\/"},"img":{"alt_text":"","src":"https:\/\/i0.wp.com\/vincentians.com\/es\/wp-content\/uploads\/sites\/11\/2016\/07\/bio-cm.jpg?fit=1200%2C630&resize=350%2C200","width":350,"height":200,"srcset":"https:\/\/i0.wp.com\/vincentians.com\/es\/wp-content\/uploads\/sites\/11\/2016\/07\/bio-cm.jpg?fit=1200%2C630&resize=350%2C200 1x, https:\/\/i0.wp.com\/vincentians.com\/es\/wp-content\/uploads\/sites\/11\/2016\/07\/bio-cm.jpg?fit=1200%2C630&resize=525%2C300 1.5x, https:\/\/i0.wp.com\/vincentians.com\/es\/wp-content\/uploads\/sites\/11\/2016\/07\/bio-cm.jpg?fit=1200%2C630&resize=700%2C400 2x, https:\/\/i0.wp.com\/vincentians.com\/es\/wp-content\/uploads\/sites\/11\/2016\/07\/bio-cm.jpg?fit=1200%2C630&resize=1050%2C600 3x"},"classes":[]},{"id":126568,"url":"http:\/\/vincentians.com\/es\/vicente-urbaneja-fernandez-1912-2007\/","url_meta":{"origin":46401,"position":1},"title":"Vicente Urbaneja Fern\u00e1ndez (1912 \u2013 2007)","author":"Mitxel Olabu\u00e9naga","date":"26\/12\/2013","format":false,"excerpt":"El P. Vicente naci\u00f3 el 19 de abril del a\u00f1o 1912 en Villaveta, Burgos. Sus padres fueron: D. Francisco y D\u00f1\u00aa Eladia. Ingres\u00f3 en la Congregaci\u00f3n de la Misi\u00f3n el 14 de septiembre de 1928, en Hortaleza (Madrid), y emiti\u00f3 los votos el 16 de septiembre del 1929. La sagrada\u2026","rel":"","context":"En \u00abBiograf\u00edas de Misioneros Pa\u00fales\u00bb","block_context":{"text":"Biograf\u00edas de Misioneros Pa\u00fales","link":"http:\/\/vincentians.com\/es\/category\/la-familia-vicenciana\/biografias-vicencianas\/biografias-de-misioneros-paules\/"},"img":{"alt_text":"","src":"https:\/\/i0.wp.com\/vincentians.com\/es\/wp-content\/uploads\/sites\/11\/2016\/07\/bio-cm.jpg?fit=1200%2C630&resize=350%2C200","width":350,"height":200,"srcset":"https:\/\/i0.wp.com\/vincentians.com\/es\/wp-content\/uploads\/sites\/11\/2016\/07\/bio-cm.jpg?fit=1200%2C630&resize=350%2C200 1x, https:\/\/i0.wp.com\/vincentians.com\/es\/wp-content\/uploads\/sites\/11\/2016\/07\/bio-cm.jpg?fit=1200%2C630&resize=525%2C300 1.5x, https:\/\/i0.wp.com\/vincentians.com\/es\/wp-content\/uploads\/sites\/11\/2016\/07\/bio-cm.jpg?fit=1200%2C630&resize=700%2C400 2x, https:\/\/i0.wp.com\/vincentians.com\/es\/wp-content\/uploads\/sites\/11\/2016\/07\/bio-cm.jpg?fit=1200%2C630&resize=1050%2C600 3x"},"classes":[]},{"id":119382,"url":"http:\/\/vincentians.com\/es\/vicente-de-paul-carta-1133-tomas-turchi-a-san-vicente\/","url_meta":{"origin":46401,"position":2},"title":"Vicente de Pa\u00fal, Carta 1133: Tomas Turchi A San Vicente","author":"Francisco Javier Fern\u00e1ndez Chento","date":"29\/04\/2013","format":false,"excerpt":"Roma, 21 diciembre 1648. Reverend\u00edsimo padre Vicente: Me siento muy agradecido a su celo por el bien de los asuntos de mi Orden y por el cuidado que ha puesto en situar a los padres mayores de la provincia de Toulouse en el camino de su deber, del que les\u2026","rel":"","context":"En \u00abEscritos de Vicente de Pa\u00fal\u00bb","block_context":{"text":"Escritos de Vicente de Pa\u00fal","link":"http:\/\/vincentians.com\/es\/category\/escritos\/escritos-de-vicente-de-paul\/"},"img":{"alt_text":"","src":"https:\/\/i0.wp.com\/vincentians.com\/es\/wp-content\/uploads\/sites\/11\/2016\/07\/escritos-vicente-de-paul.jpg?fit=1200%2C630&resize=350%2C200","width":350,"height":200,"srcset":"https:\/\/i0.wp.com\/vincentians.com\/es\/wp-content\/uploads\/sites\/11\/2016\/07\/escritos-vicente-de-paul.jpg?fit=1200%2C630&resize=350%2C200 1x, https:\/\/i0.wp.com\/vincentians.com\/es\/wp-content\/uploads\/sites\/11\/2016\/07\/escritos-vicente-de-paul.jpg?fit=1200%2C630&resize=525%2C300 1.5x, https:\/\/i0.wp.com\/vincentians.com\/es\/wp-content\/uploads\/sites\/11\/2016\/07\/escritos-vicente-de-paul.jpg?fit=1200%2C630&resize=700%2C400 2x, https:\/\/i0.wp.com\/vincentians.com\/es\/wp-content\/uploads\/sites\/11\/2016\/07\/escritos-vicente-de-paul.jpg?fit=1200%2C630&resize=1050%2C600 3x"},"classes":[]},{"id":121638,"url":"http:\/\/vincentians.com\/es\/san-vicente-de-paul-y-los-gondi-capitulo-05\/","url_meta":{"origin":46401,"position":3},"title":"San Vicente de Pa\u00fal y los Gondi: Cap\u00edtulo 05","author":"Francisco Javier Fern\u00e1ndez Chento","date":"07\/07\/2024","format":false,"excerpt":"Cap\u00edtulo V Vicente de Pa\u00fal y la Sra. de Gondi en el castillo de Folleville. - Nacimiento de la obra de las Misiones. - Salida de Vicente de la casa de Gondi. - Vicente, p\u00e1rroco de Chatillon-lez-Dombes. A comienzos del a\u00f1o de 1617, la familia de Gondi se hallaba reunida\u2026","rel":"","context":"En \u00abVicente de Pa\u00fal\u00bb","block_context":{"text":"Vicente de Pa\u00fal","link":"http:\/\/vincentians.com\/es\/category\/la-familia-vicenciana\/fundadores\/vicente-de-paul\/"},"img":{"alt_text":"","src":"https:\/\/i0.wp.com\/vincentians.com\/es\/wp-content\/uploads\/sites\/11\/2023\/08\/aaaf.jpg?fit=1200%2C827&resize=350%2C200","width":350,"height":200,"srcset":"https:\/\/i0.wp.com\/vincentians.com\/es\/wp-content\/uploads\/sites\/11\/2023\/08\/aaaf.jpg?fit=1200%2C827&resize=350%2C200 1x, https:\/\/i0.wp.com\/vincentians.com\/es\/wp-content\/uploads\/sites\/11\/2023\/08\/aaaf.jpg?fit=1200%2C827&resize=525%2C300 1.5x, https:\/\/i0.wp.com\/vincentians.com\/es\/wp-content\/uploads\/sites\/11\/2023\/08\/aaaf.jpg?fit=1200%2C827&resize=700%2C400 2x, https:\/\/i0.wp.com\/vincentians.com\/es\/wp-content\/uploads\/sites\/11\/2023\/08\/aaaf.jpg?fit=1200%2C827&resize=1050%2C600 3x"},"classes":[]},{"id":121663,"url":"http:\/\/vincentians.com\/es\/san-vicente-de-paul-y-los-gondi-capitulo-06\/","url_meta":{"origin":46401,"position":4},"title":"San Vicente de Pa\u00fal y los Gondi: Cap\u00edtulo 06","author":"Francisco Javier Fern\u00e1ndez Chento","date":"09\/07\/2024","format":false,"excerpt":"Cap\u00edtulo VI Vicente de Pa\u00fal en Ch\u00e2tillon-lez-Dombes. - Primera fundaci\u00f3n de una asociaci\u00f3n de sirvientas para los pobres. - Vuelta de Vicente a la casa de los Gondi. - Misiones en sus dominios. - Vicente de Pa\u00fal capell\u00e1n real de las galeras. Al llegar a Ch\u00e2tillon-lez-Dombes, Vicente de Pa\u00fal encontr\u00f3\u2026","rel":"","context":"En \u00abVicente de Pa\u00fal\u00bb","block_context":{"text":"Vicente de Pa\u00fal","link":"http:\/\/vincentians.com\/es\/category\/la-familia-vicenciana\/fundadores\/vicente-de-paul\/"},"img":{"alt_text":"","src":"https:\/\/i0.wp.com\/vincentians.com\/es\/wp-content\/uploads\/sites\/11\/2023\/08\/aaaf.jpg?fit=1200%2C827&resize=350%2C200","width":350,"height":200,"srcset":"https:\/\/i0.wp.com\/vincentians.com\/es\/wp-content\/uploads\/sites\/11\/2023\/08\/aaaf.jpg?fit=1200%2C827&resize=350%2C200 1x, https:\/\/i0.wp.com\/vincentians.com\/es\/wp-content\/uploads\/sites\/11\/2023\/08\/aaaf.jpg?fit=1200%2C827&resize=525%2C300 1.5x, https:\/\/i0.wp.com\/vincentians.com\/es\/wp-content\/uploads\/sites\/11\/2023\/08\/aaaf.jpg?fit=1200%2C827&resize=700%2C400 2x, https:\/\/i0.wp.com\/vincentians.com\/es\/wp-content\/uploads\/sites\/11\/2023\/08\/aaaf.jpg?fit=1200%2C827&resize=1050%2C600 3x"},"classes":[]},{"id":121916,"url":"http:\/\/vincentians.com\/es\/historia-de-los-paules-en-cuba-capitulo-viii-b\/","url_meta":{"origin":46401,"position":5},"title":"Historia de los Pa\u00fales en Cuba: Cap\u00edtulo VIII (B)","author":"Mitxel Olabu\u00e9naga","date":"05\/05\/2013","format":false,"excerpt":"2. La Obra de San Vicente de Pa\u00fal al Servicio del Preso. Las Misiones en las C\u00e1rceles. Las Capillas y las Bibliotecas. Otros Servicios Sociales a los presos. La Obra de San Vicente de Pa\u00fal al Servicio del Preso. La asistencia espiritual y social a los presos por parte de\u2026","rel":"","context":"En \u00abHistoria de la Congregaci\u00f3n de la Misi\u00f3n\u00bb","block_context":{"text":"Historia de la Congregaci\u00f3n de la Misi\u00f3n","link":"http:\/\/vincentians.com\/es\/category\/historia-de-la-familia-vicenciana\/historia-de-la-congregacion-de-la-mision\/"},"img":{"alt_text":"aaa","src":"https:\/\/i0.wp.com\/vicencianos.org\/wp-content\/2013\/05\/aaa.jpg?resize=350%2C200","width":350,"height":200},"classes":[]}],"_links":{"self":[{"href":"http:\/\/vincentians.com\/es\/wp-json\/wp\/v2\/posts\/46401","targetHints":{"allow":["GET"]}}],"collection":[{"href":"http:\/\/vincentians.com\/es\/wp-json\/wp\/v2\/posts"}],"about":[{"href":"http:\/\/vincentians.com\/es\/wp-json\/wp\/v2\/types\/post"}],"author":[{"embeddable":true,"href":"http:\/\/vincentians.com\/es\/wp-json\/wp\/v2\/users\/4"}],"replies":[{"embeddable":true,"href":"http:\/\/vincentians.com\/es\/wp-json\/wp\/v2\/comments?post=46401"}],"version-history":[{"count":0,"href":"http:\/\/vincentians.com\/es\/wp-json\/wp\/v2\/posts\/46401\/revisions"}],"wp:featuredmedia":[{"embeddable":true,"href":"http:\/\/vincentians.com\/es\/wp-json\/wp\/v2\/media\/389514"}],"wp:attachment":[{"href":"http:\/\/vincentians.com\/es\/wp-json\/wp\/v2\/media?parent=46401"}],"wp:term":[{"taxonomy":"category","embeddable":true,"href":"http:\/\/vincentians.com\/es\/wp-json\/wp\/v2\/categories?post=46401"},{"taxonomy":"post_tag","embeddable":true,"href":"http:\/\/vincentians.com\/es\/wp-json\/wp\/v2\/tags?post=46401"}],"curies":[{"name":"wp","href":"https:\/\/api.w.org\/{rel}","templated":true}]}}