{"id":46095,"date":"2011-07-16T10:02:05","date_gmt":"2011-07-16T08:02:05","guid":{"rendered":"http:\/\/somos.vicencianos.org\/?p=46095"},"modified":"2011-07-16T10:02:05","modified_gmt":"2011-07-16T08:02:05","slug":"hermosos-textos-de-los-fundadores-audacia","status":"publish","type":"post","link":"http:\/\/vincentians.com\/es\/hermosos-textos-de-los-fundadores-audacia\/","title":{"rendered":"Hermosos textos de los Fundadores: Audacia"},"content":{"rendered":"<h2><strong>Fuentes: <\/strong><strong>Dios<\/strong><\/h2>\n<p><strong><strong><a href=\"https:\/\/i0.wp.com\/vicencianos.org\/wp-content\/2011\/07\/f2.jpg\"><img data-recalc-dims=\"1\" loading=\"lazy\" decoding=\"async\" class=\"size-medium wp-image-46096 alignright\" src=\"https:\/\/i0.wp.com\/vicencianos.org\/wp-content\/2011\/07\/f2-150x300.jpg?resize=150%2C300\" alt=\"\" width=\"150\" height=\"300\" \/><\/a><\/strong><\/strong><\/p>\n<p>\u00ab<em>Si nada podemos por nosotros mismos, lo podemos todo con Dios. S\u00ed, la <\/em><em>Misi\u00f3n lo puede todo, porque tenemos en nosotros el germen de la omnipo\u00ad<\/em><em>tencia de Jesucristo<\/em>.\u00bb<\/p>\n<p>(Repetici\u00f3n de oraci\u00f3n, 24-7-1655; Coste XI, p. 123.)<\/p>\n<p>\u00ab<em>A un misionero, <\/em><em>un verdadero misionero, un hombre de Dios, un hombre <\/em><em>que tiene el esp\u00edritu de Dios, todo le tiene que parecer bien e indiferente; <\/em><em>lo abraza todo, lo puede todo; con mayor raz\u00f3n ha de hacerlo una Com\u00ad<\/em><em>pa\u00f1\u00eda; una Congregaci\u00f3n lo puede todo cuando est\u00e1 animada y llevada por el <\/em><em>esp\u00edritu de Dios<\/em>.\u00bb<\/p>\n<p>(Repetici\u00f3n de oraci\u00f3n, 24-7-1655; Coste XI, p. 122.)<\/p>\n<p>\u00ab<em>No hay <\/em><em>que temer emprender lo que sea, cuando la Voluntad de Dios hace que se emprenda para su servicio o el de los pobres<\/em>.\u00bb<\/p>\n<p>Sta. Luisa de Marillac, M\u00e1ximas de Vida, Par\u00eds, 1959, p. 220<\/p>\n<h2><strong>Origen de la audacia de San Vicente<\/strong><\/h2>\n<h3><strong>a) Confianza en Dios<\/strong><\/h3>\n<p>Dejemos obrar a Dios sin detenernos en temores demasiado humanos, y sin excusarnos por nuestras limitaciones e insuficiencias: \u00abPero, Se\u00f1or, \u00bfsobre qui\u00e9n velar\u00e1 la Providencia, si no vela por sus ser\u00advidores?\u00bb. \u00ab<em>Aunque usted est\u00e9 inclinado al mal, sepa que Dios est\u00e1 mucho m\u00e1s inc<\/em><em>linado sin comparaci\u00f3n a hacer el bien, y a hacerlo incluso en usted y para usted. Despu\u00e9s de haberse lijado en sus miserias, fije los ojos en su gran misericordia y det\u00e9ngase mucho m\u00e1s en su magnificencia hacia usted que en la indignidad de usted para con El, y m\u00e1s en la fuerza divina que en la flaqueza humana, y aband\u00f3nese entre sus brazos paternales con la esperanza de que El mismo realizar\u00e1 en usted aquello que le pide y que bendecir\u00e1 lo que usted haga por El<\/em>.\u00bb<\/p>\n<p>Ce que croyait M. Vicent, Delarne, Par\u00eds, 1974, p\u00e1gs. 31-32.1<\/p>\n<p><em>\u00ab&#8230;Jesucristo nos lo ordena; es la primera de sus m\u00e1ximas, es su pr\u00e1ctica <\/em><em>principal: aspirar a que Dios sea conocido, servido y amado, a que se <\/em><em>busque ante todo su Reino y su justicia. Y si Nuestro Se\u00f1or nos exhorta a <\/em><em>ello y nos lo ordena, tambi\u00e9n da la gracia de llevarlo a cabo a los que se lo <\/em><em>piden y se la aumenta cada vez que se lo piden. \u00bfC\u00f3mo podr\u00edamos no responder<\/em><em> a una cosa tan santa, tan ventajosa y tan de nuestra profesi\u00f3n. Tengo <\/em><em>una regla que me manda trabajar porque Dios reine. \u00a1Oh!, nada me impedir\u00e1, con la ayuda de Dios, dedicarme por entero a un deber tan justo<\/em>\u00ab.<em> <\/em><\/p>\n<p>Conferencias espirituales de San Vicente de Pa\u00fal. Por A. Dodin.<\/p>\n<p>\u00ab<em>El que se pone a la sombra de la confianza en Dios se ver\u00e1 favorecido siempre con una protecci\u00f3n suya especial. En este estado, debe tener por cierto que no le suceder\u00e1 ning\u00fan mal, porque todas las cosas cooperar\u00e1n a su bien y que no carecer\u00e1 de ning\u00fan bien, puesto que se le dar\u00e1 el mismo Dios, que lleva consigo todos los bienes necesarios tanto para el cuerpo como para el alma\u00bb.<\/em><\/p>\n<p>Extracto de una Conferencia sobre la confianza en Dios de las Conferencia espirituales de San Vicente de Pa\u00fal, por A. Dodin.<\/p>\n<h3><strong>b) Confianza en la Gracia y en el esp\u00edritu de Nuestro Se\u00f1or.<\/strong><\/h3>\n<p><em>\u00abHermanas m\u00edas, pensad que vais a encontrar dificultades en la tibia que <\/em><em>vais a hacer. Si os dijera otra cosa, os enga\u00f1ar\u00eda. Nuestro Se\u00f1or, \u00bfno les <\/em><em>dijo a sus ap\u00f3stoles que, los enviaba como ovejas en medio de lobos? Id, pues, <\/em><em>Hijas m\u00edas, con la confianza de que el Esp\u00edritu de Nuestro Se\u00f1or es<\/em><em>tar\u00e1 con vosotras\u00bb. Instrucci\u00f3n del 4-11-1658. <\/em><\/p>\n<p>A dos Hermanas enviadas a Cahors. &#8211; Coste X, p.581.<\/p>\n<p><em>\u00abLa llamada de Dios, he ah\u00ed el secreto de su fuerza contra los aconteci<\/em><em>mientos adversos, contra la c\u00f3lera y los celos, contra esa especie de lasitud <\/em><em>que produce, con el tiempo, la aplicaci\u00f3n a una misma obra, contra la ilu<\/em><em>si\u00f3n de querer cambiar con pretexto de obrar mejor\u00bb.<\/em><\/p>\n<p>El gran Santo del gran siglo- Coste, III, p. 382.<\/p>\n<h3><strong>c)<\/strong><strong> Confianza en el cumplimiento de los designios de Dios.<\/strong><\/h3>\n<p>\u00abDejemos obrar a Nuestro Se\u00f1or, es obra suya, y como \u00c9l quiso comenzarla, estemos seguros de que la acabar\u00e1 en la forma que le sea m\u00e1s dable&#8230; Tenga \u00e1nimos, <em>conf\u00ede en nuestro Se\u00f1or <\/em>que nos ha precedido en la empresa comenzada, en la misi\u00f3n a que nos ha llamado y que la continuara.<\/p>\n<p>Conferencias espirituales de San Vicente de Pa\u00fal. A. Dodin, c. m., p. 996<\/p>\n<p><em>\u00abUn d\u00eda lo vimos, el barco destinado a Madagascar naufrag\u00f3 en el Loira, los Misioneros designados no pudieron partir. San Vicente comunica esta noticia a la comunidad de San L\u00e1zaro para sacar una lecci\u00f3n pr\u00e1ctica del <\/em><em>hecho: los grandes proyectos tienen que atravesar siempre por diversos contratiempos y dificultades&#8230; la carne y la sangre dir\u00e1n que es preciso <\/em><em>abandonar la misi\u00f3n, guard\u00e9monos bien de escucharlas&#8230; <\/em><em>Dios no cambia <\/em><em>jam\u00e1s <\/em><em>despu\u00e9s de haber tomado una decisi\u00f3n&#8230;\u00bb<\/em><\/p>\n<p>El gran Santo del gran siglo -Pierre Coste, c. m. Tomo III, p. 332<\/p>\n<h3><strong>\u00a0d) Confianza en la escasez.<\/strong><\/h3>\n<p><em>\u00ab\u00a1Qu\u00e9 buena noticia! \u00a1Bendito sea Dios! \u00a1Enhorabuena!, ahora es cuando <\/em><em>hemos de\u00a0 demostrar que tenemos confianza en Dios. Cuando lo hayamos <\/em><em>gastado todo por Nuestro Se\u00f1or y no nos quede nada, pondremos la llave bajo la puerta y nos retiraremos. <\/em><em>Los tesoros de la Providencia de Dios son inagotables&#8230; Nuestra desconfianza<\/em><em> le deshonra. <\/em><em>La Compa\u00f1\u00eda de la Misi\u00f3n quedar\u00e1 destruida antes por <\/em><em>las riquezas que por la pobreza\u00bb.<\/em><\/p>\n<p>Conferencias espirituales de San Vicente de Pa\u00fal, A. Dodin, c. m. Confianza en la escasez, p. 805<\/p>\n<h2><strong>El amor y el celo misionero de San Vicente<\/strong><\/h2>\n<p><em>Ante la Bondad de Dios, brota, espont\u00e1neo e irresistible, un sentimiento <\/em><em>que arrastra: el amor a Dios, el deseo apasionado de amarle y de hacerle <\/em><em>amar. \u00abAmemos a Dios, hermanos, pero que sea con el esfuerzo de nuestros bra\u00adzos y con el sudor de nuestro rostro\u00bb.<\/em><\/p>\n<p>Extracto de una conferencia sobre el amor de Dios. Coste XI, p\u00e1g. 40<\/p>\n<p><em>\u00ab\u00bfQu\u00e9 hay de m\u00e1s hermoso y amable que una persona que abandona todo <\/em><em>para darse enteramente a Dios en el servicio de los pobres?\u00bb<\/em><\/p>\n<p>Conf. del 11-11-1657. Servicio de los enfermos, cuidado de la propia salud. Coste X, p\u00e1g. 336<\/p>\n<h2><strong>Reconocer a Jesucristo en los pobres<\/strong><\/h2>\n<p><em>\u00ab\u00a1Dios m\u00edo! \u00a1Qu\u00e9 hermoso es ver a los pobres, si los consideramos en <\/em><em>Dios y en el aprecio en que los tuvo Jesucristo!\u00bb<\/em><\/p>\n<p>Extracto de una Conf. sobre el esp\u00edritu de fe. Coste XI, p. 725<\/p>\n<p><em>\u00abAs\u00ed, pues, hermanos m\u00edos, vayamos y ocup\u00e9monos con un amor nuevo <\/em><em>en el servicio de los pobres y busquemos incluso a los m\u00e1s pobres y abando\u00ad<\/em><em>nados; reconozcamos delante de Dios que son ellos nuestros se\u00f1ores y nues\u00ad<\/em><em>tros amos y que somos indignos de rendirles nuestros peque\u00f1os servicios\u00bb.<\/em><\/p>\n<p>Extracto de una conferencia sobre el amor a los pobres, Enero 1657. Coste XI, p. 237<\/p>\n<p><em>\u00ab&#8230;aquellas hermosas palabras de Jesucristo: \u00abEl Se\u00f1or me ha enviado <\/em><em>a evangelizar a los pobres! Ved, hermanos m\u00edos, c\u00f3mo el principal m\u00f3vil <\/em><em>de Jes\u00fas fue trabajar por los pobres. Cuando iba hacia otros, lo<\/em><em> hac\u00eda como <\/em><em>de paso\u00bb.<\/em><\/p>\n<p style=\"text-align: right\">Ce que croyait M. Vicent. Delarne, p. 162.<\/p>\n<p><em>\u00abLes confieso, Hermanas, que nunca he experimentado un c<\/em><em>onsuelo mayor que <\/em><em>cuando he tenido el honor de servir a los pobres. Y si tuvi\u00e9semos que <\/em><em>elegir, deber\u00edamos querer y buscar a los pobres que nos injurian con preferencia<\/em><em> a los que nos alaban\u00bb.<\/em><\/p>\n<p><em>Ce que croyait M. Vicent. <\/em>Delarne, p. 162<\/p>\n<h2><strong>Dar la preferencia a Dios en todo<\/strong><\/h2>\n<h3><strong>a) Sobre la Compa\u00f1\u00eda<\/strong><\/h3>\n<p><em>\u00abEs preciso buscar ante todo <\/em><em>el inter\u00e9s de Dios. <\/em><em>Muchas comunidades mi\u00ad<\/em><em>ran s\u00f3lo el inter\u00e9s de la comunidad, porque esto es tan importante que en\u00adcierra ya el inter\u00e9s de Dios. Pero, para m\u00ed, hijas m\u00edas, pienso que merece la <\/em><em>pena que se considere lo primero de todo el inter\u00e9s de Dios. Porque luego me parece que se conocer\u00e1 con m\u00e1s claridad lo dem\u00e1s\u00bb.<\/em><em><\/em><\/p>\n<p>Consejo del 19-6-1647. Coste XIII, p. 630<\/p>\n<p><em>\u00abPorque Dios se lo ordena\u00bb. Ya que la caridad est\u00e1 por encima de todas <\/em><em>las Reglas y es preciso que todas hagan referencia a la caridad.<\/em><\/p>\n<p>Conf. 17-XI-1653. <em>De la hora de levantarse, la oraci\u00f3n <\/em>y <em>otros ejercicios.<\/em> Coste, p. 595<\/p>\n<h3><strong>b) Sobre la propia vida.<\/strong><\/h3>\n<p><em>\u00ab&#8230;estemos ciertos de que no seremos verdaderos cristianos hasta que no <\/em><em>estemos dispuestos a <\/em><em>perderlo todo y a dar incluso nuestra vida <\/em><em>por el amor <\/em><em>y la gloria de Jesucristo, decididos con el Santo Ap\u00f3stol a escoger antes los <\/em><em>tormentos y la muerte, que vernos separados de la caridad de este Divino <\/em><em>Salvador\u00bb.<\/em><em><\/em><\/p>\n<p>Extracto de una conferencia sobre el celo. Coste XI, p. 763<\/p>\n<p><em>\u00ab\u00a1C\u00f3mo!, se\u00f1ores y hermanos m\u00edos, \u00bfes posible que sabiendo esto fu\u00e9\u00ad<\/em><em>semos de coraz\u00f3n tan cobarde y tan afeminados que abandon\u00e1semos <\/em><em>esta vi\u00f1a del Se\u00f1or a la que su Divina Majestad nos ha llamado solamente <\/em><em>porque cuatro, cinco o seis han muerto en ella? D\u00edganme, \u00bfqu\u00e9 ej\u00e9rcito ser\u00eda <\/em><em>el que por haber perdido tres, cuatro o cinco mil hombres (como aseguran <\/em><em>que ha sucedido en el \u00faltimo sitio de Normand\u00eda) abandonase el campo? <\/em><em>\u00a1Ser\u00eda digno de ver un ej\u00e9rcito as\u00ed, fugitivo y cobarde! Lo mismo podr\u00eda <\/em><em>decirse de la. Misi\u00f3n: \u00a1qu\u00e9 Compa\u00f1\u00eda ser\u00eda la de la Misi\u00f3n si porque han <\/em><em>muerto cinco o seis abandonase la obra de Dios!\u00bb<\/em><\/p>\n<p>Repetici\u00f3n de oraci\u00f3n, 30-8-1657. Coste IX<\/p>\n<p><em>\u00abAcordaos bien de esta pr\u00e1ctica, en uso entre nosotras, de que debemos <\/em><em>trabajar para ganarnos la vida. Hace poco que han ido Hermanas hacia <\/em><em>Melun. \u00a1Que no ahorren esfuerzo! Dios no nos evita el cuidado de ganarnos <\/em><em>el pan para que vivamos a nuestras anchas y tranquilamente sino para que <\/em><em>trabajemos m\u00e1s intensamente en imitar a su Hijo\u00bb.<\/em><\/p>\n<p>Luisa de Marillac, viuda de Le Gras &#8211; Cartas. A Sor Turgis en Chars<\/p>\n<p><em>\u00ab&#8230;Debe proseguir su abandono total de todo lo que es y puede llegar <\/em><em>a ser con una superabundante confianza en su Soberano Creador. Necesita usted mucha generosidad y grandeza de alma. Necesita tambi\u00e9n una fe tan grande como la de Abraham; la caridad de San Pablo; celo, paciencia, defe\u00ad<\/em><em>rencia, pobreza, solicitud, discreci\u00f3n, integridad de costumbres y un gran <\/em><em>deseo de consumirse totalmente por Dios\u00bb.<\/em><\/p>\n<p>A Charles Nacquart, S. C. en Richelieu; Coste III<\/p>\n<p><em>\u00ab&#8230;Pero, \u00bfsab\u00e9is, hijas m\u00edas, c\u00f3mo se deben hacer estos actos de obedien<\/em><em>cia? Con alegr\u00eda, mansedumbre y caridad y no por mera obligaci\u00f3n, ni de <\/em><em>una forma negligente, sino con tal fervor que demostr\u00e9is que <\/em><em>no quer\u00e9is <\/em><em>ahorrar vuestro esfuerzo <\/em><em>en el servicio de Dios al servir a vuestros pobres, <\/em><em>sin fijarse en los <\/em><em>lugares <\/em><em>a donde se os env\u00eda, ni en las personas que os m<\/em><em>andan, sino estando dispuestas a cambiar de lugar, bien sea Par\u00eds, o bien los pueblos, un lugar cercano o apartado. De esta forma, mis queridas Hermanas, ser\u00e9is verdaderas Hijas de la Caridad, imitar\u00e9is a Nuestro Se\u00f1or y a la San\u00adt\u00edsima Virgen en su obediencia, cuando se os mande quedar o cambiar de lugar, por orden y designio de la Divina Providencia, a la que ten\u00e9is que ver siempre en los motivos que ten\u00e9is para practicar la santa obediencia.\u00bb<\/em><\/p>\n<p>Conf. 25-1-1643. Imitaci\u00f3n de las j\u00f3venes campesinas. Coste IX, p. 101<\/p>\n<h2><strong>Conclusi\u00f3n<\/strong><\/h2>\n<p><em>\u00abNo sabemos si vivir\u00e9is lo bastante para que Dios d\u00e9 nuevas ocupaciones <\/em><em>a la Compa\u00f1\u00eda; pero sabemos muy bien que, si viv\u00eds en conformidad con el <\/em><em>fin que Nuestro Se\u00f1or pide de vosotras y cumpl\u00eds como es debido con vuestras<\/em><em> obligaciones, tanto en el servicio de los pobres como con vuestras reglas,\u00a0 <\/em><em>si lo hac\u00e9is bien, como espero que lo vais a hacer, Dios bendecir\u00e1 cada vez <\/em><em>m\u00e1s vuestros trabajos y os conservar\u00e1; pero <\/em><em>es preciso ser fieles para hacerse<\/em><em> digno de ello\u00bb.<\/em><\/p>\n<p>Conf. 18-10-1655. Sobre el fin de la compart\u00eda. Coste X, p 754<\/p>\n<h1 style=\"text-align: center\"><strong>Manifestaciones de audacia<\/strong><\/h1>\n<h2><strong>De palabra: Interviniendo ante los grandes de la Tierra<\/strong><\/h2>\n<h3><strong>Richelieu.<\/strong><\/h3>\n<p><em>\u00abSe puede decir que, predicando con el ejemplo, a su manera, <\/em><em>San Vi\u00ad<\/em><em>cente carg\u00f3 con todas las miserias de su tiempo; <\/em><em>interviene ante Richelieu <\/em><em>para obtener la <\/em><em>paz en la Lorena <\/em><em>devastada: &#8216;La paz, Monse\u00f1or, exclama. \u00a1D\u00e9nos la paz! \u00a1Tenga piedad de nosotros, Monse\u00f1or, d\u00e9 la paz a Francia!'\u00bb.<\/em><\/p>\n<p><em>San Vicente de Pa\u00fal. <\/em>Maynard, Par\u00eds, 1860. Tomo TV, p. 118<\/p>\n<h3><strong>Ana de Austria.<\/strong><\/h3>\n<p><em>\u00abTodo esto desemboca en un terreno que debemos llamar propiamente pol\u00edtico. No pod\u00eda ser de otro modo. Durante los tiempos confusos de la <\/em><em>Fronda y de la Regencia, Vicente desempe\u00f1\u00f3 su papel, algunas veces cer\u00ad<\/em><em>ca de las m\u00e1s altas cumbres. El 14\u00a0 de enero de 1649, se encarga de ir a ver a Ana de Austria, entonces refugiada en St. Germain, para<\/em><em> pedirle que des<\/em><em>tituya a Mazarino. Llega, incluso, hasta aconsejar a este \u00faltimo<\/em><em> que se retire. <\/em><em>Tres a\u00f1os m\u00e1s tarde parece ser que interviene una vez ante la Reina para aconsejarle que destituya definitivamente a este ministro, con cuya desaparici\u00f3n renacer\u00eda de nuevo calma en los esp\u00edritus. Pero los lazos que un\u00edan a la Reina con Mazarino hicieron que estas gestiones fueran in\u00fatiles\u00bb.<\/em><\/p>\n<p>M. Vincent, Jacques Potin; 2000 ans de Christianisme, VI, p.132<\/p>\n<h3><strong>Ante algunos Obispos.<\/strong><\/h3>\n<p><em>\u00ab&#8230;Lo que dec\u00eds, Monse\u00f1or, me obliga a insistir en que no hay punto alguno de contacto posible entre sentimientos tan contrarios y diferentes en materia de fe y de religi\u00f3n (t. IV, 205).<\/em><\/p>\n<p><em>\u00ab&#8230;A m\u00ed me parece motivo de burlas&#8230; as\u00ed como de esc\u00e1ndalo&#8230; ver a los <\/em><em>obispos divididos&#8230; y se sirven <\/em><em>de vuestro silencio <\/em><em>como de un argumento <\/em><em>de peso a su favor\u00bb.<\/em><\/p>\n<p>San Vicente de Pa\u00fal. Maynard, Par\u00eds, 1886. Tomo II, p\u00e1gs. 365 367<\/p>\n<h2><strong>Con referencia a las Hijas de la Caridad<\/strong><\/h2>\n<h3><strong>a) En la vida consagrada<\/strong>.<\/h3>\n<p><em>\u00ab&#8230;las Hijas de la Caridad no son religiosas, sino j\u00f3venes que van y vienen <\/em><em>como seglares; son feligresas de las parroquias, bajo la direcci\u00f3n de los <\/em><em>sacerdotes donde est\u00e1n establecidas&#8230; Hay, pues, esta diferencia entre ellas <\/em><em>y las religiosas, \u00e9stas s\u00f3lo tienen por fin su propia perfecci\u00f3n, en cambio <\/em><em>estas j\u00f3venes est\u00e1n dedicadas, como nosotros, a la salvaci\u00f3n y alivio del <\/em><em>pr\u00f3jimo&#8230;\u00bb.<\/em><\/p>\n<p>3.077. A Jacques de la Fosse, sacerdote de la Misi\u00f3n en Troyes, el 7-2-1660. Coste VIII, p\u00e1gs. 237 y 239.<\/p>\n<p>\u00ab&#8230;pero no hay nadie que se mueva entre el mundo como las Hijas de la Ca\u00adridad y que encuentre tantas ocasiones como vosotras, hijas m\u00edas.\u00bb<\/p>\n<p>Conf. 24-3-1659. Coste X, p. 658.<\/p>\n<h3><strong>b) En la pobreza.<\/strong><\/h3>\n<p><em>\u00abNo ten\u00e9is derecho m\u00e1s que a lo preciso para vivir y vestiros; el resto pertenece al servicio de los pobres\u00bb.<\/em><\/p>\n<p>Conf. 25-1-1643. Imitaci\u00f3n de las j\u00f3venes campesinas. Coste IX, p. 94.<\/p>\n<p><em>\u00ab&#8230;La Providencia jam\u00e1s os faltar\u00e1. \u00bfNo tendr\u00e9is \u00e1nimos para entregaros <\/em><em>a Dios, que piensa tanto en vosotras? No pretend\u00e1is reservaros nada para <\/em><em>vuestra subsistencia: <\/em><em>fiaos siempre de la Providencia. <\/em><em>Los ricos pueden caer <\/em><em>en necesidad por ciertas circunstancias que con frecuencia suceden, pero no <\/em><em>caer\u00e1n nunca jam\u00e1s los que quieran depender enteramente de Dios\u00bb.<\/em><\/p>\n<p>Conf. 31-7-1634. Explicaci\u00f3n del reglamento. Coste IX, p.11.<\/p>\n<h3><strong>c) En el servicio.<\/strong><\/h3>\n<p><em>\u00abVed, hijas m\u00edas qu\u00e9 grande es vuestra misi\u00f3n. Si grande es ella, los de\u00ad<\/em><em>signios de Dios tambi\u00e9n son grandes y, para cooperar con ellos, es preciso <\/em><em>que las acciones de las Hijas de Caridad est\u00e9n acordes con el nombre que <\/em><em>llevan\u00bb.<\/em><\/p>\n<p>Conf. 2-XI-1655: Sobre las m\u00e1ximas de Jesucristo y las del mundo. Coste X, p. 141<\/p>\n<p><em>\u00ab\u00bfQui\u00e9n ha o\u00eddo hablar alguna vez de semejante obra antes de hoy? Hab\u00eda <\/em><em>ciertamente \u00d3rdenes religiosas; se hab\u00edan fundado hospitales para la asis\u00ad<\/em><em>tencia de los enfermos; algunos religiosos se hab\u00edan consagrado a su servi\u00ad<\/em><em>cio; <\/em><em>pero hasta ahora no se hab\u00eda visto nunca que se cuidase a los enfermos <\/em><em>en sus casas. <\/em><em>Si en una pobre familia ca\u00eda alguno enfermo, era preciso sepa\u00adrar al marido de su mujer, a la mujer de sus hijos, al padre de la su familia\u00bb.<\/em><\/p>\n<p>Conf. 13-2-1646. Amor a la vocaci\u00f3n; Asistencia a los pobres. Coste IX, p. 235<\/p>\n<p><em>\u00abAs\u00ed es como hab\u00e9is de portaros para ser buenas Hijas de la Caridad, <\/em><em>para ir a donde Dios quiera; si es a \u00c1frica, a \u00c1frica; al ej\u00e9rcito, a las Indias, <\/em><em>a donde os pidan, \u00a1enhorabuena!; sois Hijas de la Caridad y hay que ir\u00bb.<\/em><\/p>\n<p>Conf. 18-10-1655. Sobre el fin de la Compa\u00f1\u00eda, coste X, p. 752<\/p>\n<h2><strong>Atreverse a hablar de Dios<\/strong><\/h2>\n<p><em>\u00abAmar a Dios y hacerle amar, las dos cosas est\u00e1n \u00edntimamente ligadas. \u00bfPor qu\u00e9 tener miedo de hablar a los dem\u00e1s, de aquello que se est\u00e1 viviendo? \u00abUna buena palabra salida del coraz\u00f3n y dicha con el esp\u00edritu que se debe, bastar\u00e1 para llevarlos a Dios. As\u00ed la palabra de Dios que dice una buena Hija de la Caridad a un enfermo es un dardo que inflama su coraz\u00f3n de amor a Dios; es una llama de amor que penetra en el coraz\u00f3n de aquellos a quienes habla\u00bb.<\/em><\/p>\n<p>Ce que croyait M. Vicent\u00bb. Delarue, p. 38).<\/p>\n<h2><strong>En sus creaciones:<\/strong><\/h2>\n<h3><strong>La Congregaci\u00f3n de la Misi\u00f3n<\/strong> (con dos nombres: Gannes, Folleville):<\/h3>\n<p><em>\u00abEn 1639, San Vicente emprende <\/em><em>su primera gran <\/em><em>cruzada de la caridad. <\/em><em>En el mes de enero, se entera de la extrema necesidad de la Lorena asolada por<\/em><em> la peste, la guerra y el hambre. Hace un llamamiento a las Damas de la <\/em><em>Caridad y durante diez a\u00f1os no cesa de enviar socorros\u2026 Estos puestos de <\/em><em>socorro est\u00e1n abastecidos por el hermano Mathieu Regnard, quien, dis<\/em><em>frazado, logra pasar entre el ej\u00e9rcito enemigo. <\/em><em>\u00ad<\/em><em>Consigue efectuar 53 viajes, transportando cada vez de 25 a 30.000 libras. En <\/em><em>1648, un grupo de misioneros parte para Madagascar, en 1651, otro <\/em><em>para Polonia&#8230;\u00bb.<\/em><\/p>\n<p>San Vicente de Pa\u00fal. Maynard, Par\u00eds, 1886. Tomo III, p. 140; La Misi\u00f3n de Madagascar 18-4-1648 y 21-5-1643. Env\u00edo de cuatro misioneros a Polonia. Toma III, p. 79<\/p>\n<h3><strong>Ch\u00e1tillon- las Caridades:<\/strong><\/h3>\n<p>\u00abHabitualmente, San Vicente no se precipita, pero cuando quiere, sabe darse prisa. A mediados del siglo pasado, se encontr\u00f3 en los archivos del Ayuntamiento de Ch\u00e1tillon un proceso verbal (acta) de la reuni\u00f3n del 23 de agosto. Todo \u00e9l escrito a mano por San Vicente, quien desde ese d\u00eda dej\u00f3\u00a0 arreglado todo lo esencial.<\/p>\n<p>&#8230;es el acta de fundaci\u00f3n de una obra, de la que desde hace tres siglos siguen manando tesoros de bondad sobre Francia y sobre todo el mundo. Aquel acta se complet\u00f3, regulariz\u00f3 y se hizo definitiva, recibiendo todas las aprobaciones del Ordinario, n los meses siguientes de noviembre y diciembre.<\/p>\n<p>La verdadera vida de San Vicente de Pa\u00fal, A. Redier, p\u00e1gs. 230-233<\/p>\n<h3><strong>Los Retiros para los ordenandos:<\/strong><\/h3>\n<p><em>\u00abUna sola medida es posible: seleccionar los candidatos al sacerdocio, exigirles un m\u00ednimum de celo antes <\/em><em>de <\/em><em>la ordenaci\u00f3n y asegurarles un poco <\/em><em>de instrucci\u00f3n. Mons. Potier, obispo de Beauvais, no pensaba de otro modo. <\/em><em>Un d\u00eda de julio de 1628, <\/em><em>hablando con San Vicente, le confi\u00f3 su preocupaci\u00f3n y le pidi\u00f3 que predicara <\/em><em>en el mes de septiembre unos Ejercicios <\/em><em>a los or\u00ad<\/em><em>denandos. Dichos \u00abEjercicios\u00bb tuvieron un \u00e9xito considerable. Inmediata\u00ad<\/em><em>mente se adopt\u00f3 la misma f\u00f3rmula en Par\u00eds e incluso se organizaron tandas <\/em><em>de Ejercicios para eclesi\u00e1sticos an\u00e1logas a los retiros de los ordenandos&#8230;<\/em><\/p>\n<p><em>A principios del a\u00f1o 1633, Roma aprobaba la Congregaci\u00f3n de la Misi\u00f3n&#8230; <\/em><em>y mencionaba como <\/em><em>obra <\/em><em>principal: <\/em><em>la de los ordenandos.<\/em><\/p>\n<p><em>Se ha dado un viraje decisivo. San Vicente ni lo ha visto, ni con mayor <\/em><em>raz\u00f3n a\u00fan lo ha previsto. Sencillamente, <\/em><em>marcha de acuerdo con los aconte\u00ad<\/em><em>cimientos que Dios le va poniendo delante. <\/em><em>Ahora est\u00e1 dedicado principal\u00ad<\/em><em>mente a la reforma cat\u00f3lica. De ahora en adelante, y a pesar de su circuns\u00ad<\/em><em>pecci\u00f3n campesina, Vicente avanzar\u00e1 a grandes pasos.<\/em><\/p>\n<p><em>El mismo a\u00f1o redacta el reglamento de una asociaci\u00f3n sacerdotal&#8230; <\/em><em>cada <\/em><em>martes <\/em><em>se re\u00fanen en San L\u00e1zaro para <\/em><em>orar, trabajar, reflexionar y <\/em><em>edificarse. <\/em><em>En 1660, la \u00abConferencia de los Martes\u00bb contar\u00e1 250 nombres.<\/em><\/p>\n<p>S. Vicente de Pa\u00fal y la Caridad. A. Dodin, c. m., p\u00e1gs. 32-34<\/p>\n<h3><strong>Las Hijas de la Caridad<\/strong>:<\/h3>\n<p><em>\u00abNo tendr\u00e1n por monasterio m\u00e1s que las <\/em><em>casas de los enfermos <\/em><em>y aquella <\/em><em>en que reside la Superiora,<br \/>\nni m\u00e1s celda un <\/em><em>cuarto de alquiler,<br \/>\nni m\u00e1s capilla la <\/em><em>iglesia parroquial,<br \/>\nni <\/em><em>m\u00e1s claustro las <\/em><em>calles de la ciudad,<br \/>\nni m\u00e1s clausura la obediencia,<br \/>\nno debiendo salir m\u00e1s que a casa de los enfermos o a los lugares necesarios para su servicio,<br \/>\nni m\u00e1s rejas jue el temor de Dios,<br \/>\nni m\u00e1s velo que la santa modestia,<br \/>\ny no habiendo hecho ninguna profesi\u00f3n para asegurar su vocaci\u00f3n m\u00e1s <\/em><em>que una confianza continua en la divina Providencia,<br \/>\ny la ofrenda que le han hecho de cuanto son y del servicio que prestan <\/em><em>en <\/em><em>la persona de los pobres.<br \/>\npor todas estas razones tienen que tener tanta o m\u00e1s virtud que si hubieran <\/em><em>profesado en una Orden religiosa\u00bb.<\/em><\/p>\n<p>Conf. del 24-8 1659. Coste X, p. 661<\/p>\n","protected":false},"excerpt":{"rendered":"<p>Fuentes: Dios \u00abSi nada podemos por nosotros mismos, lo podemos todo con Dios. S\u00ed, la Misi\u00f3n lo puede todo, porque tenemos en nosotros el germen de la omnipo\u00adtencia de Jesucristo.\u00bb (Repetici\u00f3n de oraci\u00f3n, 24-7-1655; Coste &#8230; <a href=\"http:\/\/vincentians.com\/es\/hermosos-textos-de-los-fundadores-audacia\/\" class=\"more-link\">Read More<\/a><\/p>\n","protected":false},"author":4,"featured_media":46096,"comment_status":"open","ping_status":"open","sticky":false,"template":"","format":"standard","meta":{"jetpack_post_was_ever_published":false,"_jetpack_newsletter_access":"","_jetpack_dont_email_post_to_subs":false,"_jetpack_newsletter_tier_id":0,"_jetpack_memberships_contains_paywalled_content":false,"_jetpack_memberships_contains_paid_content":false,"footnotes":"","jetpack_publicize_message":"","jetpack_publicize_feature_enabled":true,"jetpack_social_post_already_shared":true,"jetpack_social_options":{"image_generator_settings":{"template":"highway","default_image_id":0,"font":"","enabled":false},"version":2}},"categories":[226],"tags":[130,175,145,227,143,151],"class_list":["post-46095","post","type-post","status-publish","format-standard","has-post-thumbnail","hentry","category-espiritualidad-vicenciana","tag-beauvais","tag-folleville","tag-gannes","tag-maynard","tag-san-lazaro","tag-sor-turgis"],"yoast_head":"<!-- This site is optimized with the Yoast SEO plugin v26.3 - https:\/\/yoast.com\/wordpress\/plugins\/seo\/ -->\n<title>Hermosos textos de los Fundadores: Audacia - Somos Vicencianos<\/title>\n<meta name=\"robots\" content=\"index, follow, max-snippet:-1, max-image-preview:large, max-video-preview:-1\" \/>\n<link rel=\"canonical\" href=\"http:\/\/vincentians.com\/es\/hermosos-textos-de-los-fundadores-audacia\/\" \/>\n<meta property=\"og:locale\" content=\"es_ES\" \/>\n<meta property=\"og:type\" content=\"article\" \/>\n<meta property=\"og:title\" content=\"Hermosos textos de los Fundadores: Audacia - Somos Vicencianos\" \/>\n<meta property=\"og:description\" content=\"Fuentes: Dios \u00abSi nada podemos por nosotros mismos, lo podemos todo con Dios. S\u00ed, la Misi\u00f3n lo puede todo, porque tenemos en nosotros el germen de la omnipo\u00adtencia de Jesucristo.\u00bb (Repetici\u00f3n de oraci\u00f3n, 24-7-1655; Coste ... Read More\" \/>\n<meta property=\"og:url\" content=\"http:\/\/vincentians.com\/es\/hermosos-textos-de-los-fundadores-audacia\/\" \/>\n<meta property=\"og:site_name\" content=\"Somos Vicencianos\" \/>\n<meta property=\"article:publisher\" content=\"https:\/\/www.facebook.com\/WeAreVincentians\/\" \/>\n<meta property=\"article:author\" content=\"https:\/\/www.facebook.com\/JavierChento\" \/>\n<meta property=\"article:published_time\" content=\"2011-07-16T08:02:05+00:00\" \/>\n<meta name=\"author\" content=\"Francisco Javier Fern\u00e1ndez Chento\" \/>\n<meta name=\"twitter:card\" content=\"summary_large_image\" \/>\n<meta name=\"twitter:creator\" content=\"@https:\/\/twitter.com\/javierchento\" \/>\n<meta name=\"twitter:site\" content=\"@WeVincentians\" \/>\n<meta name=\"twitter:label1\" content=\"Escrito por\" \/>\n\t<meta name=\"twitter:data1\" content=\"Francisco Javier Fern\u00e1ndez Chento\" \/>\n\t<meta name=\"twitter:label2\" content=\"Tiempo de lectura\" \/>\n\t<meta name=\"twitter:data2\" content=\"18 minutos\" \/>\n<script type=\"application\/ld+json\" class=\"yoast-schema-graph\">{\"@context\":\"https:\/\/schema.org\",\"@graph\":[{\"@type\":\"Article\",\"@id\":\"http:\/\/vincentians.com\/es\/hermosos-textos-de-los-fundadores-audacia\/#article\",\"isPartOf\":{\"@id\":\"http:\/\/vincentians.com\/es\/hermosos-textos-de-los-fundadores-audacia\/\"},\"author\":{\"name\":\"Francisco Javier Fern\u00e1ndez Chento\",\"@id\":\"https:\/\/vincentians.com\/es\/#\/schema\/person\/9623ef4d9aa3b2dfb8c061f1499288f2\"},\"headline\":\"Hermosos textos de los Fundadores: Audacia\",\"datePublished\":\"2011-07-16T08:02:05+00:00\",\"mainEntityOfPage\":{\"@id\":\"http:\/\/vincentians.com\/es\/hermosos-textos-de-los-fundadores-audacia\/\"},\"wordCount\":3628,\"commentCount\":0,\"publisher\":{\"@id\":\"https:\/\/vincentians.com\/es\/#organization\"},\"image\":{\"@id\":\"http:\/\/vincentians.com\/es\/hermosos-textos-de-los-fundadores-audacia\/#primaryimage\"},\"thumbnailUrl\":\"\",\"keywords\":[\"Beauvais\",\"Folleville\",\"Gannes\",\"Maynard\",\"San L\u00e1zaro\",\"Sor Turgis\"],\"articleSection\":[\"Espiritualidad vicenciana\"],\"inLanguage\":\"es\",\"potentialAction\":[{\"@type\":\"CommentAction\",\"name\":\"Comment\",\"target\":[\"http:\/\/vincentians.com\/es\/hermosos-textos-de-los-fundadores-audacia\/#respond\"]}]},{\"@type\":\"WebPage\",\"@id\":\"http:\/\/vincentians.com\/es\/hermosos-textos-de-los-fundadores-audacia\/\",\"url\":\"http:\/\/vincentians.com\/es\/hermosos-textos-de-los-fundadores-audacia\/\",\"name\":\"Hermosos textos de los Fundadores: Audacia - Somos Vicencianos\",\"isPartOf\":{\"@id\":\"https:\/\/vincentians.com\/es\/#website\"},\"primaryImageOfPage\":{\"@id\":\"http:\/\/vincentians.com\/es\/hermosos-textos-de-los-fundadores-audacia\/#primaryimage\"},\"image\":{\"@id\":\"http:\/\/vincentians.com\/es\/hermosos-textos-de-los-fundadores-audacia\/#primaryimage\"},\"thumbnailUrl\":\"\",\"datePublished\":\"2011-07-16T08:02:05+00:00\",\"breadcrumb\":{\"@id\":\"http:\/\/vincentians.com\/es\/hermosos-textos-de-los-fundadores-audacia\/#breadcrumb\"},\"inLanguage\":\"es\",\"potentialAction\":[{\"@type\":\"ReadAction\",\"target\":[\"http:\/\/vincentians.com\/es\/hermosos-textos-de-los-fundadores-audacia\/\"]}]},{\"@type\":\"ImageObject\",\"inLanguage\":\"es\",\"@id\":\"http:\/\/vincentians.com\/es\/hermosos-textos-de-los-fundadores-audacia\/#primaryimage\",\"url\":\"\",\"contentUrl\":\"\"},{\"@type\":\"BreadcrumbList\",\"@id\":\"http:\/\/vincentians.com\/es\/hermosos-textos-de-los-fundadores-audacia\/#breadcrumb\",\"itemListElement\":[{\"@type\":\"ListItem\",\"position\":1,\"name\":\"Portada\",\"item\":\"https:\/\/vincentians.com\/es\/\"},{\"@type\":\"ListItem\",\"position\":2,\"name\":\"Hermosos textos de los Fundadores: Audacia\"}]},{\"@type\":\"WebSite\",\"@id\":\"https:\/\/vincentians.com\/es\/#website\",\"url\":\"https:\/\/vincentians.com\/es\/\",\"name\":\"Somos Vicencianos\",\"description\":\"Know more to serve more\",\"publisher\":{\"@id\":\"https:\/\/vincentians.com\/es\/#organization\"},\"potentialAction\":[{\"@type\":\"SearchAction\",\"target\":{\"@type\":\"EntryPoint\",\"urlTemplate\":\"https:\/\/vincentians.com\/es\/?s={search_term_string}\"},\"query-input\":{\"@type\":\"PropertyValueSpecification\",\"valueRequired\":true,\"valueName\":\"search_term_string\"}}],\"inLanguage\":\"es\"},{\"@type\":\"Organization\",\"@id\":\"https:\/\/vincentians.com\/es\/#organization\",\"name\":\"The Vincentian Network\",\"url\":\"https:\/\/vincentians.com\/es\/\",\"logo\":{\"@type\":\"ImageObject\",\"inLanguage\":\"es\",\"@id\":\"https:\/\/vincentians.com\/es\/#\/schema\/logo\/image\/\",\"url\":\"https:\/\/i1.wp.com\/vincentians.com\/es\/wp-content\/uploads\/sites\/11\/2016\/06\/Vincentian-Network-logo-big.png?fit=778%2C778\",\"contentUrl\":\"https:\/\/i1.wp.com\/vincentians.com\/es\/wp-content\/uploads\/sites\/11\/2016\/06\/Vincentian-Network-logo-big.png?fit=778%2C778\",\"width\":778,\"height\":778,\"caption\":\"The Vincentian Network\"},\"image\":{\"@id\":\"https:\/\/vincentians.com\/es\/#\/schema\/logo\/image\/\"},\"sameAs\":[\"https:\/\/www.facebook.com\/WeAreVincentians\/\",\"https:\/\/x.com\/WeVincentians\"]},{\"@type\":\"Person\",\"@id\":\"https:\/\/vincentians.com\/es\/#\/schema\/person\/9623ef4d9aa3b2dfb8c061f1499288f2\",\"name\":\"Francisco Javier Fern\u00e1ndez Chento\",\"image\":{\"@type\":\"ImageObject\",\"inLanguage\":\"es\",\"@id\":\"https:\/\/vincentians.com\/es\/#\/schema\/person\/image\/\",\"url\":\"https:\/\/secure.gravatar.com\/avatar\/497d5cde87b4c3d097d0315953521681ba2cd523ee66e5077c3711f7021e65de?s=96&d=mm&r=g\",\"contentUrl\":\"https:\/\/secure.gravatar.com\/avatar\/497d5cde87b4c3d097d0315953521681ba2cd523ee66e5077c3711f7021e65de?s=96&d=mm&r=g\",\"caption\":\"Francisco Javier Fern\u00e1ndez Chento\"},\"description\":\"Director General y cofundador de La Red de Formaci\u00f3n Vicenciana. Javier es laico vicenciano, afiliado a la Congregaci\u00f3n de la Misi\u00f3n y miembro del Equipo de Misiones Populares de la provincia can\u00f3nica de Zaragoza (Espa\u00f1a) de la Congregaci\u00f3n de la Misi\u00f3n. Graduado en la Universidad Oberta de Catalunya con cuatro grados (Asistente de direcci\u00f3n, Gesti\u00f3n Administrativa, Recursos Humanos y Contabilidad Avanzada). Bil\u00edng\u00fce Espa\u00f1ol\/Ingl\u00e9s. gestiona y mantiene varias p\u00e1ginas web cristianas y vicencianas, incluida including La Red de Formaci\u00f3n Vicenciana, de la que es cofundador. Actualmente es responsable del \u00e1rea de Espa\u00f1ol de .famvin, la Red de Noticias de la Familia Vicenciana. Tambi\u00e9n es m\u00fasico cat\u00f3lico y ha editado varios discos. Es Director General y cofundador de Trovador, una reconocida compa\u00f1\u00eda discogr\u00e1fica critiana de Espa\u00f1a. Trabaja en las Tecnolog\u00edas de la Informaci\u00f3n, ofreciendo servicios de alojamiento, dise\u00f1o y mantenimiento Web, as\u00ed como asesoramiento, formaci\u00f3n y soluciones inform\u00e1ticas, gesti\u00f3n documental y digitalizaci\u00f3n de textos, edici\u00f3n y maquetaci\u00f3n de libros, revistas, flyers, etc.\",\"sameAs\":[\"http:\/\/chento.org\",\"https:\/\/www.facebook.com\/JavierChento\",\"https:\/\/x.com\/https:\/\/twitter.com\/javierchento\"],\"url\":\"http:\/\/vincentians.com\/es\/author\/chento\/\"}]}<\/script>\n<!-- \/ Yoast SEO plugin. -->","yoast_head_json":{"title":"Hermosos textos de los Fundadores: Audacia - Somos Vicencianos","robots":{"index":"index","follow":"follow","max-snippet":"max-snippet:-1","max-image-preview":"max-image-preview:large","max-video-preview":"max-video-preview:-1"},"canonical":"http:\/\/vincentians.com\/es\/hermosos-textos-de-los-fundadores-audacia\/","og_locale":"es_ES","og_type":"article","og_title":"Hermosos textos de los Fundadores: Audacia - Somos Vicencianos","og_description":"Fuentes: Dios \u00abSi nada podemos por nosotros mismos, lo podemos todo con Dios. S\u00ed, la Misi\u00f3n lo puede todo, porque tenemos en nosotros el germen de la omnipo\u00adtencia de Jesucristo.\u00bb (Repetici\u00f3n de oraci\u00f3n, 24-7-1655; Coste ... Read More","og_url":"http:\/\/vincentians.com\/es\/hermosos-textos-de-los-fundadores-audacia\/","og_site_name":"Somos Vicencianos","article_publisher":"https:\/\/www.facebook.com\/WeAreVincentians\/","article_author":"https:\/\/www.facebook.com\/JavierChento","article_published_time":"2011-07-16T08:02:05+00:00","author":"Francisco Javier Fern\u00e1ndez Chento","twitter_card":"summary_large_image","twitter_creator":"@https:\/\/twitter.com\/javierchento","twitter_site":"@WeVincentians","twitter_misc":{"Escrito por":"Francisco Javier Fern\u00e1ndez Chento","Tiempo de lectura":"18 minutos"},"schema":{"@context":"https:\/\/schema.org","@graph":[{"@type":"Article","@id":"http:\/\/vincentians.com\/es\/hermosos-textos-de-los-fundadores-audacia\/#article","isPartOf":{"@id":"http:\/\/vincentians.com\/es\/hermosos-textos-de-los-fundadores-audacia\/"},"author":{"name":"Francisco Javier Fern\u00e1ndez Chento","@id":"https:\/\/vincentians.com\/es\/#\/schema\/person\/9623ef4d9aa3b2dfb8c061f1499288f2"},"headline":"Hermosos textos de los Fundadores: Audacia","datePublished":"2011-07-16T08:02:05+00:00","mainEntityOfPage":{"@id":"http:\/\/vincentians.com\/es\/hermosos-textos-de-los-fundadores-audacia\/"},"wordCount":3628,"commentCount":0,"publisher":{"@id":"https:\/\/vincentians.com\/es\/#organization"},"image":{"@id":"http:\/\/vincentians.com\/es\/hermosos-textos-de-los-fundadores-audacia\/#primaryimage"},"thumbnailUrl":"","keywords":["Beauvais","Folleville","Gannes","Maynard","San L\u00e1zaro","Sor Turgis"],"articleSection":["Espiritualidad vicenciana"],"inLanguage":"es","potentialAction":[{"@type":"CommentAction","name":"Comment","target":["http:\/\/vincentians.com\/es\/hermosos-textos-de-los-fundadores-audacia\/#respond"]}]},{"@type":"WebPage","@id":"http:\/\/vincentians.com\/es\/hermosos-textos-de-los-fundadores-audacia\/","url":"http:\/\/vincentians.com\/es\/hermosos-textos-de-los-fundadores-audacia\/","name":"Hermosos textos de los Fundadores: Audacia - Somos Vicencianos","isPartOf":{"@id":"https:\/\/vincentians.com\/es\/#website"},"primaryImageOfPage":{"@id":"http:\/\/vincentians.com\/es\/hermosos-textos-de-los-fundadores-audacia\/#primaryimage"},"image":{"@id":"http:\/\/vincentians.com\/es\/hermosos-textos-de-los-fundadores-audacia\/#primaryimage"},"thumbnailUrl":"","datePublished":"2011-07-16T08:02:05+00:00","breadcrumb":{"@id":"http:\/\/vincentians.com\/es\/hermosos-textos-de-los-fundadores-audacia\/#breadcrumb"},"inLanguage":"es","potentialAction":[{"@type":"ReadAction","target":["http:\/\/vincentians.com\/es\/hermosos-textos-de-los-fundadores-audacia\/"]}]},{"@type":"ImageObject","inLanguage":"es","@id":"http:\/\/vincentians.com\/es\/hermosos-textos-de-los-fundadores-audacia\/#primaryimage","url":"","contentUrl":""},{"@type":"BreadcrumbList","@id":"http:\/\/vincentians.com\/es\/hermosos-textos-de-los-fundadores-audacia\/#breadcrumb","itemListElement":[{"@type":"ListItem","position":1,"name":"Portada","item":"https:\/\/vincentians.com\/es\/"},{"@type":"ListItem","position":2,"name":"Hermosos textos de los Fundadores: Audacia"}]},{"@type":"WebSite","@id":"https:\/\/vincentians.com\/es\/#website","url":"https:\/\/vincentians.com\/es\/","name":"Somos Vicencianos","description":"Know more to serve more","publisher":{"@id":"https:\/\/vincentians.com\/es\/#organization"},"potentialAction":[{"@type":"SearchAction","target":{"@type":"EntryPoint","urlTemplate":"https:\/\/vincentians.com\/es\/?s={search_term_string}"},"query-input":{"@type":"PropertyValueSpecification","valueRequired":true,"valueName":"search_term_string"}}],"inLanguage":"es"},{"@type":"Organization","@id":"https:\/\/vincentians.com\/es\/#organization","name":"The Vincentian Network","url":"https:\/\/vincentians.com\/es\/","logo":{"@type":"ImageObject","inLanguage":"es","@id":"https:\/\/vincentians.com\/es\/#\/schema\/logo\/image\/","url":"https:\/\/i1.wp.com\/vincentians.com\/es\/wp-content\/uploads\/sites\/11\/2016\/06\/Vincentian-Network-logo-big.png?fit=778%2C778","contentUrl":"https:\/\/i1.wp.com\/vincentians.com\/es\/wp-content\/uploads\/sites\/11\/2016\/06\/Vincentian-Network-logo-big.png?fit=778%2C778","width":778,"height":778,"caption":"The Vincentian Network"},"image":{"@id":"https:\/\/vincentians.com\/es\/#\/schema\/logo\/image\/"},"sameAs":["https:\/\/www.facebook.com\/WeAreVincentians\/","https:\/\/x.com\/WeVincentians"]},{"@type":"Person","@id":"https:\/\/vincentians.com\/es\/#\/schema\/person\/9623ef4d9aa3b2dfb8c061f1499288f2","name":"Francisco Javier Fern\u00e1ndez Chento","image":{"@type":"ImageObject","inLanguage":"es","@id":"https:\/\/vincentians.com\/es\/#\/schema\/person\/image\/","url":"https:\/\/secure.gravatar.com\/avatar\/497d5cde87b4c3d097d0315953521681ba2cd523ee66e5077c3711f7021e65de?s=96&d=mm&r=g","contentUrl":"https:\/\/secure.gravatar.com\/avatar\/497d5cde87b4c3d097d0315953521681ba2cd523ee66e5077c3711f7021e65de?s=96&d=mm&r=g","caption":"Francisco Javier Fern\u00e1ndez Chento"},"description":"Director General y cofundador de La Red de Formaci\u00f3n Vicenciana. Javier es laico vicenciano, afiliado a la Congregaci\u00f3n de la Misi\u00f3n y miembro del Equipo de Misiones Populares de la provincia can\u00f3nica de Zaragoza (Espa\u00f1a) de la Congregaci\u00f3n de la Misi\u00f3n. Graduado en la Universidad Oberta de Catalunya con cuatro grados (Asistente de direcci\u00f3n, Gesti\u00f3n Administrativa, Recursos Humanos y Contabilidad Avanzada). Bil\u00edng\u00fce Espa\u00f1ol\/Ingl\u00e9s. gestiona y mantiene varias p\u00e1ginas web cristianas y vicencianas, incluida including La Red de Formaci\u00f3n Vicenciana, de la que es cofundador. Actualmente es responsable del \u00e1rea de Espa\u00f1ol de .famvin, la Red de Noticias de la Familia Vicenciana. Tambi\u00e9n es m\u00fasico cat\u00f3lico y ha editado varios discos. Es Director General y cofundador de Trovador, una reconocida compa\u00f1\u00eda discogr\u00e1fica critiana de Espa\u00f1a. Trabaja en las Tecnolog\u00edas de la Informaci\u00f3n, ofreciendo servicios de alojamiento, dise\u00f1o y mantenimiento Web, as\u00ed como asesoramiento, formaci\u00f3n y soluciones inform\u00e1ticas, gesti\u00f3n documental y digitalizaci\u00f3n de textos, edici\u00f3n y maquetaci\u00f3n de libros, revistas, flyers, etc.","sameAs":["http:\/\/chento.org","https:\/\/www.facebook.com\/JavierChento","https:\/\/x.com\/https:\/\/twitter.com\/javierchento"],"url":"http:\/\/vincentians.com\/es\/author\/chento\/"}]}},"jetpack_publicize_connections":[],"jetpack_featured_media_url":"","jetpack_sharing_enabled":true,"jetpack_shortlink":"https:\/\/wp.me\/p7ETMF-bZt","jetpack-related-posts":[{"id":387156,"url":"http:\/\/vincentians.com\/es\/en-comunidad-fraterna-y-espiritual\/","url_meta":{"origin":46095,"position":0},"title":"En comunidad fraterna y espiritual","author":"Mitxel Olabu\u00e9naga","date":"07\/03\/2016","format":false,"excerpt":"\u00abOs lo digo otra vez: Si aqu\u00ed en la tierra dos de vos\u00adotros se ponen de acuerdo, cualquier asunto por el que pidan les resultar\u00e1, por obra de mi Padre del cielo, pues donde est\u00e1n dos o tres re\u00adunidos apelando a m\u00ed, all\u00ed, en medio de ellos, estoy yo\u00bb. (Mt\u2026","rel":"","context":"En \u00abEspiritualidad\u00bb","block_context":{"text":"Espiritualidad","link":"http:\/\/vincentians.com\/es\/category\/espiritualidad\/"},"img":{"alt_text":"asd","src":"https:\/\/i0.wp.com\/vicencianos.org\/wp-content\/uploads\/2016\/03\/asd-300x227.jpg?resize=350%2C200","width":350,"height":200},"classes":[]},{"id":142315,"url":"http:\/\/vincentians.com\/es\/dadme-un-hombre-de-oracion\/","url_meta":{"origin":46095,"position":1},"title":"\u00abDadme un hombre de oraci\u00f3n\u00bb","author":"Francisco Javier Fern\u00e1ndez Chento","date":"13\/04\/2015","format":false,"excerpt":"\u00abNinguna situaci\u00f3n tiene se\u00adcretos para m\u00ed, ni estar har\u00adto, ni pasar hambre, ni tener sobra, ni pasar falta; para todo me siento con fuerzas, gracias al que me robustece\u00bb. (Flp 4,12-13). \u00abDadme un hombre de ora\u00adci\u00f3n y ser\u00e1 capaz de todo'\u00bb (SV XI 83; ES XI 778). En efecto, seg\u00fan\u2026","rel":"","context":"En \u00abEspiritualidad vicenciana\u00bb","block_context":{"text":"Espiritualidad vicenciana","link":"http:\/\/vincentians.com\/es\/category\/espiritualidad\/espiritualidad-vicenciana\/"},"img":{"alt_text":"oracion-viva1","src":"https:\/\/i0.wp.com\/vicencianos.org\/wp-content\/2015\/04\/oracion-viva1-300x200.jpg?resize=350%2C200","width":350,"height":200},"classes":[]},{"id":117773,"url":"http:\/\/vincentians.com\/es\/dedicarse-con-afan-a-la-propia-perfeccion\/","url_meta":{"origin":46095,"position":2},"title":"Dedicarse con af\u00e1n a la propia perfecci\u00f3n","author":"Francisco Javier Fern\u00e1ndez Chento","date":"23\/05\/2015","format":false,"excerpt":"1) Vocaci\u00f3n universal a la santidad Todos los fieles de cualquier estado y condici\u00f3n, est\u00e1n llamados a la ple\u00adnitud de la caridad, santidad en la cual, en la sociedad terrena, se pro\u00admueve un modo de vivir m\u00e1s humano. 1. La vocaci\u00f3n, como el t\u00e9rmino lo indica, es una llamada a\u2026","rel":"","context":"En \u00abFormaci\u00f3n Vicenciana\u00bb","block_context":{"text":"Formaci\u00f3n Vicenciana","link":"http:\/\/vincentians.com\/es\/category\/formacion-vicenciana\/"},"img":{"alt_text":"perfeccion","src":"https:\/\/i0.wp.com\/vicencianos.org\/wp-content\/2013\/02\/perfeccion-300x170.jpg?resize=350%2C200","width":350,"height":200},"classes":[]},{"id":131923,"url":"http:\/\/vincentians.com\/es\/empujados-por-el-celo-misionero\/","url_meta":{"origin":46095,"position":3},"title":"Empujados por el celo misionero","author":"Francisco Javier Fern\u00e1ndez Chento","date":"08\/12\/2014","format":false,"excerpt":"\"Yo soy el modelo de pastor: conozco a las m\u00edas y las m\u00edas me conocen a m\u00ed, igual que mi Padre me conoce y yo conozco al Padre; adem\u00e1s, me desprendo de la vida de las ovejas. Tengo otras ovejas que no son de este recinto; tambi\u00e9n \u00e9stas tengo que\u2026","rel":"","context":"En \u00abEspiritualidad vicenciana\u00bb","block_context":{"text":"Espiritualidad vicenciana","link":"http:\/\/vincentians.com\/es\/category\/espiritualidad\/espiritualidad-vicenciana\/"},"img":{"alt_text":"celo_misionero","src":"https:\/\/i0.wp.com\/vicencianos.org\/wp-content\/2014\/12\/celo_misionero-300x197.png?resize=350%2C200","width":350,"height":200},"classes":[]},{"id":118402,"url":"http:\/\/vincentians.com\/es\/la-encarnacion-y-la-navidad-con-san-vicente\/","url_meta":{"origin":46095,"position":4},"title":"La Encarnaci\u00f3n y la Navidad con san Vicente","author":"Francisco Javier Fern\u00e1ndez Chento","date":"24\/03\/2020","format":false,"excerpt":"La Congregaci\u00f3n de la Misi\u00f3n fue fundada el 17 de abril de 1625 \" para honrar el misterio de la encarnaci\u00f3n, de la vida y la muerte de Jesucristo \", y la Bula que la instituye can\u00f3nicamente, el 12 de enero de 1633, especifica que \" Promover\u00e1n tambi\u00e9n el culto\u2026","rel":"","context":"En \u00abFormaci\u00f3n Vicenciana\u00bb","block_context":{"text":"Formaci\u00f3n Vicenciana","link":"http:\/\/vincentians.com\/es\/category\/formacion-vicenciana\/"},"img":{"alt_text":"","src":"https:\/\/i0.wp.com\/vincentians.com\/es\/wp-content\/uploads\/sites\/11\/2015\/02\/St_Vincent_De_Paul_-bible-1.jpg?fit=1200%2C630&resize=350%2C200","width":350,"height":200,"srcset":"https:\/\/i0.wp.com\/vincentians.com\/es\/wp-content\/uploads\/sites\/11\/2015\/02\/St_Vincent_De_Paul_-bible-1.jpg?fit=1200%2C630&resize=350%2C200 1x, https:\/\/i0.wp.com\/vincentians.com\/es\/wp-content\/uploads\/sites\/11\/2015\/02\/St_Vincent_De_Paul_-bible-1.jpg?fit=1200%2C630&resize=525%2C300 1.5x, https:\/\/i0.wp.com\/vincentians.com\/es\/wp-content\/uploads\/sites\/11\/2015\/02\/St_Vincent_De_Paul_-bible-1.jpg?fit=1200%2C630&resize=700%2C400 2x, https:\/\/i0.wp.com\/vincentians.com\/es\/wp-content\/uploads\/sites\/11\/2015\/02\/St_Vincent_De_Paul_-bible-1.jpg?fit=1200%2C630&resize=1050%2C600 3x"},"classes":[]},{"id":136568,"url":"http:\/\/vincentians.com\/es\/en-conversion-continua\/","url_meta":{"origin":46095,"position":5},"title":"En conversi\u00f3n continua","author":"Francisco Javier Fern\u00e1ndez Chento","date":"30\/01\/2015","format":false,"excerpt":"1. \u00abRecurrir a Dios por medio de la oraci\u00f3n\u00bb. La experiencia nos dicta que el Misionero corre el riesgo de perderse, mientras predica a otros, si no vive \u00e9l la doctrina evang\u00e9lica. La conversi\u00f3n continua obliga a la Congregaci\u00f3n entera y a cada uno de sus miembros a dejarse transformar\u2026","rel":"","context":"En \u00abEspiritualidad vicenciana\u00bb","block_context":{"text":"Espiritualidad vicenciana","link":"http:\/\/vincentians.com\/es\/category\/espiritualidad\/espiritualidad-vicenciana\/"},"img":{"alt_text":"conversio","src":"https:\/\/i0.wp.com\/vicencianos.org\/wp-content\/2015\/01\/conversio-300x199.jpg?resize=350%2C200","width":350,"height":200},"classes":[]}],"_links":{"self":[{"href":"http:\/\/vincentians.com\/es\/wp-json\/wp\/v2\/posts\/46095","targetHints":{"allow":["GET"]}}],"collection":[{"href":"http:\/\/vincentians.com\/es\/wp-json\/wp\/v2\/posts"}],"about":[{"href":"http:\/\/vincentians.com\/es\/wp-json\/wp\/v2\/types\/post"}],"author":[{"embeddable":true,"href":"http:\/\/vincentians.com\/es\/wp-json\/wp\/v2\/users\/4"}],"replies":[{"embeddable":true,"href":"http:\/\/vincentians.com\/es\/wp-json\/wp\/v2\/comments?post=46095"}],"version-history":[{"count":0,"href":"http:\/\/vincentians.com\/es\/wp-json\/wp\/v2\/posts\/46095\/revisions"}],"wp:featuredmedia":[{"embeddable":true,"href":"http:\/\/vincentians.com\/es\/wp-json\/"}],"wp:attachment":[{"href":"http:\/\/vincentians.com\/es\/wp-json\/wp\/v2\/media?parent=46095"}],"wp:term":[{"taxonomy":"category","embeddable":true,"href":"http:\/\/vincentians.com\/es\/wp-json\/wp\/v2\/categories?post=46095"},{"taxonomy":"post_tag","embeddable":true,"href":"http:\/\/vincentians.com\/es\/wp-json\/wp\/v2\/tags?post=46095"}],"curies":[{"name":"wp","href":"https:\/\/api.w.org\/{rel}","templated":true}]}}