{"id":45996,"date":"2021-09-29T08:08:34","date_gmt":"2021-09-29T06:08:34","guid":{"rendered":"http:\/\/somos.vicencianos.org\/?p=45996"},"modified":"2021-06-07T09:22:50","modified_gmt":"2021-06-07T07:22:50","slug":"los-seglares-vicentinos-y-el-carisma-vicenciano","status":"publish","type":"post","link":"http:\/\/vincentians.com\/es\/los-seglares-vicentinos-y-el-carisma-vicenciano\/","title":{"rendered":"Los seglares vicentinos y el carisma vicenciano"},"content":{"rendered":"<p>Presento aqu\u00ed una reflexi\u00f3n sobre la importancia del seglar vicentino en el pensamiento y la praxis hist\u00f3rica de San Vicente.<\/p>\n<p>Este estudio consta de los siguientes puntos:<\/p>\n<ul>\n<li>L\u00edneas esenciales del carisma de San Vicente de Pa\u00fal.<\/li>\n<li>Importancia del seglar en esta visi\u00f3n.<\/li>\n<li>La identidad propia de los seglares vicentinos hoy.<\/li>\n<li>Exigencias conciliares para un carisma din\u00e1mico y actual.<\/li>\n<\/ul>\n<h2><strong>I. L\u00edneas esenciales del carisma vicenciano<\/strong><\/h2>\n<p>El carisma vicenciano es <em>una <\/em>\u00ablectura\u00bb propia y original del Evangelio <em>en <\/em>compa\u00f1\u00eda de Vicente de Pa\u00fal. Ciertas facetas de la doctrina y pr\u00e1ctica de Jes\u00fas, seg\u00fan los evangelios, recobran especial relieve y van a ser en\u00adgendradoras de un modo de ver y actuar original de cara a la realidad his\u00adt\u00f3rica en que se encuentra Vicente. El carisma ser\u00e1 siempre una actitud din\u00e1mica y flexible. Es la respuesta del Esp\u00edritu a las exigencais cambian\u00adtes del entorno social humano. Por eso no pretendemos imitar a Vicente. Nos inspiramos en \u00e9l.<\/p>\n<p>Me parece que se puede resumir el carisma vicenciano en las siguientes ideas y posturas evang\u00e9licas:<\/p>\n<ol>\n<li><strong>Una opci\u00f3n afectiva y efectiva por el pobre, <\/strong>en especial el m\u00e1s ne\u00adcesitado. Esta opci\u00f3n ha de ser personal y colectiva. La asumo personal\u00admente y la asumimos los vicentinos juntos.<\/li>\n<li>Aprendo (aprendemos) a <strong>leer <\/strong>y vivir el <strong>Evangelio <\/strong>a partir <strong>de los pobres <\/strong>y con ellos. Esto implica <em>un <\/em>continuo proceso de conversi\u00f3n: cam\u00adbio de actitudes, compromiso fuerte por un mundo m\u00e1s justo y fraterno.<\/li>\n<li>Siguiendo los pasos de Jes\u00fas-Misionero, unir\u00e9 <strong>evangelizaci\u00f3n <\/strong>y <strong>dia\u00adcon\u00eda: <\/strong>anunciar\u00e9 el Evangelio y lo har\u00e9 \u00abefectivo\u00bb en mi servicio y mi acti\u00adtud de solidaridad con el marginado.<\/li>\n<li>Parto (partimos) de una profunda e indestructible vivencia de <strong>espe\u00adranza: <\/strong>Dios no deja defraudado al pobre. No nos abandona. El pueblo est\u00e1 caminando hacia la venida del Reino.<\/li>\n<li>Es preciso crear <strong>cauces concretos y pr\u00e1cticos <\/strong>para la generosidad del pueblo creyente, con la inventiva inagotable de la caridad cristiana, y esto con miras a una participaci\u00f3n de todos en el compromiso renovador de la sociedad.<\/li>\n<li>Lo m\u00e1s importante es la <strong>vivencia de la caridad, <\/strong>es decir: una actitud delicada en todo lo que hago, de modo que mi compromiso sea personal y personalizante. As\u00ed ser\u00e9 evangelizador y evangelizado. Mi servicio llegar\u00e1 a ser un encuentro con el otro, un signo de la futura sociedad del amor.<\/li>\n<\/ol>\n<p>Propiamente el carisma vicenciano es <strong>una nueva actitud, <\/strong>un nuevo modo de ser, una nueva visi\u00f3n, una nueva praxis de vida.<\/p>\n<p>Las seis ideas-gu\u00edas del carisma expuestas arriba, nos identifican a to\u00addos los vicentinos en el mundo: hermanas y misioneros, comunidades que se inspiran en San Vicente, como p.e. en Panam\u00e1 las Hermanas Misione\u00adras Catequistas de la Medalla Milagrosa y las distintas categor\u00edas ele se\u00adglares vicentinos. Todos compartimos el carisma como la base espiritual de nuestra acci\u00f3n en la Iglesia. El carisma vicenciano pertenece a la Igle\u00adsia y se ofrece por consiguiente tambi\u00e9n a los seglares como un camino de vida evang\u00e9lica. El carisma llega a ser cierto modo de ver y una viven\u00adcia especial del Evangelio. Pues las obras concretas de las conferencias, las hijas de la Caridad, los sacerdotes de la misi\u00f3n, las hijas de Mar\u00eda, el voluntariado vicentino, etc., son bien diferentes. No son las obras lo que nos definen. Es cierta visi\u00f3n y una pr\u00e1ctica concreta a ra\u00edz de esa visi\u00f3n, es el carisma lo que nos une.<\/p>\n<p>El P. Andr\u00e9s Dodin observa que es dif\u00edcil detallar todos los rasgos del carisma, el modo de ser de Vicente de Pa\u00fal de cara a la Iglesia y la socie\u00addad de su tiempo. Seg\u00fan Dodin el P. Fernando Portal, uno de los primeros promotores del ecumenismo y el P. Pouget, siendo ciego, un verdadero visionario y gu\u00eda de fil\u00f3sofos cristianos, eran hijos bien leg\u00edtimos y aut\u00e9n\u00adticos de Vicente de Pa\u00fal. Llevaban el sello del esp\u00edritu, del carisma vicen\u00adciano, aunque no eran misioneros entre los campesinos.<\/p>\n<p>Adem\u00e1s de lo dicho arriba sobre las l\u00edneas fundamentales del carisma, pueden agregarse como importantes: actitudes de sencillez, modestia, hu\u00admildad y audacia.<\/p>\n<h2><strong>II. El seglar en el movimiento vicentino<\/strong><\/h2>\n<p>Uso la palabra \u00abmovimiento\u00bb para la \u00abtriple familia\u00bb vicentina: herma\u00adnas, misioneros y seglares. Los vicentinos somos invitados a desencade\u00adnar en la Iglesia una corriente de compromiso con el pobre y el marginado. Est\u00e1 all\u00ed nuestro papel prof\u00e9tico de acicatear y empujar a la comunidad eclesial en su opci\u00f3n por el pobre. (Lo haremos con modestia, con humil\u00addad, en uni\u00f3n con otros, p.e. los franciscanos, pero tambi\u00e9n con valent\u00eda y creatividad).<\/p>\n<p>En este movimiento le cabe un lugar destacado al seglar. \u00bfPor qu\u00e9? Porque la primera obra vicentina fue una fundaci\u00f3n seglar, la Cofrad\u00eda de la Caridad. Y en esta cofrad\u00eda se revela el sello del carisma de Vicente de Pa\u00fal. La cofrad\u00eda plasma sus ideas b\u00e1sicas que resum\u00ed arriba.<\/p>\n<p>Tocamos aqu\u00ed un tema muy \u00abconciliar\u00bb y actual: la importancia del seglar en la Iglesia. El seglar ha de ser la \u00abconciencia eclesial\u00bb de la sociedad y la exigencia y el cuestionamiento continuo de esta sociedad en el coraz\u00f3n d la Iglesia. Es \u00e9sta no s\u00f3lo una expresi\u00f3n de la eclesiolog\u00eda actual. Se trata tambi\u00e9n de una consecuencia del carisma vicenciano.<\/p>\n<p>La opci\u00f3n por el pobre, la esperanza de un mundo de justicia, la apertura a los humildes de la tierra para que nos evangelicen, un puente hacia el hombre, un camino pr\u00e1ctico en el servicio al necesitado, todo eso se\u00f1ala al seglar como eje y centro en el movimiento eclesial vicentino. Las nue\u00advas constituciones de los misioneros vicentinos (de 1980) recalcan este enfoque de ir hacia el pobre, de conocer la realidad del pueblo, de buscar un servicio eficaz, de anunciar el mensaje evang\u00e9lico y \u00abhacerlo efectivo\u00bb, en otras palabras: de lograr un mundo renovado a trav\u00e9s del seglar, res\u00adponsable del compromiso temporal, siendo \u00absal, luz y fermento de cam\u00adbio\u00bb. Y en cuanto a las Hijas de la Caridad es oportuno recordar que la Compa\u00f1\u00eda arranc\u00f3 de una praxis evang\u00e9lica de j\u00f3venes seglares, de \u00abni\u00ad\u00f1as\u00bb del campo. La primera \u00abhija de la caridad\u00bb fue Margarita Naseau, seg\u00fan una afirmaci\u00f3n del mismo Se\u00f1or Vicente.<\/p>\n<p>La compa\u00f1\u00eda nace de una experiencia de servicio de seglares. Y esa experiencia es parte esencial y duradera del esp\u00edritu de la comunidad.<\/p>\n<p>Estas consideraciones me llevan a afirmar que el carisma vicenciano queda truncado y mermado si en alguna regi\u00f3n faltaran seglares para su pr\u00e1ctica apost\u00f3lica y diaconal. El movimiento vicentino debe usar tres carriles: el de los seglares, otro de sacerdotes y hermanos y otro para las hijas de la Caridad. Me atrevo a ir a\u00fan m\u00e1s lejos: una aut\u00e9ntica fide\u00adlidad al carisma en los padres y las hermanas y el consiguiente aumento de vocaciones, depender\u00e1 en gran medida de la vivencia del carisma entre los seglares. De modo que la continua renovaci\u00f3n de misioneros y her\u00admanas que nos piden nuestras constituciones estar\u00e1 en \u00edntima relaci\u00f3n con la promoci\u00f3n del seglar vicentino. Si animamos a los seglares en el esp\u00edritu vicenciano, \u00e9stos nos ayudar\u00e1n a ser fieles al carisma y esta fide\u00adlidad es a la vez la que atraer\u00e1 a j\u00f3venes que buscan un compromiso fuerte en favor del pobre.<\/p>\n<h2><strong>III. La crisis de identidad y los seglares vicentinos<\/strong><\/h2>\n<p>\u00bfQui\u00e9nes son los seglares vicentinos?<\/p>\n<p>Antes de formular una respuesta a esta pregunta, quiero agregar una precisi\u00f3n sobre la identidad propia de las diferentes comunidades y agru\u00adpaciones vicentinas.<\/p>\n<p>El carisma es el mismo. Lo compartimos y nos define en nuestra fisono\u00adm\u00eda espiritual b\u00e1sica. Pero cada grupo vive el carisma de modo original, se dedica a tareas diferentes, o ha escogido un \u00e1rea espec\u00edfica preferen\u00adcial. Tiene una identidad propia. Esto es necesario para la raz\u00f3n de ser del instituto o agrupaci\u00f3n.<\/p>\n<p>La identidad y el carisma son nociones din\u00e1micas que implican un con\u00adtinuo desarrollo, en una fidelidad creativa a los inicios, como expresi\u00f3n del soplo del Esp\u00edritu en la Iglesia. La identidad del sacerdote misionero es distinta de la de la Hija de la Caridad y no s\u00f3lo por raz\u00f3n de la diferen\u00adcia de sexo. Las dos comunidades se mueven en torno a los dos ejes vicencianos de evangelizaci\u00f3n y diacon\u00eda, pero es evidente que los misio\u00adneros son en primer lugar evangelizadores y las hermanas \u00abdiaconisas\u00bb (en un sentido literal). La identidad de las congregaciones apost\u00f3licas, las dos mencionadas, pero tambi\u00e9n varias obras que se inspiran en San Vi\u00adcente, tienen menos problemas para guardar su identidad que los grupos seglares. El v\u00ednculo permanente y un estado de vida de consagraci\u00f3n a Dios exigen <em>una <\/em>estructura interna bien definida, estatutos y reglamentos detallados en vista de mayores garant\u00edas de continuidad.<\/p>\n<p>Pese a esto, se da una cont\u00ednua crisis de identidad en todas las comu\u00adnidades apost\u00f3licas. S\u00f3lo en cuanto se interprete y se viva el carisma y la identidad en un continuo proceso creativo de b\u00fasqueda con una mirada hacia el pasado y otra hacia el futuro, puede una congregaci\u00f3n lograr su carta de legitimidad en la Iglesia. Si no responde m\u00e1s a una necesidad vivida, cesa su raz\u00f3n de ser.<\/p>\n<p>El problema de la propia identidad es, sin embargo, a\u00fan m\u00e1s grave en el caso de las agrupaciones de seglares vicentinos. Porque los miembros se sienten menos comprometidos, se da un v\u00ednculo menos fuerte y per\u00admanente. La vivencia de una m\u00edstica vicenciana ser\u00e1 por lo general menos intensa, porque no ha habido una formaci\u00f3n prolongada como es el caso de hermanas y sacerdotes. Una dificultad adicional podr\u00eda ser el reto a\u00fan m\u00e1s dif\u00edcil que encuentra el seglar de cara a la cambiante realidad temporal.<\/p>\n<p>Creo que se pueden distinguir cuatro grandes categor\u00edas de seglares vicentinos. Me parece que las cuatro tienen su raz\u00f3n de ser y su propia identidad, aunque la cuarta reviste varias formas y carece de reglamenta\u00adci\u00f3n propia interna.<\/p>\n<p>1) La primera categor\u00eda es la de la <strong>Cofrad\u00eda de la Caridad, <\/strong>actualmente Asociaci\u00f3n Internacional de la Caridad o Voluntariado vicentino (A.I.C.).<\/p>\n<p>Un elemento valioso de identidad es su origen vicenciano. Pero toda la problem\u00e1tica que ha vivido y a\u00fan vive la Iglesia que no quiere ser asisten\u00adcialista y paternalista (maternalista), sino promotora, dignificante y soli\u00addaria, se refleja en la asociaci\u00f3n en este per\u00edodo postconciliar. Si una asociaci\u00f3n de se\u00f1oras de la caridad llega a ser un selecto club de damas de la alta sociedad, que s\u00f3lo se reunen a veces para asignar una suma de dinero para alguna obra de beneficiencia, no est\u00e1n en la l\u00ednea del carisma vicenciano. Si el grupo se muere, no es preciso tratar de resucitarlo. No deja un vac\u00edo. Como grupo vicenciano le faltaba lo esencial.<\/p>\n<p>Resumiendo en pocas palabras esos <strong>aspectos esenciales <\/strong>dir\u00eda que son dos: <strong>fidelidad al carisma vicenciano <\/strong>y una <strong>b\u00fasqueda continua de vivir el esp\u00edritu conciliar y la opci\u00f3n por el pobre hoy.<\/strong><\/p>\n<p>En Am\u00e9rica Latina tenemos la carta magna de Puebla para este proceso de fidelidad. Un punto especial de la A.I.C. es <strong>la promoci\u00f3n de la mujer, <\/strong>especialmente en Am\u00e9rica Latina. El voluntariado se presenta en varias naciones, incluso en Panam\u00e1, como exclusivamente femenino.<\/p>\n<p>2) La segunda categor\u00eda de seglares vicentinos son las <strong>sociedades de San Vicente. <\/strong>En cuanto al n\u00famero total y organizaci\u00f3n interna es la m\u00e1s importante. Existe pues una fuerte identidad propia a partir de sus or\u00edge\u00adnes en Par\u00eds, con Federico Ozanam. Aunque hay puntos coincidentes con la A.I.C. la sociedad tiene un origen hist\u00f3rico distinto. Comparte la per\u00adcepci\u00f3n b\u00e1sica vicenciana de un servicio personal y personalizante al po\u00adbre, pero como caracter\u00edstica propia los vicentinos de Ozanam quieren imitar a \u00e9ste en una viva conciencia de responsabilidad de seglares en la vida p\u00fablica por medio del estudio y los medios de comunicaci\u00f3n.<\/p>\n<p>Tanto la A.I.C. como las sociedades de vicentinos necesitan de un ase\u00adsoramiento de sacerdotes de la Misi\u00f3n u otros padres o hermanas familia\u00adrizados con el carisma vicenciano al servicio de su propia identidad.<\/p>\n<p>3) Una tercera categor\u00eda de seglares son las <strong>Hijas de Mar\u00eda <\/strong>o <strong>grupos marianos, <\/strong>Juventudes Marianas Vicentinas (J.M.V.) en torno a la Virgen de la Medalla Milagrosa. A partir de las apariciones de 1830 en la calle du Bac la Capilla de la Milagrosa ha llegado a ser un centro de inspiraci\u00f3n mariana. Las formas tradicionales de este movimiento seglar sufrieron una fuerte crisis despu\u00e9s del Concilio, pero a ra\u00edz de una mejor profundizaci\u00f3n teol\u00f3gica y una mayor orientaci\u00f3n al apostolado se est\u00e1n encontrando nue\u00advas estructuras variadas y flexibles para esta categor\u00eda de seglares vicen\u00adtinos. Sus tres rasgos distintivos m\u00e1s notables parecen ser \u00e9stos:<\/p>\n<p style=\"padding-left: 30px\">a) Se escoge a la Inmaculada, la Virgen de la Medalla, como inspira\u00addora y gu\u00eda en el caminar con Jes\u00fas hacia el Padre.<\/p>\n<p style=\"padding-left: 30px\">b) El grupo mariano me ayuda a discernir la voluntad de Dios en mi vida. Se trata pues de un grupo de apostolado vocacional.<\/p>\n<p style=\"padding-left: 30px\">c) Se afianza mi inserci\u00f3n eclesial encauz\u00e1ndome hacia una tarea con\u00adcreta de evangelizaci\u00f3n.<\/p>\n<p>Por la similitud de metas el movimiento mariano juvenil o pre-jw<sup>,<\/sup>e<sup>.<\/sup>-11 se enriquece por una participaci\u00f3n en la obra pontificia de la ni\u00f1ez y ju\u00adventud misioneras.<\/p>\n<p>Aqu\u00ed tambi\u00e9n es valioso un asesoramiento vicenciano y mariano para asegurar una buena base doctrinal.<\/p>\n<p>4) La cuarta categor\u00eda son los <strong>seglares misioneros, catequistas, dele\u00adgados de la Palabra y coordinadores de grupos de base, afiliados a la labor evangelizadora de sacerdotes C.M. o hermanas vicentinas. <\/strong>Estos seglares carecen de una estructura interna propia. Es central su servicio ectasial a la comunidad. All\u00ed est\u00e1 su raz\u00f3n de ser y su identidad. En Am\u00e9rica Latina estos seglares querr\u00e1n llevar a la pr\u00e1ctica pastoral las recomendaciones de Medell\u00edn y Puebla y las percepciones centrales de una eclesiolog\u00eda que apunta al Reino y los valores de justicia y solidaridad.<\/p>\n<p>El fuerte de esta categor\u00eda es su af\u00e1n de estar al d\u00eda y de realizar una efectiva opci\u00f3n por el pobre. Pero se perfila un problema serio: Se nece\u00adsita de una reflexi\u00f3n continua sobre el carisma vicenciano tanto para la profundizaci\u00f3n personal como para un justo discernimiento social y pol\u00ed\u00adtico desde el Evangelio. De lo contrario se pierde la identidad vicenciana. Y esa identidad guarda firme la motivaci\u00f3n.<\/p>\n<p>Conviene el asesoramiento de un sacerdote o hermana con miras a una base ideol\u00f3gica bien equilibrada y a la vez motivadora en orden al com\u00adpromiso apost\u00f3lico.<\/p>\n<p>\u00bfSe necesita tambi\u00e9n de alguna estructura interna para estos grupos de seglares vicentinos? No me atrevo a contestar a esta pregunta.<\/p>\n<p>Algunos dir\u00e1n que no, porque su identidad est\u00e1 en su inserci\u00f3n en la comunidad local, como se dijo arriba. Otros dir\u00e1n que s\u00ed, porque sin alguna estructura interna la m\u00edstica de entrega al apostolado se debilitar\u00e1. Lo que comienza como un movimiento apost\u00f3lico abierto termina pronto en un peque\u00f1o club de amigos. Estos se dedican por unos a\u00f1os a tareas de evan\u00adgelizaci\u00f3n y pronto cada uno va por su propio rumbo y no hay continuaci\u00f3n.<\/p>\n<p>Quiz\u00e1s podemos concluir que alguna estructura interna, flexible y de acuerdo con la realidad del seglar, s\u00ed conviene. Esa estructura debe garan\u00adtizar el estudio b\u00edblico, la reflexi\u00f3n sobre el carisma y sus exigencias y la continua formaci\u00f3n espiritual.<\/p>\n<p>Los que asesoran grupos, deben situarse exclusivamente en el terreno de la formaci\u00f3n vicenciana, respetando plenamente la autonom\u00eda del mo\u00advimiento seglar, las obras y la administraci\u00f3n de fondos.<\/p>\n<p>Para un movimiento aut\u00e9ntico es indispensable que los mismos segla\u00adres encuentren su camino propio como seglares y vicentinos en el que\u00adhacer de la Iglesia y la sociedad. Que no se \u00abclericalice\u00bb el grupo. Que se respete su identidad laical. De ella depende su verdadera proyecci\u00f3n social y su papel prof\u00e9tico de promover los valores del Reino.<\/p>\n<h2><strong>IV. Exigencias conciliares para un carisma din\u00e1mico y actual<\/strong><\/h2>\n<p>Me parece que son cuatro las exigencias b\u00e1sicas consecuentes del concilio. Ya hice alguna referencia a ellas en lo anterior.<\/p>\n<p><strong>Un carisma din\u00e1mico y actual ha de ser:<\/strong><\/p>\n<ol>\n<li>Inventivo, creativo, el\u00e1stico, pero en una l\u00ednea de profunda fideli\u00addad al pasado.<\/li>\n<li>Supone una reflexi\u00f3n teol\u00f3gica y un af\u00e1n de renovaci\u00f3n personal.<\/li>\n<li>Una fuerte vivencia de inserci\u00f3n eclesial.<\/li>\n<li>Los vicentinos: misioneros, hermanas y seglares, haremos bien en integrar <strong>equipos vicentinos. <\/strong>Se pide una coordinaci\u00f3n en las activi\u00addades evangelizadora y diaconal.<\/li>\n<\/ol>\n<p><strong>I. <\/strong><strong>Creatividad y fidelidad: <\/strong>A partir del carisma y la propia identidad debemos buscar respuestas concretas al cuestionamiento que nos ofrece la sociedad y al reto de la historia de nuestro pueblo. \u00bfC\u00f3mo ser\u00e9 solidario con \u00e9l como vicentino? \u00bfC\u00f3mo unir fidelidad e inventividad, humildad y audacia, un servicio eficaz y un aut\u00e9ntico signo prof\u00e9tico, asistencia y pro\u00adfetismo, caridad y, justicia, evangelizaci\u00f3n y concientizaci\u00f3n, etc.? Siem\u00adpre habr\u00e1 necesidad de mantenerme en una continua b\u00fasqueda, bajo el so\u00adplo del Esp\u00edritu.<\/p>\n<p><strong>II. <\/strong><strong>Reflexi\u00f3n teol\u00f3gica y renovaci\u00f3n personal: <\/strong>El carisma me invita a una conversi\u00f3n incesante y a un estudio de reflexi\u00f3n a la luz de la palabra de Dios. Y esto a nivel personal y a nivel colectivo.<\/p>\n<p><strong>III. <\/strong><strong>Inserci\u00f3n eclesial: <\/strong>El carisma pertenece a la Iglesia y se vive \u00aben Iglesia\u00bb. No somos grupos aislados. Es evidente la proyecci\u00f3n eclesial de los grandes vicentinos de nuestra historia: Vicente de Pa\u00fal, Luisa de Mari\u00adIlac, Justino de Jacobis, Catalina Labour\u00e9, Juan Gabriel Perboyre, Francis\u00adco Regis Clet, los beatos de la revoluci\u00f3n francesa, Ana Elizabet Seton, Sor Rosal\u00eda, Federico Ozanam, de Andreis, Fernando Portal, etc. Son todos hombres y mujeres de Iglesia.<\/p>\n<p>La inserci\u00f3n es a la vez local y universal. Soy miembro de esta iglesia particular y de la cat\u00f3lica. Arraigado en esta parroquia, en esta di\u00f3cesis, en esta naci\u00f3n, p.e. Panam\u00e1, vibro con la dimensi\u00f3n del mundo. Me iden\u00adtifico con la iglesia centroamericana, con la de Am\u00e9rica Latina, la de Pue\u00adbla, viviendo las opciones pastorales de la paname\u00f1a.<\/p>\n<p>La vertiente local de mi inserci\u00f3n en la Iglesia, el saberme parte de esta parroquia o comunidad es el aspecto m\u00e1s importante de esta dimensi\u00f3n eclesial.<\/p>\n<p>La Iglesia es una realidad que crece desde la base y en la base.<\/p>\n<p><strong>IV. <\/strong><strong>Hacia la integraci\u00f3n de equipos vicentinos<\/strong><\/p>\n<p>El esp\u00edritu conciliar nos empuja hacia una coordinaci\u00f3n de fuerzas apos\u00adt\u00f3licas y una apertura eclesial y ecum\u00e9nica con miras a la promoci\u00f3n de los valores evang\u00e9licos en el mundo. Esta din\u00e1mica del Esp\u00edritu coincide con una exigencia interna del carisma vicenciano. Este se presenta como una invitaci\u00f3n insistente a sacerdotes, hijas de la Caridad y seglares, a hermanas solteras y se\u00f1oras casadas, a j\u00f3venes y mayores, a todos, a que asumamos juntos una opci\u00f3n real por el pobre y una conversi\u00f3n aut\u00e9nt:ca de un compartir en solidaridad. Vicente quiere crear cauces para el anun\u00adcio y la vivencia de la Buena Nueva, fermento transformador de la historia para su \u00abtriple familia\u00bb.<\/p>\n<p>En t\u00e9rminos concretos se nos invita a que coordinemos nuestras tareas de <strong>evangelizaci\u00f3n y diacon\u00eda, <\/strong>que nos integremos en <strong>equipos vicentinos. <\/strong>Vicente dio el ejemplo. Otra vez en varias partes del mundo se est\u00e1n es\u00adtrenando nuevas formas de integraci\u00f3n de equipos.<\/p>\n<p>Llego as\u00ed al final de este peque\u00f1o estudio vicenciano. Espero que pueda servir de animaci\u00f3n para los diferentes grupos de seglares vicentinos en Panam\u00e1 y Am\u00e9rica Latina.<\/p>\n","protected":false},"excerpt":{"rendered":"<p>Presento aqu\u00ed una reflexi\u00f3n sobre la importancia del seglar vicentino en el pensamiento y la praxis hist\u00f3rica de San Vicente. Este estudio consta de los siguientes puntos: L\u00edneas esenciales del carisma de San Vicente de &#8230; <a href=\"http:\/\/vincentians.com\/es\/los-seglares-vicentinos-y-el-carisma-vicenciano\/\" class=\"more-link\">Read More<\/a><\/p>\n","protected":false},"author":4,"featured_media":400028,"comment_status":"open","ping_status":"open","sticky":false,"template":"","format":"standard","meta":{"jetpack_post_was_ever_published":false,"_jetpack_newsletter_access":"","_jetpack_dont_email_post_to_subs":false,"_jetpack_newsletter_tier_id":0,"_jetpack_memberships_contains_paywalled_content":false,"_jetpack_memberships_contains_paid_content":false,"footnotes":"","jetpack_publicize_message":"","jetpack_publicize_feature_enabled":true,"jetpack_social_post_already_shared":true,"jetpack_social_options":{"image_generator_settings":{"template":"highway","default_image_id":0,"font":"","enabled":false},"version":2}},"categories":[28],"tags":[196],"class_list":["post-45996","post","type-post","status-publish","format-standard","has-post-thumbnail","hentry","category-formacion-vicenciana","tag-perboyre"],"yoast_head":"<!-- This site is optimized with the Yoast SEO plugin v26.3 - https:\/\/yoast.com\/wordpress\/plugins\/seo\/ -->\n<title>Los seglares vicentinos y el carisma vicenciano - Somos Vicencianos<\/title>\n<meta name=\"robots\" content=\"index, follow, max-snippet:-1, max-image-preview:large, max-video-preview:-1\" \/>\n<link rel=\"canonical\" href=\"http:\/\/vincentians.com\/es\/los-seglares-vicentinos-y-el-carisma-vicenciano\/\" \/>\n<meta property=\"og:locale\" content=\"es_ES\" \/>\n<meta property=\"og:type\" content=\"article\" \/>\n<meta property=\"og:title\" content=\"Los seglares vicentinos y el carisma vicenciano - Somos Vicencianos\" \/>\n<meta property=\"og:description\" content=\"Presento aqu\u00ed una reflexi\u00f3n sobre la importancia del seglar vicentino en el pensamiento y la praxis hist\u00f3rica de San Vicente. Este estudio consta de los siguientes puntos: L\u00edneas esenciales del carisma de San Vicente de ... Read More\" \/>\n<meta property=\"og:url\" content=\"http:\/\/vincentians.com\/es\/los-seglares-vicentinos-y-el-carisma-vicenciano\/\" \/>\n<meta property=\"og:site_name\" content=\"Somos Vicencianos\" \/>\n<meta property=\"article:publisher\" content=\"https:\/\/www.facebook.com\/WeAreVincentians\/\" \/>\n<meta property=\"article:author\" content=\"https:\/\/www.facebook.com\/JavierChento\" \/>\n<meta property=\"article:published_time\" content=\"2021-09-29T06:08:34+00:00\" \/>\n<meta property=\"og:image\" content=\"https:\/\/i0.wp.com\/vincentians.com\/es\/wp-content\/uploads\/sites\/11\/2016\/09\/ozanam-candelas.jpg?fit=1200%2C630\" \/>\n\t<meta property=\"og:image:width\" content=\"1200\" \/>\n\t<meta property=\"og:image:height\" content=\"630\" \/>\n\t<meta property=\"og:image:type\" content=\"image\/jpeg\" \/>\n<meta name=\"author\" content=\"Francisco Javier Fern\u00e1ndez Chento\" \/>\n<meta name=\"twitter:card\" content=\"summary_large_image\" \/>\n<meta name=\"twitter:creator\" content=\"@https:\/\/twitter.com\/javierchento\" \/>\n<meta name=\"twitter:site\" content=\"@WeVincentians\" \/>\n<meta name=\"twitter:label1\" content=\"Escrito por\" \/>\n\t<meta name=\"twitter:data1\" content=\"Francisco Javier Fern\u00e1ndez Chento\" \/>\n\t<meta name=\"twitter:label2\" content=\"Tiempo de lectura\" \/>\n\t<meta name=\"twitter:data2\" content=\"17 minutos\" \/>\n<script type=\"application\/ld+json\" class=\"yoast-schema-graph\">{\"@context\":\"https:\/\/schema.org\",\"@graph\":[{\"@type\":\"Article\",\"@id\":\"http:\/\/vincentians.com\/es\/los-seglares-vicentinos-y-el-carisma-vicenciano\/#article\",\"isPartOf\":{\"@id\":\"http:\/\/vincentians.com\/es\/los-seglares-vicentinos-y-el-carisma-vicenciano\/\"},\"author\":{\"name\":\"Francisco Javier Fern\u00e1ndez Chento\",\"@id\":\"http:\/\/vincentians.com\/es\/#\/schema\/person\/9623ef4d9aa3b2dfb8c061f1499288f2\"},\"headline\":\"Los seglares vicentinos y el carisma vicenciano\",\"datePublished\":\"2021-09-29T06:08:34+00:00\",\"mainEntityOfPage\":{\"@id\":\"http:\/\/vincentians.com\/es\/los-seglares-vicentinos-y-el-carisma-vicenciano\/\"},\"wordCount\":3470,\"commentCount\":0,\"publisher\":{\"@id\":\"http:\/\/vincentians.com\/es\/#organization\"},\"image\":{\"@id\":\"http:\/\/vincentians.com\/es\/los-seglares-vicentinos-y-el-carisma-vicenciano\/#primaryimage\"},\"thumbnailUrl\":\"https:\/\/i0.wp.com\/vincentians.com\/es\/wp-content\/uploads\/sites\/11\/2016\/09\/ozanam-candelas.jpg?fit=1200%2C630\",\"keywords\":[\"Perboyre\"],\"articleSection\":[\"Formaci\u00f3n Vicenciana\"],\"inLanguage\":\"es\",\"potentialAction\":[{\"@type\":\"CommentAction\",\"name\":\"Comment\",\"target\":[\"http:\/\/vincentians.com\/es\/los-seglares-vicentinos-y-el-carisma-vicenciano\/#respond\"]}]},{\"@type\":\"WebPage\",\"@id\":\"http:\/\/vincentians.com\/es\/los-seglares-vicentinos-y-el-carisma-vicenciano\/\",\"url\":\"http:\/\/vincentians.com\/es\/los-seglares-vicentinos-y-el-carisma-vicenciano\/\",\"name\":\"Los seglares vicentinos y el carisma vicenciano - Somos Vicencianos\",\"isPartOf\":{\"@id\":\"http:\/\/vincentians.com\/es\/#website\"},\"primaryImageOfPage\":{\"@id\":\"http:\/\/vincentians.com\/es\/los-seglares-vicentinos-y-el-carisma-vicenciano\/#primaryimage\"},\"image\":{\"@id\":\"http:\/\/vincentians.com\/es\/los-seglares-vicentinos-y-el-carisma-vicenciano\/#primaryimage\"},\"thumbnailUrl\":\"https:\/\/i0.wp.com\/vincentians.com\/es\/wp-content\/uploads\/sites\/11\/2016\/09\/ozanam-candelas.jpg?fit=1200%2C630\",\"datePublished\":\"2021-09-29T06:08:34+00:00\",\"breadcrumb\":{\"@id\":\"http:\/\/vincentians.com\/es\/los-seglares-vicentinos-y-el-carisma-vicenciano\/#breadcrumb\"},\"inLanguage\":\"es\",\"potentialAction\":[{\"@type\":\"ReadAction\",\"target\":[\"http:\/\/vincentians.com\/es\/los-seglares-vicentinos-y-el-carisma-vicenciano\/\"]}]},{\"@type\":\"ImageObject\",\"inLanguage\":\"es\",\"@id\":\"http:\/\/vincentians.com\/es\/los-seglares-vicentinos-y-el-carisma-vicenciano\/#primaryimage\",\"url\":\"https:\/\/i0.wp.com\/vincentians.com\/es\/wp-content\/uploads\/sites\/11\/2016\/09\/ozanam-candelas.jpg?fit=1200%2C630\",\"contentUrl\":\"https:\/\/i0.wp.com\/vincentians.com\/es\/wp-content\/uploads\/sites\/11\/2016\/09\/ozanam-candelas.jpg?fit=1200%2C630\",\"width\":1200,\"height\":630},{\"@type\":\"BreadcrumbList\",\"@id\":\"http:\/\/vincentians.com\/es\/los-seglares-vicentinos-y-el-carisma-vicenciano\/#breadcrumb\",\"itemListElement\":[{\"@type\":\"ListItem\",\"position\":1,\"name\":\"Portada\",\"item\":\"http:\/\/vincentians.com\/es\/\"},{\"@type\":\"ListItem\",\"position\":2,\"name\":\"Los seglares vicentinos y el carisma vicenciano\"}]},{\"@type\":\"WebSite\",\"@id\":\"http:\/\/vincentians.com\/es\/#website\",\"url\":\"http:\/\/vincentians.com\/es\/\",\"name\":\"Somos Vicencianos\",\"description\":\"Know more to serve more\",\"publisher\":{\"@id\":\"http:\/\/vincentians.com\/es\/#organization\"},\"potentialAction\":[{\"@type\":\"SearchAction\",\"target\":{\"@type\":\"EntryPoint\",\"urlTemplate\":\"http:\/\/vincentians.com\/es\/?s={search_term_string}\"},\"query-input\":{\"@type\":\"PropertyValueSpecification\",\"valueRequired\":true,\"valueName\":\"search_term_string\"}}],\"inLanguage\":\"es\"},{\"@type\":\"Organization\",\"@id\":\"http:\/\/vincentians.com\/es\/#organization\",\"name\":\"The Vincentian Network\",\"url\":\"http:\/\/vincentians.com\/es\/\",\"logo\":{\"@type\":\"ImageObject\",\"inLanguage\":\"es\",\"@id\":\"http:\/\/vincentians.com\/es\/#\/schema\/logo\/image\/\",\"url\":\"https:\/\/i1.wp.com\/vincentians.com\/es\/wp-content\/uploads\/sites\/11\/2016\/06\/Vincentian-Network-logo-big.png?fit=778%2C778\",\"contentUrl\":\"https:\/\/i1.wp.com\/vincentians.com\/es\/wp-content\/uploads\/sites\/11\/2016\/06\/Vincentian-Network-logo-big.png?fit=778%2C778\",\"width\":778,\"height\":778,\"caption\":\"The Vincentian Network\"},\"image\":{\"@id\":\"http:\/\/vincentians.com\/es\/#\/schema\/logo\/image\/\"},\"sameAs\":[\"https:\/\/www.facebook.com\/WeAreVincentians\/\",\"https:\/\/x.com\/WeVincentians\"]},{\"@type\":\"Person\",\"@id\":\"http:\/\/vincentians.com\/es\/#\/schema\/person\/9623ef4d9aa3b2dfb8c061f1499288f2\",\"name\":\"Francisco Javier Fern\u00e1ndez Chento\",\"image\":{\"@type\":\"ImageObject\",\"inLanguage\":\"es\",\"@id\":\"http:\/\/vincentians.com\/es\/#\/schema\/person\/image\/\",\"url\":\"https:\/\/secure.gravatar.com\/avatar\/497d5cde87b4c3d097d0315953521681ba2cd523ee66e5077c3711f7021e65de?s=96&d=mm&r=g\",\"contentUrl\":\"https:\/\/secure.gravatar.com\/avatar\/497d5cde87b4c3d097d0315953521681ba2cd523ee66e5077c3711f7021e65de?s=96&d=mm&r=g\",\"caption\":\"Francisco Javier Fern\u00e1ndez Chento\"},\"description\":\"Director General y cofundador de La Red de Formaci\u00f3n Vicenciana. Javier es laico vicenciano, afiliado a la Congregaci\u00f3n de la Misi\u00f3n y miembro del Equipo de Misiones Populares de la provincia can\u00f3nica de Zaragoza (Espa\u00f1a) de la Congregaci\u00f3n de la Misi\u00f3n. Graduado en la Universidad Oberta de Catalunya con cuatro grados (Asistente de direcci\u00f3n, Gesti\u00f3n Administrativa, Recursos Humanos y Contabilidad Avanzada). Bil\u00edng\u00fce Espa\u00f1ol\/Ingl\u00e9s. gestiona y mantiene varias p\u00e1ginas web cristianas y vicencianas, incluida including La Red de Formaci\u00f3n Vicenciana, de la que es cofundador. Actualmente es responsable del \u00e1rea de Espa\u00f1ol de .famvin, la Red de Noticias de la Familia Vicenciana. Tambi\u00e9n es m\u00fasico cat\u00f3lico y ha editado varios discos. Es Director General y cofundador de Trovador, una reconocida compa\u00f1\u00eda discogr\u00e1fica critiana de Espa\u00f1a. Trabaja en las Tecnolog\u00edas de la Informaci\u00f3n, ofreciendo servicios de alojamiento, dise\u00f1o y mantenimiento Web, as\u00ed como asesoramiento, formaci\u00f3n y soluciones inform\u00e1ticas, gesti\u00f3n documental y digitalizaci\u00f3n de textos, edici\u00f3n y maquetaci\u00f3n de libros, revistas, flyers, etc.\",\"sameAs\":[\"http:\/\/chento.org\",\"https:\/\/www.facebook.com\/JavierChento\",\"https:\/\/x.com\/https:\/\/twitter.com\/javierchento\"],\"url\":\"http:\/\/vincentians.com\/es\/author\/chento\/\"}]}<\/script>\n<!-- \/ Yoast SEO plugin. -->","yoast_head_json":{"title":"Los seglares vicentinos y el carisma vicenciano - Somos Vicencianos","robots":{"index":"index","follow":"follow","max-snippet":"max-snippet:-1","max-image-preview":"max-image-preview:large","max-video-preview":"max-video-preview:-1"},"canonical":"http:\/\/vincentians.com\/es\/los-seglares-vicentinos-y-el-carisma-vicenciano\/","og_locale":"es_ES","og_type":"article","og_title":"Los seglares vicentinos y el carisma vicenciano - Somos Vicencianos","og_description":"Presento aqu\u00ed una reflexi\u00f3n sobre la importancia del seglar vicentino en el pensamiento y la praxis hist\u00f3rica de San Vicente. Este estudio consta de los siguientes puntos: L\u00edneas esenciales del carisma de San Vicente de ... Read More","og_url":"http:\/\/vincentians.com\/es\/los-seglares-vicentinos-y-el-carisma-vicenciano\/","og_site_name":"Somos Vicencianos","article_publisher":"https:\/\/www.facebook.com\/WeAreVincentians\/","article_author":"https:\/\/www.facebook.com\/JavierChento","article_published_time":"2021-09-29T06:08:34+00:00","og_image":[{"width":1200,"height":630,"url":"https:\/\/i0.wp.com\/vincentians.com\/es\/wp-content\/uploads\/sites\/11\/2016\/09\/ozanam-candelas.jpg?fit=1200%2C630","type":"image\/jpeg"}],"author":"Francisco Javier Fern\u00e1ndez Chento","twitter_card":"summary_large_image","twitter_creator":"@https:\/\/twitter.com\/javierchento","twitter_site":"@WeVincentians","twitter_misc":{"Escrito por":"Francisco Javier Fern\u00e1ndez Chento","Tiempo de lectura":"17 minutos"},"schema":{"@context":"https:\/\/schema.org","@graph":[{"@type":"Article","@id":"http:\/\/vincentians.com\/es\/los-seglares-vicentinos-y-el-carisma-vicenciano\/#article","isPartOf":{"@id":"http:\/\/vincentians.com\/es\/los-seglares-vicentinos-y-el-carisma-vicenciano\/"},"author":{"name":"Francisco Javier Fern\u00e1ndez Chento","@id":"http:\/\/vincentians.com\/es\/#\/schema\/person\/9623ef4d9aa3b2dfb8c061f1499288f2"},"headline":"Los seglares vicentinos y el carisma vicenciano","datePublished":"2021-09-29T06:08:34+00:00","mainEntityOfPage":{"@id":"http:\/\/vincentians.com\/es\/los-seglares-vicentinos-y-el-carisma-vicenciano\/"},"wordCount":3470,"commentCount":0,"publisher":{"@id":"http:\/\/vincentians.com\/es\/#organization"},"image":{"@id":"http:\/\/vincentians.com\/es\/los-seglares-vicentinos-y-el-carisma-vicenciano\/#primaryimage"},"thumbnailUrl":"https:\/\/i0.wp.com\/vincentians.com\/es\/wp-content\/uploads\/sites\/11\/2016\/09\/ozanam-candelas.jpg?fit=1200%2C630","keywords":["Perboyre"],"articleSection":["Formaci\u00f3n Vicenciana"],"inLanguage":"es","potentialAction":[{"@type":"CommentAction","name":"Comment","target":["http:\/\/vincentians.com\/es\/los-seglares-vicentinos-y-el-carisma-vicenciano\/#respond"]}]},{"@type":"WebPage","@id":"http:\/\/vincentians.com\/es\/los-seglares-vicentinos-y-el-carisma-vicenciano\/","url":"http:\/\/vincentians.com\/es\/los-seglares-vicentinos-y-el-carisma-vicenciano\/","name":"Los seglares vicentinos y el carisma vicenciano - Somos Vicencianos","isPartOf":{"@id":"http:\/\/vincentians.com\/es\/#website"},"primaryImageOfPage":{"@id":"http:\/\/vincentians.com\/es\/los-seglares-vicentinos-y-el-carisma-vicenciano\/#primaryimage"},"image":{"@id":"http:\/\/vincentians.com\/es\/los-seglares-vicentinos-y-el-carisma-vicenciano\/#primaryimage"},"thumbnailUrl":"https:\/\/i0.wp.com\/vincentians.com\/es\/wp-content\/uploads\/sites\/11\/2016\/09\/ozanam-candelas.jpg?fit=1200%2C630","datePublished":"2021-09-29T06:08:34+00:00","breadcrumb":{"@id":"http:\/\/vincentians.com\/es\/los-seglares-vicentinos-y-el-carisma-vicenciano\/#breadcrumb"},"inLanguage":"es","potentialAction":[{"@type":"ReadAction","target":["http:\/\/vincentians.com\/es\/los-seglares-vicentinos-y-el-carisma-vicenciano\/"]}]},{"@type":"ImageObject","inLanguage":"es","@id":"http:\/\/vincentians.com\/es\/los-seglares-vicentinos-y-el-carisma-vicenciano\/#primaryimage","url":"https:\/\/i0.wp.com\/vincentians.com\/es\/wp-content\/uploads\/sites\/11\/2016\/09\/ozanam-candelas.jpg?fit=1200%2C630","contentUrl":"https:\/\/i0.wp.com\/vincentians.com\/es\/wp-content\/uploads\/sites\/11\/2016\/09\/ozanam-candelas.jpg?fit=1200%2C630","width":1200,"height":630},{"@type":"BreadcrumbList","@id":"http:\/\/vincentians.com\/es\/los-seglares-vicentinos-y-el-carisma-vicenciano\/#breadcrumb","itemListElement":[{"@type":"ListItem","position":1,"name":"Portada","item":"http:\/\/vincentians.com\/es\/"},{"@type":"ListItem","position":2,"name":"Los seglares vicentinos y el carisma vicenciano"}]},{"@type":"WebSite","@id":"http:\/\/vincentians.com\/es\/#website","url":"http:\/\/vincentians.com\/es\/","name":"Somos Vicencianos","description":"Know more to serve more","publisher":{"@id":"http:\/\/vincentians.com\/es\/#organization"},"potentialAction":[{"@type":"SearchAction","target":{"@type":"EntryPoint","urlTemplate":"http:\/\/vincentians.com\/es\/?s={search_term_string}"},"query-input":{"@type":"PropertyValueSpecification","valueRequired":true,"valueName":"search_term_string"}}],"inLanguage":"es"},{"@type":"Organization","@id":"http:\/\/vincentians.com\/es\/#organization","name":"The Vincentian Network","url":"http:\/\/vincentians.com\/es\/","logo":{"@type":"ImageObject","inLanguage":"es","@id":"http:\/\/vincentians.com\/es\/#\/schema\/logo\/image\/","url":"https:\/\/i1.wp.com\/vincentians.com\/es\/wp-content\/uploads\/sites\/11\/2016\/06\/Vincentian-Network-logo-big.png?fit=778%2C778","contentUrl":"https:\/\/i1.wp.com\/vincentians.com\/es\/wp-content\/uploads\/sites\/11\/2016\/06\/Vincentian-Network-logo-big.png?fit=778%2C778","width":778,"height":778,"caption":"The Vincentian Network"},"image":{"@id":"http:\/\/vincentians.com\/es\/#\/schema\/logo\/image\/"},"sameAs":["https:\/\/www.facebook.com\/WeAreVincentians\/","https:\/\/x.com\/WeVincentians"]},{"@type":"Person","@id":"http:\/\/vincentians.com\/es\/#\/schema\/person\/9623ef4d9aa3b2dfb8c061f1499288f2","name":"Francisco Javier Fern\u00e1ndez Chento","image":{"@type":"ImageObject","inLanguage":"es","@id":"http:\/\/vincentians.com\/es\/#\/schema\/person\/image\/","url":"https:\/\/secure.gravatar.com\/avatar\/497d5cde87b4c3d097d0315953521681ba2cd523ee66e5077c3711f7021e65de?s=96&d=mm&r=g","contentUrl":"https:\/\/secure.gravatar.com\/avatar\/497d5cde87b4c3d097d0315953521681ba2cd523ee66e5077c3711f7021e65de?s=96&d=mm&r=g","caption":"Francisco Javier Fern\u00e1ndez Chento"},"description":"Director General y cofundador de La Red de Formaci\u00f3n Vicenciana. Javier es laico vicenciano, afiliado a la Congregaci\u00f3n de la Misi\u00f3n y miembro del Equipo de Misiones Populares de la provincia can\u00f3nica de Zaragoza (Espa\u00f1a) de la Congregaci\u00f3n de la Misi\u00f3n. Graduado en la Universidad Oberta de Catalunya con cuatro grados (Asistente de direcci\u00f3n, Gesti\u00f3n Administrativa, Recursos Humanos y Contabilidad Avanzada). Bil\u00edng\u00fce Espa\u00f1ol\/Ingl\u00e9s. gestiona y mantiene varias p\u00e1ginas web cristianas y vicencianas, incluida including La Red de Formaci\u00f3n Vicenciana, de la que es cofundador. Actualmente es responsable del \u00e1rea de Espa\u00f1ol de .famvin, la Red de Noticias de la Familia Vicenciana. Tambi\u00e9n es m\u00fasico cat\u00f3lico y ha editado varios discos. Es Director General y cofundador de Trovador, una reconocida compa\u00f1\u00eda discogr\u00e1fica critiana de Espa\u00f1a. Trabaja en las Tecnolog\u00edas de la Informaci\u00f3n, ofreciendo servicios de alojamiento, dise\u00f1o y mantenimiento Web, as\u00ed como asesoramiento, formaci\u00f3n y soluciones inform\u00e1ticas, gesti\u00f3n documental y digitalizaci\u00f3n de textos, edici\u00f3n y maquetaci\u00f3n de libros, revistas, flyers, etc.","sameAs":["http:\/\/chento.org","https:\/\/www.facebook.com\/JavierChento","https:\/\/x.com\/https:\/\/twitter.com\/javierchento"],"url":"http:\/\/vincentians.com\/es\/author\/chento\/"}]}},"jetpack_publicize_connections":[],"jetpack_featured_media_url":"https:\/\/i0.wp.com\/vincentians.com\/es\/wp-content\/uploads\/sites\/11\/2016\/09\/ozanam-candelas.jpg?fit=1200%2C630","jetpack_sharing_enabled":true,"jetpack_shortlink":"https:\/\/wp.me\/p7ETMF-bXS","jetpack-related-posts":[{"id":134512,"url":"http:\/\/vincentians.com\/es\/dos-papas-santos-simpatizantes-del-carisma-vicentino\/","url_meta":{"origin":45996,"position":0},"title":"Dos papas santos simpatizantes del carisma vicentino","author":"Francisco Javier Fern\u00e1ndez Chento","date":"31\/12\/2014","format":false,"excerpt":"El Papa Francisco canoniz\u00f3 a los papas Juan XXIII (1881\u20131963) y Juan Pablo II (1929\u20132005) el 27 de abril de 2014 en Roma, en el contexto del 50 aniversario de la apertura del Concilio Vaticano II convocado por el papa Roncalli, convirti\u00e9ndose as\u00ed en los otros pont\u00edfices proclamados santos en\u2026","rel":"","context":"En \u00abFormaci\u00f3n Vicenciana\u00bb","block_context":{"text":"Formaci\u00f3n Vicenciana","link":"http:\/\/vincentians.com\/es\/category\/formacion-vicenciana\/"},"img":{"alt_text":"juan23_y_juanpablo2","src":"https:\/\/i0.wp.com\/vicencianos.org\/wp-content\/2014\/12\/juan23_y_juanpablo2.jpg?resize=350%2C200","width":350,"height":200},"classes":[]},{"id":113192,"url":"http:\/\/vincentians.com\/es\/venid-y-ved-que-bueno-es-estar-juntos-como-familia-vicenciana\/","url_meta":{"origin":45996,"position":1},"title":"Venid y Ved: \u00a1qu\u00e9 bueno es estar juntos como Familia Vicenciana!","author":"Francisco Javier Fern\u00e1ndez Chento","date":"18\/10\/2012","format":false,"excerpt":"I - Analicemos nuestra realidad. \u00a1Bendita es la Iglesia que cree en los j\u00f3venes! Es con esta convicci\u00f3n que iniciamos nuestra preparaci\u00f3n para el Encuentro Internacional de la Juventud Vicenciana. No queremos empezar mirando solamente a los desaf\u00edos y dificultades que la juventud, especialmente aquella que sigue a Cristo, enfrenta\u2026","rel":"","context":"En \u00abFormaci\u00f3n Vicenciana\u00bb","block_context":{"text":"Formaci\u00f3n Vicenciana","link":"http:\/\/vincentians.com\/es\/category\/formacion-vicenciana\/"},"img":{"alt_text":"","src":"https:\/\/i0.wp.com\/vicencianos.org\/wp-content\/2012\/10\/jmj1-300x224.jpg?resize=350%2C200","width":350,"height":200},"classes":[]},{"id":398637,"url":"http:\/\/vincentians.com\/es\/aportacion-del-carisma-vicenciano-la-mision-la-iglesia-1\/","url_meta":{"origin":45996,"position":2},"title":"Aportaci\u00f3n del carisma vicenciano a la Misi\u00f3n de la Iglesia (1)","author":"Francisco Javier Fern\u00e1ndez Chento","date":"04\/08\/2016","format":false,"excerpt":"Introducci\u00f3n: Al reflexionar sobre la aportaci\u00f3n del carisma vicenciano a la Misi\u00f3n de la Iglesia, me parece necesario formular previamente algunas precisiones. 1.- Cuando hablamos de carisma vicenciano, nos referimos al don del Esp\u00edritu suscitado por Dios en su Iglesia en las personas de Vicente de Pa\u00fal y de Luisa\u2026","rel":"","context":"En \u00abFormaci\u00f3n Vicenciana\u00bb","block_context":{"text":"Formaci\u00f3n Vicenciana","link":"http:\/\/vincentians.com\/es\/category\/formacion-vicenciana\/"},"img":{"alt_text":"","src":"https:\/\/i0.wp.com\/vincentians.com\/es\/wp-content\/uploads\/sites\/11\/2016\/06\/contributions-charism.jpg?fit=1200%2C630&resize=350%2C200","width":350,"height":200,"srcset":"https:\/\/i0.wp.com\/vincentians.com\/es\/wp-content\/uploads\/sites\/11\/2016\/06\/contributions-charism.jpg?fit=1200%2C630&resize=350%2C200 1x, https:\/\/i0.wp.com\/vincentians.com\/es\/wp-content\/uploads\/sites\/11\/2016\/06\/contributions-charism.jpg?fit=1200%2C630&resize=525%2C300 1.5x, https:\/\/i0.wp.com\/vincentians.com\/es\/wp-content\/uploads\/sites\/11\/2016\/06\/contributions-charism.jpg?fit=1200%2C630&resize=700%2C400 2x, https:\/\/i0.wp.com\/vincentians.com\/es\/wp-content\/uploads\/sites\/11\/2016\/06\/contributions-charism.jpg?fit=1200%2C630&resize=1050%2C600 3x"},"classes":[]},{"id":398646,"url":"http:\/\/vincentians.com\/es\/aportacion-del-carisma-vicenciano-la-mision-la-iglesia-10-fin\/","url_meta":{"origin":45996,"position":3},"title":"Aportaci\u00f3n del carisma vicenciano a la Misi\u00f3n de la Iglesia (10 &#8211; Fin)","author":"Francisco Javier Fern\u00e1ndez Chento","date":"13\/08\/2016","format":false,"excerpt":"10.- La circularidad vicenciana: de Cristo a los pobres, de los pobres a Cristo. Para concluir esta reflexi\u00f3n sobre la aportaci\u00f3n del carisma vicenciano a la Misi\u00f3n de la Iglesia, me parece oportuno referirme a la \u201ccircularidad\u201d vicenciana: de Cristo a los pobres, de los pobres a Cristo. \u201cAmemos al\u2026","rel":"","context":"En \u00abFormaci\u00f3n Vicenciana\u00bb","block_context":{"text":"Formaci\u00f3n Vicenciana","link":"http:\/\/vincentians.com\/es\/category\/formacion-vicenciana\/"},"img":{"alt_text":"","src":"https:\/\/i0.wp.com\/vincentians.com\/es\/wp-content\/uploads\/sites\/11\/2016\/06\/contributions-charism.jpg?fit=1200%2C630&resize=350%2C200","width":350,"height":200,"srcset":"https:\/\/i0.wp.com\/vincentians.com\/es\/wp-content\/uploads\/sites\/11\/2016\/06\/contributions-charism.jpg?fit=1200%2C630&resize=350%2C200 1x, https:\/\/i0.wp.com\/vincentians.com\/es\/wp-content\/uploads\/sites\/11\/2016\/06\/contributions-charism.jpg?fit=1200%2C630&resize=525%2C300 1.5x, https:\/\/i0.wp.com\/vincentians.com\/es\/wp-content\/uploads\/sites\/11\/2016\/06\/contributions-charism.jpg?fit=1200%2C630&resize=700%2C400 2x, https:\/\/i0.wp.com\/vincentians.com\/es\/wp-content\/uploads\/sites\/11\/2016\/06\/contributions-charism.jpg?fit=1200%2C630&resize=1050%2C600 3x"},"classes":[]},{"id":398645,"url":"http:\/\/vincentians.com\/es\/aportacion-del-carisma-vicenciano-la-mision-la-iglesia-9\/","url_meta":{"origin":45996,"position":4},"title":"Aportaci\u00f3n del carisma vicenciano a la Misi\u00f3n de la Iglesia (9)","author":"Francisco Javier Fern\u00e1ndez Chento","date":"12\/08\/2016","format":false,"excerpt":"9.- La creatividad Hemos recordado m\u00e1s arriba que para San Vicente de Pa\u00fal \u201cel acontecimiento es el signo de Dios y, de manera privilegiada, cuando concierne directamente a los pobres. El acontecimiento le indica la voluntad de Dios\u201d. La creatividad, aportaci\u00f3n del carisma vicenciano a la Misi\u00f3n de la Iglesia,\u2026","rel":"","context":"En \u00abFormaci\u00f3n Vicenciana\u00bb","block_context":{"text":"Formaci\u00f3n Vicenciana","link":"http:\/\/vincentians.com\/es\/category\/formacion-vicenciana\/"},"img":{"alt_text":"","src":"https:\/\/i0.wp.com\/vincentians.com\/es\/wp-content\/uploads\/sites\/11\/2016\/06\/contributions-charism.jpg?fit=1200%2C630&resize=350%2C200","width":350,"height":200,"srcset":"https:\/\/i0.wp.com\/vincentians.com\/es\/wp-content\/uploads\/sites\/11\/2016\/06\/contributions-charism.jpg?fit=1200%2C630&resize=350%2C200 1x, https:\/\/i0.wp.com\/vincentians.com\/es\/wp-content\/uploads\/sites\/11\/2016\/06\/contributions-charism.jpg?fit=1200%2C630&resize=525%2C300 1.5x, https:\/\/i0.wp.com\/vincentians.com\/es\/wp-content\/uploads\/sites\/11\/2016\/06\/contributions-charism.jpg?fit=1200%2C630&resize=700%2C400 2x, https:\/\/i0.wp.com\/vincentians.com\/es\/wp-content\/uploads\/sites\/11\/2016\/06\/contributions-charism.jpg?fit=1200%2C630&resize=1050%2C600 3x"},"classes":[]},{"id":136100,"url":"http:\/\/vincentians.com\/es\/actualidad-del-carisma-vicenciano-en-nuestro-tiempo\/","url_meta":{"origin":45996,"position":5},"title":"Actualidad del carisma vicenciano en nuestro tiempo","author":"Francisco Javier Fern\u00e1ndez Chento","date":"17\/01\/2015","format":false,"excerpt":"Introducci\u00f3n Pr\u00f3ximos a la fiesta de la Fundaci\u00f3n de la Congregaci\u00f3n de la Misi\u00f3n o Misioneros Pa\u00fales, que tuvo lugar el d\u00eda 25 de Enero de 1617, d\u00eda de la Conversi\u00f3n de San Pablo; teniendo en cuenta que estamos celebrando en la Iglesia el a\u00f1o dedicado a la vida consagrada,\u2026","rel":"","context":"En \u00abFormaci\u00f3n Vicenciana\u00bb","block_context":{"text":"Formaci\u00f3n Vicenciana","link":"http:\/\/vincentians.com\/es\/category\/formacion-vicenciana\/"},"img":{"alt_text":"sataluisaysanvicente","src":"https:\/\/i0.wp.com\/vicencianos.org\/wp-content\/2015\/01\/sataluisaysanvicente-300x169.jpg?resize=350%2C200","width":350,"height":200},"classes":[]}],"_links":{"self":[{"href":"http:\/\/vincentians.com\/es\/wp-json\/wp\/v2\/posts\/45996","targetHints":{"allow":["GET"]}}],"collection":[{"href":"http:\/\/vincentians.com\/es\/wp-json\/wp\/v2\/posts"}],"about":[{"href":"http:\/\/vincentians.com\/es\/wp-json\/wp\/v2\/types\/post"}],"author":[{"embeddable":true,"href":"http:\/\/vincentians.com\/es\/wp-json\/wp\/v2\/users\/4"}],"replies":[{"embeddable":true,"href":"http:\/\/vincentians.com\/es\/wp-json\/wp\/v2\/comments?post=45996"}],"version-history":[{"count":1,"href":"http:\/\/vincentians.com\/es\/wp-json\/wp\/v2\/posts\/45996\/revisions"}],"predecessor-version":[{"id":403667,"href":"http:\/\/vincentians.com\/es\/wp-json\/wp\/v2\/posts\/45996\/revisions\/403667"}],"wp:featuredmedia":[{"embeddable":true,"href":"http:\/\/vincentians.com\/es\/wp-json\/wp\/v2\/media\/400028"}],"wp:attachment":[{"href":"http:\/\/vincentians.com\/es\/wp-json\/wp\/v2\/media?parent=45996"}],"wp:term":[{"taxonomy":"category","embeddable":true,"href":"http:\/\/vincentians.com\/es\/wp-json\/wp\/v2\/categories?post=45996"},{"taxonomy":"post_tag","embeddable":true,"href":"http:\/\/vincentians.com\/es\/wp-json\/wp\/v2\/tags?post=45996"}],"curies":[{"name":"wp","href":"https:\/\/api.w.org\/{rel}","templated":true}]}}