{"id":45203,"date":"2014-04-01T02:32:37","date_gmt":"2014-04-01T00:32:37","guid":{"rendered":"http:\/\/somos.vicencianos.org\/blog\/2011\/07\/el-senor-vicente-visto-por-su-secretario-luis-robineau-articulos-306-al-310\/"},"modified":"2014-04-01T02:32:37","modified_gmt":"2014-04-01T00:32:37","slug":"el-senor-vicente-visto-por-su-secretario-luis-robineau-articulos-306-al-310","status":"publish","type":"post","link":"http:\/\/vincentians.com\/es\/el-senor-vicente-visto-por-su-secretario-luis-robineau-articulos-306-al-310\/","title":{"rendered":"El se\u00f1or Vicente visto por su secretario, Luis Robineau. Art\u00edculos 306 al 310"},"content":{"rendered":"<h2><em>306.<strong> <\/strong><\/em><strong><em>El Se\u00f1or Vicente recibe a sus calumniadores.<\/em><\/strong><\/h2>\n<p>Otro acto muy heroico es que esa misma parte adversaria, que conoc\u00eda y sab\u00eda por experiencia la caridad y la mansedumbre del Se\u00f1or Vicente \u2014sucedi\u00f3 esto el mes de noviembre de 1658\u2014 resolvi\u00f3 un d\u00eda venir a verlo a San L\u00e1zaro para hablarle del litigio, que a\u00fan hab\u00eda que dar por terminado y, a pesar de eso, todo lo que hab\u00eda hecho o dicho contra su fama y de lo que todav\u00eda continuaba hacien\u00addo, si se presentaba la ocasi\u00f3n. No obstante todo eso, el Se\u00f1or Vicen\u00adte lo recibi\u00f3 y lo acogi\u00f3 y le habl\u00f3 todo ni m\u00e1s ni menos que si no hubiera pasado nada, y charl\u00f3 con \u00e9l bastante tiempo en la salita de San Jos\u00e9.<\/p>\n<blockquote><p><strong>Notas del P. Dodin:<\/strong><\/p>\n<p>Recibe a unos calumniadores.<\/p>\n<p>En la secci\u00f3n \u00abCaridad con sus enemigos\u00bb (Abelly,III.168-177) pre\u00adsenta 15 ejemplos de la caridad del Sr. Vicente, pero omite el propor\u00adcionado por L. Robineau.<\/p><\/blockquote>\n<h2><em>307.<\/em><em> <\/em><strong><em>Caridad del Se\u00f1or Vicente con la se\u00f1ora de un burgu\u00e9s de Par\u00eds.<\/em><\/strong><\/h2>\n<p>La esposa de un burgu\u00e9s de Par\u00eds, que ten\u00eda pendiente un proceso contra la Compa\u00f1\u00eda y que tambi\u00e9n manten\u00eda otro siguiendo las pasio\u00adnes de su marido, y habiendo incluso llegado a vomitar algunas inju\u00adrias contra el honor del Se\u00f1or Vivente, aunque en su ausencia, (he sido testigo de algunas), esta mujer estando a\u00fan indignada contra el Se\u00f1or Vicente y la Compa\u00f1\u00eda, como viera a uno de nuestros Herma\u00adnos coadjutores en una iglesia, fue donde \u00e9l y le dijo: \u00abHermano, rue\u00adgue a Dios por sus enemigos\u00bb.<\/p>\n<p>Pues bien, dicho Hermano, cuando le cont\u00f3 eso en mi presencia al Se\u00f1or Vicente, el Se\u00f1or Vicente pronunci\u00f3 estas palabras: \u00abDios la bendiga, y la honrar\u00e9 todav\u00eda m\u00e1s\u00bb. Esto ocurri\u00f3 a finales del a\u00f1o 1659, o a comienzos de 1660. Y, en efecto, no he notado que le haya tratado de otra manera, como ni tampoco a su marido, sino como un verdadero siervo de Dios y un verdadero cristiano.<\/p>\n<p><em>En nota: v\u00e9ase el cuaderno de la Mortificaci\u00f3n interior. De ah\u00ed se puede inferir si es verdadero, por lo que acaba de decirse, que el Se\u00f1or Vicente honr\u00f3 tanto a sus enemigos y a los que le dec\u00edan injurias y otras cosas, a quienes, s\u00f3lo Dios sabe, si les ten\u00eda el honor y el respeto que sent\u00eda por sus amigos.<\/em><\/p>\n<blockquote>\n<h3>Notas del P. Dodin:<\/h3>\n<p>Caridad con la esposa de un burgu\u00e9s de Par\u00eds (fines de 1659-1660). Incidente omitido por L. Abelly.<\/p><\/blockquote>\n<h2><em><strong>308.<\/strong><\/em><em><strong> <\/strong><\/em><strong><em>El Se\u00f1or Vicente manda rezar por el descanso del alma de un Presidente, que litig\u00f3 contra \u00e9l en el asunto de Toul.<\/em><\/strong><\/h2>\n<p>Otro acto de Caridad que le he visto practicar es que, habi\u00e9ndole dicho que cierto Presidente, que hab\u00eda pleiteado para hacerse con nuestras casas de Toul en Lorena para un hijo suyo, hab\u00eda muerto unos ocho d\u00edas despu\u00e9s de que perdiera el proceso. Inmediatamente el Se\u00f1or Vicente me envi\u00f3 a depositar una nota en la sacrist\u00eda para que se rezase por el descanso de su alma. Esto sucedi\u00f3 el a\u00f1o 1654.<\/p>\n<blockquote>\n<h3>Notas del P. Dodin:<\/h3>\n<p>Oraci\u00f3n por un \u00abPresidente\u00bb, que hab\u00eda litigado contra \u00e9l por el asunto de Toul en1654.<\/p>\n<p>La casa de Toul fue fundada a instancias del Sr. Carlos-Cristi\u00e1n de Gournay, obispo de Scyllice&#8217;, y que llevaba la administraci\u00f3n de la di\u00f3cesis de Toul.<\/p>\n<p>\u2014En 1605 Domingo Thouvignon y dos Hermanos del Esp\u00edritu Santo resignan la fundaci\u00f3n en favor de los hu\u00e9rfanos y de los enfermos en favor de Carlos de Gournay, mediante 2.000 libras del Ducado de Bar en rentas.<\/p>\n<p>Carlos de Gournay ofrece la fundaci\u00f3n a la Congregaci\u00f3n de la Misi\u00f3n. Por un edicto real Juan Dehorgny es nombrado superior (mayo de 1635). Le acompa\u00f1an Lamberto-aux-Couteaux y Antonio Col\u00e9e.<\/p>\n<p>\u2014El 16 de junio de 1635, los dos Hermanos del Esp\u00edritu Santo ceden todos sus derechos en favor de las casas y el Hospicio mediante una renta de 600 libras.<\/p>\n<p>\u2014El 17 de marzo de 1637, el obispo de Toul, el Lugarteniente del Rey y el Maestre de los Regidores municipales decretan que la administraci\u00f3n ser\u00e1 asegurada por dos delegados y la Congregaci\u00f3n de la Misi\u00f3n, y otorgan los dos tercios de los muebles e inmuebles adminis\u00adtrados por los Hermanos del Esp\u00edritu Santo a los nuevos administra\u00addores.<\/p>\n<p>Durante 4 \u00f3 5 a\u00f1os hubo numerosas objeciones. (Cf. Martin, Eug\u00e9ne, <strong>Histoire des dioc\u00e9ses de Toul, de Nancy et de Saint-Di\u00e9, <\/strong>1900\u00ad1903, 3 vols., in-8,t.I1,208 ss.).<\/p>\n<p>\u2014Diciembre de 1657, Luis XIV suprime la Encomienda del Esp\u00edritu Santo y la une a la Congregaci\u00f3n de la Misi\u00f3n.<\/p><\/blockquote>\n<h2><em><strong>309. <\/strong><\/em><strong><em>El Se\u00f1or Vicente muestra mayor deferencia a los Padres Jesu\u00edtas, cuando son sometidos a las injurias p\u00fablicas.<\/em><\/strong><\/h2>\n<p>Un d\u00eda, una de las Compa\u00f1\u00edas m\u00e1s c\u00e9lebres que existe en la Iglesia de Dios, a saber, los Padres Jesu\u00edtas, perdieron un pleito aqu\u00ed en el Parlamento de Par\u00eds, y de eso hace ya mucho tiempo. El hecho que caus\u00f3 mucho ruido, y movi\u00f3 a la mayor parte de la gente a silbar y despreciar a aquellos buenos Padres, cuando iban por las calles.<\/p>\n<p>Pero el Se\u00f1or Vicente actu\u00f3 de una forma del todo opuesta, y s\u00e9 esto por \u00e9l mismo con ocasi\u00f3n de un asunto del que tuve que hablar con \u00e9l un d\u00eda. Me dijo que procuraba, cuando se encontraba con alguno de esos buenos Padres por las calles o por otros sitios, saludarles en voz m\u00e1s baja y darles mejor acogida que antes de la p\u00e9rdida, decir muchas cosas buenas de ellos, y todo eso, digo, para tratar de reparar de alguna manera los desprecios y la confusi\u00f3n, y mover con su ejem\u00adplo a las personas a apreciar a aquellos buenos Padres.<\/p>\n<blockquote>\n<h3>Notas del P. Dodin:<\/h3>\n<p>El Sr. Vicente muestra una mayor deferencia por los Padres Jesu\u00edtas que hab\u00edan perdido un pleito y que eran silbados y despreciados por las calles.<\/p>\n<p>Confidencia de L. Robineau.<\/p><\/blockquote>\n<h2><em>310.<\/em><strong><em> <\/em><\/strong><strong><em>Caridad para con el Hermano Chicot.<\/em><\/strong><\/h2>\n<p>Se puede decir que, despu\u00e9s de Dios, ha sido la caridad y la toleran\u00adcia del Se\u00f1or Vicente quienes han hecho que Nicol\u00e1s Chicot est\u00e9 todav\u00eda entre nosotros, y que atienda aqu\u00ed a los enfermos con tanta gracia, tanto cuidado y, se puede decir, con tanta bendici\u00f3n, que todos estamos edificados. Porque este buen muchacho ha estado una tem\u00adporada que no quer\u00eda hacer nada, fuera de beber y comer y pasear. Eso motiv\u00f3 que algunos de la Casa murmuraran de que el Se\u00f1or Vicente lo sufriera aqu\u00ed y que por qu\u00e9 no lo desped\u00eda. Pero, el Se\u00f1or Vicente escuch\u00f3 todas esas quejas y no quiso tomar ninguna medida, aguantando al pobre muchacho en su enfermedad, puesto que, como hab\u00eda servido varios a\u00f1os al Prior de San L\u00e1zaro, a qui\u00e9n el Se\u00f1or Vicente estaba muy agradecido, eso le fortalec\u00eda en el \u00e1nimo que ten\u00eda de sufrirlo, esperando que Dios le tocara y cambiara, como por su misericordia as\u00ed ocurri\u00f3.<\/p>\n<blockquote>\n<h3>Notas del P. Dodin:<\/h3>\n<p>Caridad con el Hermano Nicol\u00e1s Chicot.<\/p>\n<p>El Hermano Nicol\u00e1s Chicot no aparece ni en Abelly, ni en las obras actualmente conocidas de Vicente de Pa\u00fal, ni en el <strong>Catalogue du personel de la Congr\u00e9gation de la Mission depuis l&#8217;origine (1625) jusqu&#8217;\u00e1 la fin du XVIIIi\u00e9me si\u00e9cle <\/strong>(A.M.MN 519-A) pu\u00adblicado por Pedro Coste, 95 rue de S\u00e9vres, Par\u00eds,1911, in-8&#8242;, 640p.<\/p><\/blockquote>\n","protected":false},"excerpt":{"rendered":"<p>306. El Se\u00f1or Vicente recibe a sus calumniadores. Otro acto muy heroico es que esa misma parte adversaria, que conoc\u00eda y sab\u00eda por experiencia la caridad y la mansedumbre del Se\u00f1or Vicente \u2014sucedi\u00f3 esto el &#8230; <a href=\"http:\/\/vincentians.com\/es\/el-senor-vicente-visto-por-su-secretario-luis-robineau-articulos-306-al-310\/\" class=\"more-link\">Read More<\/a><\/p>\n","protected":false},"author":4,"featured_media":27211,"comment_status":"open","ping_status":"open","sticky":false,"template":"","format":"standard","meta":{"jetpack_post_was_ever_published":false,"_jetpack_newsletter_access":"","_jetpack_dont_email_post_to_subs":false,"_jetpack_newsletter_tier_id":0,"_jetpack_memberships_contains_paywalled_content":false,"_jetpack_memberships_contains_paid_content":false,"footnotes":"","jetpack_publicize_message":"","jetpack_publicize_feature_enabled":true,"jetpack_social_post_already_shared":true,"jetpack_social_options":{"image_generator_settings":{"template":"highway","default_image_id":0,"font":"","enabled":false},"version":2}},"categories":[311],"tags":[218,126,144,166,143],"class_list":["post-45203","post","type-post","status-publish","format-standard","has-post-thumbnail","hentry","category-escritos-de-luis-robineau","tag-abelly","tag-dehorgny","tag-lambert","tag-robineau","tag-san-lazaro"],"yoast_head":"<!-- This site is optimized with the Yoast SEO plugin v26.3 - https:\/\/yoast.com\/wordpress\/plugins\/seo\/ -->\n<title>El se\u00f1or Vicente visto por su secretario, Luis Robineau. Art\u00edculos 306 al 310 - Somos Vicencianos<\/title>\n<meta name=\"robots\" content=\"index, follow, max-snippet:-1, max-image-preview:large, max-video-preview:-1\" \/>\n<link rel=\"canonical\" href=\"https:\/\/vincentians.com\/es\/el-senor-vicente-visto-por-su-secretario-luis-robineau-articulos-306-al-310\/\" \/>\n<meta property=\"og:locale\" content=\"es_ES\" \/>\n<meta property=\"og:type\" content=\"article\" \/>\n<meta property=\"og:title\" content=\"El se\u00f1or Vicente visto por su secretario, Luis Robineau. Art\u00edculos 306 al 310 - Somos Vicencianos\" \/>\n<meta property=\"og:description\" content=\"306. El Se\u00f1or Vicente recibe a sus calumniadores. Otro acto muy heroico es que esa misma parte adversaria, que conoc\u00eda y sab\u00eda por experiencia la caridad y la mansedumbre del Se\u00f1or Vicente \u2014sucedi\u00f3 esto el ... Read More\" \/>\n<meta property=\"og:url\" content=\"https:\/\/vincentians.com\/es\/el-senor-vicente-visto-por-su-secretario-luis-robineau-articulos-306-al-310\/\" \/>\n<meta property=\"og:site_name\" content=\"Somos Vicencianos\" \/>\n<meta property=\"article:publisher\" content=\"https:\/\/www.facebook.com\/WeAreVincentians\/\" \/>\n<meta property=\"article:author\" content=\"https:\/\/www.facebook.com\/JavierChento\" \/>\n<meta property=\"article:published_time\" content=\"2014-04-01T00:32:37+00:00\" \/>\n<meta name=\"author\" content=\"Francisco Javier Fern\u00e1ndez Chento\" \/>\n<meta name=\"twitter:card\" content=\"summary_large_image\" \/>\n<meta name=\"twitter:creator\" content=\"@https:\/\/twitter.com\/javierchento\" \/>\n<meta name=\"twitter:site\" content=\"@WeVincentians\" \/>\n<meta name=\"twitter:label1\" content=\"Escrito por\" \/>\n\t<meta name=\"twitter:data1\" content=\"Francisco Javier Fern\u00e1ndez Chento\" \/>\n\t<meta name=\"twitter:label2\" content=\"Tiempo de lectura\" \/>\n\t<meta name=\"twitter:data2\" content=\"6 minutos\" \/>\n<script type=\"application\/ld+json\" class=\"yoast-schema-graph\">{\"@context\":\"https:\/\/schema.org\",\"@graph\":[{\"@type\":\"Article\",\"@id\":\"https:\/\/vincentians.com\/es\/el-senor-vicente-visto-por-su-secretario-luis-robineau-articulos-306-al-310\/#article\",\"isPartOf\":{\"@id\":\"https:\/\/vincentians.com\/es\/el-senor-vicente-visto-por-su-secretario-luis-robineau-articulos-306-al-310\/\"},\"author\":{\"name\":\"Francisco Javier Fern\u00e1ndez Chento\",\"@id\":\"https:\/\/vincentians.com\/es\/#\/schema\/person\/9623ef4d9aa3b2dfb8c061f1499288f2\"},\"headline\":\"El se\u00f1or Vicente visto por su secretario, Luis Robineau. Art\u00edculos 306 al 310\",\"datePublished\":\"2014-04-01T00:32:37+00:00\",\"mainEntityOfPage\":{\"@id\":\"https:\/\/vincentians.com\/es\/el-senor-vicente-visto-por-su-secretario-luis-robineau-articulos-306-al-310\/\"},\"wordCount\":1312,\"commentCount\":0,\"publisher\":{\"@id\":\"https:\/\/vincentians.com\/es\/#organization\"},\"image\":{\"@id\":\"https:\/\/vincentians.com\/es\/el-senor-vicente-visto-por-su-secretario-luis-robineau-articulos-306-al-310\/#primaryimage\"},\"thumbnailUrl\":\"\",\"keywords\":[\"Abelly\",\"Dehorgny\",\"Lambert\",\"Robineau\",\"San L\u00e1zaro\"],\"articleSection\":[\"Escritos de Luis Robineau\"],\"inLanguage\":\"es\",\"potentialAction\":[{\"@type\":\"CommentAction\",\"name\":\"Comment\",\"target\":[\"https:\/\/vincentians.com\/es\/el-senor-vicente-visto-por-su-secretario-luis-robineau-articulos-306-al-310\/#respond\"]}]},{\"@type\":\"WebPage\",\"@id\":\"https:\/\/vincentians.com\/es\/el-senor-vicente-visto-por-su-secretario-luis-robineau-articulos-306-al-310\/\",\"url\":\"https:\/\/vincentians.com\/es\/el-senor-vicente-visto-por-su-secretario-luis-robineau-articulos-306-al-310\/\",\"name\":\"El se\u00f1or Vicente visto por su secretario, Luis Robineau. Art\u00edculos 306 al 310 - Somos Vicencianos\",\"isPartOf\":{\"@id\":\"https:\/\/vincentians.com\/es\/#website\"},\"primaryImageOfPage\":{\"@id\":\"https:\/\/vincentians.com\/es\/el-senor-vicente-visto-por-su-secretario-luis-robineau-articulos-306-al-310\/#primaryimage\"},\"image\":{\"@id\":\"https:\/\/vincentians.com\/es\/el-senor-vicente-visto-por-su-secretario-luis-robineau-articulos-306-al-310\/#primaryimage\"},\"thumbnailUrl\":\"\",\"datePublished\":\"2014-04-01T00:32:37+00:00\",\"breadcrumb\":{\"@id\":\"https:\/\/vincentians.com\/es\/el-senor-vicente-visto-por-su-secretario-luis-robineau-articulos-306-al-310\/#breadcrumb\"},\"inLanguage\":\"es\",\"potentialAction\":[{\"@type\":\"ReadAction\",\"target\":[\"https:\/\/vincentians.com\/es\/el-senor-vicente-visto-por-su-secretario-luis-robineau-articulos-306-al-310\/\"]}]},{\"@type\":\"ImageObject\",\"inLanguage\":\"es\",\"@id\":\"https:\/\/vincentians.com\/es\/el-senor-vicente-visto-por-su-secretario-luis-robineau-articulos-306-al-310\/#primaryimage\",\"url\":\"\",\"contentUrl\":\"\"},{\"@type\":\"BreadcrumbList\",\"@id\":\"https:\/\/vincentians.com\/es\/el-senor-vicente-visto-por-su-secretario-luis-robineau-articulos-306-al-310\/#breadcrumb\",\"itemListElement\":[{\"@type\":\"ListItem\",\"position\":1,\"name\":\"Portada\",\"item\":\"https:\/\/vincentians.com\/es\/\"},{\"@type\":\"ListItem\",\"position\":2,\"name\":\"El se\u00f1or Vicente visto por su secretario, Luis Robineau. Art\u00edculos 306 al 310\"}]},{\"@type\":\"WebSite\",\"@id\":\"https:\/\/vincentians.com\/es\/#website\",\"url\":\"https:\/\/vincentians.com\/es\/\",\"name\":\"Somos Vicencianos\",\"description\":\"Know more to serve more\",\"publisher\":{\"@id\":\"https:\/\/vincentians.com\/es\/#organization\"},\"potentialAction\":[{\"@type\":\"SearchAction\",\"target\":{\"@type\":\"EntryPoint\",\"urlTemplate\":\"https:\/\/vincentians.com\/es\/?s={search_term_string}\"},\"query-input\":{\"@type\":\"PropertyValueSpecification\",\"valueRequired\":true,\"valueName\":\"search_term_string\"}}],\"inLanguage\":\"es\"},{\"@type\":\"Organization\",\"@id\":\"https:\/\/vincentians.com\/es\/#organization\",\"name\":\"The Vincentian Network\",\"url\":\"https:\/\/vincentians.com\/es\/\",\"logo\":{\"@type\":\"ImageObject\",\"inLanguage\":\"es\",\"@id\":\"https:\/\/vincentians.com\/es\/#\/schema\/logo\/image\/\",\"url\":\"https:\/\/i1.wp.com\/vincentians.com\/es\/wp-content\/uploads\/sites\/11\/2016\/06\/Vincentian-Network-logo-big.png?fit=778%2C778\",\"contentUrl\":\"https:\/\/i1.wp.com\/vincentians.com\/es\/wp-content\/uploads\/sites\/11\/2016\/06\/Vincentian-Network-logo-big.png?fit=778%2C778\",\"width\":778,\"height\":778,\"caption\":\"The Vincentian Network\"},\"image\":{\"@id\":\"https:\/\/vincentians.com\/es\/#\/schema\/logo\/image\/\"},\"sameAs\":[\"https:\/\/www.facebook.com\/WeAreVincentians\/\",\"https:\/\/x.com\/WeVincentians\"]},{\"@type\":\"Person\",\"@id\":\"https:\/\/vincentians.com\/es\/#\/schema\/person\/9623ef4d9aa3b2dfb8c061f1499288f2\",\"name\":\"Francisco Javier Fern\u00e1ndez Chento\",\"image\":{\"@type\":\"ImageObject\",\"inLanguage\":\"es\",\"@id\":\"https:\/\/vincentians.com\/es\/#\/schema\/person\/image\/\",\"url\":\"https:\/\/secure.gravatar.com\/avatar\/497d5cde87b4c3d097d0315953521681ba2cd523ee66e5077c3711f7021e65de?s=96&d=mm&r=g\",\"contentUrl\":\"https:\/\/secure.gravatar.com\/avatar\/497d5cde87b4c3d097d0315953521681ba2cd523ee66e5077c3711f7021e65de?s=96&d=mm&r=g\",\"caption\":\"Francisco Javier Fern\u00e1ndez Chento\"},\"description\":\"Director General y cofundador de La Red de Formaci\u00f3n Vicenciana. Javier es laico vicenciano, afiliado a la Congregaci\u00f3n de la Misi\u00f3n y miembro del Equipo de Misiones Populares de la provincia can\u00f3nica de Zaragoza (Espa\u00f1a) de la Congregaci\u00f3n de la Misi\u00f3n. Graduado en la Universidad Oberta de Catalunya con cuatro grados (Asistente de direcci\u00f3n, Gesti\u00f3n Administrativa, Recursos Humanos y Contabilidad Avanzada). Bil\u00edng\u00fce Espa\u00f1ol\/Ingl\u00e9s. gestiona y mantiene varias p\u00e1ginas web cristianas y vicencianas, incluida including La Red de Formaci\u00f3n Vicenciana, de la que es cofundador. Actualmente es responsable del \u00e1rea de Espa\u00f1ol de .famvin, la Red de Noticias de la Familia Vicenciana. Tambi\u00e9n es m\u00fasico cat\u00f3lico y ha editado varios discos. Es Director General y cofundador de Trovador, una reconocida compa\u00f1\u00eda discogr\u00e1fica critiana de Espa\u00f1a. Trabaja en las Tecnolog\u00edas de la Informaci\u00f3n, ofreciendo servicios de alojamiento, dise\u00f1o y mantenimiento Web, as\u00ed como asesoramiento, formaci\u00f3n y soluciones inform\u00e1ticas, gesti\u00f3n documental y digitalizaci\u00f3n de textos, edici\u00f3n y maquetaci\u00f3n de libros, revistas, flyers, etc.\",\"sameAs\":[\"http:\/\/chento.org\",\"https:\/\/www.facebook.com\/JavierChento\",\"https:\/\/x.com\/https:\/\/twitter.com\/javierchento\"],\"url\":\"http:\/\/vincentians.com\/es\/author\/chento\/\"}]}<\/script>\n<!-- \/ Yoast SEO plugin. -->","yoast_head_json":{"title":"El se\u00f1or Vicente visto por su secretario, Luis Robineau. Art\u00edculos 306 al 310 - Somos Vicencianos","robots":{"index":"index","follow":"follow","max-snippet":"max-snippet:-1","max-image-preview":"max-image-preview:large","max-video-preview":"max-video-preview:-1"},"canonical":"https:\/\/vincentians.com\/es\/el-senor-vicente-visto-por-su-secretario-luis-robineau-articulos-306-al-310\/","og_locale":"es_ES","og_type":"article","og_title":"El se\u00f1or Vicente visto por su secretario, Luis Robineau. Art\u00edculos 306 al 310 - Somos Vicencianos","og_description":"306. El Se\u00f1or Vicente recibe a sus calumniadores. Otro acto muy heroico es que esa misma parte adversaria, que conoc\u00eda y sab\u00eda por experiencia la caridad y la mansedumbre del Se\u00f1or Vicente \u2014sucedi\u00f3 esto el ... Read More","og_url":"https:\/\/vincentians.com\/es\/el-senor-vicente-visto-por-su-secretario-luis-robineau-articulos-306-al-310\/","og_site_name":"Somos Vicencianos","article_publisher":"https:\/\/www.facebook.com\/WeAreVincentians\/","article_author":"https:\/\/www.facebook.com\/JavierChento","article_published_time":"2014-04-01T00:32:37+00:00","author":"Francisco Javier Fern\u00e1ndez Chento","twitter_card":"summary_large_image","twitter_creator":"@https:\/\/twitter.com\/javierchento","twitter_site":"@WeVincentians","twitter_misc":{"Escrito por":"Francisco Javier Fern\u00e1ndez Chento","Tiempo de lectura":"6 minutos"},"schema":{"@context":"https:\/\/schema.org","@graph":[{"@type":"Article","@id":"https:\/\/vincentians.com\/es\/el-senor-vicente-visto-por-su-secretario-luis-robineau-articulos-306-al-310\/#article","isPartOf":{"@id":"https:\/\/vincentians.com\/es\/el-senor-vicente-visto-por-su-secretario-luis-robineau-articulos-306-al-310\/"},"author":{"name":"Francisco Javier Fern\u00e1ndez Chento","@id":"https:\/\/vincentians.com\/es\/#\/schema\/person\/9623ef4d9aa3b2dfb8c061f1499288f2"},"headline":"El se\u00f1or Vicente visto por su secretario, Luis Robineau. Art\u00edculos 306 al 310","datePublished":"2014-04-01T00:32:37+00:00","mainEntityOfPage":{"@id":"https:\/\/vincentians.com\/es\/el-senor-vicente-visto-por-su-secretario-luis-robineau-articulos-306-al-310\/"},"wordCount":1312,"commentCount":0,"publisher":{"@id":"https:\/\/vincentians.com\/es\/#organization"},"image":{"@id":"https:\/\/vincentians.com\/es\/el-senor-vicente-visto-por-su-secretario-luis-robineau-articulos-306-al-310\/#primaryimage"},"thumbnailUrl":"","keywords":["Abelly","Dehorgny","Lambert","Robineau","San L\u00e1zaro"],"articleSection":["Escritos de Luis Robineau"],"inLanguage":"es","potentialAction":[{"@type":"CommentAction","name":"Comment","target":["https:\/\/vincentians.com\/es\/el-senor-vicente-visto-por-su-secretario-luis-robineau-articulos-306-al-310\/#respond"]}]},{"@type":"WebPage","@id":"https:\/\/vincentians.com\/es\/el-senor-vicente-visto-por-su-secretario-luis-robineau-articulos-306-al-310\/","url":"https:\/\/vincentians.com\/es\/el-senor-vicente-visto-por-su-secretario-luis-robineau-articulos-306-al-310\/","name":"El se\u00f1or Vicente visto por su secretario, Luis Robineau. Art\u00edculos 306 al 310 - Somos Vicencianos","isPartOf":{"@id":"https:\/\/vincentians.com\/es\/#website"},"primaryImageOfPage":{"@id":"https:\/\/vincentians.com\/es\/el-senor-vicente-visto-por-su-secretario-luis-robineau-articulos-306-al-310\/#primaryimage"},"image":{"@id":"https:\/\/vincentians.com\/es\/el-senor-vicente-visto-por-su-secretario-luis-robineau-articulos-306-al-310\/#primaryimage"},"thumbnailUrl":"","datePublished":"2014-04-01T00:32:37+00:00","breadcrumb":{"@id":"https:\/\/vincentians.com\/es\/el-senor-vicente-visto-por-su-secretario-luis-robineau-articulos-306-al-310\/#breadcrumb"},"inLanguage":"es","potentialAction":[{"@type":"ReadAction","target":["https:\/\/vincentians.com\/es\/el-senor-vicente-visto-por-su-secretario-luis-robineau-articulos-306-al-310\/"]}]},{"@type":"ImageObject","inLanguage":"es","@id":"https:\/\/vincentians.com\/es\/el-senor-vicente-visto-por-su-secretario-luis-robineau-articulos-306-al-310\/#primaryimage","url":"","contentUrl":""},{"@type":"BreadcrumbList","@id":"https:\/\/vincentians.com\/es\/el-senor-vicente-visto-por-su-secretario-luis-robineau-articulos-306-al-310\/#breadcrumb","itemListElement":[{"@type":"ListItem","position":1,"name":"Portada","item":"https:\/\/vincentians.com\/es\/"},{"@type":"ListItem","position":2,"name":"El se\u00f1or Vicente visto por su secretario, Luis Robineau. Art\u00edculos 306 al 310"}]},{"@type":"WebSite","@id":"https:\/\/vincentians.com\/es\/#website","url":"https:\/\/vincentians.com\/es\/","name":"Somos Vicencianos","description":"Know more to serve more","publisher":{"@id":"https:\/\/vincentians.com\/es\/#organization"},"potentialAction":[{"@type":"SearchAction","target":{"@type":"EntryPoint","urlTemplate":"https:\/\/vincentians.com\/es\/?s={search_term_string}"},"query-input":{"@type":"PropertyValueSpecification","valueRequired":true,"valueName":"search_term_string"}}],"inLanguage":"es"},{"@type":"Organization","@id":"https:\/\/vincentians.com\/es\/#organization","name":"The Vincentian Network","url":"https:\/\/vincentians.com\/es\/","logo":{"@type":"ImageObject","inLanguage":"es","@id":"https:\/\/vincentians.com\/es\/#\/schema\/logo\/image\/","url":"https:\/\/i1.wp.com\/vincentians.com\/es\/wp-content\/uploads\/sites\/11\/2016\/06\/Vincentian-Network-logo-big.png?fit=778%2C778","contentUrl":"https:\/\/i1.wp.com\/vincentians.com\/es\/wp-content\/uploads\/sites\/11\/2016\/06\/Vincentian-Network-logo-big.png?fit=778%2C778","width":778,"height":778,"caption":"The Vincentian Network"},"image":{"@id":"https:\/\/vincentians.com\/es\/#\/schema\/logo\/image\/"},"sameAs":["https:\/\/www.facebook.com\/WeAreVincentians\/","https:\/\/x.com\/WeVincentians"]},{"@type":"Person","@id":"https:\/\/vincentians.com\/es\/#\/schema\/person\/9623ef4d9aa3b2dfb8c061f1499288f2","name":"Francisco Javier Fern\u00e1ndez Chento","image":{"@type":"ImageObject","inLanguage":"es","@id":"https:\/\/vincentians.com\/es\/#\/schema\/person\/image\/","url":"https:\/\/secure.gravatar.com\/avatar\/497d5cde87b4c3d097d0315953521681ba2cd523ee66e5077c3711f7021e65de?s=96&d=mm&r=g","contentUrl":"https:\/\/secure.gravatar.com\/avatar\/497d5cde87b4c3d097d0315953521681ba2cd523ee66e5077c3711f7021e65de?s=96&d=mm&r=g","caption":"Francisco Javier Fern\u00e1ndez Chento"},"description":"Director General y cofundador de La Red de Formaci\u00f3n Vicenciana. Javier es laico vicenciano, afiliado a la Congregaci\u00f3n de la Misi\u00f3n y miembro del Equipo de Misiones Populares de la provincia can\u00f3nica de Zaragoza (Espa\u00f1a) de la Congregaci\u00f3n de la Misi\u00f3n. Graduado en la Universidad Oberta de Catalunya con cuatro grados (Asistente de direcci\u00f3n, Gesti\u00f3n Administrativa, Recursos Humanos y Contabilidad Avanzada). Bil\u00edng\u00fce Espa\u00f1ol\/Ingl\u00e9s. gestiona y mantiene varias p\u00e1ginas web cristianas y vicencianas, incluida including La Red de Formaci\u00f3n Vicenciana, de la que es cofundador. Actualmente es responsable del \u00e1rea de Espa\u00f1ol de .famvin, la Red de Noticias de la Familia Vicenciana. Tambi\u00e9n es m\u00fasico cat\u00f3lico y ha editado varios discos. Es Director General y cofundador de Trovador, una reconocida compa\u00f1\u00eda discogr\u00e1fica critiana de Espa\u00f1a. Trabaja en las Tecnolog\u00edas de la Informaci\u00f3n, ofreciendo servicios de alojamiento, dise\u00f1o y mantenimiento Web, as\u00ed como asesoramiento, formaci\u00f3n y soluciones inform\u00e1ticas, gesti\u00f3n documental y digitalizaci\u00f3n de textos, edici\u00f3n y maquetaci\u00f3n de libros, revistas, flyers, etc.","sameAs":["http:\/\/chento.org","https:\/\/www.facebook.com\/JavierChento","https:\/\/x.com\/https:\/\/twitter.com\/javierchento"],"url":"http:\/\/vincentians.com\/es\/author\/chento\/"}]}},"jetpack_publicize_connections":[],"jetpack_featured_media_url":"","jetpack_sharing_enabled":true,"jetpack_shortlink":"https:\/\/wp.me\/p7ETMF-bL5","jetpack-related-posts":[{"id":36978,"url":"http:\/\/vincentians.com\/es\/el-senor-vicente-visto-por-su-secretario-luis-robineau-articulos-146-al-150\/","url_meta":{"origin":45203,"position":0},"title":"El se\u00f1or Vicente visto por su secretario, Luis Robineau. Art\u00edculos 146 al 150","author":"Francisco Javier Fern\u00e1ndez Chento","date":"15\/06\/2025","format":false,"excerpt":"146. Abstinencia y mortificaci\u00f3n como introducci\u00f3n a la Cuaresma. La abstinencia de carne, que ha establecido los lunes y martes de carnaval, la de confesarse y comulgar dicho martes, no dar permiso para salir a la ciudad sin necesidad urgente, la exhortaci\u00f3n que se hace dicho d\u00eda, y el lavado\u2026","rel":"","context":"En \u00abEscritos de Luis Robineau\u00bb","block_context":{"text":"Escritos de Luis Robineau","link":"http:\/\/vincentians.com\/es\/category\/escritos\/escritos-de-luis-robineau\/"},"img":{"alt_text":"","src":"https:\/\/i0.wp.com\/vincentians.com\/es\/wp-content\/uploads\/sites\/11\/2013\/04\/g-5.jpg?fit=1170%2C692&resize=350%2C200","width":350,"height":200,"srcset":"https:\/\/i0.wp.com\/vincentians.com\/es\/wp-content\/uploads\/sites\/11\/2013\/04\/g-5.jpg?fit=1170%2C692&resize=350%2C200 1x, https:\/\/i0.wp.com\/vincentians.com\/es\/wp-content\/uploads\/sites\/11\/2013\/04\/g-5.jpg?fit=1170%2C692&resize=525%2C300 1.5x, https:\/\/i0.wp.com\/vincentians.com\/es\/wp-content\/uploads\/sites\/11\/2013\/04\/g-5.jpg?fit=1170%2C692&resize=700%2C400 2x, https:\/\/i0.wp.com\/vincentians.com\/es\/wp-content\/uploads\/sites\/11\/2013\/04\/g-5.jpg?fit=1170%2C692&resize=1050%2C600 3x"},"classes":[]},{"id":42249,"url":"http:\/\/vincentians.com\/es\/el-senor-vicente-visto-por-su-secretario-luis-robineau-articulos-296-al-300\/","url_meta":{"origin":45203,"position":1},"title":"El se\u00f1or Vicente visto por su secretario, Luis Robineau. Art\u00edculos 296 al 300","author":"Francisco Javier Fern\u00e1ndez Chento","date":"30\/03\/2014","format":false,"excerpt":"296. El Se\u00f1or Vicente: \"los que aman a los pobres no temer\u00e1n la muerte\". Una vez que volv\u00edamos de la ciudad con el difunto Se\u00f1or Abad de Chandenier y el Se\u00f1or Blampignon llegaron a hablar de la muerte de los hombres. El Se\u00f1or Vicente les dijo en esa ocasi\u00f3n lo\u2026","rel":"","context":"En \u00abEscritos de Luis Robineau\u00bb","block_context":{"text":"Escritos de Luis Robineau","link":"http:\/\/vincentians.com\/es\/category\/escritos\/escritos-de-luis-robineau\/"},"img":{"alt_text":"","src":"","width":0,"height":0},"classes":[]},{"id":44001,"url":"http:\/\/vincentians.com\/es\/el-senor-vicente-visto-por-su-secretario-luis-robineau-articulos-301-al-305\/","url_meta":{"origin":45203,"position":2},"title":"El se\u00f1or Vicente visto por su secretario, Luis Robineau. Art\u00edculos 301 al 305","author":"Francisco Javier Fern\u00e1ndez Chento","date":"31\/03\/2014","format":false,"excerpt":"301. Sufrimiento del Se\u00f1or Vicente cuando mandaba a su casa a misioneros. Amaba al pr\u00f3jimo en Dios y para Dios, y le he o\u00eddo decir que, cuando se trataba de despedir a algunos de la Compa\u00f1\u00eda era para \u00e9l como desgarrarle las entra\u00f1as; incluso antes del nacimiento de la Compa\u00f1\u00eda,\u2026","rel":"","context":"En \u00abEscritos de Luis Robineau\u00bb","block_context":{"text":"Escritos de Luis Robineau","link":"http:\/\/vincentians.com\/es\/category\/escritos\/escritos-de-luis-robineau\/"},"img":{"alt_text":"","src":"","width":0,"height":0},"classes":[]},{"id":37724,"url":"http:\/\/vincentians.com\/es\/el-senor-vicente-visto-por-su-secretario-luis-robineau-articulos-156-al-160\/","url_meta":{"origin":45203,"position":3},"title":"El se\u00f1or Vicente visto por su secretario, Luis Robineau. Art\u00edculos 156 al 160","author":"Francisco Javier Fern\u00e1ndez Chento","date":"02\/03\/2014","format":false,"excerpt":"156. Aut\u00e9ntico cristiano el que est\u00e1 dispuesto a perderlo todo por Jesucristo. No seremos \u2014dec\u00eda\u2014 verdaderos cristianos hasta que no estemos dispuestos a perder todo por el amor de Dios y a dar nuestra vida por Jesucristo. Notas del P. Dodin: Definici\u00f3n ausente en Abelly (III). 157. Dispuesto a sufrir\u2026","rel":"","context":"En \u00abEscritos de Luis Robineau\u00bb","block_context":{"text":"Escritos de Luis Robineau","link":"http:\/\/vincentians.com\/es\/category\/escritos\/escritos-de-luis-robineau\/"},"img":{"alt_text":"","src":"","width":0,"height":0},"classes":[]},{"id":17945,"url":"http:\/\/vincentians.com\/es\/el-senor-vicente-visto-por-su-secretario-luis-robineau-articulo-021\/","url_meta":{"origin":45203,"position":4},"title":"El se\u00f1or Vicente visto por su secretario, Luis Robineau. Art\u00edculos 021 al 025","author":"Francisco Javier Fern\u00e1ndez Chento","date":"21\/11\/2024","format":false,"excerpt":"021. Pide permiso para hacerme una advertencia. En cierta ocasi\u00f3n, como tuviera que darme un aviso, me hizo el honor de preguntarme previamente, \"si es que yo lo ten\u00eda a bien\", forma de hablar que demuestra una vez m\u00e1s su humildad, \"tanto m\u00e1s cuanto que soy para mi mayor confusi\u00f3n\u2026","rel":"","context":"En \u00abEscritos de Luis Robineau\u00bb","block_context":{"text":"Escritos de Luis Robineau","link":"http:\/\/vincentians.com\/es\/category\/escritos\/escritos-de-luis-robineau\/"},"img":{"alt_text":"","src":"https:\/\/i0.wp.com\/vincentians.com\/es\/wp-content\/uploads\/sites\/11\/2013\/04\/f-8-scaled.jpg?fit=1200%2C570&resize=350%2C200","width":350,"height":200,"srcset":"https:\/\/i0.wp.com\/vincentians.com\/es\/wp-content\/uploads\/sites\/11\/2013\/04\/f-8-scaled.jpg?fit=1200%2C570&resize=350%2C200 1x, https:\/\/i0.wp.com\/vincentians.com\/es\/wp-content\/uploads\/sites\/11\/2013\/04\/f-8-scaled.jpg?fit=1200%2C570&resize=525%2C300 1.5x, https:\/\/i0.wp.com\/vincentians.com\/es\/wp-content\/uploads\/sites\/11\/2013\/04\/f-8-scaled.jpg?fit=1200%2C570&resize=700%2C400 2x, https:\/\/i0.wp.com\/vincentians.com\/es\/wp-content\/uploads\/sites\/11\/2013\/04\/f-8-scaled.jpg?fit=1200%2C570&resize=1050%2C600 3x"},"classes":[]},{"id":45204,"url":"http:\/\/vincentians.com\/es\/el-senor-vicente-visto-por-su-secretario-luis-robineau-articulos-311-al-315\/","url_meta":{"origin":45203,"position":5},"title":"El se\u00f1or Vicente visto por su secretario, Luis Robineau. Art\u00edculos 311 al 315","author":"Francisco Javier Fern\u00e1ndez Chento","date":"02\/04\/2014","format":false,"excerpt":"311. El Se\u00f1or Vicente prefiere tolerar al Pr\u00edncipe de Conti que indisponerlo contra el obispo de Cahors. El 18 de Septiembre de 1658 estando con el Se\u00f1or Vicente en la salita de San Jos\u00e9, donde tambi\u00e9n se hallaba un sacerdote de la Com\u00adpa\u00f1\u00eda y alguna otra persona de la misma\u2026","rel":"","context":"En \u00abEscritos de Luis Robineau\u00bb","block_context":{"text":"Escritos de Luis Robineau","link":"http:\/\/vincentians.com\/es\/category\/escritos\/escritos-de-luis-robineau\/"},"img":{"alt_text":"","src":"","width":0,"height":0},"classes":[]}],"_links":{"self":[{"href":"http:\/\/vincentians.com\/es\/wp-json\/wp\/v2\/posts\/45203","targetHints":{"allow":["GET"]}}],"collection":[{"href":"http:\/\/vincentians.com\/es\/wp-json\/wp\/v2\/posts"}],"about":[{"href":"http:\/\/vincentians.com\/es\/wp-json\/wp\/v2\/types\/post"}],"author":[{"embeddable":true,"href":"http:\/\/vincentians.com\/es\/wp-json\/wp\/v2\/users\/4"}],"replies":[{"embeddable":true,"href":"http:\/\/vincentians.com\/es\/wp-json\/wp\/v2\/comments?post=45203"}],"version-history":[{"count":0,"href":"http:\/\/vincentians.com\/es\/wp-json\/wp\/v2\/posts\/45203\/revisions"}],"wp:featuredmedia":[{"embeddable":true,"href":"http:\/\/vincentians.com\/es\/wp-json\/"}],"wp:attachment":[{"href":"http:\/\/vincentians.com\/es\/wp-json\/wp\/v2\/media?parent=45203"}],"wp:term":[{"taxonomy":"category","embeddable":true,"href":"http:\/\/vincentians.com\/es\/wp-json\/wp\/v2\/categories?post=45203"},{"taxonomy":"post_tag","embeddable":true,"href":"http:\/\/vincentians.com\/es\/wp-json\/wp\/v2\/tags?post=45203"}],"curies":[{"name":"wp","href":"https:\/\/api.w.org\/{rel}","templated":true}]}}