{"id":44991,"date":"2015-01-25T03:07:19","date_gmt":"2015-01-25T02:07:19","guid":{"rendered":"http:\/\/somos.vicencianos.org\/blog\/2011\/07\/historia-general-de-la-c-m-hasta-el-ano-1720-74-los-misioneros-de-argel\/"},"modified":"2016-07-27T12:12:48","modified_gmt":"2016-07-27T10:12:48","slug":"historia-general-de-la-c-m-hasta-el-ano-1720-74-los-misioneros-de-argel","status":"publish","type":"post","link":"http:\/\/vincentians.com\/es\/historia-general-de-la-c-m-hasta-el-ano-1720-74-los-misioneros-de-argel\/","title":{"rendered":"Historia general de la C.M., hasta el a\u00f1o 1720 (74. Los Misioneros de Argel)"},"content":{"rendered":"<dl id=\"attachment_38132\" class=\"wp-caption alignright\" style=\"width: 215px\">\n<dt class=\"wp-caption-dt\"><a href=\"https:\/\/i0.wp.com\/vicencianos.org\/wp-content\/2011\/05\/vincent_de_paul.jpg\"><img data-recalc-dims=\"1\" loading=\"lazy\" decoding=\"async\" class=\"size-medium wp-image-38132\" title=\"San Vicente de Pa\u00fal\" src=\"https:\/\/i0.wp.com\/vicencianos.org\/wp-content\/2011\/05\/vincent_de_paul-205x300.jpg?resize=205%2C300\" alt=\"San Vicente de Pa\u00fal\" width=\"205\" height=\"300\" \/><\/a><\/dt>\n<dd class=\"wp-caption-dd\">San Vicente de Pa\u00fal<\/dd>\n<\/dl>\n<p><strong>LXXIV. Los Misioneros de Argel<\/strong><\/p>\n<p>De la China nos volveremos a Berber\u00eda para hacer la relaci\u00f3n de lo que los Misioneros han hecho en Argel. Hemos visto hasta ahora c\u00f3mo el sr. Lorance se hab\u00eda instalado all\u00ed con el hermano Jacques Leclerc, en calidad de vicario del arzobispo de Cartago, y c\u00f3mo se envi\u00f3 luego al sr. Duch\u00eane para ayudarle. Prestaron all\u00ed sus servicios acostumbrados a los pobres esclavos cristianos, en buena salud y sin afrenta como se\u00f1alaba el sr. W\u00e1ter en su carta del 1\u00ba de enero de 1705, a\u00f1adiendo sin embargo que el sr. Lorance se hac\u00eda viejo y se cansaba mucho, habiendo pasado el a\u00f1o \u00faltimo dos ataques de apoplej\u00eda, de los que se habr\u00eda muerto de no haber sido auxiliado a tiempo. Falleci\u00f3 alg\u00fan tiempo despu\u00e9s. Desde la muerte del sr. Lorance, el sr. Duch\u00eane cay\u00f3 gravemente enfermo y crey\u00f3 morirse, de manera que llam\u00f3 a un Padre capuchino vicario apost\u00f3lico en su lugar. Para obviar un inconveniente parecido, urg\u00eda al sr. W\u00e1ter, no sabiendo todav\u00eda que \u00e9ste se hubiera muerto, para que le enviara un compa\u00f1ero para vicario de T\u00fanez; con lo cual el sr. Bonnet, por entonces vicario general dijo en su carta del 1\u00ba de enero de 1711 que parece justo prestarle auxilio y este consuelo; pero all\u00ed se necesitan hombres de una virtud muy s\u00f3lida y dispuestos a morir en los tormentos en el primer alboroto que se organice en estas ciudades infieles. Invitaba a los miembros de la CM si se sent\u00edan atra\u00eddos para este empleo, que se lo dijeran.<\/p>\n<p>Puso los ojos en primer lugar en el sr. Lamote, hombre fuerte y vigoroso, que estaba en Annecy; pero \u00e9ste se excus\u00f3 por su edad de 50 a\u00f1os y por la dificultad que tendr\u00eda, siendo tan mayor, de aprenderse la lengua, escogi\u00f3 a otro m\u00e1s joven, al sr. Batault, por entonces asistente y profesor en el seminario de Vanes, hombre dulce y celoso, de un buen car\u00e1cter. Le dio por compa\u00f1ero a un hermano llamado Joseph Berchon, activo y de buena voluntad. Vinieron los dos de Par\u00eds a embarcarse a Marsella al comenzar el a\u00f1o de 1712, y fueron atacados en el mar por una fuerte tempestad que los puso en peligro de naufragar y los arroj\u00f3 por fin a las costas de G\u00e9nova. Quedando el barco fuera de servicio para continuar la ruta, el sr. Batault se propuso venir a embarcarse a Marsella, y entre tanto ir a Roma; sin embargo se priv\u00f3 de este consuelo, y haci\u00e9ndose hallado en G\u00e9nova un barco para ir a Argel, aprovech\u00f3 la ocasi\u00f3n con el hermano y lleg\u00f3 con buena salud, lo que caus\u00f3 una gran alegr\u00eda al sr. Duch\u00eane. Hab\u00eda por entonces en Argel un dey muy dulce y tratable, lo que les permit\u00eda servir a los pobres esclavos con mucha libertad. El sr. Duch\u00eane no dejaba a pesar de todo de sufrir alguna mortificaci\u00f3n. Los Padres de la Merced espa\u00f1oles, que van a Argel con grandes sumas de dinero para rescatar a los esclavos, tuvieron alg\u00fan altercado con \u00e9l. Uno de ellos portugu\u00e9s de nacionalidad, llamado el Padre De Mendes, hombre de calidad, present\u00f3 algunas quejas con las que llen\u00f3 un sumario o memoria que se tom\u00f3 la libertad de dirigir al Papa, en la que atacaba incluso personalmente su reputaci\u00f3n, pero la cosa qued\u00f3 ah\u00ed, y le era f\u00e1cil al sr. Duch\u00eane justificarse de todo lo que se le acusaba. Lo que giraba en torno a una pretendida avaricia con la redenci\u00f3n de los esclavos en la que se mezclaba. Ten\u00eda para ello alguna relaci\u00f3n con la archicofrad\u00eda de la redenci\u00f3n de los cautivos en Roma, y con la de G\u00e9nova. Estos se\u00f1ores pareciendo a veces no quedar bien satisfechos de sus cuidados para rescatar a los esclavos, por los cuales mediaba, pero es imposible contentar a todo el mundo.<\/p>\n<p>Estos se\u00f1ores viv\u00edan muy bien con el sr. de Cl\u00e9rambault, c\u00f3nsul de la naci\u00f3n francesa, el cual sirvi\u00f3 \u00fatilmente al sr.Duch\u00eane para apaciguar al dey quien, con todo lo bueno que era, le hab\u00eda dado con bastante brusquedad una orden para salir de Argel, por una falsa acusaci\u00f3n de algunos jud\u00edos, como lo publicaba el sr. Bonnet en 1714, a\u00f1adiendo: La paz y la guerra se suceden all\u00ed, como aqu\u00ed la lluvia y el buen tiempo y, por consiguiente, estos se\u00f1ores tienen necesidad de mucha fuerza y confianza. Ten\u00edan, como puerta la carta del sr. Bonnet, en 1715, una gran libertad para la pr\u00e1ctica de las reglas y los ejercicios de las funciones con los esclavos cristianos, siempre en gran n\u00famero en diversas mazmorras, a quienes sirven con mucho celo, fervor, \u00e9xito y consuelo. Sin embargo, al a\u00f1o siguiente, tuvieron que enfrentarse a algunas afrentas y amenazas por parte del dey, prevenido igualmente por falsos informes: indignos tratamientos se hab\u00edan dado a turcos en Italia; se desenga\u00f1\u00f3 enseguida y se abland\u00f3 con respecto a los misioneros, dej\u00e1ndoles vivir en paz, dedicados al servicio de los pobres esclavos cristianos. Se comprend\u00eda por esta nueva borrasca que deb\u00edan estar preparados a todos los eventos; no los hab\u00edan tenido en ese momento desagradables. Hablaban en una carta al general, en 1716, de una joven esclava espa\u00f1ola quien, desde hac\u00eda diez a\u00f1os, sufr\u00eda por guardar su fe y su castidad un martirio parecido al de los primeros m\u00e1rtires.<\/p>\n<p>M\u00e1s tarde, el hermano Le Clerc falleci\u00f3 y se debe enviar a otro hermano en su lugar. El sr. Bonnet pens\u00f3 oportuno mandar hace all\u00ed una visita seg\u00fan la costumbre de la Co, introducida en todas las casas; dio esta comisi\u00f3n al sr. de Garcin, superior de la casa de Marsella quien, despu\u00e9s de largo tiempo en esta ciudad, donde se realizan los asuntos de estos se\u00f1ores de Argel para los embarques, y donde se guarda su dinero que no estar\u00eda seguro con los Turcos, ten\u00eda m\u00e1s conocimiento de esta fundaci\u00f3n; se fue all\u00e1 y volvi\u00f3 a primeros del a\u00f1o 1720.<\/p>\n","protected":false},"excerpt":{"rendered":"<p>San Vicente de Pa\u00fal LXXIV. Los Misioneros de Argel De la China nos volveremos a Berber\u00eda para hacer la relaci\u00f3n de lo que los Misioneros han hecho en Argel. Hemos visto hasta ahora c\u00f3mo el &#8230; <a href=\"http:\/\/vincentians.com\/es\/historia-general-de-la-c-m-hasta-el-ano-1720-74-los-misioneros-de-argel\/\" class=\"more-link\">Read More<\/a><\/p>\n","protected":false},"author":5,"featured_media":38132,"comment_status":"open","ping_status":"open","sticky":false,"template":"","format":"standard","meta":{"rs_blank_template":"","rs_page_bg_color":"","slide_template_v7":"","_jetpack_newsletter_access":"","_jetpack_dont_email_post_to_subs":false,"_jetpack_newsletter_tier_id":0,"_jetpack_memberships_contains_paywalled_content":false,"_jetpack_feature_clip_id":0,"_jetpack_memberships_contains_paid_content":false,"footnotes":"","jetpack_publicize_message":"","jetpack_publicize_feature_enabled":true,"jetpack_social_post_already_shared":true,"jetpack_social_options":{"image_generator_settings":{"template":"highway","default_image_id":0,"font":"","enabled":false},"version":2},"jetpack_post_was_ever_published":false},"categories":[214],"tags":[168,116],"class_list":["post-44991","post","type-post","status-publish","format-standard","has-post-thumbnail","hentry","category-historia-de-la-congregacion-de-la-mision","tag-argel","tag-tunez"],"yoast_head":"<!-- This site is optimized with the Yoast SEO plugin v27.9 - https:\/\/yoast.com\/product\/yoast-seo-wordpress\/ -->\n<title>Historia general de la C.M., hasta el a\u00f1o 1720 (74. Los Misioneros de Argel) - Somos Vicencianos<\/title>\n<meta name=\"robots\" content=\"index, follow, max-snippet:-1, max-image-preview:large, max-video-preview:-1\" \/>\n<link rel=\"canonical\" href=\"http:\/\/vincentians.com\/es\/historia-general-de-la-c-m-hasta-el-ano-1720-74-los-misioneros-de-argel\/\" \/>\n<meta property=\"og:locale\" content=\"es_ES\" \/>\n<meta property=\"og:type\" content=\"article\" \/>\n<meta property=\"og:title\" content=\"Historia general de la C.M., hasta el a\u00f1o 1720 (74. Los Misioneros de Argel) - Somos Vicencianos\" \/>\n<meta property=\"og:description\" content=\"San Vicente de Pa\u00fal LXXIV. Los Misioneros de Argel De la China nos volveremos a Berber\u00eda para hacer la relaci\u00f3n de lo que los Misioneros han hecho en Argel. Hemos visto hasta ahora c\u00f3mo el ... Read More\" \/>\n<meta property=\"og:url\" content=\"http:\/\/vincentians.com\/es\/historia-general-de-la-c-m-hasta-el-ano-1720-74-los-misioneros-de-argel\/\" \/>\n<meta property=\"og:site_name\" content=\"Somos Vicencianos\" \/>\n<meta property=\"article:publisher\" content=\"https:\/\/www.facebook.com\/WeAreVincentians\/\" \/>\n<meta property=\"article:published_time\" content=\"2015-01-25T02:07:19+00:00\" \/>\n<meta property=\"article:modified_time\" content=\"2016-07-27T10:12:48+00:00\" \/>\n<meta name=\"author\" content=\"Mitxel Olabu\u00e9naga\" \/>\n<meta name=\"twitter:card\" content=\"summary_large_image\" \/>\n<meta name=\"twitter:creator\" content=\"@WeVincentians\" \/>\n<meta name=\"twitter:site\" content=\"@WeVincentians\" \/>\n<meta name=\"twitter:label1\" content=\"Escrito por\" \/>\n\t<meta name=\"twitter:data1\" content=\"Mitxel Olabu\u00e9naga\" \/>\n\t<meta name=\"twitter:label2\" content=\"Tiempo de lectura\" \/>\n\t<meta name=\"twitter:data2\" content=\"5 minutos\" \/>\n<script type=\"application\/ld+json\" class=\"yoast-schema-graph\">{\"@context\":\"https:\\\/\\\/schema.org\",\"@graph\":[{\"@type\":\"Article\",\"@id\":\"http:\\\/\\\/vincentians.com\\\/es\\\/historia-general-de-la-c-m-hasta-el-ano-1720-74-los-misioneros-de-argel\\\/#article\",\"isPartOf\":{\"@id\":\"http:\\\/\\\/vincentians.com\\\/es\\\/historia-general-de-la-c-m-hasta-el-ano-1720-74-los-misioneros-de-argel\\\/\"},\"author\":{\"name\":\"Mitxel Olabu\u00e9naga\",\"@id\":\"https:\\\/\\\/vincentians.com\\\/es\\\/#\\\/schema\\\/person\\\/7c2670b4445a7ca9d164ea6acdb31859\"},\"headline\":\"Historia general de la C.M., hasta el a\u00f1o 1720 (74. Los Misioneros de Argel)\",\"datePublished\":\"2015-01-25T02:07:19+00:00\",\"dateModified\":\"2016-07-27T10:12:48+00:00\",\"mainEntityOfPage\":{\"@id\":\"http:\\\/\\\/vincentians.com\\\/es\\\/historia-general-de-la-c-m-hasta-el-ano-1720-74-los-misioneros-de-argel\\\/\"},\"wordCount\":1085,\"commentCount\":0,\"publisher\":{\"@id\":\"https:\\\/\\\/vincentians.com\\\/es\\\/#organization\"},\"image\":{\"@id\":\"http:\\\/\\\/vincentians.com\\\/es\\\/historia-general-de-la-c-m-hasta-el-ano-1720-74-los-misioneros-de-argel\\\/#primaryimage\"},\"thumbnailUrl\":\"\",\"keywords\":[\"Argel\",\"T\u00fanez\"],\"articleSection\":[\"Historia de la Congregaci\u00f3n de la Misi\u00f3n\"],\"inLanguage\":\"es\",\"potentialAction\":[{\"@type\":\"CommentAction\",\"name\":\"Comment\",\"target\":[\"http:\\\/\\\/vincentians.com\\\/es\\\/historia-general-de-la-c-m-hasta-el-ano-1720-74-los-misioneros-de-argel\\\/#respond\"]}]},{\"@type\":\"WebPage\",\"@id\":\"http:\\\/\\\/vincentians.com\\\/es\\\/historia-general-de-la-c-m-hasta-el-ano-1720-74-los-misioneros-de-argel\\\/\",\"url\":\"http:\\\/\\\/vincentians.com\\\/es\\\/historia-general-de-la-c-m-hasta-el-ano-1720-74-los-misioneros-de-argel\\\/\",\"name\":\"Historia general de la C.M., hasta el a\u00f1o 1720 (74. Los Misioneros de Argel) - Somos Vicencianos\",\"isPartOf\":{\"@id\":\"https:\\\/\\\/vincentians.com\\\/es\\\/#website\"},\"primaryImageOfPage\":{\"@id\":\"http:\\\/\\\/vincentians.com\\\/es\\\/historia-general-de-la-c-m-hasta-el-ano-1720-74-los-misioneros-de-argel\\\/#primaryimage\"},\"image\":{\"@id\":\"http:\\\/\\\/vincentians.com\\\/es\\\/historia-general-de-la-c-m-hasta-el-ano-1720-74-los-misioneros-de-argel\\\/#primaryimage\"},\"thumbnailUrl\":\"\",\"datePublished\":\"2015-01-25T02:07:19+00:00\",\"dateModified\":\"2016-07-27T10:12:48+00:00\",\"breadcrumb\":{\"@id\":\"http:\\\/\\\/vincentians.com\\\/es\\\/historia-general-de-la-c-m-hasta-el-ano-1720-74-los-misioneros-de-argel\\\/#breadcrumb\"},\"inLanguage\":\"es\",\"potentialAction\":[{\"@type\":\"ReadAction\",\"target\":[\"http:\\\/\\\/vincentians.com\\\/es\\\/historia-general-de-la-c-m-hasta-el-ano-1720-74-los-misioneros-de-argel\\\/\"]}]},{\"@type\":\"ImageObject\",\"inLanguage\":\"es\",\"@id\":\"http:\\\/\\\/vincentians.com\\\/es\\\/historia-general-de-la-c-m-hasta-el-ano-1720-74-los-misioneros-de-argel\\\/#primaryimage\",\"url\":\"\",\"contentUrl\":\"\"},{\"@type\":\"BreadcrumbList\",\"@id\":\"http:\\\/\\\/vincentians.com\\\/es\\\/historia-general-de-la-c-m-hasta-el-ano-1720-74-los-misioneros-de-argel\\\/#breadcrumb\",\"itemListElement\":[{\"@type\":\"ListItem\",\"position\":1,\"name\":\"Portada\",\"item\":\"https:\\\/\\\/vincentians.com\\\/es\\\/\"},{\"@type\":\"ListItem\",\"position\":2,\"name\":\"Historia general de la C.M., hasta el a\u00f1o 1720 (74. Los Misioneros de Argel)\"}]},{\"@type\":\"WebSite\",\"@id\":\"https:\\\/\\\/vincentians.com\\\/es\\\/#website\",\"url\":\"https:\\\/\\\/vincentians.com\\\/es\\\/\",\"name\":\"Somos Vicencianos\",\"description\":\"Know more to serve more\",\"publisher\":{\"@id\":\"https:\\\/\\\/vincentians.com\\\/es\\\/#organization\"},\"potentialAction\":[{\"@type\":\"SearchAction\",\"target\":{\"@type\":\"EntryPoint\",\"urlTemplate\":\"https:\\\/\\\/vincentians.com\\\/es\\\/?s={search_term_string}\"},\"query-input\":{\"@type\":\"PropertyValueSpecification\",\"valueRequired\":true,\"valueName\":\"search_term_string\"}}],\"inLanguage\":\"es\"},{\"@type\":\"Organization\",\"@id\":\"https:\\\/\\\/vincentians.com\\\/es\\\/#organization\",\"name\":\"The Vincentian Network\",\"url\":\"https:\\\/\\\/vincentians.com\\\/es\\\/\",\"logo\":{\"@type\":\"ImageObject\",\"inLanguage\":\"es\",\"@id\":\"https:\\\/\\\/vincentians.com\\\/es\\\/#\\\/schema\\\/logo\\\/image\\\/\",\"url\":\"https:\\\/\\\/i1.wp.com\\\/vincentians.com\\\/es\\\/wp-content\\\/uploads\\\/sites\\\/11\\\/2016\\\/06\\\/Vincentian-Network-logo-big.png?fit=778%2C778\",\"contentUrl\":\"https:\\\/\\\/i1.wp.com\\\/vincentians.com\\\/es\\\/wp-content\\\/uploads\\\/sites\\\/11\\\/2016\\\/06\\\/Vincentian-Network-logo-big.png?fit=778%2C778\",\"width\":778,\"height\":778,\"caption\":\"The Vincentian Network\"},\"image\":{\"@id\":\"https:\\\/\\\/vincentians.com\\\/es\\\/#\\\/schema\\\/logo\\\/image\\\/\"},\"sameAs\":[\"https:\\\/\\\/www.facebook.com\\\/WeAreVincentians\\\/\",\"https:\\\/\\\/x.com\\\/WeVincentians\"]},{\"@type\":\"Person\",\"@id\":\"https:\\\/\\\/vincentians.com\\\/es\\\/#\\\/schema\\\/person\\\/7c2670b4445a7ca9d164ea6acdb31859\",\"name\":\"Mitxel Olabu\u00e9naga\",\"image\":{\"@type\":\"ImageObject\",\"inLanguage\":\"es\",\"@id\":\"https:\\\/\\\/secure.gravatar.com\\\/avatar\\\/34137ec2e2b8939cbbed975731e71f3f4f1defc7266ded337a5ce0f925426877?s=96&d=mm&r=g\",\"url\":\"https:\\\/\\\/secure.gravatar.com\\\/avatar\\\/34137ec2e2b8939cbbed975731e71f3f4f1defc7266ded337a5ce0f925426877?s=96&d=mm&r=g\",\"contentUrl\":\"https:\\\/\\\/secure.gravatar.com\\\/avatar\\\/34137ec2e2b8939cbbed975731e71f3f4f1defc7266ded337a5ce0f925426877?s=96&d=mm&r=g\",\"caption\":\"Mitxel Olabu\u00e9naga\"},\"url\":\"http:\\\/\\\/vincentians.com\\\/es\\\/author\\\/mitxel\\\/\"}]}<\/script>\n<!-- \/ Yoast SEO plugin. -->","yoast_head_json":{"title":"Historia general de la C.M., hasta el a\u00f1o 1720 (74. Los Misioneros de Argel) - Somos Vicencianos","robots":{"index":"index","follow":"follow","max-snippet":"max-snippet:-1","max-image-preview":"max-image-preview:large","max-video-preview":"max-video-preview:-1"},"canonical":"http:\/\/vincentians.com\/es\/historia-general-de-la-c-m-hasta-el-ano-1720-74-los-misioneros-de-argel\/","og_locale":"es_ES","og_type":"article","og_title":"Historia general de la C.M., hasta el a\u00f1o 1720 (74. Los Misioneros de Argel) - Somos Vicencianos","og_description":"San Vicente de Pa\u00fal LXXIV. Los Misioneros de Argel De la China nos volveremos a Berber\u00eda para hacer la relaci\u00f3n de lo que los Misioneros han hecho en Argel. Hemos visto hasta ahora c\u00f3mo el ... Read More","og_url":"http:\/\/vincentians.com\/es\/historia-general-de-la-c-m-hasta-el-ano-1720-74-los-misioneros-de-argel\/","og_site_name":"Somos Vicencianos","article_publisher":"https:\/\/www.facebook.com\/WeAreVincentians\/","article_published_time":"2015-01-25T02:07:19+00:00","article_modified_time":"2016-07-27T10:12:48+00:00","author":"Mitxel Olabu\u00e9naga","twitter_card":"summary_large_image","twitter_creator":"@WeVincentians","twitter_site":"@WeVincentians","twitter_misc":{"Escrito por":"Mitxel Olabu\u00e9naga","Tiempo de lectura":"5 minutos"},"schema":{"@context":"https:\/\/schema.org","@graph":[{"@type":"Article","@id":"http:\/\/vincentians.com\/es\/historia-general-de-la-c-m-hasta-el-ano-1720-74-los-misioneros-de-argel\/#article","isPartOf":{"@id":"http:\/\/vincentians.com\/es\/historia-general-de-la-c-m-hasta-el-ano-1720-74-los-misioneros-de-argel\/"},"author":{"name":"Mitxel Olabu\u00e9naga","@id":"https:\/\/vincentians.com\/es\/#\/schema\/person\/7c2670b4445a7ca9d164ea6acdb31859"},"headline":"Historia general de la C.M., hasta el a\u00f1o 1720 (74. Los Misioneros de Argel)","datePublished":"2015-01-25T02:07:19+00:00","dateModified":"2016-07-27T10:12:48+00:00","mainEntityOfPage":{"@id":"http:\/\/vincentians.com\/es\/historia-general-de-la-c-m-hasta-el-ano-1720-74-los-misioneros-de-argel\/"},"wordCount":1085,"commentCount":0,"publisher":{"@id":"https:\/\/vincentians.com\/es\/#organization"},"image":{"@id":"http:\/\/vincentians.com\/es\/historia-general-de-la-c-m-hasta-el-ano-1720-74-los-misioneros-de-argel\/#primaryimage"},"thumbnailUrl":"","keywords":["Argel","T\u00fanez"],"articleSection":["Historia de la Congregaci\u00f3n de la Misi\u00f3n"],"inLanguage":"es","potentialAction":[{"@type":"CommentAction","name":"Comment","target":["http:\/\/vincentians.com\/es\/historia-general-de-la-c-m-hasta-el-ano-1720-74-los-misioneros-de-argel\/#respond"]}]},{"@type":"WebPage","@id":"http:\/\/vincentians.com\/es\/historia-general-de-la-c-m-hasta-el-ano-1720-74-los-misioneros-de-argel\/","url":"http:\/\/vincentians.com\/es\/historia-general-de-la-c-m-hasta-el-ano-1720-74-los-misioneros-de-argel\/","name":"Historia general de la C.M., hasta el a\u00f1o 1720 (74. Los Misioneros de Argel) - Somos Vicencianos","isPartOf":{"@id":"https:\/\/vincentians.com\/es\/#website"},"primaryImageOfPage":{"@id":"http:\/\/vincentians.com\/es\/historia-general-de-la-c-m-hasta-el-ano-1720-74-los-misioneros-de-argel\/#primaryimage"},"image":{"@id":"http:\/\/vincentians.com\/es\/historia-general-de-la-c-m-hasta-el-ano-1720-74-los-misioneros-de-argel\/#primaryimage"},"thumbnailUrl":"","datePublished":"2015-01-25T02:07:19+00:00","dateModified":"2016-07-27T10:12:48+00:00","breadcrumb":{"@id":"http:\/\/vincentians.com\/es\/historia-general-de-la-c-m-hasta-el-ano-1720-74-los-misioneros-de-argel\/#breadcrumb"},"inLanguage":"es","potentialAction":[{"@type":"ReadAction","target":["http:\/\/vincentians.com\/es\/historia-general-de-la-c-m-hasta-el-ano-1720-74-los-misioneros-de-argel\/"]}]},{"@type":"ImageObject","inLanguage":"es","@id":"http:\/\/vincentians.com\/es\/historia-general-de-la-c-m-hasta-el-ano-1720-74-los-misioneros-de-argel\/#primaryimage","url":"","contentUrl":""},{"@type":"BreadcrumbList","@id":"http:\/\/vincentians.com\/es\/historia-general-de-la-c-m-hasta-el-ano-1720-74-los-misioneros-de-argel\/#breadcrumb","itemListElement":[{"@type":"ListItem","position":1,"name":"Portada","item":"https:\/\/vincentians.com\/es\/"},{"@type":"ListItem","position":2,"name":"Historia general de la C.M., hasta el a\u00f1o 1720 (74. Los Misioneros de Argel)"}]},{"@type":"WebSite","@id":"https:\/\/vincentians.com\/es\/#website","url":"https:\/\/vincentians.com\/es\/","name":"Somos Vicencianos","description":"Know more to serve more","publisher":{"@id":"https:\/\/vincentians.com\/es\/#organization"},"potentialAction":[{"@type":"SearchAction","target":{"@type":"EntryPoint","urlTemplate":"https:\/\/vincentians.com\/es\/?s={search_term_string}"},"query-input":{"@type":"PropertyValueSpecification","valueRequired":true,"valueName":"search_term_string"}}],"inLanguage":"es"},{"@type":"Organization","@id":"https:\/\/vincentians.com\/es\/#organization","name":"The Vincentian Network","url":"https:\/\/vincentians.com\/es\/","logo":{"@type":"ImageObject","inLanguage":"es","@id":"https:\/\/vincentians.com\/es\/#\/schema\/logo\/image\/","url":"https:\/\/i1.wp.com\/vincentians.com\/es\/wp-content\/uploads\/sites\/11\/2016\/06\/Vincentian-Network-logo-big.png?fit=778%2C778","contentUrl":"https:\/\/i1.wp.com\/vincentians.com\/es\/wp-content\/uploads\/sites\/11\/2016\/06\/Vincentian-Network-logo-big.png?fit=778%2C778","width":778,"height":778,"caption":"The Vincentian Network"},"image":{"@id":"https:\/\/vincentians.com\/es\/#\/schema\/logo\/image\/"},"sameAs":["https:\/\/www.facebook.com\/WeAreVincentians\/","https:\/\/x.com\/WeVincentians"]},{"@type":"Person","@id":"https:\/\/vincentians.com\/es\/#\/schema\/person\/7c2670b4445a7ca9d164ea6acdb31859","name":"Mitxel Olabu\u00e9naga","image":{"@type":"ImageObject","inLanguage":"es","@id":"https:\/\/secure.gravatar.com\/avatar\/34137ec2e2b8939cbbed975731e71f3f4f1defc7266ded337a5ce0f925426877?s=96&d=mm&r=g","url":"https:\/\/secure.gravatar.com\/avatar\/34137ec2e2b8939cbbed975731e71f3f4f1defc7266ded337a5ce0f925426877?s=96&d=mm&r=g","contentUrl":"https:\/\/secure.gravatar.com\/avatar\/34137ec2e2b8939cbbed975731e71f3f4f1defc7266ded337a5ce0f925426877?s=96&d=mm&r=g","caption":"Mitxel Olabu\u00e9naga"},"url":"http:\/\/vincentians.com\/es\/author\/mitxel\/"}]}},"jetpack_publicize_connections":[],"jetpack_featured_media_url":"","jetpack_sharing_enabled":true,"jetpack_shortlink":"https:\/\/wp.me\/p7ETMF-bHF","jetpack-related-posts":[{"id":42334,"url":"http:\/\/vincentians.com\/es\/historia-general-de-la-c-m-hasta-el-ano-1720-36-misioneros-de-argel-y-de-madagascar\/","url_meta":{"origin":44991,"position":0},"title":"Historia general de la C.M., hasta el a\u00f1o 1720 (36. Misioneros de Argel, y de Madagascar)","author":"Mitxel Olabu\u00e9naga","date":"17\/12\/2014","format":false,"excerpt":"San Vicente de Pa\u00fal XXXVI. Misioneros de Argel, y de Madagascar Se recib\u00edan de vez en cuando noticias del sr. Levacher, que desde la muerte del S.Vicente, continuaba trabajando en Argel, en Berber\u00eda, al servicio y alivio de los pobres esclavos cristianos, como lo hab\u00edan hecho el sr. Julian Guar\u00edn\u2026","rel":"","context":"En \u00abHistoria de la Congregaci\u00f3n de la Misi\u00f3n\u00bb","block_context":{"text":"Historia de la Congregaci\u00f3n de la Misi\u00f3n","link":"http:\/\/vincentians.com\/es\/category\/historia-de-la-familia-vicenciana\/historia-de-la-congregacion-de-la-mision\/"},"img":{"alt_text":"San Vicente de Pa\u00fal","src":"https:\/\/i0.wp.com\/vicencianos.org\/wp-content\/2011\/05\/vincent_de_paul-205x300.jpg?resize=350%2C200","width":350,"height":200},"classes":[]},{"id":44973,"url":"http:\/\/vincentians.com\/es\/historia-general-de-la-c-m-hasta-el-ano-1720-56-misioneros-enviados-a-argel-otros-a-la-china\/","url_meta":{"origin":44991,"position":1},"title":"Historia general de la C.M., hasta el a\u00f1o 1720 (56. Misioneros enviados a Argel, otros a la China)","author":"Mitxel Olabu\u00e9naga","date":"07\/01\/2015","format":false,"excerpt":"San Vicente de Pa\u00fal LVI. Misioneros enviados a Argel, otros a la China La CM no se desanim\u00f3 de enviar nuevos operarios a Argel para proporcionar los alivios acostumbrados a los pobres esclavos cristianos, aunque hubiera visto la manera salvaje como hab\u00edan quitado la vida al sr. Montmasson y a\u2026","rel":"","context":"En \u00abHistoria de la Congregaci\u00f3n de la Misi\u00f3n\u00bb","block_context":{"text":"Historia de la Congregaci\u00f3n de la Misi\u00f3n","link":"http:\/\/vincentians.com\/es\/category\/historia-de-la-familia-vicenciana\/historia-de-la-congregacion-de-la-mision\/"},"img":{"alt_text":"San Vicente de Pa\u00fal","src":"https:\/\/i0.wp.com\/vicencianos.org\/wp-content\/2011\/05\/vincent_de_paul-205x300.jpg?resize=350%2C200","width":350,"height":200},"classes":[]},{"id":129651,"url":"http:\/\/vincentians.com\/es\/san-vicente-de-paul-su-vida-su-tiempo-sus-obras-su-influencia-libro-3-capitulo-2-c\/","url_meta":{"origin":44991,"position":2},"title":"San Vicente de Pa\u00fal. Su vida, su tiempo; sus obras, su influencia. Libro 3, cap\u00edtulo 2 (c)","author":"Francisco Javier Fern\u00e1ndez Chento","date":"08\/01\/2015","format":false,"excerpt":"Cap\u00edtulo II: Berber\u00eda (cont.) Art\u00edculo III. Misi\u00f3n de Argel desde la muerte de san Vicente de Pa\u00fal. I. Expedici\u00f3n del duque de Beaufort. \u2013Juan Le Vacher en Argel. Vicente muri\u00f3 con el dolor de no haber visto castigada la pirater\u00eda, vengados la sangre de los m\u00e1rtires y el honor franc\u00e9s,\u2026","rel":"","context":"En \u00abVicente de Pa\u00fal\u00bb","block_context":{"text":"Vicente de Pa\u00fal","link":"http:\/\/vincentians.com\/es\/category\/la-familia-vicenciana\/fundadores\/vicente-de-paul\/"},"img":{"alt_text":"","src":"","width":0,"height":0},"classes":[]},{"id":119751,"url":"http:\/\/vincentians.com\/es\/el-senor-vicente-relee-su-vida-en-casa-y-lejos-de-ella\/","url_meta":{"origin":44991,"position":3},"title":"El Se\u00f1or Vicente relee su vida: En casa y lejos de ella","author":"Francisco Javier Fern\u00e1ndez Chento","date":"07\/05\/2013","format":false,"excerpt":"Desde al menos 1642, pensaba en dar Reglas a la Compa\u00f1\u00eda. Los fundamentos teol\u00f3gicos y algunos puntos principales estaban ya en nuestro Contrato de Fundaci\u00f3n y en la Bula de erecci\u00f3n, pero hab\u00eda que precisar bien los detalles. La vida se encargaba de ello, y yo hab\u00eda preparado un texto.\u2026","rel":"","context":"En \u00abVicente de Pa\u00fal\u00bb","block_context":{"text":"Vicente de Pa\u00fal","link":"http:\/\/vincentians.com\/es\/category\/la-familia-vicenciana\/fundadores\/vicente-de-paul\/"},"img":{"alt_text":"","src":"","width":0,"height":0},"classes":[]},{"id":46867,"url":"http:\/\/vincentians.com\/es\/jean-le-vacher-1619-1683-parte-segunda\/","url_meta":{"origin":44991,"position":4},"title":"Jean Le Vacher (1619-1683) (Parte segunda)","author":"Mitxel Olabu\u00e9naga","date":"17\/07\/2026","format":false,"excerpt":"XIV. \u2014 El Sr. Le Vacher vuelve al consulado Antes de su partida, el C\u00f3nsul devolvi\u00f3 los sellos al Sr. Le Vacher. \u00c9ste los rechaz\u00f3 en primer lugar, esperando ser expulsado a su vez; pero el bey no odiaba por el momento m\u00e1s que al Sr. Husson y, solicitado adem\u00e1s\u2026","rel":"","context":"En \u00abBiograf\u00edas de Misioneros Pa\u00fales\u00bb","block_context":{"text":"Biograf\u00edas de Misioneros Pa\u00fales","link":"http:\/\/vincentians.com\/es\/category\/la-familia-vicenciana\/biografias-vicencianas\/biografias-de-misioneros-paules\/"},"img":{"alt_text":"","src":"https:\/\/i0.wp.com\/vincentians.com\/es\/wp-content\/uploads\/sites\/11\/2016\/07\/bio-cm.jpg?fit=1200%2C630&resize=350%2C200","width":350,"height":200,"srcset":"https:\/\/i0.wp.com\/vincentians.com\/es\/wp-content\/uploads\/sites\/11\/2016\/07\/bio-cm.jpg?fit=1200%2C630&resize=350%2C200 1x, https:\/\/i0.wp.com\/vincentians.com\/es\/wp-content\/uploads\/sites\/11\/2016\/07\/bio-cm.jpg?fit=1200%2C630&resize=525%2C300 1.5x, https:\/\/i0.wp.com\/vincentians.com\/es\/wp-content\/uploads\/sites\/11\/2016\/07\/bio-cm.jpg?fit=1200%2C630&resize=700%2C400 2x, https:\/\/i0.wp.com\/vincentians.com\/es\/wp-content\/uploads\/sites\/11\/2016\/07\/bio-cm.jpg?fit=1200%2C630&resize=1050%2C600 3x"},"classes":[]},{"id":131909,"url":"http:\/\/vincentians.com\/es\/el-senor-vicente-relee-su-vida-xi\/","url_meta":{"origin":44991,"position":5},"title":"El se\u00f1or Vicente relee su vida (XI)","author":"Francisco Javier Fern\u00e1ndez Chento","date":"21\/12\/2014","format":false,"excerpt":"Y las Damas continuaron su asistencia. Hombres de oraci\u00f3n En medio de tantas ocupaciones, he puesto todo el inter\u00e9s en seguir fiel al estudio, especialmente en teolog\u00eda. Hubo en particular que hacer frente a las teor\u00edas de Ba\u00efus despu\u00e9s de Jansenio y Arnaud . En efecto, en 1637 yo hab\u00eda\u2026","rel":"","context":"En \u00abVicente de Pa\u00fal\u00bb","block_context":{"text":"Vicente de Pa\u00fal","link":"http:\/\/vincentians.com\/es\/category\/la-familia-vicenciana\/fundadores\/vicente-de-paul\/"},"img":{"alt_text":"corazon","src":"https:\/\/i0.wp.com\/vicencianos.org\/wp-content\/2014\/12\/corazon-289x300.jpg?resize=350%2C200","width":350,"height":200},"classes":[]}],"_links":{"self":[{"href":"http:\/\/vincentians.com\/es\/wp-json\/wp\/v2\/posts\/44991","targetHints":{"allow":["GET"]}}],"collection":[{"href":"http:\/\/vincentians.com\/es\/wp-json\/wp\/v2\/posts"}],"about":[{"href":"http:\/\/vincentians.com\/es\/wp-json\/wp\/v2\/types\/post"}],"author":[{"embeddable":true,"href":"http:\/\/vincentians.com\/es\/wp-json\/wp\/v2\/users\/5"}],"replies":[{"embeddable":true,"href":"http:\/\/vincentians.com\/es\/wp-json\/wp\/v2\/comments?post=44991"}],"version-history":[{"count":0,"href":"http:\/\/vincentians.com\/es\/wp-json\/wp\/v2\/posts\/44991\/revisions"}],"wp:attachment":[{"href":"http:\/\/vincentians.com\/es\/wp-json\/wp\/v2\/media?parent=44991"}],"wp:term":[{"taxonomy":"category","embeddable":true,"href":"http:\/\/vincentians.com\/es\/wp-json\/wp\/v2\/categories?post=44991"},{"taxonomy":"post_tag","embeddable":true,"href":"http:\/\/vincentians.com\/es\/wp-json\/wp\/v2\/tags?post=44991"}],"curies":[{"name":"wp","href":"https:\/\/api.w.org\/{rel}","templated":true}]}}