{"id":44452,"date":"2011-07-03T06:15:07","date_gmt":"2011-07-03T04:15:07","guid":{"rendered":"http:\/\/somos.vicencianos.org\/blog\/2011\/07\/espiritualidad-vicenciana-secularidad\/"},"modified":"2011-07-03T06:15:07","modified_gmt":"2011-07-03T04:15:07","slug":"espiritualidad-vicenciana-secularidad","status":"publish","type":"post","link":"http:\/\/vincentians.com\/es\/espiritualidad-vicenciana-secularidad\/","title":{"rendered":"Espiritualidad vicenciana: Secularidad"},"content":{"rendered":"<p><a href=\"https:\/\/i0.wp.com\/vicencianos.org\/wp-content\/2011\/07\/secularidad.jpg\"><img data-recalc-dims=\"1\" loading=\"lazy\" decoding=\"async\" class=\"alignright size-medium wp-image-44469\" title=\"secularidad\" src=\"https:\/\/i0.wp.com\/vicencianos.org\/wp-content\/2011\/07\/secularidad-255x300.jpg?resize=255%2C300\" alt=\"\" width=\"255\" height=\"300\" \/><\/a>En tiempos de Vicente de Pa\u00fal, la palabra &#8216;se\u00adcularidad&#8217; no ten\u00eda todas las connotaciones que hoy presenta. El abanico tem\u00e1tico que se ha cobijado bajo esta terminolog\u00eda ha logrado una amplitud y profundizaci\u00f3n impensables en tiempos de san Vi\u00adcente. No pretendemos encontrar en el Vicente de Pa\u00fal del siglo xvii a un pensador secularista del siglo xx. Pero es cierto tambi\u00e9n que su actitud pro\u00adfundamente evang\u00e9lica sintoniza con muchos aspectos, y los m\u00e1s profundos, de la sana visi\u00f3n secular de la realidad, sobre todo del hombre, que se ha hecho consciente en nuestros d\u00edas.<\/p>\n<h2>La terminolog\u00eda<\/h2>\n<p>En el punto de partida, el t\u00e9rmino, que nace en un contexto jur\u00eddico, ten\u00eda una significaci\u00f3n <em>jur\u00eddica <\/em>y neutra. \u00abSecularizaci\u00f3n\u00bb designaba la operaci\u00f3n por la que se efectuaba una transfe\u00adrencia de propiedades y usos de ciertos bienes de la Iglesia a instancias del Estado. Desde un pun\u00adto de vista can\u00f3nico, la palabra sirve para desig\u00adnar la \u00abreducci\u00f3n al estado laical\u00bb de un sacerdote o de un religioso. \u00abSecularidad\u00bb, pues, es la con\u00addici\u00f3n opuesta a sacralidad, eclesialidad, clerica\u00adlidad o religiosidad can\u00f3nica, seg\u00fan los casos.<\/p>\n<p>Las definiciones que da el Fureti\u00e9re describen los sentidos comunes y corrientes de los voca\u00adblos en el siglo XVII:<\/p>\n<p>SECULARISATION. f. f. Action par laquelle d&#8217;une personne ou d&#8217;un lieu regulier, on en fait un seculier. [Les <em>secularisa\u00adtions <\/em>des Abbayes de Clerac, de Vizelay, &amp; autres, ont es\u00adt\u00e9 faites par l&#8217;autorit\u00e9 du Pape. Ce Religieux a obtenu un Bref de <em>secularisation, <\/em>qui le dispense de ses voeux]. SECULARISER. v. act. Rendre seculier ce qui estoit regulier. [Presque toutes les Eglises Cathedrales \u00e9toient autrefois reguli\u00e9res, les Chanoines \u00e9toient Religieux, comme ils sont ancore \u00e1 Usez, mais on les a <em>secularis\u00e9s <\/em>tant en chef qu&#8217;en membres].<\/p>\n<p>SECULARIT\u00c9. f. f. Estat d&#8217;une personne qui vit dans le mon\u00adde, sans avoir fait des voeux. IOn fait aussi-bien son salut dans la <em>secularit\u00e9, <\/em>que dans la regularit\u00e9l.<\/p>\n<p>La terminolog\u00eda, pues, en tiempos de san Vi\u00adcente ya existe, no es invenci\u00f3n moderna. El sig\u00adnificado de estas palabras se mueve en el terre\u00adno de la realidad can\u00f3nica. Hoy este campo se ha ampliado a otros m\u00e1s vastos como son el socio\u00adl\u00f3gico y el teol\u00f3gico. En los tiempos modernos, la palabra &#8216;secularizaci\u00f3n&#8217; adquiere un nuevo va\u00adlor sem\u00e1ntico en el \u00e1mbito de la sociolog\u00eda de las religiones, donde ha nacido la nueva problem\u00e1\u00adtica que se cobija bajo este vocablo. Con este t\u00e9rmino se designa un proceso hist\u00f3rico que afec\u00adta a toda la sociedad en sus relaciones con la Iglesia y con todo el mundo de lo sacro. En un segundo momento, del concepto sociol\u00f3gico-re\u00adligioso, se salta a la reflexi\u00f3n teol\u00f3gica que se hace sobre el dato sociol\u00f3gico y, de este modo, el t\u00e9rmino adquiere categor\u00eda de concepto teo\u00adl\u00f3gico.<\/p>\n<p>Hoy la secularidad se define como el \u00abproce\u00adso socio-cultural seg\u00fan el cual las realidades del mundo y de la existencia humana tienden a es\u00adtablecerse en una autonom\u00eda cada vez mayor res\u00adpecto a todo orden sacro, religioso o eclesi\u00e1sti\u00adco\u00bb (DS, my, c. 494).<\/p>\n<h2>Secularidad en sentido can\u00f3nico<\/h2>\n<p>Esta es la acepci\u00f3n m\u00e1s aludida (casi la \u00fani\u00adca) en que se usa la terminolog\u00eda en la reflexi\u00f3n y literatura vicenciana. Se aplica a la Congrega\u00adci\u00f3n de la Misi\u00f3n y a la Compa\u00f1\u00eda de las Hijas de la Caridad, como Comunidades, y a sus miem\u00adbros en sentido personal, para referirse a su con\u00addici\u00f3n de no-ser-religiosos: son <em>seculares, <\/em>no <em>re\u00adligiosos. <\/em><\/p>\n<p>Incidentalmente, como ejemplo aducido para clarificar la doctrina que expone en sus confe\u00adrencias, san Vicente habla tambi\u00e9n de la <em>secula\u00adrizaci\u00f3n <\/em>can\u00f3nica, de la &#8216;degradaci\u00f3n&#8217; de un sacerdote, o de un lugar sagrado, a la condici\u00f3n secular o profana (IX, 57; XI, 118s).<\/p>\n<p>En este sentido can\u00f3nico aparecen, pues, dos grados, hablando de las personas: secularidad co\u00admo condici\u00f3n de un estado opuesto al estado <em>re\u00adligioso <\/em>[negaci\u00f3n de la condici\u00f3n can\u00f3nica de re\u00adligioso]; y secularidad como condici\u00f3n del estado laical, opuesto al sacerdotal o <em>clerical <\/em>[negaci\u00f3n de la condici\u00f3n sacerdotal o clerical]. Y un terce\u00adro, hablando de las cosas, en que la contraposi\u00adci\u00f3n se establece entre lo <em>sacro <\/em>o segregado del uso ordinario de los hombres para ser dedicado al servicio directo al culto divino, y lo <em>profano <\/em>o entregado al uso ordinario o civil del hombre.<\/p>\n<p>En todos los casos, la secularidad viene defi\u00adnida de un modo negativo con cierto tono peyo\u00adrativo.<\/p>\n<h2>Secularidad de la Congregaci\u00f3n de la Misi\u00f3n y de las Hijas de la Caridad<\/h2>\n<h3>1. El lenguaje y los aspectos<\/h3>\n<p>Una constante en el lenguaje de Vicente de Pa\u00fal es la afirmaci\u00f3n tajante y abundante de que sus dos Compa\u00f1\u00edas, tanto la Congregaci\u00f3n de la Misi\u00f3n como la Compa\u00f1\u00eda de las Hijas de la Ca\u00adridad, no pertenecen jur\u00eddicamente al cuerpo ecle\u00adsial de los Religiosos, no son can\u00f3nicamente \u00d3rdenes Religiosas. (Para la CM: II, 104, 296; III, 224s, 348; IV, 541; V, 299, 434, 467, 502, 519; VI, 541; VII, 44, 103, 114, 193, 413; XI, 138; X, 348, 424, 426, 437, 439; XI, 138, 564, 643s, 645.- Pa\u00adra las HC: V, 388; VII, 48; VIII, 226; IX, 1178-80).<\/p>\n<p>Respecto de la Congregaci\u00f3n de la Misi\u00f3n, SV expresa la misma realidad positivamente, afir\u00admando que los miembros de la CM y la misma compa\u00f1\u00eda como tal pertenecen al cuerpo del cle\u00adro secular (V, 502. 518s; VII, 413).<\/p>\n<p>Por lo que mira a las HC ya es significativo que, al proponerles el esp\u00edritu y la condici\u00f3n propios de su estado, les describa el esp\u00edritu y el compor\u00adtamiento de las \u00abbuenas campesinas\u00bb como el modelo a seguir (conf. del 25 de enero de 1643). Es inevitable pensar que esta elecci\u00f3n ha sido conscientemente inducida en SV por la imagen, tambi\u00e9n consciente, de la secularidad de la HC.<\/p>\n<p>A trav\u00e9s de toda su historia, ambas Compa\u00ad\u00f1\u00edas han puesto de manifiesto su profunda con\u00adciencia y convicci\u00f3n de que esta cualidad jur\u00eddi\u00adca es intr\u00ednseca a su propia identidad.<\/p>\n<p>El problema se presenta cuando, junto a ta\u00adles afirmaciones numerosas y tajantes, el len\u00adguaje interno a las Compa\u00f1\u00edas y numerosos usos introducidos en ellas pertenecen al campo de la vida religiosa estrictamente can\u00f3nica: la termi\u00adnolog\u00eda, los modelos, los medios asc\u00e9ticos y es\u00adpirituales, las metas de perfecci\u00f3n etc. Como di\u00adce R. Poole respecto de la CM: \u00abA lo largo de la historia de la CM ha habido una tensi\u00f3n entre su naturaleza esencialmente secular y una gravitaci\u00f3n hacia el estado religioso. Podemos comparar la Comunidad a un sat\u00e9lite no-religioso que gira en \u00f3rbita alrededor de un planeta religioso y se ve atra\u00edda cada vez m\u00e1s hacia \u00e9l. No ha sido f\u00e1cil pa\u00adra la CM mantener su identidad como una con\u00adgregaci\u00f3n no-religiosa\u00bb <em>(Vincentiana <\/em>28(1984)717). Esta afirmaci\u00f3n se puede hacer igualmente res\u00adpecto a la Compa\u00f1\u00eda de las Hijas de la Caridad.<\/p>\n<h3>2. Los votos<\/h3>\n<p>Los votos vicencianos son el elemento fron\u00adterizo en el que se polariza la cuesti\u00f3n: votos de contenido y cariz religioso y de naturaleza can\u00f3\u00adnica no religiosa. Una especie de h\u00edbrido que, por su ambig\u00fcedad respecto a las categor\u00edas recibi\u00addas, da pie, a los no acostumbrados a hacer finas matizaciones, a esa gravitaci\u00f3n hacia el campo de lo can\u00f3nicamente religioso.<\/p>\n<p>No es ahora momento para describir el proceso de clarificaci\u00f3n ideol\u00f3gica a la que llev\u00f3 el itinera\u00adrio que hubo de seguirse, desde el comienzo mis\u00admo de la Compa\u00f1\u00eda, para lograr la aprobaci\u00f3n pon\u00adtificia de esta nueva modalidad de votos y la acep\u00adtaci\u00f3n de los mismos por algunos miembros de la congregaci\u00f3n, que no acababan de ver su com\u00adpatibilidad con su condici\u00f3n de no-religiosos o se\u00adculares. La correspondencia de s. Vicente con los superiores enviados a Roma con el encargo de lo\u00adgrar la aprobaci\u00f3n pontificia expone las ideas y descubre y describe los obst\u00e1culos a superar y los ya superados [Ver particularmente las cartas a los padres Berthe (25 abril 1653, IV, 539s), Blatiron (19 febrero 1655, V, 295-302), Jolly (29 octubre 1655, V, 434-436). En esta \u00faltima hace SV una de\u00adtallada descripci\u00f3n de los pasos y contrapasos hasta la promulgaci\u00f3n del breve pontificio \u00abEx Commissa Nobis\u00bb, que debiera haber puesto fin a la controversia, pero que no lo logr\u00f3].<\/p>\n<p>Pese a todo, la afirmaci\u00f3n en los documentos jur\u00eddicos oficiales es n\u00edtida y precisa desde los comienzos: los votos no hacen a los miembros de la congregaci\u00f3n de la Misi\u00f3n miembros del estado religioso, sino que los sacerdotes de la Mi\u00adsi\u00f3n, pese a los votos, siguen siendo parte del \u00abcuerpo del clero secular\u00bb [Ver aprobaci\u00f3n de los votos por el arzobispo de Par\u00eds 19 de octubre de 1641(X, 348), y breve \u00abEx commissa nobis\u00bb de Ale\u00adjandro VII de 22 octubre 1655 (X, 437).<\/p>\n<h3><em>3. <\/em>La consagraci\u00f3n<\/h3>\n<p>Con ello va implicado el concepto de consa\u00adgraci\u00f3n que subyace al transfondo jur\u00eddico, que es tambi\u00e9n distinto para el Derecho y para san Vi\u00adcente. Para el Derecho, el elemento esencial que constituye la Orden o instituto religioso es su <em>consagraci\u00f3n, <\/em>realizada por la profesi\u00f3n, por vo\u00adtos solemnes, -o al menos p\u00fablicos-, de los con\u00adsejos evang\u00e9licos con la que tiende a la per\u00adfecci\u00f3n evang\u00e9lica. Tambi\u00e9n aqu\u00ed la matizaci\u00f3n vicenciana va en el camino de la recuperaci\u00f3n evang\u00e9lica: en el esp\u00edritu vicenciano la perfec\u00adci\u00f3n de la caridad (santidad) encuentra su cami\u00adno, su pr\u00e1ctica y su culmen en el servicio al pr\u00f3\u00adjimo, particularmente al pobre necesitado. La consagraci\u00f3n vicenciana no va por la l\u00ednea del cul\u00adto (virtud de la religi\u00f3n), sino de la pr\u00e1ctica de la caridad para con el pobre. La concreta aplicaci\u00f3n de esta perspectiva espiritual queda sintetizada en la m\u00e1xima t\u00edpicamente vicenciana \u00abDejar a Dios por Dios\u00bb, que implica una concepci\u00f3n n\u00edti\u00addamente preferencial del servicio caritativo so\u00adbre la acci\u00f3n cultual (IX, 725; 25 297 1081 1091 117. 1125 1198).<\/p>\n<h3><em>4. <\/em>La espiritualidad<\/h3>\n<p>Otro aspecto hay en este tema que da una vi\u00adsi\u00f3n m\u00e1s sutil de la secularidad vicenciana, en re\u00adferencia al estado religioso can\u00f3nico de la Iglesia. La espiritualidad que Vicente dibuja para sus Com\u00adpa\u00f1\u00edas, -conservando, no obstante, una expre\u00adsi\u00f3n ling\u00fc\u00edstica muy similar a la del mundo reli\u00adgioso-, se aparta muy profundamente de <em>la fuga mundi, <\/em>una perspectiva esencial en la actitud y concepci\u00f3n del mundo en que el estado religio\u00adso se desenvuelve y que, en la perspectiva de los religiosos ha de traducirse en una vivencia inclu\u00adso f\u00edsica; en la espiritualidad vicenciana, por el contrario, es vista como un obst\u00e1culo a superar o una barrera a derruir. Tanto el Misionero como la Hija de la Caridad tienen a ese mundo como el es\u00adcenario de su propia espiritualidad y como objeti\u00advo de su propia realizaci\u00f3n apost\u00f3lica y servicial. La espiritualidad vicenciana es secular precisa\u00admente porque exige la presencia en el mundo pa\u00adra realizarse. Es una espiritualidad de presencia en el mundo, para estar en el mundo, no de fuga del mundo; porque ese mundo no es visto s\u00f3lo co\u00admo una actitud espiritual contraria a la acci\u00f3n sal\u00adv\u00edfica de Dios, sino como el escenario en que se desarrolla la construcci\u00f3n del Reino, que en \u00e9l encuentra obst\u00e1culos, ciertamente, pero tambi\u00e9n una cooperaci\u00f3n receptiva a la acci\u00f3n salvadora y constituye, por supuesto, su objetivo. En las Hijas de la Caridad se ve esto mucho m\u00e1s expl\u00ed\u00adcitamente porque se traduce en un elemento m\u00e1s expresivo: la supresi\u00f3n de la exigencia ca\u00adn\u00f3nica de la clausura (Conferencia del 24 de agos\u00adto de 1659, IX, 1178-1180). Para el religioso, la clausura es un signo ideal para desvelar su pro\u00adfunda actitud escatol\u00f3gica que relativiza y como que vac\u00eda la condici\u00f3n temporal e hist\u00f3rica fren\u00adte a la realidad final y que determina, por ello, su actitud espiritual frente al mundo, frente a toda realidad creada y sensible, espacio-temporal e hist\u00f3rica. El vicenciano, por el contrario, densifi\u00adca la temporalidad como sacramento de la reali\u00addad encarnacional e hist\u00f3rica de Dios y de su acci\u00f3n salv\u00edfica. Esta actitud fundamental condi\u00adciona la orientaci\u00f3n profunda de toda la vida es\u00adpiritual, en esta dimensi\u00f3n que tratamos ahora de la secularidad, no s\u00f3lo bajo una perspectiva ca\u00adn\u00f3nica, como es la clausura, sino en un sentido m\u00e1s profundo, como es el de la actitud frente a la realidad creada, sobre todo la hist\u00f3rica. Para el Misionero y para la Hija de la Caridad, la salvaci\u00f3n y la santidad no son meros objetivos individuales a conseguir mediante una actividad individual c\u00fal\u00adtica o moral o incluso \u00f3ntica del hombre -incluso sea informado por la gracia divina-, sino un pro\u00adyecto divino de fraternidad en la filiaci\u00f3n divina, que el hombre ha de realizar cooperando con el Amor divino, encarnado en Jesucristo para ha\u00adcerlo efectivo con la cooperaci\u00f3n de la humani\u00addad ya aqu\u00ed en la historia de los hombres, que es historia tambi\u00e9n de este Amor divinizador del hombre. Hacer, pues, efectivo el evangelio, es de\u00adcir, el proyecto divino salvador, es realizar con palabras y obras el amor afectivo y efectivo de Dios encarn\u00e1ndolo, es decir, haci\u00e9ndolo hist\u00f3rico y \u00abmundano\u00bb, en el amor de unos hombres a otros (concretamente, los vicencianos -CM e HC\u00ada los pobres) realizado en las obras de servicio ca\u00adritativo, tanto espiritual como corporal (XI, 553s). Esta realidad creada e hist\u00f3rica es, pues, preci\u00adsamente, el objetivo de la intenci\u00f3n y acci\u00f3n di\u00advina, de su Amor afectivo y efectivo: Dios ama el mundo, ama al hombre m\u00e1s que el hombre mismo (XI, 64), ama la historia y realiza su afec\u00adto amoroso haciendo efectivamente dios al hom\u00adbre: haciendo a su Hijo hombre y haciendo al hombre su hijo ya en esta misma historia y en es\u00adte mismo mundo.<\/p>\n<p>Este sentido profundo de la secularidad (opo\u00adsici\u00f3n a una concepci\u00f3n y actitud <em>sacra <\/em>de la re\u00adalidad humana, es decir, a una concepci\u00f3n del hombre como ser que encuentra el sentido ple\u00adno de su existencia en un <em>servicio <\/em>o <em>culto <\/em>a Dios que le segrega de la realidad creada [tab\u00faes], de la historia y de los dem\u00e1s hombres <em>[fuga mundi, <\/em>clausura, o espiritualismo escapistal), marca pro\u00adfundamente la espiritualidad vicenciana y entronca con la m\u00e1s genuina <em>novedad <\/em>del Evangelio, en\u00adtendiendo al hombre como el cooperador con Dios (Jesucristo, el Hijo de Dios Encarnado, ha\u00adciendo historia en la tierra) en la realizaci\u00f3n del designio divino, que es un designio hist\u00f3rico (aun\u00adque tenga su culminaci\u00f3n escatol\u00f3gica), por el cual se pretende la efectiva y real fraternidad de los hombres, ya aqu\u00ed en la tierra y en la historia; fraternidad, empero, que no se fundamenta en la simple condici\u00f3n de especie humana (secularis\u00admo), sino en la gratuita filiaci\u00f3n con referencia a Dios, y que se construye y hace real, en la con\u00addici\u00f3n mundana e hist\u00f3rica, por el amor que uni\u00adfica a todos los hombres con Dios y entre s\u00ed, el cual se hace efectivo en la solidaridad real y con\u00adcreta y en la concreta co-participaci\u00f3n activa en la tarea com\u00fan de construir la historia como con\u00advivencia fraternal de hombres libres, iguales y unidos, que comparten fraternalmente los bie\u00adnes de la creaci\u00f3n y la sociedad.<\/p>\n<p>San Vicente, y sus seguidores, no piensan -ni act\u00faan- como si, para que el hombre se reali\u00adce en plenitud, para que realice su encuentro con Dios, tenga que escapar de la realidad concreta y del pr\u00f3jimo, huir de ellos, y adentrarse en un con\u00adtexto abstracto en el que la realidad y el pr\u00f3jimo concretos no tengan presencia, o en el mundo in\u00adtroversor de un intimismo que produzca ese mis\u00admo efecto de evadir de lo concreto e hist\u00f3rico, como si Dios estuviera ausente de una realidad que fuera obst\u00e1culo para su presencia.<\/p>\n<p>Por el contrario, la realidad concreta, el pr\u00f3ji\u00admo concreto y, parad\u00f3jicamente, el que vive la du\u00adra existencia de la pobreza, el dolor y la margi\u00adnaci\u00f3n, la creaci\u00f3n y la historia diarias y objetivas, son la llamada urgente de un Dios que se en\u00adcuentra realizando <em>ah\u00ed <\/em>el proyecto de una frater\u00adnidad fruto y consecuencia de su gratuita pater\u00adnidad sobre todos los hombres.<\/p>\n<p>S\u00f3lo en profunda comuni\u00f3n con la historia concreta, con la situaci\u00f3n, con el acontecimien\u00adto presente y el pr\u00f3jimo presente en \u00e9l, se logra la comuni\u00f3n con el Dios cristiano, el que, en Je\u00adsucristo, se ha encarnado en la realidad de esta creaci\u00f3n suya y esta historia suya y de los hom\u00adbres, cuya fuerza profunda es el amor trinitario, la esencia misma de Dios, participado en los hom\u00adbres como amor fraterno, efectivo por la solida\u00adridad servicial.<\/p>\n<h2>Bibliograf\u00eda<\/h2>\n<p>B. DOMPNIER, La Congr\u00e9gation romaine \u00abDe pro\u00adpaganda fide\u00bb et les compagnies de pr\u00e9tres missionnaires (1627-1664), en Vincent de Paul. Colloque de Paris 1981, C. L. V., Roma 1983, p. 42-63. .- L. MEZZADRI, De la Misi\u00f3n a la Con\u00adgregaci\u00f3n de la Misi\u00f3n, en Anales (1978)88- 94.- M. P\u00c9REZ FLORES, Desde las Constitucio\u00adnes de 1954 a las de 1980, en Vincentiana. 28(1984) 751-784 (Mensis Vincentianus).- M. P\u00c9REZ FLORES, <em>Del equipo misionero a la Con\u00adgregaci\u00f3n de la Misi\u00f3n, <\/em>en <em>Vincentiana. <\/em>28 (1984)679-716 (Mensis Vincentianus). .- R. S. POOLE, <em>Major developments in the history of the C.M., <\/em>en <em>Vincentiana. <\/em>28 (1984)717-742 (Mensis Vincentianus).- J. O. BAYLACH, <em>Hace 350 a\u00f1os, con la bula &#8216;Salvatoris Nostri, el Papa aprobaba la CM, <\/em>en <em>Vincent. <\/em>27(1983)28- 31.- J. CORERA ANDIA, <em>Las Hijas de la Caridad no son religiosas, <\/em>en <em>Anales <\/em>87(1979)75-88 o en <em>Diez estudios vicencianos, <\/em>Salamanca CE-ME, 1983 pg. 158-184.- M. LLORET, <em>Sobre la \u00abconsagraci\u00f3n\u00bb de la Hija de la Caridad, <\/em>en <em>Re\u00adflexiones sobre la identidad de las HC, <\/em>CEME, Salamanca 1980, p. 11-31.- M. LLORET, <em>Con\u00adsejos evang\u00e9licos y votos en la vida de las HC seg\u00fan CyE-83, <\/em>en <em>Identidad de las HC en las CyE-83, <\/em>CEME, Salamanca 1984, p. 201-250.<\/p>\n","protected":false},"excerpt":{"rendered":"<p>En tiempos de Vicente de Pa\u00fal, la palabra &#8216;se\u00adcularidad&#8217; no ten\u00eda todas las connotaciones que hoy presenta. El abanico tem\u00e1tico que se ha cobijado bajo esta terminolog\u00eda ha logrado una amplitud y profundizaci\u00f3n impensables en &#8230; <a href=\"http:\/\/vincentians.com\/es\/espiritualidad-vicenciana-secularidad\/\" class=\"more-link\">Read More<\/a><\/p>\n","protected":false},"author":4,"featured_media":388395,"comment_status":"open","ping_status":"open","sticky":false,"template":"","format":"standard","meta":{"jetpack_post_was_ever_published":false,"_jetpack_newsletter_access":"","_jetpack_dont_email_post_to_subs":false,"_jetpack_newsletter_tier_id":0,"_jetpack_memberships_contains_paywalled_content":false,"_jetpack_memberships_contains_paid_content":false,"footnotes":"","jetpack_publicize_message":"","jetpack_publicize_feature_enabled":true,"jetpack_social_post_already_shared":true,"jetpack_social_options":{"image_generator_settings":{"template":"highway","default_image_id":0,"font":"","enabled":false},"version":2}},"categories":[226],"tags":[224,156,177,267,143],"class_list":["post-44452","post","type-post","status-publish","format-standard","has-post-thumbnail","hentry","category-espiritualidad-vicenciana","tag-berulle","tag-blatiron","tag-jolly","tag-saint-martin","tag-san-lazaro"],"yoast_head":"<!-- This site is optimized with the Yoast SEO plugin v26.3 - https:\/\/yoast.com\/wordpress\/plugins\/seo\/ -->\n<title>Espiritualidad vicenciana: Secularidad - Somos Vicencianos<\/title>\n<meta name=\"robots\" content=\"index, follow, max-snippet:-1, max-image-preview:large, max-video-preview:-1\" \/>\n<link rel=\"canonical\" href=\"http:\/\/vincentians.com\/es\/espiritualidad-vicenciana-secularidad\/\" \/>\n<meta property=\"og:locale\" content=\"es_ES\" \/>\n<meta property=\"og:type\" content=\"article\" \/>\n<meta property=\"og:title\" content=\"Espiritualidad vicenciana: Secularidad - Somos Vicencianos\" \/>\n<meta property=\"og:description\" content=\"En tiempos de Vicente de Pa\u00fal, la palabra &#8216;se\u00adcularidad&#8217; no ten\u00eda todas las connotaciones que hoy presenta. El abanico tem\u00e1tico que se ha cobijado bajo esta terminolog\u00eda ha logrado una amplitud y profundizaci\u00f3n impensables en ... Read More\" \/>\n<meta property=\"og:url\" content=\"http:\/\/vincentians.com\/es\/espiritualidad-vicenciana-secularidad\/\" \/>\n<meta property=\"og:site_name\" content=\"Somos Vicencianos\" \/>\n<meta property=\"article:publisher\" content=\"https:\/\/www.facebook.com\/WeAreVincentians\/\" \/>\n<meta property=\"article:author\" content=\"https:\/\/www.facebook.com\/JavierChento\" \/>\n<meta property=\"article:published_time\" content=\"2011-07-03T04:15:07+00:00\" \/>\n<meta property=\"og:image\" content=\"https:\/\/i0.wp.com\/vincentians.com\/es\/wp-content\/uploads\/sites\/11\/2016\/07\/espiritualidad-vicenciana.jpg?fit=1200%2C630\" \/>\n\t<meta property=\"og:image:width\" content=\"1200\" \/>\n\t<meta property=\"og:image:height\" content=\"630\" \/>\n\t<meta property=\"og:image:type\" content=\"image\/jpeg\" \/>\n<meta name=\"author\" content=\"Francisco Javier Fern\u00e1ndez Chento\" \/>\n<meta name=\"twitter:card\" content=\"summary_large_image\" \/>\n<meta name=\"twitter:creator\" content=\"@https:\/\/twitter.com\/javierchento\" \/>\n<meta name=\"twitter:site\" content=\"@WeVincentians\" \/>\n<meta name=\"twitter:label1\" content=\"Escrito por\" \/>\n\t<meta name=\"twitter:data1\" content=\"Francisco Javier Fern\u00e1ndez Chento\" \/>\n\t<meta name=\"twitter:label2\" content=\"Tiempo de lectura\" \/>\n\t<meta name=\"twitter:data2\" content=\"16 minutos\" \/>\n<script type=\"application\/ld+json\" class=\"yoast-schema-graph\">{\"@context\":\"https:\/\/schema.org\",\"@graph\":[{\"@type\":\"Article\",\"@id\":\"http:\/\/vincentians.com\/es\/espiritualidad-vicenciana-secularidad\/#article\",\"isPartOf\":{\"@id\":\"http:\/\/vincentians.com\/es\/espiritualidad-vicenciana-secularidad\/\"},\"author\":{\"name\":\"Francisco Javier Fern\u00e1ndez Chento\",\"@id\":\"https:\/\/vincentians.com\/es\/#\/schema\/person\/9623ef4d9aa3b2dfb8c061f1499288f2\"},\"headline\":\"Espiritualidad vicenciana: Secularidad\",\"datePublished\":\"2011-07-03T04:15:07+00:00\",\"mainEntityOfPage\":{\"@id\":\"http:\/\/vincentians.com\/es\/espiritualidad-vicenciana-secularidad\/\"},\"wordCount\":3172,\"commentCount\":0,\"publisher\":{\"@id\":\"https:\/\/vincentians.com\/es\/#organization\"},\"image\":{\"@id\":\"http:\/\/vincentians.com\/es\/espiritualidad-vicenciana-secularidad\/#primaryimage\"},\"thumbnailUrl\":\"https:\/\/i0.wp.com\/vincentians.com\/es\/wp-content\/uploads\/sites\/11\/2016\/07\/espiritualidad-vicenciana.jpg?fit=1200%2C630\",\"keywords\":[\"Berulle\",\"Blatiron\",\"Jolly\",\"Saint Martin\",\"San L\u00e1zaro\"],\"articleSection\":[\"Espiritualidad vicenciana\"],\"inLanguage\":\"es\",\"potentialAction\":[{\"@type\":\"CommentAction\",\"name\":\"Comment\",\"target\":[\"http:\/\/vincentians.com\/es\/espiritualidad-vicenciana-secularidad\/#respond\"]}]},{\"@type\":\"WebPage\",\"@id\":\"http:\/\/vincentians.com\/es\/espiritualidad-vicenciana-secularidad\/\",\"url\":\"http:\/\/vincentians.com\/es\/espiritualidad-vicenciana-secularidad\/\",\"name\":\"Espiritualidad vicenciana: Secularidad - Somos Vicencianos\",\"isPartOf\":{\"@id\":\"https:\/\/vincentians.com\/es\/#website\"},\"primaryImageOfPage\":{\"@id\":\"http:\/\/vincentians.com\/es\/espiritualidad-vicenciana-secularidad\/#primaryimage\"},\"image\":{\"@id\":\"http:\/\/vincentians.com\/es\/espiritualidad-vicenciana-secularidad\/#primaryimage\"},\"thumbnailUrl\":\"https:\/\/i0.wp.com\/vincentians.com\/es\/wp-content\/uploads\/sites\/11\/2016\/07\/espiritualidad-vicenciana.jpg?fit=1200%2C630\",\"datePublished\":\"2011-07-03T04:15:07+00:00\",\"breadcrumb\":{\"@id\":\"http:\/\/vincentians.com\/es\/espiritualidad-vicenciana-secularidad\/#breadcrumb\"},\"inLanguage\":\"es\",\"potentialAction\":[{\"@type\":\"ReadAction\",\"target\":[\"http:\/\/vincentians.com\/es\/espiritualidad-vicenciana-secularidad\/\"]}]},{\"@type\":\"ImageObject\",\"inLanguage\":\"es\",\"@id\":\"http:\/\/vincentians.com\/es\/espiritualidad-vicenciana-secularidad\/#primaryimage\",\"url\":\"https:\/\/i0.wp.com\/vincentians.com\/es\/wp-content\/uploads\/sites\/11\/2016\/07\/espiritualidad-vicenciana.jpg?fit=1200%2C630\",\"contentUrl\":\"https:\/\/i0.wp.com\/vincentians.com\/es\/wp-content\/uploads\/sites\/11\/2016\/07\/espiritualidad-vicenciana.jpg?fit=1200%2C630\",\"width\":1200,\"height\":630},{\"@type\":\"BreadcrumbList\",\"@id\":\"http:\/\/vincentians.com\/es\/espiritualidad-vicenciana-secularidad\/#breadcrumb\",\"itemListElement\":[{\"@type\":\"ListItem\",\"position\":1,\"name\":\"Portada\",\"item\":\"https:\/\/vincentians.com\/es\/\"},{\"@type\":\"ListItem\",\"position\":2,\"name\":\"Espiritualidad vicenciana: Secularidad\"}]},{\"@type\":\"WebSite\",\"@id\":\"https:\/\/vincentians.com\/es\/#website\",\"url\":\"https:\/\/vincentians.com\/es\/\",\"name\":\"Somos Vicencianos\",\"description\":\"Know more to serve more\",\"publisher\":{\"@id\":\"https:\/\/vincentians.com\/es\/#organization\"},\"potentialAction\":[{\"@type\":\"SearchAction\",\"target\":{\"@type\":\"EntryPoint\",\"urlTemplate\":\"https:\/\/vincentians.com\/es\/?s={search_term_string}\"},\"query-input\":{\"@type\":\"PropertyValueSpecification\",\"valueRequired\":true,\"valueName\":\"search_term_string\"}}],\"inLanguage\":\"es\"},{\"@type\":\"Organization\",\"@id\":\"https:\/\/vincentians.com\/es\/#organization\",\"name\":\"The Vincentian Network\",\"url\":\"https:\/\/vincentians.com\/es\/\",\"logo\":{\"@type\":\"ImageObject\",\"inLanguage\":\"es\",\"@id\":\"https:\/\/vincentians.com\/es\/#\/schema\/logo\/image\/\",\"url\":\"https:\/\/i1.wp.com\/vincentians.com\/es\/wp-content\/uploads\/sites\/11\/2016\/06\/Vincentian-Network-logo-big.png?fit=778%2C778\",\"contentUrl\":\"https:\/\/i1.wp.com\/vincentians.com\/es\/wp-content\/uploads\/sites\/11\/2016\/06\/Vincentian-Network-logo-big.png?fit=778%2C778\",\"width\":778,\"height\":778,\"caption\":\"The Vincentian Network\"},\"image\":{\"@id\":\"https:\/\/vincentians.com\/es\/#\/schema\/logo\/image\/\"},\"sameAs\":[\"https:\/\/www.facebook.com\/WeAreVincentians\/\",\"https:\/\/x.com\/WeVincentians\"]},{\"@type\":\"Person\",\"@id\":\"https:\/\/vincentians.com\/es\/#\/schema\/person\/9623ef4d9aa3b2dfb8c061f1499288f2\",\"name\":\"Francisco Javier Fern\u00e1ndez Chento\",\"image\":{\"@type\":\"ImageObject\",\"inLanguage\":\"es\",\"@id\":\"https:\/\/vincentians.com\/es\/#\/schema\/person\/image\/\",\"url\":\"https:\/\/secure.gravatar.com\/avatar\/497d5cde87b4c3d097d0315953521681ba2cd523ee66e5077c3711f7021e65de?s=96&d=mm&r=g\",\"contentUrl\":\"https:\/\/secure.gravatar.com\/avatar\/497d5cde87b4c3d097d0315953521681ba2cd523ee66e5077c3711f7021e65de?s=96&d=mm&r=g\",\"caption\":\"Francisco Javier Fern\u00e1ndez Chento\"},\"description\":\"Director General y cofundador de La Red de Formaci\u00f3n Vicenciana. Javier es laico vicenciano, afiliado a la Congregaci\u00f3n de la Misi\u00f3n y miembro del Equipo de Misiones Populares de la provincia can\u00f3nica de Zaragoza (Espa\u00f1a) de la Congregaci\u00f3n de la Misi\u00f3n. Graduado en la Universidad Oberta de Catalunya con cuatro grados (Asistente de direcci\u00f3n, Gesti\u00f3n Administrativa, Recursos Humanos y Contabilidad Avanzada). Bil\u00edng\u00fce Espa\u00f1ol\/Ingl\u00e9s. gestiona y mantiene varias p\u00e1ginas web cristianas y vicencianas, incluida including La Red de Formaci\u00f3n Vicenciana, de la que es cofundador. Actualmente es responsable del \u00e1rea de Espa\u00f1ol de .famvin, la Red de Noticias de la Familia Vicenciana. Tambi\u00e9n es m\u00fasico cat\u00f3lico y ha editado varios discos. Es Director General y cofundador de Trovador, una reconocida compa\u00f1\u00eda discogr\u00e1fica critiana de Espa\u00f1a. Trabaja en las Tecnolog\u00edas de la Informaci\u00f3n, ofreciendo servicios de alojamiento, dise\u00f1o y mantenimiento Web, as\u00ed como asesoramiento, formaci\u00f3n y soluciones inform\u00e1ticas, gesti\u00f3n documental y digitalizaci\u00f3n de textos, edici\u00f3n y maquetaci\u00f3n de libros, revistas, flyers, etc.\",\"sameAs\":[\"http:\/\/chento.org\",\"https:\/\/www.facebook.com\/JavierChento\",\"https:\/\/x.com\/https:\/\/twitter.com\/javierchento\"],\"url\":\"http:\/\/vincentians.com\/es\/author\/chento\/\"}]}<\/script>\n<!-- \/ Yoast SEO plugin. -->","yoast_head_json":{"title":"Espiritualidad vicenciana: Secularidad - Somos Vicencianos","robots":{"index":"index","follow":"follow","max-snippet":"max-snippet:-1","max-image-preview":"max-image-preview:large","max-video-preview":"max-video-preview:-1"},"canonical":"http:\/\/vincentians.com\/es\/espiritualidad-vicenciana-secularidad\/","og_locale":"es_ES","og_type":"article","og_title":"Espiritualidad vicenciana: Secularidad - Somos Vicencianos","og_description":"En tiempos de Vicente de Pa\u00fal, la palabra &#8216;se\u00adcularidad&#8217; no ten\u00eda todas las connotaciones que hoy presenta. El abanico tem\u00e1tico que se ha cobijado bajo esta terminolog\u00eda ha logrado una amplitud y profundizaci\u00f3n impensables en ... Read More","og_url":"http:\/\/vincentians.com\/es\/espiritualidad-vicenciana-secularidad\/","og_site_name":"Somos Vicencianos","article_publisher":"https:\/\/www.facebook.com\/WeAreVincentians\/","article_author":"https:\/\/www.facebook.com\/JavierChento","article_published_time":"2011-07-03T04:15:07+00:00","og_image":[{"width":1200,"height":630,"url":"https:\/\/i0.wp.com\/vincentians.com\/es\/wp-content\/uploads\/sites\/11\/2016\/07\/espiritualidad-vicenciana.jpg?fit=1200%2C630","type":"image\/jpeg"}],"author":"Francisco Javier Fern\u00e1ndez Chento","twitter_card":"summary_large_image","twitter_creator":"@https:\/\/twitter.com\/javierchento","twitter_site":"@WeVincentians","twitter_misc":{"Escrito por":"Francisco Javier Fern\u00e1ndez Chento","Tiempo de lectura":"16 minutos"},"schema":{"@context":"https:\/\/schema.org","@graph":[{"@type":"Article","@id":"http:\/\/vincentians.com\/es\/espiritualidad-vicenciana-secularidad\/#article","isPartOf":{"@id":"http:\/\/vincentians.com\/es\/espiritualidad-vicenciana-secularidad\/"},"author":{"name":"Francisco Javier Fern\u00e1ndez Chento","@id":"https:\/\/vincentians.com\/es\/#\/schema\/person\/9623ef4d9aa3b2dfb8c061f1499288f2"},"headline":"Espiritualidad vicenciana: Secularidad","datePublished":"2011-07-03T04:15:07+00:00","mainEntityOfPage":{"@id":"http:\/\/vincentians.com\/es\/espiritualidad-vicenciana-secularidad\/"},"wordCount":3172,"commentCount":0,"publisher":{"@id":"https:\/\/vincentians.com\/es\/#organization"},"image":{"@id":"http:\/\/vincentians.com\/es\/espiritualidad-vicenciana-secularidad\/#primaryimage"},"thumbnailUrl":"https:\/\/i0.wp.com\/vincentians.com\/es\/wp-content\/uploads\/sites\/11\/2016\/07\/espiritualidad-vicenciana.jpg?fit=1200%2C630","keywords":["Berulle","Blatiron","Jolly","Saint Martin","San L\u00e1zaro"],"articleSection":["Espiritualidad vicenciana"],"inLanguage":"es","potentialAction":[{"@type":"CommentAction","name":"Comment","target":["http:\/\/vincentians.com\/es\/espiritualidad-vicenciana-secularidad\/#respond"]}]},{"@type":"WebPage","@id":"http:\/\/vincentians.com\/es\/espiritualidad-vicenciana-secularidad\/","url":"http:\/\/vincentians.com\/es\/espiritualidad-vicenciana-secularidad\/","name":"Espiritualidad vicenciana: Secularidad - Somos Vicencianos","isPartOf":{"@id":"https:\/\/vincentians.com\/es\/#website"},"primaryImageOfPage":{"@id":"http:\/\/vincentians.com\/es\/espiritualidad-vicenciana-secularidad\/#primaryimage"},"image":{"@id":"http:\/\/vincentians.com\/es\/espiritualidad-vicenciana-secularidad\/#primaryimage"},"thumbnailUrl":"https:\/\/i0.wp.com\/vincentians.com\/es\/wp-content\/uploads\/sites\/11\/2016\/07\/espiritualidad-vicenciana.jpg?fit=1200%2C630","datePublished":"2011-07-03T04:15:07+00:00","breadcrumb":{"@id":"http:\/\/vincentians.com\/es\/espiritualidad-vicenciana-secularidad\/#breadcrumb"},"inLanguage":"es","potentialAction":[{"@type":"ReadAction","target":["http:\/\/vincentians.com\/es\/espiritualidad-vicenciana-secularidad\/"]}]},{"@type":"ImageObject","inLanguage":"es","@id":"http:\/\/vincentians.com\/es\/espiritualidad-vicenciana-secularidad\/#primaryimage","url":"https:\/\/i0.wp.com\/vincentians.com\/es\/wp-content\/uploads\/sites\/11\/2016\/07\/espiritualidad-vicenciana.jpg?fit=1200%2C630","contentUrl":"https:\/\/i0.wp.com\/vincentians.com\/es\/wp-content\/uploads\/sites\/11\/2016\/07\/espiritualidad-vicenciana.jpg?fit=1200%2C630","width":1200,"height":630},{"@type":"BreadcrumbList","@id":"http:\/\/vincentians.com\/es\/espiritualidad-vicenciana-secularidad\/#breadcrumb","itemListElement":[{"@type":"ListItem","position":1,"name":"Portada","item":"https:\/\/vincentians.com\/es\/"},{"@type":"ListItem","position":2,"name":"Espiritualidad vicenciana: Secularidad"}]},{"@type":"WebSite","@id":"https:\/\/vincentians.com\/es\/#website","url":"https:\/\/vincentians.com\/es\/","name":"Somos Vicencianos","description":"Know more to serve more","publisher":{"@id":"https:\/\/vincentians.com\/es\/#organization"},"potentialAction":[{"@type":"SearchAction","target":{"@type":"EntryPoint","urlTemplate":"https:\/\/vincentians.com\/es\/?s={search_term_string}"},"query-input":{"@type":"PropertyValueSpecification","valueRequired":true,"valueName":"search_term_string"}}],"inLanguage":"es"},{"@type":"Organization","@id":"https:\/\/vincentians.com\/es\/#organization","name":"The Vincentian Network","url":"https:\/\/vincentians.com\/es\/","logo":{"@type":"ImageObject","inLanguage":"es","@id":"https:\/\/vincentians.com\/es\/#\/schema\/logo\/image\/","url":"https:\/\/i1.wp.com\/vincentians.com\/es\/wp-content\/uploads\/sites\/11\/2016\/06\/Vincentian-Network-logo-big.png?fit=778%2C778","contentUrl":"https:\/\/i1.wp.com\/vincentians.com\/es\/wp-content\/uploads\/sites\/11\/2016\/06\/Vincentian-Network-logo-big.png?fit=778%2C778","width":778,"height":778,"caption":"The Vincentian Network"},"image":{"@id":"https:\/\/vincentians.com\/es\/#\/schema\/logo\/image\/"},"sameAs":["https:\/\/www.facebook.com\/WeAreVincentians\/","https:\/\/x.com\/WeVincentians"]},{"@type":"Person","@id":"https:\/\/vincentians.com\/es\/#\/schema\/person\/9623ef4d9aa3b2dfb8c061f1499288f2","name":"Francisco Javier Fern\u00e1ndez Chento","image":{"@type":"ImageObject","inLanguage":"es","@id":"https:\/\/vincentians.com\/es\/#\/schema\/person\/image\/","url":"https:\/\/secure.gravatar.com\/avatar\/497d5cde87b4c3d097d0315953521681ba2cd523ee66e5077c3711f7021e65de?s=96&d=mm&r=g","contentUrl":"https:\/\/secure.gravatar.com\/avatar\/497d5cde87b4c3d097d0315953521681ba2cd523ee66e5077c3711f7021e65de?s=96&d=mm&r=g","caption":"Francisco Javier Fern\u00e1ndez Chento"},"description":"Director General y cofundador de La Red de Formaci\u00f3n Vicenciana. Javier es laico vicenciano, afiliado a la Congregaci\u00f3n de la Misi\u00f3n y miembro del Equipo de Misiones Populares de la provincia can\u00f3nica de Zaragoza (Espa\u00f1a) de la Congregaci\u00f3n de la Misi\u00f3n. Graduado en la Universidad Oberta de Catalunya con cuatro grados (Asistente de direcci\u00f3n, Gesti\u00f3n Administrativa, Recursos Humanos y Contabilidad Avanzada). Bil\u00edng\u00fce Espa\u00f1ol\/Ingl\u00e9s. gestiona y mantiene varias p\u00e1ginas web cristianas y vicencianas, incluida including La Red de Formaci\u00f3n Vicenciana, de la que es cofundador. Actualmente es responsable del \u00e1rea de Espa\u00f1ol de .famvin, la Red de Noticias de la Familia Vicenciana. Tambi\u00e9n es m\u00fasico cat\u00f3lico y ha editado varios discos. Es Director General y cofundador de Trovador, una reconocida compa\u00f1\u00eda discogr\u00e1fica critiana de Espa\u00f1a. Trabaja en las Tecnolog\u00edas de la Informaci\u00f3n, ofreciendo servicios de alojamiento, dise\u00f1o y mantenimiento Web, as\u00ed como asesoramiento, formaci\u00f3n y soluciones inform\u00e1ticas, gesti\u00f3n documental y digitalizaci\u00f3n de textos, edici\u00f3n y maquetaci\u00f3n de libros, revistas, flyers, etc.","sameAs":["http:\/\/chento.org","https:\/\/www.facebook.com\/JavierChento","https:\/\/x.com\/https:\/\/twitter.com\/javierchento"],"url":"http:\/\/vincentians.com\/es\/author\/chento\/"}]}},"jetpack_publicize_connections":[],"jetpack_featured_media_url":"https:\/\/i0.wp.com\/vincentians.com\/es\/wp-content\/uploads\/sites\/11\/2016\/07\/espiritualidad-vicenciana.jpg?fit=1200%2C630","jetpack_sharing_enabled":true,"jetpack_shortlink":"https:\/\/wp.me\/p7ETMF-byY","jetpack-related-posts":[{"id":109293,"url":"http:\/\/vincentians.com\/es\/secularidad-y-exencion-de-la-congregacion-distincion-con-los-religiosos\/","url_meta":{"origin":44452,"position":0},"title":"Secularidad y exenci\u00f3n de la Congregaci\u00f3n. Distinci\u00f3n con los religiosos.","author":"Francisco Javier Fern\u00e1ndez Chento","date":"04\/05\/2016","format":false,"excerpt":"A trav\u00e9s de los tiempos, la vida y la profesi\u00f3n de los \"Conse\u00adjos evang\u00e9licos\" han tomado diversas formas can\u00f3nicas. Sobre este tema se est\u00e1n editando buenos libros y s\u00edntesis luminosas. I En tiempo de San Vicente eran considerados jur\u00eddicamente Religiosos los que hac\u00edan profesi\u00f3n de los consejos evang\u00e9licos mediante votos\u2026","rel":"","context":"En \u00abFormaci\u00f3n Vicenciana\u00bb","block_context":{"text":"Formaci\u00f3n Vicenciana","link":"http:\/\/vincentians.com\/es\/category\/formacion-vicenciana\/"},"img":{"alt_text":"LOGO CM","src":"https:\/\/i0.wp.com\/vicencianos.org\/wp-content\/uploads\/2012\/06\/LOGO-CM-237x300.jpg?resize=350%2C200","width":350,"height":200},"classes":[]},{"id":114087,"url":"http:\/\/vincentians.com\/es\/secularidad-o-religiosidad-de-la-congregacion-de-la-mision\/","url_meta":{"origin":44452,"position":1},"title":"\u00bfSecularidad o religiosidad de la Congregaci\u00f3n de la Misi\u00f3n?","author":"Francisco Javier Fern\u00e1ndez Chento","date":"09\/07\/2021","format":false,"excerpt":"Se trata aqu\u00ed de aclarar conceptos con vistas a la actualizaci\u00f3n de la Congregaci\u00f3n de la Misi\u00f3n, o de su puesta a nivel de los tiempos modernos que se proyecta realizar en la pr\u00f3xima Asamblea general. Y entiendo por secularidad el car\u00e1cter de clero secular que, seg\u00fan unos, ha de\u2026","rel":"","context":"En \u00abFormaci\u00f3n Vicenciana\u00bb","block_context":{"text":"Formaci\u00f3n Vicenciana","link":"http:\/\/vincentians.com\/es\/category\/formacion-vicenciana\/"},"img":{"alt_text":"","src":"https:\/\/i0.wp.com\/vincentians.com\/es\/wp-content\/uploads\/sites\/11\/2016\/09\/enviados-evangelizar-pobres.jpg?fit=1200%2C630&resize=350%2C200","width":350,"height":200,"srcset":"https:\/\/i0.wp.com\/vincentians.com\/es\/wp-content\/uploads\/sites\/11\/2016\/09\/enviados-evangelizar-pobres.jpg?fit=1200%2C630&resize=350%2C200 1x, https:\/\/i0.wp.com\/vincentians.com\/es\/wp-content\/uploads\/sites\/11\/2016\/09\/enviados-evangelizar-pobres.jpg?fit=1200%2C630&resize=525%2C300 1.5x, https:\/\/i0.wp.com\/vincentians.com\/es\/wp-content\/uploads\/sites\/11\/2016\/09\/enviados-evangelizar-pobres.jpg?fit=1200%2C630&resize=700%2C400 2x, https:\/\/i0.wp.com\/vincentians.com\/es\/wp-content\/uploads\/sites\/11\/2016\/09\/enviados-evangelizar-pobres.jpg?fit=1200%2C630&resize=1050%2C600 3x"},"classes":[]},{"id":109321,"url":"http:\/\/vincentians.com\/es\/la-congregacion-de-la-mision-secular-o-religiosa\/","url_meta":{"origin":44452,"position":2},"title":"La Congregaci\u00f3n de la Misi\u00f3n \u00bfSecular o Religiosa?","author":"Francisco Javier Fern\u00e1ndez Chento","date":"02\/06\/2021","format":false,"excerpt":"Nuestra Compa\u00f1\u00eda \u00bfes secular o regular? Dicho de otro modo: nosotros \u00bfsomos seculares o religiosos? Pensar\u00e1n algunos que aqu\u00ed se trata s\u00f3lo de una pol\u00e9mica de palabras. Falso. La respuesta que demos a la cuesti\u00f3n condicionar\u00e1 m\u00e1s de una de las opciones que adoptemos en vistas al futuro de la\u2026","rel":"","context":"En \u00abFormaci\u00f3n Vicenciana\u00bb","block_context":{"text":"Formaci\u00f3n Vicenciana","link":"http:\/\/vincentians.com\/es\/category\/formacion-vicenciana\/"},"img":{"alt_text":"","src":"https:\/\/i0.wp.com\/vincentians.com\/es\/wp-content\/uploads\/sites\/11\/2016\/09\/espiritu-de-jesus.jpg?fit=1200%2C630&resize=350%2C200","width":350,"height":200,"srcset":"https:\/\/i0.wp.com\/vincentians.com\/es\/wp-content\/uploads\/sites\/11\/2016\/09\/espiritu-de-jesus.jpg?fit=1200%2C630&resize=350%2C200 1x, https:\/\/i0.wp.com\/vincentians.com\/es\/wp-content\/uploads\/sites\/11\/2016\/09\/espiritu-de-jesus.jpg?fit=1200%2C630&resize=525%2C300 1.5x, https:\/\/i0.wp.com\/vincentians.com\/es\/wp-content\/uploads\/sites\/11\/2016\/09\/espiritu-de-jesus.jpg?fit=1200%2C630&resize=700%2C400 2x, https:\/\/i0.wp.com\/vincentians.com\/es\/wp-content\/uploads\/sites\/11\/2016\/09\/espiritu-de-jesus.jpg?fit=1200%2C630&resize=1050%2C600 3x"},"classes":[]},{"id":124417,"url":"http:\/\/vincentians.com\/es\/de-la-religion-de-san-pedro-ii\/","url_meta":{"origin":44452,"position":3},"title":"De la religi\u00f3n de san Pedro (II)","author":"Francisco Javier Fern\u00e1ndez Chento","date":"19\/04\/2023","format":false,"excerpt":"SECULARIDAD DE LA CONGREGACI\u00d3N DE LA MISI\u00d3N Ser\u00e1 del cuerpo del clero secular (X, 437) 14.- Son muchas las veces que san Vicente dijo que los misioneros no eran religiosos, sino del clero secular. El Breve \"Ex Commissa Nobis\" afirma que, no obstante los votos simples de pobreza, castidad, obediencia\u2026","rel":"","context":"En \u00abFormaci\u00f3n Vicenciana\u00bb","block_context":{"text":"Formaci\u00f3n Vicenciana","link":"http:\/\/vincentians.com\/es\/category\/formacion-vicenciana\/"},"img":{"alt_text":"","src":"https:\/\/i0.wp.com\/vincentians.com\/es\/wp-content\/uploads\/sites\/11\/2013\/05\/Almeria-2.jpg?fit=600%2C400&resize=350%2C200","width":350,"height":200,"srcset":"https:\/\/i0.wp.com\/vincentians.com\/es\/wp-content\/uploads\/sites\/11\/2013\/05\/Almeria-2.jpg?fit=600%2C400&resize=350%2C200 1x, https:\/\/i0.wp.com\/vincentians.com\/es\/wp-content\/uploads\/sites\/11\/2013\/05\/Almeria-2.jpg?fit=600%2C400&resize=525%2C300 1.5x"},"classes":[]},{"id":117114,"url":"http:\/\/vincentians.com\/es\/secularidad-de-la-congregacion-de-la-mision\/","url_meta":{"origin":44452,"position":4},"title":"Secularidad de la Congregaci\u00f3n de la Misi\u00f3n","author":"Francisco Javier Fern\u00e1ndez Chento","date":"13\/08\/2021","format":false,"excerpt":"Hace alg\u00fan tiempo, no mucho realmente, que se est\u00e1n oyendo algunas voces que en este di\u00e1logo suscitado por la Iglesia, y a in\u00advitaci\u00f3n suya, por la Congregaci\u00f3n de la Misi\u00f3n, para ver de aco\u00admodar las estructuras religiosas, y, por tanto, nuestro Derecho par\u00adticular y nuestras mismas Constituciones a los tiempos\u2026","rel":"","context":"En \u00abFormaci\u00f3n Vicenciana\u00bb","block_context":{"text":"Formaci\u00f3n Vicenciana","link":"http:\/\/vincentians.com\/es\/category\/formacion-vicenciana\/"},"img":{"alt_text":"","src":"https:\/\/i0.wp.com\/vincentians.com\/es\/wp-content\/uploads\/sites\/11\/2015\/04\/tres-descubrimientos-de-Vicente-de-Paul.jpg?fit=1200%2C630&resize=350%2C200","width":350,"height":200,"srcset":"https:\/\/i0.wp.com\/vincentians.com\/es\/wp-content\/uploads\/sites\/11\/2015\/04\/tres-descubrimientos-de-Vicente-de-Paul.jpg?fit=1200%2C630&resize=350%2C200 1x, https:\/\/i0.wp.com\/vincentians.com\/es\/wp-content\/uploads\/sites\/11\/2015\/04\/tres-descubrimientos-de-Vicente-de-Paul.jpg?fit=1200%2C630&resize=525%2C300 1.5x, https:\/\/i0.wp.com\/vincentians.com\/es\/wp-content\/uploads\/sites\/11\/2015\/04\/tres-descubrimientos-de-Vicente-de-Paul.jpg?fit=1200%2C630&resize=700%2C400 2x, https:\/\/i0.wp.com\/vincentians.com\/es\/wp-content\/uploads\/sites\/11\/2015\/04\/tres-descubrimientos-de-Vicente-de-Paul.jpg?fit=1200%2C630&resize=1050%2C600 3x"},"classes":[]},{"id":131336,"url":"http:\/\/vincentians.com\/es\/de-la-religion-de-san-pedro\/","url_meta":{"origin":44452,"position":5},"title":"\u00abDe la religi\u00f3n de san Pedro\u00bb","author":"Francisco Javier Fern\u00e1ndez Chento","date":"24\/05\/2015","format":false,"excerpt":"\"Fue \u00e9l quien dio a unos como ap\u00f3stoles, otros como profetas, a otros como evangelistas, a otros como pastores y maestros con el fin de equipar a los consagrados para la tarea del servicio, para constituir el cuerpo del Mes\u00edas\". (Ef 4,11-12). \"La Congregaci\u00f3n de la Misi\u00f3n, seg\u00fan una tradici\u00f3n\u2026","rel":"","context":"En \u00abEspiritualidad vicenciana\u00bb","block_context":{"text":"Espiritualidad vicenciana","link":"http:\/\/vincentians.com\/es\/category\/espiritualidad\/espiritualidad-vicenciana\/"},"img":{"alt_text":"logocm","src":"https:\/\/i0.wp.com\/vicencianos.org\/wp-content\/2011\/04\/logocm-237x300.jpg?resize=350%2C200","width":350,"height":200},"classes":[]}],"_links":{"self":[{"href":"http:\/\/vincentians.com\/es\/wp-json\/wp\/v2\/posts\/44452","targetHints":{"allow":["GET"]}}],"collection":[{"href":"http:\/\/vincentians.com\/es\/wp-json\/wp\/v2\/posts"}],"about":[{"href":"http:\/\/vincentians.com\/es\/wp-json\/wp\/v2\/types\/post"}],"author":[{"embeddable":true,"href":"http:\/\/vincentians.com\/es\/wp-json\/wp\/v2\/users\/4"}],"replies":[{"embeddable":true,"href":"http:\/\/vincentians.com\/es\/wp-json\/wp\/v2\/comments?post=44452"}],"version-history":[{"count":0,"href":"http:\/\/vincentians.com\/es\/wp-json\/wp\/v2\/posts\/44452\/revisions"}],"wp:featuredmedia":[{"embeddable":true,"href":"http:\/\/vincentians.com\/es\/wp-json\/wp\/v2\/media\/388395"}],"wp:attachment":[{"href":"http:\/\/vincentians.com\/es\/wp-json\/wp\/v2\/media?parent=44452"}],"wp:term":[{"taxonomy":"category","embeddable":true,"href":"http:\/\/vincentians.com\/es\/wp-json\/wp\/v2\/categories?post=44452"},{"taxonomy":"post_tag","embeddable":true,"href":"http:\/\/vincentians.com\/es\/wp-json\/wp\/v2\/tags?post=44452"}],"curies":[{"name":"wp","href":"https:\/\/api.w.org\/{rel}","templated":true}]}}