{"id":44451,"date":"2011-07-03T02:59:51","date_gmt":"2011-07-03T00:59:51","guid":{"rendered":"http:\/\/somos.vicencianos.org\/blog\/2011\/07\/lucia-roge-cursillo-mariano-internacional-clausura\/"},"modified":"2011-07-03T02:59:51","modified_gmt":"2011-07-03T00:59:51","slug":"lucia-roge-cursillo-mariano-internacional-clausura","status":"publish","type":"post","link":"http:\/\/vincentians.com\/es\/lucia-roge-cursillo-mariano-internacional-clausura\/","title":{"rendered":"Luc\u00eda Rog\u00e9: Cursillo Mariano Internacional, clausura"},"content":{"rendered":"<dl id=\"attachment_34760\" class=\"wp-caption alignright\" style=\"width: 259px\">\n<dt class=\"wp-caption-dt\"><a href=\"https:\/\/i0.wp.com\/vicencianos.org\/wp-content\/2011\/04\/Lucia_Roge.jpg\"><img data-recalc-dims=\"1\" loading=\"lazy\" decoding=\"async\" class=\"size-medium wp-image-34760\" title=\"Sor Luc\u00eda Rog\u00e9, H.C.\" src=\"https:\/\/i0.wp.com\/vicencianos.org\/wp-content\/2011\/04\/Lucia_Roge-249x300.jpg?resize=249%2C300\" alt=\"Sor Luc\u00eda Rog\u00e9, H.C.\" width=\"249\" height=\"300\" \/><\/a><\/dt>\n<dd class=\"wp-caption-dd\">Sor Luc\u00eda Rog\u00e9, H.C.<\/dd>\n<\/dl>\n<p>10 de julio de 1981<\/p>\n<p>Al clausurar el A\u00f1o Mariano, el pr\u00f3ximo d\u00eda 18 de julio va a se\u00f1alar una nueva etapa en el caminar de la comunidad con la Virgen Mar\u00eda. Camino que inici\u00f3 santa Luisa en Chartres, hace 337 a\u00f1os.<\/p>\n<p>\u00bfQu\u00e9 vamos a hacer y qu\u00e9 vamos a ser a lo largo de este nuevo recorrido de la Compa\u00f1\u00eda, que va a coincidir precisamente con el regre\u00adso de cada una de ustedes a sus Provincias? Este a\u00f1o Mariano nos ha permitido, con ayuda de los cuestionarios, volver a descubrir lo unida que est\u00e1 a la Virgen Mar\u00eda nuestra vocaci\u00f3n de siervas de Cristo en los pobres.<\/p>\n<p>Todas deseamos quedarnos en el estadio de las reflexiones o com\u00adprobaciones. La reflexi\u00f3n profunda que hemos realizado sobre el men\u00adsaje ha hecho crecer en nosotras el deseo de transmitirlo a los dem\u00e1s, especialmente a los pobres. Nos ha inducido a confrontar nuestra vida con el mismo mensaje. Dios nos invita de nuevo a la conversi\u00f3n.<\/p>\n<p>Todos los aspectos, todos los puntos del mensaje tienen su impor\u00adtancia y ya los hemos estudiado.<\/p>\n<ul>\n<li>Aspecto doctrinal y misionero:\n<ul>\n<li>ense\u00f1anza y difusi\u00f3n de la Medalla,<\/li>\n<li>reuni\u00f3n y formaci\u00f3n de la juventud, tomando a Mar\u00eda como Maestra.<\/li>\n<\/ul>\n<\/li>\n<li>Aspecto de vida espiritual personal y prioridad concedida a la oraci\u00f3n.<\/li>\n<li>Aspecto de la vida de la Compa\u00f1\u00eda en general, volviendo a poner en vigor la Regla.<\/li>\n<\/ul>\n<p>Acerca de este \u00faltimo punto, podemos reflexionar juntas esta tarde. Reflexionar en \u00e9l, para poder comprender qu\u00e9 es lo que hoy requiere una revisi\u00f3n de vida y tambi\u00e9n un cambio de vida.<\/p>\n<p>Todas conocen este pasaje que empieza: \u00abTengo pena, hay grandes abusos, la regla no se observa\u00bb.<span id='easy-footnote-1-44451' class='easy-footnote-margin-adjust'><\/span><span class='easy-footnote'><a href='http:\/\/vincentians.com\/es\/lucia-roge-cursillo-mariano-internacional-clausura\/#easy-footnote-bottom-1-44451' title='R. LAURENTIN, O. C., p. 63.'><sup>1<\/sup><\/a><\/span> Deteng\u00e1monos en esta primera parte de la conversaci\u00f3n con la Virgen en la noche del 18 al 19 de julio. No caigan en la tentaci\u00f3n de decirse que detenernos en esa palabras es dejarnos llevar por un sentimentalismo pasado de moda. La que habla es la Virgen. Ella, la que se qued\u00f3 en pie junto a la Cruz. La que trans\u00admite el mensaje es santa Catalina. Precisamente, sus bi\u00f3grafos han insistido y demostrado que no era una sentimental.<\/p>\n<p>\u00abTengo pena\u00bb, es la expresi\u00f3n del sufrimiento y de la ternura de la Virgen Mar\u00eda. Mar\u00eda sufre en el plano de la fe y en el del amor porque ama a Dios. Sufre porque nos ama tambi\u00e9n a nosotras. Ahora bien, las Reglas (hoy, las Constituciones) son la expresi\u00f3n del designio de Dios sobre cada una de nosotras. M\u00e1s a\u00fan, cuando san Vicente se dirigi\u00f3 a las Hermanas el 29 de septiembre de 1655, les dio las motivaciones que tenemos para observar las Reglas. Dijo: \u00abEs la bondad de Dios, la volun\u00adtad de Dios, los deseos de Dios, y el gozo de Dios&#8230; El Hijo de Dios no hizo otra cosa en la tierra que la voluntad de su padre\u00bb.<span id='easy-footnote-2-44451' class='easy-footnote-margin-adjust'><\/span><span class='easy-footnote'><a href='http:\/\/vincentians.com\/es\/lucia-roge-cursillo-mariano-internacional-clausura\/#easy-footnote-bottom-2-44451' title='IX, 734.'><sup>2<\/sup><\/a><\/span> Entonces&#8230;<\/p>\n<p>La Virgen Mar\u00eda, cuando comprueba que ya no tenemos en cuenta motivaciones fundamentales para vivir las Reglas, se duele de ello. De ah\u00ed, ese \u00abtengo pena\u00bb.<\/p>\n<p>San Vicente prosigue:<\/p>\n<p style=\"padding-left: 30px\">\u00abOtra raz\u00f3n para guardar bien vuestras reglas es que todo va bien en una casa o Compa\u00f1\u00eda donde se observan las reglas: la caridad, la paciencia de unas con otras, la humildad, la cordialidad; en una palabra, donde se guar\u00addan bien las reglas, las cosas van siempre bien, pues ellas se\u00f1alan lo que hay que hacer para con Dios y para con el pr\u00f3jimo\u00bb.<span id='easy-footnote-3-44451' class='easy-footnote-margin-adjust'><\/span><span class='easy-footnote'><a href='http:\/\/vincentians.com\/es\/lucia-roge-cursillo-mariano-internacional-clausura\/#easy-footnote-bottom-3-44451' title='IX, 735.'><sup>3<\/sup><\/a><\/span>\n<p>\u00abTengo pena, la Regla no se observa\u00bb. Es la fidelidad lo que Dios espera de nosotras. Mar\u00eda, Virgen fiel, sufre al comprobar que su comu\u00adnidad es infiel. Volviendo a la misma conferencia, san Vicente a\u00f1ade:<\/p>\n<p style=\"padding-left: 30px\">\u00abFinalmente (las Reglas) las ha recibido la iglesia; y esto es una se\u00f1al muy segura de que son de Dios\u00bb.<span id='easy-footnote-4-44451' class='easy-footnote-margin-adjust'><\/span><span class='easy-footnote'><a href='http:\/\/vincentians.com\/es\/lucia-roge-cursillo-mariano-internacional-clausura\/#easy-footnote-bottom-4-44451' title='IX, 737.'><sup>4<\/sup><\/a><\/span>\n<p>Ahora bien, este 150 aniversario del mensaje, que nos lleva a recor\u00addarlo, coincide con el tiempo en que nos estamos preparando para reci\u00adbir la respuesta de Roma acerca de las Constituciones de 1980. Sabemos muy bien, en la fe, que esta coincidencia no es fortuita. Mar\u00eda se halla ah\u00ed presente, para recordar a la Compa\u00f1\u00eda cu\u00e1l es el lugar de las Constitu\u00adciones en nuestra vida. Es la forma discreta con la que ella suele actuar.<\/p>\n<p style=\"padding-left: 30px\">\u00abTengo pena. Las reglas no se observan. Hay una gran relajaci\u00f3n en las dos Comunidades, d\u00edselo al que est\u00e1 encargado de ti. Tiene que hacer todo lo que pueda para volver a poner la regla en vigor. Dile de mi parte que vigile las malas lecturas, las p\u00e9rdidas de tiempo y las visitas\u00bb.<span id='easy-footnote-5-44451' class='easy-footnote-margin-adjust'><\/span><span class='easy-footnote'><a href='http:\/\/vincentians.com\/es\/lucia-roge-cursillo-mariano-internacional-clausura\/#easy-footnote-bottom-5-44451' title='R. LAURENTIN, o.c. p. 63.'><sup>5<\/sup><\/a><\/span>\n<p>Podr\u00edamos hacer aqu\u00ed un par\u00e9ntesis para poner de relieve la importancia que la Virgen Mar\u00eda concede a la funci\u00f3n de Director General. \u00bfCu\u00e1l era, pues, el clima comunitario de aquella \u00e9poca? En la circular para la Renovaci\u00f3n de Votos (1-2-1804), puede leerse:<\/p>\n<p style=\"padding-left: 30px\">\u00abEs doloroso ver c\u00f3mo se ha debilitado el esp\u00edritu de nuestro santo estado. La fe no influye ya en casi ninguno de nuestros actos\u00bb.<span id='easy-footnote-6-44451' class='easy-footnote-margin-adjust'><\/span><span class='easy-footnote'><a href='http:\/\/vincentians.com\/es\/lucia-roge-cursillo-mariano-internacional-clausura\/#easy-footnote-bottom-6-44451' title='Cartas &lt;em&gt;Circulares de las Superioras Generales, &lt;\/em&gt;Madrid, 1914, p. 74.'><sup>6<\/sup><\/a><\/span>\n<p>Y el a\u00f1o siguiente, el 1\u00ba de febrero 1805:<\/p>\n<p style=\"padding-left: 30px\">\u00abVeo que hay todav\u00eda verdaderas Hijas de la Caridad, unidas a Dios y a su vocaci\u00f3n. Pero las hay tambi\u00e9n (y ojal\u00e1 no sean el mayor n\u00famero) que pare\u00adcen no tener el menor recuerdo de lo que nuestras santas Reglas nos pres\u00adcriben\u00bb.<span id='easy-footnote-7-44451' class='easy-footnote-margin-adjust'><\/span><span class='easy-footnote'><a href='http:\/\/vincentians.com\/es\/lucia-roge-cursillo-mariano-internacional-clausura\/#easy-footnote-bottom-7-44451' title='Ib\u00eddem, p. 76.'><sup>7<\/sup><\/a><\/span>\n<p>Entremos en detalles, gracias a algunos ejemplos tomados tambi\u00e9n de las circulares, para poder situar mejor el contexto comunitario al que hac\u00eda referencia la Sant\u00edsima Virgen. Despu\u00e9s de haber puesto de relie\u00adve lo f\u00e1cilmente que con falsos pretextos las Hermanas se dispensan de la oraci\u00f3n, del silencio, de las lecturas, de los ex\u00e1menes, la Superiora General (Sor Isabel Baudet) a\u00f1ade:<\/p>\n<p>\u00ab\u00a1Cu\u00e1nto tendr\u00eda que decirles acerca de la pobreza, ya que casi no se practica; de la obediencia, que apenas se conoce, ya que cada una no trata m\u00e1s que de satisfacer su propia voluntad, su inclinaci\u00f3n, para esco\u00adger los lugares y empleos\u00bb.<span id='easy-footnote-8-44451' class='easy-footnote-margin-adjust'><\/span><span class='easy-footnote'><a href='http:\/\/vincentians.com\/es\/lucia-roge-cursillo-mariano-internacional-clausura\/#easy-footnote-bottom-8-44451' title='Ib\u00eddem, p. 86.'><sup>8<\/sup><\/a><\/span>\n<p>Puede notarse que las faltas a la pobreza, con su corolario de vani\u00addad, son uno de los temas m\u00e1s frecuentes. El a\u00f1o de las Apariciones, 1830, puede leerse en la circular, despu\u00e9s de algunos ejemplos de vani\u00addades, esta afirmaci\u00f3n:<\/p>\n<p style=\"padding-left: 30px\">\u00abHay tambi\u00e9n Hermanas que no encuentran nunca cornetas bastante grandes ni cuellos bastante hermosos, ni jaretones bastante anchos. \u00bfEn qu\u00e9 perdemos el tiempo?\u00bb.<span id='easy-footnote-9-44451' class='easy-footnote-margin-adjust'><\/span><span class='easy-footnote'><a href='http:\/\/vincentians.com\/es\/lucia-roge-cursillo-mariano-internacional-clausura\/#easy-footnote-bottom-9-44451' title='Ib\u00eddem, p. 106.'><sup>9<\/sup><\/a><\/span>\n<p>Cuatro a\u00f1os despu\u00e9s, es necesario insistir de nuevo:<\/p>\n<p style=\"padding-left: 30px\">\u00abTengo que se\u00f1alarles tambi\u00e9n otras muchas faltas que van directamente en contra del voto de pobreza: la vanidad en la ropa blanca, en los h\u00e1bitos y hasta en el calzado. Se llevan cornetas y cuellos de un tama\u00f1o rid\u00edculo\u00bb.<span id='easy-footnote-10-44451' class='easy-footnote-margin-adjust'><\/span><span class='easy-footnote'><a href='http:\/\/vincentians.com\/es\/lucia-roge-cursillo-mariano-internacional-clausura\/#easy-footnote-bottom-10-44451' title='Ib\u00eddem, p. 113.'><sup>10<\/sup><\/a><\/span>\n<p>Las observaciones en cuanto a la obediencia y la facilidad con que se pide cambiar de casa, son tambi\u00e9n numerosas:<\/p>\n<p style=\"padding-left: 30px\">\u00abSe promete a Dios obediencia, pero reserv\u00e1ndose el seguir casi en todo la propia voluntad ya sea para escoger casa, oficio, etc. &#8230; Cuando se sien\u00adte contrariada en sus gustos, se escribe carta sobre carta para recibir un destino, y apenas lo han conseguido, algunas vuelven a pedir se las env\u00ede de nuevo a la casa que acaban de dejar, tras tanta insistencia\u00bb.<span id='easy-footnote-11-44451' class='easy-footnote-margin-adjust'><\/span><span class='easy-footnote'><a href='http:\/\/vincentians.com\/es\/lucia-roge-cursillo-mariano-internacional-clausura\/#easy-footnote-bottom-11-44451' title='Ib\u00eddem, p. 92.'><sup>11<\/sup><\/a><\/span>\n<p>Hasta el servicio de los pobres dejaba de corresponder al esp\u00edritu de la vocaci\u00f3n:<\/p>\n<p style=\"padding-left: 30px\">\u00abLas hay entre nosotras que no tienen hacia los pobres la deferencia y la dulzura que exige la caridad, y ello es debido a que pierden de vista moti\u00advaciones de la fe. Si record\u00e1ramos que es a Jesucristo a quien servimos en sus personas, no nos permitir\u00edamos palabras duras, reproches agrios con que se acompa\u00f1an los servicios que se les prestan. No es de extra\u00ad\u00f1ar que se falte a los pobres, puesto que con frecuencia nos faltamos entre nosotras, dada la poca caridad y tolerancia que reina en algunas casas\u00bb.<span id='easy-footnote-12-44451' class='easy-footnote-margin-adjust'><\/span><span class='easy-footnote'><a href='http:\/\/vincentians.com\/es\/lucia-roge-cursillo-mariano-internacional-clausura\/#easy-footnote-bottom-12-44451' title='Ib\u00eddem, p. 93.'><sup>12<\/sup><\/a><\/span>\n<p>Y esta otra observaci\u00f3n referente a la dignidad de los pobres:<\/p>\n<p style=\"padding-left: 30px\">\u00abDesear\u00eda tambi\u00e9n que se abstuviesen ustedes de tutear a los pobres. Son los representantes de nuestro Se\u00f1or y dignos de todo respeto. Esta falta supone demasiada familiaridad y aun superioridad con relaci\u00f3n a los que hemos de tratar con la deferencia que se debe a nuestros verdaderos se\u00f1ores\u00bb.<span id='easy-footnote-13-44451' class='easy-footnote-margin-adjust'><\/span><span class='easy-footnote'><a href='http:\/\/vincentians.com\/es\/lucia-roge-cursillo-mariano-internacional-clausura\/#easy-footnote-bottom-13-44451' title='Carta Circular del 1 de febrero de 1812.'><sup>13<\/sup><\/a><\/span>\n<p>La sencillez parece ser tambi\u00e9n una conquista dif\u00edcil si se juzga por la insistencia con que las Superioras Generales recuerdan sus exigen\u00adcias concretas:<\/p>\n<p style=\"padding-left: 30px\">\u00abEl esp\u00edritu de sencillez no existe ya casi entre nosotras. Buscamos lo mejor en la ropa, en los muebles. Nos permitimos dar cera a los suelos de las habitaciones. Tener camas doradas, guarnecer con flecos las cortinas. En algunas casas ya no se distinguen las habitaciones de las Hijas de la Cari\u00addad de las de las personas del mundo. \u00bfD\u00f3nde est\u00e1 esa pobreza que pro\u00admetemos a Dios por voto, esa humildad que tiene que hacernos recordar que, al ser siervas de los pobres, hemos de participar, en algo al menos, en su estado?\u00bb.<span id='easy-footnote-14-44451' class='easy-footnote-margin-adjust'><\/span><span class='easy-footnote'><a href='http:\/\/vincentians.com\/es\/lucia-roge-cursillo-mariano-internacional-clausura\/#easy-footnote-bottom-14-44451' title='Carta Circular del 1 de febrero de 1823, Madrid, 1914, p. 94.'><sup>14<\/sup><\/a><\/span>\n<p>Despu\u00e9s de haber enumerado siete recomendaciones urgentes, la Madre Antonia Beaucourt se\u00f1ala:<\/p>\n<p style=\"padding-left: 30px\">\u00abEl detallar todos los abusos que se han observado nos llevar\u00eda demasiado lejos\u00bb.<span id='easy-footnote-15-44451' class='easy-footnote-margin-adjust'><\/span><span class='easy-footnote'><a href='http:\/\/vincentians.com\/es\/lucia-roge-cursillo-mariano-internacional-clausura\/#easy-footnote-bottom-15-44451' title='Ib\u00eddem, p. 103.'><sup>15<\/sup><\/a><\/span>\n<p>Se contenta, pues, con pedir que se suprima todo lo que puede ser contrario a la sencillez, que se evite todo refinamiento, aun con pretexto de espiritualidad.<\/p>\n<p>Al escuchar la lectura de la circular, el a\u00f1o de sus votos, santa Cata\u00adlina debi\u00f3 fijarse en los puntos siguientes:<\/p>\n<ol>\n<li>Recomendaciones relativas al servicio de los pobres, servicio de Jesucristo.<\/li>\n<li>Supresi\u00f3n de los cubiertos de plata, los relojes se reciben como \u00abmuebles\u00bb que se dejar\u00e1n en la casa al marchar de ella.<\/li>\n<li>Protesta contra la suntuosidad y el refinamiento en la mesa los d\u00edas de fiesta.<\/li>\n<li>Agradecimiento a Mar\u00eda por sus favores, a pesar de nuestra indig\u00adnidad.<span id='easy-footnote-16-44451' class='easy-footnote-margin-adjust'><\/span><span class='easy-footnote'><a href='http:\/\/vincentians.com\/es\/lucia-roge-cursillo-mariano-internacional-clausura\/#easy-footnote-bottom-16-44451' title='Carta Circular del 1 de febrero de 1835.'><sup>16<\/sup><\/a><\/span><\/li>\n<\/ol>\n<p>Ser\u00eda necesario citar a\u00fan muchos puntos en los que insisten las Superioras, sobre todo, en la frecuencia e inutilidad de algunas visitas \u00abque roban el tiempo a los pobres y les sirven de mal ejemplo\u00bb, visitas, despu\u00e9s de las cuales, las Hermanas tienen mucha dificultad en man\u00adtener su pensamiento ocupado en Dios, y que les dejan el gusto de las \u00abmundaner\u00edas\u00bb.<\/p>\n<p>Estas observaciones corresponden a la realidad, a un deterioro de la fe y el amor y justifican la pena de la Virgen Mar\u00eda, porque la fidelidad aut\u00e9ntica, amorosa, activa a la vocaci\u00f3n, debe transparentarse en nues\u00adtra vida. Este esbozo de la vida de las Hermanas que presentan las Circulares justifica, repito, la intervenci\u00f3n de la Virgen y sus palabras \u00abtengo pena\u00bb.<\/p>\n<p>Hoy, en el 150 aniversario, tenemos las Constituciones ante noso\u00adtras. \u00bfPensamos como san Vicente:<\/p>\n<p style=\"padding-left: 30px\">\u00abNo son los hombres los que las han inventado; es Dios el que las ha ins\u00adpirado, despu\u00e9s de haber consultado y probado por la experiencia si esta\u00adban bien?\u00bb.<span id='easy-footnote-17-44451' class='easy-footnote-margin-adjust'><\/span><span class='easy-footnote'><a href='http:\/\/vincentians.com\/es\/lucia-roge-cursillo-mariano-internacional-clausura\/#easy-footnote-bottom-17-44451' title='IX, 737.'><sup>17<\/sup><\/a><\/span>\n<ul>\n<li>\u00bfSon para nosotras aquello que nos permite realizar la vocaci\u00f3n a la que Dios nos ha llamado?<\/li>\n<li>\u00bfReconocemos que nos comunican lo espec\u00edfico vicenciano de nuestro servicio y de nuestra presencia junto a los pobres?<\/li>\n<li>\u00bfEstamos resueltas a vivirlas por amor? \u00bfPor necesidad de trans\u00admitir ese amor?<\/li>\n<\/ul>\n<p>Dios nos ha llamado y reunido porque nos am\u00f3 y nos escogi\u00f3: \u00abYo s\u00e9 a qui\u00e9nes escog\u00ed\u00bb.<span id='easy-footnote-18-44451' class='easy-footnote-margin-adjust'><\/span><span class='easy-footnote'><a href='http:\/\/vincentians.com\/es\/lucia-roge-cursillo-mariano-internacional-clausura\/#easy-footnote-bottom-18-44451' title='Jn 13, 18.'><sup>18<\/sup><\/a><\/span> Y nos pide que lo sigamos con los medios que \u00c9l mismo nos propone por medio de las Constituciones. As\u00ed es como hace una sirvienta, utiliza los medios que le dan para hacer su trabajo.<\/p>\n<p>Seg\u00fan san Vicente, las Constituciones nos son indispensables para conservar el recuerdo de lo que Dios nos pide. Adem\u00e1s:<\/p>\n<p style=\"padding-left: 30px\">\u00abMientras est\u00e9is unidas y ligadas juntamente por una pr\u00e1ctica fiel de vuestras Reglas, estar\u00e9is dentro de la forma de vida que Nuestro Se\u00f1or os pide\u00bb.<span id='easy-footnote-19-44451' class='easy-footnote-margin-adjust'><\/span><span class='easy-footnote'><a href='http:\/\/vincentians.com\/es\/lucia-roge-cursillo-mariano-internacional-clausura\/#easy-footnote-bottom-19-44451' title='IX, 203.'><sup>19<\/sup><\/a><\/span>\n<p>Aqu\u00ed tenemos una dimensi\u00f3n misionera de nuestras Constituciones. Nos unen, \u00abque todos sean uno,&#8230; y el mundo crea&#8230;\u00bb.<span id='easy-footnote-20-44451' class='easy-footnote-margin-adjust'><\/span><span class='easy-footnote'><a href='http:\/\/vincentians.com\/es\/lucia-roge-cursillo-mariano-internacional-clausura\/#easy-footnote-bottom-20-44451' title='Jn 17, 21-23.'><sup>20<\/sup><\/a><\/span>\n<p>\u00bfTenemos hoy, como en 1830, interrogantes que plantearnos sobre nuestra manera de vivir la pobreza, la obediencia, la castidad, el servi\u00adcio de los pobres? La evoluci\u00f3n r\u00e1pida de la sociedad no permite que establezcamos comparaciones entre ambas situaciones. Pero tenemos que cuestionamos, al nivel de las motivaciones fundamentales, que siguen siendo las mismas, acerca de nuestro actuar hoy.<\/p>\n<p>Por lo que se refiere a la pobreza, contemplamos a Cristo pobre para unirnos a nuestros amos y se\u00f1ores en la l\u00ednea de las Bienaventu\u00adranzas. De esa forma es como, pongamos por ejemplo, una revisi\u00f3n de vida individual y comunitaria tenaz hecha con regularidad sobre este punto, nos llevar\u00e1 a eliminar lo superfluo de nuestras vidas. Toda ocasi\u00f3n de gasto que se nos presente, buscando equivalencia en la posibilidad de compartir algo con ellos y entrando para ello hasta en los detalles: una foto m\u00e1s o menos puede ser un taz\u00f3n de arroz en algunos pa\u00edses lo que adquiere peso de vida humana.<\/p>\n<p>Y la pobreza interior sabemos que es siempre seguir a Jesucristo manso y humilde de coraz\u00f3n. Dios es humilde por amor y nos lo tradu\u00adce en Jesucristo, a trav\u00e9s de una actitud muy en consonancia con la vocaci\u00f3n vicenciana. La actitud de siervo que adopta Jes\u00fas en el Lava\u00adtorio de los pies. La Edad Media supo plasmar admirablemente en la piedra el Lavatorio de los pies (pueden ustedes admirar luego este pasaje en la iglesia Abacial de San Gil, en Gard). El Se\u00f1or est\u00e1 a los pies de san Pedro. El Se\u00f1or tiene el rostro vuelto hacia san Pedro; est\u00e1 de rodillas; actitud de siervo, con la cabeza y la mirada alzadas hacia Pedro a quien est\u00e1 sirviendo. \u00c9sta es otra de las actitudes del servicio. Cuan\u00addo una se sit\u00faa en su condici\u00f3n de sierva, de sirvienta, no mira a los dem\u00e1s desde arriba, por encima del hombro, desde sus posibilidades, desde sus t\u00edtulos, desde su seguridad o desde su estatuto social o ecle\u00adsi\u00e1stico. S\u00ed, \u00bfc\u00f3mo traducir hoy, en nuestra vida diaria, esa actitud de profunda pobreza interior, de humildad, propia de nuestra vocaci\u00f3n de siervas? \u00bfC\u00f3mo llegar a ser verdaderamente siervas y a no ser m\u00e1s que eso, haci\u00e9ndonos a un lado ante el Maestro, el amo, y facilitando su acci\u00f3n, la de \u00c9l, como hizo Mar\u00eda en Can\u00e1?<\/p>\n<p>Este servicio a Cristo en los pobres es, en \u00faltimo t\u00e9rmino, la actitud interior, de arrodillarse ante aqu\u00e9l a quien nos disponemos a lavarle los pies. Es cierto que la actitud de servicio debe abarcar todo nuestro ser, cualquiera que sea la funci\u00f3n que desempe\u00f1emos. Pero tenemos que resistirnos de continuo a la tentaci\u00f3n de que se nos sirva, de resistirnos a entrar por un camino de dependencia. Por ejemplo, el que nos se\u00f1a\u00adlan las Constituciones.<\/p>\n<p>La dependencia de las Constituciones nos permiten hacer m\u00e1s acusados en nosotras los rasgos de nuestra identidad, la que Dios nos ha dado y la Iglesia ha reconocido. Hemos aceptado libremente esa dependencia y, constantemente, exige de nosotras una fidelidad activa que encierra en ella todas nuestras jornadas. La Sant\u00edsima Virgen hizo una observaci\u00f3n general: \u00abLa Regla no se observa\u00bb y despu\u00e9s la ilustr\u00f3 con ejemplos: visitas in\u00fatiles, p\u00e9rdidas de tiempo; dio ejemplos, como se hace con los ni\u00f1os.<\/p>\n<p>En sus conferencias a las primeras Hermanas, san Vicente deja sen\u00adtado el valor del tiempo para una Hija de la Caridad. Ese tiempo perte\u00adnece a Dios y a los pobres, dice. Ese tiempo es, pues, entera propiedad de Dios. Constituye la trama del don de la vida de una Hija de la Cari\u00addad. Caer en las desviaciones se\u00f1aladas por la Sant\u00edsima Virgen es faltar a la justicia, a la pobreza, a la obediencia. Los ejemplos apunta\u00addos por la Virgen nos muestran con claridad que ning\u00fan punto de las Constituciones puede minimizarse. Las Constituciones forman un todo. Por ellas podemos llegar a la realizaci\u00f3n plena de nuestra vocaci\u00f3n de Hijas de la Caridad y de buenas cristianas.<\/p>\n<p>San Vicente nos lo explica as\u00ed. Las Reglas nos orientan siempre hacia Dios y a rechazar el pecado:<\/p>\n<p style=\"padding-left: 30px\">\u00abVienen de Dios y tienden todas ellas hacia Dios&#8230;. No tienen otro fin que el de perfeccionarnos&#8230; As\u00ed, pues, tienden a ayudarnos a que nos salvemos m\u00e1s f\u00e1cilmente&#8230; Las almas que aman a Nuestro Se\u00f1or no se ponen a mirar, si no hago tal cosa \u00bfpecar\u00e9? Al contrario, basta con decirles que con ello agradan a su divino Esposo para que se pongan a hacer todo lo que pueden\u00bb.<span id='easy-footnote-21-44451' class='easy-footnote-margin-adjust'><\/span><span class='easy-footnote'><a href='http:\/\/vincentians.com\/es\/lucia-roge-cursillo-mariano-internacional-clausura\/#easy-footnote-bottom-21-44451' title='IX&lt;sub&gt;,&lt;\/sub&gt; 737.'><sup>21<\/sup><\/a><\/span>\n<p>Pero la Compa\u00f1\u00eda, que est\u00e1 en el mundo sin ser del mundo, sufre las presiones de \u00e9ste. Ya las conocen ustedes: materialismo, consumo, ero\u00adtismo, el binomio parad\u00f3jico individualismo-colectivismo, secularismo, superficialidad. Si la Compa\u00f1\u00eda que somos cada una de nosotras cede a esas presiones, se desnaturaliza, pierde su identidad, esa identidad que tiene su origen en la fe y se apoya en la pobreza, la castidad, el ser\u00advicio a los dem\u00e1s y, sobre todo, a los m\u00e1s pobres, la vida interior, la vida como Iglesia. Porque nuestra vocaci\u00f3n se sit\u00faa y se realiza, en efecto, en Iglesia, por la Iglesia y para la Iglesia.<\/p>\n<p>La Iglesia se dispone a darnos en un futuro pr\u00f3ximo la respuesta a las Constituciones-80. Recibiremos, pues, las Constituciones en la pro\u00adlongaci\u00f3n del A\u00f1o Mariano que termina ahora. Cuando las recibamos, pensemos en la Virgen: \u00abTengo pena&#8230; La Regla no se observa&#8230; Hay gran relajaci\u00f3n\u00bb. Prepar\u00e9monos a vivirlas no como unas estructuras, sino como una exigencia misionera, como un v\u00ednculo entre nosotras, como una expresi\u00f3n de amor. Si existen estructuras, son estructuras pascua\u00adles que generan vida y alegr\u00eda.<\/p>\n<p>* Como una exigencia misionera. Son, en efecto, el proyecto gene\u00adral, el proyecto de la Compa\u00f1\u00eda. La Compa\u00f1\u00eda, en nombre de la Iglesia, nos env\u00eda a la misi\u00f3n. A trav\u00e9s de los miembros del Consejo General y de la Provincia, la Compa\u00f1\u00eda es la que tiene, en \u00faltimo t\u00e9rmino, la res\u00adponsabilidad de nuestro trabajo misionero ante la Iglesia y ante Dios. Ahora bien, todas las condiciones para el cumplimiento y el dinamismo de ese trabajo misionero est\u00e1n condensadas en las Constituciones. En ellas vemos de manera muy especial la expresi\u00f3n de Pablo VI.<\/p>\n<p>* Las Constituciones nos colocan tambi\u00e9n en una situaci\u00f3n misione\u00adra porque son v\u00ednculo entre nosotras, es decir, un factor de uni\u00f3n. Cuan\u00addo una comunidad local las acoge y vive de ellas, son signo de perte\u00adnencia a la Compa\u00f1\u00eda, a su esp\u00edritu, a sus m\u00e1rtires, a sus debilidades, a un servicio a la Iglesia, al de los pobres extendidos por tantos lugares tan diferentes de los que vienen ustedes. Nos unen las unas a las otras a lo largo de la ronda de las horas, de los meses, de los a\u00f1os, en el mismo esp\u00edritu. Transmiten la misma vida, crean entre nosotras la unidad en el mismo reconocimiento de Dios en los pobres.<\/p>\n<p>\u00abLo que hab\u00e9is hecho a uno de \u00e9stos mis m\u00e1s peque\u00f1os hermanos, a m\u00ed lo hab\u00e9is hecho. Tuve hambre, estaba desnudo, enfermo, encarce\u00adlado&#8230;\u00bb dice Jesucristo\u00bb<sup><\/sup>.<span id='easy-footnote-22-44451' class='easy-footnote-margin-adjust'><\/span><span class='easy-footnote'><a href='http:\/\/vincentians.com\/es\/lucia-roge-cursillo-mariano-internacional-clausura\/#easy-footnote-bottom-22-44451' title='Mt 25.'><sup>22<\/sup><\/a><\/span> \u00abUna Hermana ir\u00e1 diez veces al d\u00eda a ver a los enfermos y diez veces al d\u00eda encontrar\u00e1 a Dios\u00bb,<span id='easy-footnote-23-44451' class='easy-footnote-margin-adjust'><\/span><span class='easy-footnote'><a href='http:\/\/vincentians.com\/es\/lucia-roge-cursillo-mariano-internacional-clausura\/#easy-footnote-bottom-23-44451' title='IX, 240.'><sup>23<\/sup><\/a><\/span> dice san Vicente.<\/p>\n<p>Nos unen en la misma b\u00fasqueda del amor, en el que encontramos y damos las mismas respuestas.<\/p>\n<p>*\u00a0 Por ese mismo hecho, las Constituciones pueden y deben llegar a ser para nosotras la expresi\u00f3n de una vivencia de amor. Acoj\u00e1moslas, pues, con las disposiciones interiores con que Mar\u00eda recib\u00eda la palabra de Dios. La acogida abierta, sin reservas, disponible, manifiesta el amor. Sin esa acogida amorosa dispensada a las Constituciones, nos ser\u00e1 muy dif\u00ed\u00adcil vivir\u00edas y por lo tanto tener parte en la verdadera vida de la Compa\u00f1\u00eda, ser Hija de la Caridad. San Vicente, en la conferencia del 20 de septiem\u00adbre de 1655, insiste varias veces en el tema. Vuestras Reglas son f\u00e1ciles:<\/p>\n<p>\u00abGuardad vuestras Reglas, son suaves y f\u00e1ciles\u00bb.<span id='easy-footnote-24-44451' class='easy-footnote-margin-adjust'><\/span><span class='easy-footnote'><a href='http:\/\/vincentians.com\/es\/lucia-roge-cursillo-mariano-internacional-clausura\/#easy-footnote-bottom-24-44451' title='IX, 736.'><sup>24<\/sup><\/a><\/span>\n<p>Es como un eco a la palabra evang\u00e9lica: \u00abMi yugo es suave y mi carga ligera\u00bb.<span id='easy-footnote-25-44451' class='easy-footnote-margin-adjust'><\/span><span class='easy-footnote'><a href='http:\/\/vincentians.com\/es\/lucia-roge-cursillo-mariano-internacional-clausura\/#easy-footnote-bottom-25-44451' title='Mt 11, 28.'><sup>25<\/sup><\/a><\/span>\n<p>San Vicente afirma que Dios es, de manera especial, el Padre de las Hijas de la Caridad, y santa Luisa nos pide que miremos a Mar\u00eda como a nuestra \u00fanica Madre. \u00bfC\u00f3mo dudar de que la acci\u00f3n del Esp\u00edritu opera en la Compa\u00f1\u00eda y a trav\u00e9s de los medios que ella nos proporciona? Estas Constituciones nos ofrecen la oportunidad de traducir, en humil\u00addad y sencillez, el amor a Jesucristo Crucificado que nos apremia, ese amor que es precisamente el que nos ha tra\u00eddo a la Compa\u00f1\u00eda.<\/p>\n<p>Quisiera terminar con una cita de Puebla aplicada a la Compa\u00f1\u00eda:<\/p>\n<p>\u00abQue con nueva lucidez y decisi\u00f3n quiere evangelizar en lo hondo, en la ra\u00edz, en la cultura del pueblo, se vuelve a Mar\u00eda para que el evangelio se haga m\u00e1s carne, m\u00e1s coraz\u00f3n del mundo\u00bb.<span id='easy-footnote-26-44451' class='easy-footnote-margin-adjust'><\/span><span class='easy-footnote'><a href='http:\/\/vincentians.com\/es\/lucia-roge-cursillo-mariano-internacional-clausura\/#easy-footnote-bottom-26-44451' title='Puebla, n. 303.'><sup>26<\/sup><\/a><\/span>\n<p>\u00ab\u00c9sta es la hora de Mar\u00eda, tiempo de un nuevo Pentecost\u00e9s que ella preside con su oraci\u00f3n, cuando bajo el impulso del Esp\u00edritu, la Compa\u00ad\u00f1\u00eda inicia un nuevo tramo en su peregrinar. Que Mar\u00eda sea en ese cami\u00adno estrella de la evangelizaci\u00f3n siempre renovada\u00bb.<span id='easy-footnote-27-44451' class='easy-footnote-margin-adjust'><\/span><span class='easy-footnote'><a href='http:\/\/vincentians.com\/es\/lucia-roge-cursillo-mariano-internacional-clausura\/#easy-footnote-bottom-27-44451' title='EN, n. 81.'><sup>27<\/sup><\/a><\/span>\n","protected":false},"excerpt":{"rendered":"<p>Sor Luc\u00eda Rog\u00e9, H.C. 10 de julio de 1981 Al clausurar el A\u00f1o Mariano, el pr\u00f3ximo d\u00eda 18 de julio va a se\u00f1alar una nueva etapa en el caminar de la comunidad con la Virgen &#8230; <a href=\"http:\/\/vincentians.com\/es\/lucia-roge-cursillo-mariano-internacional-clausura\/\" class=\"more-link\">Read More<\/a><\/p>\n","protected":false},"author":4,"featured_media":398623,"comment_status":"open","ping_status":"open","sticky":false,"template":"","format":"standard","meta":{"jetpack_post_was_ever_published":false,"_jetpack_newsletter_access":"","_jetpack_dont_email_post_to_subs":false,"_jetpack_newsletter_tier_id":0,"_jetpack_memberships_contains_paywalled_content":false,"_jetpack_memberships_contains_paid_content":false,"footnotes":"","jetpack_publicize_message":"","jetpack_publicize_feature_enabled":true,"jetpack_social_post_already_shared":true,"jetpack_social_options":{"image_generator_settings":{"template":"highway","default_image_id":0,"font":"","enabled":false},"version":2}},"categories":[276],"tags":[],"class_list":["post-44451","post","type-post","status-publish","format-standard","has-post-thumbnail","hentry","category-escritos-de-lucia-roge"],"yoast_head":"<!-- This site is optimized with the Yoast SEO plugin v26.3 - https:\/\/yoast.com\/wordpress\/plugins\/seo\/ -->\n<title>Luc\u00eda Rog\u00e9: Cursillo Mariano Internacional, clausura - Somos Vicencianos<\/title>\n<meta name=\"robots\" content=\"index, follow, max-snippet:-1, max-image-preview:large, max-video-preview:-1\" \/>\n<link rel=\"canonical\" href=\"http:\/\/vincentians.com\/es\/lucia-roge-cursillo-mariano-internacional-clausura\/\" \/>\n<meta property=\"og:locale\" content=\"es_ES\" \/>\n<meta property=\"og:type\" content=\"article\" \/>\n<meta property=\"og:title\" content=\"Luc\u00eda Rog\u00e9: Cursillo Mariano Internacional, clausura - Somos Vicencianos\" \/>\n<meta property=\"og:description\" content=\"Sor Luc\u00eda Rog\u00e9, H.C. 10 de julio de 1981 Al clausurar el A\u00f1o Mariano, el pr\u00f3ximo d\u00eda 18 de julio va a se\u00f1alar una nueva etapa en el caminar de la comunidad con la Virgen ... Read More\" \/>\n<meta property=\"og:url\" content=\"http:\/\/vincentians.com\/es\/lucia-roge-cursillo-mariano-internacional-clausura\/\" \/>\n<meta property=\"og:site_name\" content=\"Somos Vicencianos\" \/>\n<meta property=\"article:publisher\" content=\"https:\/\/www.facebook.com\/WeAreVincentians\/\" \/>\n<meta property=\"article:author\" content=\"https:\/\/www.facebook.com\/JavierChento\" \/>\n<meta property=\"article:published_time\" content=\"2011-07-03T00:59:51+00:00\" \/>\n<meta property=\"og:image\" content=\"https:\/\/i0.wp.com\/vincentians.com\/es\/wp-content\/uploads\/sites\/11\/2016\/07\/escritos-lucia-roge.jpg?fit=1200%2C630\" \/>\n\t<meta property=\"og:image:width\" content=\"1200\" \/>\n\t<meta property=\"og:image:height\" content=\"630\" \/>\n\t<meta property=\"og:image:type\" content=\"image\/jpeg\" \/>\n<meta name=\"author\" content=\"Francisco Javier Fern\u00e1ndez Chento\" \/>\n<meta name=\"twitter:card\" content=\"summary_large_image\" \/>\n<meta name=\"twitter:creator\" content=\"@https:\/\/twitter.com\/javierchento\" \/>\n<meta name=\"twitter:site\" content=\"@WeVincentians\" \/>\n<meta name=\"twitter:label1\" content=\"Escrito por\" \/>\n\t<meta name=\"twitter:data1\" content=\"Francisco Javier Fern\u00e1ndez Chento\" \/>\n\t<meta name=\"twitter:label2\" content=\"Tiempo de lectura\" \/>\n\t<meta name=\"twitter:data2\" content=\"19 minutos\" \/>\n<script type=\"application\/ld+json\" class=\"yoast-schema-graph\">{\"@context\":\"https:\/\/schema.org\",\"@graph\":[{\"@type\":\"Article\",\"@id\":\"http:\/\/vincentians.com\/es\/lucia-roge-cursillo-mariano-internacional-clausura\/#article\",\"isPartOf\":{\"@id\":\"http:\/\/vincentians.com\/es\/lucia-roge-cursillo-mariano-internacional-clausura\/\"},\"author\":{\"name\":\"Francisco Javier Fern\u00e1ndez Chento\",\"@id\":\"https:\/\/vincentians.com\/es\/#\/schema\/person\/9623ef4d9aa3b2dfb8c061f1499288f2\"},\"headline\":\"Luc\u00eda Rog\u00e9: Cursillo Mariano Internacional, clausura\",\"datePublished\":\"2011-07-03T00:59:51+00:00\",\"mainEntityOfPage\":{\"@id\":\"http:\/\/vincentians.com\/es\/lucia-roge-cursillo-mariano-internacional-clausura\/\"},\"wordCount\":3807,\"commentCount\":0,\"publisher\":{\"@id\":\"https:\/\/vincentians.com\/es\/#organization\"},\"image\":{\"@id\":\"http:\/\/vincentians.com\/es\/lucia-roge-cursillo-mariano-internacional-clausura\/#primaryimage\"},\"thumbnailUrl\":\"https:\/\/i0.wp.com\/vincentians.com\/es\/wp-content\/uploads\/sites\/11\/2016\/07\/escritos-lucia-roge.jpg?fit=1200%2C630\",\"articleSection\":[\"Escritos de Luc\u00eda Rog\u00e9\"],\"inLanguage\":\"es\",\"potentialAction\":[{\"@type\":\"CommentAction\",\"name\":\"Comment\",\"target\":[\"http:\/\/vincentians.com\/es\/lucia-roge-cursillo-mariano-internacional-clausura\/#respond\"]}]},{\"@type\":\"WebPage\",\"@id\":\"http:\/\/vincentians.com\/es\/lucia-roge-cursillo-mariano-internacional-clausura\/\",\"url\":\"http:\/\/vincentians.com\/es\/lucia-roge-cursillo-mariano-internacional-clausura\/\",\"name\":\"Luc\u00eda Rog\u00e9: Cursillo Mariano Internacional, clausura - Somos Vicencianos\",\"isPartOf\":{\"@id\":\"https:\/\/vincentians.com\/es\/#website\"},\"primaryImageOfPage\":{\"@id\":\"http:\/\/vincentians.com\/es\/lucia-roge-cursillo-mariano-internacional-clausura\/#primaryimage\"},\"image\":{\"@id\":\"http:\/\/vincentians.com\/es\/lucia-roge-cursillo-mariano-internacional-clausura\/#primaryimage\"},\"thumbnailUrl\":\"https:\/\/i0.wp.com\/vincentians.com\/es\/wp-content\/uploads\/sites\/11\/2016\/07\/escritos-lucia-roge.jpg?fit=1200%2C630\",\"datePublished\":\"2011-07-03T00:59:51+00:00\",\"breadcrumb\":{\"@id\":\"http:\/\/vincentians.com\/es\/lucia-roge-cursillo-mariano-internacional-clausura\/#breadcrumb\"},\"inLanguage\":\"es\",\"potentialAction\":[{\"@type\":\"ReadAction\",\"target\":[\"http:\/\/vincentians.com\/es\/lucia-roge-cursillo-mariano-internacional-clausura\/\"]}]},{\"@type\":\"ImageObject\",\"inLanguage\":\"es\",\"@id\":\"http:\/\/vincentians.com\/es\/lucia-roge-cursillo-mariano-internacional-clausura\/#primaryimage\",\"url\":\"https:\/\/i0.wp.com\/vincentians.com\/es\/wp-content\/uploads\/sites\/11\/2016\/07\/escritos-lucia-roge.jpg?fit=1200%2C630\",\"contentUrl\":\"https:\/\/i0.wp.com\/vincentians.com\/es\/wp-content\/uploads\/sites\/11\/2016\/07\/escritos-lucia-roge.jpg?fit=1200%2C630\",\"width\":1200,\"height\":630},{\"@type\":\"BreadcrumbList\",\"@id\":\"http:\/\/vincentians.com\/es\/lucia-roge-cursillo-mariano-internacional-clausura\/#breadcrumb\",\"itemListElement\":[{\"@type\":\"ListItem\",\"position\":1,\"name\":\"Portada\",\"item\":\"https:\/\/vincentians.com\/es\/\"},{\"@type\":\"ListItem\",\"position\":2,\"name\":\"Luc\u00eda Rog\u00e9: Cursillo Mariano Internacional, clausura\"}]},{\"@type\":\"WebSite\",\"@id\":\"https:\/\/vincentians.com\/es\/#website\",\"url\":\"https:\/\/vincentians.com\/es\/\",\"name\":\"Somos Vicencianos\",\"description\":\"Know more to serve more\",\"publisher\":{\"@id\":\"https:\/\/vincentians.com\/es\/#organization\"},\"potentialAction\":[{\"@type\":\"SearchAction\",\"target\":{\"@type\":\"EntryPoint\",\"urlTemplate\":\"https:\/\/vincentians.com\/es\/?s={search_term_string}\"},\"query-input\":{\"@type\":\"PropertyValueSpecification\",\"valueRequired\":true,\"valueName\":\"search_term_string\"}}],\"inLanguage\":\"es\"},{\"@type\":\"Organization\",\"@id\":\"https:\/\/vincentians.com\/es\/#organization\",\"name\":\"The Vincentian Network\",\"url\":\"https:\/\/vincentians.com\/es\/\",\"logo\":{\"@type\":\"ImageObject\",\"inLanguage\":\"es\",\"@id\":\"https:\/\/vincentians.com\/es\/#\/schema\/logo\/image\/\",\"url\":\"https:\/\/i1.wp.com\/vincentians.com\/es\/wp-content\/uploads\/sites\/11\/2016\/06\/Vincentian-Network-logo-big.png?fit=778%2C778\",\"contentUrl\":\"https:\/\/i1.wp.com\/vincentians.com\/es\/wp-content\/uploads\/sites\/11\/2016\/06\/Vincentian-Network-logo-big.png?fit=778%2C778\",\"width\":778,\"height\":778,\"caption\":\"The Vincentian Network\"},\"image\":{\"@id\":\"https:\/\/vincentians.com\/es\/#\/schema\/logo\/image\/\"},\"sameAs\":[\"https:\/\/www.facebook.com\/WeAreVincentians\/\",\"https:\/\/x.com\/WeVincentians\"]},{\"@type\":\"Person\",\"@id\":\"https:\/\/vincentians.com\/es\/#\/schema\/person\/9623ef4d9aa3b2dfb8c061f1499288f2\",\"name\":\"Francisco Javier Fern\u00e1ndez Chento\",\"image\":{\"@type\":\"ImageObject\",\"inLanguage\":\"es\",\"@id\":\"https:\/\/vincentians.com\/es\/#\/schema\/person\/image\/\",\"url\":\"https:\/\/secure.gravatar.com\/avatar\/497d5cde87b4c3d097d0315953521681ba2cd523ee66e5077c3711f7021e65de?s=96&d=mm&r=g\",\"contentUrl\":\"https:\/\/secure.gravatar.com\/avatar\/497d5cde87b4c3d097d0315953521681ba2cd523ee66e5077c3711f7021e65de?s=96&d=mm&r=g\",\"caption\":\"Francisco Javier Fern\u00e1ndez Chento\"},\"description\":\"Director General y cofundador de La Red de Formaci\u00f3n Vicenciana. Javier es laico vicenciano, afiliado a la Congregaci\u00f3n de la Misi\u00f3n y miembro del Equipo de Misiones Populares de la provincia can\u00f3nica de Zaragoza (Espa\u00f1a) de la Congregaci\u00f3n de la Misi\u00f3n. Graduado en la Universidad Oberta de Catalunya con cuatro grados (Asistente de direcci\u00f3n, Gesti\u00f3n Administrativa, Recursos Humanos y Contabilidad Avanzada). Bil\u00edng\u00fce Espa\u00f1ol\/Ingl\u00e9s. gestiona y mantiene varias p\u00e1ginas web cristianas y vicencianas, incluida including La Red de Formaci\u00f3n Vicenciana, de la que es cofundador. Actualmente es responsable del \u00e1rea de Espa\u00f1ol de .famvin, la Red de Noticias de la Familia Vicenciana. Tambi\u00e9n es m\u00fasico cat\u00f3lico y ha editado varios discos. Es Director General y cofundador de Trovador, una reconocida compa\u00f1\u00eda discogr\u00e1fica critiana de Espa\u00f1a. Trabaja en las Tecnolog\u00edas de la Informaci\u00f3n, ofreciendo servicios de alojamiento, dise\u00f1o y mantenimiento Web, as\u00ed como asesoramiento, formaci\u00f3n y soluciones inform\u00e1ticas, gesti\u00f3n documental y digitalizaci\u00f3n de textos, edici\u00f3n y maquetaci\u00f3n de libros, revistas, flyers, etc.\",\"sameAs\":[\"http:\/\/chento.org\",\"https:\/\/www.facebook.com\/JavierChento\",\"https:\/\/x.com\/https:\/\/twitter.com\/javierchento\"],\"url\":\"http:\/\/vincentians.com\/es\/author\/chento\/\"}]}<\/script>\n<!-- \/ Yoast SEO plugin. -->","yoast_head_json":{"title":"Luc\u00eda Rog\u00e9: Cursillo Mariano Internacional, clausura - Somos Vicencianos","robots":{"index":"index","follow":"follow","max-snippet":"max-snippet:-1","max-image-preview":"max-image-preview:large","max-video-preview":"max-video-preview:-1"},"canonical":"http:\/\/vincentians.com\/es\/lucia-roge-cursillo-mariano-internacional-clausura\/","og_locale":"es_ES","og_type":"article","og_title":"Luc\u00eda Rog\u00e9: Cursillo Mariano Internacional, clausura - Somos Vicencianos","og_description":"Sor Luc\u00eda Rog\u00e9, H.C. 10 de julio de 1981 Al clausurar el A\u00f1o Mariano, el pr\u00f3ximo d\u00eda 18 de julio va a se\u00f1alar una nueva etapa en el caminar de la comunidad con la Virgen ... Read More","og_url":"http:\/\/vincentians.com\/es\/lucia-roge-cursillo-mariano-internacional-clausura\/","og_site_name":"Somos Vicencianos","article_publisher":"https:\/\/www.facebook.com\/WeAreVincentians\/","article_author":"https:\/\/www.facebook.com\/JavierChento","article_published_time":"2011-07-03T00:59:51+00:00","og_image":[{"width":1200,"height":630,"url":"https:\/\/i0.wp.com\/vincentians.com\/es\/wp-content\/uploads\/sites\/11\/2016\/07\/escritos-lucia-roge.jpg?fit=1200%2C630","type":"image\/jpeg"}],"author":"Francisco Javier Fern\u00e1ndez Chento","twitter_card":"summary_large_image","twitter_creator":"@https:\/\/twitter.com\/javierchento","twitter_site":"@WeVincentians","twitter_misc":{"Escrito por":"Francisco Javier Fern\u00e1ndez Chento","Tiempo de lectura":"19 minutos"},"schema":{"@context":"https:\/\/schema.org","@graph":[{"@type":"Article","@id":"http:\/\/vincentians.com\/es\/lucia-roge-cursillo-mariano-internacional-clausura\/#article","isPartOf":{"@id":"http:\/\/vincentians.com\/es\/lucia-roge-cursillo-mariano-internacional-clausura\/"},"author":{"name":"Francisco Javier Fern\u00e1ndez Chento","@id":"https:\/\/vincentians.com\/es\/#\/schema\/person\/9623ef4d9aa3b2dfb8c061f1499288f2"},"headline":"Luc\u00eda Rog\u00e9: Cursillo Mariano Internacional, clausura","datePublished":"2011-07-03T00:59:51+00:00","mainEntityOfPage":{"@id":"http:\/\/vincentians.com\/es\/lucia-roge-cursillo-mariano-internacional-clausura\/"},"wordCount":3807,"commentCount":0,"publisher":{"@id":"https:\/\/vincentians.com\/es\/#organization"},"image":{"@id":"http:\/\/vincentians.com\/es\/lucia-roge-cursillo-mariano-internacional-clausura\/#primaryimage"},"thumbnailUrl":"https:\/\/i0.wp.com\/vincentians.com\/es\/wp-content\/uploads\/sites\/11\/2016\/07\/escritos-lucia-roge.jpg?fit=1200%2C630","articleSection":["Escritos de Luc\u00eda Rog\u00e9"],"inLanguage":"es","potentialAction":[{"@type":"CommentAction","name":"Comment","target":["http:\/\/vincentians.com\/es\/lucia-roge-cursillo-mariano-internacional-clausura\/#respond"]}]},{"@type":"WebPage","@id":"http:\/\/vincentians.com\/es\/lucia-roge-cursillo-mariano-internacional-clausura\/","url":"http:\/\/vincentians.com\/es\/lucia-roge-cursillo-mariano-internacional-clausura\/","name":"Luc\u00eda Rog\u00e9: Cursillo Mariano Internacional, clausura - Somos Vicencianos","isPartOf":{"@id":"https:\/\/vincentians.com\/es\/#website"},"primaryImageOfPage":{"@id":"http:\/\/vincentians.com\/es\/lucia-roge-cursillo-mariano-internacional-clausura\/#primaryimage"},"image":{"@id":"http:\/\/vincentians.com\/es\/lucia-roge-cursillo-mariano-internacional-clausura\/#primaryimage"},"thumbnailUrl":"https:\/\/i0.wp.com\/vincentians.com\/es\/wp-content\/uploads\/sites\/11\/2016\/07\/escritos-lucia-roge.jpg?fit=1200%2C630","datePublished":"2011-07-03T00:59:51+00:00","breadcrumb":{"@id":"http:\/\/vincentians.com\/es\/lucia-roge-cursillo-mariano-internacional-clausura\/#breadcrumb"},"inLanguage":"es","potentialAction":[{"@type":"ReadAction","target":["http:\/\/vincentians.com\/es\/lucia-roge-cursillo-mariano-internacional-clausura\/"]}]},{"@type":"ImageObject","inLanguage":"es","@id":"http:\/\/vincentians.com\/es\/lucia-roge-cursillo-mariano-internacional-clausura\/#primaryimage","url":"https:\/\/i0.wp.com\/vincentians.com\/es\/wp-content\/uploads\/sites\/11\/2016\/07\/escritos-lucia-roge.jpg?fit=1200%2C630","contentUrl":"https:\/\/i0.wp.com\/vincentians.com\/es\/wp-content\/uploads\/sites\/11\/2016\/07\/escritos-lucia-roge.jpg?fit=1200%2C630","width":1200,"height":630},{"@type":"BreadcrumbList","@id":"http:\/\/vincentians.com\/es\/lucia-roge-cursillo-mariano-internacional-clausura\/#breadcrumb","itemListElement":[{"@type":"ListItem","position":1,"name":"Portada","item":"https:\/\/vincentians.com\/es\/"},{"@type":"ListItem","position":2,"name":"Luc\u00eda Rog\u00e9: Cursillo Mariano Internacional, clausura"}]},{"@type":"WebSite","@id":"https:\/\/vincentians.com\/es\/#website","url":"https:\/\/vincentians.com\/es\/","name":"Somos Vicencianos","description":"Know more to serve more","publisher":{"@id":"https:\/\/vincentians.com\/es\/#organization"},"potentialAction":[{"@type":"SearchAction","target":{"@type":"EntryPoint","urlTemplate":"https:\/\/vincentians.com\/es\/?s={search_term_string}"},"query-input":{"@type":"PropertyValueSpecification","valueRequired":true,"valueName":"search_term_string"}}],"inLanguage":"es"},{"@type":"Organization","@id":"https:\/\/vincentians.com\/es\/#organization","name":"The Vincentian Network","url":"https:\/\/vincentians.com\/es\/","logo":{"@type":"ImageObject","inLanguage":"es","@id":"https:\/\/vincentians.com\/es\/#\/schema\/logo\/image\/","url":"https:\/\/i1.wp.com\/vincentians.com\/es\/wp-content\/uploads\/sites\/11\/2016\/06\/Vincentian-Network-logo-big.png?fit=778%2C778","contentUrl":"https:\/\/i1.wp.com\/vincentians.com\/es\/wp-content\/uploads\/sites\/11\/2016\/06\/Vincentian-Network-logo-big.png?fit=778%2C778","width":778,"height":778,"caption":"The Vincentian Network"},"image":{"@id":"https:\/\/vincentians.com\/es\/#\/schema\/logo\/image\/"},"sameAs":["https:\/\/www.facebook.com\/WeAreVincentians\/","https:\/\/x.com\/WeVincentians"]},{"@type":"Person","@id":"https:\/\/vincentians.com\/es\/#\/schema\/person\/9623ef4d9aa3b2dfb8c061f1499288f2","name":"Francisco Javier Fern\u00e1ndez Chento","image":{"@type":"ImageObject","inLanguage":"es","@id":"https:\/\/vincentians.com\/es\/#\/schema\/person\/image\/","url":"https:\/\/secure.gravatar.com\/avatar\/497d5cde87b4c3d097d0315953521681ba2cd523ee66e5077c3711f7021e65de?s=96&d=mm&r=g","contentUrl":"https:\/\/secure.gravatar.com\/avatar\/497d5cde87b4c3d097d0315953521681ba2cd523ee66e5077c3711f7021e65de?s=96&d=mm&r=g","caption":"Francisco Javier Fern\u00e1ndez Chento"},"description":"Director General y cofundador de La Red de Formaci\u00f3n Vicenciana. Javier es laico vicenciano, afiliado a la Congregaci\u00f3n de la Misi\u00f3n y miembro del Equipo de Misiones Populares de la provincia can\u00f3nica de Zaragoza (Espa\u00f1a) de la Congregaci\u00f3n de la Misi\u00f3n. Graduado en la Universidad Oberta de Catalunya con cuatro grados (Asistente de direcci\u00f3n, Gesti\u00f3n Administrativa, Recursos Humanos y Contabilidad Avanzada). Bil\u00edng\u00fce Espa\u00f1ol\/Ingl\u00e9s. gestiona y mantiene varias p\u00e1ginas web cristianas y vicencianas, incluida including La Red de Formaci\u00f3n Vicenciana, de la que es cofundador. Actualmente es responsable del \u00e1rea de Espa\u00f1ol de .famvin, la Red de Noticias de la Familia Vicenciana. Tambi\u00e9n es m\u00fasico cat\u00f3lico y ha editado varios discos. Es Director General y cofundador de Trovador, una reconocida compa\u00f1\u00eda discogr\u00e1fica critiana de Espa\u00f1a. Trabaja en las Tecnolog\u00edas de la Informaci\u00f3n, ofreciendo servicios de alojamiento, dise\u00f1o y mantenimiento Web, as\u00ed como asesoramiento, formaci\u00f3n y soluciones inform\u00e1ticas, gesti\u00f3n documental y digitalizaci\u00f3n de textos, edici\u00f3n y maquetaci\u00f3n de libros, revistas, flyers, etc.","sameAs":["http:\/\/chento.org","https:\/\/www.facebook.com\/JavierChento","https:\/\/x.com\/https:\/\/twitter.com\/javierchento"],"url":"http:\/\/vincentians.com\/es\/author\/chento\/"}]}},"jetpack_publicize_connections":[],"jetpack_featured_media_url":"https:\/\/i0.wp.com\/vincentians.com\/es\/wp-content\/uploads\/sites\/11\/2016\/07\/escritos-lucia-roge.jpg?fit=1200%2C630","jetpack_sharing_enabled":true,"jetpack_shortlink":"https:\/\/wp.me\/p7ETMF-byX","jetpack-related-posts":[{"id":44272,"url":"http:\/\/vincentians.com\/es\/lucia-roge-cursillo-mariano-internacional-acogida\/","url_meta":{"origin":44451,"position":0},"title":"Luc\u00eda Rog\u00e9: Cursillo Mariano Internacional, acogida","author":"Francisco Javier Fern\u00e1ndez Chento","date":"02\/07\/2011","format":false,"excerpt":"Sor Luc\u00eda Rog\u00e9, H.C. 1 de julio de 1981 Me complazco, en nombre de la Virgen Mar\u00eda, \u00fanica Madre de la Compa\u00f1\u00eda, en acogerlas en esta su casa. Es un gran gozo para todos los miembros del Consejo General el verlas aqu\u00ed reunidas, procedentes de m\u00e1s de 70 Provincias. Van\u2026","rel":"","context":"En \u00abEscritos de Luc\u00eda Rog\u00e9\u00bb","block_context":{"text":"Escritos de Luc\u00eda Rog\u00e9","link":"http:\/\/vincentians.com\/es\/category\/escritos\/escritos-de-lucia-roge\/"},"img":{"alt_text":"","src":"https:\/\/i0.wp.com\/vincentians.com\/es\/wp-content\/uploads\/sites\/11\/2016\/07\/escritos-lucia-roge.jpg?fit=1200%2C630&resize=350%2C200","width":350,"height":200,"srcset":"https:\/\/i0.wp.com\/vincentians.com\/es\/wp-content\/uploads\/sites\/11\/2016\/07\/escritos-lucia-roge.jpg?fit=1200%2C630&resize=350%2C200 1x, https:\/\/i0.wp.com\/vincentians.com\/es\/wp-content\/uploads\/sites\/11\/2016\/07\/escritos-lucia-roge.jpg?fit=1200%2C630&resize=525%2C300 1.5x, https:\/\/i0.wp.com\/vincentians.com\/es\/wp-content\/uploads\/sites\/11\/2016\/07\/escritos-lucia-roge.jpg?fit=1200%2C630&resize=700%2C400 2x, https:\/\/i0.wp.com\/vincentians.com\/es\/wp-content\/uploads\/sites\/11\/2016\/07\/escritos-lucia-roge.jpg?fit=1200%2C630&resize=1050%2C600 3x"},"classes":[]},{"id":45056,"url":"http:\/\/vincentians.com\/es\/lucia-roge-cursillo-mariano-internacional-conclusion\/","url_meta":{"origin":44451,"position":1},"title":"Luc\u00eda Rog\u00e9: Cursillo Mariano Internacional, conclusi\u00f3n","author":"Francisco Javier Fern\u00e1ndez Chento","date":"04\/07\/2011","format":false,"excerpt":"Sor Luc\u00eda Rog\u00e9, H.C. 20 de julio de 1981 Hemos llegado al t\u00e9rmino del Cursillo. Durante estos d\u00edas, han escu\u00adchado ustedes, han discutido, orado y caminado juntas. Ya se ha hecho la recolecci\u00f3n; les queda separar el grano y molerlo en la reflexi\u00f3n y la oraci\u00f3n para que pueda servirles\u2026","rel":"","context":"En \u00abEscritos de Luc\u00eda Rog\u00e9\u00bb","block_context":{"text":"Escritos de Luc\u00eda Rog\u00e9","link":"http:\/\/vincentians.com\/es\/category\/escritos\/escritos-de-lucia-roge\/"},"img":{"alt_text":"","src":"https:\/\/i0.wp.com\/vincentians.com\/es\/wp-content\/uploads\/sites\/11\/2016\/07\/escritos-lucia-roge.jpg?fit=1200%2C630&resize=350%2C200","width":350,"height":200,"srcset":"https:\/\/i0.wp.com\/vincentians.com\/es\/wp-content\/uploads\/sites\/11\/2016\/07\/escritos-lucia-roge.jpg?fit=1200%2C630&resize=350%2C200 1x, https:\/\/i0.wp.com\/vincentians.com\/es\/wp-content\/uploads\/sites\/11\/2016\/07\/escritos-lucia-roge.jpg?fit=1200%2C630&resize=525%2C300 1.5x, https:\/\/i0.wp.com\/vincentians.com\/es\/wp-content\/uploads\/sites\/11\/2016\/07\/escritos-lucia-roge.jpg?fit=1200%2C630&resize=700%2C400 2x, https:\/\/i0.wp.com\/vincentians.com\/es\/wp-content\/uploads\/sites\/11\/2016\/07\/escritos-lucia-roge.jpg?fit=1200%2C630&resize=1050%2C600 3x"},"classes":[]},{"id":44000,"url":"http:\/\/vincentians.com\/es\/lucia-roge-contemplar-a-maria\/","url_meta":{"origin":44451,"position":2},"title":"Luc\u00eda Rog\u00e9: Contemplar a Mar\u00eda","author":"Francisco Javier Fern\u00e1ndez Chento","date":"01\/07\/2011","format":false,"excerpt":"Sor Luc\u00eda Rog\u00e9, H.C.Par\u00eds, marzo de 1979 El a\u00f1o 1980 ser\u00e1, como ustedes saben, el a\u00f1o del 150 aniversario de la manifestaci\u00f3n de la Sant\u00edsima Virgen a santa Catalina Labour\u00e9. En ese mismo a\u00f1o 1980, la Asamblea General terminar\u00e1 el trabajo de las Constituciones. Estos dos acontecimientos coinciden. Una vez\u2026","rel":"","context":"En \u00abEscritos de Luc\u00eda Rog\u00e9\u00bb","block_context":{"text":"Escritos de Luc\u00eda Rog\u00e9","link":"http:\/\/vincentians.com\/es\/category\/escritos\/escritos-de-lucia-roge\/"},"img":{"alt_text":"","src":"https:\/\/i0.wp.com\/vincentians.com\/es\/wp-content\/uploads\/sites\/11\/2016\/07\/escritos-lucia-roge.jpg?fit=1200%2C630&resize=350%2C200","width":350,"height":200,"srcset":"https:\/\/i0.wp.com\/vincentians.com\/es\/wp-content\/uploads\/sites\/11\/2016\/07\/escritos-lucia-roge.jpg?fit=1200%2C630&resize=350%2C200 1x, https:\/\/i0.wp.com\/vincentians.com\/es\/wp-content\/uploads\/sites\/11\/2016\/07\/escritos-lucia-roge.jpg?fit=1200%2C630&resize=525%2C300 1.5x, https:\/\/i0.wp.com\/vincentians.com\/es\/wp-content\/uploads\/sites\/11\/2016\/07\/escritos-lucia-roge.jpg?fit=1200%2C630&resize=700%2C400 2x, https:\/\/i0.wp.com\/vincentians.com\/es\/wp-content\/uploads\/sites\/11\/2016\/07\/escritos-lucia-roge.jpg?fit=1200%2C630&resize=1050%2C600 3x"},"classes":[]},{"id":39206,"url":"http:\/\/vincentians.com\/es\/lucia-roge-a-las-hermanas-del-seminario\/","url_meta":{"origin":44451,"position":3},"title":"Luc\u00eda Rog\u00e9: A las Hermanas del Seminario","author":"Francisco Javier Fern\u00e1ndez Chento","date":"21\/05\/2011","format":false,"excerpt":"Canarias, 28 de marzo de 1977 Como el tiempo del Seminario es un tiempo de formaci\u00f3n, aqu\u00ed tie\u00adnen a la Virgen para contemplarla e imitarla. Una comunidad Mariana como la nuestra, ha de vibrar en deseos de vivir como la Virgen en uni\u00f3n con Cristo. Les voy a indicar tres\u2026","rel":"","context":"En \u00abEscritos de Luc\u00eda Rog\u00e9\u00bb","block_context":{"text":"Escritos de Luc\u00eda Rog\u00e9","link":"http:\/\/vincentians.com\/es\/category\/escritos\/escritos-de-lucia-roge\/"},"img":{"alt_text":"","src":"https:\/\/i0.wp.com\/vincentians.com\/es\/wp-content\/uploads\/sites\/11\/2016\/07\/escritos-lucia-roge.jpg?fit=1200%2C630&resize=350%2C200","width":350,"height":200,"srcset":"https:\/\/i0.wp.com\/vincentians.com\/es\/wp-content\/uploads\/sites\/11\/2016\/07\/escritos-lucia-roge.jpg?fit=1200%2C630&resize=350%2C200 1x, https:\/\/i0.wp.com\/vincentians.com\/es\/wp-content\/uploads\/sites\/11\/2016\/07\/escritos-lucia-roge.jpg?fit=1200%2C630&resize=525%2C300 1.5x, https:\/\/i0.wp.com\/vincentians.com\/es\/wp-content\/uploads\/sites\/11\/2016\/07\/escritos-lucia-roge.jpg?fit=1200%2C630&resize=700%2C400 2x, https:\/\/i0.wp.com\/vincentians.com\/es\/wp-content\/uploads\/sites\/11\/2016\/07\/escritos-lucia-roge.jpg?fit=1200%2C630&resize=1050%2C600 3x"},"classes":[]},{"id":42386,"url":"http:\/\/vincentians.com\/es\/lucia-roge-la-virgen-maria\/","url_meta":{"origin":44451,"position":4},"title":"Luc\u00eda Rog\u00e9: La Virgen Mar\u00eda","author":"Francisco Javier Fern\u00e1ndez Chento","date":"30\/06\/2011","format":false,"excerpt":"Par\u00eds, junio 1976 En este a\u00f1o marcado por el centenario de la muerte de santa Cata\u00adlina, nuestra atenci\u00f3n se siente atra\u00edda por el mensaje que nos dej\u00f3 de parte de la Virgen Mar\u00eda. Ya saben que el P. Laurentin, con la ayuda de un equipo de Sacer\u00addotes de la Misi\u00f3n\u2026","rel":"","context":"En \u00abEscritos de Luc\u00eda Rog\u00e9\u00bb","block_context":{"text":"Escritos de Luc\u00eda Rog\u00e9","link":"http:\/\/vincentians.com\/es\/category\/escritos\/escritos-de-lucia-roge\/"},"img":{"alt_text":"","src":"https:\/\/i0.wp.com\/vincentians.com\/es\/wp-content\/uploads\/sites\/11\/2016\/07\/escritos-lucia-roge.jpg?fit=1200%2C630&resize=350%2C200","width":350,"height":200,"srcset":"https:\/\/i0.wp.com\/vincentians.com\/es\/wp-content\/uploads\/sites\/11\/2016\/07\/escritos-lucia-roge.jpg?fit=1200%2C630&resize=350%2C200 1x, https:\/\/i0.wp.com\/vincentians.com\/es\/wp-content\/uploads\/sites\/11\/2016\/07\/escritos-lucia-roge.jpg?fit=1200%2C630&resize=525%2C300 1.5x, https:\/\/i0.wp.com\/vincentians.com\/es\/wp-content\/uploads\/sites\/11\/2016\/07\/escritos-lucia-roge.jpg?fit=1200%2C630&resize=700%2C400 2x, https:\/\/i0.wp.com\/vincentians.com\/es\/wp-content\/uploads\/sites\/11\/2016\/07\/escritos-lucia-roge.jpg?fit=1200%2C630&resize=1050%2C600 3x"},"classes":[]},{"id":42385,"url":"http:\/\/vincentians.com\/es\/lucia-roge-maria-maestra-de-la-vida-espiritual\/","url_meta":{"origin":44451,"position":5},"title":"Luc\u00eda Rog\u00e9: Mar\u00eda, maestra de la vida espiritual","author":"Francisco Javier Fern\u00e1ndez Chento","date":"29\/06\/2011","format":false,"excerpt":"Sor Luc\u00eda Rog\u00e9, H.C.Par\u00eds, noviembre de 1975 Arrastradas por una corriente de vida que nos absorbe, corremos el riesgo de olvidar aquello que constituye nuestra caracter\u00edstica familiar. Una vez m\u00e1s, son las Constituciones las que nos recuerdan la realidad profunda de nuestra vocaci\u00f3n: somos una comunidad mariana. Es lo que\u2026","rel":"","context":"En \u00abEscritos de Luc\u00eda Rog\u00e9\u00bb","block_context":{"text":"Escritos de Luc\u00eda Rog\u00e9","link":"http:\/\/vincentians.com\/es\/category\/escritos\/escritos-de-lucia-roge\/"},"img":{"alt_text":"","src":"https:\/\/i0.wp.com\/vincentians.com\/es\/wp-content\/uploads\/sites\/11\/2016\/07\/escritos-lucia-roge.jpg?fit=1200%2C630&resize=350%2C200","width":350,"height":200,"srcset":"https:\/\/i0.wp.com\/vincentians.com\/es\/wp-content\/uploads\/sites\/11\/2016\/07\/escritos-lucia-roge.jpg?fit=1200%2C630&resize=350%2C200 1x, https:\/\/i0.wp.com\/vincentians.com\/es\/wp-content\/uploads\/sites\/11\/2016\/07\/escritos-lucia-roge.jpg?fit=1200%2C630&resize=525%2C300 1.5x, https:\/\/i0.wp.com\/vincentians.com\/es\/wp-content\/uploads\/sites\/11\/2016\/07\/escritos-lucia-roge.jpg?fit=1200%2C630&resize=700%2C400 2x, https:\/\/i0.wp.com\/vincentians.com\/es\/wp-content\/uploads\/sites\/11\/2016\/07\/escritos-lucia-roge.jpg?fit=1200%2C630&resize=1050%2C600 3x"},"classes":[]}],"_links":{"self":[{"href":"http:\/\/vincentians.com\/es\/wp-json\/wp\/v2\/posts\/44451","targetHints":{"allow":["GET"]}}],"collection":[{"href":"http:\/\/vincentians.com\/es\/wp-json\/wp\/v2\/posts"}],"about":[{"href":"http:\/\/vincentians.com\/es\/wp-json\/wp\/v2\/types\/post"}],"author":[{"embeddable":true,"href":"http:\/\/vincentians.com\/es\/wp-json\/wp\/v2\/users\/4"}],"replies":[{"embeddable":true,"href":"http:\/\/vincentians.com\/es\/wp-json\/wp\/v2\/comments?post=44451"}],"version-history":[{"count":0,"href":"http:\/\/vincentians.com\/es\/wp-json\/wp\/v2\/posts\/44451\/revisions"}],"wp:featuredmedia":[{"embeddable":true,"href":"http:\/\/vincentians.com\/es\/wp-json\/wp\/v2\/media\/398623"}],"wp:attachment":[{"href":"http:\/\/vincentians.com\/es\/wp-json\/wp\/v2\/media?parent=44451"}],"wp:term":[{"taxonomy":"category","embeddable":true,"href":"http:\/\/vincentians.com\/es\/wp-json\/wp\/v2\/categories?post=44451"},{"taxonomy":"post_tag","embeddable":true,"href":"http:\/\/vincentians.com\/es\/wp-json\/wp\/v2\/tags?post=44451"}],"curies":[{"name":"wp","href":"https:\/\/api.w.org\/{rel}","templated":true}]}}