{"id":44385,"date":"2011-07-18T02:22:57","date_gmt":"2011-07-18T00:22:57","guid":{"rendered":"http:\/\/somos.vicencianos.org\/blog\/2011\/07\/susana-guillemin-conferencia-a-las-hermanas-del-seminario-28-de-noviembre-de-1962\/"},"modified":"2011-07-18T02:22:57","modified_gmt":"2011-07-18T00:22:57","slug":"susana-guillemin-conferencia-a-las-hermanas-del-seminario-28-de-noviembre-de-1962","status":"publish","type":"post","link":"http:\/\/vincentians.com\/es\/susana-guillemin-conferencia-a-las-hermanas-del-seminario-28-de-noviembre-de-1962\/","title":{"rendered":"Susana Guillemin: Conferencia a las Hermanas del Seminario, 28 de noviembre de 1962"},"content":{"rendered":"<dl id=\"attachment_33649\" class=\"wp-caption alignright\" style=\"width: 247px\">\n<dt class=\"wp-caption-dt\"><a href=\"https:\/\/i0.wp.com\/vicencianos.org\/wp-content\/2011\/04\/susana_guillemin.jpg\"><img data-recalc-dims=\"1\" loading=\"lazy\" decoding=\"async\" class=\"size-medium wp-image-33649\" title=\"Susana Guillemin, H.C.\" src=\"https:\/\/i0.wp.com\/vicencianos.org\/wp-content\/2011\/04\/susana_guillemin-237x300.jpg?resize=237%2C300\" alt=\"Susana Guillemin, H.C.\" width=\"237\" height=\"300\" \/><\/a><\/dt>\n<dd class=\"wp-caption-dd\">Susana Guillemin, H.C.<\/dd>\n<\/dl>\n<p><strong> <\/strong><\/p>\n<div>\n<p>A lo largo de los viajes que he tenido que hacer, o con ocasi\u00f3n de las personas con quienes me encuentro, o incluso, simplemente, de los pensamientos que me vienen, pienso con frecuencia: \u00abMe gustar\u00eda decir esto a las Hermanitas del Seminario\u00bb De este modo, en muchas partes y con mucha frecuencia tengo un peque\u00f1o coloquio interior con vosotras, o, al menos, me consuelo dici\u00e9ndome: \u00abSeguro que Sor Directora se lo ha dicho\u00bb. Porque lo que es admirable es que entre estos cuatro muros del Seminario que parecen tan cerrados, se tiene la impresi\u00f3n de que todas las noticias e impresiones que corren en el mundo, corren igualmente aqu\u00ed, que se captan y llegan r\u00e1pidamente a vuestro conocimiento. No s\u00e9 si las Hermanas del Seminario ignoran muchas de las cosas que pasan en el mundo.<\/p>\n<p>En esta \u00faltima quincena he tenido que ver cosas bien importantes de las que me alegro de hablaros hoy, pues vuelvo de Roma, de Roma que no es en este momento la Roma habitual, sino Roma en Concilio, Roma donde se encuentran reunidos todos los obispos del mundo entero, Roma que est\u00e1 ciertamente en este momento, por el hecho de estas reuniones y de este trabajo, bajo la moci\u00f3n particular del Esp\u00edritu Santo; Roma donde ciertamente est\u00e1n pasando grandes cosas que todav\u00eda no vemos dibujarse porque no estamos viendo m\u00e1s que la preparaci\u00f3n, pero que, poco a poco, en el curso de los a\u00f1os pr\u00f3ximos, iremos viendo revelarse a nosotros a trav\u00e9s de las diversas directrices de los obispos, de las diversas opiniones que llegar\u00e1n hasta nosotros, por una cierta renovaci\u00f3n de la Iglesia de Dios, porque la Iglesia de Dios se compone de cada uno de los grupos a los que pertenecemos.<\/p>\n<\/div>\n<div>\n<p>Por consiguiente, nos encontramos en (per\u00edodo de) reflexi\u00f3n y en Concilio con la Iglesia. Antes de hablaros del Concilio, hago la precisi\u00f3n de que no lo he visto m\u00e1s que desde fuera, ya que no est\u00e1 permitida la presencia femenina en \u00e9l. Es verdad que esto est\u00e1 muy discutido. Dos ausencias se discuten en el Concilio: la de los laicos (desde hace una semana est\u00e1n representados por Jean Guitton que se encuentra en \u00e9l a t\u00edtulo de &#8216; observador) y la de la representaci\u00f3n femenina&#8230;<\/p>\n<p>Antes de hablaros de cosas m\u00e1s concretas relacionadas con el Concilio, quiero claros noticias de nuestro muy honorable Padre. Pienso que el que est\u00e9is haciendo vuestro Seminario en este momento os supone gracias especiales, pero tambi\u00e9n que teng\u00e1is que ofrecer algunos sacrificios. Ayer no pudisteis ver al Cardenal Feltin, hoy a Su Excelencia Monse\u00f1or Brot&#8230; Todos ellos est\u00e1n all\u00ed en oraci\u00f3n y nos vemos privadas de ellos. Tampoco hab\u00e9is podido tener a nuestro muy honorable Padre. No lo tendremos tampoco el 8 de diciembre porque no volver\u00e1 hasta el 9 o el 10. He visto muy contento all\u00ed a nuestro muy honorable Padre. Esta atm\u00f3sfera de Iglesia debe llenarle de alegr\u00eda, su alma es un alma tan de oraci\u00f3n&#8230; Es un Superior de oraci\u00f3n y de penitencia; tenemos a nuestra cabeza a un Superior que es un Santo. Por dondequiera que pasa se impone su santidad. Es quiz\u00e1s la mayor gracia que Dios puede hacer a una Congregaci\u00f3n: darle un Santo por Superior. Le he visto muy feliz en esta atm\u00f3sfera eclesial, muy feliz tambi\u00e9n en medio de sus hijos obispos, porque tiene hijos obispos Qlo sab\u00edais?) y yo , no sab\u00eda que fueran tantos. Son 26, todos obispos misioneros que est\u00e1n actualmente repartidos por la ciudad de Roma (est\u00e1n agrupados por afinidades de regiones m\u00e1s que por Congregaciones). El 27 de noviembre nuestro muy honorable Padre hab\u00eda invitado a todos sus obispos a participar en una comida familiar en el \u00abLeoniano\u00bb. Ayer, pues, era un d\u00eda de gran fiesta all\u00ed.<\/p>\n<\/div>\n<div>\n<p>Os voy a mostrar c\u00f3mo el buen Dios tiene peque\u00f1os detalles a los que no se presta atenci\u00f3n y por los que favorece la uni\u00f3n entre nuestras Comunidades. El tercer d\u00eda de mi estancia en Roma intentamos asistir a la Misa en la tumba de san Pedro. Vosotras sab\u00e9is que San Pedro est\u00e1 cerrado; se entra durante las audiencias que se tienen all\u00ed (y se tienen muy pocas) no se quiere dejar entrar al p\u00fablico al interior para evitar la repetici\u00f3n de los atentados que ha habido. Se admite al p\u00fablico de 3 a 5 y hay una vigilancia severa. Nosotras tenemos el privilegio de formar parte de la Casa del Santo Padre por estar en Santa Marta. Se nos hab\u00eda dicho que nos har\u00edan pasar por la sacrist\u00eda&#8230; de ah\u00ed pudimos bajar a la tumba de San Pedro. Est\u00e1bamos tanto mejor en cuanto que est\u00e1bamos solas, aparte de algunos obispos que celebraban su misa en altares pr\u00f3ximos. En la sacrist\u00eda nos dijeron que un sacerdote celebrar\u00eda la misa en San Pedro&#8230; y ese fue monse\u00f1or Tobar, obispo pa\u00fal de la India. Tuvimos una misa muy \u00edntima por las dos familias en la fe y el amor de la Iglesia.<\/p>\n<p>Roma en Concilio se revela por su aspecto exterior. Por todas partes te cruzas con obispos. Te encuentras sacerdotes todo de negro&#8230; se quitan el sombrero y les ves el solideo morado. Es hermoso, sobre todo que los hay de todos los colores, de todas las razas, de todas las lenguas. Se experimenta el sentimiento de la universalidad de la Iglesia Cat\u00f3lica. Uno de los grandes puntos de atracci\u00f3n en Roma es la entrada de los Padres conciliares para las Congregaciones Generales. A las 8.30 van llegando los obispos por grupos, ya que autobuses especiales van haciendo recogidas. Hay una vigilancia estricta a la entrada de San Pedro. En el interior de San Pedro, despu\u00e9s de haber dado la palabracontrase\u00f1a \u00abSanta Marta\u00bb, hemos podido echar un vistazo a la gran nave que hab\u00e9is visto en la televisi\u00f3n. Es \u00fanica. Es una maravilla. Se siente una anonadada por esta majestad. Quiz\u00e1s lo que m\u00e1s sobrecoge al mirar esta nave es ver el trono del Papa, un poco retirado bajo la columnata del altar y, por debajo de \u00e9l, la gran mesa de la presidencia del Concilio, es decir, de la Comisi\u00f3n que lo dirige. A la derecha, la gran estatua de San Pedro revestido de los ornamentos pontificales que, \u00e9l tambi\u00e9n, preside el Concilio. San Pedro representa el origen de la Iglesia y el Santo Padre actual, su representante en la tierra, despu\u00e9s, los que act\u00faan bajo su protecci\u00f3n y la turba de los obispos&#8230;<\/p>\n<\/div>\n<div>\n<p>Roma en Concilio, es este aspecto exterior el que impresiona a todo el mundo: creyentes e incr\u00e9dulos. Pero Roma en Concilio es tambi\u00e9n una atom\u00f3sfera de trabajo; se siente a la Iglesia en trabajo. El trabajo es intenso: cinco Congregaciones Generales por semana&#8230; Las Congregaciones son largas&#8230; Hay descanso el jueves y el domingo. El resto de la semana los obispos trabajan de 9 a 12.<\/p>\n<p>En la Casa Central, por ejemplo, nuestras hermanas han colocado altares para que se puedan decir 32 Misas. Estos obispos son edificantes: van llegando en peque\u00f1os grupos, uno dice la misa otro le responde, luego a la inversa. Sor Sanchini dec\u00eda: \u00abLos m\u00e1s desgraciados, miserables, son los que a duras penas pueden vivir; han hecho un sacrificio enorme para poder viajar hasta Roma, y ahora disponen de muy poco\u00bb. Nuestras Hermanas se han convertido en proveedores de Obispos. Es una obra de Iglesia tambi\u00e9n.<\/p>\n<p>Y cuando terminan las Congregaciones Generales, no crean ustedes que les queda tiempo libre para d\u00edstraerse o descansar. Despu\u00e9s de comer, se reunen en Comisiones particulares: balance de las Congregaciones Generales, preparaci\u00f3n de las siguientes&#8230; Ese es el trabajo directo, pero junto a eso, hay otro casi tan importante: son las reuniones que celebran entre s\u00ed los Obispos, por clases de actividades; por ejemplo: infancia, misiones obreras&#8230; Invitan a te\u00f3logos, a especialistas y en grupos de cuatro o cinco, o m\u00e1s numerosos llevan toda una organizaci\u00f3n de trabajo que se desarrolla al margen del Concilio. Es algo que no estaba previsto de antemano.<\/p>\n<p>En el trabajo conciliar ya saben ustedes que hay personas de tendencia tradicionalista, que querr\u00edan quedarse atr\u00e1s, sin avanzar; otras, en cambio, querr\u00edan cambiarlo todo. Esto es una gran riqueza de la Iglesia; se ve al grupo de los que tienen ideas avanzadas, al de los otros&#8230; y la prudencia del Papa va enderezando a uno y otros en el recto camino. Es una manifestaci\u00f3n de la gracia de Dios en su Iglesia. Y tambi\u00e9n una gran lecci\u00f3n para nosotras: es cierto que en la gran Comunidad que es la Iglesia, lo mismo que en la peque\u00f1a Comunidad que es la Compa\u00f1ia \u2014peque\u00f1a por grande que pueda ser su extensi\u00f3n en el mundo\u2014 el Se\u00f1or se revela: habla a las almas no necesariamente por medio de revelaciones m\u00edsticas, como las de Santa Catalina, sino comunic\u00e1ndoles luces. En las Comunidades se da tambi\u00e9n ese hermoso intercambio que se da en la Iglesia; la aportaci\u00f3n de cada una a la Comunidad y la aportaci\u00f3n de la comunidad a cada una. Es hermoso ver a un conjunto impulsado por un individuo y a un individuo sostenido por un conjunto.<\/p>\n<\/div>\n<div>\n<p>Por una parte, est\u00e1 el trabajo exterior que todo el mundo ve; pero est\u00e1 tambi\u00e9n toda la parte interior, que no puede percibirse cuando s\u00f3lo se va de paso por Roma: las personalidades que viven m\u00e1s de cerca el Concilio s\u00ed la ven y nos hablan de ella. Un sacerdote que lo ha seguido muy de cerca, me dec\u00eda: \u00abSe est\u00e1 operando en estos momentos una verdadera renovaci\u00f3n de la Iglesia a trav\u00e9s del Concilio. Es un gran acontecimiento en el mundo actual; posiblemente sea el mayor de este siglo, no s\u00f3lo de la Iglesia sino del siglo, en general, porque las decisiones que emanan del Concilio no tendr\u00e1n repercusiones s\u00f3lo en la vida interior de la Iglesia, sino en toda la vida <span style=\"text-decoration: underline\">social<\/span> del mundo, y esta reuni\u00f3n de los obispos a escala mundial tendr\u00e1 ciertamente una influencia profunda que dejar\u00e1 una honda huella en este siglo tan trabajado por el marydsmo y otras ideolog\u00edas\u00bb.<\/p>\n<p>En el Concilio se est\u00e1n dando hechos nuevos y reveladores de un esp\u00edritu nuevo. El sacerdote a que me refiero citaba dos: primero, la forma en que se est\u00e1 tratando a los observadores protestantes y ortodoxos a los que se ha admitido en el Concilio. Ha sido un gesto muy hermoso de liberalidad por parte del Santo Padre el decirles: Vengan y vean&#8230; Y han venido, no todos, pero bastante nurnerosos; han venido, pero \u2014dec\u00eda ese sacerdote\u2014 la mayor\u00eda con su idea fija: iremos y despu\u00e9s de hacer acto de presencia, nos marcharemos&#8230; Han venido se les ha acogido muy bien y han quedado sorprendidos porque pueden asistir a todas las discusiones, no se les oculta nada; lo mismo pueden oir el pro que el contra, ante ellos se abren todos los documentos de preparaci\u00f3n del Concilio; se les permite compulsar esos documentos, con la \u00fanica condici\u00f3n \u2014la tnisma que para los Padres Conciliares\u2014 de guardar secreto. Les ha impresionado mucho esa confianza que se les da, al comunicarles los documentos y la que se tiene en su palabra; tambi\u00e9n les ha impresionado el clima de verdad en el que se desenvuelve el trabajo de la Iglesia romana. Quiz\u00e1 sea esto lo que d\u00e9 lugar a un principio de aproximaci\u00f3n con algunas Iglesias separadas. Actualmente, los observadores se mezdan con los Padres del Concilio y admiran el clima de verdad, de lealtad, de confianza en el que ven desarrollarse todo.<\/p>\n<\/div>\n<div>\n<p>Es una gran lecci\u00f3n para nosotras. Nunca tendremos que tomar parte en un Concilio ni llevar a cabo trabajos de tal envergadura&#8230; pero todas, como cristianas y como Hijas de la Caridad, tenemos que presentar la Fe a los que nos rodean y que con mucha frecuencia, aun bajo el nombre de cristianos, no creen. Recordemos que una de las condiciones esenciales para transmitir la Fe, es ese clima de verdad. Por edificante que fuera una vida, si s\u00f3lo fuera simulada, no podr\u00eda ser generadora de Fe. Es preciso que los que viven en tomo nuestro puedan estar siempre seguros de que todas nuestras palabras, todas nuestras actitudes, nuestra forma de ser, ya respecto a ellos ya en cualquier otra circunstancia, son actitudes verdaderas. S\u00f3lo a trav\u00e9s de ese clima de verdad podr\u00e1 nuestro pr\u00f3jimo acercarse al Dios que queremos predicarle.<\/p>\n<p>Esta actitud con los herejes y cism\u00e1ticos es algo nuevo en la Iglesia de D\u00edos. En genral, todos los Concilios anteriores se han celebrado para \u00abgolpear la cerviz de herejes y cism\u00e1ticos\u00bb. No creemos que en tiempos anteriores la Iglesia obr\u00f3 mal: actu\u00f3 seg\u00fan las circunstancias de aquel momento&#8230; El Santo Padre ha juzgado que no era as\u00ed como deb\u00eda actuar ahora. La justicia, la caridad, la lealtad son los que deben imperar. \u00a1Alegr\u00e9monos por ser de esta \u00e9poca!<\/p>\n<\/div>\n<div>\n<p>Hay otra cosa muy nueva y simb\u00f3lica de la forma como se debe trabajar en nuestro tiempo; es la actitud del Santo Padre durante el Concilio. El Concilio ha sido una inspiraci\u00f3n del Papa, no mediante una revelaci\u00f3n de lo alto (al menos, no lo creo as\u00ed) pero una inspiraci\u00f3n del Esp\u00edritu en el sentido de la iluminaci\u00f3n de su inteligencia sometida al Se\u00f1or por su piedad y su deseo de buscar la verdad, al mismo tiempo que de responder a su cargo. Ha tenido, pues, la inspiraci\u00f3n del Concilio; la idea del Concilio ha partido de \u00e9l. Pero ahora se contenta con orientar ese Concilio. Ha entregado el mando, la direcci\u00f3n de las discusiones, la elaboraci\u00f3n de los planes de trabajo en manos de los Obispos. Al frente de cada comisi\u00f3n, hay un Cardenal o un especialista. Cada d\u00eda, un Cardenal, con la Comisi\u00f3n Central nombrada, toma la direcci\u00f3n de las discusiones, los Obispos presentan un informe y finalmente, mediante votaci\u00f3n, llegan a decidir. El Santo Padre sanciona con su autoridad la mayor\u00eda absoluta cuando llega a obtenerse. No es que se inhiba de su autoridad&#8230; (si un Cardenal habla demasiado tiempo, sabe advertirle: \u00a1son las 12!). Pero no la ejerce para no impedir que puedan reconocerse y aprovecharse las luces recibidas por los Obispos. E,n realidad los que hacen marchar el Concilio son los Obispos, sancionados por la autoridad del Papa.<\/p>\n<p>Gracias a ese trabajo \u2014segu\u00eda dici\u00e9ndome el sacerdote\u2014 los Obispos est\u00e1n descubriendo una dimensi\u00f3n nueva del Episcopado. Todos los Obispos del mundo est\u00e1n reunidos en Roma para orar y trabajar con el \u00fanico fin de ver c\u00f3mo actualizar la Iglesia, c\u00f3mo hacerla m\u00e1s grata a los ojos del Se\u00f1or, c\u00f3mo conseguir que responda mejor a los designios divinos. Durante esa cat\u00e1strofe de Cuba en la que ha peligrado la paz del mundo, confieso que yo no he tenido miedo, porque me dec\u00eda: es imposible que ocurra una cat\u00e1strofe mientras que todos los Obispos est\u00e1n reunidos en oraci\u00f3n. La cat\u00e1strofe se ha evitado&#8230; Nuestros Obispos reunidos en Concilio est\u00e1n descubriendo una potencia espiritual, las posibilidades de trabajo y de b\u00fasqueda que representa su reuni\u00f3n.<\/p>\n<\/div>\n<p>Al terminar esta conversaci\u00f3n, pregunt\u00e9: \u00bfCu\u00e1nto va a durar el Concilio? El sacerdote me contest\u00f3: No va a terminar nunca. S\u00ed, un d\u00eda determinado habr\u00e1 una ceremonia de clausura&#8230; pero se ha descubierto un nuevo m\u00e9todo de trabajo, una nueva manera de pensar y de reflexionar juntos, y es de creer que la Iglesia permanecer\u00e1 trabajando, que no se detendr\u00e1 dentro de las fechas de un Concilio, sino que proseguir\u00e1 buscando la mejor forma de responder a las circunstancias siempre nuevas, siempre en cambio, en las que vive&#8230;<\/p>\n<p>Encuentro esta reflexi\u00f3n magn\u00edfica; puede servirnos de orientaci\u00f3n para nuestra vida personal y para la vida de la Comunidad en su conjunto. Tambi\u00e9n nosotras pienso que debemos trabajar siempre; no podemos imaginar que llegar\u00e1 un d\u00eda que hayamos dado cima a nuestra formaci\u00f3n, en que hayamos logrado la perfecci\u00f3n y podamos darnos por satisfechas. Siempre hemos de estar en marcha. En marcha hacia Aquel que es la \u00fanica Perfecci\u00f3n, Dios. S\u00f3lo cuando estemos unidas a El, habremos conseguido la perfecci\u00f3n a la que aspiramos. Tengamos esto siempre presente: no podemos dar por condu\u00eddo el trabajo, trabajo sobre nosotras mismas, sin despecho ni desaliento cuando tengamos que comprobar que no hemos llegado a lo que nos propon\u00edamos. Lo que Dios nos pide no es que lleguemos, sino que no interrumpamos la marcha. Nos pide que no dejemos de avanzar y no nos demos por contentas con lo ya hecho. Nos pide que no nos desalentemos ante las deficiencias que hay en nosotras ni ante las que hay en los dem\u00e1s, en la Comunidad o en la Casa en que estamos destinadas. desde el momento en que vamos caminando, la cosa va bien. Lo que Dios espera de nosotras no es que le poseamos ac\u00e1 en la tierra; es s\u00f3lo El quien puede darse a nosotras&#8230; Formemos juntas el prop\u00f3sito de ser de los que no se detienen en su caminar hacia Dios, de los que no se cansan en el esfuerzo, no ya individualmente, sino juntas, porque el Se\u00f1or nos ha llamado y reunido en esta Comunidad a la que amamos y por la que continuaremos rezando mucho todos los d\u00edas de nuestra vida.<\/p>\n","protected":false},"excerpt":{"rendered":"<p>Susana Guillemin, H.C. A lo largo de los viajes que he tenido que hacer, o con ocasi\u00f3n de las personas con quienes me encuentro, o incluso, simplemente, de los pensamientos que me vienen, pienso con &#8230; <a href=\"http:\/\/vincentians.com\/es\/susana-guillemin-conferencia-a-las-hermanas-del-seminario-28-de-noviembre-de-1962\/\" class=\"more-link\">Read More<\/a><\/p>\n","protected":false},"author":4,"featured_media":393749,"comment_status":"open","ping_status":"open","sticky":false,"template":"","format":"standard","meta":{"jetpack_post_was_ever_published":false,"_jetpack_newsletter_access":"","_jetpack_dont_email_post_to_subs":false,"_jetpack_newsletter_tier_id":0,"_jetpack_memberships_contains_paywalled_content":false,"_jetpack_memberships_contains_paid_content":false,"footnotes":"","jetpack_publicize_message":"","jetpack_publicize_feature_enabled":true,"jetpack_social_post_already_shared":true,"jetpack_social_options":{"image_generator_settings":{"template":"highway","default_image_id":0,"font":"","enabled":false},"version":2}},"categories":[273],"tags":[261],"class_list":["post-44385","post","type-post","status-publish","format-standard","has-post-thumbnail","hentry","category-escritos-de-susana-guillemin","tag-jean-guitton"],"yoast_head":"<!-- This site is optimized with the Yoast SEO plugin v26.3 - https:\/\/yoast.com\/wordpress\/plugins\/seo\/ -->\n<title>Susana Guillemin: Conferencia a las Hermanas del Seminario, 28 de noviembre de 1962 - Somos Vicencianos<\/title>\n<meta name=\"robots\" content=\"index, follow, max-snippet:-1, max-image-preview:large, max-video-preview:-1\" \/>\n<link rel=\"canonical\" href=\"http:\/\/vincentians.com\/es\/susana-guillemin-conferencia-a-las-hermanas-del-seminario-28-de-noviembre-de-1962\/\" \/>\n<meta property=\"og:locale\" content=\"es_ES\" \/>\n<meta property=\"og:type\" content=\"article\" \/>\n<meta property=\"og:title\" content=\"Susana Guillemin: Conferencia a las Hermanas del Seminario, 28 de noviembre de 1962 - Somos Vicencianos\" \/>\n<meta property=\"og:description\" content=\"Susana Guillemin, H.C. A lo largo de los viajes que he tenido que hacer, o con ocasi\u00f3n de las personas con quienes me encuentro, o incluso, simplemente, de los pensamientos que me vienen, pienso con ... Read More\" \/>\n<meta property=\"og:url\" content=\"http:\/\/vincentians.com\/es\/susana-guillemin-conferencia-a-las-hermanas-del-seminario-28-de-noviembre-de-1962\/\" \/>\n<meta property=\"og:site_name\" content=\"Somos Vicencianos\" \/>\n<meta property=\"article:publisher\" content=\"https:\/\/www.facebook.com\/WeAreVincentians\/\" \/>\n<meta property=\"article:author\" content=\"https:\/\/www.facebook.com\/JavierChento\" \/>\n<meta property=\"article:published_time\" content=\"2011-07-18T00:22:57+00:00\" \/>\n<meta property=\"og:image\" content=\"https:\/\/i0.wp.com\/vincentians.com\/es\/wp-content\/uploads\/sites\/11\/2016\/07\/escritos-guillemin.jpg?fit=1200%2C630\" \/>\n\t<meta property=\"og:image:width\" content=\"1200\" \/>\n\t<meta property=\"og:image:height\" content=\"630\" \/>\n\t<meta property=\"og:image:type\" content=\"image\/jpeg\" \/>\n<meta name=\"author\" content=\"Francisco Javier Fern\u00e1ndez Chento\" \/>\n<meta name=\"twitter:card\" content=\"summary_large_image\" \/>\n<meta name=\"twitter:creator\" content=\"@https:\/\/twitter.com\/javierchento\" \/>\n<meta name=\"twitter:site\" content=\"@WeVincentians\" \/>\n<meta name=\"twitter:label1\" content=\"Escrito por\" \/>\n\t<meta name=\"twitter:data1\" content=\"Francisco Javier Fern\u00e1ndez Chento\" \/>\n\t<meta name=\"twitter:label2\" content=\"Tiempo de lectura\" \/>\n\t<meta name=\"twitter:data2\" content=\"15 minutos\" \/>\n<script type=\"application\/ld+json\" class=\"yoast-schema-graph\">{\"@context\":\"https:\/\/schema.org\",\"@graph\":[{\"@type\":\"Article\",\"@id\":\"http:\/\/vincentians.com\/es\/susana-guillemin-conferencia-a-las-hermanas-del-seminario-28-de-noviembre-de-1962\/#article\",\"isPartOf\":{\"@id\":\"http:\/\/vincentians.com\/es\/susana-guillemin-conferencia-a-las-hermanas-del-seminario-28-de-noviembre-de-1962\/\"},\"author\":{\"name\":\"Francisco Javier Fern\u00e1ndez Chento\",\"@id\":\"http:\/\/vincentians.com\/es\/#\/schema\/person\/9623ef4d9aa3b2dfb8c061f1499288f2\"},\"headline\":\"Susana Guillemin: Conferencia a las Hermanas del Seminario, 28 de noviembre de 1962\",\"datePublished\":\"2011-07-18T00:22:57+00:00\",\"mainEntityOfPage\":{\"@id\":\"http:\/\/vincentians.com\/es\/susana-guillemin-conferencia-a-las-hermanas-del-seminario-28-de-noviembre-de-1962\/\"},\"wordCount\":3039,\"commentCount\":0,\"publisher\":{\"@id\":\"http:\/\/vincentians.com\/es\/#organization\"},\"image\":{\"@id\":\"http:\/\/vincentians.com\/es\/susana-guillemin-conferencia-a-las-hermanas-del-seminario-28-de-noviembre-de-1962\/#primaryimage\"},\"thumbnailUrl\":\"https:\/\/i0.wp.com\/vincentians.com\/es\/wp-content\/uploads\/sites\/11\/2016\/07\/escritos-guillemin.jpg?fit=1200%2C630\",\"keywords\":[\"Jean Guitton\"],\"articleSection\":[\"Escritos de Susana Guillemin\"],\"inLanguage\":\"es\",\"potentialAction\":[{\"@type\":\"CommentAction\",\"name\":\"Comment\",\"target\":[\"http:\/\/vincentians.com\/es\/susana-guillemin-conferencia-a-las-hermanas-del-seminario-28-de-noviembre-de-1962\/#respond\"]}]},{\"@type\":\"WebPage\",\"@id\":\"http:\/\/vincentians.com\/es\/susana-guillemin-conferencia-a-las-hermanas-del-seminario-28-de-noviembre-de-1962\/\",\"url\":\"http:\/\/vincentians.com\/es\/susana-guillemin-conferencia-a-las-hermanas-del-seminario-28-de-noviembre-de-1962\/\",\"name\":\"Susana Guillemin: Conferencia a las Hermanas del Seminario, 28 de noviembre de 1962 - Somos Vicencianos\",\"isPartOf\":{\"@id\":\"http:\/\/vincentians.com\/es\/#website\"},\"primaryImageOfPage\":{\"@id\":\"http:\/\/vincentians.com\/es\/susana-guillemin-conferencia-a-las-hermanas-del-seminario-28-de-noviembre-de-1962\/#primaryimage\"},\"image\":{\"@id\":\"http:\/\/vincentians.com\/es\/susana-guillemin-conferencia-a-las-hermanas-del-seminario-28-de-noviembre-de-1962\/#primaryimage\"},\"thumbnailUrl\":\"https:\/\/i0.wp.com\/vincentians.com\/es\/wp-content\/uploads\/sites\/11\/2016\/07\/escritos-guillemin.jpg?fit=1200%2C630\",\"datePublished\":\"2011-07-18T00:22:57+00:00\",\"breadcrumb\":{\"@id\":\"http:\/\/vincentians.com\/es\/susana-guillemin-conferencia-a-las-hermanas-del-seminario-28-de-noviembre-de-1962\/#breadcrumb\"},\"inLanguage\":\"es\",\"potentialAction\":[{\"@type\":\"ReadAction\",\"target\":[\"http:\/\/vincentians.com\/es\/susana-guillemin-conferencia-a-las-hermanas-del-seminario-28-de-noviembre-de-1962\/\"]}]},{\"@type\":\"ImageObject\",\"inLanguage\":\"es\",\"@id\":\"http:\/\/vincentians.com\/es\/susana-guillemin-conferencia-a-las-hermanas-del-seminario-28-de-noviembre-de-1962\/#primaryimage\",\"url\":\"https:\/\/i0.wp.com\/vincentians.com\/es\/wp-content\/uploads\/sites\/11\/2016\/07\/escritos-guillemin.jpg?fit=1200%2C630\",\"contentUrl\":\"https:\/\/i0.wp.com\/vincentians.com\/es\/wp-content\/uploads\/sites\/11\/2016\/07\/escritos-guillemin.jpg?fit=1200%2C630\",\"width\":1200,\"height\":630},{\"@type\":\"BreadcrumbList\",\"@id\":\"http:\/\/vincentians.com\/es\/susana-guillemin-conferencia-a-las-hermanas-del-seminario-28-de-noviembre-de-1962\/#breadcrumb\",\"itemListElement\":[{\"@type\":\"ListItem\",\"position\":1,\"name\":\"Portada\",\"item\":\"http:\/\/vincentians.com\/es\/\"},{\"@type\":\"ListItem\",\"position\":2,\"name\":\"Susana Guillemin: Conferencia a las Hermanas del Seminario, 28 de noviembre de 1962\"}]},{\"@type\":\"WebSite\",\"@id\":\"http:\/\/vincentians.com\/es\/#website\",\"url\":\"http:\/\/vincentians.com\/es\/\",\"name\":\"Somos Vicencianos\",\"description\":\"Know more to serve more\",\"publisher\":{\"@id\":\"http:\/\/vincentians.com\/es\/#organization\"},\"potentialAction\":[{\"@type\":\"SearchAction\",\"target\":{\"@type\":\"EntryPoint\",\"urlTemplate\":\"http:\/\/vincentians.com\/es\/?s={search_term_string}\"},\"query-input\":{\"@type\":\"PropertyValueSpecification\",\"valueRequired\":true,\"valueName\":\"search_term_string\"}}],\"inLanguage\":\"es\"},{\"@type\":\"Organization\",\"@id\":\"http:\/\/vincentians.com\/es\/#organization\",\"name\":\"The Vincentian Network\",\"url\":\"http:\/\/vincentians.com\/es\/\",\"logo\":{\"@type\":\"ImageObject\",\"inLanguage\":\"es\",\"@id\":\"http:\/\/vincentians.com\/es\/#\/schema\/logo\/image\/\",\"url\":\"https:\/\/i1.wp.com\/vincentians.com\/es\/wp-content\/uploads\/sites\/11\/2016\/06\/Vincentian-Network-logo-big.png?fit=778%2C778\",\"contentUrl\":\"https:\/\/i1.wp.com\/vincentians.com\/es\/wp-content\/uploads\/sites\/11\/2016\/06\/Vincentian-Network-logo-big.png?fit=778%2C778\",\"width\":778,\"height\":778,\"caption\":\"The Vincentian Network\"},\"image\":{\"@id\":\"http:\/\/vincentians.com\/es\/#\/schema\/logo\/image\/\"},\"sameAs\":[\"https:\/\/www.facebook.com\/WeAreVincentians\/\",\"https:\/\/x.com\/WeVincentians\"]},{\"@type\":\"Person\",\"@id\":\"http:\/\/vincentians.com\/es\/#\/schema\/person\/9623ef4d9aa3b2dfb8c061f1499288f2\",\"name\":\"Francisco Javier Fern\u00e1ndez Chento\",\"image\":{\"@type\":\"ImageObject\",\"inLanguage\":\"es\",\"@id\":\"http:\/\/vincentians.com\/es\/#\/schema\/person\/image\/\",\"url\":\"https:\/\/secure.gravatar.com\/avatar\/497d5cde87b4c3d097d0315953521681ba2cd523ee66e5077c3711f7021e65de?s=96&d=mm&r=g\",\"contentUrl\":\"https:\/\/secure.gravatar.com\/avatar\/497d5cde87b4c3d097d0315953521681ba2cd523ee66e5077c3711f7021e65de?s=96&d=mm&r=g\",\"caption\":\"Francisco Javier Fern\u00e1ndez Chento\"},\"description\":\"Director General y cofundador de La Red de Formaci\u00f3n Vicenciana. Javier es laico vicenciano, afiliado a la Congregaci\u00f3n de la Misi\u00f3n y miembro del Equipo de Misiones Populares de la provincia can\u00f3nica de Zaragoza (Espa\u00f1a) de la Congregaci\u00f3n de la Misi\u00f3n. Graduado en la Universidad Oberta de Catalunya con cuatro grados (Asistente de direcci\u00f3n, Gesti\u00f3n Administrativa, Recursos Humanos y Contabilidad Avanzada). Bil\u00edng\u00fce Espa\u00f1ol\/Ingl\u00e9s. gestiona y mantiene varias p\u00e1ginas web cristianas y vicencianas, incluida including La Red de Formaci\u00f3n Vicenciana, de la que es cofundador. Actualmente es responsable del \u00e1rea de Espa\u00f1ol de .famvin, la Red de Noticias de la Familia Vicenciana. Tambi\u00e9n es m\u00fasico cat\u00f3lico y ha editado varios discos. Es Director General y cofundador de Trovador, una reconocida compa\u00f1\u00eda discogr\u00e1fica critiana de Espa\u00f1a. Trabaja en las Tecnolog\u00edas de la Informaci\u00f3n, ofreciendo servicios de alojamiento, dise\u00f1o y mantenimiento Web, as\u00ed como asesoramiento, formaci\u00f3n y soluciones inform\u00e1ticas, gesti\u00f3n documental y digitalizaci\u00f3n de textos, edici\u00f3n y maquetaci\u00f3n de libros, revistas, flyers, etc.\",\"sameAs\":[\"http:\/\/chento.org\",\"https:\/\/www.facebook.com\/JavierChento\",\"https:\/\/x.com\/https:\/\/twitter.com\/javierchento\"],\"url\":\"http:\/\/vincentians.com\/es\/author\/chento\/\"}]}<\/script>\n<!-- \/ Yoast SEO plugin. -->","yoast_head_json":{"title":"Susana Guillemin: Conferencia a las Hermanas del Seminario, 28 de noviembre de 1962 - Somos Vicencianos","robots":{"index":"index","follow":"follow","max-snippet":"max-snippet:-1","max-image-preview":"max-image-preview:large","max-video-preview":"max-video-preview:-1"},"canonical":"http:\/\/vincentians.com\/es\/susana-guillemin-conferencia-a-las-hermanas-del-seminario-28-de-noviembre-de-1962\/","og_locale":"es_ES","og_type":"article","og_title":"Susana Guillemin: Conferencia a las Hermanas del Seminario, 28 de noviembre de 1962 - Somos Vicencianos","og_description":"Susana Guillemin, H.C. A lo largo de los viajes que he tenido que hacer, o con ocasi\u00f3n de las personas con quienes me encuentro, o incluso, simplemente, de los pensamientos que me vienen, pienso con ... Read More","og_url":"http:\/\/vincentians.com\/es\/susana-guillemin-conferencia-a-las-hermanas-del-seminario-28-de-noviembre-de-1962\/","og_site_name":"Somos Vicencianos","article_publisher":"https:\/\/www.facebook.com\/WeAreVincentians\/","article_author":"https:\/\/www.facebook.com\/JavierChento","article_published_time":"2011-07-18T00:22:57+00:00","og_image":[{"width":1200,"height":630,"url":"https:\/\/i0.wp.com\/vincentians.com\/es\/wp-content\/uploads\/sites\/11\/2016\/07\/escritos-guillemin.jpg?fit=1200%2C630","type":"image\/jpeg"}],"author":"Francisco Javier Fern\u00e1ndez Chento","twitter_card":"summary_large_image","twitter_creator":"@https:\/\/twitter.com\/javierchento","twitter_site":"@WeVincentians","twitter_misc":{"Escrito por":"Francisco Javier Fern\u00e1ndez Chento","Tiempo de lectura":"15 minutos"},"schema":{"@context":"https:\/\/schema.org","@graph":[{"@type":"Article","@id":"http:\/\/vincentians.com\/es\/susana-guillemin-conferencia-a-las-hermanas-del-seminario-28-de-noviembre-de-1962\/#article","isPartOf":{"@id":"http:\/\/vincentians.com\/es\/susana-guillemin-conferencia-a-las-hermanas-del-seminario-28-de-noviembre-de-1962\/"},"author":{"name":"Francisco Javier Fern\u00e1ndez Chento","@id":"http:\/\/vincentians.com\/es\/#\/schema\/person\/9623ef4d9aa3b2dfb8c061f1499288f2"},"headline":"Susana Guillemin: Conferencia a las Hermanas del Seminario, 28 de noviembre de 1962","datePublished":"2011-07-18T00:22:57+00:00","mainEntityOfPage":{"@id":"http:\/\/vincentians.com\/es\/susana-guillemin-conferencia-a-las-hermanas-del-seminario-28-de-noviembre-de-1962\/"},"wordCount":3039,"commentCount":0,"publisher":{"@id":"http:\/\/vincentians.com\/es\/#organization"},"image":{"@id":"http:\/\/vincentians.com\/es\/susana-guillemin-conferencia-a-las-hermanas-del-seminario-28-de-noviembre-de-1962\/#primaryimage"},"thumbnailUrl":"https:\/\/i0.wp.com\/vincentians.com\/es\/wp-content\/uploads\/sites\/11\/2016\/07\/escritos-guillemin.jpg?fit=1200%2C630","keywords":["Jean Guitton"],"articleSection":["Escritos de Susana Guillemin"],"inLanguage":"es","potentialAction":[{"@type":"CommentAction","name":"Comment","target":["http:\/\/vincentians.com\/es\/susana-guillemin-conferencia-a-las-hermanas-del-seminario-28-de-noviembre-de-1962\/#respond"]}]},{"@type":"WebPage","@id":"http:\/\/vincentians.com\/es\/susana-guillemin-conferencia-a-las-hermanas-del-seminario-28-de-noviembre-de-1962\/","url":"http:\/\/vincentians.com\/es\/susana-guillemin-conferencia-a-las-hermanas-del-seminario-28-de-noviembre-de-1962\/","name":"Susana Guillemin: Conferencia a las Hermanas del Seminario, 28 de noviembre de 1962 - Somos Vicencianos","isPartOf":{"@id":"http:\/\/vincentians.com\/es\/#website"},"primaryImageOfPage":{"@id":"http:\/\/vincentians.com\/es\/susana-guillemin-conferencia-a-las-hermanas-del-seminario-28-de-noviembre-de-1962\/#primaryimage"},"image":{"@id":"http:\/\/vincentians.com\/es\/susana-guillemin-conferencia-a-las-hermanas-del-seminario-28-de-noviembre-de-1962\/#primaryimage"},"thumbnailUrl":"https:\/\/i0.wp.com\/vincentians.com\/es\/wp-content\/uploads\/sites\/11\/2016\/07\/escritos-guillemin.jpg?fit=1200%2C630","datePublished":"2011-07-18T00:22:57+00:00","breadcrumb":{"@id":"http:\/\/vincentians.com\/es\/susana-guillemin-conferencia-a-las-hermanas-del-seminario-28-de-noviembre-de-1962\/#breadcrumb"},"inLanguage":"es","potentialAction":[{"@type":"ReadAction","target":["http:\/\/vincentians.com\/es\/susana-guillemin-conferencia-a-las-hermanas-del-seminario-28-de-noviembre-de-1962\/"]}]},{"@type":"ImageObject","inLanguage":"es","@id":"http:\/\/vincentians.com\/es\/susana-guillemin-conferencia-a-las-hermanas-del-seminario-28-de-noviembre-de-1962\/#primaryimage","url":"https:\/\/i0.wp.com\/vincentians.com\/es\/wp-content\/uploads\/sites\/11\/2016\/07\/escritos-guillemin.jpg?fit=1200%2C630","contentUrl":"https:\/\/i0.wp.com\/vincentians.com\/es\/wp-content\/uploads\/sites\/11\/2016\/07\/escritos-guillemin.jpg?fit=1200%2C630","width":1200,"height":630},{"@type":"BreadcrumbList","@id":"http:\/\/vincentians.com\/es\/susana-guillemin-conferencia-a-las-hermanas-del-seminario-28-de-noviembre-de-1962\/#breadcrumb","itemListElement":[{"@type":"ListItem","position":1,"name":"Portada","item":"http:\/\/vincentians.com\/es\/"},{"@type":"ListItem","position":2,"name":"Susana Guillemin: Conferencia a las Hermanas del Seminario, 28 de noviembre de 1962"}]},{"@type":"WebSite","@id":"http:\/\/vincentians.com\/es\/#website","url":"http:\/\/vincentians.com\/es\/","name":"Somos Vicencianos","description":"Know more to serve more","publisher":{"@id":"http:\/\/vincentians.com\/es\/#organization"},"potentialAction":[{"@type":"SearchAction","target":{"@type":"EntryPoint","urlTemplate":"http:\/\/vincentians.com\/es\/?s={search_term_string}"},"query-input":{"@type":"PropertyValueSpecification","valueRequired":true,"valueName":"search_term_string"}}],"inLanguage":"es"},{"@type":"Organization","@id":"http:\/\/vincentians.com\/es\/#organization","name":"The Vincentian Network","url":"http:\/\/vincentians.com\/es\/","logo":{"@type":"ImageObject","inLanguage":"es","@id":"http:\/\/vincentians.com\/es\/#\/schema\/logo\/image\/","url":"https:\/\/i1.wp.com\/vincentians.com\/es\/wp-content\/uploads\/sites\/11\/2016\/06\/Vincentian-Network-logo-big.png?fit=778%2C778","contentUrl":"https:\/\/i1.wp.com\/vincentians.com\/es\/wp-content\/uploads\/sites\/11\/2016\/06\/Vincentian-Network-logo-big.png?fit=778%2C778","width":778,"height":778,"caption":"The Vincentian Network"},"image":{"@id":"http:\/\/vincentians.com\/es\/#\/schema\/logo\/image\/"},"sameAs":["https:\/\/www.facebook.com\/WeAreVincentians\/","https:\/\/x.com\/WeVincentians"]},{"@type":"Person","@id":"http:\/\/vincentians.com\/es\/#\/schema\/person\/9623ef4d9aa3b2dfb8c061f1499288f2","name":"Francisco Javier Fern\u00e1ndez Chento","image":{"@type":"ImageObject","inLanguage":"es","@id":"http:\/\/vincentians.com\/es\/#\/schema\/person\/image\/","url":"https:\/\/secure.gravatar.com\/avatar\/497d5cde87b4c3d097d0315953521681ba2cd523ee66e5077c3711f7021e65de?s=96&d=mm&r=g","contentUrl":"https:\/\/secure.gravatar.com\/avatar\/497d5cde87b4c3d097d0315953521681ba2cd523ee66e5077c3711f7021e65de?s=96&d=mm&r=g","caption":"Francisco Javier Fern\u00e1ndez Chento"},"description":"Director General y cofundador de La Red de Formaci\u00f3n Vicenciana. Javier es laico vicenciano, afiliado a la Congregaci\u00f3n de la Misi\u00f3n y miembro del Equipo de Misiones Populares de la provincia can\u00f3nica de Zaragoza (Espa\u00f1a) de la Congregaci\u00f3n de la Misi\u00f3n. Graduado en la Universidad Oberta de Catalunya con cuatro grados (Asistente de direcci\u00f3n, Gesti\u00f3n Administrativa, Recursos Humanos y Contabilidad Avanzada). Bil\u00edng\u00fce Espa\u00f1ol\/Ingl\u00e9s. gestiona y mantiene varias p\u00e1ginas web cristianas y vicencianas, incluida including La Red de Formaci\u00f3n Vicenciana, de la que es cofundador. Actualmente es responsable del \u00e1rea de Espa\u00f1ol de .famvin, la Red de Noticias de la Familia Vicenciana. Tambi\u00e9n es m\u00fasico cat\u00f3lico y ha editado varios discos. Es Director General y cofundador de Trovador, una reconocida compa\u00f1\u00eda discogr\u00e1fica critiana de Espa\u00f1a. Trabaja en las Tecnolog\u00edas de la Informaci\u00f3n, ofreciendo servicios de alojamiento, dise\u00f1o y mantenimiento Web, as\u00ed como asesoramiento, formaci\u00f3n y soluciones inform\u00e1ticas, gesti\u00f3n documental y digitalizaci\u00f3n de textos, edici\u00f3n y maquetaci\u00f3n de libros, revistas, flyers, etc.","sameAs":["http:\/\/chento.org","https:\/\/www.facebook.com\/JavierChento","https:\/\/x.com\/https:\/\/twitter.com\/javierchento"],"url":"http:\/\/vincentians.com\/es\/author\/chento\/"}]}},"jetpack_publicize_connections":[],"jetpack_featured_media_url":"https:\/\/i0.wp.com\/vincentians.com\/es\/wp-content\/uploads\/sites\/11\/2016\/07\/escritos-guillemin.jpg?fit=1200%2C630","jetpack_sharing_enabled":true,"jetpack_shortlink":"https:\/\/wp.me\/p7ETMF-bxT","jetpack-related-posts":[{"id":44387,"url":"http:\/\/vincentians.com\/es\/susana-guillemin-instruccion-en-el-seminario-toma-de-habito\/","url_meta":{"origin":44385,"position":0},"title":"Susana Guillemin: Instrucci\u00f3n en el Seminario (Toma de h\u00e1bito)","author":"Francisco Javier Fern\u00e1ndez Chento","date":"19\/07\/2011","format":false,"excerpt":"Susana Guillemin, H.C. Me da usted las gracias, Sor Directora, por haber concedido a las Hermanas el Santo H\u00e1bito que es el signo de su pertenencia a la Comunidad, y pienso que tambi\u00e9n yo tendr\u00eda que manifestar a usted agradecimiento en nombre de ellas \u2014y estoy segura de que no\u2026","rel":"","context":"En \u00abEscritos de Susana Guillemin\u00bb","block_context":{"text":"Escritos de Susana Guillemin","link":"http:\/\/vincentians.com\/es\/category\/escritos\/escritos-de-susana-guillemin\/"},"img":{"alt_text":"","src":"https:\/\/i0.wp.com\/vincentians.com\/es\/wp-content\/uploads\/sites\/11\/2016\/07\/escritos-guillemin.jpg?fit=1200%2C630&resize=350%2C200","width":350,"height":200,"srcset":"https:\/\/i0.wp.com\/vincentians.com\/es\/wp-content\/uploads\/sites\/11\/2016\/07\/escritos-guillemin.jpg?fit=1200%2C630&resize=350%2C200 1x, https:\/\/i0.wp.com\/vincentians.com\/es\/wp-content\/uploads\/sites\/11\/2016\/07\/escritos-guillemin.jpg?fit=1200%2C630&resize=525%2C300 1.5x, https:\/\/i0.wp.com\/vincentians.com\/es\/wp-content\/uploads\/sites\/11\/2016\/07\/escritos-guillemin.jpg?fit=1200%2C630&resize=700%2C400 2x, https:\/\/i0.wp.com\/vincentians.com\/es\/wp-content\/uploads\/sites\/11\/2016\/07\/escritos-guillemin.jpg?fit=1200%2C630&resize=1050%2C600 3x"},"classes":[]},{"id":44377,"url":"http:\/\/vincentians.com\/es\/susana-guillemin-repeticion-de-oracion-marzo-de-1965\/","url_meta":{"origin":44385,"position":1},"title":"Susana Guillemin: Repetici\u00f3n de oraci\u00f3n, marzo de 1965","author":"Francisco Javier Fern\u00e1ndez Chento","date":"14\/07\/2011","format":false,"excerpt":"Susana Guillemin, H.C. Hermanas de Toma de H\u00e1bito El acto de humildad que acaban de hacer, Hermanas, da el \u00faltimo toque a su 'preparaci\u00f3n espiritual para el gran cambio que ma\u00f1ana va a operarse en su vida. Cambio exterior que ser\u00e1 el signo de su transformaci\u00f3n interior. La etapa de\u2026","rel":"","context":"En \u00abEscritos de Susana Guillemin\u00bb","block_context":{"text":"Escritos de Susana Guillemin","link":"http:\/\/vincentians.com\/es\/category\/escritos\/escritos-de-susana-guillemin\/"},"img":{"alt_text":"","src":"https:\/\/i0.wp.com\/vincentians.com\/es\/wp-content\/uploads\/sites\/11\/2016\/07\/escritos-guillemin.jpg?fit=1200%2C630&resize=350%2C200","width":350,"height":200,"srcset":"https:\/\/i0.wp.com\/vincentians.com\/es\/wp-content\/uploads\/sites\/11\/2016\/07\/escritos-guillemin.jpg?fit=1200%2C630&resize=350%2C200 1x, https:\/\/i0.wp.com\/vincentians.com\/es\/wp-content\/uploads\/sites\/11\/2016\/07\/escritos-guillemin.jpg?fit=1200%2C630&resize=525%2C300 1.5x, https:\/\/i0.wp.com\/vincentians.com\/es\/wp-content\/uploads\/sites\/11\/2016\/07\/escritos-guillemin.jpg?fit=1200%2C630&resize=700%2C400 2x, https:\/\/i0.wp.com\/vincentians.com\/es\/wp-content\/uploads\/sites\/11\/2016\/07\/escritos-guillemin.jpg?fit=1200%2C630&resize=1050%2C600 3x"},"classes":[]},{"id":41743,"url":"http:\/\/vincentians.com\/es\/susana-guillemin-repeticion-de-oracion-mayo-de-1958\/","url_meta":{"origin":44385,"position":2},"title":"Susana Guillemin: Repetici\u00f3n de oraci\u00f3n, Mayo de 1958","author":"Francisco Javier Fern\u00e1ndez Chento","date":"11\/06\/2011","format":false,"excerpt":"Susana Guillemin, H.C.En cada retiro llegamos a la comprobaci\u00f3n de nuestra falta de fervor. Es que toda vida que no est\u00e1 polarizada en la Eucarist\u00eda no tiene estabilidad. \u00bfTenemos aut\u00e9ntica Fe en la Eucarist\u00eda? \u00bfPensamos con frecuencia en esa presencia tan cercana? \u00bfCu\u00e1les son nuestras disposiciones hacia Ella? Nos acostumbramos\u2026","rel":"","context":"En \u00abEscritos de Susana Guillemin\u00bb","block_context":{"text":"Escritos de Susana Guillemin","link":"http:\/\/vincentians.com\/es\/category\/escritos\/escritos-de-susana-guillemin\/"},"img":{"alt_text":"","src":"https:\/\/i0.wp.com\/vincentians.com\/es\/wp-content\/uploads\/sites\/11\/2016\/07\/escritos-guillemin.jpg?fit=1200%2C630&resize=350%2C200","width":350,"height":200,"srcset":"https:\/\/i0.wp.com\/vincentians.com\/es\/wp-content\/uploads\/sites\/11\/2016\/07\/escritos-guillemin.jpg?fit=1200%2C630&resize=350%2C200 1x, https:\/\/i0.wp.com\/vincentians.com\/es\/wp-content\/uploads\/sites\/11\/2016\/07\/escritos-guillemin.jpg?fit=1200%2C630&resize=525%2C300 1.5x, https:\/\/i0.wp.com\/vincentians.com\/es\/wp-content\/uploads\/sites\/11\/2016\/07\/escritos-guillemin.jpg?fit=1200%2C630&resize=700%2C400 2x, https:\/\/i0.wp.com\/vincentians.com\/es\/wp-content\/uploads\/sites\/11\/2016\/07\/escritos-guillemin.jpg?fit=1200%2C630&resize=1050%2C600 3x"},"classes":[]},{"id":44369,"url":"http:\/\/vincentians.com\/es\/susana-guillemin-repeticion-de-oracion-29-de-diciembre-de-1963\/","url_meta":{"origin":44385,"position":3},"title":"Susana Guillemin: Repetici\u00f3n de oraci\u00f3n, 29 de diciembre de 1963","author":"Francisco Javier Fern\u00e1ndez Chento","date":"10\/07\/2011","format":false,"excerpt":"Susana Guillemin, H.C. A la comunidad Por designios de la divina Providencia, este retiro mensual lo estamos haciendo este a\u00f1o durante la octava de Navidad. Por un designio providencial, porque todo es Providencia \u00e9n nuestra vida, nada es fruto del acaso. Durante la octava de Navidad, porque Dios ha querido\u2026","rel":"","context":"En \u00abEscritos de Susana Guillemin\u00bb","block_context":{"text":"Escritos de Susana Guillemin","link":"http:\/\/vincentians.com\/es\/category\/escritos\/escritos-de-susana-guillemin\/"},"img":{"alt_text":"","src":"https:\/\/i0.wp.com\/vincentians.com\/es\/wp-content\/uploads\/sites\/11\/2016\/07\/escritos-guillemin.jpg?fit=1200%2C630&resize=350%2C200","width":350,"height":200,"srcset":"https:\/\/i0.wp.com\/vincentians.com\/es\/wp-content\/uploads\/sites\/11\/2016\/07\/escritos-guillemin.jpg?fit=1200%2C630&resize=350%2C200 1x, https:\/\/i0.wp.com\/vincentians.com\/es\/wp-content\/uploads\/sites\/11\/2016\/07\/escritos-guillemin.jpg?fit=1200%2C630&resize=525%2C300 1.5x, https:\/\/i0.wp.com\/vincentians.com\/es\/wp-content\/uploads\/sites\/11\/2016\/07\/escritos-guillemin.jpg?fit=1200%2C630&resize=700%2C400 2x, https:\/\/i0.wp.com\/vincentians.com\/es\/wp-content\/uploads\/sites\/11\/2016\/07\/escritos-guillemin.jpg?fit=1200%2C630&resize=1050%2C600 3x"},"classes":[]},{"id":42217,"url":"http:\/\/vincentians.com\/es\/susana-guillemin-repeticion-de-oracion-18-de-julio-de-1962\/","url_meta":{"origin":44385,"position":4},"title":"Susana Guillemin: Repetici\u00f3n de oraci\u00f3n, 18 de julio de 1962","author":"Francisco Javier Fern\u00e1ndez Chento","date":"30\/06\/2011","format":false,"excerpt":"Susana Guillemin, H.C. A las Hermanas que van a emitir los Votos por primera vez El acto de humildad que acaban ustedes de hacer, Hermanas, es el \u00faltimo y meritorio esfuerzo de purificaci\u00f3n, la \u00faltima preparaci\u00f3n antes de la consagraci\u00f3n que de ustedes mismas van a hacer ma\u00f1ana a Dios,\u2026","rel":"","context":"En \u00abEscritos de Susana Guillemin\u00bb","block_context":{"text":"Escritos de Susana Guillemin","link":"http:\/\/vincentians.com\/es\/category\/escritos\/escritos-de-susana-guillemin\/"},"img":{"alt_text":"","src":"https:\/\/i0.wp.com\/vincentians.com\/es\/wp-content\/uploads\/sites\/11\/2016\/07\/escritos-guillemin.jpg?fit=1200%2C630&resize=350%2C200","width":350,"height":200,"srcset":"https:\/\/i0.wp.com\/vincentians.com\/es\/wp-content\/uploads\/sites\/11\/2016\/07\/escritos-guillemin.jpg?fit=1200%2C630&resize=350%2C200 1x, https:\/\/i0.wp.com\/vincentians.com\/es\/wp-content\/uploads\/sites\/11\/2016\/07\/escritos-guillemin.jpg?fit=1200%2C630&resize=525%2C300 1.5x, https:\/\/i0.wp.com\/vincentians.com\/es\/wp-content\/uploads\/sites\/11\/2016\/07\/escritos-guillemin.jpg?fit=1200%2C630&resize=700%2C400 2x, https:\/\/i0.wp.com\/vincentians.com\/es\/wp-content\/uploads\/sites\/11\/2016\/07\/escritos-guillemin.jpg?fit=1200%2C630&resize=1050%2C600 3x"},"classes":[]},{"id":42212,"url":"http:\/\/vincentians.com\/es\/susana-guillemin-repeticion-de-oracion-10-de-marzo-de-1960\/","url_meta":{"origin":44385,"position":5},"title":"Susana Guillemin: Repetici\u00f3n de oraci\u00f3n, 10 de marzo de 1960","author":"Francisco Javier Fern\u00e1ndez Chento","date":"25\/06\/2011","format":false,"excerpt":"Susana Guillemin, H.C. Siempre estamos en peligro de tentaci\u00f3n y no s\u00f3lo a causa de nuestra debilidad, sino porque tal es la cond\u00edci\u00f3n normal de todo ser que vive en este mundo. En reAlidad, Dios espera de nosotros una prueba \u2014y espera que se la demos a lo largo de\u2026","rel":"","context":"En \u00abEscritos de Susana Guillemin\u00bb","block_context":{"text":"Escritos de Susana Guillemin","link":"http:\/\/vincentians.com\/es\/category\/escritos\/escritos-de-susana-guillemin\/"},"img":{"alt_text":"","src":"https:\/\/i0.wp.com\/vincentians.com\/es\/wp-content\/uploads\/sites\/11\/2016\/07\/escritos-guillemin.jpg?fit=1200%2C630&resize=350%2C200","width":350,"height":200,"srcset":"https:\/\/i0.wp.com\/vincentians.com\/es\/wp-content\/uploads\/sites\/11\/2016\/07\/escritos-guillemin.jpg?fit=1200%2C630&resize=350%2C200 1x, https:\/\/i0.wp.com\/vincentians.com\/es\/wp-content\/uploads\/sites\/11\/2016\/07\/escritos-guillemin.jpg?fit=1200%2C630&resize=525%2C300 1.5x, https:\/\/i0.wp.com\/vincentians.com\/es\/wp-content\/uploads\/sites\/11\/2016\/07\/escritos-guillemin.jpg?fit=1200%2C630&resize=700%2C400 2x, https:\/\/i0.wp.com\/vincentians.com\/es\/wp-content\/uploads\/sites\/11\/2016\/07\/escritos-guillemin.jpg?fit=1200%2C630&resize=1050%2C600 3x"},"classes":[]}],"_links":{"self":[{"href":"http:\/\/vincentians.com\/es\/wp-json\/wp\/v2\/posts\/44385","targetHints":{"allow":["GET"]}}],"collection":[{"href":"http:\/\/vincentians.com\/es\/wp-json\/wp\/v2\/posts"}],"about":[{"href":"http:\/\/vincentians.com\/es\/wp-json\/wp\/v2\/types\/post"}],"author":[{"embeddable":true,"href":"http:\/\/vincentians.com\/es\/wp-json\/wp\/v2\/users\/4"}],"replies":[{"embeddable":true,"href":"http:\/\/vincentians.com\/es\/wp-json\/wp\/v2\/comments?post=44385"}],"version-history":[{"count":0,"href":"http:\/\/vincentians.com\/es\/wp-json\/wp\/v2\/posts\/44385\/revisions"}],"wp:featuredmedia":[{"embeddable":true,"href":"http:\/\/vincentians.com\/es\/wp-json\/wp\/v2\/media\/393749"}],"wp:attachment":[{"href":"http:\/\/vincentians.com\/es\/wp-json\/wp\/v2\/media?parent=44385"}],"wp:term":[{"taxonomy":"category","embeddable":true,"href":"http:\/\/vincentians.com\/es\/wp-json\/wp\/v2\/categories?post=44385"},{"taxonomy":"post_tag","embeddable":true,"href":"http:\/\/vincentians.com\/es\/wp-json\/wp\/v2\/tags?post=44385"}],"curies":[{"name":"wp","href":"https:\/\/api.w.org\/{rel}","templated":true}]}}