{"id":44381,"date":"2011-07-16T02:22:57","date_gmt":"2011-07-16T00:22:57","guid":{"rendered":"http:\/\/somos.vicencianos.org\/blog\/2011\/07\/susana-guillemin-repeticion-de-oracion-2-de-abril-de-1967\/"},"modified":"2011-07-16T02:22:57","modified_gmt":"2011-07-16T00:22:57","slug":"susana-guillemin-repeticion-de-oracion-2-de-abril-de-1967","status":"publish","type":"post","link":"http:\/\/vincentians.com\/es\/susana-guillemin-repeticion-de-oracion-2-de-abril-de-1967\/","title":{"rendered":"Susana Guillemin: Repetici\u00f3n de oraci\u00f3n, 2 de abril de 1967"},"content":{"rendered":"<dl id=\"attachment_33649\" class=\"wp-caption alignright\" style=\"width: 247px\">\n<dt class=\"wp-caption-dt\"><a href=\"https:\/\/i0.wp.com\/vicencianos.org\/wp-content\/2011\/04\/susana_guillemin.jpg\"><img data-recalc-dims=\"1\" loading=\"lazy\" decoding=\"async\" class=\"size-medium wp-image-33649\" title=\"Susana Guillemin, H.C.\" src=\"https:\/\/i0.wp.com\/vicencianos.org\/wp-content\/2011\/04\/susana_guillemin-237x300.jpg?resize=237%2C300\" alt=\"Susana Guillemin, H.C.\" width=\"237\" height=\"300\" \/><\/a><\/dt>\n<dd class=\"wp-caption-dd\">Susana Guillemin, H.C.<\/dd>\n<\/dl>\n<p><strong> <\/strong><\/p>\n<div>\n<p><strong>A la comunidad, con motivo de la Renovaci\u00f3n<\/strong><\/p>\n<p>Cuanto m\u00e1s pasan los a\u00f1os, m\u00e1s admirable veo la sabidur\u00eda de San Vicente al instituir nuestra Renovaci\u00f3n anual y con m\u00e1s claridad se me presentan las ventajas que supone. Tambi\u00e9n veo acrecentarse el \u00ednter\u00e9s que suscita en aquellos que estudian la vida religiosa y buscan medios para renovarla.<\/p>\n<p>Ninguna Congregaci\u00f3n, que yo sepa, posee esta estructura. Fue necesaria la audacia santa de nuestros Fundadores para atreverse a dar confianza, hasta tal punto, a unas pobres mujeres. Se fiaron, ante todo, de la gracia de Dios y de la Fe: creyeron en la gracia, creyeron en la fuerza de la Fe, por encima de la naturaleza y de la raz\u00f3n. Y Dios recompens\u00f3 su confianza.<\/p>\n<\/div>\n<p>Por eso nosotras podemos beneficiarnos de tan extraordinario medio de renovaci\u00f3n; por eso podemos todos los a\u00f1os tributar a Dios ese incomparable homenaje de cuarenta y cinco mil Hijas de la Caridad, verdaderamente libres, pero que, voluntaria y comunitariamente, vuelven a entregarse a El, reanudan los v\u00ednculos desatados y se comprometen nuevamente, a pesar de las deficienc\u00edas, a pesar del cansancio.<\/p>\n<div>\n<p>Este d\u00eda de retiro, el d\u00eda de hoy, se nos ha dado para analizamos, para \u00abhacer el balance\u00bb como suele decirse. \u00abHacer el balance\u00bb ser\u00e1 ante todo, en nuestro caso, sumirnos en la acci\u00f3n de gracias, en la adoraci\u00f3n, en la admiraci\u00f3n. Cuando nos encontramos ante Dios, ya sea en un d\u00eda de retiro, ya en una oraci\u00f3n cualquiera, lo primero de todo, antes de pensar, incluso, en nuestra faltas y miseria, empecemos siempre por mirarle a El, por empaparnos en la Fe y, por la Fe, en la alegr\u00eda. Recordemos que no podemos mirar sin peligro nuestra miseria, a menos de hacerlo a la luz de la misericordia de Dios; si nos detenemos s\u00f3lo en miramos a nosotras, no vemos m\u00e1s que un lado, feo y peque\u00f1o, de la Verdad; pero si miramos al amor misericordioso de Dios, vemos la infinita Verdad, que absorbe nuestra miseria.<\/p>\n<p>Si a\u00fan no lo hubi\u00e9ramos hecho hoy, avivemos nuestra Fe en el Amor que Dios tiene por nosotras, considerando todas las gracias con que nos ha favorecido. Despu\u00e9s de eso, ya podremos, con dolor, pero con serenidad, ver nuestras debilidades y lo lejos que nos hallamos de las promesas de perfecci\u00f3n que hemos hecho. Es incre\u00edble y decepcionante ver qu\u00e9 pocas santas verdaderas hay entre nosotras. Y, sin embargo, nos lo hemos propuesto, porque la consagraci\u00f3n no es otra cosa que un compromiso a correr tras la santidad para alcanzarla.<\/p>\n<p><em>La realidad de nuestra consagraci\u00f3n. <\/em>Pongamos cu\u00eddado en no perder de vista la realidad de nuestra consagraci\u00f3n, de nuestra entrega a Dios. \u00a1Nos vemos rodeadas en estos momentos por tantas corrientes contrarias que sit\u00faan la raz\u00f3n por encima de la Fe! Cuando nos alcance la duda, la vacilaci\u00f3n, la turbaci\u00f3n, dig\u00e1monos que n.o encontraremos paz sino en la Fe y en el Amor. La consagraci\u00f3n religiosa es cuesti\u00f3n de Fe y de Amor; nada, absolutamente nada humano puede justificarla. Y ah\u00ed est\u00e1 el drama de la vida religiosa en la hora actual: se quiere justificar, guiar, esclarecer la vida religiosa, y a las mismas Religiosas, con razonamientos humanos. Es absurdo y es falso.<\/p>\n<\/div>\n<div>\n<p>Hemos entregado nuestra vida a Dios, fiadas en su Palabra, y sabemos que el camino de Dios es un camino real de la cruz, que nos ofrece nuestra Luz y nuestra Verdad. En \u00e9l encontramos a Cristo y seguimos caminando con El. Tan pronto como nos colocamos junto a Cristo, en una aceptaci\u00f3n total de la cruz, todo se ilumina y se transforma, y a pesar de todos los dolores, entramos en el gozo. Entonces, cada uno de los peque\u00f1os incidentes diarios, cada una de las pruebas, grandes o peque\u00f1as, cada una de las circunstancias de nuestra vida, recobran sus verdaderas dimensiones. Disminuyen, se hacen insignificantes, imperceptibles en su alcance humano; en cambio, crecen y adquieren un valor de eternidad en su relaci\u00f3n con Dios; se convierten en voluntad de Dios, en uni\u00f3n con Dios, en acciones de Cristo, en vida de Cristo, en ofrenda de Cristo a su Padre. \u00a1Que la Fe nos lo haga descubrir! \u00a1Que el Amor nos ayude a salir de nosotras mismas, a supr\u00edmir los obst\u00e1culos (intenci\u00f3n dirigida a nosotras mismas, a las criaturas, a los bienes de la tierra, a nuestra voluntad) que se oponen a la plenitud de nuestra incorporaci\u00f3n a Cristo, nuestro Hermano, nuestro Modelo, nuestra salvaci\u00f3n.<\/p>\n<p><em>La progresi\u00f3n. <\/em>Es bastante desolador comprobar que, al cabo de numerosos a\u00f1os de consagraci\u00f3n, no somos todav\u00eda plenamente de Dios, sino que nos vamos arrastrando entre el deseo de Dios y el deseo de las cosas de la tierra. No nos detengamos demasiado en esto, sin embargo. Una vez que hemos reconocido lealmente nuestras faltas y nuestra tibieza, una vez que nos las hemos confesado a nosotras mismas, hagamos como hace el Se\u00f1or: \u00a1olvid\u00e9moslas! No le hagamos a El la injuria de creer citr\u00e9 no nos perdona. Y miremos hacia adelante. Lo que debe atraer toda nuestra atenci\u00f3n, no es el pasado, sino el porvenir. Cada Renovaci\u00f3n tiene que suponer un paso m\u00e1s hacia el Se\u00f1or.<\/p>\n<\/div>\n<div>\n<p>El verdadero arrepentimiento est\u00e1 en la voluntad, en nuestro deseo intenso de ser en adelante plenamente fieles. Que nuestra Renovaci\u00f3n de ma\u00f1ana sea un verdadero punto de partida, en la Fe, hacia la cruz, hacia Cristo.<\/p>\n<p>Nuestro camino est\u00e1, sin duda, sembrado de ca\u00eddas, y es lo primero que vemos hoy. Pero Dios que es nuestro Padre y nuestro Due\u00f1o, ve tambi\u00e9n, en nosotras, los desprendimientos que van produci\u00e9ndose poco a poco, los actos de fidelidad impregnados en las m\u00e1ximas de la Fe, el coraz\u00f3n que no vibra ya sino por Dios; el parecido con su Hijo Jes\u00fas que empieza a vislumbrarse&#8230; El acto&#8217; de voluntad que vamos a hacer ma\u00f1ana por la ma\u00f1ana, en la Fe, en la Esperanza y en el Amor, va a tomamos agradables a Dios: El podr\u00e1 contemplar, en la Peque\u00f1a Compa\u00f1\u00eda que emprende el camino de la cruz, el rostro de Cristo.<\/p>\n<p><em>Con Mar\u00eda, nuestra Madre y Maestra. <\/em>Regocij\u00e9monos por vivir en una \u00e9poca en que es muy dif\u00edcil ser una Hija de la Car\u00eddad tibia. El mundo no tolera ya la mediocridad en las consagradas. Es una inmensa gracia que Dios nos hace: vernos obligadas a reconsiderar nuestra vida, a descubrir lo que, en nosotras, podr\u00eda no ser un buen ejemplo. Es un aguij\u00f3n que el Se\u00f1or nos clava. \u00a1Sea El bendito!<em> <\/em><\/p>\n<p>Y que la V\u00edrgen est\u00e9 constantemente presente a nuestro esp\u00edritu y en nuestro coraz\u00f3n, como una Madre adm\u00edrada y muy amada, como una Maestra escuchada y venerada. As\u00ed como dio la vida al cuerpo carnal de Cristo, as\u00ed tambi\u00e9n alumbra su Cuerpo M\u00edstico. Nos engendra en el Se\u00f1or, engendra a Cristo en nosotras. \u00a1Seamos fieles a la Virgen, Hermanas! \u00a1Tantos cristianos y aun tantas Religiosas se est\u00e1n alejando de Ella en estos momentos! En cuanto a nosotras, enfriarnos en su amor ser\u00eda, adem\u00e1s de un error, una monstruosa ingratitud.<\/p>\n<p>Pongamos en sus manos, ma\u00f1ana por la ma\u00f1ana, nuestro propio caminar hacia Dios.<\/p>\n<\/div>\n<p>Pongamos en sus manos, con inmensa confianza, las promesas de todas las Hijas de la Caridad del mundo. Dediquemos una oraci\u00f3n insistente, muy especial, por nuestras Hermanas de la Iglesia del Silencio, por las que se hallan encarceladas o perseguidas, de una forma o de otra; por nuestras Hermanas del VietNam, de Cuba y de otros lugares. Roguemos por las que se hallan desalentadas, tentadas, por las que se ven probadas por el amor de Dios.<\/p>\n<p>Pidamos&#8217; a Mar\u00eda, nuestra Madre, que tome las riendas de la Peque\u00f1a Compa\u00f1\u00eda y la gu\u00ede en la obra de la renovaci\u00f3n que est\u00e1 emprendiendo en estos momentos. Sobre todo, que la conserve plenamente fiel al Amor de Dios y a su vocaci\u00f3n de Sierva de los Pobres en la Iglesia.<\/p>\n","protected":false},"excerpt":{"rendered":"<p>Susana Guillemin, H.C. A la comunidad, con motivo de la Renovaci\u00f3n Cuanto m\u00e1s pasan los a\u00f1os, m\u00e1s admirable veo la sabidur\u00eda de San Vicente al instituir nuestra Renovaci\u00f3n anual y con m\u00e1s claridad se me &#8230; <a href=\"http:\/\/vincentians.com\/es\/susana-guillemin-repeticion-de-oracion-2-de-abril-de-1967\/\" class=\"more-link\">Read More<\/a><\/p>\n","protected":false},"author":4,"featured_media":393749,"comment_status":"open","ping_status":"open","sticky":false,"template":"","format":"standard","meta":{"jetpack_post_was_ever_published":false,"_jetpack_newsletter_access":"","_jetpack_dont_email_post_to_subs":false,"_jetpack_newsletter_tier_id":0,"_jetpack_memberships_contains_paywalled_content":false,"_jetpack_memberships_contains_paid_content":false,"footnotes":"","jetpack_publicize_message":"","jetpack_publicize_feature_enabled":true,"jetpack_social_post_already_shared":true,"jetpack_social_options":{"image_generator_settings":{"template":"highway","default_image_id":0,"font":"","enabled":false},"version":2}},"categories":[273],"tags":[],"class_list":["post-44381","post","type-post","status-publish","format-standard","has-post-thumbnail","hentry","category-escritos-de-susana-guillemin"],"yoast_head":"<!-- This site is optimized with the Yoast SEO plugin v26.3 - https:\/\/yoast.com\/wordpress\/plugins\/seo\/ -->\n<title>Susana Guillemin: Repetici\u00f3n de oraci\u00f3n, 2 de abril de 1967 - Somos Vicencianos<\/title>\n<meta name=\"robots\" content=\"index, follow, max-snippet:-1, max-image-preview:large, max-video-preview:-1\" \/>\n<link rel=\"canonical\" href=\"https:\/\/vincentians.com\/es\/susana-guillemin-repeticion-de-oracion-2-de-abril-de-1967\/\" \/>\n<meta property=\"og:locale\" content=\"es_ES\" \/>\n<meta property=\"og:type\" content=\"article\" \/>\n<meta property=\"og:title\" content=\"Susana Guillemin: Repetici\u00f3n de oraci\u00f3n, 2 de abril de 1967 - Somos Vicencianos\" \/>\n<meta property=\"og:description\" content=\"Susana Guillemin, H.C. A la comunidad, con motivo de la Renovaci\u00f3n Cuanto m\u00e1s pasan los a\u00f1os, m\u00e1s admirable veo la sabidur\u00eda de San Vicente al instituir nuestra Renovaci\u00f3n anual y con m\u00e1s claridad se me ... Read More\" \/>\n<meta property=\"og:url\" content=\"https:\/\/vincentians.com\/es\/susana-guillemin-repeticion-de-oracion-2-de-abril-de-1967\/\" \/>\n<meta property=\"og:site_name\" content=\"Somos Vicencianos\" \/>\n<meta property=\"article:publisher\" content=\"https:\/\/www.facebook.com\/WeAreVincentians\/\" \/>\n<meta property=\"article:author\" content=\"https:\/\/www.facebook.com\/JavierChento\" \/>\n<meta property=\"article:published_time\" content=\"2011-07-16T00:22:57+00:00\" \/>\n<meta property=\"og:image\" content=\"https:\/\/i0.wp.com\/vincentians.com\/es\/wp-content\/uploads\/sites\/11\/2016\/07\/escritos-guillemin.jpg?fit=1200%2C630&ssl=1\" \/>\n\t<meta property=\"og:image:width\" content=\"1200\" \/>\n\t<meta property=\"og:image:height\" content=\"630\" \/>\n\t<meta property=\"og:image:type\" content=\"image\/jpeg\" \/>\n<meta name=\"author\" content=\"Francisco Javier Fern\u00e1ndez Chento\" \/>\n<meta name=\"twitter:card\" content=\"summary_large_image\" \/>\n<meta name=\"twitter:creator\" content=\"@https:\/\/twitter.com\/javierchento\" \/>\n<meta name=\"twitter:site\" content=\"@WeVincentians\" \/>\n<meta name=\"twitter:label1\" content=\"Escrito por\" \/>\n\t<meta name=\"twitter:data1\" content=\"Francisco Javier Fern\u00e1ndez Chento\" \/>\n\t<meta name=\"twitter:label2\" content=\"Tiempo de lectura\" \/>\n\t<meta name=\"twitter:data2\" content=\"7 minutos\" \/>\n<script type=\"application\/ld+json\" class=\"yoast-schema-graph\">{\"@context\":\"https:\/\/schema.org\",\"@graph\":[{\"@type\":\"Article\",\"@id\":\"https:\/\/vincentians.com\/es\/susana-guillemin-repeticion-de-oracion-2-de-abril-de-1967\/#article\",\"isPartOf\":{\"@id\":\"https:\/\/vincentians.com\/es\/susana-guillemin-repeticion-de-oracion-2-de-abril-de-1967\/\"},\"author\":{\"name\":\"Francisco Javier Fern\u00e1ndez Chento\",\"@id\":\"http:\/\/vincentians.com\/es\/#\/schema\/person\/9623ef4d9aa3b2dfb8c061f1499288f2\"},\"headline\":\"Susana Guillemin: Repetici\u00f3n de oraci\u00f3n, 2 de abril de 1967\",\"datePublished\":\"2011-07-16T00:22:57+00:00\",\"mainEntityOfPage\":{\"@id\":\"https:\/\/vincentians.com\/es\/susana-guillemin-repeticion-de-oracion-2-de-abril-de-1967\/\"},\"wordCount\":1418,\"commentCount\":0,\"publisher\":{\"@id\":\"http:\/\/vincentians.com\/es\/#organization\"},\"image\":{\"@id\":\"https:\/\/vincentians.com\/es\/susana-guillemin-repeticion-de-oracion-2-de-abril-de-1967\/#primaryimage\"},\"thumbnailUrl\":\"https:\/\/i0.wp.com\/vincentians.com\/es\/wp-content\/uploads\/sites\/11\/2016\/07\/escritos-guillemin.jpg?fit=1200%2C630\",\"articleSection\":[\"Escritos de Susana Guillemin\"],\"inLanguage\":\"es\",\"potentialAction\":[{\"@type\":\"CommentAction\",\"name\":\"Comment\",\"target\":[\"https:\/\/vincentians.com\/es\/susana-guillemin-repeticion-de-oracion-2-de-abril-de-1967\/#respond\"]}]},{\"@type\":\"WebPage\",\"@id\":\"https:\/\/vincentians.com\/es\/susana-guillemin-repeticion-de-oracion-2-de-abril-de-1967\/\",\"url\":\"https:\/\/vincentians.com\/es\/susana-guillemin-repeticion-de-oracion-2-de-abril-de-1967\/\",\"name\":\"Susana Guillemin: Repetici\u00f3n de oraci\u00f3n, 2 de abril de 1967 - Somos Vicencianos\",\"isPartOf\":{\"@id\":\"http:\/\/vincentians.com\/es\/#website\"},\"primaryImageOfPage\":{\"@id\":\"https:\/\/vincentians.com\/es\/susana-guillemin-repeticion-de-oracion-2-de-abril-de-1967\/#primaryimage\"},\"image\":{\"@id\":\"https:\/\/vincentians.com\/es\/susana-guillemin-repeticion-de-oracion-2-de-abril-de-1967\/#primaryimage\"},\"thumbnailUrl\":\"https:\/\/i0.wp.com\/vincentians.com\/es\/wp-content\/uploads\/sites\/11\/2016\/07\/escritos-guillemin.jpg?fit=1200%2C630\",\"datePublished\":\"2011-07-16T00:22:57+00:00\",\"breadcrumb\":{\"@id\":\"https:\/\/vincentians.com\/es\/susana-guillemin-repeticion-de-oracion-2-de-abril-de-1967\/#breadcrumb\"},\"inLanguage\":\"es\",\"potentialAction\":[{\"@type\":\"ReadAction\",\"target\":[\"https:\/\/vincentians.com\/es\/susana-guillemin-repeticion-de-oracion-2-de-abril-de-1967\/\"]}]},{\"@type\":\"ImageObject\",\"inLanguage\":\"es\",\"@id\":\"https:\/\/vincentians.com\/es\/susana-guillemin-repeticion-de-oracion-2-de-abril-de-1967\/#primaryimage\",\"url\":\"https:\/\/i0.wp.com\/vincentians.com\/es\/wp-content\/uploads\/sites\/11\/2016\/07\/escritos-guillemin.jpg?fit=1200%2C630\",\"contentUrl\":\"https:\/\/i0.wp.com\/vincentians.com\/es\/wp-content\/uploads\/sites\/11\/2016\/07\/escritos-guillemin.jpg?fit=1200%2C630\",\"width\":1200,\"height\":630},{\"@type\":\"BreadcrumbList\",\"@id\":\"https:\/\/vincentians.com\/es\/susana-guillemin-repeticion-de-oracion-2-de-abril-de-1967\/#breadcrumb\",\"itemListElement\":[{\"@type\":\"ListItem\",\"position\":1,\"name\":\"Portada\",\"item\":\"http:\/\/vincentians.com\/es\/\"},{\"@type\":\"ListItem\",\"position\":2,\"name\":\"Susana Guillemin: Repetici\u00f3n de oraci\u00f3n, 2 de abril de 1967\"}]},{\"@type\":\"WebSite\",\"@id\":\"http:\/\/vincentians.com\/es\/#website\",\"url\":\"http:\/\/vincentians.com\/es\/\",\"name\":\"Somos Vicencianos\",\"description\":\"Know more to serve more\",\"publisher\":{\"@id\":\"http:\/\/vincentians.com\/es\/#organization\"},\"potentialAction\":[{\"@type\":\"SearchAction\",\"target\":{\"@type\":\"EntryPoint\",\"urlTemplate\":\"http:\/\/vincentians.com\/es\/?s={search_term_string}\"},\"query-input\":{\"@type\":\"PropertyValueSpecification\",\"valueRequired\":true,\"valueName\":\"search_term_string\"}}],\"inLanguage\":\"es\"},{\"@type\":\"Organization\",\"@id\":\"http:\/\/vincentians.com\/es\/#organization\",\"name\":\"The Vincentian Network\",\"url\":\"http:\/\/vincentians.com\/es\/\",\"logo\":{\"@type\":\"ImageObject\",\"inLanguage\":\"es\",\"@id\":\"http:\/\/vincentians.com\/es\/#\/schema\/logo\/image\/\",\"url\":\"https:\/\/i1.wp.com\/vincentians.com\/es\/wp-content\/uploads\/sites\/11\/2016\/06\/Vincentian-Network-logo-big.png?fit=778%2C778\",\"contentUrl\":\"https:\/\/i1.wp.com\/vincentians.com\/es\/wp-content\/uploads\/sites\/11\/2016\/06\/Vincentian-Network-logo-big.png?fit=778%2C778\",\"width\":778,\"height\":778,\"caption\":\"The Vincentian Network\"},\"image\":{\"@id\":\"http:\/\/vincentians.com\/es\/#\/schema\/logo\/image\/\"},\"sameAs\":[\"https:\/\/www.facebook.com\/WeAreVincentians\/\",\"https:\/\/x.com\/WeVincentians\"]},{\"@type\":\"Person\",\"@id\":\"http:\/\/vincentians.com\/es\/#\/schema\/person\/9623ef4d9aa3b2dfb8c061f1499288f2\",\"name\":\"Francisco Javier Fern\u00e1ndez Chento\",\"image\":{\"@type\":\"ImageObject\",\"inLanguage\":\"es\",\"@id\":\"http:\/\/vincentians.com\/es\/#\/schema\/person\/image\/\",\"url\":\"https:\/\/secure.gravatar.com\/avatar\/497d5cde87b4c3d097d0315953521681ba2cd523ee66e5077c3711f7021e65de?s=96&d=mm&r=g\",\"contentUrl\":\"https:\/\/secure.gravatar.com\/avatar\/497d5cde87b4c3d097d0315953521681ba2cd523ee66e5077c3711f7021e65de?s=96&d=mm&r=g\",\"caption\":\"Francisco Javier Fern\u00e1ndez Chento\"},\"description\":\"Director General y cofundador de La Red de Formaci\u00f3n Vicenciana. Javier es laico vicenciano, afiliado a la Congregaci\u00f3n de la Misi\u00f3n y miembro del Equipo de Misiones Populares de la provincia can\u00f3nica de Zaragoza (Espa\u00f1a) de la Congregaci\u00f3n de la Misi\u00f3n. Graduado en la Universidad Oberta de Catalunya con cuatro grados (Asistente de direcci\u00f3n, Gesti\u00f3n Administrativa, Recursos Humanos y Contabilidad Avanzada). Bil\u00edng\u00fce Espa\u00f1ol\/Ingl\u00e9s. gestiona y mantiene varias p\u00e1ginas web cristianas y vicencianas, incluida including La Red de Formaci\u00f3n Vicenciana, de la que es cofundador. Actualmente es responsable del \u00e1rea de Espa\u00f1ol de .famvin, la Red de Noticias de la Familia Vicenciana. Tambi\u00e9n es m\u00fasico cat\u00f3lico y ha editado varios discos. Es Director General y cofundador de Trovador, una reconocida compa\u00f1\u00eda discogr\u00e1fica critiana de Espa\u00f1a. Trabaja en las Tecnolog\u00edas de la Informaci\u00f3n, ofreciendo servicios de alojamiento, dise\u00f1o y mantenimiento Web, as\u00ed como asesoramiento, formaci\u00f3n y soluciones inform\u00e1ticas, gesti\u00f3n documental y digitalizaci\u00f3n de textos, edici\u00f3n y maquetaci\u00f3n de libros, revistas, flyers, etc.\",\"sameAs\":[\"http:\/\/chento.org\",\"https:\/\/www.facebook.com\/JavierChento\",\"https:\/\/x.com\/https:\/\/twitter.com\/javierchento\"],\"url\":\"http:\/\/vincentians.com\/es\/author\/chento\/\"}]}<\/script>\n<!-- \/ Yoast SEO plugin. -->","yoast_head_json":{"title":"Susana Guillemin: Repetici\u00f3n de oraci\u00f3n, 2 de abril de 1967 - Somos Vicencianos","robots":{"index":"index","follow":"follow","max-snippet":"max-snippet:-1","max-image-preview":"max-image-preview:large","max-video-preview":"max-video-preview:-1"},"canonical":"https:\/\/vincentians.com\/es\/susana-guillemin-repeticion-de-oracion-2-de-abril-de-1967\/","og_locale":"es_ES","og_type":"article","og_title":"Susana Guillemin: Repetici\u00f3n de oraci\u00f3n, 2 de abril de 1967 - Somos Vicencianos","og_description":"Susana Guillemin, H.C. A la comunidad, con motivo de la Renovaci\u00f3n Cuanto m\u00e1s pasan los a\u00f1os, m\u00e1s admirable veo la sabidur\u00eda de San Vicente al instituir nuestra Renovaci\u00f3n anual y con m\u00e1s claridad se me ... Read More","og_url":"https:\/\/vincentians.com\/es\/susana-guillemin-repeticion-de-oracion-2-de-abril-de-1967\/","og_site_name":"Somos Vicencianos","article_publisher":"https:\/\/www.facebook.com\/WeAreVincentians\/","article_author":"https:\/\/www.facebook.com\/JavierChento","article_published_time":"2011-07-16T00:22:57+00:00","og_image":[{"width":1200,"height":630,"url":"https:\/\/i0.wp.com\/vincentians.com\/es\/wp-content\/uploads\/sites\/11\/2016\/07\/escritos-guillemin.jpg?fit=1200%2C630&ssl=1","type":"image\/jpeg"}],"author":"Francisco Javier Fern\u00e1ndez Chento","twitter_card":"summary_large_image","twitter_creator":"@https:\/\/twitter.com\/javierchento","twitter_site":"@WeVincentians","twitter_misc":{"Escrito por":"Francisco Javier Fern\u00e1ndez Chento","Tiempo de lectura":"7 minutos"},"schema":{"@context":"https:\/\/schema.org","@graph":[{"@type":"Article","@id":"https:\/\/vincentians.com\/es\/susana-guillemin-repeticion-de-oracion-2-de-abril-de-1967\/#article","isPartOf":{"@id":"https:\/\/vincentians.com\/es\/susana-guillemin-repeticion-de-oracion-2-de-abril-de-1967\/"},"author":{"name":"Francisco Javier Fern\u00e1ndez Chento","@id":"http:\/\/vincentians.com\/es\/#\/schema\/person\/9623ef4d9aa3b2dfb8c061f1499288f2"},"headline":"Susana Guillemin: Repetici\u00f3n de oraci\u00f3n, 2 de abril de 1967","datePublished":"2011-07-16T00:22:57+00:00","mainEntityOfPage":{"@id":"https:\/\/vincentians.com\/es\/susana-guillemin-repeticion-de-oracion-2-de-abril-de-1967\/"},"wordCount":1418,"commentCount":0,"publisher":{"@id":"http:\/\/vincentians.com\/es\/#organization"},"image":{"@id":"https:\/\/vincentians.com\/es\/susana-guillemin-repeticion-de-oracion-2-de-abril-de-1967\/#primaryimage"},"thumbnailUrl":"https:\/\/i0.wp.com\/vincentians.com\/es\/wp-content\/uploads\/sites\/11\/2016\/07\/escritos-guillemin.jpg?fit=1200%2C630","articleSection":["Escritos de Susana Guillemin"],"inLanguage":"es","potentialAction":[{"@type":"CommentAction","name":"Comment","target":["https:\/\/vincentians.com\/es\/susana-guillemin-repeticion-de-oracion-2-de-abril-de-1967\/#respond"]}]},{"@type":"WebPage","@id":"https:\/\/vincentians.com\/es\/susana-guillemin-repeticion-de-oracion-2-de-abril-de-1967\/","url":"https:\/\/vincentians.com\/es\/susana-guillemin-repeticion-de-oracion-2-de-abril-de-1967\/","name":"Susana Guillemin: Repetici\u00f3n de oraci\u00f3n, 2 de abril de 1967 - Somos Vicencianos","isPartOf":{"@id":"http:\/\/vincentians.com\/es\/#website"},"primaryImageOfPage":{"@id":"https:\/\/vincentians.com\/es\/susana-guillemin-repeticion-de-oracion-2-de-abril-de-1967\/#primaryimage"},"image":{"@id":"https:\/\/vincentians.com\/es\/susana-guillemin-repeticion-de-oracion-2-de-abril-de-1967\/#primaryimage"},"thumbnailUrl":"https:\/\/i0.wp.com\/vincentians.com\/es\/wp-content\/uploads\/sites\/11\/2016\/07\/escritos-guillemin.jpg?fit=1200%2C630","datePublished":"2011-07-16T00:22:57+00:00","breadcrumb":{"@id":"https:\/\/vincentians.com\/es\/susana-guillemin-repeticion-de-oracion-2-de-abril-de-1967\/#breadcrumb"},"inLanguage":"es","potentialAction":[{"@type":"ReadAction","target":["https:\/\/vincentians.com\/es\/susana-guillemin-repeticion-de-oracion-2-de-abril-de-1967\/"]}]},{"@type":"ImageObject","inLanguage":"es","@id":"https:\/\/vincentians.com\/es\/susana-guillemin-repeticion-de-oracion-2-de-abril-de-1967\/#primaryimage","url":"https:\/\/i0.wp.com\/vincentians.com\/es\/wp-content\/uploads\/sites\/11\/2016\/07\/escritos-guillemin.jpg?fit=1200%2C630","contentUrl":"https:\/\/i0.wp.com\/vincentians.com\/es\/wp-content\/uploads\/sites\/11\/2016\/07\/escritos-guillemin.jpg?fit=1200%2C630","width":1200,"height":630},{"@type":"BreadcrumbList","@id":"https:\/\/vincentians.com\/es\/susana-guillemin-repeticion-de-oracion-2-de-abril-de-1967\/#breadcrumb","itemListElement":[{"@type":"ListItem","position":1,"name":"Portada","item":"http:\/\/vincentians.com\/es\/"},{"@type":"ListItem","position":2,"name":"Susana Guillemin: Repetici\u00f3n de oraci\u00f3n, 2 de abril de 1967"}]},{"@type":"WebSite","@id":"http:\/\/vincentians.com\/es\/#website","url":"http:\/\/vincentians.com\/es\/","name":"Somos Vicencianos","description":"Know more to serve more","publisher":{"@id":"http:\/\/vincentians.com\/es\/#organization"},"potentialAction":[{"@type":"SearchAction","target":{"@type":"EntryPoint","urlTemplate":"http:\/\/vincentians.com\/es\/?s={search_term_string}"},"query-input":{"@type":"PropertyValueSpecification","valueRequired":true,"valueName":"search_term_string"}}],"inLanguage":"es"},{"@type":"Organization","@id":"http:\/\/vincentians.com\/es\/#organization","name":"The Vincentian Network","url":"http:\/\/vincentians.com\/es\/","logo":{"@type":"ImageObject","inLanguage":"es","@id":"http:\/\/vincentians.com\/es\/#\/schema\/logo\/image\/","url":"https:\/\/i1.wp.com\/vincentians.com\/es\/wp-content\/uploads\/sites\/11\/2016\/06\/Vincentian-Network-logo-big.png?fit=778%2C778","contentUrl":"https:\/\/i1.wp.com\/vincentians.com\/es\/wp-content\/uploads\/sites\/11\/2016\/06\/Vincentian-Network-logo-big.png?fit=778%2C778","width":778,"height":778,"caption":"The Vincentian Network"},"image":{"@id":"http:\/\/vincentians.com\/es\/#\/schema\/logo\/image\/"},"sameAs":["https:\/\/www.facebook.com\/WeAreVincentians\/","https:\/\/x.com\/WeVincentians"]},{"@type":"Person","@id":"http:\/\/vincentians.com\/es\/#\/schema\/person\/9623ef4d9aa3b2dfb8c061f1499288f2","name":"Francisco Javier Fern\u00e1ndez Chento","image":{"@type":"ImageObject","inLanguage":"es","@id":"http:\/\/vincentians.com\/es\/#\/schema\/person\/image\/","url":"https:\/\/secure.gravatar.com\/avatar\/497d5cde87b4c3d097d0315953521681ba2cd523ee66e5077c3711f7021e65de?s=96&d=mm&r=g","contentUrl":"https:\/\/secure.gravatar.com\/avatar\/497d5cde87b4c3d097d0315953521681ba2cd523ee66e5077c3711f7021e65de?s=96&d=mm&r=g","caption":"Francisco Javier Fern\u00e1ndez Chento"},"description":"Director General y cofundador de La Red de Formaci\u00f3n Vicenciana. Javier es laico vicenciano, afiliado a la Congregaci\u00f3n de la Misi\u00f3n y miembro del Equipo de Misiones Populares de la provincia can\u00f3nica de Zaragoza (Espa\u00f1a) de la Congregaci\u00f3n de la Misi\u00f3n. Graduado en la Universidad Oberta de Catalunya con cuatro grados (Asistente de direcci\u00f3n, Gesti\u00f3n Administrativa, Recursos Humanos y Contabilidad Avanzada). Bil\u00edng\u00fce Espa\u00f1ol\/Ingl\u00e9s. gestiona y mantiene varias p\u00e1ginas web cristianas y vicencianas, incluida including La Red de Formaci\u00f3n Vicenciana, de la que es cofundador. Actualmente es responsable del \u00e1rea de Espa\u00f1ol de .famvin, la Red de Noticias de la Familia Vicenciana. Tambi\u00e9n es m\u00fasico cat\u00f3lico y ha editado varios discos. Es Director General y cofundador de Trovador, una reconocida compa\u00f1\u00eda discogr\u00e1fica critiana de Espa\u00f1a. Trabaja en las Tecnolog\u00edas de la Informaci\u00f3n, ofreciendo servicios de alojamiento, dise\u00f1o y mantenimiento Web, as\u00ed como asesoramiento, formaci\u00f3n y soluciones inform\u00e1ticas, gesti\u00f3n documental y digitalizaci\u00f3n de textos, edici\u00f3n y maquetaci\u00f3n de libros, revistas, flyers, etc.","sameAs":["http:\/\/chento.org","https:\/\/www.facebook.com\/JavierChento","https:\/\/x.com\/https:\/\/twitter.com\/javierchento"],"url":"http:\/\/vincentians.com\/es\/author\/chento\/"}]}},"jetpack_publicize_connections":[],"jetpack_featured_media_url":"https:\/\/i0.wp.com\/vincentians.com\/es\/wp-content\/uploads\/sites\/11\/2016\/07\/escritos-guillemin.jpg?fit=1200%2C630","jetpack_sharing_enabled":true,"jetpack_shortlink":"https:\/\/wp.me\/p7ETMF-bxP","jetpack-related-posts":[{"id":42210,"url":"http:\/\/vincentians.com\/es\/susana-guillemin-repeticion-de-oracion-renovacion-de-1959\/","url_meta":{"origin":44381,"position":0},"title":"Susana Guillemin: Repetici\u00f3n de oraci\u00f3n, Renovaci\u00f3n de 1959","author":"Francisco Javier Fern\u00e1ndez Chento","date":"26\/04\/2021","format":false,"excerpt":"Llenas del recuerdo de las palabras pronunciadas por el Se\u00f1or en sus Apariciones de Resucitado, 'este a\u00f1o nos encontramos, de alguna forma, en la misma situad\u00f3n que los Ap\u00f3stoles. Tambi\u00e9n nosotras nos vemos como saliendo de una prueba: no hemos respondido a nuestro ideal de perfecci\u00f3n. No somos lo que\u2026","rel":"","context":"En \u00abEscritos de Susana Guillemin\u00bb","block_context":{"text":"Escritos de Susana Guillemin","link":"http:\/\/vincentians.com\/es\/category\/escritos\/escritos-de-susana-guillemin\/"},"img":{"alt_text":"","src":"https:\/\/i0.wp.com\/vincentians.com\/es\/wp-content\/uploads\/sites\/11\/2016\/07\/escritos-guillemin.jpg?fit=1200%2C630&resize=350%2C200","width":350,"height":200,"srcset":"https:\/\/i0.wp.com\/vincentians.com\/es\/wp-content\/uploads\/sites\/11\/2016\/07\/escritos-guillemin.jpg?fit=1200%2C630&resize=350%2C200 1x, https:\/\/i0.wp.com\/vincentians.com\/es\/wp-content\/uploads\/sites\/11\/2016\/07\/escritos-guillemin.jpg?fit=1200%2C630&resize=525%2C300 1.5x, https:\/\/i0.wp.com\/vincentians.com\/es\/wp-content\/uploads\/sites\/11\/2016\/07\/escritos-guillemin.jpg?fit=1200%2C630&resize=700%2C400 2x, https:\/\/i0.wp.com\/vincentians.com\/es\/wp-content\/uploads\/sites\/11\/2016\/07\/escritos-guillemin.jpg?fit=1200%2C630&resize=1050%2C600 3x"},"classes":[]},{"id":42203,"url":"http:\/\/vincentians.com\/es\/susana-guillemin-repeticion-de-oracion-15-de-diciembre-de-1958\/","url_meta":{"origin":44381,"position":1},"title":"Susana Guillemin: Repetici\u00f3n de oraci\u00f3n, 15 de diciembre de 1958","author":"Francisco Javier Fern\u00e1ndez Chento","date":"16\/03\/2021","format":false,"excerpt":"Nuestra vida es un coloquio \u00edntimo con Dios. Progresivamente hemos ido eliminando lo que hab\u00eda de m\u00e1s, lo a\u00f1adido, hasta quedarnos con solo Dios, con un \u00fan\u00edco Compa\u00f1ero de nuestra existencia: Nuestro Se\u00f1or. Todo lo que puede formar la trama de aquella puede cambiar. Dios, en cambio, es el \u00fanico\u2026","rel":"","context":"En \u00abEscritos de Susana Guillemin\u00bb","block_context":{"text":"Escritos de Susana Guillemin","link":"http:\/\/vincentians.com\/es\/category\/escritos\/escritos-de-susana-guillemin\/"},"img":{"alt_text":"","src":"https:\/\/i0.wp.com\/vincentians.com\/es\/wp-content\/uploads\/sites\/11\/2016\/07\/escritos-guillemin.jpg?fit=1200%2C630&resize=350%2C200","width":350,"height":200,"srcset":"https:\/\/i0.wp.com\/vincentians.com\/es\/wp-content\/uploads\/sites\/11\/2016\/07\/escritos-guillemin.jpg?fit=1200%2C630&resize=350%2C200 1x, https:\/\/i0.wp.com\/vincentians.com\/es\/wp-content\/uploads\/sites\/11\/2016\/07\/escritos-guillemin.jpg?fit=1200%2C630&resize=525%2C300 1.5x, https:\/\/i0.wp.com\/vincentians.com\/es\/wp-content\/uploads\/sites\/11\/2016\/07\/escritos-guillemin.jpg?fit=1200%2C630&resize=700%2C400 2x, https:\/\/i0.wp.com\/vincentians.com\/es\/wp-content\/uploads\/sites\/11\/2016\/07\/escritos-guillemin.jpg?fit=1200%2C630&resize=1050%2C600 3x"},"classes":[]},{"id":33656,"url":"http:\/\/vincentians.com\/es\/susana-guillemin-h-c\/","url_meta":{"origin":44381,"position":2},"title":"Susana Guillemin, H.C.","author":"Mitxel Olabu\u00e9naga","date":"28\/04\/2014","format":false,"excerpt":"Sor Susana Guillemin muri\u00f3 en plenitud a los 62 a\u00f1os, el 28 de marzo de 1968. Para aqu\u00e9llos y aqu\u00e9llas que no la conocieron o que la conocieron poco, parece bueno precisar en primer lugar que la Madre Guillemin fue ante todo y en todo su ser una Hija de\u2026","rel":"","context":"En \u00abBiograf\u00edas de Hijas de la Caridad\u00bb","block_context":{"text":"Biograf\u00edas de Hijas de la Caridad","link":"http:\/\/vincentians.com\/es\/category\/la-familia-vicenciana\/biografias-vicencianas\/biografias-de-hijas-de-la-caridad\/"},"img":{"alt_text":"","src":"https:\/\/i0.wp.com\/vincentians.com\/es\/wp-content\/uploads\/sites\/11\/2016\/07\/bio-hc.jpg?fit=1200%2C630&resize=350%2C200","width":350,"height":200,"srcset":"https:\/\/i0.wp.com\/vincentians.com\/es\/wp-content\/uploads\/sites\/11\/2016\/07\/bio-hc.jpg?fit=1200%2C630&resize=350%2C200 1x, https:\/\/i0.wp.com\/vincentians.com\/es\/wp-content\/uploads\/sites\/11\/2016\/07\/bio-hc.jpg?fit=1200%2C630&resize=525%2C300 1.5x, https:\/\/i0.wp.com\/vincentians.com\/es\/wp-content\/uploads\/sites\/11\/2016\/07\/bio-hc.jpg?fit=1200%2C630&resize=700%2C400 2x, https:\/\/i0.wp.com\/vincentians.com\/es\/wp-content\/uploads\/sites\/11\/2016\/07\/bio-hc.jpg?fit=1200%2C630&resize=1050%2C600 3x"},"classes":[]},{"id":42212,"url":"http:\/\/vincentians.com\/es\/susana-guillemin-repeticion-de-oracion-10-de-marzo-de-1960\/","url_meta":{"origin":44381,"position":3},"title":"Susana Guillemin: Repetici\u00f3n de oraci\u00f3n, 10 de marzo de 1960","author":"Francisco Javier Fern\u00e1ndez Chento","date":"25\/06\/2011","format":false,"excerpt":"Susana Guillemin, H.C. Siempre estamos en peligro de tentaci\u00f3n y no s\u00f3lo a causa de nuestra debilidad, sino porque tal es la cond\u00edci\u00f3n normal de todo ser que vive en este mundo. En reAlidad, Dios espera de nosotros una prueba \u2014y espera que se la demos a lo largo de\u2026","rel":"","context":"En \u00abEscritos de Susana Guillemin\u00bb","block_context":{"text":"Escritos de Susana Guillemin","link":"http:\/\/vincentians.com\/es\/category\/escritos\/escritos-de-susana-guillemin\/"},"img":{"alt_text":"","src":"https:\/\/i0.wp.com\/vincentians.com\/es\/wp-content\/uploads\/sites\/11\/2016\/07\/escritos-guillemin.jpg?fit=1200%2C630&resize=350%2C200","width":350,"height":200,"srcset":"https:\/\/i0.wp.com\/vincentians.com\/es\/wp-content\/uploads\/sites\/11\/2016\/07\/escritos-guillemin.jpg?fit=1200%2C630&resize=350%2C200 1x, https:\/\/i0.wp.com\/vincentians.com\/es\/wp-content\/uploads\/sites\/11\/2016\/07\/escritos-guillemin.jpg?fit=1200%2C630&resize=525%2C300 1.5x, https:\/\/i0.wp.com\/vincentians.com\/es\/wp-content\/uploads\/sites\/11\/2016\/07\/escritos-guillemin.jpg?fit=1200%2C630&resize=700%2C400 2x, https:\/\/i0.wp.com\/vincentians.com\/es\/wp-content\/uploads\/sites\/11\/2016\/07\/escritos-guillemin.jpg?fit=1200%2C630&resize=1050%2C600 3x"},"classes":[]},{"id":41743,"url":"http:\/\/vincentians.com\/es\/susana-guillemin-repeticion-de-oracion-mayo-de-1958\/","url_meta":{"origin":44381,"position":4},"title":"Susana Guillemin: Repetici\u00f3n de oraci\u00f3n, Mayo de 1958","author":"Francisco Javier Fern\u00e1ndez Chento","date":"11\/06\/2011","format":false,"excerpt":"Susana Guillemin, H.C.En cada retiro llegamos a la comprobaci\u00f3n de nuestra falta de fervor. Es que toda vida que no est\u00e1 polarizada en la Eucarist\u00eda no tiene estabilidad. \u00bfTenemos aut\u00e9ntica Fe en la Eucarist\u00eda? \u00bfPensamos con frecuencia en esa presencia tan cercana? \u00bfCu\u00e1les son nuestras disposiciones hacia Ella? Nos acostumbramos\u2026","rel":"","context":"En \u00abEscritos de Susana Guillemin\u00bb","block_context":{"text":"Escritos de Susana Guillemin","link":"http:\/\/vincentians.com\/es\/category\/escritos\/escritos-de-susana-guillemin\/"},"img":{"alt_text":"","src":"https:\/\/i0.wp.com\/vincentians.com\/es\/wp-content\/uploads\/sites\/11\/2016\/07\/escritos-guillemin.jpg?fit=1200%2C630&resize=350%2C200","width":350,"height":200,"srcset":"https:\/\/i0.wp.com\/vincentians.com\/es\/wp-content\/uploads\/sites\/11\/2016\/07\/escritos-guillemin.jpg?fit=1200%2C630&resize=350%2C200 1x, https:\/\/i0.wp.com\/vincentians.com\/es\/wp-content\/uploads\/sites\/11\/2016\/07\/escritos-guillemin.jpg?fit=1200%2C630&resize=525%2C300 1.5x, https:\/\/i0.wp.com\/vincentians.com\/es\/wp-content\/uploads\/sites\/11\/2016\/07\/escritos-guillemin.jpg?fit=1200%2C630&resize=700%2C400 2x, https:\/\/i0.wp.com\/vincentians.com\/es\/wp-content\/uploads\/sites\/11\/2016\/07\/escritos-guillemin.jpg?fit=1200%2C630&resize=1050%2C600 3x"},"classes":[]},{"id":42215,"url":"http:\/\/vincentians.com\/es\/susana-guillemin-repeticion-de-oracion-21-de-agosto-de-1960\/","url_meta":{"origin":44381,"position":5},"title":"Susana Guillemin: Repetici\u00f3n de oraci\u00f3n, 21 de agosto de 1960","author":"Francisco Javier Fern\u00e1ndez Chento","date":"28\/06\/2011","format":false,"excerpt":"Susana Guillemin, H.C. La devoci\u00f3n a la Sant\u00edsima Virgen que existe en la Compa\u00f1\u00eda desde su nacimiento, es fruto de la oraci\u00f3n de Santa Luisa, penetrada de los dones del Esp\u00edritu Santo. \u00bfC\u00f3mo podremos, a imitaci\u00f3n suya, comprender e imitar mejor a la Sant\u00edsima Virgen? Dediquemos a ello varias de\u2026","rel":"","context":"En \u00abEscritos de Susana Guillemin\u00bb","block_context":{"text":"Escritos de Susana Guillemin","link":"http:\/\/vincentians.com\/es\/category\/escritos\/escritos-de-susana-guillemin\/"},"img":{"alt_text":"","src":"https:\/\/i0.wp.com\/vincentians.com\/es\/wp-content\/uploads\/sites\/11\/2016\/07\/escritos-guillemin.jpg?fit=1200%2C630&resize=350%2C200","width":350,"height":200,"srcset":"https:\/\/i0.wp.com\/vincentians.com\/es\/wp-content\/uploads\/sites\/11\/2016\/07\/escritos-guillemin.jpg?fit=1200%2C630&resize=350%2C200 1x, https:\/\/i0.wp.com\/vincentians.com\/es\/wp-content\/uploads\/sites\/11\/2016\/07\/escritos-guillemin.jpg?fit=1200%2C630&resize=525%2C300 1.5x, https:\/\/i0.wp.com\/vincentians.com\/es\/wp-content\/uploads\/sites\/11\/2016\/07\/escritos-guillemin.jpg?fit=1200%2C630&resize=700%2C400 2x, https:\/\/i0.wp.com\/vincentians.com\/es\/wp-content\/uploads\/sites\/11\/2016\/07\/escritos-guillemin.jpg?fit=1200%2C630&resize=1050%2C600 3x"},"classes":[]}],"_links":{"self":[{"href":"http:\/\/vincentians.com\/es\/wp-json\/wp\/v2\/posts\/44381","targetHints":{"allow":["GET"]}}],"collection":[{"href":"http:\/\/vincentians.com\/es\/wp-json\/wp\/v2\/posts"}],"about":[{"href":"http:\/\/vincentians.com\/es\/wp-json\/wp\/v2\/types\/post"}],"author":[{"embeddable":true,"href":"http:\/\/vincentians.com\/es\/wp-json\/wp\/v2\/users\/4"}],"replies":[{"embeddable":true,"href":"http:\/\/vincentians.com\/es\/wp-json\/wp\/v2\/comments?post=44381"}],"version-history":[{"count":0,"href":"http:\/\/vincentians.com\/es\/wp-json\/wp\/v2\/posts\/44381\/revisions"}],"wp:featuredmedia":[{"embeddable":true,"href":"http:\/\/vincentians.com\/es\/wp-json\/wp\/v2\/media\/393749"}],"wp:attachment":[{"href":"http:\/\/vincentians.com\/es\/wp-json\/wp\/v2\/media?parent=44381"}],"wp:term":[{"taxonomy":"category","embeddable":true,"href":"http:\/\/vincentians.com\/es\/wp-json\/wp\/v2\/categories?post=44381"},{"taxonomy":"post_tag","embeddable":true,"href":"http:\/\/vincentians.com\/es\/wp-json\/wp\/v2\/tags?post=44381"}],"curies":[{"name":"wp","href":"https:\/\/api.w.org\/{rel}","templated":true}]}}