{"id":44371,"date":"2011-07-11T02:22:57","date_gmt":"2011-07-11T00:22:57","guid":{"rendered":"http:\/\/somos.vicencianos.org\/blog\/2011\/07\/susana-guillemin-repeticion-de-oracion-20-de-septiembre-de-1964\/"},"modified":"2011-07-11T02:22:57","modified_gmt":"2011-07-11T00:22:57","slug":"susana-guillemin-repeticion-de-oracion-20-de-septiembre-de-1964","status":"publish","type":"post","link":"http:\/\/vincentians.com\/es\/susana-guillemin-repeticion-de-oracion-20-de-septiembre-de-1964\/","title":{"rendered":"Susana Guillemin: Repetici\u00f3n de oraci\u00f3n, 20 de septiembre de 1964"},"content":{"rendered":"<dl id=\"attachment_33649\" class=\"wp-caption alignright\" style=\"width: 247px\">\n<dt class=\"wp-caption-dt\"><a href=\"https:\/\/i0.wp.com\/vicencianos.org\/wp-content\/2011\/04\/susana_guillemin.jpg\"><img data-recalc-dims=\"1\" loading=\"lazy\" decoding=\"async\" class=\"size-medium wp-image-33649\" title=\"Susana Guillemin, H.C.\" src=\"https:\/\/i0.wp.com\/vicencianos.org\/wp-content\/2011\/04\/susana_guillemin-237x300.jpg?resize=237%2C300\" alt=\"Susana Guillemin, H.C.\" width=\"237\" height=\"300\" \/><\/a><\/dt>\n<dd class=\"wp-caption-dd\">Susana Guillemin, H.C.<\/dd>\n<\/dl>\n<p><strong> <\/strong><strong><\/strong><\/p>\n<p><strong>A la comunidad<\/strong><\/p>\n<p>El clima en que ha transcurrido para nosotras este retiro, ha sido ante todo un clima de unidad. Nos hemos dado cuenta, hemos palpado, hemos sentido que est\u00e1bamos en comunidad perfecta de sentimientos y de voluntad con nuestras Hermanas del mundo entero. Toda la Comunidad ha estado, y estar\u00e1 ma\u00f1ana por la ma\u00f1ana, en presencia de su Dios para presentarle una ofrenda de la que El solo puede evaluar el precio.<\/p>\n<p>Porque, en realidad, lo que ofrecemos a Dios no es el sacrificio de un cambio de tejido y de forma de h\u00e1bito, que sab\u00edamos era bello, con una belleza cl\u00e1sica. Lo que ofrecemos es mucho m\u00e1s que eso: es la reputaci\u00f3n ligada a ese h\u00e1bito, es la santidad, la virtud, la caridad, el fervor misionero que las que nos han precedido hab\u00edan transmitido a ese h\u00e1bito y que reca\u00eda en nosotras. Es la filiaci\u00f3n exterior que nos un\u00eda a ellas. Lo que ofrecernos es, todav\u00eda m\u00e1s, esa proximidad, esa cercan\u00eda al pueblo que nos daba nuestra corneta, esa especie de lazo de parentesco que establec\u00eda entre los pobres y nosotras.<\/p>\n<p>En cada una de las Provincias, en cada una de las casas, en el coraz\u00f3n de cada una de las Hermanas, el sacrificio se siente de manera personal, particular, matizado por sus circunstancias&#8230; pero en todas partes se siente muy profundamente; por lo dem\u00e1s, esto es lo que comunica su valor.<\/p>\n<p>Todo esto es lo que, ma\u00f1ana, vamos a presentar a Dios, ese haz de sacrificios, esa suma de sufrimientos; sufrimiento de nuestras Hermanas mayores, de nuestras Hermanas misioneras, de nuestras Hermanas que se hallan en peligro y para las que el h\u00e1bito es con frecuencia una salvaguarda, sufrimiento de nuestros pobres, de nuestros enfermos, de todos los que nos quieren, amigos, familia&#8230;<\/p>\n<p>Todo eso es nuestra ofrenda, y se la presentaremos al Se\u00f1or con la alegr\u00eda de tener algo que ofrecerle, y d\u00e1ndole grac\u00edas, sobre todo, de poder hacerlo en una perfecta unanimidad. S\u00ed, tenemos que entrar en acci\u00f3n de gracias, tenemos que agradecer al Se\u00f1or que haya permitido que, a pesar de inmensas dificultades, ni una sola de entre nosotras, ni una sola de nuestras Provincias, haya retrocedido ante el sacrificio y rehusado la obediencia. Todas est\u00e1n unidas a nosotras en el m\u00e1s hermoso esp\u00edritu de Fe, y todas llevar\u00e1n ma\u00f1ana a cabo el mismo acto, con excepci\u00f3n de las que sufren en la Iglesia del Silencio o de las que, Por obediencia, llevan vestido seglar para mantener la presencia de Dios en ciertos pa\u00edses. Pero \u00e9stas tambi\u00e9n est\u00e1n unidas a nosotras de coraz\u00f3n, de esp\u00edritu y con todas las fibras de su ser.<\/p>\n<p>Lo que pasa por encima de todo, lo que est\u00e1 a la base de todas las decisiones tomadas, es la obediencia, a Dios y a la Iglesia. La obediencia: todo est\u00e1 ah\u00ed. Queremos entrar plena y filialmente en la l\u00ednea trazada por el Sumo Pont\u00edfice. La adaptaci\u00f3n del Santo H\u00e1bito es un signo exterior de nuestra obediencia, de nuestra voluntad de entrar en el trabajo conciliar, de realizar en nosotras mismas \u2014y ese \u00abnosotras mismas\u00bb somos los individuos y es la Comunidad\u2014 la renovaci\u00f3n radical, el reajuste con el Evangelio, que la Iglesia quiere operar en s\u00ed y en cada uno de sus miembros. Nuestra transformaci\u00f3n exterior, llama, exige de nosotras una transformaci\u00f3n interior: por una parte, sin duda, porque nos toca dar a nuestro nuevo atav\u00edo externo ese car\u00e1cter de signo de la caridad y de la pureza, pero tambi\u00e9n y sobre todo, porque el canibio exterior ser\u00eda enga\u00f1oso e ilusorio si el \u00abaggiornamento\u00bb que significa no se realizara en profundidad. Lo exterior es poca cosa; lo importante es el coraz\u00f3n, el alma, la voluntad. Se trata de que seamos una criatura nueva o, mejor dicho, renovada.<\/p>\n<p>De la fuente de nuestros or\u00edgenes debe brotar la misma caridad expresada en formas nuevas, pero siempre la caridad de San Vicente y de Santa Luisa, cuyo ingenio inventivo debe guiarnos hacia nuevas formas de servir a Dios en sus Pobres. La misma humildad, la misma sencillez, deben orientar nuestra forma de. ser. Ma\u00f1ana, aun sin el poderoso auxilio que nos prestaba la corneta, todos deber\u00e1n reconocer, en nosotras a la Hija de la Caridad, sencilla, aut\u00e9ntica, humilde sin afectaci\u00f3n, atenta a todos, desprendida de ella misma, disponible, verdadera enviada del Amor para comunicar es\u00e9 Amor a todos. Tal es nuestra responsabilidad.<\/p>\n<p>Debemos tener como la obsesi\u00f3n de la verdadera caridad y revisar de continuo nuestras actitudes interiores y exteriores para ponerlas de acuerdo con la caridad, Eso&gt; y no el h\u00e1bito, es lo que debe distinguirnos; por todas partes donde nos encontremos deber\u00edamos ser la expresi\u00f3n de la caridad. Y si no queremos enga\u00f1arnos, si queremos Controlar la autenticidad de esa caridad, existe, Hermanas, una prueba que no falla: es la de la caridad entre nosotras. Nuestra caridad con los de fuera no es verdadera caridad si no existe entre nosotras, entre Hermanas. Pongamos especial cuidado en ello.<\/p>\n<p>Nuestra renovaci\u00f3n interior debe hacerse en el mismo sentido que el trabajo actual de la Iglesia. \u00a1Nos resulta tan familiar, por lo dem\u00e1s! Se dir\u00eda que es sencillamente como un resurgir del esp\u00edritu vicenciano. Una Iglesia que quiere ser \u00absierva de los pobres\u00bb, prestar una atenci\u00f3n especial a los que est\u00e1n lejos de Cristo, una inquietud misionera, un clima mariano&#8230; \u00bfacaso no es todo eso, &#8216;precisamente, lo que nosotras tenemos que vivir? El esfuerzo en tal sentido debe ser transparente en nuestra vida.<\/p>\n<p>Por \u00faltimo, Hermanas, no basta con que hagamos, con que presentemos una ofrenda a Dios, tenemos, adem\u00e1s, que ofrecerla con alegr\u00eda. Dios ama al que da con alegr\u00eda. De este sacrificio tienen que nacer un gozo y una inmensa esperanza, porque Dios no se deja vencer en generosidad, y estoy segura de que va a hacer llover sobre la comunidad una gran cantidad de gracias. Dios ha tenido en cuenta el sufrimiento de cada una, sus rebeld\u00edas interiores, sus actos de sumisi\u00f3n, de obediencia, de esp\u00edritu de fe, juntamente con los de todas. Dios ha tenido en cuenta todo eso, y todo eso recaer\u00e1 sobre la Comunidad, as\u00ed lo espero, en gracias de santidad.<\/p>\n<p>Hagamos tambi\u00e9n de esta ofrenda un acto eclesial. El Cardenal Prefecto de la Sagrada Congregaci\u00f3n de Religiosos me dec\u00eda: \u00abNo es s\u00f3lo un acontecimiento de la Comunidad de ustedes, ese cambio de h\u00e1bito que van a hacer es un acontecimiento de Iglesia; es un acontecimiento para el conjunto de las congregaciones religiosas: es un ejemplo que dan ustedes a todas. Despu\u00e9s de esto, nadie podr\u00e1 invocar ning\u00fan pretexto para no hacer lo mismo\u00bb.<\/p>\n<p>Demos gracias al Se\u00f1or por haber permitido que nos mantengamos en esta fidelidad. No nos envanezcamos por ello: la unidad de la Compa\u00f1\u00eda, su voluntad de obediencia, su adhesi\u00f3n sin reserva, no son obra humana, es una gracia de Dios. Es un verdadero milagro de la gracia.<\/p>\n<p>Agradezc\u00e1moselo muy humildemente al Se\u00f1or y pid\u00e1mosle que nos conserve siempre en la misma fidelidad a Dios, a la Iglesia y a nuestros Santos Fundadores.<\/p>\n","protected":false},"excerpt":{"rendered":"<p>Susana Guillemin, H.C. A la comunidad El clima en que ha transcurrido para nosotras este retiro, ha sido ante todo un clima de unidad. Nos hemos dado cuenta, hemos palpado, hemos sentido que est\u00e1bamos en &#8230; <a href=\"http:\/\/vincentians.com\/es\/susana-guillemin-repeticion-de-oracion-20-de-septiembre-de-1964\/\" class=\"more-link\">Read More<\/a><\/p>\n","protected":false},"author":4,"featured_media":393749,"comment_status":"open","ping_status":"open","sticky":false,"template":"","format":"standard","meta":{"jetpack_post_was_ever_published":false,"_jetpack_newsletter_access":"","_jetpack_dont_email_post_to_subs":false,"_jetpack_newsletter_tier_id":0,"_jetpack_memberships_contains_paywalled_content":false,"_jetpack_memberships_contains_paid_content":false,"footnotes":"","jetpack_publicize_message":"","jetpack_publicize_feature_enabled":true,"jetpack_social_post_already_shared":true,"jetpack_social_options":{"image_generator_settings":{"template":"highway","default_image_id":0,"font":"","enabled":false},"version":2}},"categories":[273],"tags":[],"class_list":["post-44371","post","type-post","status-publish","format-standard","has-post-thumbnail","hentry","category-escritos-de-susana-guillemin"],"yoast_head":"<!-- This site is optimized with the Yoast SEO plugin v26.3 - https:\/\/yoast.com\/wordpress\/plugins\/seo\/ -->\n<title>Susana Guillemin: Repetici\u00f3n de oraci\u00f3n, 20 de septiembre de 1964 - Somos Vicencianos<\/title>\n<meta name=\"robots\" content=\"index, follow, max-snippet:-1, max-image-preview:large, max-video-preview:-1\" \/>\n<link rel=\"canonical\" href=\"http:\/\/vincentians.com\/es\/susana-guillemin-repeticion-de-oracion-20-de-septiembre-de-1964\/\" \/>\n<meta property=\"og:locale\" content=\"es_ES\" \/>\n<meta property=\"og:type\" content=\"article\" \/>\n<meta property=\"og:title\" content=\"Susana Guillemin: Repetici\u00f3n de oraci\u00f3n, 20 de septiembre de 1964 - Somos Vicencianos\" \/>\n<meta property=\"og:description\" content=\"Susana Guillemin, H.C. A la comunidad El clima en que ha transcurrido para nosotras este retiro, ha sido ante todo un clima de unidad. Nos hemos dado cuenta, hemos palpado, hemos sentido que est\u00e1bamos en ... Read More\" \/>\n<meta property=\"og:url\" content=\"http:\/\/vincentians.com\/es\/susana-guillemin-repeticion-de-oracion-20-de-septiembre-de-1964\/\" \/>\n<meta property=\"og:site_name\" content=\"Somos Vicencianos\" \/>\n<meta property=\"article:publisher\" content=\"https:\/\/www.facebook.com\/WeAreVincentians\/\" \/>\n<meta property=\"article:author\" content=\"https:\/\/www.facebook.com\/JavierChento\" \/>\n<meta property=\"article:published_time\" content=\"2011-07-11T00:22:57+00:00\" \/>\n<meta property=\"og:image\" content=\"https:\/\/i0.wp.com\/vincentians.com\/es\/wp-content\/uploads\/sites\/11\/2016\/07\/escritos-guillemin.jpg?fit=1200%2C630\" \/>\n\t<meta property=\"og:image:width\" content=\"1200\" \/>\n\t<meta property=\"og:image:height\" content=\"630\" \/>\n\t<meta property=\"og:image:type\" content=\"image\/jpeg\" \/>\n<meta name=\"author\" content=\"Francisco Javier Fern\u00e1ndez Chento\" \/>\n<meta name=\"twitter:card\" content=\"summary_large_image\" \/>\n<meta name=\"twitter:creator\" content=\"@https:\/\/twitter.com\/javierchento\" \/>\n<meta name=\"twitter:site\" content=\"@WeVincentians\" \/>\n<meta name=\"twitter:label1\" content=\"Escrito por\" \/>\n\t<meta name=\"twitter:data1\" content=\"Francisco Javier Fern\u00e1ndez Chento\" \/>\n\t<meta name=\"twitter:label2\" content=\"Tiempo de lectura\" \/>\n\t<meta name=\"twitter:data2\" content=\"6 minutos\" \/>\n<script type=\"application\/ld+json\" class=\"yoast-schema-graph\">{\"@context\":\"https:\/\/schema.org\",\"@graph\":[{\"@type\":\"Article\",\"@id\":\"http:\/\/vincentians.com\/es\/susana-guillemin-repeticion-de-oracion-20-de-septiembre-de-1964\/#article\",\"isPartOf\":{\"@id\":\"http:\/\/vincentians.com\/es\/susana-guillemin-repeticion-de-oracion-20-de-septiembre-de-1964\/\"},\"author\":{\"name\":\"Francisco Javier Fern\u00e1ndez Chento\",\"@id\":\"http:\/\/vincentians.com\/es\/#\/schema\/person\/9623ef4d9aa3b2dfb8c061f1499288f2\"},\"headline\":\"Susana Guillemin: Repetici\u00f3n de oraci\u00f3n, 20 de septiembre de 1964\",\"datePublished\":\"2011-07-11T00:22:57+00:00\",\"mainEntityOfPage\":{\"@id\":\"http:\/\/vincentians.com\/es\/susana-guillemin-repeticion-de-oracion-20-de-septiembre-de-1964\/\"},\"wordCount\":1271,\"commentCount\":0,\"publisher\":{\"@id\":\"http:\/\/vincentians.com\/es\/#organization\"},\"image\":{\"@id\":\"http:\/\/vincentians.com\/es\/susana-guillemin-repeticion-de-oracion-20-de-septiembre-de-1964\/#primaryimage\"},\"thumbnailUrl\":\"https:\/\/i0.wp.com\/vincentians.com\/es\/wp-content\/uploads\/sites\/11\/2016\/07\/escritos-guillemin.jpg?fit=1200%2C630\",\"articleSection\":[\"Escritos de Susana Guillemin\"],\"inLanguage\":\"es\",\"potentialAction\":[{\"@type\":\"CommentAction\",\"name\":\"Comment\",\"target\":[\"http:\/\/vincentians.com\/es\/susana-guillemin-repeticion-de-oracion-20-de-septiembre-de-1964\/#respond\"]}]},{\"@type\":\"WebPage\",\"@id\":\"http:\/\/vincentians.com\/es\/susana-guillemin-repeticion-de-oracion-20-de-septiembre-de-1964\/\",\"url\":\"http:\/\/vincentians.com\/es\/susana-guillemin-repeticion-de-oracion-20-de-septiembre-de-1964\/\",\"name\":\"Susana Guillemin: Repetici\u00f3n de oraci\u00f3n, 20 de septiembre de 1964 - Somos Vicencianos\",\"isPartOf\":{\"@id\":\"http:\/\/vincentians.com\/es\/#website\"},\"primaryImageOfPage\":{\"@id\":\"http:\/\/vincentians.com\/es\/susana-guillemin-repeticion-de-oracion-20-de-septiembre-de-1964\/#primaryimage\"},\"image\":{\"@id\":\"http:\/\/vincentians.com\/es\/susana-guillemin-repeticion-de-oracion-20-de-septiembre-de-1964\/#primaryimage\"},\"thumbnailUrl\":\"https:\/\/i0.wp.com\/vincentians.com\/es\/wp-content\/uploads\/sites\/11\/2016\/07\/escritos-guillemin.jpg?fit=1200%2C630\",\"datePublished\":\"2011-07-11T00:22:57+00:00\",\"breadcrumb\":{\"@id\":\"http:\/\/vincentians.com\/es\/susana-guillemin-repeticion-de-oracion-20-de-septiembre-de-1964\/#breadcrumb\"},\"inLanguage\":\"es\",\"potentialAction\":[{\"@type\":\"ReadAction\",\"target\":[\"http:\/\/vincentians.com\/es\/susana-guillemin-repeticion-de-oracion-20-de-septiembre-de-1964\/\"]}]},{\"@type\":\"ImageObject\",\"inLanguage\":\"es\",\"@id\":\"http:\/\/vincentians.com\/es\/susana-guillemin-repeticion-de-oracion-20-de-septiembre-de-1964\/#primaryimage\",\"url\":\"https:\/\/i0.wp.com\/vincentians.com\/es\/wp-content\/uploads\/sites\/11\/2016\/07\/escritos-guillemin.jpg?fit=1200%2C630\",\"contentUrl\":\"https:\/\/i0.wp.com\/vincentians.com\/es\/wp-content\/uploads\/sites\/11\/2016\/07\/escritos-guillemin.jpg?fit=1200%2C630\",\"width\":1200,\"height\":630},{\"@type\":\"BreadcrumbList\",\"@id\":\"http:\/\/vincentians.com\/es\/susana-guillemin-repeticion-de-oracion-20-de-septiembre-de-1964\/#breadcrumb\",\"itemListElement\":[{\"@type\":\"ListItem\",\"position\":1,\"name\":\"Portada\",\"item\":\"http:\/\/vincentians.com\/es\/\"},{\"@type\":\"ListItem\",\"position\":2,\"name\":\"Susana Guillemin: Repetici\u00f3n de oraci\u00f3n, 20 de septiembre de 1964\"}]},{\"@type\":\"WebSite\",\"@id\":\"http:\/\/vincentians.com\/es\/#website\",\"url\":\"http:\/\/vincentians.com\/es\/\",\"name\":\"Somos Vicencianos\",\"description\":\"Know more to serve more\",\"publisher\":{\"@id\":\"http:\/\/vincentians.com\/es\/#organization\"},\"potentialAction\":[{\"@type\":\"SearchAction\",\"target\":{\"@type\":\"EntryPoint\",\"urlTemplate\":\"http:\/\/vincentians.com\/es\/?s={search_term_string}\"},\"query-input\":{\"@type\":\"PropertyValueSpecification\",\"valueRequired\":true,\"valueName\":\"search_term_string\"}}],\"inLanguage\":\"es\"},{\"@type\":\"Organization\",\"@id\":\"http:\/\/vincentians.com\/es\/#organization\",\"name\":\"The Vincentian Network\",\"url\":\"http:\/\/vincentians.com\/es\/\",\"logo\":{\"@type\":\"ImageObject\",\"inLanguage\":\"es\",\"@id\":\"http:\/\/vincentians.com\/es\/#\/schema\/logo\/image\/\",\"url\":\"https:\/\/i1.wp.com\/vincentians.com\/es\/wp-content\/uploads\/sites\/11\/2016\/06\/Vincentian-Network-logo-big.png?fit=778%2C778\",\"contentUrl\":\"https:\/\/i1.wp.com\/vincentians.com\/es\/wp-content\/uploads\/sites\/11\/2016\/06\/Vincentian-Network-logo-big.png?fit=778%2C778\",\"width\":778,\"height\":778,\"caption\":\"The Vincentian Network\"},\"image\":{\"@id\":\"http:\/\/vincentians.com\/es\/#\/schema\/logo\/image\/\"},\"sameAs\":[\"https:\/\/www.facebook.com\/WeAreVincentians\/\",\"https:\/\/x.com\/WeVincentians\"]},{\"@type\":\"Person\",\"@id\":\"http:\/\/vincentians.com\/es\/#\/schema\/person\/9623ef4d9aa3b2dfb8c061f1499288f2\",\"name\":\"Francisco Javier Fern\u00e1ndez Chento\",\"image\":{\"@type\":\"ImageObject\",\"inLanguage\":\"es\",\"@id\":\"http:\/\/vincentians.com\/es\/#\/schema\/person\/image\/\",\"url\":\"https:\/\/secure.gravatar.com\/avatar\/497d5cde87b4c3d097d0315953521681ba2cd523ee66e5077c3711f7021e65de?s=96&d=mm&r=g\",\"contentUrl\":\"https:\/\/secure.gravatar.com\/avatar\/497d5cde87b4c3d097d0315953521681ba2cd523ee66e5077c3711f7021e65de?s=96&d=mm&r=g\",\"caption\":\"Francisco Javier Fern\u00e1ndez Chento\"},\"description\":\"Director General y cofundador de La Red de Formaci\u00f3n Vicenciana. Javier es laico vicenciano, afiliado a la Congregaci\u00f3n de la Misi\u00f3n y miembro del Equipo de Misiones Populares de la provincia can\u00f3nica de Zaragoza (Espa\u00f1a) de la Congregaci\u00f3n de la Misi\u00f3n. Graduado en la Universidad Oberta de Catalunya con cuatro grados (Asistente de direcci\u00f3n, Gesti\u00f3n Administrativa, Recursos Humanos y Contabilidad Avanzada). Bil\u00edng\u00fce Espa\u00f1ol\/Ingl\u00e9s. gestiona y mantiene varias p\u00e1ginas web cristianas y vicencianas, incluida including La Red de Formaci\u00f3n Vicenciana, de la que es cofundador. Actualmente es responsable del \u00e1rea de Espa\u00f1ol de .famvin, la Red de Noticias de la Familia Vicenciana. Tambi\u00e9n es m\u00fasico cat\u00f3lico y ha editado varios discos. Es Director General y cofundador de Trovador, una reconocida compa\u00f1\u00eda discogr\u00e1fica critiana de Espa\u00f1a. Trabaja en las Tecnolog\u00edas de la Informaci\u00f3n, ofreciendo servicios de alojamiento, dise\u00f1o y mantenimiento Web, as\u00ed como asesoramiento, formaci\u00f3n y soluciones inform\u00e1ticas, gesti\u00f3n documental y digitalizaci\u00f3n de textos, edici\u00f3n y maquetaci\u00f3n de libros, revistas, flyers, etc.\",\"sameAs\":[\"http:\/\/chento.org\",\"https:\/\/www.facebook.com\/JavierChento\",\"https:\/\/x.com\/https:\/\/twitter.com\/javierchento\"],\"url\":\"http:\/\/vincentians.com\/es\/author\/chento\/\"}]}<\/script>\n<!-- \/ Yoast SEO plugin. -->","yoast_head_json":{"title":"Susana Guillemin: Repetici\u00f3n de oraci\u00f3n, 20 de septiembre de 1964 - Somos Vicencianos","robots":{"index":"index","follow":"follow","max-snippet":"max-snippet:-1","max-image-preview":"max-image-preview:large","max-video-preview":"max-video-preview:-1"},"canonical":"http:\/\/vincentians.com\/es\/susana-guillemin-repeticion-de-oracion-20-de-septiembre-de-1964\/","og_locale":"es_ES","og_type":"article","og_title":"Susana Guillemin: Repetici\u00f3n de oraci\u00f3n, 20 de septiembre de 1964 - Somos Vicencianos","og_description":"Susana Guillemin, H.C. A la comunidad El clima en que ha transcurrido para nosotras este retiro, ha sido ante todo un clima de unidad. Nos hemos dado cuenta, hemos palpado, hemos sentido que est\u00e1bamos en ... Read More","og_url":"http:\/\/vincentians.com\/es\/susana-guillemin-repeticion-de-oracion-20-de-septiembre-de-1964\/","og_site_name":"Somos Vicencianos","article_publisher":"https:\/\/www.facebook.com\/WeAreVincentians\/","article_author":"https:\/\/www.facebook.com\/JavierChento","article_published_time":"2011-07-11T00:22:57+00:00","og_image":[{"width":1200,"height":630,"url":"https:\/\/i0.wp.com\/vincentians.com\/es\/wp-content\/uploads\/sites\/11\/2016\/07\/escritos-guillemin.jpg?fit=1200%2C630","type":"image\/jpeg"}],"author":"Francisco Javier Fern\u00e1ndez Chento","twitter_card":"summary_large_image","twitter_creator":"@https:\/\/twitter.com\/javierchento","twitter_site":"@WeVincentians","twitter_misc":{"Escrito por":"Francisco Javier Fern\u00e1ndez Chento","Tiempo de lectura":"6 minutos"},"schema":{"@context":"https:\/\/schema.org","@graph":[{"@type":"Article","@id":"http:\/\/vincentians.com\/es\/susana-guillemin-repeticion-de-oracion-20-de-septiembre-de-1964\/#article","isPartOf":{"@id":"http:\/\/vincentians.com\/es\/susana-guillemin-repeticion-de-oracion-20-de-septiembre-de-1964\/"},"author":{"name":"Francisco Javier Fern\u00e1ndez Chento","@id":"http:\/\/vincentians.com\/es\/#\/schema\/person\/9623ef4d9aa3b2dfb8c061f1499288f2"},"headline":"Susana Guillemin: Repetici\u00f3n de oraci\u00f3n, 20 de septiembre de 1964","datePublished":"2011-07-11T00:22:57+00:00","mainEntityOfPage":{"@id":"http:\/\/vincentians.com\/es\/susana-guillemin-repeticion-de-oracion-20-de-septiembre-de-1964\/"},"wordCount":1271,"commentCount":0,"publisher":{"@id":"http:\/\/vincentians.com\/es\/#organization"},"image":{"@id":"http:\/\/vincentians.com\/es\/susana-guillemin-repeticion-de-oracion-20-de-septiembre-de-1964\/#primaryimage"},"thumbnailUrl":"https:\/\/i0.wp.com\/vincentians.com\/es\/wp-content\/uploads\/sites\/11\/2016\/07\/escritos-guillemin.jpg?fit=1200%2C630","articleSection":["Escritos de Susana Guillemin"],"inLanguage":"es","potentialAction":[{"@type":"CommentAction","name":"Comment","target":["http:\/\/vincentians.com\/es\/susana-guillemin-repeticion-de-oracion-20-de-septiembre-de-1964\/#respond"]}]},{"@type":"WebPage","@id":"http:\/\/vincentians.com\/es\/susana-guillemin-repeticion-de-oracion-20-de-septiembre-de-1964\/","url":"http:\/\/vincentians.com\/es\/susana-guillemin-repeticion-de-oracion-20-de-septiembre-de-1964\/","name":"Susana Guillemin: Repetici\u00f3n de oraci\u00f3n, 20 de septiembre de 1964 - Somos Vicencianos","isPartOf":{"@id":"http:\/\/vincentians.com\/es\/#website"},"primaryImageOfPage":{"@id":"http:\/\/vincentians.com\/es\/susana-guillemin-repeticion-de-oracion-20-de-septiembre-de-1964\/#primaryimage"},"image":{"@id":"http:\/\/vincentians.com\/es\/susana-guillemin-repeticion-de-oracion-20-de-septiembre-de-1964\/#primaryimage"},"thumbnailUrl":"https:\/\/i0.wp.com\/vincentians.com\/es\/wp-content\/uploads\/sites\/11\/2016\/07\/escritos-guillemin.jpg?fit=1200%2C630","datePublished":"2011-07-11T00:22:57+00:00","breadcrumb":{"@id":"http:\/\/vincentians.com\/es\/susana-guillemin-repeticion-de-oracion-20-de-septiembre-de-1964\/#breadcrumb"},"inLanguage":"es","potentialAction":[{"@type":"ReadAction","target":["http:\/\/vincentians.com\/es\/susana-guillemin-repeticion-de-oracion-20-de-septiembre-de-1964\/"]}]},{"@type":"ImageObject","inLanguage":"es","@id":"http:\/\/vincentians.com\/es\/susana-guillemin-repeticion-de-oracion-20-de-septiembre-de-1964\/#primaryimage","url":"https:\/\/i0.wp.com\/vincentians.com\/es\/wp-content\/uploads\/sites\/11\/2016\/07\/escritos-guillemin.jpg?fit=1200%2C630","contentUrl":"https:\/\/i0.wp.com\/vincentians.com\/es\/wp-content\/uploads\/sites\/11\/2016\/07\/escritos-guillemin.jpg?fit=1200%2C630","width":1200,"height":630},{"@type":"BreadcrumbList","@id":"http:\/\/vincentians.com\/es\/susana-guillemin-repeticion-de-oracion-20-de-septiembre-de-1964\/#breadcrumb","itemListElement":[{"@type":"ListItem","position":1,"name":"Portada","item":"http:\/\/vincentians.com\/es\/"},{"@type":"ListItem","position":2,"name":"Susana Guillemin: Repetici\u00f3n de oraci\u00f3n, 20 de septiembre de 1964"}]},{"@type":"WebSite","@id":"http:\/\/vincentians.com\/es\/#website","url":"http:\/\/vincentians.com\/es\/","name":"Somos Vicencianos","description":"Know more to serve more","publisher":{"@id":"http:\/\/vincentians.com\/es\/#organization"},"potentialAction":[{"@type":"SearchAction","target":{"@type":"EntryPoint","urlTemplate":"http:\/\/vincentians.com\/es\/?s={search_term_string}"},"query-input":{"@type":"PropertyValueSpecification","valueRequired":true,"valueName":"search_term_string"}}],"inLanguage":"es"},{"@type":"Organization","@id":"http:\/\/vincentians.com\/es\/#organization","name":"The Vincentian Network","url":"http:\/\/vincentians.com\/es\/","logo":{"@type":"ImageObject","inLanguage":"es","@id":"http:\/\/vincentians.com\/es\/#\/schema\/logo\/image\/","url":"https:\/\/i1.wp.com\/vincentians.com\/es\/wp-content\/uploads\/sites\/11\/2016\/06\/Vincentian-Network-logo-big.png?fit=778%2C778","contentUrl":"https:\/\/i1.wp.com\/vincentians.com\/es\/wp-content\/uploads\/sites\/11\/2016\/06\/Vincentian-Network-logo-big.png?fit=778%2C778","width":778,"height":778,"caption":"The Vincentian Network"},"image":{"@id":"http:\/\/vincentians.com\/es\/#\/schema\/logo\/image\/"},"sameAs":["https:\/\/www.facebook.com\/WeAreVincentians\/","https:\/\/x.com\/WeVincentians"]},{"@type":"Person","@id":"http:\/\/vincentians.com\/es\/#\/schema\/person\/9623ef4d9aa3b2dfb8c061f1499288f2","name":"Francisco Javier Fern\u00e1ndez Chento","image":{"@type":"ImageObject","inLanguage":"es","@id":"http:\/\/vincentians.com\/es\/#\/schema\/person\/image\/","url":"https:\/\/secure.gravatar.com\/avatar\/497d5cde87b4c3d097d0315953521681ba2cd523ee66e5077c3711f7021e65de?s=96&d=mm&r=g","contentUrl":"https:\/\/secure.gravatar.com\/avatar\/497d5cde87b4c3d097d0315953521681ba2cd523ee66e5077c3711f7021e65de?s=96&d=mm&r=g","caption":"Francisco Javier Fern\u00e1ndez Chento"},"description":"Director General y cofundador de La Red de Formaci\u00f3n Vicenciana. Javier es laico vicenciano, afiliado a la Congregaci\u00f3n de la Misi\u00f3n y miembro del Equipo de Misiones Populares de la provincia can\u00f3nica de Zaragoza (Espa\u00f1a) de la Congregaci\u00f3n de la Misi\u00f3n. Graduado en la Universidad Oberta de Catalunya con cuatro grados (Asistente de direcci\u00f3n, Gesti\u00f3n Administrativa, Recursos Humanos y Contabilidad Avanzada). Bil\u00edng\u00fce Espa\u00f1ol\/Ingl\u00e9s. gestiona y mantiene varias p\u00e1ginas web cristianas y vicencianas, incluida including La Red de Formaci\u00f3n Vicenciana, de la que es cofundador. Actualmente es responsable del \u00e1rea de Espa\u00f1ol de .famvin, la Red de Noticias de la Familia Vicenciana. Tambi\u00e9n es m\u00fasico cat\u00f3lico y ha editado varios discos. Es Director General y cofundador de Trovador, una reconocida compa\u00f1\u00eda discogr\u00e1fica critiana de Espa\u00f1a. Trabaja en las Tecnolog\u00edas de la Informaci\u00f3n, ofreciendo servicios de alojamiento, dise\u00f1o y mantenimiento Web, as\u00ed como asesoramiento, formaci\u00f3n y soluciones inform\u00e1ticas, gesti\u00f3n documental y digitalizaci\u00f3n de textos, edici\u00f3n y maquetaci\u00f3n de libros, revistas, flyers, etc.","sameAs":["http:\/\/chento.org","https:\/\/www.facebook.com\/JavierChento","https:\/\/x.com\/https:\/\/twitter.com\/javierchento"],"url":"http:\/\/vincentians.com\/es\/author\/chento\/"}]}},"jetpack_publicize_connections":[],"jetpack_featured_media_url":"https:\/\/i0.wp.com\/vincentians.com\/es\/wp-content\/uploads\/sites\/11\/2016\/07\/escritos-guillemin.jpg?fit=1200%2C630","jetpack_sharing_enabled":true,"jetpack_shortlink":"https:\/\/wp.me\/p7ETMF-bxF","jetpack-related-posts":[{"id":41743,"url":"http:\/\/vincentians.com\/es\/susana-guillemin-repeticion-de-oracion-mayo-de-1958\/","url_meta":{"origin":44371,"position":0},"title":"Susana Guillemin: Repetici\u00f3n de oraci\u00f3n, Mayo de 1958","author":"Francisco Javier Fern\u00e1ndez Chento","date":"11\/06\/2011","format":false,"excerpt":"Susana Guillemin, H.C.En cada retiro llegamos a la comprobaci\u00f3n de nuestra falta de fervor. Es que toda vida que no est\u00e1 polarizada en la Eucarist\u00eda no tiene estabilidad. \u00bfTenemos aut\u00e9ntica Fe en la Eucarist\u00eda? \u00bfPensamos con frecuencia en esa presencia tan cercana? \u00bfCu\u00e1les son nuestras disposiciones hacia Ella? Nos acostumbramos\u2026","rel":"","context":"En \u00abEscritos de Susana Guillemin\u00bb","block_context":{"text":"Escritos de Susana Guillemin","link":"http:\/\/vincentians.com\/es\/category\/escritos\/escritos-de-susana-guillemin\/"},"img":{"alt_text":"","src":"https:\/\/i0.wp.com\/vincentians.com\/es\/wp-content\/uploads\/sites\/11\/2016\/07\/escritos-guillemin.jpg?fit=1200%2C630&resize=350%2C200","width":350,"height":200,"srcset":"https:\/\/i0.wp.com\/vincentians.com\/es\/wp-content\/uploads\/sites\/11\/2016\/07\/escritos-guillemin.jpg?fit=1200%2C630&resize=350%2C200 1x, https:\/\/i0.wp.com\/vincentians.com\/es\/wp-content\/uploads\/sites\/11\/2016\/07\/escritos-guillemin.jpg?fit=1200%2C630&resize=525%2C300 1.5x, https:\/\/i0.wp.com\/vincentians.com\/es\/wp-content\/uploads\/sites\/11\/2016\/07\/escritos-guillemin.jpg?fit=1200%2C630&resize=700%2C400 2x, https:\/\/i0.wp.com\/vincentians.com\/es\/wp-content\/uploads\/sites\/11\/2016\/07\/escritos-guillemin.jpg?fit=1200%2C630&resize=1050%2C600 3x"},"classes":[]},{"id":42215,"url":"http:\/\/vincentians.com\/es\/susana-guillemin-repeticion-de-oracion-21-de-agosto-de-1960\/","url_meta":{"origin":44371,"position":1},"title":"Susana Guillemin: Repetici\u00f3n de oraci\u00f3n, 21 de agosto de 1960","author":"Francisco Javier Fern\u00e1ndez Chento","date":"28\/06\/2011","format":false,"excerpt":"Susana Guillemin, H.C. La devoci\u00f3n a la Sant\u00edsima Virgen que existe en la Compa\u00f1\u00eda desde su nacimiento, es fruto de la oraci\u00f3n de Santa Luisa, penetrada de los dones del Esp\u00edritu Santo. \u00bfC\u00f3mo podremos, a imitaci\u00f3n suya, comprender e imitar mejor a la Sant\u00edsima Virgen? Dediquemos a ello varias de\u2026","rel":"","context":"En \u00abEscritos de Susana Guillemin\u00bb","block_context":{"text":"Escritos de Susana Guillemin","link":"http:\/\/vincentians.com\/es\/category\/escritos\/escritos-de-susana-guillemin\/"},"img":{"alt_text":"","src":"https:\/\/i0.wp.com\/vincentians.com\/es\/wp-content\/uploads\/sites\/11\/2016\/07\/escritos-guillemin.jpg?fit=1200%2C630&resize=350%2C200","width":350,"height":200,"srcset":"https:\/\/i0.wp.com\/vincentians.com\/es\/wp-content\/uploads\/sites\/11\/2016\/07\/escritos-guillemin.jpg?fit=1200%2C630&resize=350%2C200 1x, https:\/\/i0.wp.com\/vincentians.com\/es\/wp-content\/uploads\/sites\/11\/2016\/07\/escritos-guillemin.jpg?fit=1200%2C630&resize=525%2C300 1.5x, https:\/\/i0.wp.com\/vincentians.com\/es\/wp-content\/uploads\/sites\/11\/2016\/07\/escritos-guillemin.jpg?fit=1200%2C630&resize=700%2C400 2x, https:\/\/i0.wp.com\/vincentians.com\/es\/wp-content\/uploads\/sites\/11\/2016\/07\/escritos-guillemin.jpg?fit=1200%2C630&resize=1050%2C600 3x"},"classes":[]},{"id":42206,"url":"http:\/\/vincentians.com\/es\/susana-guillemin-repeticion-de-oracion-11-de-junio-de-1959\/","url_meta":{"origin":44371,"position":2},"title":"Susana Guillemin: Repetici\u00f3n de oraci\u00f3n, 11 de junio de 1959","author":"Francisco Javier Fern\u00e1ndez Chento","date":"19\/06\/2011","format":false,"excerpt":"Susana Guillemin, H.C. Tenemos que entrar en acci\u00f3n de gracias: \u2014\u00a0 por el favor que Dios nos ha concedido de ser crist\u00edanas, \u2014\u00a0 por nuestro nacimiento en una familia cristiana, \u2014\u00a0 por haber sido por el bautismo, educadores en el seno de la iglesia, \u2014\u00a0 por nuestro ingreso en la\u2026","rel":"","context":"En \u00abEscritos de Susana Guillemin\u00bb","block_context":{"text":"Escritos de Susana Guillemin","link":"http:\/\/vincentians.com\/es\/category\/escritos\/escritos-de-susana-guillemin\/"},"img":{"alt_text":"","src":"https:\/\/i0.wp.com\/vincentians.com\/es\/wp-content\/uploads\/sites\/11\/2016\/07\/escritos-guillemin.jpg?fit=1200%2C630&resize=350%2C200","width":350,"height":200,"srcset":"https:\/\/i0.wp.com\/vincentians.com\/es\/wp-content\/uploads\/sites\/11\/2016\/07\/escritos-guillemin.jpg?fit=1200%2C630&resize=350%2C200 1x, https:\/\/i0.wp.com\/vincentians.com\/es\/wp-content\/uploads\/sites\/11\/2016\/07\/escritos-guillemin.jpg?fit=1200%2C630&resize=525%2C300 1.5x, https:\/\/i0.wp.com\/vincentians.com\/es\/wp-content\/uploads\/sites\/11\/2016\/07\/escritos-guillemin.jpg?fit=1200%2C630&resize=700%2C400 2x, https:\/\/i0.wp.com\/vincentians.com\/es\/wp-content\/uploads\/sites\/11\/2016\/07\/escritos-guillemin.jpg?fit=1200%2C630&resize=1050%2C600 3x"},"classes":[]},{"id":42216,"url":"http:\/\/vincentians.com\/es\/susana-guillemin-repeticion-de-oracion-28-de-junio-de-1962\/","url_meta":{"origin":44371,"position":3},"title":"Susana Guillemin: Repetici\u00f3n de oraci\u00f3n, 28 de junio de 1962","author":"Francisco Javier Fern\u00e1ndez Chento","date":"29\/06\/2011","format":false,"excerpt":"Susana Guillemin, H.C. A las Hermanas que van a emitir los votos por primera vez Han llegado ustedes, Hermanas, a la v\u00edspera de su Consagraci\u00f3n al Se\u00f1or. Ma\u00f1ana por la ma\u00f1ana, en la Santa Misa, pronunciar\u00e1n las palabras que van a unirlas a Aquel que las ha elegido y escogido\u2026","rel":"","context":"En \u00abEscritos de Susana Guillemin\u00bb","block_context":{"text":"Escritos de Susana Guillemin","link":"http:\/\/vincentians.com\/es\/category\/escritos\/escritos-de-susana-guillemin\/"},"img":{"alt_text":"","src":"https:\/\/i0.wp.com\/vincentians.com\/es\/wp-content\/uploads\/sites\/11\/2016\/07\/escritos-guillemin.jpg?fit=1200%2C630&resize=350%2C200","width":350,"height":200,"srcset":"https:\/\/i0.wp.com\/vincentians.com\/es\/wp-content\/uploads\/sites\/11\/2016\/07\/escritos-guillemin.jpg?fit=1200%2C630&resize=350%2C200 1x, https:\/\/i0.wp.com\/vincentians.com\/es\/wp-content\/uploads\/sites\/11\/2016\/07\/escritos-guillemin.jpg?fit=1200%2C630&resize=525%2C300 1.5x, https:\/\/i0.wp.com\/vincentians.com\/es\/wp-content\/uploads\/sites\/11\/2016\/07\/escritos-guillemin.jpg?fit=1200%2C630&resize=700%2C400 2x, https:\/\/i0.wp.com\/vincentians.com\/es\/wp-content\/uploads\/sites\/11\/2016\/07\/escritos-guillemin.jpg?fit=1200%2C630&resize=1050%2C600 3x"},"classes":[]},{"id":44379,"url":"http:\/\/vincentians.com\/es\/susana-guillemin-repeticion-de-oracion-14-de-marzo-de-1967\/","url_meta":{"origin":44371,"position":4},"title":"Susana Guillemin: Repetici\u00f3n de oraci\u00f3n, 14 de marzo de 1967","author":"Francisco Javier Fern\u00e1ndez Chento","date":"15\/07\/2011","format":false,"excerpt":"Susana Guillemin, H.C. A las Hermanas que van a emitir los Votos por primera vez Hermanas, ma\u00f1ana van ustedes a hacer el acto ciertamente m\u00e1s importante de su vida, el que va a determinar a los ojos de Dios su calidad y su valor. Por medio de los votos que\u2026","rel":"","context":"En \u00abEscritos de Susana Guillemin\u00bb","block_context":{"text":"Escritos de Susana Guillemin","link":"http:\/\/vincentians.com\/es\/category\/escritos\/escritos-de-susana-guillemin\/"},"img":{"alt_text":"","src":"https:\/\/i0.wp.com\/vincentians.com\/es\/wp-content\/uploads\/sites\/11\/2016\/07\/escritos-guillemin.jpg?fit=1200%2C630&resize=350%2C200","width":350,"height":200,"srcset":"https:\/\/i0.wp.com\/vincentians.com\/es\/wp-content\/uploads\/sites\/11\/2016\/07\/escritos-guillemin.jpg?fit=1200%2C630&resize=350%2C200 1x, https:\/\/i0.wp.com\/vincentians.com\/es\/wp-content\/uploads\/sites\/11\/2016\/07\/escritos-guillemin.jpg?fit=1200%2C630&resize=525%2C300 1.5x, https:\/\/i0.wp.com\/vincentians.com\/es\/wp-content\/uploads\/sites\/11\/2016\/07\/escritos-guillemin.jpg?fit=1200%2C630&resize=700%2C400 2x, https:\/\/i0.wp.com\/vincentians.com\/es\/wp-content\/uploads\/sites\/11\/2016\/07\/escritos-guillemin.jpg?fit=1200%2C630&resize=1050%2C600 3x"},"classes":[]},{"id":42212,"url":"http:\/\/vincentians.com\/es\/susana-guillemin-repeticion-de-oracion-10-de-marzo-de-1960\/","url_meta":{"origin":44371,"position":5},"title":"Susana Guillemin: Repetici\u00f3n de oraci\u00f3n, 10 de marzo de 1960","author":"Francisco Javier Fern\u00e1ndez Chento","date":"25\/06\/2011","format":false,"excerpt":"Susana Guillemin, H.C. Siempre estamos en peligro de tentaci\u00f3n y no s\u00f3lo a causa de nuestra debilidad, sino porque tal es la cond\u00edci\u00f3n normal de todo ser que vive en este mundo. En reAlidad, Dios espera de nosotros una prueba \u2014y espera que se la demos a lo largo de\u2026","rel":"","context":"En \u00abEscritos de Susana Guillemin\u00bb","block_context":{"text":"Escritos de Susana Guillemin","link":"http:\/\/vincentians.com\/es\/category\/escritos\/escritos-de-susana-guillemin\/"},"img":{"alt_text":"","src":"https:\/\/i0.wp.com\/vincentians.com\/es\/wp-content\/uploads\/sites\/11\/2016\/07\/escritos-guillemin.jpg?fit=1200%2C630&resize=350%2C200","width":350,"height":200,"srcset":"https:\/\/i0.wp.com\/vincentians.com\/es\/wp-content\/uploads\/sites\/11\/2016\/07\/escritos-guillemin.jpg?fit=1200%2C630&resize=350%2C200 1x, https:\/\/i0.wp.com\/vincentians.com\/es\/wp-content\/uploads\/sites\/11\/2016\/07\/escritos-guillemin.jpg?fit=1200%2C630&resize=525%2C300 1.5x, https:\/\/i0.wp.com\/vincentians.com\/es\/wp-content\/uploads\/sites\/11\/2016\/07\/escritos-guillemin.jpg?fit=1200%2C630&resize=700%2C400 2x, https:\/\/i0.wp.com\/vincentians.com\/es\/wp-content\/uploads\/sites\/11\/2016\/07\/escritos-guillemin.jpg?fit=1200%2C630&resize=1050%2C600 3x"},"classes":[]}],"_links":{"self":[{"href":"http:\/\/vincentians.com\/es\/wp-json\/wp\/v2\/posts\/44371","targetHints":{"allow":["GET"]}}],"collection":[{"href":"http:\/\/vincentians.com\/es\/wp-json\/wp\/v2\/posts"}],"about":[{"href":"http:\/\/vincentians.com\/es\/wp-json\/wp\/v2\/types\/post"}],"author":[{"embeddable":true,"href":"http:\/\/vincentians.com\/es\/wp-json\/wp\/v2\/users\/4"}],"replies":[{"embeddable":true,"href":"http:\/\/vincentians.com\/es\/wp-json\/wp\/v2\/comments?post=44371"}],"version-history":[{"count":0,"href":"http:\/\/vincentians.com\/es\/wp-json\/wp\/v2\/posts\/44371\/revisions"}],"wp:featuredmedia":[{"embeddable":true,"href":"http:\/\/vincentians.com\/es\/wp-json\/wp\/v2\/media\/393749"}],"wp:attachment":[{"href":"http:\/\/vincentians.com\/es\/wp-json\/wp\/v2\/media?parent=44371"}],"wp:term":[{"taxonomy":"category","embeddable":true,"href":"http:\/\/vincentians.com\/es\/wp-json\/wp\/v2\/categories?post=44371"},{"taxonomy":"post_tag","embeddable":true,"href":"http:\/\/vincentians.com\/es\/wp-json\/wp\/v2\/tags?post=44371"}],"curies":[{"name":"wp","href":"https:\/\/api.w.org\/{rel}","templated":true}]}}