{"id":44192,"date":"2011-07-08T02:22:57","date_gmt":"2011-07-08T00:22:57","guid":{"rendered":"http:\/\/somos.vicencianos.org\/blog\/2011\/07\/susana-guillemin-repeticion-de-oracion-24-de-marzo-de-1963-2\/"},"modified":"2011-07-08T02:22:57","modified_gmt":"2011-07-08T00:22:57","slug":"susana-guillemin-repeticion-de-oracion-24-de-marzo-de-1963-2","status":"publish","type":"post","link":"http:\/\/vincentians.com\/es\/susana-guillemin-repeticion-de-oracion-24-de-marzo-de-1963-2\/","title":{"rendered":"Susana Guillemin: Repetici\u00f3n de oraci\u00f3n, 24 de marzo de 1963"},"content":{"rendered":"<dl id=\"attachment_33649\" class=\"wp-caption alignright\" style=\"width: 247px\">\n<dt class=\"wp-caption-dt\"><a href=\"https:\/\/i0.wp.com\/vicencianos.org\/wp-content\/2011\/04\/susana_guillemin.jpg\"><img data-recalc-dims=\"1\" loading=\"lazy\" decoding=\"async\" class=\"size-medium wp-image-33649\" title=\"Susana Guillemin, H.C.\" src=\"https:\/\/i0.wp.com\/vicencianos.org\/wp-content\/2011\/04\/susana_guillemin-237x300.jpg?resize=237%2C300\" alt=\"Susana Guillemin, H.C.\" width=\"237\" height=\"300\" \/><\/a><\/dt>\n<dd class=\"wp-caption-dd\">Susana Guillemin, H.C.<\/dd>\n<\/dl>\n<div>\n<p><strong>A las Hermanas que van a emitir los Votos por primera vez<\/strong><\/p>\n<p>A imitaci\u00f3n de la Virgen y como un eco a su palabra, van ustedes, Hermanas, a pronunciar ma\u00f1ana su propio \u00abFiat\u00bb a Dios. Como Ella, han reflexionado antes de comprometerse; como Ella tambi\u00e9n, inclinan ustedes ahora su cabeza, repitiendo: \u00abH\u00e1gase en m\u00ed seg\u00fan tu palabra, seg\u00fan tu voluntad\u00bb.<\/p>\n<p>Esa aceptaci\u00f3n, ese \u00abh\u00e1gase\u00bb va a ser en adelante su consigna, el santo y seria, la regla de su vida. Desde el coraz\u00f3n habr\u00e1 de subir a los labios a cada manifestaci\u00f3n de la voluntad divina en su vida.<\/p>\n<p><em>F\u00edat, <\/em>h\u00e1gase, a las exigencias de la santa Pobreza que tendr\u00e1n que practicar sujet\u00e1ndose a los m\u00ednimos permisos cotidianos; que tendr\u00e1n que aceptar en la renuncia a las comodidades de la vida, a todo lo superfluo. Si son fieles a la gracia, de la pobreza material pasar\u00e1n, como Cristo, a la pobreza de esp\u00edritu, y descubrir\u00e1n que no s\u00f3lo no poseen nada en la tierra de que puedan disponer, sino que no son nada delante de Dios. Lejos de poner su confianza en su inteligencia, su habilidad, su acci\u00f3n, pondr\u00e1n toda su esperanza en el Se\u00f1or de quien lo esperan todo.<em><\/em><\/p>\n<p><em>F\u00edat, <\/em>h\u00e1gase, a las exigencias de la Castidad. El amor que Dios les tiene no admite divisi\u00f3n; debe reinar en su coraz\u00f3n y a ese amor tendr\u00e1n que hacer referencia todas sus acciones, intenciones y deseos. Ello requiere por parte de ustedes una voluntad firme de poner en Dios solo su alegr\u00eda y felicidad y de velar con diligencia constante para no dejar que su imaginaci\u00f3n y su sensibilidad se detengan en las criaturas. La castidad no est\u00e1 segura m\u00e1s que bajo la guarda de la oraci\u00f3n <em>y <\/em>la mortificaci\u00f3n. \u00abVelad y orad\u00bb, dice el Se\u00f1or.<em><\/em><\/p>\n<\/div>\n<p><em>Fiat, <\/em>h\u00e1gase, a las \u00f3rdenes de la obediencia, obediencia tan dura, tan dif\u00edcil de comprender en nuestra \u00e9poca; pero obediencia que garantizar\u00e1 el cumplimiento de la voluntad de Dios. Obedezcan a sus superiores; todo lo dem\u00e1s es ilusi\u00f3n. Tengan el culto de la voluntad de Dios y de los intermediarios que El se ha escogido para d\u00e1rnosla a conocer. Las ense\u00f1anzas del Santo Padre, de la Iglesia, transmitidas por los Superiores; las prescripciones de las Santas Reglas <em>y <\/em>Constituciones&#8230; bajo la direcci\u00f3n de su Hermana Sirviente, todo ello debe constituir su l\u00ednea de conducta y hacerse acreedor a su obediencia filial.<\/p>\n<p><em>Fiat, <\/em>h\u00e1gase, tambi\u00e9n ante las llamadas de la caridad corporal o espiritual hacia los Pobres, verdadero Cuerpo del Se\u00f1or, que han llegado a ser para ustedes \u00absus Amos y Se\u00f1ores\u00bb. El trabajo de la caridad es pesado de llevar y la obra evang\u00e9lica, dif\u00edcil de cumplir. Requieren algo m\u00e1s que una abnegaci\u00f3n puramente natural o que una buena voluntad. Para realizar la obra de Cristo en las almas, necesitan ustedes vivir de sus ense\u00f1anzas y, como dec\u00eda San Vicente, reproducirlas \u00aba lo vivo\u00bb. No olviden que s\u00f3lo la Caridad suscita la Fe: sea, pues, la Caridad la que inspire todas sus actitudes y las una a todos aquellos \u2014Hermanas, Sacerdotes, Religiosas, Seglares\u2014 que trabajan con ustedes por el Reino de Dios.<em><\/em><\/p>\n<p>Sean, de verdad, a lo largo de toda su vida, \u00abla esclava del Se\u00f1or\u00bb, consagradas a su amor <em>y a <\/em>su servicio como lo fue la Sant\u00edsima Virgen. \u00abEl mundo de hoy \u2014dec\u00eda el Santo Padre en la beatificaci\u00f3n de Madre Seton\u2014 necesita m\u00e1s que nunca de religiosas que le presenten el Evangelio vivo\u00bb. S\u00e9anlo ustedes.<\/p>\n","protected":false},"excerpt":{"rendered":"<p>Susana Guillemin, H.C. A las Hermanas que van a emitir los Votos por primera vez A imitaci\u00f3n de la Virgen y como un eco a su palabra, van ustedes, Hermanas, a pronunciar ma\u00f1ana su propio &#8230; <a href=\"http:\/\/vincentians.com\/es\/susana-guillemin-repeticion-de-oracion-24-de-marzo-de-1963-2\/\" class=\"more-link\">Read More<\/a><\/p>\n","protected":false},"author":4,"featured_media":393749,"comment_status":"open","ping_status":"open","sticky":false,"template":"","format":"standard","meta":{"jetpack_post_was_ever_published":false,"_jetpack_newsletter_access":"","_jetpack_dont_email_post_to_subs":false,"_jetpack_newsletter_tier_id":0,"_jetpack_memberships_contains_paywalled_content":false,"_jetpack_memberships_contains_paid_content":false,"footnotes":"","jetpack_publicize_message":"","jetpack_publicize_feature_enabled":true,"jetpack_social_post_already_shared":true,"jetpack_social_options":{"image_generator_settings":{"template":"highway","default_image_id":0,"font":"","enabled":false},"version":2}},"categories":[273],"tags":[],"class_list":["post-44192","post","type-post","status-publish","format-standard","has-post-thumbnail","hentry","category-escritos-de-susana-guillemin"],"yoast_head":"<!-- This site is optimized with the Yoast SEO plugin v26.3 - https:\/\/yoast.com\/wordpress\/plugins\/seo\/ -->\n<title>Susana Guillemin: Repetici\u00f3n de oraci\u00f3n, 24 de marzo de 1963 - Somos Vicencianos<\/title>\n<meta name=\"robots\" content=\"index, follow, max-snippet:-1, max-image-preview:large, max-video-preview:-1\" \/>\n<link rel=\"canonical\" href=\"http:\/\/vincentians.com\/es\/susana-guillemin-repeticion-de-oracion-24-de-marzo-de-1963-2\/\" \/>\n<meta property=\"og:locale\" content=\"es_ES\" \/>\n<meta property=\"og:type\" content=\"article\" \/>\n<meta property=\"og:title\" content=\"Susana Guillemin: Repetici\u00f3n de oraci\u00f3n, 24 de marzo de 1963 - Somos Vicencianos\" \/>\n<meta property=\"og:description\" content=\"Susana Guillemin, H.C. A las Hermanas que van a emitir los Votos por primera vez A imitaci\u00f3n de la Virgen y como un eco a su palabra, van ustedes, Hermanas, a pronunciar ma\u00f1ana su propio ... Read More\" \/>\n<meta property=\"og:url\" content=\"http:\/\/vincentians.com\/es\/susana-guillemin-repeticion-de-oracion-24-de-marzo-de-1963-2\/\" \/>\n<meta property=\"og:site_name\" content=\"Somos Vicencianos\" \/>\n<meta property=\"article:publisher\" content=\"https:\/\/www.facebook.com\/WeAreVincentians\/\" \/>\n<meta property=\"article:author\" content=\"https:\/\/www.facebook.com\/JavierChento\" \/>\n<meta property=\"article:published_time\" content=\"2011-07-08T00:22:57+00:00\" \/>\n<meta property=\"og:image\" content=\"https:\/\/i0.wp.com\/vincentians.com\/es\/wp-content\/uploads\/sites\/11\/2016\/07\/escritos-guillemin.jpg?fit=1200%2C630\" \/>\n\t<meta property=\"og:image:width\" content=\"1200\" \/>\n\t<meta property=\"og:image:height\" content=\"630\" \/>\n\t<meta property=\"og:image:type\" content=\"image\/jpeg\" \/>\n<meta name=\"author\" content=\"Francisco Javier Fern\u00e1ndez Chento\" \/>\n<meta name=\"twitter:card\" content=\"summary_large_image\" \/>\n<meta name=\"twitter:creator\" content=\"@https:\/\/twitter.com\/javierchento\" \/>\n<meta name=\"twitter:site\" content=\"@WeVincentians\" \/>\n<meta name=\"twitter:label1\" content=\"Escrito por\" \/>\n\t<meta name=\"twitter:data1\" content=\"Francisco Javier Fern\u00e1ndez Chento\" \/>\n\t<meta name=\"twitter:label2\" content=\"Tiempo de lectura\" \/>\n\t<meta name=\"twitter:data2\" content=\"3 minutos\" \/>\n<script type=\"application\/ld+json\" class=\"yoast-schema-graph\">{\"@context\":\"https:\/\/schema.org\",\"@graph\":[{\"@type\":\"Article\",\"@id\":\"http:\/\/vincentians.com\/es\/susana-guillemin-repeticion-de-oracion-24-de-marzo-de-1963-2\/#article\",\"isPartOf\":{\"@id\":\"http:\/\/vincentians.com\/es\/susana-guillemin-repeticion-de-oracion-24-de-marzo-de-1963-2\/\"},\"author\":{\"name\":\"Francisco Javier Fern\u00e1ndez Chento\",\"@id\":\"https:\/\/vincentians.com\/es\/#\/schema\/person\/9623ef4d9aa3b2dfb8c061f1499288f2\"},\"headline\":\"Susana Guillemin: Repetici\u00f3n de oraci\u00f3n, 24 de marzo de 1963\",\"datePublished\":\"2011-07-08T00:22:57+00:00\",\"mainEntityOfPage\":{\"@id\":\"http:\/\/vincentians.com\/es\/susana-guillemin-repeticion-de-oracion-24-de-marzo-de-1963-2\/\"},\"wordCount\":647,\"commentCount\":0,\"publisher\":{\"@id\":\"https:\/\/vincentians.com\/es\/#organization\"},\"image\":{\"@id\":\"http:\/\/vincentians.com\/es\/susana-guillemin-repeticion-de-oracion-24-de-marzo-de-1963-2\/#primaryimage\"},\"thumbnailUrl\":\"https:\/\/i0.wp.com\/vincentians.com\/es\/wp-content\/uploads\/sites\/11\/2016\/07\/escritos-guillemin.jpg?fit=1200%2C630\",\"articleSection\":[\"Escritos de Susana Guillemin\"],\"inLanguage\":\"es\",\"potentialAction\":[{\"@type\":\"CommentAction\",\"name\":\"Comment\",\"target\":[\"http:\/\/vincentians.com\/es\/susana-guillemin-repeticion-de-oracion-24-de-marzo-de-1963-2\/#respond\"]}]},{\"@type\":\"WebPage\",\"@id\":\"http:\/\/vincentians.com\/es\/susana-guillemin-repeticion-de-oracion-24-de-marzo-de-1963-2\/\",\"url\":\"http:\/\/vincentians.com\/es\/susana-guillemin-repeticion-de-oracion-24-de-marzo-de-1963-2\/\",\"name\":\"Susana Guillemin: Repetici\u00f3n de oraci\u00f3n, 24 de marzo de 1963 - Somos Vicencianos\",\"isPartOf\":{\"@id\":\"https:\/\/vincentians.com\/es\/#website\"},\"primaryImageOfPage\":{\"@id\":\"http:\/\/vincentians.com\/es\/susana-guillemin-repeticion-de-oracion-24-de-marzo-de-1963-2\/#primaryimage\"},\"image\":{\"@id\":\"http:\/\/vincentians.com\/es\/susana-guillemin-repeticion-de-oracion-24-de-marzo-de-1963-2\/#primaryimage\"},\"thumbnailUrl\":\"https:\/\/i0.wp.com\/vincentians.com\/es\/wp-content\/uploads\/sites\/11\/2016\/07\/escritos-guillemin.jpg?fit=1200%2C630\",\"datePublished\":\"2011-07-08T00:22:57+00:00\",\"breadcrumb\":{\"@id\":\"http:\/\/vincentians.com\/es\/susana-guillemin-repeticion-de-oracion-24-de-marzo-de-1963-2\/#breadcrumb\"},\"inLanguage\":\"es\",\"potentialAction\":[{\"@type\":\"ReadAction\",\"target\":[\"http:\/\/vincentians.com\/es\/susana-guillemin-repeticion-de-oracion-24-de-marzo-de-1963-2\/\"]}]},{\"@type\":\"ImageObject\",\"inLanguage\":\"es\",\"@id\":\"http:\/\/vincentians.com\/es\/susana-guillemin-repeticion-de-oracion-24-de-marzo-de-1963-2\/#primaryimage\",\"url\":\"https:\/\/i0.wp.com\/vincentians.com\/es\/wp-content\/uploads\/sites\/11\/2016\/07\/escritos-guillemin.jpg?fit=1200%2C630\",\"contentUrl\":\"https:\/\/i0.wp.com\/vincentians.com\/es\/wp-content\/uploads\/sites\/11\/2016\/07\/escritos-guillemin.jpg?fit=1200%2C630\",\"width\":1200,\"height\":630},{\"@type\":\"BreadcrumbList\",\"@id\":\"http:\/\/vincentians.com\/es\/susana-guillemin-repeticion-de-oracion-24-de-marzo-de-1963-2\/#breadcrumb\",\"itemListElement\":[{\"@type\":\"ListItem\",\"position\":1,\"name\":\"Portada\",\"item\":\"https:\/\/vincentians.com\/es\/\"},{\"@type\":\"ListItem\",\"position\":2,\"name\":\"Susana Guillemin: Repetici\u00f3n de oraci\u00f3n, 24 de marzo de 1963\"}]},{\"@type\":\"WebSite\",\"@id\":\"https:\/\/vincentians.com\/es\/#website\",\"url\":\"https:\/\/vincentians.com\/es\/\",\"name\":\"Somos Vicencianos\",\"description\":\"Know more to serve more\",\"publisher\":{\"@id\":\"https:\/\/vincentians.com\/es\/#organization\"},\"potentialAction\":[{\"@type\":\"SearchAction\",\"target\":{\"@type\":\"EntryPoint\",\"urlTemplate\":\"https:\/\/vincentians.com\/es\/?s={search_term_string}\"},\"query-input\":{\"@type\":\"PropertyValueSpecification\",\"valueRequired\":true,\"valueName\":\"search_term_string\"}}],\"inLanguage\":\"es\"},{\"@type\":\"Organization\",\"@id\":\"https:\/\/vincentians.com\/es\/#organization\",\"name\":\"The Vincentian Network\",\"url\":\"https:\/\/vincentians.com\/es\/\",\"logo\":{\"@type\":\"ImageObject\",\"inLanguage\":\"es\",\"@id\":\"https:\/\/vincentians.com\/es\/#\/schema\/logo\/image\/\",\"url\":\"https:\/\/i1.wp.com\/vincentians.com\/es\/wp-content\/uploads\/sites\/11\/2016\/06\/Vincentian-Network-logo-big.png?fit=778%2C778\",\"contentUrl\":\"https:\/\/i1.wp.com\/vincentians.com\/es\/wp-content\/uploads\/sites\/11\/2016\/06\/Vincentian-Network-logo-big.png?fit=778%2C778\",\"width\":778,\"height\":778,\"caption\":\"The Vincentian Network\"},\"image\":{\"@id\":\"https:\/\/vincentians.com\/es\/#\/schema\/logo\/image\/\"},\"sameAs\":[\"https:\/\/www.facebook.com\/WeAreVincentians\/\",\"https:\/\/x.com\/WeVincentians\"]},{\"@type\":\"Person\",\"@id\":\"https:\/\/vincentians.com\/es\/#\/schema\/person\/9623ef4d9aa3b2dfb8c061f1499288f2\",\"name\":\"Francisco Javier Fern\u00e1ndez Chento\",\"image\":{\"@type\":\"ImageObject\",\"inLanguage\":\"es\",\"@id\":\"https:\/\/vincentians.com\/es\/#\/schema\/person\/image\/\",\"url\":\"https:\/\/secure.gravatar.com\/avatar\/497d5cde87b4c3d097d0315953521681ba2cd523ee66e5077c3711f7021e65de?s=96&d=mm&r=g\",\"contentUrl\":\"https:\/\/secure.gravatar.com\/avatar\/497d5cde87b4c3d097d0315953521681ba2cd523ee66e5077c3711f7021e65de?s=96&d=mm&r=g\",\"caption\":\"Francisco Javier Fern\u00e1ndez Chento\"},\"description\":\"Director General y cofundador de La Red de Formaci\u00f3n Vicenciana. Javier es laico vicenciano, afiliado a la Congregaci\u00f3n de la Misi\u00f3n y miembro del Equipo de Misiones Populares de la provincia can\u00f3nica de Zaragoza (Espa\u00f1a) de la Congregaci\u00f3n de la Misi\u00f3n. Graduado en la Universidad Oberta de Catalunya con cuatro grados (Asistente de direcci\u00f3n, Gesti\u00f3n Administrativa, Recursos Humanos y Contabilidad Avanzada). Bil\u00edng\u00fce Espa\u00f1ol\/Ingl\u00e9s. gestiona y mantiene varias p\u00e1ginas web cristianas y vicencianas, incluida including La Red de Formaci\u00f3n Vicenciana, de la que es cofundador. Actualmente es responsable del \u00e1rea de Espa\u00f1ol de .famvin, la Red de Noticias de la Familia Vicenciana. Tambi\u00e9n es m\u00fasico cat\u00f3lico y ha editado varios discos. Es Director General y cofundador de Trovador, una reconocida compa\u00f1\u00eda discogr\u00e1fica critiana de Espa\u00f1a. Trabaja en las Tecnolog\u00edas de la Informaci\u00f3n, ofreciendo servicios de alojamiento, dise\u00f1o y mantenimiento Web, as\u00ed como asesoramiento, formaci\u00f3n y soluciones inform\u00e1ticas, gesti\u00f3n documental y digitalizaci\u00f3n de textos, edici\u00f3n y maquetaci\u00f3n de libros, revistas, flyers, etc.\",\"sameAs\":[\"http:\/\/chento.org\",\"https:\/\/www.facebook.com\/JavierChento\",\"https:\/\/x.com\/https:\/\/twitter.com\/javierchento\"],\"url\":\"http:\/\/vincentians.com\/es\/author\/chento\/\"}]}<\/script>\n<!-- \/ Yoast SEO plugin. -->","yoast_head_json":{"title":"Susana Guillemin: Repetici\u00f3n de oraci\u00f3n, 24 de marzo de 1963 - Somos Vicencianos","robots":{"index":"index","follow":"follow","max-snippet":"max-snippet:-1","max-image-preview":"max-image-preview:large","max-video-preview":"max-video-preview:-1"},"canonical":"http:\/\/vincentians.com\/es\/susana-guillemin-repeticion-de-oracion-24-de-marzo-de-1963-2\/","og_locale":"es_ES","og_type":"article","og_title":"Susana Guillemin: Repetici\u00f3n de oraci\u00f3n, 24 de marzo de 1963 - Somos Vicencianos","og_description":"Susana Guillemin, H.C. A las Hermanas que van a emitir los Votos por primera vez A imitaci\u00f3n de la Virgen y como un eco a su palabra, van ustedes, Hermanas, a pronunciar ma\u00f1ana su propio ... Read More","og_url":"http:\/\/vincentians.com\/es\/susana-guillemin-repeticion-de-oracion-24-de-marzo-de-1963-2\/","og_site_name":"Somos Vicencianos","article_publisher":"https:\/\/www.facebook.com\/WeAreVincentians\/","article_author":"https:\/\/www.facebook.com\/JavierChento","article_published_time":"2011-07-08T00:22:57+00:00","og_image":[{"width":1200,"height":630,"url":"https:\/\/i0.wp.com\/vincentians.com\/es\/wp-content\/uploads\/sites\/11\/2016\/07\/escritos-guillemin.jpg?fit=1200%2C630","type":"image\/jpeg"}],"author":"Francisco Javier Fern\u00e1ndez Chento","twitter_card":"summary_large_image","twitter_creator":"@https:\/\/twitter.com\/javierchento","twitter_site":"@WeVincentians","twitter_misc":{"Escrito por":"Francisco Javier Fern\u00e1ndez Chento","Tiempo de lectura":"3 minutos"},"schema":{"@context":"https:\/\/schema.org","@graph":[{"@type":"Article","@id":"http:\/\/vincentians.com\/es\/susana-guillemin-repeticion-de-oracion-24-de-marzo-de-1963-2\/#article","isPartOf":{"@id":"http:\/\/vincentians.com\/es\/susana-guillemin-repeticion-de-oracion-24-de-marzo-de-1963-2\/"},"author":{"name":"Francisco Javier Fern\u00e1ndez Chento","@id":"https:\/\/vincentians.com\/es\/#\/schema\/person\/9623ef4d9aa3b2dfb8c061f1499288f2"},"headline":"Susana Guillemin: Repetici\u00f3n de oraci\u00f3n, 24 de marzo de 1963","datePublished":"2011-07-08T00:22:57+00:00","mainEntityOfPage":{"@id":"http:\/\/vincentians.com\/es\/susana-guillemin-repeticion-de-oracion-24-de-marzo-de-1963-2\/"},"wordCount":647,"commentCount":0,"publisher":{"@id":"https:\/\/vincentians.com\/es\/#organization"},"image":{"@id":"http:\/\/vincentians.com\/es\/susana-guillemin-repeticion-de-oracion-24-de-marzo-de-1963-2\/#primaryimage"},"thumbnailUrl":"https:\/\/i0.wp.com\/vincentians.com\/es\/wp-content\/uploads\/sites\/11\/2016\/07\/escritos-guillemin.jpg?fit=1200%2C630","articleSection":["Escritos de Susana Guillemin"],"inLanguage":"es","potentialAction":[{"@type":"CommentAction","name":"Comment","target":["http:\/\/vincentians.com\/es\/susana-guillemin-repeticion-de-oracion-24-de-marzo-de-1963-2\/#respond"]}]},{"@type":"WebPage","@id":"http:\/\/vincentians.com\/es\/susana-guillemin-repeticion-de-oracion-24-de-marzo-de-1963-2\/","url":"http:\/\/vincentians.com\/es\/susana-guillemin-repeticion-de-oracion-24-de-marzo-de-1963-2\/","name":"Susana Guillemin: Repetici\u00f3n de oraci\u00f3n, 24 de marzo de 1963 - Somos Vicencianos","isPartOf":{"@id":"https:\/\/vincentians.com\/es\/#website"},"primaryImageOfPage":{"@id":"http:\/\/vincentians.com\/es\/susana-guillemin-repeticion-de-oracion-24-de-marzo-de-1963-2\/#primaryimage"},"image":{"@id":"http:\/\/vincentians.com\/es\/susana-guillemin-repeticion-de-oracion-24-de-marzo-de-1963-2\/#primaryimage"},"thumbnailUrl":"https:\/\/i0.wp.com\/vincentians.com\/es\/wp-content\/uploads\/sites\/11\/2016\/07\/escritos-guillemin.jpg?fit=1200%2C630","datePublished":"2011-07-08T00:22:57+00:00","breadcrumb":{"@id":"http:\/\/vincentians.com\/es\/susana-guillemin-repeticion-de-oracion-24-de-marzo-de-1963-2\/#breadcrumb"},"inLanguage":"es","potentialAction":[{"@type":"ReadAction","target":["http:\/\/vincentians.com\/es\/susana-guillemin-repeticion-de-oracion-24-de-marzo-de-1963-2\/"]}]},{"@type":"ImageObject","inLanguage":"es","@id":"http:\/\/vincentians.com\/es\/susana-guillemin-repeticion-de-oracion-24-de-marzo-de-1963-2\/#primaryimage","url":"https:\/\/i0.wp.com\/vincentians.com\/es\/wp-content\/uploads\/sites\/11\/2016\/07\/escritos-guillemin.jpg?fit=1200%2C630","contentUrl":"https:\/\/i0.wp.com\/vincentians.com\/es\/wp-content\/uploads\/sites\/11\/2016\/07\/escritos-guillemin.jpg?fit=1200%2C630","width":1200,"height":630},{"@type":"BreadcrumbList","@id":"http:\/\/vincentians.com\/es\/susana-guillemin-repeticion-de-oracion-24-de-marzo-de-1963-2\/#breadcrumb","itemListElement":[{"@type":"ListItem","position":1,"name":"Portada","item":"https:\/\/vincentians.com\/es\/"},{"@type":"ListItem","position":2,"name":"Susana Guillemin: Repetici\u00f3n de oraci\u00f3n, 24 de marzo de 1963"}]},{"@type":"WebSite","@id":"https:\/\/vincentians.com\/es\/#website","url":"https:\/\/vincentians.com\/es\/","name":"Somos Vicencianos","description":"Know more to serve more","publisher":{"@id":"https:\/\/vincentians.com\/es\/#organization"},"potentialAction":[{"@type":"SearchAction","target":{"@type":"EntryPoint","urlTemplate":"https:\/\/vincentians.com\/es\/?s={search_term_string}"},"query-input":{"@type":"PropertyValueSpecification","valueRequired":true,"valueName":"search_term_string"}}],"inLanguage":"es"},{"@type":"Organization","@id":"https:\/\/vincentians.com\/es\/#organization","name":"The Vincentian Network","url":"https:\/\/vincentians.com\/es\/","logo":{"@type":"ImageObject","inLanguage":"es","@id":"https:\/\/vincentians.com\/es\/#\/schema\/logo\/image\/","url":"https:\/\/i1.wp.com\/vincentians.com\/es\/wp-content\/uploads\/sites\/11\/2016\/06\/Vincentian-Network-logo-big.png?fit=778%2C778","contentUrl":"https:\/\/i1.wp.com\/vincentians.com\/es\/wp-content\/uploads\/sites\/11\/2016\/06\/Vincentian-Network-logo-big.png?fit=778%2C778","width":778,"height":778,"caption":"The Vincentian Network"},"image":{"@id":"https:\/\/vincentians.com\/es\/#\/schema\/logo\/image\/"},"sameAs":["https:\/\/www.facebook.com\/WeAreVincentians\/","https:\/\/x.com\/WeVincentians"]},{"@type":"Person","@id":"https:\/\/vincentians.com\/es\/#\/schema\/person\/9623ef4d9aa3b2dfb8c061f1499288f2","name":"Francisco Javier Fern\u00e1ndez Chento","image":{"@type":"ImageObject","inLanguage":"es","@id":"https:\/\/vincentians.com\/es\/#\/schema\/person\/image\/","url":"https:\/\/secure.gravatar.com\/avatar\/497d5cde87b4c3d097d0315953521681ba2cd523ee66e5077c3711f7021e65de?s=96&d=mm&r=g","contentUrl":"https:\/\/secure.gravatar.com\/avatar\/497d5cde87b4c3d097d0315953521681ba2cd523ee66e5077c3711f7021e65de?s=96&d=mm&r=g","caption":"Francisco Javier Fern\u00e1ndez Chento"},"description":"Director General y cofundador de La Red de Formaci\u00f3n Vicenciana. Javier es laico vicenciano, afiliado a la Congregaci\u00f3n de la Misi\u00f3n y miembro del Equipo de Misiones Populares de la provincia can\u00f3nica de Zaragoza (Espa\u00f1a) de la Congregaci\u00f3n de la Misi\u00f3n. Graduado en la Universidad Oberta de Catalunya con cuatro grados (Asistente de direcci\u00f3n, Gesti\u00f3n Administrativa, Recursos Humanos y Contabilidad Avanzada). Bil\u00edng\u00fce Espa\u00f1ol\/Ingl\u00e9s. gestiona y mantiene varias p\u00e1ginas web cristianas y vicencianas, incluida including La Red de Formaci\u00f3n Vicenciana, de la que es cofundador. Actualmente es responsable del \u00e1rea de Espa\u00f1ol de .famvin, la Red de Noticias de la Familia Vicenciana. Tambi\u00e9n es m\u00fasico cat\u00f3lico y ha editado varios discos. Es Director General y cofundador de Trovador, una reconocida compa\u00f1\u00eda discogr\u00e1fica critiana de Espa\u00f1a. Trabaja en las Tecnolog\u00edas de la Informaci\u00f3n, ofreciendo servicios de alojamiento, dise\u00f1o y mantenimiento Web, as\u00ed como asesoramiento, formaci\u00f3n y soluciones inform\u00e1ticas, gesti\u00f3n documental y digitalizaci\u00f3n de textos, edici\u00f3n y maquetaci\u00f3n de libros, revistas, flyers, etc.","sameAs":["http:\/\/chento.org","https:\/\/www.facebook.com\/JavierChento","https:\/\/x.com\/https:\/\/twitter.com\/javierchento"],"url":"http:\/\/vincentians.com\/es\/author\/chento\/"}]}},"jetpack_publicize_connections":[],"jetpack_featured_media_url":"https:\/\/i0.wp.com\/vincentians.com\/es\/wp-content\/uploads\/sites\/11\/2016\/07\/escritos-guillemin.jpg?fit=1200%2C630","jetpack_sharing_enabled":true,"jetpack_shortlink":"https:\/\/wp.me\/p7ETMF-buM","jetpack-related-posts":[{"id":42216,"url":"http:\/\/vincentians.com\/es\/susana-guillemin-repeticion-de-oracion-28-de-junio-de-1962\/","url_meta":{"origin":44192,"position":0},"title":"Susana Guillemin: Repetici\u00f3n de oraci\u00f3n, 28 de junio de 1962","author":"Francisco Javier Fern\u00e1ndez Chento","date":"29\/06\/2011","format":false,"excerpt":"Susana Guillemin, H.C. A las Hermanas que van a emitir los votos por primera vez Han llegado ustedes, Hermanas, a la v\u00edspera de su Consagraci\u00f3n al Se\u00f1or. Ma\u00f1ana por la ma\u00f1ana, en la Santa Misa, pronunciar\u00e1n las palabras que van a unirlas a Aquel que las ha elegido y escogido\u2026","rel":"","context":"En \u00abEscritos de Susana Guillemin\u00bb","block_context":{"text":"Escritos de Susana Guillemin","link":"http:\/\/vincentians.com\/es\/category\/escritos\/escritos-de-susana-guillemin\/"},"img":{"alt_text":"","src":"https:\/\/i0.wp.com\/vincentians.com\/es\/wp-content\/uploads\/sites\/11\/2016\/07\/escritos-guillemin.jpg?fit=1200%2C630&resize=350%2C200","width":350,"height":200,"srcset":"https:\/\/i0.wp.com\/vincentians.com\/es\/wp-content\/uploads\/sites\/11\/2016\/07\/escritos-guillemin.jpg?fit=1200%2C630&resize=350%2C200 1x, https:\/\/i0.wp.com\/vincentians.com\/es\/wp-content\/uploads\/sites\/11\/2016\/07\/escritos-guillemin.jpg?fit=1200%2C630&resize=525%2C300 1.5x, https:\/\/i0.wp.com\/vincentians.com\/es\/wp-content\/uploads\/sites\/11\/2016\/07\/escritos-guillemin.jpg?fit=1200%2C630&resize=700%2C400 2x, https:\/\/i0.wp.com\/vincentians.com\/es\/wp-content\/uploads\/sites\/11\/2016\/07\/escritos-guillemin.jpg?fit=1200%2C630&resize=1050%2C600 3x"},"classes":[]},{"id":44193,"url":"http:\/\/vincentians.com\/es\/susana-guillemin-repeticion-de-oracion-30-de-abril-de-1963\/","url_meta":{"origin":44192,"position":1},"title":"Susana Guillemin: Repetici\u00f3n de oraci\u00f3n, 30 de abril de 1963","author":"Francisco Javier Fern\u00e1ndez Chento","date":"09\/07\/2011","format":false,"excerpt":"Susana Guillemin, H.C. A las Hermanas que van a emitir los votos por primera vez Jam\u00e1s criatura alguna ha respondido a la llamada de Dios como lo hizo la Sant\u00edsima Virgen Mar\u00eda. Su \"Fiat\" fue simplemente el tiempo fuerte, la expresi\u00f3n exterior de una existencia totalmente entregada, totalmente dada al\u2026","rel":"","context":"En \u00abEscritos de Susana Guillemin\u00bb","block_context":{"text":"Escritos de Susana Guillemin","link":"http:\/\/vincentians.com\/es\/category\/escritos\/escritos-de-susana-guillemin\/"},"img":{"alt_text":"","src":"https:\/\/i0.wp.com\/vincentians.com\/es\/wp-content\/uploads\/sites\/11\/2016\/07\/escritos-guillemin.jpg?fit=1200%2C630&resize=350%2C200","width":350,"height":200,"srcset":"https:\/\/i0.wp.com\/vincentians.com\/es\/wp-content\/uploads\/sites\/11\/2016\/07\/escritos-guillemin.jpg?fit=1200%2C630&resize=350%2C200 1x, https:\/\/i0.wp.com\/vincentians.com\/es\/wp-content\/uploads\/sites\/11\/2016\/07\/escritos-guillemin.jpg?fit=1200%2C630&resize=525%2C300 1.5x, https:\/\/i0.wp.com\/vincentians.com\/es\/wp-content\/uploads\/sites\/11\/2016\/07\/escritos-guillemin.jpg?fit=1200%2C630&resize=700%2C400 2x, https:\/\/i0.wp.com\/vincentians.com\/es\/wp-content\/uploads\/sites\/11\/2016\/07\/escritos-guillemin.jpg?fit=1200%2C630&resize=1050%2C600 3x"},"classes":[]},{"id":44190,"url":"http:\/\/vincentians.com\/es\/susana-guillemin-repeticion-de-oracion-14-de-marzo-de-1963\/","url_meta":{"origin":44192,"position":2},"title":"Susana Guillemin: Repetici\u00f3n de oraci\u00f3n, 14 de marzo de 1963","author":"Francisco Javier Fern\u00e1ndez Chento","date":"06\/07\/2011","format":false,"excerpt":"Susana Guillemin, H.C. A las Hermanas que van a emitir los Votos por primera vez Santa Luisa de Marillac, nuestra Madre, dec\u00eda en el fervor de su oraci\u00f3n: \"me desprender\u00e9 de la tierra y me unir\u00e9 fuertemente a Dios, con la ayuda de su gracia... Como el ciervo desea las\u2026","rel":"","context":"En \u00abEscritos de Susana Guillemin\u00bb","block_context":{"text":"Escritos de Susana Guillemin","link":"http:\/\/vincentians.com\/es\/category\/escritos\/escritos-de-susana-guillemin\/"},"img":{"alt_text":"","src":"https:\/\/i0.wp.com\/vincentians.com\/es\/wp-content\/uploads\/sites\/11\/2016\/07\/escritos-guillemin.jpg?fit=1200%2C630&resize=350%2C200","width":350,"height":200,"srcset":"https:\/\/i0.wp.com\/vincentians.com\/es\/wp-content\/uploads\/sites\/11\/2016\/07\/escritos-guillemin.jpg?fit=1200%2C630&resize=350%2C200 1x, https:\/\/i0.wp.com\/vincentians.com\/es\/wp-content\/uploads\/sites\/11\/2016\/07\/escritos-guillemin.jpg?fit=1200%2C630&resize=525%2C300 1.5x, https:\/\/i0.wp.com\/vincentians.com\/es\/wp-content\/uploads\/sites\/11\/2016\/07\/escritos-guillemin.jpg?fit=1200%2C630&resize=700%2C400 2x, https:\/\/i0.wp.com\/vincentians.com\/es\/wp-content\/uploads\/sites\/11\/2016\/07\/escritos-guillemin.jpg?fit=1200%2C630&resize=1050%2C600 3x"},"classes":[]},{"id":44189,"url":"http:\/\/vincentians.com\/es\/susana-guillemin-repeticion-de-oracion-1-de-febrero-de-1963\/","url_meta":{"origin":44192,"position":3},"title":"Susana Guillemin: Repetici\u00f3n de oraci\u00f3n, 1 de febrero de 1963","author":"Francisco Javier Fern\u00e1ndez Chento","date":"05\/07\/2011","format":false,"excerpt":"Susana Guillemin, H.C. A las Hermanas que van a emitir los Votos por primera vez Hermanas, ma\u00f1ana conmemora la Iglesia la m\u00e1s perfecta ofrenda que jam\u00e1s se haya hecho en la tierra: la del Hijo de Dios presentado a su Padre como oblaci\u00f3n a su gloria y por la salvaci\u00f3n\u2026","rel":"","context":"En \u00abEscritos de Susana Guillemin\u00bb","block_context":{"text":"Escritos de Susana Guillemin","link":"http:\/\/vincentians.com\/es\/category\/escritos\/escritos-de-susana-guillemin\/"},"img":{"alt_text":"","src":"https:\/\/i0.wp.com\/vincentians.com\/es\/wp-content\/uploads\/sites\/11\/2016\/07\/escritos-guillemin.jpg?fit=1200%2C630&resize=350%2C200","width":350,"height":200,"srcset":"https:\/\/i0.wp.com\/vincentians.com\/es\/wp-content\/uploads\/sites\/11\/2016\/07\/escritos-guillemin.jpg?fit=1200%2C630&resize=350%2C200 1x, https:\/\/i0.wp.com\/vincentians.com\/es\/wp-content\/uploads\/sites\/11\/2016\/07\/escritos-guillemin.jpg?fit=1200%2C630&resize=525%2C300 1.5x, https:\/\/i0.wp.com\/vincentians.com\/es\/wp-content\/uploads\/sites\/11\/2016\/07\/escritos-guillemin.jpg?fit=1200%2C630&resize=700%2C400 2x, https:\/\/i0.wp.com\/vincentians.com\/es\/wp-content\/uploads\/sites\/11\/2016\/07\/escritos-guillemin.jpg?fit=1200%2C630&resize=1050%2C600 3x"},"classes":[]},{"id":42217,"url":"http:\/\/vincentians.com\/es\/susana-guillemin-repeticion-de-oracion-18-de-julio-de-1962\/","url_meta":{"origin":44192,"position":4},"title":"Susana Guillemin: Repetici\u00f3n de oraci\u00f3n, 18 de julio de 1962","author":"Francisco Javier Fern\u00e1ndez Chento","date":"30\/06\/2011","format":false,"excerpt":"Susana Guillemin, H.C. A las Hermanas que van a emitir los Votos por primera vez El acto de humildad que acaban ustedes de hacer, Hermanas, es el \u00faltimo y meritorio esfuerzo de purificaci\u00f3n, la \u00faltima preparaci\u00f3n antes de la consagraci\u00f3n que de ustedes mismas van a hacer ma\u00f1ana a Dios,\u2026","rel":"","context":"En \u00abEscritos de Susana Guillemin\u00bb","block_context":{"text":"Escritos de Susana Guillemin","link":"http:\/\/vincentians.com\/es\/category\/escritos\/escritos-de-susana-guillemin\/"},"img":{"alt_text":"","src":"https:\/\/i0.wp.com\/vincentians.com\/es\/wp-content\/uploads\/sites\/11\/2016\/07\/escritos-guillemin.jpg?fit=1200%2C630&resize=350%2C200","width":350,"height":200,"srcset":"https:\/\/i0.wp.com\/vincentians.com\/es\/wp-content\/uploads\/sites\/11\/2016\/07\/escritos-guillemin.jpg?fit=1200%2C630&resize=350%2C200 1x, https:\/\/i0.wp.com\/vincentians.com\/es\/wp-content\/uploads\/sites\/11\/2016\/07\/escritos-guillemin.jpg?fit=1200%2C630&resize=525%2C300 1.5x, https:\/\/i0.wp.com\/vincentians.com\/es\/wp-content\/uploads\/sites\/11\/2016\/07\/escritos-guillemin.jpg?fit=1200%2C630&resize=700%2C400 2x, https:\/\/i0.wp.com\/vincentians.com\/es\/wp-content\/uploads\/sites\/11\/2016\/07\/escritos-guillemin.jpg?fit=1200%2C630&resize=1050%2C600 3x"},"classes":[]},{"id":44186,"url":"http:\/\/vincentians.com\/es\/susana-guillemin-repeticion-de-oracion-26-de-septiembre-de-1962\/","url_meta":{"origin":44192,"position":5},"title":"Susana Guillemin: Repetici\u00f3n de oraci\u00f3n, 26 de septiembre de 1962","author":"Francisco Javier Fern\u00e1ndez Chento","date":"02\/07\/2011","format":false,"excerpt":"Susana Guillemin, H.C. A las Hermanas que van a emitir los Votos por primera vez Entre las manos de San Vicente y bajo su especial protecci\u00f3n, van ustedes Hermanas, a pronunciar ma\u00f1ana sus Santos Votos, que las entregar\u00e1n definitivamente al Se\u00f1or. El, nuestro Santo Fundador, representado por su sucesor Nuestro\u2026","rel":"","context":"En \u00abEscritos de Susana Guillemin\u00bb","block_context":{"text":"Escritos de Susana Guillemin","link":"http:\/\/vincentians.com\/es\/category\/escritos\/escritos-de-susana-guillemin\/"},"img":{"alt_text":"","src":"https:\/\/i0.wp.com\/vincentians.com\/es\/wp-content\/uploads\/sites\/11\/2016\/07\/escritos-guillemin.jpg?fit=1200%2C630&resize=350%2C200","width":350,"height":200,"srcset":"https:\/\/i0.wp.com\/vincentians.com\/es\/wp-content\/uploads\/sites\/11\/2016\/07\/escritos-guillemin.jpg?fit=1200%2C630&resize=350%2C200 1x, https:\/\/i0.wp.com\/vincentians.com\/es\/wp-content\/uploads\/sites\/11\/2016\/07\/escritos-guillemin.jpg?fit=1200%2C630&resize=525%2C300 1.5x, https:\/\/i0.wp.com\/vincentians.com\/es\/wp-content\/uploads\/sites\/11\/2016\/07\/escritos-guillemin.jpg?fit=1200%2C630&resize=700%2C400 2x, https:\/\/i0.wp.com\/vincentians.com\/es\/wp-content\/uploads\/sites\/11\/2016\/07\/escritos-guillemin.jpg?fit=1200%2C630&resize=1050%2C600 3x"},"classes":[]}],"_links":{"self":[{"href":"http:\/\/vincentians.com\/es\/wp-json\/wp\/v2\/posts\/44192","targetHints":{"allow":["GET"]}}],"collection":[{"href":"http:\/\/vincentians.com\/es\/wp-json\/wp\/v2\/posts"}],"about":[{"href":"http:\/\/vincentians.com\/es\/wp-json\/wp\/v2\/types\/post"}],"author":[{"embeddable":true,"href":"http:\/\/vincentians.com\/es\/wp-json\/wp\/v2\/users\/4"}],"replies":[{"embeddable":true,"href":"http:\/\/vincentians.com\/es\/wp-json\/wp\/v2\/comments?post=44192"}],"version-history":[{"count":0,"href":"http:\/\/vincentians.com\/es\/wp-json\/wp\/v2\/posts\/44192\/revisions"}],"wp:featuredmedia":[{"embeddable":true,"href":"http:\/\/vincentians.com\/es\/wp-json\/wp\/v2\/media\/393749"}],"wp:attachment":[{"href":"http:\/\/vincentians.com\/es\/wp-json\/wp\/v2\/media?parent=44192"}],"wp:term":[{"taxonomy":"category","embeddable":true,"href":"http:\/\/vincentians.com\/es\/wp-json\/wp\/v2\/categories?post=44192"},{"taxonomy":"post_tag","embeddable":true,"href":"http:\/\/vincentians.com\/es\/wp-json\/wp\/v2\/tags?post=44192"}],"curies":[{"name":"wp","href":"https:\/\/api.w.org\/{rel}","templated":true}]}}