{"id":44188,"date":"2011-07-04T02:22:57","date_gmt":"2011-07-04T00:22:57","guid":{"rendered":"http:\/\/somos.vicencianos.org\/blog\/2011\/07\/susana-guillemin-repeticion-de-oracion-23-de-diciembre-de-1962\/"},"modified":"2011-07-04T02:22:57","modified_gmt":"2011-07-04T00:22:57","slug":"susana-guillemin-repeticion-de-oracion-23-de-diciembre-de-1962","status":"publish","type":"post","link":"http:\/\/vincentians.com\/es\/susana-guillemin-repeticion-de-oracion-23-de-diciembre-de-1962\/","title":{"rendered":"Susana Guillemin: Repetici\u00f3n de oraci\u00f3n, 23 de diciembre de 1962"},"content":{"rendered":"<dl id=\"attachment_33649\" class=\"wp-caption alignright\" style=\"width: 247px\">\n<dt class=\"wp-caption-dt\"><a href=\"https:\/\/i0.wp.com\/vicencianos.org\/wp-content\/2011\/04\/susana_guillemin.jpg\"><img data-recalc-dims=\"1\" loading=\"lazy\" decoding=\"async\" class=\"size-medium wp-image-33649\" title=\"Susana Guillemin, H.C.\" src=\"https:\/\/i0.wp.com\/vicencianos.org\/wp-content\/2011\/04\/susana_guillemin-237x300.jpg?resize=237%2C300\" alt=\"Susana Guillemin, H.C.\" width=\"237\" height=\"300\" \/><\/a><\/dt>\n<dd class=\"wp-caption-dd\">Susana Guillemin, H.C.<\/dd>\n<\/dl>\n<div>\n<p><strong>A la comunidad<\/strong><strong><\/strong><\/p>\n<p>Durante este d\u00eda, hemos esperado al Se\u00f1or unidas a la Virgen. Hemos hecho este retiro a su lado, en espera del Ni\u00f1o que ella va a darnos.<\/p>\n<p>Toda la Liturgia de esta semana, la de hoy, especialmente, est\u00e1 llena de esa espera, del deseo, de la llamada a Aquel que viene, a Cristo.<\/p>\n<p>La Iglesia nos dice: \u00abEl Se\u00f1or viene\u00bb&#8230; \u00abEst\u00e1 cerca\u00bb&#8230; \u00abPreparad los caminos del Se\u00f1or, allanad sus senderos\u00bb&#8230;<\/p>\n<\/div>\n<p>El Adviento es imagen de nuestra vida que no es sino eso: una espera del Se\u00f1or. El tiempo se nos da para ir hacia El, para acogerle, para recibirle.<\/p>\n<div>\n<p>No tenemos otra raz\u00f3n de ser que ese encuentro con El, deseado, esperado, preparado y por fin realizado.<\/p>\n<p>Con El, con Cristo, cuya persona domina el mundo y la historia, con El, que debe atraerlo todo, reunirlo todo en El.<\/p>\n<p>Olvid\u00e9monos de nosotras mismas de nuestras pobres miras limitadas, de nuestros horizontes demasiado personales, demasiado estrechos, para mirar a Aquel que llena el universo y cuyo Nombre es eterno, el Hijo amado del Padre, su Verbo, su Palabra, su Obra.<\/p>\n<p>Por El, todas las cosas han sido hechas, y nada ha existido ni existe sin El.<\/p>\n<p>El, Dios fuerte, eterno, admirable, Omnipotente&#8230; se ha hecho Ni\u00f1o.<\/p>\n<p>Y le hemos visto, Le vemos,<\/p>\n<p>\u2014\u00a0 sin palabra y sin fuerza,<\/p>\n<p>\u2014\u00a0 pobre entre los pobres,<\/p>\n<p>\u2014\u00a0    dependiente y sumiso,<\/p>\n<p>\u2014\u00a0 y condenado y vencido.<\/p>\n<p>Es a El a quien nos hemos entregado. Nuestra vida, unida a la suya, ha de ser como su prolongaci\u00f3n, su reproducci\u00f3n.<\/p>\n<p>\u00a1Qu\u00e9 necesidad tenemos de mirarle! \u00a1C\u00f3mo tenemos que aprender, en nuestras oraciones, a mirar a Cristo! \u00a1C\u00f3mo tenemos que tratar de comprenderle y de conocerle para amarle!<\/p>\n<p>\u00abLe he visto y le he amado\u00bb, dice la joven In\u00e9s. S\u00ed, hay que ver y ver detenidamente, profundamente, para amar.<\/p>\n<p>Miremos a Cristo. Ha venido, viene, viene en la noche de Navidad.<\/p>\n<p>\u00bfEstamos preparadas para reconocerle y recibirle?<\/p>\n<p>En primer lugar; \u00bftenemos fe? \u00bfCreemos que Cristo nos busca y nos guarda sin cesar?<\/p>\n<p>Cristo est\u00e1 dentro de nosotras y en torno nuestro. Est\u00e1 en todas partes. Viene a nosotras a lo largo de nuestras jornadas y nos solicita.<\/p>\n<\/div>\n<p>\u00bfSabemos abrirle nuestra puerta? \u00bfqueremos morar con El?<\/p>\n<div>\n<p>\u00bfNo estamos, m\u00e1s bien, distra\u00eddas, faltas de atenci\u00f3n, preocupadas de nosotras mismas y de nuestras comodidades, en lugar de poner en El nuestro deseo y nuestra avidez?<\/p>\n<p>Preparemos los caminos del Se\u00f1or. Hagamos ese camino recto y ancho, abierto a El. Dejemos de lado los otros caminos que se desv\u00edan hacia las alegr\u00edas e intereses de este mundo.<\/p>\n<p>El Se\u00f1or viene. Que toda nuestra atenci\u00f3n se concentre en El. Que nuestras intenciones \u2014vacilantes, tortuosas, siempre dirigidas hacia nosotras mismas\u2014 se purifiquen. S\u00f3lo El es digno de ser amado y deseado.<\/p>\n<p>Cristo viene. Ha venido. \u00bfCu\u00e1ntas veces en nuestra vida?<\/p>\n<p>En el d\u00eda de nuestro Bautismo, en el de nuestra Primera Comuni\u00f3n, en el de nuestra Vocaci\u00f3n, en el de los Santos Votos&#8230; Pero esas venidas m\u00e1s importantes a nuestra alma, son el fruto de sus sencillas venidas cotidianas.<\/p>\n<p>Cristo se presenta mil veces al d\u00eda.<\/p>\n<p>Viene todas las ma\u00f1anas a nosotras, como fuente de fortaleza y de gracia.<\/p>\n<p>Viene en cada una de las Misas, para ofrecerse y redimirnos, para adorar y dar gracias por nosotras, para reparar nuestras faltas y salvarnos.<\/p>\n<p>Viene en el Sacramento de Penitencia para regenerarnos y fortalecernos.<\/p>\n<p>Viene para dar. Pero viene tambi\u00e9n para pedir, para exigir, para interpelar.<\/p>\n<p>Abramos los ojos y miremos a nuestro alrededor.<\/p>\n<p>No hay un solo Pobre, por bajo que haya ca\u00eddo&#8230; Ni una sola de nuestras Hermanas, por dif\u00edcil que nos parezca de soportar&#8230; Ni uno solo de nuestros Superiores, por incomprensibles que nos parezcan sus \u00f3rdenes&#8230; No hay un solo ser&#8230; una sola circunstancia de nuestra vida por envuelta que est\u00e9 en la malicia de los hombres&#8230; Nada, que no sea Cristo.<\/p>\n<p>Tenemos que creerlo. Es la verdad, la \u00fanica verdad. Todo lo dem\u00e1s es falso.<\/p>\n<p>Entonces, decid\u00e1monos a reconocerle y seguirle.<\/p>\n<\/div>\n<p>Imitemos a la Sant\u00edsima Virgen. Ella no razon\u00f3, no trat\u00f3 de colocar sus propios pensamientos en el lugar de los de Dios. Sencillamente, sigui\u00f3 a su Hijo en todo,<\/p>\n<p>\u2014\u00a0 en las alegr\u00edas de la Anunciaci\u00f3n y de la Infancia, pero tambi\u00e9n en las oscuridades de la noche de Bel\u00e9n;<\/p>\n<p>\u2014\u00a0 en el abandono de las criaturas, en la desnudez del pesebre;<\/p>\n<p>\u2014\u00a0 en la pobreza y las dificultades de Egipto; en las de Nazaret, y finalmente, en el Calvarig.<\/p>\n<p>\u00a1Hagamos como Ella!<\/p>\n<p>Miremos a Cristo. Busqu\u00e9mosle. Sig\u00e1mosle, sin preguntarle a d\u00f3nde nos lleva y por qu\u00e9.<\/p>\n<p>Nuestra vida tiene que ordenarse a Su voluntad, tiene que ser una perpetua acogida a Cristo, cualquiera que sea la forma bajo la que se nos presente.<\/p>\n<p>No hay tiempo que perder pensando en nosotras. Pensemos en El. Perd\u00e1monos de vista nosotras mismas y Le encontraremos.<\/p>\n","protected":false},"excerpt":{"rendered":"<p>Susana Guillemin, H.C. A la comunidad Durante este d\u00eda, hemos esperado al Se\u00f1or unidas a la Virgen. Hemos hecho este retiro a su lado, en espera del Ni\u00f1o que ella va a darnos. Toda la &#8230; <a href=\"http:\/\/vincentians.com\/es\/susana-guillemin-repeticion-de-oracion-23-de-diciembre-de-1962\/\" class=\"more-link\">Read More<\/a><\/p>\n","protected":false},"author":4,"featured_media":393749,"comment_status":"open","ping_status":"open","sticky":false,"template":"","format":"standard","meta":{"jetpack_post_was_ever_published":false,"_jetpack_newsletter_access":"","_jetpack_dont_email_post_to_subs":false,"_jetpack_newsletter_tier_id":0,"_jetpack_memberships_contains_paywalled_content":false,"_jetpack_memberships_contains_paid_content":false,"footnotes":"","jetpack_publicize_message":"","jetpack_publicize_feature_enabled":true,"jetpack_social_post_already_shared":true,"jetpack_social_options":{"image_generator_settings":{"template":"highway","default_image_id":0,"font":"","enabled":false},"version":2}},"categories":[273],"tags":[],"class_list":["post-44188","post","type-post","status-publish","format-standard","has-post-thumbnail","hentry","category-escritos-de-susana-guillemin"],"yoast_head":"<!-- This site is optimized with the Yoast SEO plugin v26.3 - https:\/\/yoast.com\/wordpress\/plugins\/seo\/ -->\n<title>Susana Guillemin: Repetici\u00f3n de oraci\u00f3n, 23 de diciembre de 1962 - Somos Vicencianos<\/title>\n<meta name=\"robots\" content=\"index, follow, max-snippet:-1, max-image-preview:large, max-video-preview:-1\" \/>\n<link rel=\"canonical\" href=\"http:\/\/vincentians.com\/es\/susana-guillemin-repeticion-de-oracion-23-de-diciembre-de-1962\/\" \/>\n<meta property=\"og:locale\" content=\"es_ES\" \/>\n<meta property=\"og:type\" content=\"article\" \/>\n<meta property=\"og:title\" content=\"Susana Guillemin: Repetici\u00f3n de oraci\u00f3n, 23 de diciembre de 1962 - Somos Vicencianos\" \/>\n<meta property=\"og:description\" content=\"Susana Guillemin, H.C. A la comunidad Durante este d\u00eda, hemos esperado al Se\u00f1or unidas a la Virgen. Hemos hecho este retiro a su lado, en espera del Ni\u00f1o que ella va a darnos. Toda la ... Read More\" \/>\n<meta property=\"og:url\" content=\"http:\/\/vincentians.com\/es\/susana-guillemin-repeticion-de-oracion-23-de-diciembre-de-1962\/\" \/>\n<meta property=\"og:site_name\" content=\"Somos Vicencianos\" \/>\n<meta property=\"article:publisher\" content=\"https:\/\/www.facebook.com\/WeAreVincentians\/\" \/>\n<meta property=\"article:author\" content=\"https:\/\/www.facebook.com\/JavierChento\" \/>\n<meta property=\"article:published_time\" content=\"2011-07-04T00:22:57+00:00\" \/>\n<meta property=\"og:image\" content=\"https:\/\/i0.wp.com\/vincentians.com\/es\/wp-content\/uploads\/sites\/11\/2016\/07\/escritos-guillemin.jpg?fit=1200%2C630\" \/>\n\t<meta property=\"og:image:width\" content=\"1200\" \/>\n\t<meta property=\"og:image:height\" content=\"630\" \/>\n\t<meta property=\"og:image:type\" content=\"image\/jpeg\" \/>\n<meta name=\"author\" content=\"Francisco Javier Fern\u00e1ndez Chento\" \/>\n<meta name=\"twitter:card\" content=\"summary_large_image\" \/>\n<meta name=\"twitter:creator\" content=\"@https:\/\/twitter.com\/javierchento\" \/>\n<meta name=\"twitter:site\" content=\"@WeVincentians\" \/>\n<meta name=\"twitter:label1\" content=\"Escrito por\" \/>\n\t<meta name=\"twitter:data1\" content=\"Francisco Javier Fern\u00e1ndez Chento\" \/>\n\t<meta name=\"twitter:label2\" content=\"Tiempo de lectura\" \/>\n\t<meta name=\"twitter:data2\" content=\"4 minutos\" \/>\n<script type=\"application\/ld+json\" class=\"yoast-schema-graph\">{\"@context\":\"https:\/\/schema.org\",\"@graph\":[{\"@type\":\"Article\",\"@id\":\"http:\/\/vincentians.com\/es\/susana-guillemin-repeticion-de-oracion-23-de-diciembre-de-1962\/#article\",\"isPartOf\":{\"@id\":\"http:\/\/vincentians.com\/es\/susana-guillemin-repeticion-de-oracion-23-de-diciembre-de-1962\/\"},\"author\":{\"name\":\"Francisco Javier Fern\u00e1ndez Chento\",\"@id\":\"http:\/\/vincentians.com\/es\/#\/schema\/person\/9623ef4d9aa3b2dfb8c061f1499288f2\"},\"headline\":\"Susana Guillemin: Repetici\u00f3n de oraci\u00f3n, 23 de diciembre de 1962\",\"datePublished\":\"2011-07-04T00:22:57+00:00\",\"mainEntityOfPage\":{\"@id\":\"http:\/\/vincentians.com\/es\/susana-guillemin-repeticion-de-oracion-23-de-diciembre-de-1962\/\"},\"wordCount\":858,\"commentCount\":0,\"publisher\":{\"@id\":\"http:\/\/vincentians.com\/es\/#organization\"},\"image\":{\"@id\":\"http:\/\/vincentians.com\/es\/susana-guillemin-repeticion-de-oracion-23-de-diciembre-de-1962\/#primaryimage\"},\"thumbnailUrl\":\"https:\/\/i0.wp.com\/vincentians.com\/es\/wp-content\/uploads\/sites\/11\/2016\/07\/escritos-guillemin.jpg?fit=1200%2C630\",\"articleSection\":[\"Escritos de Susana Guillemin\"],\"inLanguage\":\"es\",\"potentialAction\":[{\"@type\":\"CommentAction\",\"name\":\"Comment\",\"target\":[\"http:\/\/vincentians.com\/es\/susana-guillemin-repeticion-de-oracion-23-de-diciembre-de-1962\/#respond\"]}]},{\"@type\":\"WebPage\",\"@id\":\"http:\/\/vincentians.com\/es\/susana-guillemin-repeticion-de-oracion-23-de-diciembre-de-1962\/\",\"url\":\"http:\/\/vincentians.com\/es\/susana-guillemin-repeticion-de-oracion-23-de-diciembre-de-1962\/\",\"name\":\"Susana Guillemin: Repetici\u00f3n de oraci\u00f3n, 23 de diciembre de 1962 - Somos Vicencianos\",\"isPartOf\":{\"@id\":\"http:\/\/vincentians.com\/es\/#website\"},\"primaryImageOfPage\":{\"@id\":\"http:\/\/vincentians.com\/es\/susana-guillemin-repeticion-de-oracion-23-de-diciembre-de-1962\/#primaryimage\"},\"image\":{\"@id\":\"http:\/\/vincentians.com\/es\/susana-guillemin-repeticion-de-oracion-23-de-diciembre-de-1962\/#primaryimage\"},\"thumbnailUrl\":\"https:\/\/i0.wp.com\/vincentians.com\/es\/wp-content\/uploads\/sites\/11\/2016\/07\/escritos-guillemin.jpg?fit=1200%2C630\",\"datePublished\":\"2011-07-04T00:22:57+00:00\",\"breadcrumb\":{\"@id\":\"http:\/\/vincentians.com\/es\/susana-guillemin-repeticion-de-oracion-23-de-diciembre-de-1962\/#breadcrumb\"},\"inLanguage\":\"es\",\"potentialAction\":[{\"@type\":\"ReadAction\",\"target\":[\"http:\/\/vincentians.com\/es\/susana-guillemin-repeticion-de-oracion-23-de-diciembre-de-1962\/\"]}]},{\"@type\":\"ImageObject\",\"inLanguage\":\"es\",\"@id\":\"http:\/\/vincentians.com\/es\/susana-guillemin-repeticion-de-oracion-23-de-diciembre-de-1962\/#primaryimage\",\"url\":\"https:\/\/i0.wp.com\/vincentians.com\/es\/wp-content\/uploads\/sites\/11\/2016\/07\/escritos-guillemin.jpg?fit=1200%2C630\",\"contentUrl\":\"https:\/\/i0.wp.com\/vincentians.com\/es\/wp-content\/uploads\/sites\/11\/2016\/07\/escritos-guillemin.jpg?fit=1200%2C630\",\"width\":1200,\"height\":630},{\"@type\":\"BreadcrumbList\",\"@id\":\"http:\/\/vincentians.com\/es\/susana-guillemin-repeticion-de-oracion-23-de-diciembre-de-1962\/#breadcrumb\",\"itemListElement\":[{\"@type\":\"ListItem\",\"position\":1,\"name\":\"Portada\",\"item\":\"http:\/\/vincentians.com\/es\/\"},{\"@type\":\"ListItem\",\"position\":2,\"name\":\"Susana Guillemin: Repetici\u00f3n de oraci\u00f3n, 23 de diciembre de 1962\"}]},{\"@type\":\"WebSite\",\"@id\":\"http:\/\/vincentians.com\/es\/#website\",\"url\":\"http:\/\/vincentians.com\/es\/\",\"name\":\"Somos Vicencianos\",\"description\":\"Know more to serve more\",\"publisher\":{\"@id\":\"http:\/\/vincentians.com\/es\/#organization\"},\"potentialAction\":[{\"@type\":\"SearchAction\",\"target\":{\"@type\":\"EntryPoint\",\"urlTemplate\":\"http:\/\/vincentians.com\/es\/?s={search_term_string}\"},\"query-input\":{\"@type\":\"PropertyValueSpecification\",\"valueRequired\":true,\"valueName\":\"search_term_string\"}}],\"inLanguage\":\"es\"},{\"@type\":\"Organization\",\"@id\":\"http:\/\/vincentians.com\/es\/#organization\",\"name\":\"The Vincentian Network\",\"url\":\"http:\/\/vincentians.com\/es\/\",\"logo\":{\"@type\":\"ImageObject\",\"inLanguage\":\"es\",\"@id\":\"http:\/\/vincentians.com\/es\/#\/schema\/logo\/image\/\",\"url\":\"https:\/\/i1.wp.com\/vincentians.com\/es\/wp-content\/uploads\/sites\/11\/2016\/06\/Vincentian-Network-logo-big.png?fit=778%2C778\",\"contentUrl\":\"https:\/\/i1.wp.com\/vincentians.com\/es\/wp-content\/uploads\/sites\/11\/2016\/06\/Vincentian-Network-logo-big.png?fit=778%2C778\",\"width\":778,\"height\":778,\"caption\":\"The Vincentian Network\"},\"image\":{\"@id\":\"http:\/\/vincentians.com\/es\/#\/schema\/logo\/image\/\"},\"sameAs\":[\"https:\/\/www.facebook.com\/WeAreVincentians\/\",\"https:\/\/x.com\/WeVincentians\"]},{\"@type\":\"Person\",\"@id\":\"http:\/\/vincentians.com\/es\/#\/schema\/person\/9623ef4d9aa3b2dfb8c061f1499288f2\",\"name\":\"Francisco Javier Fern\u00e1ndez Chento\",\"image\":{\"@type\":\"ImageObject\",\"inLanguage\":\"es\",\"@id\":\"http:\/\/vincentians.com\/es\/#\/schema\/person\/image\/\",\"url\":\"https:\/\/secure.gravatar.com\/avatar\/497d5cde87b4c3d097d0315953521681ba2cd523ee66e5077c3711f7021e65de?s=96&d=mm&r=g\",\"contentUrl\":\"https:\/\/secure.gravatar.com\/avatar\/497d5cde87b4c3d097d0315953521681ba2cd523ee66e5077c3711f7021e65de?s=96&d=mm&r=g\",\"caption\":\"Francisco Javier Fern\u00e1ndez Chento\"},\"description\":\"Director General y cofundador de La Red de Formaci\u00f3n Vicenciana. Javier es laico vicenciano, afiliado a la Congregaci\u00f3n de la Misi\u00f3n y miembro del Equipo de Misiones Populares de la provincia can\u00f3nica de Zaragoza (Espa\u00f1a) de la Congregaci\u00f3n de la Misi\u00f3n. Graduado en la Universidad Oberta de Catalunya con cuatro grados (Asistente de direcci\u00f3n, Gesti\u00f3n Administrativa, Recursos Humanos y Contabilidad Avanzada). Bil\u00edng\u00fce Espa\u00f1ol\/Ingl\u00e9s. gestiona y mantiene varias p\u00e1ginas web cristianas y vicencianas, incluida including La Red de Formaci\u00f3n Vicenciana, de la que es cofundador. Actualmente es responsable del \u00e1rea de Espa\u00f1ol de .famvin, la Red de Noticias de la Familia Vicenciana. Tambi\u00e9n es m\u00fasico cat\u00f3lico y ha editado varios discos. Es Director General y cofundador de Trovador, una reconocida compa\u00f1\u00eda discogr\u00e1fica critiana de Espa\u00f1a. Trabaja en las Tecnolog\u00edas de la Informaci\u00f3n, ofreciendo servicios de alojamiento, dise\u00f1o y mantenimiento Web, as\u00ed como asesoramiento, formaci\u00f3n y soluciones inform\u00e1ticas, gesti\u00f3n documental y digitalizaci\u00f3n de textos, edici\u00f3n y maquetaci\u00f3n de libros, revistas, flyers, etc.\",\"sameAs\":[\"http:\/\/chento.org\",\"https:\/\/www.facebook.com\/JavierChento\",\"https:\/\/x.com\/https:\/\/twitter.com\/javierchento\"],\"url\":\"http:\/\/vincentians.com\/es\/author\/chento\/\"}]}<\/script>\n<!-- \/ Yoast SEO plugin. -->","yoast_head_json":{"title":"Susana Guillemin: Repetici\u00f3n de oraci\u00f3n, 23 de diciembre de 1962 - Somos Vicencianos","robots":{"index":"index","follow":"follow","max-snippet":"max-snippet:-1","max-image-preview":"max-image-preview:large","max-video-preview":"max-video-preview:-1"},"canonical":"http:\/\/vincentians.com\/es\/susana-guillemin-repeticion-de-oracion-23-de-diciembre-de-1962\/","og_locale":"es_ES","og_type":"article","og_title":"Susana Guillemin: Repetici\u00f3n de oraci\u00f3n, 23 de diciembre de 1962 - Somos Vicencianos","og_description":"Susana Guillemin, H.C. A la comunidad Durante este d\u00eda, hemos esperado al Se\u00f1or unidas a la Virgen. Hemos hecho este retiro a su lado, en espera del Ni\u00f1o que ella va a darnos. Toda la ... Read More","og_url":"http:\/\/vincentians.com\/es\/susana-guillemin-repeticion-de-oracion-23-de-diciembre-de-1962\/","og_site_name":"Somos Vicencianos","article_publisher":"https:\/\/www.facebook.com\/WeAreVincentians\/","article_author":"https:\/\/www.facebook.com\/JavierChento","article_published_time":"2011-07-04T00:22:57+00:00","og_image":[{"width":1200,"height":630,"url":"https:\/\/i0.wp.com\/vincentians.com\/es\/wp-content\/uploads\/sites\/11\/2016\/07\/escritos-guillemin.jpg?fit=1200%2C630","type":"image\/jpeg"}],"author":"Francisco Javier Fern\u00e1ndez Chento","twitter_card":"summary_large_image","twitter_creator":"@https:\/\/twitter.com\/javierchento","twitter_site":"@WeVincentians","twitter_misc":{"Escrito por":"Francisco Javier Fern\u00e1ndez Chento","Tiempo de lectura":"4 minutos"},"schema":{"@context":"https:\/\/schema.org","@graph":[{"@type":"Article","@id":"http:\/\/vincentians.com\/es\/susana-guillemin-repeticion-de-oracion-23-de-diciembre-de-1962\/#article","isPartOf":{"@id":"http:\/\/vincentians.com\/es\/susana-guillemin-repeticion-de-oracion-23-de-diciembre-de-1962\/"},"author":{"name":"Francisco Javier Fern\u00e1ndez Chento","@id":"http:\/\/vincentians.com\/es\/#\/schema\/person\/9623ef4d9aa3b2dfb8c061f1499288f2"},"headline":"Susana Guillemin: Repetici\u00f3n de oraci\u00f3n, 23 de diciembre de 1962","datePublished":"2011-07-04T00:22:57+00:00","mainEntityOfPage":{"@id":"http:\/\/vincentians.com\/es\/susana-guillemin-repeticion-de-oracion-23-de-diciembre-de-1962\/"},"wordCount":858,"commentCount":0,"publisher":{"@id":"http:\/\/vincentians.com\/es\/#organization"},"image":{"@id":"http:\/\/vincentians.com\/es\/susana-guillemin-repeticion-de-oracion-23-de-diciembre-de-1962\/#primaryimage"},"thumbnailUrl":"https:\/\/i0.wp.com\/vincentians.com\/es\/wp-content\/uploads\/sites\/11\/2016\/07\/escritos-guillemin.jpg?fit=1200%2C630","articleSection":["Escritos de Susana Guillemin"],"inLanguage":"es","potentialAction":[{"@type":"CommentAction","name":"Comment","target":["http:\/\/vincentians.com\/es\/susana-guillemin-repeticion-de-oracion-23-de-diciembre-de-1962\/#respond"]}]},{"@type":"WebPage","@id":"http:\/\/vincentians.com\/es\/susana-guillemin-repeticion-de-oracion-23-de-diciembre-de-1962\/","url":"http:\/\/vincentians.com\/es\/susana-guillemin-repeticion-de-oracion-23-de-diciembre-de-1962\/","name":"Susana Guillemin: Repetici\u00f3n de oraci\u00f3n, 23 de diciembre de 1962 - Somos Vicencianos","isPartOf":{"@id":"http:\/\/vincentians.com\/es\/#website"},"primaryImageOfPage":{"@id":"http:\/\/vincentians.com\/es\/susana-guillemin-repeticion-de-oracion-23-de-diciembre-de-1962\/#primaryimage"},"image":{"@id":"http:\/\/vincentians.com\/es\/susana-guillemin-repeticion-de-oracion-23-de-diciembre-de-1962\/#primaryimage"},"thumbnailUrl":"https:\/\/i0.wp.com\/vincentians.com\/es\/wp-content\/uploads\/sites\/11\/2016\/07\/escritos-guillemin.jpg?fit=1200%2C630","datePublished":"2011-07-04T00:22:57+00:00","breadcrumb":{"@id":"http:\/\/vincentians.com\/es\/susana-guillemin-repeticion-de-oracion-23-de-diciembre-de-1962\/#breadcrumb"},"inLanguage":"es","potentialAction":[{"@type":"ReadAction","target":["http:\/\/vincentians.com\/es\/susana-guillemin-repeticion-de-oracion-23-de-diciembre-de-1962\/"]}]},{"@type":"ImageObject","inLanguage":"es","@id":"http:\/\/vincentians.com\/es\/susana-guillemin-repeticion-de-oracion-23-de-diciembre-de-1962\/#primaryimage","url":"https:\/\/i0.wp.com\/vincentians.com\/es\/wp-content\/uploads\/sites\/11\/2016\/07\/escritos-guillemin.jpg?fit=1200%2C630","contentUrl":"https:\/\/i0.wp.com\/vincentians.com\/es\/wp-content\/uploads\/sites\/11\/2016\/07\/escritos-guillemin.jpg?fit=1200%2C630","width":1200,"height":630},{"@type":"BreadcrumbList","@id":"http:\/\/vincentians.com\/es\/susana-guillemin-repeticion-de-oracion-23-de-diciembre-de-1962\/#breadcrumb","itemListElement":[{"@type":"ListItem","position":1,"name":"Portada","item":"http:\/\/vincentians.com\/es\/"},{"@type":"ListItem","position":2,"name":"Susana Guillemin: Repetici\u00f3n de oraci\u00f3n, 23 de diciembre de 1962"}]},{"@type":"WebSite","@id":"http:\/\/vincentians.com\/es\/#website","url":"http:\/\/vincentians.com\/es\/","name":"Somos Vicencianos","description":"Know more to serve more","publisher":{"@id":"http:\/\/vincentians.com\/es\/#organization"},"potentialAction":[{"@type":"SearchAction","target":{"@type":"EntryPoint","urlTemplate":"http:\/\/vincentians.com\/es\/?s={search_term_string}"},"query-input":{"@type":"PropertyValueSpecification","valueRequired":true,"valueName":"search_term_string"}}],"inLanguage":"es"},{"@type":"Organization","@id":"http:\/\/vincentians.com\/es\/#organization","name":"The Vincentian Network","url":"http:\/\/vincentians.com\/es\/","logo":{"@type":"ImageObject","inLanguage":"es","@id":"http:\/\/vincentians.com\/es\/#\/schema\/logo\/image\/","url":"https:\/\/i1.wp.com\/vincentians.com\/es\/wp-content\/uploads\/sites\/11\/2016\/06\/Vincentian-Network-logo-big.png?fit=778%2C778","contentUrl":"https:\/\/i1.wp.com\/vincentians.com\/es\/wp-content\/uploads\/sites\/11\/2016\/06\/Vincentian-Network-logo-big.png?fit=778%2C778","width":778,"height":778,"caption":"The Vincentian Network"},"image":{"@id":"http:\/\/vincentians.com\/es\/#\/schema\/logo\/image\/"},"sameAs":["https:\/\/www.facebook.com\/WeAreVincentians\/","https:\/\/x.com\/WeVincentians"]},{"@type":"Person","@id":"http:\/\/vincentians.com\/es\/#\/schema\/person\/9623ef4d9aa3b2dfb8c061f1499288f2","name":"Francisco Javier Fern\u00e1ndez Chento","image":{"@type":"ImageObject","inLanguage":"es","@id":"http:\/\/vincentians.com\/es\/#\/schema\/person\/image\/","url":"https:\/\/secure.gravatar.com\/avatar\/497d5cde87b4c3d097d0315953521681ba2cd523ee66e5077c3711f7021e65de?s=96&d=mm&r=g","contentUrl":"https:\/\/secure.gravatar.com\/avatar\/497d5cde87b4c3d097d0315953521681ba2cd523ee66e5077c3711f7021e65de?s=96&d=mm&r=g","caption":"Francisco Javier Fern\u00e1ndez Chento"},"description":"Director General y cofundador de La Red de Formaci\u00f3n Vicenciana. Javier es laico vicenciano, afiliado a la Congregaci\u00f3n de la Misi\u00f3n y miembro del Equipo de Misiones Populares de la provincia can\u00f3nica de Zaragoza (Espa\u00f1a) de la Congregaci\u00f3n de la Misi\u00f3n. Graduado en la Universidad Oberta de Catalunya con cuatro grados (Asistente de direcci\u00f3n, Gesti\u00f3n Administrativa, Recursos Humanos y Contabilidad Avanzada). Bil\u00edng\u00fce Espa\u00f1ol\/Ingl\u00e9s. gestiona y mantiene varias p\u00e1ginas web cristianas y vicencianas, incluida including La Red de Formaci\u00f3n Vicenciana, de la que es cofundador. Actualmente es responsable del \u00e1rea de Espa\u00f1ol de .famvin, la Red de Noticias de la Familia Vicenciana. Tambi\u00e9n es m\u00fasico cat\u00f3lico y ha editado varios discos. Es Director General y cofundador de Trovador, una reconocida compa\u00f1\u00eda discogr\u00e1fica critiana de Espa\u00f1a. Trabaja en las Tecnolog\u00edas de la Informaci\u00f3n, ofreciendo servicios de alojamiento, dise\u00f1o y mantenimiento Web, as\u00ed como asesoramiento, formaci\u00f3n y soluciones inform\u00e1ticas, gesti\u00f3n documental y digitalizaci\u00f3n de textos, edici\u00f3n y maquetaci\u00f3n de libros, revistas, flyers, etc.","sameAs":["http:\/\/chento.org","https:\/\/www.facebook.com\/JavierChento","https:\/\/x.com\/https:\/\/twitter.com\/javierchento"],"url":"http:\/\/vincentians.com\/es\/author\/chento\/"}]}},"jetpack_publicize_connections":[],"jetpack_featured_media_url":"https:\/\/i0.wp.com\/vincentians.com\/es\/wp-content\/uploads\/sites\/11\/2016\/07\/escritos-guillemin.jpg?fit=1200%2C630","jetpack_sharing_enabled":true,"jetpack_shortlink":"https:\/\/wp.me\/p7ETMF-buI","jetpack-related-posts":[{"id":42204,"url":"http:\/\/vincentians.com\/es\/susana-guillemin-repeticion-de-oracion-18-de-diciembre-de-1958\/","url_meta":{"origin":44188,"position":0},"title":"Susana Guillemin: Repetici\u00f3n de oraci\u00f3n, 18 de diciembre de 1958","author":"Francisco Javier Fern\u00e1ndez Chento","date":"18\/03\/2021","format":false,"excerpt":"Estamos en los \u00faltimos d\u00edas antes de Navidad. Tratemos de vivirlos como la Virgen Mar\u00eda. El Se\u00f1or est\u00e1 cerca, viene. Ella lo esper\u00f3 con un amor humano ciertamente sublime. Nosotras podemos, en estos momentos, esperarlo tambi\u00e9n como dec\u00eda San Vicente: \"que no sea solo una idea; que sea el centro\u2026","rel":"","context":"En \u00abEscritos de Susana Guillemin\u00bb","block_context":{"text":"Escritos de Susana Guillemin","link":"http:\/\/vincentians.com\/es\/category\/escritos\/escritos-de-susana-guillemin\/"},"img":{"alt_text":"","src":"https:\/\/i0.wp.com\/vincentians.com\/es\/wp-content\/uploads\/sites\/11\/2016\/07\/escritos-guillemin.jpg?fit=1200%2C630&resize=350%2C200","width":350,"height":200,"srcset":"https:\/\/i0.wp.com\/vincentians.com\/es\/wp-content\/uploads\/sites\/11\/2016\/07\/escritos-guillemin.jpg?fit=1200%2C630&resize=350%2C200 1x, https:\/\/i0.wp.com\/vincentians.com\/es\/wp-content\/uploads\/sites\/11\/2016\/07\/escritos-guillemin.jpg?fit=1200%2C630&resize=525%2C300 1.5x, https:\/\/i0.wp.com\/vincentians.com\/es\/wp-content\/uploads\/sites\/11\/2016\/07\/escritos-guillemin.jpg?fit=1200%2C630&resize=700%2C400 2x, https:\/\/i0.wp.com\/vincentians.com\/es\/wp-content\/uploads\/sites\/11\/2016\/07\/escritos-guillemin.jpg?fit=1200%2C630&resize=1050%2C600 3x"},"classes":[]},{"id":42212,"url":"http:\/\/vincentians.com\/es\/susana-guillemin-repeticion-de-oracion-10-de-marzo-de-1960\/","url_meta":{"origin":44188,"position":1},"title":"Susana Guillemin: Repetici\u00f3n de oraci\u00f3n, 10 de marzo de 1960","author":"Francisco Javier Fern\u00e1ndez Chento","date":"25\/06\/2011","format":false,"excerpt":"Susana Guillemin, H.C. Siempre estamos en peligro de tentaci\u00f3n y no s\u00f3lo a causa de nuestra debilidad, sino porque tal es la cond\u00edci\u00f3n normal de todo ser que vive en este mundo. En reAlidad, Dios espera de nosotros una prueba \u2014y espera que se la demos a lo largo de\u2026","rel":"","context":"En \u00abEscritos de Susana Guillemin\u00bb","block_context":{"text":"Escritos de Susana Guillemin","link":"http:\/\/vincentians.com\/es\/category\/escritos\/escritos-de-susana-guillemin\/"},"img":{"alt_text":"","src":"https:\/\/i0.wp.com\/vincentians.com\/es\/wp-content\/uploads\/sites\/11\/2016\/07\/escritos-guillemin.jpg?fit=1200%2C630&resize=350%2C200","width":350,"height":200,"srcset":"https:\/\/i0.wp.com\/vincentians.com\/es\/wp-content\/uploads\/sites\/11\/2016\/07\/escritos-guillemin.jpg?fit=1200%2C630&resize=350%2C200 1x, https:\/\/i0.wp.com\/vincentians.com\/es\/wp-content\/uploads\/sites\/11\/2016\/07\/escritos-guillemin.jpg?fit=1200%2C630&resize=525%2C300 1.5x, https:\/\/i0.wp.com\/vincentians.com\/es\/wp-content\/uploads\/sites\/11\/2016\/07\/escritos-guillemin.jpg?fit=1200%2C630&resize=700%2C400 2x, https:\/\/i0.wp.com\/vincentians.com\/es\/wp-content\/uploads\/sites\/11\/2016\/07\/escritos-guillemin.jpg?fit=1200%2C630&resize=1050%2C600 3x"},"classes":[]},{"id":42214,"url":"http:\/\/vincentians.com\/es\/susana-guillemin-repeticion-de-oracion-22-de-junio-de-1960\/","url_meta":{"origin":44188,"position":2},"title":"Susana Guillemin: Repetici\u00f3n de oraci\u00f3n, 22 de junio de 1960","author":"Francisco Javier Fern\u00e1ndez Chento","date":"27\/06\/2011","format":false,"excerpt":"Susana Guillemin, H.C. La mayor\u00eda de los que contemplan la vida de las almas consagradas, las compadecen, porque se las imaginan desprovistas de afecto \u2014solas\u2014 y les atribuyen un coraz\u00f3n. seco. La aparente soledad, el desprendimiento son, sin embargo, la condici\u00f3n necesaria para poseer en nosotras esa Presencia Divina. La\u2026","rel":"","context":"En \u00abEscritos de Susana Guillemin\u00bb","block_context":{"text":"Escritos de Susana Guillemin","link":"http:\/\/vincentians.com\/es\/category\/escritos\/escritos-de-susana-guillemin\/"},"img":{"alt_text":"","src":"https:\/\/i0.wp.com\/vincentians.com\/es\/wp-content\/uploads\/sites\/11\/2016\/07\/escritos-guillemin.jpg?fit=1200%2C630&resize=350%2C200","width":350,"height":200,"srcset":"https:\/\/i0.wp.com\/vincentians.com\/es\/wp-content\/uploads\/sites\/11\/2016\/07\/escritos-guillemin.jpg?fit=1200%2C630&resize=350%2C200 1x, https:\/\/i0.wp.com\/vincentians.com\/es\/wp-content\/uploads\/sites\/11\/2016\/07\/escritos-guillemin.jpg?fit=1200%2C630&resize=525%2C300 1.5x, https:\/\/i0.wp.com\/vincentians.com\/es\/wp-content\/uploads\/sites\/11\/2016\/07\/escritos-guillemin.jpg?fit=1200%2C630&resize=700%2C400 2x, https:\/\/i0.wp.com\/vincentians.com\/es\/wp-content\/uploads\/sites\/11\/2016\/07\/escritos-guillemin.jpg?fit=1200%2C630&resize=1050%2C600 3x"},"classes":[]},{"id":42213,"url":"http:\/\/vincentians.com\/es\/susana-guillemin-repeticion-de-oracion-28-de-abril-de-1960\/","url_meta":{"origin":44188,"position":3},"title":"Susana Guillemin: Repetici\u00f3n de oraci\u00f3n, 28 de abril de 1960","author":"Francisco Javier Fern\u00e1ndez Chento","date":"26\/06\/2011","format":false,"excerpt":"Susana Guillemin, H.C. Vivirnos en una \u00e9poca volcada al exterior y muy poco hacia nosotros mismos. Nuestra \u00e9poca se preocupa muy poco del pecado personal, perdida como est\u00e1 en el pecado colectivo; y, sin embargo, el pecado colectivo est\u00e1 hecho de pecados personales. La verdadera compund\u00f3n del coraz\u00f3n es una\u2026","rel":"","context":"En \u00abEscritos de Susana Guillemin\u00bb","block_context":{"text":"Escritos de Susana Guillemin","link":"http:\/\/vincentians.com\/es\/category\/escritos\/escritos-de-susana-guillemin\/"},"img":{"alt_text":"","src":"https:\/\/i0.wp.com\/vincentians.com\/es\/wp-content\/uploads\/sites\/11\/2016\/07\/escritos-guillemin.jpg?fit=1200%2C630&resize=350%2C200","width":350,"height":200,"srcset":"https:\/\/i0.wp.com\/vincentians.com\/es\/wp-content\/uploads\/sites\/11\/2016\/07\/escritos-guillemin.jpg?fit=1200%2C630&resize=350%2C200 1x, https:\/\/i0.wp.com\/vincentians.com\/es\/wp-content\/uploads\/sites\/11\/2016\/07\/escritos-guillemin.jpg?fit=1200%2C630&resize=525%2C300 1.5x, https:\/\/i0.wp.com\/vincentians.com\/es\/wp-content\/uploads\/sites\/11\/2016\/07\/escritos-guillemin.jpg?fit=1200%2C630&resize=700%2C400 2x, https:\/\/i0.wp.com\/vincentians.com\/es\/wp-content\/uploads\/sites\/11\/2016\/07\/escritos-guillemin.jpg?fit=1200%2C630&resize=1050%2C600 3x"},"classes":[]},{"id":42216,"url":"http:\/\/vincentians.com\/es\/susana-guillemin-repeticion-de-oracion-28-de-junio-de-1962\/","url_meta":{"origin":44188,"position":4},"title":"Susana Guillemin: Repetici\u00f3n de oraci\u00f3n, 28 de junio de 1962","author":"Francisco Javier Fern\u00e1ndez Chento","date":"29\/06\/2011","format":false,"excerpt":"Susana Guillemin, H.C. A las Hermanas que van a emitir los votos por primera vez Han llegado ustedes, Hermanas, a la v\u00edspera de su Consagraci\u00f3n al Se\u00f1or. Ma\u00f1ana por la ma\u00f1ana, en la Santa Misa, pronunciar\u00e1n las palabras que van a unirlas a Aquel que las ha elegido y escogido\u2026","rel":"","context":"En \u00abEscritos de Susana Guillemin\u00bb","block_context":{"text":"Escritos de Susana Guillemin","link":"http:\/\/vincentians.com\/es\/category\/escritos\/escritos-de-susana-guillemin\/"},"img":{"alt_text":"","src":"https:\/\/i0.wp.com\/vincentians.com\/es\/wp-content\/uploads\/sites\/11\/2016\/07\/escritos-guillemin.jpg?fit=1200%2C630&resize=350%2C200","width":350,"height":200,"srcset":"https:\/\/i0.wp.com\/vincentians.com\/es\/wp-content\/uploads\/sites\/11\/2016\/07\/escritos-guillemin.jpg?fit=1200%2C630&resize=350%2C200 1x, https:\/\/i0.wp.com\/vincentians.com\/es\/wp-content\/uploads\/sites\/11\/2016\/07\/escritos-guillemin.jpg?fit=1200%2C630&resize=525%2C300 1.5x, https:\/\/i0.wp.com\/vincentians.com\/es\/wp-content\/uploads\/sites\/11\/2016\/07\/escritos-guillemin.jpg?fit=1200%2C630&resize=700%2C400 2x, https:\/\/i0.wp.com\/vincentians.com\/es\/wp-content\/uploads\/sites\/11\/2016\/07\/escritos-guillemin.jpg?fit=1200%2C630&resize=1050%2C600 3x"},"classes":[]},{"id":42209,"url":"http:\/\/vincentians.com\/es\/susana-guillemin-repeticion-de-oracion-3-de-diciembre-de-1959\/","url_meta":{"origin":44188,"position":5},"title":"Susana Guillemin: Repetici\u00f3n de oraci\u00f3n, 3 de diciembre de 1959","author":"Francisco Javier Fern\u00e1ndez Chento","date":"16\/04\/2021","format":false,"excerpt":"Susana Guillemin, H.C. No solemos considerar la vida en su realidad ante Dios: espera y preparaci\u00f3n. Vida de dificultades y sufrimientos que debe servir de prueba. S\u00ed, Dios tiene que tener, con nuestra vida, la prueba de que preferimos su amor a todo otro amor. Esa prueba ser\u00e1 contrastada en\u2026","rel":"","context":"En \u00abEscritos de Susana Guillemin\u00bb","block_context":{"text":"Escritos de Susana Guillemin","link":"http:\/\/vincentians.com\/es\/category\/escritos\/escritos-de-susana-guillemin\/"},"img":{"alt_text":"","src":"https:\/\/i0.wp.com\/vincentians.com\/es\/wp-content\/uploads\/sites\/11\/2016\/07\/escritos-guillemin.jpg?fit=1200%2C630&resize=350%2C200","width":350,"height":200,"srcset":"https:\/\/i0.wp.com\/vincentians.com\/es\/wp-content\/uploads\/sites\/11\/2016\/07\/escritos-guillemin.jpg?fit=1200%2C630&resize=350%2C200 1x, https:\/\/i0.wp.com\/vincentians.com\/es\/wp-content\/uploads\/sites\/11\/2016\/07\/escritos-guillemin.jpg?fit=1200%2C630&resize=525%2C300 1.5x, https:\/\/i0.wp.com\/vincentians.com\/es\/wp-content\/uploads\/sites\/11\/2016\/07\/escritos-guillemin.jpg?fit=1200%2C630&resize=700%2C400 2x, https:\/\/i0.wp.com\/vincentians.com\/es\/wp-content\/uploads\/sites\/11\/2016\/07\/escritos-guillemin.jpg?fit=1200%2C630&resize=1050%2C600 3x"},"classes":[]}],"_links":{"self":[{"href":"http:\/\/vincentians.com\/es\/wp-json\/wp\/v2\/posts\/44188","targetHints":{"allow":["GET"]}}],"collection":[{"href":"http:\/\/vincentians.com\/es\/wp-json\/wp\/v2\/posts"}],"about":[{"href":"http:\/\/vincentians.com\/es\/wp-json\/wp\/v2\/types\/post"}],"author":[{"embeddable":true,"href":"http:\/\/vincentians.com\/es\/wp-json\/wp\/v2\/users\/4"}],"replies":[{"embeddable":true,"href":"http:\/\/vincentians.com\/es\/wp-json\/wp\/v2\/comments?post=44188"}],"version-history":[{"count":0,"href":"http:\/\/vincentians.com\/es\/wp-json\/wp\/v2\/posts\/44188\/revisions"}],"wp:featuredmedia":[{"embeddable":true,"href":"http:\/\/vincentians.com\/es\/wp-json\/wp\/v2\/media\/393749"}],"wp:attachment":[{"href":"http:\/\/vincentians.com\/es\/wp-json\/wp\/v2\/media?parent=44188"}],"wp:term":[{"taxonomy":"category","embeddable":true,"href":"http:\/\/vincentians.com\/es\/wp-json\/wp\/v2\/categories?post=44188"},{"taxonomy":"post_tag","embeddable":true,"href":"http:\/\/vincentians.com\/es\/wp-json\/wp\/v2\/tags?post=44188"}],"curies":[{"name":"wp","href":"https:\/\/api.w.org\/{rel}","templated":true}]}}