{"id":44060,"date":"2011-07-01T07:55:41","date_gmt":"2011-07-01T05:55:41","guid":{"rendered":"http:\/\/somos.vicencianos.org\/?p=44060"},"modified":"2011-07-01T07:55:41","modified_gmt":"2011-07-01T05:55:41","slug":"sobre-el-origen-de-la-congregacion-de-la-mision","status":"publish","type":"post","link":"http:\/\/vincentians.com\/es\/sobre-el-origen-de-la-congregacion-de-la-mision\/","title":{"rendered":"Sobre el origen de la Congregaci\u00f3n de la Misi\u00f3n"},"content":{"rendered":"<h2>Petici\u00f3n de aprobaci\u00f3n hecha a Roma por san Vicente y sus primeros compa\u00f1eros<\/h2>\n<p><a href=\"https:\/\/i0.wp.com\/vicencianos.org\/wp-content\/2011\/07\/ESCUDOCM.jpg\"><img data-recalc-dims=\"1\" loading=\"lazy\" decoding=\"async\" class=\"size-medium wp-image-44065 alignright\" src=\"https:\/\/i0.wp.com\/vicencianos.org\/wp-content\/2011\/07\/ESCUDOCM-237x300.jpg?resize=237%2C300\" alt=\"\" width=\"237\" height=\"300\" \/><\/a>Entre otros documentos encontrados en los archivos de Roma por nuestro amado y sabio Procurador Sr. J. Pa\u00adrrang, de nuestra Casa internacional en dicha ciudad, se halla la s\u00faplica o s\u00faplicas hechas por San Vicente y sus primeros compa\u00f1eros en 1628 para obtener de Roma la aprobaci\u00f3n de la Congregaci\u00f3n.<\/p>\n<p>La primera s\u00faplica fue dirigida y recomendada por el Sr. Nuncio apost\u00f3lico en Francia, y es del 21 de Junio de 1628: el original se encuentra en los archivos de la Pro\u00adpaganda, en el tomo III, <em>Lettere di Francia, Avignone, <\/em><em>Suizzera, 1628, <\/em>n.\u00b0 130, folios 31 (antes 49) y siguientes. Este documento tiene cinco p\u00e1ginas en 4.\u00b0 mayor, de per\u00adgamino, <em>y <\/em>est\u00e1 muy bien escrito; lleva las firmas aut\u00f3gra\u00adfas de los se\u00f1ores F. Dn. Coudray, A. Portail, L. Calon, Juan de la Salle, J. B\u00e9cu, A. Lucas Brunet, J. de Horgny y finalmente de Vicente de Pa\u00fal.<\/p>\n<p>Esta s\u00faplica, como otra cuyo texto ponernos inmediata\u00admente, expone el fin de los asociados, pide que sea apro\u00adbada por el Sumo Pont\u00edfice su asociaci\u00f3n como Congrega\u00adci\u00f3n, y que Vicente de Pa\u00fal sea nombrado su Superior: \u00ab<em>Propter dictas causas, Sanctissime Pater, et quia perpetui\u00adtas hujus pii operis ad salutem et conversionem proximi plurimum conferre potest. Placeat Sanctitati Vestrae ap\u00adprobare et confirmare dictam Congregationem, et in quan\u00adtum opus est de novo erigere, Vestram Benedictionem supra illam extendere dictum que Vincentium instituere in institutorem Praepositurn Generalem dictorum Sacerdo\u00adtum<\/em>\u00ab, etc.<\/p>\n<p>Vicente de Pa\u00fal y sus compa\u00f1eros piden tambi\u00e9n varios favores; y en primer lugar, <em>el de ser exentos de la juris\u00ad<\/em><em>dicci\u00f3n de los Ordinarios diocesanos, quedando s\u00f3lo bajo la <\/em><em>obediencia de la Santa Sede, salvo la que se debe prestar a <\/em><em>los Obispos con respecto a las Misiones. <\/em>\u00ab<em>Dictumque Prae\u00adpositum Generalem presbyteros et quascumque personas dictae Congregationis liberare a jurisdictione suorum Or\u00addinariorum, et a Sancta Sede Apostolica dependere placeat Sanctitati Vestre, ita tatuen ut dictae personae obedire te\u00adneantur Reverendissimis Dominis Episcopis dioecesanis suae residentiae circa Missiones<\/em>\u00ab. Igualmente solicitan las facul\u00adtades concedidas ordinariamente a los Religiosos y Sacer\u00addotes seculares enviados por la Santa Sede a las Misiones extranjeras.<\/p>\n<p>El Sr. Nuncio a\u00f1ade a esta s\u00faplica una carta de reco\u00admendaci\u00f3n, dirigida al Cardenal Ludovisi, Prefecto de la Congregaci\u00f3n de Propaganda:<\/p>\n<p><em>\u00abOs digo de verdad<\/em> \u2014escrib\u00eda&#8211; <em>que los Misioneros son hombres de conducta irreprensible y que su Instituto, tan necesario, ser\u00e1 muy provechoso para las Di\u00f3cesis deste reyno en las cuales trabajan.<\/em>\u00bb (Ibid., n.\u00b0 138, fol. 28.) Esta carta est\u00e1 firmada en la Rochela, a donde el Nuncio hab\u00eda acompa\u00f1ado a Luis XIII, a Richelieu y la Corte.<\/p>\n<p>El 23 de Julio siguiente, y en el mismo lugar, una nueva carta del Sr. Nuncio (Ibid., n.\u00b0 130, fol. 33) dirig\u00eda a Mons. Ingolf, Secretario de la Propaganda, otras del Rey de Fran\u00adcia; una de ellas para Mons. de Bethune, apoyaba la petici\u00f3n de los Misioneros para la aprobaci\u00f3n de su Congrega\u00adci\u00f3n y para obtener los privilegios por ellos solicitados.<\/p>\n<p>Habi\u00e9ndose hecho presente la petici\u00f3n a la Sagrada Con\u00adgregaci\u00f3n de la Propaganda, \u00e9sta la examin\u00f3 en su Consejo. En Roma se procede muy despacio; mas, o\u00eddas del Relator sus razones en pro y en contra, acab\u00f3se por aprobar la asociaci\u00f3n, con la condici\u00f3n de que sus miembros no pa\u00adsaran de 20 a 25. Los Cardenales, en su reuni\u00f3n del 22 de Agosto de 1628, en presencia del Papa y sobre el relato hecho por el Cardenal Bentivoglio, despacharon la s\u00faplica, diciendo que se rogar\u00eda al Sr. Nuncio persuadiera a Vicente y a sus compa\u00f1eros se mantuvieran en los simples t\u00e9rminos de misi\u00f3n, y de esta manera alcanzar\u00edan del Papa la apro\u00adbaci\u00f3n deseada, y del Santo Oficio los privilegios, concedi\u00addos ordinariamente a las Misiones que se hacen en Francia.<\/p>\n<h2>II Petici\u00f3n<\/h2>\n<p>Mas, por este tiempo, Vicente de Pa\u00fal y sus compa\u00f1eros hab\u00edan dirigido otra nueva petici\u00f3n, y con fecha del 15 de Agosto del a\u00f1o 1628 la dirig\u00eda a Roma el Sr. Nuncio al Cardenal Ludovisi, acompa\u00f1\u00e1ndola otra nueva carta que tambi\u00e9n hab\u00eda escrito en la Rochela.<\/p>\n<p>\u00ab<em>Los Sacerdotes de la Misi\u00f3n me han hecho \u2014dec\u00eda\u00ad una nueva s\u00faplica, que va adjunta a \u00e9sta, en la cual expre\u00adsan algunas otras gracias que desean alcanzar de la Santa Sede, rog\u00e1ndome que os env\u00ede \u00e9sta, y la recomiende muy encarecidamente a la benevolencia de Vuestra Se\u00f1or\u00eda Ilus\u00adtr\u00edsima. Yo lo hago con mucho gusto, conociendo la gran utilidad que es de esperar de esta Congregaci\u00f3n, etc.<\/em>\u00bb (Idem, fol. 3o).<\/p>\n<p>No fue, sin embargo, esto cosa de breve tiempo, ni mu\u00adcho menos de un instante, mas tampoco fue muy larga la espera, obteniendo el \u00e9xito deseado el 12 de Enero de 1632, en que el Papa Urbano VIII, por la Bula <em>Salvatoris, <\/em>con\u00adcedi\u00f3 casi a la letra lo que Vicente y sus compa\u00f1eros ha\u00adb\u00edan pedido en la s\u00faplica que se acaba de encontrar. El original en pergamino se conserva en los archivos de la Propaganda (tomo IV, <em>Lettere di Francia, Avignone e Sniz\u00ad<\/em><em>ser , 1628, <\/em>n.\u00b0 130, fol. 36, antes 60). He aqu\u00ed la traducci\u00f3n del texto latino:<\/p>\n<p style=\"padding-left: 30px\"><strong>A NUESTRO SANT\u00cdSIMO PADRE EL PAPA<\/strong><\/p>\n<p style=\"padding-left: 30px\">Vicente de Pa\u00fal, Superior de los Sacerdotes de la Misi\u00f3n fundada en Par\u00eds; Luis Calon, Profesor y doctor de la Sor\u00ad.,na; Antonio Portal, Francisco Du Coudray, Juan de la Salle, Juan Becu, Antonio Lucas, Jos\u00e9 Brunet y Juan de Horny, Sacerdotes de las Di\u00f3cesis de Evreux, de Rouen, de Arl\u00e9s, de Amiens, de Par\u00eds, de Clermont, de Noy\u00f3n, suplican humildemente a V. S. que, como el Sr. Felipe, Manuel de Gondi, Conde de Jougny, Marqu\u00e9s de las Islas de Oro, Caballero de las dos Ordenes, Consejero del Rey, jefe de 50 hombres de armas, Lugarteniente general del Rey de Francia, Intendente general de las galeras reales en<strong> <\/strong>el mar y Oriente de la misma (asociado al presente a la Congregaci\u00f3n del Oratorio de Jes\u00fas en dicha ciudad de Par\u00eds), haya considerado durante algunos a\u00f1os con la se\u00f1ora Francisca Margarita de Silly, ya difunta, antes su esposa, Baronesa de Montis-Mirabilis, Trosnay y de otros lugares, as\u00ed como con dicho Vicente de Pa\u00fal, antes su Ca\u00adpell\u00e1n y confesor de dicha se\u00f1ora, cu\u00e1n bien provistos est\u00e9n los ciudadanos de todo auxilio espiritual, suministrado por los m\u00e1s c\u00e9lebres doctores y los religiosos m\u00e1s obser\u00advantes que en ellas viven, en tanto que los pobres aldeanos est\u00e1n destituidos de estos mismos auxilios, que tanto abun\u00addan en las ciudades, y que por lo tanto vive el pobre pue\u00adblo en suma ignorancia e indigencia espiritual, y lo que es peor, permanezcan y lleguen sus moradores hasta la vejez sin saber ni siquiera los misterios de la Fe; cuyo conoci\u00admiento es necesario para la salvaci\u00f3n, y as\u00ed mueran muchos en los pecados que en su juventud cometieron, y que no se atrevieron a confesar a los P\u00e1rrocos o Vicarios por serles tan conocidos y familiares. a este gran mal piensan poner remedio dichos se\u00f1ores, continuando con el benepl\u00e1cito de los se\u00f1ores y muy RR. Obispos, las Misiones que Vicente y otros eclesi\u00e1sticos muy distinguidos por su buena con\u00adducta y mucho saber, han hecho hasta el presente en las villas y aldeas de su jurisdicci\u00f3n.<\/p>\n<p style=\"padding-left: 30px\">Los Sres. Manuel y Francisca, visto el gran fruto y la suma utilidad, que resultan para gloria de Dios Todopode\u00adroso, de las innumerables confesiones generales que en un gran n\u00famero de villas y aldeas se han hecho, y que esta pr\u00e1ctica ha sido seguida de un cambio de vida de ulterio\u00adres esperanzas para el porvenir y aun de la conversi\u00f3n de algunos herejes; deseando se perpet\u00fae la piadosa obra de Lis Misiones, han tenido a bien donar en el a\u00f1o del Se\u00f1or de 1625 cuarenta y cinco mil francos para la sustentaci\u00f3n y gastos necesarios de algunos Sacerdotes que, dejando a un lado los t\u00edtulos y dignidades eclesi\u00e1sticas que pudieran tener en las ciudades, y que renunciando aun enteramente .d deseo de adquirirlas, quieran vivir en comunidad y en congregaci\u00f3n para dedicarse totalmente a la salud de los pobres campesinos bajo la direcci\u00f3n de Vicente de Pa\u00fal. Aprobada y confirmada esta fundaci\u00f3n por el Reverend\u00edsimo Sr. Arzobispo de Par\u00eds, el sobredicho Vicente de Pa\u00fal, nombrado por \u00e9l mismo Superior, reuni\u00f3 y congre\u00adg\u00f3 a su lado a los Sacerdotes arriba dichos, los cuales, para dedicarse con m\u00e1s facilidad y utilidad al bien de las almas entre los pobres campesinos, han renunciado a los beneficios que algunos de ellos ten\u00edan, lo mismo que los cargos que desempe\u00f1aban en las ciudades y que los impe\u00add\u00edan; y as\u00ed se han reunido para formar en comunidad una compa\u00f1\u00eda de Sacerdotes de la Misi\u00f3n o de Misioneros, cuy, nombre toman, viviendo en ella bajo la direcci\u00f3n de Vicente de Pa\u00fal, ocupados en la salud de los campesino. Van, pues, de pueblo en pueblo y de aldea en aldea predicando sermones, haciendo exhortaciones al pueblo, instruyendo a cada uno en p\u00fablico y en particular en los misterios de la Fe, cuyo conocimiento es necesario para la salvaci\u00f3n, y que ignoran muchos completamente, dis\u00adponiendo y oyendo las confesiones generales de toda la vida, trabajando para la conversi\u00f3n de los herejes, termi\u00adnando pleitos, haciendo cesar los odios, apagando las dis\u00adcordias y enemistades, \u00e9 instituyendo la cofrad\u00eda de la caridad en varias partes donde la necesidad lo reclama, para procurar el bien corporal y espiritual de los pobres enfermos; desempe\u00f1ando, ayudados d\u00e9 la gracia de Dios con felices resultados, estas funciones, no solamente en los pueblos o aldeas pertenecientes a dicho se\u00f1or y se\u00f1ora, fundadores de esta obra (y que deben visitarlos cada cinco a\u00f1os y celebrar en ellos estas funciones), sino tambi\u00e9n en muchas otras partes del reino de Francia, como en los Arzobispados de Par\u00eds y de Sens; en los Obispados de Chalons, en Champagne; de Troyes, de Soissons, de Beavais, Amicus y de Chartres, y en todos con mucho contento de los Muy Idos. Sres. Arzobispos y Obispos de estos luga\u00adres, para provecho del pueblo y con incre\u00edble satisfacci\u00f3n de todos, haciendo estos actos a expensas y gastos de la Congregaci\u00f3n, que no recibe nada, ni espera recompensa cuna temporal por los servicios prestados.<\/p>\n<p style=\"padding-left: 30px\">Por todo esto, Sant\u00edsimo Padre, y porque la perpetuidad esta piadosa obra parece ser de suma importancia para la salud y conversi\u00f3n del pueblo, sea del agrado de V. S. aprobar y confirmar esta Congregaci\u00f3n, y en cuanto sea necesario erigirla de nuevo; echar vuestra Bendici\u00f3n sobre ella y nombrar Superior General a dicho Vicente, de los Sacerdotes ya mencionados y de los que desearen ser admitidos en esta Compa\u00f1\u00eda, como de los que sean necesarios para llenar los ministerios propios de esta Congregaci\u00f3n llamada de la Misi\u00f3n, y que viviendo juntos en comunidad se consagren y dediquen en servicio del Alt\u00edsimo, en<strong> <\/strong>esp\u00edritu de humildad y con los trabajos de una vida fervorosa, siendo su primero y principal fin el estudio de su propia perfecci\u00f3n y el de la salvaci\u00f3n de los pobres campesinos.<\/p>\n<p style=\"padding-left: 30px\">Ir\u00e1n, pues, de pueblo en pueblo predicando y catequi\u00adzando, animando a los fieles a que, postrados a sus pies, confiesen todos los pecados de su vida pasada; oyendo las confesiones generales de los penitentes; preparando del me\u00adjor modo posible a los ni\u00f1os para su primera Comuni\u00f3n, y erigiendo la cofrad\u00eda de la caridad para socorrer las nece\u00adsidades de los pobres enfermos; y todo esto lo har\u00e1n gra\u00adtis, sin recibir ni directa ni indirectamente estipendio nin\u00adguno.<\/p>\n<p style=\"padding-left: 30px\">D\u00edgnese V. S. conceder al mismo Vicente, escogido para esta obra mucho tiempo h\u00e1 por S. E. el Sr. Arzobispo de Par\u00eds, estando por ello muy agradecido a nuestros se\u00f1ores fundadores, permiso, poder y autoridad plena y competente para establecer esta Congregaci\u00f3n, no s\u00f3lo en Par\u00eds, sino tambi\u00e9n en cualquiera otra ciudad, villa, tierra y lugar que sea solicitada por los Obispos de aquellos lugares y no en otros; asimismo de revestir a dicho Vicente de plenos poderes<strong> <\/strong>para formar, publicar y dar todos los reglamentos, re\u00adglas y constituciones l\u00edcitas, \u00fatiles, y de ninguna manera contrarios ni a las decisiones apost\u00f3licas, ni a los Decretos del Santo Concilio de Trento; reglas que deber\u00e1n ser inme\u00addiatamente aprobadas por la Santa Sede y guardadas y ob\u00adservadas por el Superior, por los Sacerdotes, por los Ofi\u00adciales, los Ministros y Coadjutores de las Casas.<\/p>\n<p style=\"padding-left: 30px\">Estas reglas tendr\u00e1n por objeto las condiciones, el buen gobierno de los individuos y de los bienes espirituales y temporales de la Congregaci\u00f3n y de las Casas que de \u00e9sta se vienen fundando y en adelante se fundasen; la admisi\u00f3n, el n\u00famero y cualidades de los que fueren recibidos y admitidos en la Congregaci\u00f3n; la ense\u00f1anza, el orden, la correcci\u00f3n y los ejercicios de sus individuos; el modo y la forma de los divinos oficios, de las oraciones mentales y vocales y dem\u00e1s sufragios que se deban rezar, y, por \u00faltimo, todas las dem\u00e1s cosas permitidas y necesarias a estas Congre\u00adgaciones.<\/p>\n<p style=\"padding-left: 30px\">Deseamos igualmente sea del agrado de V. S. dar a Vi\u00adcente plenos poderes para corregir, limitar y modificar estas reglas, una vez ya formadas, publicadas y dadas, to\u00addas las veces que las disposiciones y cambios de personas, de negocios y tiempos lo pidieren, seg\u00fan le parezca bien; y tambi\u00e9n, corno hemos dicho, de nombrarle Superior, con po\u00adder para formar y establecer de nuevo las reglas que se han de observar y practicar, como tambi\u00e9n para ajustar y asu\u00admir por dicha autoridad las constituciones de cualesquiera otras Ordenes u otros Superiores, aunque Generales, lo mis\u00admo que para poner o hacer poner en ejecuci\u00f3n todas y cada una de las cosas de las Congregaciones similares, por de\u00adrecho, o por costumbre, o por privilegio o por cualquier otro motivo. Tambi\u00e9n os pedimos, acerca de las Casas y Provincias de la Congregaci\u00f3n que en adelante can\u00f3nica\u00admente se erigieren, que teng\u00e1is a bien hacer que dependan de dicho Superior General en todo, cualquiera que fuere el punto donde se encuentren establecidas, y del mismo modo aprobarlas y confirmarlas, ya desde ahora para adelante, corno despu\u00e9s que est\u00e9n ya fundadas por dicha autoridad.<\/p>\n<p style=\"padding-left: 30px\">Adem\u00e1s, deseamos est\u00e9n exentos de la jurisdicci\u00f3n de los Ordinarios el Superior, los Sacerdotes, s\u00fabditos y dem\u00e1s<strong> <\/strong>miembros de esta Congregaci\u00f3n; que solamente de\u00adpendan de la Santa Sede Apost\u00f3lica, de tal manera, sin embargo, que dichos individuos est\u00e9n obligados a prestar obediencia a los Reverendos Sres. Obispos y Ordinarios por lo que toca a las Misiones, y esto en cualquier lugar y a cualquiera clase de gentes donde se les env\u00ede, sin admi\u00adtir pretexto alguno, salvo los casos de enfermedad o can\u00adsancio que necesite alg\u00fan tiempo para el descanso y reco\u00adbro de nuevos br\u00edos; reservando, empero, el escoger los Sacerdotes que deban ser enviados, al Superior de la Casa, como tambi\u00e9n al Superior de la Congregaci\u00f3n el nombrar y el deponer a los Superiores y Oficiales de las Casas que se fundaren, as\u00ed corno el mudar a los individuos que no fuesen aptos. Igualmente el cambiar a los Sacerdotes de una Casa a otra y el llamarlos de cualquier lugar o de cual\u00adquier Casa en que estuvieren, si lo dispone un Mandato de V. S. para alguna Misi\u00f3n, o lo exigiere alguna otra necesidad.<\/p>\n<p style=\"padding-left: 30px\">Y, por \u00faltimo, solicitamos tambi\u00e9n tengan permiso di\u00adchas Casas desde su origen, y una vez ya establecidas y fundadas, como queda dicho, para aceptar, para el gasto de ellas mismas, para el sustento de dicho Vicente, del Superior general y de los Sacerdotes que a la saz\u00f3n est\u00e9n, lo mismo que para el alivio de los cargos en que fueren empleados, toda clase de recursos, bienes, beneficios, legados y dona\u00adciones hechas ya, o que nos pudieren hacer, sea dicho se\u00ad\u00f1or de Gondy o dicha Sra. Margarita Francisca de Silly, fundadores, o cualquiera otro fiel y de cualquiera manera que se den, distribuyan o concedan a esta Casa, de tal ma\u00adnera que pueda dicho Vicente y todo Superior General, como tambi\u00e9n cualquier otro Sacerdote que forme parte de estas Casas, recibir en nombre de ellas y suyo propio, para uno o para varios, los bienes materiales, reales y ac\u00adtuales de todos ellos, lo mismo que el guardar <em>in perpetuo <\/em>los beneficios, r\u00e9ditos y frutos, percibir y exigir los dere\u00adchos, las rentas e intereses de los mismos, emplearlos para uso y utilidad de estas Casas y aun el aplic\u00e1rselos <em>in per\u00ad<\/em><em>petuo, <\/em>sin que para ello sea necesario obtener el permiso del Sr. Obispo del lugar o de otro cualquiera.<\/p>\n<p style=\"padding-left: 30px\">Y para aumentar la devoci\u00f3n de los fieles, procurar la salud de las almas y conseguir que los fieles se animen y aficionen a las funciones de este Instituto, suplican dichos. Sacerdotes a V. S. teng\u00e1is a bien concederles todos los pri\u00advilegios que de costumbre conced\u00e9is a los Religiosos y Sacerdotes seculares que Vuestra Santidad env\u00eda a las Mi- iliones de los infieles.<\/p>\n<p style=\"padding-left: 30px\">A saber: el poder apost\u00f3lico de predicar, catequizar, o\u00edr las confesiones, instituir la Cofrad\u00eda de las Casas de la Ca\u00adridad en todas partes, mas siempre con el consentimiento de nuestros Rdos. Sres. Obispos.<\/p>\n<p style=\"padding-left: 30px\">De absolver de todas las censuras eclesi\u00e1sticas, dispensar de las irregularidades ocultas, de conmutar los votos y de absolver de todos los casos reservados a V. S., aun de los expresados en la Bula <em>Coena Donzini. <\/em>De disputar con los herejes, de absolver a los que se arrepientan de sus here\u00adj\u00edas, de leer sus libros, de aplicar la indulgencia plenaria a todos los que hicieren confesi\u00f3n general; y esto, no s\u00f3lo de- seamos lo conceda V. S. a los Misioneros, sino tambi\u00e9n a todos los Eclesi\u00e1sticos que lleven consigo en las Misiones en caso de necesidad.<\/p>\n<p style=\"padding-left: 30px\"><em>De instituir <\/em>la oraci\u00f3n de las Cuarenta Horas en los lu\u00adgares que juzguen conveniente, y de aplicar la indulgencia plenaria a los que durante este tiempo confiesen y co\u00admulguen.<\/p>\n<p style=\"padding-left: 30px\">De celebrar el Santo Sacrificio de la Misa en altares port\u00e1tiles y aun antes de la aurora y despu\u00e9s de medio d\u00eda. De disminuir o de remitir enteramente las restituciones debidas por haber incurrido en simon\u00eda.<\/p>\n<p style=\"padding-left: 30px\">De bendecir los ornamentos de la Iglesia.<\/p>\n<p style=\"padding-left: 30px\"><em>(Siguen las firmas aut\u00f3grafas acompa\u00f1adas de las firmas <\/em><em>-de los se\u00f1ores)<\/em><\/p>\n<p style=\"padding-left: 30px\">J. DE LA DALLE. \u2014 J. BECU. \u2014 DU COUDRAY. \u2014 A. POR\u00adTAIL &#8211; CALON. \u2014 J. DE HORGNY. &#8211; J. BRUNET.\u2014 A. LUCAS.<\/p>\n<p style=\"padding-left: 30px\">VICENTE DEPAUL.<\/p>\n<p style=\"padding-left: 30px\">Dado en Par\u00eds, en el Colegio de Buenos-Hijos, el d\u00eda primero del mes de Agosto, del a\u00f1o del Se\u00f1or de 1628. <em>(Siguen las r\u00fabricas sin los nombres de los se\u00f1ores.) <\/em>De LA SALLE. \u2014 DU COUDRAY. \u2014 PORTAIL. \u2014 B\u00c9CU. \u2014BRUNET. \u2014 J. DE HORGNY. \u2014 A. LUCAS.<\/p>\n<p style=\"padding-left: 30px\">VICENTE DEPAUL<\/p>\n","protected":false},"excerpt":{"rendered":"<p>Petici\u00f3n de aprobaci\u00f3n hecha a Roma por san Vicente y sus primeros compa\u00f1eros Entre otros documentos encontrados en los archivos de Roma por nuestro amado y sabio Procurador Sr. J. Pa\u00adrrang, de nuestra Casa internacional &#8230; <a href=\"http:\/\/vincentians.com\/es\/sobre-el-origen-de-la-congregacion-de-la-mision\/\" class=\"more-link\">Read More<\/a><\/p>\n","protected":false},"author":4,"featured_media":44065,"comment_status":"open","ping_status":"open","sticky":false,"template":"","format":"standard","meta":{"jetpack_post_was_ever_published":false,"_jetpack_newsletter_access":"","_jetpack_dont_email_post_to_subs":false,"_jetpack_newsletter_tier_id":0,"_jetpack_memberships_contains_paywalled_content":false,"_jetpack_memberships_contains_paid_content":false,"footnotes":"","jetpack_publicize_message":"","jetpack_publicize_feature_enabled":true,"jetpack_social_post_already_shared":true,"jetpack_social_options":{"image_generator_settings":{"template":"highway","default_image_id":0,"font":"","enabled":false},"version":2}},"categories":[170],"tags":[124,119,127,128,129],"class_list":["post-44060","post","type-post","status-publish","format-standard","has-post-thumbnail","hentry","category-documentos-de-la-congregacion-de-la-mision","tag-du-coudray","tag-gondi","tag-portail","tag-silly","tag-urbano-viii"],"yoast_head":"<!-- This site is optimized with the Yoast SEO plugin v26.3 - https:\/\/yoast.com\/wordpress\/plugins\/seo\/ -->\n<title>Sobre el origen de la Congregaci\u00f3n de la Misi\u00f3n - Somos Vicencianos<\/title>\n<meta name=\"robots\" content=\"index, follow, max-snippet:-1, max-image-preview:large, max-video-preview:-1\" \/>\n<link rel=\"canonical\" href=\"https:\/\/vincentians.com\/es\/sobre-el-origen-de-la-congregacion-de-la-mision\/\" \/>\n<meta property=\"og:locale\" content=\"es_ES\" \/>\n<meta property=\"og:type\" content=\"article\" \/>\n<meta property=\"og:title\" content=\"Sobre el origen de la Congregaci\u00f3n de la Misi\u00f3n - Somos Vicencianos\" \/>\n<meta property=\"og:description\" content=\"Petici\u00f3n de aprobaci\u00f3n hecha a Roma por san Vicente y sus primeros compa\u00f1eros Entre otros documentos encontrados en los archivos de Roma por nuestro amado y sabio Procurador Sr. J. Pa\u00adrrang, de nuestra Casa internacional ... Read More\" \/>\n<meta property=\"og:url\" content=\"https:\/\/vincentians.com\/es\/sobre-el-origen-de-la-congregacion-de-la-mision\/\" \/>\n<meta property=\"og:site_name\" content=\"Somos Vicencianos\" \/>\n<meta property=\"article:publisher\" content=\"https:\/\/www.facebook.com\/WeAreVincentians\/\" \/>\n<meta property=\"article:author\" content=\"https:\/\/www.facebook.com\/JavierChento\" \/>\n<meta property=\"article:published_time\" content=\"2011-07-01T05:55:41+00:00\" \/>\n<meta name=\"author\" content=\"Francisco Javier Fern\u00e1ndez Chento\" \/>\n<meta name=\"twitter:card\" content=\"summary_large_image\" \/>\n<meta name=\"twitter:creator\" content=\"@https:\/\/twitter.com\/javierchento\" \/>\n<meta name=\"twitter:site\" content=\"@WeVincentians\" \/>\n<meta name=\"twitter:label1\" content=\"Escrito por\" \/>\n\t<meta name=\"twitter:data1\" content=\"Francisco Javier Fern\u00e1ndez Chento\" \/>\n\t<meta name=\"twitter:label2\" content=\"Tiempo de lectura\" \/>\n\t<meta name=\"twitter:data2\" content=\"17 minutos\" \/>\n<script type=\"application\/ld+json\" class=\"yoast-schema-graph\">{\"@context\":\"https:\/\/schema.org\",\"@graph\":[{\"@type\":\"Article\",\"@id\":\"https:\/\/vincentians.com\/es\/sobre-el-origen-de-la-congregacion-de-la-mision\/#article\",\"isPartOf\":{\"@id\":\"https:\/\/vincentians.com\/es\/sobre-el-origen-de-la-congregacion-de-la-mision\/\"},\"author\":{\"name\":\"Francisco Javier Fern\u00e1ndez Chento\",\"@id\":\"http:\/\/vincentians.com\/es\/#\/schema\/person\/9623ef4d9aa3b2dfb8c061f1499288f2\"},\"headline\":\"Sobre el origen de la Congregaci\u00f3n de la Misi\u00f3n\",\"datePublished\":\"2011-07-01T05:55:41+00:00\",\"mainEntityOfPage\":{\"@id\":\"https:\/\/vincentians.com\/es\/sobre-el-origen-de-la-congregacion-de-la-mision\/\"},\"wordCount\":3330,\"commentCount\":0,\"publisher\":{\"@id\":\"http:\/\/vincentians.com\/es\/#organization\"},\"image\":{\"@id\":\"https:\/\/vincentians.com\/es\/sobre-el-origen-de-la-congregacion-de-la-mision\/#primaryimage\"},\"thumbnailUrl\":\"\",\"keywords\":[\"Du Coudray\",\"Gondi\",\"Portail\",\"Silly\",\"Urbano VIII\"],\"articleSection\":[\"Documentos de la Congregaci\u00f3n de la Misi\u00f3n\"],\"inLanguage\":\"es\",\"potentialAction\":[{\"@type\":\"CommentAction\",\"name\":\"Comment\",\"target\":[\"https:\/\/vincentians.com\/es\/sobre-el-origen-de-la-congregacion-de-la-mision\/#respond\"]}]},{\"@type\":\"WebPage\",\"@id\":\"https:\/\/vincentians.com\/es\/sobre-el-origen-de-la-congregacion-de-la-mision\/\",\"url\":\"https:\/\/vincentians.com\/es\/sobre-el-origen-de-la-congregacion-de-la-mision\/\",\"name\":\"Sobre el origen de la Congregaci\u00f3n de la Misi\u00f3n - Somos Vicencianos\",\"isPartOf\":{\"@id\":\"http:\/\/vincentians.com\/es\/#website\"},\"primaryImageOfPage\":{\"@id\":\"https:\/\/vincentians.com\/es\/sobre-el-origen-de-la-congregacion-de-la-mision\/#primaryimage\"},\"image\":{\"@id\":\"https:\/\/vincentians.com\/es\/sobre-el-origen-de-la-congregacion-de-la-mision\/#primaryimage\"},\"thumbnailUrl\":\"\",\"datePublished\":\"2011-07-01T05:55:41+00:00\",\"breadcrumb\":{\"@id\":\"https:\/\/vincentians.com\/es\/sobre-el-origen-de-la-congregacion-de-la-mision\/#breadcrumb\"},\"inLanguage\":\"es\",\"potentialAction\":[{\"@type\":\"ReadAction\",\"target\":[\"https:\/\/vincentians.com\/es\/sobre-el-origen-de-la-congregacion-de-la-mision\/\"]}]},{\"@type\":\"ImageObject\",\"inLanguage\":\"es\",\"@id\":\"https:\/\/vincentians.com\/es\/sobre-el-origen-de-la-congregacion-de-la-mision\/#primaryimage\",\"url\":\"\",\"contentUrl\":\"\"},{\"@type\":\"BreadcrumbList\",\"@id\":\"https:\/\/vincentians.com\/es\/sobre-el-origen-de-la-congregacion-de-la-mision\/#breadcrumb\",\"itemListElement\":[{\"@type\":\"ListItem\",\"position\":1,\"name\":\"Portada\",\"item\":\"http:\/\/vincentians.com\/es\/\"},{\"@type\":\"ListItem\",\"position\":2,\"name\":\"Sobre el origen de la Congregaci\u00f3n de la Misi\u00f3n\"}]},{\"@type\":\"WebSite\",\"@id\":\"http:\/\/vincentians.com\/es\/#website\",\"url\":\"http:\/\/vincentians.com\/es\/\",\"name\":\"Somos Vicencianos\",\"description\":\"Know more to serve more\",\"publisher\":{\"@id\":\"http:\/\/vincentians.com\/es\/#organization\"},\"potentialAction\":[{\"@type\":\"SearchAction\",\"target\":{\"@type\":\"EntryPoint\",\"urlTemplate\":\"http:\/\/vincentians.com\/es\/?s={search_term_string}\"},\"query-input\":{\"@type\":\"PropertyValueSpecification\",\"valueRequired\":true,\"valueName\":\"search_term_string\"}}],\"inLanguage\":\"es\"},{\"@type\":\"Organization\",\"@id\":\"http:\/\/vincentians.com\/es\/#organization\",\"name\":\"The Vincentian Network\",\"url\":\"http:\/\/vincentians.com\/es\/\",\"logo\":{\"@type\":\"ImageObject\",\"inLanguage\":\"es\",\"@id\":\"http:\/\/vincentians.com\/es\/#\/schema\/logo\/image\/\",\"url\":\"https:\/\/i1.wp.com\/vincentians.com\/es\/wp-content\/uploads\/sites\/11\/2016\/06\/Vincentian-Network-logo-big.png?fit=778%2C778\",\"contentUrl\":\"https:\/\/i1.wp.com\/vincentians.com\/es\/wp-content\/uploads\/sites\/11\/2016\/06\/Vincentian-Network-logo-big.png?fit=778%2C778\",\"width\":778,\"height\":778,\"caption\":\"The Vincentian Network\"},\"image\":{\"@id\":\"http:\/\/vincentians.com\/es\/#\/schema\/logo\/image\/\"},\"sameAs\":[\"https:\/\/www.facebook.com\/WeAreVincentians\/\",\"https:\/\/x.com\/WeVincentians\"]},{\"@type\":\"Person\",\"@id\":\"http:\/\/vincentians.com\/es\/#\/schema\/person\/9623ef4d9aa3b2dfb8c061f1499288f2\",\"name\":\"Francisco Javier Fern\u00e1ndez Chento\",\"image\":{\"@type\":\"ImageObject\",\"inLanguage\":\"es\",\"@id\":\"http:\/\/vincentians.com\/es\/#\/schema\/person\/image\/\",\"url\":\"https:\/\/secure.gravatar.com\/avatar\/497d5cde87b4c3d097d0315953521681ba2cd523ee66e5077c3711f7021e65de?s=96&d=mm&r=g\",\"contentUrl\":\"https:\/\/secure.gravatar.com\/avatar\/497d5cde87b4c3d097d0315953521681ba2cd523ee66e5077c3711f7021e65de?s=96&d=mm&r=g\",\"caption\":\"Francisco Javier Fern\u00e1ndez Chento\"},\"description\":\"Director General y cofundador de La Red de Formaci\u00f3n Vicenciana. Javier es laico vicenciano, afiliado a la Congregaci\u00f3n de la Misi\u00f3n y miembro del Equipo de Misiones Populares de la provincia can\u00f3nica de Zaragoza (Espa\u00f1a) de la Congregaci\u00f3n de la Misi\u00f3n. Graduado en la Universidad Oberta de Catalunya con cuatro grados (Asistente de direcci\u00f3n, Gesti\u00f3n Administrativa, Recursos Humanos y Contabilidad Avanzada). Bil\u00edng\u00fce Espa\u00f1ol\/Ingl\u00e9s. gestiona y mantiene varias p\u00e1ginas web cristianas y vicencianas, incluida including La Red de Formaci\u00f3n Vicenciana, de la que es cofundador. Actualmente es responsable del \u00e1rea de Espa\u00f1ol de .famvin, la Red de Noticias de la Familia Vicenciana. Tambi\u00e9n es m\u00fasico cat\u00f3lico y ha editado varios discos. Es Director General y cofundador de Trovador, una reconocida compa\u00f1\u00eda discogr\u00e1fica critiana de Espa\u00f1a. Trabaja en las Tecnolog\u00edas de la Informaci\u00f3n, ofreciendo servicios de alojamiento, dise\u00f1o y mantenimiento Web, as\u00ed como asesoramiento, formaci\u00f3n y soluciones inform\u00e1ticas, gesti\u00f3n documental y digitalizaci\u00f3n de textos, edici\u00f3n y maquetaci\u00f3n de libros, revistas, flyers, etc.\",\"sameAs\":[\"http:\/\/chento.org\",\"https:\/\/www.facebook.com\/JavierChento\",\"https:\/\/x.com\/https:\/\/twitter.com\/javierchento\"],\"url\":\"http:\/\/vincentians.com\/es\/author\/chento\/\"}]}<\/script>\n<!-- \/ Yoast SEO plugin. -->","yoast_head_json":{"title":"Sobre el origen de la Congregaci\u00f3n de la Misi\u00f3n - Somos Vicencianos","robots":{"index":"index","follow":"follow","max-snippet":"max-snippet:-1","max-image-preview":"max-image-preview:large","max-video-preview":"max-video-preview:-1"},"canonical":"https:\/\/vincentians.com\/es\/sobre-el-origen-de-la-congregacion-de-la-mision\/","og_locale":"es_ES","og_type":"article","og_title":"Sobre el origen de la Congregaci\u00f3n de la Misi\u00f3n - Somos Vicencianos","og_description":"Petici\u00f3n de aprobaci\u00f3n hecha a Roma por san Vicente y sus primeros compa\u00f1eros Entre otros documentos encontrados en los archivos de Roma por nuestro amado y sabio Procurador Sr. J. Pa\u00adrrang, de nuestra Casa internacional ... Read More","og_url":"https:\/\/vincentians.com\/es\/sobre-el-origen-de-la-congregacion-de-la-mision\/","og_site_name":"Somos Vicencianos","article_publisher":"https:\/\/www.facebook.com\/WeAreVincentians\/","article_author":"https:\/\/www.facebook.com\/JavierChento","article_published_time":"2011-07-01T05:55:41+00:00","author":"Francisco Javier Fern\u00e1ndez Chento","twitter_card":"summary_large_image","twitter_creator":"@https:\/\/twitter.com\/javierchento","twitter_site":"@WeVincentians","twitter_misc":{"Escrito por":"Francisco Javier Fern\u00e1ndez Chento","Tiempo de lectura":"17 minutos"},"schema":{"@context":"https:\/\/schema.org","@graph":[{"@type":"Article","@id":"https:\/\/vincentians.com\/es\/sobre-el-origen-de-la-congregacion-de-la-mision\/#article","isPartOf":{"@id":"https:\/\/vincentians.com\/es\/sobre-el-origen-de-la-congregacion-de-la-mision\/"},"author":{"name":"Francisco Javier Fern\u00e1ndez Chento","@id":"http:\/\/vincentians.com\/es\/#\/schema\/person\/9623ef4d9aa3b2dfb8c061f1499288f2"},"headline":"Sobre el origen de la Congregaci\u00f3n de la Misi\u00f3n","datePublished":"2011-07-01T05:55:41+00:00","mainEntityOfPage":{"@id":"https:\/\/vincentians.com\/es\/sobre-el-origen-de-la-congregacion-de-la-mision\/"},"wordCount":3330,"commentCount":0,"publisher":{"@id":"http:\/\/vincentians.com\/es\/#organization"},"image":{"@id":"https:\/\/vincentians.com\/es\/sobre-el-origen-de-la-congregacion-de-la-mision\/#primaryimage"},"thumbnailUrl":"","keywords":["Du Coudray","Gondi","Portail","Silly","Urbano VIII"],"articleSection":["Documentos de la Congregaci\u00f3n de la Misi\u00f3n"],"inLanguage":"es","potentialAction":[{"@type":"CommentAction","name":"Comment","target":["https:\/\/vincentians.com\/es\/sobre-el-origen-de-la-congregacion-de-la-mision\/#respond"]}]},{"@type":"WebPage","@id":"https:\/\/vincentians.com\/es\/sobre-el-origen-de-la-congregacion-de-la-mision\/","url":"https:\/\/vincentians.com\/es\/sobre-el-origen-de-la-congregacion-de-la-mision\/","name":"Sobre el origen de la Congregaci\u00f3n de la Misi\u00f3n - Somos Vicencianos","isPartOf":{"@id":"http:\/\/vincentians.com\/es\/#website"},"primaryImageOfPage":{"@id":"https:\/\/vincentians.com\/es\/sobre-el-origen-de-la-congregacion-de-la-mision\/#primaryimage"},"image":{"@id":"https:\/\/vincentians.com\/es\/sobre-el-origen-de-la-congregacion-de-la-mision\/#primaryimage"},"thumbnailUrl":"","datePublished":"2011-07-01T05:55:41+00:00","breadcrumb":{"@id":"https:\/\/vincentians.com\/es\/sobre-el-origen-de-la-congregacion-de-la-mision\/#breadcrumb"},"inLanguage":"es","potentialAction":[{"@type":"ReadAction","target":["https:\/\/vincentians.com\/es\/sobre-el-origen-de-la-congregacion-de-la-mision\/"]}]},{"@type":"ImageObject","inLanguage":"es","@id":"https:\/\/vincentians.com\/es\/sobre-el-origen-de-la-congregacion-de-la-mision\/#primaryimage","url":"","contentUrl":""},{"@type":"BreadcrumbList","@id":"https:\/\/vincentians.com\/es\/sobre-el-origen-de-la-congregacion-de-la-mision\/#breadcrumb","itemListElement":[{"@type":"ListItem","position":1,"name":"Portada","item":"http:\/\/vincentians.com\/es\/"},{"@type":"ListItem","position":2,"name":"Sobre el origen de la Congregaci\u00f3n de la Misi\u00f3n"}]},{"@type":"WebSite","@id":"http:\/\/vincentians.com\/es\/#website","url":"http:\/\/vincentians.com\/es\/","name":"Somos Vicencianos","description":"Know more to serve more","publisher":{"@id":"http:\/\/vincentians.com\/es\/#organization"},"potentialAction":[{"@type":"SearchAction","target":{"@type":"EntryPoint","urlTemplate":"http:\/\/vincentians.com\/es\/?s={search_term_string}"},"query-input":{"@type":"PropertyValueSpecification","valueRequired":true,"valueName":"search_term_string"}}],"inLanguage":"es"},{"@type":"Organization","@id":"http:\/\/vincentians.com\/es\/#organization","name":"The Vincentian Network","url":"http:\/\/vincentians.com\/es\/","logo":{"@type":"ImageObject","inLanguage":"es","@id":"http:\/\/vincentians.com\/es\/#\/schema\/logo\/image\/","url":"https:\/\/i1.wp.com\/vincentians.com\/es\/wp-content\/uploads\/sites\/11\/2016\/06\/Vincentian-Network-logo-big.png?fit=778%2C778","contentUrl":"https:\/\/i1.wp.com\/vincentians.com\/es\/wp-content\/uploads\/sites\/11\/2016\/06\/Vincentian-Network-logo-big.png?fit=778%2C778","width":778,"height":778,"caption":"The Vincentian Network"},"image":{"@id":"http:\/\/vincentians.com\/es\/#\/schema\/logo\/image\/"},"sameAs":["https:\/\/www.facebook.com\/WeAreVincentians\/","https:\/\/x.com\/WeVincentians"]},{"@type":"Person","@id":"http:\/\/vincentians.com\/es\/#\/schema\/person\/9623ef4d9aa3b2dfb8c061f1499288f2","name":"Francisco Javier Fern\u00e1ndez Chento","image":{"@type":"ImageObject","inLanguage":"es","@id":"http:\/\/vincentians.com\/es\/#\/schema\/person\/image\/","url":"https:\/\/secure.gravatar.com\/avatar\/497d5cde87b4c3d097d0315953521681ba2cd523ee66e5077c3711f7021e65de?s=96&d=mm&r=g","contentUrl":"https:\/\/secure.gravatar.com\/avatar\/497d5cde87b4c3d097d0315953521681ba2cd523ee66e5077c3711f7021e65de?s=96&d=mm&r=g","caption":"Francisco Javier Fern\u00e1ndez Chento"},"description":"Director General y cofundador de La Red de Formaci\u00f3n Vicenciana. Javier es laico vicenciano, afiliado a la Congregaci\u00f3n de la Misi\u00f3n y miembro del Equipo de Misiones Populares de la provincia can\u00f3nica de Zaragoza (Espa\u00f1a) de la Congregaci\u00f3n de la Misi\u00f3n. Graduado en la Universidad Oberta de Catalunya con cuatro grados (Asistente de direcci\u00f3n, Gesti\u00f3n Administrativa, Recursos Humanos y Contabilidad Avanzada). Bil\u00edng\u00fce Espa\u00f1ol\/Ingl\u00e9s. gestiona y mantiene varias p\u00e1ginas web cristianas y vicencianas, incluida including La Red de Formaci\u00f3n Vicenciana, de la que es cofundador. Actualmente es responsable del \u00e1rea de Espa\u00f1ol de .famvin, la Red de Noticias de la Familia Vicenciana. Tambi\u00e9n es m\u00fasico cat\u00f3lico y ha editado varios discos. Es Director General y cofundador de Trovador, una reconocida compa\u00f1\u00eda discogr\u00e1fica critiana de Espa\u00f1a. Trabaja en las Tecnolog\u00edas de la Informaci\u00f3n, ofreciendo servicios de alojamiento, dise\u00f1o y mantenimiento Web, as\u00ed como asesoramiento, formaci\u00f3n y soluciones inform\u00e1ticas, gesti\u00f3n documental y digitalizaci\u00f3n de textos, edici\u00f3n y maquetaci\u00f3n de libros, revistas, flyers, etc.","sameAs":["http:\/\/chento.org","https:\/\/www.facebook.com\/JavierChento","https:\/\/x.com\/https:\/\/twitter.com\/javierchento"],"url":"http:\/\/vincentians.com\/es\/author\/chento\/"}]}},"jetpack_publicize_connections":[],"jetpack_featured_media_url":"","jetpack_sharing_enabled":true,"jetpack_shortlink":"https:\/\/wp.me\/p7ETMF-bsE","jetpack-related-posts":[{"id":130100,"url":"http:\/\/vincentians.com\/es\/los-siete-primeros-companeros-de-san-vicente\/","url_meta":{"origin":44060,"position":0},"title":"Los siete primeros compa\u00f1eros de San Vicente","author":"Francisco Javier Fern\u00e1ndez Chento","date":"23\/03\/2014","format":false,"excerpt":"\"Se puede decir\u2014escrib\u00eda Abelly\u2014que fueron como los siete Sacerdotes dirigidos por Josu\u00e9, etc., y que en virtud de su celo y virtudes, atrajeron otros muchos a esta santa milicia.\" He aqu\u00ed algunos detalles biogr\u00e1ficos de cada uno de \u00e9stos: Antonio Portail.\u2014Naci\u00f3 en Belcaire, Di\u00f3cesis de Arles, en la Provenza, el\u2026","rel":"","context":"En \u00abEn tiempos de Vicente de Pa\u00fal\u00bb","block_context":{"text":"En tiempos de Vicente de Pa\u00fal","link":"http:\/\/vincentians.com\/es\/category\/historia-de-la-familia-vicenciana\/en-tiempos-de-vicente-de-paul\/"},"img":{"alt_text":"coraz\u00f3n","src":"https:\/\/i0.wp.com\/vicencianos.org\/wp-content\/2014\/03\/coraz%C3%B3n.jpg?resize=350%2C200","width":350,"height":200},"classes":[]},{"id":15434,"url":"http:\/\/vincentians.com\/es\/vicente-de-paul-documento-123-decision-de-propaganda-fide-sobre-la-suplica-que-le-dirigio-san-vicente-en-junio-de-1628\/","url_meta":{"origin":44060,"position":1},"title":"Vicente de Pa\u00fal, Documento 123: Decisi\u00f3n De Propaganda Fide Sobre La Suplica Que Le Dirigi\u00f3 San Vicente En Junio De 1628","author":"Francisco Javier Fern\u00e1ndez Chento","date":"10\/04\/2010","format":false,"excerpt":"22 agosto 1628 D\u00eda 22 de agosto de 1628. Se celebr\u00f3 la congregaci\u00f3n en el Quirinal ante el Santo Padre, con asistencia de seis cardenales, a saber Millino, Borgia, Ubaldini, Bentivoglio, Ludovisi y de San Onofre y de los reverend\u00edsimos se\u00f1ores Corsi y Toniello... Tras la exposici\u00f3n del ilustr\u00edsimo se\u00f1or\u2026","rel":"","context":"En \u00abEscritos de Vicente de Pa\u00fal\u00bb","block_context":{"text":"Escritos de Vicente de Pa\u00fal","link":"http:\/\/vincentians.com\/es\/category\/escritos\/escritos-de-vicente-de-paul\/"},"img":{"alt_text":"","src":"https:\/\/i0.wp.com\/vincentians.com\/es\/wp-content\/uploads\/sites\/11\/2016\/07\/escritos-vicente-de-paul.jpg?fit=1200%2C630&resize=350%2C200","width":350,"height":200,"srcset":"https:\/\/i0.wp.com\/vincentians.com\/es\/wp-content\/uploads\/sites\/11\/2016\/07\/escritos-vicente-de-paul.jpg?fit=1200%2C630&resize=350%2C200 1x, https:\/\/i0.wp.com\/vincentians.com\/es\/wp-content\/uploads\/sites\/11\/2016\/07\/escritos-vicente-de-paul.jpg?fit=1200%2C630&resize=525%2C300 1.5x, https:\/\/i0.wp.com\/vincentians.com\/es\/wp-content\/uploads\/sites\/11\/2016\/07\/escritos-vicente-de-paul.jpg?fit=1200%2C630&resize=700%2C400 2x, https:\/\/i0.wp.com\/vincentians.com\/es\/wp-content\/uploads\/sites\/11\/2016\/07\/escritos-vicente-de-paul.jpg?fit=1200%2C630&resize=1050%2C600 3x"},"classes":[]},{"id":125987,"url":"http:\/\/vincentians.com\/es\/un-documento-importante-al-papa-urbano-viii-1628\/","url_meta":{"origin":44060,"position":2},"title":"Un Documento importante: al Papa Urbano VIII (1628)","author":"Francisco Javier Fern\u00e1ndez Chento","date":"02\/12\/2013","format":false,"excerpt":"Vicente de Pa\u00fal, Superior de los Sacerdotes de la Misi\u00f3n fundada en Par\u00eds, Maestro Louis Callon, Doctor de la Sorbona, Antoine Portail, Fran\u00e7ois du Coudray, Jean de la Salle, Jean B\u00e9cu, Antoine Lucas, Joseph Brunet, y Jean Dehorgny de la di\u00f3cesis de Dax, Rouen, Arles, Amiens, Par\u00eds, Clermont, y Noyon\u2026","rel":"","context":"En \u00abDocumentos de la Congregaci\u00f3n de la Misi\u00f3n\u00bb","block_context":{"text":"Documentos de la Congregaci\u00f3n de la Misi\u00f3n","link":"http:\/\/vincentians.com\/es\/category\/formacion-vicenciana\/documentos-oficiales-de-la-familia-vicenciana\/documentos-de-la-congregacion-de-la-mision\/"},"img":{"alt_text":"ESCUDOCM","src":"https:\/\/i0.wp.com\/vicencianos.org\/wp-content\/2013\/09\/ESCUDOCM.jpg?resize=350%2C200","width":350,"height":200},"classes":[]},{"id":15437,"url":"http:\/\/vincentians.com\/es\/vicente-de-paul-documento-126-carta-de-la-s-congregacion-al-nuncio\/","url_meta":{"origin":44060,"position":3},"title":"Vicente de Pa\u00fal, Documento 126: Carta De La S. Congregacion Al Nuncio","author":"Francisco Javier Fern\u00e1ndez Chento","date":"13\/04\/2010","format":false,"excerpt":"30 septiembre 1628 Al Nuncio de Francia. Sobre el asunto de la Misi\u00f3n de la Condesa de Joigny, habiendo ya tomado esta S. Congregaci\u00f3n las determinaciones que V.S. habr\u00e1 visto en las cartas (laguna), no tengo otra cosa que decirle a lo que de nuevo ha escrito en la segunda\u2026","rel":"","context":"En \u00abEscritos de Vicente de Pa\u00fal\u00bb","block_context":{"text":"Escritos de Vicente de Pa\u00fal","link":"http:\/\/vincentians.com\/es\/category\/escritos\/escritos-de-vicente-de-paul\/"},"img":{"alt_text":"","src":"https:\/\/i0.wp.com\/vincentians.com\/es\/wp-content\/uploads\/sites\/11\/2016\/07\/escritos-vicente-de-paul.jpg?fit=1200%2C630&resize=350%2C200","width":350,"height":200,"srcset":"https:\/\/i0.wp.com\/vincentians.com\/es\/wp-content\/uploads\/sites\/11\/2016\/07\/escritos-vicente-de-paul.jpg?fit=1200%2C630&resize=350%2C200 1x, https:\/\/i0.wp.com\/vincentians.com\/es\/wp-content\/uploads\/sites\/11\/2016\/07\/escritos-vicente-de-paul.jpg?fit=1200%2C630&resize=525%2C300 1.5x, https:\/\/i0.wp.com\/vincentians.com\/es\/wp-content\/uploads\/sites\/11\/2016\/07\/escritos-vicente-de-paul.jpg?fit=1200%2C630&resize=700%2C400 2x, https:\/\/i0.wp.com\/vincentians.com\/es\/wp-content\/uploads\/sites\/11\/2016\/07\/escritos-vicente-de-paul.jpg?fit=1200%2C630&resize=1050%2C600 3x"},"classes":[]},{"id":101803,"url":"http:\/\/vincentians.com\/es\/vida-del-senor-vicente-de-paul-capitulo-4\/","url_meta":{"origin":44060,"position":4},"title":"Vida del Se\u00f1or Vicente de Pa\u00fal: Cap\u00edtulo 4","author":"Francisco Javier Fern\u00e1ndez Chento","date":"15\/05\/2015","format":false,"excerpt":"4 (1626) Aunque poco, el peque\u00f1o grupo de dos creci\u00f3 pronto, pues ya en los primeros meses del a\u00f1o siguiente, 1626, viv\u00edan en los Buenos Hijos otros dos sacerdotes, Juan de la Salle y Francisco du Coudray, ambos de la di\u00f3cesis de Amiens, de cuarenta a\u00f1os el segundo y de\u2026","rel":"","context":"En \u00abVicente de Pa\u00fal\u00bb","block_context":{"text":"Vicente de Pa\u00fal","link":"http:\/\/vincentians.com\/es\/category\/la-familia-vicenciana\/fundadores\/vicente-de-paul\/"},"img":{"alt_text":"sanvibiblia","src":"https:\/\/i0.wp.com\/vicencianos.org\/wp-content\/2012\/08\/sanvibiblia-300x300.png?resize=350%2C200","width":350,"height":200},"classes":[]},{"id":125829,"url":"http:\/\/vincentians.com\/es\/san-vicente-de-paul-siervo-de-los-pobres-05\/","url_meta":{"origin":44060,"position":5},"title":"San Vicente de Pa\u00fal, siervo de los pobres (05)","author":"Francisco Javier Fern\u00e1ndez Chento","date":"30\/11\/2013","format":false,"excerpt":"V. La Congregaci\u00f3n de la Misi\u00f3n Los Bons-Enfants (1624) Todo el a\u00f1o 1623 estuvo dedicado a las misiones en\u00adtre los campesinos, los forzados y los feligreses. En medio de esta actividad sustanciosa y callada, al a\u00f1o siguiente Vicente vio su nombramiento de prior de Saint-Nicolas de Grosse Sauve. Es de\u2026","rel":"","context":"En \u00abVicente de Pa\u00fal\u00bb","block_context":{"text":"Vicente de Pa\u00fal","link":"http:\/\/vincentians.com\/es\/category\/la-familia-vicenciana\/fundadores\/vicente-de-paul\/"},"img":{"alt_text":"","src":"","width":0,"height":0},"classes":[]}],"_links":{"self":[{"href":"http:\/\/vincentians.com\/es\/wp-json\/wp\/v2\/posts\/44060","targetHints":{"allow":["GET"]}}],"collection":[{"href":"http:\/\/vincentians.com\/es\/wp-json\/wp\/v2\/posts"}],"about":[{"href":"http:\/\/vincentians.com\/es\/wp-json\/wp\/v2\/types\/post"}],"author":[{"embeddable":true,"href":"http:\/\/vincentians.com\/es\/wp-json\/wp\/v2\/users\/4"}],"replies":[{"embeddable":true,"href":"http:\/\/vincentians.com\/es\/wp-json\/wp\/v2\/comments?post=44060"}],"version-history":[{"count":0,"href":"http:\/\/vincentians.com\/es\/wp-json\/wp\/v2\/posts\/44060\/revisions"}],"wp:featuredmedia":[{"embeddable":true,"href":"http:\/\/vincentians.com\/es\/wp-json\/"}],"wp:attachment":[{"href":"http:\/\/vincentians.com\/es\/wp-json\/wp\/v2\/media?parent=44060"}],"wp:term":[{"taxonomy":"category","embeddable":true,"href":"http:\/\/vincentians.com\/es\/wp-json\/wp\/v2\/categories?post=44060"},{"taxonomy":"post_tag","embeddable":true,"href":"http:\/\/vincentians.com\/es\/wp-json\/wp\/v2\/tags?post=44060"}],"curies":[{"name":"wp","href":"https:\/\/api.w.org\/{rel}","templated":true}]}}