{"id":44001,"date":"2014-03-31T02:32:37","date_gmt":"2014-03-31T00:32:37","guid":{"rendered":"http:\/\/somos.vicencianos.org\/blog\/2011\/07\/el-senor-vicente-visto-por-su-secretario-luis-robineau-articulos-301-al-305\/"},"modified":"2014-03-31T02:32:37","modified_gmt":"2014-03-31T00:32:37","slug":"el-senor-vicente-visto-por-su-secretario-luis-robineau-articulos-301-al-305","status":"publish","type":"post","link":"http:\/\/vincentians.com\/es\/el-senor-vicente-visto-por-su-secretario-luis-robineau-articulos-301-al-305\/","title":{"rendered":"El se\u00f1or Vicente visto por su secretario, Luis Robineau. Art\u00edculos 301 al 305"},"content":{"rendered":"<h2><em>301.<strong> <\/strong>Sufrimiento del Se\u00f1or Vicente cuando mandaba a su casa a misioneros.<\/em><\/h2>\n<p>Amaba al pr\u00f3jimo en Dios y para Dios, y le he o\u00eddo decir que, cuando se trataba de despedir a algunos de la Compa\u00f1\u00eda era para \u00e9l como desgarrarle las entra\u00f1as; incluso antes del nacimiento de la Compa\u00f1\u00eda, \u00abcuando me ve\u00eda obligado a despedir a mi criado era como arrancarme un diente\u00bb.<\/p>\n<blockquote><p><strong>Notas del P. Dodin:<\/strong><\/p>\n<p>Pena, cuando se sal\u00eda un misionero.<\/p>\n<p>Y en cierta ocasi\u00f3n dijo a uno de los suyos, que a causa de una tentaci\u00f3n quer\u00eda retirarse de la Compa\u00f1\u00eda, que, si se sal\u00eda, sufrir\u00eda tanto disgusto por tal separaci\u00f3n, como si le cortaran un brazo o una pierna.<\/p>\n<p>\u2014Le han o\u00eddo decir en diversas ocasiones, al hablar de los de su Comunidad, que \u00e9l amaba la vocaci\u00f3n de los suyos m\u00e1s que a su propia vida, y que, cuando alguno se sal\u00eda de la Compa\u00f1\u00eda, sent\u00eda tanto dolor como si le hubieran desgarrado las entra\u00f1as\u00bb (Abelly, III.162).<\/p><\/blockquote>\n<h2><em>302.<\/em><em> <\/em><em>El Se\u00f1or Vicente reza y hace rezar por un burgu\u00e9s que lo ha injuriado.<\/em><\/h2>\n<p>&nbsp;<\/p>\n<p>Otro acto de la Caridad heroica que practic\u00f3 y realiz\u00f3, como lo vamos a ver, es que a pesar de que hab\u00eda recibido un disgusto muy grande de un burgu\u00e9s de Par\u00eds&#8230;(sic), que quiso recuperar lo que hab\u00eda entregado a t\u00edtulo honeroso a la Compa\u00f1\u00eda, despu\u00e9s de haberse asegurado contra el contrato antes de su muerte, m\u00e1s a pesar de que dec\u00eda cantidad de injurias contra el honor y la fama del Se\u00f1or Vicen\u00adte, no obstante el Se\u00f1or Vicente no quiso que se omitiera nada de lo que se le deba a un bienhechor, cuando muera, como son las oracio\u00adnes y los sufragios.<\/p>\n<blockquote>\n<h3>Notas del P. Dodin:<\/h3>\n<p><strong> <\/strong><\/p>\n<p>Oraci\u00f3n por quienes lo inuriaban.<\/p>\n<p>Indicaci\u00f3n no recogida por L. Abelly.<\/p><\/blockquote>\n<h2><em><strong>303.<\/strong><\/em><em><strong> <\/strong><\/em><em>El Se\u00f1or Vicente contin\u00faa rezando por un bienhechor poco delicado.<\/em><\/h2>\n<p>&nbsp;<\/p>\n<p>Pero lo que sobrepasa todo eso que acabo de decir es que, despu\u00e9s del pleito sentenciado a favor y provecho del hijo de dicho burgu\u00e9s, aunque la Compa\u00f1\u00eda no estuviera obligada a cumplir con las cl\u00e1usulas incluidas en la donaci\u00f3n, que eran misas y otras oraciones durante todas las semanas, con todo, quiso que se continuara con ellas y que no se quitasen dichas cargas del martirologio, y ha tenido el honor de haberle o\u00eddo dos o tres veces en diversos tiempos estas palabras: \u00abAunque ya no tengamos la finca del Se\u00f1or X&#8230; , y nos haya tratado mal, no dejar\u00e9 de rezar a Dios por \u00e9l durante toda mi vida, y lo har\u00e9 as\u00ed todos los dias\u00bb.<\/p>\n<blockquote>\n<h3>Notas del P. Dodin:<\/h3>\n<p>Oraci\u00f3n por un bienhechor poco delicado.<\/p>\n<p>Indicaci\u00f3n omitida por L. Abelly.<\/p><\/blockquote>\n<h2><em><strong>304. <\/strong><\/em><strong><em>Pide que no se introduzcan palabras rudas en la redacci\u00f3n de una pieza de un proceso.<\/em><\/strong><\/h2>\n<p>Tambi\u00e9n ha hecho ver esa misma caridad en que no quiso en las escrituras, que se sustanciaban para defender dicho pleito contra el hijo del burgu\u00e9s antes citado, he dicho que no quiso que se pusiera en ellas ninguna cosa que pudiera herir su honor y reputaci\u00f3n, ni tampo\u00adco ninguna palabra ruda o poco respetuosa o que trasluciera animosi\u00addad. Y como se le dijera: \u00abPero, Se\u00f1or, vea usted lo que dice en las suyas (de \u00e9l), \u00a1peores que desollarle vivo, y tambi\u00e9n cosas falsas!\u00bb. El respond\u00eda: \u00abNo importa, hay que sufrir esto. Nuestro Se\u00f1or ha sufrido mucho de otros\u00bb. Y a veces dec\u00eda: \u00abEl buen Dios nos quiere probar\u00bb.<\/p>\n<blockquote>\n<h3>Notas del P. Dodin:<\/h3>\n<p>El Sr. Vicente hace quitar las palabras \u00abrudas\u00bb de las piezas de un proceso. Indicaci\u00f3n omitida por L. Abelly.<\/p><\/blockquote>\n<h2><em>305.<\/em><strong><em> <\/em><\/strong><strong><em>El Se\u00f1or Vicente pide a los abogados que no usen palabras ofensivas.<\/em><\/strong><\/h2>\n<p>No solamente el Se\u00f1or Vicente no quer\u00eda que se pusiera ninguna cosa que pudiera dar a la parte contraria ocasi\u00f3n de ofenderse, sino tambi\u00e9n hac\u00eda rogar varias veces a los Se\u00f1ores abogados, que traba\u00adjaron en este asunto, que no dijeran nada en absoluto en sus escritu\u00adras, que fuera ofensivo contra la parte adversaria; y eso les edific\u00f3 mucho.<\/p>\n<p>Y la moderaci\u00f3n y Caridad que us\u00f3 el Se\u00f1or Vicente en esta cir\u00adcunstancia fue tan grande que la admiraron otras dos partes adversa\u00adrias, tambi\u00e9n burguesas de Par\u00eds, que se unieron al hijo y heredero del burgu\u00e9s antes citado para hacer cesar la donaci\u00f3n, incluso el aboga\u00addo del hijo y heredero en el Parlamento, aunque hab\u00eda saturado las escrituras, que hab\u00eda sustanciado contra el Se\u00f1or Vicente y los Sa\u00adcerdotes de la Misi\u00f3n de San L\u00e1zaro, de invectivas y de calumnias, incluso hasta de cosas no verdaderas, como lo hizo ver la lectura. Sin embargo, dicho abogado no se pudo contener un d\u00eda sin que confesa\u00adra que era cierto que el Se\u00f1or Vicente hab\u00eda usado de mucha mode\u00adraci\u00f3n.<\/p>\n<p>El Se\u00f1or Vicente no quiso que se informara, contra la parte adver\u00adsaria, de las palabras injuriosas y falsas y escandalosas que dec\u00eda contra su honor, aunque lo hubiera podido hacer y tuviera suficientes motivos por eso mismo para hacerlo meter en la c\u00e1rcel, teniendo el Se\u00f1or Vicente, como ten\u00eda, bastante cr\u00e9dito para ello; sin embargo, nunca quiso hacerlo, aunque algunas personas hayan hablado algo de eso.<\/p>\n<p>Despu\u00e9s de esos malos tratos, vino a San L\u00e1zaro una persona, a quien la parte contraria le deb\u00eda una cantidad bastante grande, para ofrecerle al Se\u00f1or Vicente la cesi\u00f3n de una parte (de la deuda). El Se\u00f1or Vicente no solamente no la quiso aceptar, hasta lleg\u00f3 a decirle estas palabras: \u00abDios me guarde de vengarme\u00bb.<\/p>\n<p>Al mismo tiempo me hizo el honor de decirme que no sent\u00eda ningu\u00adna aversi\u00f3n a dicha parte contraria, que le hab\u00eda causado los malos tratos, de los que acabo de hablar y, de hecho, he sido testigo de haber visto rechazar por el Se\u00f1or Vicente al Se\u00f1or X&#8230;, que tambi\u00e9n ten\u00eda un pleito contra dicha parte adversaria por retracto de linaje en esa misma finca, yo le he visto \u2014he dicho\u2014 rechazar t\u00edtulos y papeles, que estaban aqu\u00ed, en esta Casa, y que le podr\u00edan servir contra dicha parte adversaria a menos que las pidiera en la forma ordinaria y de rigor en la justicia, es decir, con unas cartas de compulsi\u00f3n. Y una vez me mand\u00f3 presentar escusas a dicho Se\u00f1or X&#8230; , y me dijo: \u00ab\u00bfpor qu\u00e9 el Se\u00f1or Vicente me neg\u00f3 eso, y principalmente piezas que me pod\u00edan servir contra determinado individuo, el cual lo ha tratado tan mal y que contin\u00faa todav\u00eda as\u00ed?\u00bb. Y, en efecto, me ense\u00f1\u00f3 unas escrituras de dicho Se\u00f1or hechas contra este otro Se\u00f1or. En ellas, aunque el Se\u00f1or Vicente no hab\u00eda tenido parte con todo aqu\u00e9l segu\u00eda con sus invectivas contra el Se\u00f1or Vicente y en contra de la Casa. De todo esto se puede concluir cu\u00e1n grande era el esp\u00edritu de Caridad que hab\u00eda en el Se\u00f1or Vicente y que saber vengarse era una ciencia que ignoraba y a la que estaba cerrada la puerta de su coraz\u00f3n.<\/p>\n<blockquote>\n<h3>Notas del P. Dodin:<\/h3>\n<p>El Sr. Vicente pide a sus abogados que no usen palabras ofensivas. Indicaci\u00f3n omitida por L. Abelly.<\/p><\/blockquote>\n","protected":false},"excerpt":{"rendered":"<p>301. Sufrimiento del Se\u00f1or Vicente cuando mandaba a su casa a misioneros. Amaba al pr\u00f3jimo en Dios y para Dios, y le he o\u00eddo decir que, cuando se trataba de despedir a algunos de la &#8230; <a href=\"http:\/\/vincentians.com\/es\/el-senor-vicente-visto-por-su-secretario-luis-robineau-articulos-301-al-305\/\" class=\"more-link\">Read More<\/a><\/p>\n","protected":false},"author":4,"featured_media":27211,"comment_status":"open","ping_status":"open","sticky":false,"template":"","format":"standard","meta":{"jetpack_post_was_ever_published":false,"_jetpack_newsletter_access":"","_jetpack_dont_email_post_to_subs":false,"_jetpack_newsletter_tier_id":0,"_jetpack_memberships_contains_paywalled_content":false,"_jetpack_memberships_contains_paid_content":false,"footnotes":"","jetpack_publicize_message":"","jetpack_publicize_feature_enabled":true,"jetpack_social_post_already_shared":true,"jetpack_social_options":{"image_generator_settings":{"template":"highway","default_image_id":0,"font":"","enabled":false},"version":2}},"categories":[311],"tags":[218,166,143],"class_list":["post-44001","post","type-post","status-publish","format-standard","has-post-thumbnail","hentry","category-escritos-de-luis-robineau","tag-abelly","tag-robineau","tag-san-lazaro"],"yoast_head":"<!-- This site is optimized with the Yoast SEO plugin v26.3 - https:\/\/yoast.com\/wordpress\/plugins\/seo\/ -->\n<title>El se\u00f1or Vicente visto por su secretario, Luis Robineau. Art\u00edculos 301 al 305 - Somos Vicencianos<\/title>\n<meta name=\"robots\" content=\"index, follow, max-snippet:-1, max-image-preview:large, max-video-preview:-1\" \/>\n<link rel=\"canonical\" href=\"http:\/\/vincentians.com\/es\/el-senor-vicente-visto-por-su-secretario-luis-robineau-articulos-301-al-305\/\" \/>\n<meta property=\"og:locale\" content=\"es_ES\" \/>\n<meta property=\"og:type\" content=\"article\" \/>\n<meta property=\"og:title\" content=\"El se\u00f1or Vicente visto por su secretario, Luis Robineau. Art\u00edculos 301 al 305 - Somos Vicencianos\" \/>\n<meta property=\"og:description\" content=\"301. Sufrimiento del Se\u00f1or Vicente cuando mandaba a su casa a misioneros. Amaba al pr\u00f3jimo en Dios y para Dios, y le he o\u00eddo decir que, cuando se trataba de despedir a algunos de la ... Read More\" \/>\n<meta property=\"og:url\" content=\"http:\/\/vincentians.com\/es\/el-senor-vicente-visto-por-su-secretario-luis-robineau-articulos-301-al-305\/\" \/>\n<meta property=\"og:site_name\" content=\"Somos Vicencianos\" \/>\n<meta property=\"article:publisher\" content=\"https:\/\/www.facebook.com\/WeAreVincentians\/\" \/>\n<meta property=\"article:author\" content=\"https:\/\/www.facebook.com\/JavierChento\" \/>\n<meta property=\"article:published_time\" content=\"2014-03-31T00:32:37+00:00\" \/>\n<meta name=\"author\" content=\"Francisco Javier Fern\u00e1ndez Chento\" \/>\n<meta name=\"twitter:card\" content=\"summary_large_image\" \/>\n<meta name=\"twitter:creator\" content=\"@https:\/\/twitter.com\/javierchento\" \/>\n<meta name=\"twitter:site\" content=\"@WeVincentians\" \/>\n<meta name=\"twitter:label1\" content=\"Escrito por\" \/>\n\t<meta name=\"twitter:data1\" content=\"Francisco Javier Fern\u00e1ndez Chento\" \/>\n\t<meta name=\"twitter:label2\" content=\"Tiempo de lectura\" \/>\n\t<meta name=\"twitter:data2\" content=\"6 minutos\" \/>\n<script type=\"application\/ld+json\" class=\"yoast-schema-graph\">{\"@context\":\"https:\/\/schema.org\",\"@graph\":[{\"@type\":\"Article\",\"@id\":\"http:\/\/vincentians.com\/es\/el-senor-vicente-visto-por-su-secretario-luis-robineau-articulos-301-al-305\/#article\",\"isPartOf\":{\"@id\":\"http:\/\/vincentians.com\/es\/el-senor-vicente-visto-por-su-secretario-luis-robineau-articulos-301-al-305\/\"},\"author\":{\"name\":\"Francisco Javier Fern\u00e1ndez Chento\",\"@id\":\"http:\/\/vincentians.com\/es\/#\/schema\/person\/9623ef4d9aa3b2dfb8c061f1499288f2\"},\"headline\":\"El se\u00f1or Vicente visto por su secretario, Luis Robineau. Art\u00edculos 301 al 305\",\"datePublished\":\"2014-03-31T00:32:37+00:00\",\"mainEntityOfPage\":{\"@id\":\"http:\/\/vincentians.com\/es\/el-senor-vicente-visto-por-su-secretario-luis-robineau-articulos-301-al-305\/\"},\"wordCount\":1299,\"commentCount\":0,\"publisher\":{\"@id\":\"http:\/\/vincentians.com\/es\/#organization\"},\"image\":{\"@id\":\"http:\/\/vincentians.com\/es\/el-senor-vicente-visto-por-su-secretario-luis-robineau-articulos-301-al-305\/#primaryimage\"},\"thumbnailUrl\":\"\",\"keywords\":[\"Abelly\",\"Robineau\",\"San L\u00e1zaro\"],\"articleSection\":[\"Escritos de Luis Robineau\"],\"inLanguage\":\"es\",\"potentialAction\":[{\"@type\":\"CommentAction\",\"name\":\"Comment\",\"target\":[\"http:\/\/vincentians.com\/es\/el-senor-vicente-visto-por-su-secretario-luis-robineau-articulos-301-al-305\/#respond\"]}]},{\"@type\":\"WebPage\",\"@id\":\"http:\/\/vincentians.com\/es\/el-senor-vicente-visto-por-su-secretario-luis-robineau-articulos-301-al-305\/\",\"url\":\"http:\/\/vincentians.com\/es\/el-senor-vicente-visto-por-su-secretario-luis-robineau-articulos-301-al-305\/\",\"name\":\"El se\u00f1or Vicente visto por su secretario, Luis Robineau. Art\u00edculos 301 al 305 - Somos Vicencianos\",\"isPartOf\":{\"@id\":\"http:\/\/vincentians.com\/es\/#website\"},\"primaryImageOfPage\":{\"@id\":\"http:\/\/vincentians.com\/es\/el-senor-vicente-visto-por-su-secretario-luis-robineau-articulos-301-al-305\/#primaryimage\"},\"image\":{\"@id\":\"http:\/\/vincentians.com\/es\/el-senor-vicente-visto-por-su-secretario-luis-robineau-articulos-301-al-305\/#primaryimage\"},\"thumbnailUrl\":\"\",\"datePublished\":\"2014-03-31T00:32:37+00:00\",\"breadcrumb\":{\"@id\":\"http:\/\/vincentians.com\/es\/el-senor-vicente-visto-por-su-secretario-luis-robineau-articulos-301-al-305\/#breadcrumb\"},\"inLanguage\":\"es\",\"potentialAction\":[{\"@type\":\"ReadAction\",\"target\":[\"http:\/\/vincentians.com\/es\/el-senor-vicente-visto-por-su-secretario-luis-robineau-articulos-301-al-305\/\"]}]},{\"@type\":\"ImageObject\",\"inLanguage\":\"es\",\"@id\":\"http:\/\/vincentians.com\/es\/el-senor-vicente-visto-por-su-secretario-luis-robineau-articulos-301-al-305\/#primaryimage\",\"url\":\"\",\"contentUrl\":\"\"},{\"@type\":\"BreadcrumbList\",\"@id\":\"http:\/\/vincentians.com\/es\/el-senor-vicente-visto-por-su-secretario-luis-robineau-articulos-301-al-305\/#breadcrumb\",\"itemListElement\":[{\"@type\":\"ListItem\",\"position\":1,\"name\":\"Portada\",\"item\":\"http:\/\/vincentians.com\/es\/\"},{\"@type\":\"ListItem\",\"position\":2,\"name\":\"El se\u00f1or Vicente visto por su secretario, Luis Robineau. Art\u00edculos 301 al 305\"}]},{\"@type\":\"WebSite\",\"@id\":\"http:\/\/vincentians.com\/es\/#website\",\"url\":\"http:\/\/vincentians.com\/es\/\",\"name\":\"Somos Vicencianos\",\"description\":\"Know more to serve more\",\"publisher\":{\"@id\":\"http:\/\/vincentians.com\/es\/#organization\"},\"potentialAction\":[{\"@type\":\"SearchAction\",\"target\":{\"@type\":\"EntryPoint\",\"urlTemplate\":\"http:\/\/vincentians.com\/es\/?s={search_term_string}\"},\"query-input\":{\"@type\":\"PropertyValueSpecification\",\"valueRequired\":true,\"valueName\":\"search_term_string\"}}],\"inLanguage\":\"es\"},{\"@type\":\"Organization\",\"@id\":\"http:\/\/vincentians.com\/es\/#organization\",\"name\":\"The Vincentian Network\",\"url\":\"http:\/\/vincentians.com\/es\/\",\"logo\":{\"@type\":\"ImageObject\",\"inLanguage\":\"es\",\"@id\":\"http:\/\/vincentians.com\/es\/#\/schema\/logo\/image\/\",\"url\":\"https:\/\/i1.wp.com\/vincentians.com\/es\/wp-content\/uploads\/sites\/11\/2016\/06\/Vincentian-Network-logo-big.png?fit=778%2C778\",\"contentUrl\":\"https:\/\/i1.wp.com\/vincentians.com\/es\/wp-content\/uploads\/sites\/11\/2016\/06\/Vincentian-Network-logo-big.png?fit=778%2C778\",\"width\":778,\"height\":778,\"caption\":\"The Vincentian Network\"},\"image\":{\"@id\":\"http:\/\/vincentians.com\/es\/#\/schema\/logo\/image\/\"},\"sameAs\":[\"https:\/\/www.facebook.com\/WeAreVincentians\/\",\"https:\/\/x.com\/WeVincentians\"]},{\"@type\":\"Person\",\"@id\":\"http:\/\/vincentians.com\/es\/#\/schema\/person\/9623ef4d9aa3b2dfb8c061f1499288f2\",\"name\":\"Francisco Javier Fern\u00e1ndez Chento\",\"image\":{\"@type\":\"ImageObject\",\"inLanguage\":\"es\",\"@id\":\"http:\/\/vincentians.com\/es\/#\/schema\/person\/image\/\",\"url\":\"https:\/\/secure.gravatar.com\/avatar\/497d5cde87b4c3d097d0315953521681ba2cd523ee66e5077c3711f7021e65de?s=96&d=mm&r=g\",\"contentUrl\":\"https:\/\/secure.gravatar.com\/avatar\/497d5cde87b4c3d097d0315953521681ba2cd523ee66e5077c3711f7021e65de?s=96&d=mm&r=g\",\"caption\":\"Francisco Javier Fern\u00e1ndez Chento\"},\"description\":\"Director General y cofundador de La Red de Formaci\u00f3n Vicenciana. Javier es laico vicenciano, afiliado a la Congregaci\u00f3n de la Misi\u00f3n y miembro del Equipo de Misiones Populares de la provincia can\u00f3nica de Zaragoza (Espa\u00f1a) de la Congregaci\u00f3n de la Misi\u00f3n. Graduado en la Universidad Oberta de Catalunya con cuatro grados (Asistente de direcci\u00f3n, Gesti\u00f3n Administrativa, Recursos Humanos y Contabilidad Avanzada). Bil\u00edng\u00fce Espa\u00f1ol\/Ingl\u00e9s. gestiona y mantiene varias p\u00e1ginas web cristianas y vicencianas, incluida including La Red de Formaci\u00f3n Vicenciana, de la que es cofundador. Actualmente es responsable del \u00e1rea de Espa\u00f1ol de .famvin, la Red de Noticias de la Familia Vicenciana. Tambi\u00e9n es m\u00fasico cat\u00f3lico y ha editado varios discos. Es Director General y cofundador de Trovador, una reconocida compa\u00f1\u00eda discogr\u00e1fica critiana de Espa\u00f1a. Trabaja en las Tecnolog\u00edas de la Informaci\u00f3n, ofreciendo servicios de alojamiento, dise\u00f1o y mantenimiento Web, as\u00ed como asesoramiento, formaci\u00f3n y soluciones inform\u00e1ticas, gesti\u00f3n documental y digitalizaci\u00f3n de textos, edici\u00f3n y maquetaci\u00f3n de libros, revistas, flyers, etc.\",\"sameAs\":[\"http:\/\/chento.org\",\"https:\/\/www.facebook.com\/JavierChento\",\"https:\/\/x.com\/https:\/\/twitter.com\/javierchento\"],\"url\":\"http:\/\/vincentians.com\/es\/author\/chento\/\"}]}<\/script>\n<!-- \/ Yoast SEO plugin. -->","yoast_head_json":{"title":"El se\u00f1or Vicente visto por su secretario, Luis Robineau. Art\u00edculos 301 al 305 - Somos Vicencianos","robots":{"index":"index","follow":"follow","max-snippet":"max-snippet:-1","max-image-preview":"max-image-preview:large","max-video-preview":"max-video-preview:-1"},"canonical":"http:\/\/vincentians.com\/es\/el-senor-vicente-visto-por-su-secretario-luis-robineau-articulos-301-al-305\/","og_locale":"es_ES","og_type":"article","og_title":"El se\u00f1or Vicente visto por su secretario, Luis Robineau. Art\u00edculos 301 al 305 - Somos Vicencianos","og_description":"301. Sufrimiento del Se\u00f1or Vicente cuando mandaba a su casa a misioneros. Amaba al pr\u00f3jimo en Dios y para Dios, y le he o\u00eddo decir que, cuando se trataba de despedir a algunos de la ... Read More","og_url":"http:\/\/vincentians.com\/es\/el-senor-vicente-visto-por-su-secretario-luis-robineau-articulos-301-al-305\/","og_site_name":"Somos Vicencianos","article_publisher":"https:\/\/www.facebook.com\/WeAreVincentians\/","article_author":"https:\/\/www.facebook.com\/JavierChento","article_published_time":"2014-03-31T00:32:37+00:00","author":"Francisco Javier Fern\u00e1ndez Chento","twitter_card":"summary_large_image","twitter_creator":"@https:\/\/twitter.com\/javierchento","twitter_site":"@WeVincentians","twitter_misc":{"Escrito por":"Francisco Javier Fern\u00e1ndez Chento","Tiempo de lectura":"6 minutos"},"schema":{"@context":"https:\/\/schema.org","@graph":[{"@type":"Article","@id":"http:\/\/vincentians.com\/es\/el-senor-vicente-visto-por-su-secretario-luis-robineau-articulos-301-al-305\/#article","isPartOf":{"@id":"http:\/\/vincentians.com\/es\/el-senor-vicente-visto-por-su-secretario-luis-robineau-articulos-301-al-305\/"},"author":{"name":"Francisco Javier Fern\u00e1ndez Chento","@id":"http:\/\/vincentians.com\/es\/#\/schema\/person\/9623ef4d9aa3b2dfb8c061f1499288f2"},"headline":"El se\u00f1or Vicente visto por su secretario, Luis Robineau. Art\u00edculos 301 al 305","datePublished":"2014-03-31T00:32:37+00:00","mainEntityOfPage":{"@id":"http:\/\/vincentians.com\/es\/el-senor-vicente-visto-por-su-secretario-luis-robineau-articulos-301-al-305\/"},"wordCount":1299,"commentCount":0,"publisher":{"@id":"http:\/\/vincentians.com\/es\/#organization"},"image":{"@id":"http:\/\/vincentians.com\/es\/el-senor-vicente-visto-por-su-secretario-luis-robineau-articulos-301-al-305\/#primaryimage"},"thumbnailUrl":"","keywords":["Abelly","Robineau","San L\u00e1zaro"],"articleSection":["Escritos de Luis Robineau"],"inLanguage":"es","potentialAction":[{"@type":"CommentAction","name":"Comment","target":["http:\/\/vincentians.com\/es\/el-senor-vicente-visto-por-su-secretario-luis-robineau-articulos-301-al-305\/#respond"]}]},{"@type":"WebPage","@id":"http:\/\/vincentians.com\/es\/el-senor-vicente-visto-por-su-secretario-luis-robineau-articulos-301-al-305\/","url":"http:\/\/vincentians.com\/es\/el-senor-vicente-visto-por-su-secretario-luis-robineau-articulos-301-al-305\/","name":"El se\u00f1or Vicente visto por su secretario, Luis Robineau. Art\u00edculos 301 al 305 - Somos Vicencianos","isPartOf":{"@id":"http:\/\/vincentians.com\/es\/#website"},"primaryImageOfPage":{"@id":"http:\/\/vincentians.com\/es\/el-senor-vicente-visto-por-su-secretario-luis-robineau-articulos-301-al-305\/#primaryimage"},"image":{"@id":"http:\/\/vincentians.com\/es\/el-senor-vicente-visto-por-su-secretario-luis-robineau-articulos-301-al-305\/#primaryimage"},"thumbnailUrl":"","datePublished":"2014-03-31T00:32:37+00:00","breadcrumb":{"@id":"http:\/\/vincentians.com\/es\/el-senor-vicente-visto-por-su-secretario-luis-robineau-articulos-301-al-305\/#breadcrumb"},"inLanguage":"es","potentialAction":[{"@type":"ReadAction","target":["http:\/\/vincentians.com\/es\/el-senor-vicente-visto-por-su-secretario-luis-robineau-articulos-301-al-305\/"]}]},{"@type":"ImageObject","inLanguage":"es","@id":"http:\/\/vincentians.com\/es\/el-senor-vicente-visto-por-su-secretario-luis-robineau-articulos-301-al-305\/#primaryimage","url":"","contentUrl":""},{"@type":"BreadcrumbList","@id":"http:\/\/vincentians.com\/es\/el-senor-vicente-visto-por-su-secretario-luis-robineau-articulos-301-al-305\/#breadcrumb","itemListElement":[{"@type":"ListItem","position":1,"name":"Portada","item":"http:\/\/vincentians.com\/es\/"},{"@type":"ListItem","position":2,"name":"El se\u00f1or Vicente visto por su secretario, Luis Robineau. Art\u00edculos 301 al 305"}]},{"@type":"WebSite","@id":"http:\/\/vincentians.com\/es\/#website","url":"http:\/\/vincentians.com\/es\/","name":"Somos Vicencianos","description":"Know more to serve more","publisher":{"@id":"http:\/\/vincentians.com\/es\/#organization"},"potentialAction":[{"@type":"SearchAction","target":{"@type":"EntryPoint","urlTemplate":"http:\/\/vincentians.com\/es\/?s={search_term_string}"},"query-input":{"@type":"PropertyValueSpecification","valueRequired":true,"valueName":"search_term_string"}}],"inLanguage":"es"},{"@type":"Organization","@id":"http:\/\/vincentians.com\/es\/#organization","name":"The Vincentian Network","url":"http:\/\/vincentians.com\/es\/","logo":{"@type":"ImageObject","inLanguage":"es","@id":"http:\/\/vincentians.com\/es\/#\/schema\/logo\/image\/","url":"https:\/\/i1.wp.com\/vincentians.com\/es\/wp-content\/uploads\/sites\/11\/2016\/06\/Vincentian-Network-logo-big.png?fit=778%2C778","contentUrl":"https:\/\/i1.wp.com\/vincentians.com\/es\/wp-content\/uploads\/sites\/11\/2016\/06\/Vincentian-Network-logo-big.png?fit=778%2C778","width":778,"height":778,"caption":"The Vincentian Network"},"image":{"@id":"http:\/\/vincentians.com\/es\/#\/schema\/logo\/image\/"},"sameAs":["https:\/\/www.facebook.com\/WeAreVincentians\/","https:\/\/x.com\/WeVincentians"]},{"@type":"Person","@id":"http:\/\/vincentians.com\/es\/#\/schema\/person\/9623ef4d9aa3b2dfb8c061f1499288f2","name":"Francisco Javier Fern\u00e1ndez Chento","image":{"@type":"ImageObject","inLanguage":"es","@id":"http:\/\/vincentians.com\/es\/#\/schema\/person\/image\/","url":"https:\/\/secure.gravatar.com\/avatar\/497d5cde87b4c3d097d0315953521681ba2cd523ee66e5077c3711f7021e65de?s=96&d=mm&r=g","contentUrl":"https:\/\/secure.gravatar.com\/avatar\/497d5cde87b4c3d097d0315953521681ba2cd523ee66e5077c3711f7021e65de?s=96&d=mm&r=g","caption":"Francisco Javier Fern\u00e1ndez Chento"},"description":"Director General y cofundador de La Red de Formaci\u00f3n Vicenciana. Javier es laico vicenciano, afiliado a la Congregaci\u00f3n de la Misi\u00f3n y miembro del Equipo de Misiones Populares de la provincia can\u00f3nica de Zaragoza (Espa\u00f1a) de la Congregaci\u00f3n de la Misi\u00f3n. Graduado en la Universidad Oberta de Catalunya con cuatro grados (Asistente de direcci\u00f3n, Gesti\u00f3n Administrativa, Recursos Humanos y Contabilidad Avanzada). Bil\u00edng\u00fce Espa\u00f1ol\/Ingl\u00e9s. gestiona y mantiene varias p\u00e1ginas web cristianas y vicencianas, incluida including La Red de Formaci\u00f3n Vicenciana, de la que es cofundador. Actualmente es responsable del \u00e1rea de Espa\u00f1ol de .famvin, la Red de Noticias de la Familia Vicenciana. Tambi\u00e9n es m\u00fasico cat\u00f3lico y ha editado varios discos. Es Director General y cofundador de Trovador, una reconocida compa\u00f1\u00eda discogr\u00e1fica critiana de Espa\u00f1a. Trabaja en las Tecnolog\u00edas de la Informaci\u00f3n, ofreciendo servicios de alojamiento, dise\u00f1o y mantenimiento Web, as\u00ed como asesoramiento, formaci\u00f3n y soluciones inform\u00e1ticas, gesti\u00f3n documental y digitalizaci\u00f3n de textos, edici\u00f3n y maquetaci\u00f3n de libros, revistas, flyers, etc.","sameAs":["http:\/\/chento.org","https:\/\/www.facebook.com\/JavierChento","https:\/\/x.com\/https:\/\/twitter.com\/javierchento"],"url":"http:\/\/vincentians.com\/es\/author\/chento\/"}]}},"jetpack_publicize_connections":[],"jetpack_featured_media_url":"","jetpack_sharing_enabled":true,"jetpack_shortlink":"https:\/\/wp.me\/p7ETMF-brH","jetpack-related-posts":[{"id":41987,"url":"http:\/\/vincentians.com\/es\/el-senor-vicente-visto-por-su-secretario-luis-robineau-articulos-246-al-250\/","url_meta":{"origin":44001,"position":0},"title":"El se\u00f1or Vicente visto por su secretario, Luis Robineau. Art\u00edculos 246 al 250","author":"Francisco Javier Fern\u00e1ndez Chento","date":"20\/03\/2014","format":false,"excerpt":"246. El verdadero misionero debe arriesgarse. Eso es tambi\u00e9n lo que le hac\u00eda decir que no seremos verdaderos cristianos hasta que no estemos dispuestos a perder todo por el amor de Dios, y a dar nuestras vidas por Jesucristo. Notas del P. Dodin: Sentencia omitida por L. Abelly. 247. El\u2026","rel":"","context":"En \u00abEscritos de Luis Robineau\u00bb","block_context":{"text":"Escritos de Luis Robineau","link":"http:\/\/vincentians.com\/es\/category\/escritos\/escritos-de-luis-robineau\/"},"img":{"alt_text":"","src":"","width":0,"height":0},"classes":[]},{"id":45207,"url":"http:\/\/vincentians.com\/es\/el-senor-vicente-visto-por-su-secretario-luis-robineau-articulos-326-al-330\/","url_meta":{"origin":44001,"position":1},"title":"El se\u00f1or Vicente visto por su secretario, Luis Robineau. Art\u00edculos 326 al 330","author":"Francisco Javier Fern\u00e1ndez Chento","date":"05\/04\/2014","format":false,"excerpt":"326. El Se\u00f1or Vicente se acusa de haber carecido de aguante. Un d\u00eda, un sacerdote de la Compa\u00f1\u00eda, que posteriormente se sali\u00f3 de ella (de esto hace ya muchos a\u00f1os), como el Se\u00f1or Vicente le dijera que fuera al Oficio con los dem\u00e1s a la iglesia, \u00e9l le respondi\u00f3 que\u2026","rel":"","context":"En \u00abEscritos de Luis Robineau\u00bb","block_context":{"text":"Escritos de Luis Robineau","link":"http:\/\/vincentians.com\/es\/category\/escritos\/escritos-de-luis-robineau\/"},"img":{"alt_text":"","src":"","width":0,"height":0},"classes":[]},{"id":42241,"url":"http:\/\/vincentians.com\/es\/el-senor-vicente-visto-por-su-secretario-luis-robineau-articulos-256-al-260\/","url_meta":{"origin":44001,"position":2},"title":"El se\u00f1or Vicente visto por su secretario, Luis Robineau. Art\u00edculos 256 al 260","author":"Francisco Javier Fern\u00e1ndez Chento","date":"22\/03\/2014","format":false,"excerpt":"256. Pedir a Dios que haga grandes cosas. Su celo le hizo decir un d\u00eda que hab\u00eda que pedir a Dios las cosas grandes igual que las peque\u00f1as, y que en ese caso, no hay por qu\u00e9 tenerse en cuenta tanto a s\u00ed mismo, porque se hallar\u00eda muy indigno, sino\u2026","rel":"","context":"En \u00abEscritos de Luis Robineau\u00bb","block_context":{"text":"Escritos de Luis Robineau","link":"http:\/\/vincentians.com\/es\/category\/escritos\/escritos-de-luis-robineau\/"},"img":{"alt_text":"","src":"","width":0,"height":0},"classes":[]},{"id":39737,"url":"http:\/\/vincentians.com\/es\/el-senor-vicente-visto-por-su-secretario-luis-robineau-articulos-196-al-200\/","url_meta":{"origin":44001,"position":3},"title":"El se\u00f1or Vicente visto por su secretario, Luis Robineau. Art\u00edculos 196 al 200","author":"Francisco Javier Fern\u00e1ndez Chento","date":"10\/03\/2014","format":false,"excerpt":"196.Es opuesto a usar guantes. Nos dijo un d\u00eda que la costumbre de la Compa\u00f1\u00eda siempre hab\u00eda sido la de no llevar guantes, incluso en invierno, excepto algunas ve\u00adces, cuando se va al campo para defenderse del fr\u00edo. \u00a0 Notas del P. Dodin: No hay ninguna prohibici\u00f3n escrita sobre llevar\u2026","rel":"","context":"En \u00abEscritos de Luis Robineau\u00bb","block_context":{"text":"Escritos de Luis Robineau","link":"http:\/\/vincentians.com\/es\/category\/escritos\/escritos-de-luis-robineau\/"},"img":{"alt_text":"","src":"","width":0,"height":0},"classes":[]},{"id":31698,"url":"http:\/\/vincentians.com\/es\/el-senor-vicente-visto-por-su-secretario-luis-robineau-articulos-051-al-055\/","url_meta":{"origin":44001,"position":4},"title":"El se\u00f1or Vicente visto por su secretario, Luis Robineau. Art\u00edculos 051 al 055","author":"Francisco Javier Fern\u00e1ndez Chento","date":"17\/01\/2025","format":false,"excerpt":"051. Humildad, porque su mortificaci\u00f3n es conocida. Una ma\u00f1ana, al entrar en la salita de San Jos\u00e9 se le cay\u00f3 al suelo un cintur\u00f3n peque\u00f1o, o brazalete con pinchos; y al inclinarse para reco\u00adgerlo, le dije, al tiempo que se lo pon\u00eda en las manos: \"Mire, Se\u00f1or, un instrumento de\u2026","rel":"","context":"En \u00abEscritos de Luis Robineau\u00bb","block_context":{"text":"Escritos de Luis Robineau","link":"http:\/\/vincentians.com\/es\/category\/escritos\/escritos-de-luis-robineau\/"},"img":{"alt_text":"","src":"https:\/\/i0.wp.com\/vincentians.com\/es\/wp-content\/uploads\/sites\/11\/2013\/04\/f-8-scaled.jpg?fit=1200%2C570&resize=350%2C200","width":350,"height":200,"srcset":"https:\/\/i0.wp.com\/vincentians.com\/es\/wp-content\/uploads\/sites\/11\/2013\/04\/f-8-scaled.jpg?fit=1200%2C570&resize=350%2C200 1x, https:\/\/i0.wp.com\/vincentians.com\/es\/wp-content\/uploads\/sites\/11\/2013\/04\/f-8-scaled.jpg?fit=1200%2C570&resize=525%2C300 1.5x, https:\/\/i0.wp.com\/vincentians.com\/es\/wp-content\/uploads\/sites\/11\/2013\/04\/f-8-scaled.jpg?fit=1200%2C570&resize=700%2C400 2x, https:\/\/i0.wp.com\/vincentians.com\/es\/wp-content\/uploads\/sites\/11\/2013\/04\/f-8-scaled.jpg?fit=1200%2C570&resize=1050%2C600 3x"},"classes":[]},{"id":37724,"url":"http:\/\/vincentians.com\/es\/el-senor-vicente-visto-por-su-secretario-luis-robineau-articulos-156-al-160\/","url_meta":{"origin":44001,"position":5},"title":"El se\u00f1or Vicente visto por su secretario, Luis Robineau. Art\u00edculos 156 al 160","author":"Francisco Javier Fern\u00e1ndez Chento","date":"02\/03\/2014","format":false,"excerpt":"156. Aut\u00e9ntico cristiano el que est\u00e1 dispuesto a perderlo todo por Jesucristo. No seremos \u2014dec\u00eda\u2014 verdaderos cristianos hasta que no estemos dispuestos a perder todo por el amor de Dios y a dar nuestra vida por Jesucristo. Notas del P. Dodin: Definici\u00f3n ausente en Abelly (III). 157. Dispuesto a sufrir\u2026","rel":"","context":"En \u00abEscritos de Luis Robineau\u00bb","block_context":{"text":"Escritos de Luis Robineau","link":"http:\/\/vincentians.com\/es\/category\/escritos\/escritos-de-luis-robineau\/"},"img":{"alt_text":"","src":"","width":0,"height":0},"classes":[]}],"_links":{"self":[{"href":"http:\/\/vincentians.com\/es\/wp-json\/wp\/v2\/posts\/44001","targetHints":{"allow":["GET"]}}],"collection":[{"href":"http:\/\/vincentians.com\/es\/wp-json\/wp\/v2\/posts"}],"about":[{"href":"http:\/\/vincentians.com\/es\/wp-json\/wp\/v2\/types\/post"}],"author":[{"embeddable":true,"href":"http:\/\/vincentians.com\/es\/wp-json\/wp\/v2\/users\/4"}],"replies":[{"embeddable":true,"href":"http:\/\/vincentians.com\/es\/wp-json\/wp\/v2\/comments?post=44001"}],"version-history":[{"count":0,"href":"http:\/\/vincentians.com\/es\/wp-json\/wp\/v2\/posts\/44001\/revisions"}],"wp:featuredmedia":[{"embeddable":true,"href":"http:\/\/vincentians.com\/es\/wp-json\/"}],"wp:attachment":[{"href":"http:\/\/vincentians.com\/es\/wp-json\/wp\/v2\/media?parent=44001"}],"wp:term":[{"taxonomy":"category","embeddable":true,"href":"http:\/\/vincentians.com\/es\/wp-json\/wp\/v2\/categories?post=44001"},{"taxonomy":"post_tag","embeddable":true,"href":"http:\/\/vincentians.com\/es\/wp-json\/wp\/v2\/tags?post=44001"}],"curies":[{"name":"wp","href":"https:\/\/api.w.org\/{rel}","templated":true}]}}