{"id":43471,"date":"2011-06-25T09:49:18","date_gmt":"2011-06-25T07:49:18","guid":{"rendered":"http:\/\/somos.vicencianos.org\/?p=43471"},"modified":"2011-06-25T09:49:18","modified_gmt":"2011-06-25T07:49:18","slug":"las-constituciones-de-las-hijas-de-la-caridad-como-regla-de-vida","status":"publish","type":"post","link":"http:\/\/vincentians.com\/es\/las-constituciones-de-las-hijas-de-la-caridad-como-regla-de-vida\/","title":{"rendered":"Las Constituciones de las Hijas de la Caridad como Regla de Vida"},"content":{"rendered":"<p><a href=\"https:\/\/i0.wp.com\/vicencianos.org\/wp-content\/2011\/06\/Hijas22.gif\"><img data-recalc-dims=\"1\" loading=\"lazy\" decoding=\"async\" class=\"size-full wp-image-43473 alignright\" src=\"https:\/\/i0.wp.com\/vicencianos.org\/wp-content\/2011\/06\/Hijas22.gif?resize=161%2C212\" alt=\"\" width=\"161\" height=\"212\" \/><\/a>Este a\u00f1o de 1983 en que celebramos el 350\u00ba Aniversario del origen de la Compa\u00f1\u00eda, quedar\u00e1 sellado por un aconteci\u00admiento de vital importancia para la misma. Es la aprobaci\u00f3n de las Constituciones por parte de la Santa Sede.<\/p>\n<p>A una etapa de participaci\u00f3n y elaboraci\u00f3n de las mismas por parte de toda la Compa\u00f1\u00eda en sus distintos niveles: local, provincial y general, hemos llegado a su definitiva aprobaci\u00f3n. Todo este proceso debe complementarse ahora con la aceptaci\u00f3n de las mismas por toda la Compa\u00f1\u00eda.<\/p>\n<p>Es por tanto, un acontecimiento comunitario: \u00abson las Constituciones de la Compa\u00f1\u00eda\u00bb. Es un acto eclesial: \u00abhan sido aprobadas por la Iglesia\u00bb. Este gesto de aceptaci\u00f3n, no es un mero acto de sumisi\u00f3n y obediencia, sino el compromiso personal de adecuar nuestra vida al proyecto en ellas expresado. Por eso el tema de la presente circular se titula: \u00abLAS CONSTITUCIO\u00adNES COMO REGLA DE VIDA\u00bb. Es un tema amplio y muy gen\u00e9rico, que ser\u00e1 explicado en sucesivas cartas y fichas de estu\u00addio. Espero que su lectura y comentario acompa\u00f1e a ese acto de recibir las Constituciones, ya que no es un libro m\u00e1s el que se os da, sino el \u00ablibro de vuestra vida\u00bb.<\/p>\n<p><em> <\/em><\/p>\n<h2><em>Renovaci\u00f3n de las Constituciones:<\/em><\/h2>\n<h3><strong>1. &#8211; Del culto a las Santas Reglas a la indiferencia de las <\/strong><strong>Constituciones.<\/strong><\/h3>\n<p>La renovaci\u00f3n de las Constituciones pedida por el Concilio no siempre ha producido el efecto esperado, sino el contrario. Entre muchos religiosos se ha llegado a una indiferencia, frente al amor y veneraci\u00f3n a las antiguas Reglas o Constituciones.<\/p>\n<p>Si antes se pecaba por exceso, ahora por defecto. Y esta reacci\u00f3n se debe a distintas motivaciones:<\/p>\n<p>En muchas personas existe como una alergia a todo lo que sea normativa \u00f3 ley escrita. Piensan que las Constituciones coartan la libertad, la espontaneidad y la creatividad, sobre todo la personal.<\/p>\n<p>Otros creen que las nuevas Constituciones ya no son \u00abaque\u00adllas\u00bb que recibieron en su d\u00eda cuando entraron en la Congre\u00adgaci\u00f3n, y que prometieron con fervor cumplir durante toda su vida.<\/p>\n<p>Algunos se hab\u00edan ya configurado y conformado a la vida se\u00f1alada y reglamentada por aquellas Constituciones. Ahora resulta que las actuales se expresan como un \u00abproyecto de vida\u00bb y un ideal de actitudes que cada uno, y en cada momento, ten\u00addr\u00e1 que traducir y actualizar con su vida. Es decir, que al no haber normas para todo, muchos no saben qu\u00e9 hacer en cada momento.<\/p>\n<p>Otros, m\u00e1s avisados captan que los textos cl\u00e1sicos pro\u00adven\u00edan de los Fundadores y que bebieron en las fuentes. En cambio estas Constituciones son el producto de personas concretas y muy conocidas, incluso algunos textos son el resultado de pactos o s\u00edntesis de opiniones enfrentadas. Y, aunque las Constituciones hayan sido una tarea a realizar por toda la Congregaci\u00f3n, en sus diversos niveles: local, provincial y general, sin embargo la redacci\u00f3n final ha sido tarea de un grupo, m\u00e1s o menos numeroso, el que siempre va a las Asambleas Generales. Para estos que se quedan en el nivel de la intriga de los humanos, se les har\u00e1 muy dif\u00edcil comprender que las Constituciones sean la expresi\u00f3n de la Voluntad de Dios sobre el Instituto; a lo sumo ser\u00e1 la expresi\u00f3n escrita de ese grupo indicado.<\/p>\n<p>Entonces, si aquellas Constituciones tan absolutas y vene\u00adradas tuvieron que ser revisadas y renovadas, cu\u00e1nto m\u00e1s habr\u00e1 que relativizar las actuales Constituciones.<\/p>\n<p>Hasta aqu\u00ed un resumen de las diversas actitudes y reacciones frente a las actuales Constituciones. Todas tienen una visi\u00f3n positiva, pero muy parcial y subjetiva.<\/p>\n<h3><strong>2. &#8211; Revisi\u00f3n del concepto de Constituciones:<\/strong><\/h3>\n<p>El Concilio quiso renovar el sentido y la forma de las an\u00adteriores Constituciones, para volver al esp\u00edritu primitivo. Todas las Constituciones que aparecieron en el presente siglo est\u00e1n muy marcadas por el Derecho Can\u00f3nico del a\u00f1o 1917. Se mos\u00adtraban como un c\u00f3digo minucioso y uniforme.<\/p>\n<p>El Concilio ofreci\u00f3 unos criterios muy concretos para llegar a esa renovaci\u00f3n deseada de los cuerpos legislativos:<\/p>\n<ol>\n<li>El \u00abPerfectae Caritatis\u00bb ped\u00eda fidelidad a los or\u00ed\u00adgenes y adaptaci\u00f3n a los tiempos actuales.<\/li>\n<li>La \u00abEcclesiae Sanctae\u00bb concretaba m\u00e1s: que sean breves y no un manual o enciclopedia espiritual del Instituto; una mayor inserci\u00f3n en el misterio de la Iglesia; y que las normas que se redacten ayuden a encontrar su car\u00e1cter espec\u00edfico, y as\u00ed garantizar el necesario funcionamiento de la vida del Instituto.<\/li>\n<\/ol>\n<h3><strong>3. &#8211; Las Constituciones son un Proyecto de Vida<\/strong>:<\/h3>\n<p>De estos principios se\u00f1alados, ya podemos deducir que las Constituciones no son un mero c\u00f3digo de normas, aunque sea necesario el que las haya. Han de ser un \u00ablibro de vida\u00bb cuyas actitudes y exigencias se han de descubrir en cada momento y traducir en la vida diaria.<\/p>\n<p>Las Constituciones buscan por tanto una mayor capacidad de creatividad en todos y cada uno de los miembros de la co\u00admunidad, para que ese \u00abproyecto de vida\u00bb no sea un ideal escrito, sino una realidad vivida. Tampoco son un programa prefabricado e inmutable. Deja unos m\u00e1rgenes muy amplios para la libertad y el discernimiento de la realidad de cada d\u00eda, den\u00adtro de ese esp\u00edritu que palpita y dimana de cada una de sus p\u00e1ginas.<\/p>\n<p>Las Constituciones no son por tanto una ley escrita en tablas de piedra y papel. Se han de escribir en cada uno de los corazones de sus miembros, que es donde late y se percibe la vida y el esp\u00edritu de la Compa\u00f1\u00eda. Cada uno de ellos son las piedras vivas en donde se edifica cada d\u00eda la realidad del Ins\u00adtituto. Y si las Santas Reglas eran la expresi\u00f3n de lo que se viv\u00eda all\u00e1 en los or\u00edgenes de la Compa\u00f1\u00eda, si las Santas Reglas eran la expresi\u00f3n de la vida y del esp\u00edritu del Fundador, de la misma forma las presentes Constituciones han de reflejar el esp\u00edritu de cada uno de sus miembros y sus inquietudes apost\u00f3licas, as\u00ed como las necesidades de los tiempos actuales. Por eso la Iglesia dej\u00f3 que esa tarea la hicieran todos sus miembros. S\u00f3lo entre todos se podr\u00eda expresar la experiencia espiritual de la Compa\u00f1\u00eda, y por eso las Constituciones han sido elaboradas por todos los miembros de la Congregaci\u00f3n.<\/p>\n<h2><em>Las constituciones como expresi\u00f3n espiritual del Instituto<\/em><em>:<\/em><\/h2>\n<h3><strong>1. &#8211; La experiencia espiritual del Fundador<\/strong>:<\/h3>\n<p>En los or\u00edgenes el carisma y el esp\u00edritu se manifestaba y se expresaba a trav\u00e9s del Fundador. \u00c9l era el punto de origen, la palabra definitiva para todos sus seguidores. A esa fuente pues, hemos de acudir a la hora de la renovaci\u00f3n de las presentes Constituciones para ser fieles al carisma y a la misi\u00f3n espec\u00edfica.<\/p>\n<p>Pero, a medida que ese esp\u00edritu se iba realizando y viviendo, van apareciendo unas l\u00edneas doctrinales de vida y acci\u00f3n, que, en un momento posterior se pondr\u00e1n por escrito. Nada hay escrito que antes no se haya vivido y practicado. De todo lo cual se deducen estas dos afirmaciones<\/p>\n<p>Que las Constituciones son la expresi\u00f3n del Carisma fundacional. Ellos inauguraron un nuevo estilo de vida y de apostolado; luego, ese esp\u00edritu que palpitaba se expres\u00f3 en las Reglas. No fue tarea f\u00e1cil para ellos, porque los esquemas jur\u00ed\u00addicos de su tiempo no ten\u00edan la capacidad para admitir la nove\u00addad de vida y de acci\u00f3n que ellos quer\u00edan plasmar. No siempre la Iglesia Jer\u00e1rquica apoyaba la novedad emprendida, ni todos los pasos daban los resultados que se esperaban. Tuvieron que corregir, rectificar&#8230;<\/p>\n<p>Incluso hubo congregaciones a quienes se le dieron hechas las respectivas Constituciones, de tal suerte que el esp\u00edritu y la voluntad del Fundador quedaba seriamente deteriorada. De ah\u00ed que el Concilio exigiera fidelidad a los Fundadores.<\/p>\n<p>Que las Reglas o Constituciones son la institucionali\u00adzaci\u00f3n del carisma original. Ning\u00fan Fundador encontr\u00f3 a la primera el \u00abestilo de vida\u00bb que deseaba, incluso los aconteci\u00admientos se lo iban marcando.<\/p>\n<p>Despu\u00e9s de mucho orar, trabajar y corregir, se lleg\u00f3 a la aprobaci\u00f3n oficial de las susodichas Reglas del Instituto. A partir de ese momento el texto aprobado pertenece ya al tesoro espiri\u00adtual de la Iglesia. Se despega de las personas, incluso de los Fun\u00addadores, para alcanzar un car\u00e1cter m\u00e1s universal y permanente. As\u00ed se alejan del contexto socio-cultural que les dio origen, para poder ser le\u00eddas y traducidas a los diversos tiempos hist\u00f3ricos en que el Instituto se va a encarnar. De ah\u00ed la fidelidad al doble principio de la renovaci\u00f3n: a las fuentes y a los tiempos actuales. S\u00f3lo as\u00ed la letra y el lenguaje que all\u00ed ha quedado escrito tendr\u00e1 capacidad para ser comprendidos por los miem\u00adbros del Instituto de otras \u00e9pocas posteriores.<\/p>\n<h3><strong>2. &#8211; Las Constituciones son una expresi\u00f3n actual del Evan\u00ad<\/strong><strong>gelio:<\/strong><\/h3>\n<p>Son una expresi\u00f3n viva del Evangelio. Una de las causas de ese rechazo y falta de amor a las Constituciones por parte de algunos religiosos se debe a una equivocada interpretaci\u00f3n de que la \u00abRegla suprema del religioso es el seguimiento de Cristo, tal y como se le propone en el Evangelio\u00bb. (P.C. 2). Entonces, dicen \u00bfPor qu\u00e9 preocuparse de Reglas y Constituciones, cuando lo \u00fanico importante es el Evangelio? No deja de ser una con\u00adclusi\u00f3n muy simple.<\/p>\n<p>Es cierto que en los comienzos de la vida consagrada fue as\u00ed. Los monjes no pretend\u00edan otra cosa que vivir el evangelio de un modo aut\u00e9ntico y radical, pero tambi\u00e9n se daban unas normas concretas y escritas para que el seguimiento de Cristo no fuera abstracto y an\u00e1rquico. M\u00e1s a\u00fan cuando se pas\u00f3 del anacoreta al monacato y al cambio: es decir, de la soledad a la vida com\u00fan.<\/p>\n<p>Por eso las Reglas son una aplicaci\u00f3n del Evangelio a la vida diaria por aquel que quiso seguir a Cristo de un modo peculiar y espec\u00edfico. Y cuando un religioso hace \u00abprofesi\u00f3n\u00bb, lo hace seg\u00fan el esp\u00edritu de las Constituciones de su Instituto. Desde entonces las Constituciones son \u00absu evangelio\u00bb y su vida tendr\u00e1 las exigencias de la \u00abvida evang\u00e9lica\u00bb.<\/p>\n<p>Las Constituciones adem\u00e1s, son un camino evang\u00e9lico aprobado por la Iglesia. Ella, como depositaria del mensaje de Jes\u00fas, ejerce la funci\u00f3n y la responsabilidad de discernir los carismas que edifiquen a la Iglesia y construyan la unidad en Cristo. Ella, pues, es la que da carta de ciudadan\u00eda a los di\u00adversos carismas que aparecen en la Historia y a los Institutos que desean encarnarlos. La Iglesia al aprobar unas Constitu\u00adciones compromete su autoridad, como int\u00e9rprete del Evangelio. Por eso las Constituciones son una garant\u00eda y expresi\u00f3n del Evangelio. En otras palabras, que el que vive conforme a las Constituciones aprobadas por la Iglesia, tiene la seguridad de que vive conforme al Evangelio.<\/p>\n<p>Por consiguiente, lejos de suplantar al Evangelio, le con\u00adducen hacia \u00e9l y le llevan a la docilidad de la fe y de la vo\u00adluntad de Cristo: \u00abAs\u00ed pues, los religiosos, con esp\u00edritu de fe y amor a la voluntad de Dios, obedezcan humildemente a sus superiores seg\u00fan la norma de las Reglas y las Constituciones\u00bb. (P.C. 14).<\/p>\n<p>Las Constituciones est\u00e1n por tanto, para mejor vivir e interpretar el Evangelio. Precisamente si tienen alguna autoridad es por su conformidad con el esp\u00edritu evang\u00e9lico. Los Funda\u00addores, record\u00e9moslo una vez m\u00e1s, no dieron a sus seguidores simplemente una edici\u00f3n del Evangelio. Las mismas Reglas primitivas, como la Regla de San Francisco de As\u00eds que es la m\u00e1s simple por sus citas evang\u00e9licas, ya eran una interpretaci\u00f3n<\/p>\n<p>El mismo hecho de seleccionar estos textos y no aquellos, ya nos indica al car\u00e1cter personal de interpretar el Evangelio. Y esto es lo que hicieron los dem\u00e1s Fundadores.<\/p>\n<p>Por consiguiente, cada carisma es una ex\u00e9gesis del Evan\u00adgelio. Cada Fundador es una ex\u00e9gesis viva de leer y vivir el Evangelio. A trav\u00e9s de todos y cada uno de los carismas insti\u00adtucionalizados se contempla la peculiaridad y la totalidad de Cristo, cuando oraba a solas en el monte de los Olivos, cuando predicaba el Reino de Dios a las gentes y curaba a los enfer\u00admos&#8230; etc.<\/p>\n<h3><strong>3. &#8211; Las Constituciones y la espiritualidad propia del <\/strong><strong>Instituto:<\/strong><\/h3>\n<p>La espiritualidad de la vida consagrada no es una super\u00adposici\u00f3n de la espiritualidad cristiana. M\u00e1s a\u00fan, toda la teolog\u00eda del cap. VI de la Vida Consagrada de la \u00abLumen Gentium\u00bb est\u00e1 fundamentada en el cap. V dedicado a la \u00abllamada universal de todos los bautizados a la santidad\u00bb.<\/p>\n<p>Solamente que all\u00ed se recalcan los aspectos de madurez y radicalidad de los consejos evang\u00e9licos.<\/p>\n<p>Pero adem\u00e1s de este patrimonio com\u00fan a todos los consa\u00adgrados, cada Instituto encarna su carisma de un modo peculiar. Es el cuarto voto o consejo evang\u00e9lico que configura le espiri\u00adtualidad de dicha Congregaci\u00f3n. Pues bien, son las Consti\u00adtuciones las que deben reflejar esa fisionom\u00eda espiritual y esa vida apost\u00f3lica. (L.G. 44; P.C., 1).<\/p>\n<p>De ah\u00ed, que las nuevas Constituciones han de reflejar aquellas actitudes de Cristo con las que m\u00e1s se sent\u00eda identificado el Fundador. Y s\u00f3lo as\u00ed surgir\u00e1 en todos los miembros la necesidad de asumir tales actitudes de Cristo.<\/p>\n<p>Tambi\u00e9n deben quedar reflejados todos los contenidos del patrimonio espiritual y la herencia permanente de la Compa\u00f1\u00eda a lo largo de su historia. Son las \u00absanas tradiciones\u00bb de las que hablaba el Concilio. (P.G. 2b).<\/p>\n<p>Pero al resaltar la peculiaridad evang\u00e9lica de cada Congre\u00adgaci\u00f3n, no queremos indicar una exclusi\u00f3n o rechazo del resto del Evangelio. Todo lo contrario. Cada Instituto y cada carisma es un modo de leer y vivir el Evangelio, pero esa perspectiva propia es para hacer la lectura total y m\u00e1s urgente a una situa\u00adci\u00f3n eclesial determinada. Entonces la doctrina y la vivencia pr\u00e1ctica ser\u00e1n los dos elementos inseparables que se han de inspirar a las Constituciones de cualquier Instituto.<\/p>\n<h2><em>Las Constituciones son la fuente de su espiritualidad<\/em><\/h2>\n<p>Lo importante de unas Constituciones no est\u00e1 en que sean un maravilloso tratado de Vida Religiosa, ni que expresen todas las respuestas y soluciones a los posibles conflictos, sino que sean expresi\u00f3n de un esp\u00edritu y de una vivencia carism\u00e1tica realizada en la Iglesia de Dios por parte de su Fundador. En otras pala\u00adbras, que brote de cada p\u00e1gina esa espiritualidad con que el Fundador dej\u00f3 impregnada la Comunidad que \u00e9l fund\u00f3.<\/p>\n<p>Deben as\u00ed mismo, reflejar con claridad la identidad comuni\u00adtaria, Cuando la Iglesia aprueba unas Constituciones quiere indicar que en ellas hay una forma y un camino v\u00e1lido y sabio para seguir a Jesucristo.<\/p>\n<p>Deben igualmente ser legibles, es decir, ser comprendidas por todos los miembros de la Compa\u00f1\u00eda. No s\u00f3lo por los estudiosos \u00f3 quienes elaboraron los textos definitivos. Todos deben poder comprender con una sencilla lectura, y desde la reflexi\u00f3n y meditaci\u00f3n, lo que el Evangelio y el Fundador quieren expre\u00adsarle en estos momentos, como parte del Instituto y miembro de la Comunidad.<\/p>\n<h3><strong>1. &#8211; Las Constituciones: una gu\u00eda para vivir su vocaci\u00f3n:<\/strong><\/h3>\n<p>Las Constituciones al expresar con nitidez el proyecto vo\u00adcacional no solamente ayuda al aspirante o novicio a identificarse con la Comunidad, sino que es una gu\u00eda para el religioso pro\u00adfeso, ya que ese proyecto que all\u00ed se describe, m\u00e1s que una meta de llegada, va a ser un programa de vida para toda su vida consagrada.<\/p>\n<p>Ellas han de ser para el religioso como una llamada perma\u00adnente y una invitaci\u00f3n a seguir en fidelidad a Cristo que lo ha llamado. Y si nuestra vocaci\u00f3n tuvo una primera llamada, las Constituciones deben ser ese eco y esa voz constante que se prolonga desde aquella primera llamada.<\/p>\n<p>A San Pablo se le dijo: \u00abLev\u00e1ntate, entra en la ciudad. All\u00ed se te dir\u00e1 lo que debes hacer\u00bb. (Hch. 9,6). De igual forma se le dice al religioso: \u00abentra en la Compa\u00f1\u00eda; all\u00ed se te dir\u00e1 lo que has de hacer\u00bb. Luego esa voluntad de Dios se le va a manifestar en la oraci\u00f3n, en la Comunidad, en los superiores, en los Pobres&#8230;<\/p>\n<p>En definitiva, las Constituciones son \u00abuna gu\u00eda vocacio\u00adnal\u00bb, ya que a la llamada de Dios no se responde s\u00f3lo una vez, sino que hay que responder a lo largo de toda la vida.<\/p>\n<h2><strong>2.- Las Constituciones camino de identificaci\u00f3n espiri\u00ad<\/strong><strong>tual:<\/strong><\/h2>\n<p>El vigor y el futuro de una Comunidad va a estar condi\u00adcionado a la autenticidad y vivencia de sus Constituciones, por todo lo que hemos afirmado anteriormente. Cuando una per\u00adsona se ha sentido llamada a una determinada forma de vida consagrada, necesita conocer la espiritualidad que tiene dicha Comunidad. Porque puede suceder que algunos no conozcan bien cu\u00e1les son los contenidos espirituales y espec\u00edficos del Instituto en el que han ingresado y en el que llevan bastantes a\u00f1os.<\/p>\n<p>Este desconocimiento es el que lleva a muchos religiosos a la confusi\u00f3n y a la falta de identidad. Preguntas tan elementales como: \u00bfPor qu\u00e9 soy una persona consagrada?, \u00f3 \u00bfPor qu\u00e9 estoy en esta Congregaci\u00f3n y no en otra?&#8230; deben tener respuestas claras y convincentes por parte de los que se las plantean. Y no bastan las respuestas y las motivaciones gen\u00e9ricas de la fe, del Evangelio \u00f3 de Cristo. Es necesario que sean respuestas espec\u00edfi\u00adcas, tomadas del carisma fundacional. S\u00f3lo as\u00ed podr\u00e1 justificar el por qu\u00e9 est\u00e1 y act\u00faa en esta Comunidad. \u00bfY d\u00f3nde encontrar esas motivaciones espec\u00edficas y peculiares? Sin duda que en las Constituciones. Ellas son el fruto de una vida y de una expe\u00adriencia evang\u00e9lica. Por eso son una garant\u00eda de fidelidad e iden\u00adtidad.<\/p>\n<h3><strong>3.- En las Constituciones se unifican todos los carismas:<\/strong><\/h3>\n<p>Ya hemos recordado que en las Constituciones cristalizaron el carisma del Fundador y el esp\u00edritu tal como lo viv\u00eda la primitiva Compa\u00f1\u00eda. Y, lo mismo que entonces el carisma no se viv\u00eda en abstracto, sino por personas concretas y muy recordadas<br \/>\nen la historia, de la misma forma cada miembro de la Comunidad tiene la responsabilidad de vivir su ideal personal englobado en el ideal que nos es com\u00fan. Cada uno es responsable de potenciar y desarrollar al m\u00e1ximo los dones personales que Dios<br \/>\nle ha dado, dentro de ese \u00abdon eclesial\u00bb que es la Compa\u00f1\u00eda. Por eso los carismas y las opciones personales, lejos de estar en contradicci\u00f3n con el carisma comunitario, han de ser un reflejo y una expresi\u00f3n din\u00e1mica del mismo. La gu\u00eda para el discernimiento de los carismas personales han de ser las Cons\u00adtituciones, y sus objetivos han de configurarse dentro de la misi\u00f3n que el Instituto ha recibido en la Iglesia.<\/p>\n<p>Es cierto que las Constituciones han de complementar los elementos doctrinales con los normativos (Es. 12), pero nunca de enfrentar los aspectos carism\u00e1ticos con los jur\u00eddicos. Aquellos son el contenido, \u00e9stos el continente. Aquellos sin \u00e9stos no per\u00adduran. Estos sin aquellos no tienen consistencia. Son pues com\u00adplementarios.<\/p>\n<p>Las \u00abmediaciones\u00bb se\u00f1aladas por el Instituto son quienes, despu\u00e9s de un di\u00e1logo abierto y sincero, han de asumir la respon\u00adsabilidad de aprobar \u00f3 rechazar los carismas personales e indivi\u00adduales para garantizar la unidad de la Compa\u00f1\u00eda, no s\u00f3lo espi\u00adritual, sino social.<\/p>\n<h3><strong>4. &#8211; Las Constituciones como instrumento de oraci\u00f3n:<\/strong><\/h3>\n<p>Cuando decimos que las Constituciones son un instrumento de oraci\u00f3n, no nos referimos al hecho de que en ellas exista un cap\u00edtulo dedicado a la espiritualidad \u00f3 a las normas que regulan esa piedad y oraci\u00f3n, tanto personal como comunitaria. Porque si toda vida consagrada tiene una dimensi\u00f3n contemplativa, es l\u00f3gico que se\u00f1ale los tiempos y los modos de ese recogimiento y de esa oraci\u00f3n.<\/p>\n<p>Es posible que con las Constituciones redactadas a base de c\u00e1nones y normas descarnadas, se hiciera dif\u00edcil entrar en un clima de oraci\u00f3n. Por eso las nuevas y renovadas Constituciones deben facilitar ese di\u00e1logo y oraci\u00f3n con Dios. Para ello van impregnadas de principios evang\u00e9licos y de testimonios espiri\u00adtuales de los Fundadores.<\/p>\n<p>No obstante, tampoco estos principios evang\u00e9licos y espiri\u00adtuales son la causa por la que las Constituciones han de ser un instrumento para la oraci\u00f3n. Esto ser\u00eda confundirlas con un ma\u00adnual de meditaciones. Su dimensi\u00f3n oracional es mucho m\u00e1s profunda.<\/p>\n<p>Se trata pues, de revivir el di\u00e1logo vivo y el encuentro vocacional entre Dios y el consagrado, a trav\u00e9s de las Consti\u00adtuciones. Cuando alguien se ha sentido llamado y enviado por Dios, necesita revivir cada d\u00eda ese encuentro en un di\u00e1logo y respuesta con Dios. Y son las Constituciones las que le invitar\u00e1n a esa experiencia espiritual. Todo el contenido de su vida consa\u00adgrada: castidad, pobreza, obediencia, vida fraterna, servicio a los Pobres&#8230; ha de constituir el objeto de ese di\u00e1logo y de ese encuentro con Dios en la oraci\u00f3n.<\/p>\n<p>Ya que es en la oraci\u00f3n donde se reafirmar\u00e1 su voluntad de que Dios sea el \u00fanico Se\u00f1or de su existencia y de su actividad. Y al ser las Constituciones un \u00abproyecto de vida\u00bb se convierten en un instrumento inmejorable para la oraci\u00f3n diaria, y para un encuentro personal con Dios.<\/p>\n<h2><em>Conclusiones:<\/em><\/h2>\n<p><em>1.- <\/em>Necesidad de leer y estudiar las nuevas Constituciones para poder conocerlas, pues de nada servir\u00eda el que las hubiera elaborado la Compa\u00f1\u00eda y aprobado la Santa Sede, si luego no son comprendidas ni aceptadas por sus miembros. Y por experi\u00adencia sabemos que nadie se identifica con unos valores que desconoce.<\/p>\n<p>Ser\u00e1 conveniente una lectura y un estudio personal, incluso comunitario. Leerlas desde la luz de los Fundadores y desde la realidad de los Pobres a quienes est\u00e1is consagrando vuestra vida.<\/p>\n<p>2.- Pero no basta un conocimiento te\u00f3rico, sino un conoci\u00admiento sapiencial y gustativo. Es decir, que al mismo tiempo que se estudian se vayan asimilando. No olvidemos que las Constituciones son vuestro patrimonio espiritual y \u00abvuestro libro de vida\u00bb. Son \u00abvuestras Constituciones\u00bb.<\/p>\n<p>3. \u2013 <em>Y, <\/em>junto a estas dos actitudes, cultivad un sentimiento de identidad y adhesi\u00f3n a la Compa\u00f1\u00eda, de la que sois miembros vivos.<\/p>\n<p>Hoy, amar a la vocaci\u00f3n es amar a la Compa\u00f1\u00eda. Sola\u00admente as\u00ed ser\u00e1 posible nuestra fidelidad. Y, ser fiel a las Consti\u00adtuciones, nos llevar\u00e1 a ser fieles a la Compa\u00f1\u00eda <em>y <\/em>a la vocaci\u00f3n de Hijas de la Caridad.<\/p>\n<p><em>\u00abMiradlas, <\/em>nos dir\u00e1 San Vicente a los misioneros, <em>no como pro\u00ad<\/em><em>ducidas por el esp\u00edritu humano, sino <\/em><strong>como venidas de Dios\u00bb. <\/strong><em>El <\/em><em>Santo estaba convencido de que toda la fuerza apost\u00f3lica de una Com\u00ad<\/em><em>pa\u00f1\u00eda, no era tan s\u00f3lo fruto del esp\u00edritu, sino de la fidelidad a lo que <\/em><em>estaba mandado <\/em>y <em>al camino que estaba establecido. Por eso \u00e9l concluir\u00e1: <\/em><em>\u00abOs rogamos pues, por Cristo Se\u00f1or, que os entregu\u00e9is a la observancia <\/em><em>de estas Reglas. Tened por cierto, que si las guard\u00e1is, ellas os guar\u00addar\u00e1n <\/em>y <em>os conducir\u00e1n con seguridad al fin deseado\u00bb&#8230;<\/em><\/p>\n","protected":false},"excerpt":{"rendered":"<p>Este a\u00f1o de 1983 en que celebramos el 350\u00ba Aniversario del origen de la Compa\u00f1\u00eda, quedar\u00e1 sellado por un aconteci\u00admiento de vital importancia para la misma. Es la aprobaci\u00f3n de las Constituciones por parte de &#8230; <a href=\"http:\/\/vincentians.com\/es\/las-constituciones-de-las-hijas-de-la-caridad-como-regla-de-vida\/\" class=\"more-link\">Read More<\/a><\/p>\n","protected":false},"author":4,"featured_media":43473,"comment_status":"open","ping_status":"open","sticky":false,"template":"","format":"standard","meta":{"jetpack_post_was_ever_published":false,"_jetpack_newsletter_access":"","_jetpack_dont_email_post_to_subs":false,"_jetpack_newsletter_tier_id":0,"_jetpack_memberships_contains_paywalled_content":false,"_jetpack_memberships_contains_paid_content":false,"footnotes":"","jetpack_publicize_message":"","jetpack_publicize_feature_enabled":true,"jetpack_social_post_already_shared":true,"jetpack_social_options":{"image_generator_settings":{"template":"highway","default_image_id":0,"font":"","enabled":false},"version":2}},"categories":[199],"tags":[],"class_list":["post-43471","post","type-post","status-publish","format-standard","has-post-thumbnail","hentry","category-hijas-de-la-caridad"],"yoast_head":"<!-- This site is optimized with the Yoast SEO plugin v26.3 - https:\/\/yoast.com\/wordpress\/plugins\/seo\/ -->\n<title>Las Constituciones de las Hijas de la Caridad como Regla de Vida - Somos Vicencianos<\/title>\n<meta name=\"robots\" content=\"index, follow, max-snippet:-1, max-image-preview:large, max-video-preview:-1\" \/>\n<link rel=\"canonical\" href=\"http:\/\/vincentians.com\/es\/las-constituciones-de-las-hijas-de-la-caridad-como-regla-de-vida\/\" \/>\n<meta property=\"og:locale\" content=\"es_ES\" \/>\n<meta property=\"og:type\" content=\"article\" \/>\n<meta property=\"og:title\" content=\"Las Constituciones de las Hijas de la Caridad como Regla de Vida - Somos Vicencianos\" \/>\n<meta property=\"og:description\" content=\"Este a\u00f1o de 1983 en que celebramos el 350\u00ba Aniversario del origen de la Compa\u00f1\u00eda, quedar\u00e1 sellado por un aconteci\u00admiento de vital importancia para la misma. Es la aprobaci\u00f3n de las Constituciones por parte de ... Read More\" \/>\n<meta property=\"og:url\" content=\"http:\/\/vincentians.com\/es\/las-constituciones-de-las-hijas-de-la-caridad-como-regla-de-vida\/\" \/>\n<meta property=\"og:site_name\" content=\"Somos Vicencianos\" \/>\n<meta property=\"article:publisher\" content=\"https:\/\/www.facebook.com\/WeAreVincentians\/\" \/>\n<meta property=\"article:author\" content=\"https:\/\/www.facebook.com\/JavierChento\" \/>\n<meta property=\"article:published_time\" content=\"2011-06-25T07:49:18+00:00\" \/>\n<meta name=\"author\" content=\"Francisco Javier Fern\u00e1ndez Chento\" \/>\n<meta name=\"twitter:card\" content=\"summary_large_image\" \/>\n<meta name=\"twitter:creator\" content=\"@https:\/\/twitter.com\/javierchento\" \/>\n<meta name=\"twitter:site\" content=\"@WeVincentians\" \/>\n<meta name=\"twitter:label1\" content=\"Escrito por\" \/>\n\t<meta name=\"twitter:data1\" content=\"Francisco Javier Fern\u00e1ndez Chento\" \/>\n\t<meta name=\"twitter:label2\" content=\"Tiempo de lectura\" \/>\n\t<meta name=\"twitter:data2\" content=\"20 minutos\" \/>\n<script type=\"application\/ld+json\" class=\"yoast-schema-graph\">{\"@context\":\"https:\/\/schema.org\",\"@graph\":[{\"@type\":\"Article\",\"@id\":\"http:\/\/vincentians.com\/es\/las-constituciones-de-las-hijas-de-la-caridad-como-regla-de-vida\/#article\",\"isPartOf\":{\"@id\":\"http:\/\/vincentians.com\/es\/las-constituciones-de-las-hijas-de-la-caridad-como-regla-de-vida\/\"},\"author\":{\"name\":\"Francisco Javier Fern\u00e1ndez Chento\",\"@id\":\"http:\/\/vincentians.com\/es\/#\/schema\/person\/9623ef4d9aa3b2dfb8c061f1499288f2\"},\"headline\":\"Las Constituciones de las Hijas de la Caridad como Regla de Vida\",\"datePublished\":\"2011-06-25T07:49:18+00:00\",\"mainEntityOfPage\":{\"@id\":\"http:\/\/vincentians.com\/es\/las-constituciones-de-las-hijas-de-la-caridad-como-regla-de-vida\/\"},\"wordCount\":3988,\"commentCount\":0,\"publisher\":{\"@id\":\"http:\/\/vincentians.com\/es\/#organization\"},\"image\":{\"@id\":\"http:\/\/vincentians.com\/es\/las-constituciones-de-las-hijas-de-la-caridad-como-regla-de-vida\/#primaryimage\"},\"thumbnailUrl\":\"\",\"articleSection\":[\"Hijas de la Caridad\"],\"inLanguage\":\"es\",\"potentialAction\":[{\"@type\":\"CommentAction\",\"name\":\"Comment\",\"target\":[\"http:\/\/vincentians.com\/es\/las-constituciones-de-las-hijas-de-la-caridad-como-regla-de-vida\/#respond\"]}]},{\"@type\":\"WebPage\",\"@id\":\"http:\/\/vincentians.com\/es\/las-constituciones-de-las-hijas-de-la-caridad-como-regla-de-vida\/\",\"url\":\"http:\/\/vincentians.com\/es\/las-constituciones-de-las-hijas-de-la-caridad-como-regla-de-vida\/\",\"name\":\"Las Constituciones de las Hijas de la Caridad como Regla de Vida - Somos Vicencianos\",\"isPartOf\":{\"@id\":\"http:\/\/vincentians.com\/es\/#website\"},\"primaryImageOfPage\":{\"@id\":\"http:\/\/vincentians.com\/es\/las-constituciones-de-las-hijas-de-la-caridad-como-regla-de-vida\/#primaryimage\"},\"image\":{\"@id\":\"http:\/\/vincentians.com\/es\/las-constituciones-de-las-hijas-de-la-caridad-como-regla-de-vida\/#primaryimage\"},\"thumbnailUrl\":\"\",\"datePublished\":\"2011-06-25T07:49:18+00:00\",\"breadcrumb\":{\"@id\":\"http:\/\/vincentians.com\/es\/las-constituciones-de-las-hijas-de-la-caridad-como-regla-de-vida\/#breadcrumb\"},\"inLanguage\":\"es\",\"potentialAction\":[{\"@type\":\"ReadAction\",\"target\":[\"http:\/\/vincentians.com\/es\/las-constituciones-de-las-hijas-de-la-caridad-como-regla-de-vida\/\"]}]},{\"@type\":\"ImageObject\",\"inLanguage\":\"es\",\"@id\":\"http:\/\/vincentians.com\/es\/las-constituciones-de-las-hijas-de-la-caridad-como-regla-de-vida\/#primaryimage\",\"url\":\"\",\"contentUrl\":\"\"},{\"@type\":\"BreadcrumbList\",\"@id\":\"http:\/\/vincentians.com\/es\/las-constituciones-de-las-hijas-de-la-caridad-como-regla-de-vida\/#breadcrumb\",\"itemListElement\":[{\"@type\":\"ListItem\",\"position\":1,\"name\":\"Portada\",\"item\":\"http:\/\/vincentians.com\/es\/\"},{\"@type\":\"ListItem\",\"position\":2,\"name\":\"Las Constituciones de las Hijas de la Caridad como Regla de Vida\"}]},{\"@type\":\"WebSite\",\"@id\":\"http:\/\/vincentians.com\/es\/#website\",\"url\":\"http:\/\/vincentians.com\/es\/\",\"name\":\"Somos Vicencianos\",\"description\":\"Know more to serve more\",\"publisher\":{\"@id\":\"http:\/\/vincentians.com\/es\/#organization\"},\"potentialAction\":[{\"@type\":\"SearchAction\",\"target\":{\"@type\":\"EntryPoint\",\"urlTemplate\":\"http:\/\/vincentians.com\/es\/?s={search_term_string}\"},\"query-input\":{\"@type\":\"PropertyValueSpecification\",\"valueRequired\":true,\"valueName\":\"search_term_string\"}}],\"inLanguage\":\"es\"},{\"@type\":\"Organization\",\"@id\":\"http:\/\/vincentians.com\/es\/#organization\",\"name\":\"The Vincentian Network\",\"url\":\"http:\/\/vincentians.com\/es\/\",\"logo\":{\"@type\":\"ImageObject\",\"inLanguage\":\"es\",\"@id\":\"http:\/\/vincentians.com\/es\/#\/schema\/logo\/image\/\",\"url\":\"https:\/\/i1.wp.com\/vincentians.com\/es\/wp-content\/uploads\/sites\/11\/2016\/06\/Vincentian-Network-logo-big.png?fit=778%2C778\",\"contentUrl\":\"https:\/\/i1.wp.com\/vincentians.com\/es\/wp-content\/uploads\/sites\/11\/2016\/06\/Vincentian-Network-logo-big.png?fit=778%2C778\",\"width\":778,\"height\":778,\"caption\":\"The Vincentian Network\"},\"image\":{\"@id\":\"http:\/\/vincentians.com\/es\/#\/schema\/logo\/image\/\"},\"sameAs\":[\"https:\/\/www.facebook.com\/WeAreVincentians\/\",\"https:\/\/x.com\/WeVincentians\"]},{\"@type\":\"Person\",\"@id\":\"http:\/\/vincentians.com\/es\/#\/schema\/person\/9623ef4d9aa3b2dfb8c061f1499288f2\",\"name\":\"Francisco Javier Fern\u00e1ndez Chento\",\"image\":{\"@type\":\"ImageObject\",\"inLanguage\":\"es\",\"@id\":\"http:\/\/vincentians.com\/es\/#\/schema\/person\/image\/\",\"url\":\"https:\/\/secure.gravatar.com\/avatar\/497d5cde87b4c3d097d0315953521681ba2cd523ee66e5077c3711f7021e65de?s=96&d=mm&r=g\",\"contentUrl\":\"https:\/\/secure.gravatar.com\/avatar\/497d5cde87b4c3d097d0315953521681ba2cd523ee66e5077c3711f7021e65de?s=96&d=mm&r=g\",\"caption\":\"Francisco Javier Fern\u00e1ndez Chento\"},\"description\":\"Director General y cofundador de La Red de Formaci\u00f3n Vicenciana. Javier es laico vicenciano, afiliado a la Congregaci\u00f3n de la Misi\u00f3n y miembro del Equipo de Misiones Populares de la provincia can\u00f3nica de Zaragoza (Espa\u00f1a) de la Congregaci\u00f3n de la Misi\u00f3n. Graduado en la Universidad Oberta de Catalunya con cuatro grados (Asistente de direcci\u00f3n, Gesti\u00f3n Administrativa, Recursos Humanos y Contabilidad Avanzada). Bil\u00edng\u00fce Espa\u00f1ol\/Ingl\u00e9s. gestiona y mantiene varias p\u00e1ginas web cristianas y vicencianas, incluida including La Red de Formaci\u00f3n Vicenciana, de la que es cofundador. Actualmente es responsable del \u00e1rea de Espa\u00f1ol de .famvin, la Red de Noticias de la Familia Vicenciana. Tambi\u00e9n es m\u00fasico cat\u00f3lico y ha editado varios discos. Es Director General y cofundador de Trovador, una reconocida compa\u00f1\u00eda discogr\u00e1fica critiana de Espa\u00f1a. Trabaja en las Tecnolog\u00edas de la Informaci\u00f3n, ofreciendo servicios de alojamiento, dise\u00f1o y mantenimiento Web, as\u00ed como asesoramiento, formaci\u00f3n y soluciones inform\u00e1ticas, gesti\u00f3n documental y digitalizaci\u00f3n de textos, edici\u00f3n y maquetaci\u00f3n de libros, revistas, flyers, etc.\",\"sameAs\":[\"http:\/\/chento.org\",\"https:\/\/www.facebook.com\/JavierChento\",\"https:\/\/x.com\/https:\/\/twitter.com\/javierchento\"],\"url\":\"http:\/\/vincentians.com\/es\/author\/chento\/\"}]}<\/script>\n<!-- \/ Yoast SEO plugin. -->","yoast_head_json":{"title":"Las Constituciones de las Hijas de la Caridad como Regla de Vida - Somos Vicencianos","robots":{"index":"index","follow":"follow","max-snippet":"max-snippet:-1","max-image-preview":"max-image-preview:large","max-video-preview":"max-video-preview:-1"},"canonical":"http:\/\/vincentians.com\/es\/las-constituciones-de-las-hijas-de-la-caridad-como-regla-de-vida\/","og_locale":"es_ES","og_type":"article","og_title":"Las Constituciones de las Hijas de la Caridad como Regla de Vida - Somos Vicencianos","og_description":"Este a\u00f1o de 1983 en que celebramos el 350\u00ba Aniversario del origen de la Compa\u00f1\u00eda, quedar\u00e1 sellado por un aconteci\u00admiento de vital importancia para la misma. Es la aprobaci\u00f3n de las Constituciones por parte de ... Read More","og_url":"http:\/\/vincentians.com\/es\/las-constituciones-de-las-hijas-de-la-caridad-como-regla-de-vida\/","og_site_name":"Somos Vicencianos","article_publisher":"https:\/\/www.facebook.com\/WeAreVincentians\/","article_author":"https:\/\/www.facebook.com\/JavierChento","article_published_time":"2011-06-25T07:49:18+00:00","author":"Francisco Javier Fern\u00e1ndez Chento","twitter_card":"summary_large_image","twitter_creator":"@https:\/\/twitter.com\/javierchento","twitter_site":"@WeVincentians","twitter_misc":{"Escrito por":"Francisco Javier Fern\u00e1ndez Chento","Tiempo de lectura":"20 minutos"},"schema":{"@context":"https:\/\/schema.org","@graph":[{"@type":"Article","@id":"http:\/\/vincentians.com\/es\/las-constituciones-de-las-hijas-de-la-caridad-como-regla-de-vida\/#article","isPartOf":{"@id":"http:\/\/vincentians.com\/es\/las-constituciones-de-las-hijas-de-la-caridad-como-regla-de-vida\/"},"author":{"name":"Francisco Javier Fern\u00e1ndez Chento","@id":"http:\/\/vincentians.com\/es\/#\/schema\/person\/9623ef4d9aa3b2dfb8c061f1499288f2"},"headline":"Las Constituciones de las Hijas de la Caridad como Regla de Vida","datePublished":"2011-06-25T07:49:18+00:00","mainEntityOfPage":{"@id":"http:\/\/vincentians.com\/es\/las-constituciones-de-las-hijas-de-la-caridad-como-regla-de-vida\/"},"wordCount":3988,"commentCount":0,"publisher":{"@id":"http:\/\/vincentians.com\/es\/#organization"},"image":{"@id":"http:\/\/vincentians.com\/es\/las-constituciones-de-las-hijas-de-la-caridad-como-regla-de-vida\/#primaryimage"},"thumbnailUrl":"","articleSection":["Hijas de la Caridad"],"inLanguage":"es","potentialAction":[{"@type":"CommentAction","name":"Comment","target":["http:\/\/vincentians.com\/es\/las-constituciones-de-las-hijas-de-la-caridad-como-regla-de-vida\/#respond"]}]},{"@type":"WebPage","@id":"http:\/\/vincentians.com\/es\/las-constituciones-de-las-hijas-de-la-caridad-como-regla-de-vida\/","url":"http:\/\/vincentians.com\/es\/las-constituciones-de-las-hijas-de-la-caridad-como-regla-de-vida\/","name":"Las Constituciones de las Hijas de la Caridad como Regla de Vida - Somos Vicencianos","isPartOf":{"@id":"http:\/\/vincentians.com\/es\/#website"},"primaryImageOfPage":{"@id":"http:\/\/vincentians.com\/es\/las-constituciones-de-las-hijas-de-la-caridad-como-regla-de-vida\/#primaryimage"},"image":{"@id":"http:\/\/vincentians.com\/es\/las-constituciones-de-las-hijas-de-la-caridad-como-regla-de-vida\/#primaryimage"},"thumbnailUrl":"","datePublished":"2011-06-25T07:49:18+00:00","breadcrumb":{"@id":"http:\/\/vincentians.com\/es\/las-constituciones-de-las-hijas-de-la-caridad-como-regla-de-vida\/#breadcrumb"},"inLanguage":"es","potentialAction":[{"@type":"ReadAction","target":["http:\/\/vincentians.com\/es\/las-constituciones-de-las-hijas-de-la-caridad-como-regla-de-vida\/"]}]},{"@type":"ImageObject","inLanguage":"es","@id":"http:\/\/vincentians.com\/es\/las-constituciones-de-las-hijas-de-la-caridad-como-regla-de-vida\/#primaryimage","url":"","contentUrl":""},{"@type":"BreadcrumbList","@id":"http:\/\/vincentians.com\/es\/las-constituciones-de-las-hijas-de-la-caridad-como-regla-de-vida\/#breadcrumb","itemListElement":[{"@type":"ListItem","position":1,"name":"Portada","item":"http:\/\/vincentians.com\/es\/"},{"@type":"ListItem","position":2,"name":"Las Constituciones de las Hijas de la Caridad como Regla de Vida"}]},{"@type":"WebSite","@id":"http:\/\/vincentians.com\/es\/#website","url":"http:\/\/vincentians.com\/es\/","name":"Somos Vicencianos","description":"Know more to serve more","publisher":{"@id":"http:\/\/vincentians.com\/es\/#organization"},"potentialAction":[{"@type":"SearchAction","target":{"@type":"EntryPoint","urlTemplate":"http:\/\/vincentians.com\/es\/?s={search_term_string}"},"query-input":{"@type":"PropertyValueSpecification","valueRequired":true,"valueName":"search_term_string"}}],"inLanguage":"es"},{"@type":"Organization","@id":"http:\/\/vincentians.com\/es\/#organization","name":"The Vincentian Network","url":"http:\/\/vincentians.com\/es\/","logo":{"@type":"ImageObject","inLanguage":"es","@id":"http:\/\/vincentians.com\/es\/#\/schema\/logo\/image\/","url":"https:\/\/i1.wp.com\/vincentians.com\/es\/wp-content\/uploads\/sites\/11\/2016\/06\/Vincentian-Network-logo-big.png?fit=778%2C778","contentUrl":"https:\/\/i1.wp.com\/vincentians.com\/es\/wp-content\/uploads\/sites\/11\/2016\/06\/Vincentian-Network-logo-big.png?fit=778%2C778","width":778,"height":778,"caption":"The Vincentian Network"},"image":{"@id":"http:\/\/vincentians.com\/es\/#\/schema\/logo\/image\/"},"sameAs":["https:\/\/www.facebook.com\/WeAreVincentians\/","https:\/\/x.com\/WeVincentians"]},{"@type":"Person","@id":"http:\/\/vincentians.com\/es\/#\/schema\/person\/9623ef4d9aa3b2dfb8c061f1499288f2","name":"Francisco Javier Fern\u00e1ndez Chento","image":{"@type":"ImageObject","inLanguage":"es","@id":"http:\/\/vincentians.com\/es\/#\/schema\/person\/image\/","url":"https:\/\/secure.gravatar.com\/avatar\/497d5cde87b4c3d097d0315953521681ba2cd523ee66e5077c3711f7021e65de?s=96&d=mm&r=g","contentUrl":"https:\/\/secure.gravatar.com\/avatar\/497d5cde87b4c3d097d0315953521681ba2cd523ee66e5077c3711f7021e65de?s=96&d=mm&r=g","caption":"Francisco Javier Fern\u00e1ndez Chento"},"description":"Director General y cofundador de La Red de Formaci\u00f3n Vicenciana. Javier es laico vicenciano, afiliado a la Congregaci\u00f3n de la Misi\u00f3n y miembro del Equipo de Misiones Populares de la provincia can\u00f3nica de Zaragoza (Espa\u00f1a) de la Congregaci\u00f3n de la Misi\u00f3n. Graduado en la Universidad Oberta de Catalunya con cuatro grados (Asistente de direcci\u00f3n, Gesti\u00f3n Administrativa, Recursos Humanos y Contabilidad Avanzada). Bil\u00edng\u00fce Espa\u00f1ol\/Ingl\u00e9s. gestiona y mantiene varias p\u00e1ginas web cristianas y vicencianas, incluida including La Red de Formaci\u00f3n Vicenciana, de la que es cofundador. Actualmente es responsable del \u00e1rea de Espa\u00f1ol de .famvin, la Red de Noticias de la Familia Vicenciana. Tambi\u00e9n es m\u00fasico cat\u00f3lico y ha editado varios discos. Es Director General y cofundador de Trovador, una reconocida compa\u00f1\u00eda discogr\u00e1fica critiana de Espa\u00f1a. Trabaja en las Tecnolog\u00edas de la Informaci\u00f3n, ofreciendo servicios de alojamiento, dise\u00f1o y mantenimiento Web, as\u00ed como asesoramiento, formaci\u00f3n y soluciones inform\u00e1ticas, gesti\u00f3n documental y digitalizaci\u00f3n de textos, edici\u00f3n y maquetaci\u00f3n de libros, revistas, flyers, etc.","sameAs":["http:\/\/chento.org","https:\/\/www.facebook.com\/JavierChento","https:\/\/x.com\/https:\/\/twitter.com\/javierchento"],"url":"http:\/\/vincentians.com\/es\/author\/chento\/"}]}},"jetpack_publicize_connections":[],"jetpack_featured_media_url":"","jetpack_sharing_enabled":true,"jetpack_shortlink":"https:\/\/wp.me\/p7ETMF-bj9","jetpack-related-posts":[{"id":128927,"url":"http:\/\/vincentians.com\/es\/santa-luisa-de-marillac-una-mujer-para-nuestro-tiempo\/","url_meta":{"origin":43471,"position":0},"title":"Santa Luisa de Marillac, una mujer para nuestro tiempo","author":"Francisco Javier Fern\u00e1ndez Chento","date":"09\/05\/2025","format":false,"excerpt":"\"Hoy m\u00e1s que nunca , necesitamos, para vivir en esperanza, mirar las estrellas\" E. Tarac\u00f2n. Luisa de Marillac ha sido, es y sigue siendo en la Iglesia una estrella de primera magnitud por la luminosidad de su vida espiritual, por el brillo de su caridad y por el equilibrio y\u2026","rel":"","context":"En \u00abLuisa de Marillac\u00bb","block_context":{"text":"Luisa de Marillac","link":"http:\/\/vincentians.com\/es\/category\/la-familia-vicenciana\/fundadores\/luisa-de-marillac\/"},"img":{"alt_text":"","src":"https:\/\/i0.wp.com\/vincentians.com\/es\/wp-content\/uploads\/sites\/11\/2017\/10\/hijas-caridad1.jpg?fit=846%2C446&resize=350%2C200","width":350,"height":200,"srcset":"https:\/\/i0.wp.com\/vincentians.com\/es\/wp-content\/uploads\/sites\/11\/2017\/10\/hijas-caridad1.jpg?fit=846%2C446&resize=350%2C200 1x, https:\/\/i0.wp.com\/vincentians.com\/es\/wp-content\/uploads\/sites\/11\/2017\/10\/hijas-caridad1.jpg?fit=846%2C446&resize=525%2C300 1.5x, https:\/\/i0.wp.com\/vincentians.com\/es\/wp-content\/uploads\/sites\/11\/2017\/10\/hijas-caridad1.jpg?fit=846%2C446&resize=700%2C400 2x"},"classes":[]},{"id":134948,"url":"http:\/\/vincentians.com\/es\/los-votos-no-religiosos-y-el-habito-como-las-campesinas\/","url_meta":{"origin":43471,"position":1},"title":"Los votos \u00abno religiosos\u00bb y el h\u00e1bito \u00abcomo las campesinas\u00bb","author":"Francisco Javier Fern\u00e1ndez Chento","date":"12\/01\/2015","format":false,"excerpt":"Al tratar del car\u00e1cter secular de las Hijas de la Caridad (c. III), he afirmado que los Fundadores, en orden a salvaguardar la identidad, evitaron cuidadosamente cuanto era propio de la vida religiosa: votos, h\u00e1bito, terminolog\u00eda, usos, como rejas en el locutorio, cambio del nombre del bautismo, etc. \u00bfC\u00f3mo, entonces,\u2026","rel":"","context":"En \u00abHijas de la Caridad\u00bb","block_context":{"text":"Hijas de la Caridad","link":"http:\/\/vincentians.com\/es\/category\/la-familia-vicenciana\/ramas\/hijas-de-la-caridad\/"},"img":{"alt_text":"guardame","src":"https:\/\/i0.wp.com\/vicencianos.org\/wp-content\/2015\/01\/guardame-300x246.jpg?resize=350%2C200","width":350,"height":200},"classes":[]},{"id":134896,"url":"http:\/\/vincentians.com\/es\/por-claustro-las-calles-de-la-ciudad\/","url_meta":{"origin":43471,"position":2},"title":"&#8230;Por claustro las calles de la ciudad","author":"Francisco Javier Fern\u00e1ndez Chento","date":"13\/01\/2015","format":false,"excerpt":"La parte III del Libro II del C\u00f3digo de Derecho Can\u00f3nico de 1983, que lleva el t\u00edtulo \"De los institutos de vida consagrada y de las sociedades de vida apost\u00f3lica\", contiene afirmaciones y distinciones fundamentales importantes. Vale la pena recordar algunas. Se afirma que los consejos evang\u00e9licos son un don\u2026","rel":"","context":"En \u00abHijas de la Caridad\u00bb","block_context":{"text":"Hijas de la Caridad","link":"http:\/\/vincentians.com\/es\/category\/la-familia-vicenciana\/ramas\/hijas-de-la-caridad\/"},"img":{"alt_text":"hijas_caridad","src":"https:\/\/i0.wp.com\/vicencianos.org\/wp-content\/2015\/01\/hijas_caridad-300x225.jpg?resize=350%2C200","width":350,"height":200},"classes":[]},{"id":134886,"url":"http:\/\/vincentians.com\/es\/de-las-caridades-a-las-hijas-de-la-caridad\/","url_meta":{"origin":43471,"position":3},"title":"De las \u00abCaridades\u00bb a las \u00abHijas de la Caridad\u00bb","author":"Francisco Javier Fern\u00e1ndez Chento","date":"27\/08\/2016","format":false,"excerpt":"Estamos en 1617. Dos experiencias particularmente significativas marcan la vida de Vicente de Pa\u00fal, y est\u00e1n en el origen de sus dos realizaciones revolucionarias: la experiencia de Gannes Folleville y la de Ch\u00e1tillon-les-Dombes. Nacido el 24 de abril de 1581 en Pouy (hoy San Vicente de Pa\u00fal) en las cercan\u00edas\u2026","rel":"","context":"En \u00abHijas de la Caridad\u00bb","block_context":{"text":"Hijas de la Caridad","link":"http:\/\/vincentians.com\/es\/category\/la-familia-vicenciana\/ramas\/hijas-de-la-caridad\/"},"img":{"alt_text":"","src":"https:\/\/i0.wp.com\/vincentians.com\/es\/wp-content\/uploads\/sites\/11\/2016\/08\/hijas-caridad.jpg?fit=1200%2C630&resize=350%2C200","width":350,"height":200,"srcset":"https:\/\/i0.wp.com\/vincentians.com\/es\/wp-content\/uploads\/sites\/11\/2016\/08\/hijas-caridad.jpg?fit=1200%2C630&resize=350%2C200 1x, https:\/\/i0.wp.com\/vincentians.com\/es\/wp-content\/uploads\/sites\/11\/2016\/08\/hijas-caridad.jpg?fit=1200%2C630&resize=525%2C300 1.5x, https:\/\/i0.wp.com\/vincentians.com\/es\/wp-content\/uploads\/sites\/11\/2016\/08\/hijas-caridad.jpg?fit=1200%2C630&resize=700%2C400 2x, https:\/\/i0.wp.com\/vincentians.com\/es\/wp-content\/uploads\/sites\/11\/2016\/08\/hijas-caridad.jpg?fit=1200%2C630&resize=1050%2C600 3x"},"classes":[]},{"id":130444,"url":"http:\/\/vincentians.com\/es\/un-perfil-heroico-santa-luisa-de-marillac-19\/","url_meta":{"origin":43471,"position":4},"title":"Un perfil heroico: santa Luisa de Marillac (19)","author":"Francisco Javier Fern\u00e1ndez Chento","date":"13\/03\/2015","format":false,"excerpt":"Y pondr\u00e9 mi esp\u00edritu en vosotros, y har\u00e9 que guard\u00e9is mis preceptos. Y vosotros ser\u00e9is el pueblo m\u00edo, y yo ser\u00e9 vuestro Dios. (Ezequiel, XXXVI.) VICENTE de Pa\u00fal, cuyo coraz\u00f3n se regocijaba santamente al contemplar las bellas disposiciones de esp\u00edritu de las Hijas de la Caridad, y los frutos copiosos\u2026","rel":"","context":"En \u00abLuisa de Marillac\u00bb","block_context":{"text":"Luisa de Marillac","link":"http:\/\/vincentians.com\/es\/category\/la-familia-vicenciana\/fundadores\/luisa-de-marillac\/"},"img":{"alt_text":"OLYMPUS DIGITAL CAMERA","src":"https:\/\/i0.wp.com\/vicencianos.org\/wp-content\/2014\/04\/louise-marillac-300x248.jpg?resize=350%2C200","width":350,"height":200},"classes":[]},{"id":119636,"url":"http:\/\/vincentians.com\/es\/identidad-de-la-compania-de-las-hijas-de-la-caridad\/","url_meta":{"origin":43471,"position":5},"title":"Identidad de la Compa\u00f1\u00eda de las Hijas de la Caridad","author":"Francisco Javier Fern\u00e1ndez Chento","date":"29\/11\/2022","format":false,"excerpt":"Introducci\u00f3n San Vicente estaba convencido de que, con la fundaci\u00f3n de la Compa\u00f1\u00eda de las Hijas de la Caridad, Dios hab\u00eda suscitado algo nuevo en la Iglesia. Y esa novedad no estaba s\u00f3lo en el fin de la Compa\u00f1\u00eda (servir a Cristo en los pobres); ni tampoco en el estilo\u2026","rel":"","context":"En \u00abHijas de la Caridad\u00bb","block_context":{"text":"Hijas de la Caridad","link":"http:\/\/vincentians.com\/es\/category\/la-familia-vicenciana\/ramas\/hijas-de-la-caridad\/"},"img":{"alt_text":"","src":"https:\/\/i0.wp.com\/vincentians.com\/es\/wp-content\/uploads\/sites\/11\/2013\/04\/Hijas-de-la-Caridad.jpg?fit=400%2C300&resize=350%2C200","width":350,"height":200},"classes":[]}],"_links":{"self":[{"href":"http:\/\/vincentians.com\/es\/wp-json\/wp\/v2\/posts\/43471","targetHints":{"allow":["GET"]}}],"collection":[{"href":"http:\/\/vincentians.com\/es\/wp-json\/wp\/v2\/posts"}],"about":[{"href":"http:\/\/vincentians.com\/es\/wp-json\/wp\/v2\/types\/post"}],"author":[{"embeddable":true,"href":"http:\/\/vincentians.com\/es\/wp-json\/wp\/v2\/users\/4"}],"replies":[{"embeddable":true,"href":"http:\/\/vincentians.com\/es\/wp-json\/wp\/v2\/comments?post=43471"}],"version-history":[{"count":0,"href":"http:\/\/vincentians.com\/es\/wp-json\/wp\/v2\/posts\/43471\/revisions"}],"wp:featuredmedia":[{"embeddable":true,"href":"http:\/\/vincentians.com\/es\/wp-json\/"}],"wp:attachment":[{"href":"http:\/\/vincentians.com\/es\/wp-json\/wp\/v2\/media?parent=43471"}],"wp:term":[{"taxonomy":"category","embeddable":true,"href":"http:\/\/vincentians.com\/es\/wp-json\/wp\/v2\/categories?post=43471"},{"taxonomy":"post_tag","embeddable":true,"href":"http:\/\/vincentians.com\/es\/wp-json\/wp\/v2\/tags?post=43471"}],"curies":[{"name":"wp","href":"https:\/\/api.w.org\/{rel}","templated":true}]}}