{"id":4346,"date":"2015-02-03T01:12:51","date_gmt":"2015-02-03T00:12:51","guid":{"rendered":"http:\/\/somos.vicencianos.org\/blog\/2010\/02\/09\/algunas-oportunidades-para-la-creatividad-en-la-congregacion-de-la-mision-hoy\/"},"modified":"2016-07-26T09:44:30","modified_gmt":"2016-07-26T07:44:30","slug":"algunas-oportunidades-para-la-creatividad-en-la-congregacion-de-la-mision-hoy","status":"publish","type":"post","link":"http:\/\/vincentians.com\/es\/algunas-oportunidades-para-la-creatividad-en-la-congregacion-de-la-mision-hoy\/","title":{"rendered":"Algunas oportunidades para la creatividad en la Congregaci\u00f3n de la Misi\u00f3n hoy"},"content":{"rendered":"<p><a href=\"https:\/\/i0.wp.com\/vicencianos.org\/wp-content\/2011\/12\/logocm.png\"><img data-recalc-dims=\"1\" loading=\"lazy\" decoding=\"async\" class=\"alignright size-medium wp-image-57594\" src=\"https:\/\/i0.wp.com\/vicencianos.org\/wp-content\/2011\/12\/logocm-245x300.png?resize=245%2C300\" alt=\"logocm\" width=\"245\" height=\"300\" \/><\/a>Jes\u00fas sab\u00eda que las obras son m\u00e1s poderosas que las palabras, que el ejemplo tiene m\u00e1s fuerza que los mandatos, y que los s\u00edmbolos nos conmueven m\u00e1s profundamente que los sermones. De hecho, al meditar sobre la creatividad, vemos que este era el distintivo de Jes\u00fas m\u00e1s admirado por San Vicente. Es el origen de un texto que es uno de los dichos m\u00e1s populares de San Vicente hoy y que aparece en la p\u00e1gina inicial de nuestro sitio vicenciano en internet. Generalmente pensamos de otra manera cuando usamos este texto. San Vicente estaba hablando a un Hermano moribundo, d\u00e1ndole \u00e1nimos para fortalecer su confianza en la misericordia de Dios. Habi\u00e9ndole hablado de las muchas muestras del tierno amor de Dios, le dijo al Hermano que Jes\u00fas, en previsi\u00f3n a su muerte, no quer\u00eda dejar a sus disc\u00edpulos solos, temiendo que en su ausencia sus corazones se enfriaran. As\u00ed es que le dice al Hermano, \u00abya que el amor es infinitamente inventivo&#8230; Jes\u00fas instituy\u00f3 el adorable sacramento que nos vale de comida y bebida&#8230; Porque el amor lo puede todo, as\u00ed lo quiso el Se\u00f1or\u00bb.<span id='easy-footnote-1-4346' class='easy-footnote-margin-adjust'><\/span><span class='easy-footnote'><a href='http:\/\/vincentians.com\/es\/algunas-oportunidades-para-la-creatividad-en-la-congregacion-de-la-mision-hoy\/#easy-footnote-bottom-1-4346' title='SV XI, 146 \/ ES XI, 65'><sup>1<\/sup><\/a><\/span>\n<h2><strong>La creatividad en san Vicente<\/strong><\/h2>\n<p>Sospecho que el mismo San Vicente negar\u00eda que fue creativo. Muchos historiadores nos dicen que no era un pensador precisamente original. A mi juicio, San Vicente fue notablemente creativo en este sentido: escuchaba bien; reconoc\u00eda una buena idea cuando la o\u00eda y fue original al poner en pr\u00e1ctica las buenas ideas. Ten\u00eda capacidad para transformar buenas ideas en dise\u00f1os concretos; muchos de ellos han permanecido eficientes durante cientos de a\u00f1os. Os ofrezco tres ejemplos r\u00e1pidamente.<\/p>\n<p>Primero, en 1617, para remediar las necesidades desesperantes de los pobres en su parroquia, fund\u00f3 las Cofrad\u00edas de la Caridad, que con frecuencia han sido llamadas Damas de la Caridad. Escribi\u00f3 para ellas unas reglas. Trabaj\u00f3 en su formaci\u00f3n. Aun existen hoy, 384 a\u00f1os despu\u00e9s, como Asociaci\u00f3n Internacional de Caridades. Tienen 260.000 miembros en 45 naciones. En muchos lugares son un grupo maravillosamente din\u00e1mico que trabaja en proyectos de auto-ayuda entre los pobres.<\/p>\n<p>Segundo, las Hijas de la Caridad fueron una fundaci\u00f3n revolucionaria. San Vicente pudo hacer lo que San Francisco de Sales y otros no pudieron. San Vicente y Santa Luisa dise\u00f1aron esta nueva forma de comunidad lenta y sutilmente, evitando laboriosamente las ataduras can\u00f3nicas que manten\u00edan a las mujeres encerradas en la clausura. San Vicente dijo a las Hermanas lo que ellas tendr\u00edan:<\/p>\n<ul>\n<li><em>por monasterio, solamente las casas de los enfermos y el lugar donde la superiora reside,<\/em><\/li>\n<li><em>por celda un cuarto de alquiler,<\/em><\/li>\n<li><em>por capilla la iglesia parroquial,<\/em><\/li>\n<li><em>por claustro las calles de la ciudad,<\/em><\/li>\n<li><em>por encierro la obediencia, no teniendo que ir m\u00e1s que a casa de los enfermos, yendo s\u00f3lo a las casas de los enfermos o a los lugares necesarios para su servicio,<\/em><\/li>\n<li><em>por rejas el temor de Dios,<\/em><\/li>\n<li><em>por velo la santa modestia.<\/em><span id='easy-footnote-2-4346' class='easy-footnote-margin-adjust'><\/span><span class='easy-footnote'><a href='http:\/\/vincentians.com\/es\/algunas-oportunidades-para-la-creatividad-en-la-congregacion-de-la-mision-hoy\/#easy-footnote-bottom-2-4346' title='SV X, 661 \/ ES IX, 1178-1179'><sup>2<\/sup><\/a><\/span><\/li>\n<\/ul>\n<p>Vicente y Luisa lanzaron a las grandes ciudades y a los peque\u00f1os pueblos lo que pronto ser\u00eda un ej\u00e9rcito de mujeres generosas que ofrec\u00edan toda su vida a Dios en el servicio del pobre enfermo. Millones llegaron a imitar a las Hijas de la Caridad en numerosas sociedades apost\u00f3licas nacidas en la Iglesia siguiendo el modelo de esta nueva creaci\u00f3n. El servicio de las generosas Hijas de la Caridad por m\u00e1s de 360 a\u00f1os ha llevado salud al enfermo, ense\u00f1anza a ni\u00f1os y j\u00f3venes, casa a los sin techo, alimento al hambriento, vida para los que caminan por las sombras de la muerte.<\/p>\n<p>Tercero, Vicente fue uno de los grandes reformadores del clero en el siglo 17, un siglo lleno de reformadores del clero. Durante su vida fund\u00f3 20 seminarios. Tom\u00f3 parte en el Consejo de Conciencia durante una d\u00e9cada, aconsejando al rey en la selecci\u00f3n de obispos. Muchos de los grandes l\u00edderes de espiritualidad de su tiempo se reun\u00edan en las Conferencias de los Martes que San Vicente organiz\u00f3. Abelly afirma que m\u00e1s de 12.000 ordenandos para el sacerdocio hicieron los ejercicios en San L\u00e1zaro en tiempo de San Vicente.<\/p>\n<p>Como sab\u00e9is, Henri de Maupas du Tour, el predicador en su funeral, estaba tan impresionado de la creatividad de San Vicente que dijo: \u00ab\u00c9l casi transform\u00f3 el rostro de la Iglesia.\u00bb<\/p>\n<h2><strong>Oportunidades para la creatividad, hoy<\/strong><\/h2>\n<p>Me gustar\u00eda sugerir algunas posibilidades creativas para nosotros hoy como Vicencianos. Mientras lo pretendo, yo mismo conozco mis limitaciones, pero estoy seguro de que vosotros mismos, en di\u00e1logo de unos con otros, encontrar\u00e9is oportunidades m\u00e1s creativas y m\u00e1s concretas que yo. Por eso, os ofrezco estas ideas confiando en vuestra comprensi\u00f3n. Espero que consider\u00e9is estas sugerencias como unas pocas ideas para impulsar el di\u00e1logo.<\/p>\n<p>Dejadme empezar diciendo esto: una persona no siempre sabe que est\u00e1 haciendo un comienzo creativo. De hecho, Vicente no sab\u00eda con seguridad que las semillas que \u00e9l estaba plantando llegar\u00edan alg\u00fan d\u00eda a ser grandes \u00e1rboles. \u00c9l comenz\u00f3 a fundar las Hijas de la Caridad \u2013es tan f\u00e1cil olvidarse de esto\u2013 como cofrad\u00edas en las que las pobres chicas del campo podr\u00edan hacer el trabajo duro y manual que las ricas Se\u00f1oras de la Caridad no pod\u00edan hacer. Vicente nunca se imagin\u00f3 que ellas llegar\u00edan a ser la Comunidad m\u00e1s grande de la Iglesia que jam\u00e1s se hab\u00eda visto y que cientos de otras Comunidades nacer\u00edan por todo el mundo imitando a las Hijas de la Caridad.<\/p>\n<p>Lo que intento decir es lo siguiente. Los comienzos creativos son generalmente reconocidos s\u00f3lo m\u00e1s tarde cuando ellos han llegado a ser trabajos creativos a gran escala. La semilla s\u00f3lo es bella en el \u00e1rbol florido. Por eso os digo hoy, sembrad muchos \u00e1rboles. Mantened los o\u00eddos atentos, como estaban los o\u00eddos de San Vicente, a las ideas nuevas. Tomadlas y usadlas vosotros mismos. Cooperad con las iniciativas de otros. En estos tiempos de grandes retos, impulsad la creatividad, y sed atrevidos y persistentes en poner en pr\u00e1ctica las ideas creativas<\/p>\n<h3><em>Servicio a nuestra Familia Vicenciana<\/em><\/h3>\n<p>Os ofrezco aqu\u00ed una breve semblanza de nuestra Familia Vicenciana hoy d\u00eda. Despu\u00e9s, permitidme sugerir algunas oportunidades de creatividad a los miembros de esa Familia.<\/p>\n<table border=\"0\" cellspacing=\"0\" cellpadding=\"0\">\n<tbody>\n<tr>\n<td valign=\"top\" width=\"305\"><strong>NOMBRE<\/strong><\/td>\n<td valign=\"top\" width=\"120\"><strong>FECHA DE FUNDACI\u00d3N<\/strong><\/td>\n<td valign=\"top\" width=\"152\"><strong>N\u00daMERO DE MIEMBROS<\/strong><\/td>\n<\/tr>\n<tr>\n<td valign=\"top\" width=\"305\">Asociaci\u00f3n Internacional de Caridades<\/td>\n<td valign=\"top\" width=\"120\">1617<\/td>\n<td valign=\"top\" width=\"152\">260.000<\/td>\n<\/tr>\n<tr>\n<td valign=\"top\" width=\"305\">Congregaci\u00f3n de la Misi\u00f3n<\/td>\n<td valign=\"top\" width=\"120\">1625<\/td>\n<td valign=\"top\" width=\"152\">4.000<\/td>\n<\/tr>\n<tr>\n<td valign=\"top\" width=\"305\">Hijas de la Caridad<\/td>\n<td valign=\"top\" width=\"120\">1633<\/td>\n<td valign=\"top\" width=\"152\">23.000<\/td>\n<\/tr>\n<tr>\n<td valign=\"top\" width=\"305\">Sociedad de San Vicente de Pa\u00fal<\/td>\n<td valign=\"top\" width=\"120\">1833<\/td>\n<td valign=\"top\" width=\"152\">530.000<\/td>\n<\/tr>\n<tr>\n<td valign=\"top\" width=\"305\">Grupos Juveniles Vicencianos<\/td>\n<td valign=\"top\" width=\"120\">1847<\/td>\n<td valign=\"top\" width=\"152\">62.000<\/td>\n<\/tr>\n<tr>\n<td valign=\"top\" width=\"305\">MISEVI<\/td>\n<td valign=\"top\" width=\"120\">1999<\/td>\n<td valign=\"top\" width=\"152\">30<\/td>\n<\/tr>\n<tr>\n<td valign=\"top\" width=\"305\">Asociaci\u00f3n de la Medalla Milagrosa<\/td>\n<td valign=\"top\" width=\"120\">1909<\/td>\n<td valign=\"top\" width=\"152\">Un mill\u00f3n inscritos<\/td>\n<\/tr>\n<\/tbody>\n<\/table>\n<p>\u00bfVer\u00e1 el tercer milenio el florecimiento del laicado en la Iglesia? Cuando nosotros mismos nos encontremos dudando de la importancia del laicado en la actividad misionera de la Iglesia, deber\u00edamos releer las cartas paulinas y el libro de los Hechos. Estos nos librar\u00e1n r\u00e1pidamente de nuestras dudas. Pablo dice que todas las comunidades de los Gentiles est\u00e1n en deuda con Priscila y Aquila, una pareja de casados.<span id='easy-footnote-3-4346' class='easy-footnote-margin-adjust'><\/span><span class='easy-footnote'><a href='http:\/\/vincentians.com\/es\/algunas-oportunidades-para-la-creatividad-en-la-congregacion-de-la-mision-hoy\/#easy-footnote-bottom-3-4346' title='Rom 16,4'><sup>3<\/sup><\/a><\/span> Ser\u00e1 dif\u00edcil encontrar mayor alabanza que esa.<\/p>\n<p>Estos dos grandes misioneros aparecen en cuatro ocasiones en el Nuevo Testamento. \u00bfQu\u00e9 sabemos de ellos? Sabemos que ellos eran:<\/p>\n<ul>\n<li>misioneros seglares<\/li>\n<li>una pareja de casados<\/li>\n<li>Jud\u00edos Cristianos<\/li>\n<li>expulsados de Roma durante la persecuci\u00f3n de Claudio<\/li>\n<li>habitantes exiliados en Corinto<\/li>\n<li>trabajadores de tejidos (el mismo oficio que ten\u00eda Pablo)<\/li>\n<li>hospitalarios con Pablo, recibi\u00e9ndole en su casa<\/li>\n<li>compa\u00f1eros misioneros suyos en \u00c9feso y, en realidad, fundadores de la Iglesia all\u00ed<span id='easy-footnote-4-4346' class='easy-footnote-margin-adjust'><\/span><span class='easy-footnote'><a href='http:\/\/vincentians.com\/es\/algunas-oportunidades-para-la-creatividad-en-la-congregacion-de-la-mision-hoy\/#easy-footnote-bottom-4-4346' title='Jerome Murphy\u2011O\u2019Connor, &lt;em&gt;Paul, A Critical Life&lt;\/em&gt; (New York: Oxford University Press, 1996) 171.'><sup>4<\/sup><\/a><\/span><\/li>\n<li>personas que arriesgaron su vida por \u00e9l<\/li>\n<li>hospederos de la Iglesia local en su misma casa (una casa\u2011iglesia)<\/li>\n<li>Catequistas del gran misionero Apolo.<\/li>\n<\/ul>\n<p>Pablo y Lucas estimaban a esta pareja como misioneros extraordinarios. Aparecen en la carta a los Romanos, la primera carta a los Corintios, en el cap\u00edtulo 18 de los Hechos y al final de la segunda carta a Timoteo. Priscila, a quien Pablo llama Prisca, es dos veces mencionada delante de su esposo; esto parece indicarnos que ella ten\u00eda una funci\u00f3n m\u00e1s importante en el trabajo misionero de la primitiva Iglesia que su esposo.<\/p>\n<p>\u00bfQu\u00e9 nos piden estos misioneros laicos? Sugiero tres cosas.<\/p>\n<p>Primero, formaci\u00f3n. Tienen ganas de ella. Est\u00e1n constantemente pidi\u00e9ndonosla. Ninguna otra petici\u00f3n es presentada al Superior General tan frecuentemente como la demanda de formaci\u00f3n.<\/p>\n<p>Segundo, oraci\u00f3n. Quieren aprender a orar y quieren orar con nosotros. En el estupendo documento \u00ab<em>Novo Millennio Ineunte\u00bb<\/em>, publicado s\u00f3lo hace un a\u00f1o, el Papa Juan Pablo II dice as\u00ed: \u00abNuestras comunidades cristianas tienen que llegar a ser <em>aut\u00e9nticas \u2018escuelas de oraci\u00f3n\u2019<\/em>, donde el encuentro con Cristo no se exprese solamente en petici\u00f3n de ayuda, sino tambi\u00e9n en acci\u00f3n de gracias, alabanza, adoraci\u00f3n, contemplaci\u00f3n, escucha y viveza de afecto hasta el \u2018arrebato del coraz\u00f3n\u2019. Una oraci\u00f3n intensa, pues, que sin embargo no aparta del compromiso en la historia: abriendo el coraz\u00f3n al amor de Dios, lo abre tambi\u00e9n al amor de los hermanos, y nos hace capaces de construir la historia seg\u00fan el designio de Dios\u00bb.<span id='easy-footnote-5-4346' class='easy-footnote-margin-adjust'><\/span><span class='easy-footnote'><a href='http:\/\/vincentians.com\/es\/algunas-oportunidades-para-la-creatividad-en-la-congregacion-de-la-mision-hoy\/#easy-footnote-bottom-5-4346' title='Novo Millennio Ineunte, 33.'><sup>5<\/sup><\/a><\/span>\n<p>Tercero, ayuda pr\u00e1ctica. Animad a los laicos a ser inventivos en descubrir las m\u00e1s profundas necesidades de aquellos a quienes sirven. Haced con frecuencia para vosotros mismos esta pregunta: \u00bfEn concreto, qu\u00e9 me esta pidiendo este pobre? \u00bfCu\u00e1l es la necesidad mayor de la persona que est\u00e1 llorando ante m\u00ed? \u00bfQu\u00e9 me est\u00e1n pidiendo los ni\u00f1os del colegio, del orfanato que visito o donde trabajo? \u00bfQu\u00e9 necesita el enfermo en su casa? \u00bfCu\u00e1l es el sufrimiento m\u00e1s fuerte del enfermo con SIDA? Despu\u00e9s, ayudadles a ser creativos en remediar esas necesidades.<\/p>\n<h3><em>Formar grupos de j\u00f3venes<\/em><\/h3>\n<p>\u00bfHay alg\u00fan sector de la sociedad al que el Papa Juan Pablo haya dado claramente mayor importancia?\u00a0 El sesenta y cuatro por ciento de la poblaci\u00f3n mundial tiene menos de 25 a\u00f1os. Los j\u00f3venes son el tercer milenio. Les pertenece. Si la Iglesia est\u00e1 totalmente viva en el tercer milenio ser\u00e1 porque tiene la energ\u00eda de la gente joven para creer profundamente. Los j\u00f3venes ser\u00e1n los evangelizadores y los servidores de los pobres en el tercer milenio. La mayor\u00eda de nosotros apenas podremos estar all\u00ed. Si las estad\u00edsticas dicen la verdad, yo no sobrevivir\u00e9 la segunda d\u00e9cada del tercer milenio. Pero la gente joven estar\u00e1 viva y llena de energ\u00eda mucho despu\u00e9s. Por lo tanto, os digo hoy que no hay meta m\u00e1s importante para la Iglesia y para la Familia Vicenciana que buscar y ofrecer a los j\u00f3venes una formaci\u00f3n entusiasta, cristiana y vicenciana. Nosotros que vivimos en la Familia Vicenciana tenemos un don maravilloso que ofrecer a los j\u00f3venes. Trasmit\u00eddselo a ellos alegre y generosamente.<\/p>\n<p>Walt Whitman, un gran poeta de mi pa\u00eds, escrib\u00eda esto:<\/p>\n<p style=\"padding-left: 30px\"><em>Juventud, inmensa, vigorosa, amante \u2013juventud llena de gracia, fuerza, fascinaci\u00f3n&#8230;<\/em> <em>D\u00eda pleno y espl\u00e9ndido\u2013 d\u00eda de sol inmenso, acci\u00f3n, ambici\u00f3n, risa&#8230;<\/em><\/p>\n<p>\u00bfQu\u00e9 podemos ofrecer a los j\u00f3venes? Las mismas tres cosas: formaci\u00f3n, oraci\u00f3n, servicio pr\u00e1ctico.<\/p>\n<p>Hoy existe en muchos pa\u00edses una voluntad fuerte de comprometer a los j\u00f3venes en el servicio. Nuestras misiones, muchas parroquias nuestras, y los colegios de las Hijas de la Caridad trabajan estupendamente en entusiasmar a los j\u00f3venes para dirigir sus energ\u00edas hacia el servicio del pobre. Grupos como MISEVI y el Voluntariado Vicenciano cumplen con este compromiso durante grandes periodos de tiempo. Os animo a trabajar intensamente en la formaci\u00f3n de estos j\u00f3venes. Os animo a ense\u00f1arles a orar. Os animo a buscar oportunidades para que ellos trabajen en nuestras misiones extranjeras.<\/p>\n<p>Es muy interesante: siempre que San Vicente formaba un grupo escrib\u00eda una regla para \u00e9l. Todos conocemos las Reglas Comunes de la Congregaci\u00f3n de la Misi\u00f3n y tambi\u00e9n las Reglas Comunes de las Hijas de la Caridad, pero si tom\u00e1is el volumen 13 de los Escritos de San Vicente de Coste, encontrar\u00e9is que aun tenemos otras 19 reglas m\u00e1s que el Santo escribi\u00f3. Seguramente que hubo muchas otras. Estas son todas para seglares.<\/p>\n<p>Os hago hoy la pregunta, \u00bfc\u00f3mo deber\u00eda ser la juventud vicenciana en vuestro pa\u00eds? Si tuvi\u00e9rais que escribir una regla para la juventud vicenciana hoy, qu\u00e9 escribir\u00edais? \u00bfC\u00f3mo deber\u00eda ser su vida? \u00bfC\u00f3mo deber\u00eda ser su formaci\u00f3n? \u00bfC\u00f3mo deber\u00eda ser su oraci\u00f3n? \u00bfC\u00f3mo deber\u00edan ser sus obras?<\/p>\n<p>Formad grupos de j\u00f3venes. Decidles, con las palabras del mensaje del reciente S\u00ednodo:<\/p>\n<p><em>Vosotros, j\u00f3venes, vosotros sois \u00ablos centinelas de la ma\u00f1ana\u00bb. &#8230; \u00bfC\u00f3mo os pide el Se\u00f1or de la historia que construy\u00e1is la civilizaci\u00f3n del amor? Vosotros ten\u00e9is un fino sentido de lo que os pide la honradez y la sinceridad. Vosotros no quer\u00e9is quedar atrapados en las luchas \u00e9tnicas que dividen ni quer\u00e9is ser envenenados por la gangrena de la corrupci\u00f3n. \u00bfC\u00f3mo podemos ser disc\u00edpulos de Jes\u00fas todos juntos y poner en pr\u00e1ctica las ense\u00f1anzas de Cristo en el Monte de las Bienaventuranzas?<\/em><\/p>\n<h3><em>Sed l\u00edderes en el uso pastoral de la tecnolog\u00eda a favor de los pobres<\/em><\/h3>\n<p>Los pa\u00edses del Tercer Mundo lamentan, y muchas veces con raz\u00f3n, que el progreso en la tecnolog\u00eda ha producido m\u00e1s riquezas para los ricos y una diferencia cada vez mayor entre ricos y pobres.<\/p>\n<p>La Congregaci\u00f3n de la Misi\u00f3n, y la Familia Vicenciana en general, ha respondido muy r\u00e1pidamente a la llamada de estar a punto. Todas las provincias pueden comunicarse por correo electr\u00f3nico. Estos recursos nos presentan un diversos de desaf\u00edos.<\/p>\n<ol>\n<li>\u00bfPodemos usar nuestros recursos tecnol\u00f3gicos vicencianos para atraer a otros a trabajar con nosotros en el servicio de los pobres y para investigar las causas de la pobreza?<\/li>\n<li>\u00bfPodemos continuar preparando a nuestros cohermanos en la tecnolog\u00eda del\u00a0\u00a0\u00a0 ordenador?<\/li>\n<li>\u00bfPodemos buscar recursos para preparar centros de ense\u00f1anza tecnol\u00f3gica en los pa\u00edses m\u00e1s pobres del mundo? \u00bfPodr\u00edan las grandes empresas, la Fundaci\u00f3n Bill and Melinda Gates, la Fundaci\u00f3n Ford, estar dispuestos a ofrecer sus recursos para tales proyectos de formaci\u00f3n? Visit\u00e9 un centro de formaci\u00f3n tecnol\u00f3gica en Madagascar, que muchos consideran como el pa\u00eds m\u00e1s pobre del mundo. Los estudiantes de all\u00ed eran ya muy buenos con el ordenador.<\/li>\n<li>Con frecuencia creemos que los ordenadores son herramientas de los j\u00f3venes, pero he visto a muchos cohermanos mayores, ya retirados, que han aprendido a usar los ordenadores muy bien. \u00bfPodemos preparar medios con los que nuestros cohermanos mayores puedan cooperar en el servicio de los pobres por medio de estas tecnolog\u00edas?<\/li>\n<li>\u00bfPodemos organizar centros en la red que sean realmente atractivos para j\u00f3venes? \u00bfEst\u00e1n los j\u00f3venes, que pasan tantas horas con el ordenador, atra\u00eddos por nuestros sitios vicencianos en la red? \u00bfPodemos ser ministros de los j\u00f3venes en la red? \u00bfPodr\u00edamos ganar un premio por tener el sitio en internet m\u00e1s atractivo para los j\u00f3venes?<\/li>\n<\/ol>\n<p>Edad, salud y distancia son dimensiones transformables con los ordenadores. La habitaci\u00f3n de un hombre enfermo puede ser su p\u00falpito. Un ordenador se convierte en su micr\u00f3fono para predicar la Buena Nueva a otros.<\/p>\n<p>Existe una caldera burbujeante de nuevas tecnolog\u00edas en el mundo. El ingl\u00e9s se est\u00e1 haciendo el lenguaje de la tecnolog\u00eda mundial. Internet lo est\u00e1 consiguiendo. \u00bfPodemos usar este instrumento poderoso al servicio del pobre?<\/p>\n<h3><em>I. <\/em><em>Crear una cultura de la vocaci\u00f3n<\/em><\/h3>\n<p>Muchos de nosotros aqu\u00ed presentes crecimos con una cultura de la vocaci\u00f3n, aunque desapareci\u00f3 sin un an\u00e1lisis completo, como sucede con la mayor parte de los fen\u00f3menos culturales. \u00bfPodemos cooperar para un renacimiento de una cultura vocacional en vuestro pa\u00eds?<\/p>\n<p>\u00bfCu\u00e1les son los elementos de una cultura vocacional? En otras palabras, si un joven est\u00e1 creciendo en una cultura de la vocaci\u00f3n, \u00bfqu\u00e9 es lo que le ayuda a tomar la decisi\u00f3n de ser Vicenciano? Sugiero seis elementos:<\/p>\n<ol>\n<li>Una imagen positiva de nosotros, de nuestra vida en comunidad, de nuestra oraci\u00f3n y de nuestros ministerios en la Congregaci\u00f3n de la Misi\u00f3n. Este elemento est\u00e1 pr\u00e1cticamente en nuestras manos.<\/li>\n<li>Una imagen positiva del sacerdocio y de la vocaci\u00f3n de hermano. Este elemento no est\u00e1 totalmente en nuestras manos, pero podemos impulsarlo.<\/li>\n<li>Apoyo a las vocaciones dentro de una comunidad de fe. Desde luego, la familia de un joven es muy importante aqu\u00ed. Pero el apoyo tambi\u00e9n puede llegar en los colegios, o puede venir de los grupos de juventud en la parroquia. Nosotros podemos cooperar en la creaci\u00f3n de tales comunidades. Tambi\u00e9n podemos intentar la cooperaci\u00f3n de los padres de familia en el ministerio vocacional.<\/li>\n<li>Contacto directo con modelos a imitar, di\u00e1logo con ellos sobre su forma concreta de experimentar la vida, la oraci\u00f3n y el ministerio. Esto cae dentro de nuestro control, especialmente si tenemos casas donde la gente joven pueda estar en ocasiones con nuestros cohermanos, pueda rezar con ellos y participar en sus trabajos.<\/li>\n<li>Invitaciones, impl\u00edcitas y expl\u00edcitas, \u00abven y ver\u00e1s\u00bb,\u00a0 como el evangelio de San Juan lo sugiere.<span id='easy-footnote-6-4346' class='easy-footnote-margin-adjust'><\/span><span class='easy-footnote'><a href='http:\/\/vincentians.com\/es\/algunas-oportunidades-para-la-creatividad-en-la-congregacion-de-la-mision-hoy\/#easy-footnote-bottom-6-4346' title='Jn 1, 39'><sup>6<\/sup><\/a><\/span> Tales invitaciones pueden estar acompa\u00f1adas gradualmente por un asesoramiento personal y vocacional.<\/li>\n<li>Oraci\u00f3n por las vocaciones. Jes\u00fas lo dice bien claro: \u00abRogad al Se\u00f1or de la mies que env\u00ede obreros a su mies.\u00bb<span id='easy-footnote-7-4346' class='easy-footnote-margin-adjust'><\/span><span class='easy-footnote'><a href='http:\/\/vincentians.com\/es\/algunas-oportunidades-para-la-creatividad-en-la-congregacion-de-la-mision-hoy\/#easy-footnote-bottom-7-4346' title='Mat 9, 39; Lc10, 2'><sup>7<\/sup><\/a><\/span> Esto est\u00e1 en nuestras manos. Podemos orar nosotros y podemos invitar a los padres de los j\u00f3venes a rezar por las vocaciones de sacerdotes y hermanos.<\/li>\n<\/ol>\n<h3><em>II. Crear un ambiente propicio al evangelio<\/em><\/h3>\n<p>San Vicente fue incre\u00edblemente activo. La Iglesia le pone como modelo para todos los dedicados al trabajo concreto y pr\u00e1ctico a favor del pobre. Pero es sorprendente que sus contempor\u00e1neos le ten\u00edan por contemplativo. Su espiritualidad fue profundamente evang\u00e9lica. Se centraba en la persona de Jes\u00fas revelado en las escrituras y citaba sus palabras una y otra vez. \u00abAprended de m\u00ed que soy manso y humilde de coraz\u00f3n.\u00bb<span id='easy-footnote-8-4346' class='easy-footnote-margin-adjust'><\/span><span class='easy-footnote'><a href='http:\/\/vincentians.com\/es\/algunas-oportunidades-para-la-creatividad-en-la-congregacion-de-la-mision-hoy\/#easy-footnote-bottom-8-4346' title='Mt 11, 29'><sup>8<\/sup><\/a><\/span> \u00abSed prudentes como serpientes y sencillos como palomas\u00bb.<span id='easy-footnote-9-4346' class='easy-footnote-margin-adjust'><\/span><span class='easy-footnote'><a href='http:\/\/vincentians.com\/es\/algunas-oportunidades-para-la-creatividad-en-la-congregacion-de-la-mision-hoy\/#easy-footnote-bottom-9-4346' title='Mt 10, 16'><sup>9<\/sup><\/a><\/span> \u00abEl que quiera venir en pos de m\u00ed, ni\u00e9guese a si mismo, tome su cruz y s\u00edgame.\u00bb<span id='easy-footnote-10-4346' class='easy-footnote-margin-adjust'><\/span><span class='easy-footnote'><a href='http:\/\/vincentians.com\/es\/algunas-oportunidades-para-la-creatividad-en-la-congregacion-de-la-mision-hoy\/#easy-footnote-bottom-10-4346' title='Mt 16, 24; Mc 8, 34; Lc 9, 23.'><sup>10<\/sup><\/a><\/span>\n<p>Os indico hoy que no hay servicio m\u00e1s importante que podamos ofrecer a la Familia Vicenciana que la creaci\u00f3n de un clima centrado en el evangelio. Os digo esto a cada uno como individuo y se lo digo a toda la Congregaci\u00f3n en general. Nuestros ministerios son muy importantes, pero nuestras vidas son aun m\u00e1s importantes. Lo que hacemos por los pobres tendr\u00e1 un fuerte impacto en el futuro, pero lo que nosotros somos para los pobres, el esp\u00edritu que les comunicamos, lo que representamos para ellos es aun m\u00e1s decisivo, ayud\u00e1ndoles a tener esperanza en el futuro, a percibir que est\u00e1n siendo liberados de las amarras que les atan, a encontrar la paz en sus corazones y compartir la paz con otros.<\/p>\n<p>Y el desaf\u00edo es este: \u00bfpodemos formar comunidades locales donde la caridad evang\u00e9lica reine entre nosotros y despu\u00e9s llegue hasta los pobres; donde la verdad se halle entre nosotros con sencillez, humildad y constancia, y sea comunicada a los de fuera de la misma forma; donde compartamos nuestra oraci\u00f3n tambi\u00e9n con otros; donde nos ayudamos unos a otros y disfrutamos con otros como amigos y despu\u00e9s ofrecemos esa amistad a los pobres que nos rodean; donde nos escuchamos bien y buscamos juntos la voluntad de Dios y somos capaces de escuchar bien a los pobres y buscar la voluntad de Dios con ellos; donde nos animamos unos a otros a renunciar al placer inmediato por raz\u00f3n de fines m\u00e1s altos y somos capaces de mostrar a los que tenemos a nuestro lado con nuestras vidas cu\u00e1les son las metas m\u00e1s altas de la vida; donde seamos creativos en las expresiones de amor que son m\u00e1s duraderas que la uni\u00f3n sexual y as\u00ed demos testimonio a otros de que hay vocaciones muy importantes adem\u00e1s del matrimonio?<\/p>\n<p>Os animo hoy, hermanos m\u00edos, a ser creativos en nuestra vivencia del evangelio y a formar comunidades evang\u00e9licas. No hay mayor regalo que pod\u00e1is dar a la Iglesia y a nuestra Familia Vicenciana.<\/p>\n<p>Esas son s\u00f3lo cinco posibilidades. Desde luego hay muchas otras. John Rybolt me recordaba recientemente los otros ministerios tradicionales que son del tiempo de San Vicente, los de las prisiones y de los ejercicios. \u00bfPodemos encontrar formas creativas en el ministerio de las prisiones o en trabajar por las reforma del sistema penitenciario? Hermanos nuestros de algunos pa\u00edses ya han hecho aportaciones creativas en este sentido.<\/p>\n<p>\u00bfPodemos crear una forma espec\u00edficamente vicenciana para los ejercicios espirituales de tradici\u00f3n ignaciana?<\/p>\n<p>Ninguna otra \u00e9poca hist\u00f3rica ha conocido m\u00e1s migraciones que la nuestra. \u00bfPodemos ser creativos en ministerios y servicios para las oleadas de inmigrantes que siguen atravesando las fronteras de muchos de nuestras naciones?<\/p>\n<p>Como saben, la Familia Vicenciana universal ha lanzado un proyecto com\u00fan titulado, \u00abGlobalizaci\u00f3n de la Caridad: Lucha contra el Hambre\u00bb, comenzando el 27 de septiembre de 2001, y que terminar\u00e1 el 27 de septiembre de 2003. \u00bfPodemos anunciar esta campa\u00f1a a los seglares de las instituciones donde servimos?<\/p>\n<p>Para hacer todas estas cosas, desde luego, necesitamos no s\u00f3lo creatividad. Necesitamos movernos. Necesitamos ayudarnos unos a otros en comunidad. Necesitamos unirnos en la oraci\u00f3n para llenarnos de la vida del Se\u00f1or. Necesitamos trabajar juntos con otras ramas de la Familia Vicenciana. Movilidad, ayuda comunitaria, oraci\u00f3n, trabajo en equipo, estas son las condiciones del ministerio creativo dentro de la Congregaci\u00f3n de la Misi\u00f3n.<\/p>\n<p>Hace m\u00e1s de dos d\u00e9cadas, mucho antes de que muchos de nosotros empez\u00e1ramos a hablar del tercer milenio, una voz prof\u00e9tica pronunci\u00f3 estas palabras mientras ten\u00eda la visi\u00f3n del siglo 21:<\/p>\n<p style=\"padding-left: 30px\"><em>Ayuda,\u00a0 de vez en cuando, volver atr\u00e1s y echar un vistazo largo. El reino no est\u00e1 s\u00f3lo lejos de nuestros esfuerzos, est\u00e1 lejos de nuestra visi\u00f3n.<\/em><\/p>\n<p style=\"padding-left: 30px\"><em> Completamos en nuestra vida s\u00f3lo una peque\u00f1a porci\u00f3n de la maravillosa empresa que es la obra de Dios. Nada de lo que hacemos est\u00e1 terminado, que es otra manera de decir que el reino de Dios queda m\u00e1s all\u00e1 de nosotros. Ning\u00fan discurso dice todo lo que pudiera ser dicho. Ninguna oraci\u00f3n expresa totalmente nuestra fe. Ninguna confesi\u00f3n trae la perfecci\u00f3n, ninguna visita pastoral trae integridad. Ning\u00fan conjunto de metas y objetivos incluye todo.<\/em><\/p>\n<p style=\"padding-left: 30px\"><em> Eso es lo que somos: plantamos lo que un d\u00eda crecer\u00e1. Regamos las semillas ya plantadas sabiendo que guardan promesas futuras. Ponemos los cimientos que necesitar\u00e1n desarrollo futuro. Proporcionamos la levadura que produce efectos muy por encima de nuestra capacidad.<\/em><\/p>\n<p>Esas son las palabras de Oscar Romero, dichas poco antes de su martirio en San Salvador en 1980.<\/p>\n<p>Hermanos m\u00edos, os digo al terminar: \u00a1Id! Me gustan las palabras finales del evangelio de Marcos. Jes\u00fas, despidi\u00e9ndose de los ap\u00f3stoles, se vuelve hacia ellos y les dice: \u00abId. Id al mundo entero y predicad el Evangelio a toda criatura\u00bb.<span id='easy-footnote-11-4346' class='easy-footnote-margin-adjust'><\/span><span class='easy-footnote'><a href='http:\/\/vincentians.com\/es\/algunas-oportunidades-para-la-creatividad-en-la-congregacion-de-la-mision-hoy\/#easy-footnote-bottom-11-4346' title='Mc. 16, 15'><sup>11<\/sup><\/a><\/span>\n<p>La clave para ser misionero es movilidad. Id,\u00a0 y sed la presencia del Se\u00f1or en las vidas de los m\u00e1s abandonados. Id, y ayudadles en sus m\u00e1s profundas necesidades espirituales y humanas. Id donde el Se\u00f1or os pida. Id, id, id, y sed el signo de la paz del Se\u00f1or y de su infinito amor.<\/p>\n","protected":false},"excerpt":{"rendered":"<p>Jes\u00fas sab\u00eda que las obras son m\u00e1s poderosas que las palabras, que el ejemplo tiene m\u00e1s fuerza que los mandatos, y que los s\u00edmbolos nos conmueven m\u00e1s profundamente que los sermones. De hecho, al meditar &#8230; <a href=\"http:\/\/vincentians.com\/es\/algunas-oportunidades-para-la-creatividad-en-la-congregacion-de-la-mision-hoy\/\" class=\"more-link\">Read More<\/a><\/p>\n","protected":false},"author":4,"featured_media":57594,"comment_status":"open","ping_status":"open","sticky":false,"template":"","format":"standard","meta":{"jetpack_post_was_ever_published":false,"_jetpack_newsletter_access":"","_jetpack_dont_email_post_to_subs":false,"_jetpack_newsletter_tier_id":0,"_jetpack_memberships_contains_paywalled_content":false,"_jetpack_memberships_contains_paid_content":false,"footnotes":"","jetpack_publicize_message":"","jetpack_publicize_feature_enabled":true,"jetpack_social_post_already_shared":true,"jetpack_social_options":{"image_generator_settings":{"template":"highway","default_image_id":0,"font":"","enabled":false},"version":2}},"categories":[16],"tags":[218,195,172,143],"class_list":["post-4346","post","type-post","status-publish","format-standard","has-post-thumbnail","hentry","category-congregacion-de-la-mision","tag-abelly","tag-misioneros-seglares","tag-pobreza","tag-san-lazaro"],"yoast_head":"<!-- This site is optimized with the Yoast SEO plugin v26.3 - https:\/\/yoast.com\/wordpress\/plugins\/seo\/ -->\n<title>Algunas oportunidades para la creatividad en la Congregaci\u00f3n de la Misi\u00f3n hoy - Somos Vicencianos<\/title>\n<meta name=\"robots\" content=\"index, follow, max-snippet:-1, max-image-preview:large, max-video-preview:-1\" \/>\n<link rel=\"canonical\" href=\"http:\/\/vincentians.com\/es\/algunas-oportunidades-para-la-creatividad-en-la-congregacion-de-la-mision-hoy\/\" \/>\n<meta property=\"og:locale\" content=\"es_ES\" \/>\n<meta property=\"og:type\" content=\"article\" \/>\n<meta property=\"og:title\" content=\"Algunas oportunidades para la creatividad en la Congregaci\u00f3n de la Misi\u00f3n hoy - Somos Vicencianos\" \/>\n<meta property=\"og:description\" content=\"Jes\u00fas sab\u00eda que las obras son m\u00e1s poderosas que las palabras, que el ejemplo tiene m\u00e1s fuerza que los mandatos, y que los s\u00edmbolos nos conmueven m\u00e1s profundamente que los sermones. De hecho, al meditar ... Read More\" \/>\n<meta property=\"og:url\" content=\"http:\/\/vincentians.com\/es\/algunas-oportunidades-para-la-creatividad-en-la-congregacion-de-la-mision-hoy\/\" \/>\n<meta property=\"og:site_name\" content=\"Somos Vicencianos\" \/>\n<meta property=\"article:publisher\" content=\"https:\/\/www.facebook.com\/WeAreVincentians\/\" \/>\n<meta property=\"article:author\" content=\"https:\/\/www.facebook.com\/JavierChento\" \/>\n<meta property=\"article:published_time\" content=\"2015-02-03T00:12:51+00:00\" \/>\n<meta property=\"article:modified_time\" content=\"2016-07-26T07:44:30+00:00\" \/>\n<meta name=\"author\" content=\"Francisco Javier Fern\u00e1ndez Chento\" \/>\n<meta name=\"twitter:card\" content=\"summary_large_image\" \/>\n<meta name=\"twitter:creator\" content=\"@https:\/\/twitter.com\/javierchento\" \/>\n<meta name=\"twitter:site\" content=\"@WeVincentians\" \/>\n<meta name=\"twitter:label1\" content=\"Escrito por\" \/>\n\t<meta name=\"twitter:data1\" content=\"Francisco Javier Fern\u00e1ndez Chento\" \/>\n\t<meta name=\"twitter:label2\" content=\"Tiempo de lectura\" \/>\n\t<meta name=\"twitter:data2\" content=\"20 minutos\" \/>\n<script type=\"application\/ld+json\" class=\"yoast-schema-graph\">{\"@context\":\"https:\/\/schema.org\",\"@graph\":[{\"@type\":\"Article\",\"@id\":\"http:\/\/vincentians.com\/es\/algunas-oportunidades-para-la-creatividad-en-la-congregacion-de-la-mision-hoy\/#article\",\"isPartOf\":{\"@id\":\"http:\/\/vincentians.com\/es\/algunas-oportunidades-para-la-creatividad-en-la-congregacion-de-la-mision-hoy\/\"},\"author\":{\"name\":\"Francisco Javier Fern\u00e1ndez Chento\",\"@id\":\"http:\/\/vincentians.com\/es\/#\/schema\/person\/9623ef4d9aa3b2dfb8c061f1499288f2\"},\"headline\":\"Algunas oportunidades para la creatividad en la Congregaci\u00f3n de la Misi\u00f3n hoy\",\"datePublished\":\"2015-02-03T00:12:51+00:00\",\"dateModified\":\"2016-07-26T07:44:30+00:00\",\"mainEntityOfPage\":{\"@id\":\"http:\/\/vincentians.com\/es\/algunas-oportunidades-para-la-creatividad-en-la-congregacion-de-la-mision-hoy\/\"},\"wordCount\":4088,\"commentCount\":0,\"publisher\":{\"@id\":\"http:\/\/vincentians.com\/es\/#organization\"},\"image\":{\"@id\":\"http:\/\/vincentians.com\/es\/algunas-oportunidades-para-la-creatividad-en-la-congregacion-de-la-mision-hoy\/#primaryimage\"},\"thumbnailUrl\":\"\",\"keywords\":[\"Abelly\",\"Misioneros Seglares\",\"Pobreza\",\"San L\u00e1zaro\"],\"articleSection\":[\"Congregaci\u00f3n de la Misi\u00f3n\"],\"inLanguage\":\"es\",\"potentialAction\":[{\"@type\":\"CommentAction\",\"name\":\"Comment\",\"target\":[\"http:\/\/vincentians.com\/es\/algunas-oportunidades-para-la-creatividad-en-la-congregacion-de-la-mision-hoy\/#respond\"]}]},{\"@type\":\"WebPage\",\"@id\":\"http:\/\/vincentians.com\/es\/algunas-oportunidades-para-la-creatividad-en-la-congregacion-de-la-mision-hoy\/\",\"url\":\"http:\/\/vincentians.com\/es\/algunas-oportunidades-para-la-creatividad-en-la-congregacion-de-la-mision-hoy\/\",\"name\":\"Algunas oportunidades para la creatividad en la Congregaci\u00f3n de la Misi\u00f3n hoy - Somos Vicencianos\",\"isPartOf\":{\"@id\":\"http:\/\/vincentians.com\/es\/#website\"},\"primaryImageOfPage\":{\"@id\":\"http:\/\/vincentians.com\/es\/algunas-oportunidades-para-la-creatividad-en-la-congregacion-de-la-mision-hoy\/#primaryimage\"},\"image\":{\"@id\":\"http:\/\/vincentians.com\/es\/algunas-oportunidades-para-la-creatividad-en-la-congregacion-de-la-mision-hoy\/#primaryimage\"},\"thumbnailUrl\":\"\",\"datePublished\":\"2015-02-03T00:12:51+00:00\",\"dateModified\":\"2016-07-26T07:44:30+00:00\",\"breadcrumb\":{\"@id\":\"http:\/\/vincentians.com\/es\/algunas-oportunidades-para-la-creatividad-en-la-congregacion-de-la-mision-hoy\/#breadcrumb\"},\"inLanguage\":\"es\",\"potentialAction\":[{\"@type\":\"ReadAction\",\"target\":[\"http:\/\/vincentians.com\/es\/algunas-oportunidades-para-la-creatividad-en-la-congregacion-de-la-mision-hoy\/\"]}]},{\"@type\":\"ImageObject\",\"inLanguage\":\"es\",\"@id\":\"http:\/\/vincentians.com\/es\/algunas-oportunidades-para-la-creatividad-en-la-congregacion-de-la-mision-hoy\/#primaryimage\",\"url\":\"\",\"contentUrl\":\"\"},{\"@type\":\"BreadcrumbList\",\"@id\":\"http:\/\/vincentians.com\/es\/algunas-oportunidades-para-la-creatividad-en-la-congregacion-de-la-mision-hoy\/#breadcrumb\",\"itemListElement\":[{\"@type\":\"ListItem\",\"position\":1,\"name\":\"Portada\",\"item\":\"http:\/\/vincentians.com\/es\/\"},{\"@type\":\"ListItem\",\"position\":2,\"name\":\"Algunas oportunidades para la creatividad en la Congregaci\u00f3n de la Misi\u00f3n hoy\"}]},{\"@type\":\"WebSite\",\"@id\":\"http:\/\/vincentians.com\/es\/#website\",\"url\":\"http:\/\/vincentians.com\/es\/\",\"name\":\"Somos Vicencianos\",\"description\":\"Know more to serve more\",\"publisher\":{\"@id\":\"http:\/\/vincentians.com\/es\/#organization\"},\"potentialAction\":[{\"@type\":\"SearchAction\",\"target\":{\"@type\":\"EntryPoint\",\"urlTemplate\":\"http:\/\/vincentians.com\/es\/?s={search_term_string}\"},\"query-input\":{\"@type\":\"PropertyValueSpecification\",\"valueRequired\":true,\"valueName\":\"search_term_string\"}}],\"inLanguage\":\"es\"},{\"@type\":\"Organization\",\"@id\":\"http:\/\/vincentians.com\/es\/#organization\",\"name\":\"The Vincentian Network\",\"url\":\"http:\/\/vincentians.com\/es\/\",\"logo\":{\"@type\":\"ImageObject\",\"inLanguage\":\"es\",\"@id\":\"http:\/\/vincentians.com\/es\/#\/schema\/logo\/image\/\",\"url\":\"https:\/\/i1.wp.com\/vincentians.com\/es\/wp-content\/uploads\/sites\/11\/2016\/06\/Vincentian-Network-logo-big.png?fit=778%2C778\",\"contentUrl\":\"https:\/\/i1.wp.com\/vincentians.com\/es\/wp-content\/uploads\/sites\/11\/2016\/06\/Vincentian-Network-logo-big.png?fit=778%2C778\",\"width\":778,\"height\":778,\"caption\":\"The Vincentian Network\"},\"image\":{\"@id\":\"http:\/\/vincentians.com\/es\/#\/schema\/logo\/image\/\"},\"sameAs\":[\"https:\/\/www.facebook.com\/WeAreVincentians\/\",\"https:\/\/x.com\/WeVincentians\"]},{\"@type\":\"Person\",\"@id\":\"http:\/\/vincentians.com\/es\/#\/schema\/person\/9623ef4d9aa3b2dfb8c061f1499288f2\",\"name\":\"Francisco Javier Fern\u00e1ndez Chento\",\"image\":{\"@type\":\"ImageObject\",\"inLanguage\":\"es\",\"@id\":\"http:\/\/vincentians.com\/es\/#\/schema\/person\/image\/\",\"url\":\"https:\/\/secure.gravatar.com\/avatar\/497d5cde87b4c3d097d0315953521681ba2cd523ee66e5077c3711f7021e65de?s=96&d=mm&r=g\",\"contentUrl\":\"https:\/\/secure.gravatar.com\/avatar\/497d5cde87b4c3d097d0315953521681ba2cd523ee66e5077c3711f7021e65de?s=96&d=mm&r=g\",\"caption\":\"Francisco Javier Fern\u00e1ndez Chento\"},\"description\":\"Director General y cofundador de La Red de Formaci\u00f3n Vicenciana. Javier es laico vicenciano, afiliado a la Congregaci\u00f3n de la Misi\u00f3n y miembro del Equipo de Misiones Populares de la provincia can\u00f3nica de Zaragoza (Espa\u00f1a) de la Congregaci\u00f3n de la Misi\u00f3n. Graduado en la Universidad Oberta de Catalunya con cuatro grados (Asistente de direcci\u00f3n, Gesti\u00f3n Administrativa, Recursos Humanos y Contabilidad Avanzada). Bil\u00edng\u00fce Espa\u00f1ol\/Ingl\u00e9s. gestiona y mantiene varias p\u00e1ginas web cristianas y vicencianas, incluida including La Red de Formaci\u00f3n Vicenciana, de la que es cofundador. Actualmente es responsable del \u00e1rea de Espa\u00f1ol de .famvin, la Red de Noticias de la Familia Vicenciana. Tambi\u00e9n es m\u00fasico cat\u00f3lico y ha editado varios discos. Es Director General y cofundador de Trovador, una reconocida compa\u00f1\u00eda discogr\u00e1fica critiana de Espa\u00f1a. Trabaja en las Tecnolog\u00edas de la Informaci\u00f3n, ofreciendo servicios de alojamiento, dise\u00f1o y mantenimiento Web, as\u00ed como asesoramiento, formaci\u00f3n y soluciones inform\u00e1ticas, gesti\u00f3n documental y digitalizaci\u00f3n de textos, edici\u00f3n y maquetaci\u00f3n de libros, revistas, flyers, etc.\",\"sameAs\":[\"http:\/\/chento.org\",\"https:\/\/www.facebook.com\/JavierChento\",\"https:\/\/x.com\/https:\/\/twitter.com\/javierchento\"],\"url\":\"http:\/\/vincentians.com\/es\/author\/chento\/\"}]}<\/script>\n<!-- \/ Yoast SEO plugin. -->","yoast_head_json":{"title":"Algunas oportunidades para la creatividad en la Congregaci\u00f3n de la Misi\u00f3n hoy - Somos Vicencianos","robots":{"index":"index","follow":"follow","max-snippet":"max-snippet:-1","max-image-preview":"max-image-preview:large","max-video-preview":"max-video-preview:-1"},"canonical":"http:\/\/vincentians.com\/es\/algunas-oportunidades-para-la-creatividad-en-la-congregacion-de-la-mision-hoy\/","og_locale":"es_ES","og_type":"article","og_title":"Algunas oportunidades para la creatividad en la Congregaci\u00f3n de la Misi\u00f3n hoy - Somos Vicencianos","og_description":"Jes\u00fas sab\u00eda que las obras son m\u00e1s poderosas que las palabras, que el ejemplo tiene m\u00e1s fuerza que los mandatos, y que los s\u00edmbolos nos conmueven m\u00e1s profundamente que los sermones. De hecho, al meditar ... Read More","og_url":"http:\/\/vincentians.com\/es\/algunas-oportunidades-para-la-creatividad-en-la-congregacion-de-la-mision-hoy\/","og_site_name":"Somos Vicencianos","article_publisher":"https:\/\/www.facebook.com\/WeAreVincentians\/","article_author":"https:\/\/www.facebook.com\/JavierChento","article_published_time":"2015-02-03T00:12:51+00:00","article_modified_time":"2016-07-26T07:44:30+00:00","author":"Francisco Javier Fern\u00e1ndez Chento","twitter_card":"summary_large_image","twitter_creator":"@https:\/\/twitter.com\/javierchento","twitter_site":"@WeVincentians","twitter_misc":{"Escrito por":"Francisco Javier Fern\u00e1ndez Chento","Tiempo de lectura":"20 minutos"},"schema":{"@context":"https:\/\/schema.org","@graph":[{"@type":"Article","@id":"http:\/\/vincentians.com\/es\/algunas-oportunidades-para-la-creatividad-en-la-congregacion-de-la-mision-hoy\/#article","isPartOf":{"@id":"http:\/\/vincentians.com\/es\/algunas-oportunidades-para-la-creatividad-en-la-congregacion-de-la-mision-hoy\/"},"author":{"name":"Francisco Javier Fern\u00e1ndez Chento","@id":"http:\/\/vincentians.com\/es\/#\/schema\/person\/9623ef4d9aa3b2dfb8c061f1499288f2"},"headline":"Algunas oportunidades para la creatividad en la Congregaci\u00f3n de la Misi\u00f3n hoy","datePublished":"2015-02-03T00:12:51+00:00","dateModified":"2016-07-26T07:44:30+00:00","mainEntityOfPage":{"@id":"http:\/\/vincentians.com\/es\/algunas-oportunidades-para-la-creatividad-en-la-congregacion-de-la-mision-hoy\/"},"wordCount":4088,"commentCount":0,"publisher":{"@id":"http:\/\/vincentians.com\/es\/#organization"},"image":{"@id":"http:\/\/vincentians.com\/es\/algunas-oportunidades-para-la-creatividad-en-la-congregacion-de-la-mision-hoy\/#primaryimage"},"thumbnailUrl":"","keywords":["Abelly","Misioneros Seglares","Pobreza","San L\u00e1zaro"],"articleSection":["Congregaci\u00f3n de la Misi\u00f3n"],"inLanguage":"es","potentialAction":[{"@type":"CommentAction","name":"Comment","target":["http:\/\/vincentians.com\/es\/algunas-oportunidades-para-la-creatividad-en-la-congregacion-de-la-mision-hoy\/#respond"]}]},{"@type":"WebPage","@id":"http:\/\/vincentians.com\/es\/algunas-oportunidades-para-la-creatividad-en-la-congregacion-de-la-mision-hoy\/","url":"http:\/\/vincentians.com\/es\/algunas-oportunidades-para-la-creatividad-en-la-congregacion-de-la-mision-hoy\/","name":"Algunas oportunidades para la creatividad en la Congregaci\u00f3n de la Misi\u00f3n hoy - Somos Vicencianos","isPartOf":{"@id":"http:\/\/vincentians.com\/es\/#website"},"primaryImageOfPage":{"@id":"http:\/\/vincentians.com\/es\/algunas-oportunidades-para-la-creatividad-en-la-congregacion-de-la-mision-hoy\/#primaryimage"},"image":{"@id":"http:\/\/vincentians.com\/es\/algunas-oportunidades-para-la-creatividad-en-la-congregacion-de-la-mision-hoy\/#primaryimage"},"thumbnailUrl":"","datePublished":"2015-02-03T00:12:51+00:00","dateModified":"2016-07-26T07:44:30+00:00","breadcrumb":{"@id":"http:\/\/vincentians.com\/es\/algunas-oportunidades-para-la-creatividad-en-la-congregacion-de-la-mision-hoy\/#breadcrumb"},"inLanguage":"es","potentialAction":[{"@type":"ReadAction","target":["http:\/\/vincentians.com\/es\/algunas-oportunidades-para-la-creatividad-en-la-congregacion-de-la-mision-hoy\/"]}]},{"@type":"ImageObject","inLanguage":"es","@id":"http:\/\/vincentians.com\/es\/algunas-oportunidades-para-la-creatividad-en-la-congregacion-de-la-mision-hoy\/#primaryimage","url":"","contentUrl":""},{"@type":"BreadcrumbList","@id":"http:\/\/vincentians.com\/es\/algunas-oportunidades-para-la-creatividad-en-la-congregacion-de-la-mision-hoy\/#breadcrumb","itemListElement":[{"@type":"ListItem","position":1,"name":"Portada","item":"http:\/\/vincentians.com\/es\/"},{"@type":"ListItem","position":2,"name":"Algunas oportunidades para la creatividad en la Congregaci\u00f3n de la Misi\u00f3n hoy"}]},{"@type":"WebSite","@id":"http:\/\/vincentians.com\/es\/#website","url":"http:\/\/vincentians.com\/es\/","name":"Somos Vicencianos","description":"Know more to serve more","publisher":{"@id":"http:\/\/vincentians.com\/es\/#organization"},"potentialAction":[{"@type":"SearchAction","target":{"@type":"EntryPoint","urlTemplate":"http:\/\/vincentians.com\/es\/?s={search_term_string}"},"query-input":{"@type":"PropertyValueSpecification","valueRequired":true,"valueName":"search_term_string"}}],"inLanguage":"es"},{"@type":"Organization","@id":"http:\/\/vincentians.com\/es\/#organization","name":"The Vincentian Network","url":"http:\/\/vincentians.com\/es\/","logo":{"@type":"ImageObject","inLanguage":"es","@id":"http:\/\/vincentians.com\/es\/#\/schema\/logo\/image\/","url":"https:\/\/i1.wp.com\/vincentians.com\/es\/wp-content\/uploads\/sites\/11\/2016\/06\/Vincentian-Network-logo-big.png?fit=778%2C778","contentUrl":"https:\/\/i1.wp.com\/vincentians.com\/es\/wp-content\/uploads\/sites\/11\/2016\/06\/Vincentian-Network-logo-big.png?fit=778%2C778","width":778,"height":778,"caption":"The Vincentian Network"},"image":{"@id":"http:\/\/vincentians.com\/es\/#\/schema\/logo\/image\/"},"sameAs":["https:\/\/www.facebook.com\/WeAreVincentians\/","https:\/\/x.com\/WeVincentians"]},{"@type":"Person","@id":"http:\/\/vincentians.com\/es\/#\/schema\/person\/9623ef4d9aa3b2dfb8c061f1499288f2","name":"Francisco Javier Fern\u00e1ndez Chento","image":{"@type":"ImageObject","inLanguage":"es","@id":"http:\/\/vincentians.com\/es\/#\/schema\/person\/image\/","url":"https:\/\/secure.gravatar.com\/avatar\/497d5cde87b4c3d097d0315953521681ba2cd523ee66e5077c3711f7021e65de?s=96&d=mm&r=g","contentUrl":"https:\/\/secure.gravatar.com\/avatar\/497d5cde87b4c3d097d0315953521681ba2cd523ee66e5077c3711f7021e65de?s=96&d=mm&r=g","caption":"Francisco Javier Fern\u00e1ndez Chento"},"description":"Director General y cofundador de La Red de Formaci\u00f3n Vicenciana. Javier es laico vicenciano, afiliado a la Congregaci\u00f3n de la Misi\u00f3n y miembro del Equipo de Misiones Populares de la provincia can\u00f3nica de Zaragoza (Espa\u00f1a) de la Congregaci\u00f3n de la Misi\u00f3n. Graduado en la Universidad Oberta de Catalunya con cuatro grados (Asistente de direcci\u00f3n, Gesti\u00f3n Administrativa, Recursos Humanos y Contabilidad Avanzada). Bil\u00edng\u00fce Espa\u00f1ol\/Ingl\u00e9s. gestiona y mantiene varias p\u00e1ginas web cristianas y vicencianas, incluida including La Red de Formaci\u00f3n Vicenciana, de la que es cofundador. Actualmente es responsable del \u00e1rea de Espa\u00f1ol de .famvin, la Red de Noticias de la Familia Vicenciana. Tambi\u00e9n es m\u00fasico cat\u00f3lico y ha editado varios discos. Es Director General y cofundador de Trovador, una reconocida compa\u00f1\u00eda discogr\u00e1fica critiana de Espa\u00f1a. Trabaja en las Tecnolog\u00edas de la Informaci\u00f3n, ofreciendo servicios de alojamiento, dise\u00f1o y mantenimiento Web, as\u00ed como asesoramiento, formaci\u00f3n y soluciones inform\u00e1ticas, gesti\u00f3n documental y digitalizaci\u00f3n de textos, edici\u00f3n y maquetaci\u00f3n de libros, revistas, flyers, etc.","sameAs":["http:\/\/chento.org","https:\/\/www.facebook.com\/JavierChento","https:\/\/x.com\/https:\/\/twitter.com\/javierchento"],"url":"http:\/\/vincentians.com\/es\/author\/chento\/"}]}},"jetpack_publicize_connections":[],"jetpack_featured_media_url":"","jetpack_sharing_enabled":true,"jetpack_shortlink":"https:\/\/wp.me\/p7ETMF-186","jetpack-related-posts":[{"id":130675,"url":"http:\/\/vincentians.com\/es\/el-cristo-de-vicente-de-paul-i\/","url_meta":{"origin":4346,"position":0},"title":"El Cristo de Vicente de Pa\u00fal (I)","author":"Francisco Javier Fern\u00e1ndez Chento","date":"12\/06\/2014","format":false,"excerpt":"Caminemos con confianza por este camino real en el que Jesucristo ser\u00e1 nuestro mentor y nuestro gu\u00eda. (Abelly, BI, 248). En la producci\u00f3n teol\u00f3gica reciente existe una corriente s\u00f3lida que destaca la importancia de los santos como fuente de teolog\u00eda'. Esta corriente se\u00f1ala con fuerza que los santos liberan a\u2026","rel":"","context":"En \u00abFormaci\u00f3n Vicenciana\u00bb","block_context":{"text":"Formaci\u00f3n Vicenciana","link":"http:\/\/vincentians.com\/es\/category\/formacion-vicenciana\/"},"img":{"alt_text":"dibujo-diaconado","src":"https:\/\/i0.wp.com\/vicencianos.org\/wp-content\/2013\/11\/dibujo-diaconado.jpg?resize=350%2C200","width":350,"height":200},"classes":[]},{"id":136623,"url":"http:\/\/vincentians.com\/es\/399-anos-de-andadura-evangelizando-a-los-pobres\/","url_meta":{"origin":4346,"position":1},"title":"399 a\u00f1os de andadura evangelizando a los pobres","author":"Francisco Javier Fern\u00e1ndez Chento","date":"25\/01\/2016","format":false,"excerpt":"El d\u00eda 25 de enero el peque\u00f1o grupo de misioneros que logr\u00f3 reunir San Vicente cumple 399 a\u00f1os de andadura evangelizando a los pobres por todos los rincones de la tierra, hasta por los impensables e imposibles, como Madagascar, mientras el mismo Vicente dirig\u00eda la compa\u00f1\u00eda. As\u00ed pues, padres y\u2026","rel":"","context":"En \u00abCongregaci\u00f3n de la Misi\u00f3n\u00bb","block_context":{"text":"Congregaci\u00f3n de la Misi\u00f3n","link":"http:\/\/vincentians.com\/es\/category\/la-familia-vicenciana\/ramas\/congregacion-de-la-mision\/"},"img":{"alt_text":"cm","src":"https:\/\/i0.wp.com\/vicencianos.org\/wp-content\/uploads\/2016\/01\/cm-1024x700.jpg?resize=350%2C200","width":350,"height":200,"srcset":"https:\/\/i0.wp.com\/vicencianos.org\/wp-content\/uploads\/2016\/01\/cm-1024x700.jpg?resize=350%2C200 1x, https:\/\/i0.wp.com\/vicencianos.org\/wp-content\/uploads\/2016\/01\/cm-1024x700.jpg?resize=525%2C300 1.5x, https:\/\/i0.wp.com\/vicencianos.org\/wp-content\/uploads\/2016\/01\/cm-1024x700.jpg?resize=700%2C400 2x"},"classes":[]},{"id":131328,"url":"http:\/\/vincentians.com\/es\/descubridores-de-nuevos-caminos\/","url_meta":{"origin":4346,"position":2},"title":"Descubridores de nuevos caminos","author":"Francisco Javier Fern\u00e1ndez Chento","date":"06\/02\/2015","format":false,"excerpt":"\"No apagu\u00e9is el esp\u00edritu, no teng\u00e1is en poco los mensajes inspirados; pero examinadlo todo, retener lo que haya de bueno y manteneos lejos de toda clase de mal\". (II Tes 5,19-22). \"Supuesto este fin, la Congregaci\u00f3n de la Misi\u00f3n, atendiendo siempre al Evangelio, a los signos de los tiempos y\u2026","rel":"","context":"En \u00abEspiritualidad vicenciana\u00bb","block_context":{"text":"Espiritualidad vicenciana","link":"http:\/\/vincentians.com\/es\/category\/espiritualidad\/espiritualidad-vicenciana\/"},"img":{"alt_text":"nuevos caminos","src":"https:\/\/i0.wp.com\/vicencianos.org\/wp-content\/2014\/09\/nuevos-caminos-300x223.jpg?resize=350%2C200","width":350,"height":200},"classes":[]},{"id":119421,"url":"http:\/\/vincentians.com\/es\/la-espiritualidad-de-san-vicente\/","url_meta":{"origin":4346,"position":3},"title":"La espiritualidad de san Vicente","author":"Francisco Javier Fern\u00e1ndez Chento","date":"25\/02\/2015","format":false,"excerpt":"Introducci\u00f3n En \"San Vicente y la Caridad\", Andr\u00e9 Dodin muestra bien la inutilidad de la empresa, que consistir\u00eda en intentar definir la doctrina espiritual de san Vicente, y demuestra que no pod\u00eda tratarse m\u00e1s que de una doctrina en una vida. Es pues, siguiendo la vida de san Vicente, analizando\u2026","rel":"","context":"En \u00abEspiritualidad vicenciana\u00bb","block_context":{"text":"Espiritualidad vicenciana","link":"http:\/\/vincentians.com\/es\/category\/espiritualidad\/espiritualidad-vicenciana\/"},"img":{"alt_text":"nddm_vincent1","src":"https:\/\/i0.wp.com\/vicencianos.org\/wp-content\/2011\/03\/nddm_vincent1-300x242.jpg?resize=350%2C200","width":350,"height":200},"classes":[]},{"id":130867,"url":"http:\/\/vincentians.com\/es\/el-camino-de-san-vicente-fin-de-la-congregacion-de-la-mision\/","url_meta":{"origin":4346,"position":4},"title":"El camino de San Vicente: Fin de la Congregaci\u00f3n de la Misi\u00f3n","author":"Francisco Javier Fern\u00e1ndez Chento","date":"07\/02\/2015","format":false,"excerpt":"Hermano m\u00edo, cuando entres en la compa\u00f1\u00eda de san Vicente intenta comprender bien su fin y trata de hacerlo tuyo: seguir a Cristo evangelizador de los pobres. Medita su significado. Advierte que el fin de la congregaci\u00f3n no reside en las meras obras, como dar misiones o ense\u00f1ar en seminarios,\u2026","rel":"","context":"En \u00abEspiritualidad vicenciana\u00bb","block_context":{"text":"Espiritualidad vicenciana","link":"http:\/\/vincentians.com\/es\/category\/espiritualidad\/espiritualidad-vicenciana\/"},"img":{"alt_text":"mapas_cm","src":"https:\/\/i0.wp.com\/vicencianos.org\/wp-content\/2014\/07\/mapas_cm.jpg?resize=350%2C200","width":350,"height":200,"srcset":"https:\/\/i0.wp.com\/vicencianos.org\/wp-content\/2014\/07\/mapas_cm.jpg?resize=350%2C200 1x, https:\/\/i0.wp.com\/vicencianos.org\/wp-content\/2014\/07\/mapas_cm.jpg?resize=525%2C300 1.5x, https:\/\/i0.wp.com\/vicencianos.org\/wp-content\/2014\/07\/mapas_cm.jpg?resize=700%2C400 2x"},"classes":[]},{"id":399977,"url":"http:\/\/vincentians.com\/es\/espiritu-vicenciano-e-identidad\/","url_meta":{"origin":4346,"position":5},"title":"Esp\u00edritu vicenciano e identidad","author":"Francisco Javier Fern\u00e1ndez Chento","date":"11\/09\/2016","format":false,"excerpt":"Introducci\u00f3n Al comenzar esta reflexi\u00f3n viene a mi mente la memoria de un he\u00adcho notorio en mi vida: la expedici\u00f3n de mi carnet de identidad. Ten\u00eda 16 a\u00f1os. Mi estatura era casi la actual. Los rasgos de mi personalidad, tipo y aspecto exterior estaban ya bastante perfilados... La mayor\u00eda de\u2026","rel":"","context":"En \u00abEspiritualidad vicenciana\u00bb","block_context":{"text":"Espiritualidad vicenciana","link":"http:\/\/vincentians.com\/es\/category\/espiritualidad\/espiritualidad-vicenciana\/"},"img":{"alt_text":"","src":"https:\/\/i0.wp.com\/vincentians.com\/es\/wp-content\/uploads\/sites\/11\/2016\/09\/identidad.jpg?fit=1200%2C630&resize=350%2C200","width":350,"height":200,"srcset":"https:\/\/i0.wp.com\/vincentians.com\/es\/wp-content\/uploads\/sites\/11\/2016\/09\/identidad.jpg?fit=1200%2C630&resize=350%2C200 1x, https:\/\/i0.wp.com\/vincentians.com\/es\/wp-content\/uploads\/sites\/11\/2016\/09\/identidad.jpg?fit=1200%2C630&resize=525%2C300 1.5x, https:\/\/i0.wp.com\/vincentians.com\/es\/wp-content\/uploads\/sites\/11\/2016\/09\/identidad.jpg?fit=1200%2C630&resize=700%2C400 2x, https:\/\/i0.wp.com\/vincentians.com\/es\/wp-content\/uploads\/sites\/11\/2016\/09\/identidad.jpg?fit=1200%2C630&resize=1050%2C600 3x"},"classes":[]}],"_links":{"self":[{"href":"http:\/\/vincentians.com\/es\/wp-json\/wp\/v2\/posts\/4346","targetHints":{"allow":["GET"]}}],"collection":[{"href":"http:\/\/vincentians.com\/es\/wp-json\/wp\/v2\/posts"}],"about":[{"href":"http:\/\/vincentians.com\/es\/wp-json\/wp\/v2\/types\/post"}],"author":[{"embeddable":true,"href":"http:\/\/vincentians.com\/es\/wp-json\/wp\/v2\/users\/4"}],"replies":[{"embeddable":true,"href":"http:\/\/vincentians.com\/es\/wp-json\/wp\/v2\/comments?post=4346"}],"version-history":[{"count":0,"href":"http:\/\/vincentians.com\/es\/wp-json\/wp\/v2\/posts\/4346\/revisions"}],"wp:featuredmedia":[{"embeddable":true,"href":"http:\/\/vincentians.com\/es\/wp-json\/"}],"wp:attachment":[{"href":"http:\/\/vincentians.com\/es\/wp-json\/wp\/v2\/media?parent=4346"}],"wp:term":[{"taxonomy":"category","embeddable":true,"href":"http:\/\/vincentians.com\/es\/wp-json\/wp\/v2\/categories?post=4346"},{"taxonomy":"post_tag","embeddable":true,"href":"http:\/\/vincentians.com\/es\/wp-json\/wp\/v2\/tags?post=4346"}],"curies":[{"name":"wp","href":"https:\/\/api.w.org\/{rel}","templated":true}]}}