{"id":43210,"date":"2011-06-21T02:29:59","date_gmt":"2011-06-21T00:29:59","guid":{"rendered":"http:\/\/somos.vicencianos.org\/blog\/2011\/06\/triduo-para-celebrar-la-beatificacion-de-sor-margarita-rutan-segundo-dia\/"},"modified":"2011-06-21T02:29:59","modified_gmt":"2011-06-21T00:29:59","slug":"triduo-para-celebrar-la-beatificacion-de-sor-margarita-rutan-segundo-dia","status":"publish","type":"post","link":"http:\/\/vincentians.com\/es\/triduo-para-celebrar-la-beatificacion-de-sor-margarita-rutan-segundo-dia\/","title":{"rendered":"Triduo para celebrar la beatificaci\u00f3n de sor Margarita Rutan (Segundo d\u00eda)"},"content":{"rendered":"<dl id=\"attachment_41778\" class=\"wp-caption alignright\" style=\"width: 220px\">\n<dt class=\"wp-caption-dt\"><a href=\"https:\/\/i0.wp.com\/vicencianos.org\/wp-content\/2011\/06\/rutan.jpg\"><img data-recalc-dims=\"1\" loading=\"lazy\" decoding=\"async\" class=\"size-medium wp-image-41778\" title=\"Margarita Rutan, H.C.\" src=\"https:\/\/i0.wp.com\/vicencianos.org\/wp-content\/2011\/06\/rutan-210x300.jpg?resize=210%2C300\" alt=\"Margarita Rutan, H.C.\" width=\"210\" height=\"300\" \/><\/a><\/dt>\n<dd class=\"wp-caption-dd\">Margarita Rutan, H.C.<\/dd>\n<\/dl>\n<p><strong>Segundo d\u00eda: <em>Oremos para que nuestra d<\/em><\/strong><strong><em>onaci\u00f3n a Dios y a los Pobres sea cada d\u00eda tal y como San Vicente y Santa Luisa lo so\u00f1aron y nuestras primeras hermanas lo vivieron<\/em><\/strong><strong><em>.<\/em><\/strong><\/p>\n<p><strong><em>S\u00cdMBOLO: ROSTRO DE<\/em><\/strong><strong><em> LAS DIFERENTES POBREZAS O FORMAS DE SERVICIO. <\/em><\/strong><\/p>\n<p><strong><em>MOTIVACI\u00d3N: <\/em><\/strong><strong><em>\u00ab\u00bfRecuerdan a nuestras queridas hermanas que descansan en Dios? \u00a1C\u00f3mo hablaban a sus enfermos y hasta a sus mismas hermanas! No hay ninguna que no lo haya hecho as\u00ed. Se les ha visto servir a los enfermos con caridad, hablarles con dulzura y humildad. Hermanas m\u00edas, acu\u00e9rdense de ellas\u2026entregu\u00e9monos a Dios para obrar de esta manera y pidamos a nuestras hermanas que gozan de la bienaventuranza del cielo que le pidan para nosotros esta gracia\u2026\u00bb San Vicente.<\/em><\/strong><\/p>\n<p><strong><em>CANTO INICIAL:<\/em><\/strong><\/p>\n<p><em>Vicentina que amas la vida,<br \/>\nvas en busca del Dios que te am\u00f3,<br \/>\nCada pobre una puerta que se abre<br \/>\npara entrar en la gracia de Dios.<\/em><\/p>\n<p><em>Por vestido tendr\u00e9 la pobreza,<br \/>\ny mi manto ser\u00e1 el cielo azul,<br \/>\nel cari\u00f1o de Dios que me cubre,<br \/>\nque me cuida y que me hace vivir.<br \/>\nMi cobijo ser\u00e1 el trabajar,<\/em><em><br \/>\ny ofrecer el cari\u00f1o de Dios,<br \/>\ncada pobre sanada, amada,<br \/>\ngracia nueva, nuevo amanecer.<\/em><\/p>\n<p><em>Cada paso al frente en la tierra<br \/>\nmujer libre que viene a anunciar,<br \/>\nla noticia de un Dios que ha venido<br \/>\na buscar en los pobres su hogar.<br \/>\nMi oraci\u00f3n, mi alimento y mi vida,<br \/>\nser\u00e1 el bien que te d\u00e9 plenitud,<br \/>\nvida digna, fecunda, en gracia,<br \/>\ncercan\u00eda al coraz\u00f3n del Se\u00f1or.<\/em><\/p>\n<p><em>Cada pobre que sufre me llama,<br \/>\nsus dolencias ser\u00e1n mi dolor,<br \/>\nsu reclamo, la voz que nos gu\u00ede<br \/>\na encontrar el clamor del Se\u00f1or.<br \/>\nVivir\u00e9 anunciando la vida,<br \/>\nbuscar\u00e9 la justicia y la paz,<br \/>\nque haya pan en la mesa del pobre,<br \/>\ndignidad en su casa y su hogar.<\/em><\/p>\n<p><strong><em>PARA LA REFLEXI\u00d3N<\/em><\/strong><\/p>\n<p><strong><em>Su vida de Hija de la Caridad:<\/em><\/strong><em>El 23 de abril de 1757, a los 21 a\u00f1os Margarita Rut\u00e1n comienza su Seminario en la Casa Madre de Par\u00eds. El s\u00ed que pronuncia, la impulsa hacia la entrega total a Dios, en Comunidad, para el servicio de los pobres, con un esp\u00edritu de humildad, sencillez y caridad. A lo largo de su vida de Hija de la Caridad, al responder a las diferentes misiones que se le conf\u00eden, Sor Margarita podr\u00e1 desplegar su rectitud, su fe, su fuerza de voluntad y su don de organizaci\u00f3n desde su temperamento inclinado a la acci\u00f3n. <\/em><\/p>\n<p><em>El 3 de octubre de 1793, una nueva ley obliga a todas las mujeres de las \u00d3rdenes religiosas a prestar el juramento de Libertad e igualdad, bajo pena de renovaci\u00f3n. Sor Rut\u00e1n se niega en\u00e9rgicamente a ello. Ni las amenazas, ni las promesas son capaces de doblegar su resoluci\u00f3n. Exhorta a sus hermanas a hacer lo mismo y las anima a los mayores sacrificios: la \u00fanica libertad consiste en amar y preocuparse de los pobres; las Hermanas continuar\u00e1n pues sirviendo a los enfermos con una abnegaci\u00f3n a toda prueba y un valor inquebrantable.<\/em><\/p>\n<p><strong><em>Constituci\u00f3n 7:<\/em><\/strong><em> \u00abLas Hijas de la Caridad, en fidelidad a su bautismo y en respuesta a una llamada de Dios se entregan por entero y en comunidad al servicio de Cristo en los pobres, sus hermanos y hermanas, con un esp\u00edritu evang\u00e9lico de humildad, sencillez y caridad. Un mismo amor anima y dirige su contemplaci\u00f3n y su servicio: por la fe saben que es Dios quien las espera en los que sufren\u2026\u00bb<\/em><\/p>\n<p><strong><em>SALMO 40: Espont\u00e1neo<\/em><\/strong><\/p>\n<p><strong><em>ANT: Sost\u00e9nme, Se\u00f1or, con tu promesa y vivir\u00e9.<\/em><\/strong><\/p>\n<p><em>Dichoso el que cuida del pobre y desvalido; en el d\u00eda aciago lo pondr\u00e1 a salvo el Se\u00f1or.<\/em><\/p>\n<p><em>El Se\u00f1or lo guarda y lo conserva en vida, para que sea dichoso en la tierra, y no lo entrega a la sa\u00f1a de sus enemigos.<br \/>\nEl Se\u00f1or lo sostendr\u00e1 en el lecho del dolor, calmar\u00e1 los dolores de su enfermedad. Yo dije: \u00abSe\u00f1or, ten misericordia, s\u00e1name, porque he pecado contra ti\u00bb.<\/em><\/p>\n<p><em>Mis enemigos me desean lo peor: \u00aba ver si se muere, y se acaba su apellido\u00bb.<br \/>\nEl que viene a verme habla con fingimiento, disimula su mala intenci\u00f3n, y cuando sale afuera la dice.<br \/>\nMis adversarios se re\u00fanen a murmurar contra m\u00ed, hacen c\u00e1lculos siniestros:<br \/>\n\u00abPadece un mal sin remedio, se acost\u00f3 para no levantarse\u00bb.<\/em><\/p>\n<p><em>Incluso mi amigo, de quien yo me fiaba, que compart\u00eda mi pan,<br \/>\nes el primero en traicionarme.<br \/>\nPero t\u00fa, Se\u00f1or, api\u00e1date de m\u00ed, haz que pueda levantarme,<br \/>\npara que yo les d\u00e9 su merecido.<\/em><\/p>\n<p><em>En esto conozco que me amas: en que mi enemigo no triunfa de m\u00ed.<br \/>\nA m\u00ed, en cambio, me conservas la salud, me mantienes siempre en tu presencia.<br \/>\nBendito el Se\u00f1or, Dios de Israel,<br \/>\nahora y por siempre. Am\u00e9n.<\/em><\/p>\n<p><strong><em>Canto final: <\/em><\/strong><strong><em>GRACIAS PORQUE TE HAS FIJADO EN MI<\/em><\/strong><\/p>\n<p><em>Gracias Se\u00f1or, porque te has fijado en m\u00ed.<br \/>\nY me has elegido, para ser testigo de tu amor.<\/em><\/p>\n<p><strong><em>Gracias Se\u00f1or, gracias Se\u00f1or<br \/>\nentre mis hermanos,<br \/>\nlos Pobres de tu amor<\/em><\/strong><\/p>\n<p><em>Juana ya te dar\u00e1s cuenta lo que pesa la caridad.<br \/>\nBastante m\u00e1s que la sopa y ese cesto de pan,<br \/>\n*conservar\u00e1s t\u00fa sonrisa y tambi\u00e9n tu libertad. <\/em><\/p>\n<p><em>Los Pobres son nuestros amos<br \/>\npon tu dulzura y bondad. (Bis)<\/em><\/p>\n<p><em>T\u00fa eres siempre la Hermana, Hija de la Caridad;<br \/>\ntu puesto est\u00e1 entre los pobres, a quienes das tu jornal,<br \/>\n*cuanto m\u00e1s tristes est\u00e9n y m\u00e1s exigentes sean,<br \/>\nles brindar\u00e1s tu las manos y todo lo que poseas. (Bis)<\/em><\/p>\n","protected":false},"excerpt":{"rendered":"<p>Margarita Rutan, H.C. Segundo d\u00eda: Oremos para que nuestra donaci\u00f3n a Dios y a los Pobres sea cada d\u00eda tal y como San Vicente y Santa Luisa lo so\u00f1aron y nuestras primeras hermanas lo vivieron. &#8230; <a href=\"http:\/\/vincentians.com\/es\/triduo-para-celebrar-la-beatificacion-de-sor-margarita-rutan-segundo-dia\/\" class=\"more-link\">Read More<\/a><\/p>\n","protected":false},"author":4,"featured_media":41778,"comment_status":"open","ping_status":"open","sticky":false,"template":"","format":"standard","meta":{"jetpack_post_was_ever_published":false,"_jetpack_newsletter_access":"","_jetpack_dont_email_post_to_subs":false,"_jetpack_newsletter_tier_id":0,"_jetpack_memberships_contains_paywalled_content":false,"_jetpack_memberships_contains_paid_content":false,"footnotes":"","jetpack_publicize_message":"","jetpack_publicize_feature_enabled":true,"jetpack_social_post_already_shared":true,"jetpack_social_options":{"image_generator_settings":{"template":"highway","default_image_id":0,"font":"","enabled":false},"version":2}},"categories":[251],"tags":[],"class_list":["post-43210","post","type-post","status-publish","format-standard","has-post-thumbnail","hentry","category-margarita-rutan"],"yoast_head":"<!-- This site is optimized with the Yoast SEO plugin v26.3 - https:\/\/yoast.com\/wordpress\/plugins\/seo\/ -->\n<title>Triduo para celebrar la beatificaci\u00f3n de sor Margarita Rutan (Segundo d\u00eda) - Somos Vicencianos<\/title>\n<meta name=\"robots\" content=\"index, follow, max-snippet:-1, max-image-preview:large, max-video-preview:-1\" \/>\n<link rel=\"canonical\" href=\"https:\/\/vincentians.com\/es\/triduo-para-celebrar-la-beatificacion-de-sor-margarita-rutan-segundo-dia\/\" \/>\n<meta property=\"og:locale\" content=\"es_ES\" \/>\n<meta property=\"og:type\" content=\"article\" \/>\n<meta property=\"og:title\" content=\"Triduo para celebrar la beatificaci\u00f3n de sor Margarita Rutan (Segundo d\u00eda) - Somos Vicencianos\" \/>\n<meta property=\"og:description\" content=\"Margarita Rutan, H.C. Segundo d\u00eda: Oremos para que nuestra donaci\u00f3n a Dios y a los Pobres sea cada d\u00eda tal y como San Vicente y Santa Luisa lo so\u00f1aron y nuestras primeras hermanas lo vivieron. ... Read More\" \/>\n<meta property=\"og:url\" content=\"https:\/\/vincentians.com\/es\/triduo-para-celebrar-la-beatificacion-de-sor-margarita-rutan-segundo-dia\/\" \/>\n<meta property=\"og:site_name\" content=\"Somos Vicencianos\" \/>\n<meta property=\"article:publisher\" content=\"https:\/\/www.facebook.com\/WeAreVincentians\/\" \/>\n<meta property=\"article:author\" content=\"https:\/\/www.facebook.com\/JavierChento\" \/>\n<meta property=\"article:published_time\" content=\"2011-06-21T00:29:59+00:00\" \/>\n<meta name=\"author\" content=\"Francisco Javier Fern\u00e1ndez Chento\" \/>\n<meta name=\"twitter:card\" content=\"summary_large_image\" \/>\n<meta name=\"twitter:creator\" content=\"@https:\/\/twitter.com\/javierchento\" \/>\n<meta name=\"twitter:site\" content=\"@WeVincentians\" \/>\n<meta name=\"twitter:label1\" content=\"Escrito por\" \/>\n\t<meta name=\"twitter:data1\" content=\"Francisco Javier Fern\u00e1ndez Chento\" \/>\n\t<meta name=\"twitter:label2\" content=\"Tiempo de lectura\" \/>\n\t<meta name=\"twitter:data2\" content=\"5 minutos\" \/>\n<script type=\"application\/ld+json\" class=\"yoast-schema-graph\">{\"@context\":\"https:\/\/schema.org\",\"@graph\":[{\"@type\":\"Article\",\"@id\":\"https:\/\/vincentians.com\/es\/triduo-para-celebrar-la-beatificacion-de-sor-margarita-rutan-segundo-dia\/#article\",\"isPartOf\":{\"@id\":\"https:\/\/vincentians.com\/es\/triduo-para-celebrar-la-beatificacion-de-sor-margarita-rutan-segundo-dia\/\"},\"author\":{\"name\":\"Francisco Javier Fern\u00e1ndez Chento\",\"@id\":\"http:\/\/vincentians.com\/es\/#\/schema\/person\/9623ef4d9aa3b2dfb8c061f1499288f2\"},\"headline\":\"Triduo para celebrar la beatificaci\u00f3n de sor Margarita Rutan (Segundo d\u00eda)\",\"datePublished\":\"2011-06-21T00:29:59+00:00\",\"mainEntityOfPage\":{\"@id\":\"https:\/\/vincentians.com\/es\/triduo-para-celebrar-la-beatificacion-de-sor-margarita-rutan-segundo-dia\/\"},\"wordCount\":968,\"commentCount\":0,\"publisher\":{\"@id\":\"http:\/\/vincentians.com\/es\/#organization\"},\"image\":{\"@id\":\"https:\/\/vincentians.com\/es\/triduo-para-celebrar-la-beatificacion-de-sor-margarita-rutan-segundo-dia\/#primaryimage\"},\"thumbnailUrl\":\"\",\"articleSection\":[\"Margarita Rutan\"],\"inLanguage\":\"es\",\"potentialAction\":[{\"@type\":\"CommentAction\",\"name\":\"Comment\",\"target\":[\"https:\/\/vincentians.com\/es\/triduo-para-celebrar-la-beatificacion-de-sor-margarita-rutan-segundo-dia\/#respond\"]}]},{\"@type\":\"WebPage\",\"@id\":\"https:\/\/vincentians.com\/es\/triduo-para-celebrar-la-beatificacion-de-sor-margarita-rutan-segundo-dia\/\",\"url\":\"https:\/\/vincentians.com\/es\/triduo-para-celebrar-la-beatificacion-de-sor-margarita-rutan-segundo-dia\/\",\"name\":\"Triduo para celebrar la beatificaci\u00f3n de sor Margarita Rutan (Segundo d\u00eda) - Somos Vicencianos\",\"isPartOf\":{\"@id\":\"http:\/\/vincentians.com\/es\/#website\"},\"primaryImageOfPage\":{\"@id\":\"https:\/\/vincentians.com\/es\/triduo-para-celebrar-la-beatificacion-de-sor-margarita-rutan-segundo-dia\/#primaryimage\"},\"image\":{\"@id\":\"https:\/\/vincentians.com\/es\/triduo-para-celebrar-la-beatificacion-de-sor-margarita-rutan-segundo-dia\/#primaryimage\"},\"thumbnailUrl\":\"\",\"datePublished\":\"2011-06-21T00:29:59+00:00\",\"breadcrumb\":{\"@id\":\"https:\/\/vincentians.com\/es\/triduo-para-celebrar-la-beatificacion-de-sor-margarita-rutan-segundo-dia\/#breadcrumb\"},\"inLanguage\":\"es\",\"potentialAction\":[{\"@type\":\"ReadAction\",\"target\":[\"https:\/\/vincentians.com\/es\/triduo-para-celebrar-la-beatificacion-de-sor-margarita-rutan-segundo-dia\/\"]}]},{\"@type\":\"ImageObject\",\"inLanguage\":\"es\",\"@id\":\"https:\/\/vincentians.com\/es\/triduo-para-celebrar-la-beatificacion-de-sor-margarita-rutan-segundo-dia\/#primaryimage\",\"url\":\"\",\"contentUrl\":\"\"},{\"@type\":\"BreadcrumbList\",\"@id\":\"https:\/\/vincentians.com\/es\/triduo-para-celebrar-la-beatificacion-de-sor-margarita-rutan-segundo-dia\/#breadcrumb\",\"itemListElement\":[{\"@type\":\"ListItem\",\"position\":1,\"name\":\"Portada\",\"item\":\"http:\/\/vincentians.com\/es\/\"},{\"@type\":\"ListItem\",\"position\":2,\"name\":\"Triduo para celebrar la beatificaci\u00f3n de sor Margarita Rutan (Segundo d\u00eda)\"}]},{\"@type\":\"WebSite\",\"@id\":\"http:\/\/vincentians.com\/es\/#website\",\"url\":\"http:\/\/vincentians.com\/es\/\",\"name\":\"Somos Vicencianos\",\"description\":\"Know more to serve more\",\"publisher\":{\"@id\":\"http:\/\/vincentians.com\/es\/#organization\"},\"potentialAction\":[{\"@type\":\"SearchAction\",\"target\":{\"@type\":\"EntryPoint\",\"urlTemplate\":\"http:\/\/vincentians.com\/es\/?s={search_term_string}\"},\"query-input\":{\"@type\":\"PropertyValueSpecification\",\"valueRequired\":true,\"valueName\":\"search_term_string\"}}],\"inLanguage\":\"es\"},{\"@type\":\"Organization\",\"@id\":\"http:\/\/vincentians.com\/es\/#organization\",\"name\":\"The Vincentian Network\",\"url\":\"http:\/\/vincentians.com\/es\/\",\"logo\":{\"@type\":\"ImageObject\",\"inLanguage\":\"es\",\"@id\":\"http:\/\/vincentians.com\/es\/#\/schema\/logo\/image\/\",\"url\":\"https:\/\/i1.wp.com\/vincentians.com\/es\/wp-content\/uploads\/sites\/11\/2016\/06\/Vincentian-Network-logo-big.png?fit=778%2C778\",\"contentUrl\":\"https:\/\/i1.wp.com\/vincentians.com\/es\/wp-content\/uploads\/sites\/11\/2016\/06\/Vincentian-Network-logo-big.png?fit=778%2C778\",\"width\":778,\"height\":778,\"caption\":\"The Vincentian Network\"},\"image\":{\"@id\":\"http:\/\/vincentians.com\/es\/#\/schema\/logo\/image\/\"},\"sameAs\":[\"https:\/\/www.facebook.com\/WeAreVincentians\/\",\"https:\/\/x.com\/WeVincentians\"]},{\"@type\":\"Person\",\"@id\":\"http:\/\/vincentians.com\/es\/#\/schema\/person\/9623ef4d9aa3b2dfb8c061f1499288f2\",\"name\":\"Francisco Javier Fern\u00e1ndez Chento\",\"image\":{\"@type\":\"ImageObject\",\"inLanguage\":\"es\",\"@id\":\"http:\/\/vincentians.com\/es\/#\/schema\/person\/image\/\",\"url\":\"https:\/\/secure.gravatar.com\/avatar\/497d5cde87b4c3d097d0315953521681ba2cd523ee66e5077c3711f7021e65de?s=96&d=mm&r=g\",\"contentUrl\":\"https:\/\/secure.gravatar.com\/avatar\/497d5cde87b4c3d097d0315953521681ba2cd523ee66e5077c3711f7021e65de?s=96&d=mm&r=g\",\"caption\":\"Francisco Javier Fern\u00e1ndez Chento\"},\"description\":\"Director General y cofundador de La Red de Formaci\u00f3n Vicenciana. Javier es laico vicenciano, afiliado a la Congregaci\u00f3n de la Misi\u00f3n y miembro del Equipo de Misiones Populares de la provincia can\u00f3nica de Zaragoza (Espa\u00f1a) de la Congregaci\u00f3n de la Misi\u00f3n. Graduado en la Universidad Oberta de Catalunya con cuatro grados (Asistente de direcci\u00f3n, Gesti\u00f3n Administrativa, Recursos Humanos y Contabilidad Avanzada). Bil\u00edng\u00fce Espa\u00f1ol\/Ingl\u00e9s. gestiona y mantiene varias p\u00e1ginas web cristianas y vicencianas, incluida including La Red de Formaci\u00f3n Vicenciana, de la que es cofundador. Actualmente es responsable del \u00e1rea de Espa\u00f1ol de .famvin, la Red de Noticias de la Familia Vicenciana. Tambi\u00e9n es m\u00fasico cat\u00f3lico y ha editado varios discos. Es Director General y cofundador de Trovador, una reconocida compa\u00f1\u00eda discogr\u00e1fica critiana de Espa\u00f1a. Trabaja en las Tecnolog\u00edas de la Informaci\u00f3n, ofreciendo servicios de alojamiento, dise\u00f1o y mantenimiento Web, as\u00ed como asesoramiento, formaci\u00f3n y soluciones inform\u00e1ticas, gesti\u00f3n documental y digitalizaci\u00f3n de textos, edici\u00f3n y maquetaci\u00f3n de libros, revistas, flyers, etc.\",\"sameAs\":[\"http:\/\/chento.org\",\"https:\/\/www.facebook.com\/JavierChento\",\"https:\/\/x.com\/https:\/\/twitter.com\/javierchento\"],\"url\":\"http:\/\/vincentians.com\/es\/author\/chento\/\"}]}<\/script>\n<!-- \/ Yoast SEO plugin. -->","yoast_head_json":{"title":"Triduo para celebrar la beatificaci\u00f3n de sor Margarita Rutan (Segundo d\u00eda) - Somos Vicencianos","robots":{"index":"index","follow":"follow","max-snippet":"max-snippet:-1","max-image-preview":"max-image-preview:large","max-video-preview":"max-video-preview:-1"},"canonical":"https:\/\/vincentians.com\/es\/triduo-para-celebrar-la-beatificacion-de-sor-margarita-rutan-segundo-dia\/","og_locale":"es_ES","og_type":"article","og_title":"Triduo para celebrar la beatificaci\u00f3n de sor Margarita Rutan (Segundo d\u00eda) - Somos Vicencianos","og_description":"Margarita Rutan, H.C. Segundo d\u00eda: Oremos para que nuestra donaci\u00f3n a Dios y a los Pobres sea cada d\u00eda tal y como San Vicente y Santa Luisa lo so\u00f1aron y nuestras primeras hermanas lo vivieron. ... Read More","og_url":"https:\/\/vincentians.com\/es\/triduo-para-celebrar-la-beatificacion-de-sor-margarita-rutan-segundo-dia\/","og_site_name":"Somos Vicencianos","article_publisher":"https:\/\/www.facebook.com\/WeAreVincentians\/","article_author":"https:\/\/www.facebook.com\/JavierChento","article_published_time":"2011-06-21T00:29:59+00:00","author":"Francisco Javier Fern\u00e1ndez Chento","twitter_card":"summary_large_image","twitter_creator":"@https:\/\/twitter.com\/javierchento","twitter_site":"@WeVincentians","twitter_misc":{"Escrito por":"Francisco Javier Fern\u00e1ndez Chento","Tiempo de lectura":"5 minutos"},"schema":{"@context":"https:\/\/schema.org","@graph":[{"@type":"Article","@id":"https:\/\/vincentians.com\/es\/triduo-para-celebrar-la-beatificacion-de-sor-margarita-rutan-segundo-dia\/#article","isPartOf":{"@id":"https:\/\/vincentians.com\/es\/triduo-para-celebrar-la-beatificacion-de-sor-margarita-rutan-segundo-dia\/"},"author":{"name":"Francisco Javier Fern\u00e1ndez Chento","@id":"http:\/\/vincentians.com\/es\/#\/schema\/person\/9623ef4d9aa3b2dfb8c061f1499288f2"},"headline":"Triduo para celebrar la beatificaci\u00f3n de sor Margarita Rutan (Segundo d\u00eda)","datePublished":"2011-06-21T00:29:59+00:00","mainEntityOfPage":{"@id":"https:\/\/vincentians.com\/es\/triduo-para-celebrar-la-beatificacion-de-sor-margarita-rutan-segundo-dia\/"},"wordCount":968,"commentCount":0,"publisher":{"@id":"http:\/\/vincentians.com\/es\/#organization"},"image":{"@id":"https:\/\/vincentians.com\/es\/triduo-para-celebrar-la-beatificacion-de-sor-margarita-rutan-segundo-dia\/#primaryimage"},"thumbnailUrl":"","articleSection":["Margarita Rutan"],"inLanguage":"es","potentialAction":[{"@type":"CommentAction","name":"Comment","target":["https:\/\/vincentians.com\/es\/triduo-para-celebrar-la-beatificacion-de-sor-margarita-rutan-segundo-dia\/#respond"]}]},{"@type":"WebPage","@id":"https:\/\/vincentians.com\/es\/triduo-para-celebrar-la-beatificacion-de-sor-margarita-rutan-segundo-dia\/","url":"https:\/\/vincentians.com\/es\/triduo-para-celebrar-la-beatificacion-de-sor-margarita-rutan-segundo-dia\/","name":"Triduo para celebrar la beatificaci\u00f3n de sor Margarita Rutan (Segundo d\u00eda) - Somos Vicencianos","isPartOf":{"@id":"http:\/\/vincentians.com\/es\/#website"},"primaryImageOfPage":{"@id":"https:\/\/vincentians.com\/es\/triduo-para-celebrar-la-beatificacion-de-sor-margarita-rutan-segundo-dia\/#primaryimage"},"image":{"@id":"https:\/\/vincentians.com\/es\/triduo-para-celebrar-la-beatificacion-de-sor-margarita-rutan-segundo-dia\/#primaryimage"},"thumbnailUrl":"","datePublished":"2011-06-21T00:29:59+00:00","breadcrumb":{"@id":"https:\/\/vincentians.com\/es\/triduo-para-celebrar-la-beatificacion-de-sor-margarita-rutan-segundo-dia\/#breadcrumb"},"inLanguage":"es","potentialAction":[{"@type":"ReadAction","target":["https:\/\/vincentians.com\/es\/triduo-para-celebrar-la-beatificacion-de-sor-margarita-rutan-segundo-dia\/"]}]},{"@type":"ImageObject","inLanguage":"es","@id":"https:\/\/vincentians.com\/es\/triduo-para-celebrar-la-beatificacion-de-sor-margarita-rutan-segundo-dia\/#primaryimage","url":"","contentUrl":""},{"@type":"BreadcrumbList","@id":"https:\/\/vincentians.com\/es\/triduo-para-celebrar-la-beatificacion-de-sor-margarita-rutan-segundo-dia\/#breadcrumb","itemListElement":[{"@type":"ListItem","position":1,"name":"Portada","item":"http:\/\/vincentians.com\/es\/"},{"@type":"ListItem","position":2,"name":"Triduo para celebrar la beatificaci\u00f3n de sor Margarita Rutan (Segundo d\u00eda)"}]},{"@type":"WebSite","@id":"http:\/\/vincentians.com\/es\/#website","url":"http:\/\/vincentians.com\/es\/","name":"Somos Vicencianos","description":"Know more to serve more","publisher":{"@id":"http:\/\/vincentians.com\/es\/#organization"},"potentialAction":[{"@type":"SearchAction","target":{"@type":"EntryPoint","urlTemplate":"http:\/\/vincentians.com\/es\/?s={search_term_string}"},"query-input":{"@type":"PropertyValueSpecification","valueRequired":true,"valueName":"search_term_string"}}],"inLanguage":"es"},{"@type":"Organization","@id":"http:\/\/vincentians.com\/es\/#organization","name":"The Vincentian Network","url":"http:\/\/vincentians.com\/es\/","logo":{"@type":"ImageObject","inLanguage":"es","@id":"http:\/\/vincentians.com\/es\/#\/schema\/logo\/image\/","url":"https:\/\/i1.wp.com\/vincentians.com\/es\/wp-content\/uploads\/sites\/11\/2016\/06\/Vincentian-Network-logo-big.png?fit=778%2C778","contentUrl":"https:\/\/i1.wp.com\/vincentians.com\/es\/wp-content\/uploads\/sites\/11\/2016\/06\/Vincentian-Network-logo-big.png?fit=778%2C778","width":778,"height":778,"caption":"The Vincentian Network"},"image":{"@id":"http:\/\/vincentians.com\/es\/#\/schema\/logo\/image\/"},"sameAs":["https:\/\/www.facebook.com\/WeAreVincentians\/","https:\/\/x.com\/WeVincentians"]},{"@type":"Person","@id":"http:\/\/vincentians.com\/es\/#\/schema\/person\/9623ef4d9aa3b2dfb8c061f1499288f2","name":"Francisco Javier Fern\u00e1ndez Chento","image":{"@type":"ImageObject","inLanguage":"es","@id":"http:\/\/vincentians.com\/es\/#\/schema\/person\/image\/","url":"https:\/\/secure.gravatar.com\/avatar\/497d5cde87b4c3d097d0315953521681ba2cd523ee66e5077c3711f7021e65de?s=96&d=mm&r=g","contentUrl":"https:\/\/secure.gravatar.com\/avatar\/497d5cde87b4c3d097d0315953521681ba2cd523ee66e5077c3711f7021e65de?s=96&d=mm&r=g","caption":"Francisco Javier Fern\u00e1ndez Chento"},"description":"Director General y cofundador de La Red de Formaci\u00f3n Vicenciana. Javier es laico vicenciano, afiliado a la Congregaci\u00f3n de la Misi\u00f3n y miembro del Equipo de Misiones Populares de la provincia can\u00f3nica de Zaragoza (Espa\u00f1a) de la Congregaci\u00f3n de la Misi\u00f3n. Graduado en la Universidad Oberta de Catalunya con cuatro grados (Asistente de direcci\u00f3n, Gesti\u00f3n Administrativa, Recursos Humanos y Contabilidad Avanzada). Bil\u00edng\u00fce Espa\u00f1ol\/Ingl\u00e9s. gestiona y mantiene varias p\u00e1ginas web cristianas y vicencianas, incluida including La Red de Formaci\u00f3n Vicenciana, de la que es cofundador. Actualmente es responsable del \u00e1rea de Espa\u00f1ol de .famvin, la Red de Noticias de la Familia Vicenciana. Tambi\u00e9n es m\u00fasico cat\u00f3lico y ha editado varios discos. Es Director General y cofundador de Trovador, una reconocida compa\u00f1\u00eda discogr\u00e1fica critiana de Espa\u00f1a. Trabaja en las Tecnolog\u00edas de la Informaci\u00f3n, ofreciendo servicios de alojamiento, dise\u00f1o y mantenimiento Web, as\u00ed como asesoramiento, formaci\u00f3n y soluciones inform\u00e1ticas, gesti\u00f3n documental y digitalizaci\u00f3n de textos, edici\u00f3n y maquetaci\u00f3n de libros, revistas, flyers, etc.","sameAs":["http:\/\/chento.org","https:\/\/www.facebook.com\/JavierChento","https:\/\/x.com\/https:\/\/twitter.com\/javierchento"],"url":"http:\/\/vincentians.com\/es\/author\/chento\/"}]}},"jetpack_publicize_connections":[],"jetpack_featured_media_url":"","jetpack_sharing_enabled":true,"jetpack_shortlink":"https:\/\/wp.me\/p7ETMF-beW","jetpack-related-posts":[{"id":119586,"url":"http:\/\/vincentians.com\/es\/margarita-rutan-la-palabra-de-dios-luz-y-fuerza-en-la-vida\/","url_meta":{"origin":43210,"position":0},"title":"Margarita Rutan: la Palabra de Dios, luz y fuerza en la vida","author":"Francisco Javier Fern\u00e1ndez Chento","date":"11\/04\/2013","format":false,"excerpt":"Introducci\u00f3n En 1756, Margarita Rutan entra en la Compa\u00f1\u00eda de las Hijas de la Caridad para estar presente en los lugares donde la vida es precaria y est\u00e1 amenazada, para servir y estar cerca de los que sufren y de aquellos a quienes la historia margina o excluye. A ejemplo\u2026","rel":"","context":"En \u00abMargarita Rutan\u00bb","block_context":{"text":"Margarita Rutan","link":"http:\/\/vincentians.com\/es\/category\/la-familia-vicenciana\/la-familia-vicenciana-en-los-altares\/beatos\/margarita-rutan\/"},"img":{"alt_text":"Margarita Rutan, H.C.","src":"https:\/\/i0.wp.com\/vicencianos.org\/wp-content\/2011\/06\/rutan-210x300.jpg?resize=350%2C200","width":350,"height":200},"classes":[]},{"id":143274,"url":"http:\/\/vincentians.com\/es\/la-hija-de-la-caridad-docente-segun-san-vicente\/","url_meta":{"origin":43210,"position":1},"title":"La Hija de la Caridad docente, seg\u00fan san Vicente","author":"Francisco Javier Fern\u00e1ndez Chento","date":"17\/04\/2015","format":false,"excerpt":"Antes de reflexionar sobre el tema \u201cLa Hija de la Caridad docente\u201d, convendr\u00eda evocar la experiencia de estudiante y de docente de san Vicente, al menos por dos razones: Vicente de Pa\u00fal siempre dio una importancia capital a la experiencia; y todo lo que vivi\u00f3 como estudiante, luego como docente,\u2026","rel":"","context":"En \u00abHijas de la Caridad\u00bb","block_context":{"text":"Hijas de la Caridad","link":"http:\/\/vincentians.com\/es\/category\/la-familia-vicenciana\/ramas\/hijas-de-la-caridad\/"},"img":{"alt_text":"cochoapa+practica+prof+108","src":"https:\/\/i0.wp.com\/vicencianos.org\/wp-content\/2015\/04\/cochoapa-practica-prof-108-300x225.jpg?resize=350%2C200","width":350,"height":200},"classes":[]},{"id":102584,"url":"http:\/\/vincentians.com\/es\/luisa-de-marillac-carta-0630-a-mi-muy-querida-sor-margarita-chetif\/","url_meta":{"origin":43210,"position":2},"title":"Luisa de Marillac, Carta 0630: A mi muy querida Sor Margarita Ch\u00e9tif","author":"Francisco Javier Fern\u00e1ndez Chento","date":"06\/09\/2012","format":false,"excerpt":"Hija de la Caridad\u00a0 Sierva de los Pobres Enfermos en Arras Nov. 30 de abril de 1658 Mi querida Hermana: Me parece que tengo que quejarme de lo que usted se queja de mi, porque le he escrito varias veces desde su carta en que me hablaba de los votos,\u2026","rel":"","context":"En \u00abEscritos de Luisa de Marillac\u00bb","block_context":{"text":"Escritos de Luisa de Marillac","link":"http:\/\/vincentians.com\/es\/category\/escritos\/escritos-de-luisa-de-marillac\/"},"img":{"alt_text":"","src":"https:\/\/i0.wp.com\/vincentians.com\/es\/wp-content\/uploads\/sites\/11\/2016\/07\/escritos-luisa-de-marillac.jpg?fit=1200%2C630&resize=350%2C200","width":350,"height":200,"srcset":"https:\/\/i0.wp.com\/vincentians.com\/es\/wp-content\/uploads\/sites\/11\/2016\/07\/escritos-luisa-de-marillac.jpg?fit=1200%2C630&resize=350%2C200 1x, https:\/\/i0.wp.com\/vincentians.com\/es\/wp-content\/uploads\/sites\/11\/2016\/07\/escritos-luisa-de-marillac.jpg?fit=1200%2C630&resize=525%2C300 1.5x, https:\/\/i0.wp.com\/vincentians.com\/es\/wp-content\/uploads\/sites\/11\/2016\/07\/escritos-luisa-de-marillac.jpg?fit=1200%2C630&resize=700%2C400 2x, https:\/\/i0.wp.com\/vincentians.com\/es\/wp-content\/uploads\/sites\/11\/2016\/07\/escritos-luisa-de-marillac.jpg?fit=1200%2C630&resize=1050%2C600 3x"},"classes":[]},{"id":130023,"url":"http:\/\/vincentians.com\/es\/ultimas-fundaciones-i\/","url_meta":{"origin":43210,"position":3},"title":"\u00daltimas fundaciones (I)","author":"Francisco Javier Fern\u00e1ndez Chento","date":"23\/03\/2014","format":false,"excerpt":"La F\u00e9re A pesar de tantas deficiencias f\u00edsicas, su actividad no disminuye. Su primera actuaci\u00f3n fue en los hospitales militares donde mor\u00edan m\u00e1s que sanaban los temidos soldados. Du\u00adrante todos estos a\u00f1os, los hospitales militares estaban en funci\u00f3n de las guerras y las gue\u00adrras depend\u00edan de la situaci\u00f3n de las\u2026","rel":"","context":"En \u00abFormaci\u00f3n Vicenciana\u00bb","block_context":{"text":"Formaci\u00f3n Vicenciana","link":"http:\/\/vincentians.com\/es\/category\/formacion-vicenciana\/"},"img":{"alt_text":"cartel","src":"https:\/\/i0.wp.com\/vicencianos.org\/wp-content\/2014\/02\/cartel.jpg?resize=350%2C200","width":350,"height":200},"classes":[]},{"id":132319,"url":"http:\/\/vincentians.com\/es\/vicente-de-paul-carta-1238-a-las-hijas-de-la-caridad-de-valpuiseaux\/","url_meta":{"origin":43210,"position":4},"title":"Vicente de Pa\u00fal, Carta 1238: A Las Hijas De La Caridad De Valpuiseaux","author":"Francisco Javier Fern\u00e1ndez Chento","date":"12\/12\/2014","format":false,"excerpt":"Par\u00eds, 10 febrero 1650. Mis buenas hermanas: La gracia del Se\u00f1or sea siempre con nosotros. Me he alegrado mucho al recibir su carta. Ruego a Nuestro Se\u00f1or le devuelva la salud a la hermana Petra y que se la conserve a la hermana Margarita, para que puedan todas juntas continuar\u2026","rel":"","context":"En \u00abEscritos de Vicente de Pa\u00fal\u00bb","block_context":{"text":"Escritos de Vicente de Pa\u00fal","link":"http:\/\/vincentians.com\/es\/category\/escritos\/escritos-de-vicente-de-paul\/"},"img":{"alt_text":"","src":"https:\/\/i0.wp.com\/vincentians.com\/es\/wp-content\/uploads\/sites\/11\/2016\/07\/escritos-vicente-de-paul.jpg?fit=1200%2C630&resize=350%2C200","width":350,"height":200,"srcset":"https:\/\/i0.wp.com\/vincentians.com\/es\/wp-content\/uploads\/sites\/11\/2016\/07\/escritos-vicente-de-paul.jpg?fit=1200%2C630&resize=350%2C200 1x, https:\/\/i0.wp.com\/vincentians.com\/es\/wp-content\/uploads\/sites\/11\/2016\/07\/escritos-vicente-de-paul.jpg?fit=1200%2C630&resize=525%2C300 1.5x, https:\/\/i0.wp.com\/vincentians.com\/es\/wp-content\/uploads\/sites\/11\/2016\/07\/escritos-vicente-de-paul.jpg?fit=1200%2C630&resize=700%2C400 2x, https:\/\/i0.wp.com\/vincentians.com\/es\/wp-content\/uploads\/sites\/11\/2016\/07\/escritos-vicente-de-paul.jpg?fit=1200%2C630&resize=1050%2C600 3x"},"classes":[]},{"id":130270,"url":"http:\/\/vincentians.com\/es\/un-perfil-heroico-santa-luisa-de-marillac-11\/","url_meta":{"origin":43210,"position":5},"title":"Un perfil heroico: santa Luisa de Marillac (11)","author":"Francisco Javier Fern\u00e1ndez Chento","date":"05\/03\/2015","format":false,"excerpt":"SED fervorosos de esp\u00edritu, acord\u00e1ndoos de que es al Se\u00f1or a quien serv\u00eds. Alegraos con la esperanza del premio. (Ep. a los romanos, XII.) EN la campi\u00f1a que rodea la humilde villa de Suresnes se divisa la gr\u00e1cil figura de una joven pastora que cuida de su ganado. Los vestidos\u2026","rel":"","context":"En \u00abLuisa de Marillac\u00bb","block_context":{"text":"Luisa de Marillac","link":"http:\/\/vincentians.com\/es\/category\/la-familia-vicenciana\/fundadores\/luisa-de-marillac\/"},"img":{"alt_text":"OLYMPUS DIGITAL CAMERA","src":"https:\/\/i0.wp.com\/vicencianos.org\/wp-content\/2014\/04\/louise-marillac-300x248.jpg?resize=350%2C200","width":350,"height":200},"classes":[]}],"_links":{"self":[{"href":"http:\/\/vincentians.com\/es\/wp-json\/wp\/v2\/posts\/43210","targetHints":{"allow":["GET"]}}],"collection":[{"href":"http:\/\/vincentians.com\/es\/wp-json\/wp\/v2\/posts"}],"about":[{"href":"http:\/\/vincentians.com\/es\/wp-json\/wp\/v2\/types\/post"}],"author":[{"embeddable":true,"href":"http:\/\/vincentians.com\/es\/wp-json\/wp\/v2\/users\/4"}],"replies":[{"embeddable":true,"href":"http:\/\/vincentians.com\/es\/wp-json\/wp\/v2\/comments?post=43210"}],"version-history":[{"count":0,"href":"http:\/\/vincentians.com\/es\/wp-json\/wp\/v2\/posts\/43210\/revisions"}],"wp:featuredmedia":[{"embeddable":true,"href":"http:\/\/vincentians.com\/es\/wp-json\/"}],"wp:attachment":[{"href":"http:\/\/vincentians.com\/es\/wp-json\/wp\/v2\/media?parent=43210"}],"wp:term":[{"taxonomy":"category","embeddable":true,"href":"http:\/\/vincentians.com\/es\/wp-json\/wp\/v2\/categories?post=43210"},{"taxonomy":"post_tag","embeddable":true,"href":"http:\/\/vincentians.com\/es\/wp-json\/wp\/v2\/tags?post=43210"}],"curies":[{"name":"wp","href":"https:\/\/api.w.org\/{rel}","templated":true}]}}