{"id":43208,"date":"2011-06-20T10:14:59","date_gmt":"2011-06-20T08:14:59","guid":{"rendered":"http:\/\/somos.vicencianos.org\/blog\/2011\/06\/triduo-para-celebrar-la-beatificacion-de-sor-margarita-rutan-primer-dia\/"},"modified":"2011-06-20T10:14:59","modified_gmt":"2011-06-20T08:14:59","slug":"triduo-para-celebrar-la-beatificacion-de-sor-margarita-rutan-primer-dia","status":"publish","type":"post","link":"http:\/\/vincentians.com\/es\/triduo-para-celebrar-la-beatificacion-de-sor-margarita-rutan-primer-dia\/","title":{"rendered":"Triduo para celebrar la beatificaci\u00f3n de sor Margarita Rutan (Primer d\u00eda)"},"content":{"rendered":"<dl id=\"attachment_41778\" class=\"wp-caption alignright\" style=\"width: 220px\">\n<dt class=\"wp-caption-dt\"><a href=\"https:\/\/i0.wp.com\/vicencianos.org\/wp-content\/2011\/06\/rutan.jpg\"><img data-recalc-dims=\"1\" loading=\"lazy\" decoding=\"async\" class=\"size-medium wp-image-41778\" title=\"Margarita Rutan, H.C.\" src=\"https:\/\/i0.wp.com\/vicencianos.org\/wp-content\/2011\/06\/rutan-210x300.jpg?resize=210%2C300\" alt=\"Margarita Rutan, H.C.\" width=\"210\" height=\"300\" \/><\/a><\/dt>\n<dd class=\"wp-caption-dd\">Margarita Rutan, H.C.<\/dd>\n<\/dl>\n<p><strong>Primer d\u00eda: <em>Oremos para que el Due\u00f1o de la Mies contin\u00fae enviando buenas y generosas vocaciones a la Compa\u00f1\u00eda.<\/em><\/strong><\/p>\n<p><strong><em>S\u00cdMBOLO: ROSTRO DE J\u00d3VENES.<\/em><\/strong><\/p>\n<p><strong><em>MOTIVACI\u00d3N:<\/em><\/strong><strong><em> \u00abHijas m\u00edas, por una Hermana que reciba el martirio, vendr\u00e1n otras muchas; su sangre ser\u00e1 como una semilla que dar\u00e1 fruto y un fruto abundante. La sangre de nuestras Hermanas har\u00e1 que vengan otras muchas y merecer\u00e1 que Dios les conceda a las que quedan la gracia de santificarse\u00bb <\/em><\/strong><strong><em>(S.V. t\/IX, pg. 1088)<\/em><\/strong><\/p>\n<p><strong><em>CANTO INICIAL<\/em><\/strong><\/p>\n<p><em>Urgidas por la Caridad de Cristo<br \/>\nNos reunimos en nombre del Se\u00f1or<br \/>\nTraemos el fuerte clamor de los pobres<br \/>\ny oramos en nombre de ellos a Dios. <\/em><\/p>\n<p><em>Que tu esp\u00edritu nos una y nos de alma de siervas,<br \/>\nen humildad y sencillez.<\/em><\/p>\n<p><strong><em>PARA LA REFLEXI\u00d3N:<\/em><\/strong><\/p>\n<p><strong><em>Unas ra\u00edces cristianas: <\/em><\/strong><em>Margarita crece en un medio donde el nombre de San Vicente de Pa\u00fal es muy conocido. En esta familia tan cristiana, aprende a orientar sus esfuerzos, con las decisiones de cada d\u00eda, por el amor de Jes\u00fas; de ni\u00f1a piensa ya en los dem\u00e1s, y m\u00e1s tarde, comprende que el amor es fuente de felicidad y de alegr\u00eda. Cristo va ocupando progresivamente su lugar en ella. Al mismo tiempo, Margarita descubre en la ciudad las obras de las Hijas de la Caridad.<\/em><\/p>\n<p><strong><em>Un deseo de servir a Dios y a los Hermanos<\/em><\/strong><em>: A los dieciocho a\u00f1os su vida cristiana est\u00e1 marcada por el deseo de pertenecer a Dios: no se trata de huir de la tierra para aspirara al cielo, sino de participar en la construcci\u00f3n de un mundo m\u00e1s humano, m\u00e1s fraterno en el que los pobres sean amados y reconocidos. Margarita escribe su petici\u00f3n para entrar en al Compa\u00f1\u00eda de las Hijas de la Caridad y tras una espera de tres a\u00f1os, puede al fin realizar su proyecto: comienza su Postulando.<\/em><\/p>\n<p><strong><em>Constituci\u00f3n 59:<\/em><\/strong><em> \u00abSeg\u00fan lo recomendado por el mismo Cristo las Hijas de la Caridad oran, para que Dios env\u00ede obreros a la mies. Cada una, al tratar de vivir con alegr\u00eda y en plenitud su respuesta personal al Se\u00f1or, fortalece la fidelidad de sus Hermanas y contribuye a la vez, al despertar de nuevas vocaciones. El testimonio evang\u00e9lico de la Comunidad local es un signo todav\u00eda m\u00e1s patente de la presencia de Jesucristo amado y servido en los pobre\u00bb.<\/em><\/p>\n<p><strong><em>CANTO\u2026<\/em><\/strong><\/p>\n<p><em>Quiero anunciarte a ti se\u00f1or con mi modo de vivir,<br \/>\nser un testigo de tu amor viviendo en fidelidad.<\/em><\/p>\n<p><em>No me dejes madre en mi caminar, ll\u00e9vame a Jes\u00fas.<br \/>\nT\u00fa me conoces oh se\u00f1or sabes mi limitaci\u00f3n<br \/>\npero mis manos aqu\u00ed est\u00e1n, disponibles para ti.<br \/>\ns\u00e9 que no me dejas, vives junto a m\u00ed. Yo te seguir\u00e9\u2026<\/em><\/p>\n<p><strong><em>SALMO 137: Cantado<\/em><\/strong><\/p>\n<p><strong><em>ANT: El Se\u00f1or escucha a los justos, los buenos ver\u00e1n su rostro.<\/em><\/strong><\/p>\n<p><em>TE DOY GRACIAS SE\u00d1OR, DE TODO CORAZ\u00d3N<br \/>\nDELANTE DE LOS \u00c1NGELES TA\u00d1ER\u00c9 PARA TI<strong>.<\/strong><\/em><\/p>\n<p><em>Me postrar\u00e9 hacia tu santuario, dar\u00e9 gracias a tu nombre;<br \/>\npor tu misericordia y tu lealtad,<br \/>\nporque tu promesa supera a tu fama.<\/em><\/p>\n<p><em>Que te den gracias Se\u00f1or, los reyes de la tierra,<br \/>\nal escuchar el or\u00e1culo de tu boca, canten los caminos del Se\u00f1or,<br \/>\nporque la gloria del Se\u00f1or es grande.<\/em><\/p>\n<p><em>Cuando camino entre peligros, me conservas la vida.<br \/>\nSe\u00f1or, tu misericordia es eterna,<br \/>\nno abandones la obra de tus manos.<\/em><\/p>\n<p>Junto con Mar\u00eda proclamemos la grandeza del Se\u00f1or realizada en la vida de Sor Margarita Rutan y en nuestra propia vida.<\/p>\n<p><strong><em>MAGNIFICAT: Coros<\/em><\/strong><\/p>\n<p><strong><em>ORACI\u00d3N DEL A\u00d1O VOCACIONAL<\/em><\/strong><\/p>\n<p><em>Oh Dios, Padre bueno y misericordioso, autor de nuestra vida y vocaci\u00f3n. Estamos aqu\u00ed reunidas en tu nombre, en este a\u00f1o de gracia vocacional, para alabarte y bendecirte por amarnos y elegirnos desde toda la eternidad, desde el fondo de nuestro coraz\u00f3n te decimos: \u00a1GRACIAS SE\u00d1OR!<\/em><\/p>\n<p><em>Fortalece nuestra fidelidad al Esp\u00edritu de Dios y al carisma vicentino, para que vivamos enamoradas de Ti y nuestra alegr\u00eda sea aut\u00e9ntica. Haz de nuestras comunidades locales y familia vicentina, \u00absemilleros vocacionales\u00bb donde germinen abundantes y santas vocaciones que respondan a tu llamado, con generosidad y valent\u00eda en el servicio a nuestros hermanos los Pobres.<\/em><\/p>\n<p><em>Que nuestra Madre, la Virgen de la Medalla Milagrosa, Madre de los Pobres, la Consagrada por excelencia, bendiga nuestros esfuerzos en este a\u00f1o vocacional; entusiasme a quienes empiezan y sea el modelo de nuestra consagraci\u00f3n y servicio.<\/em><\/p>\n<p><em>Por Jesucristo, nuestro Se\u00f1or. Am\u00e9n.<\/em><\/p>\n","protected":false},"excerpt":{"rendered":"<p>Margarita Rutan, H.C. Primer d\u00eda: Oremos para que el Due\u00f1o de la Mies contin\u00fae enviando buenas y generosas vocaciones a la Compa\u00f1\u00eda. S\u00cdMBOLO: ROSTRO DE J\u00d3VENES. MOTIVACI\u00d3N: \u00abHijas m\u00edas, por una Hermana que reciba el &#8230; <a href=\"http:\/\/vincentians.com\/es\/triduo-para-celebrar-la-beatificacion-de-sor-margarita-rutan-primer-dia\/\" class=\"more-link\">Read More<\/a><\/p>\n","protected":false},"author":4,"featured_media":41778,"comment_status":"open","ping_status":"open","sticky":false,"template":"","format":"standard","meta":{"jetpack_post_was_ever_published":false,"_jetpack_newsletter_access":"","_jetpack_dont_email_post_to_subs":false,"_jetpack_newsletter_tier_id":0,"_jetpack_memberships_contains_paywalled_content":false,"_jetpack_memberships_contains_paid_content":false,"footnotes":"","jetpack_publicize_message":"","jetpack_publicize_feature_enabled":true,"jetpack_social_post_already_shared":true,"jetpack_social_options":{"image_generator_settings":{"template":"highway","default_image_id":0,"font":"","enabled":false},"version":2}},"categories":[251],"tags":[],"class_list":["post-43208","post","type-post","status-publish","format-standard","has-post-thumbnail","hentry","category-margarita-rutan"],"yoast_head":"<!-- This site is optimized with the Yoast SEO plugin v26.3 - https:\/\/yoast.com\/wordpress\/plugins\/seo\/ -->\n<title>Triduo para celebrar la beatificaci\u00f3n de sor Margarita Rutan (Primer d\u00eda) - Somos Vicencianos<\/title>\n<meta name=\"robots\" content=\"index, follow, max-snippet:-1, max-image-preview:large, max-video-preview:-1\" \/>\n<link rel=\"canonical\" href=\"http:\/\/vincentians.com\/es\/triduo-para-celebrar-la-beatificacion-de-sor-margarita-rutan-primer-dia\/\" \/>\n<meta property=\"og:locale\" content=\"es_ES\" \/>\n<meta property=\"og:type\" content=\"article\" \/>\n<meta property=\"og:title\" content=\"Triduo para celebrar la beatificaci\u00f3n de sor Margarita Rutan (Primer d\u00eda) - Somos Vicencianos\" \/>\n<meta property=\"og:description\" content=\"Margarita Rutan, H.C. Primer d\u00eda: Oremos para que el Due\u00f1o de la Mies contin\u00fae enviando buenas y generosas vocaciones a la Compa\u00f1\u00eda. S\u00cdMBOLO: ROSTRO DE J\u00d3VENES. MOTIVACI\u00d3N: \u00abHijas m\u00edas, por una Hermana que reciba el ... Read More\" \/>\n<meta property=\"og:url\" content=\"http:\/\/vincentians.com\/es\/triduo-para-celebrar-la-beatificacion-de-sor-margarita-rutan-primer-dia\/\" \/>\n<meta property=\"og:site_name\" content=\"Somos Vicencianos\" \/>\n<meta property=\"article:publisher\" content=\"https:\/\/www.facebook.com\/WeAreVincentians\/\" \/>\n<meta property=\"article:author\" content=\"https:\/\/www.facebook.com\/JavierChento\" \/>\n<meta property=\"article:published_time\" content=\"2011-06-20T08:14:59+00:00\" \/>\n<meta name=\"author\" content=\"Francisco Javier Fern\u00e1ndez Chento\" \/>\n<meta name=\"twitter:card\" content=\"summary_large_image\" \/>\n<meta name=\"twitter:creator\" content=\"@https:\/\/twitter.com\/javierchento\" \/>\n<meta name=\"twitter:site\" content=\"@WeVincentians\" \/>\n<meta name=\"twitter:label1\" content=\"Escrito por\" \/>\n\t<meta name=\"twitter:data1\" content=\"Francisco Javier Fern\u00e1ndez Chento\" \/>\n\t<meta name=\"twitter:label2\" content=\"Tiempo de lectura\" \/>\n\t<meta name=\"twitter:data2\" content=\"4 minutos\" \/>\n<script type=\"application\/ld+json\" class=\"yoast-schema-graph\">{\"@context\":\"https:\/\/schema.org\",\"@graph\":[{\"@type\":\"Article\",\"@id\":\"http:\/\/vincentians.com\/es\/triduo-para-celebrar-la-beatificacion-de-sor-margarita-rutan-primer-dia\/#article\",\"isPartOf\":{\"@id\":\"http:\/\/vincentians.com\/es\/triduo-para-celebrar-la-beatificacion-de-sor-margarita-rutan-primer-dia\/\"},\"author\":{\"name\":\"Francisco Javier Fern\u00e1ndez Chento\",\"@id\":\"https:\/\/vincentians.com\/es\/#\/schema\/person\/9623ef4d9aa3b2dfb8c061f1499288f2\"},\"headline\":\"Triduo para celebrar la beatificaci\u00f3n de sor Margarita Rutan (Primer d\u00eda)\",\"datePublished\":\"2011-06-20T08:14:59+00:00\",\"mainEntityOfPage\":{\"@id\":\"http:\/\/vincentians.com\/es\/triduo-para-celebrar-la-beatificacion-de-sor-margarita-rutan-primer-dia\/\"},\"wordCount\":791,\"commentCount\":0,\"publisher\":{\"@id\":\"https:\/\/vincentians.com\/es\/#organization\"},\"image\":{\"@id\":\"http:\/\/vincentians.com\/es\/triduo-para-celebrar-la-beatificacion-de-sor-margarita-rutan-primer-dia\/#primaryimage\"},\"thumbnailUrl\":\"\",\"articleSection\":[\"Margarita Rutan\"],\"inLanguage\":\"es\",\"potentialAction\":[{\"@type\":\"CommentAction\",\"name\":\"Comment\",\"target\":[\"http:\/\/vincentians.com\/es\/triduo-para-celebrar-la-beatificacion-de-sor-margarita-rutan-primer-dia\/#respond\"]}]},{\"@type\":\"WebPage\",\"@id\":\"http:\/\/vincentians.com\/es\/triduo-para-celebrar-la-beatificacion-de-sor-margarita-rutan-primer-dia\/\",\"url\":\"http:\/\/vincentians.com\/es\/triduo-para-celebrar-la-beatificacion-de-sor-margarita-rutan-primer-dia\/\",\"name\":\"Triduo para celebrar la beatificaci\u00f3n de sor Margarita Rutan (Primer d\u00eda) - Somos Vicencianos\",\"isPartOf\":{\"@id\":\"https:\/\/vincentians.com\/es\/#website\"},\"primaryImageOfPage\":{\"@id\":\"http:\/\/vincentians.com\/es\/triduo-para-celebrar-la-beatificacion-de-sor-margarita-rutan-primer-dia\/#primaryimage\"},\"image\":{\"@id\":\"http:\/\/vincentians.com\/es\/triduo-para-celebrar-la-beatificacion-de-sor-margarita-rutan-primer-dia\/#primaryimage\"},\"thumbnailUrl\":\"\",\"datePublished\":\"2011-06-20T08:14:59+00:00\",\"breadcrumb\":{\"@id\":\"http:\/\/vincentians.com\/es\/triduo-para-celebrar-la-beatificacion-de-sor-margarita-rutan-primer-dia\/#breadcrumb\"},\"inLanguage\":\"es\",\"potentialAction\":[{\"@type\":\"ReadAction\",\"target\":[\"http:\/\/vincentians.com\/es\/triduo-para-celebrar-la-beatificacion-de-sor-margarita-rutan-primer-dia\/\"]}]},{\"@type\":\"ImageObject\",\"inLanguage\":\"es\",\"@id\":\"http:\/\/vincentians.com\/es\/triduo-para-celebrar-la-beatificacion-de-sor-margarita-rutan-primer-dia\/#primaryimage\",\"url\":\"\",\"contentUrl\":\"\"},{\"@type\":\"BreadcrumbList\",\"@id\":\"http:\/\/vincentians.com\/es\/triduo-para-celebrar-la-beatificacion-de-sor-margarita-rutan-primer-dia\/#breadcrumb\",\"itemListElement\":[{\"@type\":\"ListItem\",\"position\":1,\"name\":\"Portada\",\"item\":\"https:\/\/vincentians.com\/es\/\"},{\"@type\":\"ListItem\",\"position\":2,\"name\":\"Triduo para celebrar la beatificaci\u00f3n de sor Margarita Rutan (Primer d\u00eda)\"}]},{\"@type\":\"WebSite\",\"@id\":\"https:\/\/vincentians.com\/es\/#website\",\"url\":\"https:\/\/vincentians.com\/es\/\",\"name\":\"Somos Vicencianos\",\"description\":\"Know more to serve more\",\"publisher\":{\"@id\":\"https:\/\/vincentians.com\/es\/#organization\"},\"potentialAction\":[{\"@type\":\"SearchAction\",\"target\":{\"@type\":\"EntryPoint\",\"urlTemplate\":\"https:\/\/vincentians.com\/es\/?s={search_term_string}\"},\"query-input\":{\"@type\":\"PropertyValueSpecification\",\"valueRequired\":true,\"valueName\":\"search_term_string\"}}],\"inLanguage\":\"es\"},{\"@type\":\"Organization\",\"@id\":\"https:\/\/vincentians.com\/es\/#organization\",\"name\":\"The Vincentian Network\",\"url\":\"https:\/\/vincentians.com\/es\/\",\"logo\":{\"@type\":\"ImageObject\",\"inLanguage\":\"es\",\"@id\":\"https:\/\/vincentians.com\/es\/#\/schema\/logo\/image\/\",\"url\":\"https:\/\/i1.wp.com\/vincentians.com\/es\/wp-content\/uploads\/sites\/11\/2016\/06\/Vincentian-Network-logo-big.png?fit=778%2C778\",\"contentUrl\":\"https:\/\/i1.wp.com\/vincentians.com\/es\/wp-content\/uploads\/sites\/11\/2016\/06\/Vincentian-Network-logo-big.png?fit=778%2C778\",\"width\":778,\"height\":778,\"caption\":\"The Vincentian Network\"},\"image\":{\"@id\":\"https:\/\/vincentians.com\/es\/#\/schema\/logo\/image\/\"},\"sameAs\":[\"https:\/\/www.facebook.com\/WeAreVincentians\/\",\"https:\/\/x.com\/WeVincentians\"]},{\"@type\":\"Person\",\"@id\":\"https:\/\/vincentians.com\/es\/#\/schema\/person\/9623ef4d9aa3b2dfb8c061f1499288f2\",\"name\":\"Francisco Javier Fern\u00e1ndez Chento\",\"image\":{\"@type\":\"ImageObject\",\"inLanguage\":\"es\",\"@id\":\"https:\/\/vincentians.com\/es\/#\/schema\/person\/image\/\",\"url\":\"https:\/\/secure.gravatar.com\/avatar\/497d5cde87b4c3d097d0315953521681ba2cd523ee66e5077c3711f7021e65de?s=96&d=mm&r=g\",\"contentUrl\":\"https:\/\/secure.gravatar.com\/avatar\/497d5cde87b4c3d097d0315953521681ba2cd523ee66e5077c3711f7021e65de?s=96&d=mm&r=g\",\"caption\":\"Francisco Javier Fern\u00e1ndez Chento\"},\"description\":\"Director General y cofundador de La Red de Formaci\u00f3n Vicenciana. Javier es laico vicenciano, afiliado a la Congregaci\u00f3n de la Misi\u00f3n y miembro del Equipo de Misiones Populares de la provincia can\u00f3nica de Zaragoza (Espa\u00f1a) de la Congregaci\u00f3n de la Misi\u00f3n. Graduado en la Universidad Oberta de Catalunya con cuatro grados (Asistente de direcci\u00f3n, Gesti\u00f3n Administrativa, Recursos Humanos y Contabilidad Avanzada). Bil\u00edng\u00fce Espa\u00f1ol\/Ingl\u00e9s. gestiona y mantiene varias p\u00e1ginas web cristianas y vicencianas, incluida including La Red de Formaci\u00f3n Vicenciana, de la que es cofundador. Actualmente es responsable del \u00e1rea de Espa\u00f1ol de .famvin, la Red de Noticias de la Familia Vicenciana. Tambi\u00e9n es m\u00fasico cat\u00f3lico y ha editado varios discos. Es Director General y cofundador de Trovador, una reconocida compa\u00f1\u00eda discogr\u00e1fica critiana de Espa\u00f1a. Trabaja en las Tecnolog\u00edas de la Informaci\u00f3n, ofreciendo servicios de alojamiento, dise\u00f1o y mantenimiento Web, as\u00ed como asesoramiento, formaci\u00f3n y soluciones inform\u00e1ticas, gesti\u00f3n documental y digitalizaci\u00f3n de textos, edici\u00f3n y maquetaci\u00f3n de libros, revistas, flyers, etc.\",\"sameAs\":[\"http:\/\/chento.org\",\"https:\/\/www.facebook.com\/JavierChento\",\"https:\/\/x.com\/https:\/\/twitter.com\/javierchento\"],\"url\":\"http:\/\/vincentians.com\/es\/author\/chento\/\"}]}<\/script>\n<!-- \/ Yoast SEO plugin. -->","yoast_head_json":{"title":"Triduo para celebrar la beatificaci\u00f3n de sor Margarita Rutan (Primer d\u00eda) - Somos Vicencianos","robots":{"index":"index","follow":"follow","max-snippet":"max-snippet:-1","max-image-preview":"max-image-preview:large","max-video-preview":"max-video-preview:-1"},"canonical":"http:\/\/vincentians.com\/es\/triduo-para-celebrar-la-beatificacion-de-sor-margarita-rutan-primer-dia\/","og_locale":"es_ES","og_type":"article","og_title":"Triduo para celebrar la beatificaci\u00f3n de sor Margarita Rutan (Primer d\u00eda) - Somos Vicencianos","og_description":"Margarita Rutan, H.C. Primer d\u00eda: Oremos para que el Due\u00f1o de la Mies contin\u00fae enviando buenas y generosas vocaciones a la Compa\u00f1\u00eda. S\u00cdMBOLO: ROSTRO DE J\u00d3VENES. MOTIVACI\u00d3N: \u00abHijas m\u00edas, por una Hermana que reciba el ... Read More","og_url":"http:\/\/vincentians.com\/es\/triduo-para-celebrar-la-beatificacion-de-sor-margarita-rutan-primer-dia\/","og_site_name":"Somos Vicencianos","article_publisher":"https:\/\/www.facebook.com\/WeAreVincentians\/","article_author":"https:\/\/www.facebook.com\/JavierChento","article_published_time":"2011-06-20T08:14:59+00:00","author":"Francisco Javier Fern\u00e1ndez Chento","twitter_card":"summary_large_image","twitter_creator":"@https:\/\/twitter.com\/javierchento","twitter_site":"@WeVincentians","twitter_misc":{"Escrito por":"Francisco Javier Fern\u00e1ndez Chento","Tiempo de lectura":"4 minutos"},"schema":{"@context":"https:\/\/schema.org","@graph":[{"@type":"Article","@id":"http:\/\/vincentians.com\/es\/triduo-para-celebrar-la-beatificacion-de-sor-margarita-rutan-primer-dia\/#article","isPartOf":{"@id":"http:\/\/vincentians.com\/es\/triduo-para-celebrar-la-beatificacion-de-sor-margarita-rutan-primer-dia\/"},"author":{"name":"Francisco Javier Fern\u00e1ndez Chento","@id":"https:\/\/vincentians.com\/es\/#\/schema\/person\/9623ef4d9aa3b2dfb8c061f1499288f2"},"headline":"Triduo para celebrar la beatificaci\u00f3n de sor Margarita Rutan (Primer d\u00eda)","datePublished":"2011-06-20T08:14:59+00:00","mainEntityOfPage":{"@id":"http:\/\/vincentians.com\/es\/triduo-para-celebrar-la-beatificacion-de-sor-margarita-rutan-primer-dia\/"},"wordCount":791,"commentCount":0,"publisher":{"@id":"https:\/\/vincentians.com\/es\/#organization"},"image":{"@id":"http:\/\/vincentians.com\/es\/triduo-para-celebrar-la-beatificacion-de-sor-margarita-rutan-primer-dia\/#primaryimage"},"thumbnailUrl":"","articleSection":["Margarita Rutan"],"inLanguage":"es","potentialAction":[{"@type":"CommentAction","name":"Comment","target":["http:\/\/vincentians.com\/es\/triduo-para-celebrar-la-beatificacion-de-sor-margarita-rutan-primer-dia\/#respond"]}]},{"@type":"WebPage","@id":"http:\/\/vincentians.com\/es\/triduo-para-celebrar-la-beatificacion-de-sor-margarita-rutan-primer-dia\/","url":"http:\/\/vincentians.com\/es\/triduo-para-celebrar-la-beatificacion-de-sor-margarita-rutan-primer-dia\/","name":"Triduo para celebrar la beatificaci\u00f3n de sor Margarita Rutan (Primer d\u00eda) - Somos Vicencianos","isPartOf":{"@id":"https:\/\/vincentians.com\/es\/#website"},"primaryImageOfPage":{"@id":"http:\/\/vincentians.com\/es\/triduo-para-celebrar-la-beatificacion-de-sor-margarita-rutan-primer-dia\/#primaryimage"},"image":{"@id":"http:\/\/vincentians.com\/es\/triduo-para-celebrar-la-beatificacion-de-sor-margarita-rutan-primer-dia\/#primaryimage"},"thumbnailUrl":"","datePublished":"2011-06-20T08:14:59+00:00","breadcrumb":{"@id":"http:\/\/vincentians.com\/es\/triduo-para-celebrar-la-beatificacion-de-sor-margarita-rutan-primer-dia\/#breadcrumb"},"inLanguage":"es","potentialAction":[{"@type":"ReadAction","target":["http:\/\/vincentians.com\/es\/triduo-para-celebrar-la-beatificacion-de-sor-margarita-rutan-primer-dia\/"]}]},{"@type":"ImageObject","inLanguage":"es","@id":"http:\/\/vincentians.com\/es\/triduo-para-celebrar-la-beatificacion-de-sor-margarita-rutan-primer-dia\/#primaryimage","url":"","contentUrl":""},{"@type":"BreadcrumbList","@id":"http:\/\/vincentians.com\/es\/triduo-para-celebrar-la-beatificacion-de-sor-margarita-rutan-primer-dia\/#breadcrumb","itemListElement":[{"@type":"ListItem","position":1,"name":"Portada","item":"https:\/\/vincentians.com\/es\/"},{"@type":"ListItem","position":2,"name":"Triduo para celebrar la beatificaci\u00f3n de sor Margarita Rutan (Primer d\u00eda)"}]},{"@type":"WebSite","@id":"https:\/\/vincentians.com\/es\/#website","url":"https:\/\/vincentians.com\/es\/","name":"Somos Vicencianos","description":"Know more to serve more","publisher":{"@id":"https:\/\/vincentians.com\/es\/#organization"},"potentialAction":[{"@type":"SearchAction","target":{"@type":"EntryPoint","urlTemplate":"https:\/\/vincentians.com\/es\/?s={search_term_string}"},"query-input":{"@type":"PropertyValueSpecification","valueRequired":true,"valueName":"search_term_string"}}],"inLanguage":"es"},{"@type":"Organization","@id":"https:\/\/vincentians.com\/es\/#organization","name":"The Vincentian Network","url":"https:\/\/vincentians.com\/es\/","logo":{"@type":"ImageObject","inLanguage":"es","@id":"https:\/\/vincentians.com\/es\/#\/schema\/logo\/image\/","url":"https:\/\/i1.wp.com\/vincentians.com\/es\/wp-content\/uploads\/sites\/11\/2016\/06\/Vincentian-Network-logo-big.png?fit=778%2C778","contentUrl":"https:\/\/i1.wp.com\/vincentians.com\/es\/wp-content\/uploads\/sites\/11\/2016\/06\/Vincentian-Network-logo-big.png?fit=778%2C778","width":778,"height":778,"caption":"The Vincentian Network"},"image":{"@id":"https:\/\/vincentians.com\/es\/#\/schema\/logo\/image\/"},"sameAs":["https:\/\/www.facebook.com\/WeAreVincentians\/","https:\/\/x.com\/WeVincentians"]},{"@type":"Person","@id":"https:\/\/vincentians.com\/es\/#\/schema\/person\/9623ef4d9aa3b2dfb8c061f1499288f2","name":"Francisco Javier Fern\u00e1ndez Chento","image":{"@type":"ImageObject","inLanguage":"es","@id":"https:\/\/vincentians.com\/es\/#\/schema\/person\/image\/","url":"https:\/\/secure.gravatar.com\/avatar\/497d5cde87b4c3d097d0315953521681ba2cd523ee66e5077c3711f7021e65de?s=96&d=mm&r=g","contentUrl":"https:\/\/secure.gravatar.com\/avatar\/497d5cde87b4c3d097d0315953521681ba2cd523ee66e5077c3711f7021e65de?s=96&d=mm&r=g","caption":"Francisco Javier Fern\u00e1ndez Chento"},"description":"Director General y cofundador de La Red de Formaci\u00f3n Vicenciana. Javier es laico vicenciano, afiliado a la Congregaci\u00f3n de la Misi\u00f3n y miembro del Equipo de Misiones Populares de la provincia can\u00f3nica de Zaragoza (Espa\u00f1a) de la Congregaci\u00f3n de la Misi\u00f3n. Graduado en la Universidad Oberta de Catalunya con cuatro grados (Asistente de direcci\u00f3n, Gesti\u00f3n Administrativa, Recursos Humanos y Contabilidad Avanzada). Bil\u00edng\u00fce Espa\u00f1ol\/Ingl\u00e9s. gestiona y mantiene varias p\u00e1ginas web cristianas y vicencianas, incluida including La Red de Formaci\u00f3n Vicenciana, de la que es cofundador. Actualmente es responsable del \u00e1rea de Espa\u00f1ol de .famvin, la Red de Noticias de la Familia Vicenciana. Tambi\u00e9n es m\u00fasico cat\u00f3lico y ha editado varios discos. Es Director General y cofundador de Trovador, una reconocida compa\u00f1\u00eda discogr\u00e1fica critiana de Espa\u00f1a. Trabaja en las Tecnolog\u00edas de la Informaci\u00f3n, ofreciendo servicios de alojamiento, dise\u00f1o y mantenimiento Web, as\u00ed como asesoramiento, formaci\u00f3n y soluciones inform\u00e1ticas, gesti\u00f3n documental y digitalizaci\u00f3n de textos, edici\u00f3n y maquetaci\u00f3n de libros, revistas, flyers, etc.","sameAs":["http:\/\/chento.org","https:\/\/www.facebook.com\/JavierChento","https:\/\/x.com\/https:\/\/twitter.com\/javierchento"],"url":"http:\/\/vincentians.com\/es\/author\/chento\/"}]}},"jetpack_publicize_connections":[],"jetpack_featured_media_url":"","jetpack_sharing_enabled":true,"jetpack_shortlink":"https:\/\/wp.me\/p7ETMF-beU","jetpack-related-posts":[{"id":119586,"url":"http:\/\/vincentians.com\/es\/margarita-rutan-la-palabra-de-dios-luz-y-fuerza-en-la-vida\/","url_meta":{"origin":43208,"position":0},"title":"Margarita Rutan: la Palabra de Dios, luz y fuerza en la vida","author":"Francisco Javier Fern\u00e1ndez Chento","date":"11\/04\/2013","format":false,"excerpt":"Introducci\u00f3n En 1756, Margarita Rutan entra en la Compa\u00f1\u00eda de las Hijas de la Caridad para estar presente en los lugares donde la vida es precaria y est\u00e1 amenazada, para servir y estar cerca de los que sufren y de aquellos a quienes la historia margina o excluye. A ejemplo\u2026","rel":"","context":"En \u00abMargarita Rutan\u00bb","block_context":{"text":"Margarita Rutan","link":"http:\/\/vincentians.com\/es\/category\/la-familia-vicenciana\/la-familia-vicenciana-en-los-altares\/beatos\/margarita-rutan\/"},"img":{"alt_text":"Margarita Rutan, H.C.","src":"https:\/\/i0.wp.com\/vicencianos.org\/wp-content\/2011\/06\/rutan-210x300.jpg?resize=350%2C200","width":350,"height":200},"classes":[]},{"id":43216,"url":"http:\/\/vincentians.com\/es\/triduo-para-celebrar-la-beatificacion-de-sor-margarita-rutan-tercer-dia\/","url_meta":{"origin":43208,"position":1},"title":"Triduo para celebrar la beatificaci\u00f3n de sor Margarita Rutan (Tercer d\u00eda)","author":"Francisco Javier Fern\u00e1ndez Chento","date":"22\/06\/2011","format":false,"excerpt":"Margarita Rutan, H.C. Tercer d\u00eda: Oremos para que nuestra Vida comunitaria, sea profec\u00eda de amor y camino de esperanza. S\u00cdMBOLO: La Constituciones de la Compa\u00f1\u00eda describe el camino que recorrieron nuestras Hermanas. Es un camino espiritual, un camino apost\u00f3lico y misionero, un camino comunitario. MOTIVACI\u00d3N: \"As\u00ed no tenemos que ser\u2026","rel":"","context":"En \u00abMargarita Rutan\u00bb","block_context":{"text":"Margarita Rutan","link":"http:\/\/vincentians.com\/es\/category\/la-familia-vicenciana\/la-familia-vicenciana-en-los-altares\/beatos\/margarita-rutan\/"},"img":{"alt_text":"Margarita Rutan, H.C.","src":"https:\/\/i0.wp.com\/vicencianos.org\/wp-content\/2011\/06\/rutan-210x300.jpg?resize=350%2C200","width":350,"height":200},"classes":[]},{"id":41775,"url":"http:\/\/vincentians.com\/es\/la-beatificacion-de-sor-margarita-rutan-el-19-de-junio-de-2011\/","url_meta":{"origin":43208,"position":2},"title":"La Beatificaci\u00f3n de Sor Margarita Rutan, el 19 de junio de 2011","author":"Francisco Javier Fern\u00e1ndez Chento","date":"06\/06\/2011","format":false,"excerpt":"\"La vida de los Santos no comprende s\u00f3lo su biograf\u00eda terrena, sino tambi\u00e9n su vida y actuaci\u00f3n en Dios despu\u00e9s de la muerte. En los santos es evidente que, quien va hacia Dios no se aleja de los hombres, sino que se est\u00e1 realmente cercano a ellos\" (Deus Caritas est,\u2026","rel":"","context":"En \u00abMargarita Rutan\u00bb","block_context":{"text":"Margarita Rutan","link":"http:\/\/vincentians.com\/es\/category\/la-familia-vicenciana\/la-familia-vicenciana-en-los-altares\/beatos\/margarita-rutan\/"},"img":{"alt_text":"Margarita Rutan, H.C.","src":"https:\/\/i0.wp.com\/vicencianos.org\/wp-content\/2011\/06\/rutan-210x300.jpg?resize=350%2C200","width":350,"height":200},"classes":[]},{"id":22558,"url":"http:\/\/vincentians.com\/es\/sor-margarita-rutan-intrepida-hija-de-la-caridad-martir-de-la-fe\/","url_meta":{"origin":43208,"position":3},"title":"Sor Margarita Rutan, Intr\u00e9pida Hija de la Caridad, m\u00e1rtir de la fe","author":"Francisco Javier Fern\u00e1ndez Chento","date":"14\/08\/2013","format":false,"excerpt":"Pr\u00f3xima la beatificaci\u00f3n de la sierva de Dios Sor Margarita Rutan, con este\u00a0Power Point invitamos a la familia\u00a0vicenciana de lengua hisp\u00e1nica a recordar\u00a0la vida y vitudes de esta Hija de la Caridad que logr\u00f3\u00a0vivir su entrega Dios para el servicio de los pobres, hasta derramar su propia sangre\u00a0en fidelidad a\u2026","rel":"","context":"En \u00abHijas de la Caridad\u00bb","block_context":{"text":"Hijas de la Caridad","link":"http:\/\/vincentians.com\/es\/category\/la-familia-vicenciana\/ramas\/hijas-de-la-caridad\/"},"img":{"alt_text":"","src":"https:\/\/i0.wp.com\/vicencianos.org\/wp-content\/2010\/11\/margaritarutan.jpg?resize=350%2C200","width":350,"height":200},"classes":[]},{"id":43435,"url":"http:\/\/vincentians.com\/es\/reflexiones-de-sor-evelyne-y-del-p-gregory-gay-sobre-la-beatificacion-de-margarita-rutan\/","url_meta":{"origin":43208,"position":4},"title":"Reflexiones de Sor Evelyne y del P. Gregory Gay sobre la beatificaci\u00f3n de Margarita Rutan","author":"Francisco Javier Fern\u00e1ndez Chento","date":"25\/06\/2011","format":false,"excerpt":"La beatificaci\u00f3n de Sor Margarita Rutan el 19 de junio de 2011 en Dax (Francia) fue un momento de gran alegr\u00eda para todos los miembros de la Familia Vicenciana, en especial para los sacerdotes, hermanos y hermanas de las comunidades religiosas fundadas por San Vicente de Pa\u00fal y Santa Luisa\u2026","rel":"","context":"En \u00abMargarita Rutan\u00bb","block_context":{"text":"Margarita Rutan","link":"http:\/\/vincentians.com\/es\/category\/la-familia-vicenciana\/la-familia-vicenciana-en-los-altares\/beatos\/margarita-rutan\/"},"img":{"alt_text":"Margarita Rutan, H.C.","src":"https:\/\/i0.wp.com\/vicencianos.org\/wp-content\/2011\/06\/rutan-210x300.jpg?resize=350%2C200","width":350,"height":200},"classes":[]},{"id":144951,"url":"http:\/\/vincentians.com\/es\/cinco-flashes-sobre-santos-vicencianos-menos-conocidos\/","url_meta":{"origin":43208,"position":5},"title":"Cinco flashes sobre \u00abSantos\u00bb vicencianos menos conocidos","author":"Francisco Javier Fern\u00e1ndez Chento","date":"12\/05\/2015","format":false,"excerpt":"En 1918, el historiador, Lytton Strachey, afirmaba que al escribir la historia, menos es con frecuencia m\u00e1s. En otros t\u00e9rminos, la selecci\u00f3n verdadera es mucho m\u00e1s importante que el volumen. Escrib\u00eda: \u00ab No es mediante el m\u00e9todo directo de un relato escrupuloso como el explorador del pasado puede esperar describir\u2026","rel":"","context":"En \u00abFormaci\u00f3n Vicenciana\u00bb","block_context":{"text":"Formaci\u00f3n Vicenciana","link":"http:\/\/vincentians.com\/es\/category\/formacion-vicenciana\/"},"img":{"alt_text":"saintsbeaticomplete1","src":"https:\/\/i0.wp.com\/vicencianos.org\/wp-content\/2015\/05\/saintsbeaticomplete1-300x223.jpg?resize=350%2C200","width":350,"height":200},"classes":[]}],"_links":{"self":[{"href":"http:\/\/vincentians.com\/es\/wp-json\/wp\/v2\/posts\/43208","targetHints":{"allow":["GET"]}}],"collection":[{"href":"http:\/\/vincentians.com\/es\/wp-json\/wp\/v2\/posts"}],"about":[{"href":"http:\/\/vincentians.com\/es\/wp-json\/wp\/v2\/types\/post"}],"author":[{"embeddable":true,"href":"http:\/\/vincentians.com\/es\/wp-json\/wp\/v2\/users\/4"}],"replies":[{"embeddable":true,"href":"http:\/\/vincentians.com\/es\/wp-json\/wp\/v2\/comments?post=43208"}],"version-history":[{"count":0,"href":"http:\/\/vincentians.com\/es\/wp-json\/wp\/v2\/posts\/43208\/revisions"}],"wp:featuredmedia":[{"embeddable":true,"href":"http:\/\/vincentians.com\/es\/wp-json\/"}],"wp:attachment":[{"href":"http:\/\/vincentians.com\/es\/wp-json\/wp\/v2\/media?parent=43208"}],"wp:term":[{"taxonomy":"category","embeddable":true,"href":"http:\/\/vincentians.com\/es\/wp-json\/wp\/v2\/categories?post=43208"},{"taxonomy":"post_tag","embeddable":true,"href":"http:\/\/vincentians.com\/es\/wp-json\/wp\/v2\/tags?post=43208"}],"curies":[{"name":"wp","href":"https:\/\/api.w.org\/{rel}","templated":true}]}}