{"id":43203,"date":"2021-11-23T07:55:55","date_gmt":"2021-11-23T06:55:55","guid":{"rendered":"http:\/\/somos.vicencianos.org\/?p=43203"},"modified":"2021-07-15T12:31:24","modified_gmt":"2021-07-15T10:31:24","slug":"nuevas-pistas-de-investigacion-para-la-historia-del-vicencianismo","status":"publish","type":"post","link":"http:\/\/vincentians.com\/es\/nuevas-pistas-de-investigacion-para-la-historia-del-vicencianismo\/","title":{"rendered":"Nuevas pistas de investigaci\u00f3n para la historia del vicencianismo"},"content":{"rendered":"<p>Cada generaci\u00f3n siente la necesidad de volver sobre los propios pasos, remontarse a los or\u00edgenes y recorrer el camino que la ha lle\u00advado a los cambios que conocemos. La historia no termina nunca de escribirse. Existen dos recorridos que nos llevan a escribir una vez m\u00e1s la historia:<\/p>\n<ul>\n<li>el encuentro de nuevos documentos;<\/li>\n<li>la presentaci\u00f3n de nuevas preguntas.<\/li>\n<\/ul>\n<p>Empujada por estas dos fuerzas, la investigaci\u00f3n hist\u00f3rica prosi\u00adgue inagotable. En cierto sentido la historia es siempre \u00abrevisionis\u00adta\u00bb,<span id='easy-footnote-1-43203' class='easy-footnote-margin-adjust'><\/span><span class='easy-footnote'><a href='http:\/\/vincentians.com\/es\/nuevas-pistas-de-investigacion-para-la-historia-del-vicencianismo\/#easy-footnote-bottom-1-43203' title='Con este t\u00e9rmino se intenta definir la posici\u00f3n de aquellos historiadores que quieren poner en discusi\u00f3n las posiciones de alg\u00fan modo \u00abortodoxas\u00bb de sus colegas. La historiograf\u00eda revisionista de la revoluci\u00f3n francesa de Fure ha \u00abrevisado\u00bb las posiciones de la historiograf\u00eda cl\u00e1sica, es decir jacobino-marxista, presentando un rostro distinto de la revoluci\u00f3n. E. Nolte ha hecho lo mismo con el nazismo, escribiendo que el exterminio de clase de los bol\u00adcheviques fue el precedente del exterminio de raza de los nazis. Naturalmente no es suficiente poner una tesis contradictoria y provocativa para intentar el t\u00edtulo de \u00abrevisionista\u00bb. \u00bfSe puede considerar tal la posici\u00f3n de C. Faurisson, historiador franc\u00e9s, que ha negado el holocausto?'><sup>1<\/sup><\/a><\/span> en cuanto que nunca est\u00e1 contenta con los resultados consegui\u00addos: quiere ver m\u00e1s, entender m\u00e1s, conocer m\u00e1s.<\/p>\n<p>Para proceder en este terreno, es necesario sin embargo tener cla\u00adros los puntos de partida, que son los documentos. Hay documentos escritos, como cartas, sermones, reglamentos, contratos. Pero existen tambi\u00e9n otros documentos no escritos que son igualmente elocuen\u00adtes: sellos, cuadros, trofeos, vestidos. El sombrero y el manto del santo que se encuentran en Tur\u00edn, el coraz\u00f3n que se encuentra en la calle du Bac son documentos. El retrato conservado en la Biblioteca Mazarino de Par\u00eds, editado por Maurice Piquard, y atribuido a San Vicente, es un documento. Como su pluma, los sellos, el p\u00falpito de Folleville, las murallas de Dax. Tambi\u00e9n son documentos los cuadros de Le Nain, los grabados de Callot, as\u00ed como las salas del castillo de Saint-Germain-en Laye o la del Museo de la Asistencia p\u00fablica. Documento es, por consiguiente, todo lo que ilustra al personaje. Podemos a\u00f1adir que tambi\u00e9n son documentos los escritos de otras personas que iluminan el tiempo o la personalidad del santo.<\/p>\n<p>Existe despu\u00e9s una historia material que hay que conocer: las gale\u00adras, las casas landesas, los h\u00e1bitos alimenticios, la medicina, los trans\u00adportes. En una visita al Museo de la Marina en Par\u00eds se puede estudiar la galera, y vislumbrar la fatiga de los remeros, la ira del c\u00f3mitre, el azote de la lluvia y el viento, o el peso de la can\u00edcula sobre un mar en bonanza. Y cuando se iluminan ciertas p\u00e1ginas del santo, se entiende y se conoce mucho m\u00e1s. Como libros de base, naturalmente, debemos poner la Opera omnia del santo.<span id='easy-footnote-2-43203' class='easy-footnote-margin-adjust'><\/span><span class='easy-footnote'><a href='http:\/\/vincentians.com\/es\/nuevas-pistas-de-investigacion-para-la-historia-del-vicencianismo\/#easy-footnote-bottom-2-43203' title='VICENTE DE PA\u00daL, &lt;em&gt;Correspondance, entretiens, documents, &lt;\/em&gt;ed. P. Coste, 14 voll., Par\u00eds 1920-1925; XV, Par\u00eds 1970; traducci\u00f3n espa\u00f1ola, italiana, inglesa. Una nueva traducci\u00f3n italiana con criterios originales est\u00e1 en curso. Los editores italianos han pensado renovar la obra. Parten de un texto franc\u00e9s revisado, corregido y que incluye las aportaciones posteriores. Despu\u00e9s han confiado la traducci\u00f3n a un grupo de expertos y expertas preparados y moti\u00advados. No es f\u00e1cil conciliar en este caso fidelidad y modernidad. Se puede discutir hasta el infinito c\u00f3mo traducir el t\u00e9rmino Monsieur Vincent. En los a\u00f1os sesenta se traduc\u00eda \u00abSe\u00f1or Vicente\u00bb. Pero en el dos mil tal traducci\u00f3n ser\u00eda incomprensible. La alternativa era de dejarlo intacto, quiz\u00e1s entre comi\u00adllas, como han hecho los editores americanos. Exist\u00eda un problema semejante para el t\u00e9rmino &lt;em&gt;Mademoiselle &lt;\/em&gt;referido principalmente a Luisa de Marillac. Como mujer casada deber\u00eda haber sido llamada Madame, pero como se hab\u00eda casado con un hombre de condici\u00f3n inferior fue reducida al t\u00edtulo de Se\u00f1o\u00adrita. Esto va bien para los franceses. Pero \u00bfc\u00f3mo expresar tales matices en italiano? \u00bfLlamarla se\u00f1orita o se\u00f1ora? El problema era sutil. Se ha elegido por consiguiente traducir Monsieur por \u00abpadre\u00bb o \u00abse\u00f1or\u00bb, seg\u00fan las circuns\u00adtancias, dejando invariable el t\u00edtulo de &lt;em&gt;Mademoiselle &lt;\/em&gt;para Luisa de Marillac. Estaba despu\u00e9s el &lt;em&gt;vous. &lt;\/em&gt;Tambi\u00e9n aqu\u00ed hubo discusiones. Al final se ha optado por una fidelidad mayor al italiano. Seg\u00fan el contexto se ha transformado en t\u00fa o usted. Para Santa Luisa se utiliza el t\u00e9rmino \u00abusted\u00bb como para el resto Portail o Lambert o Couteaux. En la edici\u00f3n inglesa se ha preferido mantener en franc\u00e9s los t\u00e9rminos monetarios (&lt;em&gt;livre, \u00e9cu&lt;\/em&gt;) o institucionales (&lt;em&gt;Parlement, Chambre des Comptes, coll\u00e8ge&lt;\/em&gt;) cosa que no ha ocurrido en italiano. Las frases han sido divididas posteriormente, cuando eran demasiado complicadas y prolijas. Se han conservado no obstante expresiones como honrar (&lt;em&gt;honorer&lt;\/em&gt;), devoci\u00f3n (&lt;em&gt;d\u00e9votion&lt;\/em&gt;), estados de vida (&lt;em&gt;\u00e9tats&lt;\/em&gt;), esp\u00edritu (&lt;em&gt;esprit&lt;\/em&gt;). Cada una de estas expresiones tiene un rico substrato. Pensemos cuando el santo habla de \u00abhon\u00adrar los estados de Jesucristo\u00bb. Honrar quiere decir participar, pero tambi\u00e9n considerar con particular intensidad, contemplar la Encarnaci\u00f3n en sus dis\u00adtintas fases. Ha sido importante introducir notas capaces de ayudar al lector a entender los matices y las implicaciones de una lengua lejana en el tiempo, pero de plena actualidad. Es lo que se ha intentado hacer.'><sup>2<\/sup><\/a><\/span> Son \u00fatiles los diccionarios vicencia\u00adnos<span id='easy-footnote-3-43203' class='easy-footnote-margin-adjust'><\/span><span class='easy-footnote'><a href='http:\/\/vincentians.com\/es\/nuevas-pistas-de-investigacion-para-la-historia-del-vicencianismo\/#easy-footnote-bottom-3-43203' title='&lt;em&gt;Diccionario de espiritualidad vicenciana, &lt;\/em&gt;Salamanca 1995; &lt;em&gt;Dizionario sto\u00adrico spirituale vincenziano, &lt;\/em&gt;a cargo de L. Mezzadri, Roma 2003.'><sup>3<\/sup><\/a><\/span> y una obra de iniciaci\u00f3n para conocer al santo.<span id='easy-footnote-4-43203' class='easy-footnote-margin-adjust'><\/span><span class='easy-footnote'><a href='http:\/\/vincentians.com\/es\/nuevas-pistas-de-investigacion-para-la-historia-del-vicencianismo\/#easy-footnote-bottom-4-43203' title='L. MEZZADRI, &lt;em&gt;La sete e la sorgente. Iniziazione agli studi vincenziani, &lt;\/em&gt;2 voll., Roma 1992-1993.'><sup>4<\/sup><\/a><\/span>\n<h2><strong>1. <em>Investigaci\u00f3n sobre el santo y su pensamiento<\/em><\/strong><\/h2>\n<p>Conocemos bien a San Vicente. Las biograf\u00edas son innumerables, desde las de mayor autoridad hasta las de divulgaci\u00f3n. A pesar de todo, estamos convencidos de que no bastan Coste<span id='easy-footnote-5-43203' class='easy-footnote-margin-adjust'><\/span><span class='easy-footnote'><a href='http:\/\/vincentians.com\/es\/nuevas-pistas-de-investigacion-para-la-historia-del-vicencianismo\/#easy-footnote-bottom-5-43203' title='P. COSTE, &lt;em&gt;Le grand saint du grand si\u00e9cle. Monsieur Vincent, &lt;\/em&gt;3 voll., Par\u00eds 1932.'><sup>5<\/sup><\/a><\/span> y Rom\u00e1n.<span id='easy-footnote-6-43203' class='easy-footnote-margin-adjust'><\/span><span class='easy-footnote'><a href='http:\/\/vincentians.com\/es\/nuevas-pistas-de-investigacion-para-la-historia-del-vicencianismo\/#easy-footnote-bottom-6-43203' title='J.M. ROM\u00c1N, &lt;em&gt;San Vincenzo de\u2019 Paoli. &lt;\/em&gt;&lt;em&gt;Biografia, &lt;\/em&gt;Mil\u00e1n 1986.'><sup>6<\/sup><\/a><\/span> Nada es jam\u00e1s definitivo.<span id='easy-footnote-7-43203' class='easy-footnote-margin-adjust'><\/span><span class='easy-footnote'><a href='http:\/\/vincentians.com\/es\/nuevas-pistas-de-investigacion-para-la-historia-del-vicencianismo\/#easy-footnote-bottom-7-43203' title='L. MEZZADRI &amp;#8211; L. NUEVO, &lt;em&gt;San Vincenzo de\u2019 Paoli. Pagine scelte, &lt;\/em&gt;Roma 1981; L. MEZZADRI, &lt;em&gt;San Vincenzo de\u2019 Paoli. &lt;\/em&gt;&lt;em&gt;Una carit\u00e0 senza frontiere, &lt;\/em&gt;Cinisello Bal\u00adsamo 1986; 2\u00aa ed. 1989; esta biograf\u00eda pretend\u00eda colocar al santo en el ambiente de su tiempo. Comienza present\u00e1ndonos los horizontes de partida. Son los de un campesino gasc\u00f3n, que trata de abrirse camino, utilizando los medios que le brinda su cultura. Y como el \u00fanico medio para salir a flote es hacerse sacerdote, aqu\u00ed est\u00e1 Vicente marchando hacia el presbiterado. La \u00abconversi\u00f3n\u00bb es antes que nada recuperaci\u00f3n del sentido del sacerdote, de ser hombre para los otros. Viene despu\u00e9s el nudo de 1617 y el ensanche pro\u00adgresivo de la acci\u00f3n del Santo. El autor revaloriza en varios cap\u00edtulos los estu\u00addios de historia pol\u00edtica, social y religiosa que explican el sentido de las varias opciones; L. MEZZADRI, &lt;em&gt;S. Vincenzo de\u2019 Paoli. Una vita spesa per gli altri, &lt;\/em&gt;Roma 1989. Es una biograf\u00eda m\u00e1s interna, m\u00e1s espiritual, quiz\u00e1s m\u00e1s ampliada, pero esto viene determinado por el deseo del autor de transmitir al lector el sentido de la belleza y bravura de una experiencia no valorada por todos en su sentido justo; L. MEZZADRI, &lt;em&gt;S. Vincenzo de\u2019 Paoli e il carisma della carit\u00e0, &lt;\/em&gt;Roma 2002. El autor en este trabajo, denso pero vivo, nos presenta el carisma como un fuego del que salen como m\u00faltiples chispas las iniciativas de caridad.'><sup>7<\/sup><\/a><\/span> La pregunta sobre la esclavitud no est\u00e1 resuelta. Tenemos que encontrar alguna verificaci\u00f3n que demuestre que ha sido esclavo. Pero si no lo ha sido \u00bfdonde estaba? El resto de su his\u00adtoria se ha investigado con diligencia. Quisi\u00e9ramos m\u00e1s noticias sobre sus interlocutores y sobre sus relaciones. Alg\u00fan otro aspecto merece profundizarse. Coste ha escrito sobre el Gran santo. Pero qui\u00adz\u00e1s el \u00abgran siglo\u00bb es todav\u00eda parcialmente desconocido \u00bfQu\u00e9 sabe\u00admos de las relaciones del santo con los movimientos de revueltas populares (<em>los croquants-labriegos<\/em>)?<span id='easy-footnote-8-43203' class='easy-footnote-margin-adjust'><\/span><span class='easy-footnote'><a href='http:\/\/vincentians.com\/es\/nuevas-pistas-de-investigacion-para-la-historia-del-vicencianismo\/#easy-footnote-bottom-8-43203' title='Y.M. BERC\u00c9, &lt;em&gt;Histoire des croquants, &lt;\/em&gt;Par\u00eds 1986.'><sup>8<\/sup><\/a><\/span> \u00bfO con los pol\u00edticos? \u00bfO con los grandes reformadores? No cambiar\u00e1 la sustancia de la biograf\u00eda, pero conoceremos mejor el significado de tales elecciones. Esto requerir\u00e1 explorar mejor algunos archivos: el del Vaticano, los Archi\u00advos nacionales de Par\u00eds, otros archivos regionales, fondos de grandes familias y de \u00f3rdenes religiosas.<\/p>\n<p>Se ha estudiado bastante su pensamiento. Quiz\u00e1s mereciera la pena profundizar ciertos aspectos, como la cuesti\u00f3n del \u00abpeque\u00f1o n\u00famero de salvados\u00bb, las preguntas relativas a la confesi\u00f3n como sacramento y la confesi\u00f3n general. Se ha afrontado el problema de la mariolog\u00eda pero no se ha resuelto. Podemos interrogarnos tambi\u00e9n sobre el santo oyente de la palabra de Dios. No se han afrontado la Cristolog\u00eda y la eclesiolog\u00eda con resultados apreciables. Tambi\u00e9n merecen una atenci\u00f3n las cuestiones relativas a la relaci\u00f3n caridad\/ justicia, pobreza\/riqueza, guerra\/paz, cristianismo\/islam.<\/p>\n<p>Teniendo en cuenta que no podemos ni debemos ser repetidores del santo, es evidente que debemos poner el objetivo en la superaci\u00f3n de los principios del santo. La teolog\u00eda de SV es la teolog\u00eda sorb\u00f3nica del siglo XVII. Se han realizado enormes progresos con relaci\u00f3n al tema de la cristolog\u00eda, la gracia, la Iglesia, la salvaci\u00f3n y los sacra\u00admentos. En cada uno de estos temas debemos \u00abactualizar\u00bb las posi\u00adciones del santo, para no correr el riesgo de ser repetidores de una teolog\u00eda muerta.<\/p>\n<h2><strong>2. <\/strong><strong><em>Espionaje en la congregaci\u00f3n<\/em><\/strong><\/h2>\n<p>Incluso un observador superficial comprende que el escaso inter\u00e9s por los estudios sobre la historia de la congregaci\u00f3n, que son pocos,<span id='easy-footnote-9-43203' class='easy-footnote-margin-adjust'><\/span><span class='easy-footnote'><a href='http:\/\/vincentians.com\/es\/nuevas-pistas-de-investigacion-para-la-historia-del-vicencianismo\/#easy-footnote-bottom-9-43203' title='C.-J. LACOUR, &lt;em&gt;Histoire g\u00e9n\u00e9rale de la Congr\u00e9gation de la Mission com\u00admen\u00e7ant depuis la mort du B. Vincent de Paul et finissant vers l\u2019ann\u00e9e 1720&amp;#8230;, &lt;\/em&gt;ms. En el Archivo de la Curia General de Roma. La edici\u00f3n publicada es: &lt;em&gt;Histoire g\u00e9n\u00e9rale de la Congr\u00e9gation de la Mission, &lt;\/em&gt;en &lt;em&gt;Annales de la Congr\u00e9ga\u00adtion de la Mission &lt;\/em&gt;62 (1897) 137-329; 63 (1898) 131-161, 312-329, 620-635; 64 (1899) 156-176, 411-430, 509-535; 65 (1900) 290-306, 424-442; 66 (1901) 126-448, 570-580; 67 (1902) 148-154, 269-303, 572-604, A. ALLOU, &lt;em&gt;Pr\u00e9cis de l\u2019histoire de la Congr\u00e9gation de la Mission depuis la fondation en 1625 jusqu\u2019\u00e1 la mort de M. Etienne en 1874, &lt;\/em&gt;en &lt;em&gt;Annales de la Congr\u00e9gation de la Mission &lt;\/em&gt;89 (1924) 575-1026; 90 (1925) 5-223; P. COSTE, &lt;em&gt;La Congr\u00e9gation de la Mission dite de Saint-Lazare, &lt;\/em&gt;Par\u00eds 1927; E. ROBERT, &lt;em&gt;Histoire de la Congr\u00e9gation de la Mission, &lt;\/em&gt;en &lt;em&gt;Annales de la Congr\u00e9gation de la Mission &lt;\/em&gt;95 (1930) 686-696; 96 (1931) 24-32, 294-319, 457-475, 700-713; 97 (1932) 7-15, 221-234, 417-434, 661-676; 98 (1933) 51-64, 224-241, 441-461, 679-703; 99 (1934) 13-30, 229-241, 437-454, 680-700; 100 (1935) 37-55, 229-248, 523-548, 758-780; 101 (1936) 5-30, 201-223, 481-508, 773-776; 112 (1937) 5-26, 277-310, 543, 569, 785-825; 103 (1938) 3-58, 169-220, 417-460, 641-683; 104 (1939) 3-53, 257-319, 645-676; 105 (1940) 39-72; 106-107 (1941-1942) 88-123; 108-109 (1943-1944) 64-91; 110-112 (1945-1947) 147-166, 366-399; G. GOYAU, &lt;em&gt;La Congr\u00e9gation de la Mis\u00adsion des Lazaristes, &lt;\/em&gt;Par\u00eds 1938; J. HERRERA, &lt;em&gt;Historia de la Congregaci\u00f3n de la Misi\u00f3n, &lt;\/em&gt;Madrid 1949; R.S. POOLE, &lt;em&gt;A History of the Congregation of the Misi\u00f3n &lt;\/em&gt;(1625-1843), s.l. 1973; L. MEZZADRI &amp;#8211; J.M. ROM\u00c1N, &lt;em&gt;Storia della Congregazione della Missione, &lt;\/em&gt;I. &lt;em&gt;Dalla fondazione alla fine del XVII secolo &lt;\/em&gt;(1625-1843), s.l. 1973; L. MEZZADRI &amp;#8211; F. ONNIS, &lt;em&gt;Storia della Congregazione della Missione, &lt;\/em&gt;II. &lt;em&gt;La Congregazione della Missione nel sec. XVIII: Francia, Italia e Missioni &lt;\/em&gt;(1697-1788), Roma 2000.'><sup>9<\/sup><\/a><\/span> se debe explicar. Tal vez haya habido un dise\u00f1o por parte de la cima de la congregaci\u00f3n, tendente a mostrar s\u00f3lo los acontecimientos edi\u00adficantes ocultando aquellos que lo eran menos. El enfrentamiento por llevar la curia general a Roma se ha puesto siempre h\u00e1bilmente en un segundo plano. El objetivo de la historia no es \u00abedificar\u00bb, sino \u00abcomprender\u00bb, \u00abexplicar\u00bb, ayudar a llegar hasta las causas de cier\u00adtos acontecimientos. S\u00f3lo recientemente se ha entendido la utilidad de una historia de la congregaci\u00f3n extirpada de pol\u00e9micas nacio\u00adnalistas.<span id='easy-footnote-10-43203' class='easy-footnote-margin-adjust'><\/span><span class='easy-footnote'><a href='http:\/\/vincentians.com\/es\/nuevas-pistas-de-investigacion-para-la-historia-del-vicencianismo\/#easy-footnote-bottom-10-43203' title='L. MEZZADRI &amp;#8211; J.M. ROM\u00c1N, &lt;em&gt;Storia della Congregazione della Missione, &lt;\/em&gt;I. &lt;em&gt;Dalla fondazione alla fine del XVII secolo &lt;\/em&gt;(1625-1697), Roma 1992; L. MEZ\u00adZADRI &amp;#8211; F. ONNIS, &lt;em&gt;Storia della Congregazione della Missione nel sec. XVIII: Fran\u00adcia, Italia e Missioni &lt;\/em&gt;(1697-1788), Roma 2000.'><sup>10<\/sup><\/a><\/span>\n<p>Adentrarme en el estudio de la historia de la congregaci\u00f3n no ha sido un encargo oficial, sino un encuentro fortuito. Al comienzo de los a\u00f1os 70 encontr\u00e9 en el Archivo del Colegio Leoniano de Roma algunos vol\u00famenes encuadernados de cartas titulados <em>Cartas france\u00adsas. <\/em>Recog\u00edan la correspondencia entre los superiores generales y el procurador franc\u00e9s de la Congregaci\u00f3n en Roma. Despu\u00e9s de una primera lectura entend\u00ed que se trataba de material muy importante. Las cartas transpiraban una fuerte tensi\u00f3n dentro de la congregaci\u00f3n y, m\u00e1s en concreto, entre la curia de San L\u00e1zaro, los misioneros ita\u00adlianos y la Santa Sede.<span id='easy-footnote-11-43203' class='easy-footnote-margin-adjust'><\/span><span class='easy-footnote'><a href='http:\/\/vincentians.com\/es\/nuevas-pistas-de-investigacion-para-la-historia-del-vicencianismo\/#easy-footnote-bottom-11-43203' title='L. MEZZADRI, &lt;em&gt;Gallicanesimo e vita religiosa, &lt;\/em&gt;en &lt;em&gt;Divus Thomas &lt;\/em&gt;76 (1973) 65-109.'><sup>11<\/sup><\/a><\/span>\n<p>Todo hab\u00eda comenzado a la muerte de Edme Jolly (26 de marzo de 1697), segundo sucesor de S. Vicente al frente de la congregaci\u00f3n, cuando el rey Luis XIV que hab\u00eda objetado la elecci\u00f3n como sucesor, de Maurice Faure, que era s\u00fabdito de Saboya, y hab\u00eda propuesto que fuese elegido un franc\u00e9s. La instrucci\u00f3n del 28 de enero de 1699 al pr\u00edncipe de M\u00f3naco, encargado de una misi\u00f3n en Roma, consideraba la Congregaci\u00f3n de la Misi\u00f3n como una instituci\u00f3n francesa, que ten\u00eda, pero esto se consideraba casi como una excepci\u00f3n, algunas casas fuera de Francia. En base por consiguiente a las costumbres galicanas, el rey no pod\u00eda permitir que un extranjero fuese elegido cabeza de tal instituto, encargado adem\u00e1s de regir algunas parro\u00adquias y capillas erigidas en lugares donde resid\u00eda la corte.<span id='easy-footnote-12-43203' class='easy-footnote-margin-adjust'><\/span><span class='easy-footnote'><a href='http:\/\/vincentians.com\/es\/nuevas-pistas-de-investigacion-para-la-historia-del-vicencianismo\/#easy-footnote-bottom-12-43203' title='\u00abLa Congr\u00e9gation des pr\u00eatres de la Mission ayant ses principaux \u00e9tablis\u00adsements en France et peu de maisons dans les pays \u00e9trangers, l\u2019\u00e9lection d\u2019un sup\u00e9rieur g\u00e9n\u00e9ral a toujours regard\u00e9 un Fran\u00e7ois sujet du Roi. Le sieur Joly, sup\u00e9rieur g\u00e9n\u00e9ral, \u00e9tant mort pendant le cours de la derni\u00e8re guerre, Sa Majest\u00e9 jugea qu\u2019une pareille conjoncture m\u00e9ritait qu\u2019on prit de nouvelles pr\u00e9\u00adcautions pour emp\u00eacher que l\u2019usage ordinaire ne f\u00fbt interrompu et qu\u2019un \u00e9tranger ne f\u00fbt \u00e9lu g\u00e9n\u00e9ral d\u2019une congr\u00e9gation de Pr\u00eatres auxquels elle confie le soin des paroisses et chapelles des lieux o\u00f9 elle fait son principal s\u00e9jour, et qui ont d\u2019ailleurs le plus grande nombre de leurs maison dans son royaume. Ainsi le temps de l\u2019\u00e9lection \u00e9tant arriv\u00e9, on fit entendre aux pr\u00eatres de la Mis\u00adsion que Sa Majest\u00e9 avait lieu de s\u2019attendre que non seulement ils choisiraient le plus digne sujet, mais encore qu\u2019ils prendraient garde \u00e0 ne pas \u00e9lire un \u00e9tranger\u00bb. Par\u00eds, Archives du minist\u00e8re des Affaires \u00e9trang\u00e8res, &lt;em&gt;Correspon\u00addance politique, &lt;\/em&gt;Rome, vol. 399, ff. 8 ss.: &lt;em&gt;Instruction donn\u00e9e par le Roi \u00e1 M. le prince de Monaco &lt;\/em&gt;(28 de enero de 1699). La instrucci\u00f3n est\u00e1 publicada tam\u00adbi\u00e9n en el &lt;em&gt;Recueil des instructions donn\u00e9es aux ambassadeurs de France depuis les trait\u00e9s de Westphalie jusqu\u2019\u00e1 la r\u00e9volution fran\u00e7aise publi\u00e9 sous les auspices de la commission des archives diplomatiques au minist\u00e8re des Affaires \u00e9tran\u00adg\u00e8res, &lt;\/em&gt;t. 17: &lt;em&gt;Rome, &lt;\/em&gt;par G. Hanotaux, 2 parte (1688-1723)&amp;#8230; por J. Hanoteau, Par\u00eds 1911, 210. Ciertamente la C.M. regia las parroquias o capillas reales de Fontainebleau (1661), Versailles (1674), Inv\u00e1lidos (1674), St.-Cloud (1688), St.-Cyr (1690): 118 Sobre las parroquias: L. MEZZADRI, &lt;em&gt;La Congregazione della Missione nelle parrocchie reali: una scelta tra fedelt\u00e1 e oportunismo, &lt;\/em&gt;en &lt;em&gt;Vincen\u00adtiana &lt;\/em&gt;27 (1993) 338-346.'><sup>12<\/sup><\/a><\/span>\n<p>Para Lacour el problema era normal. Para \u00e9l, el rey estaba inves\u00adtido de una misi\u00f3n religiosa, como ungido del Se\u00f1or, imagen de Dios, su vicario.<span id='easy-footnote-13-43203' class='easy-footnote-margin-adjust'><\/span><span class='easy-footnote'><a href='http:\/\/vincentians.com\/es\/nuevas-pistas-de-investigacion-para-la-historia-del-vicencianismo\/#easy-footnote-bottom-13-43203' title='P. BLET, &lt;em&gt;Le clerg\u00e9 de France et la Monarchie. Etude sur les Assembl\u00e9es G\u00e9n\u00e9rales de 1615 \u00e1 1666, &lt;\/em&gt;2 voll., Roma 1959.'><sup>13<\/sup><\/a><\/span> Por consiguiente hubiese sido contra la voluntad de Dios desobedecer al rey, cuyo poder es garant\u00eda de la libertad de la Igle\u00adsia.<span id='easy-footnote-14-43203' class='easy-footnote-margin-adjust'><\/span><span class='easy-footnote'><a href='http:\/\/vincentians.com\/es\/nuevas-pistas-de-investigacion-para-la-historia-del-vicencianismo\/#easy-footnote-bottom-14-43203' title='Tambi\u00e9n en este punto hay una omisi\u00f3n importante: &lt;em&gt;\u00abLes Visiteurs de France ne manqu\u00e8rent pas de r\u00e9pondre solidement \u00e1 ces protestations, repr\u00e9sen\u00adtant que cette exclusion n\u2019\u00e9tait pas leur fait et qu\u00f3n ne pouvait d\u00e9sob\u00e9ir au Roi\u00bb&lt;\/em&gt;: &lt;em&gt;Annales de la Congr\u00e9gation de la Mission, &lt;\/em&gt;292, &lt;em&gt;Histoire &lt;\/em&gt;(ms. F. 270 s.).'><sup>14<\/sup><\/a><\/span> No se trataba por tanto de cesaropapismo, sino de una tradi\u00adci\u00f3n galicana, que a lo largo de los siglos supo construir un equilibrio pr\u00e1ctico m\u00e1s que te\u00f3rico, y que tuvo en la declaraci\u00f3n de 1682 una de sus expresiones,<span id='easy-footnote-15-43203' class='easy-footnote-margin-adjust'><\/span><span class='easy-footnote'><a href='http:\/\/vincentians.com\/es\/nuevas-pistas-de-investigacion-para-la-historia-del-vicencianismo\/#easy-footnote-bottom-15-43203' title='No se debe ver una contraposici\u00f3n demasiado neta entre la actitud de S. Vicente y sus sucesores: de hecho hab\u00edan cambiado los tiempos. Cf. R. CHA\u00adLUMEAU, &lt;em&gt;Saint Vincent de Paul et le Saint-Si\u00e8ge, &lt;\/em&gt;en &lt;em&gt;Archivum Historiae Pontifi\u00adciae &lt;\/em&gt;5 (1967) 263-288; A.-G. MARTIMORT, &lt;em&gt;Le Gallicanisme de Bossuet, &lt;\/em&gt;Par\u00eds 1953, 192 s.'><sup>15<\/sup><\/a><\/span> pero que se ampliaba tambi\u00e9n a las relaciones de los religiosos del reino con la S. Sede.<span id='easy-footnote-16-43203' class='easy-footnote-margin-adjust'><\/span><span class='easy-footnote'><a href='http:\/\/vincentians.com\/es\/nuevas-pistas-de-investigacion-para-la-historia-del-vicencianismo\/#easy-footnote-bottom-16-43203' title='Los regulares del reino deb\u00edan depender de superiores sujetos al Rey.'><sup>16<\/sup><\/a><\/span>\n<p>Comenz\u00f3 un largo conflicto sobre el reconocimiento del car\u00e1cter franc\u00e9s de la congregaci\u00f3n, que tuvo momentos de fuerte tensi\u00f3n. Los italianos y los polacos no aceptaron la capitulaci\u00f3n de los fran\u00adceses a la voluntad del Rey Sol y amenazaron con separarse del cuerpo de la congregaci\u00f3n. En 1704 el general Watel toma en seria consideraci\u00f3n la idea de nombrar superiores franceses para las casas italianas.<span id='easy-footnote-17-43203' class='easy-footnote-margin-adjust'><\/span><span class='easy-footnote'><a href='http:\/\/vincentians.com\/es\/nuevas-pistas-de-investigacion-para-la-historia-del-vicencianismo\/#easy-footnote-bottom-17-43203' title='L. MEZZADRI &amp;#8211; F. ONNIS, &lt;em&gt;Storia della Congregazione della Missione, &lt;\/em&gt;II, 45.'><sup>17<\/sup><\/a><\/span>\n<p>Las <em>Cartas francesas <\/em>eran para m\u00ed un elemento clave. Recordaba que hab\u00edan sido utilizadas por ejemplo por Stella, pero s\u00f3lo par\u00adcialmente, en cuanto descubr\u00ed que muchas cartas conten\u00edan pala\u00adbras, frases e incluso el texto cifrado. No ha sido f\u00e1cil esclarecer el lenguaje cifrado. Comprend\u00ed inmediatamente que el sistema era el llamado de sustituci\u00f3n simple. Hab\u00eda individualizado pr\u00e1cticamente que 31 deb\u00eda corresponder a la letra m, dado que preced\u00eda al nombre. (= se\u00f1or), y 50, la cifra m\u00e1s frecuente, deb\u00eda ser la letra e. Decisivas fueron dos cartas del volumen tercero. En una, enviada el 29 de junio de 1711, Bonnet confesaba querer retirar un misionero de 51.21. 31.50.<span id='easy-footnote-18-43203' class='easy-footnote-margin-adjust'><\/span><span class='easy-footnote'><a href='http:\/\/vincentians.com\/es\/nuevas-pistas-de-investigacion-para-la-historia-del-vicencianismo\/#easy-footnote-bottom-18-43203' title='&lt;em&gt;Lettere III, &lt;\/em&gt;31-34.'><sup>18<\/sup><\/a><\/span> Pens\u00e9 que se trataba de Roma. M\u00e1s adelante la carta del 1 de noviembre de 1711<span id='easy-footnote-19-43203' class='easy-footnote-margin-adjust'><\/span><span class='easy-footnote'><a href='http:\/\/vincentians.com\/es\/nuevas-pistas-de-investigacion-para-la-historia-del-vicencianismo\/#easy-footnote-bottom-19-43203' title='&lt;em&gt;Lettere III, &lt;\/em&gt;67-72'><sup>19<\/sup><\/a><\/span> comparaba la situaci\u00f3n de la casa de Avignon y de la Academia de los Nobles de Roma con aquella de 61.10.90.41.45. 30.87.51. Se deb\u00eda tratar de una casa francesa reciente, que la con\u00adgregaci\u00f3n no pose\u00eda plenamente. Pens\u00e9 en SAINT CYR por exclusi\u00f3n. Me di cuenta que los datos coincid\u00edan. A partir de ese momento no fue dif\u00edcil completar el alfabeto que constaba de un grupo de letras compuesto de esta manera: 10 = A, 20 = B, 30 = C, 40 = D, 50 = E, 60 = F, 70 = G, 80 = H, 90 = I. Tampoco fue dif\u00edcil captar la corres\u00adpondencia de las letras restantes, que estaban dispuestas del siguien\u00adte modo: L = 11, M = 31, N = 41, O = 21, P = 71, Q = 81, R = 51, S = 61, T = 45, U = U y V, X = 94, Y = 87, Z = 38. En una carta cifrada del 9 de marzo de 1711<span id='easy-footnote-20-43203' class='easy-footnote-margin-adjust'><\/span><span class='easy-footnote'><a href='http:\/\/vincentians.com\/es\/nuevas-pistas-de-investigacion-para-la-historia-del-vicencianismo\/#easy-footnote-bottom-20-43203' title='&lt;em&gt;Lettere II, &lt;\/em&gt;577-580.'><sup>20<\/sup><\/a><\/span> se le\u00eda: 21.25:60.50.51.10:11.90. 41.30.11.76.61.50:71.21.76.51:31.2:61.50.11.21.41.61.10:71.51.76.40. 50.41.30.50-15.16.19.<\/p>\n<p>Despu\u00e9s de haberlo descifrado, not\u00e9 que la carta recomendaba a 31.25, que era el procurador franc\u00e9s en Roma, Antonio Philopald, que se comportara de una manera concreta: <em>fera\/de\/l\u2019incluse\/pour\/ Mr. 2(Buglia)\/selon\/sa\/prudence. <\/em>Los n\u00fameros 15.16.19 eran de relleno. Philopald era el procurador franc\u00e9s en Roma pero que en un momento determinado sali\u00f3 de la congregaci\u00f3n por su oposici\u00f3n al <em>Unigenitus<\/em>.<span id='easy-footnote-21-43203' class='easy-footnote-margin-adjust'><\/span><span class='easy-footnote'><a href='http:\/\/vincentians.com\/es\/nuevas-pistas-de-investigacion-para-la-historia-del-vicencianismo\/#easy-footnote-bottom-21-43203' title='L. MEZZADRI, &lt;em&gt;Fra giansenisti e antigiansenisti. Vincent Depaul e la Congre\u00adgazione della Missione &lt;\/em&gt;(1624-1737), Florecia 1977.'><sup>21<\/sup><\/a><\/span> Buglia era un misionero italiano de la facci\u00f3n filo-francesa, a quien se le conf\u00eda un encargo importante. \u00bfCu\u00e1l? De mo\u00admento nos basta reflejar que el recurso a semejante expediente, sobre todo con los misioneros italianos y la S. Sede, era signo elocuente de una situaci\u00f3n de tensi\u00f3n profunda. Los nombres propios estaban tambi\u00e9n cifrados. As\u00ed 101 eran los jesuitas, 51 el clero galicano, 22 el superior general. Un n\u00famero se repet\u00eda y era el n\u00famero 9. Se refer\u00eda a un misionero italiano introducido en la corte papal, jefe de una facci\u00f3n y al que el general quer\u00eda expulsar de la congregaci\u00f3n. \u00bfQui\u00e9n pod\u00eda ser sino Pier Francesco Giordanini, el gran opositor de los franceses?<\/p>\n<p>Pier Francesco Giordanini (1658-1720)<span id='easy-footnote-22-43203' class='easy-footnote-margin-adjust'><\/span><span class='easy-footnote'><a href='http:\/\/vincentians.com\/es\/nuevas-pistas-de-investigacion-para-la-historia-del-vicencianismo\/#easy-footnote-bottom-22-43203' title='Public\u00f3 dos obras: &lt;em&gt;Istruzione per i novelli confessori nella quale si smi\u00adnuzza tutta la pratica, &lt;\/em&gt;Pav\u00eda 1720, Roma 1726, Lucca 1734 (4 tomos), N\u00e1poles 1744 (2 tomos), Venecia 1773, Bassano 1780 (2 tomos), Roma 1841 (4 tomos), Tur\u00edn 1845 (2 tomos), &lt;em&gt;Iconografia o sia piano e pianta della vita e dell\u2019ufizio del vescovo dove succintamente si dichiara tutta la pratica del governo vescovile, &lt;\/em&gt;Roma 1719. La obra se reimprimi\u00f3 un siglo despu\u00e9s con el t\u00edtulo. &lt;em&gt;Vita e uffizi del vescovo a seconda dei dettami dei Sagri Concili. Dei SS. Padri e dell\u2019istoria, &lt;\/em&gt;Roma 1850. Sobre eso: L. MEZZADRI, &lt;em&gt;L\u2019ideale pastorale del vescovo nel primo Settecento, &lt;\/em&gt;en &lt;em&gt;Divus Thomas &lt;\/em&gt;(Plac) 74 (1971) 355-367. La obra m\u00e1s impresio\u00adnante es: P.F. GIORDANINI, &lt;em&gt;Le osservazioni sopra l\u2019istituto e il governo della Con\u00adgregazione della Missione, &lt;\/em&gt;publicado en &lt;em&gt;Le Missioni popolari della Congrega\u00adzione della Missione nei secoli XVII-XVIII, &lt;\/em&gt;a cargo de L. Mezzadri, Roma 2002, 671-728.'><sup>22<\/sup><\/a><\/span> hab\u00eda tenido siempre papeles relevantes en la congregaci\u00f3n que le hab\u00eda implicado en la crisis de la \u00abnacionalidad\u00bb. Cuando de hecho en la asamblea general de 1697 el gobierno franc\u00e9s hab\u00eda objetado sobre la candidatura de Maurice Faure, Giordanini protest\u00f3 vivamente en la asamblea. Fue necesaria una doble intervenci\u00f3n de la S. Sede para convalidar la elecci\u00f3n del nuevo general, Nicol\u00e1s Pierrot (1635-1703), superior general desde 1697, y calmar las oposiciones de las que Giodanini era exponente.<\/p>\n<p>El papel de opositor de Giodanini no era ciertamente el m\u00e1s ade\u00adcuado para conciliarle la benevolencia del general. Este escrib\u00eda en una carta que desde que Giordanini era visitador \u00abel esp\u00edritu de nues\u00adtra congregaci\u00f3n se arruina en Italia\u00bb.<span id='easy-footnote-23-43203' class='easy-footnote-margin-adjust'><\/span><span class='easy-footnote'><a href='http:\/\/vincentians.com\/es\/nuevas-pistas-de-investigacion-para-la-historia-del-vicencianismo\/#easy-footnote-bottom-23-43203' title='&lt;em&gt;Lettere I, &lt;\/em&gt;175.'><sup>23<\/sup><\/a><\/span> Esto le induc\u00eda a adoptar un procedimiento inmediato, el env\u00edo de un procurador franc\u00e9s ante la S. Sede, y proveer de un visitador franc\u00e9s a Roma. Giordanini estaba acusado adem\u00e1s de autoritarismo, ya que actuaba sin consultores y con parcialidad.<span id='easy-footnote-24-43203' class='easy-footnote-margin-adjust'><\/span><span class='easy-footnote'><a href='http:\/\/vincentians.com\/es\/nuevas-pistas-de-investigacion-para-la-historia-del-vicencianismo\/#easy-footnote-bottom-24-43203' title='&lt;em&gt;Lettere I, &lt;\/em&gt;147-150.'><sup>24<\/sup><\/a><\/span> Estaba claro por consiguiente que, no obstante las defensas, Giordanini no ser\u00eda confirmado en el cargo. Para hacerle la sucesi\u00f3n menos amarga se le propone asumir el puesto de asistente general, vacante por la muerte de Pietro Terrarossa. Pero no acept\u00f3, para no sufrir en Par\u00eds una \u00abpenitencia permanente\u00bb.<span id='easy-footnote-25-43203' class='easy-footnote-margin-adjust'><\/span><span class='easy-footnote'><a href='http:\/\/vincentians.com\/es\/nuevas-pistas-de-investigacion-para-la-historia-del-vicencianismo\/#easy-footnote-bottom-25-43203' title='&lt;em&gt;Ibid.&lt;\/em&gt;'><sup>25<\/sup><\/a><\/span>\n<p>La elecci\u00f3n del sucesor de Giordanini fue m\u00e1s bien laboriosa. El general quer\u00eda nombrar un franc\u00e9s. Giordanini se opon\u00eda.<span id='easy-footnote-26-43203' class='easy-footnote-margin-adjust'><\/span><span class='easy-footnote'><a href='http:\/\/vincentians.com\/es\/nuevas-pistas-de-investigacion-para-la-historia-del-vicencianismo\/#easy-footnote-bottom-26-43203' title='&lt;em&gt;Lettere I, &lt;\/em&gt;175.'><sup>26<\/sup><\/a><\/span> Hubo una intervenci\u00f3n del papa que hace saber a Pierron, quiz\u00e1s a trav\u00e9s del nuncio, su \u00abadmiraci\u00f3n por la bondad y deferencia hacia los ita\u00adlianos\u00bb. Era una forma de presi\u00f3n velada pero clara. Pierron entonces se torna cautelar enviando dos misioneros franceses a Roma, a saber, Ren\u00e9 Divers (\u2020 1710) y Antonio Delahaye Philopald (1674-1762). Los italianos se ofenden: \u00abEl nombre franc\u00e9s es odioso a la mayor parte de los seculares que tienden m\u00e1s a la parte Imperial, donde no s\u00f3lo por nosotros, sino tambi\u00e9n por parte de aquellas personas sabias que nos quieren bien, no se considera prudente poner en estos tiempos un misionero de naci\u00f3n francesa para hacer negocios en Roma\u00bb.<span id='easy-footnote-27-43203' class='easy-footnote-margin-adjust'><\/span><span class='easy-footnote'><a href='http:\/\/vincentians.com\/es\/nuevas-pistas-de-investigacion-para-la-historia-del-vicencianismo\/#easy-footnote-bottom-27-43203' title='&lt;em&gt;Lettere I, &lt;\/em&gt;227 s.'><sup>27<\/sup><\/a><\/span> Pierr\u00f3n sospech\u00f3 que la oposici\u00f3n estaba guiada por un \u00abtriunvirato\u00bb alentado por Giordanini. En la urgencia de asegurar una sucesi\u00f3n al \u00abpontificado\u00bb (as\u00ed se expresaba el general) de Gioda\u00adnini, Pierron elige a Lazzaro Maria Figari (\u2020 1725).<\/p>\n<p>El malhumor de los italianos por la venida de los franceses ha\u00adb\u00eda adquirido proporciones alarmantes, hasta el punto de amenazar la unidad de la provincia italiana. Pierron se defiende afirmando \u00abno haber buscado, como se ha dicho, oprimir a los italianos, ni haber tenido antipat\u00eda alguna hacia ellos\u00bb. Para calmar las aguas pens\u00f3 enviar a Giordanini a G\u00e9nova. Pero este responde que un pia\u00admont\u00e9s era poco grato en el territorio de la Rep\u00fablica de G\u00e9nova.<span id='easy-footnote-28-43203' class='easy-footnote-margin-adjust'><\/span><span class='easy-footnote'><a href='http:\/\/vincentians.com\/es\/nuevas-pistas-de-investigacion-para-la-historia-del-vicencianismo\/#easy-footnote-bottom-28-43203' title='L. MEZZADRI, &lt;em&gt;Gallicanesimo e vita religiosa, &lt;\/em&gt;76.'><sup>28<\/sup><\/a><\/span> Pleg\u00f3 entonces sobre Pav\u00eda. Pero una vez m\u00e1s Giordanini opone resistencia.<\/p>\n<p>El estado latente de tensi\u00f3n se manifest\u00f3 con toda su virulencia en la asamblea provincial italiana, desarrollada en G\u00e9nova del 29 de abril al 6 de mayo de 1703. Giordanini adelant\u00f3 propuestas muy valientes para renovar el estilo de vida de la congregaci\u00f3n. Esto dis\u00adgust\u00f3 a la curia general, que acus\u00f3 a Giordanini de haberse erigido \u00abcomo Papa, pretendiendo cambiar la naturaleza y el orden de nues\u00adtro instituto\u00bb. Est\u00e1 claro que entonces la tendencia dominante en el v\u00e9rtice de la congregaci\u00f3n se inclinaba a considerar al fundador como un modelo intransigente e inmutable, sin reconocer la capaci\u00addad moldeadora y creadora de la historia. El papel que asum\u00edan los superiores generales era por consiguiente el de conservar un modelo ya realizado, sin preguntarse si la letra pod\u00eda matar el esp\u00edritu: \u00abPara nuestra Italia no hay ya m\u00e1s amor, y su gobierno fundado por sus primeros Padres, todos franceses, en la caridad rec\u00edproca, hoy se ha reducido y se reduce cada vez m\u00e1s a su desnuda autoridad: es decir, el gobierno de hijos se hace para nosotros gobierno de siervos\u00bb.<span id='easy-footnote-29-43203' class='easy-footnote-margin-adjust'><\/span><span class='easy-footnote'><a href='http:\/\/vincentians.com\/es\/nuevas-pistas-de-investigacion-para-la-historia-del-vicencianismo\/#easy-footnote-bottom-29-43203' title='&lt;em&gt;Ibid.&lt;\/em&gt;'><sup>29<\/sup><\/a><\/span>\n<p>Giordanini mientras tanto, encargado de abrir la casa de Florencia y despu\u00e9s de dirigir la Academia de los Nobles de Roma, no se aisl\u00f3 por esto del contexto de la comunidad. En una carta al cardenal secretario de estado, Paolucci, pide una intervenci\u00f3n directa y deci\u00addida del Papa. El vicario general, Jean Bonnet, nombrado por el superior general Fran\u00e7cois Watel (1651-1710, superior general desde 1703), pide al procurador ante la Santa Sede, Antoine Delahaye Phi\u00adlopald, pruebas s\u00f3lidas para expulsarlo de la congregaci\u00f3n: \u00abTachez de m\u2019envoyer des preuves solides par lettres ou par depositions de 4 ou 5 ou 6 t\u00e9moins que 9 (<em>Giordanini<\/em>) est la cause des brouilleries presentes et je vous envoyeray sans delay ce que j\u2019ay refus\u00e9 4 fois car avec de tels gens il faut bien appuyer ses pieds pour ne pas faire de fausses demarches\u00bb.<span id='easy-footnote-30-43203' class='easy-footnote-margin-adjust'><\/span><span class='easy-footnote'><a href='http:\/\/vincentians.com\/es\/nuevas-pistas-de-investigacion-para-la-historia-del-vicencianismo\/#easy-footnote-bottom-30-43203' title='&lt;em&gt;Lettere II, &lt;\/em&gt;605-608.'><sup>30<\/sup><\/a><\/span> La maniobra no tiene \u00e9xito, pero, en cualquier caso, la asamblea general de 1711 dirigida h\u00e1bilmente por Bonnet, rechaza las peticiones de los italianos que eran cualquier cosa menos revolucionarias, aduciendo como motivo la fidelidad al esp\u00edritu del fundador.<\/p>\n<p>La cuesti\u00f3n se agrav\u00f3 en 1724, cuando el padre general Jean Bon\u00adnet tuvo que afrontar el nudo de la bula <em>Unigenitus, <\/em>que la congre\u00adgaci\u00f3n no hab\u00eda aceptado oficialmente.<span id='easy-footnote-31-43203' class='easy-footnote-margin-adjust'><\/span><span class='easy-footnote'><a href='http:\/\/vincentians.com\/es\/nuevas-pistas-de-investigacion-para-la-historia-del-vicencianismo\/#easy-footnote-bottom-31-43203' title='L. MEZZADRI, &lt;em&gt;Fra giansenisti e antigiansenisti. Vincent Deapul e la Congre\u00adgazione della Missione &lt;\/em&gt;(1624-1737), Florencia (1977).'><sup>31<\/sup><\/a><\/span> En esta ocasi\u00f3n el papa Benedicto XIII impone al visitador de Roma Bernardo Della Torre amenazar al superior general con sanciones graves en caso de que la asamblea no hubiese querido suscribir la bula. El documento publi\u00adcado por nosotros dice, adem\u00e1s, que la bula deb\u00eda ser suscrita por todos los miembros, en particular por los superiores de los semina\u00adrios y por los profesores de teolog\u00eda; que los superiores reacios deb\u00edan ser privados de todo cargo. En caso contrario, los obispos en Francia habr\u00edan tenido que quitar a la congregaci\u00f3n todos los semi\u00adnarios y colegios. Al final se conclu\u00eda: \u00abEn caso de que ni las exhor\u00adtaciones ni las amenazas surtan su efecto, el Sr. Bernardo, unido igualmente a los otros tres provinciales se\u00f1alados anteriormente, deber\u00e1 manifestar al Superior General y cap\u00edtulo que Su Santidad permitir\u00e1 que las tres provincias de Roma, Lombard\u00eda y Polonia no tengan m\u00e1s relaci\u00f3n o trato con aquellas de Francia, de las que per\u00admanecer\u00e1n de hecho separadas, y que Su Santidad decretar\u00e1 que se provean de otro General en forma de gobierno\u00bb.<span id='easy-footnote-32-43203' class='easy-footnote-margin-adjust'><\/span><span class='easy-footnote'><a href='http:\/\/vincentians.com\/es\/nuevas-pistas-de-investigacion-para-la-historia-del-vicencianismo\/#easy-footnote-bottom-32-43203' title='L. MEZZADRI, &lt;em&gt;Nuovi documenti sulla crisi dell\u2019unigenitus, &lt;\/em&gt;en &lt;em&gt;Carit\u00e0 e Mis\u00adsione &lt;\/em&gt;3 (2001) 134-146.'><sup>32<\/sup><\/a><\/span>\n<p>La situaci\u00f3n se calm\u00f3 parcialmente. Hab\u00eda fuego bajo las cenizas. La tensi\u00f3n entre italianos, favorables al traslado del general a Roma, y los franceses dej\u00f3 rastro. Para responder a la creaci\u00f3n de la provin\u00adcia de Italia (Tur\u00edn) se instituyeron las provincias de Picard\u00eda y de Breta\u00f1a. Cualquier ocasi\u00f3n era buena para un enfrentamiento. En la asamblea de 1747 se debate sobre la forma del h\u00e1bito del misionero. Italianos, polacos, espa\u00f1oles y portugueses acusaron a los franceses de haber cambiado la tela de las sotanas. Se exhumaron los h\u00e1bitos de S. Vicente y se comprob\u00f3 que la tela usada por el fundador era m\u00e1s ligera y mejor que la elegida por los franceses.<span id='easy-footnote-33-43203' class='easy-footnote-margin-adjust'><\/span><span class='easy-footnote'><a href='http:\/\/vincentians.com\/es\/nuevas-pistas-de-investigacion-para-la-historia-del-vicencianismo\/#easy-footnote-bottom-33-43203' title='L. MEZZADRI &amp;#8211; F. ONNIS, &lt;em&gt;Storia della Congregazione della Missione, &lt;\/em&gt;II, 138.'><sup>33<\/sup><\/a><\/span>\n<p>Un nuevo incidente sobre el h\u00e1bito ocurri\u00f3 en los a\u00f1os 1774-1775. En una circular del general Jacquier se afirmaba que la diversidad del h\u00e1bito destru\u00eda la uni\u00f3n de la congregaci\u00f3n. A comienzos del a\u00f1o 1775 un hermano comunic\u00f3 al cardenal Braschi su amargura porque los mozalbetes romanos se re\u00edan de \u00e9l, llam\u00e1ndole \u00abbraghettoni\u00bb. El cardenal hace una promesa: si fuese elegido papa obligar\u00eda a los superiores a cambiar la forma del h\u00e1bito de los hermanos. Apenas elegido papa, P\u00edo VI emiti\u00f3 un decreto en este sentido, que fue aco\u00adgido con mucho malhumor por el superior general, interpretando las palabras del papa \u00fanicamente como expresi\u00f3n del deseo de impedir abusos por parte de los hermanos.<span id='easy-footnote-34-43203' class='easy-footnote-margin-adjust'><\/span><span class='easy-footnote'><a href='http:\/\/vincentians.com\/es\/nuevas-pistas-de-investigacion-para-la-historia-del-vicencianismo\/#easy-footnote-bottom-34-43203' title='L. MEZZADRI &amp;#8211; F. ONNIS, &lt;em&gt;Storia della Congregazione della Missione, &lt;\/em&gt;II, 346.'><sup>34<\/sup><\/a><\/span>\n<p>Con la restauraci\u00f3n era normal que la congregaci\u00f3n recuperase su autonom\u00eda. La S. Sede intent\u00f3 aprovechar la situaci\u00f3n para llevar a Roma al padre general. El asunto llega a conocimiento de Carlos X, que pone el veto a semejante iniciativa. Para el gobierno franc\u00e9s el superior general deb\u00eda ser siempre franc\u00e9s y su curia general deb\u00eda estar siempre en Par\u00eds.<\/p>\n<p>Como se ve en la base del n\u00famero escaso de estudios sobre nues\u00adtra historia no hay motivos de humildad, sino intenci\u00f3n pol\u00edtica de querer negar la existencia de un estado de tensi\u00f3n entre el centro y la periferia, entre Par\u00eds y Roma, entre el gobierno del general y la S. Sede, que no se puede negar. Eso no se niega, sino que se explica y se enjuicia en base a opciones eclesiol\u00f3gicas y pol\u00edticas concretas.<\/p>\n<h2><strong>3. <\/strong><strong><em>La difusi\u00f3n de la congregaci\u00f3n hasta la Revoluci\u00f3n francesa<\/em><\/strong><\/h2>\n<p>Fuera de Francia la congregaci\u00f3n se difunde como en oleadas sucesivas. La primera fase tiene lugar en los siglos XVII y XVIII. Desde Francia la congregaci\u00f3n de la misi\u00f3n se difundi\u00f3 en Italia y Polonia, al mismo tiempo que se hac\u00edan expediciones misioneras a las islas brit\u00e1nicas, a Irlanda y a Madagascar (que se suprimieron sin embargo bajo el general Almer\u00e1s). Para el cuidado pastoral de los esclavos cristianos, se abrieron centros pastorales en T\u00fanez (1645) y Argelia (1646), puestos bajo cobertura diplom\u00e1tica.<\/p>\n<p>Hay mucho que estudiar de este periodo. Es necesario valorar el material que tenemos, sobre todo en los archivos franceses, italianos, espa\u00f1oles y portugueses.<\/p>\n<p>En Italia se han valorado mucho los informes de las misiones, que han permitido esclarecer uno de los servicios pastorales m\u00e1s impor\u00adtantes de la renovaci\u00f3n de la Iglesia moderna.<span id='easy-footnote-35-43203' class='easy-footnote-margin-adjust'><\/span><span class='easy-footnote'><a href='http:\/\/vincentians.com\/es\/nuevas-pistas-de-investigacion-para-la-historia-del-vicencianismo\/#easy-footnote-bottom-35-43203' title='&lt;em&gt;Le Missioni popolari della Congregazione della Missione nei secoli XVII-XVIII, &lt;\/em&gt;a cargo de L. Mezzadri, Roma 2002. El autor recoge diversos estudios suyos y de otros. Posteriores colaboraciones vienen de algunas investigaciones que ha hecho sobre otras zonas.'><sup>35<\/sup><\/a><\/span>\n<p>Desde Italia se fundaron casas en Espa\u00f1a (1704), pero que no fue\u00adron reconocidas f\u00e1cilmente por Par\u00eds, (aunque en 1774 Espa\u00f1a se constituye como provincia aut\u00f3noma). Es un tema que debe profun\u00addizarse. En los archivos romanos hay material abundante que parece ser que no ha sido valorado en la celebraci\u00f3n reciente de la funda\u00adci\u00f3n de la primera casa en Espa\u00f1a (1704).<\/p>\n<p>La fundaci\u00f3n de la primera casa de la congregaci\u00f3n en Espa\u00f1a est\u00e1 \u00edntimamente ligada a la provincia romana.<span id='easy-footnote-36-43203' class='easy-footnote-margin-adjust'><\/span><span class='easy-footnote'><a href='http:\/\/vincentians.com\/es\/nuevas-pistas-de-investigacion-para-la-historia-del-vicencianismo\/#easy-footnote-bottom-36-43203' title='Sobre el asunto: &lt;em&gt;R\u00e9sum\u00e9 historique de la fondation, des progr\u00e8s et de la supresi\u00f3n de la Congr\u00e9gation en Espagne, &lt;\/em&gt;en &lt;em&gt;Annales de la Congr\u00e9gation de la Mission, &lt;\/em&gt;40 (1875) 44-65; &lt;em&gt;Origine de la Congr\u00e9gation de la Mission en Por\u00adtugal, &lt;\/em&gt;en &lt;em&gt;Annales de la Congr\u00e9gation de la Mission, &lt;\/em&gt;45 (1880) 201-212; Stella 1, 158-161, Silva, 162; J. HERRERA, &lt;em&gt;Historia de la Congregaci\u00f3n de la Misi\u00f3n, &lt;\/em&gt;Madrid 1949. &lt;em&gt;La Congregaci\u00f3n de la Misi\u00f3n en Espa\u00f1a 1704-2004. Caminos de Futuro. &lt;\/em&gt;XXX semana de estudios vicencianos, Salamanca 2005.'><sup>36<\/sup><\/a><\/span> Francisco Sentjust y Pages (1654-1708) despu\u00e9s de haber conocido los misioneros de Monte Citorio, prepar\u00f3 el terreno en Espa\u00f1a para la apertura de una casa. Felipe V dio inmediatamente el consentimiento, comunic\u00e1ndo\u00adselo al obispo de Barcelona por medio del Card. Luis Manuel Porto-carrero (1635-1709). Este, despu\u00e9s de un momento de incertidumbre, debido a motivos pol\u00edticos, acept\u00f3. Clemente XI expide entonces una carta para la erecci\u00f3n de una casa de la misi\u00f3n en Espa\u00f1a, estable\u00adciendo que la casa deber\u00eda formar parte de la provincia italiana. El general que hab\u00eda sido pr\u00e1cticamente excluido de las negociacio\u00adnes, concede la patente de superior a Giovanni Domenico Orsese (1663-1735).<\/p>\n<p>Fue una concesi\u00f3n arrancada a rega\u00f1adientes. Por eso Watel se lament\u00f3 con Figari, a\u00f1adiendo \u2014 pero esto s\u00f3lo con su confidente Anselmo \u2014 que hubiese intervenido ante el rey de Espa\u00f1a.<span id='easy-footnote-37-43203' class='easy-footnote-margin-adjust'><\/span><span class='easy-footnote'><a href='http:\/\/vincentians.com\/es\/nuevas-pistas-de-investigacion-para-la-historia-del-vicencianismo\/#easy-footnote-bottom-37-43203' title='\u00abCet \u00e9tablissement ayant \u00e9t\u00e9 fait par le Souverain Pontife nous avons cru ne pouvoir nous dispenser de la donner sans y manquer, ou au moins sans donner occasion de faire croire que notre ob\u00e9issance au St. Si\u00e8ge n\u2019\u00e9tait pas assez parfaite\u00bb. Watel ad Anselme, Parigi 27 ott. 1704, &lt;em&gt;Lettere II, &lt;\/em&gt;37 s.; cf. La carta al mismo del 23 de junio de 1704: &lt;em&gt;Maxima cum gallis quaestio, &lt;\/em&gt;116, documento en ACL de proveniencia del Card. Paolucci, protector de los misioneros italianos en el que dice haber hablado \u00abfranc\u00e9s\u00bb con Figari.'><sup>37<\/sup><\/a><\/span> En base a algunos apuntes extra\u00eddos de cartas del superior de Barcelona, quiz\u00e1s tambi\u00e9n para resolver el problema de la dependencia de un visitador u otro, el general pens\u00f3 poner la nueva casa inmediata\u00admente sujeta a su gobierno, en espera de poder erigir una provincia espa\u00f1ola.<span id='easy-footnote-38-43203' class='easy-footnote-margin-adjust'><\/span><span class='easy-footnote'><a href='http:\/\/vincentians.com\/es\/nuevas-pistas-de-investigacion-para-la-historia-del-vicencianismo\/#easy-footnote-bottom-38-43203' title='Orsese a Figari (?), Barcelona 29 sept. 1704, en &lt;em&gt;Maxima, &lt;\/em&gt;25.'><sup>38<\/sup><\/a><\/span> Santjust manifiest\u00f3 entonces con mucha energ\u00eda que la decisi\u00f3n del general contrastaba notablemente con la decisi\u00f3n de la S. Sede.<span id='easy-footnote-39-43203' class='easy-footnote-margin-adjust'><\/span><span class='easy-footnote'><a href='http:\/\/vincentians.com\/es\/nuevas-pistas-de-investigacion-para-la-historia-del-vicencianismo\/#easy-footnote-bottom-39-43203' title='Orsese al mismo, Barcelona 17 nov. 1704, &lt;em&gt;ibid.&lt;\/em&gt;'><sup>39<\/sup><\/a><\/span> Watel respondi\u00f3 que la dependencia de un visitador ita\u00adliano conllevaba gastos excesivos,<span id='easy-footnote-40-43203' class='easy-footnote-margin-adjust'><\/span><span class='easy-footnote'><a href='http:\/\/vincentians.com\/es\/nuevas-pistas-de-investigacion-para-la-historia-del-vicencianismo\/#easy-footnote-bottom-40-43203' title='Figari refiere as\u00ed una carta de Watel, con fecha 3 sept. 1704, &lt;em&gt;ibid., &lt;\/em&gt;28.'><sup>40<\/sup><\/a><\/span> y el asistente general italiano, Viganego, en una carta a Figari, confirm\u00f3 la declaraci\u00f3n del general, a\u00f1adiendo que no hab\u00eda ning\u00fan plan oculto.<span id='easy-footnote-41-43203' class='easy-footnote-margin-adjust'><\/span><span class='easy-footnote'><a href='http:\/\/vincentians.com\/es\/nuevas-pistas-de-investigacion-para-la-historia-del-vicencianismo\/#easy-footnote-bottom-41-43203' title='Viganego a Figari, Par\u00eds 8 sept. 1704, &lt;em&gt;ibid.&lt;\/em&gt;'><sup>41<\/sup><\/a><\/span> Sentjust, que cierta\u00admente no ten\u00eda un sentido muy agudo de la unidad de la congrega\u00adci\u00f3n, para evitar cualquier sorpresa, pens\u00f3 pedir un breve de exen\u00adci\u00f3n del general para la casa de Barcelona. Figari se mostr\u00f3 muy con\u00adtrariado por ese asunto con el card. Paolucci: \u00abEstos se\u00f1ores pretenden hacer una quimera, que sea Congregaci\u00f3n de la Misi\u00f3n, pero sin el jefe de la Misi\u00f3n. Vuestra Eminencia sabe que deseamos ante todo estar gobernados por Nuestro Superior General como hijos de un buen Padre, pero ninguno de nosotros consentir\u00e1 jam\u00e1s estar separados de \u00e9l \u00ab. Y para corroborar mejor sus palabras, Figari a\u00f1a\u00add\u00eda que tambi\u00e9n el decreto real de fundaci\u00f3n establec\u00eda que nuestra casa se rigiera de acuerdo con las normas vigentes en la congrega\u00adci\u00f3n.<span id='easy-footnote-42-43203' class='easy-footnote-margin-adjust'><\/span><span class='easy-footnote'><a href='http:\/\/vincentians.com\/es\/nuevas-pistas-de-investigacion-para-la-historia-del-vicencianismo\/#easy-footnote-bottom-42-43203' title='Orsese al card. Paolucci, Barcelona 22 de marzo de 1705, &lt;em&gt;ibid., &lt;\/em&gt;32 s.'><sup>42<\/sup><\/a><\/span> Orsese no pensaba como Sentjust. De acuerdo con el superior de Barcelona, el superior general no hab\u00eda actuado de hecho contra las disposiciones pontificias; criticaba a Santjust que pretend\u00eda \u00abquitar de medio la nacionalidad francesa, como perjudicial a Espa\u00f1a, para introducir en la congregaci\u00f3n la nacionalidad espa\u00f1ola, que sin duda ser\u00e1 m\u00e1s nociva\u00bb.<span id='easy-footnote-43-43203' class='easy-footnote-margin-adjust'><\/span><span class='easy-footnote'><a href='http:\/\/vincentians.com\/es\/nuevas-pistas-de-investigacion-para-la-historia-del-vicencianismo\/#easy-footnote-bottom-43-43203' title='Figari al card. Paolucci, carta sin fecha (pero a comienzos del 1705), &lt;em&gt;ibid., &lt;\/em&gt;30.'><sup>43<\/sup><\/a><\/span>\n<p>Tambi\u00e9n para la casa de Barcelona, por tanto, adem\u00e1s de las ten\u00adsiones internas, que se hacen m\u00e1s pesadas por el temperamento de Santjust,<span id='easy-footnote-44-43203' class='easy-footnote-margin-adjust'><\/span><span class='easy-footnote'><a href='http:\/\/vincentians.com\/es\/nuevas-pistas-de-investigacion-para-la-historia-del-vicencianismo\/#easy-footnote-bottom-44-43203' title='Sentjust de hecho no quer\u00eda hacer el noviciado: Watel a Anselmo, 1 de diciembre de 1704, &lt;em&gt;Lettere II, &lt;\/em&gt;41 s.'><sup>44<\/sup><\/a><\/span> se planteaba el problema de la relaci\u00f3n con el general. Prescindiendo de la valoraci\u00f3n de Orsese, es sintom\u00e1tico que el estado de tensi\u00f3n entre el centro y la periferia, es decir, entre el gene\u00adral y la provincia romana, hubiese llegado a un punto tal de inducir a alguno a tomar en seria consideraci\u00f3n el proyecto de una especie de exenci\u00f3n del general.<\/p>\n<p>Como se puede ver, la investigaci\u00f3n hist\u00f3rica ofrece ayudas para comprender m\u00e1s. Es una verdadera l\u00e1stima que estos datos no sean conocidos o utilizados.<span id='easy-footnote-45-43203' class='easy-footnote-margin-adjust'><\/span><span class='easy-footnote'><a href='http:\/\/vincentians.com\/es\/nuevas-pistas-de-investigacion-para-la-historia-del-vicencianismo\/#easy-footnote-bottom-45-43203' title='Deber\u00eda profundizarse tambi\u00e9n la fundaci\u00f3n y la vida de la provincia de Portugal (1713). Es sabido que el ministro Pombal iba a hacer el retiro espi\u00adritual con nosotros. \u00bfAcaso no merece atenci\u00f3n este argumento?'><sup>45<\/sup><\/a><\/span>\n<h2><strong>4. <\/strong><strong><em>La tempestad revolucionaria<\/em><\/strong><\/h2>\n<p>Durante la revoluci\u00f3n francesa<span id='easy-footnote-46-43203' class='easy-footnote-margin-adjust'><\/span><span class='easy-footnote'><a href='http:\/\/vincentians.com\/es\/nuevas-pistas-de-investigacion-para-la-historia-del-vicencianismo\/#easy-footnote-bottom-46-43203' title='L. MEZZADRI, &lt;em&gt;La Chiesa e la Rivoluzione francese, &lt;\/em&gt;Cinisello Balsamo 1989; ID., &lt;em&gt;Storiografia del bicentenario della rivoluzione francese. Appunti per un bilan\u00adcio, &lt;\/em&gt;en &lt;em&gt;I grandi problemi della storiografia civile e religiosa, &lt;\/em&gt;a cargo de G. Mar-tina &amp;#8211; U. Dovere, Roma 1999, 233-262; ID., &lt;em&gt;La Rivoluzione francese e la Chiesa. Fatti &amp;#8211; documenti &amp;#8211; interpretazioni, &lt;\/em&gt;Roma 2004.'><sup>46<\/sup><\/a><\/span> la comunidad debi\u00f3 sufrir mucho en Francia. Restaurada por Napole\u00f3n, los lazaristas fueron suprimi\u00addos de nuevo en 1809.<span id='easy-footnote-47-43203' class='easy-footnote-margin-adjust'><\/span><span class='easy-footnote'><a href='http:\/\/vincentians.com\/es\/nuevas-pistas-de-investigacion-para-la-historia-del-vicencianismo\/#easy-footnote-bottom-47-43203' title='J.W. CARVEN, &lt;em&gt;Napoleon and the Lazarists, &lt;\/em&gt;The Hague 1974.'><sup>47<\/sup><\/a><\/span>\n<p>Para el gobierno de la congregaci\u00f3n se nombraron dos vicarios generales. El primero en orden de importancia fue el que resid\u00eda en Roma, a quien correspond\u00eda el gobierno de todas las provincias fuera de Francia; el segundo ostentaba el gobierno de Francia y de las Hijas de la Caridad. El asunto de las Hijas de la Caridad es un asunto importante. Napole\u00f3n no era contrario a la restauraci\u00f3n de la comunidad, pero quer\u00eda que el vicario Hanon renunciara a la direcci\u00f3n de las Hijas de la Caridad para que los obispos se ocuparan de ellas. Signo de que apreciaba su servicio, considerado entonces indispensable, sin entender el valor y la relaci\u00f3n con la Congregaci\u00f3n de la Misi\u00f3n.<\/p>\n<p>Tambi\u00e9n para este periodo se tiene prueba del uso instrumental de la historia. Se celebraron los m\u00e1rtires beatificados, como Fran\u00e7ois, Gruyer, Rogue, Nicolas Colin, Jean-Charles Caron, y aquellos de los que s\u00f3lo tenemos la noticia del martirio, como Martelet, Guin, Rimbault, Gallois, Hayer, Lucas, Julienne, Baillo, Brochois, Imbert, Martin, Guinant, Guibaud, Dodin, Portefaix, Bergon, Verne, Janei, Parisot, Chambovet, Frayss\u00e9, junto a otros 13 misioneros detenidos en Bordeaux y Blaye. Seg\u00fan Coste, cuando se reconstituy\u00f3 la congre\u00adgaci\u00f3n en 1814, sobre 508 miembros que formaban parte de las provincias francesas en 1792, aparte de 120 que hab\u00edan fallecido (25%) s\u00f3lo se incorporaron 21 (4%). 40 hab\u00edan perdido completa\u00admente la vocaci\u00f3n (8%). Es significativo que cerca de 200 misioneros no hab\u00edan sentido ning\u00fan est\u00edmulo para volver (46%). Adem\u00e1s se hab\u00eda cubierto con un velo de silencio el tema de las traiciones y defecciones y el hecho de los dos misioneros elegidos obispos cons\u00adtitucionales de Rouen y Sedan. Esto pod\u00eda haber puesto en crisis el car\u00e1cter franc\u00e9s de la congregaci\u00f3n. Por eso se prefiri\u00f3 callar los dem\u00e9ritos, ocultar los abandonos y exaltar los hero\u00edsmos.<\/p>\n<p>Se puede afrontar aqu\u00ed un problema m\u00e1s general: \u00bfes l\u00edcito hablar de argumentos que se refieren al \u00e1mbito privado y al comporta\u00admiento moral de las personas? \u00bfNo se corre quiz\u00e1s el riesgo de falta de respeto a las personas fallecidas, a misioneros que no nos es l\u00edcito juzgar? Son consideraciones v\u00e1lidas: sin embargo no debemos olvi\u00addar que hacemos \u00abhistoria de los misioneros\u00bb, que afecta por consi\u00adguiente su vida, sufrimientos, comportamientos, fidelidades y debili\u00addades. No intentamos juzgar ni condenar, tampoco hacer una obra apolog\u00e9tica exaltando los aspectos positivos y ocultando los negati\u00advos. Ocultando estas noticias se causa un da\u00f1o a la congregaci\u00f3n.<\/p>\n<p>Un aspecto que debe destacarse durante este periodo es el hecho de que la congregaci\u00f3n era floreciente en Polonia, Italia, Portugal y Espa\u00f1a. Esto significa que el modelo tradicional de la congregaci\u00f3n ten\u00eda su validez tanto en Francia como en otros pa\u00edses.<\/p>\n<h2><strong>5. <\/strong><strong><em>El giro de Etienne y sus sucesores hasta 1900<\/em><\/strong><\/h2>\n<p>Un giro importante ocurre en 1843, cuando es elegido como supe\u00adrior general el P. Jean-Baptiste Etienne (1843-1874), que es conside\u00adrado como \u00absegundo fundador\u00bb.<span id='easy-footnote-48-43203' class='easy-footnote-margin-adjust'><\/span><span class='easy-footnote'><a href='http:\/\/vincentians.com\/es\/nuevas-pistas-de-investigacion-para-la-historia-del-vicencianismo\/#easy-footnote-bottom-48-43203' title='(E. ROSSET), &lt;em&gt;Vie de M. Etienne, &lt;\/em&gt;Par\u00eds 1881; E.R. UDOVIC, &lt;em&gt;Jean-Baptiste Etienne and the Vincentian Revival, &lt;\/em&gt;s.l. 2001; &lt;em&gt;La Congregaci\u00f3n de la Misi\u00f3n en Espa\u00f1a &lt;\/em&gt;1704-2004. &lt;em&gt;Caminos de Futuro. &lt;\/em&gt;XXX semana de estudios vicencianos, Salamanca 2005.'><sup>48<\/sup><\/a><\/span>\n<p>Falta una presentaci\u00f3n satisfactoria del mismo. Sabemos que los juicios son distintos si nos colocamos sobre la vertiente espa\u00f1ola, ita\u00adliana o francesa. Hombre en\u00e9rgico, reforz\u00f3 la disciplina, intent\u00f3 la observancia de las reglas y consolid\u00f3 el gobierno del superior gene\u00adral, con una obra de fuerte centralizaci\u00f3n. Contempor\u00e1neamente continu\u00f3 la pol\u00edtica de relanzamiento misionero de la congregaci\u00f3n iniciado ya por los predecesores inmediatos. Esto se vio favorecido de un lado por la reactivaci\u00f3n en toda Europa del catolicismo popu\u00adlar y, por otra parte, con la fundaci\u00f3n de muchas escuelas apost\u00f3licas que cambiaron la forma de reclutamiento.<\/p>\n<p>Las l\u00edneas de esta recuperaci\u00f3n se pueden resumir seg\u00fan las \u00e1reas de expansi\u00f3n de la Congregaci\u00f3n de la Misi\u00f3n.<\/p>\n<p><strong>Irlanda. <\/strong>La Congregaci\u00f3n de la Misi\u00f3n hab\u00eda intentado penetrar en Irlanda e Inglaterra en la \u00e9poca de S. Vicente, y despu\u00e9s por un brev\u00edsimo periodo de tiempo, en Londres durante Jacobo II (1687\u00ad 1688) pero sin \u00e9xito. El relanzamiento viene espont\u00e1neamente. Dos cl\u00e9rigos del colegio de Maynooth hab\u00edan sentido el impulso de iniciar un grupo de predicadores para las misiones populares. Estaban alen\u00adtados por el decano del colegio, Dowley. En 1833 abrieron una escuela y adquirieron una propiedad en Castleknock, donde acogie\u00adron a Dowley como su superior. En este momento se enteran que en Par\u00eds exist\u00eda ya una comunidad con su mismo fin. Se pusieron en contacto con el superior general Nozo y de hecho se unieron a la Congregaci\u00f3n de la Misi\u00f3n. Se form\u00f3 la provincia en 1848 y se desa\u00adrroll\u00f3 r\u00e1pidamente. Tuvo personas de prestigio, como los padres MacNamara, O\u2019Sullivan, Burke, Lynch, Hickey, MacCabe, Gillooly. Cuatro misioneros fueron promovidos al episcopado. Internamente, adem\u00e1s de las misiones, se desarrollaron obras de educaci\u00f3n, las aso\u00adciaciones juveniles y obreras, una comisi\u00f3n para la pol\u00edtica, un banco o casa de empe\u00f1os y sobre todo la Saturday Ligue contra el alcoho\u00adlismo. Al exterior, los misioneros irlandeses se dirigieron hacia Esco\u00adcia, Inglaterra y Australia, asumieron la direcci\u00f3n del seminario irland\u00e9s de Par\u00eds y se dedicaron a las misiones extranjeras (China y Nigeria).<\/p>\n<p>Son muchos los problemas a estudiar: personas, obras, m\u00e9todos, espiritualidad, opciones pol\u00edticas.<\/p>\n<p><strong>Espa\u00f1a y Portugal. <\/strong>La Congregaci\u00f3n ten\u00eda una provincia en Espa\u00f1a (1774). La provincia debi\u00f3 sufrir mucho por los decretos de supresi\u00f3n de las comunidades religiosas del gobierno anticlerical (03\/03\/1836). Los misioneros, forzados al exilio, se refugiaron algu\u00adnos en Francia y en Italia, pero otros optaron por las misiones en \u00c1merica. El restaurador de la comunidad fue el siervo de Dios, Bien\u00adaventurado Codina, que deseaba no obstante una autonom\u00eda grande para la provincia de Espa\u00f1a. El recuerdo de la ocupaci\u00f3n napole\u00f3\u00adnica permanec\u00eda a\u00fan vivo. El general Etienne no estaba de acuerdo. Por eso se apresur\u00f3 a promoverlo al episcopado de Canarias (1847). Fue mucho m\u00e1s duro con el sucesor, Buenaventura Armengol. Puesto que, apoyado por el gobierno, hab\u00eda pedido la autonom\u00eda bien al general bien a la S. Sede, Etienne lo acus\u00f3 de cisma y le expuls\u00f3 de la comunidad (1856). Con \u00e9l expuls\u00f3 a otros misioneros, varios estu\u00addiantes y hermanos coadjutores nombrando visitador al P. Masnou, vice-visitador en los Estados Unidos. Pocos a\u00f1os despu\u00e9s, cuando la provincia se vio de nuevo envuelta en la tormenta, despu\u00e9s de la revoluci\u00f3n de septiembre (1862), muchos misioneros espa\u00f1oles par\u00adtieron para las misiones, preparando la restauraci\u00f3n de la provincia, que desde 1875 experiment\u00f3 un crecimiento r\u00e1pido.<\/p>\n<p>Para Espa\u00f1a habr\u00eda que estudiar Codina y Armengol, no s\u00f3lo en su relaci\u00f3n con Etienne. \u00bfCu\u00e1l fue la reacci\u00f3n de los espa\u00f1oles a las distintas supresiones y abusos de los gobiernos? \u00bfCu\u00e1les las convic\u00adciones pol\u00edticas (hubo misioneros liberales)?<\/p>\n<p>En Portugal la congregaci\u00f3n hab\u00eda hecho un gran esfuerzo a fina\u00adles del setecientos, cuando tuvieron que reemplazar a los jesuitas en Goa y en China. Despu\u00e9s de la invasi\u00f3n francesa (1807) tambi\u00e9n los portugueses pidieron mayor autonom\u00eda, dado que hasta entonces las casas depend\u00edan directamente del superior general. Mientras en la patria la comunidad estaba en crisis, algunos misioneros llevaron el carisma vicenciano al Brasil (1820). La provincia se constituy\u00f3 en 1829, pero s\u00f3lo bajo Etienne, la comunidad pudo reflorecer.<\/p>\n<p>Se deber\u00eda hacer una historia de la provincia portuguesa. Ha ha\u00adbido momentos extraordinarios, sobre todo por su presencia en China. Una pregunta: \u00bfPor qu\u00e9 las <em>memorias <\/em>han descuidado la pro\u00advincia portuguesa?<\/p>\n<p><strong>Polonia. <\/strong>La comunidad, que era floreciente, tuvo que sufrir mu\u00adcho por el triple desmembramiento de la naci\u00f3n (1772, 1793, 1795) En 1874 exist\u00eda en la zona austriaca la provincia de Cracovia con cinco casas solamente. A la noticia de la supresi\u00f3n por parte de los rusos (8 de noviembre de 1874) seg\u00fan Herrera, en lugar de empren\u00adderla con los perseguidores se la emprende con los perseguidos.<\/p>\n<p><strong>Alemania y Austria. <\/strong>El origen de la provincia alemana tiene una prehistoria en el a\u00f1o 1781, despu\u00e9s de la supresi\u00f3n de los jesuitas, cuando se enviaron misioneros franceses al Palatinado, para los cole\u00adgios de Heidelberg y Manheim. La nueva provincia tuvo su centro en Colonia donde cinco sacerdotes decidieron dedicarse a las misiones populares. Se dirigieron a Etienne, que les acogi\u00f3 en el noviciado de Par\u00eds. Despu\u00e9s de haberles dado un superior en la persona del P. Honrad Hiel, misionero alem\u00e1n que hab\u00eda ingresado en la provin\u00adcia romana, la constituy\u00f3 en provincia en 1853. Pero la Kulturkampf fue perniciosa para los misioneros, que fueron suprimidos el 20 de mayo de 1873 con la curiosa motivaci\u00f3n de que tanto ellos como los redentoristas, los espiritanos y las Damas del Sagrado Coraz\u00f3n eran \u00abafiliados\u00bb a los jesuitas y eran s\u00fabditos de un superior general de nacionalidad extranjera, que estaban obligados a obedecer ciega\u00admente. La di\u00e1spora llev\u00f3 a los misioneros alemanes, hombres de gran calidad, a varias partes del mundo, Abisinia y Am\u00e9rica Latina entre otros.<\/p>\n<p>En Austria, los misioneros vicencianos hab\u00edan entrado en 1760, para dirigir los seminarios de Viena, Ternaw y Wacz. Pero el \u00e9xito no sigui\u00f3 a la iniciativa. Distinto resultado tuvo en 1837 la decisi\u00f3n de sor Leopoldina (Josephine) Brandis (1815-1900), de entrar con un grupo de muchachas nobles de Graz en las Hermanas de la Caridad de Estrasburgo. Despu\u00e9s de la profesi\u00f3n, volvi\u00f3 a la ciudad natal, sirviendo en el hospital. La comunidad floreci\u00f3 tanto que sor Leopol\u00addina pudo enviar 8 hermanas a servir a los soldados en hospitales militares h\u00fangaros. Ellas fueron dirigidas por un sacerdote dioce\u00adsano, Johann Klaischer (\u2020 1853). En 1850 sor Leopoldina se asoci\u00f3 con todas las hermanas a la casa madre de las Hijas de la Caridad de Par\u00eds. Etienne pidi\u00f3 entonces que la nueva comunidad fuera dirigida por los misioneros de S. Vicente. Johann Klaischer fue el primero en entrar en la congregaci\u00f3n. Terminado el noviciado (1852) fue nom\u00adbrado superior y director de las Hijas de la Caridad, poniendo as\u00ed las bases de la provincia austriaca. En 1875 la provincia estaba formada por 21 misioneros. Nunca fue muy grande. Sin embargo los misione\u00adros fueron muy activos en la predicaci\u00f3n de las misiones, en los ejercicios espirituales y en el ministerio con las Hijas de la Caridad. Las hermanas exig\u00edan mucho tiempo dado que en aquellas fechas eran m\u00e1s de 600 y hab\u00edan abierto casas en Austria, Hungr\u00eda, Bohe\u00admia, Estiria, Carintia, y otros pa\u00edses del imperio. La provincia de Austria fue floreciente bajo el mandato del P. Guglielmo Mungersdorf y sus sucesores, extendi\u00e9ndose por las tierras del imperio austro-h\u00fangaro, dando origen a las provincias de Austria, Yugoslavia, Hun\u00adgr\u00eda y a la vice-provincia de Checoslovaquia, dependiente de Par\u00eds.<\/p>\n<p>Tambi\u00e9n para la historia de las provincias de Austria y Alemania deber\u00edan ponerse en marcha investigaciones.<\/p>\n<h2><strong>6. <\/strong><strong><em>El caso de China<\/em><\/strong><\/h2>\n<p>A finales del siglo XVII y comienzos del siglo XVIII los lazaristas italianos Appiani, Pedrini y el alem\u00e1n M\u00fcllener llegaron a China como misioneros de Propaganda, aline\u00e1ndose en la cuesti\u00f3n de los ritos contra los jesuitas. Cuando el P. Gabriel Perboyre (1808-1880) primo del santo, public\u00f3 las <em>M\u00e9moires de la Congr\u00e9gation de la Mis\u00adsion<\/em>,<span id='easy-footnote-49-43203' class='easy-footnote-margin-adjust'><\/span><span class='easy-footnote'><a href='http:\/\/vincentians.com\/es\/nuevas-pistas-de-investigacion-para-la-historia-del-vicencianismo\/#easy-footnote-bottom-49-43203' title='&lt;em&gt;M\u00e9moires de la Congr\u00e9gation de la Mission, &lt;\/em&gt;IV-VIII, Par\u00eds 1865-1866.'><sup>49<\/sup><\/a><\/span> el general de los jesuitas Pietro Beckx (1795-1887, general desde 1853)<span id='easy-footnote-50-43203' class='easy-footnote-margin-adjust'><\/span><span class='easy-footnote'><a href='http:\/\/vincentians.com\/es\/nuevas-pistas-de-investigacion-para-la-historia-del-vicencianismo\/#easy-footnote-bottom-50-43203' title='V\u00e9ase el juicio sobre su generalato en &lt;em&gt;Diccionario hist\u00f3rico de la Compa\u00ad\u00f1\u00eda de Jes\u00fas &lt;\/em&gt;2 (2001) 1671-1675.'><sup>50<\/sup><\/a><\/span> denunci\u00f3 a Propaganda la voluntad pol\u00edtica de la Con\u00adgregaci\u00f3n de la Misi\u00f3n de querer perpetuar prejuicios y discordias, y, en particular, acus\u00f3 las M\u00e9moires de \u00abgrav\u00edsimas calumnias contra la Compa\u00f1\u00eda de Jes\u00fas en aquella parte que trata de nuestras antiguas y modernas misiones \u00ab. El general mand\u00f3 examinar los vol\u00famenes a dos censores, estando de acuerdo en atribuirles un car\u00e1cter calum\u00adnioso. Uno de ellos sugiri\u00f3 llevarlos ante el S. Oficio.<\/p>\n<p>El prefecto de Propaganda escribi\u00f3 a Etienne, el cual respondi\u00f3 que los vol\u00famenes se hab\u00edan escrito \u00absin mi previo conocimiento\u00bb, mostr\u00e1ndose dispuesto a retirarlos con tal que le fuese comunicado como una orden de Propaganda. Se continu\u00f3 as\u00ed un poco, tambi\u00e9n a causa del traslado de la Casa Madre a Bruselas, hasta que Etienne tuvo una orden formal para retirar los vol\u00famenes, que ejecut\u00f3 pron\u00adtamente. En 1911 y 1912 se redact\u00f3, pues, otra edici\u00f3n de las <em>M\u00e9moires, <\/em>en las que se declaraba que se hab\u00edan eliminado todas las partes en las que la obra depend\u00eda de escritos que no son obra de misioneros y que no tratan directamente de la historia de la congre\u00adgaci\u00f3n en China.<span id='easy-footnote-51-43203' class='easy-footnote-margin-adjust'><\/span><span class='easy-footnote'><a href='http:\/\/vincentians.com\/es\/nuevas-pistas-de-investigacion-para-la-historia-del-vicencianismo\/#easy-footnote-bottom-51-43203' title='A. MILON, &lt;em&gt;M\u00e9moires de la Congr\u00e9gation de la Mission: La Chine, &lt;\/em&gt;3 voll., Par\u00eds 1911-1912.'><sup>51<\/sup><\/a><\/span>\n<p>Este problema de las <em>M\u00e9moires <\/em>jam\u00e1s ha sido afrontado en el seno de la congregaci\u00f3n.<span id='easy-footnote-52-43203' class='easy-footnote-margin-adjust'><\/span><span class='easy-footnote'><a href='http:\/\/vincentians.com\/es\/nuevas-pistas-de-investigacion-para-la-historia-del-vicencianismo\/#easy-footnote-bottom-52-43203' title='Estudio muy v\u00e1lido es el de Fatica, que ha utilizado los archivos napoli\u00adtanos del Colegio de la S. Familia de Ripa: M. RIPA, &lt;em&gt;Giornale &lt;\/em&gt;(1705-1724), 2 voll., a cargo de M. Fatica, N\u00e1poles 1991; &lt;em&gt;La missione cattolica in Cina tra i secoli &lt;\/em&gt;XVIII-XIX. &lt;em&gt;Matteo Ripa e il Collegio dei Cinesi, &lt;\/em&gt;a cargo de M. Fatica \u00ad F. D\u2019Arelli, N\u00e1poles 1999, v\u00e9ase tambi\u00e9n: A. THOMAS (J.-M. PLANCHET), &lt;em&gt;Histoire de la mission de P\u00e9king, &lt;\/em&gt;2 voll., Par\u00eds 1923-1925; J. VAN DEN BRANDT, &lt;em&gt;Les Laza\u00adristes en Chine 1667-1935, &lt;\/em&gt;P\u00e9king 1936; H. CRAPEZ, &lt;em&gt;Les Lazaristes et le clerg\u00e9 chinois de 1697 \u00e1 1900, &lt;\/em&gt;en &lt;em&gt;Revue d\u2019histoire des missions &lt;\/em&gt;(1938) 14-59; O. FERREUX, &lt;em&gt;Histoire de la Mission en Chine (1699-1950), &lt;\/em&gt;en &lt;em&gt;Annales de la Con\u00adgr\u00e9gation de la Mission &lt;\/em&gt;127 (1963) 3-530; R.S. POOLE, &lt;em&gt;A History of the Congre\u00adgation of the Mission, &lt;\/em&gt;1625-1843, s.l. 1973.'><sup>52<\/sup><\/a><\/span> La historia de la misi\u00f3n de China ha sido estu\u00addiada desde el punto de vista de los misioneros franceses, pero no ha sido estudiada la historia de los misioneros portugueses.<\/p>\n<p>Actualmente est\u00e1 en curso una amplia recogida de material rela\u00adtivo a Teodorico Pedrini. La figura de Teodorico Pedrini es una figura discutida. Pastor ha escrito de \u00e9l todo el mal posible;<span id='easy-footnote-53-43203' class='easy-footnote-margin-adjust'><\/span><span class='easy-footnote'><a href='http:\/\/vincentians.com\/es\/nuevas-pistas-de-investigacion-para-la-historia-del-vicencianismo\/#easy-footnote-bottom-53-43203' title='Pastor XV, 327. Se sabe que la &lt;em&gt;Storia dei Papi &lt;\/em&gt;de Pastor hab\u00eda llegado al vol. XIII, cuando muri\u00f3 el autor (1928). Fue \u00abcompletada\u00bb por el P. Kneller, W. W\u00fchr, el P. Kratz y Schmidlin (para las misisones). Los juicios dados en un sentido muy pol\u00e9mico por las legaciones Tournon y Mezzabarba son m\u00e1s bien de sus continuadores: A. PELZER, &lt;em&gt;L\u2019histoirien Louis von Pastor d\u2019apr\u00e8s ses journeaux, sa correspondence et ses souvenirs, &lt;\/em&gt;en &lt;em&gt;RHE &lt;\/em&gt;46 (1951) 192-201. Sobre Pedrini falta una biograf\u00eda exhaustiva: existe una ms. En elvol. &lt;em&gt;Missioni estere, Cina, &lt;\/em&gt;en ACL con algunas cartas; otras cartas en elvol. Cina y en los archivos de Propaganda, en la biblioteca Corsiniana, en el archivo del MEP en Par\u00eds. Sobre \u00e9l: A.B. DUVIGNEAU, &lt;em&gt;Th\u00e9odoric Pedrini, Pr\u00eatre de la Mission, proto\u00adnotaire apostolique, musicien \u00e1 la Cour Imp\u00e9riale de P\u00e9kin, &lt;\/em&gt;1670-1746, Pei-p\u2019ing 1937 (tr. it., Roma 1942); F. COMBALUZIER, &lt;em&gt;Th\u00e9odoric Pedrini. &lt;\/em&gt;&lt;em&gt;Le missionnaire. Le musicien \u00e1 la Cour Imp\u00e9riale de P\u00e9kin, &lt;\/em&gt;en &lt;em&gt;NZM &lt;\/em&gt;8 (1952) 270-287; 9 (1953) 149-151; ID., &lt;em&gt;Th\u00e9odoric Pedrini, missionnaire apostolique, &lt;\/em&gt;en &lt;em&gt;ivi &lt;\/em&gt;13 (1957) 139-157; L. MEZZADRI, &lt;em&gt;Teodorico Pedrini C.M. (1670-1746) missionario e musico alla Corte imperiale di Pechino, &lt;\/em&gt;en imprenta.'><sup>53<\/sup><\/a><\/span> otros le han defendido. Los principales archivos para el estudio de este misionero son los archivos romanos de Propaganda, de la Congregaci\u00f3n de la Misi\u00f3n en el Colegio Leoniano, el archivo Romano de la Compa\u00f1\u00eda de Jes\u00fas, los de la Biblioteca Vaticana (fondo Bouquet), y los parisi\u00adnos de S. L\u00e1zaro (Casa Madre de los lazaristas) y de las Misiones Extranjeras.<\/p>\n<p>Entre las fuentes editadas nos ocuparemos de aquellas que han sido la base de las <em>M\u00e9moires <\/em>de Perboyre.<\/p>\n<p>Dado el inter\u00e9s, su producci\u00f3n musical, que es muy importante, como ha demostrado el reciente inter\u00e9s por su producci\u00f3n musical y la del jesuita Joseph-Marie Amito, compuesta para el emperador.<\/p>\n<p>Los problemas a valorar y las cuestiones a elegir son parecidas: relaci\u00f3n entre inculturaci\u00f3n y teolog\u00eda, reverberaci\u00f3n de la pol\u00e9mica de China en Europa ante los ilustrados, presencia de misioneros y presencia de estudiosos en Pek\u00edn, cultura de los misioneros e infor\u00admaciones enviadas a Roma, donde Propaganda estaba obligada a de\u00adcidir sobre la base de posiciones no siempre equilibradas (la corres\u00adpondencia prueba c\u00f3mo Pedrini era parcial). Habr\u00e1 que aclarar la parte de cierta literatura, que Theiner, defensor pol\u00e9mico de Cle\u00admente XIV, ha mostrado a Perboyre, para encuadrar la pol\u00e9mica de los ritos en la fase conclusiva.<\/p>\n<p>Con Etienne se reanuda el periodo grande de la misi\u00f3n en China.<span id='easy-footnote-54-43203' class='easy-footnote-margin-adjust'><\/span><span class='easy-footnote'><a href='http:\/\/vincentians.com\/es\/nuevas-pistas-de-investigacion-para-la-historia-del-vicencianismo\/#easy-footnote-bottom-54-43203' title='L. MEZZADRI, &lt;em&gt;Le missioni vincenziane in Cina nel sec. &lt;\/em&gt;&lt;em&gt;XIX, &lt;\/em&gt;Roma 2000.'><sup>54<\/sup><\/a><\/span> No pretendemos hacer una reconstrucci\u00f3n de la historia de nuestra misi\u00f3n en China, aunque bien merece hacerse. Sin embargo podemos afrontar algunos problemas de m\u00e9todo.<\/p>\n<p>Formaci\u00f3n. En general, los misioneros no recib\u00edan una formaci\u00f3n espec\u00edfica, sino que se formaban solamente en la disciplina (obedien\u00adcia) y en la ascesis (sacrificarse por las almas). En el periodo de los estudios y del noviciado se trataba de transmitir la urgencia de vigi\u00adlar la santificaci\u00f3n personal y la salvaci\u00f3n del alma, con la certeza de que en el espacio de pocas generaciones se conseguir\u00eda la conversi\u00f3n de las masas. Por eso se descuidaban los aspectos pol\u00edticos y cultu\u00adrales, y no se preocupaban mucho del clero local, que se le conside\u00adraba inadecuado. Entonces las vocaciones eran numerosas por lo que se consideraba un derroche in\u00fatil dedicar recursos para el clero local. La mayor parte de los misioneros constru\u00eda escuelas, catecu\u00admenados, orfanatos y hospitales, con los que se quer\u00eda dar testimonio de caridad.<\/p>\n<p>Misi\u00f3n y pol\u00edtica. Cuando en 1850 Danicourt fue nombrado vica\u00adrio apost\u00f3lico de Chekiang, consider\u00f3 justo transformar algunas pagodas en iglesias. La poblaci\u00f3n reaccion\u00f3 y ocup\u00f3 las pagodas, destruyendo los muebles lit\u00fargicos. Entonces Danicout pidi\u00f3 la inter\u00advenci\u00f3n de dos barcos de guerra franceses. Pero el almirante no se lo concedi\u00f3. Etienne juzg\u00f3 severamente la acci\u00f3n de Danicourt. Se pro\u00adpuso trasladarlo a otro vicariato. Esto s\u00f3lo fue posible despu\u00e9s de dos a\u00f1os de resistencia. M\u00e1s que el acontecimiento personal, es impor\u00adtante entender su mentalidad. Estaba convencido de que China deb\u00eda ser gobernada por Europa. Hasta que Francia no diese una buena lecci\u00f3n a China, los tratados resultar\u00edan in\u00fatiles.<\/p>\n<p>En 1856 Baldus pidi\u00f3 abiertamente protecci\u00f3n para las misiones cat\u00f3licas, invitando a Francia a intervenir militarmente. \u00abEs verdad que los chinos tienen un miedo grande de los europeos; por eso el gobierno proh\u00edbe la religi\u00f3n cristiana. Temen que los extranjeros aprovechen para introducirse por todas partes en China para derro\u00adcar a su gobierno y a su emperador. Ahora que la desconfianza se ha apoderado de la Corte, no es necesario esperar a que tolere de buena gana el cristianismo. Ya que teme mucho a los europeos, conviene aprovechar este sentimiento. Ser\u00edan suficientes cuatro o cinco barcos de guerra para resolver este asunto e impon\u00e9rselo\u00bb.<span id='easy-footnote-55-43203' class='easy-footnote-margin-adjust'><\/span><span class='easy-footnote'><a href='http:\/\/vincentians.com\/es\/nuevas-pistas-de-investigacion-para-la-historia-del-vicencianismo\/#easy-footnote-bottom-55-43203' title='L. WEI TSING-SING, &lt;em&gt;La politique missionnaire, &lt;\/em&gt;506-512.'><sup>55<\/sup><\/a><\/span>\n<h2><strong>7. <\/strong><strong><em>La Congregaci\u00f3n de la Misi\u00f3n en el siglo XX<\/em><\/strong><\/h2>\n<p>El siglo XX se abre con un acontecimiento importante. El uno de julio de 1901 se vot\u00f3 en Francia una ley contra las congregaciones religiosas.<span id='easy-footnote-56-43203' class='easy-footnote-margin-adjust'><\/span><span class='easy-footnote'><a href='http:\/\/vincentians.com\/es\/nuevas-pistas-de-investigacion-para-la-historia-del-vicencianismo\/#easy-footnote-bottom-56-43203' title='&lt;em&gt;Le Grand exil des congr\u00e9gations religieuses fran\u00e7aises &lt;\/em&gt;1901-1914, a cargo de P. Cabanel y J.-D. Durand (Coloquio internacional de Lyon &amp;#8211; Universidad Jean-Moulin-Lyon III &amp;#8211; 12-13 juin 2003), Par\u00eds 2005.'><sup>56<\/sup><\/a><\/span> En 1901 hab\u00eda en Francia 128.000 religiosas y 30.000 religiosos. Una quinta parte fueron obligados a ir al exilio, otros vol\u00advieron a la familia o inventaron formas de pertenencia clandestina. Se suprimieron 13.904 institutos dedicados a la ense\u00f1anza.<\/p>\n<p>Francia ten\u00eda entonces ocho provincias: Francia, Picardie, Cham\u00adpagne, Touraine, Lyon, Aquitaine, Languedoc, Provence. S\u00f3lo en Francia los misioneros (sacerdotes) eran m\u00e1s de 400.<span id='easy-footnote-57-43203' class='easy-footnote-margin-adjust'><\/span><span class='easy-footnote'><a href='http:\/\/vincentians.com\/es\/nuevas-pistas-de-investigacion-para-la-historia-del-vicencianismo\/#easy-footnote-bottom-57-43203' title='Entonces no se registraba el nombre de los coadjutores en el &lt;em&gt;Catalogue des maison et du personnel &lt;\/em&gt;(lo mencionaremos CMP, con indicaci\u00f3n del a\u00f1o).'><sup>57<\/sup><\/a><\/span> Otros muchos estaban en misi\u00f3n en China, Persia, Siria, Turqu\u00eda, Grecia, Macedo\u00adnia, Argelia (entonces constituida en provincia), Abisinia, Madagas\u00adcar, Antillas, Chile y Argentina. El Padre General de los lazaristas, Fiat, pidi\u00f3 a los misioneros franceses un sacrificio extraordinario, indicando varias metas para su traslado a Am\u00e9rica latina, China, Madagascar, Etiop\u00eda, Persia y Levante. Pero la salida no era sencilla. A cierta edad, para un europeo, no es f\u00e1cil aprender una lengua y sumergirse en una cultura extranjera. Por eso, como ha demostrado Jacqueline Lalouette, s\u00f3lo uno de cada seis acept\u00f3 ir a misi\u00f3n.<span id='easy-footnote-58-43203' class='easy-footnote-margin-adjust'><\/span><span class='easy-footnote'><a href='http:\/\/vincentians.com\/es\/nuevas-pistas-de-investigacion-para-la-historia-del-vicencianismo\/#easy-footnote-bottom-58-43203' title='J. LALOUETTE, 1901, &lt;em&gt;\u00bfLes congr\u00e9gations hors de la loi?, &lt;\/em&gt;Par\u00eds 2002.'><sup>58<\/sup><\/a><\/span> Muchos salieron para B\u00e9lgica y Holanda. De hecho el exilio de los misioneros franc\u00e9s tuvo dos consecuencias: la p\u00e9rdida de los se\u00adminarios, y por consiguiente la posibilidad de reclutamiento, y la reducci\u00f3n de las provincias a s\u00f3lo tres: Francia, Aquitaine, Provence. Si miramos el elenco de los seminarios vemos que la Congregaci\u00f3n de la Misi\u00f3n ten\u00eda los seminarios mayores (grands s\u00e9minaires) de Evreux, Amiens, Cambrai, Lille, Solesmes, Sens, Chalons, Meaux, Troyes, Tours, Angoul\u00eame, Berceau, La Rochelle, Carcassonne, Albi, Cahors, Saint-Flour, Marseille, Montpellier, Nice. En 1919 se recupe\u00adraron los seminarios de Evreux, Beauvais, Troyes, Verdun, Perigueux, Angoul\u00eame, Montauban, Albi, Montpellier, Nice. Pero el n\u00famero total de seminarios se hab\u00eda reducido a la mitad.<\/p>\n<p>La desdicha de los franceses benefici\u00f3 a las provincias de B\u00e9lgica y Holanda donde ya estaban presentes los misioneros lazaristas. El exi\u00adlio de los misioneros franceses y alemanes permite la constituci\u00f3n de un cierto n\u00famero de casas y la constituci\u00f3n de una provincia (1902), que despu\u00e9s se divide en las provincias de B\u00e9lgica y de Holanda (1921), con gran vitalidad apost\u00f3lica, por las misiones en el Congo, Indonesia y China. La provincia de Alemania a comienzos de los a\u00f1os treinta era una provincia importante. Ten\u00eda un centenar de misioneros y misiones en Palestina, Costa Rica, Honduras y Ni\u00adcaragua. D\u00edgase lo mismo de Austria, con el colegio de Estambul. La provincia de Hungr\u00eda, que se hab\u00eda formado en 1926, en 1934 ten\u00eda 4 casas, 19 misioneros sacerdotes, 24 hermanos coadjutores, 22 estudiantes y 10 seminaristas (novicios). Polonia, que se hab\u00eda levantado de nuevo, ten\u00eda 105 estudiantes y 74 seminaristas, por lo que, adem\u00e1s de las obras en el propio pa\u00eds, es decir 16 casas, pod\u00eda proveer de casas misioneras en Francia, Rumania, China, Estados Unidos, Brasil (la futura provincia de Curitiba). Prometedora era tambi\u00e9n la provincia de Yugoslavia (1926), con la casa provincial en Lubiana, y que ten\u00eda ahora una figura considerable, como el obispo de Skoplje mons. Janez-Francisek Gnidovec.<\/p>\n<p>\u00bfCu\u00e1l fue la vitalidad de la congregaci\u00f3n en el siglo XX? Mientras los Padres Blancos en el cap\u00edtulo de 1926 crearon el \u00abInstituto de Bellas Artes \u00c1rabes\u00bb y mientras que se publicaban obras innovadoras sobre la misi\u00f3n,<span id='easy-footnote-59-43203' class='easy-footnote-margin-adjust'><\/span><span class='easy-footnote'><a href='http:\/\/vincentians.com\/es\/nuevas-pistas-de-investigacion-para-la-historia-del-vicencianismo\/#easy-footnote-bottom-59-43203' title='Henri de Lubac (1896-1991) public\u00f3 &lt;em&gt;Le fondement th\u00e9ologique des mis\u00adsion &lt;\/em&gt;(1936) e &lt;em&gt;Catholicisme &lt;\/em&gt;(1938), Yves Congar (1904-1995) &lt;em&gt;Vaste monde. Ma paroisse. &lt;\/em&gt;&lt;em&gt;Verit\u00e9 et dimension du salut &lt;\/em&gt;y Jean Dani\u00e9lou (1905-1974) &lt;em&gt;Le mys\u00adt\u00e8re de l\u2019Advent &lt;\/em&gt;(1948).'><sup>59<\/sup><\/a><\/span> en nuestra congregaci\u00f3n no se tomaron iniciativas de ning\u00fan tipo. Ten\u00edamos misiones, no una idea de misi\u00f3n. De Lubac subrayaba la importancia de la oraci\u00f3n para la acci\u00f3n misionera. El c\u00edrculo San Juan Bautista del P. Dani\u00e9lou exhortaba a tener las disposiciones del precursor. Se desarrollaba una trama fecunda entre teolog\u00eda y misiolog\u00eda, gracias a los jesuitas Pierre Charles (1883\u00ad 1954)<span id='easy-footnote-60-43203' class='easy-footnote-margin-adjust'><\/span><span class='easy-footnote'><a href='http:\/\/vincentians.com\/es\/nuevas-pistas-de-investigacion-para-la-historia-del-vicencianismo\/#easy-footnote-bottom-60-43203' title='P. CHARLES, &lt;em&gt;La pri\u00e8re missionnaire, &lt;\/em&gt;Par\u00eds 1935; ID., &lt;em&gt;Dossier de l\u2019action mis\u00adsionnaire, &lt;\/em&gt;Louvain 1939.'><sup>60<\/sup><\/a><\/span> y Joseph Masson,<span id='easy-footnote-61-43203' class='easy-footnote-margin-adjust'><\/span><span class='easy-footnote'><a href='http:\/\/vincentians.com\/es\/nuevas-pistas-de-investigacion-para-la-historia-del-vicencianismo\/#easy-footnote-bottom-61-43203' title='J. MASSON, &lt;em&gt;Th\u00e9ologie g\u00e9n\u00e9rale de la fonction missionnaire, &lt;\/em&gt;Roma 1971; ID., &lt;em&gt;Le bouddhisme: chemin de lib\u00e9ration approches et recherches, &lt;\/em&gt;Par\u00eds 1975.'><sup>61<\/sup><\/a><\/span> al benedictino Thomas Ohm (1892\u00ad 1962),<span id='easy-footnote-62-43203' class='easy-footnote-margin-adjust'><\/span><span class='easy-footnote'><a href='http:\/\/vincentians.com\/es\/nuevas-pistas-de-investigacion-para-la-historia-del-vicencianismo\/#easy-footnote-bottom-62-43203' title='T. OHM, &lt;em&gt;Asien Kritik am abenlandischen Christentum, &lt;\/em&gt;M\u00fcnchen 1948.'><sup>62<\/sup><\/a><\/span> al verbita Edouard Loffeld<span id='easy-footnote-63-43203' class='easy-footnote-margin-adjust'><\/span><span class='easy-footnote'><a href='http:\/\/vincentians.com\/es\/nuevas-pistas-de-investigacion-para-la-historia-del-vicencianismo\/#easy-footnote-bottom-63-43203' title='E. LOFFELD, &lt;em&gt;Le probl\u00e8me cardinal de la missiologie et des missions catho\u00adliques, &lt;\/em&gt;Rhenen 1956.'><sup>63<\/sup><\/a><\/span> y al oblato Andr\u00e9 Seumois.<span id='easy-footnote-64-43203' class='easy-footnote-margin-adjust'><\/span><span class='easy-footnote'><a href='http:\/\/vincentians.com\/es\/nuevas-pistas-de-investigacion-para-la-historia-del-vicencianismo\/#easy-footnote-bottom-64-43203' title='A. SEUMOIS, &lt;em&gt;Th\u00e9ologie missionnaire, &lt;\/em&gt;5 voll., Roma 1973-1981.'><sup>64<\/sup><\/a><\/span> En 1933 nac\u00eda la UMMI (Uni\u00f3n de M\u00e9dicos Misioneros Italianos)<\/p>\n<p>Este estado de cosas explica el caso Lebbe.<span id='easy-footnote-65-43203' class='easy-footnote-margin-adjust'><\/span><span class='easy-footnote'><a href='http:\/\/vincentians.com\/es\/nuevas-pistas-de-investigacion-para-la-historia-del-vicencianismo\/#easy-footnote-bottom-65-43203' title='Para conocer a Lebbe es necesario referirse al \u00abCentro Vicente Lebbe\u00bb junto a la universidad cat\u00f3lica de Lovaina. C. SOETENS, &lt;em&gt;Inventaire des Archives Lebbe, &lt;\/em&gt;Louvain-la Neuve 1982; &lt;em&gt;Scritti di Lebbe&lt;\/em&gt;: &lt;em&gt;Choses vues par un mission\u00adnaire en Chine, &lt;\/em&gt;en &lt;em&gt;Lectures pour tous, &lt;\/em&gt;15.1.1914, 694-707; &lt;em&gt;Aper\u00e7u historique sur la mission de Chine, &lt;\/em&gt;promemoria enviada a Roma en 1918 y publicada con retoques en &lt;em&gt;L\u2019\u00c9glise catholique partout indig\u00e8ne, &lt;\/em&gt;en &lt;em&gt;Bulletin des missions &lt;\/em&gt;6 (1923) 393-400, 501-506, 520-531. Adem\u00e1s: L. LEVAUX, &lt;em&gt;Pens\u00e9es et maximes du P. Lebbe, &lt;\/em&gt;Paris-Bruxelles 1950; P. GOFFART &amp;#8211; A. SOHIER, &lt;em&gt;Lettres, &lt;\/em&gt;Par\u00eds-Turin 1960; A. SOHIER, &lt;em&gt;Lettres et \u00e9crits spirituels, &lt;\/em&gt;Bruxelles 1966. Entre las biograf\u00edas: L. LEVAUX, &lt;em&gt;Le P\u00e8re Lebbe, ap\u00f3tre de la Chine moderne, &lt;\/em&gt;Paris-Bruxelles 1948; R. DE JAEGHER, &lt;em&gt;Le P\u00e8re Lebbe, ap\u00f3tre moderne, &lt;\/em&gt;Louvain 1953; J. LECLERCQ, &lt;em&gt;Vie du P\u00e8re Lebbe, &lt;\/em&gt;Paris-Tournai 1955 (muy controvertida): A. SOHIER, &lt;em&gt;s.v., &lt;\/em&gt;en &lt;em&gt;DS &lt;\/em&gt;9 (1975) 449-450; C. SOETENS, &lt;em&gt;Pour l\u2019\u00c9glise chinoise, &lt;\/em&gt;I, &lt;em&gt;La visite apostolique des missions de Chine &lt;\/em&gt;(1919-1920), Louvain-la-Neuve 1982; ID., &lt;em&gt;L\u2019encyclique Maximum illud, &lt;\/em&gt;Louvain-la-Neuve 1983; P. GERMANI, &lt;em&gt;Paolo Manna et Vincent Lebbe pionniers de l\u2019evangelisation, &lt;\/em&gt;en &lt;em&gt;Omnis terra &lt;\/em&gt;30 (1991) 137-144.'><sup>65<\/sup><\/a><\/span> Nacido en Gand, entr\u00f3 en la Congregaci\u00f3n de la Misi\u00f3n en 1895. Despu\u00e9s de los estu\u00addios fue destinado en 1901, inmediatamente despu\u00e9s de la revuelta de los boxers, a nuestra misi\u00f3n en China. Ordenado sacerdote en Pek\u00edn, comprendi\u00f3 muy pronto los errores que comet\u00edan los misio\u00adneros europeos y sobre todo sus cohermanos que se apoyaban en el protectorado franc\u00e9s. \u00abLa China para los chinos y los chinos para Cristo\u00bb. Por eso quer\u00eda que la iglesia en China no fuese una sucursal de las iglesias europeas. Estimaba la cultura china, conoc\u00eda perfecta\u00admente la lengua, y respetaba las costumbres. En 1911 fund\u00f3 la Acci\u00f3n Cat\u00f3lica en China y en 1915 el primer peri\u00f3dico cat\u00f3lico chino <em>I-sce-pao. <\/em>Fino observador de la misi\u00f3n, conoc\u00eda los prejuicios de los europeos contra los sacerdotes chinos considerados inferiores, menos virtuosos, no sinceros. Defendi\u00f3 la igualdad absoluta entre sacerdotes chinos y europeos y trat\u00f3 de convencer a las autoridades de la misi\u00f3n sobre la conveniencia de promover un episcopado chino.<\/p>\n<p>Los cohermanos no le apoyaron. No siendo franc\u00e9s, sino belga, se le pusieron trabas, fue aislado y por fin trasladado de un vicariato a otro sin ninguna consideraci\u00f3n. Vuelto a Europa en 1920 continu\u00f3 su batalla. La consagraci\u00f3n de los seis primeros obispos chinos en 1926 fue un \u00e9xito para \u00e9l. Volvi\u00f3 a China y se nacionaliz\u00f3 en 1927, pero ya estaba al margen de la comunidad. En 1928 fund\u00f3 en Ankwo (Hopei) la <em>Congregaci\u00f3n de peque\u00f1os hermanos de san Juan Bautista, <\/em>una comunidad mon\u00e1stica que ten\u00eda por lema: \u00abTrapenses en casa, ap\u00f3s\u00adtoles fuera de casa\u00bb. Los conventos se llamaban \u00abcasa de las bien\u00adaventuranzas\u00bb. Al a\u00f1o siguiente fund\u00f3 una comunidad femenina, Las Peque\u00f1as hermanas de santa Teresa del Ni\u00f1o Jes\u00fas.<\/p>\n<p>En 1933, obtenida la dispensa, sale de la Congregaci\u00f3n de la Misi\u00f3n y emite los votos entre los Peque\u00f1os Hermanos de san Juan Bautista. Mientras tanto hab\u00eda inspirado la <em>Sociedad de auxiliares de las misiones <\/em>y <em>la Sociedad de auxiliares <\/em>(f) <em>de las misiones <\/em>(<em>Sociedad misionera de auxiliares cat\u00f3licas internacionales<\/em>), \u00e9stas \u00faltimas funda\u00addas por Ivonne Poncelet (1906-1955 y Andr\u00e9 Boland. Permaneciendo ellas en el laicado, se compromet\u00edan a servir a las misiones.<\/p>\n<p>En 1940, bajo el vicario Edouard Robert y en el primer a\u00f1o de guerra, la situaci\u00f3n no hab\u00eda cambiado mucho. Austria ten\u00eda 16 estu\u00addiantes y 6 seminaristas, Alemania 24 estudiantes y 8 seminaristas, Espa\u00f1a 102 estudiantes y 45 seminaristas, Holanda 69 estudiantes y 27 seminaristas, Irlanda 18 estudiantes y 16 seminaristas, Roma 27 estudiantes y 26 seminaristas, Tur\u00edn 49 estudiantes y 27 semina\u00adristas, N\u00e1poles 15 estudiantes y 3 seminaristas, Polonia 130 estu\u00addiantes y 28 seminaristas. Hungr\u00eda ten\u00eda entonces 38 sacerdotes, 35 hermanos, 15 estudiantes y 9 seminaristas.<\/p>\n<p>En 2006 la Congregaci\u00f3n tiene 4.034 miembros, con 3.395 miem\u00adbros incorporados: 2 Cardenales, 31 Obispos, 3.047 Sacerdotes, 93 Di\u00e1conos, 171 Hermanos incorporados, 53 Estudiantes de Filosof\u00eda y de Teolog\u00eda (que han emitido ya los votos). Adem\u00e1s 624 miembros admitidos: 609 Estudiantes y 15 Hermanos. Todo esto en 46 provin\u00adcias, 5 viceprovincias, una regi\u00f3n y 535 casas en todos los continen\u00adtes. De Europa ha desaparecido la provincia de B\u00e9lgica, que es ahora regi\u00f3n del Congo. En la v\u00eda del ocaso est\u00e1 tambi\u00e9n Holanda. Austria y Alemania tienen solamente 27 sacerdotes. Francia tiene dos provin\u00adcias, Espa\u00f1a cuatro provincias, Italia tres, pero en fuerte decreci\u00admiento. Se han desarrollado las provincias de Eslovaquia (1989) y Eslovenia (1992) adem\u00e1s de la provincia polaca.<\/p>\n<h2><strong>8. <\/strong><strong><em>Conclusiones<\/em><\/strong><\/h2>\n<p>Los misioneros se formaron en un estilo sobrio, en una fidelidad grande a la regla. Eran m\u00e1s hombres de trabajo que de estudio (hechas las debidas excepciones). La actividad intelectual y divulga\u00addora como la de Ferdinand Portal (1855-1926)<span id='easy-footnote-66-43203' class='easy-footnote-margin-adjust'><\/span><span class='easy-footnote'><a href='http:\/\/vincentians.com\/es\/nuevas-pistas-de-investigacion-para-la-historia-del-vicencianismo\/#easy-footnote-bottom-66-43203' title='A. GRATIEUX, &lt;em&gt;L\u2019amiti\u00e9 au service de l\u2019unio: Lord Halifax et l\u2019Abb\u00e9 Portal, &lt;\/em&gt;Paris 1951; H. HEMMER, &lt;em&gt;Monsieur Portal, pr\u00eatre de la Mission, &lt;\/em&gt;1885-1926, Par\u00eds 1947; R. LADOUS, &lt;em&gt;L\u2019Abb\u00e9 Portal et la compagne anglo-romaine, &lt;\/em&gt;1890-1912, Lyon 1973; ID., &lt;em&gt;Monsieur Portal et les siens, &lt;\/em&gt;1855-1926, Paris 1985.'><sup>66<\/sup><\/a><\/span> y Guillaume Pouget (1847-1933)<span id='easy-footnote-67-43203' class='easy-footnote-margin-adjust'><\/span><span class='easy-footnote'><a href='http:\/\/vincentians.com\/es\/nuevas-pistas-de-investigacion-para-la-historia-del-vicencianismo\/#easy-footnote-bottom-67-43203' title='J. GUITTON, &lt;em&gt;Portrait de M. Pouget, &lt;\/em&gt;Paris 1941; ID., &lt;em&gt;Dialogues avec Monsieur Pouget sur la pluralit\u00e9 des mondes. Le Christ des Evangiles et l\u2019avenir de notre esp\u00e8ce, &lt;\/em&gt;Paris (1954): J. CHEVALIER, &lt;em&gt;Bergson et le P\u00e8re Pouget, &lt;\/em&gt;Paris 1954; E. ANTONELLO, &lt;em&gt;Guillaume Pouget &lt;\/em&gt;(1847-1933) &lt;em&gt;testimone del rinnovamento teo\u00adlogico all\u2019inizio del secolo XX: biografia del pensiero, &lt;\/em&gt;Milano 1995; ID., &lt;em&gt;Gui\u00adllaume Pouget et le renouveau th\u00e9ologique au tournant du XX&lt;sup&gt;e&lt;\/sup&gt; si\u00e8cle, &lt;\/em&gt;en &lt;em&gt;Vincentiana &lt;\/em&gt;48 (2004) 15-33.'><sup>67<\/sup><\/a><\/span> nunca fueron bien vistas por la direcci\u00f3n de la congre\u00adgaci\u00f3n. Los misioneros escritores estuvieron de hecho marginados. Pero adem\u00e1s de esto, hay que destacar el escaso peso que ten\u00eda la reflexi\u00f3n teol\u00f3gica sobre nuestro carisma. En un cierto momento se suprimieron los <em>Anales <\/em>franceses. <em>Misi\u00f3n y Caridad <\/em>del P. Andr\u00e9 Dodin estuvo de hecho ligada a su persona.<\/p>\n<p>Hasta los a\u00f1os 70 del siglo pasado nos form\u00e1bamos sobre la vida de S. Vicente que se le\u00eda en el comedor. Libros y estudios se produ\u00adc\u00edan casi s\u00f3lo en Francia. La situaci\u00f3n se agrava con el abandono de gran parte de los seminarios, sobre todo en Francia, aunque tambi\u00e9n en otras muchas naciones, pues el clero diocesano se consideraba preparado para este servicio. Pero los da\u00f1os para la congregaci\u00f3n fueron incalculables, al disminuir los misioneros dedicados a los estudios.<\/p>\n<p>En aquellos a\u00f1os hubo un giro con las <em>Fiches vicentiennes, <\/em>Las <em>semanas <\/em>de Salamanca, el <em>Grupo de animaci\u00f3n Vicenciana, <\/em>el GIEV, despu\u00e9s SIEV.<span id='easy-footnote-68-43203' class='easy-footnote-margin-adjust'><\/span><span class='easy-footnote'><a href='http:\/\/vincentians.com\/es\/nuevas-pistas-de-investigacion-para-la-historia-del-vicencianismo\/#easy-footnote-bottom-68-43203' title='II GIEV (&lt;em&gt;Groupe Internacional d\u2019\u00c9tudes Vincentiennes&lt;\/em&gt;) era un organismo internacional libre, era un \u00abgrupo\u00bb. Solo en un segundo tiempo se cre\u00f3 el SIEV (&lt;em&gt;Secr\u00e9tariat Internacional d\u2019Etudes Vincentiennes&lt;\/em&gt;) \u00f3rgano de la curia.'><sup>68<\/sup><\/a><\/span> El proyecto de un <em>Instituto o Facultad de teolog\u00eda pastoral de la caridad, <\/em>ligado a una universidad romana, no se aprob\u00f3. Se ha preferido el CIF (<em>Centro Internacional de Formaci\u00f3n Vicenciana<\/em>) que no confiere grados acad\u00e9micos y no produce ni una revista ni colecci\u00f3n de estudios.<\/p>\n<p>Tambi\u00e9n las misiones populares disminuyeron en importancia, as\u00ed como la actividad con el clero. El trabajo en las parroquias llega a ser casi exclusivo.<\/p>\n<p>Tambi\u00e9n tiene mucha importancia la relaci\u00f3n con las Hijas de la Caridad. Algunas provincias se crearon para tener misioneros que ejercitaran su ministerio en beneficio de las Hermanas.<\/p>\n<p>Hoy ha cambiado la situaci\u00f3n. Ya no somos \u00abcartujos en casa y ap\u00f3stoles en campa\u00f1a\u00bb. La figura tradicional del misionero de antes ha deca\u00eddo. Se han cambiado las reglas, as\u00ed como el h\u00e1bito, las casas, las misiones, los libros, la espiritualidad.<\/p>\n<p>No es mi tarea decir si todo esto se ha hecho seg\u00fan el esp\u00edritu del santo y su carisma. Quisiera s\u00f3lo dar algunas indicaciones para la investigaci\u00f3n hist\u00f3rica.<\/p>\n<p style=\"padding-left: 30px\"><em>a) <\/em><em>Ver<\/em>: debemos explorar los archivos (Vaticano, estatales, de la Curia General, de las provincias, de las administraciones p\u00fabli\u00adcas, de las familias nobles ligadas a nosotros) e inventariar los documentos que encontremos. No debemos descuidar los docu\u00admentos administrativos, los mapas y los planos de los edificios, los inventarios (bibliotecas, misioneros&#8230;), y las fotos de \u00e9poca y todo lo que puede ser documentar nuestra historia. Todo esto deber\u00eda estar reunido en un centro de estudios.<\/p>\n<p style=\"padding-left: 30px\"><em>b) <\/em><em>Juzgar<\/em>: una vez reunido el material, se deber\u00e1 analizar, ordenar y estudiar. \u00bfQu\u00e9 imagen de misionero surge? \u00bfC\u00f3mo se com\u00adportan los misioneros? \u00bfCu\u00e1l es su espiritualidad, su libertad hacia las Polic\u00edas secretas, los partidos pol\u00edticos, las opciones eclesiales? \u00bfC\u00f3mo ha sido su actualizaci\u00f3n, puesta al d\u00eda y su celo misionero? \u00bfCu\u00e1les han sido las estrategias realizadas por la curia, por las provincias y por las casas? Tambi\u00e9n nosotros debemos hacer propio el dicho de Cicerone<span id='easy-footnote-69-43203' class='easy-footnote-margin-adjust'><\/span><span class='easy-footnote'><a href='http:\/\/vincentians.com\/es\/nuevas-pistas-de-investigacion-para-la-historia-del-vicencianismo\/#easy-footnote-bottom-69-43203' title='MARCI TULLII CICERONIS, &lt;em&gt;De Oratore ad Quintum Fratrem, &lt;\/em&gt;II, 15.62.'><sup>69<\/sup><\/a><\/span> citado por Le\u00f3n XIII. \u00abPrimam esse historiae legem ne quid falsi dicere audeat, deinde ne quid veri non audeat\u00bb.<\/p>\n<p style=\"padding-left: 30px\"><em>c) <\/em><em>Actuar. <\/em>Quiz\u00e1s haya llegado el momento para la creaci\u00f3n de un Centro de Estudios Vicencianos. No es una decisi\u00f3n que poda\u00admos tomar nosotros. La competencia pertenece al Superior General. A nosotros, me parece, nos es permitido sugerirlo. A nivel provincial creo que es importante preparar algunas per\u00adsonas que inviertan tiempo para poner en marcha una investi\u00adgaci\u00f3n sobre la historia de nuestra comunidad. Todos, sin embargo, deber\u00edamos ser conscientes para buscar y conservar los documentos de nuestro pasado.<\/p>\n","protected":false},"excerpt":{"rendered":"<p>Cada generaci\u00f3n siente la necesidad de volver sobre los propios pasos, remontarse a los or\u00edgenes y recorrer el camino que la ha lle\u00advado a los cambios que conocemos. La historia no termina nunca de escribirse. &#8230; <a href=\"http:\/\/vincentians.com\/es\/nuevas-pistas-de-investigacion-para-la-historia-del-vicencianismo\/\" class=\"more-link\">Read More<\/a><\/p>\n","protected":false},"author":5,"featured_media":399979,"comment_status":"open","ping_status":"open","sticky":false,"template":"","format":"standard","meta":{"jetpack_post_was_ever_published":false,"_jetpack_newsletter_access":"","_jetpack_dont_email_post_to_subs":false,"_jetpack_newsletter_tier_id":0,"_jetpack_memberships_contains_paywalled_content":false,"_jetpack_memberships_contains_paid_content":false,"footnotes":"","jetpack_publicize_message":"","jetpack_publicize_feature_enabled":true,"jetpack_social_post_already_shared":true,"jetpack_social_options":{"image_generator_settings":{"template":"highway","default_image_id":0,"font":"","enabled":false},"version":2}},"categories":[214],"tags":[233,230,168,130,161,175,177,167,144,176,196,172,127,143,116],"class_list":["post-43203","post","type-post","status-publish","format-standard","has-post-thumbnail","hentry","category-historia-de-la-congregacion-de-la-mision","tag-abisinia","tag-almeras","tag-argel","tag-beauvais","tag-etienne","tag-folleville","tag-jolly","tag-lacour","tag-lambert","tag-misiones-populares","tag-perboyre","tag-pobreza","tag-portail","tag-san-lazaro","tag-tunez"],"yoast_head":"<!-- This site is optimized with the Yoast SEO plugin v26.3 - https:\/\/yoast.com\/wordpress\/plugins\/seo\/ -->\n<title>Nuevas pistas de investigaci\u00f3n para la historia del vicencianismo - Somos Vicencianos<\/title>\n<meta name=\"robots\" content=\"index, follow, max-snippet:-1, max-image-preview:large, max-video-preview:-1\" \/>\n<link rel=\"canonical\" href=\"http:\/\/vincentians.com\/es\/nuevas-pistas-de-investigacion-para-la-historia-del-vicencianismo\/\" \/>\n<meta property=\"og:locale\" content=\"es_ES\" \/>\n<meta property=\"og:type\" content=\"article\" \/>\n<meta property=\"og:title\" content=\"Nuevas pistas de investigaci\u00f3n para la historia del vicencianismo - Somos Vicencianos\" \/>\n<meta property=\"og:description\" content=\"Cada generaci\u00f3n siente la necesidad de volver sobre los propios pasos, remontarse a los or\u00edgenes y recorrer el camino que la ha lle\u00advado a los cambios que conocemos. La historia no termina nunca de escribirse. ... Read More\" \/>\n<meta property=\"og:url\" content=\"http:\/\/vincentians.com\/es\/nuevas-pistas-de-investigacion-para-la-historia-del-vicencianismo\/\" \/>\n<meta property=\"og:site_name\" content=\"Somos Vicencianos\" \/>\n<meta property=\"article:publisher\" content=\"https:\/\/www.facebook.com\/WeAreVincentians\/\" \/>\n<meta property=\"article:published_time\" content=\"2021-11-23T06:55:55+00:00\" \/>\n<meta property=\"og:image\" content=\"https:\/\/i0.wp.com\/vincentians.com\/es\/wp-content\/uploads\/sites\/11\/2016\/09\/identidad.jpg?fit=1200%2C630\" \/>\n\t<meta property=\"og:image:width\" content=\"1200\" \/>\n\t<meta property=\"og:image:height\" content=\"630\" \/>\n\t<meta property=\"og:image:type\" content=\"image\/jpeg\" \/>\n<meta name=\"author\" content=\"Mitxel Olabu\u00e9naga\" \/>\n<meta name=\"twitter:card\" content=\"summary_large_image\" \/>\n<meta name=\"twitter:creator\" content=\"@WeVincentians\" \/>\n<meta name=\"twitter:site\" content=\"@WeVincentians\" \/>\n<meta name=\"twitter:label1\" content=\"Escrito por\" \/>\n\t<meta name=\"twitter:data1\" content=\"Mitxel Olabu\u00e9naga\" \/>\n\t<meta name=\"twitter:label2\" content=\"Tiempo de lectura\" \/>\n\t<meta name=\"twitter:data2\" content=\"50 minutos\" \/>\n<script type=\"application\/ld+json\" class=\"yoast-schema-graph\">{\"@context\":\"https:\/\/schema.org\",\"@graph\":[{\"@type\":\"Article\",\"@id\":\"http:\/\/vincentians.com\/es\/nuevas-pistas-de-investigacion-para-la-historia-del-vicencianismo\/#article\",\"isPartOf\":{\"@id\":\"http:\/\/vincentians.com\/es\/nuevas-pistas-de-investigacion-para-la-historia-del-vicencianismo\/\"},\"author\":{\"name\":\"Mitxel Olabu\u00e9naga\",\"@id\":\"http:\/\/vincentians.com\/es\/#\/schema\/person\/7c2670b4445a7ca9d164ea6acdb31859\"},\"headline\":\"Nuevas pistas de investigaci\u00f3n para la historia del vicencianismo\",\"datePublished\":\"2021-11-23T06:55:55+00:00\",\"mainEntityOfPage\":{\"@id\":\"http:\/\/vincentians.com\/es\/nuevas-pistas-de-investigacion-para-la-historia-del-vicencianismo\/\"},\"wordCount\":12415,\"commentCount\":0,\"publisher\":{\"@id\":\"http:\/\/vincentians.com\/es\/#organization\"},\"image\":{\"@id\":\"http:\/\/vincentians.com\/es\/nuevas-pistas-de-investigacion-para-la-historia-del-vicencianismo\/#primaryimage\"},\"thumbnailUrl\":\"https:\/\/i0.wp.com\/vincentians.com\/es\/wp-content\/uploads\/sites\/11\/2016\/09\/identidad.jpg?fit=1200%2C630\",\"keywords\":[\"Abisinia\",\"Almer\u00e1s\",\"Argel\",\"Beauvais\",\"Etienne\",\"Folleville\",\"Jolly\",\"Lacour\",\"Lambert\",\"Misiones Populares\",\"Perboyre\",\"Pobreza\",\"Portail\",\"San L\u00e1zaro\",\"T\u00fanez\"],\"articleSection\":[\"Historia de la Congregaci\u00f3n de la Misi\u00f3n\"],\"inLanguage\":\"es\",\"potentialAction\":[{\"@type\":\"CommentAction\",\"name\":\"Comment\",\"target\":[\"http:\/\/vincentians.com\/es\/nuevas-pistas-de-investigacion-para-la-historia-del-vicencianismo\/#respond\"]}]},{\"@type\":\"WebPage\",\"@id\":\"http:\/\/vincentians.com\/es\/nuevas-pistas-de-investigacion-para-la-historia-del-vicencianismo\/\",\"url\":\"http:\/\/vincentians.com\/es\/nuevas-pistas-de-investigacion-para-la-historia-del-vicencianismo\/\",\"name\":\"Nuevas pistas de investigaci\u00f3n para la historia del vicencianismo - Somos Vicencianos\",\"isPartOf\":{\"@id\":\"http:\/\/vincentians.com\/es\/#website\"},\"primaryImageOfPage\":{\"@id\":\"http:\/\/vincentians.com\/es\/nuevas-pistas-de-investigacion-para-la-historia-del-vicencianismo\/#primaryimage\"},\"image\":{\"@id\":\"http:\/\/vincentians.com\/es\/nuevas-pistas-de-investigacion-para-la-historia-del-vicencianismo\/#primaryimage\"},\"thumbnailUrl\":\"https:\/\/i0.wp.com\/vincentians.com\/es\/wp-content\/uploads\/sites\/11\/2016\/09\/identidad.jpg?fit=1200%2C630\",\"datePublished\":\"2021-11-23T06:55:55+00:00\",\"breadcrumb\":{\"@id\":\"http:\/\/vincentians.com\/es\/nuevas-pistas-de-investigacion-para-la-historia-del-vicencianismo\/#breadcrumb\"},\"inLanguage\":\"es\",\"potentialAction\":[{\"@type\":\"ReadAction\",\"target\":[\"http:\/\/vincentians.com\/es\/nuevas-pistas-de-investigacion-para-la-historia-del-vicencianismo\/\"]}]},{\"@type\":\"ImageObject\",\"inLanguage\":\"es\",\"@id\":\"http:\/\/vincentians.com\/es\/nuevas-pistas-de-investigacion-para-la-historia-del-vicencianismo\/#primaryimage\",\"url\":\"https:\/\/i0.wp.com\/vincentians.com\/es\/wp-content\/uploads\/sites\/11\/2016\/09\/identidad.jpg?fit=1200%2C630\",\"contentUrl\":\"https:\/\/i0.wp.com\/vincentians.com\/es\/wp-content\/uploads\/sites\/11\/2016\/09\/identidad.jpg?fit=1200%2C630\",\"width\":1200,\"height\":630},{\"@type\":\"BreadcrumbList\",\"@id\":\"http:\/\/vincentians.com\/es\/nuevas-pistas-de-investigacion-para-la-historia-del-vicencianismo\/#breadcrumb\",\"itemListElement\":[{\"@type\":\"ListItem\",\"position\":1,\"name\":\"Portada\",\"item\":\"http:\/\/vincentians.com\/es\/\"},{\"@type\":\"ListItem\",\"position\":2,\"name\":\"Nuevas pistas de investigaci\u00f3n para la historia del vicencianismo\"}]},{\"@type\":\"WebSite\",\"@id\":\"http:\/\/vincentians.com\/es\/#website\",\"url\":\"http:\/\/vincentians.com\/es\/\",\"name\":\"Somos Vicencianos\",\"description\":\"Know more to serve more\",\"publisher\":{\"@id\":\"http:\/\/vincentians.com\/es\/#organization\"},\"potentialAction\":[{\"@type\":\"SearchAction\",\"target\":{\"@type\":\"EntryPoint\",\"urlTemplate\":\"http:\/\/vincentians.com\/es\/?s={search_term_string}\"},\"query-input\":{\"@type\":\"PropertyValueSpecification\",\"valueRequired\":true,\"valueName\":\"search_term_string\"}}],\"inLanguage\":\"es\"},{\"@type\":\"Organization\",\"@id\":\"http:\/\/vincentians.com\/es\/#organization\",\"name\":\"The Vincentian Network\",\"url\":\"http:\/\/vincentians.com\/es\/\",\"logo\":{\"@type\":\"ImageObject\",\"inLanguage\":\"es\",\"@id\":\"http:\/\/vincentians.com\/es\/#\/schema\/logo\/image\/\",\"url\":\"https:\/\/i1.wp.com\/vincentians.com\/es\/wp-content\/uploads\/sites\/11\/2016\/06\/Vincentian-Network-logo-big.png?fit=778%2C778\",\"contentUrl\":\"https:\/\/i1.wp.com\/vincentians.com\/es\/wp-content\/uploads\/sites\/11\/2016\/06\/Vincentian-Network-logo-big.png?fit=778%2C778\",\"width\":778,\"height\":778,\"caption\":\"The Vincentian Network\"},\"image\":{\"@id\":\"http:\/\/vincentians.com\/es\/#\/schema\/logo\/image\/\"},\"sameAs\":[\"https:\/\/www.facebook.com\/WeAreVincentians\/\",\"https:\/\/x.com\/WeVincentians\"]},{\"@type\":\"Person\",\"@id\":\"http:\/\/vincentians.com\/es\/#\/schema\/person\/7c2670b4445a7ca9d164ea6acdb31859\",\"name\":\"Mitxel Olabu\u00e9naga\",\"image\":{\"@type\":\"ImageObject\",\"inLanguage\":\"es\",\"@id\":\"http:\/\/vincentians.com\/es\/#\/schema\/person\/image\/\",\"url\":\"https:\/\/secure.gravatar.com\/avatar\/34137ec2e2b8939cbbed975731e71f3f4f1defc7266ded337a5ce0f925426877?s=96&d=mm&r=g\",\"contentUrl\":\"https:\/\/secure.gravatar.com\/avatar\/34137ec2e2b8939cbbed975731e71f3f4f1defc7266ded337a5ce0f925426877?s=96&d=mm&r=g\",\"caption\":\"Mitxel Olabu\u00e9naga\"},\"url\":\"http:\/\/vincentians.com\/es\/author\/mitxel\/\"}]}<\/script>\n<!-- \/ Yoast SEO plugin. -->","yoast_head_json":{"title":"Nuevas pistas de investigaci\u00f3n para la historia del vicencianismo - Somos Vicencianos","robots":{"index":"index","follow":"follow","max-snippet":"max-snippet:-1","max-image-preview":"max-image-preview:large","max-video-preview":"max-video-preview:-1"},"canonical":"http:\/\/vincentians.com\/es\/nuevas-pistas-de-investigacion-para-la-historia-del-vicencianismo\/","og_locale":"es_ES","og_type":"article","og_title":"Nuevas pistas de investigaci\u00f3n para la historia del vicencianismo - Somos Vicencianos","og_description":"Cada generaci\u00f3n siente la necesidad de volver sobre los propios pasos, remontarse a los or\u00edgenes y recorrer el camino que la ha lle\u00advado a los cambios que conocemos. La historia no termina nunca de escribirse. ... Read More","og_url":"http:\/\/vincentians.com\/es\/nuevas-pistas-de-investigacion-para-la-historia-del-vicencianismo\/","og_site_name":"Somos Vicencianos","article_publisher":"https:\/\/www.facebook.com\/WeAreVincentians\/","article_published_time":"2021-11-23T06:55:55+00:00","og_image":[{"width":1200,"height":630,"url":"https:\/\/i0.wp.com\/vincentians.com\/es\/wp-content\/uploads\/sites\/11\/2016\/09\/identidad.jpg?fit=1200%2C630","type":"image\/jpeg"}],"author":"Mitxel Olabu\u00e9naga","twitter_card":"summary_large_image","twitter_creator":"@WeVincentians","twitter_site":"@WeVincentians","twitter_misc":{"Escrito por":"Mitxel Olabu\u00e9naga","Tiempo de lectura":"50 minutos"},"schema":{"@context":"https:\/\/schema.org","@graph":[{"@type":"Article","@id":"http:\/\/vincentians.com\/es\/nuevas-pistas-de-investigacion-para-la-historia-del-vicencianismo\/#article","isPartOf":{"@id":"http:\/\/vincentians.com\/es\/nuevas-pistas-de-investigacion-para-la-historia-del-vicencianismo\/"},"author":{"name":"Mitxel Olabu\u00e9naga","@id":"http:\/\/vincentians.com\/es\/#\/schema\/person\/7c2670b4445a7ca9d164ea6acdb31859"},"headline":"Nuevas pistas de investigaci\u00f3n para la historia del vicencianismo","datePublished":"2021-11-23T06:55:55+00:00","mainEntityOfPage":{"@id":"http:\/\/vincentians.com\/es\/nuevas-pistas-de-investigacion-para-la-historia-del-vicencianismo\/"},"wordCount":12415,"commentCount":0,"publisher":{"@id":"http:\/\/vincentians.com\/es\/#organization"},"image":{"@id":"http:\/\/vincentians.com\/es\/nuevas-pistas-de-investigacion-para-la-historia-del-vicencianismo\/#primaryimage"},"thumbnailUrl":"https:\/\/i0.wp.com\/vincentians.com\/es\/wp-content\/uploads\/sites\/11\/2016\/09\/identidad.jpg?fit=1200%2C630","keywords":["Abisinia","Almer\u00e1s","Argel","Beauvais","Etienne","Folleville","Jolly","Lacour","Lambert","Misiones Populares","Perboyre","Pobreza","Portail","San L\u00e1zaro","T\u00fanez"],"articleSection":["Historia de la Congregaci\u00f3n de la Misi\u00f3n"],"inLanguage":"es","potentialAction":[{"@type":"CommentAction","name":"Comment","target":["http:\/\/vincentians.com\/es\/nuevas-pistas-de-investigacion-para-la-historia-del-vicencianismo\/#respond"]}]},{"@type":"WebPage","@id":"http:\/\/vincentians.com\/es\/nuevas-pistas-de-investigacion-para-la-historia-del-vicencianismo\/","url":"http:\/\/vincentians.com\/es\/nuevas-pistas-de-investigacion-para-la-historia-del-vicencianismo\/","name":"Nuevas pistas de investigaci\u00f3n para la historia del vicencianismo - Somos Vicencianos","isPartOf":{"@id":"http:\/\/vincentians.com\/es\/#website"},"primaryImageOfPage":{"@id":"http:\/\/vincentians.com\/es\/nuevas-pistas-de-investigacion-para-la-historia-del-vicencianismo\/#primaryimage"},"image":{"@id":"http:\/\/vincentians.com\/es\/nuevas-pistas-de-investigacion-para-la-historia-del-vicencianismo\/#primaryimage"},"thumbnailUrl":"https:\/\/i0.wp.com\/vincentians.com\/es\/wp-content\/uploads\/sites\/11\/2016\/09\/identidad.jpg?fit=1200%2C630","datePublished":"2021-11-23T06:55:55+00:00","breadcrumb":{"@id":"http:\/\/vincentians.com\/es\/nuevas-pistas-de-investigacion-para-la-historia-del-vicencianismo\/#breadcrumb"},"inLanguage":"es","potentialAction":[{"@type":"ReadAction","target":["http:\/\/vincentians.com\/es\/nuevas-pistas-de-investigacion-para-la-historia-del-vicencianismo\/"]}]},{"@type":"ImageObject","inLanguage":"es","@id":"http:\/\/vincentians.com\/es\/nuevas-pistas-de-investigacion-para-la-historia-del-vicencianismo\/#primaryimage","url":"https:\/\/i0.wp.com\/vincentians.com\/es\/wp-content\/uploads\/sites\/11\/2016\/09\/identidad.jpg?fit=1200%2C630","contentUrl":"https:\/\/i0.wp.com\/vincentians.com\/es\/wp-content\/uploads\/sites\/11\/2016\/09\/identidad.jpg?fit=1200%2C630","width":1200,"height":630},{"@type":"BreadcrumbList","@id":"http:\/\/vincentians.com\/es\/nuevas-pistas-de-investigacion-para-la-historia-del-vicencianismo\/#breadcrumb","itemListElement":[{"@type":"ListItem","position":1,"name":"Portada","item":"http:\/\/vincentians.com\/es\/"},{"@type":"ListItem","position":2,"name":"Nuevas pistas de investigaci\u00f3n para la historia del vicencianismo"}]},{"@type":"WebSite","@id":"http:\/\/vincentians.com\/es\/#website","url":"http:\/\/vincentians.com\/es\/","name":"Somos Vicencianos","description":"Know more to serve more","publisher":{"@id":"http:\/\/vincentians.com\/es\/#organization"},"potentialAction":[{"@type":"SearchAction","target":{"@type":"EntryPoint","urlTemplate":"http:\/\/vincentians.com\/es\/?s={search_term_string}"},"query-input":{"@type":"PropertyValueSpecification","valueRequired":true,"valueName":"search_term_string"}}],"inLanguage":"es"},{"@type":"Organization","@id":"http:\/\/vincentians.com\/es\/#organization","name":"The Vincentian Network","url":"http:\/\/vincentians.com\/es\/","logo":{"@type":"ImageObject","inLanguage":"es","@id":"http:\/\/vincentians.com\/es\/#\/schema\/logo\/image\/","url":"https:\/\/i1.wp.com\/vincentians.com\/es\/wp-content\/uploads\/sites\/11\/2016\/06\/Vincentian-Network-logo-big.png?fit=778%2C778","contentUrl":"https:\/\/i1.wp.com\/vincentians.com\/es\/wp-content\/uploads\/sites\/11\/2016\/06\/Vincentian-Network-logo-big.png?fit=778%2C778","width":778,"height":778,"caption":"The Vincentian Network"},"image":{"@id":"http:\/\/vincentians.com\/es\/#\/schema\/logo\/image\/"},"sameAs":["https:\/\/www.facebook.com\/WeAreVincentians\/","https:\/\/x.com\/WeVincentians"]},{"@type":"Person","@id":"http:\/\/vincentians.com\/es\/#\/schema\/person\/7c2670b4445a7ca9d164ea6acdb31859","name":"Mitxel Olabu\u00e9naga","image":{"@type":"ImageObject","inLanguage":"es","@id":"http:\/\/vincentians.com\/es\/#\/schema\/person\/image\/","url":"https:\/\/secure.gravatar.com\/avatar\/34137ec2e2b8939cbbed975731e71f3f4f1defc7266ded337a5ce0f925426877?s=96&d=mm&r=g","contentUrl":"https:\/\/secure.gravatar.com\/avatar\/34137ec2e2b8939cbbed975731e71f3f4f1defc7266ded337a5ce0f925426877?s=96&d=mm&r=g","caption":"Mitxel Olabu\u00e9naga"},"url":"http:\/\/vincentians.com\/es\/author\/mitxel\/"}]}},"jetpack_publicize_connections":[],"jetpack_featured_media_url":"https:\/\/i0.wp.com\/vincentians.com\/es\/wp-content\/uploads\/sites\/11\/2016\/09\/identidad.jpg?fit=1200%2C630","jetpack_sharing_enabled":true,"jetpack_shortlink":"https:\/\/wp.me\/p7ETMF-beP","jetpack-related-posts":[{"id":115574,"url":"http:\/\/vincentians.com\/es\/el-p-faustino-diez-fundador-de-los-milagros\/","url_meta":{"origin":43203,"position":0},"title":"El P. Faustino D\u00edez, fundador de Los Milagros","author":"Mitxel Olabu\u00e9naga","date":"27\/12\/2018","format":false,"excerpt":"En el archivo de la Congregaci\u00f3n de la Misi\u00f3n de la Casa Central de Madrid hemos podido examinar una obra de gran inter\u00e9s misionero y de interesante valor para la Historia cristiana de Galicia: el libro de las misiones del P. D\u00edez y compa\u00f1eros. Este libro manuscrito comprende la relaci\u00f3n\u2026","rel":"","context":"En \u00abHistoria de la Congregaci\u00f3n de la Misi\u00f3n\u00bb","block_context":{"text":"Historia de la Congregaci\u00f3n de la Misi\u00f3n","link":"http:\/\/vincentians.com\/es\/category\/historia-de-la-familia-vicenciana\/historia-de-la-congregacion-de-la-mision\/"},"img":{"alt_text":"","src":"https:\/\/i0.wp.com\/vincentians.com\/es\/wp-content\/uploads\/sites\/11\/2016\/09\/enviados-evangelizar-pobres.jpg?fit=1200%2C630&resize=350%2C200","width":350,"height":200,"srcset":"https:\/\/i0.wp.com\/vincentians.com\/es\/wp-content\/uploads\/sites\/11\/2016\/09\/enviados-evangelizar-pobres.jpg?fit=1200%2C630&resize=350%2C200 1x, https:\/\/i0.wp.com\/vincentians.com\/es\/wp-content\/uploads\/sites\/11\/2016\/09\/enviados-evangelizar-pobres.jpg?fit=1200%2C630&resize=525%2C300 1.5x, https:\/\/i0.wp.com\/vincentians.com\/es\/wp-content\/uploads\/sites\/11\/2016\/09\/enviados-evangelizar-pobres.jpg?fit=1200%2C630&resize=700%2C400 2x, https:\/\/i0.wp.com\/vincentians.com\/es\/wp-content\/uploads\/sites\/11\/2016\/09\/enviados-evangelizar-pobres.jpg?fit=1200%2C630&resize=1050%2C600 3x"},"classes":[]},{"id":123811,"url":"http:\/\/vincentians.com\/es\/historia-de-los-paules-en-cuba-capitulo-ix-d\/","url_meta":{"origin":43203,"position":1},"title":"Historia de los PA\u00daLES en Cuba: Cap\u00edtulo IX (D)","author":"Mitxel Olabu\u00e9naga","date":"09\/10\/2022","format":false,"excerpt":"4. 1956. La Parroquia de la Milagrosa de Matanzas. Ya hemos le\u00eddo en p\u00e1rrafos anteriores que el Se\u00f1or Obispo hab\u00eda propuesto y dado permiso para construir una Iglesia y que la convertir\u00eda en Parroquia Ad nutun Santae Sedis (hasta que la Santa Sede lo cambie). Despu\u00e9s de las obras de\u2026","rel":"","context":"En \u00abHistoria de la Congregaci\u00f3n de la Misi\u00f3n\u00bb","block_context":{"text":"Historia de la Congregaci\u00f3n de la Misi\u00f3n","link":"http:\/\/vincentians.com\/es\/category\/historia-de-la-familia-vicenciana\/historia-de-la-congregacion-de-la-mision\/"},"img":{"alt_text":"","src":"https:\/\/i0.wp.com\/vincentians.com\/es\/wp-content\/uploads\/sites\/11\/2013\/04\/Entorno-de-San-Vicente-6-Berceau.jpg?fit=640%2C421&resize=350%2C200","width":350,"height":200,"srcset":"https:\/\/i0.wp.com\/vincentians.com\/es\/wp-content\/uploads\/sites\/11\/2013\/04\/Entorno-de-San-Vicente-6-Berceau.jpg?fit=640%2C421&resize=350%2C200 1x, https:\/\/i0.wp.com\/vincentians.com\/es\/wp-content\/uploads\/sites\/11\/2013\/04\/Entorno-de-San-Vicente-6-Berceau.jpg?fit=640%2C421&resize=525%2C300 1.5x"},"classes":[]},{"id":127656,"url":"http:\/\/vincentians.com\/es\/el-senor-portal-y-los-suyos-1855-1926-01\/","url_meta":{"origin":43203,"position":2},"title":"El Se\u00f1or Portal y los suyos (1855-1926) (01)","author":"Mitxel Olabu\u00e9naga","date":"21\/05\/2024","format":false,"excerpt":"Prefacio Los historiadores no son apenas inclinados a teorizar, de todos es bien sabido, lo que es incluso una raz\u00f3n de desconfianza para con los soci\u00f3logos. Se dirigen por instinto a lo concreto, inagotable oc\u00e9ano, a lo real ondulante y diverso: al menos eso es lo que ellos creen. Si\u2026","rel":"","context":"En \u00abHistoria de la Congregaci\u00f3n de la Misi\u00f3n\u00bb","block_context":{"text":"Historia de la Congregaci\u00f3n de la Misi\u00f3n","link":"http:\/\/vincentians.com\/es\/category\/historia-de-la-familia-vicenciana\/historia-de-la-congregacion-de-la-mision\/"},"img":{"alt_text":"","src":"https:\/\/i0.wp.com\/vincentians.com\/es\/wp-content\/uploads\/sites\/11\/2013\/04\/f-5-scaled.jpg?fit=1200%2C570&resize=350%2C200","width":350,"height":200,"srcset":"https:\/\/i0.wp.com\/vincentians.com\/es\/wp-content\/uploads\/sites\/11\/2013\/04\/f-5-scaled.jpg?fit=1200%2C570&resize=350%2C200 1x, https:\/\/i0.wp.com\/vincentians.com\/es\/wp-content\/uploads\/sites\/11\/2013\/04\/f-5-scaled.jpg?fit=1200%2C570&resize=525%2C300 1.5x, https:\/\/i0.wp.com\/vincentians.com\/es\/wp-content\/uploads\/sites\/11\/2013\/04\/f-5-scaled.jpg?fit=1200%2C570&resize=700%2C400 2x, https:\/\/i0.wp.com\/vincentians.com\/es\/wp-content\/uploads\/sites\/11\/2013\/04\/f-5-scaled.jpg?fit=1200%2C570&resize=1050%2C600 3x"},"classes":[]},{"id":128643,"url":"http:\/\/vincentians.com\/es\/federico-ozanam-por-mons-baunard-capitulo-25\/","url_meta":{"origin":43203,"position":3},"title":"Federico Ozanam (por Mons. Baunard): Cap\u00edtulo 25","author":"Francisco Javier Fern\u00e1ndez Chento","date":"16\/09\/2016","format":false,"excerpt":"Cap\u00edtulo XXV: Breta\u00f1a. Inglaterra. La obra de publicaci\u00f3n Breta\u00f1a.\u2014La obra de publicaci\u00f3n.\u2014Las f ioretti de San Francisco.\u2014El siglo V.\u2014Sceaux.\u2014Londres y Dieppe. 1850-1851 El fr\u00e1gil organismo de Ozanam no se hab\u00eda restablecido por completo de su crisis de 1846. El trabajo, la lucha, las heridas aca\u00adban de consumar su ruina. Los\u2026","rel":"","context":"En \u00abFederico Ozanam\u00bb","block_context":{"text":"Federico Ozanam","link":"http:\/\/vincentians.com\/es\/category\/la-familia-vicenciana\/fundadores\/federico-ozanam\/"},"img":{"alt_text":"","src":"https:\/\/i0.wp.com\/vincentians.com\/es\/wp-content\/uploads\/sites\/11\/2016\/07\/frederic-ozanam-layman-for-now.jpg?fit=1200%2C630&resize=350%2C200","width":350,"height":200,"srcset":"https:\/\/i0.wp.com\/vincentians.com\/es\/wp-content\/uploads\/sites\/11\/2016\/07\/frederic-ozanam-layman-for-now.jpg?fit=1200%2C630&resize=350%2C200 1x, https:\/\/i0.wp.com\/vincentians.com\/es\/wp-content\/uploads\/sites\/11\/2016\/07\/frederic-ozanam-layman-for-now.jpg?fit=1200%2C630&resize=525%2C300 1.5x, https:\/\/i0.wp.com\/vincentians.com\/es\/wp-content\/uploads\/sites\/11\/2016\/07\/frederic-ozanam-layman-for-now.jpg?fit=1200%2C630&resize=700%2C400 2x, https:\/\/i0.wp.com\/vincentians.com\/es\/wp-content\/uploads\/sites\/11\/2016\/07\/frederic-ozanam-layman-for-now.jpg?fit=1200%2C630&resize=1050%2C600 3x"},"classes":[]},{"id":387657,"url":"http:\/\/vincentians.com\/es\/la-obra-de-federico-ozanam-x\/","url_meta":{"origin":43203,"position":4},"title":"La obra de Federico Ozanam (X)","author":"Mitxel Olabu\u00e9naga","date":"30\/07\/2016","format":false,"excerpt":"4\u2014 De las Cruzadas a La Divina Comedia. Esta \u00e9poca deb\u00eda atraer a Ozanam muy particularmente. \u00abLos tres siglos m\u00e1s gloriosos de la Edad Media\u00bb, dice \u00e9l. La cronolog\u00eda se halla aqu\u00ed algo atropellada, puesto que no median m\u00e1s que doscientos veinte y un a\u00f1os entre la primera cruzada y\u2026","rel":"","context":"En \u00abFederico Ozanam\u00bb","block_context":{"text":"Federico Ozanam","link":"http:\/\/vincentians.com\/es\/category\/la-familia-vicenciana\/fundadores\/federico-ozanam\/"},"img":{"alt_text":"","src":"https:\/\/i0.wp.com\/vincentians.com\/es\/wp-content\/uploads\/sites\/11\/2016\/07\/ozanam-medal.jpg?fit=1200%2C630&resize=350%2C200","width":350,"height":200,"srcset":"https:\/\/i0.wp.com\/vincentians.com\/es\/wp-content\/uploads\/sites\/11\/2016\/07\/ozanam-medal.jpg?fit=1200%2C630&resize=350%2C200 1x, https:\/\/i0.wp.com\/vincentians.com\/es\/wp-content\/uploads\/sites\/11\/2016\/07\/ozanam-medal.jpg?fit=1200%2C630&resize=525%2C300 1.5x, https:\/\/i0.wp.com\/vincentians.com\/es\/wp-content\/uploads\/sites\/11\/2016\/07\/ozanam-medal.jpg?fit=1200%2C630&resize=700%2C400 2x, https:\/\/i0.wp.com\/vincentians.com\/es\/wp-content\/uploads\/sites\/11\/2016\/07\/ozanam-medal.jpg?fit=1200%2C630&resize=1050%2C600 3x"},"classes":[]},{"id":124447,"url":"http:\/\/vincentians.com\/es\/historia-de-los-paules-en-cuba-capitulo-xii-e\/","url_meta":{"origin":43203,"position":5},"title":"Historia de los PA\u00daLES en Cuba (CAP\u00cdTULO XII E)","author":"Mitxel Olabu\u00e9naga","date":"27\/05\/2023","format":false,"excerpt":"5. Despu\u00e9s del \u00e9xodo de los Misioneros. Un futuro con muchos nubarrones. En aquel momento, como ahora, uno de los temas que m\u00e1s se discut\u00edan era la cuesti\u00f3n de las vocaciones. Por m\u00e1s de cien a\u00f1os, la Iglesia Cat\u00f3lica que vive y trabaja en la Isla ha experimentado escasez de\u2026","rel":"","context":"En \u00abHistoria de la Congregaci\u00f3n de la Misi\u00f3n\u00bb","block_context":{"text":"Historia de la Congregaci\u00f3n de la Misi\u00f3n","link":"http:\/\/vincentians.com\/es\/category\/historia-de-la-familia-vicenciana\/historia-de-la-congregacion-de-la-mision\/"},"img":{"alt_text":"","src":"https:\/\/i0.wp.com\/vincentians.com\/es\/wp-content\/uploads\/sites\/11\/2013\/05\/Cuba-Iglesia-de-La-Milagrosa-La-Habana.png?fit=1200%2C919&resize=350%2C200","width":350,"height":200,"srcset":"https:\/\/i0.wp.com\/vincentians.com\/es\/wp-content\/uploads\/sites\/11\/2013\/05\/Cuba-Iglesia-de-La-Milagrosa-La-Habana.png?fit=1200%2C919&resize=350%2C200 1x, https:\/\/i0.wp.com\/vincentians.com\/es\/wp-content\/uploads\/sites\/11\/2013\/05\/Cuba-Iglesia-de-La-Milagrosa-La-Habana.png?fit=1200%2C919&resize=525%2C300 1.5x, https:\/\/i0.wp.com\/vincentians.com\/es\/wp-content\/uploads\/sites\/11\/2013\/05\/Cuba-Iglesia-de-La-Milagrosa-La-Habana.png?fit=1200%2C919&resize=700%2C400 2x, https:\/\/i0.wp.com\/vincentians.com\/es\/wp-content\/uploads\/sites\/11\/2013\/05\/Cuba-Iglesia-de-La-Milagrosa-La-Habana.png?fit=1200%2C919&resize=1050%2C600 3x"},"classes":[]}],"_links":{"self":[{"href":"http:\/\/vincentians.com\/es\/wp-json\/wp\/v2\/posts\/43203","targetHints":{"allow":["GET"]}}],"collection":[{"href":"http:\/\/vincentians.com\/es\/wp-json\/wp\/v2\/posts"}],"about":[{"href":"http:\/\/vincentians.com\/es\/wp-json\/wp\/v2\/types\/post"}],"author":[{"embeddable":true,"href":"http:\/\/vincentians.com\/es\/wp-json\/wp\/v2\/users\/5"}],"replies":[{"embeddable":true,"href":"http:\/\/vincentians.com\/es\/wp-json\/wp\/v2\/comments?post=43203"}],"version-history":[{"count":1,"href":"http:\/\/vincentians.com\/es\/wp-json\/wp\/v2\/posts\/43203\/revisions"}],"predecessor-version":[{"id":403744,"href":"http:\/\/vincentians.com\/es\/wp-json\/wp\/v2\/posts\/43203\/revisions\/403744"}],"wp:featuredmedia":[{"embeddable":true,"href":"http:\/\/vincentians.com\/es\/wp-json\/wp\/v2\/media\/399979"}],"wp:attachment":[{"href":"http:\/\/vincentians.com\/es\/wp-json\/wp\/v2\/media?parent=43203"}],"wp:term":[{"taxonomy":"category","embeddable":true,"href":"http:\/\/vincentians.com\/es\/wp-json\/wp\/v2\/categories?post=43203"},{"taxonomy":"post_tag","embeddable":true,"href":"http:\/\/vincentians.com\/es\/wp-json\/wp\/v2\/tags?post=43203"}],"curies":[{"name":"wp","href":"https:\/\/api.w.org\/{rel}","templated":true}]}}