{"id":42908,"date":"2016-04-05T08:10:25","date_gmt":"2016-04-05T06:10:25","guid":{"rendered":"http:\/\/somos.vicencianos.org\/?p=42908"},"modified":"2016-04-05T08:10:25","modified_gmt":"2016-04-05T06:10:25","slug":"margarita-rutan-una-victima-de-la-revolucion-prefacio","status":"publish","type":"post","link":"http:\/\/vincentians.com\/es\/margarita-rutan-una-victima-de-la-revolucion-prefacio\/","title":{"rendered":"Margarita Rutan: una v\u00edctima de la Revoluci\u00f3n (Prefacio)"},"content":{"rendered":"<p><img data-recalc-dims=\"1\" loading=\"lazy\" decoding=\"async\" class=\"alignnone size-full wp-image-387271 alignleft\" src=\"https:\/\/i0.wp.com\/vicencianos.org\/wp-content\/uploads\/2012\/06\/asd.jpg?resize=180%2C244\" alt=\"asd\" width=\"180\" height=\"244\" \/>Declaraci\u00f3n del autor:<\/p>\n<p><em>Nosotros no intentamos adelantarnos al juicio de la Iglesia al llamar a Sor Rutan \u00absanta m\u00e1rtir\u00bb; cada vez que las empleemos, estas palabras tendr\u00e1n, bajo nuestra pluma, su sentido corriente y no su sentido estrictamente can\u00f3nico<\/em>. (Pierre Coste)<\/p>\n<h2>Carta de Mons. el Obispo de Aire<\/h2>\n<p>Obispado de Aire,<\/p>\n<p>Saint-Sever, 31 de julio de 1908<\/p>\n<p><em>Mi querido Sr. Coste,<\/em><\/p>\n<p><em>No quiero contentarme con el simple <\/em>Imprimatur <em>otorgado<\/em> <em> sobre Sor Margarita Rutan: <\/em>Una v\u00edctima de la Revoluci\u00f3n. <em>Quiero a\u00f1adir la expresi\u00f3n de mi gratitud por el cuidado que hab\u00e9is puesto en preparar la informaci\u00f3n can\u00f3nica en curso y por la luz que aport\u00e1is con vuestra nueva publicaci\u00f3n.<\/em><\/p>\n<p><em>Los acusadores y los jueces de la heroica religiosa hab\u00edan tratado de justificar su \u00fanica sentencia extendiendo sombras sobre algunos actos de su vida. Hab\u00e9is tenido la buena suerte de descubrir su falsedad y la demostr\u00e1is, documentos en mano, con una claridad que no deja ninguna duda en pie. Por ello os felicito sinceramente. Al restituir a esta noble vida la hermosura de su correcci\u00f3n y de su pureza, rend\u00eds con ello un gran servicio a la causa que seguimos. Prob\u00e1is hasta la evidencia que no es por motivos pol\u00edticos, sino \u00fanicamente por odio a la religi\u00f3n, el haber sido enviada Margarita Rutan <\/em><em>al cadalso<\/em><em>.<\/em><\/p>\n<p><em>Con estos agradecimientos, recibid, querido Se\u00f1or Coste, la seguridad de mi afectuosa entrega.<\/em><\/p>\n<p>\u2020 Fran\u00e7ois Ob. de Aire y de Dax.<\/p>\n<h2>Carta del Sr. Superior General<\/h2>\n<p><em>Dax, 4 de septiembre de 1908,<\/em><\/p>\n<p><em>Se\u00f1or y muy querido Cohermano,<\/em><\/p>\n<p><em>La gracia de N. S. sea siempre con vos.<\/em><\/p>\n<p><em> Hab\u00e9is hecho una obra excelente defendiendo la causa de Sor Margarita Rutan; gracias a vuestras laboriosas y exitosas informaciones ella queda para siempre libre de las odiosas acusaciones dirigidas en su contra. La pol\u00edtica no fue m\u00e1s que un pretexto para la condenaci\u00f3n de esta admirable Hija de la Caridad; su virtud y sus m\u00e9ritos solamente inflamaron la rabia del que es homicida desde el comienzo y de sus secuaces; pero al sufrir heroicamente la injusta sentencia dictada contra ella, conquist\u00f3 la palma del martirio y entr\u00f3 en posesi\u00f3n de una vida bienaventurada que no tendr\u00e1 fin. <\/em><\/p>\n<p><em>La Hermana Rutan pertenec\u00eda a la Compa\u00f1\u00eda de las Hijas de la Caridad de las que san Vicente mismo, su fundador y padre, ha hecho este elogio. \u00abPuedo decir que si la mayor parte de vuestras Hermanas que ya han muerto hubieran sido del tiempo de san Jer\u00f3nimo, este gran doctor nos habr\u00eda descrito tan provechosamente sus vidas que las habr\u00edamos tenido en admiraci\u00f3n, tan grande ha sido su santidad\u00bb.<\/em><\/p>\n<p><em>Gracias a Dios, este elogio hubiera podido repetirse por todos los sucesores de san Vicente pues la profesi\u00f3n de las Hijas de la Caridad es, a juicio de este buen padre, una profesi\u00f3n de martirio, tanta entrega necesitan, en particular para servir a los enfermos alcanzados de enfermedades contagiosas. <\/em><\/p>\n<p><em>Entre ellas, las m\u00e1rtires de la caridad se cuentan por millares; por no estar inscritas en el cat\u00e1logo de los Santos de la Iglesia cat\u00f3lica, no dejan de formar en el cielo un cortejo importante a su divino Esposo.<\/em><\/p>\n<p><em>No obstante, Nuestro Se\u00f1or ha querido escogerse en esta familia religiosa testigos que, por el ejercicio heroico de la caridad con los enfermos, a\u00f1adiesen el derramamiento de su sangre en defensa de la fe. Tales fueron las hermanas Odile y Marie Anne de Angers, la Hermana Madeleine y sus compa\u00f1eras de Arras; tal fue la Hermana Margarita Rutan.<\/em><\/p>\n<p><em>\u00a1Que todas estas siervas de Dios puedan recibir pronto los honores de la Beatificaci\u00f3n y atraer sobre su Comunidad las bendiciones m\u00e1s abundantes!<\/em><\/p>\n<p><em>Os tocar\u00e1 una buena parte de ello, Se\u00f1or y muy querido Cohermano, por los trabajos que os hab\u00e9is impuesto por la causa de la admirable Hermana Rutan.<\/em><\/p>\n<p><em>Al daros las gracias sinceramente, os bendigo y quedo en el amor de Nuestro Se\u00f1or y de su Inmaculada Madre,<\/em><\/p>\n<p><em>Se\u00f1or y muy querido Cohermano,<\/em><\/p>\n<p><em>Vuestro devoto servidor.<\/em><\/p>\n<p>A. FIAT<em>, Sup. G\u00e9n.<\/em><\/p>\n<h2>Prefacio<\/h2>\n<p><em> Como las v\u00edctimas del feroz Lebon en Cambrai, cuya muerte valiente y conmovedora<\/em><span id='easy-footnote-1-42908' class='easy-footnote-margin-adjust'><\/span><span class='easy-footnote'><a href='http:\/\/vincentians.com\/es\/margarita-rutan-una-victima-de-la-revolucion-prefacio\/#easy-footnote-bottom-1-42908' title='Las Hijas de la Caridad de Arras, \u00faltimas v\u00edctimas de J. Lebon en Cambrai, por L. Misermont, Imprimerie Deligne, Cambrai, 1901.'><sup>1<\/sup><\/a><\/span> <em>ha contado no hace mucho el Sr. Misermont, Margarita Rutan, su Hermana en caridad y en hero\u00edsmo, perece v\u00edctima de los mismos odios sectarios, pagada con las mismas ingratitudes. Ella tambi\u00e9n tiene, pues, alg\u00fan derecho a las consideraciones de la historia. La vida de esta humilde Hija de San Vicente de Pa\u00fal, vida hecha toda ella de entrega, abnegaci\u00f3n y energ\u00eda viril, est\u00e1 llena de lecciones \u00fatiles. Nuestros contempor\u00e1neos sacar\u00e1n provecho de ello. Est\u00e1 bien decirles una vez m\u00e1s, con los hechos, que, para implantar y sostener las obras de asistencia privada y p\u00fablica, nada podr\u00eda reemplazar una inteligencia de \u00e9lite, robustecida por la fe cristiana; es bueno mostrarles hasta qu\u00e9 grado de bajeza y de barbarie puede caer una sociedad cuando repudia oficialmente los principios religiosos. Admirar\u00e1n, no lo dudamos, la hermosa y noble figura que les presentamos; reconocer\u00e1n sin dificultad la inocencia de la v\u00edctima calumniada, protestar\u00e1n, indignados, contra la impostura de sus acusadores y romper\u00e1n el veredicto de sus jueces. <\/em><\/p>\n<p><em> Si este motivo no hubiera sido suficiente para hacernos emprender esta modesta biograf\u00eda, el deseo que expresaba hace poco el Superior General de la doble familia de San Vicente al bi\u00f3grafo de las Hijas de la Caridad de Cambrai deb\u00eda triunfar entre nosotros sobre todos los titubeos. \u00abMe siento feliz, le escrib\u00eda el 10 de junio de 1900, al felicitaros y agradeceros formulando votos para que vuestro librito suscite otros muchos an\u00e1logos\u00bb. Estas palabras, que han sido para nosotros el m\u00e1s poderoso de los apoyos, ser\u00edan, en caso de necesidad, la m\u00e1s autorizada de las justificaciones.<\/em><\/p>\n<p><em> El nombre de Margarita Rutan sale al paso a menudo, como veremos m\u00e1s adelante, bajo la pluma de los historiadores de la Revoluci\u00f3n en las Landas o de los bi\u00f3grafos de Mons. Lequien de Laneufville, obispo de Dax; pero en ninguna parte ha sido su vida el objeto de un estudio detallado o incluso completo, sacado de las fuentes. Es en estas fuentes \u2013\u00bfhay que decirlo?\u2013 donde intentamos buscar los elementos de esta biograf\u00eda. A falta de documentos contempor\u00e1neos, hemos necesitado recurrir a veces a obras de segunda mano, pero los detalles que hemos encontrado han sido minuciosamente controlados, al menos en lo posible. No hemos descuidado nada para separar de este trabajo la m\u00e1s ligera inexactitud; al leerlo tendremos la convinci\u00f3n, as\u00ed lo esperamos, que no es la obra de un panegirista y que no se ha inspirado en la preocupaci\u00f3n de hacer edificaci\u00f3n a todo precio.<\/em><\/p>\n<p><em> La historia m\u00e1s antigua de la Revoluci\u00f3n en Dax, titulada <\/em>Compendio de los sucesos m\u00e1s memorables de la Revoluci\u00f3n en la ciudad y di\u00f3cesis de Acqs, <em>ha sido compuesta por un amigo personal, y tal vez por un pariente de Mons. Laneufville, \u00faltimo obispo leg\u00edtimo de Dax, poco despu\u00e9s del 9 de enero de 1796, fecha del fallecimiento de Sanadon, obispo constitucional de los Bajos Pirineos.<\/em><span id='easy-footnote-2-42908' class='easy-footnote-margin-adjust'><\/span><span class='easy-footnote'><a href='http:\/\/vincentians.com\/es\/margarita-rutan-una-victima-de-la-revolucion-prefacio\/#easy-footnote-bottom-2-42908' title='Registro de estado civ de Oloron, \u00abSanadon acaba de morir, escribe el autor del Compendio; se ignora a\u00fan los sentimientos que le han animado en este \u00faltimo m0mento\u00bb.'><sup>2<\/sup><\/a><\/span> <em>El manuscrito original, que los descendientes de un sobrino de Mons. de Laneufville se transmiten como un bien de familia, nunca se ha publicado. En \u00e9l se hallan, junto a p\u00e1ginas interesantes e instructivas, llenas de hechos curiosos, cuya autenticidad no es sospechosa, p\u00e1ginas lamentables, donde la reputaci\u00f3n de Pierre Saurine, obispo constitucioal de las Landas que tuvo la debilidad culpable de pasarse al cisma para ponerse a la cabeza de una di\u00f3cesis, queda ennegrecida sobre manera, uno de los cap\u00edtulos est\u00e1 dedicado a los m\u00e1rtires. Es ah\u00ed, y ah\u00ed solo, donde el autor nos habla, con una admiraci\u00f3n que se traiciona en cada l\u00ednea, de Marguerite Rutan. Limita sus informaciones a los hechos de los que Dax ha sido el teatro durante la Revoluci\u00f3n; baste decir que no nos ense\u00f1a nada sobre la infancia de la Hermana y su trabajo en los hospitales a donde la Providencia la envi\u00f3 antes de su llegada a esta ciudad. <\/em><\/p>\n<p><em>Las escasas l\u00edneas que nos ha dejado sobre sobre la Hermana Rutan no merecn bajo ningun t\u00edtulo el nombre de biograf\u00eda. <\/em><\/p>\n<p><em>La primera biograf\u00eda de la heroica Hija de la Caridad forma parte de una larga memoria que la administraci\u00f3n del hospicio dirigi\u00f3 o al menos tuvo la intenci\u00f3n de dirigir, en 1813, al Ministro del Interior. Sobre los \u00faltimos momentos de la m\u00e1rtir, o m\u00e1s bien sobre el periodo de su vida comprendida entre el principio de la Revoluci\u00f3n y el d\u00eda de su muerte, estos son de un laconismo que desconciertan; nueve o diez l\u00edneas, y eso es todo. Y todav\u00eda estas nueve o diez l\u00edneas se nos presentan en condiciones que parecen a primera vista inexplicables.<\/em><\/p>\n<p><em>La administraci\u00f3n del hospicio ha conservado en sus archivos<\/em><span id='easy-footnote-3-42908' class='easy-footnote-margin-adjust'><\/span><span class='easy-footnote'><a href='http:\/\/vincentians.com\/es\/margarita-rutan-una-victima-de-la-revolucion-prefacio\/#easy-footnote-bottom-3-42908' title='B2, &lt;em&gt; n\u00ba6.&lt;\/em&gt;'><sup>3<\/sup><\/a><\/span> <em>el borrador y dos copias antiguas de la memoria que destinaba al Ministro del Interior.<\/em><span id='easy-footnote-4-42908' class='easy-footnote-margin-adjust'><\/span><span class='easy-footnote'><a href='http:\/\/vincentians.com\/es\/margarita-rutan-una-victima-de-la-revolucion-prefacio\/#easy-footnote-bottom-4-42908' title='Una de las \u00faltimas paginas contiene estas palabras: \u00abLa administraci\u00f3n de Dax termina esta memoria para exponer de nuevo a Su Excelencia el Ministro del Interior las p\u00e9rdidas que ha experimentado por efecto de la Revoluci\u00f3n \u00ab.'><sup>4<\/sup><\/a><\/span> <em>El borrador sobre doble fasc\u00edculo, lleva fecha de 1812 cubierto de numerosas tachaduras y sobrecargado de amplias cintas de papel pegadas. Algunas p\u00e1ginas sin embargo est\u00e1n escritas de un tir\u00f3n sin un solo retoque, son las que contienen la biograf\u00eda. En el borrador la biograf\u00eda est\u00e1 completa y hasta seguida del decreto de muerte. En las dos copias se detiene bruscamente la v\u00edspera de la \u00e9poca revolucionaria; sin embargo el copista ha dejado en blanco el espacio suficiente para completarla, y el autor de la memoria ha incluido entre las hojas de uno de los cuadernos una hoja volante de peque\u00f1o formato, en la que ha seguido a mano el relato de los \u00faltimos momentos de Margarita Rutan, tal como se encuentra en el borrador. <\/em><\/p>\n<p><em>Para explicar estas divergencias, es bueno referirse a la \u00e9poca en que la memoria ha sido compuesta. Los dignatarios del Imperio, que hab\u00edan hundido sus manos en la sangre de las v\u00edctimas del Terror, ve\u00edan con malos ojos los ataques dirigidos contra la obra de la Revoluci\u00f3n. Cuando el abate Guikkon quiso publicar sus notas sobre <\/em><strong>Los M\u00e1rtires de la Fe<em>, <\/em><\/strong><em> notas ya listas antes de 1799, la polic\u00eda de Fouch\u00e9 confisc\u00f3 sus manuscritos, que fueron encontrados en la Restauraci\u00f3n y aparecieron en 1821. En estas condiciones, los administradores del hospicio no habr\u00edan actuado como hombres prudentes si, en una memoria preparada para un ministro y que se propon\u00edan tal vez hacer recomendar por su compatriota, el regicida Roger Ducos, senador, cuya influencia era grande en la Corte, si hubieran hablado con c\u00f3lera y desprecio de las violencias de la Revoluci\u00f3n. Y si quer\u00edan a todo precio conceder un lugar a la Hermana Rutan en su memoria hist\u00f3rica y financiar el hospital, era totalmente necesario que hicieran silencio sobre los \u00faltimos a\u00f1os de su vida, aquellos precisamente que la engrandecieron m\u00e1s. El autor de la memoria \u00bfhabr\u00eda tenido realmente la intenci\u00f3n de enviar el relato del martirio de la Hermana y ser\u00edan los administradores quienes se hubieran impedido? O bien, \u00bfhabr\u00eda \u00e9l, sin tener la intenci\u00f3n de recopiarle luego, insertado este relato en su borrador, para dar a la vida su complemento natural? Se pueden sostener con tanta verosimilitud ambas hip\u00f3tesis.<\/em><\/p>\n<p><em>La misma incertidumbre sobre el nombre del autor. Ya hemos visto que la noticia aneja al borrador de la memoria est\u00e1 totalmente exenta de tachaduras. Se permite concluir que la composici\u00f3n de la rese\u00f1a es anterior a la de la memoria. Cantidad de indicadores, entre otros la expresi\u00f3n <\/em>La Se\u00f1ora superiora general de la Hijas de la Caridad, <em>muestran que no es la obra de una Hermana de San Vicente. La profunda veneraci\u00f3n que pestaba a la Hermana Rutan, como veremos despu\u00e9s, Joseph Grateloup, que fue tesorero del hospital de 1782 a 1789 y sigui\u00f3 teniendo durante largo tiempo las mismas funciones en los primeros a\u00f1os del siglo XIX,<\/em><span id='easy-footnote-5-42908' class='easy-footnote-margin-adjust'><\/span><span class='easy-footnote'><a href='http:\/\/vincentians.com\/es\/margarita-rutan-una-victima-de-la-revolucion-prefacio\/#easy-footnote-bottom-5-42908' title='Archivos del Hospital E 3, E 55.'><sup>5<\/sup><\/a><\/span> <em>nos permite designarle, con alguna probabilidad, como el autor an\u00f3nimo de la biograf\u00eda.<\/em><\/p>\n<p><em>Aunque escrita en 1812 (no se puede asignar fecha m\u00e1s reciente), la noticia gozar\u00eda al menos en cuanto a las circunstancias del martirio, de una incontestable autoridad; en 1812, en efecto, numerosos testigos de los acontecimientos de 1794 viv\u00edan todav\u00eda en Dax y conviene se\u00f1alar entre ellos a una sobrina o al menos a una compatriota de la Hermana Rutan,<\/em><span id='easy-footnote-6-42908' class='easy-footnote-margin-adjust'><\/span><span class='easy-footnote'><a href='http:\/\/vincentians.com\/es\/margarita-rutan-una-victima-de-la-revolucion-prefacio\/#easy-footnote-bottom-6-42908' title='Tenemos este detalle del abate L\u00e9g\u00e9 (&lt;em&gt;Les dioc\u00e8ses d&amp;#8217;Aire et de Dax sous la R\u00e9volution fran\u00e7aise&lt;\/em&gt;, t, II, p. ), de la hermana Sophie Charpentier que naci\u00f3 en Metz, de Nicolas Charpentier y de Agathe Leclair (Acta del fallecimiento de Sophie Charpentier, 4 de abril de 1831, archivos municipales de Dax); no era pues sobrina de la Hermana Rutan en el sentido estricto de la palabra.'><sup>6<\/sup><\/a><\/span> <em>Sor Sof\u00eda Charpentier quien, exceptuados los meses de prisi\u00f3n, prest\u00f3 sus cuidados a los enfermos del hospital Saint-Eutrope durante cuarenta y dos a\u00f1os, de 1789 a 1831, a\u00f1o de su muerte.<\/em><span id='easy-footnote-7-42908' class='easy-footnote-margin-adjust'><\/span><span class='easy-footnote'><a href='http:\/\/vincentians.com\/es\/margarita-rutan-una-victima-de-la-revolucion-prefacio\/#easy-footnote-bottom-7-42908' title='Registro de la comunidad.'><sup>7<\/sup><\/a><\/span>\n<p><em>Hemos hallado tambi\u00e9n aqu\u00ed y all\u00e1 en diversas fuentes manuscritas, que ser\u00e1n indicadas a su tiempo, algunas informaciones aisladas. <\/em><\/p>\n<p><em>Entre las obras impresas, la de Dompnier de Sauviac, Cr\u00f3nicas de la ciudad y de la di\u00f3cesis de Aqcs,<\/em><span id='easy-footnote-8-42908' class='easy-footnote-margin-adjust'><\/span><span class='easy-footnote'><a href='http:\/\/vincentians.com\/es\/margarita-rutan-una-victima-de-la-revolucion-prefacio\/#easy-footnote-bottom-8-42908' title='Libro X, La Revoluci\u00f3n, Dax, 1869'><sup>8<\/sup><\/a><\/span> <em>es el que hace m\u00e1s menci\u00f3n de Margarita Rutan. El autor, como hemos podido verificar en persona, ha rebuscado en los archivos del departamento de las Landas, en la alcald\u00eda y hospital de Dax, la mayor parte de estas informaciones; ha recogido los ecos de las tradiciones conservadas en Dax y los ha consignado en su libro ; nosostros los utilizaremos con discreciones y mesura. <\/em><\/p>\n<p><em>Los escritores posteriores se han contentado con copiar o resumir a Dompnier. Se\u00f1alemos al abate<\/em> <em>L\u00e9g\u00e9,<\/em><span id='easy-footnote-9-42908' class='easy-footnote-margin-adjust'><\/span><span class='easy-footnote'><a href='http:\/\/vincentians.com\/es\/margarita-rutan-una-victima-de-la-revolucion-prefacio\/#easy-footnote-bottom-9-42908' title='&lt;em&gt;Las di\u00f3cesis de Aire y de Dax bajo la Revoluci\u00f3n francesa,&lt;\/em&gt; t, II, p. 9-10 (Aire, 1875).'><sup>9<\/sup><\/a><\/span> <em>a Dufourcet,<\/em><span id='easy-footnote-10-42908' class='easy-footnote-margin-adjust'><\/span><span class='easy-footnote'><a href='http:\/\/vincentians.com\/es\/margarita-rutan-una-victima-de-la-revolucion-prefacio\/#easy-footnote-bottom-10-42908' title='&lt;em&gt;Las Landas y los landeses,&lt;\/em&gt; p. 474 (Dax, 1892).'><sup>10<\/sup><\/a><\/span> <em>a Mons Cirot de la Ville,<\/em><span id='easy-footnote-11-42908' class='easy-footnote-margin-adjust'><\/span><span class='easy-footnote'><a href='http:\/\/vincentians.com\/es\/margarita-rutan-una-victima-de-la-revolucion-prefacio\/#easy-footnote-bottom-11-42908' title='&lt;em&gt;Monse\u00f1or Charles-Auguste Le Quien de Laneufville, &lt;\/em&gt;p. 75-78 (Bordeaux, 1890).'><sup>11<\/sup><\/a><\/span> <em>al abate Tauzin,<\/em><span id='easy-footnote-12-42908' class='easy-footnote-margin-adjust'><\/span><span class='easy-footnote'><a href='http:\/\/vincentians.com\/es\/margarita-rutan-una-victima-de-la-revolucion-prefacio\/#easy-footnote-bottom-12-42908' title='&lt;em&gt;La cruz de Las Landas, &lt;\/em&gt;17 de noviembre de 1895 (Dax).'><sup>12<\/sup><\/a><\/span> <em>al can\u00f3nigo Dudon,<\/em><span id='easy-footnote-13-42908' class='easy-footnote-margin-adjust'><\/span><span class='easy-footnote'><a href='http:\/\/vincentians.com\/es\/margarita-rutan-una-victima-de-la-revolucion-prefacio\/#easy-footnote-bottom-13-42908' title='&lt;em&gt;La semana religiosa de Aire y de Dax&lt;\/em&gt;, mayo 1891.'><sup>13<\/sup><\/a><\/span> <em>a Chinchon, sacerdote de la misi\u00f3n;<\/em><span id='easy-footnote-14-42908' class='easy-footnote-margin-adjust'><\/span><span class='easy-footnote'><a href='http:\/\/vincentians.com\/es\/margarita-rutan-una-victima-de-la-revolucion-prefacio\/#easy-footnote-bottom-14-42908' title='&lt;em&gt;Huerto espiritual de la Congregaci\u00f3n de la Misi\u00f3n,&lt;\/em&gt; p. 201-205 (Paris, 1880).'><sup>14<\/sup><\/a><\/span> <em>y al autor de una serie de art\u00edculos publicados en los Anales de la Congregaci\u00f3n de la Misi\u00f3n,<\/em><span id='easy-footnote-15-42908' class='easy-footnote-margin-adjust'><\/span><span class='easy-footnote'><a href='http:\/\/vincentians.com\/es\/margarita-rutan-una-victima-de-la-revolucion-prefacio\/#easy-footnote-bottom-15-42908' title='T. 58, p. 371-376 (Paris, 1893).'><sup>15<\/sup><\/a><\/span> <em>bajo este t\u00edtulo: La Compa\u00f1\u00eda de las Hijas de la Caridad durante la persecuci\u00f3n religiosa de la Revoluci\u00f3n. Wallon,<\/em><span id='easy-footnote-16-42908' class='easy-footnote-margin-adjust'><\/span><span class='easy-footnote'><a href='http:\/\/vincentians.com\/es\/margarita-rutan-una-victima-de-la-revolucion-prefacio\/#easy-footnote-bottom-16-42908' title='&lt;em&gt;Los representantes del pueblo en misi\u00f3n y la justicia revolucionaria de los departamentos el a\u00f1o II,&lt;\/em&gt; t. II p. 423-424 (Paris).'><sup>16<\/sup><\/a><\/span> <em>Berriat Saint-Prix<\/em><span id='easy-footnote-17-42908' class='easy-footnote-margin-adjust'><\/span><span class='easy-footnote'><a href='http:\/\/vincentians.com\/es\/margarita-rutan-una-victima-de-la-revolucion-prefacio\/#easy-footnote-bottom-17-42908' title='La justicia revolucionaria en Par\u00eds y en los departamentos&lt;em&gt;,&lt;\/em&gt; t, I, p. 322 (Paris, 2\u00aa edici\u00f3n, 1870).'><sup>17<\/sup><\/a><\/span> <em>y al abate Degert<\/em><span id='easy-footnote-18-42908' class='easy-footnote-margin-adjust'><\/span><span class='easy-footnote'><a href='http:\/\/vincentians.com\/es\/margarita-rutan-una-victima-de-la-revolucion-prefacio\/#easy-footnote-bottom-18-42908' title='&lt;em&gt;Historia de los obispos de Dax&lt;\/em&gt;, p. 454 (Dax, 1899).'><sup>18<\/sup><\/a><\/span> <em>dedican a la Hermana algunas l\u00edneas apenas. El P. Ch\u00e9rot<\/em><span id='easy-footnote-19-42908' class='easy-footnote-margin-adjust'><\/span><span class='easy-footnote'><a href='http:\/\/vincentians.com\/es\/margarita-rutan-una-victima-de-la-revolucion-prefacio\/#easy-footnote-bottom-19-42908' title='&lt;em&gt;Las figuras de los m\u00e1rtires&lt;\/em&gt; (Par\u00eds, 1907).'><sup>19<\/sup><\/a><\/span> <em>y el autor de un compendio de propaganda enriquecida de un facs\u00edmil de la escritura de la Hermana Rutan y de ilustraciones muy bien logradas,<\/em><span id='easy-footnote-20-42908' class='easy-footnote-margin-adjust'><\/span><span class='easy-footnote'><a href='http:\/\/vincentians.com\/es\/margarita-rutan-una-victima-de-la-revolucion-prefacio\/#easy-footnote-bottom-20-42908' title='Una intr\u00e9pida hija de San Vicente de Pa\u00fal, Sor Marguerite Rutan, (Paillart, Abbeville, 1907).'><sup>20<\/sup><\/a><\/span> <em>no han hecho m\u00e1s que resumir la primera edici\u00f3n de nuestra biograf\u00eda. El abate Montauz\u00e9, capell\u00e1n del hospital Saint-Eutrope, se ha servido exclusivamente de la noticia conservada en los archivos de este establecimiento y de los papeles que la acompa\u00f1an.<\/em><span id='easy-footnote-21-42908' class='easy-footnote-margin-adjust'><\/span><span class='easy-footnote'><a href='http:\/\/vincentians.com\/es\/margarita-rutan-una-victima-de-la-revolucion-prefacio\/#easy-footnote-bottom-21-42908' title='&lt;em&gt;El correo de Dax (&lt;\/em&gt;diario semanal&lt;em&gt;)&lt;\/em&gt;, 4 de noviembre de 1866.'><sup>21<\/sup><\/a><\/span>\n<p><em>Las informaciones que nos han quedado de la Hermana Rutan, como tambi\u00e9n de los que pasaron el suplicio de Dax, no abundan; un concurso de circunstancias desdichadas ha perjudicado a su conservaci\u00f3n. El olvido del lugar de su seputura explica en parte por qu\u00e9 su recuerdo no es tan vivaz entre los habitantes de Dax como el recuerdo de las Hermanas Marie-Anne y Odile, por ejemplo, entre los habitantes de Angers. Un monumento exterior ayuda siempre a conservar las tradiciones. Si las Hijas de la Caridad del hospital hubieran sabido d\u00f3nde estaba la tumba de Sor Rutan y que nada hubiera detenido su celo, ellas la habr\u00edan visitado piadosamente y cuidado liberalmente. Sobre el mausoleo una inscripci\u00f3n recordar\u00eda el g\u00e9nero de muerte y el valor de la v\u00edctima. Los fieles, el d\u00eda del aniversario sobre todo, se habr\u00edan dado cita all\u00ed y, en la estaci\u00f3n de las flores, no habr\u00edan dejado de recoger para llevar a la tumba de la m\u00e1rtir. Los hijos, intrigados, se lo habr\u00edan preguntado a su madre y esta habr\u00eda rehecho, una vez m\u00e1s, el relato que hab\u00eda o\u00eddo en su juventud. De esta forma el nombre de la Hermana Rutan habr\u00eda pasado de boca en boca, de edad en edad, y su recuerdo vivir\u00eda todav\u00eda entre nosotros, apenas alterado por el tiempo. No es la imaginaci\u00f3n o poes\u00eda; las tumbas es un hecho de experiencia, ayudan excelentemente a fijar las tradiciones, ya que son ocasi\u00f3n de pr\u00e1cticas que impresionan los ojos y excitan la curiosidad.<\/em><\/p>\n<p><em>Las circunstancias que han acompa\u00f1ado o seguido la muerte de la Hermana Rutan no eran de naturaleza para fijar la atenci\u00f3n sobre su martirio. Arras ha dado cuatro Hijas de la Caridad en el cadalso. Valenciennes once ursulinas, Compi\u00e8gne diecis\u00e9is carmelitas, Orange veintiocho sacramentinas y cuatro ursulinas, etc., estas ejecuciones, por en n\u00famero de las religiosas unidas para recibir juntas el bautismo de la sangre, impresionan de otra forma que la muerte de una sola religiosa, hecho muy frecuente durante la gran Revoluci\u00f3n. <\/em><\/p>\n<p><em>Estar\u00e1 bien a\u00f1adir que la Hermana Rutan muri\u00f3 en una ciudad peque\u00f1a. Cuando la poblaci\u00f3n es reducida menos ocasiones hay de encontrar relatos manuscritos o libros impresos que traten de los acontecimientos locales. Sor Rutan es tambi\u00e9n del n\u00famero de los guillotinados del Terror cuyo dosier se ha perdido. \u00bfDonde est\u00e1n los papeles confiscados en su oficina por el comit\u00e9 de vigilancia? \u00bfD\u00f3nde se encuentra el proceso verbal de su interrogatorio? <\/em><\/p>\n<p><em>El abate L\u00e9g\u00e9 y Dampnier de Sauvac lo han ignorado siempre y quiz\u00e1slo ignoraremos nosotros siempre. \u00abDel 21 ventoso al 10 floreal del a\u00f1o II, escribe Berriat Saint-Prix,<\/em><span id='easy-footnote-22-42908' class='easy-footnote-margin-adjust'><\/span><span class='easy-footnote'><a href='http:\/\/vincentians.com\/es\/margarita-rutan-una-victima-de-la-revolucion-prefacio\/#easy-footnote-bottom-22-42908' title='&lt;em&gt;La justicia revolucionaria en Par\u00eds y en los departamentos &lt;\/em&gt;t. I, p.318. Tarbouriech, archivista del Gers, que ha escrito la historia de la Comisi\u00f3n de Bayona, nunca ha tenido en la mano los dosiers de los condenados.'><sup>22<\/sup><\/a><\/span> <em>la comisi\u00f3n juzg\u00f3 a un gran n\u00famero de personas tanto en Bayona como en Saint-Sever, Dax y Auch. Se han conservado los nombres de sesenta y dos acusados presentes que fueron condenados a la pena capital. De manera que para cantidad de Comisiones revolucionarias de los departamentos los juicios y casi todos los dosiers de este Tribunal han sido robados o destruidos\u00bb; esta \u00faltima hip\u00f3tesis es probablemente la verdadera.<\/em><\/p>\n","protected":false},"excerpt":{"rendered":"<p>Declaraci\u00f3n del autor: Nosotros no intentamos adelantarnos al juicio de la Iglesia al llamar a Sor Rutan \u00absanta m\u00e1rtir\u00bb; cada vez que las empleemos, estas palabras tendr\u00e1n, bajo nuestra pluma, su sentido corriente y no &#8230; <a href=\"http:\/\/vincentians.com\/es\/margarita-rutan-una-victima-de-la-revolucion-prefacio\/\" class=\"more-link\">Read More<\/a><\/p>\n","protected":false},"author":4,"featured_media":387271,"comment_status":"open","ping_status":"open","sticky":false,"template":"","format":"standard","meta":{"jetpack_post_was_ever_published":false,"_jetpack_newsletter_access":"","_jetpack_dont_email_post_to_subs":false,"_jetpack_newsletter_tier_id":0,"_jetpack_memberships_contains_paywalled_content":false,"_jetpack_memberships_contains_paid_content":false,"footnotes":"","jetpack_publicize_message":"","jetpack_publicize_feature_enabled":true,"jetpack_social_post_already_shared":true,"jetpack_social_options":{"image_generator_settings":{"template":"highway","default_image_id":0,"font":"","enabled":false},"version":2}},"categories":[251],"tags":[],"class_list":["post-42908","post","type-post","status-publish","format-standard","has-post-thumbnail","hentry","category-margarita-rutan"],"yoast_head":"<!-- This site is optimized with the Yoast SEO plugin v26.3 - https:\/\/yoast.com\/wordpress\/plugins\/seo\/ -->\n<title>Margarita Rutan: una v\u00edctima de la Revoluci\u00f3n (Prefacio) - Somos Vicencianos<\/title>\n<meta name=\"robots\" content=\"index, follow, max-snippet:-1, max-image-preview:large, max-video-preview:-1\" \/>\n<link rel=\"canonical\" href=\"https:\/\/vincentians.com\/es\/margarita-rutan-una-victima-de-la-revolucion-prefacio\/\" \/>\n<meta property=\"og:locale\" content=\"es_ES\" \/>\n<meta property=\"og:type\" content=\"article\" \/>\n<meta property=\"og:title\" content=\"Margarita Rutan: una v\u00edctima de la Revoluci\u00f3n (Prefacio) - Somos Vicencianos\" \/>\n<meta property=\"og:description\" content=\"Declaraci\u00f3n del autor: Nosotros no intentamos adelantarnos al juicio de la Iglesia al llamar a Sor Rutan \u00absanta m\u00e1rtir\u00bb; cada vez que las empleemos, estas palabras tendr\u00e1n, bajo nuestra pluma, su sentido corriente y no ... Read More\" \/>\n<meta property=\"og:url\" content=\"https:\/\/vincentians.com\/es\/margarita-rutan-una-victima-de-la-revolucion-prefacio\/\" \/>\n<meta property=\"og:site_name\" content=\"Somos Vicencianos\" \/>\n<meta property=\"article:publisher\" content=\"https:\/\/www.facebook.com\/WeAreVincentians\/\" \/>\n<meta property=\"article:author\" content=\"https:\/\/www.facebook.com\/JavierChento\" \/>\n<meta property=\"article:published_time\" content=\"2016-04-05T06:10:25+00:00\" \/>\n<meta name=\"author\" content=\"Francisco Javier Fern\u00e1ndez Chento\" \/>\n<meta name=\"twitter:card\" content=\"summary_large_image\" \/>\n<meta name=\"twitter:creator\" content=\"@https:\/\/twitter.com\/javierchento\" \/>\n<meta name=\"twitter:site\" content=\"@WeVincentians\" \/>\n<meta name=\"twitter:label1\" content=\"Escrito por\" \/>\n\t<meta name=\"twitter:data1\" content=\"Francisco Javier Fern\u00e1ndez Chento\" \/>\n\t<meta name=\"twitter:label2\" content=\"Tiempo de lectura\" \/>\n\t<meta name=\"twitter:data2\" content=\"17 minutos\" \/>\n<script type=\"application\/ld+json\" class=\"yoast-schema-graph\">{\"@context\":\"https:\/\/schema.org\",\"@graph\":[{\"@type\":\"Article\",\"@id\":\"https:\/\/vincentians.com\/es\/margarita-rutan-una-victima-de-la-revolucion-prefacio\/#article\",\"isPartOf\":{\"@id\":\"https:\/\/vincentians.com\/es\/margarita-rutan-una-victima-de-la-revolucion-prefacio\/\"},\"author\":{\"name\":\"Francisco Javier Fern\u00e1ndez Chento\",\"@id\":\"https:\/\/vincentians.com\/es\/#\/schema\/person\/9623ef4d9aa3b2dfb8c061f1499288f2\"},\"headline\":\"Margarita Rutan: una v\u00edctima de la Revoluci\u00f3n (Prefacio)\",\"datePublished\":\"2016-04-05T06:10:25+00:00\",\"mainEntityOfPage\":{\"@id\":\"https:\/\/vincentians.com\/es\/margarita-rutan-una-victima-de-la-revolucion-prefacio\/\"},\"wordCount\":3405,\"commentCount\":0,\"publisher\":{\"@id\":\"https:\/\/vincentians.com\/es\/#organization\"},\"image\":{\"@id\":\"https:\/\/vincentians.com\/es\/margarita-rutan-una-victima-de-la-revolucion-prefacio\/#primaryimage\"},\"thumbnailUrl\":\"\",\"articleSection\":[\"Margarita Rutan\"],\"inLanguage\":\"es\",\"potentialAction\":[{\"@type\":\"CommentAction\",\"name\":\"Comment\",\"target\":[\"https:\/\/vincentians.com\/es\/margarita-rutan-una-victima-de-la-revolucion-prefacio\/#respond\"]}]},{\"@type\":\"WebPage\",\"@id\":\"https:\/\/vincentians.com\/es\/margarita-rutan-una-victima-de-la-revolucion-prefacio\/\",\"url\":\"https:\/\/vincentians.com\/es\/margarita-rutan-una-victima-de-la-revolucion-prefacio\/\",\"name\":\"Margarita Rutan: una v\u00edctima de la Revoluci\u00f3n (Prefacio) - Somos Vicencianos\",\"isPartOf\":{\"@id\":\"https:\/\/vincentians.com\/es\/#website\"},\"primaryImageOfPage\":{\"@id\":\"https:\/\/vincentians.com\/es\/margarita-rutan-una-victima-de-la-revolucion-prefacio\/#primaryimage\"},\"image\":{\"@id\":\"https:\/\/vincentians.com\/es\/margarita-rutan-una-victima-de-la-revolucion-prefacio\/#primaryimage\"},\"thumbnailUrl\":\"\",\"datePublished\":\"2016-04-05T06:10:25+00:00\",\"breadcrumb\":{\"@id\":\"https:\/\/vincentians.com\/es\/margarita-rutan-una-victima-de-la-revolucion-prefacio\/#breadcrumb\"},\"inLanguage\":\"es\",\"potentialAction\":[{\"@type\":\"ReadAction\",\"target\":[\"https:\/\/vincentians.com\/es\/margarita-rutan-una-victima-de-la-revolucion-prefacio\/\"]}]},{\"@type\":\"ImageObject\",\"inLanguage\":\"es\",\"@id\":\"https:\/\/vincentians.com\/es\/margarita-rutan-una-victima-de-la-revolucion-prefacio\/#primaryimage\",\"url\":\"\",\"contentUrl\":\"\"},{\"@type\":\"BreadcrumbList\",\"@id\":\"https:\/\/vincentians.com\/es\/margarita-rutan-una-victima-de-la-revolucion-prefacio\/#breadcrumb\",\"itemListElement\":[{\"@type\":\"ListItem\",\"position\":1,\"name\":\"Portada\",\"item\":\"https:\/\/vincentians.com\/es\/\"},{\"@type\":\"ListItem\",\"position\":2,\"name\":\"Margarita Rutan: una v\u00edctima de la Revoluci\u00f3n (Prefacio)\"}]},{\"@type\":\"WebSite\",\"@id\":\"https:\/\/vincentians.com\/es\/#website\",\"url\":\"https:\/\/vincentians.com\/es\/\",\"name\":\"Somos Vicencianos\",\"description\":\"Know more to serve more\",\"publisher\":{\"@id\":\"https:\/\/vincentians.com\/es\/#organization\"},\"potentialAction\":[{\"@type\":\"SearchAction\",\"target\":{\"@type\":\"EntryPoint\",\"urlTemplate\":\"https:\/\/vincentians.com\/es\/?s={search_term_string}\"},\"query-input\":{\"@type\":\"PropertyValueSpecification\",\"valueRequired\":true,\"valueName\":\"search_term_string\"}}],\"inLanguage\":\"es\"},{\"@type\":\"Organization\",\"@id\":\"https:\/\/vincentians.com\/es\/#organization\",\"name\":\"The Vincentian Network\",\"url\":\"https:\/\/vincentians.com\/es\/\",\"logo\":{\"@type\":\"ImageObject\",\"inLanguage\":\"es\",\"@id\":\"https:\/\/vincentians.com\/es\/#\/schema\/logo\/image\/\",\"url\":\"https:\/\/i1.wp.com\/vincentians.com\/es\/wp-content\/uploads\/sites\/11\/2016\/06\/Vincentian-Network-logo-big.png?fit=778%2C778\",\"contentUrl\":\"https:\/\/i1.wp.com\/vincentians.com\/es\/wp-content\/uploads\/sites\/11\/2016\/06\/Vincentian-Network-logo-big.png?fit=778%2C778\",\"width\":778,\"height\":778,\"caption\":\"The Vincentian Network\"},\"image\":{\"@id\":\"https:\/\/vincentians.com\/es\/#\/schema\/logo\/image\/\"},\"sameAs\":[\"https:\/\/www.facebook.com\/WeAreVincentians\/\",\"https:\/\/x.com\/WeVincentians\"]},{\"@type\":\"Person\",\"@id\":\"https:\/\/vincentians.com\/es\/#\/schema\/person\/9623ef4d9aa3b2dfb8c061f1499288f2\",\"name\":\"Francisco Javier Fern\u00e1ndez Chento\",\"image\":{\"@type\":\"ImageObject\",\"inLanguage\":\"es\",\"@id\":\"https:\/\/vincentians.com\/es\/#\/schema\/person\/image\/\",\"url\":\"https:\/\/secure.gravatar.com\/avatar\/497d5cde87b4c3d097d0315953521681ba2cd523ee66e5077c3711f7021e65de?s=96&d=mm&r=g\",\"contentUrl\":\"https:\/\/secure.gravatar.com\/avatar\/497d5cde87b4c3d097d0315953521681ba2cd523ee66e5077c3711f7021e65de?s=96&d=mm&r=g\",\"caption\":\"Francisco Javier Fern\u00e1ndez Chento\"},\"description\":\"Director General y cofundador de La Red de Formaci\u00f3n Vicenciana. Javier es laico vicenciano, afiliado a la Congregaci\u00f3n de la Misi\u00f3n y miembro del Equipo de Misiones Populares de la provincia can\u00f3nica de Zaragoza (Espa\u00f1a) de la Congregaci\u00f3n de la Misi\u00f3n. Graduado en la Universidad Oberta de Catalunya con cuatro grados (Asistente de direcci\u00f3n, Gesti\u00f3n Administrativa, Recursos Humanos y Contabilidad Avanzada). Bil\u00edng\u00fce Espa\u00f1ol\/Ingl\u00e9s. gestiona y mantiene varias p\u00e1ginas web cristianas y vicencianas, incluida including La Red de Formaci\u00f3n Vicenciana, de la que es cofundador. Actualmente es responsable del \u00e1rea de Espa\u00f1ol de .famvin, la Red de Noticias de la Familia Vicenciana. Tambi\u00e9n es m\u00fasico cat\u00f3lico y ha editado varios discos. Es Director General y cofundador de Trovador, una reconocida compa\u00f1\u00eda discogr\u00e1fica critiana de Espa\u00f1a. Trabaja en las Tecnolog\u00edas de la Informaci\u00f3n, ofreciendo servicios de alojamiento, dise\u00f1o y mantenimiento Web, as\u00ed como asesoramiento, formaci\u00f3n y soluciones inform\u00e1ticas, gesti\u00f3n documental y digitalizaci\u00f3n de textos, edici\u00f3n y maquetaci\u00f3n de libros, revistas, flyers, etc.\",\"sameAs\":[\"http:\/\/chento.org\",\"https:\/\/www.facebook.com\/JavierChento\",\"https:\/\/x.com\/https:\/\/twitter.com\/javierchento\"],\"url\":\"http:\/\/vincentians.com\/es\/author\/chento\/\"}]}<\/script>\n<!-- \/ Yoast SEO plugin. -->","yoast_head_json":{"title":"Margarita Rutan: una v\u00edctima de la Revoluci\u00f3n (Prefacio) - Somos Vicencianos","robots":{"index":"index","follow":"follow","max-snippet":"max-snippet:-1","max-image-preview":"max-image-preview:large","max-video-preview":"max-video-preview:-1"},"canonical":"https:\/\/vincentians.com\/es\/margarita-rutan-una-victima-de-la-revolucion-prefacio\/","og_locale":"es_ES","og_type":"article","og_title":"Margarita Rutan: una v\u00edctima de la Revoluci\u00f3n (Prefacio) - Somos Vicencianos","og_description":"Declaraci\u00f3n del autor: Nosotros no intentamos adelantarnos al juicio de la Iglesia al llamar a Sor Rutan \u00absanta m\u00e1rtir\u00bb; cada vez que las empleemos, estas palabras tendr\u00e1n, bajo nuestra pluma, su sentido corriente y no ... Read More","og_url":"https:\/\/vincentians.com\/es\/margarita-rutan-una-victima-de-la-revolucion-prefacio\/","og_site_name":"Somos Vicencianos","article_publisher":"https:\/\/www.facebook.com\/WeAreVincentians\/","article_author":"https:\/\/www.facebook.com\/JavierChento","article_published_time":"2016-04-05T06:10:25+00:00","author":"Francisco Javier Fern\u00e1ndez Chento","twitter_card":"summary_large_image","twitter_creator":"@https:\/\/twitter.com\/javierchento","twitter_site":"@WeVincentians","twitter_misc":{"Escrito por":"Francisco Javier Fern\u00e1ndez Chento","Tiempo de lectura":"17 minutos"},"schema":{"@context":"https:\/\/schema.org","@graph":[{"@type":"Article","@id":"https:\/\/vincentians.com\/es\/margarita-rutan-una-victima-de-la-revolucion-prefacio\/#article","isPartOf":{"@id":"https:\/\/vincentians.com\/es\/margarita-rutan-una-victima-de-la-revolucion-prefacio\/"},"author":{"name":"Francisco Javier Fern\u00e1ndez Chento","@id":"https:\/\/vincentians.com\/es\/#\/schema\/person\/9623ef4d9aa3b2dfb8c061f1499288f2"},"headline":"Margarita Rutan: una v\u00edctima de la Revoluci\u00f3n (Prefacio)","datePublished":"2016-04-05T06:10:25+00:00","mainEntityOfPage":{"@id":"https:\/\/vincentians.com\/es\/margarita-rutan-una-victima-de-la-revolucion-prefacio\/"},"wordCount":3405,"commentCount":0,"publisher":{"@id":"https:\/\/vincentians.com\/es\/#organization"},"image":{"@id":"https:\/\/vincentians.com\/es\/margarita-rutan-una-victima-de-la-revolucion-prefacio\/#primaryimage"},"thumbnailUrl":"","articleSection":["Margarita Rutan"],"inLanguage":"es","potentialAction":[{"@type":"CommentAction","name":"Comment","target":["https:\/\/vincentians.com\/es\/margarita-rutan-una-victima-de-la-revolucion-prefacio\/#respond"]}]},{"@type":"WebPage","@id":"https:\/\/vincentians.com\/es\/margarita-rutan-una-victima-de-la-revolucion-prefacio\/","url":"https:\/\/vincentians.com\/es\/margarita-rutan-una-victima-de-la-revolucion-prefacio\/","name":"Margarita Rutan: una v\u00edctima de la Revoluci\u00f3n (Prefacio) - Somos Vicencianos","isPartOf":{"@id":"https:\/\/vincentians.com\/es\/#website"},"primaryImageOfPage":{"@id":"https:\/\/vincentians.com\/es\/margarita-rutan-una-victima-de-la-revolucion-prefacio\/#primaryimage"},"image":{"@id":"https:\/\/vincentians.com\/es\/margarita-rutan-una-victima-de-la-revolucion-prefacio\/#primaryimage"},"thumbnailUrl":"","datePublished":"2016-04-05T06:10:25+00:00","breadcrumb":{"@id":"https:\/\/vincentians.com\/es\/margarita-rutan-una-victima-de-la-revolucion-prefacio\/#breadcrumb"},"inLanguage":"es","potentialAction":[{"@type":"ReadAction","target":["https:\/\/vincentians.com\/es\/margarita-rutan-una-victima-de-la-revolucion-prefacio\/"]}]},{"@type":"ImageObject","inLanguage":"es","@id":"https:\/\/vincentians.com\/es\/margarita-rutan-una-victima-de-la-revolucion-prefacio\/#primaryimage","url":"","contentUrl":""},{"@type":"BreadcrumbList","@id":"https:\/\/vincentians.com\/es\/margarita-rutan-una-victima-de-la-revolucion-prefacio\/#breadcrumb","itemListElement":[{"@type":"ListItem","position":1,"name":"Portada","item":"https:\/\/vincentians.com\/es\/"},{"@type":"ListItem","position":2,"name":"Margarita Rutan: una v\u00edctima de la Revoluci\u00f3n (Prefacio)"}]},{"@type":"WebSite","@id":"https:\/\/vincentians.com\/es\/#website","url":"https:\/\/vincentians.com\/es\/","name":"Somos Vicencianos","description":"Know more to serve more","publisher":{"@id":"https:\/\/vincentians.com\/es\/#organization"},"potentialAction":[{"@type":"SearchAction","target":{"@type":"EntryPoint","urlTemplate":"https:\/\/vincentians.com\/es\/?s={search_term_string}"},"query-input":{"@type":"PropertyValueSpecification","valueRequired":true,"valueName":"search_term_string"}}],"inLanguage":"es"},{"@type":"Organization","@id":"https:\/\/vincentians.com\/es\/#organization","name":"The Vincentian Network","url":"https:\/\/vincentians.com\/es\/","logo":{"@type":"ImageObject","inLanguage":"es","@id":"https:\/\/vincentians.com\/es\/#\/schema\/logo\/image\/","url":"https:\/\/i1.wp.com\/vincentians.com\/es\/wp-content\/uploads\/sites\/11\/2016\/06\/Vincentian-Network-logo-big.png?fit=778%2C778","contentUrl":"https:\/\/i1.wp.com\/vincentians.com\/es\/wp-content\/uploads\/sites\/11\/2016\/06\/Vincentian-Network-logo-big.png?fit=778%2C778","width":778,"height":778,"caption":"The Vincentian Network"},"image":{"@id":"https:\/\/vincentians.com\/es\/#\/schema\/logo\/image\/"},"sameAs":["https:\/\/www.facebook.com\/WeAreVincentians\/","https:\/\/x.com\/WeVincentians"]},{"@type":"Person","@id":"https:\/\/vincentians.com\/es\/#\/schema\/person\/9623ef4d9aa3b2dfb8c061f1499288f2","name":"Francisco Javier Fern\u00e1ndez Chento","image":{"@type":"ImageObject","inLanguage":"es","@id":"https:\/\/vincentians.com\/es\/#\/schema\/person\/image\/","url":"https:\/\/secure.gravatar.com\/avatar\/497d5cde87b4c3d097d0315953521681ba2cd523ee66e5077c3711f7021e65de?s=96&d=mm&r=g","contentUrl":"https:\/\/secure.gravatar.com\/avatar\/497d5cde87b4c3d097d0315953521681ba2cd523ee66e5077c3711f7021e65de?s=96&d=mm&r=g","caption":"Francisco Javier Fern\u00e1ndez Chento"},"description":"Director General y cofundador de La Red de Formaci\u00f3n Vicenciana. Javier es laico vicenciano, afiliado a la Congregaci\u00f3n de la Misi\u00f3n y miembro del Equipo de Misiones Populares de la provincia can\u00f3nica de Zaragoza (Espa\u00f1a) de la Congregaci\u00f3n de la Misi\u00f3n. Graduado en la Universidad Oberta de Catalunya con cuatro grados (Asistente de direcci\u00f3n, Gesti\u00f3n Administrativa, Recursos Humanos y Contabilidad Avanzada). Bil\u00edng\u00fce Espa\u00f1ol\/Ingl\u00e9s. gestiona y mantiene varias p\u00e1ginas web cristianas y vicencianas, incluida including La Red de Formaci\u00f3n Vicenciana, de la que es cofundador. Actualmente es responsable del \u00e1rea de Espa\u00f1ol de .famvin, la Red de Noticias de la Familia Vicenciana. Tambi\u00e9n es m\u00fasico cat\u00f3lico y ha editado varios discos. Es Director General y cofundador de Trovador, una reconocida compa\u00f1\u00eda discogr\u00e1fica critiana de Espa\u00f1a. Trabaja en las Tecnolog\u00edas de la Informaci\u00f3n, ofreciendo servicios de alojamiento, dise\u00f1o y mantenimiento Web, as\u00ed como asesoramiento, formaci\u00f3n y soluciones inform\u00e1ticas, gesti\u00f3n documental y digitalizaci\u00f3n de textos, edici\u00f3n y maquetaci\u00f3n de libros, revistas, flyers, etc.","sameAs":["http:\/\/chento.org","https:\/\/www.facebook.com\/JavierChento","https:\/\/x.com\/https:\/\/twitter.com\/javierchento"],"url":"http:\/\/vincentians.com\/es\/author\/chento\/"}]}},"jetpack_publicize_connections":[],"jetpack_featured_media_url":"","jetpack_sharing_enabled":true,"jetpack_shortlink":"https:\/\/wp.me\/p7ETMF-ba4","jetpack-related-posts":[{"id":60335,"url":"http:\/\/vincentians.com\/es\/cronica-de-una-beatificacion-sor-margarita-rutan\/","url_meta":{"origin":42908,"position":0},"title":"Cr\u00f3nica de una beatificaci\u00f3n: Sor Margarita Rutan","author":"Francisco Javier Fern\u00e1ndez Chento","date":"12\/01\/2012","format":false,"excerpt":"Sor Margarita Rutan, Hija de la Caridad de San Vicente de Pa\u00fal, fue martirizada el nueve de abril de 1794, en Dax, Francia. Y su beatificaci\u00f3n tuvo lugar en Dax, Francia, el d\u00eda 19 de junio de 1911. Han sido numerosas las actividades en torno a esta fiesta, vivida profundamente\u2026","rel":"","context":"En \u00abMargarita Rutan\u00bb","block_context":{"text":"Margarita Rutan","link":"http:\/\/vincentians.com\/es\/category\/la-familia-vicenciana\/la-familia-vicenciana-en-los-altares\/beatos\/margarita-rutan\/"},"img":{"alt_text":"","src":"https:\/\/i0.wp.com\/vicencianos.org\/wp-content\/2012\/01\/cronica_rutan_01-200x300.jpg?resize=350%2C200","width":350,"height":200},"classes":[]},{"id":119586,"url":"http:\/\/vincentians.com\/es\/margarita-rutan-la-palabra-de-dios-luz-y-fuerza-en-la-vida\/","url_meta":{"origin":42908,"position":1},"title":"Margarita Rutan: la Palabra de Dios, luz y fuerza en la vida","author":"Francisco Javier Fern\u00e1ndez Chento","date":"11\/04\/2013","format":false,"excerpt":"Introducci\u00f3n En 1756, Margarita Rutan entra en la Compa\u00f1\u00eda de las Hijas de la Caridad para estar presente en los lugares donde la vida es precaria y est\u00e1 amenazada, para servir y estar cerca de los que sufren y de aquellos a quienes la historia margina o excluye. A ejemplo\u2026","rel":"","context":"En \u00abMargarita Rutan\u00bb","block_context":{"text":"Margarita Rutan","link":"http:\/\/vincentians.com\/es\/category\/la-familia-vicenciana\/la-familia-vicenciana-en-los-altares\/beatos\/margarita-rutan\/"},"img":{"alt_text":"Margarita Rutan, H.C.","src":"https:\/\/i0.wp.com\/vicencianos.org\/wp-content\/2011\/06\/rutan-210x300.jpg?resize=350%2C200","width":350,"height":200},"classes":[]},{"id":144951,"url":"http:\/\/vincentians.com\/es\/cinco-flashes-sobre-santos-vicencianos-menos-conocidos\/","url_meta":{"origin":42908,"position":2},"title":"Cinco flashes sobre \u00abSantos\u00bb vicencianos menos conocidos","author":"Francisco Javier Fern\u00e1ndez Chento","date":"12\/05\/2015","format":false,"excerpt":"En 1918, el historiador, Lytton Strachey, afirmaba que al escribir la historia, menos es con frecuencia m\u00e1s. En otros t\u00e9rminos, la selecci\u00f3n verdadera es mucho m\u00e1s importante que el volumen. Escrib\u00eda: \u00ab No es mediante el m\u00e9todo directo de un relato escrupuloso como el explorador del pasado puede esperar describir\u2026","rel":"","context":"En \u00abFormaci\u00f3n Vicenciana\u00bb","block_context":{"text":"Formaci\u00f3n Vicenciana","link":"http:\/\/vincentians.com\/es\/category\/formacion-vicenciana\/"},"img":{"alt_text":"saintsbeaticomplete1","src":"https:\/\/i0.wp.com\/vicencianos.org\/wp-content\/2015\/05\/saintsbeaticomplete1-300x223.jpg?resize=350%2C200","width":350,"height":200},"classes":[]},{"id":41830,"url":"http:\/\/vincentians.com\/es\/video-sobre-margarita-rutan\/","url_meta":{"origin":42908,"position":3},"title":"Video sobre Margarita Rutan","author":"Francisco Javier Fern\u00e1ndez Chento","date":"08\/06\/2011","format":false,"excerpt":"Margarita Rutan naci\u00f3 en Metz, Francia. Durante los 37 a\u00f1os de su vida de Hija de la Caridad, Margarita puso su gran personalidad, especializaci\u00f3n profesional y creatividad al servicio de los pobres y enfermos. Durante los 15 a\u00f1os de servicio a los pacientes en el hospital de Dax dio a\u2026","rel":"","context":"En \u00abMargarita Rutan\u00bb","block_context":{"text":"Margarita Rutan","link":"http:\/\/vincentians.com\/es\/category\/la-familia-vicenciana\/la-familia-vicenciana-en-los-altares\/beatos\/margarita-rutan\/"},"img":{"alt_text":"","src":"https:\/\/i0.wp.com\/img.youtube.com\/vi\/c1M6bUnPl8A\/0.jpg?resize=350%2C200","width":350,"height":200},"classes":[]},{"id":41775,"url":"http:\/\/vincentians.com\/es\/la-beatificacion-de-sor-margarita-rutan-el-19-de-junio-de-2011\/","url_meta":{"origin":42908,"position":4},"title":"La Beatificaci\u00f3n de Sor Margarita Rutan, el 19 de junio de 2011","author":"Francisco Javier Fern\u00e1ndez Chento","date":"06\/06\/2011","format":false,"excerpt":"\"La vida de los Santos no comprende s\u00f3lo su biograf\u00eda terrena, sino tambi\u00e9n su vida y actuaci\u00f3n en Dios despu\u00e9s de la muerte. En los santos es evidente que, quien va hacia Dios no se aleja de los hombres, sino que se est\u00e1 realmente cercano a ellos\" (Deus Caritas est,\u2026","rel":"","context":"En \u00abMargarita Rutan\u00bb","block_context":{"text":"Margarita Rutan","link":"http:\/\/vincentians.com\/es\/category\/la-familia-vicenciana\/la-familia-vicenciana-en-los-altares\/beatos\/margarita-rutan\/"},"img":{"alt_text":"Margarita Rutan, H.C.","src":"https:\/\/i0.wp.com\/vicencianos.org\/wp-content\/2011\/06\/rutan-210x300.jpg?resize=350%2C200","width":350,"height":200},"classes":[]},{"id":43154,"url":"http:\/\/vincentians.com\/es\/benedicto-xvi-resalta-testimonio-de-beata-martir-decapitada-en-revolucion-francesa\/","url_meta":{"origin":42908,"position":5},"title":"Benedicto XVI resalta testimonio de beata m\u00e1rtir decapitada en Revoluci\u00f3n Francesa","author":"Francisco Javier Fern\u00e1ndez Chento","date":"19\/06\/2011","format":false,"excerpt":"VATICANO, 19 Jun. 11 Luego del rezo del \u00c1ngelus dominical en el estadio de Serravalle en San Marino, el Papa Benedicto XVI expres\u00f3 su alegr\u00eda por la beatificaci\u00f3n hoy de la religiosa vicentina Margarita Rutan, m\u00e1rtir que muri\u00f3 decapitada en la Revoluci\u00f3n Francesa y que es beatificada este domingo en\u2026","rel":"","context":"En \u00abMargarita Rutan\u00bb","block_context":{"text":"Margarita Rutan","link":"http:\/\/vincentians.com\/es\/category\/la-familia-vicenciana\/la-familia-vicenciana-en-los-altares\/beatos\/margarita-rutan\/"},"img":{"alt_text":"Margarita Rutan, H.C.","src":"https:\/\/i0.wp.com\/vicencianos.org\/wp-content\/2011\/06\/rutan-210x300.jpg?resize=350%2C200","width":350,"height":200},"classes":[]}],"_links":{"self":[{"href":"http:\/\/vincentians.com\/es\/wp-json\/wp\/v2\/posts\/42908","targetHints":{"allow":["GET"]}}],"collection":[{"href":"http:\/\/vincentians.com\/es\/wp-json\/wp\/v2\/posts"}],"about":[{"href":"http:\/\/vincentians.com\/es\/wp-json\/wp\/v2\/types\/post"}],"author":[{"embeddable":true,"href":"http:\/\/vincentians.com\/es\/wp-json\/wp\/v2\/users\/4"}],"replies":[{"embeddable":true,"href":"http:\/\/vincentians.com\/es\/wp-json\/wp\/v2\/comments?post=42908"}],"version-history":[{"count":0,"href":"http:\/\/vincentians.com\/es\/wp-json\/wp\/v2\/posts\/42908\/revisions"}],"wp:featuredmedia":[{"embeddable":true,"href":"http:\/\/vincentians.com\/es\/wp-json\/"}],"wp:attachment":[{"href":"http:\/\/vincentians.com\/es\/wp-json\/wp\/v2\/media?parent=42908"}],"wp:term":[{"taxonomy":"category","embeddable":true,"href":"http:\/\/vincentians.com\/es\/wp-json\/wp\/v2\/categories?post=42908"},{"taxonomy":"post_tag","embeddable":true,"href":"http:\/\/vincentians.com\/es\/wp-json\/wp\/v2\/tags?post=42908"}],"curies":[{"name":"wp","href":"https:\/\/api.w.org\/{rel}","templated":true}]}}