{"id":42841,"date":"2016-07-12T08:07:31","date_gmt":"2016-07-12T06:07:31","guid":{"rendered":"http:\/\/somos.vicencianos.org\/?p=42841"},"modified":"2016-07-12T08:07:31","modified_gmt":"2016-07-12T06:07:31","slug":"una-hija-de-la-caridad-guillotinada-por-un-tribunal-revolucionario-frances-por-no-abjurar-de-su-fe-a-los-altares","status":"publish","type":"post","link":"http:\/\/vincentians.com\/es\/una-hija-de-la-caridad-guillotinada-por-un-tribunal-revolucionario-frances-por-no-abjurar-de-su-fe-a-los-altares\/","title":{"rendered":"Una Hija de la Caridad, guillotinada por un tribunal revolucionario franc\u00e9s por no abjurar de su fe, a los altares"},"content":{"rendered":"<div id=\"attachment_387577\" style=\"width: 310px\" class=\"wp-caption alignleft\"><img data-recalc-dims=\"1\" loading=\"lazy\" decoding=\"async\" aria-describedby=\"caption-attachment-387577\" class=\"size-medium wp-image-387577\" src=\"https:\/\/i0.wp.com\/vicencianos.org\/wp-content\/uploads\/2011\/06\/asd-1-300x198.jpg?resize=300%2C198\" alt=\"Srta. Berthe P\u00e9castaing, de origen land\u00e9s. Publicados en Guide de l\u2019Amicale: Centro Hospitalier de Dax, jan 1979.\" width=\"300\" height=\"198\" \/><p id=\"caption-attachment-387577\" class=\"wp-caption-text\">Srta. Berthe P\u00e9castaing, de origen land\u00e9s. Publicados en Guide de l\u2019Amicale: Centro Hospitalier de Dax, jan 1979.<\/p><\/div>\n<p>El prefecto de la Congregaci\u00f3n para las Causas de los Santos, el cardenal Angelo Amato, presidir\u00e1 la beatificaci\u00f3n de sor Margarite Rutan, hija de la caridad de San Vicente de Pa\u00fal, este domingo 19 de junio en la ciudad de Dax.La di\u00f3cesis, situada en el suroeste de Francia, dedicar\u00e1 tres d\u00edas de fiesta al acontecimiento, del 18 al 20 de junio.<\/p>\n<p>Los fieles podr\u00e1n seguir un recorrido tras los pasos de Marguerite Rutan por la ciudad de Dax, as\u00ed como ver una obra de teatro sobre la vida de la nueva beata, \u00abMarguerite Rutan, una nueva flor abierta para nosotros bajo un cielo m\u00e1s bello\u00bb.<\/p>\n<p>Este s\u00e1bado 18 de junio por la tarde se celebrar\u00e1 una vigilia de oraci\u00f3n en la catedral con el cardenal Amato, obispos, Hijas de la caridad, miembros de la Familia Vicenciana y peregrinos.<\/p>\n<p>Tras m\u00e1s de cien a\u00f1os de procesos, la beatificaci\u00f3n se celebrar\u00e1 el domingo 19 de junio a las tres de la tarde en\u00a0<em>Les ar\u00e8nes<\/em> de Dax.<\/p>\n<p>El obispo de Aire y Dax, monse\u00f1or Philippe Breton, presidir\u00e1 la primera misa en honor a la beata el lunes 20 de junio, con la participaci\u00f3n de la Familia Vicenciana y de la di\u00f3cesis.<\/p>\n<p><strong>Pionera de la acci\u00f3n social<\/strong><\/p>\n<p>Margarite Rutan naci\u00f3 en Metz en 1736. Fue la octava de quince hermanos. Su padre era tallador de piedra, maestro alba\u00f1il y arquitecto. Su madre, profundamente cristiana, proporcion\u00f3 a cada uno de sus hijos una educaci\u00f3n religiosa seria y el ejemplo de una vida entregada.<\/p>\n<p>En 1757, a la edad de 21 a\u00f1os, empez\u00f3 su noviciado en la casa madre de las Hijas de la caridad en Par\u00eds.<\/p>\n<p>En 1779, tom\u00f3, como superiora, la direcci\u00f3n de un hospital en Dax y r\u00e1pidamente se convirti\u00f3 en una pionera de la acci\u00f3n social, con la apertura de una escuela, la acogida de ni\u00f1as abandonadas,&#8230;<\/p>\n<p>Al llegar el per\u00edodo del Terror, las monjas del hospital quedaron encarceladas en el convento de Carmas transformado en c\u00e1rcel para mujeres, mientras el de Capuchinos serv\u00eda de c\u00e1rcel para hombres y el palacio episcopal, de tribunal revolucionario, presidido por Pinet.<\/p>\n<p>En 1792, las religiosas fueron acusadas de robo y en 1793, la hermana Rutan finalmente denunciada y encarcelada la v\u00edspera de Navidad.<\/p>\n<p>Fue condenada a muerte por el tribunal revolucionario el 9 de abril de 1794 y guillotinada el mismo d\u00eda por no abjurar de su fe.<\/p>\n<p>Un a\u00f1o m\u00e1s tarde, el Directorio lament\u00f3 que esa mujer fuera \u00absacrificada de una forma inhumana por motivos cuya prueba est\u00e1 todav\u00eda por adquirir\u00bb.<\/p>\n","protected":false},"excerpt":{"rendered":"<p>El prefecto de la Congregaci\u00f3n para las Causas de los Santos, el cardenal Angelo Amato, presidir\u00e1 la beatificaci\u00f3n de sor Margarite Rutan, hija de la caridad de San Vicente de Pa\u00fal, este domingo 19 de &#8230; <a href=\"http:\/\/vincentians.com\/es\/una-hija-de-la-caridad-guillotinada-por-un-tribunal-revolucionario-frances-por-no-abjurar-de-su-fe-a-los-altares\/\" class=\"more-link\">Read More<\/a><\/p>\n","protected":false},"author":4,"featured_media":387577,"comment_status":"open","ping_status":"open","sticky":false,"template":"","format":"standard","meta":{"jetpack_post_was_ever_published":false,"_jetpack_newsletter_access":"","_jetpack_dont_email_post_to_subs":false,"_jetpack_newsletter_tier_id":0,"_jetpack_memberships_contains_paywalled_content":false,"_jetpack_memberships_contains_paid_content":false,"footnotes":"","jetpack_publicize_message":"","jetpack_publicize_feature_enabled":true,"jetpack_social_post_already_shared":true,"jetpack_social_options":{"image_generator_settings":{"template":"highway","default_image_id":0,"font":"","enabled":false},"version":2}},"categories":[251],"tags":[],"class_list":["post-42841","post","type-post","status-publish","format-standard","has-post-thumbnail","hentry","category-margarita-rutan"],"yoast_head":"<!-- This site is optimized with the Yoast SEO plugin v26.3 - https:\/\/yoast.com\/wordpress\/plugins\/seo\/ -->\n<title>Una Hija de la Caridad, guillotinada por un tribunal revolucionario franc\u00e9s por no abjurar de su fe, a los altares - Somos Vicencianos<\/title>\n<meta name=\"robots\" content=\"index, follow, max-snippet:-1, max-image-preview:large, max-video-preview:-1\" \/>\n<link rel=\"canonical\" href=\"http:\/\/vincentians.com\/es\/una-hija-de-la-caridad-guillotinada-por-un-tribunal-revolucionario-frances-por-no-abjurar-de-su-fe-a-los-altares\/\" \/>\n<meta property=\"og:locale\" content=\"es_ES\" \/>\n<meta property=\"og:type\" content=\"article\" \/>\n<meta property=\"og:title\" content=\"Una Hija de la Caridad, guillotinada por un tribunal revolucionario franc\u00e9s por no abjurar de su fe, a los altares - Somos Vicencianos\" \/>\n<meta property=\"og:description\" content=\"El prefecto de la Congregaci\u00f3n para las Causas de los Santos, el cardenal Angelo Amato, presidir\u00e1 la beatificaci\u00f3n de sor Margarite Rutan, hija de la caridad de San Vicente de Pa\u00fal, este domingo 19 de ... Read More\" \/>\n<meta property=\"og:url\" content=\"http:\/\/vincentians.com\/es\/una-hija-de-la-caridad-guillotinada-por-un-tribunal-revolucionario-frances-por-no-abjurar-de-su-fe-a-los-altares\/\" \/>\n<meta property=\"og:site_name\" content=\"Somos Vicencianos\" \/>\n<meta property=\"article:publisher\" content=\"https:\/\/www.facebook.com\/WeAreVincentians\/\" \/>\n<meta property=\"article:author\" content=\"https:\/\/www.facebook.com\/JavierChento\" \/>\n<meta property=\"article:published_time\" content=\"2016-07-12T06:07:31+00:00\" \/>\n<meta name=\"author\" content=\"Francisco Javier Fern\u00e1ndez Chento\" \/>\n<meta name=\"twitter:card\" content=\"summary_large_image\" \/>\n<meta name=\"twitter:creator\" content=\"@https:\/\/twitter.com\/javierchento\" \/>\n<meta name=\"twitter:site\" content=\"@WeVincentians\" \/>\n<meta name=\"twitter:label1\" content=\"Escrito por\" \/>\n\t<meta name=\"twitter:data1\" content=\"Francisco Javier Fern\u00e1ndez Chento\" \/>\n\t<meta name=\"twitter:label2\" content=\"Tiempo de lectura\" \/>\n\t<meta name=\"twitter:data2\" content=\"2 minutos\" \/>\n<script type=\"application\/ld+json\" class=\"yoast-schema-graph\">{\"@context\":\"https:\/\/schema.org\",\"@graph\":[{\"@type\":\"Article\",\"@id\":\"http:\/\/vincentians.com\/es\/una-hija-de-la-caridad-guillotinada-por-un-tribunal-revolucionario-frances-por-no-abjurar-de-su-fe-a-los-altares\/#article\",\"isPartOf\":{\"@id\":\"http:\/\/vincentians.com\/es\/una-hija-de-la-caridad-guillotinada-por-un-tribunal-revolucionario-frances-por-no-abjurar-de-su-fe-a-los-altares\/\"},\"author\":{\"name\":\"Francisco Javier Fern\u00e1ndez Chento\",\"@id\":\"https:\/\/vincentians.com\/es\/#\/schema\/person\/9623ef4d9aa3b2dfb8c061f1499288f2\"},\"headline\":\"Una Hija de la Caridad, guillotinada por un tribunal revolucionario franc\u00e9s por no abjurar de su fe, a los altares\",\"datePublished\":\"2016-07-12T06:07:31+00:00\",\"mainEntityOfPage\":{\"@id\":\"http:\/\/vincentians.com\/es\/una-hija-de-la-caridad-guillotinada-por-un-tribunal-revolucionario-frances-por-no-abjurar-de-su-fe-a-los-altares\/\"},\"wordCount\":486,\"commentCount\":0,\"publisher\":{\"@id\":\"https:\/\/vincentians.com\/es\/#organization\"},\"image\":{\"@id\":\"http:\/\/vincentians.com\/es\/una-hija-de-la-caridad-guillotinada-por-un-tribunal-revolucionario-frances-por-no-abjurar-de-su-fe-a-los-altares\/#primaryimage\"},\"thumbnailUrl\":\"\",\"articleSection\":[\"Margarita Rutan\"],\"inLanguage\":\"es\",\"potentialAction\":[{\"@type\":\"CommentAction\",\"name\":\"Comment\",\"target\":[\"http:\/\/vincentians.com\/es\/una-hija-de-la-caridad-guillotinada-por-un-tribunal-revolucionario-frances-por-no-abjurar-de-su-fe-a-los-altares\/#respond\"]}]},{\"@type\":\"WebPage\",\"@id\":\"http:\/\/vincentians.com\/es\/una-hija-de-la-caridad-guillotinada-por-un-tribunal-revolucionario-frances-por-no-abjurar-de-su-fe-a-los-altares\/\",\"url\":\"http:\/\/vincentians.com\/es\/una-hija-de-la-caridad-guillotinada-por-un-tribunal-revolucionario-frances-por-no-abjurar-de-su-fe-a-los-altares\/\",\"name\":\"Una Hija de la Caridad, guillotinada por un tribunal revolucionario franc\u00e9s por no abjurar de su fe, a los altares - Somos Vicencianos\",\"isPartOf\":{\"@id\":\"https:\/\/vincentians.com\/es\/#website\"},\"primaryImageOfPage\":{\"@id\":\"http:\/\/vincentians.com\/es\/una-hija-de-la-caridad-guillotinada-por-un-tribunal-revolucionario-frances-por-no-abjurar-de-su-fe-a-los-altares\/#primaryimage\"},\"image\":{\"@id\":\"http:\/\/vincentians.com\/es\/una-hija-de-la-caridad-guillotinada-por-un-tribunal-revolucionario-frances-por-no-abjurar-de-su-fe-a-los-altares\/#primaryimage\"},\"thumbnailUrl\":\"\",\"datePublished\":\"2016-07-12T06:07:31+00:00\",\"breadcrumb\":{\"@id\":\"http:\/\/vincentians.com\/es\/una-hija-de-la-caridad-guillotinada-por-un-tribunal-revolucionario-frances-por-no-abjurar-de-su-fe-a-los-altares\/#breadcrumb\"},\"inLanguage\":\"es\",\"potentialAction\":[{\"@type\":\"ReadAction\",\"target\":[\"http:\/\/vincentians.com\/es\/una-hija-de-la-caridad-guillotinada-por-un-tribunal-revolucionario-frances-por-no-abjurar-de-su-fe-a-los-altares\/\"]}]},{\"@type\":\"ImageObject\",\"inLanguage\":\"es\",\"@id\":\"http:\/\/vincentians.com\/es\/una-hija-de-la-caridad-guillotinada-por-un-tribunal-revolucionario-frances-por-no-abjurar-de-su-fe-a-los-altares\/#primaryimage\",\"url\":\"\",\"contentUrl\":\"\"},{\"@type\":\"BreadcrumbList\",\"@id\":\"http:\/\/vincentians.com\/es\/una-hija-de-la-caridad-guillotinada-por-un-tribunal-revolucionario-frances-por-no-abjurar-de-su-fe-a-los-altares\/#breadcrumb\",\"itemListElement\":[{\"@type\":\"ListItem\",\"position\":1,\"name\":\"Portada\",\"item\":\"https:\/\/vincentians.com\/es\/\"},{\"@type\":\"ListItem\",\"position\":2,\"name\":\"Una Hija de la Caridad, guillotinada por un tribunal revolucionario franc\u00e9s por no abjurar de su fe, a los altares\"}]},{\"@type\":\"WebSite\",\"@id\":\"https:\/\/vincentians.com\/es\/#website\",\"url\":\"https:\/\/vincentians.com\/es\/\",\"name\":\"Somos Vicencianos\",\"description\":\"Know more to serve more\",\"publisher\":{\"@id\":\"https:\/\/vincentians.com\/es\/#organization\"},\"potentialAction\":[{\"@type\":\"SearchAction\",\"target\":{\"@type\":\"EntryPoint\",\"urlTemplate\":\"https:\/\/vincentians.com\/es\/?s={search_term_string}\"},\"query-input\":{\"@type\":\"PropertyValueSpecification\",\"valueRequired\":true,\"valueName\":\"search_term_string\"}}],\"inLanguage\":\"es\"},{\"@type\":\"Organization\",\"@id\":\"https:\/\/vincentians.com\/es\/#organization\",\"name\":\"The Vincentian Network\",\"url\":\"https:\/\/vincentians.com\/es\/\",\"logo\":{\"@type\":\"ImageObject\",\"inLanguage\":\"es\",\"@id\":\"https:\/\/vincentians.com\/es\/#\/schema\/logo\/image\/\",\"url\":\"https:\/\/i1.wp.com\/vincentians.com\/es\/wp-content\/uploads\/sites\/11\/2016\/06\/Vincentian-Network-logo-big.png?fit=778%2C778\",\"contentUrl\":\"https:\/\/i1.wp.com\/vincentians.com\/es\/wp-content\/uploads\/sites\/11\/2016\/06\/Vincentian-Network-logo-big.png?fit=778%2C778\",\"width\":778,\"height\":778,\"caption\":\"The Vincentian Network\"},\"image\":{\"@id\":\"https:\/\/vincentians.com\/es\/#\/schema\/logo\/image\/\"},\"sameAs\":[\"https:\/\/www.facebook.com\/WeAreVincentians\/\",\"https:\/\/x.com\/WeVincentians\"]},{\"@type\":\"Person\",\"@id\":\"https:\/\/vincentians.com\/es\/#\/schema\/person\/9623ef4d9aa3b2dfb8c061f1499288f2\",\"name\":\"Francisco Javier Fern\u00e1ndez Chento\",\"image\":{\"@type\":\"ImageObject\",\"inLanguage\":\"es\",\"@id\":\"https:\/\/vincentians.com\/es\/#\/schema\/person\/image\/\",\"url\":\"https:\/\/secure.gravatar.com\/avatar\/497d5cde87b4c3d097d0315953521681ba2cd523ee66e5077c3711f7021e65de?s=96&d=mm&r=g\",\"contentUrl\":\"https:\/\/secure.gravatar.com\/avatar\/497d5cde87b4c3d097d0315953521681ba2cd523ee66e5077c3711f7021e65de?s=96&d=mm&r=g\",\"caption\":\"Francisco Javier Fern\u00e1ndez Chento\"},\"description\":\"Director General y cofundador de La Red de Formaci\u00f3n Vicenciana. Javier es laico vicenciano, afiliado a la Congregaci\u00f3n de la Misi\u00f3n y miembro del Equipo de Misiones Populares de la provincia can\u00f3nica de Zaragoza (Espa\u00f1a) de la Congregaci\u00f3n de la Misi\u00f3n. Graduado en la Universidad Oberta de Catalunya con cuatro grados (Asistente de direcci\u00f3n, Gesti\u00f3n Administrativa, Recursos Humanos y Contabilidad Avanzada). Bil\u00edng\u00fce Espa\u00f1ol\/Ingl\u00e9s. gestiona y mantiene varias p\u00e1ginas web cristianas y vicencianas, incluida including La Red de Formaci\u00f3n Vicenciana, de la que es cofundador. Actualmente es responsable del \u00e1rea de Espa\u00f1ol de .famvin, la Red de Noticias de la Familia Vicenciana. Tambi\u00e9n es m\u00fasico cat\u00f3lico y ha editado varios discos. Es Director General y cofundador de Trovador, una reconocida compa\u00f1\u00eda discogr\u00e1fica critiana de Espa\u00f1a. Trabaja en las Tecnolog\u00edas de la Informaci\u00f3n, ofreciendo servicios de alojamiento, dise\u00f1o y mantenimiento Web, as\u00ed como asesoramiento, formaci\u00f3n y soluciones inform\u00e1ticas, gesti\u00f3n documental y digitalizaci\u00f3n de textos, edici\u00f3n y maquetaci\u00f3n de libros, revistas, flyers, etc.\",\"sameAs\":[\"http:\/\/chento.org\",\"https:\/\/www.facebook.com\/JavierChento\",\"https:\/\/x.com\/https:\/\/twitter.com\/javierchento\"],\"url\":\"http:\/\/vincentians.com\/es\/author\/chento\/\"}]}<\/script>\n<!-- \/ Yoast SEO plugin. -->","yoast_head_json":{"title":"Una Hija de la Caridad, guillotinada por un tribunal revolucionario franc\u00e9s por no abjurar de su fe, a los altares - Somos Vicencianos","robots":{"index":"index","follow":"follow","max-snippet":"max-snippet:-1","max-image-preview":"max-image-preview:large","max-video-preview":"max-video-preview:-1"},"canonical":"http:\/\/vincentians.com\/es\/una-hija-de-la-caridad-guillotinada-por-un-tribunal-revolucionario-frances-por-no-abjurar-de-su-fe-a-los-altares\/","og_locale":"es_ES","og_type":"article","og_title":"Una Hija de la Caridad, guillotinada por un tribunal revolucionario franc\u00e9s por no abjurar de su fe, a los altares - Somos Vicencianos","og_description":"El prefecto de la Congregaci\u00f3n para las Causas de los Santos, el cardenal Angelo Amato, presidir\u00e1 la beatificaci\u00f3n de sor Margarite Rutan, hija de la caridad de San Vicente de Pa\u00fal, este domingo 19 de ... Read More","og_url":"http:\/\/vincentians.com\/es\/una-hija-de-la-caridad-guillotinada-por-un-tribunal-revolucionario-frances-por-no-abjurar-de-su-fe-a-los-altares\/","og_site_name":"Somos Vicencianos","article_publisher":"https:\/\/www.facebook.com\/WeAreVincentians\/","article_author":"https:\/\/www.facebook.com\/JavierChento","article_published_time":"2016-07-12T06:07:31+00:00","author":"Francisco Javier Fern\u00e1ndez Chento","twitter_card":"summary_large_image","twitter_creator":"@https:\/\/twitter.com\/javierchento","twitter_site":"@WeVincentians","twitter_misc":{"Escrito por":"Francisco Javier Fern\u00e1ndez Chento","Tiempo de lectura":"2 minutos"},"schema":{"@context":"https:\/\/schema.org","@graph":[{"@type":"Article","@id":"http:\/\/vincentians.com\/es\/una-hija-de-la-caridad-guillotinada-por-un-tribunal-revolucionario-frances-por-no-abjurar-de-su-fe-a-los-altares\/#article","isPartOf":{"@id":"http:\/\/vincentians.com\/es\/una-hija-de-la-caridad-guillotinada-por-un-tribunal-revolucionario-frances-por-no-abjurar-de-su-fe-a-los-altares\/"},"author":{"name":"Francisco Javier Fern\u00e1ndez Chento","@id":"https:\/\/vincentians.com\/es\/#\/schema\/person\/9623ef4d9aa3b2dfb8c061f1499288f2"},"headline":"Una Hija de la Caridad, guillotinada por un tribunal revolucionario franc\u00e9s por no abjurar de su fe, a los altares","datePublished":"2016-07-12T06:07:31+00:00","mainEntityOfPage":{"@id":"http:\/\/vincentians.com\/es\/una-hija-de-la-caridad-guillotinada-por-un-tribunal-revolucionario-frances-por-no-abjurar-de-su-fe-a-los-altares\/"},"wordCount":486,"commentCount":0,"publisher":{"@id":"https:\/\/vincentians.com\/es\/#organization"},"image":{"@id":"http:\/\/vincentians.com\/es\/una-hija-de-la-caridad-guillotinada-por-un-tribunal-revolucionario-frances-por-no-abjurar-de-su-fe-a-los-altares\/#primaryimage"},"thumbnailUrl":"","articleSection":["Margarita Rutan"],"inLanguage":"es","potentialAction":[{"@type":"CommentAction","name":"Comment","target":["http:\/\/vincentians.com\/es\/una-hija-de-la-caridad-guillotinada-por-un-tribunal-revolucionario-frances-por-no-abjurar-de-su-fe-a-los-altares\/#respond"]}]},{"@type":"WebPage","@id":"http:\/\/vincentians.com\/es\/una-hija-de-la-caridad-guillotinada-por-un-tribunal-revolucionario-frances-por-no-abjurar-de-su-fe-a-los-altares\/","url":"http:\/\/vincentians.com\/es\/una-hija-de-la-caridad-guillotinada-por-un-tribunal-revolucionario-frances-por-no-abjurar-de-su-fe-a-los-altares\/","name":"Una Hija de la Caridad, guillotinada por un tribunal revolucionario franc\u00e9s por no abjurar de su fe, a los altares - Somos Vicencianos","isPartOf":{"@id":"https:\/\/vincentians.com\/es\/#website"},"primaryImageOfPage":{"@id":"http:\/\/vincentians.com\/es\/una-hija-de-la-caridad-guillotinada-por-un-tribunal-revolucionario-frances-por-no-abjurar-de-su-fe-a-los-altares\/#primaryimage"},"image":{"@id":"http:\/\/vincentians.com\/es\/una-hija-de-la-caridad-guillotinada-por-un-tribunal-revolucionario-frances-por-no-abjurar-de-su-fe-a-los-altares\/#primaryimage"},"thumbnailUrl":"","datePublished":"2016-07-12T06:07:31+00:00","breadcrumb":{"@id":"http:\/\/vincentians.com\/es\/una-hija-de-la-caridad-guillotinada-por-un-tribunal-revolucionario-frances-por-no-abjurar-de-su-fe-a-los-altares\/#breadcrumb"},"inLanguage":"es","potentialAction":[{"@type":"ReadAction","target":["http:\/\/vincentians.com\/es\/una-hija-de-la-caridad-guillotinada-por-un-tribunal-revolucionario-frances-por-no-abjurar-de-su-fe-a-los-altares\/"]}]},{"@type":"ImageObject","inLanguage":"es","@id":"http:\/\/vincentians.com\/es\/una-hija-de-la-caridad-guillotinada-por-un-tribunal-revolucionario-frances-por-no-abjurar-de-su-fe-a-los-altares\/#primaryimage","url":"","contentUrl":""},{"@type":"BreadcrumbList","@id":"http:\/\/vincentians.com\/es\/una-hija-de-la-caridad-guillotinada-por-un-tribunal-revolucionario-frances-por-no-abjurar-de-su-fe-a-los-altares\/#breadcrumb","itemListElement":[{"@type":"ListItem","position":1,"name":"Portada","item":"https:\/\/vincentians.com\/es\/"},{"@type":"ListItem","position":2,"name":"Una Hija de la Caridad, guillotinada por un tribunal revolucionario franc\u00e9s por no abjurar de su fe, a los altares"}]},{"@type":"WebSite","@id":"https:\/\/vincentians.com\/es\/#website","url":"https:\/\/vincentians.com\/es\/","name":"Somos Vicencianos","description":"Know more to serve more","publisher":{"@id":"https:\/\/vincentians.com\/es\/#organization"},"potentialAction":[{"@type":"SearchAction","target":{"@type":"EntryPoint","urlTemplate":"https:\/\/vincentians.com\/es\/?s={search_term_string}"},"query-input":{"@type":"PropertyValueSpecification","valueRequired":true,"valueName":"search_term_string"}}],"inLanguage":"es"},{"@type":"Organization","@id":"https:\/\/vincentians.com\/es\/#organization","name":"The Vincentian Network","url":"https:\/\/vincentians.com\/es\/","logo":{"@type":"ImageObject","inLanguage":"es","@id":"https:\/\/vincentians.com\/es\/#\/schema\/logo\/image\/","url":"https:\/\/i1.wp.com\/vincentians.com\/es\/wp-content\/uploads\/sites\/11\/2016\/06\/Vincentian-Network-logo-big.png?fit=778%2C778","contentUrl":"https:\/\/i1.wp.com\/vincentians.com\/es\/wp-content\/uploads\/sites\/11\/2016\/06\/Vincentian-Network-logo-big.png?fit=778%2C778","width":778,"height":778,"caption":"The Vincentian Network"},"image":{"@id":"https:\/\/vincentians.com\/es\/#\/schema\/logo\/image\/"},"sameAs":["https:\/\/www.facebook.com\/WeAreVincentians\/","https:\/\/x.com\/WeVincentians"]},{"@type":"Person","@id":"https:\/\/vincentians.com\/es\/#\/schema\/person\/9623ef4d9aa3b2dfb8c061f1499288f2","name":"Francisco Javier Fern\u00e1ndez Chento","image":{"@type":"ImageObject","inLanguage":"es","@id":"https:\/\/vincentians.com\/es\/#\/schema\/person\/image\/","url":"https:\/\/secure.gravatar.com\/avatar\/497d5cde87b4c3d097d0315953521681ba2cd523ee66e5077c3711f7021e65de?s=96&d=mm&r=g","contentUrl":"https:\/\/secure.gravatar.com\/avatar\/497d5cde87b4c3d097d0315953521681ba2cd523ee66e5077c3711f7021e65de?s=96&d=mm&r=g","caption":"Francisco Javier Fern\u00e1ndez Chento"},"description":"Director General y cofundador de La Red de Formaci\u00f3n Vicenciana. Javier es laico vicenciano, afiliado a la Congregaci\u00f3n de la Misi\u00f3n y miembro del Equipo de Misiones Populares de la provincia can\u00f3nica de Zaragoza (Espa\u00f1a) de la Congregaci\u00f3n de la Misi\u00f3n. Graduado en la Universidad Oberta de Catalunya con cuatro grados (Asistente de direcci\u00f3n, Gesti\u00f3n Administrativa, Recursos Humanos y Contabilidad Avanzada). Bil\u00edng\u00fce Espa\u00f1ol\/Ingl\u00e9s. gestiona y mantiene varias p\u00e1ginas web cristianas y vicencianas, incluida including La Red de Formaci\u00f3n Vicenciana, de la que es cofundador. Actualmente es responsable del \u00e1rea de Espa\u00f1ol de .famvin, la Red de Noticias de la Familia Vicenciana. Tambi\u00e9n es m\u00fasico cat\u00f3lico y ha editado varios discos. Es Director General y cofundador de Trovador, una reconocida compa\u00f1\u00eda discogr\u00e1fica critiana de Espa\u00f1a. Trabaja en las Tecnolog\u00edas de la Informaci\u00f3n, ofreciendo servicios de alojamiento, dise\u00f1o y mantenimiento Web, as\u00ed como asesoramiento, formaci\u00f3n y soluciones inform\u00e1ticas, gesti\u00f3n documental y digitalizaci\u00f3n de textos, edici\u00f3n y maquetaci\u00f3n de libros, revistas, flyers, etc.","sameAs":["http:\/\/chento.org","https:\/\/www.facebook.com\/JavierChento","https:\/\/x.com\/https:\/\/twitter.com\/javierchento"],"url":"http:\/\/vincentians.com\/es\/author\/chento\/"}]}},"jetpack_publicize_connections":[],"jetpack_featured_media_url":"","jetpack_sharing_enabled":true,"jetpack_shortlink":"https:\/\/wp.me\/p7ETMF-b8Z","jetpack-related-posts":[{"id":60335,"url":"http:\/\/vincentians.com\/es\/cronica-de-una-beatificacion-sor-margarita-rutan\/","url_meta":{"origin":42841,"position":0},"title":"Cr\u00f3nica de una beatificaci\u00f3n: Sor Margarita Rutan","author":"Francisco Javier Fern\u00e1ndez Chento","date":"12\/01\/2012","format":false,"excerpt":"Sor Margarita Rutan, Hija de la Caridad de San Vicente de Pa\u00fal, fue martirizada el nueve de abril de 1794, en Dax, Francia. Y su beatificaci\u00f3n tuvo lugar en Dax, Francia, el d\u00eda 19 de junio de 1911. Han sido numerosas las actividades en torno a esta fiesta, vivida profundamente\u2026","rel":"","context":"En \u00abMargarita Rutan\u00bb","block_context":{"text":"Margarita Rutan","link":"http:\/\/vincentians.com\/es\/category\/la-familia-vicenciana\/la-familia-vicenciana-en-los-altares\/beatos\/margarita-rutan\/"},"img":{"alt_text":"","src":"https:\/\/i0.wp.com\/vicencianos.org\/wp-content\/2012\/01\/cronica_rutan_01-200x300.jpg?resize=350%2C200","width":350,"height":200},"classes":[]},{"id":42908,"url":"http:\/\/vincentians.com\/es\/margarita-rutan-una-victima-de-la-revolucion-prefacio\/","url_meta":{"origin":42841,"position":1},"title":"Margarita Rutan: una v\u00edctima de la Revoluci\u00f3n (Prefacio)","author":"Francisco Javier Fern\u00e1ndez Chento","date":"05\/04\/2016","format":false,"excerpt":"Declaraci\u00f3n del autor: Nosotros no intentamos adelantarnos al juicio de la Iglesia al llamar a Sor Rutan \"santa m\u00e1rtir\"; cada vez que las empleemos, estas palabras tendr\u00e1n, bajo nuestra pluma, su sentido corriente y no su sentido estrictamente can\u00f3nico. (Pierre Coste) Carta de Mons. el Obispo de Aire Obispado de\u2026","rel":"","context":"En \u00abMargarita Rutan\u00bb","block_context":{"text":"Margarita Rutan","link":"http:\/\/vincentians.com\/es\/category\/la-familia-vicenciana\/la-familia-vicenciana-en-los-altares\/beatos\/margarita-rutan\/"},"img":{"alt_text":"asd","src":"https:\/\/i0.wp.com\/vicencianos.org\/wp-content\/uploads\/2012\/06\/asd.jpg?resize=350%2C200","width":350,"height":200},"classes":[]},{"id":43663,"url":"http:\/\/vincentians.com\/es\/video-sobre-la-beata-margarita-rutan\/","url_meta":{"origin":42841,"position":2},"title":"Video sobre la Beata Margarita Rutan","author":"Francisco Javier Fern\u00e1ndez Chento","date":"26\/06\/2011","format":false,"excerpt":"Sor Margarita Rutan, Hija de la Caridad, directora del hospital de Dax durante la revoluci\u00f3n francesa, fue guillotinada el 9 de abril 1794 por no abjurar de su fe. Por haber llevado una vida ejemplar y haber padecido martirio, fue proclamada beata por la Iglesia, tras m\u00e1s de cien a\u0148os\u2026","rel":"","context":"En \u00abMargarita Rutan\u00bb","block_context":{"text":"Margarita Rutan","link":"http:\/\/vincentians.com\/es\/category\/la-familia-vicenciana\/la-familia-vicenciana-en-los-altares\/beatos\/margarita-rutan\/"},"img":{"alt_text":"","src":"https:\/\/i0.wp.com\/img.youtube.com\/vi\/OIt7S8hxETM\/0.jpg?resize=350%2C200","width":350,"height":200},"classes":[]},{"id":41830,"url":"http:\/\/vincentians.com\/es\/video-sobre-margarita-rutan\/","url_meta":{"origin":42841,"position":3},"title":"Video sobre Margarita Rutan","author":"Francisco Javier Fern\u00e1ndez Chento","date":"08\/06\/2011","format":false,"excerpt":"Margarita Rutan naci\u00f3 en Metz, Francia. Durante los 37 a\u00f1os de su vida de Hija de la Caridad, Margarita puso su gran personalidad, especializaci\u00f3n profesional y creatividad al servicio de los pobres y enfermos. Durante los 15 a\u00f1os de servicio a los pacientes en el hospital de Dax dio a\u2026","rel":"","context":"En \u00abMargarita Rutan\u00bb","block_context":{"text":"Margarita Rutan","link":"http:\/\/vincentians.com\/es\/category\/la-familia-vicenciana\/la-familia-vicenciana-en-los-altares\/beatos\/margarita-rutan\/"},"img":{"alt_text":"","src":"https:\/\/i0.wp.com\/img.youtube.com\/vi\/c1M6bUnPl8A\/0.jpg?resize=350%2C200","width":350,"height":200},"classes":[]},{"id":41775,"url":"http:\/\/vincentians.com\/es\/la-beatificacion-de-sor-margarita-rutan-el-19-de-junio-de-2011\/","url_meta":{"origin":42841,"position":4},"title":"La Beatificaci\u00f3n de Sor Margarita Rutan, el 19 de junio de 2011","author":"Francisco Javier Fern\u00e1ndez Chento","date":"06\/06\/2011","format":false,"excerpt":"\"La vida de los Santos no comprende s\u00f3lo su biograf\u00eda terrena, sino tambi\u00e9n su vida y actuaci\u00f3n en Dios despu\u00e9s de la muerte. En los santos es evidente que, quien va hacia Dios no se aleja de los hombres, sino que se est\u00e1 realmente cercano a ellos\" (Deus Caritas est,\u2026","rel":"","context":"En \u00abMargarita Rutan\u00bb","block_context":{"text":"Margarita Rutan","link":"http:\/\/vincentians.com\/es\/category\/la-familia-vicenciana\/la-familia-vicenciana-en-los-altares\/beatos\/margarita-rutan\/"},"img":{"alt_text":"Margarita Rutan, H.C.","src":"https:\/\/i0.wp.com\/vicencianos.org\/wp-content\/2011\/06\/rutan-210x300.jpg?resize=350%2C200","width":350,"height":200},"classes":[]},{"id":43154,"url":"http:\/\/vincentians.com\/es\/benedicto-xvi-resalta-testimonio-de-beata-martir-decapitada-en-revolucion-francesa\/","url_meta":{"origin":42841,"position":5},"title":"Benedicto XVI resalta testimonio de beata m\u00e1rtir decapitada en Revoluci\u00f3n Francesa","author":"Francisco Javier Fern\u00e1ndez Chento","date":"19\/06\/2011","format":false,"excerpt":"VATICANO, 19 Jun. 11 Luego del rezo del \u00c1ngelus dominical en el estadio de Serravalle en San Marino, el Papa Benedicto XVI expres\u00f3 su alegr\u00eda por la beatificaci\u00f3n hoy de la religiosa vicentina Margarita Rutan, m\u00e1rtir que muri\u00f3 decapitada en la Revoluci\u00f3n Francesa y que es beatificada este domingo en\u2026","rel":"","context":"En \u00abMargarita Rutan\u00bb","block_context":{"text":"Margarita Rutan","link":"http:\/\/vincentians.com\/es\/category\/la-familia-vicenciana\/la-familia-vicenciana-en-los-altares\/beatos\/margarita-rutan\/"},"img":{"alt_text":"Margarita Rutan, H.C.","src":"https:\/\/i0.wp.com\/vicencianos.org\/wp-content\/2011\/06\/rutan-210x300.jpg?resize=350%2C200","width":350,"height":200},"classes":[]}],"_links":{"self":[{"href":"http:\/\/vincentians.com\/es\/wp-json\/wp\/v2\/posts\/42841","targetHints":{"allow":["GET"]}}],"collection":[{"href":"http:\/\/vincentians.com\/es\/wp-json\/wp\/v2\/posts"}],"about":[{"href":"http:\/\/vincentians.com\/es\/wp-json\/wp\/v2\/types\/post"}],"author":[{"embeddable":true,"href":"http:\/\/vincentians.com\/es\/wp-json\/wp\/v2\/users\/4"}],"replies":[{"embeddable":true,"href":"http:\/\/vincentians.com\/es\/wp-json\/wp\/v2\/comments?post=42841"}],"version-history":[{"count":0,"href":"http:\/\/vincentians.com\/es\/wp-json\/wp\/v2\/posts\/42841\/revisions"}],"wp:featuredmedia":[{"embeddable":true,"href":"http:\/\/vincentians.com\/es\/wp-json\/"}],"wp:attachment":[{"href":"http:\/\/vincentians.com\/es\/wp-json\/wp\/v2\/media?parent=42841"}],"wp:term":[{"taxonomy":"category","embeddable":true,"href":"http:\/\/vincentians.com\/es\/wp-json\/wp\/v2\/categories?post=42841"},{"taxonomy":"post_tag","embeddable":true,"href":"http:\/\/vincentians.com\/es\/wp-json\/wp\/v2\/tags?post=42841"}],"curies":[{"name":"wp","href":"https:\/\/api.w.org\/{rel}","templated":true}]}}