{"id":42470,"date":"2011-06-14T07:13:53","date_gmt":"2011-06-14T05:13:53","guid":{"rendered":"http:\/\/somos.vicencianos.org\/?p=42470"},"modified":"2011-06-14T07:13:53","modified_gmt":"2011-06-14T05:13:53","slug":"proyecto-cm-para-los-anos-1986-1992","status":"publish","type":"post","link":"http:\/\/vincentians.com\/es\/proyecto-cm-para-los-anos-1986-1992\/","title":{"rendered":"Proyecto C.M. para los a\u00f1os 1986-1992"},"content":{"rendered":"<p><strong> <\/strong><strong> <\/strong><\/p>\n<h2><em>1. Evangelizaci\u00f3n de los pobres<\/em><\/h2>\n<p><strong><a href=\"https:\/\/i0.wp.com\/vicencianos.org\/wp-content\/2011\/06\/ESCUDOCM2.jpg\"><img data-recalc-dims=\"1\" loading=\"lazy\" decoding=\"async\" class=\"size-medium wp-image-42471 alignright\" src=\"https:\/\/i0.wp.com\/vicencianos.org\/wp-content\/2011\/06\/ESCUDOCM2-237x300.jpg?resize=237%2C300\" alt=\"\" width=\"237\" height=\"300\" \/><\/a><\/strong>Las Provincias de la Congregaci\u00f3n de la Misi\u00f3n atestiguan que, en los recientes a\u00f1os, pero sobre todo a partir de Bogot\u00e1, se ha suscitado un nuevo inter\u00e9s por las misiones populares. M\u00e1s a\u00fan, a la luz particular de nuestras Constituciones, las Provincias se han esforzado en centrar sus pun\u00adtos de mira y canalizar m\u00e1s y m\u00e1s sus energ\u00edas hacia los pobres. Para man\u00adtener estos renovados esfuerzos, la Congregaci\u00f3n de la Misi\u00f3n se compro\u00admete a perseguir los siguientes objetivos durante los seis pr\u00f3ximos a\u00f1os.<\/p>\n<h3>1.1 <strong>Primer objetivo: <\/strong><em>Cada Provincia elaborar\u00e1 un plan de misiones popu\u00ad<\/em><em>lares de alguna forma renovadas.<\/em><\/h3>\n<p><strong>1.1.2 Motivaci\u00f3n:<\/strong><\/p>\n<p>San Vicente nos dice que las misiones populares son nuestra \u00abprimera y m\u00e1s importante obra\u00bb (RC XI, 10). Nuestras Constituciones (C. 14) esta\u00adblecen que esta obra, tan entra\u00f1ablemente querida por San Vicente, debe ser promovida con celo. Un compromiso activo en esta obra ayudar\u00e1 a dis\u00adcernir las intuiciones que est\u00e1n en el fondo de todas nuestras obras.<\/p>\n<p><strong>1.1.3 Medios:<\/strong><\/p>\n<p>El Proyecto provincial concretar\u00e1 c\u00f3mo deber\u00e1 elaborarse el plan de la misi\u00f3n renovada, y el Visitador nombrar\u00e1 a aquellos que quieran for\u00admar parte del equipo misionero.<\/p>\n<p>Los Visitadores alentar\u00e1n a los equipos misioneros a que aprendan de las nuevas experiencias de misiones populares en otras Provincias, a estu\u00addiar los modos c\u00f3mo las misiones populares pueden ser llevadas adelante eficazmente en ambientes urbanos, y colaborar con otros, tanto cl\u00e9rigos como laicos, en dar misiones.<\/p>\n<h3>1.2 <strong>Segundo objetivo<\/strong>: <em>Cada Provincia optar\u00e1 preferentemente por los pobres. <\/em><em>Tal opci\u00f3n deber\u00e1 influir en la elecci\u00f3n de las obras, en la distribuci\u00f3n del <\/em><em>personal y de los otros recursos.<\/em><\/h3>\n<p><strong>1.2.2 Motivaci\u00f3n:<\/strong><\/p>\n<p>San Vicente dijo a la Congregaci\u00f3n: \u00abNuestro Se\u00f1or nos pide que evangelicemos a los pobres. Esto es lo que El hizo y lo que desea continuar haciendo por medio de nosotros\u00bb (SV XII, 79; ES XI, 386). Nuestras Cons\u00adtituciones urgen que nos caractericemos por \u00abla preferencia clara y expresa por el apostolado entre los pobres\u00bb (C. 12, 1\u00b0). Ning\u00fan nombre est\u00e1 tan \u00ednti\u00admamente unido a la opci\u00f3n por los pobres como el de San Vicente de Pa\u00fal.<\/p>\n<p><strong>1.2.3 Medios:<\/strong><\/p>\n<p>Cada Casa y la pr\u00f3xima Asamblea provincial concretar\u00e1n c\u00f3mo la opci\u00f3n preferente por los pobres deber\u00e1 influir en las obras y en la distribuci\u00f3n del personal y de los otros recursos de las Casas y de la Provincia.<\/p>\n<h3>1.3 <strong>Tercer objetivo: <\/strong><em>Cada Casa <\/em>y <em>cada Provincia buscar\u00e1n caminos <\/em>y <em>medios para formar a los laicos, a fin de que colaboren con nosotros en la evangeli\u00ad<\/em><em>zaci\u00f3n de los pobres.<\/em><\/h3>\n<p><strong>1.3.2 Motivaci\u00f3n:<\/strong><\/p>\n<p>San Vicente comprometi\u00f3 activamente a laicos, hombres y mujeres, para que trabajaran con \u00e9l en la evangelizaci\u00f3n de los pobres, v.g.: Las Cofra\u00add\u00edas de la Caridad, las Se\u00f1oras de la Caridad, etc. Nuestras Constitucio\u00adnes nos piden formar laicos y \u00abllevarlos a una participaci\u00f3n m\u00e1s plena en la evangelizaci\u00f3n de los pobres\u00bb (C. 1, 3&#8242;). As\u00ed les guiamos para que unidos a nosotros experimenten gozosamente la obra que Christo vino a hacer (Cf. SV XII, 80; ES XI, 387).<\/p>\n<p><strong>1.3.3 Medios:<\/strong><\/p>\n<p>Cada Casa especificar\u00e1 los medios por los que el laicado podr\u00e1 colabo\u00adrar con nosotros en la evangelizaci\u00f3n de los pobres y formular\u00e1 un plan de formaci\u00f3n a fin de que pueda llevar a cabo la misi\u00f3n. El Proyecto pro\u00advincial animar\u00e1 a las Casas para que comprometan m\u00e1s a los laicos en sus obras de apostolado.<\/p>\n<h2>2. <em>En Comunidad para la Misi\u00f3n<\/em><\/h2>\n<p>Despu\u00e9s de varios a\u00f1os de b\u00fasqueda y experiencia, muchas Provin\u00adcias quieren que se haga un esfuerzo importante y generalizado de revita\u00adlizaci\u00f3n de las comunidades. No una vuelta al pasado. Nuestra comunidad es para la misi\u00f3n y se debe adaptar a las exigencias de la evangelizaci\u00f3n de los pobres de hoy, en fidelidad a San Vicente (cf. C. 19).<\/p>\n<h3>2.1 <strong>Primer objetivo: <\/strong><em>La comunicaci\u00f3n fraterna entre las personas, las casas <\/em><em>y las Provincias.<\/em><\/h3>\n<p><strong>2.1.2 Motivos:<\/strong><\/p>\n<ul>\n<li>El ejemplo de Jesucristo y de la comunidad apost\u00f3lica (cf. RC VIII, 1-2)<\/li>\n<li>La palabra de Jes\u00fas: \u00abQue todos sean uno, para que el mundo crea\u00bb (Jn. 17, 21).<\/li>\n<li>\u00abEl Esp\u00edritu de Jesucristo es un esp\u00edritu de uni\u00f3n y de paz: C\u00f3mo podr\u00edais vosotros llevar las almas a Jesucristo, si no est\u00e1is unidos entre vosotros y con El? Eso no es posible\u00bb (Abelly, II, 145).<\/li>\n<li>La entrega de las personas al servicio de la misi\u00f3n.<\/li>\n<li>El testimonio de una comunidad unida y fraterna. 2.1.3 MEDIOS:<\/li>\n<li>Afirmar nuestra identidad con la pr\u00e1ctica de las cinco virtudes, sobre todo la sencillez.<\/li>\n<li>Profundizar la reflexi\u00f3n sobre el art\u00edculo 24 de los Constituciones: hacer de \u00e9l como una clave para la revisi\u00f3n de la vida comunitaria.<\/li>\n<li>Participar en los encuentros entre casas y, si es necesario, suscitarlos.<\/li>\n<li>Asegurar mejor la informaci\u00f3n sobre la vida de la CM y sobre los estudios vicencianos en el mundo.<\/li>\n<\/ul>\n<h3>2.2 <strong>Segundo objetivo<\/strong>: <em>la coparticipaci\u00f3n comunitaria<\/em><\/h3>\n<p><strong>2.2.1 Motivos:<\/strong><\/p>\n<ul>\n<li>El ejemplo de las primeras comunidades cristianas (cf. Act. 2, 42-47).<\/li>\n<li>Exigencia de la misi\u00f3n: \u00ab&#8230; preparar la actividad apost\u00f3lica, fomen\u00adtarla y ayudarla constantemente\u00bb (C. 19).<\/li>\n<li>\u00ab&#8230; si hemos de inflamar con \u00e9l a todas las naciones, si tenemos la vocaci\u00f3n de ir a encender este fuego divino por toda la tierra&#8230; cu\u00e1nto he de arder yo mismo con este fuego divino! C\u00f3mo he de inflamarme en amar a aquellos con quienes vivo, edificando a mis propios hermanos por el ejer\u00adcicio del amor e impuls\u00e1ndoles a que practiquen los actos que de \u00e9l dima\u00adnan!\u00bb (SV XII, 263: ES XI, 554).<\/li>\n<li>Necesidad de estructuras, lugar y tiempo para la comunicaci\u00f3n sobre la misi\u00f3n y la vida en conjunto.<\/li>\n<\/ul>\n<p><strong>2.2.2 Medios:<\/strong><\/p>\n<ul>\n<li>La elaboraci\u00f3n y revisi\u00f3n regular del proyecto comunitario, que abar\u00adque todos los aspectos de nuestra vida como pide el art\u00edculo 16 de los Esta\u00adtutos.<\/li>\n<li>Buscar la unidad por encima de la diversidad, de la especializaci\u00f3n pastoral y del individualismo.<\/li>\n<li>Un tiempo fuerte en cada comunidad (cada ocho o quince d\u00edas), que ser\u00eda como el \u00abtiempo de unidad\u00bb en la CM, con la participaci\u00f3n de la ora\u00adci\u00f3n, la comunicaci\u00f3n sobre alg\u00fan texto de S. Vicente y la revisi\u00f3n apost\u00f3\u00adlica y comunitaria.<\/li>\n<\/ul>\n<h3>2.3 <strong>Tercer objetivo<\/strong>: <em>Animaci\u00f3n y corresponsabilidad en la comunidad. <\/em><\/h3>\n<p><strong>2.3.1 Motivos:<\/strong><\/p>\n<ul>\n<li>El Evangelio: \u00ab&#8230; el que dirige (igu\u00e1lese) al que sirve\u00bb (Lc. 22, 27); des\u00adpu\u00e9s de lavar los pies: \u00abComprend\u00e9is lo que he hecho con vosotros?\u00bb (Jn. 13.13).<\/li>\n<li>\u00ab&#8230; de forma que, cediendo de su superioridad se una usted a \u00e9l en caridad\u00bb (San Vicente: consejo a un superior. (SV I, 112: ES I, 174).<\/li>\n<li>En esp\u00edritu de corresponsabilidad (cf. C. 37).<\/li>\n<\/ul>\n<p><strong>2.3.2 Medios:<\/strong><\/p>\n<ul>\n<li>Hacer una reflexi\u00f3n seria sobre la obediencia como se ha hecho en relaci\u00f3n a la autoridad, sobre todo despu\u00e9s del Vaticano II.<\/li>\n<li>Ayudar al superior a buscar el tiempo necesario para la escucha y el di\u00e1logo.<\/li>\n<li>Aceptar la distribuci\u00f3n de tareas en la comunidad.<\/li>\n<li>Formaci\u00f3n de superiores.<\/li>\n<\/ul>\n<h2>3. <em>Formaci\u00f3n para la Misi\u00f3n<\/em><\/h2>\n<p>Muchas Provincias acent\u00faan con insistencia el tema de la identidad y manifiestan al mismo tiempo la preocupaci\u00f3n porque la formaci\u00f3n de los nuestros no se lleve a cabo en centros propios, sino en Facultades Eclesi\u00e1s\u00adticas o Institutos de otras Congregaciones. Para salvaguardar la unidad e identidad de la Congregaci\u00f3n se cree necesario tener un plan de formaci\u00f3n propio que abarque todo el proceso, desde la promoci\u00f3n vocacional hasta la formaci\u00f3n permanente. En esta l\u00ednea, para un posible Proyecto de la CM, se proponen los tres objetivos siguientes:<\/p>\n<h3>3.1 <strong>Primer objetivo<\/strong>: <em>la promoci\u00f3n de vocaciones. <\/em><\/h3>\n<p><strong>3.1.2 Motivos:<\/strong><em> <\/em><\/p>\n<ul>\n<li>\u00abRogad, pues, al due\u00f1o de la mies que env\u00ede operarios a su mies\u00bb (Mt. 9, 38).<\/li>\n<li>El cuidado y cultivo que se ha de tener de la vocaci\u00f3n cristiana en general, y en particular de las vocaciones religiosas y sacerdotales (cf. LG 9; OT 2-3; PC 24; Ratio Fundamentalis Institutionis Sacerdotalis, n. 5-10).<\/li>\n<li>\u00abEsta activa colaboraci\u00f3n de todo el Pueblo de Dios en el fomento de las vocaciones responde a la acci\u00f3n de la divina Providencia\u00bb (OT 2).<\/li>\n<li>Es una exigencia de los Estatutos (art. 36-37), y asegura la continui\u00addad de la misi\u00f3n.<\/li>\n<\/ul>\n<p><strong>3.1.3 Medios:<\/strong><\/p>\n<ul>\n<li>La oraci\u00f3n tradicional vicenciana.<\/li>\n<li>Abrir la comunidad a los j\u00f3venes en el servicio de los pobres, en la vida comunitaria y en experiencias de oraci\u00f3n.<\/li>\n<li>El ejercicio activo del acompa\u00f1amiento espiritual.<\/li>\n<li>Plan provincial de promoci\u00f3n y acompa\u00f1amiento en el que se se\u00f1ale coordinador provincial, equipo provincial y la labor de cada comu\u00adnidad y su representante seg\u00fan el proyecto comunitario.<\/li>\n<\/ul>\n<h3>3.2 <strong>Segundo objetivo<\/strong>: <em>Potenciar la formaci\u00f3n propia.<\/em><\/h3>\n<p><em> <\/em><strong>3.2.1 Motivos:<\/strong><\/p>\n<ul>\n<li>\u00abPara que esta Congregaci\u00f3n consiga con la ayuda de la gracia de Dios, el fin que ha elegido para s\u00ed misma, es menester que trate con todas sus fuerzas de revestirse del esp\u00edritu de Cristo\u00bb (RC I, 3).<\/li>\n<li>Los principios de formaci\u00f3n vicenciana (C. 77-80) y las orientacio\u00adnes de los Estatutos (art. 40-41) se encaminan a hacernos vivir la vocaci\u00f3n vicenciana, es decir, su fin naturaleza y esp\u00edritu.<\/li>\n<li>El cumplimiento y la determinaci\u00f3n de lo se\u00f1alado en los princi\u00adpios del Vaticano II y la reciente \u00abRatio Fundamentalis Institutionis Sacer\u00addotalis\u00bb (cfr. OT proemio; RF 2).<\/li>\n<li>\u00abLa adecuada renovaci\u00f3n de los Institutos depende en grado m\u00e1ximo de la formaci\u00f3n de sus miembros\u00bb (PC 18).<\/li>\n<\/ul>\n<p><strong>3.2.2 Medios:<\/strong><\/p>\n<ul>\n<li>Plan de estudios sistem\u00e1ticos de la vida y escritos de San Vicente, de la historia de la CM y de las Constituciones.<\/li>\n<li>\u00abRatio Formationis\u00bb del Seminario Mayor de la CM y una \u00abRatio For\u00admationis\u00bb propia para los Hermanos.<\/li>\n<li>Preparar un equipo de formadores a nivel provincial, interprovin\u00adcial o regional.<\/li>\n<li>Creaci\u00f3n de un Centro regional o internacional de Estudios Vicen\u00adcianos para formadores y formandos.<\/li>\n<\/ul>\n<h3>3.3 <strong>Tercer objetivo<\/strong>: <em>Ponerse en estado de formaci\u00f3n permanente. <\/em><\/h3>\n<p><strong>3.3.1 Motivos:<\/strong><\/p>\n<ul>\n<li>\u00abLa formaci\u00f3n sacerdotal, sobre todo en las condiciones de la socie\u00addad moderna, debe proseguir y completarse aun despu\u00e9s de terminados los estudios en el seminario\u00bb (OT 22; cf. PO 19; PC 18; etc.).<\/li>\n<li>La formaci\u00f3n permanente es necesaria para ponerse en estado de conversi\u00f3n continua, que se requiere para alcanzar el fin de la CM (C. 78 \u00a7 1), y es caracter\u00edstica de la evangelizaci\u00f3n en la Congregaci\u00f3n (C. 12, 6).<\/li>\n<li>\u00abLa formaci\u00f3n de los nuestros ha de prolongarse y renovarse todo el tiempo de la vida\u00bb (C. 81; cf. C. 77, 1).<\/li>\n<li>Promueve el equilibrio de mentalidades, facilita la aproximaci\u00f3n de criterios y potencia la unidad.<\/li>\n<\/ul>\n<p><strong>3.3.2 Medios:<\/strong><\/p>\n<ul>\n<li>Vivir la formaci\u00f3n permanente a partir del conocimiento y asimila\u00adci\u00f3n de las Constituciones.<\/li>\n<li>Crear una comisi\u00f3n a nivel general y provincial que prepare temas para estudiarlos en la comunidad local y encuentros a diversos niveles.<\/li>\n<li>Crear un Centro de formaci\u00f3n permanente para la CM.<\/li>\n<\/ul>\n","protected":false},"excerpt":{"rendered":"<p>1. Evangelizaci\u00f3n de los pobres Las Provincias de la Congregaci\u00f3n de la Misi\u00f3n atestiguan que, en los recientes a\u00f1os, pero sobre todo a partir de Bogot\u00e1, se ha suscitado un nuevo inter\u00e9s por las misiones &#8230; <a href=\"http:\/\/vincentians.com\/es\/proyecto-cm-para-los-anos-1986-1992\/\" class=\"more-link\">Read More<\/a><\/p>\n","protected":false},"author":4,"featured_media":42471,"comment_status":"open","ping_status":"open","sticky":false,"template":"","format":"standard","meta":{"jetpack_post_was_ever_published":false,"_jetpack_newsletter_access":"","_jetpack_dont_email_post_to_subs":false,"_jetpack_newsletter_tier_id":0,"_jetpack_memberships_contains_paywalled_content":false,"_jetpack_memberships_contains_paid_content":false,"footnotes":"","jetpack_publicize_message":"","jetpack_publicize_feature_enabled":true,"jetpack_social_post_already_shared":true,"jetpack_social_options":{"image_generator_settings":{"template":"highway","default_image_id":0,"font":"","enabled":false},"version":2}},"categories":[170],"tags":[218,176],"class_list":["post-42470","post","type-post","status-publish","format-standard","has-post-thumbnail","hentry","category-documentos-de-la-congregacion-de-la-mision","tag-abelly","tag-misiones-populares"],"yoast_head":"<!-- This site is optimized with the Yoast SEO plugin v26.3 - https:\/\/yoast.com\/wordpress\/plugins\/seo\/ -->\n<title>Proyecto C.M. para los a\u00f1os 1986-1992 - Somos Vicencianos<\/title>\n<meta name=\"robots\" content=\"index, follow, max-snippet:-1, max-image-preview:large, max-video-preview:-1\" \/>\n<link rel=\"canonical\" href=\"http:\/\/vincentians.com\/es\/proyecto-cm-para-los-anos-1986-1992\/\" \/>\n<meta property=\"og:locale\" content=\"es_ES\" \/>\n<meta property=\"og:type\" content=\"article\" \/>\n<meta property=\"og:title\" content=\"Proyecto C.M. para los a\u00f1os 1986-1992 - Somos Vicencianos\" \/>\n<meta property=\"og:description\" content=\"1. Evangelizaci\u00f3n de los pobres Las Provincias de la Congregaci\u00f3n de la Misi\u00f3n atestiguan que, en los recientes a\u00f1os, pero sobre todo a partir de Bogot\u00e1, se ha suscitado un nuevo inter\u00e9s por las misiones ... Read More\" \/>\n<meta property=\"og:url\" content=\"http:\/\/vincentians.com\/es\/proyecto-cm-para-los-anos-1986-1992\/\" \/>\n<meta property=\"og:site_name\" content=\"Somos Vicencianos\" \/>\n<meta property=\"article:publisher\" content=\"https:\/\/www.facebook.com\/WeAreVincentians\/\" \/>\n<meta property=\"article:author\" content=\"https:\/\/www.facebook.com\/JavierChento\" \/>\n<meta property=\"article:published_time\" content=\"2011-06-14T05:13:53+00:00\" \/>\n<meta name=\"author\" content=\"Francisco Javier Fern\u00e1ndez Chento\" \/>\n<meta name=\"twitter:card\" content=\"summary_large_image\" \/>\n<meta name=\"twitter:creator\" content=\"@https:\/\/twitter.com\/javierchento\" \/>\n<meta name=\"twitter:site\" content=\"@WeVincentians\" \/>\n<meta name=\"twitter:label1\" content=\"Escrito por\" \/>\n\t<meta name=\"twitter:data1\" content=\"Francisco Javier Fern\u00e1ndez Chento\" \/>\n\t<meta name=\"twitter:label2\" content=\"Tiempo de lectura\" \/>\n\t<meta name=\"twitter:data2\" content=\"9 minutos\" \/>\n<script type=\"application\/ld+json\" class=\"yoast-schema-graph\">{\"@context\":\"https:\/\/schema.org\",\"@graph\":[{\"@type\":\"Article\",\"@id\":\"http:\/\/vincentians.com\/es\/proyecto-cm-para-los-anos-1986-1992\/#article\",\"isPartOf\":{\"@id\":\"http:\/\/vincentians.com\/es\/proyecto-cm-para-los-anos-1986-1992\/\"},\"author\":{\"name\":\"Francisco Javier Fern\u00e1ndez Chento\",\"@id\":\"https:\/\/vincentians.com\/es\/#\/schema\/person\/9623ef4d9aa3b2dfb8c061f1499288f2\"},\"headline\":\"Proyecto C.M. para los a\u00f1os 1986-1992\",\"datePublished\":\"2011-06-14T05:13:53+00:00\",\"mainEntityOfPage\":{\"@id\":\"http:\/\/vincentians.com\/es\/proyecto-cm-para-los-anos-1986-1992\/\"},\"wordCount\":1840,\"commentCount\":0,\"publisher\":{\"@id\":\"https:\/\/vincentians.com\/es\/#organization\"},\"image\":{\"@id\":\"http:\/\/vincentians.com\/es\/proyecto-cm-para-los-anos-1986-1992\/#primaryimage\"},\"thumbnailUrl\":\"\",\"keywords\":[\"Abelly\",\"Misiones Populares\"],\"articleSection\":[\"Documentos de la Congregaci\u00f3n de la Misi\u00f3n\"],\"inLanguage\":\"es\",\"potentialAction\":[{\"@type\":\"CommentAction\",\"name\":\"Comment\",\"target\":[\"http:\/\/vincentians.com\/es\/proyecto-cm-para-los-anos-1986-1992\/#respond\"]}]},{\"@type\":\"WebPage\",\"@id\":\"http:\/\/vincentians.com\/es\/proyecto-cm-para-los-anos-1986-1992\/\",\"url\":\"http:\/\/vincentians.com\/es\/proyecto-cm-para-los-anos-1986-1992\/\",\"name\":\"Proyecto C.M. para los a\u00f1os 1986-1992 - Somos Vicencianos\",\"isPartOf\":{\"@id\":\"https:\/\/vincentians.com\/es\/#website\"},\"primaryImageOfPage\":{\"@id\":\"http:\/\/vincentians.com\/es\/proyecto-cm-para-los-anos-1986-1992\/#primaryimage\"},\"image\":{\"@id\":\"http:\/\/vincentians.com\/es\/proyecto-cm-para-los-anos-1986-1992\/#primaryimage\"},\"thumbnailUrl\":\"\",\"datePublished\":\"2011-06-14T05:13:53+00:00\",\"breadcrumb\":{\"@id\":\"http:\/\/vincentians.com\/es\/proyecto-cm-para-los-anos-1986-1992\/#breadcrumb\"},\"inLanguage\":\"es\",\"potentialAction\":[{\"@type\":\"ReadAction\",\"target\":[\"http:\/\/vincentians.com\/es\/proyecto-cm-para-los-anos-1986-1992\/\"]}]},{\"@type\":\"ImageObject\",\"inLanguage\":\"es\",\"@id\":\"http:\/\/vincentians.com\/es\/proyecto-cm-para-los-anos-1986-1992\/#primaryimage\",\"url\":\"\",\"contentUrl\":\"\"},{\"@type\":\"BreadcrumbList\",\"@id\":\"http:\/\/vincentians.com\/es\/proyecto-cm-para-los-anos-1986-1992\/#breadcrumb\",\"itemListElement\":[{\"@type\":\"ListItem\",\"position\":1,\"name\":\"Portada\",\"item\":\"https:\/\/vincentians.com\/es\/\"},{\"@type\":\"ListItem\",\"position\":2,\"name\":\"Proyecto C.M. para los a\u00f1os 1986-1992\"}]},{\"@type\":\"WebSite\",\"@id\":\"https:\/\/vincentians.com\/es\/#website\",\"url\":\"https:\/\/vincentians.com\/es\/\",\"name\":\"Somos Vicencianos\",\"description\":\"Know more to serve more\",\"publisher\":{\"@id\":\"https:\/\/vincentians.com\/es\/#organization\"},\"potentialAction\":[{\"@type\":\"SearchAction\",\"target\":{\"@type\":\"EntryPoint\",\"urlTemplate\":\"https:\/\/vincentians.com\/es\/?s={search_term_string}\"},\"query-input\":{\"@type\":\"PropertyValueSpecification\",\"valueRequired\":true,\"valueName\":\"search_term_string\"}}],\"inLanguage\":\"es\"},{\"@type\":\"Organization\",\"@id\":\"https:\/\/vincentians.com\/es\/#organization\",\"name\":\"The Vincentian Network\",\"url\":\"https:\/\/vincentians.com\/es\/\",\"logo\":{\"@type\":\"ImageObject\",\"inLanguage\":\"es\",\"@id\":\"https:\/\/vincentians.com\/es\/#\/schema\/logo\/image\/\",\"url\":\"https:\/\/i1.wp.com\/vincentians.com\/es\/wp-content\/uploads\/sites\/11\/2016\/06\/Vincentian-Network-logo-big.png?fit=778%2C778\",\"contentUrl\":\"https:\/\/i1.wp.com\/vincentians.com\/es\/wp-content\/uploads\/sites\/11\/2016\/06\/Vincentian-Network-logo-big.png?fit=778%2C778\",\"width\":778,\"height\":778,\"caption\":\"The Vincentian Network\"},\"image\":{\"@id\":\"https:\/\/vincentians.com\/es\/#\/schema\/logo\/image\/\"},\"sameAs\":[\"https:\/\/www.facebook.com\/WeAreVincentians\/\",\"https:\/\/x.com\/WeVincentians\"]},{\"@type\":\"Person\",\"@id\":\"https:\/\/vincentians.com\/es\/#\/schema\/person\/9623ef4d9aa3b2dfb8c061f1499288f2\",\"name\":\"Francisco Javier Fern\u00e1ndez Chento\",\"image\":{\"@type\":\"ImageObject\",\"inLanguage\":\"es\",\"@id\":\"https:\/\/vincentians.com\/es\/#\/schema\/person\/image\/\",\"url\":\"https:\/\/secure.gravatar.com\/avatar\/497d5cde87b4c3d097d0315953521681ba2cd523ee66e5077c3711f7021e65de?s=96&d=mm&r=g\",\"contentUrl\":\"https:\/\/secure.gravatar.com\/avatar\/497d5cde87b4c3d097d0315953521681ba2cd523ee66e5077c3711f7021e65de?s=96&d=mm&r=g\",\"caption\":\"Francisco Javier Fern\u00e1ndez Chento\"},\"description\":\"Director General y cofundador de La Red de Formaci\u00f3n Vicenciana. Javier es laico vicenciano, afiliado a la Congregaci\u00f3n de la Misi\u00f3n y miembro del Equipo de Misiones Populares de la provincia can\u00f3nica de Zaragoza (Espa\u00f1a) de la Congregaci\u00f3n de la Misi\u00f3n. Graduado en la Universidad Oberta de Catalunya con cuatro grados (Asistente de direcci\u00f3n, Gesti\u00f3n Administrativa, Recursos Humanos y Contabilidad Avanzada). Bil\u00edng\u00fce Espa\u00f1ol\/Ingl\u00e9s. gestiona y mantiene varias p\u00e1ginas web cristianas y vicencianas, incluida including La Red de Formaci\u00f3n Vicenciana, de la que es cofundador. Actualmente es responsable del \u00e1rea de Espa\u00f1ol de .famvin, la Red de Noticias de la Familia Vicenciana. Tambi\u00e9n es m\u00fasico cat\u00f3lico y ha editado varios discos. Es Director General y cofundador de Trovador, una reconocida compa\u00f1\u00eda discogr\u00e1fica critiana de Espa\u00f1a. Trabaja en las Tecnolog\u00edas de la Informaci\u00f3n, ofreciendo servicios de alojamiento, dise\u00f1o y mantenimiento Web, as\u00ed como asesoramiento, formaci\u00f3n y soluciones inform\u00e1ticas, gesti\u00f3n documental y digitalizaci\u00f3n de textos, edici\u00f3n y maquetaci\u00f3n de libros, revistas, flyers, etc.\",\"sameAs\":[\"http:\/\/chento.org\",\"https:\/\/www.facebook.com\/JavierChento\",\"https:\/\/x.com\/https:\/\/twitter.com\/javierchento\"],\"url\":\"http:\/\/vincentians.com\/es\/author\/chento\/\"}]}<\/script>\n<!-- \/ Yoast SEO plugin. -->","yoast_head_json":{"title":"Proyecto C.M. para los a\u00f1os 1986-1992 - Somos Vicencianos","robots":{"index":"index","follow":"follow","max-snippet":"max-snippet:-1","max-image-preview":"max-image-preview:large","max-video-preview":"max-video-preview:-1"},"canonical":"http:\/\/vincentians.com\/es\/proyecto-cm-para-los-anos-1986-1992\/","og_locale":"es_ES","og_type":"article","og_title":"Proyecto C.M. para los a\u00f1os 1986-1992 - Somos Vicencianos","og_description":"1. Evangelizaci\u00f3n de los pobres Las Provincias de la Congregaci\u00f3n de la Misi\u00f3n atestiguan que, en los recientes a\u00f1os, pero sobre todo a partir de Bogot\u00e1, se ha suscitado un nuevo inter\u00e9s por las misiones ... Read More","og_url":"http:\/\/vincentians.com\/es\/proyecto-cm-para-los-anos-1986-1992\/","og_site_name":"Somos Vicencianos","article_publisher":"https:\/\/www.facebook.com\/WeAreVincentians\/","article_author":"https:\/\/www.facebook.com\/JavierChento","article_published_time":"2011-06-14T05:13:53+00:00","author":"Francisco Javier Fern\u00e1ndez Chento","twitter_card":"summary_large_image","twitter_creator":"@https:\/\/twitter.com\/javierchento","twitter_site":"@WeVincentians","twitter_misc":{"Escrito por":"Francisco Javier Fern\u00e1ndez Chento","Tiempo de lectura":"9 minutos"},"schema":{"@context":"https:\/\/schema.org","@graph":[{"@type":"Article","@id":"http:\/\/vincentians.com\/es\/proyecto-cm-para-los-anos-1986-1992\/#article","isPartOf":{"@id":"http:\/\/vincentians.com\/es\/proyecto-cm-para-los-anos-1986-1992\/"},"author":{"name":"Francisco Javier Fern\u00e1ndez Chento","@id":"https:\/\/vincentians.com\/es\/#\/schema\/person\/9623ef4d9aa3b2dfb8c061f1499288f2"},"headline":"Proyecto C.M. para los a\u00f1os 1986-1992","datePublished":"2011-06-14T05:13:53+00:00","mainEntityOfPage":{"@id":"http:\/\/vincentians.com\/es\/proyecto-cm-para-los-anos-1986-1992\/"},"wordCount":1840,"commentCount":0,"publisher":{"@id":"https:\/\/vincentians.com\/es\/#organization"},"image":{"@id":"http:\/\/vincentians.com\/es\/proyecto-cm-para-los-anos-1986-1992\/#primaryimage"},"thumbnailUrl":"","keywords":["Abelly","Misiones Populares"],"articleSection":["Documentos de la Congregaci\u00f3n de la Misi\u00f3n"],"inLanguage":"es","potentialAction":[{"@type":"CommentAction","name":"Comment","target":["http:\/\/vincentians.com\/es\/proyecto-cm-para-los-anos-1986-1992\/#respond"]}]},{"@type":"WebPage","@id":"http:\/\/vincentians.com\/es\/proyecto-cm-para-los-anos-1986-1992\/","url":"http:\/\/vincentians.com\/es\/proyecto-cm-para-los-anos-1986-1992\/","name":"Proyecto C.M. para los a\u00f1os 1986-1992 - Somos Vicencianos","isPartOf":{"@id":"https:\/\/vincentians.com\/es\/#website"},"primaryImageOfPage":{"@id":"http:\/\/vincentians.com\/es\/proyecto-cm-para-los-anos-1986-1992\/#primaryimage"},"image":{"@id":"http:\/\/vincentians.com\/es\/proyecto-cm-para-los-anos-1986-1992\/#primaryimage"},"thumbnailUrl":"","datePublished":"2011-06-14T05:13:53+00:00","breadcrumb":{"@id":"http:\/\/vincentians.com\/es\/proyecto-cm-para-los-anos-1986-1992\/#breadcrumb"},"inLanguage":"es","potentialAction":[{"@type":"ReadAction","target":["http:\/\/vincentians.com\/es\/proyecto-cm-para-los-anos-1986-1992\/"]}]},{"@type":"ImageObject","inLanguage":"es","@id":"http:\/\/vincentians.com\/es\/proyecto-cm-para-los-anos-1986-1992\/#primaryimage","url":"","contentUrl":""},{"@type":"BreadcrumbList","@id":"http:\/\/vincentians.com\/es\/proyecto-cm-para-los-anos-1986-1992\/#breadcrumb","itemListElement":[{"@type":"ListItem","position":1,"name":"Portada","item":"https:\/\/vincentians.com\/es\/"},{"@type":"ListItem","position":2,"name":"Proyecto C.M. para los a\u00f1os 1986-1992"}]},{"@type":"WebSite","@id":"https:\/\/vincentians.com\/es\/#website","url":"https:\/\/vincentians.com\/es\/","name":"Somos Vicencianos","description":"Know more to serve more","publisher":{"@id":"https:\/\/vincentians.com\/es\/#organization"},"potentialAction":[{"@type":"SearchAction","target":{"@type":"EntryPoint","urlTemplate":"https:\/\/vincentians.com\/es\/?s={search_term_string}"},"query-input":{"@type":"PropertyValueSpecification","valueRequired":true,"valueName":"search_term_string"}}],"inLanguage":"es"},{"@type":"Organization","@id":"https:\/\/vincentians.com\/es\/#organization","name":"The Vincentian Network","url":"https:\/\/vincentians.com\/es\/","logo":{"@type":"ImageObject","inLanguage":"es","@id":"https:\/\/vincentians.com\/es\/#\/schema\/logo\/image\/","url":"https:\/\/i1.wp.com\/vincentians.com\/es\/wp-content\/uploads\/sites\/11\/2016\/06\/Vincentian-Network-logo-big.png?fit=778%2C778","contentUrl":"https:\/\/i1.wp.com\/vincentians.com\/es\/wp-content\/uploads\/sites\/11\/2016\/06\/Vincentian-Network-logo-big.png?fit=778%2C778","width":778,"height":778,"caption":"The Vincentian Network"},"image":{"@id":"https:\/\/vincentians.com\/es\/#\/schema\/logo\/image\/"},"sameAs":["https:\/\/www.facebook.com\/WeAreVincentians\/","https:\/\/x.com\/WeVincentians"]},{"@type":"Person","@id":"https:\/\/vincentians.com\/es\/#\/schema\/person\/9623ef4d9aa3b2dfb8c061f1499288f2","name":"Francisco Javier Fern\u00e1ndez Chento","image":{"@type":"ImageObject","inLanguage":"es","@id":"https:\/\/vincentians.com\/es\/#\/schema\/person\/image\/","url":"https:\/\/secure.gravatar.com\/avatar\/497d5cde87b4c3d097d0315953521681ba2cd523ee66e5077c3711f7021e65de?s=96&d=mm&r=g","contentUrl":"https:\/\/secure.gravatar.com\/avatar\/497d5cde87b4c3d097d0315953521681ba2cd523ee66e5077c3711f7021e65de?s=96&d=mm&r=g","caption":"Francisco Javier Fern\u00e1ndez Chento"},"description":"Director General y cofundador de La Red de Formaci\u00f3n Vicenciana. Javier es laico vicenciano, afiliado a la Congregaci\u00f3n de la Misi\u00f3n y miembro del Equipo de Misiones Populares de la provincia can\u00f3nica de Zaragoza (Espa\u00f1a) de la Congregaci\u00f3n de la Misi\u00f3n. Graduado en la Universidad Oberta de Catalunya con cuatro grados (Asistente de direcci\u00f3n, Gesti\u00f3n Administrativa, Recursos Humanos y Contabilidad Avanzada). Bil\u00edng\u00fce Espa\u00f1ol\/Ingl\u00e9s. gestiona y mantiene varias p\u00e1ginas web cristianas y vicencianas, incluida including La Red de Formaci\u00f3n Vicenciana, de la que es cofundador. Actualmente es responsable del \u00e1rea de Espa\u00f1ol de .famvin, la Red de Noticias de la Familia Vicenciana. Tambi\u00e9n es m\u00fasico cat\u00f3lico y ha editado varios discos. Es Director General y cofundador de Trovador, una reconocida compa\u00f1\u00eda discogr\u00e1fica critiana de Espa\u00f1a. Trabaja en las Tecnolog\u00edas de la Informaci\u00f3n, ofreciendo servicios de alojamiento, dise\u00f1o y mantenimiento Web, as\u00ed como asesoramiento, formaci\u00f3n y soluciones inform\u00e1ticas, gesti\u00f3n documental y digitalizaci\u00f3n de textos, edici\u00f3n y maquetaci\u00f3n de libros, revistas, flyers, etc.","sameAs":["http:\/\/chento.org","https:\/\/www.facebook.com\/JavierChento","https:\/\/x.com\/https:\/\/twitter.com\/javierchento"],"url":"http:\/\/vincentians.com\/es\/author\/chento\/"}]}},"jetpack_publicize_connections":[],"jetpack_featured_media_url":"","jetpack_sharing_enabled":true,"jetpack_shortlink":"https:\/\/wp.me\/p7ETMF-b30","jetpack-related-posts":[{"id":114121,"url":"http:\/\/vincentians.com\/es\/estatutos-del-centro-internacional-de-formacion-san-vicente-de-paul-cif\/","url_meta":{"origin":42470,"position":0},"title":"Estatutos del Centro Internacional de Formaci\u00f3n San Vicente de Pa\u00fal (CIF)","author":"Francisco Javier Fern\u00e1ndez Chento","date":"26\/10\/2012","format":false,"excerpt":"1. Identidad El Centro Internacional de Formaci\u00f3n San Vicente de Pa\u00fal (CIF) es una obra establecida por el Superior General de la Congregaci\u00f3n de la Misi\u00f3n con su consejo para ofrecer programas de formaci\u00f3n vicenciana. Los programas se dirigen en primer lugar a los miembros de la Congregaci\u00f3n de la\u2026","rel":"","context":"En \u00abDocumentos de otras Ramas e Instituciones vicencianas\u00bb","block_context":{"text":"Documentos de otras Ramas e Instituciones vicencianas","link":"http:\/\/vincentians.com\/es\/category\/formacion-vicenciana\/documentos-oficiales-de-la-familia-vicenciana\/documentos-de-otras-ramas-e-instituciones-vicencianas\/"},"img":{"alt_text":"","src":"","width":0,"height":0},"classes":[]},{"id":386896,"url":"http:\/\/vincentians.com\/es\/saludo-del-superior-general-en-la-fiesta-de-la-congregacion-de-la-mision\/","url_meta":{"origin":42470,"position":1},"title":"Saludo del Superior General, en la fiesta de la Congregaci\u00f3n de la Misi\u00f3n","author":"Francisco Javier Fern\u00e1ndez Chento","date":"25\/01\/2016","format":"video","excerpt":"https:\/\/www.youtube.com\/watch?v=Kq5xTyJ7wPc \u00a0 Mis queridos hermanos de la Congregaci\u00f3n de la Misi\u00f3n: Con mucha alegr\u00eda tengo la oportunidad de felicitarles, en este d\u00eda en el que celebramos el aniversario de nuestra fundaci\u00f3n, en la fiesta de la conversi\u00f3n de san Pablo, un d\u00eda que marc\u00f3 la vida de san Vicente de\u2026","rel":"","context":"En \u00abCongregaci\u00f3n de la Misi\u00f3n\u00bb","block_context":{"text":"Congregaci\u00f3n de la Misi\u00f3n","link":"http:\/\/vincentians.com\/es\/category\/la-familia-vicenciana\/ramas\/congregacion-de-la-mision\/"},"img":{"alt_text":"","src":"https:\/\/i0.wp.com\/img.youtube.com\/vi\/Kq5xTyJ7wPc\/0.jpg?resize=350%2C200","width":350,"height":200},"classes":[]},{"id":140030,"url":"http:\/\/vincentians.com\/es\/multiculturalismo-solidaridad-y-colaboracion\/","url_meta":{"origin":42470,"position":2},"title":"Multiculturalismo, Solidaridad, y Colaboraci\u00f3n","author":"Francisco Javier Fern\u00e1ndez Chento","date":"22\/02\/2015","format":false,"excerpt":"I. Introducci\u00f3n \u201cDej\u00e9monos renovar por la vitalidad misionera de nuestra vocaci\u00f3n Vicenciana\u201d (Lema de la AG 2016. Cf Marzo 25, 2014 Carta de la Comisi\u00f3n Preparatoria a los Visitadores) Los temas relevantes de la AG 2016 no son f\u00e1ciles de explorar. Hablan de una cuesti\u00f3n importante para nosotros como Misioneros\u2026","rel":"","context":"En \u00abEspiritualidad vicenciana\u00bb","block_context":{"text":"Espiritualidad vicenciana","link":"http:\/\/vincentians.com\/es\/category\/espiritualidad\/espiritualidad-vicenciana\/"},"img":{"alt_text":"multiculturalismo","src":"https:\/\/i0.wp.com\/vicencianos.org\/wp-content\/2015\/02\/multiculturalismo-300x201.jpg?resize=350%2C200","width":350,"height":200},"classes":[]},{"id":119270,"url":"http:\/\/vincentians.com\/es\/historia-de-los-paules-en-cuba-capitulo-v-e\/","url_meta":{"origin":42470,"position":3},"title":"Historia de los Pa\u00fales en Cuba: Cap\u00edtulo V (E)","author":"Mitxel Olabu\u00e9naga","date":"23\/01\/2022","format":false,"excerpt":"5. Fundaci\u00f3n \"Can\u00f3nica\" de la nueva Provincia de las Antillas. Muchos y muy buenos trabajos hab\u00edan realizado los Misioneros Pa\u00fales en Cuba desde su llegada a estas tierras el 13 de Noviembre de 1862. Guiados y dependiendo siempre de los Superiores de la Provincia Can\u00f3nica de Madrid, a cuya jurisdicci\u00f3n\u2026","rel":"","context":"En \u00abHistoria de la Congregaci\u00f3n de la Misi\u00f3n\u00bb","block_context":{"text":"Historia de la Congregaci\u00f3n de la Misi\u00f3n","link":"http:\/\/vincentians.com\/es\/category\/historia-de-la-familia-vicenciana\/historia-de-la-congregacion-de-la-mision\/"},"img":{"alt_text":"","src":"https:\/\/i0.wp.com\/vincentians.com\/es\/wp-content\/uploads\/sites\/11\/2013\/04\/Entorno-de-San-Vicente-6-Berceau.jpg?fit=640%2C421&resize=350%2C200","width":350,"height":200,"srcset":"https:\/\/i0.wp.com\/vincentians.com\/es\/wp-content\/uploads\/sites\/11\/2013\/04\/Entorno-de-San-Vicente-6-Berceau.jpg?fit=640%2C421&resize=350%2C200 1x, https:\/\/i0.wp.com\/vincentians.com\/es\/wp-content\/uploads\/sites\/11\/2013\/04\/Entorno-de-San-Vicente-6-Berceau.jpg?fit=640%2C421&resize=525%2C300 1.5x"},"classes":[]},{"id":119814,"url":"http:\/\/vincentians.com\/es\/ayer-y-hoy-de-las-misiones-vicencianas-en-espana-vision-historica-1965-1978\/","url_meta":{"origin":42470,"position":4},"title":"Ayer y hoy de las Misiones Vicencianas en Espa\u00f1a. Visi\u00f3n hist\u00f3rica: 1965-1978","author":"Francisco Javier Fern\u00e1ndez Chento","date":"05\/04\/2022","format":false,"excerpt":"El contenido de la presente \"comunicaci\u00f3n\" se circunscribe tan s\u00f3lo a los a\u00f1os que se indican en el ep\u00edgrafe. Por consi\u00adguiente, todos los hechos misioneros que en ella se describan no se remontar\u00e1n, ni por detr\u00e1s ni por delante, a ninguna otra \u00e9poca hist\u00f3rica que no sea la enunciada en\u2026","rel":"","context":"En \u00abMisiones \u00abAd gentes\u00bb\u00bb","block_context":{"text":"Misiones \u00abAd gentes\u00bb","link":"http:\/\/vincentians.com\/es\/category\/servicios-y-ministerios\/misiones-ad-gentes\/"},"img":{"alt_text":"","src":"https:\/\/i0.wp.com\/vincentians.com\/es\/wp-content\/uploads\/sites\/11\/2016\/07\/espiritualidad-vicenciana.jpg?fit=1200%2C630&resize=350%2C200","width":350,"height":200,"srcset":"https:\/\/i0.wp.com\/vincentians.com\/es\/wp-content\/uploads\/sites\/11\/2016\/07\/espiritualidad-vicenciana.jpg?fit=1200%2C630&resize=350%2C200 1x, https:\/\/i0.wp.com\/vincentians.com\/es\/wp-content\/uploads\/sites\/11\/2016\/07\/espiritualidad-vicenciana.jpg?fit=1200%2C630&resize=525%2C300 1.5x, https:\/\/i0.wp.com\/vincentians.com\/es\/wp-content\/uploads\/sites\/11\/2016\/07\/espiritualidad-vicenciana.jpg?fit=1200%2C630&resize=700%2C400 2x, https:\/\/i0.wp.com\/vincentians.com\/es\/wp-content\/uploads\/sites\/11\/2016\/07\/espiritualidad-vicenciana.jpg?fit=1200%2C630&resize=1050%2C600 3x"},"classes":[]},{"id":132576,"url":"http:\/\/vincentians.com\/es\/manual-para-afiliados-a-la-congregacion-de-la-mision-en-colombia\/","url_meta":{"origin":42470,"position":5},"title":"Manual para Afiliados a la Congregaci\u00f3n de la Misi\u00f3n en Colombia","author":"Francisco Javier Fern\u00e1ndez Chento","date":"11\/12\/2014","format":false,"excerpt":"1. Justificaci\u00f3n: La inmensa mayor\u00eda de los miembros de la Familia Vicentina en el mundo y en Colombia, son laicos Existe un grupo considerable de afiliados a la Congregaci\u00f3n de la Misi\u00f3n en Colombia Hay poco conocimiento mutuo entre la Congregaci\u00f3n y sus afiliados laicos : ni ellos saben mucho\u2026","rel":"","context":"En \u00abDocumentos de otras Ramas e Instituciones vicencianas\u00bb","block_context":{"text":"Documentos de otras Ramas e Instituciones vicencianas","link":"http:\/\/vincentians.com\/es\/category\/formacion-vicenciana\/documentos-oficiales-de-la-familia-vicenciana\/documentos-de-otras-ramas-e-instituciones-vicencianas\/"},"img":{"alt_text":"logo_afiliados","src":"https:\/\/i0.wp.com\/vicencianos.org\/wp-content\/2014\/12\/logo_afiliados-300x291.jpg?resize=350%2C200","width":350,"height":200},"classes":[]}],"_links":{"self":[{"href":"http:\/\/vincentians.com\/es\/wp-json\/wp\/v2\/posts\/42470","targetHints":{"allow":["GET"]}}],"collection":[{"href":"http:\/\/vincentians.com\/es\/wp-json\/wp\/v2\/posts"}],"about":[{"href":"http:\/\/vincentians.com\/es\/wp-json\/wp\/v2\/types\/post"}],"author":[{"embeddable":true,"href":"http:\/\/vincentians.com\/es\/wp-json\/wp\/v2\/users\/4"}],"replies":[{"embeddable":true,"href":"http:\/\/vincentians.com\/es\/wp-json\/wp\/v2\/comments?post=42470"}],"version-history":[{"count":0,"href":"http:\/\/vincentians.com\/es\/wp-json\/wp\/v2\/posts\/42470\/revisions"}],"wp:featuredmedia":[{"embeddable":true,"href":"http:\/\/vincentians.com\/es\/wp-json\/"}],"wp:attachment":[{"href":"http:\/\/vincentians.com\/es\/wp-json\/wp\/v2\/media?parent=42470"}],"wp:term":[{"taxonomy":"category","embeddable":true,"href":"http:\/\/vincentians.com\/es\/wp-json\/wp\/v2\/categories?post=42470"},{"taxonomy":"post_tag","embeddable":true,"href":"http:\/\/vincentians.com\/es\/wp-json\/wp\/v2\/tags?post=42470"}],"curies":[{"name":"wp","href":"https:\/\/api.w.org\/{rel}","templated":true}]}}