{"id":42453,"date":"2011-07-30T03:33:39","date_gmt":"2011-07-30T01:33:39","guid":{"rendered":"http:\/\/somos.vicencianos.org\/?p=42453"},"modified":"2011-07-30T03:33:39","modified_gmt":"2011-07-30T01:33:39","slug":"la-eucaristia-epifania-de-dialogo-y-de-comunion-el-ejemplo-de-san-justino-de-jacobis","status":"publish","type":"post","link":"http:\/\/vincentians.com\/es\/la-eucaristia-epifania-de-dialogo-y-de-comunion-el-ejemplo-de-san-justino-de-jacobis\/","title":{"rendered":"La Eucarist\u00eda, Epifan\u00eda de Di\u00e1logo y de Comuni\u00f3n: el ejemplo de San Justino de Jacobis"},"content":{"rendered":"<h2><strong><em>Introducci\u00f3n<\/em><\/strong><\/h2>\n<p><a href=\"https:\/\/i0.wp.com\/vicencianos.org\/wp-content\/2011\/07\/Jacobis450.jpg\"><img data-recalc-dims=\"1\" loading=\"lazy\" decoding=\"async\" class=\"alignright size-medium wp-image-46784\" title=\"Jacobis450\" src=\"https:\/\/i0.wp.com\/vicencianos.org\/wp-content\/2011\/07\/Jacobis450-202x300.jpg?resize=202%2C300\" alt=\"\" width=\"202\" height=\"300\" \/><\/a>Abuna Yaqob Maryam \u2014<em> \u00abeste es el nombre con que me conocen<\/em><em> <\/em><em>en este pa\u00eds\u00bb<\/em><span id='easy-footnote-1-42453' class='easy-footnote-margin-adjust'><\/span><span class='easy-footnote'><a href='http:\/\/vincentians.com\/es\/la-eucaristia-epifania-de-dialogo-y-de-comunion-el-ejemplo-de-san-justino-de-jacobis\/#easy-footnote-bottom-1-42453' title='&lt;em&gt;Escritos&lt;\/em&gt;, Volumen II,&lt;em&gt; Epistolario&lt;\/em&gt;, C.L.V.-Edizioni Vincenziane, Roma 2003, 557, 567 y 1473. Editados por primera vez: el&lt;em&gt; Diario&lt;\/em&gt; en el 2000 mientras que el&lt;em&gt; Epistolario&lt;\/em&gt; en el 2003, con un total de 2.370 p\u00e1ginas que constituyen un aut\u00e9ntico y en verdad imponente&lt;em&gt; corpus&lt;\/em&gt; de los escritos de San Justino de Jacobis. Desgraciadamente otros escritos se han perdido.&lt;em&gt; \u00ab&lt;\/em&gt;&lt;em&gt;[&amp;#8230;]&lt;\/em&gt;&lt;em&gt; camino de&lt;\/em&gt;&lt;em&gt; &lt;\/em&gt;&lt;em&gt;Roma, hab\u00eda echado al fuego todos mis escritos [&amp;#8230;]\u00bb&lt;\/em&gt; (&lt;em&gt;Epistolario&lt;\/em&gt;, 889).'><sup>1<\/sup><\/a><\/span> \u2014, mor\u00eda el 31 de julio de 1860, rodeado amablemente de sus sacerdotes abisinios, en el ardiente y desolado valle de Aliga\u00adde,<span id='easy-footnote-2-42453' class='easy-footnote-margin-adjust'><\/span><span class='easy-footnote'><a href='http:\/\/vincentians.com\/es\/la-eucaristia-epifania-de-dialogo-y-de-comunion-el-ejemplo-de-san-justino-de-jacobis\/#easy-footnote-bottom-2-42453' title='Justino, en sus escritos, hace muchas veces referencia a las dificultades del clima abisinio:&lt;em&gt; \u00abLa can\u00edcula mata, los barrancos son impracticables&amp;#8230;&lt;\/em&gt;&lt;em&gt; &lt;\/em&gt;&lt;em&gt;Las serpientes que matan instant\u00e1neamente a un hombre, abundan en el&lt;\/em&gt;&lt;em&gt; &lt;\/em&gt;&lt;em&gt;camino. [..1 Ardiendo de sed[&amp;#8230;]\u00bb&lt;\/em&gt; (&lt;em&gt;Epistolario&lt;\/em&gt;, 784'><sup>2<\/sup><\/a><\/span>) no lejos de Hebo, en lo que hoy es Eritrea. Las continuas priva\u00adciones, la dura prisi\u00f3n y la obstinada persecuci\u00f3n de Abuna Selama, suprema autoridad religiosa de la Iglesia Ortodoxa Abisinia, al fin pudieron con la voluntad tenaz y la resistencia f\u00edsica de Abuna Yaqob, templadas en los 21 largos a\u00f1os de \u00e1speras y continuas fati\u00adgas apost\u00f3licas.<\/p>\n<h2><strong>1. Una<em> piedad eucar\u00edstica<\/em> tradicional<\/strong><\/h2>\n<p>En 1809 en la antigua iglesia parroquial de Santa Mar\u00eda de la Encina<span id='easy-footnote-3-42453' class='easy-footnote-margin-adjust'><\/span><span class='easy-footnote'><a href='http:\/\/vincentians.com\/es\/la-eucaristia-epifania-de-dialogo-y-de-comunion-el-ejemplo-de-san-justino-de-jacobis\/#easy-footnote-bottom-3-42453' title='Construcci\u00f3n de cruz griega del siglo XV. El interior fue repetidamente modificado en los siglos sucesivos. La iglesia fue embellecida con un precioso baptisterio y con una c\u00fapula de la escuela de Luigi Vanvitelli (1700-1773'><sup>3<\/sup><\/a><\/span>) en San Fele (Potenza), Justino de Jacobis, con apenas nueve a\u00f1os, recib\u00eda la primera comuni\u00f3n de manos de Mons. Gianfilippo Ferrone, obispo de Muro-Lucano. Este acontecimiento dej\u00f3 una huella indeleble en la robusta piedad del preadolescente Justino, que en adelante ser\u00eda marcadamente eucar\u00edstica.<\/p>\n<p>San Vicente de Pa\u00fal (1581-1660)<span id='easy-footnote-4-42453' class='easy-footnote-margin-adjust'><\/span><span class='easy-footnote'><a href='http:\/\/vincentians.com\/es\/la-eucaristia-epifania-de-dialogo-y-de-comunion-el-ejemplo-de-san-justino-de-jacobis\/#easy-footnote-bottom-4-42453' title='San Justino de Jacobis muri\u00f3 exactamente dos siglos despu\u00e9s que su fundador.'><sup>4<\/sup><\/a><\/span> hab\u00eda recomendado insistente\u00admente a los miembros de la Congregaci\u00f3n de la Misi\u00f3n, fundada por \u00e9l (25, enero, 1625), mantener alto el fervor de su consagraci\u00f3n a los pobres (<em>consecratio ad pauperes<\/em>)<span id='easy-footnote-5-42453' class='easy-footnote-margin-adjust'><\/span><span class='easy-footnote'><a href='http:\/\/vincentians.com\/es\/la-eucaristia-epifania-de-dialogo-y-de-comunion-el-ejemplo-de-san-justino-de-jacobis\/#easy-footnote-bottom-5-42453' title='El lema oficial de la Congregaci\u00f3n de la Misi\u00f3n es \u00abEvangelizare paupe\u00adribus missit me\u00bb (Lc. 4,18, cf. SAINT VINCENT DE PAUL,&lt;em&gt; Correspondance, entre\u00ad&lt;\/em&gt;&lt;em&gt;tiens, documents&lt;\/em&gt;, \u00e9d P. Coste, 14 voll., Par\u00eds 1920-1925, vol. XII, 84-85).'><sup>5<\/sup><\/a><\/span> por medio de ejercicios piadosos, el primero de todos, la adoraci\u00f3n eucar\u00edstica.<span id='easy-footnote-6-42453' class='easy-footnote-margin-adjust'><\/span><span class='easy-footnote'><a href='http:\/\/vincentians.com\/es\/la-eucaristia-epifania-de-dialogo-y-de-comunion-el-ejemplo-de-san-justino-de-jacobis\/#easy-footnote-bottom-6-42453' title='En el siglo XVII se hablaba de la Eucarist\u00eda como&lt;em&gt; el sol de los sacramen\u00ad&lt;\/em&gt;&lt;em&gt;tos&lt;\/em&gt; y tambi\u00e9n&lt;em&gt; el centro de la religi\u00f3n.&lt;\/em&gt;'><sup>6<\/sup><\/a><\/span> Los testimonios m\u00e1s autorizados que nos ha llegado, sobre la piedad eucar\u00edstica de Jus\u00adtino de Jacobis, provienen de las declaraciones juradas de sus coher\u00admanos lazaristas y de simples laicos, con ocasi\u00f3n de los Procesos informativos diocesanos a trav\u00e9s del largo y complejo<em> \u00abIter canonico\u00bb<\/em><em> <\/em>que culmin\u00f3, primero en su beatificaci\u00f3n y luego en su canoniza\u00adci\u00f3n.<span id='easy-footnote-7-42453' class='easy-footnote-margin-adjust'><\/span><span class='easy-footnote'><a href='http:\/\/vincentians.com\/es\/la-eucaristia-epifania-de-dialogo-y-de-comunion-el-ejemplo-de-san-justino-de-jacobis\/#easy-footnote-bottom-7-42453' title='Apenas pasados cuatro meses de su elecci\u00f3n a la sede de Pedro (2 de marzo, 1939), Pio XII lo beat\u00edfico, 25 de junio de 1939, en tanto que Pablo VI lo inscribi\u00f3 oficialmente en la lista de los santos el 26 de octubre de 1975.'><sup>7<\/sup><\/a><\/span> Los testigos est\u00e1n de acuerdo en decir que Justino, antes de subir al p\u00falpito para las misiones al pueblo, ministerio espec\u00edfico de su congregaci\u00f3n, ligado al carisma del Fundador, sol\u00eda entretenerse largamente en profunda meditaci\u00f3n ante el sagrario.<span id='easy-footnote-8-42453' class='easy-footnote-margin-adjust'><\/span><span class='easy-footnote'><a href='http:\/\/vincentians.com\/es\/la-eucaristia-epifania-de-dialogo-y-de-comunion-el-ejemplo-de-san-justino-de-jacobis\/#easy-footnote-bottom-8-42453' title='Cf. S. PANE,&lt;em&gt; Il Beato Giustino de Jacobis della Congregazione della Mis\u00ad&lt;\/em&gt;&lt;em&gt;sione, Vescovo titolare di Nilopoli, primo Vicario Apostolico di Abissinia. Storia&lt;\/em&gt;&lt;em&gt; &lt;\/em&gt;&lt;em&gt;critica sull\u2019ambiente e sui documenti&lt;\/em&gt;, Editrice Vincenziana, Napoli 1949, p. 83.'><sup>8<\/sup><\/a><\/span> La meta de la m\u00e1s profunda meditaci\u00f3n es siempre la comuni\u00f3n \u00edntima con el Padre, que se realiza por medio de Jesucristo en la Eucarist\u00eda. De hecho, en la contemplaci\u00f3n, m\u00e1s que conocer a Dios en s\u00ed mismo, se le experimenta en lo m\u00e1s profundo de uno mismo, mientras que en la predicaci\u00f3n, se le transmite a los fieles.<span id='easy-footnote-9-42453' class='easy-footnote-margin-adjust'><\/span><span class='easy-footnote'><a href='http:\/\/vincentians.com\/es\/la-eucaristia-epifania-de-dialogo-y-de-comunion-el-ejemplo-de-san-justino-de-jacobis\/#easy-footnote-bottom-9-42453' title='El celeb\u00e9rrimo&lt;em&gt; \u00abContemplata al\u00fcs tradere\u00bb&lt;\/em&gt; (cf. STO. TOM\u00c1S DE AQUINO, &lt;em&gt;Summa Theologi\u00e6&lt;\/em&gt;, II.a II.\u00e6, q. 188, a. 6).'><sup>9<\/sup><\/a><\/span> Nada tiene de extra\u00f1o que su predicaci\u00f3n produjese un tan amplio seguimiento y consenso entre los fieles de las diversas comunidades que el visit\u00f3 en la Italia meridional.<span id='easy-footnote-10-42453' class='easy-footnote-margin-adjust'><\/span><span class='easy-footnote'><a href='http:\/\/vincentians.com\/es\/la-eucaristia-epifania-de-dialogo-y-de-comunion-el-ejemplo-de-san-justino-de-jacobis\/#easy-footnote-bottom-10-42453' title='Durante 15 a\u00f1os, del 1824, a\u00f1o de su ordenaci\u00f3n sacerdotal (12 de junio) al 1839, a\u00f1o de su partrida para Abisinia (24 de mayo), su ministerio se cen\u00adtr\u00f3 sobre todo en la Puglia y en la Capania,'><sup>10<\/sup><\/a><\/span>\n<p>Los dos a\u00f1os que Justino vivi\u00f3 en Lecce, como Superior de aquella comunidad (1830-1836), est\u00e1n llenos de an\u00e9cdotas vivas que mani\u00adfiestan su sencilla pero s\u00f3lida piedad eucar\u00edstica. En la hermosa capi\u00adlla que \u00e9l hab\u00eda hecho construir con tantos sacrificios, incluidos los que proven\u00edan de las cr\u00edticas de los cohermanos y de las advertencias oficiales de los superiores, preocupados por los gastos excesivos, se le ve\u00eda frecuentemente durante la jornada detenerse a adorar el Sant\u00ed\u00adsimo Sacramento. Para Justino esto significaba una forma intensa de comuni\u00f3n, de verdadera simbiosis con el Se\u00f1or, un<em> \u00abcomerlo con los<\/em><em> <\/em><em>ojos\u00bb<\/em>, es decir apropiarse, identificarse, llegar a ser un todo con \u00e9l. <em>\u00abComer con los ojos\u00bb<\/em> es un mirar en profundidad en el misterio y m\u00e1s all\u00e1 de \u00e9l, con la misma fe que precede y acompa\u00f1a sea el \u00abcomer\u00bb (<em>manducatio<\/em>) que el \u00abmirar\u00bb (<em>contemplatio<\/em>); la fe capaz de reconocer y desear la Palabra hasta comerla (cf. Ez. 3,1-15). Mirar y comer con los ojos no son cosas distintas, son dos momentos interdependientes que juntos habilitan para la contemplaci\u00f3n. Mirar no indica s\u00f3lo una facultad de os ojos. Es un mirar especial: comunicaci\u00f3n intensa, expresi\u00f3n de una relaci\u00f3n, dice lo que uno es para el otro, es un saber captar la esencia del misterio. Es un proceso de uni\u00f3n trans\u00adformante: un \u00e9xodo de la propia voluntad, un salir de s\u00ed mismo para entrar en \u00edntima uni\u00f3n con la voluntad de Dios, para enriquecernos con \u00e9l.<em> El que se cierra en si mismo, al fin se pierde, mientras que el<\/em><em> <\/em><em>que se da a si mismo, al fin se encuentra<\/em> (cf. Jn. 12,25; Mt. 10,39; Mc. 8,35; Lc. 9,24). La Eucarist\u00eda es el centro m\u00edstico del cristia\u00adnismo, en el que Dios, de modo misterioso, sale continuamente de s\u00ed mismo y nos arrastra en su abrazo de comuni\u00f3n.<\/p>\n<p>Los cohermanos de San L\u00e1zaro cuentan tambi\u00e9n que el hermano coadjutor encargado de despertar por la ma\u00f1ana, oy\u00f3 que De Jacobis le preguntaba si hab\u00eda sonado ya la hora para el descanso de la noche. El hermano entre estupefacto y admirado, contest\u00f3 que lo que Justino acababa de o\u00edr era la campana para levantarse. De Jacobis, sin darse cuenta, hab\u00eda pasado toda la noche inmerso en la adora\u00adci\u00f3n de la Eucarist\u00eda.<span id='easy-footnote-11-42453' class='easy-footnote-margin-adjust'><\/span><span class='easy-footnote'><a href='http:\/\/vincentians.com\/es\/la-eucaristia-epifania-de-dialogo-y-de-comunion-el-ejemplo-de-san-justino-de-jacobis\/#easy-footnote-bottom-11-42453' title='Cf. S. PANE,&lt;em&gt; o.c.&lt;\/em&gt;, 87-88.'><sup>11<\/sup><\/a><\/span>\n<p>Pero el episodio m\u00e1s extraordinario ocurrido en la vida de Abuna Yaqob Maryam se remonta al tiempo de su primer viaje a \u00c1frica. El 24 de mayo de 1839, en compa\u00f1\u00eda de P. Luigi Montuori, camino de Siria,<span id='easy-footnote-12-42453' class='easy-footnote-margin-adjust'><\/span><span class='easy-footnote'><a href='http:\/\/vincentians.com\/es\/la-eucaristia-epifania-de-dialogo-y-de-comunion-el-ejemplo-de-san-justino-de-jacobis\/#easy-footnote-bottom-12-42453' title='Se trata de dos sacerdotes, los PP. Poussou, Prefecto Apost\u00f3lico, y Rey\u00adgasse y de un coadjutor H. Martin, todos de nacionalidad francesa&amp;#8230;'><sup>12<\/sup><\/a><\/span> Justino zarp\u00f3, a su vez, de Civitavecchia, para Alejandr\u00eda de Egipto, desde donde despu\u00e9s habr\u00eda continuado para Massawa, sobre las quebradas e insidiosas costas del mar Rojo. Despu\u00e9s de dos d\u00edas de navegaci\u00f3n, la nave arrib\u00f3 al puerto de la Valleta, en Malta, primera etapa de un viaje que hab\u00eda resultado m\u00e1s largo y dif\u00edcil de lo previsto. Al d\u00eda siguiente, de madrugada, De Jacobis se acerc\u00f3 a la catedral de S. Juan para celebrar la Eucarist\u00eda. Era la primera misa celebrada en el viaje para llegar a su misi\u00f3n en tierra de \u00c1frica.<\/p>\n<p>Justino celebr\u00f3 con su fervor acostumbrado, demor\u00e1ndose junto al altar por casi una hora. Los testigos oculares lo cuentan as\u00ed:<em> Hemos<\/em><em> <\/em><em>asistido a su misa y hemos visto al Ni\u00f1o Jes\u00fas sobre su cabeza, desde<\/em><em> <\/em><em>la elevaci\u00f3n hasta la comuni\u00f3n<\/em>.<span id='easy-footnote-13-42453' class='easy-footnote-margin-adjust'><\/span><span class='easy-footnote'><a href='http:\/\/vincentians.com\/es\/la-eucaristia-epifania-de-dialogo-y-de-comunion-el-ejemplo-de-san-justino-de-jacobis\/#easy-footnote-bottom-13-42453' title='Cf.&lt;em&gt; Summarium&lt;\/em&gt;, n. VI, 191.'><sup>13<\/sup><\/a><\/span> Signo y gracia de la evangelizaci\u00f3n que Justino habr\u00eda de llevar adelante, al paso que avanzaba tambi\u00e9n en su santidad.<\/p>\n<p>Estos episodios, narrados con una franca sencillez franciscana, son un testimonio acreditado de la consolidada espiritualidad euca\u00adr\u00edstica de San Justino, de la que \u00e9l supo sacar la fuerza secreta para un ministerio fructuoso e incisivo, como se manifestar\u00eda luego en Abisinia.<\/p>\n<h2><strong>2. La Eucarist\u00eda, coraz\u00f3n del di\u00e1logo ecum\u00e9nico<\/strong><\/h2>\n<p>El encuentro con el luterano Dr. Wilhelm Schimper constituy\u00f3 un acontecimiento decisivo en la metodolog\u00eda misionera que adoptar\u00e1 como consecuencia San Justino de Jacobis. El Dr. Schimper hab\u00eda llegado a Abisinia en 1832 para una espec\u00edfica misi\u00f3n cient\u00edfica por encargo de una sociedad de naturalistas de W\u00fcnttemburg (Alema\u00adnia). Entregado con entusiasmo al estudio de la flora del Tigr\u00e1y, con el tiempo reuni\u00f3 preciosas colecciones que pasaron a enriquecer los mejores museos de Europa, incluso los del Vaticano.<\/p>\n<p>El encuentro con De Jacobis hizo madurar en \u00e9l, el deseo de hacerse cat\u00f3lico:<em> \u00ab[&#8230;] todo lo que he visto en vosotros, me ha dado la<\/em><em> <\/em><em>convicci\u00f3n de que Jesucristo est\u00e1 en vosotros. [&#8230;] es como si yo<\/em><em> <\/em><em>viniese a descubrir la vida de Cristo que vosotros imit\u00e1is y esto me da<\/em><em> <\/em><em>una gran confianza<\/em>\u00ab.<span id='easy-footnote-14-42453' class='easy-footnote-margin-adjust'><\/span><span class='easy-footnote'><a href='http:\/\/vincentians.com\/es\/la-eucaristia-epifania-de-dialogo-y-de-comunion-el-ejemplo-de-san-justino-de-jacobis\/#easy-footnote-bottom-14-42453' title='&lt;em&gt;Diario&lt;\/em&gt;, parte II, C.L.V.-Edizioni Vincenziane, Roma 2000, 448-449.'><sup>14<\/sup><\/a><\/span>\n<p>El Dr. Schimper, acostumbrado a aceptar \u00fanicamente los datos que resultan de una seria investigaci\u00f3n cient\u00edfica, encontr\u00f3 parti\u00adcularmente dif\u00edcil aceptar el misterio de la presencia real en a Euca\u00adrist\u00eda.<em> \u00abNecesito [&#8230;] aclararme sobre aquellos puntos en los que mi<\/em><em> <\/em><em>raz\u00f3n no puede estar de acuerdo con la fe\u00bb<\/em>.<span id='easy-footnote-15-42453' class='easy-footnote-margin-adjust'><\/span><span class='easy-footnote'><a href='http:\/\/vincentians.com\/es\/la-eucaristia-epifania-de-dialogo-y-de-comunion-el-ejemplo-de-san-justino-de-jacobis\/#easy-footnote-bottom-15-42453' title='&lt;em&gt;Ibid.&lt;\/em&gt;, 425-426. Esta petici\u00f3n a De Jacobis se convertir\u00e1 en una letan\u00eda in\u00adterminable:&lt;em&gt; \u00ab[&amp;#8230;]pido al menos ser ilustrado [&amp;#8230;]\u00bb&lt;\/em&gt;(&lt;em&gt;ibid.&lt;\/em&gt;, 425, 426, 451, etc&amp;#8230;).'><sup>15<\/sup><\/a><\/span> Siguiendo sus pensa\u00admientos, declara sin medios t\u00e9rminos<em> \u00ab[&#8230;] lo que yo quiero abrazar es<\/em><em> <\/em><em>la verdad\u00bb<\/em>.<span id='easy-footnote-16-42453' class='easy-footnote-margin-adjust'><\/span><span class='easy-footnote'><a href='http:\/\/vincentians.com\/es\/la-eucaristia-epifania-de-dialogo-y-de-comunion-el-ejemplo-de-san-justino-de-jacobis\/#easy-footnote-bottom-16-42453' title='&lt;em&gt;Ibid.&lt;\/em&gt;, 427.'><sup>16<\/sup><\/a><\/span>\n<p>En Europa, los siglos XVII y XVIII, que son los siglos en los que se funda y se desarrolla a Congregaci\u00f3n de la Misi\u00f3n, representan un cuadro hist\u00f3rico muy interesante, porque se encuentran en una encrucijada, A las nuevas cuestiones que se proponen, en un periodo en el que la fe y la raz\u00f3n se colocan en posturas irreconciliables, se dan dos respuestas: la del ultramontanismo, que intenta<em> conmover<\/em><em> <\/em>por la est\u00e9tica y la de las Luces (Voltaire, Kant, etc.)<span id='easy-footnote-17-42453' class='easy-footnote-margin-adjust'><\/span><span class='easy-footnote'><a href='http:\/\/vincentians.com\/es\/la-eucaristia-epifania-de-dialogo-y-de-comunion-el-ejemplo-de-san-justino-de-jacobis\/#easy-footnote-bottom-17-42453' title='Justino a\u00f1ade otro&lt;em&gt; \u00ab[ &amp;#8230;] Robespierre Gran Sacerdote della Ragione [&amp;#8230;]\u00bb&lt;\/em&gt;&lt;em&gt; &lt;\/em&gt;(&lt;em&gt;ibid.&lt;\/em&gt;, 434).'><sup>17<\/sup><\/a><\/span> deseosos de convencer por la \u00e9tica.<\/p>\n<p>Precisamente para ayudar al racionalista<span id='easy-footnote-18-42453' class='easy-footnote-margin-adjust'><\/span><span class='easy-footnote'><a href='http:\/\/vincentians.com\/es\/la-eucaristia-epifania-de-dialogo-y-de-comunion-el-ejemplo-de-san-justino-de-jacobis\/#easy-footnote-bottom-18-42453' title='Comentando esta peculiaridad protestante, De Jacobis se expresa as\u00ed: &lt;em&gt;\u00ab[&amp;#8230;] hombre tan racionalistas a los que pertenecen muchos Protestantes\u00bb&lt;\/em&gt;&lt;em&gt; &lt;\/em&gt;(&lt;em&gt;ibid.&lt;\/em&gt;, 436).'><sup>18<\/sup><\/a><\/span> Dr. Schimper en su b\u00fasqueda fatigosa, pero tanto m\u00e1s determinada b\u00fasqueda de la ver\u00addad, De Jacobis escribi\u00f3, expresamente para \u00e9l, un breve pero denso texto sobre la Eucarist\u00eda, una especie de Peque\u00f1a Suma de Teolog\u00eda Eucar\u00edstica (<em>\u00abSummula thelog\u00edae eucaristicae\u00bb<\/em>). Comentando la pre\u00adgunta sincera de Schimper, Justino se expresaba en estos t\u00e9rminos: <em>\u00ab[&#8230;] no le faltaba, [&#8230;] m\u00e1s que el don de la fe\u00bb<\/em>;<span id='easy-footnote-19-42453' class='easy-footnote-margin-adjust'><\/span><span class='easy-footnote'><a href='http:\/\/vincentians.com\/es\/la-eucaristia-epifania-de-dialogo-y-de-comunion-el-ejemplo-de-san-justino-de-jacobis\/#easy-footnote-bottom-19-42453' title='&lt;em&gt;Ibid.&lt;\/em&gt;, parte III, 619.'><sup>19<\/sup><\/a><\/span> palabras que dejan entender una valoraci\u00f3n lisonjera del personaje en cuesti\u00f3n. Y que la b\u00fasqueda de la verdad fuera el valor prioritario y la mayor preocu\u00adpaci\u00f3n de entrambos, brota con fuerza desde los textos: nueve veces en las dos cartas<span id='easy-footnote-20-42453' class='easy-footnote-margin-adjust'><\/span><span class='easy-footnote'><a href='http:\/\/vincentians.com\/es\/la-eucaristia-epifania-de-dialogo-y-de-comunion-el-ejemplo-de-san-justino-de-jacobis\/#easy-footnote-bottom-20-42453' title='Cf. 24 febbraio 1843, in&lt;em&gt; Diario&lt;\/em&gt;, parte II, 424-428; cf. 8 aprile 1843,&lt;em&gt; ibid.&lt;\/em&gt;, 448-453.'><sup>20<\/sup><\/a><\/span> de Schimper y seis veces en el texto de Justino sobre la Eucarist\u00eda,<span id='easy-footnote-21-42453' class='easy-footnote-margin-adjust'><\/span><span class='easy-footnote'><a href='http:\/\/vincentians.com\/es\/la-eucaristia-epifania-de-dialogo-y-de-comunion-el-ejemplo-de-san-justino-de-jacobis\/#easy-footnote-bottom-21-42453' title='Cf. 18 marzo 1843,&lt;em&gt; ibid.&lt;\/em&gt;, 428-442.'><sup>21<\/sup><\/a><\/span> refiri\u00e9ndose a su b\u00fasqueda, se habla de un asunto sostenido por<em> \u00abamantes de la verdad\u00bb<\/em>.<span id='easy-footnote-22-42453' class='easy-footnote-margin-adjust'><\/span><span class='easy-footnote'><a href='http:\/\/vincentians.com\/es\/la-eucaristia-epifania-de-dialogo-y-de-comunion-el-ejemplo-de-san-justino-de-jacobis\/#easy-footnote-bottom-22-42453' title='&lt;em&gt;Ibid.&lt;\/em&gt;, 431.'><sup>22<\/sup><\/a><\/span> La suya es una especie de misi\u00f3n com\u00fan en la que el culto apasionado a la Verdad les capa\u00adcita para un ministerio diverso, mas complementario, al interno de la comunidad de los creyentes:<em> \u00abCon tantas razones para estar separados<\/em><em> <\/em><em>entre nosotros para siempre, el buen Dios hab\u00eda dado a nuestras almas<\/em><em> <\/em><em>una condici\u00f3n tal que desde el momento que nos encontramos, ya no<\/em><em> <\/em><em>pod\u00edamos sino estar juntos, y abrir mutuamente nuestro coraz\u00f3n para<\/em><em> <\/em><em>descubrir e mandato que nos hab\u00edan dado al enviarnos a Abisinia y que<\/em><em> <\/em><em>ten\u00edamos que cumplir. [&#8230;] somos dos seres privilegiados, destinados<\/em><em> <\/em><em>a realizar el designio amoroso del verdadero amigo de los hombres,<\/em><em> <\/em><em>[&#8230;] Se\u00f1or he aqu\u00ed la finalidad de nuestra vocaci\u00f3n que el buen Dios<\/em><em> <\/em><em>nos ha dado envi\u00e1ndonos a Abisinia\u00bb<\/em>.<span id='easy-footnote-23-42453' class='easy-footnote-margin-adjust'><\/span><span class='easy-footnote'><a href='http:\/\/vincentians.com\/es\/la-eucaristia-epifania-de-dialogo-y-de-comunion-el-ejemplo-de-san-justino-de-jacobis\/#easy-footnote-bottom-23-42453' title='&lt;em&gt;Ibid.&lt;\/em&gt;, 428-430; cf.&lt;em&gt; Epistolario&lt;\/em&gt;, 931.'><sup>23<\/sup><\/a><\/span> La fuerza del amor intensifica la cualidad y el empe\u00f1o de la investigaci\u00f3n. Este ardiente amor lo ha esperimentado todo el que con esfuerzo y tenacidad ha conseguido llegar felizmente al puerto de la verdad,<span id='easy-footnote-24-42453' class='easy-footnote-margin-adjust'><\/span><span class='easy-footnote'><a href='http:\/\/vincentians.com\/es\/la-eucaristia-epifania-de-dialogo-y-de-comunion-el-ejemplo-de-san-justino-de-jacobis\/#easy-footnote-bottom-24-42453' title='Cf. S. AGOSTIN,&lt;em&gt; Confessioni&lt;\/em&gt;, lib. 7, 10, 18; 10, 27, en&lt;em&gt; C.S.E.L.&lt;\/em&gt;, 33, 157- 163, 255.'><sup>24<\/sup><\/a><\/span> felicidad colmada, en la perspectiva indicada por el Maestro:<em> \u00abLa verdad os har\u00e1 libres\u00bb.<\/em><\/p>\n<p>La petici\u00f3n del Dr. Schimper no pod\u00eda ser m\u00e1s expl\u00edcita y con\u00adcreta:<em> \u00abYa que vuestro amor puede servirme como un medio de ilumi\u00ad<\/em><em>naci\u00f3n, os suplico que me hag\u00e1is alguna peque\u00f1a observaci\u00f3n, sencilla<\/em><em> <\/em><em>y breve, [&#8230;] sobre lo que se refiere a la comuni\u00f3n, de modo que [&#8230;] yo<\/em><em> <\/em><em>pueda repetir [&#8230;] la presencia real de Cristo que est\u00e1 en la hostia y en<\/em><em> <\/em><em>el vino, que son su carne y su sangre. No me falta m\u00e1s que esto para<\/em><em> <\/em><em>ser cat\u00f3lico y declararme tal. [&#8230;] no me atrevo a pensar que sea un<\/em><em> <\/em><em>buen cat\u00f3lico si no poseo una completa prueba o certeza de que en la<\/em><em> <\/em><em>comuni\u00f3n est\u00e1 la verdadera presencia de Cristo\u00bb<\/em>.<span id='easy-footnote-25-42453' class='easy-footnote-margin-adjust'><\/span><span class='easy-footnote'><a href='http:\/\/vincentians.com\/es\/la-eucaristia-epifania-de-dialogo-y-de-comunion-el-ejemplo-de-san-justino-de-jacobis\/#easy-footnote-bottom-25-42453' title='&lt;em&gt;Diario&lt;\/em&gt;, parte II, 426-427. Lutero, que cre\u00eda en la presencia real, pero de un modo diverso al cat\u00f3lico, rechazaba el concepto escol\u00e1stico de transibstan\u00adciaci\u00f3n. La fidelidad a la Palabra de Dios le hac\u00eda rechazar algunas de las pr\u00e1cticas m\u00e1s recientes de su tiempo.&lt;em&gt; Celebrar la Cena del Se\u00f1or&lt;\/em&gt; implicaba la comuni\u00f3n efectiva de los cristianos. La comuni\u00f3n bajo las dos especies, el&lt;em&gt; utraqueismo&lt;\/em&gt;, ven\u00eda de la instituci\u00f3n de la Cena por parte de Cristo. Sobre este terreno surgi\u00f3 el desacuerdo entre los reformadores Despu\u00e9s Karlstadt y tambi\u00e9n Zwinglio se separ\u00f3 de Lutero, porque la Cena era la representaci\u00f3n simb\u00f3lica del sacrificio del Calvario, mientras para Calvino, Cristo se da en el momento mismo de la comuni\u00f3n. Diso no necesita del pan ni del vino para comunicar su gracia, sino que lo hace independientemente, por obra del Esp\u00edritu.'><sup>25<\/sup><\/a><\/span> Disponi\u00e9ndose con caridad pastoral a acoger la petici\u00f3n del cient\u00edfico tedesco, De Jaco-bis anticipa la sensibilidad y los contenidos del documento conciliar sobre el ecumenismo, hasta en sus mismas palabras:<em> \u00ab[&#8230;1 ha llegado<\/em><em> <\/em><em>el momento en que el buen Dios quiere dar una bella prueba a nuestros<\/em><em> <\/em><em>hermanos separados del inefable querido misterio de la presencia real<\/em><em> <\/em><em>de Jesucristo [&#8230;] nuestro hermanos no tienen ya gran dificultad para<\/em><em> <\/em><em>unirse a los hermanos amados en la gran casa de nuestro Padre<\/em><em> <\/em><em>com\u00fan\u00bb<\/em>.<span id='easy-footnote-26-42453' class='easy-footnote-margin-adjust'><\/span><span class='easy-footnote'><a href='http:\/\/vincentians.com\/es\/la-eucaristia-epifania-de-dialogo-y-de-comunion-el-ejemplo-de-san-justino-de-jacobis\/#easy-footnote-bottom-26-42453' title='&lt;em&gt;Ibid.&lt;\/em&gt;, 429; cf.&lt;em&gt; Epistolario&lt;\/em&gt;, 739, 777 y 905; cf.&lt;em&gt; Unitatis redintegratio&lt;\/em&gt;, cap. I, 3; cap. II, p. 12. La fecunda expresi\u00f3n&lt;strong&gt;&lt;em&gt; \u00abel buen Dios\u00bb&lt;\/em&gt;&lt;\/strong&gt;, repetida muchas veces por Justino, evoca el soplo m\u00edstico de an\u00e1logas expresiones en Santa Teresa del Ni\u00f1o Jes\u00fas:&lt;em&gt; \u00abSi una ma\u00f1ana, me encontr\u00e1is muerta, no teng\u00e1is&lt;\/em&gt;&lt;em&gt; &lt;\/em&gt;&lt;em&gt;pena; es simplemente que el&lt;strong&gt; Buen Dios&lt;\/strong&gt; habr\u00e1 venido a buscarme\u00bb&lt;\/em&gt; (&lt;em&gt;Nov\u00edssima&lt;\/em&gt;&lt;em&gt; &lt;\/em&gt;&lt;em&gt;Verba&lt;\/em&gt;, 28).'><sup>26<\/sup><\/a><\/span> Se\u00f1al \u00e9sta de que los santos, bajo la acci\u00f3n iluminadora del Esp\u00edritu Santo, anticipan intuiciones y valores que a los cristia\u00adnos nos es dado recoger s\u00f3lo gradual y fatigosamente, en un lapso de tiempo mucho mayor.<\/p>\n<p>Sorprendentemente a\u00fan antes de adentrarse en la viva discusi\u00f3n teol\u00f3gica y sin esperar a hacer el balance de sus argumentos sobre la eucarist\u00eda, San Justino de Jacobis hace una declaraci\u00f3n de amor respecto a sus hermanos separados:<em> \u00ab[..] i Protestantes que yo amo \u00ab<\/em>.<span id='easy-footnote-27-42453' class='easy-footnote-margin-adjust'><\/span><span class='easy-footnote'><a href='http:\/\/vincentians.com\/es\/la-eucaristia-epifania-de-dialogo-y-de-comunion-el-ejemplo-de-san-justino-de-jacobis\/#easy-footnote-bottom-27-42453' title='&lt;em&gt;Diario&lt;\/em&gt;, parte II, 430. Las expresiones de estima hacia los protestantes son numerosas:&lt;em&gt; \u00ab[..] tengo la m\u00e1s favorable opini\u00f3n sobre los conocimientos y&lt;\/em&gt;&lt;em&gt; &lt;\/em&gt;&lt;em&gt;sobre el esp\u00edritu de las naciones del Norte [..]\u00bb&lt;\/em&gt; (&lt;em&gt;ibid.&lt;\/em&gt;, 433),&lt;em&gt; \u00ab[..] una naci\u00f3n&lt;\/em&gt;&lt;em&gt; &lt;\/em&gt;&lt;em&gt;ilustrada cono lo son en general los cristianos del Norte [..]\u00bb&lt;\/em&gt; (&lt;em&gt;ibid.&lt;\/em&gt;, 436), &lt;em&gt;\u00ab[..] entre los protestantes hay personas verdaderamente instruidas\u00bb&lt;\/em&gt; (&lt;em&gt;ibid.&lt;\/em&gt;).'><sup>27<\/sup><\/a><\/span> Para \u00e9l, a\u00fan incluso antes que fijar donde est\u00e1 la verdad, es de ca\u00adpital importancia buscar el fundamento de la unidad y la concor\u00addia, porque<em> \u00abAl atardecer de la vida nos examinar\u00e1n sobre el amor\u00bb<\/em>.<span id='easy-footnote-28-42453' class='easy-footnote-margin-adjust'><\/span><span class='easy-footnote'><a href='http:\/\/vincentians.com\/es\/la-eucaristia-epifania-de-dialogo-y-de-comunion-el-ejemplo-de-san-justino-de-jacobis\/#easy-footnote-bottom-28-42453' title='S. JUAN DE LA CROCE,&lt;em&gt; Parole di luce e di amore&lt;\/em&gt;, n. 57.'><sup>28<\/sup><\/a><\/span> Y la Eucarist\u00eda es la cumbre y la fuente inagotable del mandamiento del amor.<em> \u00abY sobre todo esto, la caridad que es el v\u00ednculo de toda<\/em><em> <\/em><em>perfecci\u00f3n\u00bb<\/em> (Col. 3,14). Amor que distingue a los seguidores de Jes\u00fas: <em>\u00abEn esto conocer\u00e1n que sois mis disc\u00edpulos, en que os am\u00e9is los unos a<\/em><em> <\/em><em>los otros\u00bb<\/em> (Jn. 13,35), amor que fundamenta la comuni\u00f3n entre os hombres, condici\u00f3n indispensable para una comuni\u00f3n duradera con Dios y entre s\u00ed:<em> \u00ab[..] los que est\u00e1n unidos por el amor, lo est\u00e1n inse\u00ad<\/em><em>parablemente para siempre\u00bb<\/em>.<span id='easy-footnote-29-42453' class='easy-footnote-margin-adjust'><\/span><span class='easy-footnote'><a href='http:\/\/vincentians.com\/es\/la-eucaristia-epifania-de-dialogo-y-de-comunion-el-ejemplo-de-san-justino-de-jacobis\/#easy-footnote-bottom-29-42453' title='&lt;em&gt;Diario&lt;\/em&gt;, parte II, 428.'><sup>29<\/sup><\/a><\/span>\n<p>Lo que dice el pensamiento, su contenido, y el sentir \u00edntimo del coraz\u00f3n de Justino de Jacobis est\u00e1n en perfecta sinton\u00eda con el esp\u00ed\u00adritu ecum\u00e9nico del Beato Juan XXIII, del Vaticano II y del magisterio ordinario de la Iglesia:<em> \u00abEs mucho m\u00e1s fuerte lo que nos une que lo<\/em><em> <\/em><em>que nos separa<\/em>\u00ab.<span id='easy-footnote-30-42453' class='easy-footnote-margin-adjust'><\/span><span class='easy-footnote'><a href='http:\/\/vincentians.com\/es\/la-eucaristia-epifania-de-dialogo-y-de-comunion-el-ejemplo-de-san-justino-de-jacobis\/#easy-footnote-bottom-30-42453' title='JUAN XXIII,&lt;em&gt; Ad Petri Cathedram&lt;\/em&gt;, 29\/VI\/1959, p. 513;&lt;em&gt; Gaudium ete Spes&lt;\/em&gt;, 92; JUAN PABLO II,&lt;em&gt; Ut unum sint&lt;\/em&gt;, 25\/V\/1995, 1, p. 20.'><sup>30<\/sup><\/a><\/span><sup><br \/>\n<\/sup><\/p>\n<h2><strong>3. \u00abSe trata de hacer justicia a la verdad\u00bb<\/strong><span id='easy-footnote-31-42453' class='easy-footnote-margin-adjust'><\/span><span class='easy-footnote'><a href='http:\/\/vincentians.com\/es\/la-eucaristia-epifania-de-dialogo-y-de-comunion-el-ejemplo-de-san-justino-de-jacobis\/#easy-footnote-bottom-31-42453' title='&lt;em&gt;Diario&lt;\/em&gt;, parte II, 430; para semejanzas paulinas, v\u00e9ase Ef. 4,15.24.'><sup>31<\/sup><\/a><\/span><\/h2>\n<p><em>\u00ab[..] os hall\u00e1is iluminados m\u00e1s que por el buen sentido, porque<\/em><em> <\/em><em>est\u00e1is animados de un vivo deseo de la verdad sobre las principales<\/em><em> <\/em><em>dificultades. [..] la fuerza de la verdad tiene un poder inmenso sobre<\/em><em> <\/em><em>almas como la vuestra\u00bb<\/em>.<span id='easy-footnote-32-42453' class='easy-footnote-margin-adjust'><\/span><span class='easy-footnote'><a href='http:\/\/vincentians.com\/es\/la-eucaristia-epifania-de-dialogo-y-de-comunion-el-ejemplo-de-san-justino-de-jacobis\/#easy-footnote-bottom-32-42453' title='&lt;em&gt;Ibid.&lt;\/em&gt;'><sup>32<\/sup><\/a><\/span> Estas reconocidas e innegables disposicio\u00adnes interiores del naturalista alem\u00e1n, muestran a De Jacobis particu\u00adlarmente audaz y al mismo tiempo exigente, al proponerle nuevas metas, cada vez m\u00e1s dif\u00edciles de conseguir, s\u00f3lo a costa de una entrega y constancia fuera de lo ordinario:<em> \u00abY como el amor hacia<\/em><em> <\/em><em>los amigos acerca a Jesucristo y el amor a Jesucristo acerca a los ami\u00ad<\/em><em>gos, yo satisfago uno y otro deber, gran deber de mi alma, ofreci\u00e9n\u00ad<\/em><em>doos por escrito las razones que dese\u00e1is\u00bb<\/em>.<span id='easy-footnote-33-42453' class='easy-footnote-margin-adjust'><\/span><span class='easy-footnote'><a href='http:\/\/vincentians.com\/es\/la-eucaristia-epifania-de-dialogo-y-de-comunion-el-ejemplo-de-san-justino-de-jacobis\/#easy-footnote-bottom-33-42453' title='&lt;em&gt;Ibid.&lt;\/em&gt;, 430-431. La lengua usada es el franc\u00e9s, a veces dif\u00edcil de com\u00adprender, porque no la dominan ninguno de los dos interlocutores:&lt;em&gt; \u00abOs pido&lt;\/em&gt;&lt;em&gt;(grandemente) perd\u00f3n por el inconveniente de mi escritura. No tengo un diccio\u00ad&lt;\/em&gt;&lt;em&gt;nario de la lengua que no conozco bien y que sin embargo querr\u00eda hablar cada&lt;\/em&gt;&lt;em&gt; &lt;\/em&gt;&lt;em&gt;vez que tengo el honor [&amp;#8230;] de escribiros\u00bb&lt;\/em&gt; (&lt;em&gt;Epistolario&lt;\/em&gt;, 78). \u00ab[&amp;#8230;] mi franc\u00e9s es un tanto salvaje y b\u00e1rbaro [&amp;#8230;]\u00bb (&lt;em&gt;ibid.&lt;\/em&gt;, 1075).'><sup>33<\/sup><\/a><\/span> Y San Justino ofrece al Dr. Schimper como fuentes de estudio, de investigaci\u00f3n y de refle\u00adxi\u00f3n, estos cinco medios fundamentales: 1\u00ba) El<em> depositum fidei<\/em> de la Iglesia:<em> \u00ab[&#8230;] hay que creer lo que la Iglesia ha cre\u00eddo siempre: y la Igle\u00adsia ha cre\u00eddo siempre la Presencia Real\u00bb<\/em>.<span id='easy-footnote-34-42453' class='easy-footnote-margin-adjust'><\/span><span class='easy-footnote'><a href='http:\/\/vincentians.com\/es\/la-eucaristia-epifania-de-dialogo-y-de-comunion-el-ejemplo-de-san-justino-de-jacobis\/#easy-footnote-bottom-34-42453' title='&lt;em&gt;Ibid.&lt;\/em&gt;'><sup>34<\/sup><\/a><\/span> Y a\u00f1ade con la detallada precisi\u00f3n de quien es consciente de la gran responsabilidad que pesa sobre quien transmite la verdad, como para poner en guardia a Schimper:<em> \u00abLas impresiones personales no son una buena gu\u00eda para<\/em><em> <\/em><em>nuestra fe, hay que referirse a las interpretaciones de la Iglesia pre\u00ad<\/em><em>sidida por su Jefe natural al que competen cuestiones como esta\u00bb<\/em>.<span id='easy-footnote-35-42453' class='easy-footnote-margin-adjust'><\/span><span class='easy-footnote'><a href='http:\/\/vincentians.com\/es\/la-eucaristia-epifania-de-dialogo-y-de-comunion-el-ejemplo-de-san-justino-de-jacobis\/#easy-footnote-bottom-35-42453' title='&lt;em&gt;Ibid.&lt;\/em&gt;, 431.'><sup>35<\/sup><\/a><\/span> 2\u00ba) La Sagrada Escritura en general y los Evangelios en particular: <em>\u00ab[&#8230;] un libro en el que el Esp\u00edritu Santo que lo ha escrito, se mani\u00ad<\/em><em>fiesta por doquier [&#8230;]\u00bb<\/em>,<span id='easy-footnote-36-42453' class='easy-footnote-margin-adjust'><\/span><span class='easy-footnote'><a href='http:\/\/vincentians.com\/es\/la-eucaristia-epifania-de-dialogo-y-de-comunion-el-ejemplo-de-san-justino-de-jacobis\/#easy-footnote-bottom-36-42453' title='&lt;em&gt;Ibid.&lt;\/em&gt;, 431-432.'><sup>36<\/sup><\/a><\/span><em> \u00ab[&#8230;] los Santos Padres han dicho que la<\/em><em> <\/em><em>Palabra de la Escritura est\u00e1 llena de grandes frutos\u00bb<\/em>.<span id='easy-footnote-37-42453' class='easy-footnote-margin-adjust'><\/span><span class='easy-footnote'><a href='http:\/\/vincentians.com\/es\/la-eucaristia-epifania-de-dialogo-y-de-comunion-el-ejemplo-de-san-justino-de-jacobis\/#easy-footnote-bottom-37-42453' title='&lt;em&gt;Ibid.&lt;\/em&gt;, 438.'><sup>37<\/sup><\/a><\/span><em> \u00abTomemos as\u00ed el<\/em><em> <\/em><em>Evangelio y le\u00e1mos, sin comentario alguno, el libro sobrehumano<\/em>.<span id='easy-footnote-38-42453' class='easy-footnote-margin-adjust'><\/span><span class='easy-footnote'><a href='http:\/\/vincentians.com\/es\/la-eucaristia-epifania-de-dialogo-y-de-comunion-el-ejemplo-de-san-justino-de-jacobis\/#easy-footnote-bottom-38-42453' title='&lt;em&gt;\u00abEvangelium sine glossa\u00bb&lt;\/em&gt;, sol\u00edan aconsejar San Francisco y una nutrida pl\u00e9yade de maestros espirituales.'><sup>38<\/sup><\/a><\/span> <em>[&#8230;]Despu\u00e9s continuando la lectura, entrad en el cap\u00edtulo 6 de San<\/em><em> <\/em><em>Juan y encontrar\u00e9is la escena de la multiplicaci\u00f3n de los panes; la nece\u00adsidad de la fe y finalmente el esc\u00e1ndalo de los cafarna\u00edtas ante la<\/em><em> <\/em><em>manera clara y repetida con que Jes\u00fas dice que es necesario comer su<\/em><em> <\/em><em>carne y beber su sangre para participar en la vida eterna\u00bb<\/em>.<span id='easy-footnote-39-42453' class='easy-footnote-margin-adjust'><\/span><span class='easy-footnote'><a href='http:\/\/vincentians.com\/es\/la-eucaristia-epifania-de-dialogo-y-de-comunion-el-ejemplo-de-san-justino-de-jacobis\/#easy-footnote-bottom-39-42453' title='&lt;em&gt;Diario&lt;\/em&gt;, parte II, 431-432.'><sup>39<\/sup><\/a><\/span> En el lute\u00adranismo la piedad eucar\u00edstica se fundamenta sobre todo en la Pala\u00adbra de Dios, ya que el sacramento es visto como una<em> palabra en acto<\/em>, que se demuestra por su misma presentaci\u00f3n. Gracias a su profunda teolog\u00eda de la Palabra y de los sacramentos, el luteranismo testimo\u00adnia que<em> la Cena<\/em> puede ser vivida como la misma Palabra en base a la cual el fiel es justificado por la fe y no por las obras de su piedad.<span id='easy-footnote-40-42453' class='easy-footnote-margin-adjust'><\/span><span class='easy-footnote'><a href='http:\/\/vincentians.com\/es\/la-eucaristia-epifania-de-dialogo-y-de-comunion-el-ejemplo-de-san-justino-de-jacobis\/#easy-footnote-bottom-40-42453' title='El luteranismo, fiel a la&lt;em&gt; Confessione di Augusta&lt;\/em&gt; (1530), ense\u00f1a una lec\u00adci\u00f3n que no ha perdido nada de su actualidad y que todas las iglesias deber\u00edan recordar m\u00e1s a menudo: la participaci\u00f3n en la Eucarist\u00eda como en otros sacramentos, tiene valor, s\u00f3lo en a fe y aprovecha espiritualmente s\u00f3lo por medio de la fe.'><sup>40<\/sup><\/a><\/span> 3\u00ba) Los libros de la Liturgia Ge\u2019ez:<em> \u00ab[&#8230;] El Libro Ritual de esta Iglesia<\/em><em> <\/em><em>es del tiempo de San Frumencio, de Atanasio, del siglo de oro de la fe<\/em><em> <\/em><em>cristiana. Ahora, dado que en este libro se encuentra expresada la creen\u00adcia cat\u00f3lica sobre la Presencia Real con f\u00f3rmulas quiz\u00e1 m\u00e1s vivas de las que tenemos en nuestro Ritual Latino [..], os pongo a disposici\u00f3n<\/em><em> <\/em><em>las palabras de la liturgia en la lengua original con su traducci\u00f3n;<\/em><em> <\/em><em>consultad por vuestra parte los Textos, pedid a los doctores [ ..]\u00bb<\/em>.<span id='easy-footnote-41-42453' class='easy-footnote-margin-adjust'><\/span><span class='easy-footnote'><a href='http:\/\/vincentians.com\/es\/la-eucaristia-epifania-de-dialogo-y-de-comunion-el-ejemplo-de-san-justino-de-jacobis\/#easy-footnote-bottom-41-42453' title='&lt;em&gt;Ibid.&lt;\/em&gt;, 429-430. La publicaci\u00f3n de los&lt;em&gt; Libri liturgici&lt;\/em&gt; ha representado para la Ortodoxia lo quee el Concilio de para el catolicismo. La publicaci\u00f3n de los textos lit\u00fargicos ha terminado con la fecunda creatividad y exuberancia de la liturgia ortodoxa.'><sup>41<\/sup><\/a><\/span> 4\u00ba) Los Padres de la Iglesia:<em> \u00ab[ ..] puedo asegurar que en la lectura de<\/em><em> <\/em><em>los Santos Padres, que ha sido una de mis casi continuas ocupacio\u00ad<\/em><em>nes, he encontrado por doquier la confirmaci\u00f3n de esta verdad\u00bb<\/em>.<span id='easy-footnote-42-42453' class='easy-footnote-margin-adjust'><\/span><span class='easy-footnote'><a href='http:\/\/vincentians.com\/es\/la-eucaristia-epifania-de-dialogo-y-de-comunion-el-ejemplo-de-san-justino-de-jacobis\/#easy-footnote-bottom-42-42453' title='&lt;em&gt;Diario&lt;\/em&gt;, parte II, 433.'><sup>42<\/sup><\/a><\/span> 5\u00ba) El magisterio solemne de la Iglesia y la historia del dogma: <em>\u00ab[..] La encuentro hasta en los m\u00e1s antiguos concilios\u00bb<\/em>.<span id='easy-footnote-43-42453' class='easy-footnote-margin-adjust'><\/span><span class='easy-footnote'><a href='http:\/\/vincentians.com\/es\/la-eucaristia-epifania-de-dialogo-y-de-comunion-el-ejemplo-de-san-justino-de-jacobis\/#easy-footnote-bottom-43-42453' title='&lt;em&gt;Ibid.&lt;\/em&gt;'><sup>43<\/sup><\/a><\/span> <em>\u00abEs lo que<\/em><em> <\/em><em>nos dice el Concilio de Florencia cuando hablando de las ofrendas de la<\/em><em> <\/em><em>comuni\u00f3n, nos dice que se trata de la coadunatio hominis ad Chris\u00ad<\/em><em>tum\u00bb<\/em>.<span id='easy-footnote-44-42453' class='easy-footnote-margin-adjust'><\/span><span class='easy-footnote'><a href='http:\/\/vincentians.com\/es\/la-eucaristia-epifania-de-dialogo-y-de-comunion-el-ejemplo-de-san-justino-de-jacobis\/#easy-footnote-bottom-44-42453' title='&lt;em&gt;Ibid.&lt;\/em&gt;, 439. El Concilio de Florencia (1439-1442) es importante porque sancion\u00f3 la uni\u00f3n con la Iglesia Ortodoxa Griega.'><sup>44<\/sup><\/a><\/span> Aqu\u00ed San Justino recuerda oportunamente la \u00edntima conexi\u00f3n entre encuentro y eucarist\u00eda, donde encontrarse significa reconci\u00adliarse con los hombres y con Dios. Y precisamente en este contexto de fidelidad y de asentimiento interior al magisterio de la Iglesia, y por lo tanto de autentica comuni\u00f3n (<em>comun-uni\u00f3n<\/em>), es donde Jus\u00adtino coloca el peculiar ministerio petrino:<em> \u00ab[..] el Cat\u00f3lico quiere o\u00edr<\/em><em> <\/em><em>la voz misma de Dios a trav\u00e9s de aquel a quien Jesucristo ha dicho:<\/em><em> <\/em><em>el que os recibe, me recibe a m\u00ed mismo\u00bb<\/em>.<span id='easy-footnote-45-42453' class='easy-footnote-margin-adjust'><\/span><span class='easy-footnote'><a href='http:\/\/vincentians.com\/es\/la-eucaristia-epifania-de-dialogo-y-de-comunion-el-ejemplo-de-san-justino-de-jacobis\/#easy-footnote-bottom-45-42453' title='&lt;em&gt;Ibid.&lt;\/em&gt;, 435. Justino se refiere a Lc. 10,16:&lt;em&gt; \u00abEl que os escucha a vosotros me&lt;\/em&gt;&lt;em&gt; &lt;\/em&gt;&lt;em&gt;escucha a m\u00ed\u00bb&lt;\/em&gt;, o tambi\u00e9n a Mt. 10,40:&lt;em&gt; \u00abEl que os acoge, me acoge a m\u00ed\u00bb.&lt;\/em&gt;'><sup>45<\/sup><\/a><\/span>\n<p>La unidad pertenece a la naturaleza misma de la Iglesia, en su caracter\u00edsticas esenciales y en su notas fundamentales: una, santa cat\u00f3lica y apost\u00f3lica. Unidad como motivo sobre el que se basa su credibilidad en el mundo:<em> \u00abComo t\u00fa, Padre, est\u00e1s en m\u00ed y yo en ti, que<\/em><em> <\/em><em>tambi\u00e9n ellos sean uno, para que el mundo crea que t\u00fa me has<\/em><em> <\/em><em>enviado\u00bb<\/em> (Jn. 17,21).<\/p>\n<h2><strong>4. La Eucaristia, fuente de la misi\u00f3n<\/strong><\/h2>\n<p>El deber misionero de evangelizar a todas las gentes.<em> \u00abId, pues,<\/em><em> <\/em><em>y ense\u00f1ar a todas las naciones\u00bb<\/em> (Mt. 28,19), se basa en el bautismo que confiere el car\u00e1cter indeleble de<em> hijos de Dios<\/em>; eso comporta un estilo de vida cristiana, centrado sobre la propuesta evang\u00e9lica y sobre el cumplimiento de la Ley. De ello, la Eucarist\u00eda es la cumbre y el ejemplo m\u00e1s cabal. El anuncio del Evangelio tiene su n\u00facleo central en la Eucarist\u00eda como sacramento de comuni\u00f3n con Dios y con los hombres-hermanos. Hoy, m\u00e1s que nunca, la misi\u00f3n es comu\u00adnicaci\u00f3n de esta experiencia de comuni\u00f3n, compartiendo con los dem\u00e1s los frutos de un exigente compromiso de comuni\u00f3n y de soli\u00addariedad, sobre todo a favor de los m\u00e1s pobres. En ella est\u00e1n com\u00adprometidos todos los bautizados, cada uno conforme a la propia llamada, dentro de la comunidad eclesial. Es interesante notar la \u00edntima relaci\u00f3n que Justino establece entre la Eucarist\u00eda y el miste\u00adrio de la Encarnaci\u00f3n como voluntad reiterada por parte de Dios, de comunicar con el hombre, de establecer con \u00e9l una relaci\u00f3n cada vez m\u00e1s personal y duradera. En la encarnaci\u00f3n, Dios ha bajado en Cristo y ha asumido \u00e9l mismo la precariedad, los l\u00edmites, la fragilidad del ser humano:<em> \u00abA los que creemos en la comuni\u00f3n que se establece<\/em><em> <\/em><em>entre lo finito y el infinito, entre la debilidad y el poder, entre Dios y el<\/em><em> <\/em><em>hombre, en la gran obra de la Encarnaci\u00f3n, no debe parecernos impo\u00ad<\/em><em>sible, la otra comunicaci\u00f3n que podr\u00eda establecerse entre ellos, [&#8230;1 para<\/em><em> <\/em><em>los que creen en el misterio de la encarnaci\u00f3n no debe haber ninguna<\/em><em> <\/em><em>dificultad en creer en todos los medios misteriosos que el buen Dios<\/em><em> <\/em><em>ha usado para comunicarse con el hombre y sobre todo, a\u00f1ado yo,<\/em><em> <\/em><em>por medio de la comuni\u00f3n. [&#8230;1 Y por esto, \u00e9l ha unido la humanidad<\/em><em> <\/em><em>a Dios con lazos tan estrechos que son precisamente los lazos de la<\/em><em> <\/em><em>Encarnaci\u00f3n. [&#8230;1 Todos los otros sacramentos, por consiguiente,<\/em><em> <\/em><em>que nos ponen m\u00e1s o menos, en esta dichosa y noble comuni\u00f3n,<\/em><em> <\/em><em>no hacen sino referencia a esta mayor comunicaci\u00f3n que nos da,<\/em><em> <\/em><em>conforme a la afirmaci\u00f3n de Cristo, la vida eterna\u00bb<\/em>.<span id='easy-footnote-46-42453' class='easy-footnote-margin-adjust'><\/span><span class='easy-footnote'><a href='http:\/\/vincentians.com\/es\/la-eucaristia-epifania-de-dialogo-y-de-comunion-el-ejemplo-de-san-justino-de-jacobis\/#easy-footnote-bottom-46-42453' title='&lt;em&gt;Diario&lt;\/em&gt;, parte II, 436, 439-440. Conforme al genuino sentir de Justino, no es sino por la condescendencia y autodonaci\u00f3n de Dios por lo que nosotros recibimos el sacramento de la eucarist\u00eda.'><sup>46<\/sup><\/a><\/span> La Eucarist\u00eda representa el v\u00e9rtice al que tiende la actividad evangelizadora de la Iglesia, que tiene como prioridad absoluta, la de llevar a todos los hombres a la perfecta comuni\u00f3n con Dios por Jesucristo, sacramento universal de salvaci\u00f3n, que al entrar en su existencia, la transfor\u00admar\u00e1. La Eucarist\u00eda es la<em> pregustaci\u00f3n<\/em> de un mundo nuevo, en el que la solidariedad y la paz podr\u00e1n terminar con los pecados contra la unidad perpetrados a los largo de los siglos, por un hombre contra otro hombre (cf. Gen. 4,8 ss.). En esta perspectiva, la Eucarist\u00eda, como<em> sacramentum unitatis et caritatis<\/em>, representa la referencia final del ecumenismo empe\u00f1ado en la b\u00fasqueda de la unidad de la fe. La fe es el principio din\u00e1mico del origen de la misi\u00f3n, por medio de la cual el mundo llega a ser sacrificio vivo agradable a Dios.<\/p>\n<p>Adem\u00e1s de los aspectos que hemos considerado, para Justino de Jacobis se da una estrecha relaci\u00f3n entre eucarist\u00eda y compro\u00admiso moral, formaci\u00f3n de las conciencias y estilo de vida evang\u00e9lico.<\/p>\n<p>La eucarist\u00eda es una fuente perenne de fuerza moral que lleva nece\u00adsariamente al creyente al testimonio de los valores evang\u00e9licos en la sociedad en la que vive: \u00ab[ &#8230; ] los dogmas de la religi\u00f3n [ &#8230; ] inspiran una especie de culto religioso hacia los cuerpos que han recibido o se preparan para recibir un alimento totalmente divino. Hay que leer a San Pablo para conocer el uso victorioso que ha hecho para impedir los desordenes de la incontinencia o del adulterio y los m\u00e1s deplora\u00adbles de todos los desordenes sociales. Cuando manda honrar los cuerpos, hechos miembros de Jesucristo, no s\u00f3lo para una comuni\u00adcaci\u00f3n m\u00edstica y metaf\u00edsica, que apenas ejercen est\u00edmulo alguno en el coraz\u00f3n humano, sino para una comunicaci\u00f3n verdadera, justa, con\u00adtinua y a\u00fan material. Que sea tan poderosa en los fieles que les impida todos los abusos de una carne destinada a resucitar por el derecho que ha adquirido como consecuencia de la admisi\u00f3n a la comuni\u00f3n\u00bb.<span id='easy-footnote-47-42453' class='easy-footnote-margin-adjust'><\/span><span class='easy-footnote'><a href='http:\/\/vincentians.com\/es\/la-eucaristia-epifania-de-dialogo-y-de-comunion-el-ejemplo-de-san-justino-de-jacobis\/#easy-footnote-bottom-47-42453' title='&lt;em&gt;Ibid.&lt;\/em&gt;, 441. Para Justino el&lt;em&gt; eros&lt;\/em&gt; de la creatura es asumido y trasformado por el&lt;em&gt; \u00e1gape&lt;\/em&gt; de Cristo, viniendo as\u00ed a ser un abrazo transformante e beatifi\u00adcante en la comuni\u00f3n sacramental.'><sup>47<\/sup><\/a><\/span>\n<p>En el transcurso de los siglos, la Eucarist\u00eda ha infundido siempre nuevas energ\u00edas en las opciones impopulares y en los compromisos morales contra corriente que est\u00e1n llamados a asumir los cristianos. Aunque desgraciadamente tengamos que admitir que no son siempre distinos de los otros hombres a la hora de resistir la tentaci\u00f3n de la corrupci\u00f3n. A prop\u00f3sito, es importante recordar lo que afirma el Vaticano II:<em> \u00abEcclesia sancta et semper reformanda\u00bb<\/em>.<span id='easy-footnote-48-42453' class='easy-footnote-margin-adjust'><\/span><span class='easy-footnote'><a href='http:\/\/vincentians.com\/es\/la-eucaristia-epifania-de-dialogo-y-de-comunion-el-ejemplo-de-san-justino-de-jacobis\/#easy-footnote-bottom-48-42453' title='&lt;em&gt;Lumen Gentium&lt;\/em&gt;, 8.'><sup>48<\/sup><\/a><\/span> Para el cumpli\u00admiento del mandato misionero de la Iglesia es de capital importancia el testimonio de los cristianos. Juan Pablo II ha dado una ense\u00f1anza y un ejemplo autorizados:<em> \u00abNo hay testimonio sin testigos, como no<\/em><em> <\/em><em>hay misi\u00f3n sin misioneros\u00bb<\/em>.<span id='easy-footnote-49-42453' class='easy-footnote-margin-adjust'><\/span><span class='easy-footnote'><a href='http:\/\/vincentians.com\/es\/la-eucaristia-epifania-de-dialogo-y-de-comunion-el-ejemplo-de-san-justino-de-jacobis\/#easy-footnote-bottom-49-42453' title='&lt;em&gt;Redemptoris missio&lt;\/em&gt;, en&lt;em&gt; A.A.S.&lt;\/em&gt;, 83 (1991), 309-310.'><sup>49<\/sup><\/a><\/span>\n<h2><strong><em>Conclusi\u00f3n<\/em><\/strong><\/h2>\n<p>El luminoso ejemplo de San Justino debe inducir a los cristianos a testimoniar con m\u00e1s fuerza, convicci\u00f3n y coherencia la presencia de Dios en nuestra sociedad y a no tener miedo de hablar de \u00e9l, de bus\u00adcar personalmente la verdad y de ense\u00f1arla a los dem\u00e1s a hacer otro tanto. De la Eucarist\u00eda brot\u00f3 su audacia para confesar la fe en Cristo en los duros tiempos de la persecuci\u00f3n en Abisinia:<em> \u00abMisterio que<\/em><em> <\/em><em>nos hace considerar a todos los individuos de la familia humana como partes verdaderas del Cuerpo de Jesucristo; nos inspira un gran inter\u00e9s por hacer el bien a los dem\u00e1s y confortar a la humanidad que sufre\u00bb<\/em>.<span id='easy-footnote-50-42453' class='easy-footnote-margin-adjust'><\/span><span class='easy-footnote'><a href='http:\/\/vincentians.com\/es\/la-eucaristia-epifania-de-dialogo-y-de-comunion-el-ejemplo-de-san-justino-de-jacobis\/#easy-footnote-bottom-50-42453' title='&lt;em&gt;Diario&lt;\/em&gt;, parte II, 441-442.'><sup>50<\/sup><\/a><\/span>\n<p>Habiendo experimentado innumerables veces nuestra fragilidad y discontinuidad en la b\u00fasqueda de la unidad de la Iglesia, debemos rezar a fin de que Cristo venza nuestras resistencias y nos transforme a cada uno de nosotros de disc\u00edpulos miedosos en testimonios cre\u00ed\u00adbles de su amor en el mundo, en el que prevalezca la solidaridad, el di\u00e1logo, el respeto a las personas y una ilimitada confianza en la misericordia de Dios, manifestada en el misterio pascual de su Hijo Unig\u00e9nito.<\/p>\n<p>La Iglesia no debe nunca dejar de pedir que vuelvan los d\u00edas de la comuni\u00f3n y de la plena unidad de los creyentes en Cristo.<\/p>\n<p><em>Se\u00f1or, acu\u00e9rdate de cuanto has prometido.<br \/>\n\u00a1Haz que seamos un solo Pastor y un solo reba\u00f1o!<\/em><em> <\/em><em>No permitas que tu red se desgarre,<br \/>\ny ay\u00fadanos a ser servidores de la unidad<\/em>.<span id='easy-footnote-51-42453' class='easy-footnote-margin-adjust'><\/span><span class='easy-footnote'><a href='http:\/\/vincentians.com\/es\/la-eucaristia-epifania-de-dialogo-y-de-comunion-el-ejemplo-de-san-justino-de-jacobis\/#easy-footnote-bottom-51-42453' title='BENEDICTO XVI,&lt;em&gt; Homil\u00eda del 2 de abril de 2005&lt;\/em&gt;, en&lt;em&gt; El Observatore&lt;\/em&gt;&lt;em&gt; &lt;\/em&gt;&lt;em&gt;Romano&lt;\/em&gt;, 25 aprile, 2005, p. 5. Tambi\u00e9n San Justino habla de los tiempos feli\u00adces de la unidad, pero con un tierno acento mariano: Que el Inmaculado Coraz\u00f3n de Mar\u00eda haga, con su intercesi\u00f3n que pronto despunte el d\u00eda que [&amp;#8230;] deber\u00e1 llenar de tanto gozo a toda la Iglesia (&lt;em&gt;Epistolario&lt;\/em&gt;, 777).'><sup>51<\/sup><\/a><\/span><em> <\/em><\/p>\n<p>De la Eucarist\u00eda brotar\u00e1 la fuerza secreta que superar\u00e1 las fronte\u00adras de la divisi\u00f3n y las transformar\u00e1 en un mundo capaz de comu\u00adni\u00f3n a trav\u00e9s de la<em> diacon\u00eda<\/em> y del<em> agape<\/em>, sobre todo a favor de los que han soportado las consecuencias de las heridas de la discordia y de la divisi\u00f3n.<\/p>\n<p>&nbsp;<\/p>\n<p>&nbsp;<\/p>\n","protected":false},"excerpt":{"rendered":"<p>Introducci\u00f3n Abuna Yaqob Maryam \u2014 \u00abeste es el nombre con que me conocen en este pa\u00eds\u00bb \u2014, mor\u00eda el 31 de julio de 1860, rodeado amablemente de sus sacerdotes abisinios, en el ardiente y desolado &#8230; <a href=\"http:\/\/vincentians.com\/es\/la-eucaristia-epifania-de-dialogo-y-de-comunion-el-ejemplo-de-san-justino-de-jacobis\/\" class=\"more-link\">Read More<\/a><\/p>\n","protected":false},"author":4,"featured_media":46784,"comment_status":"open","ping_status":"open","sticky":false,"template":"","format":"standard","meta":{"jetpack_post_was_ever_published":false,"_jetpack_newsletter_access":"","_jetpack_dont_email_post_to_subs":false,"_jetpack_newsletter_tier_id":0,"_jetpack_memberships_contains_paywalled_content":false,"_jetpack_memberships_contains_paid_content":false,"footnotes":"","jetpack_publicize_message":"","jetpack_publicize_feature_enabled":true,"jetpack_social_post_already_shared":true,"jetpack_social_options":{"image_generator_settings":{"template":"highway","default_image_id":0,"font":"","enabled":false},"version":2}},"categories":[283],"tags":[233,143],"class_list":["post-42453","post","type-post","status-publish","format-standard","has-post-thumbnail","hentry","category-justino-de-jacobis","tag-abisinia","tag-san-lazaro"],"yoast_head":"<!-- This site is optimized with the Yoast SEO plugin v26.3 - https:\/\/yoast.com\/wordpress\/plugins\/seo\/ -->\n<title>La Eucarist\u00eda, Epifan\u00eda de Di\u00e1logo y de Comuni\u00f3n: el ejemplo de San Justino de Jacobis - Somos Vicencianos<\/title>\n<meta name=\"robots\" content=\"index, follow, max-snippet:-1, max-image-preview:large, max-video-preview:-1\" \/>\n<link rel=\"canonical\" href=\"http:\/\/vincentians.com\/es\/la-eucaristia-epifania-de-dialogo-y-de-comunion-el-ejemplo-de-san-justino-de-jacobis\/\" \/>\n<meta property=\"og:locale\" content=\"es_ES\" \/>\n<meta property=\"og:type\" content=\"article\" \/>\n<meta property=\"og:title\" content=\"La Eucarist\u00eda, Epifan\u00eda de Di\u00e1logo y de Comuni\u00f3n: el ejemplo de San Justino de Jacobis - Somos Vicencianos\" \/>\n<meta property=\"og:description\" content=\"Introducci\u00f3n Abuna Yaqob Maryam \u2014 \u00abeste es el nombre con que me conocen en este pa\u00eds\u00bb \u2014, mor\u00eda el 31 de julio de 1860, rodeado amablemente de sus sacerdotes abisinios, en el ardiente y desolado ... Read More\" \/>\n<meta property=\"og:url\" content=\"http:\/\/vincentians.com\/es\/la-eucaristia-epifania-de-dialogo-y-de-comunion-el-ejemplo-de-san-justino-de-jacobis\/\" \/>\n<meta property=\"og:site_name\" content=\"Somos Vicencianos\" \/>\n<meta property=\"article:publisher\" content=\"https:\/\/www.facebook.com\/WeAreVincentians\/\" \/>\n<meta property=\"article:author\" content=\"https:\/\/www.facebook.com\/JavierChento\" \/>\n<meta property=\"article:published_time\" content=\"2011-07-30T01:33:39+00:00\" \/>\n<meta name=\"author\" content=\"Francisco Javier Fern\u00e1ndez Chento\" \/>\n<meta name=\"twitter:card\" content=\"summary_large_image\" \/>\n<meta name=\"twitter:creator\" content=\"@https:\/\/twitter.com\/javierchento\" \/>\n<meta name=\"twitter:site\" content=\"@WeVincentians\" \/>\n<meta name=\"twitter:label1\" content=\"Escrito por\" \/>\n\t<meta name=\"twitter:data1\" content=\"Francisco Javier Fern\u00e1ndez Chento\" \/>\n\t<meta name=\"twitter:label2\" content=\"Tiempo de lectura\" \/>\n\t<meta name=\"twitter:data2\" content=\"28 minutos\" \/>\n<script type=\"application\/ld+json\" class=\"yoast-schema-graph\">{\"@context\":\"https:\/\/schema.org\",\"@graph\":[{\"@type\":\"Article\",\"@id\":\"http:\/\/vincentians.com\/es\/la-eucaristia-epifania-de-dialogo-y-de-comunion-el-ejemplo-de-san-justino-de-jacobis\/#article\",\"isPartOf\":{\"@id\":\"http:\/\/vincentians.com\/es\/la-eucaristia-epifania-de-dialogo-y-de-comunion-el-ejemplo-de-san-justino-de-jacobis\/\"},\"author\":{\"name\":\"Francisco Javier Fern\u00e1ndez Chento\",\"@id\":\"http:\/\/vincentians.com\/es\/#\/schema\/person\/9623ef4d9aa3b2dfb8c061f1499288f2\"},\"headline\":\"La Eucarist\u00eda, Epifan\u00eda de Di\u00e1logo y de Comuni\u00f3n: el ejemplo de San Justino de Jacobis\",\"datePublished\":\"2011-07-30T01:33:39+00:00\",\"mainEntityOfPage\":{\"@id\":\"http:\/\/vincentians.com\/es\/la-eucaristia-epifania-de-dialogo-y-de-comunion-el-ejemplo-de-san-justino-de-jacobis\/\"},\"wordCount\":5545,\"commentCount\":0,\"publisher\":{\"@id\":\"http:\/\/vincentians.com\/es\/#organization\"},\"image\":{\"@id\":\"http:\/\/vincentians.com\/es\/la-eucaristia-epifania-de-dialogo-y-de-comunion-el-ejemplo-de-san-justino-de-jacobis\/#primaryimage\"},\"thumbnailUrl\":\"\",\"keywords\":[\"Abisinia\",\"San L\u00e1zaro\"],\"articleSection\":[\"Justino de Jacobis\"],\"inLanguage\":\"es\",\"potentialAction\":[{\"@type\":\"CommentAction\",\"name\":\"Comment\",\"target\":[\"http:\/\/vincentians.com\/es\/la-eucaristia-epifania-de-dialogo-y-de-comunion-el-ejemplo-de-san-justino-de-jacobis\/#respond\"]}]},{\"@type\":\"WebPage\",\"@id\":\"http:\/\/vincentians.com\/es\/la-eucaristia-epifania-de-dialogo-y-de-comunion-el-ejemplo-de-san-justino-de-jacobis\/\",\"url\":\"http:\/\/vincentians.com\/es\/la-eucaristia-epifania-de-dialogo-y-de-comunion-el-ejemplo-de-san-justino-de-jacobis\/\",\"name\":\"La Eucarist\u00eda, Epifan\u00eda de Di\u00e1logo y de Comuni\u00f3n: el ejemplo de San Justino de Jacobis - Somos Vicencianos\",\"isPartOf\":{\"@id\":\"http:\/\/vincentians.com\/es\/#website\"},\"primaryImageOfPage\":{\"@id\":\"http:\/\/vincentians.com\/es\/la-eucaristia-epifania-de-dialogo-y-de-comunion-el-ejemplo-de-san-justino-de-jacobis\/#primaryimage\"},\"image\":{\"@id\":\"http:\/\/vincentians.com\/es\/la-eucaristia-epifania-de-dialogo-y-de-comunion-el-ejemplo-de-san-justino-de-jacobis\/#primaryimage\"},\"thumbnailUrl\":\"\",\"datePublished\":\"2011-07-30T01:33:39+00:00\",\"breadcrumb\":{\"@id\":\"http:\/\/vincentians.com\/es\/la-eucaristia-epifania-de-dialogo-y-de-comunion-el-ejemplo-de-san-justino-de-jacobis\/#breadcrumb\"},\"inLanguage\":\"es\",\"potentialAction\":[{\"@type\":\"ReadAction\",\"target\":[\"http:\/\/vincentians.com\/es\/la-eucaristia-epifania-de-dialogo-y-de-comunion-el-ejemplo-de-san-justino-de-jacobis\/\"]}]},{\"@type\":\"ImageObject\",\"inLanguage\":\"es\",\"@id\":\"http:\/\/vincentians.com\/es\/la-eucaristia-epifania-de-dialogo-y-de-comunion-el-ejemplo-de-san-justino-de-jacobis\/#primaryimage\",\"url\":\"\",\"contentUrl\":\"\"},{\"@type\":\"BreadcrumbList\",\"@id\":\"http:\/\/vincentians.com\/es\/la-eucaristia-epifania-de-dialogo-y-de-comunion-el-ejemplo-de-san-justino-de-jacobis\/#breadcrumb\",\"itemListElement\":[{\"@type\":\"ListItem\",\"position\":1,\"name\":\"Portada\",\"item\":\"http:\/\/vincentians.com\/es\/\"},{\"@type\":\"ListItem\",\"position\":2,\"name\":\"La Eucarist\u00eda, Epifan\u00eda de Di\u00e1logo y de Comuni\u00f3n: el ejemplo de San Justino de Jacobis\"}]},{\"@type\":\"WebSite\",\"@id\":\"http:\/\/vincentians.com\/es\/#website\",\"url\":\"http:\/\/vincentians.com\/es\/\",\"name\":\"Somos Vicencianos\",\"description\":\"Know more to serve more\",\"publisher\":{\"@id\":\"http:\/\/vincentians.com\/es\/#organization\"},\"potentialAction\":[{\"@type\":\"SearchAction\",\"target\":{\"@type\":\"EntryPoint\",\"urlTemplate\":\"http:\/\/vincentians.com\/es\/?s={search_term_string}\"},\"query-input\":{\"@type\":\"PropertyValueSpecification\",\"valueRequired\":true,\"valueName\":\"search_term_string\"}}],\"inLanguage\":\"es\"},{\"@type\":\"Organization\",\"@id\":\"http:\/\/vincentians.com\/es\/#organization\",\"name\":\"The Vincentian Network\",\"url\":\"http:\/\/vincentians.com\/es\/\",\"logo\":{\"@type\":\"ImageObject\",\"inLanguage\":\"es\",\"@id\":\"http:\/\/vincentians.com\/es\/#\/schema\/logo\/image\/\",\"url\":\"https:\/\/i1.wp.com\/vincentians.com\/es\/wp-content\/uploads\/sites\/11\/2016\/06\/Vincentian-Network-logo-big.png?fit=778%2C778\",\"contentUrl\":\"https:\/\/i1.wp.com\/vincentians.com\/es\/wp-content\/uploads\/sites\/11\/2016\/06\/Vincentian-Network-logo-big.png?fit=778%2C778\",\"width\":778,\"height\":778,\"caption\":\"The Vincentian Network\"},\"image\":{\"@id\":\"http:\/\/vincentians.com\/es\/#\/schema\/logo\/image\/\"},\"sameAs\":[\"https:\/\/www.facebook.com\/WeAreVincentians\/\",\"https:\/\/x.com\/WeVincentians\"]},{\"@type\":\"Person\",\"@id\":\"http:\/\/vincentians.com\/es\/#\/schema\/person\/9623ef4d9aa3b2dfb8c061f1499288f2\",\"name\":\"Francisco Javier Fern\u00e1ndez Chento\",\"image\":{\"@type\":\"ImageObject\",\"inLanguage\":\"es\",\"@id\":\"http:\/\/vincentians.com\/es\/#\/schema\/person\/image\/\",\"url\":\"https:\/\/secure.gravatar.com\/avatar\/497d5cde87b4c3d097d0315953521681ba2cd523ee66e5077c3711f7021e65de?s=96&d=mm&r=g\",\"contentUrl\":\"https:\/\/secure.gravatar.com\/avatar\/497d5cde87b4c3d097d0315953521681ba2cd523ee66e5077c3711f7021e65de?s=96&d=mm&r=g\",\"caption\":\"Francisco Javier Fern\u00e1ndez Chento\"},\"description\":\"Director General y cofundador de La Red de Formaci\u00f3n Vicenciana. Javier es laico vicenciano, afiliado a la Congregaci\u00f3n de la Misi\u00f3n y miembro del Equipo de Misiones Populares de la provincia can\u00f3nica de Zaragoza (Espa\u00f1a) de la Congregaci\u00f3n de la Misi\u00f3n. Graduado en la Universidad Oberta de Catalunya con cuatro grados (Asistente de direcci\u00f3n, Gesti\u00f3n Administrativa, Recursos Humanos y Contabilidad Avanzada). Bil\u00edng\u00fce Espa\u00f1ol\/Ingl\u00e9s. gestiona y mantiene varias p\u00e1ginas web cristianas y vicencianas, incluida including La Red de Formaci\u00f3n Vicenciana, de la que es cofundador. Actualmente es responsable del \u00e1rea de Espa\u00f1ol de .famvin, la Red de Noticias de la Familia Vicenciana. Tambi\u00e9n es m\u00fasico cat\u00f3lico y ha editado varios discos. Es Director General y cofundador de Trovador, una reconocida compa\u00f1\u00eda discogr\u00e1fica critiana de Espa\u00f1a. Trabaja en las Tecnolog\u00edas de la Informaci\u00f3n, ofreciendo servicios de alojamiento, dise\u00f1o y mantenimiento Web, as\u00ed como asesoramiento, formaci\u00f3n y soluciones inform\u00e1ticas, gesti\u00f3n documental y digitalizaci\u00f3n de textos, edici\u00f3n y maquetaci\u00f3n de libros, revistas, flyers, etc.\",\"sameAs\":[\"http:\/\/chento.org\",\"https:\/\/www.facebook.com\/JavierChento\",\"https:\/\/x.com\/https:\/\/twitter.com\/javierchento\"],\"url\":\"http:\/\/vincentians.com\/es\/author\/chento\/\"}]}<\/script>\n<!-- \/ Yoast SEO plugin. -->","yoast_head_json":{"title":"La Eucarist\u00eda, Epifan\u00eda de Di\u00e1logo y de Comuni\u00f3n: el ejemplo de San Justino de Jacobis - Somos Vicencianos","robots":{"index":"index","follow":"follow","max-snippet":"max-snippet:-1","max-image-preview":"max-image-preview:large","max-video-preview":"max-video-preview:-1"},"canonical":"http:\/\/vincentians.com\/es\/la-eucaristia-epifania-de-dialogo-y-de-comunion-el-ejemplo-de-san-justino-de-jacobis\/","og_locale":"es_ES","og_type":"article","og_title":"La Eucarist\u00eda, Epifan\u00eda de Di\u00e1logo y de Comuni\u00f3n: el ejemplo de San Justino de Jacobis - Somos Vicencianos","og_description":"Introducci\u00f3n Abuna Yaqob Maryam \u2014 \u00abeste es el nombre con que me conocen en este pa\u00eds\u00bb \u2014, mor\u00eda el 31 de julio de 1860, rodeado amablemente de sus sacerdotes abisinios, en el ardiente y desolado ... Read More","og_url":"http:\/\/vincentians.com\/es\/la-eucaristia-epifania-de-dialogo-y-de-comunion-el-ejemplo-de-san-justino-de-jacobis\/","og_site_name":"Somos Vicencianos","article_publisher":"https:\/\/www.facebook.com\/WeAreVincentians\/","article_author":"https:\/\/www.facebook.com\/JavierChento","article_published_time":"2011-07-30T01:33:39+00:00","author":"Francisco Javier Fern\u00e1ndez Chento","twitter_card":"summary_large_image","twitter_creator":"@https:\/\/twitter.com\/javierchento","twitter_site":"@WeVincentians","twitter_misc":{"Escrito por":"Francisco Javier Fern\u00e1ndez Chento","Tiempo de lectura":"28 minutos"},"schema":{"@context":"https:\/\/schema.org","@graph":[{"@type":"Article","@id":"http:\/\/vincentians.com\/es\/la-eucaristia-epifania-de-dialogo-y-de-comunion-el-ejemplo-de-san-justino-de-jacobis\/#article","isPartOf":{"@id":"http:\/\/vincentians.com\/es\/la-eucaristia-epifania-de-dialogo-y-de-comunion-el-ejemplo-de-san-justino-de-jacobis\/"},"author":{"name":"Francisco Javier Fern\u00e1ndez Chento","@id":"http:\/\/vincentians.com\/es\/#\/schema\/person\/9623ef4d9aa3b2dfb8c061f1499288f2"},"headline":"La Eucarist\u00eda, Epifan\u00eda de Di\u00e1logo y de Comuni\u00f3n: el ejemplo de San Justino de Jacobis","datePublished":"2011-07-30T01:33:39+00:00","mainEntityOfPage":{"@id":"http:\/\/vincentians.com\/es\/la-eucaristia-epifania-de-dialogo-y-de-comunion-el-ejemplo-de-san-justino-de-jacobis\/"},"wordCount":5545,"commentCount":0,"publisher":{"@id":"http:\/\/vincentians.com\/es\/#organization"},"image":{"@id":"http:\/\/vincentians.com\/es\/la-eucaristia-epifania-de-dialogo-y-de-comunion-el-ejemplo-de-san-justino-de-jacobis\/#primaryimage"},"thumbnailUrl":"","keywords":["Abisinia","San L\u00e1zaro"],"articleSection":["Justino de Jacobis"],"inLanguage":"es","potentialAction":[{"@type":"CommentAction","name":"Comment","target":["http:\/\/vincentians.com\/es\/la-eucaristia-epifania-de-dialogo-y-de-comunion-el-ejemplo-de-san-justino-de-jacobis\/#respond"]}]},{"@type":"WebPage","@id":"http:\/\/vincentians.com\/es\/la-eucaristia-epifania-de-dialogo-y-de-comunion-el-ejemplo-de-san-justino-de-jacobis\/","url":"http:\/\/vincentians.com\/es\/la-eucaristia-epifania-de-dialogo-y-de-comunion-el-ejemplo-de-san-justino-de-jacobis\/","name":"La Eucarist\u00eda, Epifan\u00eda de Di\u00e1logo y de Comuni\u00f3n: el ejemplo de San Justino de Jacobis - Somos Vicencianos","isPartOf":{"@id":"http:\/\/vincentians.com\/es\/#website"},"primaryImageOfPage":{"@id":"http:\/\/vincentians.com\/es\/la-eucaristia-epifania-de-dialogo-y-de-comunion-el-ejemplo-de-san-justino-de-jacobis\/#primaryimage"},"image":{"@id":"http:\/\/vincentians.com\/es\/la-eucaristia-epifania-de-dialogo-y-de-comunion-el-ejemplo-de-san-justino-de-jacobis\/#primaryimage"},"thumbnailUrl":"","datePublished":"2011-07-30T01:33:39+00:00","breadcrumb":{"@id":"http:\/\/vincentians.com\/es\/la-eucaristia-epifania-de-dialogo-y-de-comunion-el-ejemplo-de-san-justino-de-jacobis\/#breadcrumb"},"inLanguage":"es","potentialAction":[{"@type":"ReadAction","target":["http:\/\/vincentians.com\/es\/la-eucaristia-epifania-de-dialogo-y-de-comunion-el-ejemplo-de-san-justino-de-jacobis\/"]}]},{"@type":"ImageObject","inLanguage":"es","@id":"http:\/\/vincentians.com\/es\/la-eucaristia-epifania-de-dialogo-y-de-comunion-el-ejemplo-de-san-justino-de-jacobis\/#primaryimage","url":"","contentUrl":""},{"@type":"BreadcrumbList","@id":"http:\/\/vincentians.com\/es\/la-eucaristia-epifania-de-dialogo-y-de-comunion-el-ejemplo-de-san-justino-de-jacobis\/#breadcrumb","itemListElement":[{"@type":"ListItem","position":1,"name":"Portada","item":"http:\/\/vincentians.com\/es\/"},{"@type":"ListItem","position":2,"name":"La Eucarist\u00eda, Epifan\u00eda de Di\u00e1logo y de Comuni\u00f3n: el ejemplo de San Justino de Jacobis"}]},{"@type":"WebSite","@id":"http:\/\/vincentians.com\/es\/#website","url":"http:\/\/vincentians.com\/es\/","name":"Somos Vicencianos","description":"Know more to serve more","publisher":{"@id":"http:\/\/vincentians.com\/es\/#organization"},"potentialAction":[{"@type":"SearchAction","target":{"@type":"EntryPoint","urlTemplate":"http:\/\/vincentians.com\/es\/?s={search_term_string}"},"query-input":{"@type":"PropertyValueSpecification","valueRequired":true,"valueName":"search_term_string"}}],"inLanguage":"es"},{"@type":"Organization","@id":"http:\/\/vincentians.com\/es\/#organization","name":"The Vincentian Network","url":"http:\/\/vincentians.com\/es\/","logo":{"@type":"ImageObject","inLanguage":"es","@id":"http:\/\/vincentians.com\/es\/#\/schema\/logo\/image\/","url":"https:\/\/i1.wp.com\/vincentians.com\/es\/wp-content\/uploads\/sites\/11\/2016\/06\/Vincentian-Network-logo-big.png?fit=778%2C778","contentUrl":"https:\/\/i1.wp.com\/vincentians.com\/es\/wp-content\/uploads\/sites\/11\/2016\/06\/Vincentian-Network-logo-big.png?fit=778%2C778","width":778,"height":778,"caption":"The Vincentian Network"},"image":{"@id":"http:\/\/vincentians.com\/es\/#\/schema\/logo\/image\/"},"sameAs":["https:\/\/www.facebook.com\/WeAreVincentians\/","https:\/\/x.com\/WeVincentians"]},{"@type":"Person","@id":"http:\/\/vincentians.com\/es\/#\/schema\/person\/9623ef4d9aa3b2dfb8c061f1499288f2","name":"Francisco Javier Fern\u00e1ndez Chento","image":{"@type":"ImageObject","inLanguage":"es","@id":"http:\/\/vincentians.com\/es\/#\/schema\/person\/image\/","url":"https:\/\/secure.gravatar.com\/avatar\/497d5cde87b4c3d097d0315953521681ba2cd523ee66e5077c3711f7021e65de?s=96&d=mm&r=g","contentUrl":"https:\/\/secure.gravatar.com\/avatar\/497d5cde87b4c3d097d0315953521681ba2cd523ee66e5077c3711f7021e65de?s=96&d=mm&r=g","caption":"Francisco Javier Fern\u00e1ndez Chento"},"description":"Director General y cofundador de La Red de Formaci\u00f3n Vicenciana. Javier es laico vicenciano, afiliado a la Congregaci\u00f3n de la Misi\u00f3n y miembro del Equipo de Misiones Populares de la provincia can\u00f3nica de Zaragoza (Espa\u00f1a) de la Congregaci\u00f3n de la Misi\u00f3n. Graduado en la Universidad Oberta de Catalunya con cuatro grados (Asistente de direcci\u00f3n, Gesti\u00f3n Administrativa, Recursos Humanos y Contabilidad Avanzada). Bil\u00edng\u00fce Espa\u00f1ol\/Ingl\u00e9s. gestiona y mantiene varias p\u00e1ginas web cristianas y vicencianas, incluida including La Red de Formaci\u00f3n Vicenciana, de la que es cofundador. Actualmente es responsable del \u00e1rea de Espa\u00f1ol de .famvin, la Red de Noticias de la Familia Vicenciana. Tambi\u00e9n es m\u00fasico cat\u00f3lico y ha editado varios discos. Es Director General y cofundador de Trovador, una reconocida compa\u00f1\u00eda discogr\u00e1fica critiana de Espa\u00f1a. Trabaja en las Tecnolog\u00edas de la Informaci\u00f3n, ofreciendo servicios de alojamiento, dise\u00f1o y mantenimiento Web, as\u00ed como asesoramiento, formaci\u00f3n y soluciones inform\u00e1ticas, gesti\u00f3n documental y digitalizaci\u00f3n de textos, edici\u00f3n y maquetaci\u00f3n de libros, revistas, flyers, etc.","sameAs":["http:\/\/chento.org","https:\/\/www.facebook.com\/JavierChento","https:\/\/x.com\/https:\/\/twitter.com\/javierchento"],"url":"http:\/\/vincentians.com\/es\/author\/chento\/"}]}},"jetpack_publicize_connections":[],"jetpack_featured_media_url":"","jetpack_sharing_enabled":true,"jetpack_shortlink":"https:\/\/wp.me\/p7ETMF-b2J","jetpack-related-posts":[{"id":41410,"url":"http:\/\/vincentians.com\/es\/el-beato-ghebra-miguel-1791-1855-martir-de-la-fe-en-abisinia\/","url_meta":{"origin":42453,"position":0},"title":"El Beato Ghebra Miguel (1791-1855), m\u00e1rtir de la fe en Abisinia","author":"Francisco Javier Fern\u00e1ndez Chento","date":"16\/11\/2014","format":false,"excerpt":"\"(...) vuestros padres fueron probados para ver si en verdad tem\u00edan (...) a Dios. Abraham (...) a trav\u00e9s de la prueba lleg\u00f3 a ser amigo de Dios. (...) y todos aquellos que fueron gratos a Dios fueron probados con muchas tribulaciones y se mantuvieron fieles\" (Jdt 8,26). Introducci\u00f3n El 30\u2026","rel":"","context":"En \u00abGhebra Miguel\u00bb","block_context":{"text":"Ghebra Miguel","link":"http:\/\/vincentians.com\/es\/category\/la-familia-vicenciana\/la-familia-vicenciana-en-los-altares\/beatos\/ghebra-miguel\/"},"img":{"alt_text":"","src":"https:\/\/i0.wp.com\/vicencianos.org\/wp-content\/2011\/03\/ghebra1-237x300.jpg?resize=350%2C200","width":350,"height":200},"classes":[]},{"id":37354,"url":"http:\/\/vincentians.com\/es\/escritos-editados-e-ineditos-de-san-justino-de-jacobis\/","url_meta":{"origin":42453,"position":1},"title":"Escritos editados e in\u00e9ditos de San Justino De Jacobis","author":"Francisco Javier Fern\u00e1ndez Chento","date":"30\/07\/2020","format":false,"excerpt":"S. Justino ha escrito mucho. Pero mientras que del primer per\u00edodo de su vida, que pas\u00f3 en su pa\u00eds (1800-1839), s\u00f3lo tenemos numerosas cartas, del per\u00edodo m\u00e1s dif\u00edcil de su vida, durante la misi\u00f3n en Abisinia (1839-1860), tenemos, en cambio, p\u00e1ginas y p\u00e1ginas que \u00e9l escribi\u00f3, a pesar de la\u2026","rel":"","context":"En \u00abJustino de Jacobis\u00bb","block_context":{"text":"Justino de Jacobis","link":"http:\/\/vincentians.com\/es\/category\/la-familia-vicenciana\/la-familia-vicenciana-en-los-altares\/santos\/justino-de-jacobis\/"},"img":{"alt_text":"","src":"https:\/\/i0.wp.com\/vincentians.com\/es\/wp-content\/uploads\/sites\/11\/2016\/09\/sencillos-como-palomas.jpg?fit=1200%2C630&resize=350%2C200","width":350,"height":200,"srcset":"https:\/\/i0.wp.com\/vincentians.com\/es\/wp-content\/uploads\/sites\/11\/2016\/09\/sencillos-como-palomas.jpg?fit=1200%2C630&resize=350%2C200 1x, https:\/\/i0.wp.com\/vincentians.com\/es\/wp-content\/uploads\/sites\/11\/2016\/09\/sencillos-como-palomas.jpg?fit=1200%2C630&resize=525%2C300 1.5x, https:\/\/i0.wp.com\/vincentians.com\/es\/wp-content\/uploads\/sites\/11\/2016\/09\/sencillos-como-palomas.jpg?fit=1200%2C630&resize=700%2C400 2x, https:\/\/i0.wp.com\/vincentians.com\/es\/wp-content\/uploads\/sites\/11\/2016\/09\/sencillos-como-palomas.jpg?fit=1200%2C630&resize=1050%2C600 3x"},"classes":[]},{"id":59228,"url":"http:\/\/vincentians.com\/es\/el-carisma-vicenciano-en-africa-el-servicio-de-los-misioneros-vicencianos-al-clero-abisinio\/","url_meta":{"origin":42453,"position":2},"title":"El Carisma Vicenciano En \u00c1frica. El Servicio De Los Misioneros Vicencianos Al Clero Abisinio","author":"Francisco Javier Fern\u00e1ndez Chento","date":"08\/01\/2012","format":false,"excerpt":"\"Es nuestra obligaci\u00f3n formar sacerdotes bien preparados\". (San Justino de Jacobis) Para comprender mejor nuestro servicio al clero abisinio en nuestra situaci\u00f3n hist\u00f3rica concreta, conviene distinguir dos periodos: El primero, que va desde la llegada a Eritrea-Etiop\u00eda de San Justino de Jacobis hasta la Segunda Guerra Mundial (1839-1945); y el\u2026","rel":"","context":"En \u00abCongregaci\u00f3n de la Misi\u00f3n\u00bb","block_context":{"text":"Congregaci\u00f3n de la Misi\u00f3n","link":"http:\/\/vincentians.com\/es\/category\/la-familia-vicenciana\/ramas\/congregacion-de-la-mision\/"},"img":{"alt_text":"","src":"https:\/\/i0.wp.com\/vicencianos.org\/wp-content\/2011\/07\/Jacobis450-202x300.jpg?resize=350%2C200","width":350,"height":200},"classes":[]},{"id":29024,"url":"http:\/\/vincentians.com\/es\/el-testimonio-de-san-justino-de-jacobis-un-referente-de-etiopia\/","url_meta":{"origin":42453,"position":3},"title":"El testimonio de san Justino de Jacobis, un referente de Etiop\u00eda","author":"Francisco Javier Fern\u00e1ndez Chento","date":"30\/07\/2023","format":false,"excerpt":"Benedicto XVI recibi\u00f3 esta ma\u00f1ana (29 de enero de 2011) al rector y a los sacerdotes y seminaristas del Pontificio Colegio Et\u00edope, con ocasi\u00f3n del 150 aniversario de la muerte de san Justino de Jacobis (1800-1860), patrono del colegio, que celebraron el pasado 31 de julio. El Papa afirm\u00f3 que\u2026","rel":"","context":"En \u00abJustino de Jacobis\u00bb","block_context":{"text":"Justino de Jacobis","link":"http:\/\/vincentians.com\/es\/category\/la-familia-vicenciana\/la-familia-vicenciana-en-los-altares\/santos\/justino-de-jacobis\/"},"img":{"alt_text":"","src":"https:\/\/i0.wp.com\/vincentians.com\/es\/wp-content\/uploads\/sites\/11\/2011\/07\/Justino-de-Jacobis-1.jpg?fit=795%2C417&resize=350%2C200","width":350,"height":200,"srcset":"https:\/\/i0.wp.com\/vincentians.com\/es\/wp-content\/uploads\/sites\/11\/2011\/07\/Justino-de-Jacobis-1.jpg?fit=795%2C417&resize=350%2C200 1x, https:\/\/i0.wp.com\/vincentians.com\/es\/wp-content\/uploads\/sites\/11\/2011\/07\/Justino-de-Jacobis-1.jpg?fit=795%2C417&resize=525%2C300 1.5x, https:\/\/i0.wp.com\/vincentians.com\/es\/wp-content\/uploads\/sites\/11\/2011\/07\/Justino-de-Jacobis-1.jpg?fit=795%2C417&resize=700%2C400 2x"},"classes":[]},{"id":405295,"url":"http:\/\/vincentians.com\/es\/causa-de-beatificacion-y-canonizacion-de-justino-de-jacobis\/","url_meta":{"origin":42453,"position":4},"title":"CAUSA DE BEATIFICACI\u00d3N Y CANONIZACI\u00d3N DE JUSTINO DE JACOBIS","author":"Mitxel Olabu\u00e9naga","date":"12\/08\/2024","format":false,"excerpt":"DECRETO DE INTRODUCCI\u00d3N DE LA CAUSA DE BEATIFICACI\u00d3N Y CANONIZACI\u00d3N DEL VENERABLE SIERVO DE DIOS jUSTINO DE JACOBIS OBISPO DE NIL\u00d3POLIS, VICARIO APOST\u00d3LICO DE ABISINIA, DE LA CONGREGACI\u00d3N DE LA MISI\u00d3N DE SAN VICENTE DE PA\u00daL. CAUSA DE ABISINIA (TRADUCCI\u00d3N) Al precepto que dio a sus disc\u00edpulos de amarse los\u2026","rel":"","context":"En \u00abDocumentos de la Congregaci\u00f3n de la Misi\u00f3n\u00bb","block_context":{"text":"Documentos de la Congregaci\u00f3n de la Misi\u00f3n","link":"http:\/\/vincentians.com\/es\/category\/formacion-vicenciana\/documentos-oficiales-de-la-familia-vicenciana\/documentos-de-la-congregacion-de-la-mision\/"},"img":{"alt_text":"","src":"https:\/\/i0.wp.com\/vincentians.com\/es\/wp-content\/uploads\/sites\/11\/2016\/07\/jacobis-dibujo.jpg?fit=1200%2C630&resize=350%2C200","width":350,"height":200,"srcset":"https:\/\/i0.wp.com\/vincentians.com\/es\/wp-content\/uploads\/sites\/11\/2016\/07\/jacobis-dibujo.jpg?fit=1200%2C630&resize=350%2C200 1x, https:\/\/i0.wp.com\/vincentians.com\/es\/wp-content\/uploads\/sites\/11\/2016\/07\/jacobis-dibujo.jpg?fit=1200%2C630&resize=525%2C300 1.5x, https:\/\/i0.wp.com\/vincentians.com\/es\/wp-content\/uploads\/sites\/11\/2016\/07\/jacobis-dibujo.jpg?fit=1200%2C630&resize=700%2C400 2x, https:\/\/i0.wp.com\/vincentians.com\/es\/wp-content\/uploads\/sites\/11\/2016\/07\/jacobis-dibujo.jpg?fit=1200%2C630&resize=1050%2C600 3x"},"classes":[]},{"id":46540,"url":"http:\/\/vincentians.com\/es\/san-justino-de-jacobis\/","url_meta":{"origin":42453,"position":5},"title":"San Justino de Jacobis","author":"Francisco Javier Fern\u00e1ndez Chento","date":"30\/07\/2011","format":false,"excerpt":"\"Abuna Jacob, el obispo de Lucana, hijo ilustre de la Congregaci\u00f3n de la Misi\u00f3n, Justino de Jacobis, fue, a mediados del siglo pasado, misionero con gran coraje en la evangelizaci\u00f3n de las lejanas tierras de Etiop\u00eda. Desde ayer ha entrado en el cat\u00e1logo de los santos de la Iglesia de\u2026","rel":"","context":"En \u00abJustino de Jacobis\u00bb","block_context":{"text":"Justino de Jacobis","link":"http:\/\/vincentians.com\/es\/category\/la-familia-vicenciana\/la-familia-vicenciana-en-los-altares\/santos\/justino-de-jacobis\/"},"img":{"alt_text":"","src":"","width":0,"height":0},"classes":[]}],"_links":{"self":[{"href":"http:\/\/vincentians.com\/es\/wp-json\/wp\/v2\/posts\/42453","targetHints":{"allow":["GET"]}}],"collection":[{"href":"http:\/\/vincentians.com\/es\/wp-json\/wp\/v2\/posts"}],"about":[{"href":"http:\/\/vincentians.com\/es\/wp-json\/wp\/v2\/types\/post"}],"author":[{"embeddable":true,"href":"http:\/\/vincentians.com\/es\/wp-json\/wp\/v2\/users\/4"}],"replies":[{"embeddable":true,"href":"http:\/\/vincentians.com\/es\/wp-json\/wp\/v2\/comments?post=42453"}],"version-history":[{"count":0,"href":"http:\/\/vincentians.com\/es\/wp-json\/wp\/v2\/posts\/42453\/revisions"}],"wp:featuredmedia":[{"embeddable":true,"href":"http:\/\/vincentians.com\/es\/wp-json\/"}],"wp:attachment":[{"href":"http:\/\/vincentians.com\/es\/wp-json\/wp\/v2\/media?parent=42453"}],"wp:term":[{"taxonomy":"category","embeddable":true,"href":"http:\/\/vincentians.com\/es\/wp-json\/wp\/v2\/categories?post=42453"},{"taxonomy":"post_tag","embeddable":true,"href":"http:\/\/vincentians.com\/es\/wp-json\/wp\/v2\/tags?post=42453"}],"curies":[{"name":"wp","href":"https:\/\/api.w.org\/{rel}","templated":true}]}}