{"id":42382,"date":"2011-06-26T02:59:51","date_gmt":"2011-06-26T00:59:51","guid":{"rendered":"http:\/\/somos.vicencianos.org\/blog\/2011\/06\/lucia-roge-la-vida-fraterna\/"},"modified":"2011-06-26T02:59:51","modified_gmt":"2011-06-26T00:59:51","slug":"lucia-roge-la-vida-fraterna","status":"publish","type":"post","link":"http:\/\/vincentians.com\/es\/lucia-roge-la-vida-fraterna\/","title":{"rendered":"Luc\u00eda Rog\u00e9: La vida fraterna"},"content":{"rendered":"<dl id=\"attachment_34760\" class=\"wp-caption alignright\" style=\"width: 259px\">\n<dt class=\"wp-caption-dt\"><a href=\"https:\/\/i0.wp.com\/vicencianos.org\/wp-content\/2011\/04\/Lucia_Roge.jpg\"><img data-recalc-dims=\"1\" loading=\"lazy\" decoding=\"async\" class=\"size-medium wp-image-34760\" title=\"Sor Luc\u00eda Rog\u00e9, H.C.\" src=\"https:\/\/i0.wp.com\/vicencianos.org\/wp-content\/2011\/04\/Lucia_Roge-249x300.jpg?resize=249%2C300\" alt=\"Sor Luc\u00eda Rog\u00e9, H.C.\" width=\"249\" height=\"300\" \/><\/a><\/dt>\n<dd class=\"wp-caption-dd\">Sor Luc\u00eda Rog\u00e9, H.C.<\/dd>\n<\/dl>\n<p>Par\u00eds, diciembre de 1976<\/p>\n<p>En varias ocasiones, nuestras Constituciones destacan la importan\u00adcia de la vida fraterna en com\u00fan, \u00aben funci\u00f3n de nuestra misi\u00f3n espec\u00ed\u00adfica de servicio\u00bb, nuestra vocaci\u00f3n incluye \u00abvida fraterna y servicio\u00bb.<span id='easy-footnote-1-42382' class='easy-footnote-margin-adjust'><\/span><span class='easy-footnote'><a href='http:\/\/vincentians.com\/es\/lucia-roge-la-vida-fraterna\/#easy-footnote-bottom-1-42382' title='C. 20. Ed. de 1975.'><sup>1<\/sup><\/a><\/span>\n<p>Se subraya sobre todo, la palabra fraterna, ya se trate de \u00abambiente fraterno\u00bb que \u00abse construye todos los d\u00edas gracias a la confianza\u00bb,<span id='easy-footnote-2-42382' class='easy-footnote-margin-adjust'><\/span><span class='easy-footnote'><a href='http:\/\/vincentians.com\/es\/lucia-roge-la-vida-fraterna\/#easy-footnote-bottom-2-42382' title='C. 23. Ed. de 1975.'><sup>2<\/sup><\/a><\/span> o de \u00abla oraci\u00f3n y vida fraterna, necesarias para que el servicio conserve su dimensi\u00f3n apost\u00f3lica\u00bb.<span id='easy-footnote-3-42382' class='easy-footnote-margin-adjust'><\/span><span class='easy-footnote'><a href='http:\/\/vincentians.com\/es\/lucia-roge-la-vida-fraterna\/#easy-footnote-bottom-3-42382' title='C. 24. Ed. de 1975.'><sup>3<\/sup><\/a><\/span>\n<p>Desde el tiempo de los ap\u00f3stoles, la vida fraterna es siempre Cristo en medio de nosotras, uni\u00e9ndonos las unas a las otras en la participa\u00adci\u00f3n y relaci\u00f3n con el Padre y d\u00e1ndonos la raz\u00f3n suprema de estar jun\u00adtas \u00abcomo Hermanas que nuestro Se\u00f1or ha unido para su servicio\u00bb.<span id='easy-footnote-4-42382' class='easy-footnote-margin-adjust'><\/span><span class='easy-footnote'><a href='http:\/\/vincentians.com\/es\/lucia-roge-la-vida-fraterna\/#easy-footnote-bottom-4-42382' title='Reglas san Vicente de Pa\u00fal, V1.'><sup>4<\/sup><\/a><\/span>\n<p>La existencia de una comunidad local, como tambi\u00e9n la de la Com\u00adpa\u00f1\u00eda tiene su raz\u00f3n de ser en la uni\u00f3n de las personas, que se recono\u00adcen verdaderamente como hermanas, animadas de un mismo esp\u00edritu, el de san Vicente y, a trav\u00e9s de un compromiso com\u00fan, el de estar \u00abtotal\u00admente entregadas a Dios para el servicio de los pobres\u00bb.<\/p>\n<p>En una comunidad de Hijas de la Caridad, la vida fraterna no ser\u00e1 nunca s\u00f3lo el resultado de una t\u00e9cnica de grupo; la vida fraterna es la cer\u00adteza de estar reunidas en torno a Alguien, por Alguien. Brota de una pre\u00adsencia reconocida y amada en medio del grupo. En ese Alguien somos Hermanas, y cuando en el coraz\u00f3n de cada miembro de la comunidad se establece esta certeza de fe, se llega a conseguir, como se dice en los Hechos de los Ap\u00f3stoles, una comunidad que no tiene \u00abm\u00e1s que un cora\u00adz\u00f3n y un alma\u00bb al servicio de Cristo en las personas de los pobres.<\/p>\n<p>Les propongo detenernos en algunas actitudes fundamentales, que caracterizaron la Iglesia primitiva y que, todav\u00eda hoy, construyen la vida fraterna renovando continuamente en ella el dinamismo del evangelio.<\/p>\n<p>Es en primer lugar en la oraci\u00f3n donde se manifiesta la vida frater\u00adna en com\u00fan. La uni\u00f3n de todas en Dios crea el v\u00ednculo fraternal.<\/p>\n<p>La Eucarist\u00eda y la oraci\u00f3n son sus puntos culminantes. La Eucarist\u00eda es la fuente donde, juntas, revivimos el misterio de Jesucristo, ofrecido en sacrificio por la salvaci\u00f3n del mundo: \u00abCristo ha venido, Cristo naci\u00f3, Cristo sufri\u00f3 y muri\u00f3, Cristo resucit\u00f3, Cristo vive, Cristo volver\u00e1 a venir, Cristo est\u00e1 ah\u00ed&#8230;\u00bb<\/p>\n<p>\u00bfQui\u00e9n puede decir todo lo que la vida fraterna debe a la liturgia preparada y vivida en com\u00fan? Nada puede reemplazar la intensidad de comuni\u00f3n que crea la oraci\u00f3n a donde cada una lleva su vida cotidiana, cargada de esfuerzos, de debilidades, pero tambi\u00e9n de amor, de ale\u00adgr\u00eda, de fe. Qu\u00e9 estimulantes espirituales son las celebraciones que expresan las llamadas percibidas, los sufrimientos descubiertos, las acciones de gracias por todos los esfuerzos de conversi\u00f3n, de justicia y amor de los que somos testigos, y todo lo que, finalmente, constituye nuestra vida de servicio. \u00ab\u00a1Qu\u00e9 bueno es comprobar fraternalmente, nos dice el Padre Li\u00e9g\u00e9, que nos identificamos en una misma fe, por la expresi\u00f3n y el intercambio!\u00bb<\/p>\n<p>Una comunidad revela la vitalidad de su vida fraterna a trav\u00e9s de la expresi\u00f3n espont\u00e1nea de su oraci\u00f3n. A la Hermana Sirviente le corres\u00adponde abrir ese camino de verdad y sencillez, manifestando ante sus Hermanas con toda humildad y desprendimiento de ella misma, su pro\u00adpia b\u00fasqueda de Dios.<\/p>\n<p>En la elaboraci\u00f3n de cada proyecto comunitario local se deben prever tiempos fuertes de oraci\u00f3n en com\u00fan, Eucarist\u00eda, oraci\u00f3n, inter\u00adcambios espirituales, sobre todo, de la oraci\u00f3n y del evangelio. Una comunidad en donde las Hermanas se re\u00fanen s\u00f3lo raramente para la oraci\u00f3n, o bien no sienten el deseo de esa oraci\u00f3n en com\u00fan delante de Dios, esa comunidad no tiene la visi\u00f3n vicenciana de la vida comu\u00adnitaria.<\/p>\n<p>En la conferencia del 31 de julio de 1634, san Vicente advierte a las Hermanas: \u00abEl ejercicio de vuestra vocaci\u00f3n pide el recuerdo fre\u00adcuente de la presencia de Dios&#8230; \u00abDios m\u00edo, T\u00fa eres mi Dios\u00bb, \u00abDios m\u00edo, y te amo con todo mi coraz\u00f3n&#8230;\u00bb, \u00abMe gustar\u00eda que todo el mundo te conociese\u00bb.<span id='easy-footnote-5-42382' class='easy-footnote-margin-adjust'><\/span><span class='easy-footnote'><a href='http:\/\/vincentians.com\/es\/lucia-roge-la-vida-fraterna\/#easy-footnote-bottom-5-42382' title='IX, 25.'><sup>5<\/sup><\/a><\/span>\n<p>El Fundador se apoya tambi\u00e9n en el ejemplo de Cristo, recordando: \u00abLa recomendaci\u00f3n que el Hijo de Dios hizo tantas veces,con las pala\u00adbras y ejemplos, para que or\u00e1semos a Dios su Padre, tanto por la ora\u00adci\u00f3n vocal que \u00c9l nos ense\u00f1\u00f3, como por la mental, advirti\u00e9ndonos que Dios quiere ser servido en esp\u00edritu y en verdad (Jn 4,23). As\u00ed pues, mis queridas hermanas, es preciso que vosotras y yo tomemos la resolu\u00adci\u00f3n de no dejar de hacer oraci\u00f3n todos los d\u00edas. Digo todos los d\u00edas, hijas m\u00edas, pero, si pudiera ser, dir\u00eda m\u00e1s: no la dejemos nunca\u00bb.<span id='easy-footnote-6-42382' class='easy-footnote-margin-adjust'><\/span><span class='easy-footnote'><a href='http:\/\/vincentians.com\/es\/lucia-roge-la-vida-fraterna\/#easy-footnote-bottom-6-42382' title='IX, 379.'><sup>6<\/sup><\/a><\/span>\n<p>Algunas tendencias actuales rechazan ese \u00abtodos los d\u00edas\u00bb, para favorecer, dicen, la libertad y la responsabilidad personal. Eso es intro\u00adducir en la vida espiritual la fantas\u00eda, con un desconocimiento total de nuestra debilidad y de la poca resistencia que ofrecemos a la dispersi\u00f3n espiritual.<\/p>\n<p>La Hermana Sirviente es responsable de la organizaci\u00f3n conjunta de la vida de oraci\u00f3n. A ella le corresponde suscitar el deseo de un ambien\u00adte que favorezca la expresi\u00f3n de nuestra fidelidad y de nuestro amor.<\/p>\n<p><strong>SILENCIO<\/strong><\/p>\n<p>Este deseo de la oraci\u00f3n se consolida en los tiempos de silencio que todas y cada una necesitamos. Son tiempos indispensables que deben preceder a los encuentros e intercambios y, en primer lugar, a los que tenemos con Dios.<\/p>\n<p>Hablar por todas partes, hablar sin cesar, viviendo con un fondo sonoro continuo, es huir de s\u00ed misma y huir tambi\u00e9n de Dios, es volatili\u00adzar poco a poco el pensamiento con palabrer\u00eda superficial, puesto que no se ha reflexionado ni madurado anteriormente. Sin previo silencio, sin reflexi\u00f3n y concentraci\u00f3n, \u00bfc\u00f3mo lograr ponernos en presencia de Dios y pensar en los dem\u00e1s? Si no tiene nunca un poco de perspectiva con relaci\u00f3n a lo que se experimenta y se vive, \u00bfc\u00f3mo permanecer en la objetividad? \u00bfC\u00f3mo esclarecer un hecho y descubrir la acci\u00f3n de Dios? Los mejores intercambios, las mejores revisiones comunitarias se viven all\u00ed donde se guardan tiempos y zonas de silencio.<\/p>\n<p>El silencio se desea tanto m\u00e1s cuanto que es tambi\u00e9n atenci\u00f3n hacia Alguien. El silencio es espera, apertura y disponibilidad a la gracia. Es preparaci\u00f3n a la acci\u00f3n de Dios en nosotras. Porque el silencio sostiene la oraci\u00f3n y el clima fraternal, precede a la reflexi\u00f3n misionera hecha en conjunto y se preocupar\u00e1 de despertar en cada una el sentido de las responsabilidades de la misi\u00f3n, no de manera intelectual, sino partien\u00addo de la vida considerada en silencio delante del Se\u00f1or, porque silencio y oraci\u00f3n son verdaderamente valores misioneros en el seno de una vida fraternal y com\u00fan. La Hermana Sirviente tiene la responsabilidad de pro\u00admoverlos sin cesar.<\/p>\n<p><strong>IGUALDAD<\/strong><\/p>\n<p>El clima fraternal de que hablan las Constituciones, hace de la comunidad \u00abun lugar donde se da el afecto, el respeto mutuo y la igual\u00addad entre las Hermanas\u00bb.<span id='easy-footnote-7-42382' class='easy-footnote-margin-adjust'><\/span><span class='easy-footnote'><a href='http:\/\/vincentians.com\/es\/lucia-roge-la-vida-fraterna\/#easy-footnote-bottom-7-42382' title='C. 21. Ed. de 1975.'><sup>7<\/sup><\/a><\/span> Esta igualdad entre las Hermanas forma parte verdaderamente del proyecto concebido por san Vicente, ya desde los or\u00edgenes, para las comunidades que \u00e9l estableci\u00f3. Aquel \u00abunas veces una, otras veces otra\u00bb para ejercer la autoridad, es una prueba de ello, citada muy a menudo. Ahora bien, hoy nos encontramos con dos movimientos contrarios en lo referente a la animaci\u00f3n de una comunidad.<\/p>\n<p>Por un lado, rechazo de la responsabilidad. No se quiere ser Her\u00admana Sirviente, lo cual es susceptible de varias interpretaciones: miedo del fracaso y de p\u00e9rdida de confianza de la comunidad; voluntad propia y ego\u00edsmo inconsciente; evasi\u00f3n de las obligaciones comunitarias.<\/p>\n<p>Por otro lado, apego excesivo al cargo. A veces, hay Hermanas que admiten dif\u00edcilmente que el cargo de Hermana Sirviente es un oficio tem\u00adporal y siguen pensando que el cambio de oficio es una sanci\u00f3n. Sin embargo, san Vicente considera que la Hermana Sirviente debe solicitar el cese de su cargo como m\u00ednimo, cada seis meses.<\/p>\n<p>Estas dos actitudes est\u00e1n muy lejos de la idea de los Fundadores sobre la igualdad entre las Hermanas: \u00abPara ello, que la hermana sir\u00adviente se convenza de que su hermana vale m\u00e1s que ella, y que es mucho m\u00e1s capaz de ocupar el lugar suyo&#8230; Tienen que vivir de tal manera que no se sepa nunca c\u00faal es la particular y c\u00faal la sirviente. La sirviente no tiene que empe\u00f1arse en aparecer la primera, en estar mejor vestida, en caminar por delante de la otra\u00bb.<span id='easy-footnote-8-42382' class='easy-footnote-margin-adjust'><\/span><span class='easy-footnote'><a href='http:\/\/vincentians.com\/es\/lucia-roge-la-vida-fraterna\/#easy-footnote-bottom-8-42382' title='IX,\u00a0 283.'><sup>8<\/sup><\/a><\/span>\n<p>Solamente en la medida en que la Hermana Sirviente sea verdade\u00adramente una presencia fraterna para sus Hermanas y desee vivir las mismas exigencias evang\u00e9licas y vicencianas, llegar\u00e1 a ser el v\u00ednculo y, en cierta manera, el lugar de confrontaci\u00f3n y uni\u00f3n en la comunidad. Esta igualdad con las Hermanas no suprime en absoluto su responsabilidad particular y temporal.<\/p>\n<p>La Hermana Sirviente no ha de hacer dejaci\u00f3n de ella. Las Consti\u00adtuciones le piden por el contrario, \u00abque sea la que cree, en uni\u00f3n con sus compa\u00f1eras, una atm\u00f3sfera de fe, de oraci\u00f3n, de cordialidad leal, de fervor apost\u00f3lico, en medio de la alegr\u00eda\u00bb.<span id='easy-footnote-9-42382' class='easy-footnote-margin-adjust'><\/span><span class='easy-footnote'><a href='http:\/\/vincentians.com\/es\/lucia-roge-la-vida-fraterna\/#easy-footnote-bottom-9-42382' title='C. 26. Ed. de 1975.'><sup>9<\/sup><\/a><\/span>\n<p><strong>ALEGR\u00cdA<\/strong><\/p>\n<p>Velar siempre para que reine la alegr\u00eda en su comunidad es una responsabilidad de la Hermana Sirviente. No me refiero a una alegr\u00eda superficial asociada al tiempo de expansi\u00f3n necesaria, porque \u00e9sta, si no se posee el gozo \u00edntimo de pertenecer a Dios, no es duradera. No basta con tener una gran facilidad de relaciones, la vida fraterna obli\u00adga a un esfuerzo de atenci\u00f3n hacia las dem\u00e1s para armonizar los rit\u00admos de vida, a fin de vivir mejor juntas. Este compromiso pide que todas sacrifiquen un poco de s\u00ed mismas y as\u00ed es como la vida comuni\u00adtaria, en cierta manera, es tambi\u00e9n un morir a s\u00ed misma para que brote y surja la vida fraterna.<\/p>\n<p>La vida apost\u00f3lica supone un clima de alegr\u00eda, de entusiasmo pro\u00adfundo, que se desprende del amor verdadero de Cristo. No somos bas\u00adtante alegres, porque el clima de amor fraterno compartido no es bas\u00adtante s\u00f3lido. Ahora bien, \u00abla alegr\u00eda no se puede disociar del compartir\u00bb, nos dice el Santo Padre en la Exhortaci\u00f3n del 9 de mayo de 1975, sobre la alegr\u00eda cristiana, \u00aben Dios mismo todo es gozo porque todo es don\u00bb. Las Hermanas j\u00f3venes, m\u00e1s acostumbradas a los intercambios, encuen\u00adtran dificultades sobre este punto. Necesitan de manera especial com\u00adpartir la esperanza en el plano humano, comunitario y la esperanza teo\u00adlogal. Y Pablo VI dice tambi\u00e9n que all\u00ed donde desaparece la alegr\u00eda \u00abla esperanza no est\u00e1 suficientemente asegurada\u00bb.<\/p>\n<p><strong>CARIDAD<\/strong><\/p>\n<p>Por \u00faltimo, una entra en el gozo espiritual viviendo en presencia de Dios. Lo que nos aleja de \u00c9l en la vida fraterna son las rupturas de caridad. Esto es v\u00e1lido a nivel de comunidad local y tambi\u00e9n Provincial.<\/p>\n<p>La alegr\u00eda habita en los corazones que se dan a los dem\u00e1s sin restric\u00adci\u00f3n, sin segregaci\u00f3n, sin gheto exclusivo. La alegr\u00eda, la verdadera, habita en los corazones reconciliados. No meditaremos nunca bastante el Himno de la caridad de san Pablo: \u00abEl amor es paciente, es afable, no tiene envidia, no se jacta ni se engr\u00ede, no es grosero ni busca inter\u00e9s, no exaspera, ni lleva cuenta del mal, no simpatiza con la injusticia, sino con la verdad. Disculpa siempre, se f\u00eda siempre, espera siempre. El amor no falla nunca\u00bb.<span id='easy-footnote-10-42382' class='easy-footnote-margin-adjust'><\/span><span class='easy-footnote'><a href='http:\/\/vincentians.com\/es\/lucia-roge-la-vida-fraterna\/#easy-footnote-bottom-10-42382' title='1 Cor 13, 4-8.'><sup>10<\/sup><\/a><\/span>\n<p>No esperemos que la Misi\u00f3n progrese dejando al margen estas exi\u00adgencias del amor. Estamos en la mayor equivocaci\u00f3n si creemos ser \u00fati\u00adles a la Iglesia sin esforzarnos por lograr una verdadera caridad. Todo lo que hagamos es viento y paja si dejamos que en nosotros exista des\u00adprecio, desd\u00e9n e indiferencia para con el pr\u00f3jimo m\u00e1s pr\u00f3ximo, que son nuestras Hermanas. \u00abEn esto conocer\u00e1n que sois mis disc\u00edpulos, en que os am\u00e9is unos a otros\u00bb.<span id='easy-footnote-11-42382' class='easy-footnote-margin-adjust'><\/span><span class='easy-footnote'><a href='http:\/\/vincentians.com\/es\/lucia-roge-la-vida-fraterna\/#easy-footnote-bottom-11-42382' title='Jn 13, 34-35.'><sup>11<\/sup><\/a><\/span>\n<p>Algunos interrogantes referentes a este tema:<\/p>\n<p>\u00bfCu\u00e1l es la verdad de mi oraci\u00f3n, qu\u00e9 significado tiene mi presen\u00adcia en la Eucarist\u00eda, si persisto en la divisi\u00f3n y conscientemente ignoro una parte de mis compa\u00f1eras? \u00bfNo hay en ello una dosis de orgullo muy grande, que pretende hacer creer que la verdad est\u00e1 en el campo donde me encuentro, en lo que pienso y en lo que digo? \u00bfD\u00f3nde est\u00e1 la humildad que, juntamente con la caridad, seg\u00fan quiere san Vicente, debe marcar de manera especial a una Hija de la Caridad aut\u00e9ntica?<\/p>\n<p>En estas condiciones, \u00bfno estamos agonizando por orgullo en nues\u00adtra vocaci\u00f3n m\u00e1s que por nuestros posibles errores de comportamiento apost\u00f3lico? La Misi\u00f3n, la verdadera, consiste en primer lugar, en el amor entre nosotras, de lo contrario es una falsificaci\u00f3n. A cada nivel de res\u00adponsabilidad, nos corresponde contribuir con todas nuestras fuerzas para defender la caridad entre nosotras, y restaurar el valor de pedir perd\u00f3n y dar buen ejemplo.<\/p>\n<p><strong>DI\u00c1LOGO<\/strong><\/p>\n<p>El di\u00e1logo entre nosotras debe contribuir al deseado crecimiento de la caridad. Por eso se ha pedido a las Hermanas Sirvientes que favo\u00adrezcan el intercambio con cada una de sus compa\u00f1eras y que den a la comunicaci\u00f3n un car\u00e1cter de sencillez.<\/p>\n<p>Esta disponibilidad previa y mutua que sugieren las Constituciones no significa desaparici\u00f3n progresiva de la comunicaci\u00f3n. Es inconcebi\u00adble igualmente hacerla eventual, reducida al azar de encuentros ocasio\u00adnales. La responsabilidad de las Hermanas Sirvientes est\u00e1 gravemente comprometida en esta falta de relaciones personales.<\/p>\n<p>El encuentro debe decidirse de com\u00fan acuerdo, para que vaya por ambas partes, precedido de la oraci\u00f3n, y los corazones est\u00e9n as\u00ed deli\u00adberadamente encaminados hacia la caridad, y ambas dispuestas a aco\u00adgerse con amor. \u00abEn este encuentro, Hermana Sirviente y compa\u00f1era tie\u00adnen ambas que aportar y que recibir\u00bb,<span id='easy-footnote-12-42382' class='easy-footnote-margin-adjust'><\/span><span class='easy-footnote'><a href='http:\/\/vincentians.com\/es\/lucia-roge-la-vida-fraterna\/#easy-footnote-bottom-12-42382' title='C. 26. Ed. de 1975.'><sup>12<\/sup><\/a><\/span> dicen las Constituciones. La Hermana Sirviente se pone primero a disposici\u00f3n de escucha y de receptividad. Sabe que la consagraci\u00f3n repercute en todos los aspec\u00adtos de la vida y que es posible ayudarse mutuamente a vivir su radica\u00adlismo con mayor autenticidad.<\/p>\n<p>Afirmar que se pueden decir todos los problemas, comentarlos ante toda la Comunidad, equivale muchas veces a reducir a las Hermanas al silencio sobre sus verdaderas dificultades. Reducir toda la vida comuni\u00adtaria s\u00f3lo al di\u00e1logo de grupo, es perder poco a poco la dimensi\u00f3n per\u00adsonal, por otra parte tan fuertemente reclamada.<\/p>\n<p>La Hermana Sirviente, consciente de su responsabilidad, est\u00e1 atenta a la comunicaci\u00f3n con su compa\u00f1era. Trata de acerc\u00e1rsele a trav\u00e9s de las preguntas que le plantea. Para una y otra es tambi\u00e9n el momento de reflexionar sobre un esfuerzo com\u00fan, no debe temer reconocer sus defi\u00adciencias, sus capitulaciones, sus faltas de atenci\u00f3n y de pedir con la misma sencillez, la ayuda y el apoyo de la compa\u00f1era que tiene delante.<\/p>\n<p>Algunos ejemplos amenazan la vida fraterna. He evocado la falta de benevolencia. Hay que citar tambi\u00e9n el ego\u00edsmo, que contiene un fermento que desune la comunidad. La Hermana Sirviente debe inquie\u00adtarse si una Hermana no se presta nunca para un servicio com\u00fan, si no ve las necesidades de las dem\u00e1s, si no toma parte en el intercambio, rehuye el recreo, est\u00e1 triste. La tendr\u00e1 muy presente en la oraci\u00f3n y procurar\u00e1 buscar un encuentro personal. Del mismo modo, una vida fraterna en la que los intercambios son ocasi\u00f3n de descargas agresi\u00advas, silencios de disgusto, actitudes pasivas indiferentes, hay que con\u00adsiderarla tambi\u00e9n en la oraci\u00f3n y hacer un examen detenido en la revi\u00adsi\u00f3n comunitaria.<\/p>\n<p>Por el contrario, en las comunidades donde reina una verdadera vida fraterna, se observa una gran capacidad de acogida, sobre todo, con los pobres, una singular capacidad de hacer frente, serenas, a los imprevistos, una posibilidad de adaptaci\u00f3n y un esp\u00edritu de creatividad para no dejar una llamada sin respuesta. De este modo, se desprende de la comunidad fraterna, como dice el Vaticano II, \u00abuna poderosa ener\u00adg\u00eda apost\u00f3lica\u00bb.<\/p>\n<p>Tratar\u00e9 de resumir en unas frases lo que constituye las l\u00edneas fuerza que gu\u00eden a la Hermana Sirviente como animadora de la vida fraterna en el seno de su Comunidad:<\/p>\n<p>Humildad para reconocer sus errores e impedir el bloqueo o la tiran\u00adtez de sus Hermanas, unida al valor necesario para disipar los malen\u00adtendidos y reparar torpezas.<\/p>\n<p>Deseo de la verdad, de lograr una franqueza real en sus palabras para evitar la confusi\u00f3n y la ambig\u00fcedad en sus relaciones personales y comunitarias.<\/p>\n<p>Pobreza espiritual para liberarse lo m\u00e1s posible interiormente. Prontitud para el perd\u00f3n y olvido de los malos procederes y mez\u00adquindades.<\/p>\n<p>Una capacidad de amor que se dilate constantemente, que la lleve a arrastrar a sus Hermanas por encima de las diferencias, la uni\u00f3n es signo misionero.<\/p>\n<p>Por \u00faltimo, la certeza de que las tensiones y dificultades son incita\u00adci\u00f3n a la oraci\u00f3n, que la armon\u00eda y la expansi\u00f3n son fruto del amor y de la gracia, y que nunca amar\u00e1 demasiado.<\/p>\n","protected":false},"excerpt":{"rendered":"<p>Sor Luc\u00eda Rog\u00e9, H.C. Par\u00eds, diciembre de 1976 En varias ocasiones, nuestras Constituciones destacan la importan\u00adcia de la vida fraterna en com\u00fan, \u00aben funci\u00f3n de nuestra misi\u00f3n espec\u00ed\u00adfica de servicio\u00bb, nuestra vocaci\u00f3n incluye \u00abvida fraterna &#8230; <a href=\"http:\/\/vincentians.com\/es\/lucia-roge-la-vida-fraterna\/\" class=\"more-link\">Read More<\/a><\/p>\n","protected":false},"author":4,"featured_media":398623,"comment_status":"open","ping_status":"open","sticky":false,"template":"","format":"standard","meta":{"jetpack_post_was_ever_published":false,"_jetpack_newsletter_access":"","_jetpack_dont_email_post_to_subs":false,"_jetpack_newsletter_tier_id":0,"_jetpack_memberships_contains_paywalled_content":false,"_jetpack_memberships_contains_paid_content":false,"footnotes":"","jetpack_publicize_message":"","jetpack_publicize_feature_enabled":true,"jetpack_social_post_already_shared":true,"jetpack_social_options":{"image_generator_settings":{"template":"highway","default_image_id":0,"font":"","enabled":false},"version":2}},"categories":[276],"tags":[],"class_list":["post-42382","post","type-post","status-publish","format-standard","has-post-thumbnail","hentry","category-escritos-de-lucia-roge"],"yoast_head":"<!-- This site is optimized with the Yoast SEO plugin v26.3 - https:\/\/yoast.com\/wordpress\/plugins\/seo\/ -->\n<title>Luc\u00eda Rog\u00e9: La vida fraterna - Somos Vicencianos<\/title>\n<meta name=\"robots\" content=\"index, follow, max-snippet:-1, max-image-preview:large, max-video-preview:-1\" \/>\n<link rel=\"canonical\" href=\"http:\/\/vincentians.com\/es\/lucia-roge-la-vida-fraterna\/\" \/>\n<meta property=\"og:locale\" content=\"es_ES\" \/>\n<meta property=\"og:type\" content=\"article\" \/>\n<meta property=\"og:title\" content=\"Luc\u00eda Rog\u00e9: La vida fraterna - Somos Vicencianos\" \/>\n<meta property=\"og:description\" content=\"Sor Luc\u00eda Rog\u00e9, H.C. Par\u00eds, diciembre de 1976 En varias ocasiones, nuestras Constituciones destacan la importan\u00adcia de la vida fraterna en com\u00fan, \u00aben funci\u00f3n de nuestra misi\u00f3n espec\u00ed\u00adfica de servicio\u00bb, nuestra vocaci\u00f3n incluye \u00abvida fraterna ... Read More\" \/>\n<meta property=\"og:url\" content=\"http:\/\/vincentians.com\/es\/lucia-roge-la-vida-fraterna\/\" \/>\n<meta property=\"og:site_name\" content=\"Somos Vicencianos\" \/>\n<meta property=\"article:publisher\" content=\"https:\/\/www.facebook.com\/WeAreVincentians\/\" \/>\n<meta property=\"article:author\" content=\"https:\/\/www.facebook.com\/JavierChento\" \/>\n<meta property=\"article:published_time\" content=\"2011-06-26T00:59:51+00:00\" \/>\n<meta property=\"og:image\" content=\"https:\/\/i0.wp.com\/vincentians.com\/es\/wp-content\/uploads\/sites\/11\/2016\/07\/escritos-lucia-roge.jpg?fit=1200%2C630\" \/>\n\t<meta property=\"og:image:width\" content=\"1200\" \/>\n\t<meta property=\"og:image:height\" content=\"630\" \/>\n\t<meta property=\"og:image:type\" content=\"image\/jpeg\" \/>\n<meta name=\"author\" content=\"Francisco Javier Fern\u00e1ndez Chento\" \/>\n<meta name=\"twitter:card\" content=\"summary_large_image\" \/>\n<meta name=\"twitter:creator\" content=\"@https:\/\/twitter.com\/javierchento\" \/>\n<meta name=\"twitter:site\" content=\"@WeVincentians\" \/>\n<meta name=\"twitter:label1\" content=\"Escrito por\" \/>\n\t<meta name=\"twitter:data1\" content=\"Francisco Javier Fern\u00e1ndez Chento\" \/>\n\t<meta name=\"twitter:label2\" content=\"Tiempo de lectura\" \/>\n\t<meta name=\"twitter:data2\" content=\"15 minutos\" \/>\n<script type=\"application\/ld+json\" class=\"yoast-schema-graph\">{\"@context\":\"https:\/\/schema.org\",\"@graph\":[{\"@type\":\"Article\",\"@id\":\"http:\/\/vincentians.com\/es\/lucia-roge-la-vida-fraterna\/#article\",\"isPartOf\":{\"@id\":\"http:\/\/vincentians.com\/es\/lucia-roge-la-vida-fraterna\/\"},\"author\":{\"name\":\"Francisco Javier Fern\u00e1ndez Chento\",\"@id\":\"https:\/\/vincentians.com\/es\/#\/schema\/person\/9623ef4d9aa3b2dfb8c061f1499288f2\"},\"headline\":\"Luc\u00eda Rog\u00e9: La vida fraterna\",\"datePublished\":\"2011-06-26T00:59:51+00:00\",\"mainEntityOfPage\":{\"@id\":\"http:\/\/vincentians.com\/es\/lucia-roge-la-vida-fraterna\/\"},\"wordCount\":3075,\"commentCount\":0,\"publisher\":{\"@id\":\"https:\/\/vincentians.com\/es\/#organization\"},\"image\":{\"@id\":\"http:\/\/vincentians.com\/es\/lucia-roge-la-vida-fraterna\/#primaryimage\"},\"thumbnailUrl\":\"https:\/\/i0.wp.com\/vincentians.com\/es\/wp-content\/uploads\/sites\/11\/2016\/07\/escritos-lucia-roge.jpg?fit=1200%2C630\",\"articleSection\":[\"Escritos de Luc\u00eda Rog\u00e9\"],\"inLanguage\":\"es\",\"potentialAction\":[{\"@type\":\"CommentAction\",\"name\":\"Comment\",\"target\":[\"http:\/\/vincentians.com\/es\/lucia-roge-la-vida-fraterna\/#respond\"]}]},{\"@type\":\"WebPage\",\"@id\":\"http:\/\/vincentians.com\/es\/lucia-roge-la-vida-fraterna\/\",\"url\":\"http:\/\/vincentians.com\/es\/lucia-roge-la-vida-fraterna\/\",\"name\":\"Luc\u00eda Rog\u00e9: La vida fraterna - Somos Vicencianos\",\"isPartOf\":{\"@id\":\"https:\/\/vincentians.com\/es\/#website\"},\"primaryImageOfPage\":{\"@id\":\"http:\/\/vincentians.com\/es\/lucia-roge-la-vida-fraterna\/#primaryimage\"},\"image\":{\"@id\":\"http:\/\/vincentians.com\/es\/lucia-roge-la-vida-fraterna\/#primaryimage\"},\"thumbnailUrl\":\"https:\/\/i0.wp.com\/vincentians.com\/es\/wp-content\/uploads\/sites\/11\/2016\/07\/escritos-lucia-roge.jpg?fit=1200%2C630\",\"datePublished\":\"2011-06-26T00:59:51+00:00\",\"breadcrumb\":{\"@id\":\"http:\/\/vincentians.com\/es\/lucia-roge-la-vida-fraterna\/#breadcrumb\"},\"inLanguage\":\"es\",\"potentialAction\":[{\"@type\":\"ReadAction\",\"target\":[\"http:\/\/vincentians.com\/es\/lucia-roge-la-vida-fraterna\/\"]}]},{\"@type\":\"ImageObject\",\"inLanguage\":\"es\",\"@id\":\"http:\/\/vincentians.com\/es\/lucia-roge-la-vida-fraterna\/#primaryimage\",\"url\":\"https:\/\/i0.wp.com\/vincentians.com\/es\/wp-content\/uploads\/sites\/11\/2016\/07\/escritos-lucia-roge.jpg?fit=1200%2C630\",\"contentUrl\":\"https:\/\/i0.wp.com\/vincentians.com\/es\/wp-content\/uploads\/sites\/11\/2016\/07\/escritos-lucia-roge.jpg?fit=1200%2C630\",\"width\":1200,\"height\":630},{\"@type\":\"BreadcrumbList\",\"@id\":\"http:\/\/vincentians.com\/es\/lucia-roge-la-vida-fraterna\/#breadcrumb\",\"itemListElement\":[{\"@type\":\"ListItem\",\"position\":1,\"name\":\"Portada\",\"item\":\"https:\/\/vincentians.com\/es\/\"},{\"@type\":\"ListItem\",\"position\":2,\"name\":\"Luc\u00eda Rog\u00e9: La vida fraterna\"}]},{\"@type\":\"WebSite\",\"@id\":\"https:\/\/vincentians.com\/es\/#website\",\"url\":\"https:\/\/vincentians.com\/es\/\",\"name\":\"Somos Vicencianos\",\"description\":\"Know more to serve more\",\"publisher\":{\"@id\":\"https:\/\/vincentians.com\/es\/#organization\"},\"potentialAction\":[{\"@type\":\"SearchAction\",\"target\":{\"@type\":\"EntryPoint\",\"urlTemplate\":\"https:\/\/vincentians.com\/es\/?s={search_term_string}\"},\"query-input\":{\"@type\":\"PropertyValueSpecification\",\"valueRequired\":true,\"valueName\":\"search_term_string\"}}],\"inLanguage\":\"es\"},{\"@type\":\"Organization\",\"@id\":\"https:\/\/vincentians.com\/es\/#organization\",\"name\":\"The Vincentian Network\",\"url\":\"https:\/\/vincentians.com\/es\/\",\"logo\":{\"@type\":\"ImageObject\",\"inLanguage\":\"es\",\"@id\":\"https:\/\/vincentians.com\/es\/#\/schema\/logo\/image\/\",\"url\":\"https:\/\/i1.wp.com\/vincentians.com\/es\/wp-content\/uploads\/sites\/11\/2016\/06\/Vincentian-Network-logo-big.png?fit=778%2C778\",\"contentUrl\":\"https:\/\/i1.wp.com\/vincentians.com\/es\/wp-content\/uploads\/sites\/11\/2016\/06\/Vincentian-Network-logo-big.png?fit=778%2C778\",\"width\":778,\"height\":778,\"caption\":\"The Vincentian Network\"},\"image\":{\"@id\":\"https:\/\/vincentians.com\/es\/#\/schema\/logo\/image\/\"},\"sameAs\":[\"https:\/\/www.facebook.com\/WeAreVincentians\/\",\"https:\/\/x.com\/WeVincentians\"]},{\"@type\":\"Person\",\"@id\":\"https:\/\/vincentians.com\/es\/#\/schema\/person\/9623ef4d9aa3b2dfb8c061f1499288f2\",\"name\":\"Francisco Javier Fern\u00e1ndez Chento\",\"image\":{\"@type\":\"ImageObject\",\"inLanguage\":\"es\",\"@id\":\"https:\/\/vincentians.com\/es\/#\/schema\/person\/image\/\",\"url\":\"https:\/\/secure.gravatar.com\/avatar\/497d5cde87b4c3d097d0315953521681ba2cd523ee66e5077c3711f7021e65de?s=96&d=mm&r=g\",\"contentUrl\":\"https:\/\/secure.gravatar.com\/avatar\/497d5cde87b4c3d097d0315953521681ba2cd523ee66e5077c3711f7021e65de?s=96&d=mm&r=g\",\"caption\":\"Francisco Javier Fern\u00e1ndez Chento\"},\"description\":\"Director General y cofundador de La Red de Formaci\u00f3n Vicenciana. Javier es laico vicenciano, afiliado a la Congregaci\u00f3n de la Misi\u00f3n y miembro del Equipo de Misiones Populares de la provincia can\u00f3nica de Zaragoza (Espa\u00f1a) de la Congregaci\u00f3n de la Misi\u00f3n. Graduado en la Universidad Oberta de Catalunya con cuatro grados (Asistente de direcci\u00f3n, Gesti\u00f3n Administrativa, Recursos Humanos y Contabilidad Avanzada). Bil\u00edng\u00fce Espa\u00f1ol\/Ingl\u00e9s. gestiona y mantiene varias p\u00e1ginas web cristianas y vicencianas, incluida including La Red de Formaci\u00f3n Vicenciana, de la que es cofundador. Actualmente es responsable del \u00e1rea de Espa\u00f1ol de .famvin, la Red de Noticias de la Familia Vicenciana. Tambi\u00e9n es m\u00fasico cat\u00f3lico y ha editado varios discos. Es Director General y cofundador de Trovador, una reconocida compa\u00f1\u00eda discogr\u00e1fica critiana de Espa\u00f1a. Trabaja en las Tecnolog\u00edas de la Informaci\u00f3n, ofreciendo servicios de alojamiento, dise\u00f1o y mantenimiento Web, as\u00ed como asesoramiento, formaci\u00f3n y soluciones inform\u00e1ticas, gesti\u00f3n documental y digitalizaci\u00f3n de textos, edici\u00f3n y maquetaci\u00f3n de libros, revistas, flyers, etc.\",\"sameAs\":[\"http:\/\/chento.org\",\"https:\/\/www.facebook.com\/JavierChento\",\"https:\/\/x.com\/https:\/\/twitter.com\/javierchento\"],\"url\":\"http:\/\/vincentians.com\/es\/author\/chento\/\"}]}<\/script>\n<!-- \/ Yoast SEO plugin. -->","yoast_head_json":{"title":"Luc\u00eda Rog\u00e9: La vida fraterna - Somos Vicencianos","robots":{"index":"index","follow":"follow","max-snippet":"max-snippet:-1","max-image-preview":"max-image-preview:large","max-video-preview":"max-video-preview:-1"},"canonical":"http:\/\/vincentians.com\/es\/lucia-roge-la-vida-fraterna\/","og_locale":"es_ES","og_type":"article","og_title":"Luc\u00eda Rog\u00e9: La vida fraterna - Somos Vicencianos","og_description":"Sor Luc\u00eda Rog\u00e9, H.C. Par\u00eds, diciembre de 1976 En varias ocasiones, nuestras Constituciones destacan la importan\u00adcia de la vida fraterna en com\u00fan, \u00aben funci\u00f3n de nuestra misi\u00f3n espec\u00ed\u00adfica de servicio\u00bb, nuestra vocaci\u00f3n incluye \u00abvida fraterna ... Read More","og_url":"http:\/\/vincentians.com\/es\/lucia-roge-la-vida-fraterna\/","og_site_name":"Somos Vicencianos","article_publisher":"https:\/\/www.facebook.com\/WeAreVincentians\/","article_author":"https:\/\/www.facebook.com\/JavierChento","article_published_time":"2011-06-26T00:59:51+00:00","og_image":[{"width":1200,"height":630,"url":"https:\/\/i0.wp.com\/vincentians.com\/es\/wp-content\/uploads\/sites\/11\/2016\/07\/escritos-lucia-roge.jpg?fit=1200%2C630","type":"image\/jpeg"}],"author":"Francisco Javier Fern\u00e1ndez Chento","twitter_card":"summary_large_image","twitter_creator":"@https:\/\/twitter.com\/javierchento","twitter_site":"@WeVincentians","twitter_misc":{"Escrito por":"Francisco Javier Fern\u00e1ndez Chento","Tiempo de lectura":"15 minutos"},"schema":{"@context":"https:\/\/schema.org","@graph":[{"@type":"Article","@id":"http:\/\/vincentians.com\/es\/lucia-roge-la-vida-fraterna\/#article","isPartOf":{"@id":"http:\/\/vincentians.com\/es\/lucia-roge-la-vida-fraterna\/"},"author":{"name":"Francisco Javier Fern\u00e1ndez Chento","@id":"https:\/\/vincentians.com\/es\/#\/schema\/person\/9623ef4d9aa3b2dfb8c061f1499288f2"},"headline":"Luc\u00eda Rog\u00e9: La vida fraterna","datePublished":"2011-06-26T00:59:51+00:00","mainEntityOfPage":{"@id":"http:\/\/vincentians.com\/es\/lucia-roge-la-vida-fraterna\/"},"wordCount":3075,"commentCount":0,"publisher":{"@id":"https:\/\/vincentians.com\/es\/#organization"},"image":{"@id":"http:\/\/vincentians.com\/es\/lucia-roge-la-vida-fraterna\/#primaryimage"},"thumbnailUrl":"https:\/\/i0.wp.com\/vincentians.com\/es\/wp-content\/uploads\/sites\/11\/2016\/07\/escritos-lucia-roge.jpg?fit=1200%2C630","articleSection":["Escritos de Luc\u00eda Rog\u00e9"],"inLanguage":"es","potentialAction":[{"@type":"CommentAction","name":"Comment","target":["http:\/\/vincentians.com\/es\/lucia-roge-la-vida-fraterna\/#respond"]}]},{"@type":"WebPage","@id":"http:\/\/vincentians.com\/es\/lucia-roge-la-vida-fraterna\/","url":"http:\/\/vincentians.com\/es\/lucia-roge-la-vida-fraterna\/","name":"Luc\u00eda Rog\u00e9: La vida fraterna - Somos Vicencianos","isPartOf":{"@id":"https:\/\/vincentians.com\/es\/#website"},"primaryImageOfPage":{"@id":"http:\/\/vincentians.com\/es\/lucia-roge-la-vida-fraterna\/#primaryimage"},"image":{"@id":"http:\/\/vincentians.com\/es\/lucia-roge-la-vida-fraterna\/#primaryimage"},"thumbnailUrl":"https:\/\/i0.wp.com\/vincentians.com\/es\/wp-content\/uploads\/sites\/11\/2016\/07\/escritos-lucia-roge.jpg?fit=1200%2C630","datePublished":"2011-06-26T00:59:51+00:00","breadcrumb":{"@id":"http:\/\/vincentians.com\/es\/lucia-roge-la-vida-fraterna\/#breadcrumb"},"inLanguage":"es","potentialAction":[{"@type":"ReadAction","target":["http:\/\/vincentians.com\/es\/lucia-roge-la-vida-fraterna\/"]}]},{"@type":"ImageObject","inLanguage":"es","@id":"http:\/\/vincentians.com\/es\/lucia-roge-la-vida-fraterna\/#primaryimage","url":"https:\/\/i0.wp.com\/vincentians.com\/es\/wp-content\/uploads\/sites\/11\/2016\/07\/escritos-lucia-roge.jpg?fit=1200%2C630","contentUrl":"https:\/\/i0.wp.com\/vincentians.com\/es\/wp-content\/uploads\/sites\/11\/2016\/07\/escritos-lucia-roge.jpg?fit=1200%2C630","width":1200,"height":630},{"@type":"BreadcrumbList","@id":"http:\/\/vincentians.com\/es\/lucia-roge-la-vida-fraterna\/#breadcrumb","itemListElement":[{"@type":"ListItem","position":1,"name":"Portada","item":"https:\/\/vincentians.com\/es\/"},{"@type":"ListItem","position":2,"name":"Luc\u00eda Rog\u00e9: La vida fraterna"}]},{"@type":"WebSite","@id":"https:\/\/vincentians.com\/es\/#website","url":"https:\/\/vincentians.com\/es\/","name":"Somos Vicencianos","description":"Know more to serve more","publisher":{"@id":"https:\/\/vincentians.com\/es\/#organization"},"potentialAction":[{"@type":"SearchAction","target":{"@type":"EntryPoint","urlTemplate":"https:\/\/vincentians.com\/es\/?s={search_term_string}"},"query-input":{"@type":"PropertyValueSpecification","valueRequired":true,"valueName":"search_term_string"}}],"inLanguage":"es"},{"@type":"Organization","@id":"https:\/\/vincentians.com\/es\/#organization","name":"The Vincentian Network","url":"https:\/\/vincentians.com\/es\/","logo":{"@type":"ImageObject","inLanguage":"es","@id":"https:\/\/vincentians.com\/es\/#\/schema\/logo\/image\/","url":"https:\/\/i1.wp.com\/vincentians.com\/es\/wp-content\/uploads\/sites\/11\/2016\/06\/Vincentian-Network-logo-big.png?fit=778%2C778","contentUrl":"https:\/\/i1.wp.com\/vincentians.com\/es\/wp-content\/uploads\/sites\/11\/2016\/06\/Vincentian-Network-logo-big.png?fit=778%2C778","width":778,"height":778,"caption":"The Vincentian Network"},"image":{"@id":"https:\/\/vincentians.com\/es\/#\/schema\/logo\/image\/"},"sameAs":["https:\/\/www.facebook.com\/WeAreVincentians\/","https:\/\/x.com\/WeVincentians"]},{"@type":"Person","@id":"https:\/\/vincentians.com\/es\/#\/schema\/person\/9623ef4d9aa3b2dfb8c061f1499288f2","name":"Francisco Javier Fern\u00e1ndez Chento","image":{"@type":"ImageObject","inLanguage":"es","@id":"https:\/\/vincentians.com\/es\/#\/schema\/person\/image\/","url":"https:\/\/secure.gravatar.com\/avatar\/497d5cde87b4c3d097d0315953521681ba2cd523ee66e5077c3711f7021e65de?s=96&d=mm&r=g","contentUrl":"https:\/\/secure.gravatar.com\/avatar\/497d5cde87b4c3d097d0315953521681ba2cd523ee66e5077c3711f7021e65de?s=96&d=mm&r=g","caption":"Francisco Javier Fern\u00e1ndez Chento"},"description":"Director General y cofundador de La Red de Formaci\u00f3n Vicenciana. Javier es laico vicenciano, afiliado a la Congregaci\u00f3n de la Misi\u00f3n y miembro del Equipo de Misiones Populares de la provincia can\u00f3nica de Zaragoza (Espa\u00f1a) de la Congregaci\u00f3n de la Misi\u00f3n. Graduado en la Universidad Oberta de Catalunya con cuatro grados (Asistente de direcci\u00f3n, Gesti\u00f3n Administrativa, Recursos Humanos y Contabilidad Avanzada). Bil\u00edng\u00fce Espa\u00f1ol\/Ingl\u00e9s. gestiona y mantiene varias p\u00e1ginas web cristianas y vicencianas, incluida including La Red de Formaci\u00f3n Vicenciana, de la que es cofundador. Actualmente es responsable del \u00e1rea de Espa\u00f1ol de .famvin, la Red de Noticias de la Familia Vicenciana. Tambi\u00e9n es m\u00fasico cat\u00f3lico y ha editado varios discos. Es Director General y cofundador de Trovador, una reconocida compa\u00f1\u00eda discogr\u00e1fica critiana de Espa\u00f1a. Trabaja en las Tecnolog\u00edas de la Informaci\u00f3n, ofreciendo servicios de alojamiento, dise\u00f1o y mantenimiento Web, as\u00ed como asesoramiento, formaci\u00f3n y soluciones inform\u00e1ticas, gesti\u00f3n documental y digitalizaci\u00f3n de textos, edici\u00f3n y maquetaci\u00f3n de libros, revistas, flyers, etc.","sameAs":["http:\/\/chento.org","https:\/\/www.facebook.com\/JavierChento","https:\/\/x.com\/https:\/\/twitter.com\/javierchento"],"url":"http:\/\/vincentians.com\/es\/author\/chento\/"}]}},"jetpack_publicize_connections":[],"jetpack_featured_media_url":"https:\/\/i0.wp.com\/vincentians.com\/es\/wp-content\/uploads\/sites\/11\/2016\/07\/escritos-lucia-roge.jpg?fit=1200%2C630","jetpack_sharing_enabled":true,"jetpack_shortlink":"https:\/\/wp.me\/p7ETMF-b1A","jetpack-related-posts":[{"id":34764,"url":"http:\/\/vincentians.com\/es\/lucia-roge-circular-de-ano-nuevo-1976\/","url_meta":{"origin":42382,"position":0},"title":"Luc\u00eda Rog\u00e9: Circular de A\u00f1o nuevo, 1976","author":"Francisco Javier Fern\u00e1ndez Chento","date":"17\/05\/2020","format":false,"excerpt":"NUEVO IMPULSO COMUNITARIO Par\u00eds, 1 de enero de 1976 Mis queridas Hermanas: Sus cartas despiertan en m\u00ed vivos sentimientos de gratitud, que desear\u00eda expresarles personalmente. Espero que al menos todas y cada una de ustedes percibir\u00e1n, a trav\u00e9s de esta circular, mi sincera gratitud por la seguridad de poder contar\u2026","rel":"","context":"En \u00abEscritos de Luc\u00eda Rog\u00e9\u00bb","block_context":{"text":"Escritos de Luc\u00eda Rog\u00e9","link":"http:\/\/vincentians.com\/es\/category\/escritos\/escritos-de-lucia-roge\/"},"img":{"alt_text":"","src":"https:\/\/i0.wp.com\/vincentians.com\/es\/wp-content\/uploads\/sites\/11\/2016\/07\/escritos-lucia-roge.jpg?fit=1200%2C630&resize=350%2C200","width":350,"height":200,"srcset":"https:\/\/i0.wp.com\/vincentians.com\/es\/wp-content\/uploads\/sites\/11\/2016\/07\/escritos-lucia-roge.jpg?fit=1200%2C630&resize=350%2C200 1x, https:\/\/i0.wp.com\/vincentians.com\/es\/wp-content\/uploads\/sites\/11\/2016\/07\/escritos-lucia-roge.jpg?fit=1200%2C630&resize=525%2C300 1.5x, https:\/\/i0.wp.com\/vincentians.com\/es\/wp-content\/uploads\/sites\/11\/2016\/07\/escritos-lucia-roge.jpg?fit=1200%2C630&resize=700%2C400 2x, https:\/\/i0.wp.com\/vincentians.com\/es\/wp-content\/uploads\/sites\/11\/2016\/07\/escritos-lucia-roge.jpg?fit=1200%2C630&resize=1050%2C600 3x"},"classes":[]},{"id":45058,"url":"http:\/\/vincentians.com\/es\/lucia-roge-la-mision-ad-gentes\/","url_meta":{"origin":42382,"position":1},"title":"Luc\u00eda Rog\u00e9: La Misi\u00f3n Ad Gentes","author":"Francisco Javier Fern\u00e1ndez Chento","date":"06\/07\/2011","format":false,"excerpt":"Sor Luc\u00eda Rog\u00e9, H.C. Par\u00eds, octubre de 1975 Una vez m\u00e1s, la Compa\u00f1\u00eda de las Hijas de la Caridad, a trav\u00e9s de cada una de ustedes, responde al llamamiento \"Ad Gentes\" que durante la \u00faltima Asamblea General reafirmamos. \"La Misi\u00f3n ad Gentes est\u00e1 enraizada en la vocaci\u00f3n misma de la\u2026","rel":"","context":"En \u00abEscritos de Luc\u00eda Rog\u00e9\u00bb","block_context":{"text":"Escritos de Luc\u00eda Rog\u00e9","link":"http:\/\/vincentians.com\/es\/category\/escritos\/escritos-de-lucia-roge\/"},"img":{"alt_text":"","src":"https:\/\/i0.wp.com\/vincentians.com\/es\/wp-content\/uploads\/sites\/11\/2016\/07\/escritos-lucia-roge.jpg?fit=1200%2C630&resize=350%2C200","width":350,"height":200,"srcset":"https:\/\/i0.wp.com\/vincentians.com\/es\/wp-content\/uploads\/sites\/11\/2016\/07\/escritos-lucia-roge.jpg?fit=1200%2C630&resize=350%2C200 1x, https:\/\/i0.wp.com\/vincentians.com\/es\/wp-content\/uploads\/sites\/11\/2016\/07\/escritos-lucia-roge.jpg?fit=1200%2C630&resize=525%2C300 1.5x, https:\/\/i0.wp.com\/vincentians.com\/es\/wp-content\/uploads\/sites\/11\/2016\/07\/escritos-lucia-roge.jpg?fit=1200%2C630&resize=700%2C400 2x, https:\/\/i0.wp.com\/vincentians.com\/es\/wp-content\/uploads\/sites\/11\/2016\/07\/escritos-lucia-roge.jpg?fit=1200%2C630&resize=1050%2C600 3x"},"classes":[]},{"id":42372,"url":"http:\/\/vincentians.com\/es\/lucia-roge-la-humildad\/","url_meta":{"origin":42382,"position":2},"title":"Luc\u00eda Rog\u00e9: La humildad","author":"Francisco Javier Fern\u00e1ndez Chento","date":"12\/03\/2021","format":false,"excerpt":"Par\u00eds, mayo 1975 Estoy muy contenta de saludarlas, ya que las he tenido abandona\u00addas durante todos los Ejercicios, pero ya conocen las razones por las que no me ha sido posible dedicarles m\u00e1s tiempo. Se han reunido los Consejos Provinciales de Francia, para, siguien\u00addo los surcos trazados por la Asamblea\u2026","rel":"","context":"En \u00abEscritos de Luc\u00eda Rog\u00e9\u00bb","block_context":{"text":"Escritos de Luc\u00eda Rog\u00e9","link":"http:\/\/vincentians.com\/es\/category\/escritos\/escritos-de-lucia-roge\/"},"img":{"alt_text":"","src":"https:\/\/i0.wp.com\/vincentians.com\/es\/wp-content\/uploads\/sites\/11\/2016\/07\/escritos-lucia-roge.jpg?fit=1200%2C630&resize=350%2C200","width":350,"height":200,"srcset":"https:\/\/i0.wp.com\/vincentians.com\/es\/wp-content\/uploads\/sites\/11\/2016\/07\/escritos-lucia-roge.jpg?fit=1200%2C630&resize=350%2C200 1x, https:\/\/i0.wp.com\/vincentians.com\/es\/wp-content\/uploads\/sites\/11\/2016\/07\/escritos-lucia-roge.jpg?fit=1200%2C630&resize=525%2C300 1.5x, https:\/\/i0.wp.com\/vincentians.com\/es\/wp-content\/uploads\/sites\/11\/2016\/07\/escritos-lucia-roge.jpg?fit=1200%2C630&resize=700%2C400 2x, https:\/\/i0.wp.com\/vincentians.com\/es\/wp-content\/uploads\/sites\/11\/2016\/07\/escritos-lucia-roge.jpg?fit=1200%2C630&resize=1050%2C600 3x"},"classes":[]},{"id":42375,"url":"http:\/\/vincentians.com\/es\/lucia-roge-humildad\/","url_meta":{"origin":42382,"position":3},"title":"Luc\u00eda Rog\u00e9: Humildad","author":"Francisco Javier Fern\u00e1ndez Chento","date":"19\/06\/2011","format":false,"excerpt":"Par\u00eds, marzo, 1977 Realizan ustedes sus ejercicios espirituales en cuaresma, tiempo en el que Dios, nuestro Padre, nos invita a la conversi\u00f3n del coraz\u00f3n, tiem\u00adpo de autoexaminarnos personal y comunitariamente. Pregunt\u00e9monos juntas cu\u00e1l es nuestra respuesta. Este tiempo se nos ha dado para sintonizar nuestra vida con la llamada que\u2026","rel":"","context":"En \u00abEscritos de Luc\u00eda Rog\u00e9\u00bb","block_context":{"text":"Escritos de Luc\u00eda Rog\u00e9","link":"http:\/\/vincentians.com\/es\/category\/escritos\/escritos-de-lucia-roge\/"},"img":{"alt_text":"","src":"https:\/\/i0.wp.com\/vincentians.com\/es\/wp-content\/uploads\/sites\/11\/2016\/07\/escritos-lucia-roge.jpg?fit=1200%2C630&resize=350%2C200","width":350,"height":200,"srcset":"https:\/\/i0.wp.com\/vincentians.com\/es\/wp-content\/uploads\/sites\/11\/2016\/07\/escritos-lucia-roge.jpg?fit=1200%2C630&resize=350%2C200 1x, https:\/\/i0.wp.com\/vincentians.com\/es\/wp-content\/uploads\/sites\/11\/2016\/07\/escritos-lucia-roge.jpg?fit=1200%2C630&resize=525%2C300 1.5x, https:\/\/i0.wp.com\/vincentians.com\/es\/wp-content\/uploads\/sites\/11\/2016\/07\/escritos-lucia-roge.jpg?fit=1200%2C630&resize=700%2C400 2x, https:\/\/i0.wp.com\/vincentians.com\/es\/wp-content\/uploads\/sites\/11\/2016\/07\/escritos-lucia-roge.jpg?fit=1200%2C630&resize=1050%2C600 3x"},"classes":[]},{"id":36844,"url":"http:\/\/vincentians.com\/es\/lucia-roge-asamblea-1978\/","url_meta":{"origin":42382,"position":4},"title":"Luc\u00eda Rog\u00e9: Asamblea (1978)","author":"Francisco Javier Fern\u00e1ndez Chento","date":"02\/05\/2011","format":false,"excerpt":"Cagliari, 13 de abril de 1978 Estoy contenta, de tener esta ocasi\u00f3n de conocerlas mejor, porque cuanto m\u00e1s se conoce, m\u00e1s se ama, y cuanto m\u00e1s se ama, mejor se sirve. Estoy contenta tambi\u00e9n porque, como ustedes saben, Dios nos ha enco\u00admendado un trabajo importante que hemos de realizar juntas,\u2026","rel":"","context":"En \u00abEscritos de Luc\u00eda Rog\u00e9\u00bb","block_context":{"text":"Escritos de Luc\u00eda Rog\u00e9","link":"http:\/\/vincentians.com\/es\/category\/escritos\/escritos-de-lucia-roge\/"},"img":{"alt_text":"","src":"https:\/\/i0.wp.com\/vincentians.com\/es\/wp-content\/uploads\/sites\/11\/2016\/07\/escritos-lucia-roge.jpg?fit=1200%2C630&resize=350%2C200","width":350,"height":200,"srcset":"https:\/\/i0.wp.com\/vincentians.com\/es\/wp-content\/uploads\/sites\/11\/2016\/07\/escritos-lucia-roge.jpg?fit=1200%2C630&resize=350%2C200 1x, https:\/\/i0.wp.com\/vincentians.com\/es\/wp-content\/uploads\/sites\/11\/2016\/07\/escritos-lucia-roge.jpg?fit=1200%2C630&resize=525%2C300 1.5x, https:\/\/i0.wp.com\/vincentians.com\/es\/wp-content\/uploads\/sites\/11\/2016\/07\/escritos-lucia-roge.jpg?fit=1200%2C630&resize=700%2C400 2x, https:\/\/i0.wp.com\/vincentians.com\/es\/wp-content\/uploads\/sites\/11\/2016\/07\/escritos-lucia-roge.jpg?fit=1200%2C630&resize=1050%2C600 3x"},"classes":[]},{"id":34812,"url":"http:\/\/vincentians.com\/es\/lucia-roge-circular-de-renovacion-1976\/","url_meta":{"origin":42382,"position":5},"title":"Luc\u00eda Rog\u00e9: Circular de Renovaci\u00f3n, 1976","author":"Francisco Javier Fern\u00e1ndez Chento","date":"02\/06\/2020","format":false,"excerpt":"EL SERVICIO DE LOS POBRES 2 de febrero de 1976 Hermanas: Vamos a renovar, una vez m\u00e1s, con Mar\u00eda, nuestro compromiso con Cristo en los pobres. Nuestro Superior General nos concede esta gracia para el pr\u00f3ximo 25 de marzo. Con la constante preocupaci\u00f3n de que nuestra respuesta a Dios sea\u2026","rel":"","context":"En \u00abEscritos de Luc\u00eda Rog\u00e9\u00bb","block_context":{"text":"Escritos de Luc\u00eda Rog\u00e9","link":"http:\/\/vincentians.com\/es\/category\/escritos\/escritos-de-lucia-roge\/"},"img":{"alt_text":"","src":"https:\/\/i0.wp.com\/vincentians.com\/es\/wp-content\/uploads\/sites\/11\/2016\/07\/escritos-lucia-roge.jpg?fit=1200%2C630&resize=350%2C200","width":350,"height":200,"srcset":"https:\/\/i0.wp.com\/vincentians.com\/es\/wp-content\/uploads\/sites\/11\/2016\/07\/escritos-lucia-roge.jpg?fit=1200%2C630&resize=350%2C200 1x, https:\/\/i0.wp.com\/vincentians.com\/es\/wp-content\/uploads\/sites\/11\/2016\/07\/escritos-lucia-roge.jpg?fit=1200%2C630&resize=525%2C300 1.5x, https:\/\/i0.wp.com\/vincentians.com\/es\/wp-content\/uploads\/sites\/11\/2016\/07\/escritos-lucia-roge.jpg?fit=1200%2C630&resize=700%2C400 2x, https:\/\/i0.wp.com\/vincentians.com\/es\/wp-content\/uploads\/sites\/11\/2016\/07\/escritos-lucia-roge.jpg?fit=1200%2C630&resize=1050%2C600 3x"},"classes":[]}],"_links":{"self":[{"href":"http:\/\/vincentians.com\/es\/wp-json\/wp\/v2\/posts\/42382","targetHints":{"allow":["GET"]}}],"collection":[{"href":"http:\/\/vincentians.com\/es\/wp-json\/wp\/v2\/posts"}],"about":[{"href":"http:\/\/vincentians.com\/es\/wp-json\/wp\/v2\/types\/post"}],"author":[{"embeddable":true,"href":"http:\/\/vincentians.com\/es\/wp-json\/wp\/v2\/users\/4"}],"replies":[{"embeddable":true,"href":"http:\/\/vincentians.com\/es\/wp-json\/wp\/v2\/comments?post=42382"}],"version-history":[{"count":0,"href":"http:\/\/vincentians.com\/es\/wp-json\/wp\/v2\/posts\/42382\/revisions"}],"wp:featuredmedia":[{"embeddable":true,"href":"http:\/\/vincentians.com\/es\/wp-json\/wp\/v2\/media\/398623"}],"wp:attachment":[{"href":"http:\/\/vincentians.com\/es\/wp-json\/wp\/v2\/media?parent=42382"}],"wp:term":[{"taxonomy":"category","embeddable":true,"href":"http:\/\/vincentians.com\/es\/wp-json\/wp\/v2\/categories?post=42382"},{"taxonomy":"post_tag","embeddable":true,"href":"http:\/\/vincentians.com\/es\/wp-json\/wp\/v2\/tags?post=42382"}],"curies":[{"name":"wp","href":"https:\/\/api.w.org\/{rel}","templated":true}]}}