{"id":42249,"date":"2014-03-30T03:32:37","date_gmt":"2014-03-30T01:32:37","guid":{"rendered":"http:\/\/somos.vicencianos.org\/blog\/2011\/06\/el-senor-vicente-visto-por-su-secretario-luis-robineau-articulos-296-al-300\/"},"modified":"2014-03-30T03:32:37","modified_gmt":"2014-03-30T01:32:37","slug":"el-senor-vicente-visto-por-su-secretario-luis-robineau-articulos-296-al-300","status":"publish","type":"post","link":"http:\/\/vincentians.com\/es\/el-senor-vicente-visto-por-su-secretario-luis-robineau-articulos-296-al-300\/","title":{"rendered":"El se\u00f1or Vicente visto por su secretario, Luis Robineau. Art\u00edculos 296 al 300"},"content":{"rendered":"<h2><em>296.<\/em><strong><em> El Se\u00f1or Vicente: \u00ablos que aman a los pobres no temer\u00e1n la muerte\u00bb.<\/em><\/strong><\/h2>\n<p>Una vez que volv\u00edamos de la ciudad con el difunto Se\u00f1or Abad de Chandenier y el Se\u00f1or Blampignon llegaron a hablar de la muerte de los hombres. El Se\u00f1or Vicente les dijo en esa ocasi\u00f3n lo que sigue: \u00abque todos los que amen a los pobres durante su vida no tendr\u00e1n miedo a la muerte, cuando llegue, y que Dios les hace esa gracia\u00bb, y cont\u00f3 unos ejemplos de personas ilustres.<\/p>\n<blockquote><p><strong>Notas del P. Dodin:<\/strong><\/p>\n<p>Quien ama a los pobres no tendr\u00e1 miedo a la muerte (Abelly,III.121). \u2014A dos eclesi\u00e1sticos de categor\u00eda:<\/p>\n<p>Que todos los que amen a los pobres durante su vida, no tendr\u00e1n ning\u00fan miedo a la muerte; que \u00e9l ha vivido esa experiencia en varias ocasiones, y que por eso mismo, ten\u00eda la costumbre de insinuar esta norma en la mente de las personas que ve\u00eda angustiadas por la muer\u00adte, y se aprovechaba de la ocasi\u00f3n para excitarlas al amor de los pobres.<\/p>\n<p>Hablando en una de sus cartas de la muerte de un sacerdote virtuo\u00adso, confirma lo mismo: \u00abSu muerte \u2014dice\u2014 ha respondido a su vida; ha tenido una conformidad continua con la voluntad de Dios, desde el principio de su enfermedad hasta el fin, sin haber sentido ning\u00fan mo\u00advimiento, ni ning\u00fan pensamiento contrario. Siempre hab\u00eda temido mucho a la muerte, pero como vio desde el comienzo de su enferme\u00addad que la contemplaba sin ning\u00fan temor y hasta con gusto, me dijo que seguramente morir\u00eda de ella, porque \u2014dec\u00eda\u2014 que me hab\u00eda o\u00eddo decir \u00abque Dios quita el miedo a la muerte a los que han practicado gustosamente la caridad con los pobres; y que hab\u00edan experimentado ese temor durante su vida\u00bb (Abelly,III.121).<\/p><\/blockquote>\n<h2><em>297.<\/em><em> El Se\u00f1or Vicente ofrece la hospitalidad de San L\u00e1zaro a un obispo.<\/em><\/h2>\n<p>Ofreci\u00f3 esta Casa a un obispo, que estaba en Flandes, a donde se hab\u00eda trasladado desde Irlanda, porque ven\u00eda de trabajar en el Estatu\u00adto del pr\u00f3jimo y a prop\u00f3sito de esto, record\u00f3 a la Compa\u00f1\u00eda el p\u00e1rrafo de San Mateo, cap\u00edtulo X, que dice que \u00abel que recibe a un profeta por ser profeta recibe la recompensa de profeta\u00bb.<\/p>\n<blockquote>\n<h3>Notas del P. Dodin:<\/h3>\n<p><strong> <\/strong><\/p>\n<p>Hospitalidad a un obispo irland\u00e9s que estaba en Flandes.<\/p>\n<p>Abelly (III.102) omite este acto de celo. J.B. Pemartin lo ha consignado en su reedici\u00f3n de L. Abelly en 1891 (t.III.144, nota).<\/p><\/blockquote>\n<h2><em><strong>298.<\/strong><\/em><em><strong> <\/strong>El Se\u00f1or Vicente manda que se d\u00e9 gratuitamente un Retiro espiritual a alguien, que le hab\u00eda injuriado.<\/em><\/h2>\n<p>Nos hemos enterado con satisfacci\u00f3n que un d\u00eda practic\u00f3 un acto de Caridad muy importante, a saber, recibi\u00f3 caritativamente en San L\u00e1zaro a una persona de quien hab\u00eda recibido un disgusto y una afrenta y que, adem\u00e1s de eso, hizo que practicara un Retiro espiritual, y todo a costa de la Casa.<\/p>\n<p>T\u00e9ngase en cuenta que se dice que fue ese hombre qui\u00e9n le dijo varias injurias al Se\u00f1or Vicente cuando volv\u00eda de la ciudad, y a quien el Se\u00f1or Vicente pidi\u00f3 perd\u00f3n, bajando precisamente para eso del caballo por lo que pod\u00eda haberle hecho a qui\u00e9n le hab\u00eda ofendido.<\/p>\n<p>Pero, ese hombre, arrepentido de haber maltratado as\u00ed con palabras al Se\u00f1or Vicente fue a buscarlo el dia siguiente en San L\u00e1zaro para pedirle perd\u00f3n.<\/p>\n<blockquote>\n<h3>Notas del P. Dodin:<\/h3>\n<p>Retiro espiritual ofrecido a un calumniador (Abelly,III.170).<\/p><\/blockquote>\n<h2><em><strong>299. El Se\u00f1or Vicente declara que prefiere el bien general al bien particular.<\/strong><\/em><\/h2>\n<p>Una de las normas, que he observado en el Se\u00f1or Vicente es que prefer\u00eda siempre el bien general de la Compa\u00f1\u00eda al particular de una de sus casas, cualquiera que fuese. Eso lo he notado principalmente con respecto a dos Letras patentes: una era para todas las casas de la Compa\u00f1\u00eda, en general, y la otra era s\u00f3lo para una de ellas, en par\u00adticular. Y como dudaba que, al presentar las dos al sello al mismo tiempo las rechazaran las dos, me dijo: \u00abHermano, empecemos por presentar la que es m\u00e1s general, y en cuanto a esa otra, ya buscare\u00admos otra ocasi\u00f3n para recogerla\u00bb. Pues bien, es de notar que \u00e9sta \u00faltima me parec\u00eda que era m\u00e1s urgente que la otra. Por eso, no pudo menos que expresarle mi parecer, que no consigui\u00f3 nada, porque la carta general fue sellada y la particular no lo fue hasta mucho des\u00adpu\u00e9s de su muerte.<\/p>\n<blockquote>\n<h3>Notas del P. Dodin:<\/h3>\n<p>Preferir el bien general al inter\u00e9s particular de una casa. Principio, que L. Abelly no ha recogido en los cap\u00edtulos XVI y XVII del Libro III. (Prudencia y justicia).<\/p><\/blockquote>\n<h2><em>300.<\/em><strong><em> Dos causas de aflicci\u00f3n del Se\u00f1or Vicente: las faltas, la miseria.<\/em><\/strong><\/h2>\n<p>Nos dijo un d\u00eda que hab\u00eda dos cosas que le produc\u00edan mucha pena a causa del cargo, que ten\u00eda: una, los defectos de la Compa\u00f1\u00eda a los que pon\u00eda remedio; la otra, la de no socorrer a las necesidades de los pobres, como deber\u00edamos. Dijo esto a prop\u00f3sito de las dos Provincias de Champa\u00f1a y Picard\u00eda.<\/p>\n<blockquote>\n<h3>Notas del P. Dodin:<\/h3>\n<p>Las dos causas de pena del Sr. Vicente.<\/p>\n<p>Formulaci\u00f3n no retenida por L. Abelly.<\/p><\/blockquote>\n","protected":false},"excerpt":{"rendered":"<p>296. El Se\u00f1or Vicente: \u00ablos que aman a los pobres no temer\u00e1n la muerte\u00bb. Una vez que volv\u00edamos de la ciudad con el difunto Se\u00f1or Abad de Chandenier y el Se\u00f1or Blampignon llegaron a hablar &#8230; <a href=\"http:\/\/vincentians.com\/es\/el-senor-vicente-visto-por-su-secretario-luis-robineau-articulos-296-al-300\/\" class=\"more-link\">Read More<\/a><\/p>\n","protected":false},"author":4,"featured_media":27211,"comment_status":"open","ping_status":"open","sticky":false,"template":"","format":"standard","meta":{"jetpack_post_was_ever_published":false,"_jetpack_newsletter_access":"","_jetpack_dont_email_post_to_subs":false,"_jetpack_newsletter_tier_id":0,"_jetpack_memberships_contains_paywalled_content":false,"_jetpack_memberships_contains_paid_content":false,"footnotes":"","jetpack_publicize_message":"","jetpack_publicize_feature_enabled":true,"jetpack_social_post_already_shared":true,"jetpack_social_options":{"image_generator_settings":{"template":"highway","default_image_id":0,"font":"","enabled":false},"version":2}},"categories":[311],"tags":[218,166,143],"class_list":["post-42249","post","type-post","status-publish","format-standard","has-post-thumbnail","hentry","category-escritos-de-luis-robineau","tag-abelly","tag-robineau","tag-san-lazaro"],"yoast_head":"<!-- This site is optimized with the Yoast SEO plugin v26.3 - https:\/\/yoast.com\/wordpress\/plugins\/seo\/ -->\n<title>El se\u00f1or Vicente visto por su secretario, Luis Robineau. Art\u00edculos 296 al 300 - Somos Vicencianos<\/title>\n<meta name=\"robots\" content=\"index, follow, max-snippet:-1, max-image-preview:large, max-video-preview:-1\" \/>\n<link rel=\"canonical\" href=\"https:\/\/vincentians.com\/es\/el-senor-vicente-visto-por-su-secretario-luis-robineau-articulos-296-al-300\/\" \/>\n<meta property=\"og:locale\" content=\"es_ES\" \/>\n<meta property=\"og:type\" content=\"article\" \/>\n<meta property=\"og:title\" content=\"El se\u00f1or Vicente visto por su secretario, Luis Robineau. Art\u00edculos 296 al 300 - Somos Vicencianos\" \/>\n<meta property=\"og:description\" content=\"296. El Se\u00f1or Vicente: \u00ablos que aman a los pobres no temer\u00e1n la muerte\u00bb. Una vez que volv\u00edamos de la ciudad con el difunto Se\u00f1or Abad de Chandenier y el Se\u00f1or Blampignon llegaron a hablar ... Read More\" \/>\n<meta property=\"og:url\" content=\"https:\/\/vincentians.com\/es\/el-senor-vicente-visto-por-su-secretario-luis-robineau-articulos-296-al-300\/\" \/>\n<meta property=\"og:site_name\" content=\"Somos Vicencianos\" \/>\n<meta property=\"article:publisher\" content=\"https:\/\/www.facebook.com\/WeAreVincentians\/\" \/>\n<meta property=\"article:author\" content=\"https:\/\/www.facebook.com\/JavierChento\" \/>\n<meta property=\"article:published_time\" content=\"2014-03-30T01:32:37+00:00\" \/>\n<meta name=\"author\" content=\"Francisco Javier Fern\u00e1ndez Chento\" \/>\n<meta name=\"twitter:card\" content=\"summary_large_image\" \/>\n<meta name=\"twitter:creator\" content=\"@https:\/\/twitter.com\/javierchento\" \/>\n<meta name=\"twitter:site\" content=\"@WeVincentians\" \/>\n<meta name=\"twitter:label1\" content=\"Escrito por\" \/>\n\t<meta name=\"twitter:data1\" content=\"Francisco Javier Fern\u00e1ndez Chento\" \/>\n\t<meta name=\"twitter:label2\" content=\"Tiempo de lectura\" \/>\n\t<meta name=\"twitter:data2\" content=\"5 minutos\" \/>\n<script type=\"application\/ld+json\" class=\"yoast-schema-graph\">{\"@context\":\"https:\/\/schema.org\",\"@graph\":[{\"@type\":\"Article\",\"@id\":\"https:\/\/vincentians.com\/es\/el-senor-vicente-visto-por-su-secretario-luis-robineau-articulos-296-al-300\/#article\",\"isPartOf\":{\"@id\":\"https:\/\/vincentians.com\/es\/el-senor-vicente-visto-por-su-secretario-luis-robineau-articulos-296-al-300\/\"},\"author\":{\"name\":\"Francisco Javier Fern\u00e1ndez Chento\",\"@id\":\"http:\/\/vincentians.com\/es\/#\/schema\/person\/9623ef4d9aa3b2dfb8c061f1499288f2\"},\"headline\":\"El se\u00f1or Vicente visto por su secretario, Luis Robineau. Art\u00edculos 296 al 300\",\"datePublished\":\"2014-03-30T01:32:37+00:00\",\"mainEntityOfPage\":{\"@id\":\"https:\/\/vincentians.com\/es\/el-senor-vicente-visto-por-su-secretario-luis-robineau-articulos-296-al-300\/\"},\"wordCount\":936,\"commentCount\":0,\"publisher\":{\"@id\":\"http:\/\/vincentians.com\/es\/#organization\"},\"image\":{\"@id\":\"https:\/\/vincentians.com\/es\/el-senor-vicente-visto-por-su-secretario-luis-robineau-articulos-296-al-300\/#primaryimage\"},\"thumbnailUrl\":\"\",\"keywords\":[\"Abelly\",\"Robineau\",\"San L\u00e1zaro\"],\"articleSection\":[\"Escritos de Luis Robineau\"],\"inLanguage\":\"es\",\"potentialAction\":[{\"@type\":\"CommentAction\",\"name\":\"Comment\",\"target\":[\"https:\/\/vincentians.com\/es\/el-senor-vicente-visto-por-su-secretario-luis-robineau-articulos-296-al-300\/#respond\"]}]},{\"@type\":\"WebPage\",\"@id\":\"https:\/\/vincentians.com\/es\/el-senor-vicente-visto-por-su-secretario-luis-robineau-articulos-296-al-300\/\",\"url\":\"https:\/\/vincentians.com\/es\/el-senor-vicente-visto-por-su-secretario-luis-robineau-articulos-296-al-300\/\",\"name\":\"El se\u00f1or Vicente visto por su secretario, Luis Robineau. Art\u00edculos 296 al 300 - Somos Vicencianos\",\"isPartOf\":{\"@id\":\"http:\/\/vincentians.com\/es\/#website\"},\"primaryImageOfPage\":{\"@id\":\"https:\/\/vincentians.com\/es\/el-senor-vicente-visto-por-su-secretario-luis-robineau-articulos-296-al-300\/#primaryimage\"},\"image\":{\"@id\":\"https:\/\/vincentians.com\/es\/el-senor-vicente-visto-por-su-secretario-luis-robineau-articulos-296-al-300\/#primaryimage\"},\"thumbnailUrl\":\"\",\"datePublished\":\"2014-03-30T01:32:37+00:00\",\"breadcrumb\":{\"@id\":\"https:\/\/vincentians.com\/es\/el-senor-vicente-visto-por-su-secretario-luis-robineau-articulos-296-al-300\/#breadcrumb\"},\"inLanguage\":\"es\",\"potentialAction\":[{\"@type\":\"ReadAction\",\"target\":[\"https:\/\/vincentians.com\/es\/el-senor-vicente-visto-por-su-secretario-luis-robineau-articulos-296-al-300\/\"]}]},{\"@type\":\"ImageObject\",\"inLanguage\":\"es\",\"@id\":\"https:\/\/vincentians.com\/es\/el-senor-vicente-visto-por-su-secretario-luis-robineau-articulos-296-al-300\/#primaryimage\",\"url\":\"\",\"contentUrl\":\"\"},{\"@type\":\"BreadcrumbList\",\"@id\":\"https:\/\/vincentians.com\/es\/el-senor-vicente-visto-por-su-secretario-luis-robineau-articulos-296-al-300\/#breadcrumb\",\"itemListElement\":[{\"@type\":\"ListItem\",\"position\":1,\"name\":\"Portada\",\"item\":\"http:\/\/vincentians.com\/es\/\"},{\"@type\":\"ListItem\",\"position\":2,\"name\":\"El se\u00f1or Vicente visto por su secretario, Luis Robineau. Art\u00edculos 296 al 300\"}]},{\"@type\":\"WebSite\",\"@id\":\"http:\/\/vincentians.com\/es\/#website\",\"url\":\"http:\/\/vincentians.com\/es\/\",\"name\":\"Somos Vicencianos\",\"description\":\"Know more to serve more\",\"publisher\":{\"@id\":\"http:\/\/vincentians.com\/es\/#organization\"},\"potentialAction\":[{\"@type\":\"SearchAction\",\"target\":{\"@type\":\"EntryPoint\",\"urlTemplate\":\"http:\/\/vincentians.com\/es\/?s={search_term_string}\"},\"query-input\":{\"@type\":\"PropertyValueSpecification\",\"valueRequired\":true,\"valueName\":\"search_term_string\"}}],\"inLanguage\":\"es\"},{\"@type\":\"Organization\",\"@id\":\"http:\/\/vincentians.com\/es\/#organization\",\"name\":\"The Vincentian Network\",\"url\":\"http:\/\/vincentians.com\/es\/\",\"logo\":{\"@type\":\"ImageObject\",\"inLanguage\":\"es\",\"@id\":\"http:\/\/vincentians.com\/es\/#\/schema\/logo\/image\/\",\"url\":\"https:\/\/i1.wp.com\/vincentians.com\/es\/wp-content\/uploads\/sites\/11\/2016\/06\/Vincentian-Network-logo-big.png?fit=778%2C778\",\"contentUrl\":\"https:\/\/i1.wp.com\/vincentians.com\/es\/wp-content\/uploads\/sites\/11\/2016\/06\/Vincentian-Network-logo-big.png?fit=778%2C778\",\"width\":778,\"height\":778,\"caption\":\"The Vincentian Network\"},\"image\":{\"@id\":\"http:\/\/vincentians.com\/es\/#\/schema\/logo\/image\/\"},\"sameAs\":[\"https:\/\/www.facebook.com\/WeAreVincentians\/\",\"https:\/\/x.com\/WeVincentians\"]},{\"@type\":\"Person\",\"@id\":\"http:\/\/vincentians.com\/es\/#\/schema\/person\/9623ef4d9aa3b2dfb8c061f1499288f2\",\"name\":\"Francisco Javier Fern\u00e1ndez Chento\",\"image\":{\"@type\":\"ImageObject\",\"inLanguage\":\"es\",\"@id\":\"http:\/\/vincentians.com\/es\/#\/schema\/person\/image\/\",\"url\":\"https:\/\/secure.gravatar.com\/avatar\/497d5cde87b4c3d097d0315953521681ba2cd523ee66e5077c3711f7021e65de?s=96&d=mm&r=g\",\"contentUrl\":\"https:\/\/secure.gravatar.com\/avatar\/497d5cde87b4c3d097d0315953521681ba2cd523ee66e5077c3711f7021e65de?s=96&d=mm&r=g\",\"caption\":\"Francisco Javier Fern\u00e1ndez Chento\"},\"description\":\"Director General y cofundador de La Red de Formaci\u00f3n Vicenciana. Javier es laico vicenciano, afiliado a la Congregaci\u00f3n de la Misi\u00f3n y miembro del Equipo de Misiones Populares de la provincia can\u00f3nica de Zaragoza (Espa\u00f1a) de la Congregaci\u00f3n de la Misi\u00f3n. Graduado en la Universidad Oberta de Catalunya con cuatro grados (Asistente de direcci\u00f3n, Gesti\u00f3n Administrativa, Recursos Humanos y Contabilidad Avanzada). Bil\u00edng\u00fce Espa\u00f1ol\/Ingl\u00e9s. gestiona y mantiene varias p\u00e1ginas web cristianas y vicencianas, incluida including La Red de Formaci\u00f3n Vicenciana, de la que es cofundador. Actualmente es responsable del \u00e1rea de Espa\u00f1ol de .famvin, la Red de Noticias de la Familia Vicenciana. Tambi\u00e9n es m\u00fasico cat\u00f3lico y ha editado varios discos. Es Director General y cofundador de Trovador, una reconocida compa\u00f1\u00eda discogr\u00e1fica critiana de Espa\u00f1a. Trabaja en las Tecnolog\u00edas de la Informaci\u00f3n, ofreciendo servicios de alojamiento, dise\u00f1o y mantenimiento Web, as\u00ed como asesoramiento, formaci\u00f3n y soluciones inform\u00e1ticas, gesti\u00f3n documental y digitalizaci\u00f3n de textos, edici\u00f3n y maquetaci\u00f3n de libros, revistas, flyers, etc.\",\"sameAs\":[\"http:\/\/chento.org\",\"https:\/\/www.facebook.com\/JavierChento\",\"https:\/\/x.com\/https:\/\/twitter.com\/javierchento\"],\"url\":\"http:\/\/vincentians.com\/es\/author\/chento\/\"}]}<\/script>\n<!-- \/ Yoast SEO plugin. -->","yoast_head_json":{"title":"El se\u00f1or Vicente visto por su secretario, Luis Robineau. Art\u00edculos 296 al 300 - Somos Vicencianos","robots":{"index":"index","follow":"follow","max-snippet":"max-snippet:-1","max-image-preview":"max-image-preview:large","max-video-preview":"max-video-preview:-1"},"canonical":"https:\/\/vincentians.com\/es\/el-senor-vicente-visto-por-su-secretario-luis-robineau-articulos-296-al-300\/","og_locale":"es_ES","og_type":"article","og_title":"El se\u00f1or Vicente visto por su secretario, Luis Robineau. Art\u00edculos 296 al 300 - Somos Vicencianos","og_description":"296. El Se\u00f1or Vicente: \u00ablos que aman a los pobres no temer\u00e1n la muerte\u00bb. Una vez que volv\u00edamos de la ciudad con el difunto Se\u00f1or Abad de Chandenier y el Se\u00f1or Blampignon llegaron a hablar ... Read More","og_url":"https:\/\/vincentians.com\/es\/el-senor-vicente-visto-por-su-secretario-luis-robineau-articulos-296-al-300\/","og_site_name":"Somos Vicencianos","article_publisher":"https:\/\/www.facebook.com\/WeAreVincentians\/","article_author":"https:\/\/www.facebook.com\/JavierChento","article_published_time":"2014-03-30T01:32:37+00:00","author":"Francisco Javier Fern\u00e1ndez Chento","twitter_card":"summary_large_image","twitter_creator":"@https:\/\/twitter.com\/javierchento","twitter_site":"@WeVincentians","twitter_misc":{"Escrito por":"Francisco Javier Fern\u00e1ndez Chento","Tiempo de lectura":"5 minutos"},"schema":{"@context":"https:\/\/schema.org","@graph":[{"@type":"Article","@id":"https:\/\/vincentians.com\/es\/el-senor-vicente-visto-por-su-secretario-luis-robineau-articulos-296-al-300\/#article","isPartOf":{"@id":"https:\/\/vincentians.com\/es\/el-senor-vicente-visto-por-su-secretario-luis-robineau-articulos-296-al-300\/"},"author":{"name":"Francisco Javier Fern\u00e1ndez Chento","@id":"http:\/\/vincentians.com\/es\/#\/schema\/person\/9623ef4d9aa3b2dfb8c061f1499288f2"},"headline":"El se\u00f1or Vicente visto por su secretario, Luis Robineau. Art\u00edculos 296 al 300","datePublished":"2014-03-30T01:32:37+00:00","mainEntityOfPage":{"@id":"https:\/\/vincentians.com\/es\/el-senor-vicente-visto-por-su-secretario-luis-robineau-articulos-296-al-300\/"},"wordCount":936,"commentCount":0,"publisher":{"@id":"http:\/\/vincentians.com\/es\/#organization"},"image":{"@id":"https:\/\/vincentians.com\/es\/el-senor-vicente-visto-por-su-secretario-luis-robineau-articulos-296-al-300\/#primaryimage"},"thumbnailUrl":"","keywords":["Abelly","Robineau","San L\u00e1zaro"],"articleSection":["Escritos de Luis Robineau"],"inLanguage":"es","potentialAction":[{"@type":"CommentAction","name":"Comment","target":["https:\/\/vincentians.com\/es\/el-senor-vicente-visto-por-su-secretario-luis-robineau-articulos-296-al-300\/#respond"]}]},{"@type":"WebPage","@id":"https:\/\/vincentians.com\/es\/el-senor-vicente-visto-por-su-secretario-luis-robineau-articulos-296-al-300\/","url":"https:\/\/vincentians.com\/es\/el-senor-vicente-visto-por-su-secretario-luis-robineau-articulos-296-al-300\/","name":"El se\u00f1or Vicente visto por su secretario, Luis Robineau. Art\u00edculos 296 al 300 - Somos Vicencianos","isPartOf":{"@id":"http:\/\/vincentians.com\/es\/#website"},"primaryImageOfPage":{"@id":"https:\/\/vincentians.com\/es\/el-senor-vicente-visto-por-su-secretario-luis-robineau-articulos-296-al-300\/#primaryimage"},"image":{"@id":"https:\/\/vincentians.com\/es\/el-senor-vicente-visto-por-su-secretario-luis-robineau-articulos-296-al-300\/#primaryimage"},"thumbnailUrl":"","datePublished":"2014-03-30T01:32:37+00:00","breadcrumb":{"@id":"https:\/\/vincentians.com\/es\/el-senor-vicente-visto-por-su-secretario-luis-robineau-articulos-296-al-300\/#breadcrumb"},"inLanguage":"es","potentialAction":[{"@type":"ReadAction","target":["https:\/\/vincentians.com\/es\/el-senor-vicente-visto-por-su-secretario-luis-robineau-articulos-296-al-300\/"]}]},{"@type":"ImageObject","inLanguage":"es","@id":"https:\/\/vincentians.com\/es\/el-senor-vicente-visto-por-su-secretario-luis-robineau-articulos-296-al-300\/#primaryimage","url":"","contentUrl":""},{"@type":"BreadcrumbList","@id":"https:\/\/vincentians.com\/es\/el-senor-vicente-visto-por-su-secretario-luis-robineau-articulos-296-al-300\/#breadcrumb","itemListElement":[{"@type":"ListItem","position":1,"name":"Portada","item":"http:\/\/vincentians.com\/es\/"},{"@type":"ListItem","position":2,"name":"El se\u00f1or Vicente visto por su secretario, Luis Robineau. Art\u00edculos 296 al 300"}]},{"@type":"WebSite","@id":"http:\/\/vincentians.com\/es\/#website","url":"http:\/\/vincentians.com\/es\/","name":"Somos Vicencianos","description":"Know more to serve more","publisher":{"@id":"http:\/\/vincentians.com\/es\/#organization"},"potentialAction":[{"@type":"SearchAction","target":{"@type":"EntryPoint","urlTemplate":"http:\/\/vincentians.com\/es\/?s={search_term_string}"},"query-input":{"@type":"PropertyValueSpecification","valueRequired":true,"valueName":"search_term_string"}}],"inLanguage":"es"},{"@type":"Organization","@id":"http:\/\/vincentians.com\/es\/#organization","name":"The Vincentian Network","url":"http:\/\/vincentians.com\/es\/","logo":{"@type":"ImageObject","inLanguage":"es","@id":"http:\/\/vincentians.com\/es\/#\/schema\/logo\/image\/","url":"https:\/\/i1.wp.com\/vincentians.com\/es\/wp-content\/uploads\/sites\/11\/2016\/06\/Vincentian-Network-logo-big.png?fit=778%2C778","contentUrl":"https:\/\/i1.wp.com\/vincentians.com\/es\/wp-content\/uploads\/sites\/11\/2016\/06\/Vincentian-Network-logo-big.png?fit=778%2C778","width":778,"height":778,"caption":"The Vincentian Network"},"image":{"@id":"http:\/\/vincentians.com\/es\/#\/schema\/logo\/image\/"},"sameAs":["https:\/\/www.facebook.com\/WeAreVincentians\/","https:\/\/x.com\/WeVincentians"]},{"@type":"Person","@id":"http:\/\/vincentians.com\/es\/#\/schema\/person\/9623ef4d9aa3b2dfb8c061f1499288f2","name":"Francisco Javier Fern\u00e1ndez Chento","image":{"@type":"ImageObject","inLanguage":"es","@id":"http:\/\/vincentians.com\/es\/#\/schema\/person\/image\/","url":"https:\/\/secure.gravatar.com\/avatar\/497d5cde87b4c3d097d0315953521681ba2cd523ee66e5077c3711f7021e65de?s=96&d=mm&r=g","contentUrl":"https:\/\/secure.gravatar.com\/avatar\/497d5cde87b4c3d097d0315953521681ba2cd523ee66e5077c3711f7021e65de?s=96&d=mm&r=g","caption":"Francisco Javier Fern\u00e1ndez Chento"},"description":"Director General y cofundador de La Red de Formaci\u00f3n Vicenciana. Javier es laico vicenciano, afiliado a la Congregaci\u00f3n de la Misi\u00f3n y miembro del Equipo de Misiones Populares de la provincia can\u00f3nica de Zaragoza (Espa\u00f1a) de la Congregaci\u00f3n de la Misi\u00f3n. Graduado en la Universidad Oberta de Catalunya con cuatro grados (Asistente de direcci\u00f3n, Gesti\u00f3n Administrativa, Recursos Humanos y Contabilidad Avanzada). Bil\u00edng\u00fce Espa\u00f1ol\/Ingl\u00e9s. gestiona y mantiene varias p\u00e1ginas web cristianas y vicencianas, incluida including La Red de Formaci\u00f3n Vicenciana, de la que es cofundador. Actualmente es responsable del \u00e1rea de Espa\u00f1ol de .famvin, la Red de Noticias de la Familia Vicenciana. Tambi\u00e9n es m\u00fasico cat\u00f3lico y ha editado varios discos. Es Director General y cofundador de Trovador, una reconocida compa\u00f1\u00eda discogr\u00e1fica critiana de Espa\u00f1a. Trabaja en las Tecnolog\u00edas de la Informaci\u00f3n, ofreciendo servicios de alojamiento, dise\u00f1o y mantenimiento Web, as\u00ed como asesoramiento, formaci\u00f3n y soluciones inform\u00e1ticas, gesti\u00f3n documental y digitalizaci\u00f3n de textos, edici\u00f3n y maquetaci\u00f3n de libros, revistas, flyers, etc.","sameAs":["http:\/\/chento.org","https:\/\/www.facebook.com\/JavierChento","https:\/\/x.com\/https:\/\/twitter.com\/javierchento"],"url":"http:\/\/vincentians.com\/es\/author\/chento\/"}]}},"jetpack_publicize_connections":[],"jetpack_featured_media_url":"","jetpack_sharing_enabled":true,"jetpack_shortlink":"https:\/\/wp.me\/p7ETMF-aZr","jetpack-related-posts":[{"id":42248,"url":"http:\/\/vincentians.com\/es\/el-senor-vicente-visto-por-su-secretario-luis-robineau-articulos-291-al-295\/","url_meta":{"origin":42249,"position":0},"title":"El se\u00f1or Vicente visto por su secretario, Luis Robineau. Art\u00edculos 291 al 295","author":"Francisco Javier Fern\u00e1ndez Chento","date":"29\/03\/2014","format":false,"excerpt":"291. El Se\u00f1or Vicente se preocupa de los que comen tarde. No perd\u00eda ninguna ocasi\u00f3n para practicar esta hermosa virtud has\u00adta llegar a preocuparse, cuando yo iba a comer tarde, para que me dieran lo que faltaba y se preocupaba de que no le faltara nada a nadie, ni a\u2026","rel":"","context":"En \u00abEscritos de Luis Robineau\u00bb","block_context":{"text":"Escritos de Luis Robineau","link":"http:\/\/vincentians.com\/es\/category\/escritos\/escritos-de-luis-robineau\/"},"img":{"alt_text":"","src":"","width":0,"height":0},"classes":[]},{"id":37724,"url":"http:\/\/vincentians.com\/es\/el-senor-vicente-visto-por-su-secretario-luis-robineau-articulos-156-al-160\/","url_meta":{"origin":42249,"position":1},"title":"El se\u00f1or Vicente visto por su secretario, Luis Robineau. Art\u00edculos 156 al 160","author":"Francisco Javier Fern\u00e1ndez Chento","date":"02\/03\/2014","format":false,"excerpt":"156. Aut\u00e9ntico cristiano el que est\u00e1 dispuesto a perderlo todo por Jesucristo. No seremos \u2014dec\u00eda\u2014 verdaderos cristianos hasta que no estemos dispuestos a perder todo por el amor de Dios y a dar nuestra vida por Jesucristo. Notas del P. Dodin: Definici\u00f3n ausente en Abelly (III). 157. Dispuesto a sufrir\u2026","rel":"","context":"En \u00abEscritos de Luis Robineau\u00bb","block_context":{"text":"Escritos de Luis Robineau","link":"http:\/\/vincentians.com\/es\/category\/escritos\/escritos-de-luis-robineau\/"},"img":{"alt_text":"","src":"","width":0,"height":0},"classes":[]},{"id":42247,"url":"http:\/\/vincentians.com\/es\/el-senor-vicente-visto-por-su-secretario-luis-robineau-articulos-286-al-290\/","url_meta":{"origin":42249,"position":2},"title":"El se\u00f1or Vicente visto por su secretario, Luis Robineau. Art\u00edculos 286 al 290","author":"Francisco Javier Fern\u00e1ndez Chento","date":"28\/03\/2014","format":false,"excerpt":"286. Preocupaci\u00f3n por los enfermos y los difuntos. Tambi\u00e9n sol\u00eda hacer aparecer su Caridad al visitar los enfermos, que iba a verlos con frecuencia, y ten\u00eda un cuidado maravilloso en encomendarles a las oraciones de la Compa\u00f1\u00eda. Caridad, que era muy delicado en practicar con los fundadores y bienhechores de\u2026","rel":"","context":"En \u00abEscritos de Luis Robineau\u00bb","block_context":{"text":"Escritos de Luis Robineau","link":"http:\/\/vincentians.com\/es\/category\/escritos\/escritos-de-luis-robineau\/"},"img":{"alt_text":"","src":"","width":0,"height":0},"classes":[]},{"id":30765,"url":"http:\/\/vincentians.com\/es\/el-senor-vicente-visto-por-su-secretario-luis-robineau-articulos-041-al-045\/","url_meta":{"origin":42249,"position":3},"title":"El se\u00f1or Vicente visto por su secretario, Luis Robineau. Art\u00edculos 041 al 045","author":"Francisco Javier Fern\u00e1ndez Chento","date":"23\/12\/2024","format":false,"excerpt":"041. Rechaza una colgadura para su cama. En otra ocasi\u00f3n, le pusieron una peque\u00f1a colgadura en su peque\u00f1a habitaci\u00f3n alrededor del jerg\u00f3n a causa del fr\u00edo y de la incomodidad que sufr\u00eda en su cuerpo. La quit\u00f3 de encima \"porque \u2014me dijo\u2014 aque\u00adllo le daba verg\u00fcenza\". Al margen: Ver lo\u2026","rel":"","context":"En \u00abEscritos de Luis Robineau\u00bb","block_context":{"text":"Escritos de Luis Robineau","link":"http:\/\/vincentians.com\/es\/category\/escritos\/escritos-de-luis-robineau\/"},"img":{"alt_text":"","src":"https:\/\/i0.wp.com\/vincentians.com\/es\/wp-content\/uploads\/sites\/11\/2013\/04\/Cuba4.png?fit=1200%2C715&resize=350%2C200","width":350,"height":200,"srcset":"https:\/\/i0.wp.com\/vincentians.com\/es\/wp-content\/uploads\/sites\/11\/2013\/04\/Cuba4.png?fit=1200%2C715&resize=350%2C200 1x, https:\/\/i0.wp.com\/vincentians.com\/es\/wp-content\/uploads\/sites\/11\/2013\/04\/Cuba4.png?fit=1200%2C715&resize=525%2C300 1.5x, https:\/\/i0.wp.com\/vincentians.com\/es\/wp-content\/uploads\/sites\/11\/2013\/04\/Cuba4.png?fit=1200%2C715&resize=700%2C400 2x, https:\/\/i0.wp.com\/vincentians.com\/es\/wp-content\/uploads\/sites\/11\/2013\/04\/Cuba4.png?fit=1200%2C715&resize=1050%2C600 3x"},"classes":[]},{"id":36978,"url":"http:\/\/vincentians.com\/es\/el-senor-vicente-visto-por-su-secretario-luis-robineau-articulos-146-al-150\/","url_meta":{"origin":42249,"position":4},"title":"El se\u00f1or Vicente visto por su secretario, Luis Robineau. Art\u00edculos 146 al 150","author":"Francisco Javier Fern\u00e1ndez Chento","date":"15\/06\/2025","format":false,"excerpt":"146. Abstinencia y mortificaci\u00f3n como introducci\u00f3n a la Cuaresma. La abstinencia de carne, que ha establecido los lunes y martes de carnaval, la de confesarse y comulgar dicho martes, no dar permiso para salir a la ciudad sin necesidad urgente, la exhortaci\u00f3n que se hace dicho d\u00eda, y el lavado\u2026","rel":"","context":"En \u00abEscritos de Luis Robineau\u00bb","block_context":{"text":"Escritos de Luis Robineau","link":"http:\/\/vincentians.com\/es\/category\/escritos\/escritos-de-luis-robineau\/"},"img":{"alt_text":"","src":"https:\/\/i0.wp.com\/vincentians.com\/es\/wp-content\/uploads\/sites\/11\/2013\/04\/g-5.jpg?fit=1170%2C692&resize=350%2C200","width":350,"height":200,"srcset":"https:\/\/i0.wp.com\/vincentians.com\/es\/wp-content\/uploads\/sites\/11\/2013\/04\/g-5.jpg?fit=1170%2C692&resize=350%2C200 1x, https:\/\/i0.wp.com\/vincentians.com\/es\/wp-content\/uploads\/sites\/11\/2013\/04\/g-5.jpg?fit=1170%2C692&resize=525%2C300 1.5x, https:\/\/i0.wp.com\/vincentians.com\/es\/wp-content\/uploads\/sites\/11\/2013\/04\/g-5.jpg?fit=1170%2C692&resize=700%2C400 2x, https:\/\/i0.wp.com\/vincentians.com\/es\/wp-content\/uploads\/sites\/11\/2013\/04\/g-5.jpg?fit=1170%2C692&resize=1050%2C600 3x"},"classes":[]},{"id":42242,"url":"http:\/\/vincentians.com\/es\/el-senor-vicente-visto-por-su-secretario-luis-robineau-articulos-261-al-265\/","url_meta":{"origin":42249,"position":5},"title":"El se\u00f1or Vicente visto por su secretario, Luis Robineau. Art\u00edculos 261 al 265","author":"Francisco Javier Fern\u00e1ndez Chento","date":"23\/03\/2014","format":false,"excerpt":"261. Los misioneros dedicados a la distribuci\u00f3n de las limosnas son los mejores testigos. Como varias personas de la Compa\u00f1\u00eda han estado empleadas en repartir limosnas tanto en Lorena, Champa\u00f1a, Picard\u00eda, como en otros sitios del Reino y por medio de la fundaci\u00f3n de las Cofrad\u00edas de la Caridad, por\u2026","rel":"","context":"En \u00abEscritos de Luis Robineau\u00bb","block_context":{"text":"Escritos de Luis Robineau","link":"http:\/\/vincentians.com\/es\/category\/escritos\/escritos-de-luis-robineau\/"},"img":{"alt_text":"","src":"","width":0,"height":0},"classes":[]}],"_links":{"self":[{"href":"http:\/\/vincentians.com\/es\/wp-json\/wp\/v2\/posts\/42249","targetHints":{"allow":["GET"]}}],"collection":[{"href":"http:\/\/vincentians.com\/es\/wp-json\/wp\/v2\/posts"}],"about":[{"href":"http:\/\/vincentians.com\/es\/wp-json\/wp\/v2\/types\/post"}],"author":[{"embeddable":true,"href":"http:\/\/vincentians.com\/es\/wp-json\/wp\/v2\/users\/4"}],"replies":[{"embeddable":true,"href":"http:\/\/vincentians.com\/es\/wp-json\/wp\/v2\/comments?post=42249"}],"version-history":[{"count":0,"href":"http:\/\/vincentians.com\/es\/wp-json\/wp\/v2\/posts\/42249\/revisions"}],"wp:featuredmedia":[{"embeddable":true,"href":"http:\/\/vincentians.com\/es\/wp-json\/"}],"wp:attachment":[{"href":"http:\/\/vincentians.com\/es\/wp-json\/wp\/v2\/media?parent=42249"}],"wp:term":[{"taxonomy":"category","embeddable":true,"href":"http:\/\/vincentians.com\/es\/wp-json\/wp\/v2\/categories?post=42249"},{"taxonomy":"post_tag","embeddable":true,"href":"http:\/\/vincentians.com\/es\/wp-json\/wp\/v2\/tags?post=42249"}],"curies":[{"name":"wp","href":"https:\/\/api.w.org\/{rel}","templated":true}]}}