{"id":42248,"date":"2014-03-29T03:32:37","date_gmt":"2014-03-29T02:32:37","guid":{"rendered":"http:\/\/somos.vicencianos.org\/blog\/2011\/06\/el-senor-vicente-visto-por-su-secretario-luis-robineau-articulos-291-al-295\/"},"modified":"2014-03-29T03:32:37","modified_gmt":"2014-03-29T02:32:37","slug":"el-senor-vicente-visto-por-su-secretario-luis-robineau-articulos-291-al-295","status":"publish","type":"post","link":"http:\/\/vincentians.com\/es\/el-senor-vicente-visto-por-su-secretario-luis-robineau-articulos-291-al-295\/","title":{"rendered":"El se\u00f1or Vicente visto por su secretario, Luis Robineau. Art\u00edculos 291 al 295"},"content":{"rendered":"<h2><em>291. El Se\u00f1or Vicente se preocupa de los que comen tarde.<\/em><\/h2>\n<p>No perd\u00eda ninguna ocasi\u00f3n para practicar esta hermosa virtud has\u00adta llegar a preocuparse, cuando yo iba a comer tarde, para que me dieran lo que faltaba y se preocupaba de que no le faltara nada a nadie, ni a los criados de la casa.<\/p>\n<blockquote><p><strong>Notas del P. Dodin:<\/strong><\/p>\n<p>Preocupaci\u00f3n del Sr. Vicente por los que llegan tarde (a comer). Nota omitida por L. Abelly.<\/p><\/blockquote>\n<h2><em>292.<\/em><strong><em> El Se\u00f1or Vicente lamenta que se le d\u00e9 pan blanco a la comunidad.<\/em><\/strong><\/h2>\n<p>Le he visto durante alg\u00fan tiempo que estaba con pena porque el pan que daban a la comunidad fuera tan blanco como era, mientras los pobres com\u00edan pan moreno.<\/p>\n<blockquote>\n<h3>Notas del P. Dodin:<\/h3>\n<p><strong> <\/strong><\/p>\n<p>Pan blanco y pan moreno.<\/p>\n<p>Nota omitida por L. Abelly.<\/p><\/blockquote>\n<h2><em><strong>293. El Se\u00f1or Vicente hace que dejen libres a los agresores del Se\u00f1or Portail.<\/strong><\/em><\/h2>\n<p>Cuando estaba de p\u00e1rroco en Clichy, hizo sacar de las c\u00e1rceles de la justicia de aquel lugar a un hombre de Clignancourt, o de los alre\u00addedores, quien junto con otros del mismo lugar hab\u00eda maltratado al Se\u00f1or Portail, que entonces era todav\u00eda joven, de unos dieciocho o veinte a\u00f1os, y viv\u00eda en casa del Se\u00f1or Vicente. El mismo Se\u00f1or Portail me ha contado esto, y que fueron habitantes de Clichy los que cogie\u00adron preso al hombre, pues lo sorprendieron maltratando de nuevo a pedradas a dicho Se\u00f1or Portail.<\/p>\n<blockquote>\n<h3>Notas del P. Dodin:<\/h3>\n<p>Protecci\u00f3n de Antonio Portail en Clichy.<\/p>\n<p>Antonio Portail, nacido en Beaucaire el 22 de noviembre de 1590, vino a Par\u00eds a estudiar en la Sorbona; conoce al Sr. Vicente hacia 1612, se une a \u00e9l, despu\u00e9s de ordenarse en 1662, hasta su muerte (14 de febrero de 1660).<\/p>\n<p>Abelly no ha recogido la protecci\u00f3n prestada al Sr. Portail, cuando le agradecieron en Clichy, que est\u00e1 consignada en la Notice d&#8217;Antoine Portail (Cf. <strong>Notice sur les pr\u00e9tres, clercs et fr\u00e9res d\u00e9funts de la Congr\u00e9gation de la Mission. <\/strong>Par\u00eds, 1881, 1&#8242; serie, t. I, pp. 1-94).<\/p><\/blockquote>\n<h2><em><strong>294. El Se\u00f1or Vicente hace que dejen libre a un antiguo hermano coadjutor condenado a muerte.<\/strong><\/em><\/h2>\n<p>Un joven, llamado Miguel Stock, extranjero, fue recibido en la Com\u00adpa\u00f1\u00eda en calidad de Hermano coadjutor. Al poco tiempo, se march\u00f3 y sent\u00f3 plaza en la Compa\u00f1\u00eda de los Guardas Suizos. Pues bien, ocurri\u00f3 poco despu\u00e9s, sea porque quer\u00eda retirarse de las armas o por otra causa, que fue detenido como desertor del ej\u00e9rcito y por eso lo metie\u00adron preso en Montmorency, y acabado que fue su proceso, fue sen\u00adtenciado a que le cortaran la cabeza, como \u00e9l mismo lo dijo en una de sus cartas del 16 de junio de 1655, que escribi\u00f3 al Se\u00f1or Vicente. Este joven, conocedor de la caridad del Se\u00f1or Vicente, vi\u00e9ndose preso, acudi\u00f3 inmediatamente a \u00e9l en aquella ocasi\u00f3n en que estaba en jue\u00adgo su vida, y el Se\u00f1or Vicente se ocup\u00f3 de dicho asunto, y escribi\u00f3 r\u00e1pidamente a la Se\u00f1ora Presidenta Fouquet, el martes 18 de mayo de dicho a\u00f1o, 1655, y, al fin, se libr\u00f3 de la muerte. El Se\u00f1or Brin, a quien el Se\u00f1or Vicente encarg\u00f3 el asunto, podr\u00e1 decir lo que hubo y la forma como sucedi\u00f3 todo y las autoridades de las que el Se\u00f1or Vicen\u00adte se vali\u00f3, o de la Se\u00f1ora Fouquet y del Se\u00f1or Abad Fouquet, su hijo, a quien, por lo que he o\u00eddo, tambi\u00e9n acudi\u00f3.<\/p>\n<blockquote>\n<h3>Notas del P. Dodin:<\/h3>\n<p>Liberaci\u00f3n de un condenado a muerte, que hab\u00eda sido Hermano, \u201418 de mayo de 1655\u2014.<\/p>\n<p>(Abelly,III.175-176).<\/p><\/blockquote>\n<h2><em>295.<\/em><em> El Se\u00f1or Vicente hace poner en libertad a un ladr\u00f3n refugiado en casa de Drelincourt.<\/em><\/h2>\n<p>Otro joven, que tambi\u00e9n fracas\u00f3 en su vocaci\u00f3n, fue capturado y llevado preso al Ch\u00e1telet de Par\u00eds por instancia del Se\u00f1or Bernay (?), o de algunas personas que lo hicieron prender y llevar preso para juzgarlo, porque, al marcharse de aqu\u00ed hab\u00eda robado y se hab\u00eda lleva\u00addo ropa, y despu\u00e9s hab\u00eda acudido a la pr\u00e9dica de Charent\u00f3n y a casa del ministro (hugonote) Drelincourt con el h\u00e1bito de misionero. El Se\u00f1or Vicente, al saber eso, en lugar de perseguir al criminal, para que lo castigaran, solicit\u00f3 su liberaci\u00f3n y consigui\u00f3 que lo sacaran de la c\u00e1rcel.<\/p>\n<blockquote>\n<h3>Notas del P. Dodin:<\/h3>\n<p>El Sr. Vicente hace poner en libertad a un joven que hab\u00eda fracasa\u00addo en la vocaci\u00f3n. Acusado de robo, se hab\u00eda refugiado en Charenton en casa del ministro(protestante) Drelincourt.<\/p>\n<p>Abelly (II.174) reproduce todas las circunstancias de esa acci\u00f3n ben\u00e9fica.<\/p><\/blockquote>\n","protected":false},"excerpt":{"rendered":"<p>291. El Se\u00f1or Vicente se preocupa de los que comen tarde. No perd\u00eda ninguna ocasi\u00f3n para practicar esta hermosa virtud has\u00adta llegar a preocuparse, cuando yo iba a comer tarde, para que me dieran lo &#8230; <a href=\"http:\/\/vincentians.com\/es\/el-senor-vicente-visto-por-su-secretario-luis-robineau-articulos-291-al-295\/\" class=\"more-link\">Read More<\/a><\/p>\n","protected":false},"author":4,"featured_media":27211,"comment_status":"open","ping_status":"open","sticky":false,"template":"","format":"standard","meta":{"jetpack_post_was_ever_published":false,"_jetpack_newsletter_access":"","_jetpack_dont_email_post_to_subs":false,"_jetpack_newsletter_tier_id":0,"_jetpack_memberships_contains_paywalled_content":false,"_jetpack_memberships_contains_paid_content":false,"footnotes":"","jetpack_publicize_message":"","jetpack_publicize_feature_enabled":true,"jetpack_social_post_already_shared":true,"jetpack_social_options":{"image_generator_settings":{"template":"highway","default_image_id":0,"font":"","enabled":false},"version":2}},"categories":[311],"tags":[218,148,127,166],"class_list":["post-42248","post","type-post","status-publish","format-standard","has-post-thumbnail","hentry","category-escritos-de-luis-robineau","tag-abelly","tag-clichy","tag-portail","tag-robineau"],"yoast_head":"<!-- This site is optimized with the Yoast SEO plugin v26.3 - https:\/\/yoast.com\/wordpress\/plugins\/seo\/ -->\n<title>El se\u00f1or Vicente visto por su secretario, Luis Robineau. Art\u00edculos 291 al 295 - Somos Vicencianos<\/title>\n<meta name=\"robots\" content=\"index, follow, max-snippet:-1, max-image-preview:large, max-video-preview:-1\" \/>\n<link rel=\"canonical\" href=\"https:\/\/vincentians.com\/es\/el-senor-vicente-visto-por-su-secretario-luis-robineau-articulos-291-al-295\/\" \/>\n<meta property=\"og:locale\" content=\"es_ES\" \/>\n<meta property=\"og:type\" content=\"article\" \/>\n<meta property=\"og:title\" content=\"El se\u00f1or Vicente visto por su secretario, Luis Robineau. Art\u00edculos 291 al 295 - Somos Vicencianos\" \/>\n<meta property=\"og:description\" content=\"291. El Se\u00f1or Vicente se preocupa de los que comen tarde. No perd\u00eda ninguna ocasi\u00f3n para practicar esta hermosa virtud has\u00adta llegar a preocuparse, cuando yo iba a comer tarde, para que me dieran lo ... Read More\" \/>\n<meta property=\"og:url\" content=\"https:\/\/vincentians.com\/es\/el-senor-vicente-visto-por-su-secretario-luis-robineau-articulos-291-al-295\/\" \/>\n<meta property=\"og:site_name\" content=\"Somos Vicencianos\" \/>\n<meta property=\"article:publisher\" content=\"https:\/\/www.facebook.com\/WeAreVincentians\/\" \/>\n<meta property=\"article:author\" content=\"https:\/\/www.facebook.com\/JavierChento\" \/>\n<meta property=\"article:published_time\" content=\"2014-03-29T02:32:37+00:00\" \/>\n<meta name=\"author\" content=\"Francisco Javier Fern\u00e1ndez Chento\" \/>\n<meta name=\"twitter:card\" content=\"summary_large_image\" \/>\n<meta name=\"twitter:creator\" content=\"@https:\/\/twitter.com\/javierchento\" \/>\n<meta name=\"twitter:site\" content=\"@WeVincentians\" \/>\n<meta name=\"twitter:label1\" content=\"Escrito por\" \/>\n\t<meta name=\"twitter:data1\" content=\"Francisco Javier Fern\u00e1ndez Chento\" \/>\n\t<meta name=\"twitter:label2\" content=\"Tiempo de lectura\" \/>\n\t<meta name=\"twitter:data2\" content=\"4 minutos\" \/>\n<script type=\"application\/ld+json\" class=\"yoast-schema-graph\">{\"@context\":\"https:\/\/schema.org\",\"@graph\":[{\"@type\":\"Article\",\"@id\":\"https:\/\/vincentians.com\/es\/el-senor-vicente-visto-por-su-secretario-luis-robineau-articulos-291-al-295\/#article\",\"isPartOf\":{\"@id\":\"https:\/\/vincentians.com\/es\/el-senor-vicente-visto-por-su-secretario-luis-robineau-articulos-291-al-295\/\"},\"author\":{\"name\":\"Francisco Javier Fern\u00e1ndez Chento\",\"@id\":\"https:\/\/vincentians.com\/es\/#\/schema\/person\/9623ef4d9aa3b2dfb8c061f1499288f2\"},\"headline\":\"El se\u00f1or Vicente visto por su secretario, Luis Robineau. Art\u00edculos 291 al 295\",\"datePublished\":\"2014-03-29T02:32:37+00:00\",\"mainEntityOfPage\":{\"@id\":\"https:\/\/vincentians.com\/es\/el-senor-vicente-visto-por-su-secretario-luis-robineau-articulos-291-al-295\/\"},\"wordCount\":813,\"commentCount\":0,\"publisher\":{\"@id\":\"https:\/\/vincentians.com\/es\/#organization\"},\"image\":{\"@id\":\"https:\/\/vincentians.com\/es\/el-senor-vicente-visto-por-su-secretario-luis-robineau-articulos-291-al-295\/#primaryimage\"},\"thumbnailUrl\":\"\",\"keywords\":[\"Abelly\",\"Clichy\",\"Portail\",\"Robineau\"],\"articleSection\":[\"Escritos de Luis Robineau\"],\"inLanguage\":\"es\",\"potentialAction\":[{\"@type\":\"CommentAction\",\"name\":\"Comment\",\"target\":[\"https:\/\/vincentians.com\/es\/el-senor-vicente-visto-por-su-secretario-luis-robineau-articulos-291-al-295\/#respond\"]}]},{\"@type\":\"WebPage\",\"@id\":\"https:\/\/vincentians.com\/es\/el-senor-vicente-visto-por-su-secretario-luis-robineau-articulos-291-al-295\/\",\"url\":\"https:\/\/vincentians.com\/es\/el-senor-vicente-visto-por-su-secretario-luis-robineau-articulos-291-al-295\/\",\"name\":\"El se\u00f1or Vicente visto por su secretario, Luis Robineau. Art\u00edculos 291 al 295 - Somos Vicencianos\",\"isPartOf\":{\"@id\":\"https:\/\/vincentians.com\/es\/#website\"},\"primaryImageOfPage\":{\"@id\":\"https:\/\/vincentians.com\/es\/el-senor-vicente-visto-por-su-secretario-luis-robineau-articulos-291-al-295\/#primaryimage\"},\"image\":{\"@id\":\"https:\/\/vincentians.com\/es\/el-senor-vicente-visto-por-su-secretario-luis-robineau-articulos-291-al-295\/#primaryimage\"},\"thumbnailUrl\":\"\",\"datePublished\":\"2014-03-29T02:32:37+00:00\",\"breadcrumb\":{\"@id\":\"https:\/\/vincentians.com\/es\/el-senor-vicente-visto-por-su-secretario-luis-robineau-articulos-291-al-295\/#breadcrumb\"},\"inLanguage\":\"es\",\"potentialAction\":[{\"@type\":\"ReadAction\",\"target\":[\"https:\/\/vincentians.com\/es\/el-senor-vicente-visto-por-su-secretario-luis-robineau-articulos-291-al-295\/\"]}]},{\"@type\":\"ImageObject\",\"inLanguage\":\"es\",\"@id\":\"https:\/\/vincentians.com\/es\/el-senor-vicente-visto-por-su-secretario-luis-robineau-articulos-291-al-295\/#primaryimage\",\"url\":\"\",\"contentUrl\":\"\"},{\"@type\":\"BreadcrumbList\",\"@id\":\"https:\/\/vincentians.com\/es\/el-senor-vicente-visto-por-su-secretario-luis-robineau-articulos-291-al-295\/#breadcrumb\",\"itemListElement\":[{\"@type\":\"ListItem\",\"position\":1,\"name\":\"Portada\",\"item\":\"https:\/\/vincentians.com\/es\/\"},{\"@type\":\"ListItem\",\"position\":2,\"name\":\"El se\u00f1or Vicente visto por su secretario, Luis Robineau. Art\u00edculos 291 al 295\"}]},{\"@type\":\"WebSite\",\"@id\":\"https:\/\/vincentians.com\/es\/#website\",\"url\":\"https:\/\/vincentians.com\/es\/\",\"name\":\"Somos Vicencianos\",\"description\":\"Know more to serve more\",\"publisher\":{\"@id\":\"https:\/\/vincentians.com\/es\/#organization\"},\"potentialAction\":[{\"@type\":\"SearchAction\",\"target\":{\"@type\":\"EntryPoint\",\"urlTemplate\":\"https:\/\/vincentians.com\/es\/?s={search_term_string}\"},\"query-input\":{\"@type\":\"PropertyValueSpecification\",\"valueRequired\":true,\"valueName\":\"search_term_string\"}}],\"inLanguage\":\"es\"},{\"@type\":\"Organization\",\"@id\":\"https:\/\/vincentians.com\/es\/#organization\",\"name\":\"The Vincentian Network\",\"url\":\"https:\/\/vincentians.com\/es\/\",\"logo\":{\"@type\":\"ImageObject\",\"inLanguage\":\"es\",\"@id\":\"https:\/\/vincentians.com\/es\/#\/schema\/logo\/image\/\",\"url\":\"https:\/\/i1.wp.com\/vincentians.com\/es\/wp-content\/uploads\/sites\/11\/2016\/06\/Vincentian-Network-logo-big.png?fit=778%2C778\",\"contentUrl\":\"https:\/\/i1.wp.com\/vincentians.com\/es\/wp-content\/uploads\/sites\/11\/2016\/06\/Vincentian-Network-logo-big.png?fit=778%2C778\",\"width\":778,\"height\":778,\"caption\":\"The Vincentian Network\"},\"image\":{\"@id\":\"https:\/\/vincentians.com\/es\/#\/schema\/logo\/image\/\"},\"sameAs\":[\"https:\/\/www.facebook.com\/WeAreVincentians\/\",\"https:\/\/x.com\/WeVincentians\"]},{\"@type\":\"Person\",\"@id\":\"https:\/\/vincentians.com\/es\/#\/schema\/person\/9623ef4d9aa3b2dfb8c061f1499288f2\",\"name\":\"Francisco Javier Fern\u00e1ndez Chento\",\"image\":{\"@type\":\"ImageObject\",\"inLanguage\":\"es\",\"@id\":\"https:\/\/vincentians.com\/es\/#\/schema\/person\/image\/\",\"url\":\"https:\/\/secure.gravatar.com\/avatar\/497d5cde87b4c3d097d0315953521681ba2cd523ee66e5077c3711f7021e65de?s=96&d=mm&r=g\",\"contentUrl\":\"https:\/\/secure.gravatar.com\/avatar\/497d5cde87b4c3d097d0315953521681ba2cd523ee66e5077c3711f7021e65de?s=96&d=mm&r=g\",\"caption\":\"Francisco Javier Fern\u00e1ndez Chento\"},\"description\":\"Director General y cofundador de La Red de Formaci\u00f3n Vicenciana. Javier es laico vicenciano, afiliado a la Congregaci\u00f3n de la Misi\u00f3n y miembro del Equipo de Misiones Populares de la provincia can\u00f3nica de Zaragoza (Espa\u00f1a) de la Congregaci\u00f3n de la Misi\u00f3n. Graduado en la Universidad Oberta de Catalunya con cuatro grados (Asistente de direcci\u00f3n, Gesti\u00f3n Administrativa, Recursos Humanos y Contabilidad Avanzada). Bil\u00edng\u00fce Espa\u00f1ol\/Ingl\u00e9s. gestiona y mantiene varias p\u00e1ginas web cristianas y vicencianas, incluida including La Red de Formaci\u00f3n Vicenciana, de la que es cofundador. Actualmente es responsable del \u00e1rea de Espa\u00f1ol de .famvin, la Red de Noticias de la Familia Vicenciana. Tambi\u00e9n es m\u00fasico cat\u00f3lico y ha editado varios discos. Es Director General y cofundador de Trovador, una reconocida compa\u00f1\u00eda discogr\u00e1fica critiana de Espa\u00f1a. Trabaja en las Tecnolog\u00edas de la Informaci\u00f3n, ofreciendo servicios de alojamiento, dise\u00f1o y mantenimiento Web, as\u00ed como asesoramiento, formaci\u00f3n y soluciones inform\u00e1ticas, gesti\u00f3n documental y digitalizaci\u00f3n de textos, edici\u00f3n y maquetaci\u00f3n de libros, revistas, flyers, etc.\",\"sameAs\":[\"http:\/\/chento.org\",\"https:\/\/www.facebook.com\/JavierChento\",\"https:\/\/x.com\/https:\/\/twitter.com\/javierchento\"],\"url\":\"http:\/\/vincentians.com\/es\/author\/chento\/\"}]}<\/script>\n<!-- \/ Yoast SEO plugin. -->","yoast_head_json":{"title":"El se\u00f1or Vicente visto por su secretario, Luis Robineau. Art\u00edculos 291 al 295 - Somos Vicencianos","robots":{"index":"index","follow":"follow","max-snippet":"max-snippet:-1","max-image-preview":"max-image-preview:large","max-video-preview":"max-video-preview:-1"},"canonical":"https:\/\/vincentians.com\/es\/el-senor-vicente-visto-por-su-secretario-luis-robineau-articulos-291-al-295\/","og_locale":"es_ES","og_type":"article","og_title":"El se\u00f1or Vicente visto por su secretario, Luis Robineau. Art\u00edculos 291 al 295 - Somos Vicencianos","og_description":"291. El Se\u00f1or Vicente se preocupa de los que comen tarde. No perd\u00eda ninguna ocasi\u00f3n para practicar esta hermosa virtud has\u00adta llegar a preocuparse, cuando yo iba a comer tarde, para que me dieran lo ... Read More","og_url":"https:\/\/vincentians.com\/es\/el-senor-vicente-visto-por-su-secretario-luis-robineau-articulos-291-al-295\/","og_site_name":"Somos Vicencianos","article_publisher":"https:\/\/www.facebook.com\/WeAreVincentians\/","article_author":"https:\/\/www.facebook.com\/JavierChento","article_published_time":"2014-03-29T02:32:37+00:00","author":"Francisco Javier Fern\u00e1ndez Chento","twitter_card":"summary_large_image","twitter_creator":"@https:\/\/twitter.com\/javierchento","twitter_site":"@WeVincentians","twitter_misc":{"Escrito por":"Francisco Javier Fern\u00e1ndez Chento","Tiempo de lectura":"4 minutos"},"schema":{"@context":"https:\/\/schema.org","@graph":[{"@type":"Article","@id":"https:\/\/vincentians.com\/es\/el-senor-vicente-visto-por-su-secretario-luis-robineau-articulos-291-al-295\/#article","isPartOf":{"@id":"https:\/\/vincentians.com\/es\/el-senor-vicente-visto-por-su-secretario-luis-robineau-articulos-291-al-295\/"},"author":{"name":"Francisco Javier Fern\u00e1ndez Chento","@id":"https:\/\/vincentians.com\/es\/#\/schema\/person\/9623ef4d9aa3b2dfb8c061f1499288f2"},"headline":"El se\u00f1or Vicente visto por su secretario, Luis Robineau. Art\u00edculos 291 al 295","datePublished":"2014-03-29T02:32:37+00:00","mainEntityOfPage":{"@id":"https:\/\/vincentians.com\/es\/el-senor-vicente-visto-por-su-secretario-luis-robineau-articulos-291-al-295\/"},"wordCount":813,"commentCount":0,"publisher":{"@id":"https:\/\/vincentians.com\/es\/#organization"},"image":{"@id":"https:\/\/vincentians.com\/es\/el-senor-vicente-visto-por-su-secretario-luis-robineau-articulos-291-al-295\/#primaryimage"},"thumbnailUrl":"","keywords":["Abelly","Clichy","Portail","Robineau"],"articleSection":["Escritos de Luis Robineau"],"inLanguage":"es","potentialAction":[{"@type":"CommentAction","name":"Comment","target":["https:\/\/vincentians.com\/es\/el-senor-vicente-visto-por-su-secretario-luis-robineau-articulos-291-al-295\/#respond"]}]},{"@type":"WebPage","@id":"https:\/\/vincentians.com\/es\/el-senor-vicente-visto-por-su-secretario-luis-robineau-articulos-291-al-295\/","url":"https:\/\/vincentians.com\/es\/el-senor-vicente-visto-por-su-secretario-luis-robineau-articulos-291-al-295\/","name":"El se\u00f1or Vicente visto por su secretario, Luis Robineau. Art\u00edculos 291 al 295 - Somos Vicencianos","isPartOf":{"@id":"https:\/\/vincentians.com\/es\/#website"},"primaryImageOfPage":{"@id":"https:\/\/vincentians.com\/es\/el-senor-vicente-visto-por-su-secretario-luis-robineau-articulos-291-al-295\/#primaryimage"},"image":{"@id":"https:\/\/vincentians.com\/es\/el-senor-vicente-visto-por-su-secretario-luis-robineau-articulos-291-al-295\/#primaryimage"},"thumbnailUrl":"","datePublished":"2014-03-29T02:32:37+00:00","breadcrumb":{"@id":"https:\/\/vincentians.com\/es\/el-senor-vicente-visto-por-su-secretario-luis-robineau-articulos-291-al-295\/#breadcrumb"},"inLanguage":"es","potentialAction":[{"@type":"ReadAction","target":["https:\/\/vincentians.com\/es\/el-senor-vicente-visto-por-su-secretario-luis-robineau-articulos-291-al-295\/"]}]},{"@type":"ImageObject","inLanguage":"es","@id":"https:\/\/vincentians.com\/es\/el-senor-vicente-visto-por-su-secretario-luis-robineau-articulos-291-al-295\/#primaryimage","url":"","contentUrl":""},{"@type":"BreadcrumbList","@id":"https:\/\/vincentians.com\/es\/el-senor-vicente-visto-por-su-secretario-luis-robineau-articulos-291-al-295\/#breadcrumb","itemListElement":[{"@type":"ListItem","position":1,"name":"Portada","item":"https:\/\/vincentians.com\/es\/"},{"@type":"ListItem","position":2,"name":"El se\u00f1or Vicente visto por su secretario, Luis Robineau. Art\u00edculos 291 al 295"}]},{"@type":"WebSite","@id":"https:\/\/vincentians.com\/es\/#website","url":"https:\/\/vincentians.com\/es\/","name":"Somos Vicencianos","description":"Know more to serve more","publisher":{"@id":"https:\/\/vincentians.com\/es\/#organization"},"potentialAction":[{"@type":"SearchAction","target":{"@type":"EntryPoint","urlTemplate":"https:\/\/vincentians.com\/es\/?s={search_term_string}"},"query-input":{"@type":"PropertyValueSpecification","valueRequired":true,"valueName":"search_term_string"}}],"inLanguage":"es"},{"@type":"Organization","@id":"https:\/\/vincentians.com\/es\/#organization","name":"The Vincentian Network","url":"https:\/\/vincentians.com\/es\/","logo":{"@type":"ImageObject","inLanguage":"es","@id":"https:\/\/vincentians.com\/es\/#\/schema\/logo\/image\/","url":"https:\/\/i1.wp.com\/vincentians.com\/es\/wp-content\/uploads\/sites\/11\/2016\/06\/Vincentian-Network-logo-big.png?fit=778%2C778","contentUrl":"https:\/\/i1.wp.com\/vincentians.com\/es\/wp-content\/uploads\/sites\/11\/2016\/06\/Vincentian-Network-logo-big.png?fit=778%2C778","width":778,"height":778,"caption":"The Vincentian Network"},"image":{"@id":"https:\/\/vincentians.com\/es\/#\/schema\/logo\/image\/"},"sameAs":["https:\/\/www.facebook.com\/WeAreVincentians\/","https:\/\/x.com\/WeVincentians"]},{"@type":"Person","@id":"https:\/\/vincentians.com\/es\/#\/schema\/person\/9623ef4d9aa3b2dfb8c061f1499288f2","name":"Francisco Javier Fern\u00e1ndez Chento","image":{"@type":"ImageObject","inLanguage":"es","@id":"https:\/\/vincentians.com\/es\/#\/schema\/person\/image\/","url":"https:\/\/secure.gravatar.com\/avatar\/497d5cde87b4c3d097d0315953521681ba2cd523ee66e5077c3711f7021e65de?s=96&d=mm&r=g","contentUrl":"https:\/\/secure.gravatar.com\/avatar\/497d5cde87b4c3d097d0315953521681ba2cd523ee66e5077c3711f7021e65de?s=96&d=mm&r=g","caption":"Francisco Javier Fern\u00e1ndez Chento"},"description":"Director General y cofundador de La Red de Formaci\u00f3n Vicenciana. Javier es laico vicenciano, afiliado a la Congregaci\u00f3n de la Misi\u00f3n y miembro del Equipo de Misiones Populares de la provincia can\u00f3nica de Zaragoza (Espa\u00f1a) de la Congregaci\u00f3n de la Misi\u00f3n. Graduado en la Universidad Oberta de Catalunya con cuatro grados (Asistente de direcci\u00f3n, Gesti\u00f3n Administrativa, Recursos Humanos y Contabilidad Avanzada). Bil\u00edng\u00fce Espa\u00f1ol\/Ingl\u00e9s. gestiona y mantiene varias p\u00e1ginas web cristianas y vicencianas, incluida including La Red de Formaci\u00f3n Vicenciana, de la que es cofundador. Actualmente es responsable del \u00e1rea de Espa\u00f1ol de .famvin, la Red de Noticias de la Familia Vicenciana. Tambi\u00e9n es m\u00fasico cat\u00f3lico y ha editado varios discos. Es Director General y cofundador de Trovador, una reconocida compa\u00f1\u00eda discogr\u00e1fica critiana de Espa\u00f1a. Trabaja en las Tecnolog\u00edas de la Informaci\u00f3n, ofreciendo servicios de alojamiento, dise\u00f1o y mantenimiento Web, as\u00ed como asesoramiento, formaci\u00f3n y soluciones inform\u00e1ticas, gesti\u00f3n documental y digitalizaci\u00f3n de textos, edici\u00f3n y maquetaci\u00f3n de libros, revistas, flyers, etc.","sameAs":["http:\/\/chento.org","https:\/\/www.facebook.com\/JavierChento","https:\/\/x.com\/https:\/\/twitter.com\/javierchento"],"url":"http:\/\/vincentians.com\/es\/author\/chento\/"}]}},"jetpack_publicize_connections":[],"jetpack_featured_media_url":"","jetpack_sharing_enabled":true,"jetpack_shortlink":"https:\/\/wp.me\/p7ETMF-aZq","jetpack-related-posts":[{"id":42247,"url":"http:\/\/vincentians.com\/es\/el-senor-vicente-visto-por-su-secretario-luis-robineau-articulos-286-al-290\/","url_meta":{"origin":42248,"position":0},"title":"El se\u00f1or Vicente visto por su secretario, Luis Robineau. Art\u00edculos 286 al 290","author":"Francisco Javier Fern\u00e1ndez Chento","date":"28\/03\/2014","format":false,"excerpt":"286. Preocupaci\u00f3n por los enfermos y los difuntos. Tambi\u00e9n sol\u00eda hacer aparecer su Caridad al visitar los enfermos, que iba a verlos con frecuencia, y ten\u00eda un cuidado maravilloso en encomendarles a las oraciones de la Compa\u00f1\u00eda. Caridad, que era muy delicado en practicar con los fundadores y bienhechores de\u2026","rel":"","context":"En \u00abEscritos de Luis Robineau\u00bb","block_context":{"text":"Escritos de Luis Robineau","link":"http:\/\/vincentians.com\/es\/category\/escritos\/escritos-de-luis-robineau\/"},"img":{"alt_text":"","src":"","width":0,"height":0},"classes":[]},{"id":42246,"url":"http:\/\/vincentians.com\/es\/el-senor-vicente-visto-por-su-secretario-luis-robineau-articulos-281-al-285\/","url_meta":{"origin":42248,"position":1},"title":"El se\u00f1or Vicente visto por su secretario, Luis Robineau. Art\u00edculos 281 al 285","author":"Francisco Javier Fern\u00e1ndez Chento","date":"27\/03\/2014","format":false,"excerpt":"281. El Se\u00f1or Vicente persuade a un sacerdote que se haga capell\u00e1n del H\u00f3tel-Dieu (20 de mayo de 1655). Un d\u00eda un sacerdote le fue a ver a San L\u00e1zaro, y como estaba a punto de salir a la ciudad (el Se\u00f1or Vicente), le rog\u00f3 al buen sacerdo\u00adte que subiera\u2026","rel":"","context":"En \u00abEscritos de Luis Robineau\u00bb","block_context":{"text":"Escritos de Luis Robineau","link":"http:\/\/vincentians.com\/es\/category\/escritos\/escritos-de-luis-robineau\/"},"img":{"alt_text":"","src":"","width":0,"height":0},"classes":[]},{"id":41987,"url":"http:\/\/vincentians.com\/es\/el-senor-vicente-visto-por-su-secretario-luis-robineau-articulos-246-al-250\/","url_meta":{"origin":42248,"position":2},"title":"El se\u00f1or Vicente visto por su secretario, Luis Robineau. Art\u00edculos 246 al 250","author":"Francisco Javier Fern\u00e1ndez Chento","date":"20\/03\/2014","format":false,"excerpt":"246. El verdadero misionero debe arriesgarse. Eso es tambi\u00e9n lo que le hac\u00eda decir que no seremos verdaderos cristianos hasta que no estemos dispuestos a perder todo por el amor de Dios, y a dar nuestras vidas por Jesucristo. Notas del P. Dodin: Sentencia omitida por L. Abelly. 247. El\u2026","rel":"","context":"En \u00abEscritos de Luis Robineau\u00bb","block_context":{"text":"Escritos de Luis Robineau","link":"http:\/\/vincentians.com\/es\/category\/escritos\/escritos-de-luis-robineau\/"},"img":{"alt_text":"","src":"","width":0,"height":0},"classes":[]},{"id":42244,"url":"http:\/\/vincentians.com\/es\/el-senor-vicente-visto-por-su-secretario-luis-robineau-articulos-271-al-275\/","url_meta":{"origin":42248,"position":3},"title":"El se\u00f1or Vicente visto por su secretario, Luis Robineau. Art\u00edculos 271 al 275","author":"Francisco Javier Fern\u00e1ndez Chento","date":"25\/03\/2014","format":false,"excerpt":"271. La Fundaci\u00f3n del Asilo del Nombre de Jes\u00fas. El aprecio que se ten\u00eda de su virtud y, sobre todo, de su gran caridad hac\u00eda que hubiera personas que le pon\u00edan en sus manos cantidades considerables de dinero, como entre otras cierta persona burguesa de Par\u00eds, cuyo nombre desconozco: le\u2026","rel":"","context":"En \u00abEscritos de Luis Robineau\u00bb","block_context":{"text":"Escritos de Luis Robineau","link":"http:\/\/vincentians.com\/es\/category\/escritos\/escritos-de-luis-robineau\/"},"img":{"alt_text":"","src":"","width":0,"height":0},"classes":[]},{"id":45206,"url":"http:\/\/vincentians.com\/es\/el-senor-vicente-visto-por-su-secretario-luis-robineau-articulos-321-al-325\/","url_meta":{"origin":42248,"position":4},"title":"El se\u00f1or Vicente visto por su secretario, Luis Robineau. Art\u00edculos 321 al 325","author":"Francisco Javier Fern\u00e1ndez Chento","date":"04\/04\/2014","format":false,"excerpt":"321. Soporta las p\u00e9rdidas de renta. Soportaba tambi\u00e9n con mucha paciencia todas las p\u00e9rdidas, reduc\u00adciones de rentas y otras cosas mencionadas en el Cuaderno de la mortificaci\u00f3n, P 6, v\u00ba y en el de su ecuanimidad. Notas del P. Dodin: Soporta pacientemente la reducci\u00f3n en las rentas. Cf. Cuadernos de\u2026","rel":"","context":"En \u00abEscritos de Luis Robineau\u00bb","block_context":{"text":"Escritos de Luis Robineau","link":"http:\/\/vincentians.com\/es\/category\/escritos\/escritos-de-luis-robineau\/"},"img":{"alt_text":"","src":"","width":0,"height":0},"classes":[]},{"id":41080,"url":"http:\/\/vincentians.com\/es\/el-senor-vicente-visto-por-su-secretario-luis-robineau-articulos-211-al-215\/","url_meta":{"origin":42248,"position":5},"title":"El se\u00f1or Vicente visto por su secretario, Luis Robineau. Art\u00edculos 211 al 215","author":"Francisco Javier Fern\u00e1ndez Chento","date":"13\/03\/2014","format":false,"excerpt":"211. Reparaci\u00f3n por las profanaciones de Clamart, Ch\u00e1tillon, Limetz. Inmediatamente despu\u00e9s de la primera guerra de Par\u00eds, mand\u00f3 ha\u00adcer la reparaci\u00f3n por las hostias profanadas en las aldeas de Clamart, Ch\u00e1tillon y Limetz (di\u00f3cesis de Par\u00eds), y orden\u00f3 que la Compa\u00f1\u00eda fuera en peregrinaci\u00f3n a las iglesias de las tres\u2026","rel":"","context":"En \u00abEscritos de Luis Robineau\u00bb","block_context":{"text":"Escritos de Luis Robineau","link":"http:\/\/vincentians.com\/es\/category\/escritos\/escritos-de-luis-robineau\/"},"img":{"alt_text":"","src":"","width":0,"height":0},"classes":[]}],"_links":{"self":[{"href":"http:\/\/vincentians.com\/es\/wp-json\/wp\/v2\/posts\/42248","targetHints":{"allow":["GET"]}}],"collection":[{"href":"http:\/\/vincentians.com\/es\/wp-json\/wp\/v2\/posts"}],"about":[{"href":"http:\/\/vincentians.com\/es\/wp-json\/wp\/v2\/types\/post"}],"author":[{"embeddable":true,"href":"http:\/\/vincentians.com\/es\/wp-json\/wp\/v2\/users\/4"}],"replies":[{"embeddable":true,"href":"http:\/\/vincentians.com\/es\/wp-json\/wp\/v2\/comments?post=42248"}],"version-history":[{"count":0,"href":"http:\/\/vincentians.com\/es\/wp-json\/wp\/v2\/posts\/42248\/revisions"}],"wp:featuredmedia":[{"embeddable":true,"href":"http:\/\/vincentians.com\/es\/wp-json\/"}],"wp:attachment":[{"href":"http:\/\/vincentians.com\/es\/wp-json\/wp\/v2\/media?parent=42248"}],"wp:term":[{"taxonomy":"category","embeddable":true,"href":"http:\/\/vincentians.com\/es\/wp-json\/wp\/v2\/categories?post=42248"},{"taxonomy":"post_tag","embeddable":true,"href":"http:\/\/vincentians.com\/es\/wp-json\/wp\/v2\/tags?post=42248"}],"curies":[{"name":"wp","href":"https:\/\/api.w.org\/{rel}","templated":true}]}}