{"id":42186,"date":"2021-02-14T08:03:53","date_gmt":"2021-02-14T07:03:53","guid":{"rendered":"http:\/\/somos.vicencianos.org\/?p=42186"},"modified":"2020-12-13T11:46:20","modified_gmt":"2020-12-13T10:46:20","slug":"el-papa-la-conciencia-europea-no-puede-olvidar-el-dolor-del-pueblo-gitano","status":"publish","type":"post","link":"http:\/\/vincentians.com\/es\/el-papa-la-conciencia-europea-no-puede-olvidar-el-dolor-del-pueblo-gitano\/","title":{"rendered":"El Papa: \u00abLa conciencia europea no puede olvidar el dolor del pueblo gitano\u00bb"},"content":{"rendered":"<p>El exterminio nazi de gitanos es \u00abun reconocimiento muy pobre para tanto drama\u00bb y la \u00abconciencia europea no se puede olvidar de tanto dolor\u00bb, ha asegurado el Papa tras recibir a unos 2.000 gitanos de toda Europa en el Vaticano. <strong>Benedicto XVI<\/strong> ha hecho un llamamiento para que el pueblo gitano \u00abnunca m\u00e1s\u00bb sea objeto de \u00abvejaciones, de rechazo y de desprecio\u00bb.<\/p>\n<p>En el encuentro, organizado en el marco de la conmemoraci\u00f3n del 150 aniversario del nacimiento del <strong>beato espa\u00f1ol Ceferino Gim\u00e9nez Malla<\/strong>, alias \u00abEl Pel\u00e9\u00bb, el primer gitano elevado a la gloria de los altares, el Pont\u00edfice record\u00f3 c\u00f3mo a lo largo de la historia los gitanos han conocido \u00abel sabor amargo de la no acogida\u00bb y de la \u00abpersecuci\u00f3n\u00bb.<\/p>\n<p>\u00abLa conciencia europea no puede olvidar tanto dolor\u00bb, se\u00f1al\u00f3 Benedicto XVI, quien asimismo pidi\u00f3 a los representantes del pueblo roman\u00ed que acudieron a Vaticano que, por su parte, <strong>\u00abbusquen siempre la justicia, la legalidad y la reconciliaci\u00f3n\u00bb<\/strong> y que se esfuercen para no ser \u00abnunca la causa de sufrimiento de otros\u00bb.<\/p>\n<p>\u00ab<strong>Sus hijos tienen derecho a una vida mejor<\/strong>\u00ab, afirm\u00f3 el Papa que al mismo tiempo exhort\u00f3 a los gitanos a \u00abuna colaboraci\u00f3n leal\u00bb con Europa.<\/p>\n<p>\u00abAporten, tambi\u00e9n ustedes, una <strong>colaboraci\u00f3n efectiva y leal<\/strong>, a fin de que sus familias se inserten dignamente en el tejido civil europeo\u00bb, dijo Benedicto XVI.<\/p>\n<p>El papa subray\u00f3 que la historia del pueblo gitano \u00abes compleja y, en algunos per\u00edodos, <strong>dolorosa<\/strong>\u00ab, con episodios como las persecuciones sufridas durante la Segunda Guerra Mundial.<\/p>\n<p>Asimismo, reconoci\u00f3 que persisten <strong>\u00abproblemas graves y preocupantes\u00bb<\/strong> como por ejemplo \u00ablas relaciones, con frecuencia, dif\u00edciles\u00bb con las sociedades en las que residen.<\/p>\n<p>Sin embargo, el Pont\u00edfice lanz\u00f3 un mensaje de esperanza al afirmar que en la actualidad se est\u00e1n abriendo nuevas oportunidades e invit\u00f3 a escribir de forma conjunta <strong>\u00abuna nueva p\u00e1gina de historia\u00bb<\/strong> para el pueblo gitano y para Europa.<\/p>\n<p>\u00abCon el tiempo <strong>hab\u00e9is creado una cultura<\/strong> de expresiones significativas como la m\u00fasica y el canto, que han enriquecido Europa. Muchas etnias han dejado de ser n\u00f3madas y buscan la estabilidad con nuevas expectativas frente a la vida\u00bb, dijo el Santo Padre.<\/p>\n<p>Y agreg\u00f3: <strong>\u00abLa Iglesia camina con vosotros y os invita a vivir seg\u00fan las exigencias del Evangelio<\/strong> (&#8230;). Tambi\u00e9n Europa, que reduce las fronteras y considera como una riqueza la diversidad de los pueblos y de las culturas, os ofrece nuevas posibilidades\u00bb.<\/p>\n<p><strong>\u00abLa b\u00fasqueda de una vivienda y un trabajo dignos<\/strong> y de educaci\u00f3n para vuestros hijos son las bases sobre las que construir esa integraci\u00f3n de la que obtendr\u00e9is beneficio tanto vosotros como la sociedad\u00bb, precis\u00f3 Benedicto XVI, que inst\u00f3 a las instituciones a que act\u00faen para \u00abacompa\u00f1ar de forma adecuada\u00bb ese recorrido.<\/p>\n<p>Durante la audiencia, organizado por el <strong>Consejo Pontificio para los Migrantes, la Conferencia Episcopal Italiana (CEI)<\/strong> y la Comunidad de San Egidio, Joseph Ratzinger record\u00f3 adem\u00e1s la figura de \u00abEl Pel\u00e9\u00bb, beatificado por el papa Juan Pablo II el 4 de mayo de 1997 en la plaza de San Pedro del Vaticano.<\/p>\n<p>\u00ab<strong>El Pel\u00e9<\/strong>\u00ab, primer gitano m\u00e1rtir de la historia, nacido en 1861 en Benavent de Segri\u00e0 (Lleida, norte de Espa\u00f1a), fue detenido el 19 de julio de 1936 por unos anarquistas cuando trataba de defender a un sacerdote y d\u00edas despu\u00e9s, el 2 de agosto, fue fusilado en las inmediaciones del cementerio de Barbastro junto a tres misioneros franciscanos.<\/p>\n<p><strong>Joseph Ratzinger<\/strong> subray\u00f3 que \u00abla amistad con el Se\u00f1or convirti\u00f3 a este M\u00e1rtir en testigo aut\u00e9ntico de la fe y la caridad\u00bb.<\/p>\n<p>Entre los testimonios escuchados por el papa en el marco de la audiencia en el<strong> Aula Pablo VI del Vaticano<\/strong> estuvo el de Ceija Stojka, una gitana austr\u00edaca que durante la Segunda Guerra Mundial fue deportada junto a su familia primero a Auschwitz y despu\u00e9s a Ravensbruck y Bergen Belsen, cuando ten\u00eda tan s\u00f3lo 9 a\u00f1os.<\/p>\n<p>\u00abHoy Auschwitz y los campos de concentraci\u00f3n est\u00e1n dormidos y nunca m\u00e1s deber\u00e1n despertarse. Sin embargo <strong>tengo miedo de que Auschwitz est\u00e9 solo durmiendo<\/strong>\u00ab, dijo Stojka, que vivi\u00f3 el exterminio de la mayor parte de su familia.<\/p>\n<div class=\"x-resp-embed x-is-video x-is-youtube\"><iframe loading=\"lazy\" title=\"Gitanos recuerdan con el Papa el 75 aniversario de la muerte de&quot;el Pel\u00e9&quot;, el primer gitano beato\" width=\"846\" height=\"635\" src=\"https:\/\/www.youtube.com\/embed\/MsRZNv0RclQ?feature=oembed\" frameborder=\"0\" allow=\"accelerometer; autoplay; clipboard-write; encrypted-media; gyroscope; picture-in-picture; web-share\" referrerpolicy=\"strict-origin-when-cross-origin\" allowfullscreen><\/iframe><\/div>\n","protected":false},"excerpt":{"rendered":"<p>El exterminio nazi de gitanos es \u00abun reconocimiento muy pobre para tanto drama\u00bb y la \u00abconciencia europea no se puede olvidar de tanto dolor\u00bb, ha asegurado el Papa tras recibir a unos 2.000 gitanos de &#8230; <a href=\"http:\/\/vincentians.com\/es\/el-papa-la-conciencia-europea-no-puede-olvidar-el-dolor-del-pueblo-gitano\/\" class=\"more-link\">Read More<\/a><\/p>\n","protected":false},"author":4,"featured_media":400152,"comment_status":"open","ping_status":"open","sticky":false,"template":"","format":"standard","meta":{"jetpack_post_was_ever_published":false,"_jetpack_newsletter_access":"","_jetpack_dont_email_post_to_subs":false,"_jetpack_newsletter_tier_id":0,"_jetpack_memberships_contains_paywalled_content":false,"_jetpack_memberships_contains_paid_content":false,"footnotes":"","jetpack_publicize_message":"","jetpack_publicize_feature_enabled":true,"jetpack_social_post_already_shared":true,"jetpack_social_options":{"image_generator_settings":{"template":"highway","default_image_id":0,"font":"","enabled":false},"version":2}},"categories":[284],"tags":[],"class_list":["post-42186","post","type-post","status-publish","format-standard","has-post-thumbnail","hentry","category-ceferino-jimenez-malla"],"yoast_head":"<!-- This site is optimized with the Yoast SEO plugin v26.3 - https:\/\/yoast.com\/wordpress\/plugins\/seo\/ -->\n<title>El Papa: &quot;La conciencia europea no puede olvidar el dolor del pueblo gitano&quot; - Somos Vicencianos<\/title>\n<meta name=\"robots\" content=\"index, follow, max-snippet:-1, max-image-preview:large, max-video-preview:-1\" \/>\n<link rel=\"canonical\" href=\"http:\/\/vincentians.com\/es\/el-papa-la-conciencia-europea-no-puede-olvidar-el-dolor-del-pueblo-gitano\/\" \/>\n<meta property=\"og:locale\" content=\"es_ES\" \/>\n<meta property=\"og:type\" content=\"article\" \/>\n<meta property=\"og:title\" content=\"El Papa: &quot;La conciencia europea no puede olvidar el dolor del pueblo gitano&quot; - Somos Vicencianos\" \/>\n<meta property=\"og:description\" content=\"El exterminio nazi de gitanos es \u00abun reconocimiento muy pobre para tanto drama\u00bb y la \u00abconciencia europea no se puede olvidar de tanto dolor\u00bb, ha asegurado el Papa tras recibir a unos 2.000 gitanos de ... Read More\" \/>\n<meta property=\"og:url\" content=\"http:\/\/vincentians.com\/es\/el-papa-la-conciencia-europea-no-puede-olvidar-el-dolor-del-pueblo-gitano\/\" \/>\n<meta property=\"og:site_name\" content=\"Somos Vicencianos\" \/>\n<meta property=\"article:publisher\" content=\"https:\/\/www.facebook.com\/WeAreVincentians\/\" \/>\n<meta property=\"article:author\" content=\"https:\/\/www.facebook.com\/JavierChento\" \/>\n<meta property=\"article:published_time\" content=\"2021-02-14T07:03:53+00:00\" \/>\n<meta property=\"og:image\" content=\"https:\/\/i0.wp.com\/vincentians.com\/es\/wp-content\/uploads\/sites\/11\/2016\/10\/ranquines.jpg?fit=1200%2C630\" \/>\n\t<meta property=\"og:image:width\" content=\"1200\" \/>\n\t<meta property=\"og:image:height\" content=\"630\" \/>\n\t<meta property=\"og:image:type\" content=\"image\/jpeg\" \/>\n<meta name=\"author\" content=\"Francisco Javier Fern\u00e1ndez Chento\" \/>\n<meta name=\"twitter:card\" content=\"summary_large_image\" \/>\n<meta name=\"twitter:creator\" content=\"@https:\/\/twitter.com\/javierchento\" \/>\n<meta name=\"twitter:site\" content=\"@WeVincentians\" \/>\n<meta name=\"twitter:label1\" content=\"Escrito por\" \/>\n\t<meta name=\"twitter:data1\" content=\"Francisco Javier Fern\u00e1ndez Chento\" \/>\n\t<meta name=\"twitter:label2\" content=\"Tiempo de lectura\" \/>\n\t<meta name=\"twitter:data2\" content=\"4 minutos\" \/>\n<script type=\"application\/ld+json\" class=\"yoast-schema-graph\">{\"@context\":\"https:\/\/schema.org\",\"@graph\":[{\"@type\":\"Article\",\"@id\":\"http:\/\/vincentians.com\/es\/el-papa-la-conciencia-europea-no-puede-olvidar-el-dolor-del-pueblo-gitano\/#article\",\"isPartOf\":{\"@id\":\"http:\/\/vincentians.com\/es\/el-papa-la-conciencia-europea-no-puede-olvidar-el-dolor-del-pueblo-gitano\/\"},\"author\":{\"name\":\"Francisco Javier Fern\u00e1ndez Chento\",\"@id\":\"http:\/\/vincentians.com\/es\/#\/schema\/person\/9623ef4d9aa3b2dfb8c061f1499288f2\"},\"headline\":\"El Papa: \u00abLa conciencia europea no puede olvidar el dolor del pueblo gitano\u00bb\",\"datePublished\":\"2021-02-14T07:03:53+00:00\",\"mainEntityOfPage\":{\"@id\":\"http:\/\/vincentians.com\/es\/el-papa-la-conciencia-europea-no-puede-olvidar-el-dolor-del-pueblo-gitano\/\"},\"wordCount\":728,\"commentCount\":0,\"publisher\":{\"@id\":\"http:\/\/vincentians.com\/es\/#organization\"},\"image\":{\"@id\":\"http:\/\/vincentians.com\/es\/el-papa-la-conciencia-europea-no-puede-olvidar-el-dolor-del-pueblo-gitano\/#primaryimage\"},\"thumbnailUrl\":\"https:\/\/i0.wp.com\/vincentians.com\/es\/wp-content\/uploads\/sites\/11\/2016\/10\/ranquines.jpg?fit=1200%2C630\",\"articleSection\":[\"Ceferino Jim\u00e9nez Malla\"],\"inLanguage\":\"es\",\"potentialAction\":[{\"@type\":\"CommentAction\",\"name\":\"Comment\",\"target\":[\"http:\/\/vincentians.com\/es\/el-papa-la-conciencia-europea-no-puede-olvidar-el-dolor-del-pueblo-gitano\/#respond\"]}]},{\"@type\":\"WebPage\",\"@id\":\"http:\/\/vincentians.com\/es\/el-papa-la-conciencia-europea-no-puede-olvidar-el-dolor-del-pueblo-gitano\/\",\"url\":\"http:\/\/vincentians.com\/es\/el-papa-la-conciencia-europea-no-puede-olvidar-el-dolor-del-pueblo-gitano\/\",\"name\":\"El Papa: \\\"La conciencia europea no puede olvidar el dolor del pueblo gitano\\\" - Somos Vicencianos\",\"isPartOf\":{\"@id\":\"http:\/\/vincentians.com\/es\/#website\"},\"primaryImageOfPage\":{\"@id\":\"http:\/\/vincentians.com\/es\/el-papa-la-conciencia-europea-no-puede-olvidar-el-dolor-del-pueblo-gitano\/#primaryimage\"},\"image\":{\"@id\":\"http:\/\/vincentians.com\/es\/el-papa-la-conciencia-europea-no-puede-olvidar-el-dolor-del-pueblo-gitano\/#primaryimage\"},\"thumbnailUrl\":\"https:\/\/i0.wp.com\/vincentians.com\/es\/wp-content\/uploads\/sites\/11\/2016\/10\/ranquines.jpg?fit=1200%2C630\",\"datePublished\":\"2021-02-14T07:03:53+00:00\",\"breadcrumb\":{\"@id\":\"http:\/\/vincentians.com\/es\/el-papa-la-conciencia-europea-no-puede-olvidar-el-dolor-del-pueblo-gitano\/#breadcrumb\"},\"inLanguage\":\"es\",\"potentialAction\":[{\"@type\":\"ReadAction\",\"target\":[\"http:\/\/vincentians.com\/es\/el-papa-la-conciencia-europea-no-puede-olvidar-el-dolor-del-pueblo-gitano\/\"]}]},{\"@type\":\"ImageObject\",\"inLanguage\":\"es\",\"@id\":\"http:\/\/vincentians.com\/es\/el-papa-la-conciencia-europea-no-puede-olvidar-el-dolor-del-pueblo-gitano\/#primaryimage\",\"url\":\"https:\/\/i0.wp.com\/vincentians.com\/es\/wp-content\/uploads\/sites\/11\/2016\/10\/ranquines.jpg?fit=1200%2C630\",\"contentUrl\":\"https:\/\/i0.wp.com\/vincentians.com\/es\/wp-content\/uploads\/sites\/11\/2016\/10\/ranquines.jpg?fit=1200%2C630\",\"width\":1200,\"height\":630},{\"@type\":\"BreadcrumbList\",\"@id\":\"http:\/\/vincentians.com\/es\/el-papa-la-conciencia-europea-no-puede-olvidar-el-dolor-del-pueblo-gitano\/#breadcrumb\",\"itemListElement\":[{\"@type\":\"ListItem\",\"position\":1,\"name\":\"Portada\",\"item\":\"http:\/\/vincentians.com\/es\/\"},{\"@type\":\"ListItem\",\"position\":2,\"name\":\"El Papa: \u00abLa conciencia europea no puede olvidar el dolor del pueblo gitano\u00bb\"}]},{\"@type\":\"WebSite\",\"@id\":\"http:\/\/vincentians.com\/es\/#website\",\"url\":\"http:\/\/vincentians.com\/es\/\",\"name\":\"Somos Vicencianos\",\"description\":\"Know more to serve more\",\"publisher\":{\"@id\":\"http:\/\/vincentians.com\/es\/#organization\"},\"potentialAction\":[{\"@type\":\"SearchAction\",\"target\":{\"@type\":\"EntryPoint\",\"urlTemplate\":\"http:\/\/vincentians.com\/es\/?s={search_term_string}\"},\"query-input\":{\"@type\":\"PropertyValueSpecification\",\"valueRequired\":true,\"valueName\":\"search_term_string\"}}],\"inLanguage\":\"es\"},{\"@type\":\"Organization\",\"@id\":\"http:\/\/vincentians.com\/es\/#organization\",\"name\":\"The Vincentian Network\",\"url\":\"http:\/\/vincentians.com\/es\/\",\"logo\":{\"@type\":\"ImageObject\",\"inLanguage\":\"es\",\"@id\":\"http:\/\/vincentians.com\/es\/#\/schema\/logo\/image\/\",\"url\":\"https:\/\/i1.wp.com\/vincentians.com\/es\/wp-content\/uploads\/sites\/11\/2016\/06\/Vincentian-Network-logo-big.png?fit=778%2C778\",\"contentUrl\":\"https:\/\/i1.wp.com\/vincentians.com\/es\/wp-content\/uploads\/sites\/11\/2016\/06\/Vincentian-Network-logo-big.png?fit=778%2C778\",\"width\":778,\"height\":778,\"caption\":\"The Vincentian Network\"},\"image\":{\"@id\":\"http:\/\/vincentians.com\/es\/#\/schema\/logo\/image\/\"},\"sameAs\":[\"https:\/\/www.facebook.com\/WeAreVincentians\/\",\"https:\/\/x.com\/WeVincentians\"]},{\"@type\":\"Person\",\"@id\":\"http:\/\/vincentians.com\/es\/#\/schema\/person\/9623ef4d9aa3b2dfb8c061f1499288f2\",\"name\":\"Francisco Javier Fern\u00e1ndez Chento\",\"image\":{\"@type\":\"ImageObject\",\"inLanguage\":\"es\",\"@id\":\"http:\/\/vincentians.com\/es\/#\/schema\/person\/image\/\",\"url\":\"https:\/\/secure.gravatar.com\/avatar\/497d5cde87b4c3d097d0315953521681ba2cd523ee66e5077c3711f7021e65de?s=96&d=mm&r=g\",\"contentUrl\":\"https:\/\/secure.gravatar.com\/avatar\/497d5cde87b4c3d097d0315953521681ba2cd523ee66e5077c3711f7021e65de?s=96&d=mm&r=g\",\"caption\":\"Francisco Javier Fern\u00e1ndez Chento\"},\"description\":\"Director General y cofundador de La Red de Formaci\u00f3n Vicenciana. Javier es laico vicenciano, afiliado a la Congregaci\u00f3n de la Misi\u00f3n y miembro del Equipo de Misiones Populares de la provincia can\u00f3nica de Zaragoza (Espa\u00f1a) de la Congregaci\u00f3n de la Misi\u00f3n. Graduado en la Universidad Oberta de Catalunya con cuatro grados (Asistente de direcci\u00f3n, Gesti\u00f3n Administrativa, Recursos Humanos y Contabilidad Avanzada). Bil\u00edng\u00fce Espa\u00f1ol\/Ingl\u00e9s. gestiona y mantiene varias p\u00e1ginas web cristianas y vicencianas, incluida including La Red de Formaci\u00f3n Vicenciana, de la que es cofundador. Actualmente es responsable del \u00e1rea de Espa\u00f1ol de .famvin, la Red de Noticias de la Familia Vicenciana. Tambi\u00e9n es m\u00fasico cat\u00f3lico y ha editado varios discos. Es Director General y cofundador de Trovador, una reconocida compa\u00f1\u00eda discogr\u00e1fica critiana de Espa\u00f1a. Trabaja en las Tecnolog\u00edas de la Informaci\u00f3n, ofreciendo servicios de alojamiento, dise\u00f1o y mantenimiento Web, as\u00ed como asesoramiento, formaci\u00f3n y soluciones inform\u00e1ticas, gesti\u00f3n documental y digitalizaci\u00f3n de textos, edici\u00f3n y maquetaci\u00f3n de libros, revistas, flyers, etc.\",\"sameAs\":[\"http:\/\/chento.org\",\"https:\/\/www.facebook.com\/JavierChento\",\"https:\/\/x.com\/https:\/\/twitter.com\/javierchento\"],\"url\":\"http:\/\/vincentians.com\/es\/author\/chento\/\"}]}<\/script>\n<!-- \/ Yoast SEO plugin. -->","yoast_head_json":{"title":"El Papa: \"La conciencia europea no puede olvidar el dolor del pueblo gitano\" - Somos Vicencianos","robots":{"index":"index","follow":"follow","max-snippet":"max-snippet:-1","max-image-preview":"max-image-preview:large","max-video-preview":"max-video-preview:-1"},"canonical":"http:\/\/vincentians.com\/es\/el-papa-la-conciencia-europea-no-puede-olvidar-el-dolor-del-pueblo-gitano\/","og_locale":"es_ES","og_type":"article","og_title":"El Papa: \"La conciencia europea no puede olvidar el dolor del pueblo gitano\" - Somos Vicencianos","og_description":"El exterminio nazi de gitanos es \u00abun reconocimiento muy pobre para tanto drama\u00bb y la \u00abconciencia europea no se puede olvidar de tanto dolor\u00bb, ha asegurado el Papa tras recibir a unos 2.000 gitanos de ... Read More","og_url":"http:\/\/vincentians.com\/es\/el-papa-la-conciencia-europea-no-puede-olvidar-el-dolor-del-pueblo-gitano\/","og_site_name":"Somos Vicencianos","article_publisher":"https:\/\/www.facebook.com\/WeAreVincentians\/","article_author":"https:\/\/www.facebook.com\/JavierChento","article_published_time":"2021-02-14T07:03:53+00:00","og_image":[{"width":1200,"height":630,"url":"https:\/\/i0.wp.com\/vincentians.com\/es\/wp-content\/uploads\/sites\/11\/2016\/10\/ranquines.jpg?fit=1200%2C630","type":"image\/jpeg"}],"author":"Francisco Javier Fern\u00e1ndez Chento","twitter_card":"summary_large_image","twitter_creator":"@https:\/\/twitter.com\/javierchento","twitter_site":"@WeVincentians","twitter_misc":{"Escrito por":"Francisco Javier Fern\u00e1ndez Chento","Tiempo de lectura":"4 minutos"},"schema":{"@context":"https:\/\/schema.org","@graph":[{"@type":"Article","@id":"http:\/\/vincentians.com\/es\/el-papa-la-conciencia-europea-no-puede-olvidar-el-dolor-del-pueblo-gitano\/#article","isPartOf":{"@id":"http:\/\/vincentians.com\/es\/el-papa-la-conciencia-europea-no-puede-olvidar-el-dolor-del-pueblo-gitano\/"},"author":{"name":"Francisco Javier Fern\u00e1ndez Chento","@id":"http:\/\/vincentians.com\/es\/#\/schema\/person\/9623ef4d9aa3b2dfb8c061f1499288f2"},"headline":"El Papa: \u00abLa conciencia europea no puede olvidar el dolor del pueblo gitano\u00bb","datePublished":"2021-02-14T07:03:53+00:00","mainEntityOfPage":{"@id":"http:\/\/vincentians.com\/es\/el-papa-la-conciencia-europea-no-puede-olvidar-el-dolor-del-pueblo-gitano\/"},"wordCount":728,"commentCount":0,"publisher":{"@id":"http:\/\/vincentians.com\/es\/#organization"},"image":{"@id":"http:\/\/vincentians.com\/es\/el-papa-la-conciencia-europea-no-puede-olvidar-el-dolor-del-pueblo-gitano\/#primaryimage"},"thumbnailUrl":"https:\/\/i0.wp.com\/vincentians.com\/es\/wp-content\/uploads\/sites\/11\/2016\/10\/ranquines.jpg?fit=1200%2C630","articleSection":["Ceferino Jim\u00e9nez Malla"],"inLanguage":"es","potentialAction":[{"@type":"CommentAction","name":"Comment","target":["http:\/\/vincentians.com\/es\/el-papa-la-conciencia-europea-no-puede-olvidar-el-dolor-del-pueblo-gitano\/#respond"]}]},{"@type":"WebPage","@id":"http:\/\/vincentians.com\/es\/el-papa-la-conciencia-europea-no-puede-olvidar-el-dolor-del-pueblo-gitano\/","url":"http:\/\/vincentians.com\/es\/el-papa-la-conciencia-europea-no-puede-olvidar-el-dolor-del-pueblo-gitano\/","name":"El Papa: \"La conciencia europea no puede olvidar el dolor del pueblo gitano\" - Somos Vicencianos","isPartOf":{"@id":"http:\/\/vincentians.com\/es\/#website"},"primaryImageOfPage":{"@id":"http:\/\/vincentians.com\/es\/el-papa-la-conciencia-europea-no-puede-olvidar-el-dolor-del-pueblo-gitano\/#primaryimage"},"image":{"@id":"http:\/\/vincentians.com\/es\/el-papa-la-conciencia-europea-no-puede-olvidar-el-dolor-del-pueblo-gitano\/#primaryimage"},"thumbnailUrl":"https:\/\/i0.wp.com\/vincentians.com\/es\/wp-content\/uploads\/sites\/11\/2016\/10\/ranquines.jpg?fit=1200%2C630","datePublished":"2021-02-14T07:03:53+00:00","breadcrumb":{"@id":"http:\/\/vincentians.com\/es\/el-papa-la-conciencia-europea-no-puede-olvidar-el-dolor-del-pueblo-gitano\/#breadcrumb"},"inLanguage":"es","potentialAction":[{"@type":"ReadAction","target":["http:\/\/vincentians.com\/es\/el-papa-la-conciencia-europea-no-puede-olvidar-el-dolor-del-pueblo-gitano\/"]}]},{"@type":"ImageObject","inLanguage":"es","@id":"http:\/\/vincentians.com\/es\/el-papa-la-conciencia-europea-no-puede-olvidar-el-dolor-del-pueblo-gitano\/#primaryimage","url":"https:\/\/i0.wp.com\/vincentians.com\/es\/wp-content\/uploads\/sites\/11\/2016\/10\/ranquines.jpg?fit=1200%2C630","contentUrl":"https:\/\/i0.wp.com\/vincentians.com\/es\/wp-content\/uploads\/sites\/11\/2016\/10\/ranquines.jpg?fit=1200%2C630","width":1200,"height":630},{"@type":"BreadcrumbList","@id":"http:\/\/vincentians.com\/es\/el-papa-la-conciencia-europea-no-puede-olvidar-el-dolor-del-pueblo-gitano\/#breadcrumb","itemListElement":[{"@type":"ListItem","position":1,"name":"Portada","item":"http:\/\/vincentians.com\/es\/"},{"@type":"ListItem","position":2,"name":"El Papa: \u00abLa conciencia europea no puede olvidar el dolor del pueblo gitano\u00bb"}]},{"@type":"WebSite","@id":"http:\/\/vincentians.com\/es\/#website","url":"http:\/\/vincentians.com\/es\/","name":"Somos Vicencianos","description":"Know more to serve more","publisher":{"@id":"http:\/\/vincentians.com\/es\/#organization"},"potentialAction":[{"@type":"SearchAction","target":{"@type":"EntryPoint","urlTemplate":"http:\/\/vincentians.com\/es\/?s={search_term_string}"},"query-input":{"@type":"PropertyValueSpecification","valueRequired":true,"valueName":"search_term_string"}}],"inLanguage":"es"},{"@type":"Organization","@id":"http:\/\/vincentians.com\/es\/#organization","name":"The Vincentian Network","url":"http:\/\/vincentians.com\/es\/","logo":{"@type":"ImageObject","inLanguage":"es","@id":"http:\/\/vincentians.com\/es\/#\/schema\/logo\/image\/","url":"https:\/\/i1.wp.com\/vincentians.com\/es\/wp-content\/uploads\/sites\/11\/2016\/06\/Vincentian-Network-logo-big.png?fit=778%2C778","contentUrl":"https:\/\/i1.wp.com\/vincentians.com\/es\/wp-content\/uploads\/sites\/11\/2016\/06\/Vincentian-Network-logo-big.png?fit=778%2C778","width":778,"height":778,"caption":"The Vincentian Network"},"image":{"@id":"http:\/\/vincentians.com\/es\/#\/schema\/logo\/image\/"},"sameAs":["https:\/\/www.facebook.com\/WeAreVincentians\/","https:\/\/x.com\/WeVincentians"]},{"@type":"Person","@id":"http:\/\/vincentians.com\/es\/#\/schema\/person\/9623ef4d9aa3b2dfb8c061f1499288f2","name":"Francisco Javier Fern\u00e1ndez Chento","image":{"@type":"ImageObject","inLanguage":"es","@id":"http:\/\/vincentians.com\/es\/#\/schema\/person\/image\/","url":"https:\/\/secure.gravatar.com\/avatar\/497d5cde87b4c3d097d0315953521681ba2cd523ee66e5077c3711f7021e65de?s=96&d=mm&r=g","contentUrl":"https:\/\/secure.gravatar.com\/avatar\/497d5cde87b4c3d097d0315953521681ba2cd523ee66e5077c3711f7021e65de?s=96&d=mm&r=g","caption":"Francisco Javier Fern\u00e1ndez Chento"},"description":"Director General y cofundador de La Red de Formaci\u00f3n Vicenciana. Javier es laico vicenciano, afiliado a la Congregaci\u00f3n de la Misi\u00f3n y miembro del Equipo de Misiones Populares de la provincia can\u00f3nica de Zaragoza (Espa\u00f1a) de la Congregaci\u00f3n de la Misi\u00f3n. Graduado en la Universidad Oberta de Catalunya con cuatro grados (Asistente de direcci\u00f3n, Gesti\u00f3n Administrativa, Recursos Humanos y Contabilidad Avanzada). Bil\u00edng\u00fce Espa\u00f1ol\/Ingl\u00e9s. gestiona y mantiene varias p\u00e1ginas web cristianas y vicencianas, incluida including La Red de Formaci\u00f3n Vicenciana, de la que es cofundador. Actualmente es responsable del \u00e1rea de Espa\u00f1ol de .famvin, la Red de Noticias de la Familia Vicenciana. Tambi\u00e9n es m\u00fasico cat\u00f3lico y ha editado varios discos. Es Director General y cofundador de Trovador, una reconocida compa\u00f1\u00eda discogr\u00e1fica critiana de Espa\u00f1a. Trabaja en las Tecnolog\u00edas de la Informaci\u00f3n, ofreciendo servicios de alojamiento, dise\u00f1o y mantenimiento Web, as\u00ed como asesoramiento, formaci\u00f3n y soluciones inform\u00e1ticas, gesti\u00f3n documental y digitalizaci\u00f3n de textos, edici\u00f3n y maquetaci\u00f3n de libros, revistas, flyers, etc.","sameAs":["http:\/\/chento.org","https:\/\/www.facebook.com\/JavierChento","https:\/\/x.com\/https:\/\/twitter.com\/javierchento"],"url":"http:\/\/vincentians.com\/es\/author\/chento\/"}]}},"jetpack_publicize_connections":[],"jetpack_featured_media_url":"https:\/\/i0.wp.com\/vincentians.com\/es\/wp-content\/uploads\/sites\/11\/2016\/10\/ranquines.jpg?fit=1200%2C630","jetpack_sharing_enabled":true,"jetpack_shortlink":"https:\/\/wp.me\/p7ETMF-aYq","jetpack-related-posts":[{"id":128014,"url":"http:\/\/vincentians.com\/es\/quien-fue-el-beato-ceferino\/","url_meta":{"origin":42186,"position":0},"title":"\u00bfQui\u00e9n fue el beato Ceferino?","author":"Francisco Javier Fern\u00e1ndez Chento","date":"29\/01\/2024","format":false,"excerpt":"Hijo de padres gitanos espa\u00f1oles, Ceferino Gim\u00e9nez Malla, conocido familiarmente como \"el Pel\u00e9\" naci\u00f3 en Fraga (provincia de Huesca), probablemente el 26 de agosto de 1861, fiesta de san Ceferino Papa, de quien tom\u00f3 el nombre, y fue bautizado ese mismo d\u00eda. Como su familia, Ceferino tambi\u00e9n fue un gitano\u2026","rel":"","context":"En \u00abCeferino Jim\u00e9nez Malla\u00bb","block_context":{"text":"Ceferino Jim\u00e9nez Malla","link":"http:\/\/vincentians.com\/es\/category\/la-familia-vicenciana\/la-familia-vicenciana-en-los-altares\/beatos\/ceferino-jimenez-malla\/"},"img":{"alt_text":"","src":"https:\/\/i0.wp.com\/vincentians.com\/es\/wp-content\/uploads\/sites\/11\/2023\/08\/aa.jpg?fit=848%2C565&resize=350%2C200","width":350,"height":200,"srcset":"https:\/\/i0.wp.com\/vincentians.com\/es\/wp-content\/uploads\/sites\/11\/2023\/08\/aa.jpg?fit=848%2C565&resize=350%2C200 1x, https:\/\/i0.wp.com\/vincentians.com\/es\/wp-content\/uploads\/sites\/11\/2023\/08\/aa.jpg?fit=848%2C565&resize=525%2C300 1.5x, https:\/\/i0.wp.com\/vincentians.com\/es\/wp-content\/uploads\/sites\/11\/2023\/08\/aa.jpg?fit=848%2C565&resize=700%2C400 2x"},"classes":[]},{"id":37254,"url":"http:\/\/vincentians.com\/es\/ceferino-jimenez-malla-el-pele\/","url_meta":{"origin":42186,"position":1},"title":"Ceferino Jim\u00e9nez Malla (El Pel\u00e9)","author":"Francisco Javier Fern\u00e1ndez Chento","date":"04\/05\/2021","format":false,"excerpt":"Un d\u00eda apareci\u00f3 en la fachada del Vaticano el cuadro de un Santo del todo \u00a0excepcional. \u00a0Nunca \u00a0se \u00a0hab\u00eda \u00a0visto \u00a0uno \u00a0semejante. \u00a0Y \u00a0el \u00a0Papa \u00a0lo declaraba Beato, digno de los altares y presentado a la veneraci\u00f3n de los fieles como ejemplo de vida cristiana... Todos se dec\u00edan al ver\u2026","rel":"","context":"En \u00abCeferino Jim\u00e9nez Malla\u00bb","block_context":{"text":"Ceferino Jim\u00e9nez Malla","link":"http:\/\/vincentians.com\/es\/category\/la-familia-vicenciana\/la-familia-vicenciana-en-los-altares\/beatos\/ceferino-jimenez-malla\/"},"img":{"alt_text":"","src":"https:\/\/i0.wp.com\/vincentians.com\/es\/wp-content\/uploads\/sites\/11\/2013\/12\/the-cross.jpg?fit=1200%2C630&resize=350%2C200","width":350,"height":200,"srcset":"https:\/\/i0.wp.com\/vincentians.com\/es\/wp-content\/uploads\/sites\/11\/2013\/12\/the-cross.jpg?fit=1200%2C630&resize=350%2C200 1x, https:\/\/i0.wp.com\/vincentians.com\/es\/wp-content\/uploads\/sites\/11\/2013\/12\/the-cross.jpg?fit=1200%2C630&resize=525%2C300 1.5x, https:\/\/i0.wp.com\/vincentians.com\/es\/wp-content\/uploads\/sites\/11\/2013\/12\/the-cross.jpg?fit=1200%2C630&resize=700%2C400 2x, https:\/\/i0.wp.com\/vincentians.com\/es\/wp-content\/uploads\/sites\/11\/2013\/12\/the-cross.jpg?fit=1200%2C630&resize=1050%2C600 3x"},"classes":[]},{"id":37770,"url":"http:\/\/vincentians.com\/es\/un-centenar-de-gitanos-recuerdan-hoy-en-barbastro-al-beato-el-pele\/","url_meta":{"origin":42186,"position":2},"title":"Un centenar de gitanos recuerdan hoy en Barbastro al beato \u00abEl Pel\u00e9\u00bb","author":"Francisco Javier Fern\u00e1ndez Chento","date":"07\/05\/2011","format":false,"excerpt":"Un centenar de gitanos procedentes de Espa\u00f1a, Francia y de otros pa\u00edses europeos, en menor n\u00famero, participan en la Peregrinaci\u00f3n Internacional a Barbastro, donde vivi\u00f3 Ceferino Jim\u00e9nez Malla \"El Pel\u00e9\" hasta que le fusilaron en las tapias del cementerio el 8 de agosto de 1936. Los actos se celebrar\u00e1n durante\u2026","rel":"","context":"En \u00abCeferino Jim\u00e9nez Malla\u00bb","block_context":{"text":"Ceferino Jim\u00e9nez Malla","link":"http:\/\/vincentians.com\/es\/category\/la-familia-vicenciana\/la-familia-vicenciana-en-los-altares\/beatos\/ceferino-jimenez-malla\/"},"img":{"alt_text":"","src":"https:\/\/i0.wp.com\/vicencianos.org\/wp-content\/2011\/05\/el_pele-225x300.jpg?resize=350%2C200","width":350,"height":200},"classes":[]},{"id":116327,"url":"http:\/\/vincentians.com\/es\/el-concilio-vaticano-ii-y-el-ano-de-la-fe-catequesis-1\/","url_meta":{"origin":42186,"position":3},"title":"El Concilio Vaticano II y el A\u00f1o de la Fe (Catequesis 1)","author":"Francisco Javier Fern\u00e1ndez Chento","date":"16\/12\/2012","format":false,"excerpt":"Introducci\u00f3n: Discurso de Antonio Maria Rouco Varela, presidente de la CEE, en la apertura de la 99\u00aa Asamblea Plenaria de la CEE (Madrid, 23\/28-4-2012), y cuyo t\u00edtulo es \"salir de la crisis precisa de la caridad\". Dos son las partes que comprende este \"discurso\": El plan pastoral, la nueva evangelizaci\u00f3n\u2026","rel":"","context":"En \u00abFormaci\u00f3n Cristiana\u00bb","block_context":{"text":"Formaci\u00f3n Cristiana","link":"http:\/\/vincentians.com\/es\/category\/formacion-cristiana\/"},"img":{"alt_text":"logoanodelafe2","src":"https:\/\/i0.wp.com\/vicencianos.org\/wp-content\/2012\/12\/logoanodelafe2-296x300.jpg?resize=350%2C200","width":350,"height":200},"classes":[]},{"id":119438,"url":"http:\/\/vincentians.com\/es\/anunciar-a-jesucristo-hoy\/","url_meta":{"origin":42186,"position":4},"title":"Anunciar a Jesucristo, hoy","author":"Francisco Javier Fern\u00e1ndez Chento","date":"10\/04\/2013","format":false,"excerpt":"I - Un nuevo escenario cultural Vivimos un momento de cambios y transformaciones importantes en todos los \u00e1mbitos de la existencia humana; \"una acelerada transformaci\u00f3n\" de la sociedad ha generado un nuevo escenario cultural caracterizado por la p\u00e9rdida de la consistencia ontol\u00f3gica del alma, una crisis de verdad, una perversi\u00f3n\u2026","rel":"","context":"En \u00abFormaci\u00f3n Cristiana\u00bb","block_context":{"text":"Formaci\u00f3n Cristiana","link":"http:\/\/vincentians.com\/es\/category\/formacion-cristiana\/"},"img":{"alt_text":"anunciar","src":"https:\/\/i0.wp.com\/vicencianos.org\/wp-content\/2013\/04\/anunciar-211x300.jpg?resize=350%2C200","width":350,"height":200},"classes":[]},{"id":124912,"url":"http:\/\/vincentians.com\/es\/novena-a-la-virgen-milagrosa-2013\/","url_meta":{"origin":42186,"position":5},"title":"Novena a la Virgen Milagrosa 2013","author":"Francisco Javier Fern\u00e1ndez Chento","date":"09\/11\/2013","format":false,"excerpt":"Seguimos la entra\u00f1able y participativa tradici\u00f3n de honrar a la Virgen Mar\u00eda, la Inmaculada de la Medalla Milagrosa, con la celebraci\u00f3n de la novena en la iglesia a ella dedicada y conocida en Pamplona como \"iglesia de La Milagrosa\". Seguimos la arraigada tradici\u00f3n de preparar con esmero, y con la\u2026","rel":"","context":"En \u00abVirgen Mar\u00eda\u00bb","block_context":{"text":"Virgen Mar\u00eda","link":"http:\/\/vincentians.com\/es\/category\/espiritualidad\/virgen-maria\/"},"img":{"alt_text":"","src":"https:\/\/i0.wp.com\/vicencianos.org\/wp-content\/2012\/11\/Milagrosa_Pamplona_2013-201x300.jpg?resize=350%2C200","width":350,"height":200},"classes":[]}],"_links":{"self":[{"href":"http:\/\/vincentians.com\/es\/wp-json\/wp\/v2\/posts\/42186","targetHints":{"allow":["GET"]}}],"collection":[{"href":"http:\/\/vincentians.com\/es\/wp-json\/wp\/v2\/posts"}],"about":[{"href":"http:\/\/vincentians.com\/es\/wp-json\/wp\/v2\/types\/post"}],"author":[{"embeddable":true,"href":"http:\/\/vincentians.com\/es\/wp-json\/wp\/v2\/users\/4"}],"replies":[{"embeddable":true,"href":"http:\/\/vincentians.com\/es\/wp-json\/wp\/v2\/comments?post=42186"}],"version-history":[{"count":1,"href":"http:\/\/vincentians.com\/es\/wp-json\/wp\/v2\/posts\/42186\/revisions"}],"predecessor-version":[{"id":403356,"href":"http:\/\/vincentians.com\/es\/wp-json\/wp\/v2\/posts\/42186\/revisions\/403356"}],"wp:featuredmedia":[{"embeddable":true,"href":"http:\/\/vincentians.com\/es\/wp-json\/wp\/v2\/media\/400152"}],"wp:attachment":[{"href":"http:\/\/vincentians.com\/es\/wp-json\/wp\/v2\/media?parent=42186"}],"wp:term":[{"taxonomy":"category","embeddable":true,"href":"http:\/\/vincentians.com\/es\/wp-json\/wp\/v2\/categories?post=42186"},{"taxonomy":"post_tag","embeddable":true,"href":"http:\/\/vincentians.com\/es\/wp-json\/wp\/v2\/tags?post=42186"}],"curies":[{"name":"wp","href":"https:\/\/api.w.org\/{rel}","templated":true}]}}