{"id":42015,"date":"2014-12-10T03:09:46","date_gmt":"2014-12-10T02:09:46","guid":{"rendered":"http:\/\/somos.vicencianos.org\/?p=42015"},"modified":"2014-12-10T03:09:46","modified_gmt":"2014-12-10T02:09:46","slug":"estatuto-fundamental-de-pobreza","status":"publish","type":"post","link":"http:\/\/vincentians.com\/es\/estatuto-fundamental-de-pobreza\/","title":{"rendered":"Estatuto fundamental de pobreza"},"content":{"rendered":"<p>(Breve Alias Nos)<\/p>\n<p><strong>ALEJANDRO VII<br \/>\nPara futura memoria<\/strong><\/p>\n<p><a href=\"https:\/\/i0.wp.com\/vicencianos.org\/wp-content\/2011\/04\/logocm.jpg\"><img data-recalc-dims=\"1\" loading=\"lazy\" decoding=\"async\" class=\"alignright size-medium wp-image-34848\" title=\"logocm\" src=\"https:\/\/i0.wp.com\/vicencianos.org\/wp-content\/2011\/04\/logocm-237x300.jpg?resize=237%2C300\" alt=\"\" width=\"237\" height=\"300\" \/><\/a>Ya en otra ocasi\u00f3n, Nos, inclinados a las s\u00faplicas que sobre este asunto Nos dirigi\u00f3 nuestro querido hijo Vicente de Pa\u00fal, Superior General de la Congregaci\u00f3n de la Misi\u00f3n, confirmamos y aprobamos, con ciertas modalidades y formas que entonces se\u00f1al\u00e1bamos, dicha Congregaci\u00f3n con la emisi\u00f3n de votos simples de castidad, pobreza y obediencia, as\u00ed como de estabilidad en la misma Congregaci\u00f3n, a fin de dedicarse durante todo el tiempo de la vida a la salvaci\u00f3n de los pobres del campo, despu\u00e9s de haber hecho dos a\u00f1os de prueba; sin embargo, en la emisi\u00f3n de estos votos no intervendr\u00e1 nadie que los acepte ni en nombre de la Congregaci\u00f3n, ni en el Nuestro, ni en el del Romano Pont\u00edfice reinante; y los votos as\u00ed emitidos solamente podr\u00e1 dispensarlos el Romano Pont\u00edfice y, en el acto de dimisi\u00f3n de la Congregaci\u00f3n, el Superior General de dicha Congregaci\u00f3n, de tal suerte que esta Congregaci\u00f3n no fuera contada por ello en el n\u00famero de las Ordenes Religiosas, sino que fuera del cuerpo del clero secular; y con otras condiciones contenidas m\u00e1s ampliamente en nuestra carta expedida tambi\u00e9n en forma de Breve el d\u00eda veintid\u00f3s de septiembre del a\u00f1o mil seiscientos cincuenta y cinco, cuyo tenor deseamos quede propia y suficientemente expreso en la presente.<\/p>\n<p>Pero, seg\u00fan Nos ha expuesto hace poco el mencionado Vicente, podr\u00edan surgir en dicha Congregaci\u00f3n, a prop\u00f3sito de la observancia de este voto simple de pobreza, muchas dificultades que turbar\u00edan a la misma Congregaci\u00f3n, si no tomamos oportunamente las debidas disposiciones; y el mismo Vicente desea ardientemente que se consolide con la fuerza de Nuestra autoridad apost\u00f3lica el Estatuto fundamental de dicha Congregaci\u00f3n acerca de la pobreza, que es del tenor siguiente: \u00ab<em>Todos y cada uno de los que han sido recibidos en nuestra Congregaci\u00f3n, despu\u00e9s de haber emitido estos cuatro votos, y que poseen bienes inmuebles o beneficios simples, o los posean en el futuro, aunque retengan el dominio de ellos, no tendr\u00e1n sin embargo el uso libre de los mismos, de forma que no podr\u00e1n retener los frutos que provengan de esos bienes o beneficios ni utilizarlos para uso propio, sin licencia del Superior, sino que estar\u00e1n obligados a disponer de dichos frutos para obras piadosas, con el permiso y parecer del Superior. Ahora bien, si tienen a sus padres o familiares necesitados, el Superior procurar\u00e1 que, ante todo, con esos frutos remedien en el Se\u00f1or las necesidades de los suyos<\/em>\u00ab.<\/p>\n<p>Siendo esto as\u00ed, Nos, deseando favorecer al mismo Vicente, Superior General, con gracias y mercedes mayores, lo absolvemos y declaramos absuelto, s\u00f3lo para que surta efecto la presente, de todo lazo de excomuni\u00f3n, suspensi\u00f3n y entredicho y de las dem\u00e1s sentencias, censuras y penas eclesi\u00e1sticas dadas con cualquier ocasi\u00f3n o motivo por el derecho o por alguna persona, si es que de alguna manera estuviera afectado por ellas. Nos, inclinados a las s\u00faplicas humildemente presentadas en su nombre, con el consejo de nuestros venerables hermanos los Cardenales de la S.I.R, int\u00e9rpretes del Santo Concilio de Trento, por el tenor de la presente confirmamos y aprobamos con Nuestra autoridad apost\u00f3lica el Estatuto antes citado, y le a\u00f1adimos la fuerza de la inviolable firmeza apost\u00f3lica, y suplimos todos y cada uno de los defectos que en todo esto hayan podido introducirse, tanto de derecho como de hecho. Decretamos que la presente carta sea firme, v\u00e1lida y eficaz y que sea inviolablemente observada por todos aquellos a quienes corresponda ahora y en el futuro, de forma que as\u00ed lo deber\u00e1n juzgar y definir todos los jueces ordinarios y delegados, incluso los auditores de causas del Palacio Apost\u00f3lico, teniendo por inv\u00e1lido y nulo todo lo que atente a su contra cualquier autoridad a sabiendas o sin saberlo, sin obstar nada de lo anterior ni nada de lo que en la citada carta quisimos que no fuera obst\u00e1culo ni ninguna otra cosa en contra<\/p>\n<p>Queremos que a las copias de la presente, aun a las impresas, firmadas por un notario p\u00fablico y avaladas por el sello del Superior General de dicha Congregaci\u00f3n o de otra persona constituida en dignidad eclesi\u00e1stica, se les preste en todas partes, en juicio y fuera de \u00e9l, exactamente la misma feque se prestar\u00eda a la presente, si fuera presentada o mostrada<\/p>\n<p>Dado en Roma, en Santa Maria la Mayor, bajo el anillo del Pescador, el d\u00eda 12 de agosto de 1659, quinto de nuestro Pontificado<\/p>\n<p>S. Ugolino<\/p>\n","protected":false},"excerpt":{"rendered":"<p>(Breve Alias Nos) ALEJANDRO VII Para futura memoria Ya en otra ocasi\u00f3n, Nos, inclinados a las s\u00faplicas que sobre este asunto Nos dirigi\u00f3 nuestro querido hijo Vicente de Pa\u00fal, Superior General de la Congregaci\u00f3n de &#8230; <a href=\"http:\/\/vincentians.com\/es\/estatuto-fundamental-de-pobreza\/\" class=\"more-link\">Read More<\/a><\/p>\n","protected":false},"author":4,"featured_media":34848,"comment_status":"open","ping_status":"open","sticky":false,"template":"","format":"standard","meta":{"jetpack_post_was_ever_published":false,"_jetpack_newsletter_access":"","_jetpack_dont_email_post_to_subs":false,"_jetpack_newsletter_tier_id":0,"_jetpack_memberships_contains_paywalled_content":false,"_jetpack_memberships_contains_paid_content":false,"footnotes":"","jetpack_publicize_message":"","jetpack_publicize_feature_enabled":true,"jetpack_social_post_already_shared":true,"jetpack_social_options":{"image_generator_settings":{"template":"highway","default_image_id":0,"font":"","enabled":false},"version":2}},"categories":[170],"tags":[172],"class_list":["post-42015","post","type-post","status-publish","format-standard","has-post-thumbnail","hentry","category-documentos-de-la-congregacion-de-la-mision","tag-pobreza"],"yoast_head":"<!-- This site is optimized with the Yoast SEO plugin v26.3 - https:\/\/yoast.com\/wordpress\/plugins\/seo\/ -->\n<title>Estatuto fundamental de pobreza - Somos Vicencianos<\/title>\n<meta name=\"robots\" content=\"index, follow, max-snippet:-1, max-image-preview:large, max-video-preview:-1\" \/>\n<link rel=\"canonical\" href=\"http:\/\/vincentians.com\/es\/estatuto-fundamental-de-pobreza\/\" \/>\n<meta property=\"og:locale\" content=\"es_ES\" \/>\n<meta property=\"og:type\" content=\"article\" \/>\n<meta property=\"og:title\" content=\"Estatuto fundamental de pobreza - Somos Vicencianos\" \/>\n<meta property=\"og:description\" content=\"(Breve Alias Nos) ALEJANDRO VII Para futura memoria Ya en otra ocasi\u00f3n, Nos, inclinados a las s\u00faplicas que sobre este asunto Nos dirigi\u00f3 nuestro querido hijo Vicente de Pa\u00fal, Superior General de la Congregaci\u00f3n de ... Read More\" \/>\n<meta property=\"og:url\" content=\"http:\/\/vincentians.com\/es\/estatuto-fundamental-de-pobreza\/\" \/>\n<meta property=\"og:site_name\" content=\"Somos Vicencianos\" \/>\n<meta property=\"article:publisher\" content=\"https:\/\/www.facebook.com\/WeAreVincentians\/\" \/>\n<meta property=\"article:author\" content=\"https:\/\/www.facebook.com\/JavierChento\" \/>\n<meta property=\"article:published_time\" content=\"2014-12-10T02:09:46+00:00\" \/>\n<meta name=\"author\" content=\"Francisco Javier Fern\u00e1ndez Chento\" \/>\n<meta name=\"twitter:card\" content=\"summary_large_image\" \/>\n<meta name=\"twitter:creator\" content=\"@https:\/\/twitter.com\/javierchento\" \/>\n<meta name=\"twitter:site\" content=\"@WeVincentians\" \/>\n<meta name=\"twitter:label1\" content=\"Escrito por\" \/>\n\t<meta name=\"twitter:data1\" content=\"Francisco Javier Fern\u00e1ndez Chento\" \/>\n\t<meta name=\"twitter:label2\" content=\"Tiempo de lectura\" \/>\n\t<meta name=\"twitter:data2\" content=\"4 minutos\" \/>\n<script type=\"application\/ld+json\" class=\"yoast-schema-graph\">{\"@context\":\"https:\/\/schema.org\",\"@graph\":[{\"@type\":\"Article\",\"@id\":\"http:\/\/vincentians.com\/es\/estatuto-fundamental-de-pobreza\/#article\",\"isPartOf\":{\"@id\":\"http:\/\/vincentians.com\/es\/estatuto-fundamental-de-pobreza\/\"},\"author\":{\"name\":\"Francisco Javier Fern\u00e1ndez Chento\",\"@id\":\"http:\/\/vincentians.com\/es\/#\/schema\/person\/9623ef4d9aa3b2dfb8c061f1499288f2\"},\"headline\":\"Estatuto fundamental de pobreza\",\"datePublished\":\"2014-12-10T02:09:46+00:00\",\"mainEntityOfPage\":{\"@id\":\"http:\/\/vincentians.com\/es\/estatuto-fundamental-de-pobreza\/\"},\"wordCount\":804,\"commentCount\":0,\"publisher\":{\"@id\":\"http:\/\/vincentians.com\/es\/#organization\"},\"image\":{\"@id\":\"http:\/\/vincentians.com\/es\/estatuto-fundamental-de-pobreza\/#primaryimage\"},\"thumbnailUrl\":\"\",\"keywords\":[\"Pobreza\"],\"articleSection\":[\"Documentos de la Congregaci\u00f3n de la Misi\u00f3n\"],\"inLanguage\":\"es\",\"potentialAction\":[{\"@type\":\"CommentAction\",\"name\":\"Comment\",\"target\":[\"http:\/\/vincentians.com\/es\/estatuto-fundamental-de-pobreza\/#respond\"]}]},{\"@type\":\"WebPage\",\"@id\":\"http:\/\/vincentians.com\/es\/estatuto-fundamental-de-pobreza\/\",\"url\":\"http:\/\/vincentians.com\/es\/estatuto-fundamental-de-pobreza\/\",\"name\":\"Estatuto fundamental de pobreza - Somos Vicencianos\",\"isPartOf\":{\"@id\":\"http:\/\/vincentians.com\/es\/#website\"},\"primaryImageOfPage\":{\"@id\":\"http:\/\/vincentians.com\/es\/estatuto-fundamental-de-pobreza\/#primaryimage\"},\"image\":{\"@id\":\"http:\/\/vincentians.com\/es\/estatuto-fundamental-de-pobreza\/#primaryimage\"},\"thumbnailUrl\":\"\",\"datePublished\":\"2014-12-10T02:09:46+00:00\",\"breadcrumb\":{\"@id\":\"http:\/\/vincentians.com\/es\/estatuto-fundamental-de-pobreza\/#breadcrumb\"},\"inLanguage\":\"es\",\"potentialAction\":[{\"@type\":\"ReadAction\",\"target\":[\"http:\/\/vincentians.com\/es\/estatuto-fundamental-de-pobreza\/\"]}]},{\"@type\":\"ImageObject\",\"inLanguage\":\"es\",\"@id\":\"http:\/\/vincentians.com\/es\/estatuto-fundamental-de-pobreza\/#primaryimage\",\"url\":\"\",\"contentUrl\":\"\"},{\"@type\":\"BreadcrumbList\",\"@id\":\"http:\/\/vincentians.com\/es\/estatuto-fundamental-de-pobreza\/#breadcrumb\",\"itemListElement\":[{\"@type\":\"ListItem\",\"position\":1,\"name\":\"Portada\",\"item\":\"http:\/\/vincentians.com\/es\/\"},{\"@type\":\"ListItem\",\"position\":2,\"name\":\"Estatuto fundamental de pobreza\"}]},{\"@type\":\"WebSite\",\"@id\":\"http:\/\/vincentians.com\/es\/#website\",\"url\":\"http:\/\/vincentians.com\/es\/\",\"name\":\"Somos Vicencianos\",\"description\":\"Know more to serve more\",\"publisher\":{\"@id\":\"http:\/\/vincentians.com\/es\/#organization\"},\"potentialAction\":[{\"@type\":\"SearchAction\",\"target\":{\"@type\":\"EntryPoint\",\"urlTemplate\":\"http:\/\/vincentians.com\/es\/?s={search_term_string}\"},\"query-input\":{\"@type\":\"PropertyValueSpecification\",\"valueRequired\":true,\"valueName\":\"search_term_string\"}}],\"inLanguage\":\"es\"},{\"@type\":\"Organization\",\"@id\":\"http:\/\/vincentians.com\/es\/#organization\",\"name\":\"The Vincentian Network\",\"url\":\"http:\/\/vincentians.com\/es\/\",\"logo\":{\"@type\":\"ImageObject\",\"inLanguage\":\"es\",\"@id\":\"http:\/\/vincentians.com\/es\/#\/schema\/logo\/image\/\",\"url\":\"https:\/\/i1.wp.com\/vincentians.com\/es\/wp-content\/uploads\/sites\/11\/2016\/06\/Vincentian-Network-logo-big.png?fit=778%2C778\",\"contentUrl\":\"https:\/\/i1.wp.com\/vincentians.com\/es\/wp-content\/uploads\/sites\/11\/2016\/06\/Vincentian-Network-logo-big.png?fit=778%2C778\",\"width\":778,\"height\":778,\"caption\":\"The Vincentian Network\"},\"image\":{\"@id\":\"http:\/\/vincentians.com\/es\/#\/schema\/logo\/image\/\"},\"sameAs\":[\"https:\/\/www.facebook.com\/WeAreVincentians\/\",\"https:\/\/x.com\/WeVincentians\"]},{\"@type\":\"Person\",\"@id\":\"http:\/\/vincentians.com\/es\/#\/schema\/person\/9623ef4d9aa3b2dfb8c061f1499288f2\",\"name\":\"Francisco Javier Fern\u00e1ndez Chento\",\"image\":{\"@type\":\"ImageObject\",\"inLanguage\":\"es\",\"@id\":\"http:\/\/vincentians.com\/es\/#\/schema\/person\/image\/\",\"url\":\"https:\/\/secure.gravatar.com\/avatar\/497d5cde87b4c3d097d0315953521681ba2cd523ee66e5077c3711f7021e65de?s=96&d=mm&r=g\",\"contentUrl\":\"https:\/\/secure.gravatar.com\/avatar\/497d5cde87b4c3d097d0315953521681ba2cd523ee66e5077c3711f7021e65de?s=96&d=mm&r=g\",\"caption\":\"Francisco Javier Fern\u00e1ndez Chento\"},\"description\":\"Director General y cofundador de La Red de Formaci\u00f3n Vicenciana. Javier es laico vicenciano, afiliado a la Congregaci\u00f3n de la Misi\u00f3n y miembro del Equipo de Misiones Populares de la provincia can\u00f3nica de Zaragoza (Espa\u00f1a) de la Congregaci\u00f3n de la Misi\u00f3n. Graduado en la Universidad Oberta de Catalunya con cuatro grados (Asistente de direcci\u00f3n, Gesti\u00f3n Administrativa, Recursos Humanos y Contabilidad Avanzada). Bil\u00edng\u00fce Espa\u00f1ol\/Ingl\u00e9s. gestiona y mantiene varias p\u00e1ginas web cristianas y vicencianas, incluida including La Red de Formaci\u00f3n Vicenciana, de la que es cofundador. Actualmente es responsable del \u00e1rea de Espa\u00f1ol de .famvin, la Red de Noticias de la Familia Vicenciana. Tambi\u00e9n es m\u00fasico cat\u00f3lico y ha editado varios discos. Es Director General y cofundador de Trovador, una reconocida compa\u00f1\u00eda discogr\u00e1fica critiana de Espa\u00f1a. Trabaja en las Tecnolog\u00edas de la Informaci\u00f3n, ofreciendo servicios de alojamiento, dise\u00f1o y mantenimiento Web, as\u00ed como asesoramiento, formaci\u00f3n y soluciones inform\u00e1ticas, gesti\u00f3n documental y digitalizaci\u00f3n de textos, edici\u00f3n y maquetaci\u00f3n de libros, revistas, flyers, etc.\",\"sameAs\":[\"http:\/\/chento.org\",\"https:\/\/www.facebook.com\/JavierChento\",\"https:\/\/x.com\/https:\/\/twitter.com\/javierchento\"],\"url\":\"http:\/\/vincentians.com\/es\/author\/chento\/\"}]}<\/script>\n<!-- \/ Yoast SEO plugin. -->","yoast_head_json":{"title":"Estatuto fundamental de pobreza - Somos Vicencianos","robots":{"index":"index","follow":"follow","max-snippet":"max-snippet:-1","max-image-preview":"max-image-preview:large","max-video-preview":"max-video-preview:-1"},"canonical":"http:\/\/vincentians.com\/es\/estatuto-fundamental-de-pobreza\/","og_locale":"es_ES","og_type":"article","og_title":"Estatuto fundamental de pobreza - Somos Vicencianos","og_description":"(Breve Alias Nos) ALEJANDRO VII Para futura memoria Ya en otra ocasi\u00f3n, Nos, inclinados a las s\u00faplicas que sobre este asunto Nos dirigi\u00f3 nuestro querido hijo Vicente de Pa\u00fal, Superior General de la Congregaci\u00f3n de ... Read More","og_url":"http:\/\/vincentians.com\/es\/estatuto-fundamental-de-pobreza\/","og_site_name":"Somos Vicencianos","article_publisher":"https:\/\/www.facebook.com\/WeAreVincentians\/","article_author":"https:\/\/www.facebook.com\/JavierChento","article_published_time":"2014-12-10T02:09:46+00:00","author":"Francisco Javier Fern\u00e1ndez Chento","twitter_card":"summary_large_image","twitter_creator":"@https:\/\/twitter.com\/javierchento","twitter_site":"@WeVincentians","twitter_misc":{"Escrito por":"Francisco Javier Fern\u00e1ndez Chento","Tiempo de lectura":"4 minutos"},"schema":{"@context":"https:\/\/schema.org","@graph":[{"@type":"Article","@id":"http:\/\/vincentians.com\/es\/estatuto-fundamental-de-pobreza\/#article","isPartOf":{"@id":"http:\/\/vincentians.com\/es\/estatuto-fundamental-de-pobreza\/"},"author":{"name":"Francisco Javier Fern\u00e1ndez Chento","@id":"http:\/\/vincentians.com\/es\/#\/schema\/person\/9623ef4d9aa3b2dfb8c061f1499288f2"},"headline":"Estatuto fundamental de pobreza","datePublished":"2014-12-10T02:09:46+00:00","mainEntityOfPage":{"@id":"http:\/\/vincentians.com\/es\/estatuto-fundamental-de-pobreza\/"},"wordCount":804,"commentCount":0,"publisher":{"@id":"http:\/\/vincentians.com\/es\/#organization"},"image":{"@id":"http:\/\/vincentians.com\/es\/estatuto-fundamental-de-pobreza\/#primaryimage"},"thumbnailUrl":"","keywords":["Pobreza"],"articleSection":["Documentos de la Congregaci\u00f3n de la Misi\u00f3n"],"inLanguage":"es","potentialAction":[{"@type":"CommentAction","name":"Comment","target":["http:\/\/vincentians.com\/es\/estatuto-fundamental-de-pobreza\/#respond"]}]},{"@type":"WebPage","@id":"http:\/\/vincentians.com\/es\/estatuto-fundamental-de-pobreza\/","url":"http:\/\/vincentians.com\/es\/estatuto-fundamental-de-pobreza\/","name":"Estatuto fundamental de pobreza - Somos Vicencianos","isPartOf":{"@id":"http:\/\/vincentians.com\/es\/#website"},"primaryImageOfPage":{"@id":"http:\/\/vincentians.com\/es\/estatuto-fundamental-de-pobreza\/#primaryimage"},"image":{"@id":"http:\/\/vincentians.com\/es\/estatuto-fundamental-de-pobreza\/#primaryimage"},"thumbnailUrl":"","datePublished":"2014-12-10T02:09:46+00:00","breadcrumb":{"@id":"http:\/\/vincentians.com\/es\/estatuto-fundamental-de-pobreza\/#breadcrumb"},"inLanguage":"es","potentialAction":[{"@type":"ReadAction","target":["http:\/\/vincentians.com\/es\/estatuto-fundamental-de-pobreza\/"]}]},{"@type":"ImageObject","inLanguage":"es","@id":"http:\/\/vincentians.com\/es\/estatuto-fundamental-de-pobreza\/#primaryimage","url":"","contentUrl":""},{"@type":"BreadcrumbList","@id":"http:\/\/vincentians.com\/es\/estatuto-fundamental-de-pobreza\/#breadcrumb","itemListElement":[{"@type":"ListItem","position":1,"name":"Portada","item":"http:\/\/vincentians.com\/es\/"},{"@type":"ListItem","position":2,"name":"Estatuto fundamental de pobreza"}]},{"@type":"WebSite","@id":"http:\/\/vincentians.com\/es\/#website","url":"http:\/\/vincentians.com\/es\/","name":"Somos Vicencianos","description":"Know more to serve more","publisher":{"@id":"http:\/\/vincentians.com\/es\/#organization"},"potentialAction":[{"@type":"SearchAction","target":{"@type":"EntryPoint","urlTemplate":"http:\/\/vincentians.com\/es\/?s={search_term_string}"},"query-input":{"@type":"PropertyValueSpecification","valueRequired":true,"valueName":"search_term_string"}}],"inLanguage":"es"},{"@type":"Organization","@id":"http:\/\/vincentians.com\/es\/#organization","name":"The Vincentian Network","url":"http:\/\/vincentians.com\/es\/","logo":{"@type":"ImageObject","inLanguage":"es","@id":"http:\/\/vincentians.com\/es\/#\/schema\/logo\/image\/","url":"https:\/\/i1.wp.com\/vincentians.com\/es\/wp-content\/uploads\/sites\/11\/2016\/06\/Vincentian-Network-logo-big.png?fit=778%2C778","contentUrl":"https:\/\/i1.wp.com\/vincentians.com\/es\/wp-content\/uploads\/sites\/11\/2016\/06\/Vincentian-Network-logo-big.png?fit=778%2C778","width":778,"height":778,"caption":"The Vincentian Network"},"image":{"@id":"http:\/\/vincentians.com\/es\/#\/schema\/logo\/image\/"},"sameAs":["https:\/\/www.facebook.com\/WeAreVincentians\/","https:\/\/x.com\/WeVincentians"]},{"@type":"Person","@id":"http:\/\/vincentians.com\/es\/#\/schema\/person\/9623ef4d9aa3b2dfb8c061f1499288f2","name":"Francisco Javier Fern\u00e1ndez Chento","image":{"@type":"ImageObject","inLanguage":"es","@id":"http:\/\/vincentians.com\/es\/#\/schema\/person\/image\/","url":"https:\/\/secure.gravatar.com\/avatar\/497d5cde87b4c3d097d0315953521681ba2cd523ee66e5077c3711f7021e65de?s=96&d=mm&r=g","contentUrl":"https:\/\/secure.gravatar.com\/avatar\/497d5cde87b4c3d097d0315953521681ba2cd523ee66e5077c3711f7021e65de?s=96&d=mm&r=g","caption":"Francisco Javier Fern\u00e1ndez Chento"},"description":"Director General y cofundador de La Red de Formaci\u00f3n Vicenciana. Javier es laico vicenciano, afiliado a la Congregaci\u00f3n de la Misi\u00f3n y miembro del Equipo de Misiones Populares de la provincia can\u00f3nica de Zaragoza (Espa\u00f1a) de la Congregaci\u00f3n de la Misi\u00f3n. Graduado en la Universidad Oberta de Catalunya con cuatro grados (Asistente de direcci\u00f3n, Gesti\u00f3n Administrativa, Recursos Humanos y Contabilidad Avanzada). Bil\u00edng\u00fce Espa\u00f1ol\/Ingl\u00e9s. gestiona y mantiene varias p\u00e1ginas web cristianas y vicencianas, incluida including La Red de Formaci\u00f3n Vicenciana, de la que es cofundador. Actualmente es responsable del \u00e1rea de Espa\u00f1ol de .famvin, la Red de Noticias de la Familia Vicenciana. Tambi\u00e9n es m\u00fasico cat\u00f3lico y ha editado varios discos. Es Director General y cofundador de Trovador, una reconocida compa\u00f1\u00eda discogr\u00e1fica critiana de Espa\u00f1a. Trabaja en las Tecnolog\u00edas de la Informaci\u00f3n, ofreciendo servicios de alojamiento, dise\u00f1o y mantenimiento Web, as\u00ed como asesoramiento, formaci\u00f3n y soluciones inform\u00e1ticas, gesti\u00f3n documental y digitalizaci\u00f3n de textos, edici\u00f3n y maquetaci\u00f3n de libros, revistas, flyers, etc.","sameAs":["http:\/\/chento.org","https:\/\/www.facebook.com\/JavierChento","https:\/\/x.com\/https:\/\/twitter.com\/javierchento"],"url":"http:\/\/vincentians.com\/es\/author\/chento\/"}]}},"jetpack_publicize_connections":[],"jetpack_featured_media_url":"","jetpack_sharing_enabled":true,"jetpack_shortlink":"https:\/\/wp.me\/p7ETMF-aVF","jetpack-related-posts":[{"id":124579,"url":"http:\/\/vincentians.com\/es\/los-miembros-de-la-congregacion-de-la-mision-emiten-votos-i\/","url_meta":{"origin":42015,"position":0},"title":"Los miembros de la Congregaci\u00f3n de la Misi\u00f3n emiten votos (I)","author":"Francisco Javier Fern\u00e1ndez Chento","date":"01\/07\/2023","format":false,"excerpt":"DE LOS VOTOS SIMPLES A LOS VOTOS \"NO RELIGIOSOS\" 1.- Votos privados - simples Confirmamos y aprobamos por la presente dicha Congregaci\u00f3n de la Misi\u00f3n,... con la emisi\u00f3n de los votos simples... no intervendr\u00e1 nadie que los acepte ni en nombre de de la Congregaci\u00f3n, ni en el Nuestro o\u2026","rel":"","context":"En \u00abFormaci\u00f3n Vicenciana\u00bb","block_context":{"text":"Formaci\u00f3n Vicenciana","link":"http:\/\/vincentians.com\/es\/category\/formacion-vicenciana\/"},"img":{"alt_text":"","src":"https:\/\/i0.wp.com\/vincentians.com\/es\/wp-content\/uploads\/sites\/11\/2016\/11\/400es-01-copy.png?fit=1200%2C936&resize=350%2C200","width":350,"height":200,"srcset":"https:\/\/i0.wp.com\/vincentians.com\/es\/wp-content\/uploads\/sites\/11\/2016\/11\/400es-01-copy.png?fit=1200%2C936&resize=350%2C200 1x, https:\/\/i0.wp.com\/vincentians.com\/es\/wp-content\/uploads\/sites\/11\/2016\/11\/400es-01-copy.png?fit=1200%2C936&resize=525%2C300 1.5x, https:\/\/i0.wp.com\/vincentians.com\/es\/wp-content\/uploads\/sites\/11\/2016\/11\/400es-01-copy.png?fit=1200%2C936&resize=700%2C400 2x, https:\/\/i0.wp.com\/vincentians.com\/es\/wp-content\/uploads\/sites\/11\/2016\/11\/400es-01-copy.png?fit=1200%2C936&resize=1050%2C600 3x"},"classes":[]},{"id":123967,"url":"http:\/\/vincentians.com\/es\/hacia-la-santa-invencion-los-votos-en-el-cm\/","url_meta":{"origin":42015,"position":1},"title":"Hacia la \u201cSanta Invenci\u00f3n\u201d (los votos en el CM)","author":"Francisco Javier Fern\u00e1ndez Chento","date":"13\/10\/2022","format":false,"excerpt":"METAS QUE SAN VICENTE QUER\u00cdA LOGRAR La Providencia de Dios ha inspirado finalmente a la Compa\u00f1\u00eda esta santa invenci\u00f3n de ponernos en un estado en el que tengamos la felicidad del estado religioso, gracias a los votos simples, pero siguiendo entre el clero. 1.- Teniendo presente todo lo expuesto en\u2026","rel":"","context":"En \u00abFormaci\u00f3n Vicenciana\u00bb","block_context":{"text":"Formaci\u00f3n Vicenciana","link":"http:\/\/vincentians.com\/es\/category\/formacion-vicenciana\/"},"img":{"alt_text":"","src":"https:\/\/i0.wp.com\/vincentians.com\/es\/wp-content\/uploads\/sites\/11\/2013\/04\/formacion_permanente-1.jpg?fit=303%2C303&resize=350%2C200","width":350,"height":200},"classes":[]},{"id":124582,"url":"http:\/\/vincentians.com\/es\/los-miembros-de-la-congregacion-de-la-mision-emiten-votos-ii\/","url_meta":{"origin":42015,"position":2},"title":"Los miembros de la Congregaci\u00f3n de la Misi\u00f3n emiten votos (II)","author":"Francisco Javier Fern\u00e1ndez Chento","date":"03\/07\/2023","format":false,"excerpt":"LA F\u00d3RMULA DE LOS VOTOS Yo NN, indigno (sacerdote, cl\u00e9rigo, hermano) de la Congregaci\u00f3n de la Misi\u00f3n... (C 58). 22. Junto a la Ordenanza de los votos, aprobada por el arzobispo de Par\u00eds en 1641 (cf. X, 346), fue tambi\u00e9n aprobada la f\u00f3rmula de los votos que conoce\u00admos por el\u2026","rel":"","context":"En \u00abFormaci\u00f3n Vicenciana\u00bb","block_context":{"text":"Formaci\u00f3n Vicenciana","link":"http:\/\/vincentians.com\/es\/category\/formacion-vicenciana\/"},"img":{"alt_text":"","src":"https:\/\/i0.wp.com\/vincentians.com\/es\/wp-content\/uploads\/sites\/11\/2016\/10\/400es-01-copy.png?fit=1200%2C936&resize=350%2C200","width":350,"height":200,"srcset":"https:\/\/i0.wp.com\/vincentians.com\/es\/wp-content\/uploads\/sites\/11\/2016\/10\/400es-01-copy.png?fit=1200%2C936&resize=350%2C200 1x, https:\/\/i0.wp.com\/vincentians.com\/es\/wp-content\/uploads\/sites\/11\/2016\/10\/400es-01-copy.png?fit=1200%2C936&resize=525%2C300 1.5x, https:\/\/i0.wp.com\/vincentians.com\/es\/wp-content\/uploads\/sites\/11\/2016\/10\/400es-01-copy.png?fit=1200%2C936&resize=700%2C400 2x, https:\/\/i0.wp.com\/vincentians.com\/es\/wp-content\/uploads\/sites\/11\/2016\/10\/400es-01-copy.png?fit=1200%2C936&resize=1050%2C600 3x"},"classes":[]},{"id":131666,"url":"http:\/\/vincentians.com\/es\/nuestro-senor-quiere-quehagamos-votos\/","url_meta":{"origin":42015,"position":3},"title":"\u00abNuestro Se\u00f1or quiere que hagamos votos\u00bb","author":"Francisco Javier Fern\u00e1ndez Chento","date":"30\/10\/2014","format":false,"excerpt":"\"Por ese cari\u00f1o de Dios os exhorto, hermanos, a que ofrezc\u00e1is vuestra propia existencia como sacrificio vivo, consagrado, agradable a Dios, como vuestro culto aut\u00e9ntico; y no os amold\u00e9is al mundo \u00e9ste, sino iros transformando con la nueva mentalidad, para ser vosotros capaces de distinguir lo que es la voluntad\u2026","rel":"","context":"En \u00abEspiritualidad vicenciana\u00bb","block_context":{"text":"Espiritualidad vicenciana","link":"http:\/\/vincentians.com\/es\/category\/espiritualidad\/espiritualidad-vicenciana\/"},"img":{"alt_text":"votos","src":"https:\/\/i0.wp.com\/vicencianos.org\/wp-content\/2014\/10\/votos-300x225.jpg?resize=350%2C200","width":350,"height":200},"classes":[]},{"id":387131,"url":"http:\/\/vincentians.com\/es\/los-votos-afianzan-a-la-congregacion\/","url_meta":{"origin":42015,"position":4},"title":"Los votos afianzan a la Congregaci\u00f3n","author":"Mitxel Olabu\u00e9naga","date":"24\/02\/2016","format":false,"excerpt":"\u00abA otro dijo: S\u00edgueme. El respondi\u00f3: Perm\u00edteme que vaya primero a enterrar a mi padre. Jes\u00fas le respondi6: Deja que los muertos entierren a los muertos; t\u00fa vete a anunciar el reino de Dios. Otro dijo: Te seguir\u00e9, Se\u00f1or, pero d\u00e9jame primero despedirme de mi familia. Jes\u00fas le contest\u00f3: El\u2026","rel":"","context":"En \u00abEspiritualidad\u00bb","block_context":{"text":"Espiritualidad","link":"http:\/\/vincentians.com\/es\/category\/espiritualidad\/"},"img":{"alt_text":"asd","src":"https:\/\/i0.wp.com\/vicencianos.org\/wp-content\/uploads\/2016\/02\/asd-2-300x224.png?resize=350%2C200","width":350,"height":200},"classes":[]},{"id":130780,"url":"http:\/\/vincentians.com\/es\/i-los-cuatro-votos-tal-como-los-describe-san-vicente-pobreza-i\/","url_meta":{"origin":42015,"position":5},"title":"I: LOS CUATRO VOTOS TAL COMO LOS DESCRIBE SAN VICENTE: (pobreza) (I)","author":"Francisco Javier Fern\u00e1ndez Chento","date":"26\/06\/2014","format":false,"excerpt":"Igual que hicieron los fundadores de muchas congregaciones, san Vicente ve\u00eda los votos como \"armas\" ofensivas y defensivas: \"Nuestro Se\u00f1or vino al mundo para reinstaurar el se\u00f1or\u00edo de su Padre sobre las almas, rescat\u00e1ndolas para ello del demonio, que las hab\u00eda raptado con enga\u00f1o astuto a trav\u00e9s del deseo incontrolado\u2026","rel":"","context":"En \u00abFormaci\u00f3n Vicenciana\u00bb","block_context":{"text":"Formaci\u00f3n Vicenciana","link":"http:\/\/vincentians.com\/es\/category\/formacion-vicenciana\/"},"img":{"alt_text":"voca","src":"https:\/\/i0.wp.com\/vicencianos.org\/wp-content\/2014\/06\/voca.jpg?resize=350%2C200","width":350,"height":200},"classes":[]}],"_links":{"self":[{"href":"http:\/\/vincentians.com\/es\/wp-json\/wp\/v2\/posts\/42015","targetHints":{"allow":["GET"]}}],"collection":[{"href":"http:\/\/vincentians.com\/es\/wp-json\/wp\/v2\/posts"}],"about":[{"href":"http:\/\/vincentians.com\/es\/wp-json\/wp\/v2\/types\/post"}],"author":[{"embeddable":true,"href":"http:\/\/vincentians.com\/es\/wp-json\/wp\/v2\/users\/4"}],"replies":[{"embeddable":true,"href":"http:\/\/vincentians.com\/es\/wp-json\/wp\/v2\/comments?post=42015"}],"version-history":[{"count":0,"href":"http:\/\/vincentians.com\/es\/wp-json\/wp\/v2\/posts\/42015\/revisions"}],"wp:featuredmedia":[{"embeddable":true,"href":"http:\/\/vincentians.com\/es\/wp-json\/"}],"wp:attachment":[{"href":"http:\/\/vincentians.com\/es\/wp-json\/wp\/v2\/media?parent=42015"}],"wp:term":[{"taxonomy":"category","embeddable":true,"href":"http:\/\/vincentians.com\/es\/wp-json\/wp\/v2\/categories?post=42015"},{"taxonomy":"post_tag","embeddable":true,"href":"http:\/\/vincentians.com\/es\/wp-json\/wp\/v2\/tags?post=42015"}],"curies":[{"name":"wp","href":"https:\/\/api.w.org\/{rel}","templated":true}]}}